{"id":27774,"date":"2026-03-08T11:03:12","date_gmt":"2026-03-08T10:03:12","guid":{"rendered":"https:\/\/ismfrance.org\/?p=27774"},"modified":"2026-03-08T11:03:12","modified_gmt":"2026-03-08T10:03:12","slug":"la-doctrine-trump-quand-la-guerre-devient-un-modele-economique","status":"publish","type":"post","link":"https:\/\/ismfrance.org\/index.php\/2026\/03\/08\/la-doctrine-trump-quand-la-guerre-devient-un-modele-economique\/","title":{"rendered":"La doctrine Trump : Quand la guerre devient un mod\u00e8le \u00e9conomique"},"content":{"rendered":"<p><span style=\"color: #000000;\"><span style=\"font-family: Arial, sans-serif;\"><span style=\"font-size: medium;\"><strong><a href=\"https:\/\/x.com\/AdnanHmida41996\">Adnan Hmidan<\/a>, 7 mars 2026.<\/strong> Les explosions qui r\u00e9sonnent actuellement en Iran, au Liban et dans certaines r\u00e9gions du Golfe ne sont pas seulement le bruit d&rsquo;une nouvelle guerre au Moyen-Orient. Elles refl\u00e8tent aussi une mentalit\u00e9 politique particuli\u00e8re, qui consid\u00e8re le conflit non comme un dernier recours, mais comme un instrument de n\u00e9gociation.<\/span><\/span><\/span><\/p>\n<div id=\"attachment_27777\" style=\"width: 610px\" class=\"wp-caption aligncenter\"><a href=\"https:\/\/ismfrance.org\/wp-content\/uploads\/2026\/03\/iran-scaled.jpg\"><img loading=\"lazy\" decoding=\"async\" aria-describedby=\"caption-attachment-27777\" class=\"wp-image-27777 size-large\" src=\"https:\/\/ismfrance.org\/wp-content\/uploads\/2026\/03\/iran-700x467.jpg\" alt=\"\" width=\"600\" height=\"400\" srcset=\"https:\/\/ismfrance.org\/wp-content\/uploads\/2026\/03\/iran-700x467.jpg 700w, https:\/\/ismfrance.org\/wp-content\/uploads\/2026\/03\/iran-300x200.jpg 300w, https:\/\/ismfrance.org\/wp-content\/uploads\/2026\/03\/iran-768x512.jpg 768w, https:\/\/ismfrance.org\/wp-content\/uploads\/2026\/03\/iran-1536x1024.jpg 1536w, https:\/\/ismfrance.org\/wp-content\/uploads\/2026\/03\/iran-2048x1366.jpg 2048w\" sizes=\"auto, (max-width: 600px) 100vw, 600px\" \/><\/a><p id=\"caption-attachment-27777\" class=\"wp-caption-text\">Iran, mars 2026.<\/p><\/div>\n<p><span style=\"color: #000000;\"><span style=\"font-family: Arial, sans-serif;\"><span style=\"font-size: medium;\">Pour comprendre l&rsquo;escalade actuelle, il est n\u00e9cessaire de d\u00e9passer le langage traditionnel de la diplomatie et de la s\u00e9curit\u00e9. Il faut plut\u00f4t tenter de saisir la vision du monde de l&rsquo;homme qui occupe actuellement la Maison-Blanche : Donald Trump.<\/span><\/span><\/span><\/p>\n<p><span style=\"color: #000000;\"><span style=\"font-family: Arial, sans-serif;\"><span style=\"font-size: medium;\">Dans l&rsquo;univers politique de Trump, la guerre est rarement envisag\u00e9e en termes moraux ou humanitaires. Elle est appr\u00e9hend\u00e9e \u00e0 travers le prisme du rapport de force, du marchandage et des arrangements. Le vocabulaire de la trag\u00e9die c\u00e8de la place \u00e0 celui de la transaction.<\/span><\/span><\/span><\/p>\n<p><span style=\"color: #000000;\"><span style=\"font-family: Arial, sans-serif;\"><span style=\"font-size: medium;\">Lorsqu&rsquo;une frappe isra\u00e9lienne, pr\u00e9tendument soutenue par les \u00c9tats-Unis, a touch\u00e9 une \u00e9cole primaire de l&rsquo;est de l&rsquo;Iran il y a quelques jours, tuant des dizaines d&rsquo;enfants, la communaut\u00e9 internationale s&rsquo;attendait aux rituels diplomatiques habituels : d\u00e9clarations de pr\u00e9occupation, expressions de regret, peut-\u00eatre un appel \u00e0 la retenue. Rien de tout cela n&rsquo;a \u00e9t\u00e9 fait sous une forme significative. Mais ce silence est r\u00e9v\u00e9lateur.<\/span><\/span><\/span><\/p>\n<p><span style=\"color: #000000;\"><span style=\"font-family: Arial, sans-serif;\"><span style=\"font-size: medium;\">Pour un dirigeant fa\u00e7onn\u00e9 par la culture des transactions immobili\u00e8res \u00e0 haut risque, pr\u00e9senter des excuses a un co\u00fbt strat\u00e9gique. Des excuses impliquent une prise de responsabilit\u00e9, et la responsabilit\u00e9 affaiblit le pouvoir de n\u00e9gociation. Dans la logique de la politique transactionnelle, maintenir sa domination exige de projeter une image de certitude et de refuser toute vuln\u00e9rabilit\u00e9 morale.<\/span><\/span><\/span><\/p>\n<p><strong><span style=\"color: #000000;\"><span style=\"font-family: Arial, sans-serif;\"><span style=\"font-size: large;\">Une vision marchande du monde<\/span><\/span><\/span><\/strong><\/p>\n<p><span style=\"color: #000000;\"><span style=\"font-family: Arial, sans-serif;\"><span style=\"font-size: medium;\">Les th\u00e9ories traditionnelles des relations internationales partent du principe que les \u00c9tats recherchent la stabilit\u00e9, l&rsquo;\u00e9quilibre des puissances et des alliances pr\u00e9visibles. La vision du monde de Trump remet en question ce postulat.<\/span><\/span><\/span><\/p>\n<p><span style=\"color: #000000;\"><span style=\"font-family: Arial, sans-serif;\"><span style=\"font-size: medium;\">Issu du monde de la sp\u00e9culation immobili\u00e8re, il semble percevoir le syst\u00e8me international moins comme une communaut\u00e9 d&rsquo;\u00c9tats que comme un march\u00e9 concurrentiel. Les pays sont assimil\u00e9s \u00e0 des actifs. Les alliances \u00e0 des contrats. Les conflits se transforment en n\u00e9gociations aux enjeux consid\u00e9rablement accrus.<\/span><\/span><\/span><\/p>\n<p><span style=\"color: #000000;\"><span style=\"font-family: Arial, sans-serif;\"><span style=\"font-size: medium;\">Dans ce contexte, le monde ressemble davantage \u00e0 une salle des ventes qu&rsquo;\u00e0 un ordre diplomatique. L&rsquo;objectif n&rsquo;est pas un \u00e9quilibre durable, mais l&rsquo;obtention d&rsquo;un maximum de concessions.<\/span><\/span><\/span><\/p>\n<p><span style=\"color: #000000;\"><span style=\"font-family: Arial, sans-serif;\"><span style=\"font-size: medium;\">Il n&rsquo;y a donc ni alli\u00e9s permanents ni ennemis permanents\u00a0; seulement des accords lucratifs et des arrangements co\u00fbteux qui n&rsquo;attendent qu&rsquo;\u00e0 \u00eatre ren\u00e9goci\u00e9s.<\/span><\/span><\/span><\/p>\n<p><span style=\"color: #000000;\"><span style=\"font-family: Arial, sans-serif;\"><span style=\"font-size: medium;\">La s\u00e9curit\u00e9 elle-m\u00eame devient une marchandise.<\/span><\/span><\/span><\/p>\n<div id=\"attachment_27778\" style=\"width: 610px\" class=\"wp-caption aligncenter\"><a href=\"https:\/\/ismfrance.org\/wp-content\/uploads\/2026\/03\/HC1iL77bIAAqBmq.jpg\"><img loading=\"lazy\" decoding=\"async\" aria-describedby=\"caption-attachment-27778\" class=\"wp-image-27778 size-large\" src=\"https:\/\/ismfrance.org\/wp-content\/uploads\/2026\/03\/HC1iL77bIAAqBmq-700x531.jpg\" alt=\"\" width=\"600\" height=\"455\" srcset=\"https:\/\/ismfrance.org\/wp-content\/uploads\/2026\/03\/HC1iL77bIAAqBmq-700x531.jpg 700w, https:\/\/ismfrance.org\/wp-content\/uploads\/2026\/03\/HC1iL77bIAAqBmq-300x227.jpg 300w, https:\/\/ismfrance.org\/wp-content\/uploads\/2026\/03\/HC1iL77bIAAqBmq-768x582.jpg 768w, https:\/\/ismfrance.org\/wp-content\/uploads\/2026\/03\/HC1iL77bIAAqBmq-1536x1164.jpg 1536w, https:\/\/ismfrance.org\/wp-content\/uploads\/2026\/03\/HC1iL77bIAAqBmq.jpg 1562w\" sizes=\"auto, (max-width: 600px) 100vw, 600px\" \/><\/a><p id=\"caption-attachment-27778\" class=\"wp-caption-text\">Beyrouth, mars 2026.<\/p><\/div>\n<p><strong><span style=\"color: #000000;\"><span style=\"font-family: Arial, sans-serif;\"><span style=\"font-size: large;\">La marchandisation de la s\u00e9curit\u00e9<\/span><\/span><\/span><\/strong><\/p>\n<p><span style=\"color: #000000;\"><span style=\"font-family: Arial, sans-serif;\"><span style=\"font-size: medium;\">Pendant des d\u00e9cennies, les \u00c9tats-Unis se sont pr\u00e9sent\u00e9s comme les garants de la stabilit\u00e9 internationale. Pourtant, sous Trump, cette garantie prend de plus en plus la forme d&rsquo;un service payant.<\/span><\/span><\/span><\/p>\n<p><span style=\"color: #000000;\"><span style=\"font-family: Arial, sans-serif;\"><span style=\"font-size: medium;\">Les \u00c9tats du Golfe illustrent clairement cette dynamique. Ils sont trait\u00e9s moins comme des partenaires strat\u00e9giques que comme des clients dans une relation de protection. Les engagements en mati\u00e8re de s\u00e9curit\u00e9 sont abord\u00e9s sous un angle financier. La pr\u00e9sence militaire devient un levier. La loyaut\u00e9 politique se mue en atout transactionnel.<\/span><\/span><\/span><\/p>\n<p><span style=\"color: #000000;\"><span style=\"font-family: Arial, sans-serif;\"><span style=\"font-size: medium;\">Dans un tel contexte, l&rsquo;instabilit\u00e9 peut paradoxalement servir des int\u00e9r\u00eats strat\u00e9giques. Les tensions persistantes renforcent la d\u00e9pendance \u00e0 l&rsquo;\u00e9gard d&rsquo;une protection ext\u00e9rieure, garantissant ainsi la p\u00e9rennit\u00e9 du march\u00e9 de la s\u00e9curit\u00e9.<\/span><\/span><\/span><\/p>\n<p><strong><span style=\"color: #000000;\"><span style=\"font-family: Arial, sans-serif;\"><span style=\"font-size: large;\">La guerre comme moyen de n\u00e9gociation<\/span><\/span><\/span><\/strong><\/p>\n<p><span style=\"color: #000000;\"><span style=\"font-family: Arial, sans-serif;\"><span style=\"font-size: medium;\">L\u2019approche de Trump face \u00e0 l\u2019Iran illustre cette logique.<\/span><\/span><\/span><\/p>\n<p><span style=\"color: #000000;\"><span style=\"font-family: Arial, sans-serif;\"><span style=\"font-size: medium;\">L\u2019escalade ne vise pas n\u00e9cessairement une victoire militaire d\u00e9cisive. Elle consiste plut\u00f4t \u00e0 faire monter les ench\u00e8res avant m\u00eame le d\u00e9but des n\u00e9gociations. Frappes militaires, pressions \u00e9conomiques et man\u0153uvres politiques risqu\u00e9es servent d\u2019outils pour accro\u00eetre son influence.<\/span><\/span><\/span><\/p>\n<p><span style=\"color: #000000;\"><span style=\"font-family: Arial, sans-serif;\"><span style=\"font-size: medium;\">En langage commercial, il s\u2019agit d\u2019une strat\u00e9gie destin\u00e9e \u00e0 rench\u00e9rir le compromis.<\/span><\/span><\/span><\/p>\n<p><span style=\"color: #000000;\"><span style=\"font-family: Arial, sans-serif;\"><span style=\"font-size: medium;\">Le danger est \u00e9vident\u00a0: lorsque la guerre s\u2019int\u00e8gre au processus de n\u00e9gociation, le co\u00fbt humain passe au second plan face \u00e0 l\u2019avantage strat\u00e9gique per\u00e7u.<\/span><\/span><\/span><\/p>\n<p><span style=\"color: #000000;\"><span style=\"font-family: Arial, sans-serif;\"><span style=\"font-size: medium;\">Les pertes civiles, les villes d\u00e9vast\u00e9es et l\u2019instabilit\u00e9 r\u00e9gionale risquent de devenir des variables collat\u00e9rales d\u2019un calcul g\u00e9opolitique.<\/span><\/span><\/span><\/p>\n<p><strong><span style=\"color: #000000;\"><span style=\"font-family: Arial, sans-serif;\"><span style=\"font-size: large;\">Le risque d\u2019un pouvoir personnalis\u00e9<\/span><\/span><\/span><\/strong><\/p>\n<p><span style=\"color: #000000;\"><span style=\"font-family: Arial, sans-serif;\"><span style=\"font-size: medium;\">Cette approche introduit un autre danger\u00a0: la personnalisation de la politique internationale.<\/span><\/span><\/span><\/p>\n<p><span style=\"color: #000000;\"><span style=\"font-family: Arial, sans-serif;\"><span style=\"font-size: medium;\">Comme l\u2019a soulign\u00e9 Edward Luce, chroniqueur au <i>Financial Times<\/i>, la stabilit\u00e9 mondiale se fragilise lorsque les d\u00e9cisions g\u00e9opolitiques sont moins guid\u00e9es par un consensus institutionnel que par l\u2019instinct personnel et le calcul politique.<\/span><\/span><\/span><\/p>\n<p><span style=\"color: #000000;\"><span style=\"font-family: Arial, sans-serif;\"><span style=\"font-size: medium;\">Les politiques peuvent changer brusquement. Les alliances peuvent \u00eatre remises en question du jour au lendemain. Les d\u00e9cisions strat\u00e9giques peuvent \u00eatre influenc\u00e9es par des pressions \u00e9lectorales ou des discours politiques personnels plut\u00f4t que par une planification \u00e0 long terme. Il en r\u00e9sulte un monde o\u00f9 l&rsquo;impr\u00e9visibilit\u00e9 devient elle-m\u00eame la caract\u00e9ristique centrale de la politique mondiale.<\/span><\/span><\/span><\/p>\n<p><strong><span style=\"color: #000000;\"><span style=\"font-family: Arial, sans-serif;\"><span style=\"font-size: large;\">Une le\u00e7on r\u00e9gionale difficile<\/span><\/span><\/span><\/strong><\/p>\n<p><span style=\"color: #000000;\"><span style=\"font-family: Arial, sans-serif;\"><span style=\"font-size: medium;\">Pour de nombreux \u00c9tats du Moyen-Orient, la crise actuelle est un rappel brutal.<\/span><\/span><\/span><\/p>\n<p><span style=\"color: #000000;\"><span style=\"font-family: Arial, sans-serif;\"><span style=\"font-size: medium;\">D\u00e9pendre de garanties de s\u00e9curit\u00e9 ext\u00e9rieures a toujours comport\u00e9 des risques, mais ces risques sont consid\u00e9rablement accrus lorsque le garant envisage la s\u00e9curit\u00e9 avant tout sous un angle transactionnel.<\/span><\/span><\/span><\/p>\n<p><span style=\"color: #000000;\"><span style=\"font-family: Arial, sans-serif;\"><span style=\"font-size: medium;\">Le pr\u00e9tendu \u00ab parapluie am\u00e9ricain \u00bb pourrait finalement servir moins de bouclier que d&rsquo;outil de n\u00e9gociation.<\/span><\/span><\/span><\/p>\n<p><span style=\"color: #000000;\"><span style=\"font-family: Arial, sans-serif;\"><span style=\"font-size: medium;\">S&rsquo;il y a une le\u00e7on \u00e0 tirer du conflit actuel, c&rsquo;est peut-\u00eatre que la stabilit\u00e9 r\u00e9gionale ne peut \u00eatre externalis\u00e9e ind\u00e9finiment. Une s\u00e9curit\u00e9 durable exige une r\u00e9silience interne, une coop\u00e9ration r\u00e9gionale et une ind\u00e9pendance vis-\u00e0-vis des calculs changeants des puissances mondiales.<\/span><\/span><\/span><\/p>\n<p><span style=\"color: #000000;\"><span style=\"font-family: Arial, sans-serif;\"><span style=\"font-size: medium;\">La vraie question est peut-\u00eatre la suivante : Et si les explosions qui secouent le Moyen-Orient n&rsquo;\u00e9taient pas seulement le fruit de rivalit\u00e9s g\u00e9opolitiques ?<\/span><\/span><\/span><\/p>\n<p><span style=\"color: #000000;\"><span style=\"font-family: Arial, sans-serif;\"><span style=\"font-size: medium;\">Et si elles faisaient aussi partie d&rsquo;une strat\u00e9gie de n\u00e9gociation ?<\/span><\/span><\/span><\/p>\n<p><span style=\"color: #000000;\"><span style=\"font-family: Arial, sans-serif;\"><span style=\"font-size: medium;\">Si cela s&rsquo;av\u00e8re ne serait-ce qu&rsquo;en partie vrai, alors la r\u00e9gion n&rsquo;assiste pas simplement \u00e0 une nouvelle guerre.<\/span><\/span><\/span><\/p>\n<p><span style=\"color: #000000;\"><span style=\"font-family: Arial, sans-serif;\"><span style=\"font-size: medium;\">Elle assiste au moment o\u00f9 la guerre elle-m\u00eame devient un mod\u00e8le \u00e9conomique.<\/span><\/span><\/span><\/p>\n<p><em><strong><span style=\"color: #000000;\"><span style=\"font-family: Arial, sans-serif;\"><span style=\"font-size: medium;\">Article original en anglais sur <a href=\"https:\/\/www.middleeastmonitor.com\/20260307-trumps-doctrine-when-war-becomes-a-business-model\/\">Middle East Monitor<\/a> \/ Traduction MR<\/span><\/span><\/span><\/strong><\/em><\/p>\n","protected":false},"excerpt":{"rendered":"<p>Adnan Hmidan, 7 mars 2026. Les explosions qui r\u00e9sonnent actuellement en Iran, au Liban et dans certaines r\u00e9gions du Golfe ne sont pas seulement le bruit d&rsquo;une nouvelle guerre au <a class=\"more-link\" href=\"https:\/\/ismfrance.org\/index.php\/2026\/03\/08\/la-doctrine-trump-quand-la-guerre-devient-un-modele-economique\/\">Lire la suite &rarr;<\/a><\/p>\n","protected":false},"author":3,"featured_media":27777,"comment_status":"closed","ping_status":"closed","sticky":false,"template":"","format":"standard","meta":{"footnotes":""},"categories":[12,2],"tags":[99,458],"class_list":["post-27774","post","type-post","status-publish","format-standard","has-post-thumbnail","hentry","category-analyses","category-articles","tag-imperialisme","tag-plan-trump"],"yoast_head":"<!-- This site is optimized with the Yoast SEO plugin v27.2 - https:\/\/yoast.com\/product\/yoast-seo-wordpress\/ -->\n<title>La doctrine Trump : Quand la guerre devient un mod\u00e8le \u00e9conomique - International Solidarity Movement - ISM-France<\/title>\n<meta name=\"robots\" content=\"index, follow, max-snippet:-1, max-image-preview:large, max-video-preview:-1\" \/>\n<link rel=\"canonical\" href=\"https:\/\/ismfrance.org\/index.php\/2026\/03\/08\/la-doctrine-trump-quand-la-guerre-devient-un-modele-economique\/\" \/>\n<meta property=\"og:locale\" content=\"fr_FR\" \/>\n<meta property=\"og:type\" content=\"article\" \/>\n<meta property=\"og:title\" content=\"La doctrine Trump : Quand la guerre devient un mod\u00e8le \u00e9conomique - International Solidarity Movement - ISM-France\" \/>\n<meta property=\"og:description\" content=\"Adnan Hmidan, 7 mars 2026. Les explosions qui r\u00e9sonnent actuellement en Iran, au Liban et dans certaines r\u00e9gions du Golfe ne sont pas seulement le bruit d&rsquo;une nouvelle guerre au Lire la suite &rarr;\" \/>\n<meta property=\"og:url\" content=\"https:\/\/ismfrance.org\/index.php\/2026\/03\/08\/la-doctrine-trump-quand-la-guerre-devient-un-modele-economique\/\" \/>\n<meta property=\"og:site_name\" content=\"International Solidarity Movement - ISM-France\" \/>\n<meta property=\"article:published_time\" content=\"2026-03-08T10:03:12+00:00\" \/>\n<meta property=\"og:image\" content=\"https:\/\/ismfrance.org\/wp-content\/uploads\/2026\/03\/iran-scaled.jpg\" \/>\n\t<meta property=\"og:image:width\" content=\"2560\" \/>\n\t<meta property=\"og:image:height\" content=\"1707\" \/>\n\t<meta property=\"og:image:type\" content=\"image\/jpeg\" \/>\n<meta name=\"author\" content=\"mru_01\" \/>\n<meta name=\"twitter:card\" content=\"summary_large_image\" \/>\n<meta name=\"twitter:creator\" content=\"@ISMFRANCE\" \/>\n<meta name=\"twitter:site\" content=\"@ISMFRANCE\" \/>\n<meta name=\"twitter:label1\" content=\"\u00c9crit par\" \/>\n\t<meta name=\"twitter:data1\" content=\"mru_01\" \/>\n\t<meta name=\"twitter:label2\" content=\"Dur\u00e9e de lecture estim\u00e9e\" \/>\n\t<meta name=\"twitter:data2\" content=\"6 minutes\" \/>\n<script type=\"application\/ld+json\" class=\"yoast-schema-graph\">{\"@context\":\"https:\/\/schema.org\",\"@graph\":[{\"@type\":\"Article\",\"@id\":\"https:\/\/ismfrance.org\/index.php\/2026\/03\/08\/la-doctrine-trump-quand-la-guerre-devient-un-modele-economique\/#article\",\"isPartOf\":{\"@id\":\"https:\/\/ismfrance.org\/index.php\/2026\/03\/08\/la-doctrine-trump-quand-la-guerre-devient-un-modele-economique\/\"},\"author\":{\"name\":\"mru_01\",\"@id\":\"https:\/\/ismfrance.org\/#\/schema\/person\/3c411eb72adfaae19c0dca1f41fae01d\"},\"headline\":\"La doctrine Trump : Quand la guerre devient un mod\u00e8le \u00e9conomique\",\"datePublished\":\"2026-03-08T10:03:12+00:00\",\"mainEntityOfPage\":{\"@id\":\"https:\/\/ismfrance.org\/index.php\/2026\/03\/08\/la-doctrine-trump-quand-la-guerre-devient-un-modele-economique\/\"},\"wordCount\":1078,\"publisher\":{\"@id\":\"https:\/\/ismfrance.org\/#organization\"},\"image\":{\"@id\":\"https:\/\/ismfrance.org\/index.php\/2026\/03\/08\/la-doctrine-trump-quand-la-guerre-devient-un-modele-economique\/#primaryimage\"},\"thumbnailUrl\":\"https:\/\/ismfrance.org\/wp-content\/uploads\/2026\/03\/iran-scaled.jpg\",\"keywords\":[\"Imp\u00e9rialisme\",\"Plan Trump\"],\"articleSection\":[\"Analyses\",\"Articles\"],\"inLanguage\":\"fr-FR\"},{\"@type\":\"WebPage\",\"@id\":\"https:\/\/ismfrance.org\/index.php\/2026\/03\/08\/la-doctrine-trump-quand-la-guerre-devient-un-modele-economique\/\",\"url\":\"https:\/\/ismfrance.org\/index.php\/2026\/03\/08\/la-doctrine-trump-quand-la-guerre-devient-un-modele-economique\/\",\"name\":\"La doctrine Trump : Quand la guerre devient un mod\u00e8le \u00e9conomique - International Solidarity Movement - ISM-France\",\"isPartOf\":{\"@id\":\"https:\/\/ismfrance.org\/#website\"},\"primaryImageOfPage\":{\"@id\":\"https:\/\/ismfrance.org\/index.php\/2026\/03\/08\/la-doctrine-trump-quand-la-guerre-devient-un-modele-economique\/#primaryimage\"},\"image\":{\"@id\":\"https:\/\/ismfrance.org\/index.php\/2026\/03\/08\/la-doctrine-trump-quand-la-guerre-devient-un-modele-economique\/#primaryimage\"},\"thumbnailUrl\":\"https:\/\/ismfrance.org\/wp-content\/uploads\/2026\/03\/iran-scaled.jpg\",\"datePublished\":\"2026-03-08T10:03:12+00:00\",\"breadcrumb\":{\"@id\":\"https:\/\/ismfrance.org\/index.php\/2026\/03\/08\/la-doctrine-trump-quand-la-guerre-devient-un-modele-economique\/#breadcrumb\"},\"inLanguage\":\"fr-FR\",\"potentialAction\":[{\"@type\":\"ReadAction\",\"target\":[\"https:\/\/ismfrance.org\/index.php\/2026\/03\/08\/la-doctrine-trump-quand-la-guerre-devient-un-modele-economique\/\"]}]},{\"@type\":\"ImageObject\",\"inLanguage\":\"fr-FR\",\"@id\":\"https:\/\/ismfrance.org\/index.php\/2026\/03\/08\/la-doctrine-trump-quand-la-guerre-devient-un-modele-economique\/#primaryimage\",\"url\":\"https:\/\/ismfrance.org\/wp-content\/uploads\/2026\/03\/iran-scaled.jpg\",\"contentUrl\":\"https:\/\/ismfrance.org\/wp-content\/uploads\/2026\/03\/iran-scaled.jpg\",\"width\":2560,\"height\":1707},{\"@type\":\"BreadcrumbList\",\"@id\":\"https:\/\/ismfrance.org\/index.php\/2026\/03\/08\/la-doctrine-trump-quand-la-guerre-devient-un-modele-economique\/#breadcrumb\",\"itemListElement\":[{\"@type\":\"ListItem\",\"position\":1,\"name\":\"Accueil\",\"item\":\"https:\/\/ismfrance.org\/\"},{\"@type\":\"ListItem\",\"position\":2,\"name\":\"La doctrine Trump : Quand la guerre devient un mod\u00e8le \u00e9conomique\"}]},{\"@type\":\"WebSite\",\"@id\":\"https:\/\/ismfrance.org\/#website\",\"url\":\"https:\/\/ismfrance.org\/\",\"name\":\"ISM Palestine France\",\"description\":\"Soutien aux luttes de lib\u00e9ration du peuple palestinien\",\"publisher\":{\"@id\":\"https:\/\/ismfrance.org\/#organization\"},\"potentialAction\":[{\"@type\":\"SearchAction\",\"target\":{\"@type\":\"EntryPoint\",\"urlTemplate\":\"https:\/\/ismfrance.org\/?s={search_term_string}\"},\"query-input\":{\"@type\":\"PropertyValueSpecification\",\"valueRequired\":true,\"valueName\":\"search_term_string\"}}],\"inLanguage\":\"fr-FR\"},{\"@type\":\"Organization\",\"@id\":\"https:\/\/ismfrance.org\/#organization\",\"name\":\"International Solidarity Movement\",\"url\":\"https:\/\/ismfrance.org\/\",\"logo\":{\"@type\":\"ImageObject\",\"inLanguage\":\"fr-FR\",\"@id\":\"https:\/\/ismfrance.org\/#\/schema\/logo\/image\/\",\"url\":\"https:\/\/ismfrance.org\/wp-content\/uploads\/2020\/12\/00.png\",\"contentUrl\":\"https:\/\/ismfrance.org\/wp-content\/uploads\/2020\/12\/00.png\",\"width\":400,\"height\":400,\"caption\":\"International Solidarity Movement\"},\"image\":{\"@id\":\"https:\/\/ismfrance.org\/#\/schema\/logo\/image\/\"},\"sameAs\":[\"https:\/\/x.com\/ISMFRANCE\"]},{\"@type\":\"Person\",\"@id\":\"https:\/\/ismfrance.org\/#\/schema\/person\/3c411eb72adfaae19c0dca1f41fae01d\",\"name\":\"mru_01\",\"image\":{\"@type\":\"ImageObject\",\"inLanguage\":\"fr-FR\",\"@id\":\"https:\/\/secure.gravatar.com\/avatar\/3a0be343b445d2ccc79e87444a294fad2b232e90d2051d0e3cc219e1ecd6a330?s=96&d=mm&r=g\",\"url\":\"https:\/\/secure.gravatar.com\/avatar\/3a0be343b445d2ccc79e87444a294fad2b232e90d2051d0e3cc219e1ecd6a330?s=96&d=mm&r=g\",\"contentUrl\":\"https:\/\/secure.gravatar.com\/avatar\/3a0be343b445d2ccc79e87444a294fad2b232e90d2051d0e3cc219e1ecd6a330?s=96&d=mm&r=g\",\"caption\":\"mru_01\"},\"url\":\"https:\/\/ismfrance.org\/index.php\/author\/admin02\/\"}]}<\/script>\n<!-- \/ Yoast SEO plugin. -->","yoast_head_json":{"title":"La doctrine Trump : Quand la guerre devient un mod\u00e8le \u00e9conomique - International Solidarity Movement - ISM-France","robots":{"index":"index","follow":"follow","max-snippet":"max-snippet:-1","max-image-preview":"max-image-preview:large","max-video-preview":"max-video-preview:-1"},"canonical":"https:\/\/ismfrance.org\/index.php\/2026\/03\/08\/la-doctrine-trump-quand-la-guerre-devient-un-modele-economique\/","og_locale":"fr_FR","og_type":"article","og_title":"La doctrine Trump : Quand la guerre devient un mod\u00e8le \u00e9conomique - International Solidarity Movement - ISM-France","og_description":"Adnan Hmidan, 7 mars 2026. Les explosions qui r\u00e9sonnent actuellement en Iran, au Liban et dans certaines r\u00e9gions du Golfe ne sont pas seulement le bruit d&rsquo;une nouvelle guerre au Lire la suite &rarr;","og_url":"https:\/\/ismfrance.org\/index.php\/2026\/03\/08\/la-doctrine-trump-quand-la-guerre-devient-un-modele-economique\/","og_site_name":"International Solidarity Movement - ISM-France","article_published_time":"2026-03-08T10:03:12+00:00","og_image":[{"width":2560,"height":1707,"url":"https:\/\/ismfrance.org\/wp-content\/uploads\/2026\/03\/iran-scaled.jpg","type":"image\/jpeg"}],"author":"mru_01","twitter_card":"summary_large_image","twitter_creator":"@ISMFRANCE","twitter_site":"@ISMFRANCE","twitter_misc":{"\u00c9crit par":"mru_01","Dur\u00e9e de lecture estim\u00e9e":"6 minutes"},"schema":{"@context":"https:\/\/schema.org","@graph":[{"@type":"Article","@id":"https:\/\/ismfrance.org\/index.php\/2026\/03\/08\/la-doctrine-trump-quand-la-guerre-devient-un-modele-economique\/#article","isPartOf":{"@id":"https:\/\/ismfrance.org\/index.php\/2026\/03\/08\/la-doctrine-trump-quand-la-guerre-devient-un-modele-economique\/"},"author":{"name":"mru_01","@id":"https:\/\/ismfrance.org\/#\/schema\/person\/3c411eb72adfaae19c0dca1f41fae01d"},"headline":"La doctrine Trump : Quand la guerre devient un mod\u00e8le \u00e9conomique","datePublished":"2026-03-08T10:03:12+00:00","mainEntityOfPage":{"@id":"https:\/\/ismfrance.org\/index.php\/2026\/03\/08\/la-doctrine-trump-quand-la-guerre-devient-un-modele-economique\/"},"wordCount":1078,"publisher":{"@id":"https:\/\/ismfrance.org\/#organization"},"image":{"@id":"https:\/\/ismfrance.org\/index.php\/2026\/03\/08\/la-doctrine-trump-quand-la-guerre-devient-un-modele-economique\/#primaryimage"},"thumbnailUrl":"https:\/\/ismfrance.org\/wp-content\/uploads\/2026\/03\/iran-scaled.jpg","keywords":["Imp\u00e9rialisme","Plan Trump"],"articleSection":["Analyses","Articles"],"inLanguage":"fr-FR"},{"@type":"WebPage","@id":"https:\/\/ismfrance.org\/index.php\/2026\/03\/08\/la-doctrine-trump-quand-la-guerre-devient-un-modele-economique\/","url":"https:\/\/ismfrance.org\/index.php\/2026\/03\/08\/la-doctrine-trump-quand-la-guerre-devient-un-modele-economique\/","name":"La doctrine Trump : Quand la guerre devient un mod\u00e8le \u00e9conomique - International Solidarity Movement - ISM-France","isPartOf":{"@id":"https:\/\/ismfrance.org\/#website"},"primaryImageOfPage":{"@id":"https:\/\/ismfrance.org\/index.php\/2026\/03\/08\/la-doctrine-trump-quand-la-guerre-devient-un-modele-economique\/#primaryimage"},"image":{"@id":"https:\/\/ismfrance.org\/index.php\/2026\/03\/08\/la-doctrine-trump-quand-la-guerre-devient-un-modele-economique\/#primaryimage"},"thumbnailUrl":"https:\/\/ismfrance.org\/wp-content\/uploads\/2026\/03\/iran-scaled.jpg","datePublished":"2026-03-08T10:03:12+00:00","breadcrumb":{"@id":"https:\/\/ismfrance.org\/index.php\/2026\/03\/08\/la-doctrine-trump-quand-la-guerre-devient-un-modele-economique\/#breadcrumb"},"inLanguage":"fr-FR","potentialAction":[{"@type":"ReadAction","target":["https:\/\/ismfrance.org\/index.php\/2026\/03\/08\/la-doctrine-trump-quand-la-guerre-devient-un-modele-economique\/"]}]},{"@type":"ImageObject","inLanguage":"fr-FR","@id":"https:\/\/ismfrance.org\/index.php\/2026\/03\/08\/la-doctrine-trump-quand-la-guerre-devient-un-modele-economique\/#primaryimage","url":"https:\/\/ismfrance.org\/wp-content\/uploads\/2026\/03\/iran-scaled.jpg","contentUrl":"https:\/\/ismfrance.org\/wp-content\/uploads\/2026\/03\/iran-scaled.jpg","width":2560,"height":1707},{"@type":"BreadcrumbList","@id":"https:\/\/ismfrance.org\/index.php\/2026\/03\/08\/la-doctrine-trump-quand-la-guerre-devient-un-modele-economique\/#breadcrumb","itemListElement":[{"@type":"ListItem","position":1,"name":"Accueil","item":"https:\/\/ismfrance.org\/"},{"@type":"ListItem","position":2,"name":"La doctrine Trump : Quand la guerre devient un mod\u00e8le \u00e9conomique"}]},{"@type":"WebSite","@id":"https:\/\/ismfrance.org\/#website","url":"https:\/\/ismfrance.org\/","name":"ISM Palestine France","description":"Soutien aux luttes de lib\u00e9ration du peuple palestinien","publisher":{"@id":"https:\/\/ismfrance.org\/#organization"},"potentialAction":[{"@type":"SearchAction","target":{"@type":"EntryPoint","urlTemplate":"https:\/\/ismfrance.org\/?s={search_term_string}"},"query-input":{"@type":"PropertyValueSpecification","valueRequired":true,"valueName":"search_term_string"}}],"inLanguage":"fr-FR"},{"@type":"Organization","@id":"https:\/\/ismfrance.org\/#organization","name":"International Solidarity Movement","url":"https:\/\/ismfrance.org\/","logo":{"@type":"ImageObject","inLanguage":"fr-FR","@id":"https:\/\/ismfrance.org\/#\/schema\/logo\/image\/","url":"https:\/\/ismfrance.org\/wp-content\/uploads\/2020\/12\/00.png","contentUrl":"https:\/\/ismfrance.org\/wp-content\/uploads\/2020\/12\/00.png","width":400,"height":400,"caption":"International Solidarity Movement"},"image":{"@id":"https:\/\/ismfrance.org\/#\/schema\/logo\/image\/"},"sameAs":["https:\/\/x.com\/ISMFRANCE"]},{"@type":"Person","@id":"https:\/\/ismfrance.org\/#\/schema\/person\/3c411eb72adfaae19c0dca1f41fae01d","name":"mru_01","image":{"@type":"ImageObject","inLanguage":"fr-FR","@id":"https:\/\/secure.gravatar.com\/avatar\/3a0be343b445d2ccc79e87444a294fad2b232e90d2051d0e3cc219e1ecd6a330?s=96&d=mm&r=g","url":"https:\/\/secure.gravatar.com\/avatar\/3a0be343b445d2ccc79e87444a294fad2b232e90d2051d0e3cc219e1ecd6a330?s=96&d=mm&r=g","contentUrl":"https:\/\/secure.gravatar.com\/avatar\/3a0be343b445d2ccc79e87444a294fad2b232e90d2051d0e3cc219e1ecd6a330?s=96&d=mm&r=g","caption":"mru_01"},"url":"https:\/\/ismfrance.org\/index.php\/author\/admin02\/"}]}},"_links":{"self":[{"href":"https:\/\/ismfrance.org\/index.php\/wp-json\/wp\/v2\/posts\/27774","targetHints":{"allow":["GET"]}}],"collection":[{"href":"https:\/\/ismfrance.org\/index.php\/wp-json\/wp\/v2\/posts"}],"about":[{"href":"https:\/\/ismfrance.org\/index.php\/wp-json\/wp\/v2\/types\/post"}],"author":[{"embeddable":true,"href":"https:\/\/ismfrance.org\/index.php\/wp-json\/wp\/v2\/users\/3"}],"replies":[{"embeddable":true,"href":"https:\/\/ismfrance.org\/index.php\/wp-json\/wp\/v2\/comments?post=27774"}],"version-history":[{"count":3,"href":"https:\/\/ismfrance.org\/index.php\/wp-json\/wp\/v2\/posts\/27774\/revisions"}],"predecessor-version":[{"id":27779,"href":"https:\/\/ismfrance.org\/index.php\/wp-json\/wp\/v2\/posts\/27774\/revisions\/27779"}],"wp:featuredmedia":[{"embeddable":true,"href":"https:\/\/ismfrance.org\/index.php\/wp-json\/wp\/v2\/media\/27777"}],"wp:attachment":[{"href":"https:\/\/ismfrance.org\/index.php\/wp-json\/wp\/v2\/media?parent=27774"}],"wp:term":[{"taxonomy":"category","embeddable":true,"href":"https:\/\/ismfrance.org\/index.php\/wp-json\/wp\/v2\/categories?post=27774"},{"taxonomy":"post_tag","embeddable":true,"href":"https:\/\/ismfrance.org\/index.php\/wp-json\/wp\/v2\/tags?post=27774"}],"curies":[{"name":"wp","href":"https:\/\/api.w.org\/{rel}","templated":true}]}}