{"id":26823,"date":"2026-01-29T16:37:46","date_gmt":"2026-01-29T15:37:46","guid":{"rendered":"https:\/\/ismfrance.org\/?p=26823"},"modified":"2026-01-29T16:37:46","modified_gmt":"2026-01-29T15:37:46","slug":"temoignages-de-gazaouis-la-survie-qui-sorganise-au-jour-le-jour-dans-lenfer-de-gaza-partie-639-28-01-un-hiver-au-chaud-des-manteaux-pour-les-enfants","status":"publish","type":"post","link":"https:\/\/ismfrance.org\/index.php\/2026\/01\/29\/temoignages-de-gazaouis-la-survie-qui-sorganise-au-jour-le-jour-dans-lenfer-de-gaza-partie-639-28-01-un-hiver-au-chaud-des-manteaux-pour-les-enfants\/","title":{"rendered":"T\u00e9moignages de Gazaouis : La survie qui s\u2019organise au jour le jour dans l\u2019enfer de Gaza \u2013 partie 639 \/ 28.01 \u2013\u00a0\u00ab\u00a0Un hiver au chaud\u00a0\u00bb, des manteaux pour les enfants"},"content":{"rendered":"<p align=\"LEFT\"><span style=\"color: #000000;\"><span style=\"font-family: Arial, sans-serif;\"><span style=\"font-size: medium;\"><strong>Brigitte Challande, 29 janvier 2026.<\/strong>&#8211; Le 28 janvier, Abu Amir et les \u00e9quipes de l&rsquo;UJFP ont distribu\u00e9 des v\u00eatements chauds aux enfants des agriculteurs dans le camp d\u2019Al-Rayan \u00e0 Hamad, pr\u00e8s de Khan Younis.<\/span><\/span><\/span><\/p>\n<p align=\"LEFT\"><span style=\"color: #000000;\"><span style=\"font-family: Arial, sans-serif;\"><span style=\"font-size: medium;\">\u00ab\u00a0Dans la bande de Gaza, les histoires des enfants ne commencent pas avec les jouets et les rires, mais avec les d\u00e9combres, la poussi\u00e8re et le bruit du vent qui traverse les tentes de d\u00e9placement. Les enfants de Gaza ne portent pas des cartables scolaires, ils portent des questions plus grandes que leur \u00e2ge : pourquoi avons-nous \u00e9t\u00e9 priv\u00e9s de nos maisons ? Pourquoi notre enfance dort-elle sur un sol froid ? Et pourquoi le monde reste-t-il plong\u00e9 dans un long sommeil face \u00e0 cette douleur ouverte ?<\/span><\/span><\/span><\/p>\n<p align=\"LEFT\"><a href=\"https:\/\/ismfrance.org\/wp-content\/uploads\/2026\/01\/IMG_8921.jpg\"><img loading=\"lazy\" decoding=\"async\" class=\"size-large wp-image-26824 aligncenter\" src=\"https:\/\/ismfrance.org\/wp-content\/uploads\/2026\/01\/IMG_8921-700x394.jpg\" alt=\"\" width=\"600\" height=\"338\" srcset=\"https:\/\/ismfrance.org\/wp-content\/uploads\/2026\/01\/IMG_8921-700x394.jpg 700w, https:\/\/ismfrance.org\/wp-content\/uploads\/2026\/01\/IMG_8921-300x169.jpg 300w, https:\/\/ismfrance.org\/wp-content\/uploads\/2026\/01\/IMG_8921-768x432.jpg 768w, https:\/\/ismfrance.org\/wp-content\/uploads\/2026\/01\/IMG_8921-1536x864.jpg 1536w, https:\/\/ismfrance.org\/wp-content\/uploads\/2026\/01\/IMG_8921.jpg 1600w\" sizes=\"auto, (max-width: 600px) 100vw, 600px\" \/><\/a><span style=\"color: #000000;\"><span style=\"font-family: Arial, sans-serif;\"><span style=\"font-size: medium;\">Au c\u0153ur des camps de d\u00e9plac\u00e9s, les petits r\u00eaves s\u2019entassent dans des tentes \u00e9troites, et les rires sont arrach\u00e9s aux l\u00e8vres des enfants pour \u00eatre remplac\u00e9s par un lourd silence. C\u2019est une enfance perdue, la guerre, qui s\u2019est \u00e9tendue sur pr\u00e8s de deux ans, n\u2019a pas seulement vol\u00e9 le pr\u00e9sent ; elle a aussi \u00e9tendu ses bras cruels pour manipuler l\u2019avenir, laissant toute une g\u00e9n\u00e9ration affronter la vie pieds nus et le c\u0153ur charg\u00e9 de douleur.<\/span><\/span><\/span><\/p>\n<p align=\"LEFT\"><strong><span style=\"color: #000000;\"><span style=\"font-family: Arial, sans-serif;\"><span style=\"font-size: medium;\">Des droits pi\u00e9tin\u00e9s et des besoins report\u00e9s<\/span><\/span><\/span><\/strong><\/p>\n<p align=\"LEFT\"><span style=\"color: #000000;\"><span style=\"font-family: Arial, sans-serif;\"><span style=\"font-size: medium;\">La guerre n\u2019a pas \u00e9t\u00e9 seulement la destruction des b\u00e2timents, mais aussi une destruction syst\u00e9matique des droits fondamentaux des enfants : le droit \u00e0 l\u2019\u00e9ducation, \u00e0 la sant\u00e9, \u00e0 une alimentation s\u00fbre, au jeu et au sentiment de s\u00e9curit\u00e9. M\u00eame apr\u00e8s l\u2019arr\u00eat des combats, les enfants restent prisonniers de la pauvret\u00e9 et du besoin, \u00e0 la recherche des conditions les plus \u00e9l\u00e9mentaires d\u2019une vie digne. Des \u00e9coles d\u00e9truites ou surpeupl\u00e9es, des services de sant\u00e9 limit\u00e9s, une nourriture rare et des v\u00eatements incapables de les prot\u00e9ger du froid rigoureux de l\u2019hiver. \u00c0 chaque coin des camps, le besoin se dresse comme un t\u00e9moin que la bataille de la survie n\u2019est pas encore termin\u00e9e.<\/span><\/span><\/span><\/p>\n<p align=\"LEFT\"><a href=\"https:\/\/ismfrance.org\/wp-content\/uploads\/2026\/01\/IMG_8936.jpg\"><img loading=\"lazy\" decoding=\"async\" class=\"size-large wp-image-26825 aligncenter\" src=\"https:\/\/ismfrance.org\/wp-content\/uploads\/2026\/01\/IMG_8936-700x394.jpg\" alt=\"\" width=\"600\" height=\"338\" srcset=\"https:\/\/ismfrance.org\/wp-content\/uploads\/2026\/01\/IMG_8936-700x394.jpg 700w, https:\/\/ismfrance.org\/wp-content\/uploads\/2026\/01\/IMG_8936-300x169.jpg 300w, https:\/\/ismfrance.org\/wp-content\/uploads\/2026\/01\/IMG_8936-768x432.jpg 768w, https:\/\/ismfrance.org\/wp-content\/uploads\/2026\/01\/IMG_8936-1536x864.jpg 1536w, https:\/\/ismfrance.org\/wp-content\/uploads\/2026\/01\/IMG_8936.jpg 1600w\" sizes=\"auto, (max-width: 600px) 100vw, 600px\" \/><\/a><strong><span style=\"color: #000000;\"><span style=\"font-family: Arial, sans-serif;\"><span style=\"font-size: medium;\">Un hiver au chaud : une initiative qui a raviv\u00e9 l\u2019espoir<\/span><\/span><\/span><\/strong><\/p>\n<p align=\"LEFT\"><span style=\"color: #000000;\"><span style=\"font-family: Arial, sans-serif;\"><span style=\"font-size: medium;\">Au milieu de cette r\u00e9alit\u00e9 difficile, l\u2019initiative Un hiver au chaud, lanc\u00e9e par l\u2019UJFP chaque hiver, est venue comme un rayon de lumi\u00e8re dans l\u2019obscurit\u00e9 hivernale. Nos \u00e9quipes ont cibl\u00e9 les enfants des agriculteurs dans le camp d\u2019Al-Rayan situ\u00e9 \u00e0 la ville de Hamad, qui a rassembl\u00e9 un grand nombre d\u2019enfants d\u2019agriculteurs dispers\u00e9s dans d\u2019autres camps de la r\u00e9gion d\u2019Al-Mawasi \u00e0 Khan Youn\u00e8s, et qui n\u2019avaient pas b\u00e9n\u00e9fici\u00e9 de cette initiative auparavant. Nos \u00e9quipes ont distribu\u00e9 375 pi\u00e8ces de v\u00eatements d\u2019hiver, transformant ainsi les tentes froides en petits espaces de joie temporaire.<\/span><\/span><\/span><\/p>\n<p align=\"LEFT\"><strong><span style=\"color: #000000;\"><span style=\"font-family: Arial, sans-serif;\"><span style=\"font-size: medium;\">Une joie qui d\u00e9fie le froid<\/span><\/span><\/span><\/strong><\/p>\n<p align=\"LEFT\"><span style=\"color: #000000;\"><span style=\"font-family: Arial, sans-serif;\"><span style=\"font-size: medium;\">D\u00e8s l\u2019arriv\u00e9e de nos \u00e9quipes au camp, les enfants les ont accueillies avec des cris de joie et des rires, comme s\u2019ils accueillaient une f\u00eate longtemps attendue. Les yeux brillaient de bonheur et les mains se tendaient avec empressement vers de nouveaux manteaux, comme si elles se tendaient vers la chaleur de la vie elle-m\u00eame.<\/span><\/span><\/span><\/p>\n<p align=\"LEFT\"><span style=\"color: #000000;\"><span style=\"font-family: Arial, sans-serif;\"><span style=\"font-size: medium;\">Quant aux m\u00e8res, leurs sourires se sont m\u00eal\u00e9s aux larmes de gratitude, de joie et de tristesse enfouie \u00e0 la fois. En voyant leurs enfants porter des v\u00eatements neufs qui les prot\u00e8gent du froid des nuits rigoureuses, elles ont senti, ne serait-ce qu\u2019un instant, que la douleur s\u2019all\u00e9geait et que l\u2019espoir restait possible malgr\u00e9 tout. Les p\u00e8res, de leur c\u00f4t\u00e9, ont salu\u00e9 cette initiative qui a cibl\u00e9 leurs enfants et ont remerci\u00e9 nos \u00e9quipes pour la rapidit\u00e9 de la r\u00e9ponse \u00e0 leurs appels, consid\u00e9rant que ce geste humanitaire leur a rendu une part de dignit\u00e9 et de s\u00e9curit\u00e9.<\/span><\/span><\/span><\/p>\n<p align=\"LEFT\"><a href=\"https:\/\/ismfrance.org\/wp-content\/uploads\/2026\/01\/IMG_8937.jpg\"><img loading=\"lazy\" decoding=\"async\" class=\"size-large wp-image-26826 aligncenter\" src=\"https:\/\/ismfrance.org\/wp-content\/uploads\/2026\/01\/IMG_8937-700x394.jpg\" alt=\"\" width=\"600\" height=\"338\" srcset=\"https:\/\/ismfrance.org\/wp-content\/uploads\/2026\/01\/IMG_8937-700x394.jpg 700w, https:\/\/ismfrance.org\/wp-content\/uploads\/2026\/01\/IMG_8937-300x169.jpg 300w, https:\/\/ismfrance.org\/wp-content\/uploads\/2026\/01\/IMG_8937-768x432.jpg 768w, https:\/\/ismfrance.org\/wp-content\/uploads\/2026\/01\/IMG_8937-1536x864.jpg 1536w, https:\/\/ismfrance.org\/wp-content\/uploads\/2026\/01\/IMG_8937.jpg 1600w\" sizes=\"auto, (max-width: 600px) 100vw, 600px\" \/><\/a><\/p>\n<p align=\"LEFT\"><strong><span style=\"color: #000000;\"><span style=\"font-family: Arial, sans-serif;\"><span style=\"font-size: medium;\">Une chaleur qui d\u00e9passe les manteaux<\/span><\/span><\/span><\/strong><\/p>\n<p align=\"LEFT\"><span style=\"color: #000000;\"><span style=\"font-family: Arial, sans-serif;\"><span style=\"font-size: medium;\">L\u2019initiative <strong>Un hiver au chaud<\/strong> a sem\u00e9 l\u2019esprit d\u2019espoir parmi les enfants et a affirm\u00e9 que Gaza n\u2019est pas seule, et qu\u2019il existe encore des c\u0153urs qui battent d\u2019humanit\u00e9. La solidarit\u00e9 avec les enfants et les familles de Gaza, touch\u00e9s par la guerre, n\u2019est pas un choix secondaire, mais un devoir moral et humain. Chaque contribution, aussi modeste soit-elle, dessine un nouvel espoir, diffuse de la chaleur dans les c\u0153urs et renforce les ponts de solidarit\u00e9 entre les peuples.<\/span><\/span><\/span><\/p>\n<p align=\"LEFT\"><strong><span style=\"color: #000000;\"><span style=\"font-family: Arial, sans-serif;\"><span style=\"font-size: medium;\">De l\u2019espoir malgr\u00e9 la douleur<\/span><\/span><\/span><\/strong><\/p>\n<p align=\"LEFT\"><span style=\"color: #000000;\"><span style=\"font-family: Arial, sans-serif;\"><span style=\"font-size: medium;\">Aujourd\u2019hui, nous avons plus que jamais besoin de la continuit\u00e9 de ces initiatives afin d\u2019\u00e9loigner le spectre de la faim, de r\u00e9pandre la chaleur et de ramener le savoir dans un lieu meurtri par les guerres et alourdi par les souffrances. Les enfants de Gaza n\u2019ont pas seulement besoin d\u2019un manteau pour se prot\u00e9ger du froid, mais d\u2019un monde plus juste, d\u2019une conscience humaine vivante et d\u2019une v\u00e9ritable chance de vivre leur enfance comme ils le m\u00e9ritent. En attendant ce jour, chaque initiative humanitaire restera comme une petite bougie, mais capable, lorsqu\u2019elles se multiplient, de dissiper une part de cette longue obscurit\u00e9.\u00a0\u00bb<\/span><\/span><\/span><\/p>\n<p align=\"LEFT\"><em><strong><span style=\"color: #000000;\"><span style=\"font-family: Arial, sans-serif;\"><span style=\"font-size: medium;\">Photos et vid\u00e9os <a href=\"https:\/\/drive.google.com\/drive\/folders\/1sM--rYP2pO4iWShYXMpomvuelF4gMv6Y\">ICI<\/a>.<\/span><\/span><\/span><\/strong><\/em><\/p>\n<hr \/>\n<p align=\"LEFT\"><strong>Retrouvez l\u2019ensemble des t\u00e9moignages d\u2019Abu Amir et Marsel :<\/strong><\/p>\n<pre>*<strong>Abu Amir Mutasem Ele\u00efwa<\/strong> est coordinateur des Projets paysans depuis 2016 au sud de la bande de Gaza et correspondant de l\u2019Union Juive Fran\u00e7aise pour la Paix.\r\n*<strong>Marsel Alledawi<\/strong> est responsable du Centre Ibn Sina du nord de la bande de Gaza, centre qui se consacre au suivi \u00e9ducatif et psychologique de l\u2019enfance.\r\nTous les deux sont soutenus par l\u2019UJFP en France.<\/pre>\n<p><strong>\u00a0<a href=\"https:\/\/ismfrance.org\/index.php\/2026\/01\/02\/temoignages-de-gazaouis-la-survie-qui-sorganise-au-jour-le-jour-dans-lenfer-de-gaza-partie-615-01-01-la-liberte-un-reve-differe-pour-les-habitants-de-ga\/\">Partie 615<\/a>\u00a0: 1er janvier 2026.\u00a0<a href=\"https:\/\/ismfrance.org\/index.php\/2026\/01\/03\/temoignages-de-gazaouis-la-survie-qui-sorganise-au-jour-le-jour-dans-lenfer-de-gaza-partie-616-02-01-leau-contaminee-un-nouveau-risque-mortel\/\">Partie 616<\/a>\u00a0: 2 janvier.\u00a0<a href=\"https:\/\/ismfrance.org\/index.php\/2026\/01\/05\/temoignages-de-gazaouis-la-survie-qui-sorganise-au-jour-le-jour-dans-lenfer-de-gaza-partie-617-04-01-avec-leducation-transformer-la-guerre-en-o\/\">Partie 617<\/a>\u00a0: 4 janvier.\u00a0<a href=\"https:\/\/ismfrance.org\/index.php\/2026\/01\/06\/temoignages-de-gazaouis-la-survie-qui-sorganise-au-jour-le-jour-dans-lenfer-de-gaza-partie-618-05-01-un-plan-israelien-de-demantelement-methodique\/\">Partie 618<\/a>\u00a0: 5 janvier.\u00a0<a href=\"https:\/\/ismfrance.org\/index.php\/2026\/01\/07\/temoignages-de-gazaouis-la-survie-qui-sorganise-au-jour-le-jour-dans-lenfer-de-gaza-partie-619-06-01-continuer-coute-que-coute-a-soutenir-la-population\/\">Partie 619<\/a>\u00a0: 6 janvier.\u00a0<a href=\"https:\/\/ismfrance.org\/index.php\/2026\/01\/08\/temoignages-de-gazaouis-la-survie-qui-sorganise-au-jour-le-jour-dans-lenfer-de-gaza-partie-620-06-01-1-le-discours-cru-du-ministre-de-la-defense-israe\/\">Partie 620<\/a>\u00a0: 6 janvier (1).\u00a0<a href=\"https:\/\/ismfrance.org\/index.php\/2026\/01\/08\/temoignages-de-gazaouis-la-survie-qui-sorganise-au-jour-le-jour-dans-lenfer-de-gaza-partie-621-07-01-comment-le-soutien-psychologique-peut-proteger-de-la\/\">Partie 621<\/a>\u00a0: 7 janvier.\u00a0<a href=\"https:\/\/ismfrance.org\/index.php\/2026\/01\/09\/temoignages-de-gazaouis-la-survie-qui-sorganise-au-jour-le-jour-dans-lenfer-de-gaza-partie-622-08-01-entre-la-tente-et-lattente-redonner-une-c\/\">Partie 622<\/a>\u00a0: 8 janvier.\u00a0<a href=\"https:\/\/ismfrance.org\/index.php\/2026\/01\/10\/26332\/\">Partie 623<\/a>\u00a0: 9 janvier.\u00a0<a href=\"https:\/\/ismfrance.org\/index.php\/2026\/01\/11\/temoignages-de-gazaouis-la-survie-qui-sorganise-au-jour-le-jour-dans-lenfer-de-gaza-partie-624-09-01-1-violations-incessantes-funerailles-permanentes\/\">Partie 624<\/a>\u00a0: 9 janvier (1).\u00a0<a href=\"https:\/\/ismfrance.org\/index.php\/2026\/01\/12\/26396\/\">Partie 625<\/a>\u00a0: 10 janvier.\u00a0<a href=\"https:\/\/ismfrance.org\/index.php\/2026\/01\/12\/temoignages-de-gazaouis-la-survie-qui-sorganise-au-jour-le-jour-dans-lenfer-de-gaza-partie-626-11-01-role-des-centres-educatifs-et-de-lecole\/\">Partie 626<\/a>\u00a0: 11 janvier.\u00a0<a href=\"https:\/\/ismfrance.org\/index.php\/2026\/01\/13\/temoignages-de-gazaouis-la-survie-qui-sorganise-au-jour-le-jour-dans-lenfer-de-gaza-partie-627-13-01-gaza-encore-au-coeur-dune-tempete-meteorolo\/\">Partie 627<\/a>\u00a0: 13 janvier.\u00a0<a href=\"https:\/\/ismfrance.org\/index.php\/2026\/01\/16\/temoignages-de-gazaouis-la-survie-qui-sorganise-au-jour-le-jour-dans-lenfer-de-gaza-partie-628-14-01-une-crise-de-panique-des-interets-europeens\/\">Partie 628<\/a>\u00a0: 14 janvier.\u00a0<a href=\"https:\/\/ismfrance.org\/index.php\/2026\/01\/18\/temoignages-de-gazaouis-la-survie-qui-sorganise-au-jour-le-jour-dans-lenfer-de-gaza-partie-629-17-01-un-atelier-pour-sauver-les-meres-et-leurs-enfants-au\/\">Partie 629<\/a>\u00a0: 17 janvier.\u00a0<a href=\"https:\/\/ismfrance.org\/index.php\/2026\/01\/19\/temoignages-de-gazaouis-la-survie-qui-sorganise-au-jour-le-jour-dans-lenfer-de-gaza-partie-630-18-01-la-deuxieme-phase-du-cessez-le-feu-a-la-reingenier\/\">Partie 630<\/a>\u00a0: 18 janvier.\u00a0<a href=\"https:\/\/ismfrance.org\/index.php\/2026\/01\/20\/temoignages-de-gazaouis-la-survie-qui-sorganise-au-jour-le-jour-dans-lenfer-de-gaza-partie-631-19-01-quand-la-voix-devient-une-patrie\/\">Partie 631<\/a>\u00a0: 19 janvier.\u00a0<a href=\"https:\/\/ismfrance.org\/index.php\/2026\/01\/21\/temoignages-de-gazaouis-la-survie-qui-sorganise-au-jour-le-jour-dans-lenfer-de-gaza-partie-632-19-01-1-les-dechets-accumules-une-bombe-sanitaire-a-ret\/\">Partie 632<\/a>\u00a0: 19 janvier (1).\u00a0<a href=\"https:\/\/ismfrance.org\/index.php\/2026\/01\/22\/temoignages-de-gazaouis-la-survie-qui-sorganise-au-jour-le-jour-dans-lenfer-de-gaza-partie-633-21-01-fabriquer-des-raisons-de-vivre\/\">Partie 633<\/a>\u00a0: 20 janvier.\u00a0<a href=\"https:\/\/ismfrance.org\/index.php\/2026\/01\/23\/26710\/\">Partie 634<\/a>\u00a0: 23 janvier.\u00a0<a href=\"https:\/\/ismfrance.org\/index.php\/2026\/01\/24\/temoignages-de-gazaouis-la-survie-qui-sorganise-au-jour-le-jour-dans-lenfer-de-gaza-partie-635-23-01-1-la-bataille-de-la-survie-dans-les-champs\/\">Partie 635<\/a>\u00a0: 23 janvier (1).\u00a0<a href=\"https:\/\/ismfrance.org\/index.php\/2026\/01\/25\/temoignages-de-gazaouis-la-survie-qui-sorganise-au-jour-le-jour-dans-lenfer-de-gaza-partie-636-24-01-gaza-aux-encheres-politiques-ouvertes\/\">Partie 636<\/a>\u00a0: 24 janvier.\u00a0<a href=\"https:\/\/ismfrance.org\/index.php\/2026\/01\/27\/temoignages-de-gazaouis-la-survie-qui-sorganise-au-jour-le-jour-dans-lenfer-de-gaza-partie-637-26-01-quand-la-vie-devient-un-combat-quotidien-pour-la-dig\/\">Partie 637<\/a> : 26 janvier. <a href=\"https:\/\/ismfrance.org\/index.php\/2026\/01\/28\/temoignages-de-gazaouis-la-survie-qui-sorganise-au-jour-le-jour-dans-lenfer-de-gaza-partie-638-27-01-propagation-dun-virus-respiratoire\/\">Partie 638<\/a> : 27 janvier.<\/strong><\/p>\n<pre class=\"western\"><strong><em><i>* <\/i><\/em><em><a href=\"https:\/\/ismfrance.org\/index.php\/temoignages-gazaouis-survie-enfer-gaza-1\/\" target=\"_blank\" rel=\"noopener\"><i>T\u00e9moignages du 20 novembre 2023 au 5 janvier 2025 (partie 1 \u00e0 268)<\/i><\/a><\/em>\r\n<i>* <\/i><\/strong><strong><a href=\"https:\/\/ismfrance.org\/index.php\/2025\/05\/11\/temoignages-de-gazaouis-la-survie-qui-sorganise-au-jour-le-jour-dans-lenfer-de-gaza-recapitulatif-du-5-janvier-au-9-mai-2025-partie-269-a-392\/\"><i>T\u00e9moignages du 5 janvier au 9 mai 2025 (partie 269 \u00e0 392)<\/i><\/a><\/strong>\r\n<strong><i>*<\/i><\/strong><i> <\/i><strong><a href=\"https:\/\/ismfrance.org\/index.php\/2025\/10\/07\/temoignages-de-gazaouis-la-survie-qui-sorganise-au-jour-le-jour-dans-lenfer-de-gaza-recapitulatif-du-10-mai-au-5-octobre-2025-partie-393-a-540\/\"><i>T\u00e9moignages du 10 mai au 5 octobre 2025 (partie 393 \u00e0 540)<\/i><\/a>\r\n* <em><a href=\"https:\/\/ismfrance.org\/index.php\/2026\/01\/03\/temoignages-de-gazaouis-la-survie-qui-sorganise-au-jour-le-jour-dans-lenfer-de-gaza-recapitulatif-du-6-octobre-au-31-decembre-2025-partie-541-a-614\/\">T\u00e9moignages du 6 octobre au 31 d\u00e9cembre 2025 (partie 541 \u00e0 614)<\/a><\/em><\/strong><\/pre>\n<pre><strong>Pour participer \u00e0 la collecte \"Urgence Guerre \u00e0 Gaza\" : <\/strong><strong><a href=\"https:\/\/www.helloasso.com\/associations\/union-juive-francaise-pour-la-paix\/collectes\/urgence-guerre-a-gaza\">HelloAsso.com<\/a><\/strong>\r\n<strong>Les t\u00e9moignages sont publi\u00e9s sur <\/strong><strong><a href=\"https:\/\/ujfp.org\/\">UJFP<\/a> \/<\/strong><strong>\u00a0<a href=\"https:\/\/altermidi.org\/\">Altermidi<\/a> \/ <a href=\"https:\/\/lepoing.net\/\">Le Poing<\/a><\/strong><\/pre>\n","protected":false},"excerpt":{"rendered":"<p>Brigitte Challande, 29 janvier 2026.&#8211; Le 28 janvier, Abu Amir et les \u00e9quipes de l&rsquo;UJFP ont distribu\u00e9 des v\u00eatements chauds aux enfants des agriculteurs dans le camp d\u2019Al-Rayan \u00e0 Hamad, <a class=\"more-link\" href=\"https:\/\/ismfrance.org\/index.php\/2026\/01\/29\/temoignages-de-gazaouis-la-survie-qui-sorganise-au-jour-le-jour-dans-lenfer-de-gaza-partie-639-28-01-un-hiver-au-chaud-des-manteaux-pour-les-enfants\/\">Lire la suite &rarr;<\/a><\/p>\n","protected":false},"author":3,"featured_media":26825,"comment_status":"closed","ping_status":"closed","sticky":false,"template":"","format":"standard","meta":{"footnotes":""},"categories":[2,13],"tags":[156,46],"class_list":["post-26823","post","type-post","status-publish","format-standard","has-post-thumbnail","hentry","category-articles","category-temoignages","tag-genocide","tag-solidarite"],"yoast_head":"<!-- This site is optimized with the Yoast SEO plugin v27.2 - https:\/\/yoast.com\/product\/yoast-seo-wordpress\/ -->\n<title>T\u00e9moignages de Gazaouis : La survie qui s\u2019organise au jour le jour dans l\u2019enfer de Gaza \u2013 partie 639 \/ 28.01 \u2013\u00a0&quot;Un hiver au chaud&quot;, des manteaux pour les enfants - International Solidarity Movement - ISM-France<\/title>\n<meta name=\"robots\" content=\"index, follow, max-snippet:-1, max-image-preview:large, max-video-preview:-1\" \/>\n<link rel=\"canonical\" href=\"https:\/\/ismfrance.org\/index.php\/2026\/01\/29\/temoignages-de-gazaouis-la-survie-qui-sorganise-au-jour-le-jour-dans-lenfer-de-gaza-partie-639-28-01-un-hiver-au-chaud-des-manteaux-pour-les-enfants\/\" \/>\n<meta property=\"og:locale\" content=\"fr_FR\" \/>\n<meta property=\"og:type\" content=\"article\" \/>\n<meta property=\"og:title\" content=\"T\u00e9moignages de Gazaouis : La survie qui s\u2019organise au jour le jour dans l\u2019enfer de Gaza \u2013 partie 639 \/ 28.01 \u2013\u00a0&quot;Un hiver au chaud&quot;, des manteaux pour les enfants - International Solidarity Movement - ISM-France\" \/>\n<meta property=\"og:description\" content=\"Brigitte Challande, 29 janvier 2026.&#8211; Le 28 janvier, Abu Amir et les \u00e9quipes de l&rsquo;UJFP ont distribu\u00e9 des v\u00eatements chauds aux enfants des agriculteurs dans le camp d\u2019Al-Rayan \u00e0 Hamad, Lire la suite &rarr;\" \/>\n<meta property=\"og:url\" content=\"https:\/\/ismfrance.org\/index.php\/2026\/01\/29\/temoignages-de-gazaouis-la-survie-qui-sorganise-au-jour-le-jour-dans-lenfer-de-gaza-partie-639-28-01-un-hiver-au-chaud-des-manteaux-pour-les-enfants\/\" \/>\n<meta property=\"og:site_name\" content=\"International Solidarity Movement - ISM-France\" \/>\n<meta property=\"article:published_time\" content=\"2026-01-29T15:37:46+00:00\" \/>\n<meta property=\"og:image\" content=\"https:\/\/ismfrance.org\/wp-content\/uploads\/2026\/01\/IMG_8936.jpg\" \/>\n\t<meta property=\"og:image:width\" content=\"1600\" \/>\n\t<meta property=\"og:image:height\" content=\"900\" \/>\n\t<meta property=\"og:image:type\" content=\"image\/jpeg\" \/>\n<meta name=\"author\" content=\"mru_01\" \/>\n<meta name=\"twitter:card\" content=\"summary_large_image\" \/>\n<meta name=\"twitter:creator\" content=\"@ISMFRANCE\" \/>\n<meta name=\"twitter:site\" content=\"@ISMFRANCE\" \/>\n<meta name=\"twitter:label1\" content=\"\u00c9crit par\" \/>\n\t<meta name=\"twitter:data1\" content=\"mru_01\" \/>\n\t<meta name=\"twitter:label2\" content=\"Dur\u00e9e de lecture estim\u00e9e\" \/>\n\t<meta name=\"twitter:data2\" content=\"6 minutes\" \/>\n<script type=\"application\/ld+json\" class=\"yoast-schema-graph\">{\"@context\":\"https:\/\/schema.org\",\"@graph\":[{\"@type\":\"Article\",\"@id\":\"https:\/\/ismfrance.org\/index.php\/2026\/01\/29\/temoignages-de-gazaouis-la-survie-qui-sorganise-au-jour-le-jour-dans-lenfer-de-gaza-partie-639-28-01-un-hiver-au-chaud-des-manteaux-pour-les-enfants\/#article\",\"isPartOf\":{\"@id\":\"https:\/\/ismfrance.org\/index.php\/2026\/01\/29\/temoignages-de-gazaouis-la-survie-qui-sorganise-au-jour-le-jour-dans-lenfer-de-gaza-partie-639-28-01-un-hiver-au-chaud-des-manteaux-pour-les-enfants\/\"},\"author\":{\"name\":\"mru_01\",\"@id\":\"https:\/\/ismfrance.org\/#\/schema\/person\/3c411eb72adfaae19c0dca1f41fae01d\"},\"headline\":\"T\u00e9moignages de Gazaouis : La survie qui s\u2019organise au jour le jour dans l\u2019enfer de Gaza \u2013 partie 639 \/ 28.01 \u2013\u00a0\u00ab\u00a0Un hiver au chaud\u00a0\u00bb, des manteaux pour les enfants\",\"datePublished\":\"2026-01-29T15:37:46+00:00\",\"mainEntityOfPage\":{\"@id\":\"https:\/\/ismfrance.org\/index.php\/2026\/01\/29\/temoignages-de-gazaouis-la-survie-qui-sorganise-au-jour-le-jour-dans-lenfer-de-gaza-partie-639-28-01-un-hiver-au-chaud-des-manteaux-pour-les-enfants\/\"},\"wordCount\":958,\"publisher\":{\"@id\":\"https:\/\/ismfrance.org\/#organization\"},\"image\":{\"@id\":\"https:\/\/ismfrance.org\/index.php\/2026\/01\/29\/temoignages-de-gazaouis-la-survie-qui-sorganise-au-jour-le-jour-dans-lenfer-de-gaza-partie-639-28-01-un-hiver-au-chaud-des-manteaux-pour-les-enfants\/#primaryimage\"},\"thumbnailUrl\":\"https:\/\/ismfrance.org\/wp-content\/uploads\/2026\/01\/IMG_8936.jpg\",\"keywords\":[\"G\u00e9nocide\",\"solidarit\u00e9\"],\"articleSection\":[\"Articles\",\"T\u00e9moignages\"],\"inLanguage\":\"fr-FR\"},{\"@type\":\"WebPage\",\"@id\":\"https:\/\/ismfrance.org\/index.php\/2026\/01\/29\/temoignages-de-gazaouis-la-survie-qui-sorganise-au-jour-le-jour-dans-lenfer-de-gaza-partie-639-28-01-un-hiver-au-chaud-des-manteaux-pour-les-enfants\/\",\"url\":\"https:\/\/ismfrance.org\/index.php\/2026\/01\/29\/temoignages-de-gazaouis-la-survie-qui-sorganise-au-jour-le-jour-dans-lenfer-de-gaza-partie-639-28-01-un-hiver-au-chaud-des-manteaux-pour-les-enfants\/\",\"name\":\"T\u00e9moignages de Gazaouis : La survie qui s\u2019organise au jour le jour dans l\u2019enfer de Gaza \u2013 partie 639 \/ 28.01 \u2013\u00a0\\\"Un hiver au chaud\\\", des manteaux pour les enfants - International Solidarity Movement - ISM-France\",\"isPartOf\":{\"@id\":\"https:\/\/ismfrance.org\/#website\"},\"primaryImageOfPage\":{\"@id\":\"https:\/\/ismfrance.org\/index.php\/2026\/01\/29\/temoignages-de-gazaouis-la-survie-qui-sorganise-au-jour-le-jour-dans-lenfer-de-gaza-partie-639-28-01-un-hiver-au-chaud-des-manteaux-pour-les-enfants\/#primaryimage\"},\"image\":{\"@id\":\"https:\/\/ismfrance.org\/index.php\/2026\/01\/29\/temoignages-de-gazaouis-la-survie-qui-sorganise-au-jour-le-jour-dans-lenfer-de-gaza-partie-639-28-01-un-hiver-au-chaud-des-manteaux-pour-les-enfants\/#primaryimage\"},\"thumbnailUrl\":\"https:\/\/ismfrance.org\/wp-content\/uploads\/2026\/01\/IMG_8936.jpg\",\"datePublished\":\"2026-01-29T15:37:46+00:00\",\"breadcrumb\":{\"@id\":\"https:\/\/ismfrance.org\/index.php\/2026\/01\/29\/temoignages-de-gazaouis-la-survie-qui-sorganise-au-jour-le-jour-dans-lenfer-de-gaza-partie-639-28-01-un-hiver-au-chaud-des-manteaux-pour-les-enfants\/#breadcrumb\"},\"inLanguage\":\"fr-FR\",\"potentialAction\":[{\"@type\":\"ReadAction\",\"target\":[\"https:\/\/ismfrance.org\/index.php\/2026\/01\/29\/temoignages-de-gazaouis-la-survie-qui-sorganise-au-jour-le-jour-dans-lenfer-de-gaza-partie-639-28-01-un-hiver-au-chaud-des-manteaux-pour-les-enfants\/\"]}]},{\"@type\":\"ImageObject\",\"inLanguage\":\"fr-FR\",\"@id\":\"https:\/\/ismfrance.org\/index.php\/2026\/01\/29\/temoignages-de-gazaouis-la-survie-qui-sorganise-au-jour-le-jour-dans-lenfer-de-gaza-partie-639-28-01-un-hiver-au-chaud-des-manteaux-pour-les-enfants\/#primaryimage\",\"url\":\"https:\/\/ismfrance.org\/wp-content\/uploads\/2026\/01\/IMG_8936.jpg\",\"contentUrl\":\"https:\/\/ismfrance.org\/wp-content\/uploads\/2026\/01\/IMG_8936.jpg\",\"width\":1600,\"height\":900},{\"@type\":\"BreadcrumbList\",\"@id\":\"https:\/\/ismfrance.org\/index.php\/2026\/01\/29\/temoignages-de-gazaouis-la-survie-qui-sorganise-au-jour-le-jour-dans-lenfer-de-gaza-partie-639-28-01-un-hiver-au-chaud-des-manteaux-pour-les-enfants\/#breadcrumb\",\"itemListElement\":[{\"@type\":\"ListItem\",\"position\":1,\"name\":\"Accueil\",\"item\":\"https:\/\/ismfrance.org\/\"},{\"@type\":\"ListItem\",\"position\":2,\"name\":\"T\u00e9moignages de Gazaouis : La survie qui s\u2019organise au jour le jour dans l\u2019enfer de Gaza \u2013 partie 639 \/ 28.01 \u2013\u00a0\u00ab\u00a0Un hiver au chaud\u00a0\u00bb, des manteaux pour les enfants\"}]},{\"@type\":\"WebSite\",\"@id\":\"https:\/\/ismfrance.org\/#website\",\"url\":\"https:\/\/ismfrance.org\/\",\"name\":\"ISM Palestine France\",\"description\":\"Soutien aux luttes de lib\u00e9ration du peuple palestinien\",\"publisher\":{\"@id\":\"https:\/\/ismfrance.org\/#organization\"},\"potentialAction\":[{\"@type\":\"SearchAction\",\"target\":{\"@type\":\"EntryPoint\",\"urlTemplate\":\"https:\/\/ismfrance.org\/?s={search_term_string}\"},\"query-input\":{\"@type\":\"PropertyValueSpecification\",\"valueRequired\":true,\"valueName\":\"search_term_string\"}}],\"inLanguage\":\"fr-FR\"},{\"@type\":\"Organization\",\"@id\":\"https:\/\/ismfrance.org\/#organization\",\"name\":\"International Solidarity Movement\",\"url\":\"https:\/\/ismfrance.org\/\",\"logo\":{\"@type\":\"ImageObject\",\"inLanguage\":\"fr-FR\",\"@id\":\"https:\/\/ismfrance.org\/#\/schema\/logo\/image\/\",\"url\":\"https:\/\/ismfrance.org\/wp-content\/uploads\/2020\/12\/00.png\",\"contentUrl\":\"https:\/\/ismfrance.org\/wp-content\/uploads\/2020\/12\/00.png\",\"width\":400,\"height\":400,\"caption\":\"International Solidarity Movement\"},\"image\":{\"@id\":\"https:\/\/ismfrance.org\/#\/schema\/logo\/image\/\"},\"sameAs\":[\"https:\/\/x.com\/ISMFRANCE\"]},{\"@type\":\"Person\",\"@id\":\"https:\/\/ismfrance.org\/#\/schema\/person\/3c411eb72adfaae19c0dca1f41fae01d\",\"name\":\"mru_01\",\"image\":{\"@type\":\"ImageObject\",\"inLanguage\":\"fr-FR\",\"@id\":\"https:\/\/secure.gravatar.com\/avatar\/3a0be343b445d2ccc79e87444a294fad2b232e90d2051d0e3cc219e1ecd6a330?s=96&d=mm&r=g\",\"url\":\"https:\/\/secure.gravatar.com\/avatar\/3a0be343b445d2ccc79e87444a294fad2b232e90d2051d0e3cc219e1ecd6a330?s=96&d=mm&r=g\",\"contentUrl\":\"https:\/\/secure.gravatar.com\/avatar\/3a0be343b445d2ccc79e87444a294fad2b232e90d2051d0e3cc219e1ecd6a330?s=96&d=mm&r=g\",\"caption\":\"mru_01\"},\"url\":\"https:\/\/ismfrance.org\/index.php\/author\/admin02\/\"}]}<\/script>\n<!-- \/ Yoast SEO plugin. -->","yoast_head_json":{"title":"T\u00e9moignages de Gazaouis : La survie qui s\u2019organise au jour le jour dans l\u2019enfer de Gaza \u2013 partie 639 \/ 28.01 \u2013\u00a0\"Un hiver au chaud\", des manteaux pour les enfants - International Solidarity Movement - ISM-France","robots":{"index":"index","follow":"follow","max-snippet":"max-snippet:-1","max-image-preview":"max-image-preview:large","max-video-preview":"max-video-preview:-1"},"canonical":"https:\/\/ismfrance.org\/index.php\/2026\/01\/29\/temoignages-de-gazaouis-la-survie-qui-sorganise-au-jour-le-jour-dans-lenfer-de-gaza-partie-639-28-01-un-hiver-au-chaud-des-manteaux-pour-les-enfants\/","og_locale":"fr_FR","og_type":"article","og_title":"T\u00e9moignages de Gazaouis : La survie qui s\u2019organise au jour le jour dans l\u2019enfer de Gaza \u2013 partie 639 \/ 28.01 \u2013\u00a0\"Un hiver au chaud\", des manteaux pour les enfants - International Solidarity Movement - ISM-France","og_description":"Brigitte Challande, 29 janvier 2026.&#8211; Le 28 janvier, Abu Amir et les \u00e9quipes de l&rsquo;UJFP ont distribu\u00e9 des v\u00eatements chauds aux enfants des agriculteurs dans le camp d\u2019Al-Rayan \u00e0 Hamad, Lire la suite &rarr;","og_url":"https:\/\/ismfrance.org\/index.php\/2026\/01\/29\/temoignages-de-gazaouis-la-survie-qui-sorganise-au-jour-le-jour-dans-lenfer-de-gaza-partie-639-28-01-un-hiver-au-chaud-des-manteaux-pour-les-enfants\/","og_site_name":"International Solidarity Movement - ISM-France","article_published_time":"2026-01-29T15:37:46+00:00","og_image":[{"width":1600,"height":900,"url":"https:\/\/ismfrance.org\/wp-content\/uploads\/2026\/01\/IMG_8936.jpg","type":"image\/jpeg"}],"author":"mru_01","twitter_card":"summary_large_image","twitter_creator":"@ISMFRANCE","twitter_site":"@ISMFRANCE","twitter_misc":{"\u00c9crit par":"mru_01","Dur\u00e9e de lecture estim\u00e9e":"6 minutes"},"schema":{"@context":"https:\/\/schema.org","@graph":[{"@type":"Article","@id":"https:\/\/ismfrance.org\/index.php\/2026\/01\/29\/temoignages-de-gazaouis-la-survie-qui-sorganise-au-jour-le-jour-dans-lenfer-de-gaza-partie-639-28-01-un-hiver-au-chaud-des-manteaux-pour-les-enfants\/#article","isPartOf":{"@id":"https:\/\/ismfrance.org\/index.php\/2026\/01\/29\/temoignages-de-gazaouis-la-survie-qui-sorganise-au-jour-le-jour-dans-lenfer-de-gaza-partie-639-28-01-un-hiver-au-chaud-des-manteaux-pour-les-enfants\/"},"author":{"name":"mru_01","@id":"https:\/\/ismfrance.org\/#\/schema\/person\/3c411eb72adfaae19c0dca1f41fae01d"},"headline":"T\u00e9moignages de Gazaouis : La survie qui s\u2019organise au jour le jour dans l\u2019enfer de Gaza \u2013 partie 639 \/ 28.01 \u2013\u00a0\u00ab\u00a0Un hiver au chaud\u00a0\u00bb, des manteaux pour les enfants","datePublished":"2026-01-29T15:37:46+00:00","mainEntityOfPage":{"@id":"https:\/\/ismfrance.org\/index.php\/2026\/01\/29\/temoignages-de-gazaouis-la-survie-qui-sorganise-au-jour-le-jour-dans-lenfer-de-gaza-partie-639-28-01-un-hiver-au-chaud-des-manteaux-pour-les-enfants\/"},"wordCount":958,"publisher":{"@id":"https:\/\/ismfrance.org\/#organization"},"image":{"@id":"https:\/\/ismfrance.org\/index.php\/2026\/01\/29\/temoignages-de-gazaouis-la-survie-qui-sorganise-au-jour-le-jour-dans-lenfer-de-gaza-partie-639-28-01-un-hiver-au-chaud-des-manteaux-pour-les-enfants\/#primaryimage"},"thumbnailUrl":"https:\/\/ismfrance.org\/wp-content\/uploads\/2026\/01\/IMG_8936.jpg","keywords":["G\u00e9nocide","solidarit\u00e9"],"articleSection":["Articles","T\u00e9moignages"],"inLanguage":"fr-FR"},{"@type":"WebPage","@id":"https:\/\/ismfrance.org\/index.php\/2026\/01\/29\/temoignages-de-gazaouis-la-survie-qui-sorganise-au-jour-le-jour-dans-lenfer-de-gaza-partie-639-28-01-un-hiver-au-chaud-des-manteaux-pour-les-enfants\/","url":"https:\/\/ismfrance.org\/index.php\/2026\/01\/29\/temoignages-de-gazaouis-la-survie-qui-sorganise-au-jour-le-jour-dans-lenfer-de-gaza-partie-639-28-01-un-hiver-au-chaud-des-manteaux-pour-les-enfants\/","name":"T\u00e9moignages de Gazaouis : La survie qui s\u2019organise au jour le jour dans l\u2019enfer de Gaza \u2013 partie 639 \/ 28.01 \u2013\u00a0\"Un hiver au chaud\", des manteaux pour les enfants - International Solidarity Movement - ISM-France","isPartOf":{"@id":"https:\/\/ismfrance.org\/#website"},"primaryImageOfPage":{"@id":"https:\/\/ismfrance.org\/index.php\/2026\/01\/29\/temoignages-de-gazaouis-la-survie-qui-sorganise-au-jour-le-jour-dans-lenfer-de-gaza-partie-639-28-01-un-hiver-au-chaud-des-manteaux-pour-les-enfants\/#primaryimage"},"image":{"@id":"https:\/\/ismfrance.org\/index.php\/2026\/01\/29\/temoignages-de-gazaouis-la-survie-qui-sorganise-au-jour-le-jour-dans-lenfer-de-gaza-partie-639-28-01-un-hiver-au-chaud-des-manteaux-pour-les-enfants\/#primaryimage"},"thumbnailUrl":"https:\/\/ismfrance.org\/wp-content\/uploads\/2026\/01\/IMG_8936.jpg","datePublished":"2026-01-29T15:37:46+00:00","breadcrumb":{"@id":"https:\/\/ismfrance.org\/index.php\/2026\/01\/29\/temoignages-de-gazaouis-la-survie-qui-sorganise-au-jour-le-jour-dans-lenfer-de-gaza-partie-639-28-01-un-hiver-au-chaud-des-manteaux-pour-les-enfants\/#breadcrumb"},"inLanguage":"fr-FR","potentialAction":[{"@type":"ReadAction","target":["https:\/\/ismfrance.org\/index.php\/2026\/01\/29\/temoignages-de-gazaouis-la-survie-qui-sorganise-au-jour-le-jour-dans-lenfer-de-gaza-partie-639-28-01-un-hiver-au-chaud-des-manteaux-pour-les-enfants\/"]}]},{"@type":"ImageObject","inLanguage":"fr-FR","@id":"https:\/\/ismfrance.org\/index.php\/2026\/01\/29\/temoignages-de-gazaouis-la-survie-qui-sorganise-au-jour-le-jour-dans-lenfer-de-gaza-partie-639-28-01-un-hiver-au-chaud-des-manteaux-pour-les-enfants\/#primaryimage","url":"https:\/\/ismfrance.org\/wp-content\/uploads\/2026\/01\/IMG_8936.jpg","contentUrl":"https:\/\/ismfrance.org\/wp-content\/uploads\/2026\/01\/IMG_8936.jpg","width":1600,"height":900},{"@type":"BreadcrumbList","@id":"https:\/\/ismfrance.org\/index.php\/2026\/01\/29\/temoignages-de-gazaouis-la-survie-qui-sorganise-au-jour-le-jour-dans-lenfer-de-gaza-partie-639-28-01-un-hiver-au-chaud-des-manteaux-pour-les-enfants\/#breadcrumb","itemListElement":[{"@type":"ListItem","position":1,"name":"Accueil","item":"https:\/\/ismfrance.org\/"},{"@type":"ListItem","position":2,"name":"T\u00e9moignages de Gazaouis : La survie qui s\u2019organise au jour le jour dans l\u2019enfer de Gaza \u2013 partie 639 \/ 28.01 \u2013\u00a0\u00ab\u00a0Un hiver au chaud\u00a0\u00bb, des manteaux pour les enfants"}]},{"@type":"WebSite","@id":"https:\/\/ismfrance.org\/#website","url":"https:\/\/ismfrance.org\/","name":"ISM Palestine France","description":"Soutien aux luttes de lib\u00e9ration du peuple palestinien","publisher":{"@id":"https:\/\/ismfrance.org\/#organization"},"potentialAction":[{"@type":"SearchAction","target":{"@type":"EntryPoint","urlTemplate":"https:\/\/ismfrance.org\/?s={search_term_string}"},"query-input":{"@type":"PropertyValueSpecification","valueRequired":true,"valueName":"search_term_string"}}],"inLanguage":"fr-FR"},{"@type":"Organization","@id":"https:\/\/ismfrance.org\/#organization","name":"International Solidarity Movement","url":"https:\/\/ismfrance.org\/","logo":{"@type":"ImageObject","inLanguage":"fr-FR","@id":"https:\/\/ismfrance.org\/#\/schema\/logo\/image\/","url":"https:\/\/ismfrance.org\/wp-content\/uploads\/2020\/12\/00.png","contentUrl":"https:\/\/ismfrance.org\/wp-content\/uploads\/2020\/12\/00.png","width":400,"height":400,"caption":"International Solidarity Movement"},"image":{"@id":"https:\/\/ismfrance.org\/#\/schema\/logo\/image\/"},"sameAs":["https:\/\/x.com\/ISMFRANCE"]},{"@type":"Person","@id":"https:\/\/ismfrance.org\/#\/schema\/person\/3c411eb72adfaae19c0dca1f41fae01d","name":"mru_01","image":{"@type":"ImageObject","inLanguage":"fr-FR","@id":"https:\/\/secure.gravatar.com\/avatar\/3a0be343b445d2ccc79e87444a294fad2b232e90d2051d0e3cc219e1ecd6a330?s=96&d=mm&r=g","url":"https:\/\/secure.gravatar.com\/avatar\/3a0be343b445d2ccc79e87444a294fad2b232e90d2051d0e3cc219e1ecd6a330?s=96&d=mm&r=g","contentUrl":"https:\/\/secure.gravatar.com\/avatar\/3a0be343b445d2ccc79e87444a294fad2b232e90d2051d0e3cc219e1ecd6a330?s=96&d=mm&r=g","caption":"mru_01"},"url":"https:\/\/ismfrance.org\/index.php\/author\/admin02\/"}]}},"_links":{"self":[{"href":"https:\/\/ismfrance.org\/index.php\/wp-json\/wp\/v2\/posts\/26823","targetHints":{"allow":["GET"]}}],"collection":[{"href":"https:\/\/ismfrance.org\/index.php\/wp-json\/wp\/v2\/posts"}],"about":[{"href":"https:\/\/ismfrance.org\/index.php\/wp-json\/wp\/v2\/types\/post"}],"author":[{"embeddable":true,"href":"https:\/\/ismfrance.org\/index.php\/wp-json\/wp\/v2\/users\/3"}],"replies":[{"embeddable":true,"href":"https:\/\/ismfrance.org\/index.php\/wp-json\/wp\/v2\/comments?post=26823"}],"version-history":[{"count":1,"href":"https:\/\/ismfrance.org\/index.php\/wp-json\/wp\/v2\/posts\/26823\/revisions"}],"predecessor-version":[{"id":26827,"href":"https:\/\/ismfrance.org\/index.php\/wp-json\/wp\/v2\/posts\/26823\/revisions\/26827"}],"wp:featuredmedia":[{"embeddable":true,"href":"https:\/\/ismfrance.org\/index.php\/wp-json\/wp\/v2\/media\/26825"}],"wp:attachment":[{"href":"https:\/\/ismfrance.org\/index.php\/wp-json\/wp\/v2\/media?parent=26823"}],"wp:term":[{"taxonomy":"category","embeddable":true,"href":"https:\/\/ismfrance.org\/index.php\/wp-json\/wp\/v2\/categories?post=26823"},{"taxonomy":"post_tag","embeddable":true,"href":"https:\/\/ismfrance.org\/index.php\/wp-json\/wp\/v2\/tags?post=26823"}],"curies":[{"name":"wp","href":"https:\/\/api.w.org\/{rel}","templated":true}]}}