{"id":26808,"date":"2026-01-28T17:29:49","date_gmt":"2026-01-28T16:29:49","guid":{"rendered":"https:\/\/ismfrance.org\/?p=26808"},"modified":"2026-01-28T17:29:49","modified_gmt":"2026-01-28T16:29:49","slug":"temoignages-de-gazaouis-la-survie-qui-sorganise-au-jour-le-jour-dans-lenfer-de-gaza-partie-638-27-01-propagation-dun-virus-respiratoire","status":"publish","type":"post","link":"https:\/\/ismfrance.org\/index.php\/2026\/01\/28\/temoignages-de-gazaouis-la-survie-qui-sorganise-au-jour-le-jour-dans-lenfer-de-gaza-partie-638-27-01-propagation-dun-virus-respiratoire\/","title":{"rendered":"T\u00e9moignages de Gazaouis : La survie qui s\u2019organise au jour le jour dans l\u2019enfer de Gaza \u2013 partie 638 \/ 27.01 \u2013\u00a0Propagation d\u2019un virus respiratoire"},"content":{"rendered":"<p align=\"LEFT\"><span style=\"color: #000000;\"><span style=\"font-family: Arial, sans-serif;\"><span style=\"font-size: medium;\"><strong>Brigitte Challande, 28 janvier 2026.<\/strong>&#8211; Un article du 27 janvier o\u00f9 Abu Amir d\u00e9crit une r\u00e9cente aggravation de la crise sanitaire : d\u00e9veloppement d\u2019infections transmissibles d\u00fbes aux conditions de vie.<\/span><\/span><\/span><\/p>\n<p align=\"LEFT\"><span style=\"color: #000000;\"><span style=\"font-family: Arial, sans-serif;\"><span style=\"font-size: medium;\">\u00ab La ville de Gaza traverse l\u2019une des p\u00e9riodes les plus dures de son histoire r\u00e9cente, alors que les trag\u00e9dies humanitaires s\u2019accumulent sur les \u00e9paules d\u2019une population d\u00e9j\u00e0 \u00e9puis\u00e9e par la guerre, le d\u00e9placement forc\u00e9, la pauvret\u00e9 et la perte des conditions de vie les plus \u00e9l\u00e9mentaires. Au c\u0153ur de cette r\u00e9alit\u00e9 lourde, un nouveau virus respiratoire est apparu, ajoutant une couche suppl\u00e9mentaire de douleur et transformant la maladie en une menace quotidienne qui frappe les familles sans pr\u00e9venir.<\/span><\/span><\/span><\/p>\n<p align=\"LEFT\"><a href=\"https:\/\/ismfrance.org\/wp-content\/uploads\/2026\/01\/G-90-c5W4AAAgLP.jpg\"><img loading=\"lazy\" decoding=\"async\" class=\"size-large wp-image-26811 aligncenter\" src=\"https:\/\/ismfrance.org\/wp-content\/uploads\/2026\/01\/G-90-c5W4AAAgLP-700x466.jpg\" alt=\"\" width=\"600\" height=\"399\" srcset=\"https:\/\/ismfrance.org\/wp-content\/uploads\/2026\/01\/G-90-c5W4AAAgLP-700x466.jpg 700w, https:\/\/ismfrance.org\/wp-content\/uploads\/2026\/01\/G-90-c5W4AAAgLP-300x200.jpg 300w, https:\/\/ismfrance.org\/wp-content\/uploads\/2026\/01\/G-90-c5W4AAAgLP-768x512.jpg 768w, https:\/\/ismfrance.org\/wp-content\/uploads\/2026\/01\/G-90-c5W4AAAgLP.jpg 1280w\" sizes=\"auto, (max-width: 600px) 100vw, 600px\" \/><\/a><span style=\"color: #000000;\"><span style=\"font-family: Arial, sans-serif;\"><span style=\"font-size: medium;\">L\u2019obligation pour des dizaines de milliers de citoyens de vivre dans des camps et des tentes d\u00e9pourvus des normes minimales de sant\u00e9 publique \u2014 dans un contexte de surpeuplement, de mauvaise ventilation et d\u2019absence d\u2019hygi\u00e8ne et d\u2019intimit\u00e9 \u2014 ces environnements fragiles sont devenus un terrain propice \u00e0 la propagation rapide de l\u2019infection. Les familles entass\u00e9es dans des espaces restreints, les enfants dormant les uns contre les autres et les personnes \u00e2g\u00e9es priv\u00e9es d\u2019un cadre de vie sain et s\u00e9curis\u00e9 sont tous davantage expos\u00e9s au risque de contamination. Ainsi, le virus frappe des familles enti\u00e8res et approfondit la plaie humanitaire ouverte dans la bande de Gaza.<\/span><\/span><\/span><\/p>\n<p align=\"LEFT\"><span style=\"color: #000000;\"><span style=\"font-family: Arial, sans-serif;\"><span style=\"font-size: medium;\">La gravit\u00e9 de cette situation sanitaire est encore renforc\u00e9e par la propagation de la malnutrition chez les enfants et les femmes enceintes, en raison de la p\u00e9nurie aigu\u00eb d\u2019une alimentation \u00e9quilibr\u00e9e et de la difficult\u00e9 \u00e0 assurer des repas de base. De nombreux enfants souffrent d\u2019insuffisance pond\u00e9rale et d\u2019un affaiblissement du syst\u00e8me immunitaire, ce qui rend leur organisme moins apte \u00e0 r\u00e9sister au virus et plus vuln\u00e9rable \u00e0 une d\u00e9gradation rapide de leur \u00e9tat de sant\u00e9. Quant aux femmes enceintes, elles font face \u00e0 un double danger : l\u2019\u00e9puisement physique caus\u00e9 par la maladie et la faiblesse nutritionnelle, qui menacent la sant\u00e9 de la m\u00e8re et le d\u00e9veloppement du f\u0153tus, et augmentent le risque de complications graves.<\/span><\/span><\/span><\/p>\n<p align=\"LEFT\"><strong><span style=\"color: #000000;\"><span style=\"font-family: Arial, sans-serif;\"><span style=\"font-size: medium;\">Des sympt\u00f4mes s\u00e9v\u00e8res qui \u00e9puisent le corps et clouent les malades au lit<\/span><\/span><\/span><\/strong><\/p>\n<p align=\"LEFT\"><span style=\"color: #000000;\"><span style=\"font-family: Arial, sans-serif;\"><span style=\"font-size: medium;\">Les personnes infect\u00e9es souffrent de sympt\u00f4mes intenses et soudains, qui commencent g\u00e9n\u00e9ralement par une forte fi\u00e8vre accompagn\u00e9e de maux de t\u00eate s\u00e9v\u00e8res, de douleurs musculaires, articulaires et oculaires, ainsi que d\u2019une sensation g\u00e9n\u00e9rale de fatigue et d\u2019\u00e9puisement. De nombreux patients d\u00e9crivent cette affection comme plus grave que les rhumes ordinaires, car elle prive la personne atteinte de la capacit\u00e9 d\u2019accomplir ses activit\u00e9s quotidiennes et l\u2019oblige \u00e0 rester alit\u00e9e pendant plusieurs jours en raison de l\u2019intensit\u00e9 de la fatigue et de la faiblesse corporelle. Les sympt\u00f4mes incluent \u00e9galement une congestion nasale, un \u00e9coulement abondant, une inflammation de la gorge, une toux persistante et, dans certains cas, des difficult\u00e9s respiratoires, en particulier chez les personnes \u00e2g\u00e9es et celles souffrant de maladies pulmonaires ou d\u2019un affaiblissement immunitaire. Certains patients pr\u00e9sentent aussi des troubles de l\u2019app\u00e9tit et du sommeil, ce qui accentue l\u2019\u00e9tat de faiblesse g\u00e9n\u00e9rale et ralentit le processus de gu\u00e9rison.<\/span><\/span><\/span><\/p>\n<p align=\"LEFT\"><strong><span style=\"color: #000000;\"><span style=\"font-family: Arial, sans-serif;\"><span style=\"font-size: medium;\">Une transmission rapide au sein des familles et des rassemblements<\/span><\/span><\/span><\/strong><\/p>\n<p align=\"LEFT\"><span style=\"color: #000000;\"><span style=\"font-family: Arial, sans-serif;\"><span style=\"font-size: medium;\">Ce virus se caract\u00e9rise par sa propagation rapide entre les membres d\u2019une m\u00eame famille, o\u00f9 plusieurs personnes sont souvent infect\u00e9es en l\u2019espace de quelques jours. Les conditions de surpeuplement, notamment dans les tentes et les centres d\u2019h\u00e9bergement, favorisent la transmission de l\u2019infection par les gouttelettes respiratoires et les contacts directs, transformant ainsi la maladie d\u2019un cas individuel en une contamination collective au sein d\u2019une m\u00eame famille ou entre voisins. Dans de nombreux cas, les enfants sont infect\u00e9s en premier, puis l\u2019infection se transmet au reste de la famille, ou inversement, ce qui rend le contr\u00f4le de la propagation au sein des foyers extr\u00eamement difficile. Cette r\u00e9alit\u00e9 cr\u00e9e un climat d\u2019anxi\u00e9t\u00e9 permanent chez les parents, inquiets pour les personnes \u00e2g\u00e9es et les malades chroniques, de peur que les sympt\u00f4mes n\u2019\u00e9voluent vers des complications graves.<\/span><\/span><\/span><\/p>\n<p align=\"LEFT\"><strong><span style=\"color: #000000;\"><span style=\"font-family: Arial, sans-serif;\"><span style=\"font-size: medium;\">Des h\u00f4pitaux satur\u00e9s et incapables d\u2019absorber l\u2019augmentation des cas<\/span><\/span><\/span><\/strong><\/p>\n<p align=\"LEFT\"><span style=\"color: #000000;\"><span style=\"font-family: Arial, sans-serif;\"><span style=\"font-size: medium;\">Parall\u00e8lement \u00e0 la large propagation du virus, les h\u00f4pitaux de Gaza connaissent une situation de saturation extr\u00eame en raison de l\u2019afflux quotidien continu de patients pr\u00e9sentant des sympt\u00f4mes s\u00e9v\u00e8res. Les services d\u2019urgence sont bond\u00e9s, et les lits dans les services d\u2019hospitalisation sont devenus insuffisants par rapport au nombre de cas n\u00e9cessitant un suivi m\u00e9dical ; une pression \u00e9norme sur le personnel soignant, un retard de la prise en charge de certains patients.<\/span><\/span><\/span><\/p>\n<p align=\"LEFT\"><span style=\"color: #000000;\"><span style=\"font-family: Arial, sans-serif;\"><span style=\"font-size: medium;\">Baucoup depatients sont contraints d\u2019attendre de longues heures pour un examen ou un traitement. Certaines familles sont m\u00eame oblig\u00e9es de retourner dans leurs tentes avec leurs malades sans am\u00e9lioration notable, faute de places disponibles pour accueillir tout le monde. Avec l\u2019augmentation quotidienne du nombre de cas, les h\u00f4pitaux se transforment en espaces satur\u00e9s de douleur, d\u2019inqui\u00e9tude et de peur, illustrant la profondeur de la crise sanitaire que traverse la r\u00e9gion.<\/span><\/span><\/span><\/p>\n<p align=\"LEFT\"><strong><span style=\"color: #000000;\"><span style=\"font-family: Arial, sans-serif;\"><span style=\"font-size: medium;\">Un impact particulier sur les groupes les plus vuln\u00e9rables<\/span><\/span><\/span><\/strong><\/p>\n<p align=\"LEFT\"><span style=\"color: #000000;\"><span style=\"font-family: Arial, sans-serif;\"><span style=\"font-size: medium;\">Le virus repr\u00e9sente un danger accru pour les nourrissons, les personnes \u00e2g\u00e9es, les femmes enceintes et les patients atteints de maladies cardiaques, de diab\u00e8te ou de pathologies respiratoires. Ces groupes souffrent g\u00e9n\u00e9ralement de sympt\u00f4mes plus graves, et leur \u00e9tat peut rapidement \u00e9voluer vers des complications telles que des infections pulmonaires s\u00e9v\u00e8res ou une baisse du taux d\u2019oxyg\u00e8ne dans le sang, n\u00e9cessitant une surveillance m\u00e9dicale \u00e9troite. Les femmes enceintes font face \u00e0 des d\u00e9fis sanitaires suppl\u00e9mentaires, car la fi\u00e8vre \u00e9lev\u00e9e et l\u2019\u00e9puisement intense peuvent entra\u00eener des risques potentiels pour la sant\u00e9 de la m\u00e8re et du f\u0153tus, et accro\u00eetre le stress psychologique ainsi que la peur d\u2019une d\u00e9t\u00e9rioration soudaine de l\u2019\u00e9tat de sant\u00e9.<\/span><\/span><\/span><\/p>\n<p align=\"LEFT\"><strong><span style=\"color: #000000;\"><span style=\"font-family: Arial, sans-serif;\"><span style=\"font-size: medium;\">Des r\u00e9percussions psychologiques et sociales accumul\u00e9es<\/span><\/span><\/span><\/strong><\/p>\n<p align=\"LEFT\"><span style=\"color: #000000;\"><span style=\"font-family: Arial, sans-serif;\"><span style=\"font-size: medium;\">L\u2019impact de la maladie ne se limite pas \u00e0 l\u2019aspect physique, mais s\u2019\u00e9tend \u00e9galement \u00e0 la sant\u00e9 mentale et sociale. La propagation de l\u2019infection au sein des familles engendre un \u00e9tat d\u2019anxi\u00e9t\u00e9 permanente, notamment en raison de la r\u00e9p\u00e9tition des contaminations dans un m\u00eame foyer et du sentiment d\u2019impuissance \u00e0 prot\u00e9ger les enfants et les personnes \u00e2g\u00e9es. La dur\u00e9e prolong\u00e9e de la fatigue et de l\u2019\u00e9puisement perturbe la vie quotidienne et r\u00e9duit la capacit\u00e9 \u00e0 travailler ou \u00e0 subvenir aux besoins essentiels, ce qui accentue la pression psychologique sur les familles. Les enfants sont particuli\u00e8rement affect\u00e9s, car beaucoup d\u2019entre eux sont contraints de rester dans des espaces ferm\u00e9s pendant de longues p\u00e9riodes en raison de la fatigue ou de la peur de l\u2019infection, ce qui a un impact n\u00e9gatif sur leur \u00e9tat psychologique et leur comportement quotidien.<\/span><\/span><\/span><\/p>\n<p align=\"LEFT\"><strong><span style=\"color: #000000;\"><span style=\"font-family: Arial, sans-serif;\"><span style=\"font-size: medium;\">Une maladie devenue un fardeau quotidien pour la soci\u00e9t\u00e9<\/span><\/span><\/span><\/strong><\/p>\n<p align=\"LEFT\"><span style=\"color: #000000;\"><span style=\"font-family: Arial, sans-serif;\"><span style=\"font-size: medium;\">Avec la poursuite de la propagation du virus et l\u2019\u00e9largissement de la zone des infections, la maladie est devenue une composante du quotidien \u00e0 Gaza, au point qu\u2019il est rare de trouver une famille sans un ou plusieurs cas. Cette large diffusion transforme le virus d\u2019un probl\u00e8me de sant\u00e9 individuel en une crise communautaire qui affecte le mode de vie g\u00e9n\u00e9ral et accro\u00eet la fragilit\u00e9 de la situation sanitaire d\u2019une population d\u00e9j\u00e0 confront\u00e9e \u00e0 des conditions de vie extr\u00eamement difficiles. Dans l\u2019incapacit\u00e9 de contenir efficacement l\u2019infection, le risque d\u2019aggravation des cas demeure \u00e9lev\u00e9.<\/span><\/span><\/span><\/p>\n<p align=\"LEFT\"><span style=\"color: #000000;\"><span style=\"font-family: Arial, sans-serif;\"><span style=\"font-size: medium;\">La propagation de ce virus respiratoire \u00e0 Gaza n\u2019est plus une simple vague \u00e9pid\u00e9mique passag\u00e8re, mais une crise sanitaire et humanitaire qui touche la vie quotidienne des habitants, alourdit le fardeau des familles et expose les groupes les plus vuln\u00e9rables \u00e0 de r\u00e9els dangers. Face \u00e0 la poursuite de la propagation, la n\u00e9cessit\u00e9 de renforcer la sensibilisation sanitaire, d\u2019encourager les mesures de pr\u00e9vention individuelles et de r\u00e9duire les facteurs de transmission devient urgente, dans une tentative de limiter les effets de cette maladie et d\u2019att\u00e9nuer la souffrance de la population durant l\u2019une des p\u00e9riodes les plus difficiles que traverse la r\u00e9gion.\u00a0\u00bb<\/span><\/span><\/span><\/p>\n<hr \/>\n<p align=\"LEFT\"><strong>Retrouvez l\u2019ensemble des t\u00e9moignages d\u2019Abu Amir et Marsel :<\/strong><\/p>\n<pre>*<strong>Abu Amir Mutasem Ele\u00efwa<\/strong> est coordinateur des Projets paysans depuis 2016 au sud de la bande de Gaza et correspondant de l\u2019Union Juive Fran\u00e7aise pour la Paix.\r\n*<strong>Marsel Alledawi<\/strong> est responsable du Centre Ibn Sina du nord de la bande de Gaza, centre qui se consacre au suivi \u00e9ducatif et psychologique de l\u2019enfance.\r\nTous les deux sont soutenus par l\u2019UJFP en France.<\/pre>\n<p><strong>\u00a0<a href=\"https:\/\/ismfrance.org\/index.php\/2026\/01\/02\/temoignages-de-gazaouis-la-survie-qui-sorganise-au-jour-le-jour-dans-lenfer-de-gaza-partie-615-01-01-la-liberte-un-reve-differe-pour-les-habitants-de-ga\/\">Partie 615<\/a>\u00a0: 1er janvier 2026.\u00a0<a href=\"https:\/\/ismfrance.org\/index.php\/2026\/01\/03\/temoignages-de-gazaouis-la-survie-qui-sorganise-au-jour-le-jour-dans-lenfer-de-gaza-partie-616-02-01-leau-contaminee-un-nouveau-risque-mortel\/\">Partie 616<\/a>\u00a0: 2 janvier.\u00a0<a href=\"https:\/\/ismfrance.org\/index.php\/2026\/01\/05\/temoignages-de-gazaouis-la-survie-qui-sorganise-au-jour-le-jour-dans-lenfer-de-gaza-partie-617-04-01-avec-leducation-transformer-la-guerre-en-o\/\">Partie 617<\/a>\u00a0: 4 janvier.\u00a0<a href=\"https:\/\/ismfrance.org\/index.php\/2026\/01\/06\/temoignages-de-gazaouis-la-survie-qui-sorganise-au-jour-le-jour-dans-lenfer-de-gaza-partie-618-05-01-un-plan-israelien-de-demantelement-methodique\/\">Partie 618<\/a>\u00a0: 5 janvier.\u00a0<a href=\"https:\/\/ismfrance.org\/index.php\/2026\/01\/07\/temoignages-de-gazaouis-la-survie-qui-sorganise-au-jour-le-jour-dans-lenfer-de-gaza-partie-619-06-01-continuer-coute-que-coute-a-soutenir-la-population\/\">Partie 619<\/a>\u00a0: 6 janvier.\u00a0<a href=\"https:\/\/ismfrance.org\/index.php\/2026\/01\/08\/temoignages-de-gazaouis-la-survie-qui-sorganise-au-jour-le-jour-dans-lenfer-de-gaza-partie-620-06-01-1-le-discours-cru-du-ministre-de-la-defense-israe\/\">Partie 620<\/a>\u00a0: 6 janvier (1).\u00a0<a href=\"https:\/\/ismfrance.org\/index.php\/2026\/01\/08\/temoignages-de-gazaouis-la-survie-qui-sorganise-au-jour-le-jour-dans-lenfer-de-gaza-partie-621-07-01-comment-le-soutien-psychologique-peut-proteger-de-la\/\">Partie 621<\/a>\u00a0: 7 janvier.\u00a0<a href=\"https:\/\/ismfrance.org\/index.php\/2026\/01\/09\/temoignages-de-gazaouis-la-survie-qui-sorganise-au-jour-le-jour-dans-lenfer-de-gaza-partie-622-08-01-entre-la-tente-et-lattente-redonner-une-c\/\">Partie 622<\/a>\u00a0: 8 janvier.\u00a0<a href=\"https:\/\/ismfrance.org\/index.php\/2026\/01\/10\/26332\/\">Partie 623<\/a>\u00a0: 9 janvier.\u00a0<a href=\"https:\/\/ismfrance.org\/index.php\/2026\/01\/11\/temoignages-de-gazaouis-la-survie-qui-sorganise-au-jour-le-jour-dans-lenfer-de-gaza-partie-624-09-01-1-violations-incessantes-funerailles-permanentes\/\">Partie 624<\/a>\u00a0: 9 janvier (1).\u00a0<a href=\"https:\/\/ismfrance.org\/index.php\/2026\/01\/12\/26396\/\">Partie 625<\/a>\u00a0: 10 janvier.\u00a0<a href=\"https:\/\/ismfrance.org\/index.php\/2026\/01\/12\/temoignages-de-gazaouis-la-survie-qui-sorganise-au-jour-le-jour-dans-lenfer-de-gaza-partie-626-11-01-role-des-centres-educatifs-et-de-lecole\/\">Partie 626<\/a>\u00a0: 11 janvier.\u00a0<a href=\"https:\/\/ismfrance.org\/index.php\/2026\/01\/13\/temoignages-de-gazaouis-la-survie-qui-sorganise-au-jour-le-jour-dans-lenfer-de-gaza-partie-627-13-01-gaza-encore-au-coeur-dune-tempete-meteorolo\/\">Partie 627<\/a>\u00a0: 13 janvier.\u00a0<a href=\"https:\/\/ismfrance.org\/index.php\/2026\/01\/16\/temoignages-de-gazaouis-la-survie-qui-sorganise-au-jour-le-jour-dans-lenfer-de-gaza-partie-628-14-01-une-crise-de-panique-des-interets-europeens\/\">Partie 628<\/a>\u00a0: 14 janvier.\u00a0<a href=\"https:\/\/ismfrance.org\/index.php\/2026\/01\/18\/temoignages-de-gazaouis-la-survie-qui-sorganise-au-jour-le-jour-dans-lenfer-de-gaza-partie-629-17-01-un-atelier-pour-sauver-les-meres-et-leurs-enfants-au\/\">Partie 629<\/a>\u00a0: 17 janvier.\u00a0<a href=\"https:\/\/ismfrance.org\/index.php\/2026\/01\/19\/temoignages-de-gazaouis-la-survie-qui-sorganise-au-jour-le-jour-dans-lenfer-de-gaza-partie-630-18-01-la-deuxieme-phase-du-cessez-le-feu-a-la-reingenier\/\">Partie 630<\/a>\u00a0: 18 janvier.\u00a0<a href=\"https:\/\/ismfrance.org\/index.php\/2026\/01\/20\/temoignages-de-gazaouis-la-survie-qui-sorganise-au-jour-le-jour-dans-lenfer-de-gaza-partie-631-19-01-quand-la-voix-devient-une-patrie\/\">Partie 631<\/a>\u00a0: 19 janvier.\u00a0<a href=\"https:\/\/ismfrance.org\/index.php\/2026\/01\/21\/temoignages-de-gazaouis-la-survie-qui-sorganise-au-jour-le-jour-dans-lenfer-de-gaza-partie-632-19-01-1-les-dechets-accumules-une-bombe-sanitaire-a-ret\/\">Partie 632<\/a>\u00a0: 19 janvier (1).\u00a0<a href=\"https:\/\/ismfrance.org\/index.php\/2026\/01\/22\/temoignages-de-gazaouis-la-survie-qui-sorganise-au-jour-le-jour-dans-lenfer-de-gaza-partie-633-21-01-fabriquer-des-raisons-de-vivre\/\">Partie 633<\/a>\u00a0: 20 janvier.\u00a0<a href=\"https:\/\/ismfrance.org\/index.php\/2026\/01\/23\/26710\/\">Partie 634<\/a>\u00a0: 23 janvier.\u00a0<a href=\"https:\/\/ismfrance.org\/index.php\/2026\/01\/24\/temoignages-de-gazaouis-la-survie-qui-sorganise-au-jour-le-jour-dans-lenfer-de-gaza-partie-635-23-01-1-la-bataille-de-la-survie-dans-les-champs\/\">Partie 635<\/a>\u00a0: 23 janvier (1).\u00a0<a href=\"https:\/\/ismfrance.org\/index.php\/2026\/01\/25\/temoignages-de-gazaouis-la-survie-qui-sorganise-au-jour-le-jour-dans-lenfer-de-gaza-partie-636-24-01-gaza-aux-encheres-politiques-ouvertes\/\">Partie 636<\/a> : 24 janvier. <a href=\"https:\/\/ismfrance.org\/index.php\/2026\/01\/27\/temoignages-de-gazaouis-la-survie-qui-sorganise-au-jour-le-jour-dans-lenfer-de-gaza-partie-637-26-01-quand-la-vie-devient-un-combat-quotidien-pour-la-dig\/\">Partie 637<\/a> : 26 janvier.<\/strong><\/p>\n<pre class=\"western\"><strong><em><i>* <\/i><\/em><em><a href=\"https:\/\/ismfrance.org\/index.php\/temoignages-gazaouis-survie-enfer-gaza-1\/\" target=\"_blank\" rel=\"noopener\"><i>T\u00e9moignages du 20 novembre 2023 au 5 janvier 2025 (partie 1 \u00e0 268)<\/i><\/a><\/em>\r\n<i>* <\/i><\/strong><strong><a href=\"https:\/\/ismfrance.org\/index.php\/2025\/05\/11\/temoignages-de-gazaouis-la-survie-qui-sorganise-au-jour-le-jour-dans-lenfer-de-gaza-recapitulatif-du-5-janvier-au-9-mai-2025-partie-269-a-392\/\"><i>T\u00e9moignages du 5 janvier au 9 mai 2025 (partie 269 \u00e0 392)<\/i><\/a><\/strong>\r\n<strong><i>*<\/i><\/strong><i> <\/i><strong><a href=\"https:\/\/ismfrance.org\/index.php\/2025\/10\/07\/temoignages-de-gazaouis-la-survie-qui-sorganise-au-jour-le-jour-dans-lenfer-de-gaza-recapitulatif-du-10-mai-au-5-octobre-2025-partie-393-a-540\/\"><i>T\u00e9moignages du 10 mai au 5 octobre 2025 (partie 393 \u00e0 540)<\/i><\/a>\r\n* <em><a href=\"https:\/\/ismfrance.org\/index.php\/2026\/01\/03\/temoignages-de-gazaouis-la-survie-qui-sorganise-au-jour-le-jour-dans-lenfer-de-gaza-recapitulatif-du-6-octobre-au-31-decembre-2025-partie-541-a-614\/\">T\u00e9moignages du 6 octobre au 31 d\u00e9cembre 2025 (partie 541 \u00e0 614)<\/a><\/em><\/strong><\/pre>\n<pre><strong>Pour participer \u00e0 la collecte \"Urgence Guerre \u00e0 Gaza\" : <\/strong><strong><a href=\"https:\/\/www.helloasso.com\/associations\/union-juive-francaise-pour-la-paix\/collectes\/urgence-guerre-a-gaza\">HelloAsso.com<\/a><\/strong>\r\n<strong>Les t\u00e9moignages sont publi\u00e9s sur <\/strong><strong><a href=\"https:\/\/ujfp.org\/\">UJFP<\/a> \/<\/strong><strong>\u00a0<a href=\"https:\/\/altermidi.org\/\">Altermidi<\/a> \/ <a href=\"https:\/\/lepoing.net\/\">Le Poing<\/a><\/strong><\/pre>\n","protected":false},"excerpt":{"rendered":"<p>Brigitte Challande, 28 janvier 2026.&#8211; Un article du 27 janvier o\u00f9 Abu Amir d\u00e9crit une r\u00e9cente aggravation de la crise sanitaire : d\u00e9veloppement d\u2019infections transmissibles d\u00fbes aux conditions de vie. <a class=\"more-link\" href=\"https:\/\/ismfrance.org\/index.php\/2026\/01\/28\/temoignages-de-gazaouis-la-survie-qui-sorganise-au-jour-le-jour-dans-lenfer-de-gaza-partie-638-27-01-propagation-dun-virus-respiratoire\/\">Lire la suite &rarr;<\/a><\/p>\n","protected":false},"author":3,"featured_media":26811,"comment_status":"closed","ping_status":"closed","sticky":false,"template":"","format":"standard","meta":{"footnotes":""},"categories":[2,13],"tags":[156],"class_list":["post-26808","post","type-post","status-publish","format-standard","has-post-thumbnail","hentry","category-articles","category-temoignages","tag-genocide"],"yoast_head":"<!-- This site is optimized with the Yoast SEO plugin v27.2 - https:\/\/yoast.com\/product\/yoast-seo-wordpress\/ -->\n<title>T\u00e9moignages de Gazaouis : La survie qui s\u2019organise au jour le jour dans l\u2019enfer de Gaza \u2013 partie 638 \/ 27.01 \u2013\u00a0Propagation d\u2019un virus respiratoire - International Solidarity Movement - ISM-France<\/title>\n<meta name=\"robots\" content=\"index, follow, max-snippet:-1, max-image-preview:large, max-video-preview:-1\" \/>\n<link rel=\"canonical\" href=\"https:\/\/ismfrance.org\/index.php\/2026\/01\/28\/temoignages-de-gazaouis-la-survie-qui-sorganise-au-jour-le-jour-dans-lenfer-de-gaza-partie-638-27-01-propagation-dun-virus-respiratoire\/\" \/>\n<meta property=\"og:locale\" content=\"fr_FR\" \/>\n<meta property=\"og:type\" content=\"article\" \/>\n<meta property=\"og:title\" content=\"T\u00e9moignages de Gazaouis : La survie qui s\u2019organise au jour le jour dans l\u2019enfer de Gaza \u2013 partie 638 \/ 27.01 \u2013\u00a0Propagation d\u2019un virus respiratoire - International Solidarity Movement - ISM-France\" \/>\n<meta property=\"og:description\" content=\"Brigitte Challande, 28 janvier 2026.&#8211; Un article du 27 janvier o\u00f9 Abu Amir d\u00e9crit une r\u00e9cente aggravation de la crise sanitaire : d\u00e9veloppement d\u2019infections transmissibles d\u00fbes aux conditions de vie. Lire la suite &rarr;\" \/>\n<meta property=\"og:url\" content=\"https:\/\/ismfrance.org\/index.php\/2026\/01\/28\/temoignages-de-gazaouis-la-survie-qui-sorganise-au-jour-le-jour-dans-lenfer-de-gaza-partie-638-27-01-propagation-dun-virus-respiratoire\/\" \/>\n<meta property=\"og:site_name\" content=\"International Solidarity Movement - ISM-France\" \/>\n<meta property=\"article:published_time\" content=\"2026-01-28T16:29:49+00:00\" \/>\n<meta property=\"og:image\" content=\"https:\/\/ismfrance.org\/wp-content\/uploads\/2026\/01\/G-90-c5W4AAAgLP.jpg\" \/>\n\t<meta property=\"og:image:width\" content=\"1280\" \/>\n\t<meta property=\"og:image:height\" content=\"853\" \/>\n\t<meta property=\"og:image:type\" content=\"image\/jpeg\" \/>\n<meta name=\"author\" content=\"mru_01\" \/>\n<meta name=\"twitter:card\" content=\"summary_large_image\" \/>\n<meta name=\"twitter:creator\" content=\"@ISMFRANCE\" \/>\n<meta name=\"twitter:site\" content=\"@ISMFRANCE\" \/>\n<meta name=\"twitter:label1\" content=\"\u00c9crit par\" \/>\n\t<meta name=\"twitter:data1\" content=\"mru_01\" \/>\n\t<meta name=\"twitter:label2\" content=\"Dur\u00e9e de lecture estim\u00e9e\" \/>\n\t<meta name=\"twitter:data2\" content=\"8 minutes\" \/>\n<script type=\"application\/ld+json\" class=\"yoast-schema-graph\">{\"@context\":\"https:\/\/schema.org\",\"@graph\":[{\"@type\":\"Article\",\"@id\":\"https:\/\/ismfrance.org\/index.php\/2026\/01\/28\/temoignages-de-gazaouis-la-survie-qui-sorganise-au-jour-le-jour-dans-lenfer-de-gaza-partie-638-27-01-propagation-dun-virus-respiratoire\/#article\",\"isPartOf\":{\"@id\":\"https:\/\/ismfrance.org\/index.php\/2026\/01\/28\/temoignages-de-gazaouis-la-survie-qui-sorganise-au-jour-le-jour-dans-lenfer-de-gaza-partie-638-27-01-propagation-dun-virus-respiratoire\/\"},\"author\":{\"name\":\"mru_01\",\"@id\":\"https:\/\/ismfrance.org\/#\/schema\/person\/3c411eb72adfaae19c0dca1f41fae01d\"},\"headline\":\"T\u00e9moignages de Gazaouis : La survie qui s\u2019organise au jour le jour dans l\u2019enfer de Gaza \u2013 partie 638 \/ 27.01 \u2013\u00a0Propagation d\u2019un virus respiratoire\",\"datePublished\":\"2026-01-28T16:29:49+00:00\",\"mainEntityOfPage\":{\"@id\":\"https:\/\/ismfrance.org\/index.php\/2026\/01\/28\/temoignages-de-gazaouis-la-survie-qui-sorganise-au-jour-le-jour-dans-lenfer-de-gaza-partie-638-27-01-propagation-dun-virus-respiratoire\/\"},\"wordCount\":1519,\"publisher\":{\"@id\":\"https:\/\/ismfrance.org\/#organization\"},\"image\":{\"@id\":\"https:\/\/ismfrance.org\/index.php\/2026\/01\/28\/temoignages-de-gazaouis-la-survie-qui-sorganise-au-jour-le-jour-dans-lenfer-de-gaza-partie-638-27-01-propagation-dun-virus-respiratoire\/#primaryimage\"},\"thumbnailUrl\":\"https:\/\/ismfrance.org\/wp-content\/uploads\/2026\/01\/G-90-c5W4AAAgLP.jpg\",\"keywords\":[\"G\u00e9nocide\"],\"articleSection\":[\"Articles\",\"T\u00e9moignages\"],\"inLanguage\":\"fr-FR\"},{\"@type\":\"WebPage\",\"@id\":\"https:\/\/ismfrance.org\/index.php\/2026\/01\/28\/temoignages-de-gazaouis-la-survie-qui-sorganise-au-jour-le-jour-dans-lenfer-de-gaza-partie-638-27-01-propagation-dun-virus-respiratoire\/\",\"url\":\"https:\/\/ismfrance.org\/index.php\/2026\/01\/28\/temoignages-de-gazaouis-la-survie-qui-sorganise-au-jour-le-jour-dans-lenfer-de-gaza-partie-638-27-01-propagation-dun-virus-respiratoire\/\",\"name\":\"T\u00e9moignages de Gazaouis : La survie qui s\u2019organise au jour le jour dans l\u2019enfer de Gaza \u2013 partie 638 \/ 27.01 \u2013\u00a0Propagation d\u2019un virus respiratoire - International Solidarity Movement - ISM-France\",\"isPartOf\":{\"@id\":\"https:\/\/ismfrance.org\/#website\"},\"primaryImageOfPage\":{\"@id\":\"https:\/\/ismfrance.org\/index.php\/2026\/01\/28\/temoignages-de-gazaouis-la-survie-qui-sorganise-au-jour-le-jour-dans-lenfer-de-gaza-partie-638-27-01-propagation-dun-virus-respiratoire\/#primaryimage\"},\"image\":{\"@id\":\"https:\/\/ismfrance.org\/index.php\/2026\/01\/28\/temoignages-de-gazaouis-la-survie-qui-sorganise-au-jour-le-jour-dans-lenfer-de-gaza-partie-638-27-01-propagation-dun-virus-respiratoire\/#primaryimage\"},\"thumbnailUrl\":\"https:\/\/ismfrance.org\/wp-content\/uploads\/2026\/01\/G-90-c5W4AAAgLP.jpg\",\"datePublished\":\"2026-01-28T16:29:49+00:00\",\"breadcrumb\":{\"@id\":\"https:\/\/ismfrance.org\/index.php\/2026\/01\/28\/temoignages-de-gazaouis-la-survie-qui-sorganise-au-jour-le-jour-dans-lenfer-de-gaza-partie-638-27-01-propagation-dun-virus-respiratoire\/#breadcrumb\"},\"inLanguage\":\"fr-FR\",\"potentialAction\":[{\"@type\":\"ReadAction\",\"target\":[\"https:\/\/ismfrance.org\/index.php\/2026\/01\/28\/temoignages-de-gazaouis-la-survie-qui-sorganise-au-jour-le-jour-dans-lenfer-de-gaza-partie-638-27-01-propagation-dun-virus-respiratoire\/\"]}]},{\"@type\":\"ImageObject\",\"inLanguage\":\"fr-FR\",\"@id\":\"https:\/\/ismfrance.org\/index.php\/2026\/01\/28\/temoignages-de-gazaouis-la-survie-qui-sorganise-au-jour-le-jour-dans-lenfer-de-gaza-partie-638-27-01-propagation-dun-virus-respiratoire\/#primaryimage\",\"url\":\"https:\/\/ismfrance.org\/wp-content\/uploads\/2026\/01\/G-90-c5W4AAAgLP.jpg\",\"contentUrl\":\"https:\/\/ismfrance.org\/wp-content\/uploads\/2026\/01\/G-90-c5W4AAAgLP.jpg\",\"width\":1280,\"height\":853},{\"@type\":\"BreadcrumbList\",\"@id\":\"https:\/\/ismfrance.org\/index.php\/2026\/01\/28\/temoignages-de-gazaouis-la-survie-qui-sorganise-au-jour-le-jour-dans-lenfer-de-gaza-partie-638-27-01-propagation-dun-virus-respiratoire\/#breadcrumb\",\"itemListElement\":[{\"@type\":\"ListItem\",\"position\":1,\"name\":\"Accueil\",\"item\":\"https:\/\/ismfrance.org\/\"},{\"@type\":\"ListItem\",\"position\":2,\"name\":\"T\u00e9moignages de Gazaouis : La survie qui s\u2019organise au jour le jour dans l\u2019enfer de Gaza \u2013 partie 638 \/ 27.01 \u2013\u00a0Propagation d\u2019un virus respiratoire\"}]},{\"@type\":\"WebSite\",\"@id\":\"https:\/\/ismfrance.org\/#website\",\"url\":\"https:\/\/ismfrance.org\/\",\"name\":\"ISM Palestine France\",\"description\":\"Soutien aux luttes de lib\u00e9ration du peuple palestinien\",\"publisher\":{\"@id\":\"https:\/\/ismfrance.org\/#organization\"},\"potentialAction\":[{\"@type\":\"SearchAction\",\"target\":{\"@type\":\"EntryPoint\",\"urlTemplate\":\"https:\/\/ismfrance.org\/?s={search_term_string}\"},\"query-input\":{\"@type\":\"PropertyValueSpecification\",\"valueRequired\":true,\"valueName\":\"search_term_string\"}}],\"inLanguage\":\"fr-FR\"},{\"@type\":\"Organization\",\"@id\":\"https:\/\/ismfrance.org\/#organization\",\"name\":\"International Solidarity Movement\",\"url\":\"https:\/\/ismfrance.org\/\",\"logo\":{\"@type\":\"ImageObject\",\"inLanguage\":\"fr-FR\",\"@id\":\"https:\/\/ismfrance.org\/#\/schema\/logo\/image\/\",\"url\":\"https:\/\/ismfrance.org\/wp-content\/uploads\/2020\/12\/00.png\",\"contentUrl\":\"https:\/\/ismfrance.org\/wp-content\/uploads\/2020\/12\/00.png\",\"width\":400,\"height\":400,\"caption\":\"International Solidarity Movement\"},\"image\":{\"@id\":\"https:\/\/ismfrance.org\/#\/schema\/logo\/image\/\"},\"sameAs\":[\"https:\/\/x.com\/ISMFRANCE\"]},{\"@type\":\"Person\",\"@id\":\"https:\/\/ismfrance.org\/#\/schema\/person\/3c411eb72adfaae19c0dca1f41fae01d\",\"name\":\"mru_01\",\"image\":{\"@type\":\"ImageObject\",\"inLanguage\":\"fr-FR\",\"@id\":\"https:\/\/secure.gravatar.com\/avatar\/3a0be343b445d2ccc79e87444a294fad2b232e90d2051d0e3cc219e1ecd6a330?s=96&d=mm&r=g\",\"url\":\"https:\/\/secure.gravatar.com\/avatar\/3a0be343b445d2ccc79e87444a294fad2b232e90d2051d0e3cc219e1ecd6a330?s=96&d=mm&r=g\",\"contentUrl\":\"https:\/\/secure.gravatar.com\/avatar\/3a0be343b445d2ccc79e87444a294fad2b232e90d2051d0e3cc219e1ecd6a330?s=96&d=mm&r=g\",\"caption\":\"mru_01\"},\"url\":\"https:\/\/ismfrance.org\/index.php\/author\/admin02\/\"}]}<\/script>\n<!-- \/ Yoast SEO plugin. -->","yoast_head_json":{"title":"T\u00e9moignages de Gazaouis : La survie qui s\u2019organise au jour le jour dans l\u2019enfer de Gaza \u2013 partie 638 \/ 27.01 \u2013\u00a0Propagation d\u2019un virus respiratoire - International Solidarity Movement - ISM-France","robots":{"index":"index","follow":"follow","max-snippet":"max-snippet:-1","max-image-preview":"max-image-preview:large","max-video-preview":"max-video-preview:-1"},"canonical":"https:\/\/ismfrance.org\/index.php\/2026\/01\/28\/temoignages-de-gazaouis-la-survie-qui-sorganise-au-jour-le-jour-dans-lenfer-de-gaza-partie-638-27-01-propagation-dun-virus-respiratoire\/","og_locale":"fr_FR","og_type":"article","og_title":"T\u00e9moignages de Gazaouis : La survie qui s\u2019organise au jour le jour dans l\u2019enfer de Gaza \u2013 partie 638 \/ 27.01 \u2013\u00a0Propagation d\u2019un virus respiratoire - International Solidarity Movement - ISM-France","og_description":"Brigitte Challande, 28 janvier 2026.&#8211; Un article du 27 janvier o\u00f9 Abu Amir d\u00e9crit une r\u00e9cente aggravation de la crise sanitaire : d\u00e9veloppement d\u2019infections transmissibles d\u00fbes aux conditions de vie. Lire la suite &rarr;","og_url":"https:\/\/ismfrance.org\/index.php\/2026\/01\/28\/temoignages-de-gazaouis-la-survie-qui-sorganise-au-jour-le-jour-dans-lenfer-de-gaza-partie-638-27-01-propagation-dun-virus-respiratoire\/","og_site_name":"International Solidarity Movement - ISM-France","article_published_time":"2026-01-28T16:29:49+00:00","og_image":[{"width":1280,"height":853,"url":"https:\/\/ismfrance.org\/wp-content\/uploads\/2026\/01\/G-90-c5W4AAAgLP.jpg","type":"image\/jpeg"}],"author":"mru_01","twitter_card":"summary_large_image","twitter_creator":"@ISMFRANCE","twitter_site":"@ISMFRANCE","twitter_misc":{"\u00c9crit par":"mru_01","Dur\u00e9e de lecture estim\u00e9e":"8 minutes"},"schema":{"@context":"https:\/\/schema.org","@graph":[{"@type":"Article","@id":"https:\/\/ismfrance.org\/index.php\/2026\/01\/28\/temoignages-de-gazaouis-la-survie-qui-sorganise-au-jour-le-jour-dans-lenfer-de-gaza-partie-638-27-01-propagation-dun-virus-respiratoire\/#article","isPartOf":{"@id":"https:\/\/ismfrance.org\/index.php\/2026\/01\/28\/temoignages-de-gazaouis-la-survie-qui-sorganise-au-jour-le-jour-dans-lenfer-de-gaza-partie-638-27-01-propagation-dun-virus-respiratoire\/"},"author":{"name":"mru_01","@id":"https:\/\/ismfrance.org\/#\/schema\/person\/3c411eb72adfaae19c0dca1f41fae01d"},"headline":"T\u00e9moignages de Gazaouis : La survie qui s\u2019organise au jour le jour dans l\u2019enfer de Gaza \u2013 partie 638 \/ 27.01 \u2013\u00a0Propagation d\u2019un virus respiratoire","datePublished":"2026-01-28T16:29:49+00:00","mainEntityOfPage":{"@id":"https:\/\/ismfrance.org\/index.php\/2026\/01\/28\/temoignages-de-gazaouis-la-survie-qui-sorganise-au-jour-le-jour-dans-lenfer-de-gaza-partie-638-27-01-propagation-dun-virus-respiratoire\/"},"wordCount":1519,"publisher":{"@id":"https:\/\/ismfrance.org\/#organization"},"image":{"@id":"https:\/\/ismfrance.org\/index.php\/2026\/01\/28\/temoignages-de-gazaouis-la-survie-qui-sorganise-au-jour-le-jour-dans-lenfer-de-gaza-partie-638-27-01-propagation-dun-virus-respiratoire\/#primaryimage"},"thumbnailUrl":"https:\/\/ismfrance.org\/wp-content\/uploads\/2026\/01\/G-90-c5W4AAAgLP.jpg","keywords":["G\u00e9nocide"],"articleSection":["Articles","T\u00e9moignages"],"inLanguage":"fr-FR"},{"@type":"WebPage","@id":"https:\/\/ismfrance.org\/index.php\/2026\/01\/28\/temoignages-de-gazaouis-la-survie-qui-sorganise-au-jour-le-jour-dans-lenfer-de-gaza-partie-638-27-01-propagation-dun-virus-respiratoire\/","url":"https:\/\/ismfrance.org\/index.php\/2026\/01\/28\/temoignages-de-gazaouis-la-survie-qui-sorganise-au-jour-le-jour-dans-lenfer-de-gaza-partie-638-27-01-propagation-dun-virus-respiratoire\/","name":"T\u00e9moignages de Gazaouis : La survie qui s\u2019organise au jour le jour dans l\u2019enfer de Gaza \u2013 partie 638 \/ 27.01 \u2013\u00a0Propagation d\u2019un virus respiratoire - International Solidarity Movement - ISM-France","isPartOf":{"@id":"https:\/\/ismfrance.org\/#website"},"primaryImageOfPage":{"@id":"https:\/\/ismfrance.org\/index.php\/2026\/01\/28\/temoignages-de-gazaouis-la-survie-qui-sorganise-au-jour-le-jour-dans-lenfer-de-gaza-partie-638-27-01-propagation-dun-virus-respiratoire\/#primaryimage"},"image":{"@id":"https:\/\/ismfrance.org\/index.php\/2026\/01\/28\/temoignages-de-gazaouis-la-survie-qui-sorganise-au-jour-le-jour-dans-lenfer-de-gaza-partie-638-27-01-propagation-dun-virus-respiratoire\/#primaryimage"},"thumbnailUrl":"https:\/\/ismfrance.org\/wp-content\/uploads\/2026\/01\/G-90-c5W4AAAgLP.jpg","datePublished":"2026-01-28T16:29:49+00:00","breadcrumb":{"@id":"https:\/\/ismfrance.org\/index.php\/2026\/01\/28\/temoignages-de-gazaouis-la-survie-qui-sorganise-au-jour-le-jour-dans-lenfer-de-gaza-partie-638-27-01-propagation-dun-virus-respiratoire\/#breadcrumb"},"inLanguage":"fr-FR","potentialAction":[{"@type":"ReadAction","target":["https:\/\/ismfrance.org\/index.php\/2026\/01\/28\/temoignages-de-gazaouis-la-survie-qui-sorganise-au-jour-le-jour-dans-lenfer-de-gaza-partie-638-27-01-propagation-dun-virus-respiratoire\/"]}]},{"@type":"ImageObject","inLanguage":"fr-FR","@id":"https:\/\/ismfrance.org\/index.php\/2026\/01\/28\/temoignages-de-gazaouis-la-survie-qui-sorganise-au-jour-le-jour-dans-lenfer-de-gaza-partie-638-27-01-propagation-dun-virus-respiratoire\/#primaryimage","url":"https:\/\/ismfrance.org\/wp-content\/uploads\/2026\/01\/G-90-c5W4AAAgLP.jpg","contentUrl":"https:\/\/ismfrance.org\/wp-content\/uploads\/2026\/01\/G-90-c5W4AAAgLP.jpg","width":1280,"height":853},{"@type":"BreadcrumbList","@id":"https:\/\/ismfrance.org\/index.php\/2026\/01\/28\/temoignages-de-gazaouis-la-survie-qui-sorganise-au-jour-le-jour-dans-lenfer-de-gaza-partie-638-27-01-propagation-dun-virus-respiratoire\/#breadcrumb","itemListElement":[{"@type":"ListItem","position":1,"name":"Accueil","item":"https:\/\/ismfrance.org\/"},{"@type":"ListItem","position":2,"name":"T\u00e9moignages de Gazaouis : La survie qui s\u2019organise au jour le jour dans l\u2019enfer de Gaza \u2013 partie 638 \/ 27.01 \u2013\u00a0Propagation d\u2019un virus respiratoire"}]},{"@type":"WebSite","@id":"https:\/\/ismfrance.org\/#website","url":"https:\/\/ismfrance.org\/","name":"ISM Palestine France","description":"Soutien aux luttes de lib\u00e9ration du peuple palestinien","publisher":{"@id":"https:\/\/ismfrance.org\/#organization"},"potentialAction":[{"@type":"SearchAction","target":{"@type":"EntryPoint","urlTemplate":"https:\/\/ismfrance.org\/?s={search_term_string}"},"query-input":{"@type":"PropertyValueSpecification","valueRequired":true,"valueName":"search_term_string"}}],"inLanguage":"fr-FR"},{"@type":"Organization","@id":"https:\/\/ismfrance.org\/#organization","name":"International Solidarity Movement","url":"https:\/\/ismfrance.org\/","logo":{"@type":"ImageObject","inLanguage":"fr-FR","@id":"https:\/\/ismfrance.org\/#\/schema\/logo\/image\/","url":"https:\/\/ismfrance.org\/wp-content\/uploads\/2020\/12\/00.png","contentUrl":"https:\/\/ismfrance.org\/wp-content\/uploads\/2020\/12\/00.png","width":400,"height":400,"caption":"International Solidarity Movement"},"image":{"@id":"https:\/\/ismfrance.org\/#\/schema\/logo\/image\/"},"sameAs":["https:\/\/x.com\/ISMFRANCE"]},{"@type":"Person","@id":"https:\/\/ismfrance.org\/#\/schema\/person\/3c411eb72adfaae19c0dca1f41fae01d","name":"mru_01","image":{"@type":"ImageObject","inLanguage":"fr-FR","@id":"https:\/\/secure.gravatar.com\/avatar\/3a0be343b445d2ccc79e87444a294fad2b232e90d2051d0e3cc219e1ecd6a330?s=96&d=mm&r=g","url":"https:\/\/secure.gravatar.com\/avatar\/3a0be343b445d2ccc79e87444a294fad2b232e90d2051d0e3cc219e1ecd6a330?s=96&d=mm&r=g","contentUrl":"https:\/\/secure.gravatar.com\/avatar\/3a0be343b445d2ccc79e87444a294fad2b232e90d2051d0e3cc219e1ecd6a330?s=96&d=mm&r=g","caption":"mru_01"},"url":"https:\/\/ismfrance.org\/index.php\/author\/admin02\/"}]}},"_links":{"self":[{"href":"https:\/\/ismfrance.org\/index.php\/wp-json\/wp\/v2\/posts\/26808","targetHints":{"allow":["GET"]}}],"collection":[{"href":"https:\/\/ismfrance.org\/index.php\/wp-json\/wp\/v2\/posts"}],"about":[{"href":"https:\/\/ismfrance.org\/index.php\/wp-json\/wp\/v2\/types\/post"}],"author":[{"embeddable":true,"href":"https:\/\/ismfrance.org\/index.php\/wp-json\/wp\/v2\/users\/3"}],"replies":[{"embeddable":true,"href":"https:\/\/ismfrance.org\/index.php\/wp-json\/wp\/v2\/comments?post=26808"}],"version-history":[{"count":4,"href":"https:\/\/ismfrance.org\/index.php\/wp-json\/wp\/v2\/posts\/26808\/revisions"}],"predecessor-version":[{"id":26813,"href":"https:\/\/ismfrance.org\/index.php\/wp-json\/wp\/v2\/posts\/26808\/revisions\/26813"}],"wp:featuredmedia":[{"embeddable":true,"href":"https:\/\/ismfrance.org\/index.php\/wp-json\/wp\/v2\/media\/26811"}],"wp:attachment":[{"href":"https:\/\/ismfrance.org\/index.php\/wp-json\/wp\/v2\/media?parent=26808"}],"wp:term":[{"taxonomy":"category","embeddable":true,"href":"https:\/\/ismfrance.org\/index.php\/wp-json\/wp\/v2\/categories?post=26808"},{"taxonomy":"post_tag","embeddable":true,"href":"https:\/\/ismfrance.org\/index.php\/wp-json\/wp\/v2\/tags?post=26808"}],"curies":[{"name":"wp","href":"https:\/\/api.w.org\/{rel}","templated":true}]}}