{"id":26798,"date":"2026-01-27T18:36:00","date_gmt":"2026-01-27T17:36:00","guid":{"rendered":"https:\/\/ismfrance.org\/?p=26798"},"modified":"2026-01-27T18:38:38","modified_gmt":"2026-01-27T17:38:38","slug":"conseil-de-la-paix-une-onu-parallele-sous-lhegemonie-americaine-absolue","status":"publish","type":"post","link":"https:\/\/ismfrance.org\/index.php\/2026\/01\/27\/conseil-de-la-paix-une-onu-parallele-sous-lhegemonie-americaine-absolue\/","title":{"rendered":"\u00ab Conseil de la Paix \u00bb : une ONU parall\u00e8le sous l\u2019h\u00e9g\u00e9monie am\u00e9ricaine absolue"},"content":{"rendered":"<p><span style=\"color: #000000;\"><span style=\"font-family: Arial, sans-serif;\"><span style=\"font-size: medium;\"><strong><a href=\"https:\/\/x.com\/soupalestina\">Sayid Marcos Tenorio<\/a>, 27 janvier 2026<\/strong>. L\u2019annonce faite par Donald Trump \u00e0 Davos concernant la cr\u00e9ation d\u2019un pr\u00e9tendu \u00ab Conseil de la Paix \u00bb n\u2019est pas un geste de pacification, mais une man\u0153uvre politique de l\u2019imp\u00e9rialisme am\u00e9ricain.<\/span><\/span><\/span><\/p>\n<div id=\"attachment_26801\" style=\"width: 610px\" class=\"wp-caption aligncenter\"><a href=\"https:\/\/ismfrance.org\/wp-content\/uploads\/2026\/01\/map-board-of-peace.jpg\"><img loading=\"lazy\" decoding=\"async\" aria-describedby=\"caption-attachment-26801\" class=\"wp-image-26801 size-large\" src=\"https:\/\/ismfrance.org\/wp-content\/uploads\/2026\/01\/map-board-of-peace-700x353.jpg\" alt=\"\" width=\"600\" height=\"303\" srcset=\"https:\/\/ismfrance.org\/wp-content\/uploads\/2026\/01\/map-board-of-peace-700x353.jpg 700w, https:\/\/ismfrance.org\/wp-content\/uploads\/2026\/01\/map-board-of-peace-300x151.jpg 300w, https:\/\/ismfrance.org\/wp-content\/uploads\/2026\/01\/map-board-of-peace-768x387.jpg 768w, https:\/\/ismfrance.org\/wp-content\/uploads\/2026\/01\/map-board-of-peace-1536x774.jpg 1536w, https:\/\/ismfrance.org\/wp-content\/uploads\/2026\/01\/map-board-of-peace-2048x1032.jpg 2048w\" sizes=\"auto, (max-width: 600px) 100vw, 600px\" \/><\/a><p id=\"caption-attachment-26801\" class=\"wp-caption-text\"><em><strong>En rouge : les pays ayant accept\u00e9 de faire partie du \u00ab\u00a0conseil de la paix\u00a0\u00bb ; en orange : les pays invit\u00e9s ; en bleu, les pays ayant refus\u00e9.<\/strong><\/em><\/p><\/div>\n<p><span style=\"color: #000000;\"><span style=\"font-family: Arial, sans-serif;\"><span style=\"font-size: medium;\">Il s\u2019agit d\u2019une tentative d\u00e9lib\u00e9r\u00e9e de construire une Organisation des Nations Unies parall\u00e8le, vid\u00e9e de tout principe de souverainet\u00e9, de l\u00e9galit\u00e9 internationale et de v\u00e9ritable multilat\u00e9ralisme, et plac\u00e9e sous le contr\u00f4le absolu des \u00c9tats-Unis, avec Isra\u00ebl comme partenaire strat\u00e9gique privil\u00e9gi\u00e9.<\/span><\/span><\/span><\/p>\n<p><span style=\"color: #000000;\"><span style=\"font-family: Arial, sans-serif;\"><span style=\"font-size: medium;\">Le fait que Trump ait d\u00e9sign\u00e9 Gaza comme point de d\u00e9part des activit\u00e9s du Conseil n\u2019est pas fortuit. Gaza est aujourd\u2019hui l\u2019\u00e9picentre d\u2019un g\u00e9nocide en cours, perp\u00e9tr\u00e9 par Isra\u00ebl avec le soutien politique, militaire, financier et diplomatique sans restriction des \u00c9tats-Unis.<\/span><\/span><\/span><\/p>\n<p><span style=\"color: #000000;\"><span style=\"font-family: Arial, sans-serif;\"><span style=\"font-size: medium;\">Faire de Gaza le premier \u00ab laboratoire \u00bb de ce Conseil revient, en pratique, \u00e0 normaliser le g\u00e9nocide, \u00e0 transformer la destruction totale d\u2019un peuple en une plateforme pour la r\u00e9organisation n\u00e9ocoloniale du syst\u00e8me international. Sous couvert d&rsquo;un discours cynique sur la \u00ab paix \u00bb, Trump cherche \u00e0 g\u00e9rer la situation post-g\u00e9nocide, non pas pour garantir la justice, l&rsquo;autod\u00e9termination ou une reconstruction souveraine de la Palestine, mais pour imposer un nouvel ordre r\u00e9gional fond\u00e9 sur la soumission politique, la s\u00e9curit\u00e9 isra\u00e9lienne et le contr\u00f4le strat\u00e9gique des ressources et des voies de communication du Moyen-Orient. Le \u00ab Conseil de la paix \u00bb na\u00eet ainsi entach\u00e9 du sang palestinien.<\/span><\/span><\/span><\/p>\n<p><span style=\"color: #000000;\"><span style=\"font-family: Arial, sans-serif;\"><span style=\"font-size: medium;\">Cette initiative doit \u00eatre comprise dans le contexte de la crise structurelle de l&rsquo;h\u00e9g\u00e9monie am\u00e9ricaine. Bien que les \u00c9tats-Unis conservent un droit de <em>veto<\/em> au Conseil de s\u00e9curit\u00e9 de l&rsquo;ONU, leur capacit\u00e9 \u00e0 imposer des d\u00e9cisions sans contestation est en d\u00e9clin.<\/span><\/span><\/span><\/p>\n<p><span style=\"color: #000000;\"><span style=\"font-family: Arial, sans-serif;\"><span style=\"font-size: medium;\">La mont\u00e9e en puissance des pays \u00e9mergents, la fragmentation du syst\u00e8me international et la perte de cr\u00e9dibilit\u00e9 des institutions sous contr\u00f4le occidental poussent Washington vers des m\u00e9canismes parall\u00e8les plus autoritaires, plus opaques et bien moins soumis \u00e0 un contr\u00f4le juridique.<\/span><\/span><\/span><\/p>\n<p><span style=\"color: #000000;\"><span style=\"font-family: Arial, sans-serif;\"><span style=\"font-size: medium;\">Le \u00ab Conseil de la paix \u00bb est l&rsquo;expression ultime de cette course effr\u00e9n\u00e9e vers l&rsquo;avant : un organe informel sans fondement en droit international, au sein duquel les \u00c9tats-Unis s&rsquo;\u00e9rigent en juge, en ex\u00e9cuteur et en ultime b\u00e9n\u00e9ficiaire des d\u00e9cisions mondiales. Un forum o\u00f9 le droit de <em>veto<\/em> cesse d&rsquo;\u00eatre institutionnel pour devenir imp\u00e9rial, exerc\u00e9 dans les faits sans le moindre artifice.<\/span><\/span><\/span><\/p>\n<p><span style=\"color: #000000;\"><span style=\"font-family: Arial, sans-serif;\"><span style=\"font-size: medium;\">La r\u00e9union de Davos a r\u00e9v\u00e9l\u00e9 bien plus encore. L&rsquo;absence des principales puissances europ\u00e9ennes \u2013 l&rsquo;Allemagne, la France et le Royaume-Uni \u2013 a mis en lumi\u00e8re les fractures internes au sein du bloc occidental.<\/span><\/span><\/span><\/p>\n<p><span style=\"color: #000000;\"><span style=\"font-family: Arial, sans-serif;\"><span style=\"font-size: medium;\">Cette absence n&rsquo;est ni anodine ni purement protocolaire\u00a0: elle exprime un malaise, une m\u00e9fiance et, dans une certaine mesure, un refus europ\u00e9en de soutenir une initiative qui sent l&rsquo;aventurisme unilat\u00e9ral, surtout \u00e0 un moment o\u00f9 Gaza expose brutalement la faillite morale de l&rsquo;Occident.<\/span><\/span><\/span><\/p>\n<p><span style=\"color: #000000;\"><span style=\"font-family: Arial, sans-serif;\"><span style=\"font-size: medium;\">Trump esp\u00e9rait une l\u00e9gitimation mondiale, mais n&rsquo;a obtenu le soutien que de moins de vingt pays, pour la plupart des r\u00e9gimes autoritaires, des gouvernements fragiles ou des \u00c9tats d\u00e9pendants de la tutelle am\u00e9ricaine.<\/span><\/span><\/span><\/p>\n<p><span style=\"color: #000000;\"><span style=\"font-family: Arial, sans-serif;\"><span style=\"font-size: medium;\">Les d\u00e9clarations triomphalistes de Trump sur \u00ab le d\u00e9but de la paix dans le monde \u00bb sonnent comme une moquerie face aux ruines de Gaza. Il ne peut y avoir de paix en dehors du droit international, de la Charte des Nations Unies, de la reconnaissance du droit des peuples \u00e0 l&rsquo;autod\u00e9termination. Et c&rsquo;est pr\u00e9cis\u00e9ment ce cadre juridique que les \u00c9tats-Unis et Isra\u00ebl ont syst\u00e9matiquement viol\u00e9, de la Palestine \u00e0 l&rsquo;Irak, de la Syrie au Liban.<\/span><\/span><\/span><\/p>\n<p><span style=\"color: #000000;\"><span style=\"font-family: Arial, sans-serif;\"><span style=\"font-size: medium;\">La participation isra\u00e9lienne \u00e0 cette annonce est r\u00e9v\u00e9latrice. Isra\u00ebl n&rsquo;a pas besoin de ce conseil pour poursuivre sa politique agressive. Il lui suffit de l\u00e9gitimer le fait accompli : le nettoyage ethnique, l&rsquo;apartheid et le g\u00e9nocide pr\u00e9sent\u00e9s comme des \u00ab probl\u00e8mes de s\u00e9curit\u00e9 \u00bb.<\/span><\/span><\/span><\/p>\n<p><a href=\"https:\/\/ismfrance.org\/wp-content\/uploads\/2026\/01\/board-of-peace.jpg\"><img loading=\"lazy\" decoding=\"async\" class=\"size-large wp-image-26803 aligncenter\" src=\"https:\/\/ismfrance.org\/wp-content\/uploads\/2026\/01\/board-of-peace-467x700.jpg\" alt=\"\" width=\"467\" height=\"700\" srcset=\"https:\/\/ismfrance.org\/wp-content\/uploads\/2026\/01\/board-of-peace-467x700.jpg 467w, https:\/\/ismfrance.org\/wp-content\/uploads\/2026\/01\/board-of-peace-200x300.jpg 200w, https:\/\/ismfrance.org\/wp-content\/uploads\/2026\/01\/board-of-peace-768x1152.jpg 768w, https:\/\/ismfrance.org\/wp-content\/uploads\/2026\/01\/board-of-peace.jpg 800w\" sizes=\"auto, (max-width: 467px) 100vw, 467px\" \/><\/a><span style=\"color: #000000;\"><span style=\"font-family: Arial, sans-serif;\"><span style=\"font-size: medium;\">Plus grave encore, ce \u00ab Conseil de la paix \u00bb est li\u00e9 \u00e0 une strat\u00e9gie d&rsquo;escalade r\u00e9gionale, dont l&rsquo;Iran est une cible centrale.<\/span><\/span><\/span><\/p>\n<p><span style=\"color: #000000;\"><span style=\"font-family: Arial, sans-serif;\"><span style=\"font-size: medium;\">En r\u00e9organisant le syst\u00e8me international \u00e0 partir de Gaza, les \u00c9tats-Unis cherchent \u00e0 cr\u00e9er les conditions politiques et diplomatiques n\u00e9cessaires pour isoler l&rsquo;Iran, justifier de nouvelles sanctions, des op\u00e9rations secr\u00e8tes et, \u00e0 terme, une agression militaire directe.<\/span><\/span><\/span><\/p>\n<p><span style=\"color: #000000;\"><span style=\"font-family: Arial, sans-serif;\"><span style=\"font-size: medium;\">Gaza n&rsquo;est pas une fin en soi. C\u2019est le d\u00e9but d\u2019une offensive plus vaste contre toute forme de r\u00e9sistance \u00e0 l\u2019ordre imp\u00e9rial am\u00e9ricain.<\/span><\/span><\/span><\/p>\n<p><span style=\"color: #000000;\"><span style=\"font-family: Arial, sans-serif;\"><span style=\"font-size: medium;\">Au Moyen-Orient, l\u2019id\u00e9e se r\u00e9pand que Trump agit selon la logique coloniale classique\u00a0: imposer par la force, diviser pour r\u00e9gner, exploiter les ressources et \u00e9craser toute r\u00e9sistance. Historiquement, cette logique n\u2019a jamais engendr\u00e9 la paix, seulement des guerres, des coups d\u2019\u00c9tat, des d\u00e9placements forc\u00e9s de population et des cycles de violence sans fin.<\/span><\/span><\/span><\/p>\n<p><span style=\"color: #000000;\"><span style=\"font-family: Arial, sans-serif;\"><span style=\"font-size: medium;\">L\u2019ascension de Trump n\u2019est pas une d\u00e9viation, mais la radicalisation d\u2019un mod\u00e8le en crise. La tentative de remplacer l\u2019ONU par des instances contr\u00f4l\u00e9es par l\u2019empire ne t\u00e9moigne pas de force, mais de d\u00e9sespoir strat\u00e9gique.<\/span><\/span><\/span><\/p>\n<p><span style=\"color: #000000;\"><span style=\"font-family: Arial, sans-serif;\"><span style=\"font-size: medium;\">Le \u00ab\u00a0Conseil de la paix\u00a0\u00bb de Trump n\u2019inaugure pas une nouvelle \u00e8re de stabilit\u00e9. Il inaugure une phase encore plus dangereuse de l\u2019imp\u00e9rialisme, o\u00f9 le g\u00e9nocide \u00e0 Gaza est trait\u00e9 comme un d\u00e9tail, la guerre contre l\u2019Iran comme une possibilit\u00e9 concr\u00e8te et le droit international comme un obstacle n\u00e9gligeable.<\/span><\/span><\/span><\/p>\n<p><span style=\"color: #000000;\"><span style=\"font-family: Arial, sans-serif;\"><span style=\"font-size: medium;\">Il ne s\u2019agit pas de paix. Il s\u2019agit de domination. Et les peuples du monde \u2014 de la Palestine \u00e0 l&rsquo;Iran, de l&rsquo;Am\u00e9rique latine \u00e0 l&rsquo;Afrique \u2014 savent, par exp\u00e9rience historique, qu&rsquo;aucune paix n&rsquo;est possible sous l&rsquo;occupation, l&rsquo;apartheid et la tutelle imp\u00e9riale.<\/span><\/span><\/span><\/p>\n<p><em><strong><span style=\"color: #000000;\"><span style=\"font-family: Arial, sans-serif;\"><span style=\"font-size: medium;\">Article original en anglais sur <a href=\"https:\/\/www.middleeastmonitor.com\/20260127-board-of-peace-a-parallel-un-under-absolute-us-hegemony\/\">Middle East Monitor<\/a> \/ Traduction MR.<\/span><\/span><\/span><\/strong><\/em><\/p>\n","protected":false},"excerpt":{"rendered":"<p>Sayid Marcos Tenorio, 27 janvier 2026. L\u2019annonce faite par Donald Trump \u00e0 Davos concernant la cr\u00e9ation d\u2019un pr\u00e9tendu \u00ab Conseil de la Paix \u00bb n\u2019est pas un geste de pacification, <a class=\"more-link\" href=\"https:\/\/ismfrance.org\/index.php\/2026\/01\/27\/conseil-de-la-paix-une-onu-parallele-sous-lhegemonie-americaine-absolue\/\">Lire la suite &rarr;<\/a><\/p>\n","protected":false},"author":3,"featured_media":26801,"comment_status":"closed","ping_status":"closed","sticky":false,"template":"","format":"standard","meta":{"footnotes":""},"categories":[12,2],"tags":[99,458],"class_list":["post-26798","post","type-post","status-publish","format-standard","has-post-thumbnail","hentry","category-analyses","category-articles","tag-imperialisme","tag-plan-trump"],"yoast_head":"<!-- This site is optimized with the Yoast SEO plugin v27.2 - https:\/\/yoast.com\/product\/yoast-seo-wordpress\/ -->\n<title>\u00ab Conseil de la Paix \u00bb : une ONU parall\u00e8le sous l\u2019h\u00e9g\u00e9monie am\u00e9ricaine absolue - International Solidarity Movement - ISM-France<\/title>\n<meta name=\"robots\" content=\"index, follow, max-snippet:-1, max-image-preview:large, max-video-preview:-1\" \/>\n<link rel=\"canonical\" href=\"https:\/\/ismfrance.org\/index.php\/2026\/01\/27\/conseil-de-la-paix-une-onu-parallele-sous-lhegemonie-americaine-absolue\/\" \/>\n<meta property=\"og:locale\" content=\"fr_FR\" \/>\n<meta property=\"og:type\" content=\"article\" \/>\n<meta property=\"og:title\" content=\"\u00ab Conseil de la Paix \u00bb : une ONU parall\u00e8le sous l\u2019h\u00e9g\u00e9monie am\u00e9ricaine absolue - International Solidarity Movement - ISM-France\" \/>\n<meta property=\"og:description\" content=\"Sayid Marcos Tenorio, 27 janvier 2026. L\u2019annonce faite par Donald Trump \u00e0 Davos concernant la cr\u00e9ation d\u2019un pr\u00e9tendu \u00ab Conseil de la Paix \u00bb n\u2019est pas un geste de pacification, Lire la suite &rarr;\" \/>\n<meta property=\"og:url\" content=\"https:\/\/ismfrance.org\/index.php\/2026\/01\/27\/conseil-de-la-paix-une-onu-parallele-sous-lhegemonie-americaine-absolue\/\" \/>\n<meta property=\"og:site_name\" content=\"International Solidarity Movement - ISM-France\" \/>\n<meta property=\"article:published_time\" content=\"2026-01-27T17:36:00+00:00\" \/>\n<meta property=\"article:modified_time\" content=\"2026-01-27T17:38:38+00:00\" \/>\n<meta property=\"og:image\" content=\"https:\/\/ismfrance.org\/wp-content\/uploads\/2026\/01\/map-board-of-peace.jpg\" \/>\n\t<meta property=\"og:image:width\" content=\"2560\" \/>\n\t<meta property=\"og:image:height\" content=\"1290\" \/>\n\t<meta property=\"og:image:type\" content=\"image\/jpeg\" \/>\n<meta name=\"author\" content=\"mru_01\" \/>\n<meta name=\"twitter:card\" content=\"summary_large_image\" \/>\n<meta name=\"twitter:creator\" content=\"@ISMFRANCE\" \/>\n<meta name=\"twitter:site\" content=\"@ISMFRANCE\" \/>\n<meta name=\"twitter:label1\" content=\"\u00c9crit par\" \/>\n\t<meta name=\"twitter:data1\" content=\"mru_01\" \/>\n\t<meta name=\"twitter:label2\" content=\"Dur\u00e9e de lecture estim\u00e9e\" \/>\n\t<meta name=\"twitter:data2\" content=\"6 minutes\" \/>\n<script type=\"application\/ld+json\" class=\"yoast-schema-graph\">{\"@context\":\"https:\/\/schema.org\",\"@graph\":[{\"@type\":\"Article\",\"@id\":\"https:\/\/ismfrance.org\/index.php\/2026\/01\/27\/conseil-de-la-paix-une-onu-parallele-sous-lhegemonie-americaine-absolue\/#article\",\"isPartOf\":{\"@id\":\"https:\/\/ismfrance.org\/index.php\/2026\/01\/27\/conseil-de-la-paix-une-onu-parallele-sous-lhegemonie-americaine-absolue\/\"},\"author\":{\"name\":\"mru_01\",\"@id\":\"https:\/\/ismfrance.org\/#\/schema\/person\/3c411eb72adfaae19c0dca1f41fae01d\"},\"headline\":\"\u00ab Conseil de la Paix \u00bb : une ONU parall\u00e8le sous l\u2019h\u00e9g\u00e9monie am\u00e9ricaine absolue\",\"datePublished\":\"2026-01-27T17:36:00+00:00\",\"dateModified\":\"2026-01-27T17:38:38+00:00\",\"mainEntityOfPage\":{\"@id\":\"https:\/\/ismfrance.org\/index.php\/2026\/01\/27\/conseil-de-la-paix-une-onu-parallele-sous-lhegemonie-americaine-absolue\/\"},\"wordCount\":1054,\"publisher\":{\"@id\":\"https:\/\/ismfrance.org\/#organization\"},\"image\":{\"@id\":\"https:\/\/ismfrance.org\/index.php\/2026\/01\/27\/conseil-de-la-paix-une-onu-parallele-sous-lhegemonie-americaine-absolue\/#primaryimage\"},\"thumbnailUrl\":\"https:\/\/ismfrance.org\/wp-content\/uploads\/2026\/01\/map-board-of-peace.jpg\",\"keywords\":[\"Imp\u00e9rialisme\",\"Plan Trump\"],\"articleSection\":[\"Analyses\",\"Articles\"],\"inLanguage\":\"fr-FR\"},{\"@type\":\"WebPage\",\"@id\":\"https:\/\/ismfrance.org\/index.php\/2026\/01\/27\/conseil-de-la-paix-une-onu-parallele-sous-lhegemonie-americaine-absolue\/\",\"url\":\"https:\/\/ismfrance.org\/index.php\/2026\/01\/27\/conseil-de-la-paix-une-onu-parallele-sous-lhegemonie-americaine-absolue\/\",\"name\":\"\u00ab Conseil de la Paix \u00bb : une ONU parall\u00e8le sous l\u2019h\u00e9g\u00e9monie am\u00e9ricaine absolue - International Solidarity Movement - ISM-France\",\"isPartOf\":{\"@id\":\"https:\/\/ismfrance.org\/#website\"},\"primaryImageOfPage\":{\"@id\":\"https:\/\/ismfrance.org\/index.php\/2026\/01\/27\/conseil-de-la-paix-une-onu-parallele-sous-lhegemonie-americaine-absolue\/#primaryimage\"},\"image\":{\"@id\":\"https:\/\/ismfrance.org\/index.php\/2026\/01\/27\/conseil-de-la-paix-une-onu-parallele-sous-lhegemonie-americaine-absolue\/#primaryimage\"},\"thumbnailUrl\":\"https:\/\/ismfrance.org\/wp-content\/uploads\/2026\/01\/map-board-of-peace.jpg\",\"datePublished\":\"2026-01-27T17:36:00+00:00\",\"dateModified\":\"2026-01-27T17:38:38+00:00\",\"breadcrumb\":{\"@id\":\"https:\/\/ismfrance.org\/index.php\/2026\/01\/27\/conseil-de-la-paix-une-onu-parallele-sous-lhegemonie-americaine-absolue\/#breadcrumb\"},\"inLanguage\":\"fr-FR\",\"potentialAction\":[{\"@type\":\"ReadAction\",\"target\":[\"https:\/\/ismfrance.org\/index.php\/2026\/01\/27\/conseil-de-la-paix-une-onu-parallele-sous-lhegemonie-americaine-absolue\/\"]}]},{\"@type\":\"ImageObject\",\"inLanguage\":\"fr-FR\",\"@id\":\"https:\/\/ismfrance.org\/index.php\/2026\/01\/27\/conseil-de-la-paix-une-onu-parallele-sous-lhegemonie-americaine-absolue\/#primaryimage\",\"url\":\"https:\/\/ismfrance.org\/wp-content\/uploads\/2026\/01\/map-board-of-peace.jpg\",\"contentUrl\":\"https:\/\/ismfrance.org\/wp-content\/uploads\/2026\/01\/map-board-of-peace.jpg\",\"width\":2560,\"height\":1290},{\"@type\":\"BreadcrumbList\",\"@id\":\"https:\/\/ismfrance.org\/index.php\/2026\/01\/27\/conseil-de-la-paix-une-onu-parallele-sous-lhegemonie-americaine-absolue\/#breadcrumb\",\"itemListElement\":[{\"@type\":\"ListItem\",\"position\":1,\"name\":\"Accueil\",\"item\":\"https:\/\/ismfrance.org\/\"},{\"@type\":\"ListItem\",\"position\":2,\"name\":\"\u00ab Conseil de la Paix \u00bb : une ONU parall\u00e8le sous l\u2019h\u00e9g\u00e9monie am\u00e9ricaine absolue\"}]},{\"@type\":\"WebSite\",\"@id\":\"https:\/\/ismfrance.org\/#website\",\"url\":\"https:\/\/ismfrance.org\/\",\"name\":\"ISM Palestine France\",\"description\":\"Soutien aux luttes de lib\u00e9ration du peuple palestinien\",\"publisher\":{\"@id\":\"https:\/\/ismfrance.org\/#organization\"},\"potentialAction\":[{\"@type\":\"SearchAction\",\"target\":{\"@type\":\"EntryPoint\",\"urlTemplate\":\"https:\/\/ismfrance.org\/?s={search_term_string}\"},\"query-input\":{\"@type\":\"PropertyValueSpecification\",\"valueRequired\":true,\"valueName\":\"search_term_string\"}}],\"inLanguage\":\"fr-FR\"},{\"@type\":\"Organization\",\"@id\":\"https:\/\/ismfrance.org\/#organization\",\"name\":\"International Solidarity Movement\",\"url\":\"https:\/\/ismfrance.org\/\",\"logo\":{\"@type\":\"ImageObject\",\"inLanguage\":\"fr-FR\",\"@id\":\"https:\/\/ismfrance.org\/#\/schema\/logo\/image\/\",\"url\":\"https:\/\/ismfrance.org\/wp-content\/uploads\/2020\/12\/00.png\",\"contentUrl\":\"https:\/\/ismfrance.org\/wp-content\/uploads\/2020\/12\/00.png\",\"width\":400,\"height\":400,\"caption\":\"International Solidarity Movement\"},\"image\":{\"@id\":\"https:\/\/ismfrance.org\/#\/schema\/logo\/image\/\"},\"sameAs\":[\"https:\/\/x.com\/ISMFRANCE\"]},{\"@type\":\"Person\",\"@id\":\"https:\/\/ismfrance.org\/#\/schema\/person\/3c411eb72adfaae19c0dca1f41fae01d\",\"name\":\"mru_01\",\"image\":{\"@type\":\"ImageObject\",\"inLanguage\":\"fr-FR\",\"@id\":\"https:\/\/secure.gravatar.com\/avatar\/3a0be343b445d2ccc79e87444a294fad2b232e90d2051d0e3cc219e1ecd6a330?s=96&d=mm&r=g\",\"url\":\"https:\/\/secure.gravatar.com\/avatar\/3a0be343b445d2ccc79e87444a294fad2b232e90d2051d0e3cc219e1ecd6a330?s=96&d=mm&r=g\",\"contentUrl\":\"https:\/\/secure.gravatar.com\/avatar\/3a0be343b445d2ccc79e87444a294fad2b232e90d2051d0e3cc219e1ecd6a330?s=96&d=mm&r=g\",\"caption\":\"mru_01\"},\"url\":\"https:\/\/ismfrance.org\/index.php\/author\/admin02\/\"}]}<\/script>\n<!-- \/ Yoast SEO plugin. -->","yoast_head_json":{"title":"\u00ab Conseil de la Paix \u00bb : une ONU parall\u00e8le sous l\u2019h\u00e9g\u00e9monie am\u00e9ricaine absolue - International Solidarity Movement - ISM-France","robots":{"index":"index","follow":"follow","max-snippet":"max-snippet:-1","max-image-preview":"max-image-preview:large","max-video-preview":"max-video-preview:-1"},"canonical":"https:\/\/ismfrance.org\/index.php\/2026\/01\/27\/conseil-de-la-paix-une-onu-parallele-sous-lhegemonie-americaine-absolue\/","og_locale":"fr_FR","og_type":"article","og_title":"\u00ab Conseil de la Paix \u00bb : une ONU parall\u00e8le sous l\u2019h\u00e9g\u00e9monie am\u00e9ricaine absolue - International Solidarity Movement - ISM-France","og_description":"Sayid Marcos Tenorio, 27 janvier 2026. L\u2019annonce faite par Donald Trump \u00e0 Davos concernant la cr\u00e9ation d\u2019un pr\u00e9tendu \u00ab Conseil de la Paix \u00bb n\u2019est pas un geste de pacification, Lire la suite &rarr;","og_url":"https:\/\/ismfrance.org\/index.php\/2026\/01\/27\/conseil-de-la-paix-une-onu-parallele-sous-lhegemonie-americaine-absolue\/","og_site_name":"International Solidarity Movement - ISM-France","article_published_time":"2026-01-27T17:36:00+00:00","article_modified_time":"2026-01-27T17:38:38+00:00","og_image":[{"width":2560,"height":1290,"url":"https:\/\/ismfrance.org\/wp-content\/uploads\/2026\/01\/map-board-of-peace.jpg","type":"image\/jpeg"}],"author":"mru_01","twitter_card":"summary_large_image","twitter_creator":"@ISMFRANCE","twitter_site":"@ISMFRANCE","twitter_misc":{"\u00c9crit par":"mru_01","Dur\u00e9e de lecture estim\u00e9e":"6 minutes"},"schema":{"@context":"https:\/\/schema.org","@graph":[{"@type":"Article","@id":"https:\/\/ismfrance.org\/index.php\/2026\/01\/27\/conseil-de-la-paix-une-onu-parallele-sous-lhegemonie-americaine-absolue\/#article","isPartOf":{"@id":"https:\/\/ismfrance.org\/index.php\/2026\/01\/27\/conseil-de-la-paix-une-onu-parallele-sous-lhegemonie-americaine-absolue\/"},"author":{"name":"mru_01","@id":"https:\/\/ismfrance.org\/#\/schema\/person\/3c411eb72adfaae19c0dca1f41fae01d"},"headline":"\u00ab Conseil de la Paix \u00bb : une ONU parall\u00e8le sous l\u2019h\u00e9g\u00e9monie am\u00e9ricaine absolue","datePublished":"2026-01-27T17:36:00+00:00","dateModified":"2026-01-27T17:38:38+00:00","mainEntityOfPage":{"@id":"https:\/\/ismfrance.org\/index.php\/2026\/01\/27\/conseil-de-la-paix-une-onu-parallele-sous-lhegemonie-americaine-absolue\/"},"wordCount":1054,"publisher":{"@id":"https:\/\/ismfrance.org\/#organization"},"image":{"@id":"https:\/\/ismfrance.org\/index.php\/2026\/01\/27\/conseil-de-la-paix-une-onu-parallele-sous-lhegemonie-americaine-absolue\/#primaryimage"},"thumbnailUrl":"https:\/\/ismfrance.org\/wp-content\/uploads\/2026\/01\/map-board-of-peace.jpg","keywords":["Imp\u00e9rialisme","Plan Trump"],"articleSection":["Analyses","Articles"],"inLanguage":"fr-FR"},{"@type":"WebPage","@id":"https:\/\/ismfrance.org\/index.php\/2026\/01\/27\/conseil-de-la-paix-une-onu-parallele-sous-lhegemonie-americaine-absolue\/","url":"https:\/\/ismfrance.org\/index.php\/2026\/01\/27\/conseil-de-la-paix-une-onu-parallele-sous-lhegemonie-americaine-absolue\/","name":"\u00ab Conseil de la Paix \u00bb : une ONU parall\u00e8le sous l\u2019h\u00e9g\u00e9monie am\u00e9ricaine absolue - International Solidarity Movement - ISM-France","isPartOf":{"@id":"https:\/\/ismfrance.org\/#website"},"primaryImageOfPage":{"@id":"https:\/\/ismfrance.org\/index.php\/2026\/01\/27\/conseil-de-la-paix-une-onu-parallele-sous-lhegemonie-americaine-absolue\/#primaryimage"},"image":{"@id":"https:\/\/ismfrance.org\/index.php\/2026\/01\/27\/conseil-de-la-paix-une-onu-parallele-sous-lhegemonie-americaine-absolue\/#primaryimage"},"thumbnailUrl":"https:\/\/ismfrance.org\/wp-content\/uploads\/2026\/01\/map-board-of-peace.jpg","datePublished":"2026-01-27T17:36:00+00:00","dateModified":"2026-01-27T17:38:38+00:00","breadcrumb":{"@id":"https:\/\/ismfrance.org\/index.php\/2026\/01\/27\/conseil-de-la-paix-une-onu-parallele-sous-lhegemonie-americaine-absolue\/#breadcrumb"},"inLanguage":"fr-FR","potentialAction":[{"@type":"ReadAction","target":["https:\/\/ismfrance.org\/index.php\/2026\/01\/27\/conseil-de-la-paix-une-onu-parallele-sous-lhegemonie-americaine-absolue\/"]}]},{"@type":"ImageObject","inLanguage":"fr-FR","@id":"https:\/\/ismfrance.org\/index.php\/2026\/01\/27\/conseil-de-la-paix-une-onu-parallele-sous-lhegemonie-americaine-absolue\/#primaryimage","url":"https:\/\/ismfrance.org\/wp-content\/uploads\/2026\/01\/map-board-of-peace.jpg","contentUrl":"https:\/\/ismfrance.org\/wp-content\/uploads\/2026\/01\/map-board-of-peace.jpg","width":2560,"height":1290},{"@type":"BreadcrumbList","@id":"https:\/\/ismfrance.org\/index.php\/2026\/01\/27\/conseil-de-la-paix-une-onu-parallele-sous-lhegemonie-americaine-absolue\/#breadcrumb","itemListElement":[{"@type":"ListItem","position":1,"name":"Accueil","item":"https:\/\/ismfrance.org\/"},{"@type":"ListItem","position":2,"name":"\u00ab Conseil de la Paix \u00bb : une ONU parall\u00e8le sous l\u2019h\u00e9g\u00e9monie am\u00e9ricaine absolue"}]},{"@type":"WebSite","@id":"https:\/\/ismfrance.org\/#website","url":"https:\/\/ismfrance.org\/","name":"ISM Palestine France","description":"Soutien aux luttes de lib\u00e9ration du peuple palestinien","publisher":{"@id":"https:\/\/ismfrance.org\/#organization"},"potentialAction":[{"@type":"SearchAction","target":{"@type":"EntryPoint","urlTemplate":"https:\/\/ismfrance.org\/?s={search_term_string}"},"query-input":{"@type":"PropertyValueSpecification","valueRequired":true,"valueName":"search_term_string"}}],"inLanguage":"fr-FR"},{"@type":"Organization","@id":"https:\/\/ismfrance.org\/#organization","name":"International Solidarity Movement","url":"https:\/\/ismfrance.org\/","logo":{"@type":"ImageObject","inLanguage":"fr-FR","@id":"https:\/\/ismfrance.org\/#\/schema\/logo\/image\/","url":"https:\/\/ismfrance.org\/wp-content\/uploads\/2020\/12\/00.png","contentUrl":"https:\/\/ismfrance.org\/wp-content\/uploads\/2020\/12\/00.png","width":400,"height":400,"caption":"International Solidarity Movement"},"image":{"@id":"https:\/\/ismfrance.org\/#\/schema\/logo\/image\/"},"sameAs":["https:\/\/x.com\/ISMFRANCE"]},{"@type":"Person","@id":"https:\/\/ismfrance.org\/#\/schema\/person\/3c411eb72adfaae19c0dca1f41fae01d","name":"mru_01","image":{"@type":"ImageObject","inLanguage":"fr-FR","@id":"https:\/\/secure.gravatar.com\/avatar\/3a0be343b445d2ccc79e87444a294fad2b232e90d2051d0e3cc219e1ecd6a330?s=96&d=mm&r=g","url":"https:\/\/secure.gravatar.com\/avatar\/3a0be343b445d2ccc79e87444a294fad2b232e90d2051d0e3cc219e1ecd6a330?s=96&d=mm&r=g","contentUrl":"https:\/\/secure.gravatar.com\/avatar\/3a0be343b445d2ccc79e87444a294fad2b232e90d2051d0e3cc219e1ecd6a330?s=96&d=mm&r=g","caption":"mru_01"},"url":"https:\/\/ismfrance.org\/index.php\/author\/admin02\/"}]}},"_links":{"self":[{"href":"https:\/\/ismfrance.org\/index.php\/wp-json\/wp\/v2\/posts\/26798","targetHints":{"allow":["GET"]}}],"collection":[{"href":"https:\/\/ismfrance.org\/index.php\/wp-json\/wp\/v2\/posts"}],"about":[{"href":"https:\/\/ismfrance.org\/index.php\/wp-json\/wp\/v2\/types\/post"}],"author":[{"embeddable":true,"href":"https:\/\/ismfrance.org\/index.php\/wp-json\/wp\/v2\/users\/3"}],"replies":[{"embeddable":true,"href":"https:\/\/ismfrance.org\/index.php\/wp-json\/wp\/v2\/comments?post=26798"}],"version-history":[{"count":5,"href":"https:\/\/ismfrance.org\/index.php\/wp-json\/wp\/v2\/posts\/26798\/revisions"}],"predecessor-version":[{"id":26805,"href":"https:\/\/ismfrance.org\/index.php\/wp-json\/wp\/v2\/posts\/26798\/revisions\/26805"}],"wp:featuredmedia":[{"embeddable":true,"href":"https:\/\/ismfrance.org\/index.php\/wp-json\/wp\/v2\/media\/26801"}],"wp:attachment":[{"href":"https:\/\/ismfrance.org\/index.php\/wp-json\/wp\/v2\/media?parent=26798"}],"wp:term":[{"taxonomy":"category","embeddable":true,"href":"https:\/\/ismfrance.org\/index.php\/wp-json\/wp\/v2\/categories?post=26798"},{"taxonomy":"post_tag","embeddable":true,"href":"https:\/\/ismfrance.org\/index.php\/wp-json\/wp\/v2\/tags?post=26798"}],"curies":[{"name":"wp","href":"https:\/\/api.w.org\/{rel}","templated":true}]}}