{"id":26783,"date":"2026-01-27T10:09:00","date_gmt":"2026-01-27T09:09:00","guid":{"rendered":"https:\/\/ismfrance.org\/?p=26783"},"modified":"2026-01-27T10:09:00","modified_gmt":"2026-01-27T09:09:00","slug":"temoignages-de-gazaouis-la-survie-qui-sorganise-au-jour-le-jour-dans-lenfer-de-gaza-partie-637-26-01-quand-la-vie-devient-un-combat-quotidien-pour-la-dig","status":"publish","type":"post","link":"https:\/\/ismfrance.org\/index.php\/2026\/01\/27\/temoignages-de-gazaouis-la-survie-qui-sorganise-au-jour-le-jour-dans-lenfer-de-gaza-partie-637-26-01-quand-la-vie-devient-un-combat-quotidien-pour-la-dig\/","title":{"rendered":"T\u00e9moignages de Gazaouis : La survie qui s\u2019organise au jour le jour dans l\u2019enfer de Gaza \u2013 partie 637 \/ 26.01 \u2013\u00a0Quand la vie devient un combat quotidien pour la dignit\u00e9"},"content":{"rendered":"<p align=\"LEFT\"><span style=\"color: #000000;\"><span style=\"font-family: Arial, sans-serif;\"><span style=\"font-size: medium;\"><strong>Brigitte Challande, 27 janvier 2026.-<\/strong> Compte rendu hebdomadaire des actions UJFP \u00e0 Gaza : une lutte pour la survie, tentative permanente de pr\u00e9server le sens au milieu de l\u2019effondrement. 26\/01.<\/span><\/span><\/span><\/p>\n<p align=\"LEFT\"><span style=\"color: #000000;\"><span style=\"font-family: Arial, sans-serif;\"><span style=\"font-size: medium;\">\u00ab\u00a0Dans la bande de Gaza, le temps ne se mesure plus en heures ni en jours, mais \u00e0 travers ce que l\u2019on parvient \u00e0 assurer comme besoins essentiels de la vie. L\u00e0-bas, obtenir un repas chaud devient un exploit quotidien, trouver un abri temporaire une petite victoire contre le froid et la peur, et offrir aux enfants un instant de s\u00e9curit\u00e9 un accomplissement humain qui d\u00e9passe tous les calculs. Cette crise n\u2019est pas un \u00e9v\u00e9nement passager, mais une structure cumulative d\u2019effondrements \u00e9conomiques, sociaux et psychologiques. Gaza aujourd\u2019hui ne fait pas face uniquement \u00e0 la destruction des infrastructures, mais \u00e0 l\u2019\u00e9rosion de l\u2019ensemble du syst\u00e8me de vie, o\u00f9 la capacit\u00e9 de travailler s\u2019effrite, la s\u00e9curit\u00e9 alimentaire recule, les services essentiels s\u2019effondrent, et la soci\u00e9t\u00e9 est pouss\u00e9e de force vers le bord de l\u2019extr\u00eame vuln\u00e9rabilit\u00e9.<\/span><\/span><\/span><\/p>\n<p align=\"LEFT\"><a href=\"https:\/\/ismfrance.org\/wp-content\/uploads\/2026\/01\/dessin1-scaled.jpg\"><img loading=\"lazy\" decoding=\"async\" class=\"alignnone size-large wp-image-26787\" src=\"https:\/\/ismfrance.org\/wp-content\/uploads\/2026\/01\/dessin1-700x394.jpg\" alt=\"\" width=\"600\" height=\"338\" srcset=\"https:\/\/ismfrance.org\/wp-content\/uploads\/2026\/01\/dessin1-700x394.jpg 700w, https:\/\/ismfrance.org\/wp-content\/uploads\/2026\/01\/dessin1-300x169.jpg 300w, https:\/\/ismfrance.org\/wp-content\/uploads\/2026\/01\/dessin1-768x432.jpg 768w, https:\/\/ismfrance.org\/wp-content\/uploads\/2026\/01\/dessin1-1536x864.jpg 1536w, https:\/\/ismfrance.org\/wp-content\/uploads\/2026\/01\/dessin1-2048x1152.jpg 2048w\" sizes=\"auto, (max-width: 600px) 100vw, 600px\" \/><\/a> <a href=\"https:\/\/ismfrance.org\/wp-content\/uploads\/2026\/01\/dessin2-scaled.jpg\"><img loading=\"lazy\" decoding=\"async\" class=\"alignnone size-large wp-image-26788\" src=\"https:\/\/ismfrance.org\/wp-content\/uploads\/2026\/01\/dessin2-700x394.jpg\" alt=\"\" width=\"600\" height=\"338\" srcset=\"https:\/\/ismfrance.org\/wp-content\/uploads\/2026\/01\/dessin2-700x394.jpg 700w, https:\/\/ismfrance.org\/wp-content\/uploads\/2026\/01\/dessin2-300x169.jpg 300w, https:\/\/ismfrance.org\/wp-content\/uploads\/2026\/01\/dessin2-768x432.jpg 768w, https:\/\/ismfrance.org\/wp-content\/uploads\/2026\/01\/dessin2-1536x864.jpg 1536w, https:\/\/ismfrance.org\/wp-content\/uploads\/2026\/01\/dessin2-2048x1152.jpg 2048w\" sizes=\"auto, (max-width: 600px) 100vw, 600px\" \/><\/a> <a href=\"https:\/\/ismfrance.org\/wp-content\/uploads\/2026\/01\/dessins-scaled.jpg\"><img loading=\"lazy\" decoding=\"async\" class=\"alignnone size-large wp-image-26789\" src=\"https:\/\/ismfrance.org\/wp-content\/uploads\/2026\/01\/dessins-700x394.jpg\" alt=\"\" width=\"600\" height=\"338\" srcset=\"https:\/\/ismfrance.org\/wp-content\/uploads\/2026\/01\/dessins-700x394.jpg 700w, https:\/\/ismfrance.org\/wp-content\/uploads\/2026\/01\/dessins-300x169.jpg 300w, https:\/\/ismfrance.org\/wp-content\/uploads\/2026\/01\/dessins-768x432.jpg 768w, https:\/\/ismfrance.org\/wp-content\/uploads\/2026\/01\/dessins-1536x864.jpg 1536w, https:\/\/ismfrance.org\/wp-content\/uploads\/2026\/01\/dessins-2048x1152.jpg 2048w\" sizes=\"auto, (max-width: 600px) 100vw, 600px\" \/><\/a><\/p>\n<p align=\"LEFT\"><span style=\"color: #000000;\"><span style=\"font-family: Arial, sans-serif;\"><span style=\"font-size: medium;\"><b>Une \u00e9conomie en chute libre<\/b><\/span><\/span><\/span><\/p>\n<p align=\"LEFT\"><span style=\"color: #000000;\"><span style=\"font-family: Arial, sans-serif;\"><span style=\"font-size: medium;\">Avant la guerre, l\u2019\u00e9conomie locale, malgr\u00e9 sa fragilit\u00e9, constituait un filet de s\u00e9curit\u00e9 relatif pour des dizaines de milliers de familles. L\u2019agriculture, la p\u00eache, les petits ateliers et les march\u00e9s locaux repr\u00e9sentaient des sources de revenus essentielles. Mais avec l\u2019\u00e9largissement des bombardements, la destruction des terres agricoles, la paralysie des ports et l\u2019effondrement des cha\u00eenes d\u2019approvisionnement, la roue de la production s\u2019est presque compl\u00e8tement arr\u00eat\u00e9e. Cet effondrement n\u2019a pas seulement cr\u00e9\u00e9 un ch\u00f4mage massif, mais a engendr\u00e9 un sentiment d\u2019impuissance collective. Les gens ne sont plus exclus du march\u00e9 du travail par manque de comp\u00e9tences ou de volont\u00e9, mais parce que le march\u00e9 lui-m\u00eame n\u2019existe plus. Avec la hausse des prix et la baisse du pouvoir d\u2019achat, des milliers de familles sont entr\u00e9es dans le cercle de l\u2019extr\u00eame pauvret\u00e9, contraintes de r\u00e9duire leur consommation alimentaire, de d\u00e9pendre de l\u2019aide humanitaire et d\u2019\u00e9puiser leurs maigres \u00e9conomies, ce qui les rend encore plus vuln\u00e9rables face \u00e0 toute nouvelle \u00e9volution.<\/span><\/span><\/span><\/p>\n<p align=\"LEFT\"><span style=\"color: #000000;\"><span style=\"font-family: Arial, sans-serif;\"><span style=\"font-size: medium;\"><b>Les files d\u2019attente pour la nourriture : une m\u00e9moire quotidienne de la crise<\/b><\/span><\/span><\/span><\/p>\n<p align=\"LEFT\"><span style=\"color: #000000;\"><span style=\"font-family: Arial, sans-serif;\"><span style=\"font-size: medium;\">Dans les rues de Gaza, les files d\u2019attente pour l\u2019aide sont devenues une image constante du paysage. Elles ne sont pas de simples rassemblements humains passagers, mais une expression silencieuse de la profondeur de la trag\u00e9die. Des enfants qui attendent sans bruit, des femmes portant des r\u00e9cipients vides dans l\u2019espoir de les remplir, et des personnes \u00e2g\u00e9es patientant avec une lourde endurance. Ces files ne repr\u00e9sentent pas seulement une crise alimentaire, mais une crise de dignit\u00e9 humaine. Lorsque le repas devient un \u00e9v\u00e9nement quotidien incertain, la s\u00e9curit\u00e9 alimentaire se transforme en r\u00eave diff\u00e9r\u00e9. Et lorsque la m\u00e8re retourne \u00e0 sa tente avec ce qu\u2019elle a obtenu, elle ne transporte pas seulement de la nourriture, mais la continuit\u00e9 de la vie pour un jour suppl\u00e9mentaire.<\/span><\/span><\/span><\/p>\n<p align=\"LEFT\"><span style=\"color: #000000;\"><span style=\"font-family: Arial, sans-serif;\"><span style=\"font-size: medium;\"><b>L\u2019aide humanitaire sous pression : la vie des civils en jeu<\/b><\/span><\/span><\/span><\/p>\n<p align=\"LEFT\"><a href=\"https:\/\/ismfrance.org\/wp-content\/uploads\/2026\/01\/prepa-repas-1.jpg\"><img loading=\"lazy\" decoding=\"async\" class=\"alignnone size-large wp-image-26790\" src=\"https:\/\/ismfrance.org\/wp-content\/uploads\/2026\/01\/prepa-repas-1-700x394.jpg\" alt=\"\" width=\"600\" height=\"338\" srcset=\"https:\/\/ismfrance.org\/wp-content\/uploads\/2026\/01\/prepa-repas-1-700x394.jpg 700w, https:\/\/ismfrance.org\/wp-content\/uploads\/2026\/01\/prepa-repas-1-300x169.jpg 300w, https:\/\/ismfrance.org\/wp-content\/uploads\/2026\/01\/prepa-repas-1-768x432.jpg 768w, https:\/\/ismfrance.org\/wp-content\/uploads\/2026\/01\/prepa-repas-1-1536x864.jpg 1536w, https:\/\/ismfrance.org\/wp-content\/uploads\/2026\/01\/prepa-repas-1.jpg 1599w\" sizes=\"auto, (max-width: 600px) 100vw, 600px\" \/><\/a> <a href=\"https:\/\/ismfrance.org\/wp-content\/uploads\/2026\/01\/sacs-legumes.jpg\"><img loading=\"lazy\" decoding=\"async\" class=\"alignnone size-large wp-image-26791\" src=\"https:\/\/ismfrance.org\/wp-content\/uploads\/2026\/01\/sacs-legumes-700x394.jpg\" alt=\"\" width=\"600\" height=\"338\" srcset=\"https:\/\/ismfrance.org\/wp-content\/uploads\/2026\/01\/sacs-legumes-700x394.jpg 700w, https:\/\/ismfrance.org\/wp-content\/uploads\/2026\/01\/sacs-legumes-300x169.jpg 300w, https:\/\/ismfrance.org\/wp-content\/uploads\/2026\/01\/sacs-legumes-768x432.jpg 768w, https:\/\/ismfrance.org\/wp-content\/uploads\/2026\/01\/sacs-legumes.jpg 1280w\" sizes=\"auto, (max-width: 600px) 100vw, 600px\" \/><\/a><\/p>\n<p align=\"LEFT\"><span style=\"color: #000000;\"><span style=\"font-family: Arial, sans-serif;\"><span style=\"font-size: medium;\">Dans ce contexte de d\u00e9pendance quasi totale \u00e0 l\u2019aide humanitaire, toute restriction impos\u00e9e au travail des organisations de secours constitue une menace directe pour la vie des habitants. La fermeture d\u2019un centre alimentaire ou la r\u00e9duction d\u2019une activit\u00e9 m\u00e9dicale ne signifie pas seulement l\u2019arr\u00eat d\u2019un service, mais la coupure d\u2019une art\u00e8re vitale pour des milliers de familles. L\u2019absence d\u2019aide ne laisse pas un vide qui peut \u00eatre combl\u00e9 localement, car la soci\u00e9t\u00e9 elle-m\u00eame est \u00e9puis\u00e9e. Avec la poursuite des restrictions, le besoin d\u2019une intervention internationale efficace devient une question de vie ou de mort. L\u2019ouverture des points de passage, la garantie du flux des aides et la protection du travail des organisations humanitaires sont devenues des conditions essentielles pour pr\u00e9venir un effondrement humanitaire plus large.<\/span><\/span><\/span><\/p>\n<p align=\"LEFT\"><span style=\"color: #000000;\"><span style=\"font-family: Arial, sans-serif;\"><span style=\"font-size: medium;\"><b>L\u2019espoir comme pratique quotidienne, et non comme discours \u00e9motionnel<\/b><\/span><\/span><\/span><\/p>\n<p align=\"LEFT\"><span style=\"color: #000000;\"><span style=\"font-family: Arial, sans-serif;\"><span style=\"font-size: medium;\">Malgr\u00e9 ce tableau sombre, Gaza continue de produire diff\u00e9rentes formes de r\u00e9sistance civile silencieuse. Une r\u00e9sistance qui ne repose pas sur les armes, mais sur la pr\u00e9servation de la vie elle-m\u00eame. Des initiatives communautaires, des cuisines solidaires, des s\u00e9ances de soutien psychologique, des espaces \u00e9ducatifs alternatifs : autant de tentatives pour cr\u00e9er de petits filets de s\u00e9curit\u00e9 au c\u0153ur d\u2019un grand effondrement. Cet espoir est pas une pratique quotidienne difficile, c\u2019est un acte accompli lorsque les gens d\u00e9cident de continuer \u00e0 s\u2019entraider, lorsqu\u2019ils refusent de se rendre compl\u00e8tement, et lorsqu\u2019ils tentent de reconstruire, de l\u2019int\u00e9rieur, ce qui peut encore \u00eatre sauv\u00e9.<\/span><\/span><\/span><\/p>\n<p align=\"LEFT\"><span style=\"color: #000000;\"><span style=\"font-family: Arial, sans-serif;\"><span style=\"font-size: medium;\"><b>UJFP : une intervention multidimensionnelle au c\u0153ur de la crise<\/b><\/span><\/span><\/span><\/p>\n<p align=\"LEFT\"><span style=\"color: #000000;\"><span style=\"font-family: Arial, sans-serif;\"><span style=\"font-size: medium;\">Dans ce contexte complexe, les \u00e9quipes de l\u2019UJFP poursuivent leur travail de terrain selon les moyens disponibles, en s\u2019appuyant sur une vision globale qui consid\u00e8re que l\u2019aide humanitaire n\u2019est pas seulement une distribution de secours, mais un syst\u00e8me d\u2019intervention int\u00e9gr\u00e9 visant l\u2019\u00eatre humain dans ses besoins essentiels, psychologiques et \u00e9ducatifs. Cette approche multidimensionnelle refl\u00e8te une compr\u00e9hension profonde de la nature de la crise \u00e0 Gaza, o\u00f9 il ne suffit pas de nourrir les affam\u00e9s sans soutien psychologique, ni d\u2019assurer l\u2019\u00e9ducation sans stabilit\u00e9 sociale et \u00e9motionnelle, et o\u00f9 la survie physique ne peut \u00eatre dissoci\u00e9e de la dignit\u00e9 humaine.<\/span><\/span><\/span><\/p>\n<p align=\"LEFT\"><span style=\"color: #000000;\"><span style=\"font-family: Arial, sans-serif;\"><span style=\"font-size: medium;\"><b>La nourriture : la premi\u00e8re ligne de d\u00e9fense de l\u2019enfance <\/b><\/span><\/span><\/span><\/p>\n<p align=\"LEFT\"><span style=\"color: #000000;\"><span style=\"font-family: Arial, sans-serif;\"><span style=\"font-size: medium;\">\u00c0 travers des centres de distribution alimentaire s\u2019\u00e9tendant d\u2019Al-Mawasi \u00e0 Khan Youn\u00e8s jusqu\u2019\u00e0 Deir al-Balah, les \u00e9quipes de l\u2019UJFP travaillent \u00e0 fournir des repas quotidiens aux familles les plus vuln\u00e9rables. Ici, le repas n\u2019est pas seulement de la nourriture, mais une protection de la sant\u00e9, un soutien \u00e0 la croissance de l\u2019enfant et une tentative de pr\u00e9server un minimum d\u2019\u00e9quilibre physique dans un environnement soumis \u00e0 un \u00e9puisement constant.<\/span><\/span><\/span><\/p>\n<p align=\"LEFT\"><a href=\"https:\/\/ismfrance.org\/wp-content\/uploads\/2026\/01\/ecole1-scaled.jpg\"><img loading=\"lazy\" decoding=\"async\" class=\"alignnone size-large wp-image-26792\" src=\"https:\/\/ismfrance.org\/wp-content\/uploads\/2026\/01\/ecole1-700x394.jpg\" alt=\"\" width=\"600\" height=\"338\" srcset=\"https:\/\/ismfrance.org\/wp-content\/uploads\/2026\/01\/ecole1-700x394.jpg 700w, https:\/\/ismfrance.org\/wp-content\/uploads\/2026\/01\/ecole1-300x169.jpg 300w, https:\/\/ismfrance.org\/wp-content\/uploads\/2026\/01\/ecole1-768x432.jpg 768w, https:\/\/ismfrance.org\/wp-content\/uploads\/2026\/01\/ecole1-1536x864.jpg 1536w, https:\/\/ismfrance.org\/wp-content\/uploads\/2026\/01\/ecole1-2048x1152.jpg 2048w\" sizes=\"auto, (max-width: 600px) 100vw, 600px\" \/><\/a><\/p>\n<p align=\"LEFT\"><span style=\"color: #000000;\"><span style=\"font-family: Arial, sans-serif;\"><span style=\"font-size: medium;\"><b>Le soutien psychologique : soigner les blessures invisibles <\/b><\/span><\/span><\/span><\/p>\n<p align=\"LEFT\"><span style=\"color: #000000;\"><span style=\"font-family: Arial, sans-serif;\"><span style=\"font-size: medium;\">Au-del\u00e0 de la faim, la guerre apporte avec elle de profondes blessures psychologiques. Les traumatismes du d\u00e9placement, la perte des proches, la peur permanente et l\u2019instabilit\u00e9 ont laiss\u00e9 des traces \u00e9videntes, en particulier chez les femmes et les enfants. C\u2019est pourquoi les \u00e9quipes de soutien psychologique organisent des s\u00e9ances destin\u00e9es aux femmes dans plusieurs zones: ces s\u00e9ances ne gu\u00e9rissent pas compl\u00e8tement la douleur, mais emp\u00eachent son accumulation, r\u00e9tablissent un certain \u00e9quilibre au sein de la famille et cr\u00e9ent un environnement psychologique plus s\u00fbr pour les enfants, directement influenc\u00e9s par l\u2019\u00e9tat \u00e9motionnel des m\u00e8res.<\/span><\/span><\/span><\/p>\n<p align=\"LEFT\"><span style=\"color: #000000;\"><span style=\"font-family: Arial, sans-serif;\"><span style=\"font-size: medium;\"><b>L\u2019\u00e9ducation : r\u00e9sister au vide et construire l\u2019avenir<\/b><\/span><\/span><\/span><\/p>\n<p align=\"LEFT\"><span style=\"color: #000000;\"><span style=\"font-family: Arial, sans-serif;\"><span style=\"font-size: medium;\">Malgr\u00e9 la destruction des \u00e9coles et la transformation de nombreuses d\u2019entre elles en centres d\u2019h\u00e9bergement, les habitants de Gaza persistent \u00e0 maintenir l\u2019\u00e9ducation en vie. C\u2019est ainsi qu\u2019ont \u00e9merg\u00e9 des initiatives \u00e9ducatives dans les camps et des espaces d\u2019apprentissage alternatifs, redonnant aux enfants un sentiment de r\u00e9gularit\u00e9 et de stabilit\u00e9. L\u2019UJFP a contribu\u00e9 \u00e0 la cr\u00e9ation de centres \u00e9ducatifs dans plusieurs zones de d\u00e9placement afin d\u2019assurer l\u2019enseignement de base et le soutien p\u00e9dagogique, et d\u2019\u00e9viter qu\u2019une g\u00e9n\u00e9ration enti\u00e8re ne soit priv\u00e9e de son droit \u00e0 l\u2019\u00e9ducation.<\/span><\/span><\/span><\/p>\n<p align=\"LEFT\"><span style=\"color: #000000;\"><span style=\"font-family: Arial, sans-serif;\"><span style=\"font-size: medium;\">Dans le camp Al-Fajr, une salle de classe modeste se transforme en un espace de r\u00e9sistance douce, o\u00f9 les enfants tiennent leurs cahiers face \u00e0 la peur. \u00c0 l\u2019ouest de Nuseirat, l\u2019\u00e9cole \u00ab La Premi\u00e8re \u00c9tape \u00bb offre un mod\u00e8le plus int\u00e9gr\u00e9, combinant enseignement acad\u00e9mique, soutien psychologique et accompagnement social. Ces mod\u00e8les confirment que l\u2019\u00e9ducation en temps de guerre ne peut \u00eatre dissoci\u00e9e de l\u2019accompagnement psychologique, ni du lien avec les familles, ni de la compr\u00e9hension de la r\u00e9alit\u00e9 complexe v\u00e9cue par les \u00e9l\u00e8ves.<\/span><\/span><\/span><\/p>\n<p align=\"LEFT\"><span style=\"color: #000000;\"><span style=\"font-family: Arial, sans-serif;\"><span style=\"font-size: medium;\"><b>L\u2019art comme fen\u00eatre de sauvetage psychologique <\/b><\/span><\/span><\/span><\/p>\n<p align=\"LEFT\"><span style=\"color: #000000;\"><span style=\"font-family: Arial, sans-serif;\"><span style=\"font-size: medium;\">Parmi les outils les plus efficaces pour soutenir les enfants, les activit\u00e9s artistiques et l\u2019art-th\u00e9rapie par le dessin se sont impos\u00e9es. \u00c0 travers leurs dessins, les enfants expriment leurs peurs, leurs souvenirs et leurs petits r\u00eaves, et trouvent un espace s\u00fbr pour se lib\u00e9rer \u00e9motionnellement. Ces s\u00e9ances ne suppriment pas la douleur, mais la transforment d\u2019un fardeau silencieux en une histoire compr\u00e9hensible et g\u00e9rable, et offrent aux enfants une meilleure capacit\u00e9 d\u2019adaptation \u00e0 leur r\u00e9alit\u00e9 difficile.<\/span><\/span><\/span><\/p>\n<p align=\"LEFT\"><a href=\"https:\/\/ismfrance.org\/wp-content\/uploads\/2026\/01\/distrib-1.jpg\"><img loading=\"lazy\" decoding=\"async\" class=\"alignnone size-large wp-image-26793\" src=\"https:\/\/ismfrance.org\/wp-content\/uploads\/2026\/01\/distrib-1-700x394.jpg\" alt=\"\" width=\"600\" height=\"338\" srcset=\"https:\/\/ismfrance.org\/wp-content\/uploads\/2026\/01\/distrib-1-700x394.jpg 700w, https:\/\/ismfrance.org\/wp-content\/uploads\/2026\/01\/distrib-1-300x169.jpg 300w, https:\/\/ismfrance.org\/wp-content\/uploads\/2026\/01\/distrib-1-768x432.jpg 768w, https:\/\/ismfrance.org\/wp-content\/uploads\/2026\/01\/distrib-1-1536x864.jpg 1536w, https:\/\/ismfrance.org\/wp-content\/uploads\/2026\/01\/distrib-1.jpg 1600w\" sizes=\"auto, (max-width: 600px) 100vw, 600px\" \/><\/a> <a href=\"https:\/\/ismfrance.org\/wp-content\/uploads\/2026\/01\/distrib1-1.jpg\"><img loading=\"lazy\" decoding=\"async\" class=\"alignnone size-large wp-image-26794\" src=\"https:\/\/ismfrance.org\/wp-content\/uploads\/2026\/01\/distrib1-1-700x394.jpg\" alt=\"\" width=\"600\" height=\"338\" srcset=\"https:\/\/ismfrance.org\/wp-content\/uploads\/2026\/01\/distrib1-1-700x394.jpg 700w, https:\/\/ismfrance.org\/wp-content\/uploads\/2026\/01\/distrib1-1-300x169.jpg 300w, https:\/\/ismfrance.org\/wp-content\/uploads\/2026\/01\/distrib1-1-768x432.jpg 768w, https:\/\/ismfrance.org\/wp-content\/uploads\/2026\/01\/distrib1-1-1536x864.jpg 1536w, https:\/\/ismfrance.org\/wp-content\/uploads\/2026\/01\/distrib1-1.jpg 1599w\" sizes=\"auto, (max-width: 600px) 100vw, 600px\" \/><\/a><\/p>\n<p align=\"LEFT\"><span style=\"color: #000000;\"><span style=\"font-family: Arial, sans-serif;\"><span style=\"font-size: medium;\"><b>Gaza : quand la vie na\u00eet des cendres <\/b><\/span><\/span><\/span><\/p>\n<p align=\"LEFT\"><span style=\"color: #000000;\"><span style=\"font-family: Arial, sans-serif;\"><span style=\"font-size: medium;\">Le travail humanitaire \u00e0 Gaza est une n\u00e9cessit\u00e9 existentielle pour sauver des vies et pr\u00e9server la dignit\u00e9 humaine: la capacit\u00e9 \u00e0 reconstruire l\u2019espoir au sein d\u2019une r\u00e9alit\u00e9 d\u00e9pourvue des conditions les plus \u00e9l\u00e9mentaires de stabilit\u00e9. Lorsque la nourriture, l\u2019\u00e9ducation et le soutien psychologique se combinent dans un syst\u00e8me unifi\u00e9, la survie se transforme d\u2019un \u00e9tat d\u2019urgence en un acte de vie. Ces espaces d\u2019espoir n\u2019auraient pas exist\u00e9 sans des partenaires qui ont choisi de se tenir aux c\u00f4t\u00e9s de Gaza par des actes et non par des mots. Chaque enfant retourn\u00e9 sur les bancs de l\u2019\u00e9cole, chaque famille ayant re\u00e7u un repas pour tenir la journ\u00e9e, chaque m\u00e8re ayant trouv\u00e9 un espace pour respirer au milieu de la pression, est le fruit d\u2019une solidarit\u00e9 humaine convaincue que le don peut cr\u00e9er une diff\u00e9rence concr\u00e8te. Ce partenariat demeure plus important que jamais, car les d\u00e9fis grandissent plus vite que les capacit\u00e9s, et la continuit\u00e9 de cet impact d\u00e9pend de la continuit\u00e9 de ce soutien.\u00a0\u00bb<\/span><\/span><\/span><\/p>\n<pre><span style=\"color: #000000;\"><span style=\"font-family: Arial, sans-serif;\"><span style=\"font-size: medium;\"><b>Photos et vid\u00e9os de la distribution de repas<\/b><\/span><\/span><\/span>\r\n\r\n<span style=\"color: #000000;\"><span style=\"font-family: Arial, sans-serif;\"><span style=\"font-size: medium;\">* <a href=\"https:\/\/drive.google.com\/drive\/folders\/11JYhRi6NSLoyOZTcbvnjCfiEz5nAxdQs\">aux familles du camp des agriculteurs<\/a><\/span><\/span><\/span>\r\n\r\n<span style=\"color: #000000;\"><span style=\"font-family: Arial, sans-serif;\"><span style=\"font-size: medium;\">* <a href=\"https:\/\/drive.google.com\/drive\/folders\/1GOmJKFyKG31FuKxhj0D4yCwll_Mi2bjU\">aux familles du camp d'Al-Hilal<\/a><\/span><\/span><\/span>\r\n\r\n<span style=\"color: #000000;\"><span style=\"font-family: Arial, sans-serif;\"><span style=\"font-size: medium;\"><a href=\"https:\/\/drive.google.com\/drive\/folders\/1KE4IyKT8P7_fWtPyYIEEqyb62jdS7zKD\">Photos et vid\u00e9os des programmes \u00e9ducatifs<\/a><\/span><\/span><\/span><\/pre>\n<hr \/>\n<p style=\"text-align: center;\" align=\"LEFT\"><strong><span style=\"color: #000000;\"><span style=\"font-family: Arial, sans-serif;\"><span style=\"font-size: medium;\">Rapport de l\u2019atelier de soutien psychosocial \u2013 Camp Al-Asdiqa \/ Ouest de Deir al-Balah. <\/span><\/span><\/span><\/strong><\/p>\n<p><strong><span style=\"color: #000000;\"><span style=\"font-family: Arial, sans-serif;\"><span style=\"font-size: medium;\">Titre de la s\u00e9ance : \u00ab Confession de l\u2019\u00e2me : comp\u00e9tences d\u2019expression des \u00e9motions en temps de crise \u00bb. 26 janvier 2026.<\/span><\/span><\/span><\/strong><\/p>\n<p align=\"LEFT\"><span style=\"color: #000000;\"><span style=\"font-family: Arial, sans-serif;\"><span style=\"font-size: medium;\">\u00ab\u00a0Dans les tentes de d\u00e9placement, o\u00f9 les voix des enfants se m\u00ealent \u00e0 l\u2019\u00e9cho de l\u2019angoisse, et o\u00f9 les larmes s\u2019entrelacent avec les tentatives quotidiennes de r\u00e9silience, les femmes vivent une r\u00e9alit\u00e9 psychologique extr\u00eamement difficile.<br \/>\nLa femme d\u00e9plac\u00e9e ne porte pas seulement le poids de la perte et du d\u00e9racinement, mais assume \u00e9galement la responsabilit\u00e9 de prot\u00e9ger sa famille sur le plan psychologique et moral. Elle est souvent contrainte de cacher sa douleur afin d\u2019appara\u00eetre forte devant ses enfants.<\/span><\/span><\/span><\/p>\n<p align=\"LEFT\"><span style=\"color: #000000;\"><span style=\"font-family: Arial, sans-serif;\"><span style=\"font-size: medium;\">Dans cette r\u00e9alit\u00e9 pleine de d\u00e9fis, les \u00e9motions refoul\u00e9es deviennent un fardeau lourd qui \u00e9puise l\u2019\u00e2me et vide l\u2019\u00e9nergie psychique. La tente se transforme ainsi, d\u2019un simple abri temporaire, en un espace \u00e9troit qui abrite la tristesse, la peur, l\u2019anxi\u00e9t\u00e9 et la nostalgie des maisons d\u00e9truites et des souvenirs dispers\u00e9s. C\u2019est dans ce contexte que l\u2019importance des interventions de soutien psychosocial appara\u00eet clairement, visant \u00e0 r\u00e9parer ce qui s\u2019est bris\u00e9 \u00e0 l\u2019int\u00e9rieur et \u00e0 r\u00e9tablir l\u2019\u00e9quilibre chez les femmes qui se retrouvent en premi\u00e8re ligne face aux cons\u00e9quences de la guerre et du d\u00e9placement.<\/span><\/span><\/span><\/p>\n<p align=\"LEFT\"><span style=\"color: #000000;\"><span style=\"font-family: Arial, sans-serif;\"><span style=\"font-size: medium;\">Dans ce cadre, l\u2019\u00e9quipe de la fondation UJFP a mis en \u0153uvre une s\u00e9ance sp\u00e9cialis\u00e9e de soutien psychosocial au camp Al-Asdiqa, \u00e0 l\u2019ouest de Deir al-Balah, dans la r\u00e9gion centrale de la bande de Gaza. Vingt femmes d\u00e9plac\u00e9es, r\u00e9sidentes du camp, ont particip\u00e9 \u00e0 cette s\u00e9ance. Elles vivent des conditions humanitaires et psychologiques difficiles en raison de la perte de leurs maisons, de la dispersion des familles et des pressions de la vie quotidienne dans un environnement de d\u00e9placement.<\/span><\/span><\/span><\/p>\n<p align=\"LEFT\"><span style=\"color: #000000;\"><span style=\"font-family: Arial, sans-serif;\"><span style=\"font-size: medium;\">La s\u00e9ance a d\u00e9but\u00e9 par une pr\u00e9sentation initiale entre l\u2019\u00e9quipe de l\u2019UJFP et les participantes, au cours de laquelle la fondation, sa mission humanitaire et sociale, ainsi que son r\u00f4le dans le soutien aux groupes affect\u00e9s, en particulier les femmes et les enfants dans les zones de d\u00e9placement, ont \u00e9t\u00e9 pr\u00e9sent\u00e9s. Les participantes ont \u00e9galement fait connaissance entre elles dans une atmosph\u00e8re conviviale visant \u00e0 briser les barri\u00e8res psychologiques et \u00e0 instaurer un sentiment de s\u00e9curit\u00e9 et de confiance mutuelle au sein du groupe. Cette interaction initiale a contribu\u00e9 \u00e0 cr\u00e9er un environnement de soutien encourageant les femmes \u00e0 s\u2019ouvrir et \u00e0 participer sans peur ni h\u00e9sitation.<\/span><\/span><\/span><\/p>\n<p align=\"LEFT\"><a href=\"https:\/\/ismfrance.org\/wp-content\/uploads\/2026\/01\/IMG_8612.jpg\"><img loading=\"lazy\" decoding=\"async\" class=\"size-large wp-image-26784 aligncenter\" src=\"https:\/\/ismfrance.org\/wp-content\/uploads\/2026\/01\/IMG_8612-700x525.jpg\" alt=\"\" width=\"600\" height=\"450\" srcset=\"https:\/\/ismfrance.org\/wp-content\/uploads\/2026\/01\/IMG_8612-700x525.jpg 700w, https:\/\/ismfrance.org\/wp-content\/uploads\/2026\/01\/IMG_8612-300x225.jpg 300w, https:\/\/ismfrance.org\/wp-content\/uploads\/2026\/01\/IMG_8612-768x576.jpg 768w, https:\/\/ismfrance.org\/wp-content\/uploads\/2026\/01\/IMG_8612-1536x1152.jpg 1536w, https:\/\/ismfrance.org\/wp-content\/uploads\/2026\/01\/IMG_8612-350x263.jpg 350w, https:\/\/ismfrance.org\/wp-content\/uploads\/2026\/01\/IMG_8612.jpg 1600w\" sizes=\"auto, (max-width: 600px) 100vw, 600px\" \/><\/a><span style=\"color: #000000;\"><span style=\"font-family: Arial, sans-serif;\"><span style=\"font-size: medium;\">La s\u00e9ance portait le titre \u00ab <strong>Confession de l\u2019\u00e2me : comp\u00e9tences d\u2019expression des \u00e9motions en temps de crise<\/strong> \u00bb, un titre qui refl\u00e8te l\u2019essence de l\u2019activit\u00e9 et ses principaux objectifs. Elle s\u2019est concentr\u00e9e sur l\u2019aide aux femmes pour transformer le silence int\u00e9rieur et la pression psychologique en paroles et en \u00e9motions exprim\u00e9es, au lieu de les accumuler int\u00e9rieurement de mani\u00e8re nuisible pour le corps et l\u2019esprit. Elle visait \u00e9galement \u00e0 renforcer la conscience de l\u2019importance de l\u2019expression saine des \u00e9motions comme \u00e9l\u00e9ment essentiel du processus de r\u00e9tablissement psychologique.<\/span><\/span><\/span><\/p>\n<p align=\"LEFT\"><span style=\"color: #000000;\"><span style=\"font-family: Arial, sans-serif;\"><span style=\"font-size: medium;\">Le contexte de la s\u00e9ance est issu de la r\u00e9alit\u00e9 v\u00e9cue par la plupart des femmes d\u00e9plac\u00e9es, o\u00f9 la femme est contrainte de r\u00e9primer ses \u00e9motions pour para\u00eetre forte devant ses enfants et sa famille. Cette r\u00e9pression continue conduit souvent \u00e0 un isolement \u00e9motionnel \u00e9touffant, ainsi qu\u2019\u00e0 des sympt\u00f4mes psychologiques et physiques r\u00e9sultant de la pression interne.<br \/>\nAinsi, cette s\u00e9ance est venue r\u00e9habiliter la valeur des \u00e9motions humaines et affirmer que la tristesse, la peur et l\u2019anxi\u00e9t\u00e9 ne sont pas des signes de faiblesse, mais des r\u00e9actions naturelles \u00e0 une r\u00e9alit\u00e9 anormale. Accorder \u00e0 ces \u00e9motions un espace s\u00fbr pour appara\u00eetre et s\u2019exprimer constitue une \u00e9tape fondamentale vers la gu\u00e9rison et la stabilit\u00e9 psychologique.<\/span><\/span><\/span><\/p>\n<p align=\"LEFT\"><span style=\"color: #000000;\"><span style=\"font-family: Arial, sans-serif;\"><span style=\"font-size: medium;\">La s\u00e9ance visait \u00e0 atteindre plusieurs objectifs psychologiques et sociaux, parmi lesquels :<\/span><\/span><\/span><\/p>\n<ul>\n<li>\n<p align=\"LEFT\"><span style=\"color: #000000;\"><span style=\"font-family: Arial, sans-serif;\"><span style=\"font-size: medium;\">Sensibiliser les participantes \u00e0 l\u2019importance de l\u2019expression verbale et non verbale des \u00e9motions.<\/span><\/span><\/span><\/p>\n<\/li>\n<li>\n<p align=\"LEFT\"><span style=\"color: #000000;\"><span style=\"font-family: Arial, sans-serif;\"><span style=\"font-size: medium;\">Fournir aux femmes des comp\u00e9tences de \u00ab nomination des \u00e9motions \u00bb comme moyen de r\u00e9duire la tension int\u00e9rieure.<\/span><\/span><\/span><\/p>\n<\/li>\n<li>\n<p align=\"LEFT\"><span style=\"color: #000000;\"><span style=\"font-family: Arial, sans-serif;\"><span style=\"font-size: medium;\">Offrir un environnement s\u00fbr pour le partage \u00e9motionnel sans jugement ni critique.<\/span><\/span><\/span><\/p>\n<\/li>\n<li>\n<p align=\"LEFT\"><span style=\"color: #000000;\"><span style=\"font-family: Arial, sans-serif;\"><span style=\"font-size: medium;\">Renforcer l\u2019esprit de soutien collectif et le sentiment de ne pas \u00eatre seules face \u00e0 la douleur.<\/span><\/span><\/span><\/p>\n<\/li>\n<\/ul>\n<p align=\"LEFT\"><span style=\"color: #000000;\"><span style=\"font-family: Arial, sans-serif;\"><span style=\"font-size: medium;\">Le contenu de la s\u00e9ance comprenait plusieurs axes interactifs et pratiques, con\u00e7us en ad\u00e9quation avec la r\u00e9alit\u00e9 des femmes et leurs conditions psychologiques.<\/span><\/span><\/span><\/p>\n<p align=\"LEFT\"><span style=\"color: #000000;\"><span style=\"font-family: Arial, sans-serif;\"><span style=\"font-size: medium;\">Dans le premier axe, l\u2019exercice du \u00ab <strong>dictionnaire des \u00e9motions<\/strong> \u00bb a \u00e9t\u00e9 r\u00e9alis\u00e9, au cours duquel les participantes ont \u00e9t\u00e9 invit\u00e9es \u00e0 identifier pr\u00e9cis\u00e9ment leurs \u00e9motions et \u00e0 distinguer entre la peur, la tristesse, la col\u00e8re, la d\u00e9ception et l\u2019anxi\u00e9t\u00e9. Il a \u00e9t\u00e9 expliqu\u00e9 que le simple fait de nommer une \u00e9motion aide \u00e0 en r\u00e9duire l\u2019intensit\u00e9 et donne \u00e0 la personne une plus grande capacit\u00e9 \u00e0 contr\u00f4ler sa r\u00e9ponse psychologique.<\/span><\/span><\/span><\/p>\n<p align=\"LEFT\"><span style=\"color: #000000;\"><span style=\"font-family: Arial, sans-serif;\"><span style=\"font-size: medium;\">Le deuxi\u00e8me axe s\u2019est concentr\u00e9 sur le \u00ab<strong> langage du corps et le dessin<\/strong> \u00bb, en utilisant des techniques non verbales pour exprimer des \u00e9motions que les mots peinent parfois \u00e0 d\u00e9crire. Les participantes ont dessin\u00e9 ce qu\u2019elles ressentaient, identifi\u00e9 les zones de douleur dans leur corps et exprim\u00e9 les pressions psychologiques par des moyens cr\u00e9atifs. Cette activit\u00e9 a aid\u00e9 les femmes \u00e0 lib\u00e9rer les charges \u00e9motionnelles refoul\u00e9es et \u00e0 ouvrir un espace de r\u00e9flexion personnelle et de connexion avec leurs \u00e9motions int\u00e9rieures.<\/span><\/span><\/span><\/p>\n<p align=\"LEFT\"><span style=\"color: #000000;\"><span style=\"font-family: Arial, sans-serif;\"><span style=\"font-size: medium;\">Dans le troisi\u00e8me axe, l\u2019activit\u00e9 \u00ab <strong>Une lettre \u00e0 moi-m\u00eame<\/strong> \u00bb a \u00e9t\u00e9 mise en \u0153uvre. Il s\u2019agit d\u2019un exercice d\u2019\u00e9criture visant \u00e0 renforcer la r\u00e9conciliation avec soi-m\u00eame. Les participantes ont \u00e9crit des lettres \u00e0 elles-m\u00eames, dans lesquelles elles ont exprim\u00e9 la douleur, l\u2019espoir, la peur et le d\u00e9sir de continuer malgr\u00e9 les difficult\u00e9s. Cette activit\u00e9 a constitu\u00e9 un moment \u00e9motionnel fort, aidant de nombreuses femmes \u00e0 renouer positivement avec leur monde int\u00e9rieur.<\/span><\/span><\/span><\/p>\n<p align=\"LEFT\"><span style=\"color: #000000;\"><span style=\"font-family: Arial, sans-serif;\"><span style=\"font-size: medium;\">Au cours de la s\u00e9ance, plusieurs t\u00e9moignages humains poignants ont \u00e9merg\u00e9, refl\u00e9tant \u00e0 la fois la profondeur de la souffrance et la force de la volont\u00e9. Une m\u00e8re a partag\u00e9, les larmes retenues, en disant : \u00ab <em>Pendant des mois, j\u2019ai gard\u00e9 ma boule dans la gorge pour que mes enfants ne voient pas ma faiblesse. Je pensais que le silence \u00e9tait une force. Aujourd\u2019hui, j\u2019ai senti que les mots que j\u2019ai exprim\u00e9s ont all\u00e9g\u00e9 un poids \u00e9norme de ma poitrine. J\u2019ai appris que pour \u00eatre forte pour mes enfants, je dois d\u2019abord me permettre de ressentir la tristesse et d\u2019exprimer ce qu\u2019il y a en moi.<\/em> \u00bb<\/span><\/span><\/span><\/p>\n<p align=\"LEFT\"><span style=\"color: #000000;\"><span style=\"font-family: Arial, sans-serif;\"><span style=\"font-size: medium;\">Une autre participante a d\u00e9clar\u00e9 : \u00ab <em>Je ne savais pas que je portais autant de peur en moi. Quand j\u2019ai dessin\u00e9 ce que je ressentais et que je l\u2019ai partag\u00e9 avec les autres femmes, j\u2019ai senti que je n\u2019\u00e9tais pas \u00e9trang\u00e8re et que mes \u00e9motions \u00e9taient tout \u00e0 fait normales au vu de ce que nous vivons. Je suis sortie aujourd\u2019hui avec une paix int\u00e9rieure que je n\u2019avais pas ressentie depuis le d\u00e9but du d\u00e9placement.<\/em> \u00bb<\/span><\/span><\/span><\/p>\n<p align=\"LEFT\"><span style=\"color: #000000;\"><span style=\"font-family: Arial, sans-serif;\"><span style=\"font-size: medium;\">Ces t\u00e9moignages ont refl\u00e9t\u00e9 le besoin urgent de ce type de s\u00e9ances psychosociales, qui offrent aux femmes un espace d\u2019expression, de soutien et d\u2019all\u00e8gement des lourds fardeaux psychologiques.<\/span><\/span><\/span><\/p>\n<p align=\"LEFT\"><span style=\"color: #000000;\"><span style=\"font-family: Arial, sans-serif;\"><span style=\"font-size: medium;\">La s\u00e9ance s\u2019est conclue par l\u2019affirmation de l\u2019\u00e9quipe de l\u2019UJFP quant \u00e0 l\u2019importance de poursuivre ces activit\u00e9s et d\u2019\u00e9largir la port\u00e9e du soutien psychosocial afin d\u2019atteindre le plus grand nombre possible de femmes dans les camps de d\u00e9placement. Les participantes ont \u00e9galement \u00e9t\u00e9 encourag\u00e9es \u00e0 appliquer les comp\u00e9tences acquises dans leur vie quotidienne, que ce soit par la parole, l\u2019\u00e9criture, le dessin ou m\u00eame en partageant leurs \u00e9motions avec des personnes de confiance.<\/span><\/span><\/span><\/p>\n<p align=\"LEFT\"><span style=\"color: #000000;\"><span style=\"font-family: Arial, sans-serif;\"><span style=\"font-size: medium;\">En conclusion, on peut dire que cette s\u00e9ance n\u2019\u00e9tait pas un simple atelier de formation, mais un espace humain pour la confession, la respiration et la r\u00e9cup\u00e9ration d\u2019une partie de l\u2019\u00e9quilibre psychologique perdu. Elle a constitu\u00e9 une \u00e9tape importante vers la r\u00e9paration des \u00e2mes \u00e9puis\u00e9es et le renforcement de la r\u00e9silience des femmes face \u00e0 la dure r\u00e9alit\u00e9 du d\u00e9placement.<br \/>\nCette exp\u00e9rience a \u00e9galement confirm\u00e9 que le soutien psychologique des femmes est un investissement dans la stabilit\u00e9 de la famille et de la soci\u00e9t\u00e9 dans son ensemble, et que la prise en charge de la sant\u00e9 mentale n\u2019est pas moins importante que la satisfaction des autres besoins essentiels.<\/span><\/span><\/span><\/p>\n<p align=\"LEFT\"><span style=\"color: #000000;\"><span style=\"font-family: Arial, sans-serif;\"><span style=\"font-size: medium;\">L\u2019espoir demeure que de telles initiatives se poursuivent, afin d\u2019\u00eatre une petite lumi\u00e8re dans l\u2019obscurit\u00e9 du d\u00e9placement et une fen\u00eatre d\u2019espoir vers la gu\u00e9rison et la r\u00e9silience.\u00a0\u00bb<\/span><\/span><\/span><\/p>\n<p align=\"LEFT\"><em><strong><span style=\"color: #000000;\"><span style=\"font-family: Arial, sans-serif;\"><span style=\"font-size: medium;\">Photos et vid\u00e9os <a href=\"https:\/\/drive.google.com\/drive\/folders\/1aZFDjbwMF-sVm7R3ewkHuOmqm0nckMGt\">ICI<\/a>.<\/span><\/span><\/span><\/strong><\/em><\/p>\n<hr \/>\n<p align=\"LEFT\"><strong>Retrouvez l\u2019ensemble des t\u00e9moignages d\u2019Abu Amir et Marsel :<\/strong><\/p>\n<pre>*<strong>Abu Amir Mutasem Ele\u00efwa<\/strong> est coordinateur des Projets paysans depuis 2016 au sud de la bande de Gaza et correspondant de l\u2019Union Juive Fran\u00e7aise pour la Paix.\r\n*<strong>Marsel Alledawi<\/strong> est responsable du Centre Ibn Sina du nord de la bande de Gaza, centre qui se consacre au suivi \u00e9ducatif et psychologique de l\u2019enfance.\r\nTous les deux sont soutenus par l\u2019UJFP en France.<\/pre>\n<p><strong>\u00a0<a href=\"https:\/\/ismfrance.org\/index.php\/2026\/01\/02\/temoignages-de-gazaouis-la-survie-qui-sorganise-au-jour-le-jour-dans-lenfer-de-gaza-partie-615-01-01-la-liberte-un-reve-differe-pour-les-habitants-de-ga\/\">Partie 615<\/a>\u00a0: 1er janvier 2026.\u00a0<a href=\"https:\/\/ismfrance.org\/index.php\/2026\/01\/03\/temoignages-de-gazaouis-la-survie-qui-sorganise-au-jour-le-jour-dans-lenfer-de-gaza-partie-616-02-01-leau-contaminee-un-nouveau-risque-mortel\/\">Partie 616<\/a>\u00a0: 2 janvier.\u00a0<a href=\"https:\/\/ismfrance.org\/index.php\/2026\/01\/05\/temoignages-de-gazaouis-la-survie-qui-sorganise-au-jour-le-jour-dans-lenfer-de-gaza-partie-617-04-01-avec-leducation-transformer-la-guerre-en-o\/\">Partie 617<\/a>\u00a0: 4 janvier.\u00a0<a href=\"https:\/\/ismfrance.org\/index.php\/2026\/01\/06\/temoignages-de-gazaouis-la-survie-qui-sorganise-au-jour-le-jour-dans-lenfer-de-gaza-partie-618-05-01-un-plan-israelien-de-demantelement-methodique\/\">Partie 618<\/a>\u00a0: 5 janvier.\u00a0<a href=\"https:\/\/ismfrance.org\/index.php\/2026\/01\/07\/temoignages-de-gazaouis-la-survie-qui-sorganise-au-jour-le-jour-dans-lenfer-de-gaza-partie-619-06-01-continuer-coute-que-coute-a-soutenir-la-population\/\">Partie 619<\/a>\u00a0: 6 janvier.\u00a0<a href=\"https:\/\/ismfrance.org\/index.php\/2026\/01\/08\/temoignages-de-gazaouis-la-survie-qui-sorganise-au-jour-le-jour-dans-lenfer-de-gaza-partie-620-06-01-1-le-discours-cru-du-ministre-de-la-defense-israe\/\">Partie 620<\/a>\u00a0: 6 janvier (1).\u00a0<a href=\"https:\/\/ismfrance.org\/index.php\/2026\/01\/08\/temoignages-de-gazaouis-la-survie-qui-sorganise-au-jour-le-jour-dans-lenfer-de-gaza-partie-621-07-01-comment-le-soutien-psychologique-peut-proteger-de-la\/\">Partie 621<\/a>\u00a0: 7 janvier.\u00a0<a href=\"https:\/\/ismfrance.org\/index.php\/2026\/01\/09\/temoignages-de-gazaouis-la-survie-qui-sorganise-au-jour-le-jour-dans-lenfer-de-gaza-partie-622-08-01-entre-la-tente-et-lattente-redonner-une-c\/\">Partie 622<\/a>\u00a0: 8 janvier.\u00a0<a href=\"https:\/\/ismfrance.org\/index.php\/2026\/01\/10\/26332\/\">Partie 623<\/a>\u00a0: 9 janvier.\u00a0<a href=\"https:\/\/ismfrance.org\/index.php\/2026\/01\/11\/temoignages-de-gazaouis-la-survie-qui-sorganise-au-jour-le-jour-dans-lenfer-de-gaza-partie-624-09-01-1-violations-incessantes-funerailles-permanentes\/\">Partie 624<\/a>\u00a0: 9 janvier (1).\u00a0<a href=\"https:\/\/ismfrance.org\/index.php\/2026\/01\/12\/26396\/\">Partie 625<\/a>\u00a0: 10 janvier.\u00a0<a href=\"https:\/\/ismfrance.org\/index.php\/2026\/01\/12\/temoignages-de-gazaouis-la-survie-qui-sorganise-au-jour-le-jour-dans-lenfer-de-gaza-partie-626-11-01-role-des-centres-educatifs-et-de-lecole\/\">Partie 626<\/a>\u00a0: 11 janvier.\u00a0<a href=\"https:\/\/ismfrance.org\/index.php\/2026\/01\/13\/temoignages-de-gazaouis-la-survie-qui-sorganise-au-jour-le-jour-dans-lenfer-de-gaza-partie-627-13-01-gaza-encore-au-coeur-dune-tempete-meteorolo\/\">Partie 627<\/a>\u00a0: 13 janvier.\u00a0<a href=\"https:\/\/ismfrance.org\/index.php\/2026\/01\/16\/temoignages-de-gazaouis-la-survie-qui-sorganise-au-jour-le-jour-dans-lenfer-de-gaza-partie-628-14-01-une-crise-de-panique-des-interets-europeens\/\">Partie 628<\/a>\u00a0: 14 janvier.\u00a0<a href=\"https:\/\/ismfrance.org\/index.php\/2026\/01\/18\/temoignages-de-gazaouis-la-survie-qui-sorganise-au-jour-le-jour-dans-lenfer-de-gaza-partie-629-17-01-un-atelier-pour-sauver-les-meres-et-leurs-enfants-au\/\">Partie 629<\/a>\u00a0: 17 janvier.\u00a0<a href=\"https:\/\/ismfrance.org\/index.php\/2026\/01\/19\/temoignages-de-gazaouis-la-survie-qui-sorganise-au-jour-le-jour-dans-lenfer-de-gaza-partie-630-18-01-la-deuxieme-phase-du-cessez-le-feu-a-la-reingenier\/\">Partie 630<\/a>\u00a0: 18 janvier.\u00a0<a href=\"https:\/\/ismfrance.org\/index.php\/2026\/01\/20\/temoignages-de-gazaouis-la-survie-qui-sorganise-au-jour-le-jour-dans-lenfer-de-gaza-partie-631-19-01-quand-la-voix-devient-une-patrie\/\">Partie 631<\/a>\u00a0: 19 janvier.\u00a0<a href=\"https:\/\/ismfrance.org\/index.php\/2026\/01\/21\/temoignages-de-gazaouis-la-survie-qui-sorganise-au-jour-le-jour-dans-lenfer-de-gaza-partie-632-19-01-1-les-dechets-accumules-une-bombe-sanitaire-a-ret\/\">Partie 632<\/a>\u00a0: 19 janvier (1).\u00a0<a href=\"https:\/\/ismfrance.org\/index.php\/2026\/01\/22\/temoignages-de-gazaouis-la-survie-qui-sorganise-au-jour-le-jour-dans-lenfer-de-gaza-partie-633-21-01-fabriquer-des-raisons-de-vivre\/\">Partie 633<\/a>\u00a0: 20 janvier.\u00a0<a href=\"https:\/\/ismfrance.org\/index.php\/2026\/01\/23\/26710\/\">Partie 634<\/a>\u00a0: 23 janvier.\u00a0<a href=\"https:\/\/ismfrance.org\/index.php\/2026\/01\/24\/temoignages-de-gazaouis-la-survie-qui-sorganise-au-jour-le-jour-dans-lenfer-de-gaza-partie-635-23-01-1-la-bataille-de-la-survie-dans-les-champs\/\">Partie 635<\/a> : 23 janvier (1). <a href=\"https:\/\/ismfrance.org\/index.php\/2026\/01\/25\/temoignages-de-gazaouis-la-survie-qui-sorganise-au-jour-le-jour-dans-lenfer-de-gaza-partie-636-24-01-gaza-aux-encheres-politiques-ouvertes\/\">Partie 636<\/a> : 24 janvier.<\/strong><\/p>\n<pre class=\"western\"><strong><em><i>* <\/i><\/em><em><a href=\"https:\/\/ismfrance.org\/index.php\/temoignages-gazaouis-survie-enfer-gaza-1\/\" target=\"_blank\" rel=\"noopener\"><i>T\u00e9moignages du 20 novembre 2023 au 5 janvier 2025 (partie 1 \u00e0 268)<\/i><\/a><\/em>\r\n<i>* <\/i><\/strong><strong><a href=\"https:\/\/ismfrance.org\/index.php\/2025\/05\/11\/temoignages-de-gazaouis-la-survie-qui-sorganise-au-jour-le-jour-dans-lenfer-de-gaza-recapitulatif-du-5-janvier-au-9-mai-2025-partie-269-a-392\/\"><i>T\u00e9moignages du 5 janvier au 9 mai 2025 (partie 269 \u00e0 392)<\/i><\/a><\/strong>\r\n<strong><i>*<\/i><\/strong><i> <\/i><strong><a href=\"https:\/\/ismfrance.org\/index.php\/2025\/10\/07\/temoignages-de-gazaouis-la-survie-qui-sorganise-au-jour-le-jour-dans-lenfer-de-gaza-recapitulatif-du-10-mai-au-5-octobre-2025-partie-393-a-540\/\"><i>T\u00e9moignages du 10 mai au 5 octobre 2025 (partie 393 \u00e0 540)<\/i><\/a>\r\n* <em><a href=\"https:\/\/ismfrance.org\/index.php\/2026\/01\/03\/temoignages-de-gazaouis-la-survie-qui-sorganise-au-jour-le-jour-dans-lenfer-de-gaza-recapitulatif-du-6-octobre-au-31-decembre-2025-partie-541-a-614\/\">T\u00e9moignages du 6 octobre au 31 d\u00e9cembre 2025 (partie 541 \u00e0 614)<\/a><\/em><\/strong><\/pre>\n<pre><strong>Pour participer \u00e0 la collecte \"Urgence Guerre \u00e0 Gaza\" : <\/strong><strong><a href=\"https:\/\/www.helloasso.com\/associations\/union-juive-francaise-pour-la-paix\/collectes\/urgence-guerre-a-gaza\">HelloAsso.com<\/a><\/strong>\r\n<strong>Les t\u00e9moignages sont publi\u00e9s sur <\/strong><strong><a href=\"https:\/\/ujfp.org\/\">UJFP<\/a> \/<\/strong><strong>\u00a0<a href=\"https:\/\/altermidi.org\/\">Altermidi<\/a> \/ <a href=\"https:\/\/lepoing.net\/\">Le Poing<\/a><\/strong><\/pre>\n","protected":false},"excerpt":{"rendered":"<p>Brigitte Challande, 27 janvier 2026.- Compte rendu hebdomadaire des actions UJFP \u00e0 Gaza : une lutte pour la survie, tentative permanente de pr\u00e9server le sens au milieu de l\u2019effondrement. 26\/01. <a class=\"more-link\" href=\"https:\/\/ismfrance.org\/index.php\/2026\/01\/27\/temoignages-de-gazaouis-la-survie-qui-sorganise-au-jour-le-jour-dans-lenfer-de-gaza-partie-637-26-01-quand-la-vie-devient-un-combat-quotidien-pour-la-dig\/\">Lire la suite &rarr;<\/a><\/p>\n","protected":false},"author":3,"featured_media":26789,"comment_status":"closed","ping_status":"closed","sticky":false,"template":"","format":"standard","meta":{"footnotes":""},"categories":[2,13],"tags":[156,46],"class_list":["post-26783","post","type-post","status-publish","format-standard","has-post-thumbnail","hentry","category-articles","category-temoignages","tag-genocide","tag-solidarite"],"yoast_head":"<!-- This site is optimized with the Yoast SEO plugin v27.2 - https:\/\/yoast.com\/product\/yoast-seo-wordpress\/ -->\n<title>T\u00e9moignages de Gazaouis : La survie qui s\u2019organise au jour le jour dans l\u2019enfer de Gaza \u2013 partie 637 \/ 26.01 \u2013\u00a0Quand la vie devient un combat quotidien pour la dignit\u00e9 - International Solidarity Movement - ISM-France<\/title>\n<meta name=\"robots\" content=\"index, follow, max-snippet:-1, max-image-preview:large, max-video-preview:-1\" \/>\n<link rel=\"canonical\" href=\"https:\/\/ismfrance.org\/index.php\/2026\/01\/27\/temoignages-de-gazaouis-la-survie-qui-sorganise-au-jour-le-jour-dans-lenfer-de-gaza-partie-637-26-01-quand-la-vie-devient-un-combat-quotidien-pour-la-dig\/\" \/>\n<meta property=\"og:locale\" content=\"fr_FR\" \/>\n<meta property=\"og:type\" content=\"article\" \/>\n<meta property=\"og:title\" content=\"T\u00e9moignages de Gazaouis : La survie qui s\u2019organise au jour le jour dans l\u2019enfer de Gaza \u2013 partie 637 \/ 26.01 \u2013\u00a0Quand la vie devient un combat quotidien pour la dignit\u00e9 - International Solidarity Movement - ISM-France\" \/>\n<meta property=\"og:description\" content=\"Brigitte Challande, 27 janvier 2026.- Compte rendu hebdomadaire des actions UJFP \u00e0 Gaza : une lutte pour la survie, tentative permanente de pr\u00e9server le sens au milieu de l\u2019effondrement. 26\/01. Lire la suite &rarr;\" \/>\n<meta property=\"og:url\" content=\"https:\/\/ismfrance.org\/index.php\/2026\/01\/27\/temoignages-de-gazaouis-la-survie-qui-sorganise-au-jour-le-jour-dans-lenfer-de-gaza-partie-637-26-01-quand-la-vie-devient-un-combat-quotidien-pour-la-dig\/\" \/>\n<meta property=\"og:site_name\" content=\"International Solidarity Movement - ISM-France\" \/>\n<meta property=\"article:published_time\" content=\"2026-01-27T09:09:00+00:00\" \/>\n<meta property=\"og:image\" content=\"https:\/\/ismfrance.org\/wp-content\/uploads\/2026\/01\/dessins-scaled.jpg\" \/>\n\t<meta property=\"og:image:width\" content=\"2560\" \/>\n\t<meta property=\"og:image:height\" content=\"1440\" \/>\n\t<meta property=\"og:image:type\" content=\"image\/jpeg\" \/>\n<meta name=\"author\" content=\"mru_01\" \/>\n<meta name=\"twitter:card\" content=\"summary_large_image\" \/>\n<meta name=\"twitter:creator\" content=\"@ISMFRANCE\" \/>\n<meta name=\"twitter:site\" content=\"@ISMFRANCE\" \/>\n<meta name=\"twitter:label1\" content=\"\u00c9crit par\" \/>\n\t<meta name=\"twitter:data1\" content=\"mru_01\" \/>\n\t<meta name=\"twitter:label2\" content=\"Dur\u00e9e de lecture estim\u00e9e\" \/>\n\t<meta name=\"twitter:data2\" content=\"17 minutes\" \/>\n<script type=\"application\/ld+json\" class=\"yoast-schema-graph\">{\"@context\":\"https:\/\/schema.org\",\"@graph\":[{\"@type\":\"Article\",\"@id\":\"https:\/\/ismfrance.org\/index.php\/2026\/01\/27\/temoignages-de-gazaouis-la-survie-qui-sorganise-au-jour-le-jour-dans-lenfer-de-gaza-partie-637-26-01-quand-la-vie-devient-un-combat-quotidien-pour-la-dig\/#article\",\"isPartOf\":{\"@id\":\"https:\/\/ismfrance.org\/index.php\/2026\/01\/27\/temoignages-de-gazaouis-la-survie-qui-sorganise-au-jour-le-jour-dans-lenfer-de-gaza-partie-637-26-01-quand-la-vie-devient-un-combat-quotidien-pour-la-dig\/\"},\"author\":{\"name\":\"mru_01\",\"@id\":\"https:\/\/ismfrance.org\/#\/schema\/person\/3c411eb72adfaae19c0dca1f41fae01d\"},\"headline\":\"T\u00e9moignages de Gazaouis : La survie qui s\u2019organise au jour le jour dans l\u2019enfer de Gaza \u2013 partie 637 \/ 26.01 \u2013\u00a0Quand la vie devient un combat quotidien pour la dignit\u00e9\",\"datePublished\":\"2026-01-27T09:09:00+00:00\",\"mainEntityOfPage\":{\"@id\":\"https:\/\/ismfrance.org\/index.php\/2026\/01\/27\/temoignages-de-gazaouis-la-survie-qui-sorganise-au-jour-le-jour-dans-lenfer-de-gaza-partie-637-26-01-quand-la-vie-devient-un-combat-quotidien-pour-la-dig\/\"},\"wordCount\":3214,\"publisher\":{\"@id\":\"https:\/\/ismfrance.org\/#organization\"},\"image\":{\"@id\":\"https:\/\/ismfrance.org\/index.php\/2026\/01\/27\/temoignages-de-gazaouis-la-survie-qui-sorganise-au-jour-le-jour-dans-lenfer-de-gaza-partie-637-26-01-quand-la-vie-devient-un-combat-quotidien-pour-la-dig\/#primaryimage\"},\"thumbnailUrl\":\"https:\/\/ismfrance.org\/wp-content\/uploads\/2026\/01\/dessins-scaled.jpg\",\"keywords\":[\"G\u00e9nocide\",\"solidarit\u00e9\"],\"articleSection\":[\"Articles\",\"T\u00e9moignages\"],\"inLanguage\":\"fr-FR\"},{\"@type\":\"WebPage\",\"@id\":\"https:\/\/ismfrance.org\/index.php\/2026\/01\/27\/temoignages-de-gazaouis-la-survie-qui-sorganise-au-jour-le-jour-dans-lenfer-de-gaza-partie-637-26-01-quand-la-vie-devient-un-combat-quotidien-pour-la-dig\/\",\"url\":\"https:\/\/ismfrance.org\/index.php\/2026\/01\/27\/temoignages-de-gazaouis-la-survie-qui-sorganise-au-jour-le-jour-dans-lenfer-de-gaza-partie-637-26-01-quand-la-vie-devient-un-combat-quotidien-pour-la-dig\/\",\"name\":\"T\u00e9moignages de Gazaouis : La survie qui s\u2019organise au jour le jour dans l\u2019enfer de Gaza \u2013 partie 637 \/ 26.01 \u2013\u00a0Quand la vie devient un combat quotidien pour la dignit\u00e9 - International Solidarity Movement - ISM-France\",\"isPartOf\":{\"@id\":\"https:\/\/ismfrance.org\/#website\"},\"primaryImageOfPage\":{\"@id\":\"https:\/\/ismfrance.org\/index.php\/2026\/01\/27\/temoignages-de-gazaouis-la-survie-qui-sorganise-au-jour-le-jour-dans-lenfer-de-gaza-partie-637-26-01-quand-la-vie-devient-un-combat-quotidien-pour-la-dig\/#primaryimage\"},\"image\":{\"@id\":\"https:\/\/ismfrance.org\/index.php\/2026\/01\/27\/temoignages-de-gazaouis-la-survie-qui-sorganise-au-jour-le-jour-dans-lenfer-de-gaza-partie-637-26-01-quand-la-vie-devient-un-combat-quotidien-pour-la-dig\/#primaryimage\"},\"thumbnailUrl\":\"https:\/\/ismfrance.org\/wp-content\/uploads\/2026\/01\/dessins-scaled.jpg\",\"datePublished\":\"2026-01-27T09:09:00+00:00\",\"breadcrumb\":{\"@id\":\"https:\/\/ismfrance.org\/index.php\/2026\/01\/27\/temoignages-de-gazaouis-la-survie-qui-sorganise-au-jour-le-jour-dans-lenfer-de-gaza-partie-637-26-01-quand-la-vie-devient-un-combat-quotidien-pour-la-dig\/#breadcrumb\"},\"inLanguage\":\"fr-FR\",\"potentialAction\":[{\"@type\":\"ReadAction\",\"target\":[\"https:\/\/ismfrance.org\/index.php\/2026\/01\/27\/temoignages-de-gazaouis-la-survie-qui-sorganise-au-jour-le-jour-dans-lenfer-de-gaza-partie-637-26-01-quand-la-vie-devient-un-combat-quotidien-pour-la-dig\/\"]}]},{\"@type\":\"ImageObject\",\"inLanguage\":\"fr-FR\",\"@id\":\"https:\/\/ismfrance.org\/index.php\/2026\/01\/27\/temoignages-de-gazaouis-la-survie-qui-sorganise-au-jour-le-jour-dans-lenfer-de-gaza-partie-637-26-01-quand-la-vie-devient-un-combat-quotidien-pour-la-dig\/#primaryimage\",\"url\":\"https:\/\/ismfrance.org\/wp-content\/uploads\/2026\/01\/dessins-scaled.jpg\",\"contentUrl\":\"https:\/\/ismfrance.org\/wp-content\/uploads\/2026\/01\/dessins-scaled.jpg\",\"width\":2560,\"height\":1440},{\"@type\":\"BreadcrumbList\",\"@id\":\"https:\/\/ismfrance.org\/index.php\/2026\/01\/27\/temoignages-de-gazaouis-la-survie-qui-sorganise-au-jour-le-jour-dans-lenfer-de-gaza-partie-637-26-01-quand-la-vie-devient-un-combat-quotidien-pour-la-dig\/#breadcrumb\",\"itemListElement\":[{\"@type\":\"ListItem\",\"position\":1,\"name\":\"Accueil\",\"item\":\"https:\/\/ismfrance.org\/\"},{\"@type\":\"ListItem\",\"position\":2,\"name\":\"T\u00e9moignages de Gazaouis : La survie qui s\u2019organise au jour le jour dans l\u2019enfer de Gaza \u2013 partie 637 \/ 26.01 \u2013\u00a0Quand la vie devient un combat quotidien pour la dignit\u00e9\"}]},{\"@type\":\"WebSite\",\"@id\":\"https:\/\/ismfrance.org\/#website\",\"url\":\"https:\/\/ismfrance.org\/\",\"name\":\"ISM Palestine France\",\"description\":\"Soutien aux luttes de lib\u00e9ration du peuple palestinien\",\"publisher\":{\"@id\":\"https:\/\/ismfrance.org\/#organization\"},\"potentialAction\":[{\"@type\":\"SearchAction\",\"target\":{\"@type\":\"EntryPoint\",\"urlTemplate\":\"https:\/\/ismfrance.org\/?s={search_term_string}\"},\"query-input\":{\"@type\":\"PropertyValueSpecification\",\"valueRequired\":true,\"valueName\":\"search_term_string\"}}],\"inLanguage\":\"fr-FR\"},{\"@type\":\"Organization\",\"@id\":\"https:\/\/ismfrance.org\/#organization\",\"name\":\"International Solidarity Movement\",\"url\":\"https:\/\/ismfrance.org\/\",\"logo\":{\"@type\":\"ImageObject\",\"inLanguage\":\"fr-FR\",\"@id\":\"https:\/\/ismfrance.org\/#\/schema\/logo\/image\/\",\"url\":\"https:\/\/ismfrance.org\/wp-content\/uploads\/2020\/12\/00.png\",\"contentUrl\":\"https:\/\/ismfrance.org\/wp-content\/uploads\/2020\/12\/00.png\",\"width\":400,\"height\":400,\"caption\":\"International Solidarity Movement\"},\"image\":{\"@id\":\"https:\/\/ismfrance.org\/#\/schema\/logo\/image\/\"},\"sameAs\":[\"https:\/\/x.com\/ISMFRANCE\"]},{\"@type\":\"Person\",\"@id\":\"https:\/\/ismfrance.org\/#\/schema\/person\/3c411eb72adfaae19c0dca1f41fae01d\",\"name\":\"mru_01\",\"image\":{\"@type\":\"ImageObject\",\"inLanguage\":\"fr-FR\",\"@id\":\"https:\/\/secure.gravatar.com\/avatar\/3a0be343b445d2ccc79e87444a294fad2b232e90d2051d0e3cc219e1ecd6a330?s=96&d=mm&r=g\",\"url\":\"https:\/\/secure.gravatar.com\/avatar\/3a0be343b445d2ccc79e87444a294fad2b232e90d2051d0e3cc219e1ecd6a330?s=96&d=mm&r=g\",\"contentUrl\":\"https:\/\/secure.gravatar.com\/avatar\/3a0be343b445d2ccc79e87444a294fad2b232e90d2051d0e3cc219e1ecd6a330?s=96&d=mm&r=g\",\"caption\":\"mru_01\"},\"url\":\"https:\/\/ismfrance.org\/index.php\/author\/admin02\/\"}]}<\/script>\n<!-- \/ Yoast SEO plugin. -->","yoast_head_json":{"title":"T\u00e9moignages de Gazaouis : La survie qui s\u2019organise au jour le jour dans l\u2019enfer de Gaza \u2013 partie 637 \/ 26.01 \u2013\u00a0Quand la vie devient un combat quotidien pour la dignit\u00e9 - International Solidarity Movement - ISM-France","robots":{"index":"index","follow":"follow","max-snippet":"max-snippet:-1","max-image-preview":"max-image-preview:large","max-video-preview":"max-video-preview:-1"},"canonical":"https:\/\/ismfrance.org\/index.php\/2026\/01\/27\/temoignages-de-gazaouis-la-survie-qui-sorganise-au-jour-le-jour-dans-lenfer-de-gaza-partie-637-26-01-quand-la-vie-devient-un-combat-quotidien-pour-la-dig\/","og_locale":"fr_FR","og_type":"article","og_title":"T\u00e9moignages de Gazaouis : La survie qui s\u2019organise au jour le jour dans l\u2019enfer de Gaza \u2013 partie 637 \/ 26.01 \u2013\u00a0Quand la vie devient un combat quotidien pour la dignit\u00e9 - International Solidarity Movement - ISM-France","og_description":"Brigitte Challande, 27 janvier 2026.- Compte rendu hebdomadaire des actions UJFP \u00e0 Gaza : une lutte pour la survie, tentative permanente de pr\u00e9server le sens au milieu de l\u2019effondrement. 26\/01. Lire la suite &rarr;","og_url":"https:\/\/ismfrance.org\/index.php\/2026\/01\/27\/temoignages-de-gazaouis-la-survie-qui-sorganise-au-jour-le-jour-dans-lenfer-de-gaza-partie-637-26-01-quand-la-vie-devient-un-combat-quotidien-pour-la-dig\/","og_site_name":"International Solidarity Movement - ISM-France","article_published_time":"2026-01-27T09:09:00+00:00","og_image":[{"width":2560,"height":1440,"url":"https:\/\/ismfrance.org\/wp-content\/uploads\/2026\/01\/dessins-scaled.jpg","type":"image\/jpeg"}],"author":"mru_01","twitter_card":"summary_large_image","twitter_creator":"@ISMFRANCE","twitter_site":"@ISMFRANCE","twitter_misc":{"\u00c9crit par":"mru_01","Dur\u00e9e de lecture estim\u00e9e":"17 minutes"},"schema":{"@context":"https:\/\/schema.org","@graph":[{"@type":"Article","@id":"https:\/\/ismfrance.org\/index.php\/2026\/01\/27\/temoignages-de-gazaouis-la-survie-qui-sorganise-au-jour-le-jour-dans-lenfer-de-gaza-partie-637-26-01-quand-la-vie-devient-un-combat-quotidien-pour-la-dig\/#article","isPartOf":{"@id":"https:\/\/ismfrance.org\/index.php\/2026\/01\/27\/temoignages-de-gazaouis-la-survie-qui-sorganise-au-jour-le-jour-dans-lenfer-de-gaza-partie-637-26-01-quand-la-vie-devient-un-combat-quotidien-pour-la-dig\/"},"author":{"name":"mru_01","@id":"https:\/\/ismfrance.org\/#\/schema\/person\/3c411eb72adfaae19c0dca1f41fae01d"},"headline":"T\u00e9moignages de Gazaouis : La survie qui s\u2019organise au jour le jour dans l\u2019enfer de Gaza \u2013 partie 637 \/ 26.01 \u2013\u00a0Quand la vie devient un combat quotidien pour la dignit\u00e9","datePublished":"2026-01-27T09:09:00+00:00","mainEntityOfPage":{"@id":"https:\/\/ismfrance.org\/index.php\/2026\/01\/27\/temoignages-de-gazaouis-la-survie-qui-sorganise-au-jour-le-jour-dans-lenfer-de-gaza-partie-637-26-01-quand-la-vie-devient-un-combat-quotidien-pour-la-dig\/"},"wordCount":3214,"publisher":{"@id":"https:\/\/ismfrance.org\/#organization"},"image":{"@id":"https:\/\/ismfrance.org\/index.php\/2026\/01\/27\/temoignages-de-gazaouis-la-survie-qui-sorganise-au-jour-le-jour-dans-lenfer-de-gaza-partie-637-26-01-quand-la-vie-devient-un-combat-quotidien-pour-la-dig\/#primaryimage"},"thumbnailUrl":"https:\/\/ismfrance.org\/wp-content\/uploads\/2026\/01\/dessins-scaled.jpg","keywords":["G\u00e9nocide","solidarit\u00e9"],"articleSection":["Articles","T\u00e9moignages"],"inLanguage":"fr-FR"},{"@type":"WebPage","@id":"https:\/\/ismfrance.org\/index.php\/2026\/01\/27\/temoignages-de-gazaouis-la-survie-qui-sorganise-au-jour-le-jour-dans-lenfer-de-gaza-partie-637-26-01-quand-la-vie-devient-un-combat-quotidien-pour-la-dig\/","url":"https:\/\/ismfrance.org\/index.php\/2026\/01\/27\/temoignages-de-gazaouis-la-survie-qui-sorganise-au-jour-le-jour-dans-lenfer-de-gaza-partie-637-26-01-quand-la-vie-devient-un-combat-quotidien-pour-la-dig\/","name":"T\u00e9moignages de Gazaouis : La survie qui s\u2019organise au jour le jour dans l\u2019enfer de Gaza \u2013 partie 637 \/ 26.01 \u2013\u00a0Quand la vie devient un combat quotidien pour la dignit\u00e9 - International Solidarity Movement - ISM-France","isPartOf":{"@id":"https:\/\/ismfrance.org\/#website"},"primaryImageOfPage":{"@id":"https:\/\/ismfrance.org\/index.php\/2026\/01\/27\/temoignages-de-gazaouis-la-survie-qui-sorganise-au-jour-le-jour-dans-lenfer-de-gaza-partie-637-26-01-quand-la-vie-devient-un-combat-quotidien-pour-la-dig\/#primaryimage"},"image":{"@id":"https:\/\/ismfrance.org\/index.php\/2026\/01\/27\/temoignages-de-gazaouis-la-survie-qui-sorganise-au-jour-le-jour-dans-lenfer-de-gaza-partie-637-26-01-quand-la-vie-devient-un-combat-quotidien-pour-la-dig\/#primaryimage"},"thumbnailUrl":"https:\/\/ismfrance.org\/wp-content\/uploads\/2026\/01\/dessins-scaled.jpg","datePublished":"2026-01-27T09:09:00+00:00","breadcrumb":{"@id":"https:\/\/ismfrance.org\/index.php\/2026\/01\/27\/temoignages-de-gazaouis-la-survie-qui-sorganise-au-jour-le-jour-dans-lenfer-de-gaza-partie-637-26-01-quand-la-vie-devient-un-combat-quotidien-pour-la-dig\/#breadcrumb"},"inLanguage":"fr-FR","potentialAction":[{"@type":"ReadAction","target":["https:\/\/ismfrance.org\/index.php\/2026\/01\/27\/temoignages-de-gazaouis-la-survie-qui-sorganise-au-jour-le-jour-dans-lenfer-de-gaza-partie-637-26-01-quand-la-vie-devient-un-combat-quotidien-pour-la-dig\/"]}]},{"@type":"ImageObject","inLanguage":"fr-FR","@id":"https:\/\/ismfrance.org\/index.php\/2026\/01\/27\/temoignages-de-gazaouis-la-survie-qui-sorganise-au-jour-le-jour-dans-lenfer-de-gaza-partie-637-26-01-quand-la-vie-devient-un-combat-quotidien-pour-la-dig\/#primaryimage","url":"https:\/\/ismfrance.org\/wp-content\/uploads\/2026\/01\/dessins-scaled.jpg","contentUrl":"https:\/\/ismfrance.org\/wp-content\/uploads\/2026\/01\/dessins-scaled.jpg","width":2560,"height":1440},{"@type":"BreadcrumbList","@id":"https:\/\/ismfrance.org\/index.php\/2026\/01\/27\/temoignages-de-gazaouis-la-survie-qui-sorganise-au-jour-le-jour-dans-lenfer-de-gaza-partie-637-26-01-quand-la-vie-devient-un-combat-quotidien-pour-la-dig\/#breadcrumb","itemListElement":[{"@type":"ListItem","position":1,"name":"Accueil","item":"https:\/\/ismfrance.org\/"},{"@type":"ListItem","position":2,"name":"T\u00e9moignages de Gazaouis : La survie qui s\u2019organise au jour le jour dans l\u2019enfer de Gaza \u2013 partie 637 \/ 26.01 \u2013\u00a0Quand la vie devient un combat quotidien pour la dignit\u00e9"}]},{"@type":"WebSite","@id":"https:\/\/ismfrance.org\/#website","url":"https:\/\/ismfrance.org\/","name":"ISM Palestine France","description":"Soutien aux luttes de lib\u00e9ration du peuple palestinien","publisher":{"@id":"https:\/\/ismfrance.org\/#organization"},"potentialAction":[{"@type":"SearchAction","target":{"@type":"EntryPoint","urlTemplate":"https:\/\/ismfrance.org\/?s={search_term_string}"},"query-input":{"@type":"PropertyValueSpecification","valueRequired":true,"valueName":"search_term_string"}}],"inLanguage":"fr-FR"},{"@type":"Organization","@id":"https:\/\/ismfrance.org\/#organization","name":"International Solidarity Movement","url":"https:\/\/ismfrance.org\/","logo":{"@type":"ImageObject","inLanguage":"fr-FR","@id":"https:\/\/ismfrance.org\/#\/schema\/logo\/image\/","url":"https:\/\/ismfrance.org\/wp-content\/uploads\/2020\/12\/00.png","contentUrl":"https:\/\/ismfrance.org\/wp-content\/uploads\/2020\/12\/00.png","width":400,"height":400,"caption":"International Solidarity Movement"},"image":{"@id":"https:\/\/ismfrance.org\/#\/schema\/logo\/image\/"},"sameAs":["https:\/\/x.com\/ISMFRANCE"]},{"@type":"Person","@id":"https:\/\/ismfrance.org\/#\/schema\/person\/3c411eb72adfaae19c0dca1f41fae01d","name":"mru_01","image":{"@type":"ImageObject","inLanguage":"fr-FR","@id":"https:\/\/secure.gravatar.com\/avatar\/3a0be343b445d2ccc79e87444a294fad2b232e90d2051d0e3cc219e1ecd6a330?s=96&d=mm&r=g","url":"https:\/\/secure.gravatar.com\/avatar\/3a0be343b445d2ccc79e87444a294fad2b232e90d2051d0e3cc219e1ecd6a330?s=96&d=mm&r=g","contentUrl":"https:\/\/secure.gravatar.com\/avatar\/3a0be343b445d2ccc79e87444a294fad2b232e90d2051d0e3cc219e1ecd6a330?s=96&d=mm&r=g","caption":"mru_01"},"url":"https:\/\/ismfrance.org\/index.php\/author\/admin02\/"}]}},"_links":{"self":[{"href":"https:\/\/ismfrance.org\/index.php\/wp-json\/wp\/v2\/posts\/26783","targetHints":{"allow":["GET"]}}],"collection":[{"href":"https:\/\/ismfrance.org\/index.php\/wp-json\/wp\/v2\/posts"}],"about":[{"href":"https:\/\/ismfrance.org\/index.php\/wp-json\/wp\/v2\/types\/post"}],"author":[{"embeddable":true,"href":"https:\/\/ismfrance.org\/index.php\/wp-json\/wp\/v2\/users\/3"}],"replies":[{"embeddable":true,"href":"https:\/\/ismfrance.org\/index.php\/wp-json\/wp\/v2\/comments?post=26783"}],"version-history":[{"count":4,"href":"https:\/\/ismfrance.org\/index.php\/wp-json\/wp\/v2\/posts\/26783\/revisions"}],"predecessor-version":[{"id":26796,"href":"https:\/\/ismfrance.org\/index.php\/wp-json\/wp\/v2\/posts\/26783\/revisions\/26796"}],"wp:featuredmedia":[{"embeddable":true,"href":"https:\/\/ismfrance.org\/index.php\/wp-json\/wp\/v2\/media\/26789"}],"wp:attachment":[{"href":"https:\/\/ismfrance.org\/index.php\/wp-json\/wp\/v2\/media?parent=26783"}],"wp:term":[{"taxonomy":"category","embeddable":true,"href":"https:\/\/ismfrance.org\/index.php\/wp-json\/wp\/v2\/categories?post=26783"},{"taxonomy":"post_tag","embeddable":true,"href":"https:\/\/ismfrance.org\/index.php\/wp-json\/wp\/v2\/tags?post=26783"}],"curies":[{"name":"wp","href":"https:\/\/api.w.org\/{rel}","templated":true}]}}