{"id":26775,"date":"2026-01-26T09:56:59","date_gmt":"2026-01-26T08:56:59","guid":{"rendered":"https:\/\/ismfrance.org\/?p=26775"},"modified":"2026-01-26T09:56:59","modified_gmt":"2026-01-26T08:56:59","slug":"la-ligne-jaune-zone-tampon-israelienne-de-facto-qui-faconne-la-vie-a-gaza","status":"publish","type":"post","link":"https:\/\/ismfrance.org\/index.php\/2026\/01\/26\/la-ligne-jaune-zone-tampon-israelienne-de-facto-qui-faconne-la-vie-a-gaza\/","title":{"rendered":"La \u00ab ligne jaune \u00bb, zone tampon isra\u00e9lienne de facto qui fa\u00e7onne la vie \u00e0 Gaza"},"content":{"rendered":"<p><span style=\"color: #000000;\"><span style=\"font-family: Arial, sans-serif;\"><span style=\"font-size: medium;\"><strong><a href=\"https:\/\/www.aljazeera.com\/author\/hani_mahmoud_2011101793657547442\">Hani Mahmoud<\/a>, 26 janvier 2026.<\/strong> \u00c0 quelques m\u00e8tres seulement des blocs de b\u00e9ton peints en jaune qui marquent la derni\u00e8re ligne de red\u00e9ploiement de l&rsquo;arm\u00e9e isra\u00e9lienne \u00e0 l&rsquo;est de la ville de Gaza, Zaid Mohammed, un Palestinien d\u00e9plac\u00e9, p\u00e8re de quatre enfants, s&rsquo;abrite avec sa famille dans une petite tente.<\/span><\/span><\/span><\/p>\n<p><a href=\"https:\/\/ismfrance.org\/wp-content\/uploads\/2026\/01\/yellow-block.jpg\"><img loading=\"lazy\" decoding=\"async\" class=\"size-large wp-image-26779 aligncenter\" src=\"https:\/\/ismfrance.org\/wp-content\/uploads\/2026\/01\/yellow-block-700x467.jpg\" alt=\"\" width=\"600\" height=\"400\" srcset=\"https:\/\/ismfrance.org\/wp-content\/uploads\/2026\/01\/yellow-block-700x467.jpg 700w, https:\/\/ismfrance.org\/wp-content\/uploads\/2026\/01\/yellow-block-300x200.jpg 300w, https:\/\/ismfrance.org\/wp-content\/uploads\/2026\/01\/yellow-block-768x512.jpg 768w, https:\/\/ismfrance.org\/wp-content\/uploads\/2026\/01\/yellow-block.jpg 1000w\" sizes=\"auto, (max-width: 600px) 100vw, 600px\" \/><\/a><span style=\"color: #000000;\"><span style=\"font-family: Arial, sans-serif;\"><span style=\"font-size: medium;\">La \u00ab ligne jaune \u00bb est la ligne de d\u00e9marcation jusqu&rsquo;\u00e0 laquelle l&rsquo;arm\u00e9e isra\u00e9lienne s&rsquo;est retir\u00e9e lors de la premi\u00e8re phase du cessez-le-feu \u00e0 Gaza, entr\u00e9 en vigueur en octobre. Les cartes militaires isra\u00e9liennes indiquent que cette ligne s&rsquo;\u00e9tend entre 1,5 km et 6,5 km \u00e0 l&rsquo;int\u00e9rieur de Gaza depuis sa fronti\u00e8re orientale avec Isra\u00ebl et couvre environ 58 % de l&rsquo;enclave.<\/span><\/span><\/span><\/p>\n<p><span style=\"color: #000000;\"><span style=\"font-family: Arial, sans-serif;\"><span style=\"font-size: medium;\">Cette ligne divise Gaza en deux zones\u00a0: une zone orientale sous contr\u00f4le militaire isra\u00e9lien et une zone occidentale o\u00f9 les Palestiniens subissent moins de restrictions de circulation, mais vivent sous la menace constante de frappes a\u00e9riennes et de d\u00e9placements forc\u00e9s.<\/span><\/span><\/span><\/p>\n<p><span style=\"color: #000000;\"><span style=\"font-family: Arial, sans-serif;\"><span style=\"font-size: medium;\">La tente de Zaid se dresse au milieu des ruines de maisons d\u00e9truites et d&rsquo;une zone urbaine ravag\u00e9e, o\u00f9 les d\u00e9bris jonchent l&rsquo;horizon. Un responsable des Nations Unies a d\u00e9clar\u00e9 la semaine derni\u00e8re qu&rsquo;il faudrait plus de sept ans pour d\u00e9blayer les plus de 60 millions de tonnes de d\u00e9combres \u00e0 Gaza.<\/span><\/span><\/span><\/p>\n<p><span style=\"color: #000000;\"><span style=\"font-family: Arial, sans-serif;\"><span style=\"font-size: medium;\">La guerre g\u00e9nocidaire men\u00e9e par Isra\u00ebl depuis plus de deux ans a d\u00e9truit ou endommag\u00e9 plus de 80 % des b\u00e2timents de l&rsquo;enclave qui compte plus de 2,3 millions d&rsquo;habitants. La plupart d&rsquo;entre eux, dont Zaid, ont \u00e9t\u00e9 contraints de se r\u00e9fugier sous des tentes ou dans des maisons bombard\u00e9es.<\/span><\/span><\/span><\/p>\n<p><span style=\"color: #000000;\"><span style=\"font-family: Arial, sans-serif;\"><span style=\"font-size: medium;\">\u00ab <i>Les bombardements et les tirs d&rsquo;armes \u00e0 feu continuent jour et nuit<\/i> \u00bb, a d\u00e9clar\u00e9 Zaid \u00e0 <i>Al Jazeera<\/i>, en d\u00e9signant l&rsquo;horizon \u00e0 l&rsquo;est, d&rsquo;o\u00f9 s&rsquo;\u00e9l\u00e8vent parfois des nuages \u200b\u200bde poussi\u00e8re provenant d&rsquo;explosions voisines.<\/span><\/span><\/span><\/p>\n<p><span style=\"color: #000000;\"><span style=\"font-family: Arial, sans-serif;\"><span style=\"font-size: medium;\">Pendant que Zaid parlait, on entendait le vrombissement de drones au-dessus de sa t\u00eate, tandis que des chars \u00e9taient positionn\u00e9s pr\u00e8s des barri\u00e8res peintes en jaune.<\/span><\/span><\/span><\/p>\n<p><span style=\"color: #000000;\"><span style=\"font-family: Arial, sans-serif;\"><span style=\"font-size: medium;\">\u00ab <i>Les soldats isra\u00e9liens ne sont qu&rsquo;\u00e0 quelques centaines de m\u00e8tres d&rsquo;ici<\/i> \u00bb, a-t-il expliqu\u00e9. \u00ab <i>Parfois, on entend des bulldozers d\u00e9molir des maisons ou raser des terres agricoles. C&rsquo;est dangereux de faire ne serait-ce que quelques pas hors de cette zone.<\/i> \u00bb Les riverains de la ligne jaune racontent \u00eatre fr\u00e9quemment r\u00e9veill\u00e9s par des coups de feu ou de petites explosions.<\/span><\/span><\/span><\/p>\n<p><span style=\"color: #000000;\"><span style=\"font-family: Arial, sans-serif;\"><span style=\"font-size: medium;\">\u00ab <i>La nuit, c\u2019est le noir complet, car il n\u2019y a pas d\u2019\u00e9lectricit\u00e9<\/i> \u00bb, ajoute Zaid. \u00ab <i>Mais les soldats utilisent des fus\u00e9es \u00e9clairantes qui illuminent bri\u00e8vement le ciel.<\/i> \u00bb<\/span><\/span><\/span><\/p>\n<p><strong><span style=\"color: #000000;\"><span style=\"font-family: Arial, sans-serif;\"><span style=\"font-size: large;\">\u00ab <i>Une nouvelle ligne de d\u00e9marcation<\/i> \u00bb<\/span><\/span><\/span><\/strong><\/p>\n<p><span style=\"color: #000000;\"><span style=\"font-family: Arial, sans-serif;\"><span style=\"font-size: medium;\">La ligne jaune d\u00e9signe les zones militaires et les zones tampons d\u00e9finies par Isra\u00ebl \u00e0 l&rsquo;int\u00e9rieur de la bande de Gaza.<\/span><\/span><\/span><\/p>\n<p><a href=\"https:\/\/ismfrance.org\/wp-content\/uploads\/2026\/01\/yellow-blocks.jpg\"><img loading=\"lazy\" decoding=\"async\" class=\"size-large wp-image-26780 aligncenter\" src=\"https:\/\/ismfrance.org\/wp-content\/uploads\/2026\/01\/yellow-blocks-700x323.jpg\" alt=\"\" width=\"600\" height=\"277\" srcset=\"https:\/\/ismfrance.org\/wp-content\/uploads\/2026\/01\/yellow-blocks-700x323.jpg 700w, https:\/\/ismfrance.org\/wp-content\/uploads\/2026\/01\/yellow-blocks-300x139.jpg 300w, https:\/\/ismfrance.org\/wp-content\/uploads\/2026\/01\/yellow-blocks-768x355.jpg 768w, https:\/\/ismfrance.org\/wp-content\/uploads\/2026\/01\/yellow-blocks.jpg 1280w\" sizes=\"auto, (max-width: 600px) 100vw, 600px\" \/><\/a><span style=\"color: #000000;\"><span style=\"font-family: Arial, sans-serif;\"><span style=\"font-size: medium;\">Selon les agences des Nations Unies et les organisations humanitaires pr\u00e9sentes \u00e0 Gaza, ces zones se sont \u00e9tendues, d\u00e9plac\u00e9es et r\u00e9duites \u00e0 plusieurs reprises durant le conflit, cr\u00e9ant de facto des fronti\u00e8res qui d\u00e9terminent les d\u00e9placements, l&rsquo;acc\u00e8s et la survie des civils. Cette ligne constitue une fronti\u00e8re int\u00e9rieure majeure.<\/span><\/span><\/span><\/p>\n<p><span style=\"color: #000000;\"><span style=\"font-family: Arial, sans-serif;\"><span style=\"font-size: medium;\">Lors d&rsquo;une visite dans la bande de Gaza en d\u00e9cembre, le chef d&rsquo;\u00e9tat-major de l&rsquo;arm\u00e9e isra\u00e9lienne, le lieutenant-g\u00e9n\u00e9ral Eyal Zamir, a d\u00e9clar\u00e9 sans ambages que la ligne jaune est \u00ab <i>une nouvelle ligne de d\u00e9marcation<\/i> \u00bb.<\/span><\/span><\/span><\/p>\n<p><span style=\"color: #000000;\"><span style=\"font-family: Arial, sans-serif;\"><span style=\"font-size: medium;\">Elle permet \u00e0 Isra\u00ebl de contr\u00f4ler pleinement pr\u00e8s de 60 % de l&rsquo;enclave d\u00e9vast\u00e9e, y compris les villes de Rafah au sud et de Beit Hanoun au nord.<\/span><\/span><\/span><\/p>\n<p><span style=\"color: #000000;\"><span style=\"font-family: Arial, sans-serif;\"><span style=\"font-size: medium;\">La ligne jaune a \u00e9t\u00e9 trac\u00e9e suite aux nombreux ordres de d\u00e9placement forc\u00e9 \u00e9mis par Isra\u00ebl au cours de la guerre. Ces d\u00e9placements forc\u00e9s \u00e9taient souvent annonc\u00e9s par tracts, messages t\u00e9l\u00e9phoniques ou cartes en ligne, pendant les bombardements a\u00e9riens, ne laissant que peu de temps aux Palestiniens pour fuir en toute s\u00e9curit\u00e9. Le Bureau de la coordination des affaires humanitaires des Nations Unies (OCHA) a constat\u00e9 qu&rsquo;\u00e0 plusieurs reprises, plus de 70 % du territoire de Gaza \u00e9tait soumis \u00e0 des ordres d&rsquo;\u00e9vacuation forc\u00e9e ou consid\u00e9r\u00e9 comme dangereux.<\/span><\/span><\/span><\/p>\n<p><span style=\"color: #000000;\"><span style=\"font-family: Arial, sans-serif;\"><span style=\"font-size: medium;\">La ligne jaune d\u00e9signe, pour beaucoup ici, les zones militaires mouvantes \u00e0 l&rsquo;int\u00e9rieur de Gaza. Elles se d\u00e9placent, s&rsquo;\u00e9tendent et disparaissent des cartes, mais pour les civils, elles sont omnipr\u00e9sentes. Cette ligne d\u00e9termine quelles rues sont s\u00fbres, quelles maisons sont abandonn\u00e9es et quand il faut fuir. Bien qu&rsquo;elle ne soit pas officielle, elle fa\u00e7onne le quotidien.<\/span><\/span><\/span><\/p>\n<p><span style=\"color: #000000;\"><span style=\"font-family: Arial, sans-serif;\"><span style=\"font-size: medium;\">Dans de nombreuses zones de la bande de Gaza, aucun marquage clair ni signalisation visible n&rsquo;indique la ligne jaune. Les Palestiniens doivent se fier \u00e0 leur instinct, aux sons et \u00e0 leur m\u00e9moire.<\/span><\/span><\/span><\/p>\n<p><span style=\"color: #000000;\"><span style=\"font-family: Arial, sans-serif;\"><span style=\"font-size: medium;\">Un quartier qui semblait s\u00fbr la veille peut devenir dangereux du jour au lendemain. Les familles font leurs valises rapidement, laissant souvent des maisons encore debout, mais d\u00e9sormais inhabitables. La plupart des habitants ont \u00e9t\u00e9 d\u00e9plac\u00e9s au moins une fois, et beaucoup \u00e0 plusieurs reprises.<\/span><\/span><\/span><\/p>\n<p><span style=\"color: #000000;\"><span style=\"font-family: Arial, sans-serif;\"><span style=\"font-size: medium;\">Vivre ainsi est \u00e9prouvant. Les parents voient leurs enfants apprendre de nouvelles r\u00e8gles\u00a0: quelles routes \u00e9viter, o\u00f9 se cacher, comment r\u00e9agir lorsque le ciel se met \u00e0 gronder. Les travailleurs humanitaires affirment que l&rsquo;incertitude constante alimente l&rsquo;anxi\u00e9t\u00e9, l&rsquo;\u00e9puisement et des traumatismes profonds, en particulier chez les enfants.<\/span><\/span><\/span><\/p>\n<p><span style=\"color: #000000;\"><span style=\"font-family: Arial, sans-serif;\"><span style=\"font-size: medium;\">Les professionnels de la sant\u00e9 mentale travaillant avec l&rsquo;Organisation mondiale de la Sant\u00e9 et l&rsquo;UNICEF signalent r\u00e9guli\u00e8rement des niveaux \u00e9lev\u00e9s d&rsquo;anxi\u00e9t\u00e9, d&rsquo;insomnie et de traumatismes li\u00e9s \u00e0 l&rsquo;incertitude et \u00e0 la menace permanente.<\/span><\/span><\/span><\/p>\n<p><span style=\"color: #000000;\"><span style=\"font-family: Arial, sans-serif;\"><span style=\"font-size: medium;\">Les enfants, notamment, se sont adapt\u00e9s \u00e0 de nouvelles \u00ab cartes \u00bb de s\u00e9curit\u00e9\u00a0: ils apprennent quelles rues sont interdites et dans quelle direction courir pendant les bombardements.<\/span><\/span><\/span><\/p>\n<p><span style=\"color: #000000;\"><span style=\"font-family: Arial, sans-serif;\"><span style=\"font-size: medium;\">Les organisations humanitaires notent que cette banalisation du danger a des cons\u00e9quences psychologiques \u00e0 long terme, surtout pour les personnes vivant pr\u00e8s des zones militaires.<\/span><\/span><\/span><\/p>\n<p><span style=\"color: #000000;\"><span style=\"font-family: Arial, sans-serif;\"><span style=\"font-size: medium;\">La ligne jaune empi\u00e8te \u00e9galement sur les moyens de subsistance.<\/span><\/span><\/span><\/p>\n<p><span style=\"color: #000000;\"><span style=\"font-family: Arial, sans-serif;\"><span style=\"font-size: medium;\">Les agriculteurs peuvent voir leurs terres, mais ne peuvent pas y acc\u00e9der. Des emplois disparaissent lorsque les lieux de travail sont trop proches des zones dangereuses. M\u00eame lorsque les bombardements diminuent, la peur emp\u00eache les gens de rentrer chez eux.<\/span><\/span><\/span><\/p>\n<p><span style=\"color: #000000;\"><span style=\"font-family: Arial, sans-serif;\"><span style=\"font-size: medium;\">L&rsquo;Organisation des Nations Unies pour l&rsquo;alimentation et l&rsquo;agriculture (FAO) a document\u00e9 d&rsquo;importantes pertes de terres agricoles dues aux restrictions d&rsquo;acc\u00e8s, aux bombardements et aux activit\u00e9s militaires pr\u00e8s des zones frontali\u00e8res.<\/span><\/span><\/span><\/p>\n<p><span style=\"color: #000000;\"><span style=\"font-family: Arial, sans-serif;\"><span style=\"font-size: medium;\">M\u00eame dans les moments de calme, la ligne jaune ne dispara\u00eet pas. Elle continue de fa\u00e7onner le lieu de vie, les d\u00e9placements et la volont\u00e9 de reconstruire. Ce n\u2019est pas dessin\u00e9 sur le sol, mais c\u2019est inscrit dans la vie quotidienne.<\/span><\/span><\/span><\/p>\n<p><em><strong><span style=\"color: #000000;\"><span style=\"font-family: Arial, sans-serif;\"><span style=\"font-size: medium;\">Article original en anglais sur <a href=\"https:\/\/www.aljazeera.com\/news\/2026\/1\/26\/yellow-line-the-de-facto-israeli-buffer-zone-shaping-life-in-gaza\">Al Jazeera<\/a> \/ Traduction MR<\/span><\/span><\/span><\/strong><\/em><\/p>\n<hr \/>\n<p><em><strong><span style=\"color: #000000;\"><span style=\"font-family: Arial, sans-serif;\"><span style=\"font-size: medium;\">Note ISM-France : Sur le <a href=\"https:\/\/www.instagram.com\/lejournaldebisan\/\">Journal de Bisan<\/a>, la journaliste palestinienne explique ce qu&rsquo;est la Ligne Jaune impos\u00e9e par l&rsquo;occupation isra\u00e9lienne \u00e0 la population de Gaza. <a href=\"https:\/\/www.instagram.com\/p\/DT8U5rjjSGW\/\">VIDEO sur son compte Instagram en fran\u00e7ais ICI<\/a>.<\/span><\/span><\/span><\/strong><\/em><\/p>\n","protected":false},"excerpt":{"rendered":"<p>Hani Mahmoud, 26 janvier 2026. \u00c0 quelques m\u00e8tres seulement des blocs de b\u00e9ton peints en jaune qui marquent la derni\u00e8re ligne de red\u00e9ploiement de l&rsquo;arm\u00e9e isra\u00e9lienne \u00e0 l&rsquo;est de la <a class=\"more-link\" href=\"https:\/\/ismfrance.org\/index.php\/2026\/01\/26\/la-ligne-jaune-zone-tampon-israelienne-de-facto-qui-faconne-la-vie-a-gaza\/\">Lire la suite &rarr;<\/a><\/p>\n","protected":false},"author":3,"featured_media":26779,"comment_status":"closed","ping_status":"closed","sticky":false,"template":"","format":"standard","meta":{"footnotes":""},"categories":[12,2],"tags":[437],"class_list":["post-26775","post","type-post","status-publish","format-standard","has-post-thumbnail","hentry","category-analyses","category-articles","tag-cessez-le-feu"],"yoast_head":"<!-- This site is optimized with the Yoast SEO plugin v27.2 - https:\/\/yoast.com\/product\/yoast-seo-wordpress\/ -->\n<title>La \u00ab ligne jaune \u00bb, zone tampon isra\u00e9lienne de facto qui fa\u00e7onne la vie \u00e0 Gaza - International Solidarity Movement - ISM-France<\/title>\n<meta name=\"robots\" content=\"index, follow, max-snippet:-1, max-image-preview:large, max-video-preview:-1\" \/>\n<link rel=\"canonical\" href=\"https:\/\/ismfrance.org\/index.php\/2026\/01\/26\/la-ligne-jaune-zone-tampon-israelienne-de-facto-qui-faconne-la-vie-a-gaza\/\" \/>\n<meta property=\"og:locale\" content=\"fr_FR\" \/>\n<meta property=\"og:type\" content=\"article\" \/>\n<meta property=\"og:title\" content=\"La \u00ab ligne jaune \u00bb, zone tampon isra\u00e9lienne de facto qui fa\u00e7onne la vie \u00e0 Gaza - International Solidarity Movement - ISM-France\" \/>\n<meta property=\"og:description\" content=\"Hani Mahmoud, 26 janvier 2026. \u00c0 quelques m\u00e8tres seulement des blocs de b\u00e9ton peints en jaune qui marquent la derni\u00e8re ligne de red\u00e9ploiement de l&rsquo;arm\u00e9e isra\u00e9lienne \u00e0 l&rsquo;est de la Lire la suite &rarr;\" \/>\n<meta property=\"og:url\" content=\"https:\/\/ismfrance.org\/index.php\/2026\/01\/26\/la-ligne-jaune-zone-tampon-israelienne-de-facto-qui-faconne-la-vie-a-gaza\/\" \/>\n<meta property=\"og:site_name\" content=\"International Solidarity Movement - ISM-France\" \/>\n<meta property=\"article:published_time\" content=\"2026-01-26T08:56:59+00:00\" \/>\n<meta property=\"og:image\" content=\"https:\/\/ismfrance.org\/wp-content\/uploads\/2026\/01\/yellow-block.jpg\" \/>\n\t<meta property=\"og:image:width\" content=\"1000\" \/>\n\t<meta property=\"og:image:height\" content=\"667\" \/>\n\t<meta property=\"og:image:type\" content=\"image\/jpeg\" \/>\n<meta name=\"author\" content=\"mru_01\" \/>\n<meta name=\"twitter:card\" content=\"summary_large_image\" \/>\n<meta name=\"twitter:creator\" content=\"@ISMFRANCE\" \/>\n<meta name=\"twitter:site\" content=\"@ISMFRANCE\" \/>\n<meta name=\"twitter:label1\" content=\"\u00c9crit par\" \/>\n\t<meta name=\"twitter:data1\" content=\"mru_01\" \/>\n\t<meta name=\"twitter:label2\" content=\"Dur\u00e9e de lecture estim\u00e9e\" \/>\n\t<meta name=\"twitter:data2\" content=\"6 minutes\" \/>\n<script type=\"application\/ld+json\" class=\"yoast-schema-graph\">{\"@context\":\"https:\/\/schema.org\",\"@graph\":[{\"@type\":\"Article\",\"@id\":\"https:\/\/ismfrance.org\/index.php\/2026\/01\/26\/la-ligne-jaune-zone-tampon-israelienne-de-facto-qui-faconne-la-vie-a-gaza\/#article\",\"isPartOf\":{\"@id\":\"https:\/\/ismfrance.org\/index.php\/2026\/01\/26\/la-ligne-jaune-zone-tampon-israelienne-de-facto-qui-faconne-la-vie-a-gaza\/\"},\"author\":{\"name\":\"mru_01\",\"@id\":\"https:\/\/ismfrance.org\/#\/schema\/person\/3c411eb72adfaae19c0dca1f41fae01d\"},\"headline\":\"La \u00ab ligne jaune \u00bb, zone tampon isra\u00e9lienne de facto qui fa\u00e7onne la vie \u00e0 Gaza\",\"datePublished\":\"2026-01-26T08:56:59+00:00\",\"mainEntityOfPage\":{\"@id\":\"https:\/\/ismfrance.org\/index.php\/2026\/01\/26\/la-ligne-jaune-zone-tampon-israelienne-de-facto-qui-faconne-la-vie-a-gaza\/\"},\"wordCount\":1211,\"publisher\":{\"@id\":\"https:\/\/ismfrance.org\/#organization\"},\"image\":{\"@id\":\"https:\/\/ismfrance.org\/index.php\/2026\/01\/26\/la-ligne-jaune-zone-tampon-israelienne-de-facto-qui-faconne-la-vie-a-gaza\/#primaryimage\"},\"thumbnailUrl\":\"https:\/\/ismfrance.org\/wp-content\/uploads\/2026\/01\/yellow-block.jpg\",\"keywords\":[\"cessez-le-feu\"],\"articleSection\":[\"Analyses\",\"Articles\"],\"inLanguage\":\"fr-FR\"},{\"@type\":\"WebPage\",\"@id\":\"https:\/\/ismfrance.org\/index.php\/2026\/01\/26\/la-ligne-jaune-zone-tampon-israelienne-de-facto-qui-faconne-la-vie-a-gaza\/\",\"url\":\"https:\/\/ismfrance.org\/index.php\/2026\/01\/26\/la-ligne-jaune-zone-tampon-israelienne-de-facto-qui-faconne-la-vie-a-gaza\/\",\"name\":\"La \u00ab ligne jaune \u00bb, zone tampon isra\u00e9lienne de facto qui fa\u00e7onne la vie \u00e0 Gaza - International Solidarity Movement - ISM-France\",\"isPartOf\":{\"@id\":\"https:\/\/ismfrance.org\/#website\"},\"primaryImageOfPage\":{\"@id\":\"https:\/\/ismfrance.org\/index.php\/2026\/01\/26\/la-ligne-jaune-zone-tampon-israelienne-de-facto-qui-faconne-la-vie-a-gaza\/#primaryimage\"},\"image\":{\"@id\":\"https:\/\/ismfrance.org\/index.php\/2026\/01\/26\/la-ligne-jaune-zone-tampon-israelienne-de-facto-qui-faconne-la-vie-a-gaza\/#primaryimage\"},\"thumbnailUrl\":\"https:\/\/ismfrance.org\/wp-content\/uploads\/2026\/01\/yellow-block.jpg\",\"datePublished\":\"2026-01-26T08:56:59+00:00\",\"breadcrumb\":{\"@id\":\"https:\/\/ismfrance.org\/index.php\/2026\/01\/26\/la-ligne-jaune-zone-tampon-israelienne-de-facto-qui-faconne-la-vie-a-gaza\/#breadcrumb\"},\"inLanguage\":\"fr-FR\",\"potentialAction\":[{\"@type\":\"ReadAction\",\"target\":[\"https:\/\/ismfrance.org\/index.php\/2026\/01\/26\/la-ligne-jaune-zone-tampon-israelienne-de-facto-qui-faconne-la-vie-a-gaza\/\"]}]},{\"@type\":\"ImageObject\",\"inLanguage\":\"fr-FR\",\"@id\":\"https:\/\/ismfrance.org\/index.php\/2026\/01\/26\/la-ligne-jaune-zone-tampon-israelienne-de-facto-qui-faconne-la-vie-a-gaza\/#primaryimage\",\"url\":\"https:\/\/ismfrance.org\/wp-content\/uploads\/2026\/01\/yellow-block.jpg\",\"contentUrl\":\"https:\/\/ismfrance.org\/wp-content\/uploads\/2026\/01\/yellow-block.jpg\",\"width\":1000,\"height\":667},{\"@type\":\"BreadcrumbList\",\"@id\":\"https:\/\/ismfrance.org\/index.php\/2026\/01\/26\/la-ligne-jaune-zone-tampon-israelienne-de-facto-qui-faconne-la-vie-a-gaza\/#breadcrumb\",\"itemListElement\":[{\"@type\":\"ListItem\",\"position\":1,\"name\":\"Accueil\",\"item\":\"https:\/\/ismfrance.org\/\"},{\"@type\":\"ListItem\",\"position\":2,\"name\":\"La \u00ab ligne jaune \u00bb, zone tampon isra\u00e9lienne de facto qui fa\u00e7onne la vie \u00e0 Gaza\"}]},{\"@type\":\"WebSite\",\"@id\":\"https:\/\/ismfrance.org\/#website\",\"url\":\"https:\/\/ismfrance.org\/\",\"name\":\"ISM Palestine France\",\"description\":\"Soutien aux luttes de lib\u00e9ration du peuple palestinien\",\"publisher\":{\"@id\":\"https:\/\/ismfrance.org\/#organization\"},\"potentialAction\":[{\"@type\":\"SearchAction\",\"target\":{\"@type\":\"EntryPoint\",\"urlTemplate\":\"https:\/\/ismfrance.org\/?s={search_term_string}\"},\"query-input\":{\"@type\":\"PropertyValueSpecification\",\"valueRequired\":true,\"valueName\":\"search_term_string\"}}],\"inLanguage\":\"fr-FR\"},{\"@type\":\"Organization\",\"@id\":\"https:\/\/ismfrance.org\/#organization\",\"name\":\"International Solidarity Movement\",\"url\":\"https:\/\/ismfrance.org\/\",\"logo\":{\"@type\":\"ImageObject\",\"inLanguage\":\"fr-FR\",\"@id\":\"https:\/\/ismfrance.org\/#\/schema\/logo\/image\/\",\"url\":\"https:\/\/ismfrance.org\/wp-content\/uploads\/2020\/12\/00.png\",\"contentUrl\":\"https:\/\/ismfrance.org\/wp-content\/uploads\/2020\/12\/00.png\",\"width\":400,\"height\":400,\"caption\":\"International Solidarity Movement\"},\"image\":{\"@id\":\"https:\/\/ismfrance.org\/#\/schema\/logo\/image\/\"},\"sameAs\":[\"https:\/\/x.com\/ISMFRANCE\"]},{\"@type\":\"Person\",\"@id\":\"https:\/\/ismfrance.org\/#\/schema\/person\/3c411eb72adfaae19c0dca1f41fae01d\",\"name\":\"mru_01\",\"image\":{\"@type\":\"ImageObject\",\"inLanguage\":\"fr-FR\",\"@id\":\"https:\/\/secure.gravatar.com\/avatar\/3a0be343b445d2ccc79e87444a294fad2b232e90d2051d0e3cc219e1ecd6a330?s=96&d=mm&r=g\",\"url\":\"https:\/\/secure.gravatar.com\/avatar\/3a0be343b445d2ccc79e87444a294fad2b232e90d2051d0e3cc219e1ecd6a330?s=96&d=mm&r=g\",\"contentUrl\":\"https:\/\/secure.gravatar.com\/avatar\/3a0be343b445d2ccc79e87444a294fad2b232e90d2051d0e3cc219e1ecd6a330?s=96&d=mm&r=g\",\"caption\":\"mru_01\"},\"url\":\"https:\/\/ismfrance.org\/index.php\/author\/admin02\/\"}]}<\/script>\n<!-- \/ Yoast SEO plugin. -->","yoast_head_json":{"title":"La \u00ab ligne jaune \u00bb, zone tampon isra\u00e9lienne de facto qui fa\u00e7onne la vie \u00e0 Gaza - International Solidarity Movement - ISM-France","robots":{"index":"index","follow":"follow","max-snippet":"max-snippet:-1","max-image-preview":"max-image-preview:large","max-video-preview":"max-video-preview:-1"},"canonical":"https:\/\/ismfrance.org\/index.php\/2026\/01\/26\/la-ligne-jaune-zone-tampon-israelienne-de-facto-qui-faconne-la-vie-a-gaza\/","og_locale":"fr_FR","og_type":"article","og_title":"La \u00ab ligne jaune \u00bb, zone tampon isra\u00e9lienne de facto qui fa\u00e7onne la vie \u00e0 Gaza - International Solidarity Movement - ISM-France","og_description":"Hani Mahmoud, 26 janvier 2026. \u00c0 quelques m\u00e8tres seulement des blocs de b\u00e9ton peints en jaune qui marquent la derni\u00e8re ligne de red\u00e9ploiement de l&rsquo;arm\u00e9e isra\u00e9lienne \u00e0 l&rsquo;est de la Lire la suite &rarr;","og_url":"https:\/\/ismfrance.org\/index.php\/2026\/01\/26\/la-ligne-jaune-zone-tampon-israelienne-de-facto-qui-faconne-la-vie-a-gaza\/","og_site_name":"International Solidarity Movement - ISM-France","article_published_time":"2026-01-26T08:56:59+00:00","og_image":[{"width":1000,"height":667,"url":"https:\/\/ismfrance.org\/wp-content\/uploads\/2026\/01\/yellow-block.jpg","type":"image\/jpeg"}],"author":"mru_01","twitter_card":"summary_large_image","twitter_creator":"@ISMFRANCE","twitter_site":"@ISMFRANCE","twitter_misc":{"\u00c9crit par":"mru_01","Dur\u00e9e de lecture estim\u00e9e":"6 minutes"},"schema":{"@context":"https:\/\/schema.org","@graph":[{"@type":"Article","@id":"https:\/\/ismfrance.org\/index.php\/2026\/01\/26\/la-ligne-jaune-zone-tampon-israelienne-de-facto-qui-faconne-la-vie-a-gaza\/#article","isPartOf":{"@id":"https:\/\/ismfrance.org\/index.php\/2026\/01\/26\/la-ligne-jaune-zone-tampon-israelienne-de-facto-qui-faconne-la-vie-a-gaza\/"},"author":{"name":"mru_01","@id":"https:\/\/ismfrance.org\/#\/schema\/person\/3c411eb72adfaae19c0dca1f41fae01d"},"headline":"La \u00ab ligne jaune \u00bb, zone tampon isra\u00e9lienne de facto qui fa\u00e7onne la vie \u00e0 Gaza","datePublished":"2026-01-26T08:56:59+00:00","mainEntityOfPage":{"@id":"https:\/\/ismfrance.org\/index.php\/2026\/01\/26\/la-ligne-jaune-zone-tampon-israelienne-de-facto-qui-faconne-la-vie-a-gaza\/"},"wordCount":1211,"publisher":{"@id":"https:\/\/ismfrance.org\/#organization"},"image":{"@id":"https:\/\/ismfrance.org\/index.php\/2026\/01\/26\/la-ligne-jaune-zone-tampon-israelienne-de-facto-qui-faconne-la-vie-a-gaza\/#primaryimage"},"thumbnailUrl":"https:\/\/ismfrance.org\/wp-content\/uploads\/2026\/01\/yellow-block.jpg","keywords":["cessez-le-feu"],"articleSection":["Analyses","Articles"],"inLanguage":"fr-FR"},{"@type":"WebPage","@id":"https:\/\/ismfrance.org\/index.php\/2026\/01\/26\/la-ligne-jaune-zone-tampon-israelienne-de-facto-qui-faconne-la-vie-a-gaza\/","url":"https:\/\/ismfrance.org\/index.php\/2026\/01\/26\/la-ligne-jaune-zone-tampon-israelienne-de-facto-qui-faconne-la-vie-a-gaza\/","name":"La \u00ab ligne jaune \u00bb, zone tampon isra\u00e9lienne de facto qui fa\u00e7onne la vie \u00e0 Gaza - International Solidarity Movement - ISM-France","isPartOf":{"@id":"https:\/\/ismfrance.org\/#website"},"primaryImageOfPage":{"@id":"https:\/\/ismfrance.org\/index.php\/2026\/01\/26\/la-ligne-jaune-zone-tampon-israelienne-de-facto-qui-faconne-la-vie-a-gaza\/#primaryimage"},"image":{"@id":"https:\/\/ismfrance.org\/index.php\/2026\/01\/26\/la-ligne-jaune-zone-tampon-israelienne-de-facto-qui-faconne-la-vie-a-gaza\/#primaryimage"},"thumbnailUrl":"https:\/\/ismfrance.org\/wp-content\/uploads\/2026\/01\/yellow-block.jpg","datePublished":"2026-01-26T08:56:59+00:00","breadcrumb":{"@id":"https:\/\/ismfrance.org\/index.php\/2026\/01\/26\/la-ligne-jaune-zone-tampon-israelienne-de-facto-qui-faconne-la-vie-a-gaza\/#breadcrumb"},"inLanguage":"fr-FR","potentialAction":[{"@type":"ReadAction","target":["https:\/\/ismfrance.org\/index.php\/2026\/01\/26\/la-ligne-jaune-zone-tampon-israelienne-de-facto-qui-faconne-la-vie-a-gaza\/"]}]},{"@type":"ImageObject","inLanguage":"fr-FR","@id":"https:\/\/ismfrance.org\/index.php\/2026\/01\/26\/la-ligne-jaune-zone-tampon-israelienne-de-facto-qui-faconne-la-vie-a-gaza\/#primaryimage","url":"https:\/\/ismfrance.org\/wp-content\/uploads\/2026\/01\/yellow-block.jpg","contentUrl":"https:\/\/ismfrance.org\/wp-content\/uploads\/2026\/01\/yellow-block.jpg","width":1000,"height":667},{"@type":"BreadcrumbList","@id":"https:\/\/ismfrance.org\/index.php\/2026\/01\/26\/la-ligne-jaune-zone-tampon-israelienne-de-facto-qui-faconne-la-vie-a-gaza\/#breadcrumb","itemListElement":[{"@type":"ListItem","position":1,"name":"Accueil","item":"https:\/\/ismfrance.org\/"},{"@type":"ListItem","position":2,"name":"La \u00ab ligne jaune \u00bb, zone tampon isra\u00e9lienne de facto qui fa\u00e7onne la vie \u00e0 Gaza"}]},{"@type":"WebSite","@id":"https:\/\/ismfrance.org\/#website","url":"https:\/\/ismfrance.org\/","name":"ISM Palestine France","description":"Soutien aux luttes de lib\u00e9ration du peuple palestinien","publisher":{"@id":"https:\/\/ismfrance.org\/#organization"},"potentialAction":[{"@type":"SearchAction","target":{"@type":"EntryPoint","urlTemplate":"https:\/\/ismfrance.org\/?s={search_term_string}"},"query-input":{"@type":"PropertyValueSpecification","valueRequired":true,"valueName":"search_term_string"}}],"inLanguage":"fr-FR"},{"@type":"Organization","@id":"https:\/\/ismfrance.org\/#organization","name":"International Solidarity Movement","url":"https:\/\/ismfrance.org\/","logo":{"@type":"ImageObject","inLanguage":"fr-FR","@id":"https:\/\/ismfrance.org\/#\/schema\/logo\/image\/","url":"https:\/\/ismfrance.org\/wp-content\/uploads\/2020\/12\/00.png","contentUrl":"https:\/\/ismfrance.org\/wp-content\/uploads\/2020\/12\/00.png","width":400,"height":400,"caption":"International Solidarity Movement"},"image":{"@id":"https:\/\/ismfrance.org\/#\/schema\/logo\/image\/"},"sameAs":["https:\/\/x.com\/ISMFRANCE"]},{"@type":"Person","@id":"https:\/\/ismfrance.org\/#\/schema\/person\/3c411eb72adfaae19c0dca1f41fae01d","name":"mru_01","image":{"@type":"ImageObject","inLanguage":"fr-FR","@id":"https:\/\/secure.gravatar.com\/avatar\/3a0be343b445d2ccc79e87444a294fad2b232e90d2051d0e3cc219e1ecd6a330?s=96&d=mm&r=g","url":"https:\/\/secure.gravatar.com\/avatar\/3a0be343b445d2ccc79e87444a294fad2b232e90d2051d0e3cc219e1ecd6a330?s=96&d=mm&r=g","contentUrl":"https:\/\/secure.gravatar.com\/avatar\/3a0be343b445d2ccc79e87444a294fad2b232e90d2051d0e3cc219e1ecd6a330?s=96&d=mm&r=g","caption":"mru_01"},"url":"https:\/\/ismfrance.org\/index.php\/author\/admin02\/"}]}},"_links":{"self":[{"href":"https:\/\/ismfrance.org\/index.php\/wp-json\/wp\/v2\/posts\/26775","targetHints":{"allow":["GET"]}}],"collection":[{"href":"https:\/\/ismfrance.org\/index.php\/wp-json\/wp\/v2\/posts"}],"about":[{"href":"https:\/\/ismfrance.org\/index.php\/wp-json\/wp\/v2\/types\/post"}],"author":[{"embeddable":true,"href":"https:\/\/ismfrance.org\/index.php\/wp-json\/wp\/v2\/users\/3"}],"replies":[{"embeddable":true,"href":"https:\/\/ismfrance.org\/index.php\/wp-json\/wp\/v2\/comments?post=26775"}],"version-history":[{"count":4,"href":"https:\/\/ismfrance.org\/index.php\/wp-json\/wp\/v2\/posts\/26775\/revisions"}],"predecessor-version":[{"id":26781,"href":"https:\/\/ismfrance.org\/index.php\/wp-json\/wp\/v2\/posts\/26775\/revisions\/26781"}],"wp:featuredmedia":[{"embeddable":true,"href":"https:\/\/ismfrance.org\/index.php\/wp-json\/wp\/v2\/media\/26779"}],"wp:attachment":[{"href":"https:\/\/ismfrance.org\/index.php\/wp-json\/wp\/v2\/media?parent=26775"}],"wp:term":[{"taxonomy":"category","embeddable":true,"href":"https:\/\/ismfrance.org\/index.php\/wp-json\/wp\/v2\/categories?post=26775"},{"taxonomy":"post_tag","embeddable":true,"href":"https:\/\/ismfrance.org\/index.php\/wp-json\/wp\/v2\/tags?post=26775"}],"curies":[{"name":"wp","href":"https:\/\/api.w.org\/{rel}","templated":true}]}}