{"id":26769,"date":"2026-01-26T09:25:19","date_gmt":"2026-01-26T08:25:19","guid":{"rendered":"https:\/\/ismfrance.org\/?p=26769"},"modified":"2026-01-26T09:25:55","modified_gmt":"2026-01-26T08:25:55","slug":"reouverture-du-point-de-passage-de-rafah-seulement-apres-la-recuperation-du-corps-du-soldat-israelien-dit-netanyahou","status":"publish","type":"post","link":"https:\/\/ismfrance.org\/index.php\/2026\/01\/26\/reouverture-du-point-de-passage-de-rafah-seulement-apres-la-recuperation-du-corps-du-soldat-israelien-dit-netanyahou\/","title":{"rendered":"R\u00e9ouverture du point de passage de Rafah : seulement apr\u00e8s la r\u00e9cup\u00e9ration du corps du soldat isra\u00e9lien, dit Netanyahou"},"content":{"rendered":"<p><span style=\"color: #000000;\"><span style=\"font-family: Arial, sans-serif;\"><span style=\"font-size: medium;\"><strong>Quds News Network, 26 janvier 2026<\/strong>. \u2013 Le bureau du Premier ministre isra\u00e9lien Benjamin Netanyahu, recherch\u00e9 par la CPI pour crimes de guerre \u00e0 Gaza, a d\u00e9clar\u00e9 qu&rsquo;Isra\u00ebl n&rsquo;ouvrira le point de passage de Rafah qu&rsquo;apr\u00e8s la finalisation de l&rsquo;op\u00e9ration de localisation et de r\u00e9cup\u00e9ration du corps du soldat isra\u00e9lien Rani Gvili, en violation de l&rsquo;accord de cessez-le-feu sign\u00e9 par Trump.<\/span><\/span><\/span><\/p>\n<p><a href=\"https:\/\/ismfrance.org\/wp-content\/uploads\/2026\/01\/rafah.jpg\"><img loading=\"lazy\" decoding=\"async\" class=\"size-large wp-image-26772 aligncenter\" src=\"https:\/\/ismfrance.org\/wp-content\/uploads\/2026\/01\/rafah-700x394.jpg\" alt=\"\" width=\"600\" height=\"338\" srcset=\"https:\/\/ismfrance.org\/wp-content\/uploads\/2026\/01\/rafah-700x394.jpg 700w, https:\/\/ismfrance.org\/wp-content\/uploads\/2026\/01\/rafah-300x169.jpg 300w, https:\/\/ismfrance.org\/wp-content\/uploads\/2026\/01\/rafah-768x432.jpg 768w, https:\/\/ismfrance.org\/wp-content\/uploads\/2026\/01\/rafah.jpg 864w\" sizes=\"auto, (max-width: 600px) 100vw, 600px\" \/><\/a><span style=\"color: #000000;\"><span style=\"font-family: Arial, sans-serif;\"><span style=\"font-size: medium;\">Dans une s\u00e9rie de <a href=\"https:\/\/fr.timesofisrael.com\/israel-le-passage-de-rafah-reouvrira-des-que-tsahal-aura-retrouve-le-corps-de-ran-gvili\/\">communiqu\u00e9s<\/a>, le bureau de Netanyahu a indiqu\u00e9 qu&rsquo;Isra\u00ebl a accept\u00e9 une r\u00e9ouverture partielle du point de passage de Rafah, limit\u00e9e \u00e0 la circulation des personnes. Cette r\u00e9ouverture se fera sous \u00ab\u00a0<em>enti\u00e8re supervision isra\u00e9lienne<\/em>\u00a0\u00bb, sans engagement concernant l&rsquo;acheminement de marchandises ou d&rsquo;aide humanitaire vers Gaza.<\/span><\/span><\/span><\/p>\n<p><span style=\"color: #000000;\"><span style=\"font-family: Arial, sans-serif;\"><span style=\"font-size: medium;\">Le bureau de Netanyahu a affirm\u00e9 qu&rsquo;Isra\u00ebl reste d\u00e9termin\u00e9 \u00e0 r\u00e9cup\u00e9rer le corps de Gvili et ne m\u00e9nagera aucun effort pour mener \u00e0 bien les recherches. Il a ajout\u00e9 qu&rsquo;une fois l&rsquo;op\u00e9ration termin\u00e9e et le corps restitu\u00e9 (1), Isra\u00ebl rouvrira le point de passage de Rafah en coordination avec les \u00c9tats-Unis. <\/span><\/span><\/span><\/p>\n<p><span style=\"color: #000000;\"><span style=\"font-family: Arial, sans-serif;\"><span style=\"font-size: medium;\">Cette annonce signifie qu&rsquo;Isra\u00ebl maintiendra un blocus quasi total de Gaza, o\u00f9 environ 2,5 millions de Palestiniens restent priv\u00e9s de nourriture, de m\u00e9dicaments, de carburant et d&rsquo;aide humanitaire. Le si\u00e8ge se poursuit dans un contexte de g\u00e9nocide qui dure depuis plus de deux ans et qui a d\u00e9vast\u00e9 le syst\u00e8me de sant\u00e9 et les infrastructures civiles de Gaza.<\/span><\/span><\/span><\/p>\n<p><span style=\"color: #000000;\"><span style=\"font-family: Arial, sans-serif;\"><span style=\"font-size: medium;\">Le g\u00e9nocide isra\u00e9lien a fait plus de 72.000 morts palestiniens, principalement des femmes et des enfants. Le blocus a \u00e9galement engendr\u00e9 une famine qui a d\u00e9j\u00e0 co\u00fbt\u00e9 la vie \u00e0 des centaines de personnes.<\/span><\/span><\/span><\/p>\n<p><span style=\"color: #000000;\"><span style=\"font-family: Arial, sans-serif;\"><span style=\"font-size: medium;\">Isra\u00ebl continue \u00e9galement de bloquer l&rsquo;entr\u00e9e des fournitures hivernales n\u00e9cessaires au chauffage. Depuis le d\u00e9but du cessez-le-feu, au moins dix b\u00e9b\u00e9s palestiniens sont morts de froid, selon des sources m\u00e9dicales.<\/span><\/span><\/span><\/p>\n<p><span style=\"color: #000000;\"><span style=\"font-family: Arial, sans-serif;\"><span style=\"font-size: medium;\"><a href=\"https:\/\/www.reuters.com\/world\/middle-east\/israel-reopen-rafah-crossing-after-search-last-hostage-body-ends-2026-01-25\/\">Reuters<\/a> a rapport\u00e9 qu&rsquo;Isra\u00ebl pr\u00e9voit de limiter le nombre de Palestiniens entrant \u00e0 Gaza par le point de passage de Rafah afin de garantir que davantage de personnes soient autoris\u00e9es \u00e0 quitter le territoire qu&rsquo;\u00e0 y entrer. Trois sources inform\u00e9es du dossier ont indiqu\u00e9 que cette politique vise \u00e0 contr\u00f4ler les mouvements de population une fois le point de passage rouvert, ce qui devrait avoir lieu la semaine prochaine. <\/span><\/span><\/span><\/p>\n<p><span style=\"color: #000000;\"><span style=\"font-family: Arial, sans-serif;\"><span style=\"font-size: medium;\">Le cessez-le-feu n\u00e9goci\u00e9 par le pr\u00e9sident am\u00e9ricain Donald Trump pr\u00e9voit l&rsquo;ouverture du point de passage de Rafah pour les personnes et les marchandises dans les deux sens durant la premi\u00e8re phase de l&rsquo;accord. Malgr\u00e9 l&rsquo;annonce par Trump du d\u00e9but de la deuxi\u00e8me phase, Isra\u00ebl continue de refuser la r\u00e9ouverture compl\u00e8te du point de passage.<\/span><\/span><\/span><\/p>\n<p><span style=\"color: #000000;\"><span style=\"font-family: Arial, sans-serif;\"><span style=\"font-size: medium;\">Isra\u00ebl bloque \u00e9galement l&rsquo;acheminement de l&rsquo;aide humanitaire requise par le cessez-le-feu. Depuis l&rsquo;entr\u00e9e en vigueur de l&rsquo;accord, les forces isra\u00e9liennes poursuivent leurs frappes a\u00e9riennes et leurs attaques \u00e0 travers Gaza, tuant plus de 450 civils.<\/span><\/span><\/span><\/p>\n<p><span style=\"color: #000000;\"><span style=\"font-family: Arial, sans-serif;\"><span style=\"font-size: medium;\">Ces restrictions et actions militaires persistantes constituent une violation flagrante de l&rsquo;accord de cessez-le-feu par Isra\u00ebl, tandis que la population de Gaza demeure assi\u00e9g\u00e9e et n&rsquo;a qu&rsquo;un acc\u00e8s limit\u00e9 aux produits de premi\u00e8re n\u00e9cessit\u00e9.<\/span><\/span><\/span><\/p>\n<p><em><strong><span style=\"color: #000000;\"><span style=\"font-family: Arial, sans-serif;\"><span style=\"font-size: medium;\">Article original en anglais sur <a href=\"https:\/\/qudsnen.co\/post?id=67128&amp;slug=netanyahu-says-rafah-crossing-to-open-only-after-recovery-of-israeli-soldiers-body\">Quds News Network<\/a> \/ Traduction MR<\/span><\/span><\/span><\/strong><\/em><\/p>\n<p><span style=\"color: #000000;\"><span style=\"font-family: Arial, sans-serif;\"><span style=\"font-size: medium;\">(1) Le 25 janvier, Abou Obeida, le nouveau porte-parole du Hamas, a affirm\u00e9 que le mouvement combattant a communiqu\u00e9 toutes les indications concernant l&#8217;emplacement du corps du dernier soldat isra\u00e9lien prisonnier \u00e0 Gaza (source <a href=\"https:\/\/qudsnen.co\/post?id=67126&amp;slug=abu-obeida-says-hamas-shared-full-details-on-location-of-last-israeli-soldier-prisoners-body-in-gaza\">Quds News Network<\/a>).<\/span><\/span><\/span><\/p>\n","protected":false},"excerpt":{"rendered":"<p>Quds News Network, 26 janvier 2026. \u2013 Le bureau du Premier ministre isra\u00e9lien Benjamin Netanyahu, recherch\u00e9 par la CPI pour crimes de guerre \u00e0 Gaza, a d\u00e9clar\u00e9 qu&rsquo;Isra\u00ebl n&rsquo;ouvrira le <a class=\"more-link\" href=\"https:\/\/ismfrance.org\/index.php\/2026\/01\/26\/reouverture-du-point-de-passage-de-rafah-seulement-apres-la-recuperation-du-corps-du-soldat-israelien-dit-netanyahou\/\">Lire la suite &rarr;<\/a><\/p>\n","protected":false},"author":3,"featured_media":26772,"comment_status":"closed","ping_status":"closed","sticky":false,"template":"","format":"standard","meta":{"footnotes":""},"categories":[12,2],"tags":[437],"class_list":["post-26769","post","type-post","status-publish","format-standard","has-post-thumbnail","hentry","category-analyses","category-articles","tag-cessez-le-feu"],"yoast_head":"<!-- This site is optimized with the Yoast SEO plugin v27.2 - https:\/\/yoast.com\/product\/yoast-seo-wordpress\/ -->\n<title>R\u00e9ouverture du point de passage de Rafah : seulement apr\u00e8s la r\u00e9cup\u00e9ration du corps du soldat isra\u00e9lien, dit Netanyahou - International Solidarity Movement - ISM-France<\/title>\n<meta name=\"robots\" content=\"index, follow, max-snippet:-1, max-image-preview:large, max-video-preview:-1\" \/>\n<link rel=\"canonical\" href=\"https:\/\/ismfrance.org\/index.php\/2026\/01\/26\/reouverture-du-point-de-passage-de-rafah-seulement-apres-la-recuperation-du-corps-du-soldat-israelien-dit-netanyahou\/\" \/>\n<meta property=\"og:locale\" content=\"fr_FR\" \/>\n<meta property=\"og:type\" content=\"article\" \/>\n<meta property=\"og:title\" content=\"R\u00e9ouverture du point de passage de Rafah : seulement apr\u00e8s la r\u00e9cup\u00e9ration du corps du soldat isra\u00e9lien, dit Netanyahou - International Solidarity Movement - ISM-France\" \/>\n<meta property=\"og:description\" content=\"Quds News Network, 26 janvier 2026. \u2013 Le bureau du Premier ministre isra\u00e9lien Benjamin Netanyahu, recherch\u00e9 par la CPI pour crimes de guerre \u00e0 Gaza, a d\u00e9clar\u00e9 qu&rsquo;Isra\u00ebl n&rsquo;ouvrira le Lire la suite &rarr;\" \/>\n<meta property=\"og:url\" content=\"https:\/\/ismfrance.org\/index.php\/2026\/01\/26\/reouverture-du-point-de-passage-de-rafah-seulement-apres-la-recuperation-du-corps-du-soldat-israelien-dit-netanyahou\/\" \/>\n<meta property=\"og:site_name\" content=\"International Solidarity Movement - ISM-France\" \/>\n<meta property=\"article:published_time\" content=\"2026-01-26T08:25:19+00:00\" \/>\n<meta property=\"article:modified_time\" content=\"2026-01-26T08:25:55+00:00\" \/>\n<meta property=\"og:image\" content=\"https:\/\/ismfrance.org\/wp-content\/uploads\/2026\/01\/rafah.jpg\" \/>\n\t<meta property=\"og:image:width\" content=\"864\" \/>\n\t<meta property=\"og:image:height\" content=\"486\" \/>\n\t<meta property=\"og:image:type\" content=\"image\/jpeg\" \/>\n<meta name=\"author\" content=\"mru_01\" \/>\n<meta name=\"twitter:card\" content=\"summary_large_image\" \/>\n<meta name=\"twitter:creator\" content=\"@ISMFRANCE\" \/>\n<meta name=\"twitter:site\" content=\"@ISMFRANCE\" \/>\n<meta name=\"twitter:label1\" content=\"\u00c9crit par\" \/>\n\t<meta name=\"twitter:data1\" content=\"mru_01\" \/>\n\t<meta name=\"twitter:label2\" content=\"Dur\u00e9e de lecture estim\u00e9e\" \/>\n\t<meta name=\"twitter:data2\" content=\"4 minutes\" \/>\n<script type=\"application\/ld+json\" class=\"yoast-schema-graph\">{\"@context\":\"https:\/\/schema.org\",\"@graph\":[{\"@type\":\"Article\",\"@id\":\"https:\/\/ismfrance.org\/index.php\/2026\/01\/26\/reouverture-du-point-de-passage-de-rafah-seulement-apres-la-recuperation-du-corps-du-soldat-israelien-dit-netanyahou\/#article\",\"isPartOf\":{\"@id\":\"https:\/\/ismfrance.org\/index.php\/2026\/01\/26\/reouverture-du-point-de-passage-de-rafah-seulement-apres-la-recuperation-du-corps-du-soldat-israelien-dit-netanyahou\/\"},\"author\":{\"name\":\"mru_01\",\"@id\":\"https:\/\/ismfrance.org\/#\/schema\/person\/3c411eb72adfaae19c0dca1f41fae01d\"},\"headline\":\"R\u00e9ouverture du point de passage de Rafah : seulement apr\u00e8s la r\u00e9cup\u00e9ration du corps du soldat isra\u00e9lien, dit Netanyahou\",\"datePublished\":\"2026-01-26T08:25:19+00:00\",\"dateModified\":\"2026-01-26T08:25:55+00:00\",\"mainEntityOfPage\":{\"@id\":\"https:\/\/ismfrance.org\/index.php\/2026\/01\/26\/reouverture-du-point-de-passage-de-rafah-seulement-apres-la-recuperation-du-corps-du-soldat-israelien-dit-netanyahou\/\"},\"wordCount\":619,\"publisher\":{\"@id\":\"https:\/\/ismfrance.org\/#organization\"},\"image\":{\"@id\":\"https:\/\/ismfrance.org\/index.php\/2026\/01\/26\/reouverture-du-point-de-passage-de-rafah-seulement-apres-la-recuperation-du-corps-du-soldat-israelien-dit-netanyahou\/#primaryimage\"},\"thumbnailUrl\":\"https:\/\/ismfrance.org\/wp-content\/uploads\/2026\/01\/rafah.jpg\",\"keywords\":[\"cessez-le-feu\"],\"articleSection\":[\"Analyses\",\"Articles\"],\"inLanguage\":\"fr-FR\"},{\"@type\":\"WebPage\",\"@id\":\"https:\/\/ismfrance.org\/index.php\/2026\/01\/26\/reouverture-du-point-de-passage-de-rafah-seulement-apres-la-recuperation-du-corps-du-soldat-israelien-dit-netanyahou\/\",\"url\":\"https:\/\/ismfrance.org\/index.php\/2026\/01\/26\/reouverture-du-point-de-passage-de-rafah-seulement-apres-la-recuperation-du-corps-du-soldat-israelien-dit-netanyahou\/\",\"name\":\"R\u00e9ouverture du point de passage de Rafah : seulement apr\u00e8s la r\u00e9cup\u00e9ration du corps du soldat isra\u00e9lien, dit Netanyahou - International Solidarity Movement - ISM-France\",\"isPartOf\":{\"@id\":\"https:\/\/ismfrance.org\/#website\"},\"primaryImageOfPage\":{\"@id\":\"https:\/\/ismfrance.org\/index.php\/2026\/01\/26\/reouverture-du-point-de-passage-de-rafah-seulement-apres-la-recuperation-du-corps-du-soldat-israelien-dit-netanyahou\/#primaryimage\"},\"image\":{\"@id\":\"https:\/\/ismfrance.org\/index.php\/2026\/01\/26\/reouverture-du-point-de-passage-de-rafah-seulement-apres-la-recuperation-du-corps-du-soldat-israelien-dit-netanyahou\/#primaryimage\"},\"thumbnailUrl\":\"https:\/\/ismfrance.org\/wp-content\/uploads\/2026\/01\/rafah.jpg\",\"datePublished\":\"2026-01-26T08:25:19+00:00\",\"dateModified\":\"2026-01-26T08:25:55+00:00\",\"breadcrumb\":{\"@id\":\"https:\/\/ismfrance.org\/index.php\/2026\/01\/26\/reouverture-du-point-de-passage-de-rafah-seulement-apres-la-recuperation-du-corps-du-soldat-israelien-dit-netanyahou\/#breadcrumb\"},\"inLanguage\":\"fr-FR\",\"potentialAction\":[{\"@type\":\"ReadAction\",\"target\":[\"https:\/\/ismfrance.org\/index.php\/2026\/01\/26\/reouverture-du-point-de-passage-de-rafah-seulement-apres-la-recuperation-du-corps-du-soldat-israelien-dit-netanyahou\/\"]}]},{\"@type\":\"ImageObject\",\"inLanguage\":\"fr-FR\",\"@id\":\"https:\/\/ismfrance.org\/index.php\/2026\/01\/26\/reouverture-du-point-de-passage-de-rafah-seulement-apres-la-recuperation-du-corps-du-soldat-israelien-dit-netanyahou\/#primaryimage\",\"url\":\"https:\/\/ismfrance.org\/wp-content\/uploads\/2026\/01\/rafah.jpg\",\"contentUrl\":\"https:\/\/ismfrance.org\/wp-content\/uploads\/2026\/01\/rafah.jpg\",\"width\":864,\"height\":486},{\"@type\":\"BreadcrumbList\",\"@id\":\"https:\/\/ismfrance.org\/index.php\/2026\/01\/26\/reouverture-du-point-de-passage-de-rafah-seulement-apres-la-recuperation-du-corps-du-soldat-israelien-dit-netanyahou\/#breadcrumb\",\"itemListElement\":[{\"@type\":\"ListItem\",\"position\":1,\"name\":\"Accueil\",\"item\":\"https:\/\/ismfrance.org\/\"},{\"@type\":\"ListItem\",\"position\":2,\"name\":\"R\u00e9ouverture du point de passage de Rafah : seulement apr\u00e8s la r\u00e9cup\u00e9ration du corps du soldat isra\u00e9lien, dit Netanyahou\"}]},{\"@type\":\"WebSite\",\"@id\":\"https:\/\/ismfrance.org\/#website\",\"url\":\"https:\/\/ismfrance.org\/\",\"name\":\"ISM Palestine France\",\"description\":\"Soutien aux luttes de lib\u00e9ration du peuple palestinien\",\"publisher\":{\"@id\":\"https:\/\/ismfrance.org\/#organization\"},\"potentialAction\":[{\"@type\":\"SearchAction\",\"target\":{\"@type\":\"EntryPoint\",\"urlTemplate\":\"https:\/\/ismfrance.org\/?s={search_term_string}\"},\"query-input\":{\"@type\":\"PropertyValueSpecification\",\"valueRequired\":true,\"valueName\":\"search_term_string\"}}],\"inLanguage\":\"fr-FR\"},{\"@type\":\"Organization\",\"@id\":\"https:\/\/ismfrance.org\/#organization\",\"name\":\"International Solidarity Movement\",\"url\":\"https:\/\/ismfrance.org\/\",\"logo\":{\"@type\":\"ImageObject\",\"inLanguage\":\"fr-FR\",\"@id\":\"https:\/\/ismfrance.org\/#\/schema\/logo\/image\/\",\"url\":\"https:\/\/ismfrance.org\/wp-content\/uploads\/2020\/12\/00.png\",\"contentUrl\":\"https:\/\/ismfrance.org\/wp-content\/uploads\/2020\/12\/00.png\",\"width\":400,\"height\":400,\"caption\":\"International Solidarity Movement\"},\"image\":{\"@id\":\"https:\/\/ismfrance.org\/#\/schema\/logo\/image\/\"},\"sameAs\":[\"https:\/\/x.com\/ISMFRANCE\"]},{\"@type\":\"Person\",\"@id\":\"https:\/\/ismfrance.org\/#\/schema\/person\/3c411eb72adfaae19c0dca1f41fae01d\",\"name\":\"mru_01\",\"image\":{\"@type\":\"ImageObject\",\"inLanguage\":\"fr-FR\",\"@id\":\"https:\/\/secure.gravatar.com\/avatar\/3a0be343b445d2ccc79e87444a294fad2b232e90d2051d0e3cc219e1ecd6a330?s=96&d=mm&r=g\",\"url\":\"https:\/\/secure.gravatar.com\/avatar\/3a0be343b445d2ccc79e87444a294fad2b232e90d2051d0e3cc219e1ecd6a330?s=96&d=mm&r=g\",\"contentUrl\":\"https:\/\/secure.gravatar.com\/avatar\/3a0be343b445d2ccc79e87444a294fad2b232e90d2051d0e3cc219e1ecd6a330?s=96&d=mm&r=g\",\"caption\":\"mru_01\"},\"url\":\"https:\/\/ismfrance.org\/index.php\/author\/admin02\/\"}]}<\/script>\n<!-- \/ Yoast SEO plugin. -->","yoast_head_json":{"title":"R\u00e9ouverture du point de passage de Rafah : seulement apr\u00e8s la r\u00e9cup\u00e9ration du corps du soldat isra\u00e9lien, dit Netanyahou - International Solidarity Movement - ISM-France","robots":{"index":"index","follow":"follow","max-snippet":"max-snippet:-1","max-image-preview":"max-image-preview:large","max-video-preview":"max-video-preview:-1"},"canonical":"https:\/\/ismfrance.org\/index.php\/2026\/01\/26\/reouverture-du-point-de-passage-de-rafah-seulement-apres-la-recuperation-du-corps-du-soldat-israelien-dit-netanyahou\/","og_locale":"fr_FR","og_type":"article","og_title":"R\u00e9ouverture du point de passage de Rafah : seulement apr\u00e8s la r\u00e9cup\u00e9ration du corps du soldat isra\u00e9lien, dit Netanyahou - International Solidarity Movement - ISM-France","og_description":"Quds News Network, 26 janvier 2026. \u2013 Le bureau du Premier ministre isra\u00e9lien Benjamin Netanyahu, recherch\u00e9 par la CPI pour crimes de guerre \u00e0 Gaza, a d\u00e9clar\u00e9 qu&rsquo;Isra\u00ebl n&rsquo;ouvrira le Lire la suite &rarr;","og_url":"https:\/\/ismfrance.org\/index.php\/2026\/01\/26\/reouverture-du-point-de-passage-de-rafah-seulement-apres-la-recuperation-du-corps-du-soldat-israelien-dit-netanyahou\/","og_site_name":"International Solidarity Movement - ISM-France","article_published_time":"2026-01-26T08:25:19+00:00","article_modified_time":"2026-01-26T08:25:55+00:00","og_image":[{"width":864,"height":486,"url":"https:\/\/ismfrance.org\/wp-content\/uploads\/2026\/01\/rafah.jpg","type":"image\/jpeg"}],"author":"mru_01","twitter_card":"summary_large_image","twitter_creator":"@ISMFRANCE","twitter_site":"@ISMFRANCE","twitter_misc":{"\u00c9crit par":"mru_01","Dur\u00e9e de lecture estim\u00e9e":"4 minutes"},"schema":{"@context":"https:\/\/schema.org","@graph":[{"@type":"Article","@id":"https:\/\/ismfrance.org\/index.php\/2026\/01\/26\/reouverture-du-point-de-passage-de-rafah-seulement-apres-la-recuperation-du-corps-du-soldat-israelien-dit-netanyahou\/#article","isPartOf":{"@id":"https:\/\/ismfrance.org\/index.php\/2026\/01\/26\/reouverture-du-point-de-passage-de-rafah-seulement-apres-la-recuperation-du-corps-du-soldat-israelien-dit-netanyahou\/"},"author":{"name":"mru_01","@id":"https:\/\/ismfrance.org\/#\/schema\/person\/3c411eb72adfaae19c0dca1f41fae01d"},"headline":"R\u00e9ouverture du point de passage de Rafah : seulement apr\u00e8s la r\u00e9cup\u00e9ration du corps du soldat isra\u00e9lien, dit Netanyahou","datePublished":"2026-01-26T08:25:19+00:00","dateModified":"2026-01-26T08:25:55+00:00","mainEntityOfPage":{"@id":"https:\/\/ismfrance.org\/index.php\/2026\/01\/26\/reouverture-du-point-de-passage-de-rafah-seulement-apres-la-recuperation-du-corps-du-soldat-israelien-dit-netanyahou\/"},"wordCount":619,"publisher":{"@id":"https:\/\/ismfrance.org\/#organization"},"image":{"@id":"https:\/\/ismfrance.org\/index.php\/2026\/01\/26\/reouverture-du-point-de-passage-de-rafah-seulement-apres-la-recuperation-du-corps-du-soldat-israelien-dit-netanyahou\/#primaryimage"},"thumbnailUrl":"https:\/\/ismfrance.org\/wp-content\/uploads\/2026\/01\/rafah.jpg","keywords":["cessez-le-feu"],"articleSection":["Analyses","Articles"],"inLanguage":"fr-FR"},{"@type":"WebPage","@id":"https:\/\/ismfrance.org\/index.php\/2026\/01\/26\/reouverture-du-point-de-passage-de-rafah-seulement-apres-la-recuperation-du-corps-du-soldat-israelien-dit-netanyahou\/","url":"https:\/\/ismfrance.org\/index.php\/2026\/01\/26\/reouverture-du-point-de-passage-de-rafah-seulement-apres-la-recuperation-du-corps-du-soldat-israelien-dit-netanyahou\/","name":"R\u00e9ouverture du point de passage de Rafah : seulement apr\u00e8s la r\u00e9cup\u00e9ration du corps du soldat isra\u00e9lien, dit Netanyahou - International Solidarity Movement - ISM-France","isPartOf":{"@id":"https:\/\/ismfrance.org\/#website"},"primaryImageOfPage":{"@id":"https:\/\/ismfrance.org\/index.php\/2026\/01\/26\/reouverture-du-point-de-passage-de-rafah-seulement-apres-la-recuperation-du-corps-du-soldat-israelien-dit-netanyahou\/#primaryimage"},"image":{"@id":"https:\/\/ismfrance.org\/index.php\/2026\/01\/26\/reouverture-du-point-de-passage-de-rafah-seulement-apres-la-recuperation-du-corps-du-soldat-israelien-dit-netanyahou\/#primaryimage"},"thumbnailUrl":"https:\/\/ismfrance.org\/wp-content\/uploads\/2026\/01\/rafah.jpg","datePublished":"2026-01-26T08:25:19+00:00","dateModified":"2026-01-26T08:25:55+00:00","breadcrumb":{"@id":"https:\/\/ismfrance.org\/index.php\/2026\/01\/26\/reouverture-du-point-de-passage-de-rafah-seulement-apres-la-recuperation-du-corps-du-soldat-israelien-dit-netanyahou\/#breadcrumb"},"inLanguage":"fr-FR","potentialAction":[{"@type":"ReadAction","target":["https:\/\/ismfrance.org\/index.php\/2026\/01\/26\/reouverture-du-point-de-passage-de-rafah-seulement-apres-la-recuperation-du-corps-du-soldat-israelien-dit-netanyahou\/"]}]},{"@type":"ImageObject","inLanguage":"fr-FR","@id":"https:\/\/ismfrance.org\/index.php\/2026\/01\/26\/reouverture-du-point-de-passage-de-rafah-seulement-apres-la-recuperation-du-corps-du-soldat-israelien-dit-netanyahou\/#primaryimage","url":"https:\/\/ismfrance.org\/wp-content\/uploads\/2026\/01\/rafah.jpg","contentUrl":"https:\/\/ismfrance.org\/wp-content\/uploads\/2026\/01\/rafah.jpg","width":864,"height":486},{"@type":"BreadcrumbList","@id":"https:\/\/ismfrance.org\/index.php\/2026\/01\/26\/reouverture-du-point-de-passage-de-rafah-seulement-apres-la-recuperation-du-corps-du-soldat-israelien-dit-netanyahou\/#breadcrumb","itemListElement":[{"@type":"ListItem","position":1,"name":"Accueil","item":"https:\/\/ismfrance.org\/"},{"@type":"ListItem","position":2,"name":"R\u00e9ouverture du point de passage de Rafah : seulement apr\u00e8s la r\u00e9cup\u00e9ration du corps du soldat isra\u00e9lien, dit Netanyahou"}]},{"@type":"WebSite","@id":"https:\/\/ismfrance.org\/#website","url":"https:\/\/ismfrance.org\/","name":"ISM Palestine France","description":"Soutien aux luttes de lib\u00e9ration du peuple palestinien","publisher":{"@id":"https:\/\/ismfrance.org\/#organization"},"potentialAction":[{"@type":"SearchAction","target":{"@type":"EntryPoint","urlTemplate":"https:\/\/ismfrance.org\/?s={search_term_string}"},"query-input":{"@type":"PropertyValueSpecification","valueRequired":true,"valueName":"search_term_string"}}],"inLanguage":"fr-FR"},{"@type":"Organization","@id":"https:\/\/ismfrance.org\/#organization","name":"International Solidarity Movement","url":"https:\/\/ismfrance.org\/","logo":{"@type":"ImageObject","inLanguage":"fr-FR","@id":"https:\/\/ismfrance.org\/#\/schema\/logo\/image\/","url":"https:\/\/ismfrance.org\/wp-content\/uploads\/2020\/12\/00.png","contentUrl":"https:\/\/ismfrance.org\/wp-content\/uploads\/2020\/12\/00.png","width":400,"height":400,"caption":"International Solidarity Movement"},"image":{"@id":"https:\/\/ismfrance.org\/#\/schema\/logo\/image\/"},"sameAs":["https:\/\/x.com\/ISMFRANCE"]},{"@type":"Person","@id":"https:\/\/ismfrance.org\/#\/schema\/person\/3c411eb72adfaae19c0dca1f41fae01d","name":"mru_01","image":{"@type":"ImageObject","inLanguage":"fr-FR","@id":"https:\/\/secure.gravatar.com\/avatar\/3a0be343b445d2ccc79e87444a294fad2b232e90d2051d0e3cc219e1ecd6a330?s=96&d=mm&r=g","url":"https:\/\/secure.gravatar.com\/avatar\/3a0be343b445d2ccc79e87444a294fad2b232e90d2051d0e3cc219e1ecd6a330?s=96&d=mm&r=g","contentUrl":"https:\/\/secure.gravatar.com\/avatar\/3a0be343b445d2ccc79e87444a294fad2b232e90d2051d0e3cc219e1ecd6a330?s=96&d=mm&r=g","caption":"mru_01"},"url":"https:\/\/ismfrance.org\/index.php\/author\/admin02\/"}]}},"_links":{"self":[{"href":"https:\/\/ismfrance.org\/index.php\/wp-json\/wp\/v2\/posts\/26769","targetHints":{"allow":["GET"]}}],"collection":[{"href":"https:\/\/ismfrance.org\/index.php\/wp-json\/wp\/v2\/posts"}],"about":[{"href":"https:\/\/ismfrance.org\/index.php\/wp-json\/wp\/v2\/types\/post"}],"author":[{"embeddable":true,"href":"https:\/\/ismfrance.org\/index.php\/wp-json\/wp\/v2\/users\/3"}],"replies":[{"embeddable":true,"href":"https:\/\/ismfrance.org\/index.php\/wp-json\/wp\/v2\/comments?post=26769"}],"version-history":[{"count":3,"href":"https:\/\/ismfrance.org\/index.php\/wp-json\/wp\/v2\/posts\/26769\/revisions"}],"predecessor-version":[{"id":26773,"href":"https:\/\/ismfrance.org\/index.php\/wp-json\/wp\/v2\/posts\/26769\/revisions\/26773"}],"wp:featuredmedia":[{"embeddable":true,"href":"https:\/\/ismfrance.org\/index.php\/wp-json\/wp\/v2\/media\/26772"}],"wp:attachment":[{"href":"https:\/\/ismfrance.org\/index.php\/wp-json\/wp\/v2\/media?parent=26769"}],"wp:term":[{"taxonomy":"category","embeddable":true,"href":"https:\/\/ismfrance.org\/index.php\/wp-json\/wp\/v2\/categories?post=26769"},{"taxonomy":"post_tag","embeddable":true,"href":"https:\/\/ismfrance.org\/index.php\/wp-json\/wp\/v2\/tags?post=26769"}],"curies":[{"name":"wp","href":"https:\/\/api.w.org\/{rel}","templated":true}]}}