{"id":26749,"date":"2026-01-25T09:48:41","date_gmt":"2026-01-25T08:48:41","guid":{"rendered":"https:\/\/ismfrance.org\/?p=26749"},"modified":"2026-01-25T16:44:50","modified_gmt":"2026-01-25T15:44:50","slug":"attaques-de-colons-israeliens-plus-de-12-000-bedouins-palestiniens-deplaces-depuis-2023","status":"publish","type":"post","link":"https:\/\/ismfrance.org\/index.php\/2026\/01\/25\/attaques-de-colons-israeliens-plus-de-12-000-bedouins-palestiniens-deplaces-depuis-2023\/","title":{"rendered":"Attaques de colons isra\u00e9liens : plus de 12.000 B\u00e9douins palestiniens d\u00e9plac\u00e9s depuis 2023"},"content":{"rendered":"<p><span style=\"color: #000000;\"><span style=\"font-family: Arial, sans-serif;\"><span style=\"font-size: medium;\"><strong>The New Arab, 24 janvier 2026.<\/strong> Selon un nouveau rapport publi\u00e9 samedi, pr\u00e8s de 1.000 familles palestiniennes, soit 12.000 personnes, ont \u00e9t\u00e9 d\u00e9plac\u00e9es de diff\u00e9rentes r\u00e9gions de Cisjordanie occup\u00e9e depuis octobre 2023 en raison d\u2019<a href=\"https:\/\/x.com\/i\/status\/2013290284625309991\">attaques de colons isra\u00e9liens<\/a>.<\/span><\/span><\/span><\/p>\n<p><a href=\"https:\/\/ismfrance.org\/wp-content\/uploads\/2026\/01\/new-outpost-al-auja.jpg\"><img loading=\"lazy\" decoding=\"async\" class=\"size-large wp-image-26753 aligncenter\" src=\"https:\/\/ismfrance.org\/wp-content\/uploads\/2026\/01\/new-outpost-al-auja-700x700.jpg\" alt=\"\" width=\"600\" height=\"600\" srcset=\"https:\/\/ismfrance.org\/wp-content\/uploads\/2026\/01\/new-outpost-al-auja-700x700.jpg 700w, https:\/\/ismfrance.org\/wp-content\/uploads\/2026\/01\/new-outpost-al-auja-300x300.jpg 300w, https:\/\/ismfrance.org\/wp-content\/uploads\/2026\/01\/new-outpost-al-auja-150x150.jpg 150w, https:\/\/ismfrance.org\/wp-content\/uploads\/2026\/01\/new-outpost-al-auja-768x768.jpg 768w, https:\/\/ismfrance.org\/wp-content\/uploads\/2026\/01\/new-outpost-al-auja-144x144.jpg 144w, https:\/\/ismfrance.org\/wp-content\/uploads\/2026\/01\/new-outpost-al-auja.jpg 800w\" sizes=\"auto, (max-width: 600px) 100vw, 600px\" \/><\/a><span style=\"color: #000000;\"><span style=\"font-family: Arial, sans-serif;\"><span style=\"font-size: medium;\">Depuis le d\u00e9but de la guerre isra\u00e9lienne contre Gaza en octobre 2023, la Cisjordanie occup\u00e9e a connu une forte recrudescence des attaques de colons contre des civils palestiniens, ainsi qu\u2019une expansion des avant-postes de colons empi\u00e9tant sur les terres palestiniennes.<\/span><\/span><\/span><\/p>\n<p><span style=\"color: #000000;\"><span style=\"font-family: Arial, sans-serif;\"><span style=\"font-size: medium;\">Les forces isra\u00e9liennes ont \u00e9galement men\u00e9 une vaste campagne de d\u00e9tention, avec des dizaines de milliers de personnes d\u00e9tenues arbitrairement, y compris des enfants.<\/span><\/span><\/span><\/p>\n<p><a href=\"https:\/\/ismfrance.org\/wp-content\/uploads\/2026\/01\/al-auja.jpg\"><img loading=\"lazy\" decoding=\"async\" class=\"size-large wp-image-26757 aligncenter\" src=\"https:\/\/ismfrance.org\/wp-content\/uploads\/2026\/01\/al-auja-700x373.jpg\" alt=\"\" width=\"600\" height=\"320\" srcset=\"https:\/\/ismfrance.org\/wp-content\/uploads\/2026\/01\/al-auja-700x373.jpg 700w, https:\/\/ismfrance.org\/wp-content\/uploads\/2026\/01\/al-auja-300x160.jpg 300w, https:\/\/ismfrance.org\/wp-content\/uploads\/2026\/01\/al-auja.jpg 750w\" sizes=\"auto, (max-width: 600px) 100vw, 600px\" \/><\/a><\/p>\n<p><span style=\"color: #000000;\"><span style=\"font-family: Arial, sans-serif;\"><span style=\"font-size: medium;\">Dernier exemple en date de d\u00e9placement forc\u00e9 de Palestiniens : 15 familles b\u00e9douines ont fui la communaut\u00e9 d\u2019Al-Auja (photo ci-dessus), situ\u00e9e pr\u00e8s de J\u00e9richo en Cisjordanie occup\u00e9e, \u00e0 la suite d\u2019une s\u00e9rie d\u2019attaques violentes de colons isra\u00e9liens. <\/span><\/span><\/span><\/p>\n<p><span style=\"color: #000000;\"><span style=\"font-family: Arial, sans-serif;\"><span style=\"font-size: medium;\">Hassan Mleihat, superviseur g\u00e9n\u00e9ral de l&rsquo;organisation de d\u00e9fense des droits humains Al-Baydar, a confirm\u00e9 \u00e0 <i>Al-Araby al-Jadeed<\/i>, publication s\u0153ur arabophone de <i>The New Arab<\/i>, que 15 familles du clan al-Ghawanimah ont \u00e9t\u00e9 d\u00e9plac\u00e9es samedi matin apr\u00e8s avoir \u00e9t\u00e9 contraintes de d\u00e9molir leurs habitations.<\/span><\/span><\/span><\/p>\n<p><span style=\"color: #000000;\"><span style=\"font-family: Arial, sans-serif;\"><span style=\"font-size: medium;\">Mleihat a ajout\u00e9 qu&rsquo;elles ont \u00e9t\u00e9 forc\u00e9es de partir apr\u00e8s <a href=\"https:\/\/x.com\/i\/status\/2009726355437474179\">avoir \u00e9t\u00e9 attaqu\u00e9es par des colons prot\u00e9g\u00e9s par les forces isra\u00e9liennes<\/a>.<\/span><\/span><\/span><\/p>\n<p><span style=\"color: #000000;\"><span style=\"font-family: Arial, sans-serif;\"><span style=\"font-size: medium;\">Il a \u00e9galement indiqu\u00e9 que des familles de la r\u00e9gion sont d\u00e9plac\u00e9es depuis environ sept mois et qu&rsquo;avant les attaques, environ 1.000 personnes y vivaient.<\/span><\/span><\/span><\/p>\n<p><a href=\"https:\/\/ismfrance.org\/wp-content\/uploads\/2026\/01\/attackcommunity.png\"><img loading=\"lazy\" decoding=\"async\" class=\"size-full wp-image-26752 aligncenter\" src=\"https:\/\/ismfrance.org\/wp-content\/uploads\/2026\/01\/attackcommunity.png\" alt=\"\" width=\"450\" height=\"336\" srcset=\"https:\/\/ismfrance.org\/wp-content\/uploads\/2026\/01\/attackcommunity.png 450w, https:\/\/ismfrance.org\/wp-content\/uploads\/2026\/01\/attackcommunity-300x224.png 300w\" sizes=\"auto, (max-width: 450px) 100vw, 450px\" \/><\/a><span style=\"color: #000000;\"><span style=\"font-family: Arial, sans-serif;\"><span style=\"font-size: medium;\">Selon Mleihat, ces attaques de colons s&rsquo;inscrivent dans un contexte de menaces persistantes contre les agriculteurs palestiniens et les communaut\u00e9s b\u00e9douines. Des groupes de colons ont endommag\u00e9 des infrastructures vitales, comme des puits utilis\u00e9s par les Palestiniens.<\/span><\/span><\/span><\/p>\n<p><span style=\"color: #000000;\"><span style=\"font-family: Arial, sans-serif;\"><span style=\"font-size: medium;\">Parall\u00e8lement, les forces isra\u00e9liennes ont proc\u00e9d\u00e9 \u00e0 des dizaines d&rsquo;arrestations et d&rsquo;incursions ces derni\u00e8res semaines. Les m\u00e9dias locaux ont rapport\u00e9 que les forces isra\u00e9liennes ont arr\u00eat\u00e9 samedi Mahmoud Hamdallah Abu Maria, 60 ans, et ses trois fils apr\u00e8s avoir perquisitionn\u00e9 et saccag\u00e9 leur domicile \u00e0 Beit Ummar, au nord d&rsquo;H\u00e9bron.<\/span><\/span><\/span><\/p>\n<p><span style=\"color: #000000;\"><span style=\"font-family: Arial, sans-serif;\"><span style=\"font-size: medium;\">Des sources locales ont indiqu\u00e9 que plusieurs Palestiniens ont \u00e9t\u00e9 soign\u00e9s vendredi soir pour inhalation de gaz lacrymog\u00e8ne suite \u00e0 une incursion isra\u00e9lienne dans les villes de Beit Ummar et Beit Ula, au nord d&rsquo;H\u00e9bron. Un autre Palestinien a \u00e9t\u00e9 arr\u00eat\u00e9 apr\u00e8s la perquisition de son domicile dans le sud de la ville.<\/span><\/span><\/span><\/p>\n<p><span style=\"color: #000000;\"><span style=\"font-family: Arial, sans-serif;\"><span style=\"font-size: medium;\">\u00c0 Naplouse, des colons isra\u00e9liens ont \u00e9galement bless\u00e9 plusieurs Palestiniens samedi lors d&rsquo;une attaque pr\u00e8s de la ville de Beit Furik, a rapport\u00e9 l&rsquo;agence de presse palestinienne <em>Wafa<\/em>.<\/span><\/span><\/span><\/p>\n<p><span style=\"color: #000000;\"><span style=\"font-family: Arial, sans-serif;\"><span style=\"font-size: medium;\">Des sources locales ont d\u00e9clar\u00e9 \u00e0 l&rsquo;agence de presse que les colons ont violemment agress\u00e9 trois habitants, dont un homme de 70 ans.<\/span><\/span><\/span><\/p>\n<p><span style=\"color: #000000;\"><span style=\"font-family: Arial, sans-serif;\"><span style=\"font-size: medium;\">Ces derniers \u00e9v\u00e9nements surviennent alors que le Bureau national pour la d\u00e9fense du territoire et la r\u00e9sistance aux colonies a d\u00e9clar\u00e9 samedi que le gouvernement isra\u00e9lien menait plusieurs nouveaux projets d&rsquo;expansion de colonies en Cisjordanie. <\/span><\/span><\/span><\/p>\n<p><span style=\"color: #000000;\"><span style=\"font-family: Arial, sans-serif;\"><span style=\"font-size: medium;\">Selon un rapport de l&rsquo;organisation, les ministres isra\u00e9liens d&rsquo;extr\u00eame-droite encouragent g\u00e9n\u00e9ralement les politiques extr\u00e9mistes et l&rsquo;expansion des colonies \u00e0 l&rsquo;approche d&rsquo;\u00e9v\u00e9nements politiques, notamment les \u00e9lections isra\u00e9liennes pr\u00e9vues cette ann\u00e9e.<\/span><\/span><\/span><\/p>\n<p><span style=\"color: #000000;\"><span style=\"font-family: Arial, sans-serif;\"><span style=\"font-size: medium;\">Article original en anglais sur <a href=\"https:\/\/www.newarab.com\/news\/israeli-settler-attacks-displace-12000-palestinian-bedouins\">The New Arab<\/a> \/ Traduction MR<\/span><\/span><\/span><\/p>\n","protected":false},"excerpt":{"rendered":"<p>The New Arab, 24 janvier 2026. Selon un nouveau rapport publi\u00e9 samedi, pr\u00e8s de 1.000 familles palestiniennes, soit 12.000 personnes, ont \u00e9t\u00e9 d\u00e9plac\u00e9es de diff\u00e9rentes r\u00e9gions de Cisjordanie occup\u00e9e depuis <a class=\"more-link\" href=\"https:\/\/ismfrance.org\/index.php\/2026\/01\/25\/attaques-de-colons-israeliens-plus-de-12-000-bedouins-palestiniens-deplaces-depuis-2023\/\">Lire la suite &rarr;<\/a><\/p>\n","protected":false},"author":3,"featured_media":26753,"comment_status":"closed","ping_status":"closed","sticky":false,"template":"","format":"standard","meta":{"footnotes":""},"categories":[12,2],"tags":[45],"class_list":["post-26749","post","type-post","status-publish","format-standard","has-post-thumbnail","hentry","category-analyses","category-articles","tag-nettoyage-ethnique"],"yoast_head":"<!-- This site is optimized with the Yoast SEO plugin v27.2 - https:\/\/yoast.com\/product\/yoast-seo-wordpress\/ -->\n<title>Attaques de colons isra\u00e9liens : plus de 12.000 B\u00e9douins palestiniens d\u00e9plac\u00e9s depuis 2023 - International Solidarity Movement - ISM-France<\/title>\n<meta name=\"robots\" content=\"index, follow, max-snippet:-1, max-image-preview:large, max-video-preview:-1\" \/>\n<link rel=\"canonical\" href=\"https:\/\/ismfrance.org\/index.php\/2026\/01\/25\/attaques-de-colons-israeliens-plus-de-12-000-bedouins-palestiniens-deplaces-depuis-2023\/\" \/>\n<meta property=\"og:locale\" content=\"fr_FR\" \/>\n<meta property=\"og:type\" content=\"article\" \/>\n<meta property=\"og:title\" content=\"Attaques de colons isra\u00e9liens : plus de 12.000 B\u00e9douins palestiniens d\u00e9plac\u00e9s depuis 2023 - International Solidarity Movement - ISM-France\" \/>\n<meta property=\"og:description\" content=\"The New Arab, 24 janvier 2026. Selon un nouveau rapport publi\u00e9 samedi, pr\u00e8s de 1.000 familles palestiniennes, soit 12.000 personnes, ont \u00e9t\u00e9 d\u00e9plac\u00e9es de diff\u00e9rentes r\u00e9gions de Cisjordanie occup\u00e9e depuis Lire la suite &rarr;\" \/>\n<meta property=\"og:url\" content=\"https:\/\/ismfrance.org\/index.php\/2026\/01\/25\/attaques-de-colons-israeliens-plus-de-12-000-bedouins-palestiniens-deplaces-depuis-2023\/\" \/>\n<meta property=\"og:site_name\" content=\"International Solidarity Movement - ISM-France\" \/>\n<meta property=\"article:published_time\" content=\"2026-01-25T08:48:41+00:00\" \/>\n<meta property=\"article:modified_time\" content=\"2026-01-25T15:44:50+00:00\" \/>\n<meta property=\"og:image\" content=\"https:\/\/ismfrance.org\/wp-content\/uploads\/2026\/01\/new-outpost-al-auja.jpg\" \/>\n\t<meta property=\"og:image:width\" content=\"800\" \/>\n\t<meta property=\"og:image:height\" content=\"800\" \/>\n\t<meta property=\"og:image:type\" content=\"image\/jpeg\" \/>\n<meta name=\"author\" content=\"mru_01\" \/>\n<meta name=\"twitter:card\" content=\"summary_large_image\" \/>\n<meta name=\"twitter:creator\" content=\"@ISMFRANCE\" \/>\n<meta name=\"twitter:site\" content=\"@ISMFRANCE\" \/>\n<meta name=\"twitter:label1\" content=\"\u00c9crit par\" \/>\n\t<meta name=\"twitter:data1\" content=\"mru_01\" \/>\n\t<meta name=\"twitter:label2\" content=\"Dur\u00e9e de lecture estim\u00e9e\" \/>\n\t<meta name=\"twitter:data2\" content=\"4 minutes\" \/>\n<script type=\"application\/ld+json\" class=\"yoast-schema-graph\">{\"@context\":\"https:\/\/schema.org\",\"@graph\":[{\"@type\":\"Article\",\"@id\":\"https:\/\/ismfrance.org\/index.php\/2026\/01\/25\/attaques-de-colons-israeliens-plus-de-12-000-bedouins-palestiniens-deplaces-depuis-2023\/#article\",\"isPartOf\":{\"@id\":\"https:\/\/ismfrance.org\/index.php\/2026\/01\/25\/attaques-de-colons-israeliens-plus-de-12-000-bedouins-palestiniens-deplaces-depuis-2023\/\"},\"author\":{\"name\":\"mru_01\",\"@id\":\"https:\/\/ismfrance.org\/#\/schema\/person\/3c411eb72adfaae19c0dca1f41fae01d\"},\"headline\":\"Attaques de colons isra\u00e9liens : plus de 12.000 B\u00e9douins palestiniens d\u00e9plac\u00e9s depuis 2023\",\"datePublished\":\"2026-01-25T08:48:41+00:00\",\"dateModified\":\"2026-01-25T15:44:50+00:00\",\"mainEntityOfPage\":{\"@id\":\"https:\/\/ismfrance.org\/index.php\/2026\/01\/25\/attaques-de-colons-israeliens-plus-de-12-000-bedouins-palestiniens-deplaces-depuis-2023\/\"},\"wordCount\":583,\"publisher\":{\"@id\":\"https:\/\/ismfrance.org\/#organization\"},\"image\":{\"@id\":\"https:\/\/ismfrance.org\/index.php\/2026\/01\/25\/attaques-de-colons-israeliens-plus-de-12-000-bedouins-palestiniens-deplaces-depuis-2023\/#primaryimage\"},\"thumbnailUrl\":\"https:\/\/ismfrance.org\/wp-content\/uploads\/2026\/01\/new-outpost-al-auja.jpg\",\"keywords\":[\"nettoyage ethnique\"],\"articleSection\":[\"Analyses\",\"Articles\"],\"inLanguage\":\"fr-FR\"},{\"@type\":\"WebPage\",\"@id\":\"https:\/\/ismfrance.org\/index.php\/2026\/01\/25\/attaques-de-colons-israeliens-plus-de-12-000-bedouins-palestiniens-deplaces-depuis-2023\/\",\"url\":\"https:\/\/ismfrance.org\/index.php\/2026\/01\/25\/attaques-de-colons-israeliens-plus-de-12-000-bedouins-palestiniens-deplaces-depuis-2023\/\",\"name\":\"Attaques de colons isra\u00e9liens : plus de 12.000 B\u00e9douins palestiniens d\u00e9plac\u00e9s depuis 2023 - International Solidarity Movement - ISM-France\",\"isPartOf\":{\"@id\":\"https:\/\/ismfrance.org\/#website\"},\"primaryImageOfPage\":{\"@id\":\"https:\/\/ismfrance.org\/index.php\/2026\/01\/25\/attaques-de-colons-israeliens-plus-de-12-000-bedouins-palestiniens-deplaces-depuis-2023\/#primaryimage\"},\"image\":{\"@id\":\"https:\/\/ismfrance.org\/index.php\/2026\/01\/25\/attaques-de-colons-israeliens-plus-de-12-000-bedouins-palestiniens-deplaces-depuis-2023\/#primaryimage\"},\"thumbnailUrl\":\"https:\/\/ismfrance.org\/wp-content\/uploads\/2026\/01\/new-outpost-al-auja.jpg\",\"datePublished\":\"2026-01-25T08:48:41+00:00\",\"dateModified\":\"2026-01-25T15:44:50+00:00\",\"breadcrumb\":{\"@id\":\"https:\/\/ismfrance.org\/index.php\/2026\/01\/25\/attaques-de-colons-israeliens-plus-de-12-000-bedouins-palestiniens-deplaces-depuis-2023\/#breadcrumb\"},\"inLanguage\":\"fr-FR\",\"potentialAction\":[{\"@type\":\"ReadAction\",\"target\":[\"https:\/\/ismfrance.org\/index.php\/2026\/01\/25\/attaques-de-colons-israeliens-plus-de-12-000-bedouins-palestiniens-deplaces-depuis-2023\/\"]}]},{\"@type\":\"ImageObject\",\"inLanguage\":\"fr-FR\",\"@id\":\"https:\/\/ismfrance.org\/index.php\/2026\/01\/25\/attaques-de-colons-israeliens-plus-de-12-000-bedouins-palestiniens-deplaces-depuis-2023\/#primaryimage\",\"url\":\"https:\/\/ismfrance.org\/wp-content\/uploads\/2026\/01\/new-outpost-al-auja.jpg\",\"contentUrl\":\"https:\/\/ismfrance.org\/wp-content\/uploads\/2026\/01\/new-outpost-al-auja.jpg\",\"width\":800,\"height\":800},{\"@type\":\"BreadcrumbList\",\"@id\":\"https:\/\/ismfrance.org\/index.php\/2026\/01\/25\/attaques-de-colons-israeliens-plus-de-12-000-bedouins-palestiniens-deplaces-depuis-2023\/#breadcrumb\",\"itemListElement\":[{\"@type\":\"ListItem\",\"position\":1,\"name\":\"Accueil\",\"item\":\"https:\/\/ismfrance.org\/\"},{\"@type\":\"ListItem\",\"position\":2,\"name\":\"Attaques de colons isra\u00e9liens : plus de 12.000 B\u00e9douins palestiniens d\u00e9plac\u00e9s depuis 2023\"}]},{\"@type\":\"WebSite\",\"@id\":\"https:\/\/ismfrance.org\/#website\",\"url\":\"https:\/\/ismfrance.org\/\",\"name\":\"ISM Palestine France\",\"description\":\"Soutien aux luttes de lib\u00e9ration du peuple palestinien\",\"publisher\":{\"@id\":\"https:\/\/ismfrance.org\/#organization\"},\"potentialAction\":[{\"@type\":\"SearchAction\",\"target\":{\"@type\":\"EntryPoint\",\"urlTemplate\":\"https:\/\/ismfrance.org\/?s={search_term_string}\"},\"query-input\":{\"@type\":\"PropertyValueSpecification\",\"valueRequired\":true,\"valueName\":\"search_term_string\"}}],\"inLanguage\":\"fr-FR\"},{\"@type\":\"Organization\",\"@id\":\"https:\/\/ismfrance.org\/#organization\",\"name\":\"International Solidarity Movement\",\"url\":\"https:\/\/ismfrance.org\/\",\"logo\":{\"@type\":\"ImageObject\",\"inLanguage\":\"fr-FR\",\"@id\":\"https:\/\/ismfrance.org\/#\/schema\/logo\/image\/\",\"url\":\"https:\/\/ismfrance.org\/wp-content\/uploads\/2020\/12\/00.png\",\"contentUrl\":\"https:\/\/ismfrance.org\/wp-content\/uploads\/2020\/12\/00.png\",\"width\":400,\"height\":400,\"caption\":\"International Solidarity Movement\"},\"image\":{\"@id\":\"https:\/\/ismfrance.org\/#\/schema\/logo\/image\/\"},\"sameAs\":[\"https:\/\/x.com\/ISMFRANCE\"]},{\"@type\":\"Person\",\"@id\":\"https:\/\/ismfrance.org\/#\/schema\/person\/3c411eb72adfaae19c0dca1f41fae01d\",\"name\":\"mru_01\",\"image\":{\"@type\":\"ImageObject\",\"inLanguage\":\"fr-FR\",\"@id\":\"https:\/\/secure.gravatar.com\/avatar\/3a0be343b445d2ccc79e87444a294fad2b232e90d2051d0e3cc219e1ecd6a330?s=96&d=mm&r=g\",\"url\":\"https:\/\/secure.gravatar.com\/avatar\/3a0be343b445d2ccc79e87444a294fad2b232e90d2051d0e3cc219e1ecd6a330?s=96&d=mm&r=g\",\"contentUrl\":\"https:\/\/secure.gravatar.com\/avatar\/3a0be343b445d2ccc79e87444a294fad2b232e90d2051d0e3cc219e1ecd6a330?s=96&d=mm&r=g\",\"caption\":\"mru_01\"},\"url\":\"https:\/\/ismfrance.org\/index.php\/author\/admin02\/\"}]}<\/script>\n<!-- \/ Yoast SEO plugin. -->","yoast_head_json":{"title":"Attaques de colons isra\u00e9liens : plus de 12.000 B\u00e9douins palestiniens d\u00e9plac\u00e9s depuis 2023 - International Solidarity Movement - ISM-France","robots":{"index":"index","follow":"follow","max-snippet":"max-snippet:-1","max-image-preview":"max-image-preview:large","max-video-preview":"max-video-preview:-1"},"canonical":"https:\/\/ismfrance.org\/index.php\/2026\/01\/25\/attaques-de-colons-israeliens-plus-de-12-000-bedouins-palestiniens-deplaces-depuis-2023\/","og_locale":"fr_FR","og_type":"article","og_title":"Attaques de colons isra\u00e9liens : plus de 12.000 B\u00e9douins palestiniens d\u00e9plac\u00e9s depuis 2023 - International Solidarity Movement - ISM-France","og_description":"The New Arab, 24 janvier 2026. Selon un nouveau rapport publi\u00e9 samedi, pr\u00e8s de 1.000 familles palestiniennes, soit 12.000 personnes, ont \u00e9t\u00e9 d\u00e9plac\u00e9es de diff\u00e9rentes r\u00e9gions de Cisjordanie occup\u00e9e depuis Lire la suite &rarr;","og_url":"https:\/\/ismfrance.org\/index.php\/2026\/01\/25\/attaques-de-colons-israeliens-plus-de-12-000-bedouins-palestiniens-deplaces-depuis-2023\/","og_site_name":"International Solidarity Movement - ISM-France","article_published_time":"2026-01-25T08:48:41+00:00","article_modified_time":"2026-01-25T15:44:50+00:00","og_image":[{"width":800,"height":800,"url":"https:\/\/ismfrance.org\/wp-content\/uploads\/2026\/01\/new-outpost-al-auja.jpg","type":"image\/jpeg"}],"author":"mru_01","twitter_card":"summary_large_image","twitter_creator":"@ISMFRANCE","twitter_site":"@ISMFRANCE","twitter_misc":{"\u00c9crit par":"mru_01","Dur\u00e9e de lecture estim\u00e9e":"4 minutes"},"schema":{"@context":"https:\/\/schema.org","@graph":[{"@type":"Article","@id":"https:\/\/ismfrance.org\/index.php\/2026\/01\/25\/attaques-de-colons-israeliens-plus-de-12-000-bedouins-palestiniens-deplaces-depuis-2023\/#article","isPartOf":{"@id":"https:\/\/ismfrance.org\/index.php\/2026\/01\/25\/attaques-de-colons-israeliens-plus-de-12-000-bedouins-palestiniens-deplaces-depuis-2023\/"},"author":{"name":"mru_01","@id":"https:\/\/ismfrance.org\/#\/schema\/person\/3c411eb72adfaae19c0dca1f41fae01d"},"headline":"Attaques de colons isra\u00e9liens : plus de 12.000 B\u00e9douins palestiniens d\u00e9plac\u00e9s depuis 2023","datePublished":"2026-01-25T08:48:41+00:00","dateModified":"2026-01-25T15:44:50+00:00","mainEntityOfPage":{"@id":"https:\/\/ismfrance.org\/index.php\/2026\/01\/25\/attaques-de-colons-israeliens-plus-de-12-000-bedouins-palestiniens-deplaces-depuis-2023\/"},"wordCount":583,"publisher":{"@id":"https:\/\/ismfrance.org\/#organization"},"image":{"@id":"https:\/\/ismfrance.org\/index.php\/2026\/01\/25\/attaques-de-colons-israeliens-plus-de-12-000-bedouins-palestiniens-deplaces-depuis-2023\/#primaryimage"},"thumbnailUrl":"https:\/\/ismfrance.org\/wp-content\/uploads\/2026\/01\/new-outpost-al-auja.jpg","keywords":["nettoyage ethnique"],"articleSection":["Analyses","Articles"],"inLanguage":"fr-FR"},{"@type":"WebPage","@id":"https:\/\/ismfrance.org\/index.php\/2026\/01\/25\/attaques-de-colons-israeliens-plus-de-12-000-bedouins-palestiniens-deplaces-depuis-2023\/","url":"https:\/\/ismfrance.org\/index.php\/2026\/01\/25\/attaques-de-colons-israeliens-plus-de-12-000-bedouins-palestiniens-deplaces-depuis-2023\/","name":"Attaques de colons isra\u00e9liens : plus de 12.000 B\u00e9douins palestiniens d\u00e9plac\u00e9s depuis 2023 - International Solidarity Movement - ISM-France","isPartOf":{"@id":"https:\/\/ismfrance.org\/#website"},"primaryImageOfPage":{"@id":"https:\/\/ismfrance.org\/index.php\/2026\/01\/25\/attaques-de-colons-israeliens-plus-de-12-000-bedouins-palestiniens-deplaces-depuis-2023\/#primaryimage"},"image":{"@id":"https:\/\/ismfrance.org\/index.php\/2026\/01\/25\/attaques-de-colons-israeliens-plus-de-12-000-bedouins-palestiniens-deplaces-depuis-2023\/#primaryimage"},"thumbnailUrl":"https:\/\/ismfrance.org\/wp-content\/uploads\/2026\/01\/new-outpost-al-auja.jpg","datePublished":"2026-01-25T08:48:41+00:00","dateModified":"2026-01-25T15:44:50+00:00","breadcrumb":{"@id":"https:\/\/ismfrance.org\/index.php\/2026\/01\/25\/attaques-de-colons-israeliens-plus-de-12-000-bedouins-palestiniens-deplaces-depuis-2023\/#breadcrumb"},"inLanguage":"fr-FR","potentialAction":[{"@type":"ReadAction","target":["https:\/\/ismfrance.org\/index.php\/2026\/01\/25\/attaques-de-colons-israeliens-plus-de-12-000-bedouins-palestiniens-deplaces-depuis-2023\/"]}]},{"@type":"ImageObject","inLanguage":"fr-FR","@id":"https:\/\/ismfrance.org\/index.php\/2026\/01\/25\/attaques-de-colons-israeliens-plus-de-12-000-bedouins-palestiniens-deplaces-depuis-2023\/#primaryimage","url":"https:\/\/ismfrance.org\/wp-content\/uploads\/2026\/01\/new-outpost-al-auja.jpg","contentUrl":"https:\/\/ismfrance.org\/wp-content\/uploads\/2026\/01\/new-outpost-al-auja.jpg","width":800,"height":800},{"@type":"BreadcrumbList","@id":"https:\/\/ismfrance.org\/index.php\/2026\/01\/25\/attaques-de-colons-israeliens-plus-de-12-000-bedouins-palestiniens-deplaces-depuis-2023\/#breadcrumb","itemListElement":[{"@type":"ListItem","position":1,"name":"Accueil","item":"https:\/\/ismfrance.org\/"},{"@type":"ListItem","position":2,"name":"Attaques de colons isra\u00e9liens : plus de 12.000 B\u00e9douins palestiniens d\u00e9plac\u00e9s depuis 2023"}]},{"@type":"WebSite","@id":"https:\/\/ismfrance.org\/#website","url":"https:\/\/ismfrance.org\/","name":"ISM Palestine France","description":"Soutien aux luttes de lib\u00e9ration du peuple palestinien","publisher":{"@id":"https:\/\/ismfrance.org\/#organization"},"potentialAction":[{"@type":"SearchAction","target":{"@type":"EntryPoint","urlTemplate":"https:\/\/ismfrance.org\/?s={search_term_string}"},"query-input":{"@type":"PropertyValueSpecification","valueRequired":true,"valueName":"search_term_string"}}],"inLanguage":"fr-FR"},{"@type":"Organization","@id":"https:\/\/ismfrance.org\/#organization","name":"International Solidarity Movement","url":"https:\/\/ismfrance.org\/","logo":{"@type":"ImageObject","inLanguage":"fr-FR","@id":"https:\/\/ismfrance.org\/#\/schema\/logo\/image\/","url":"https:\/\/ismfrance.org\/wp-content\/uploads\/2020\/12\/00.png","contentUrl":"https:\/\/ismfrance.org\/wp-content\/uploads\/2020\/12\/00.png","width":400,"height":400,"caption":"International Solidarity Movement"},"image":{"@id":"https:\/\/ismfrance.org\/#\/schema\/logo\/image\/"},"sameAs":["https:\/\/x.com\/ISMFRANCE"]},{"@type":"Person","@id":"https:\/\/ismfrance.org\/#\/schema\/person\/3c411eb72adfaae19c0dca1f41fae01d","name":"mru_01","image":{"@type":"ImageObject","inLanguage":"fr-FR","@id":"https:\/\/secure.gravatar.com\/avatar\/3a0be343b445d2ccc79e87444a294fad2b232e90d2051d0e3cc219e1ecd6a330?s=96&d=mm&r=g","url":"https:\/\/secure.gravatar.com\/avatar\/3a0be343b445d2ccc79e87444a294fad2b232e90d2051d0e3cc219e1ecd6a330?s=96&d=mm&r=g","contentUrl":"https:\/\/secure.gravatar.com\/avatar\/3a0be343b445d2ccc79e87444a294fad2b232e90d2051d0e3cc219e1ecd6a330?s=96&d=mm&r=g","caption":"mru_01"},"url":"https:\/\/ismfrance.org\/index.php\/author\/admin02\/"}]}},"_links":{"self":[{"href":"https:\/\/ismfrance.org\/index.php\/wp-json\/wp\/v2\/posts\/26749","targetHints":{"allow":["GET"]}}],"collection":[{"href":"https:\/\/ismfrance.org\/index.php\/wp-json\/wp\/v2\/posts"}],"about":[{"href":"https:\/\/ismfrance.org\/index.php\/wp-json\/wp\/v2\/types\/post"}],"author":[{"embeddable":true,"href":"https:\/\/ismfrance.org\/index.php\/wp-json\/wp\/v2\/users\/3"}],"replies":[{"embeddable":true,"href":"https:\/\/ismfrance.org\/index.php\/wp-json\/wp\/v2\/comments?post=26749"}],"version-history":[{"count":6,"href":"https:\/\/ismfrance.org\/index.php\/wp-json\/wp\/v2\/posts\/26749\/revisions"}],"predecessor-version":[{"id":26758,"href":"https:\/\/ismfrance.org\/index.php\/wp-json\/wp\/v2\/posts\/26749\/revisions\/26758"}],"wp:featuredmedia":[{"embeddable":true,"href":"https:\/\/ismfrance.org\/index.php\/wp-json\/wp\/v2\/media\/26753"}],"wp:attachment":[{"href":"https:\/\/ismfrance.org\/index.php\/wp-json\/wp\/v2\/media?parent=26749"}],"wp:term":[{"taxonomy":"category","embeddable":true,"href":"https:\/\/ismfrance.org\/index.php\/wp-json\/wp\/v2\/categories?post=26749"},{"taxonomy":"post_tag","embeddable":true,"href":"https:\/\/ismfrance.org\/index.php\/wp-json\/wp\/v2\/tags?post=26749"}],"curies":[{"name":"wp","href":"https:\/\/api.w.org\/{rel}","templated":true}]}}