{"id":26067,"date":"2026-01-03T09:34:46","date_gmt":"2026-01-03T08:34:46","guid":{"rendered":"https:\/\/ismfrance.org\/?p=26067"},"modified":"2026-01-03T09:34:46","modified_gmt":"2026-01-03T08:34:46","slug":"la-coalition-de-la-flottille-de-la-liberte-condamne-les-agressions-sexuelles-commises-par-les-forces-israeliennes","status":"publish","type":"post","link":"https:\/\/ismfrance.org\/index.php\/2026\/01\/03\/la-coalition-de-la-flottille-de-la-liberte-condamne-les-agressions-sexuelles-commises-par-les-forces-israeliennes\/","title":{"rendered":"La Coalition de la Flottille de la Libert\u00e9 condamne les agressions sexuelles commises par les forces isra\u00e9liennes"},"content":{"rendered":"<p><span style=\"color: #000000;\"><span style=\"font-family: Arial, sans-serif;\"><strong>FFC, 2 janvier 2026.<\/strong> La Coalition de la Flottille de la Libert\u00e9 condamne les agressions sexuelles odieuses commises par les forces isra\u00e9liennes. Elle exige des comptes face \u00e0 une culture d&rsquo;impunit\u00e9 syst\u00e9mique.<\/span><\/span><\/p>\n<p><a href=\"https:\/\/ismfrance.org\/wp-content\/uploads\/2026\/01\/FFC.png\"><img loading=\"lazy\" decoding=\"async\" class=\"alignnone size-full wp-image-26069\" src=\"https:\/\/ismfrance.org\/wp-content\/uploads\/2026\/01\/FFC.png\" alt=\"\" width=\"635\" height=\"425\" srcset=\"https:\/\/ismfrance.org\/wp-content\/uploads\/2026\/01\/FFC.png 635w, https:\/\/ismfrance.org\/wp-content\/uploads\/2026\/01\/FFC-300x201.png 300w\" sizes=\"auto, (max-width: 635px) 100vw, 635px\" \/><\/a><\/p>\n<p><span style=\"color: #000000;\"><span style=\"font-family: Arial, sans-serif;\">Il a \u00e9t\u00e9 r\u00e9cemment r\u00e9v\u00e9l\u00e9 que des policiers et des responsables p\u00e9nitentiaires isra\u00e9liens ont agress\u00e9 sexuellement et viol\u00e9 trois participants \u00e0 la r\u00e9cente mission de la Coalition de la Flottille de la Libert\u00e9, organis\u00e9e pour contester le blocus ill\u00e9gal de Gaza par Isra\u00ebl. <\/span><\/span><\/p>\n<p><span style=\"color: #000000;\"><span style=\"font-family: Arial, sans-serif;\">Ces agressions ont eu lieu apr\u00e8s l&rsquo;attaque militaire ill\u00e9gale d&rsquo;Isra\u00ebl contre des navires de la flottille et la saisie et la d\u00e9tention forc\u00e9es de centaines de civils en eaux internationales. Les crimes sexuels constituent des violations flagrantes de la dignit\u00e9 humaine et de graves violations du droit international humanitaire et des droits de l&rsquo;homme. La Coalition de la Flottille de la Libert\u00e9 (FFC) condamne ces actes avec la plus grande fermet\u00e9 et exige une enqu\u00eate imm\u00e9diate, ind\u00e9pendante et cr\u00e9dible, ainsi que la traduction en justice de tous les responsables.<\/span><\/span><\/p>\n<p><span style=\"color: #000000;\"><span style=\"font-family: Arial, sans-serif;\">Le 21 d\u00e9cembre 2025, Anna Liedtke, journaliste allemande pr\u00e9sente \u00e0 bord du navire de la flottille <i>Conscience<\/i> \u2013 qui transportait des dizaines de journalistes et de m\u00e9decins \u2013 a pris la parole <a href=\"https:\/\/www.youtube.com\/shorts\/-jBkaPkDwuo\">lors d&rsquo;une conf\u00e9rence internationale<\/a> en solidarit\u00e9 avec les prisonniers politiques. Dans son t\u00e9moignage, elle a r\u00e9v\u00e9l\u00e9 publiquement, pour la premi\u00e8re fois, avoir \u00e9t\u00e9 viol\u00e9e par des agents isra\u00e9liens apr\u00e8s avoir r\u00e9sist\u00e9 \u00e0 une fouille \u00e0 nu forc\u00e9e pratiqu\u00e9e par des polici\u00e8res. Depuis qu&rsquo;elle a r\u00e9v\u00e9l\u00e9 son agression, la FFC s&rsquo;efforce de soutenir Anna et de respecter ses choix quant \u00e0 la prise de parole publique.<\/span><\/span><\/p>\n<p><span style=\"color: #000000;\"><span style=\"font-family: Arial, sans-serif;\">Anna n&rsquo;est pas la seule participante \u00e0 la flottille \u00e0 avoir subi des violences sexuelles de la part de la police et des autorit\u00e9s p\u00e9nitentiaires isra\u00e9liennes. Le journaliste italien Vincenzo Fullone, \u00e9galement \u00e0 bord du <i>Conscience<\/i>, a \u00e9t\u00e9 victime de viols r\u00e9p\u00e9t\u00e9s lors de sa d\u00e9tention ill\u00e9gale, tout comme la militante australienne Surya McEwen. <\/span><\/span><\/p>\n<p><span style=\"color: #000000;\"><span style=\"font-family: Arial, sans-serif;\">Parler de violences sexuelles, surtout lorsqu&rsquo;elles sont commises par des agents de l&rsquo;\u00c9tat qui agissent en toute impunit\u00e9, est extr\u00eamement difficile. C&rsquo;est pourquoi nous pensons que, \u00e0 mesure que l&rsquo;espace de parole se lib\u00e8re, d&rsquo;autres personnes pourraient se manifester. Nous continuerons de placer les survivantes au c\u0153ur de nos pr\u00e9occupations, de respecter leur libert\u00e9 de parole lorsqu&rsquo;elles seront pr\u00eates \u00e0 t\u00e9moigner et de veiller \u00e0 ce que personne ne soit contraint de parler avant d&rsquo;\u00eatre pr\u00eat(e). <\/span><\/span><\/p>\n<p><span style=\"color: #000000;\"><span style=\"font-family: Arial, sans-serif;\">L\u2019agression odieuse perp\u00e9tr\u00e9e contre les volontaires de la flottille doit \u00eatre replac\u00e9e dans le contexte plus large d\u2019un syst\u00e8me de violence profond\u00e9ment enracin\u00e9, au sein duquel les soldats, policiers et gardiens de prison isra\u00e9liens agissent depuis longtemps en toute impunit\u00e9. Les violences sexuelles, notamment les viols, les viols collectifs, les fouilles \u00e0 nu humiliantes et autres formes de torture sexuelle, ont \u00e9t\u00e9 commises \u00e0 maintes reprises contre des Palestiniens d\u00e9tenus par Isra\u00ebl et document\u00e9es par des organisations isra\u00e9liennes, palestiniennes et internationales de d\u00e9fense des droits humains. Si nous nous engageons \u00e0 apporter aide et soutien aux volontaires de la flottille victimes de violences sexuelles, nous reconnaissons que les Palestiniens \u2013 militants, enfants, femmes, hommes et d\u00e9tenus \u00e2g\u00e9s \u2013 ont subi des violences sexuelles et des actes de torture bien plus g\u00e9n\u00e9ralis\u00e9s et syst\u00e9matiques de la part d\u2019Isra\u00ebl, sans aucun m\u00e9canisme cr\u00e9dible de responsabilisation.<\/span><\/span><\/p>\n<p><span style=\"color: #000000;\"><span style=\"font-family: Arial, sans-serif;\">Des enqu\u00eates r\u00e9centes du Centre palestinien pour les droits de l&rsquo;homme <a href=\"https:\/\/pchrgaza.org\/pchr-documents-testimonies-of-systematic-rape-and-sexual-torture-in-israeli-detention-against-released-palestinian-detainees\/\">d\u00e9crivent<\/a> le recours syst\u00e9matique \u00e0 la torture sexuelle contre les d\u00e9tenus palestiniens, notamment le viol, le d\u00e9shabillage forc\u00e9, le filmage d&rsquo;abus et les agressions sexuelles impliquant des objets et des animaux. Ces actes, qui se sont intensifi\u00e9s dans le contexte du g\u00e9nocide perp\u00e9tr\u00e9 par Isra\u00ebl \u00e0 Gaza, s&rsquo;inscrivent dans un sch\u00e9ma de traitement plus large, vieux de plusieurs d\u00e9cennies, qui constitue de la torture et des traitements cruels, inhumains et d\u00e9gradants au regard du droit international. <\/span><\/span><\/p>\n<p><span style=\"color: #000000;\"><span style=\"font-family: Arial, sans-serif;\">Dans un t\u00e9moignage, une m\u00e8re de 42 ans, enlev\u00e9e \u00e0 un poste de contr\u00f4le \u00e9tabli par des soldats isra\u00e9liens \u00e0 Gaza, raconte avoir eu les yeux band\u00e9s, avoir \u00e9t\u00e9 menott\u00e9e \u00e0 une structure m\u00e9tallique, d\u00e9shabill\u00e9e de force, film\u00e9e, battue et viol\u00e9e \u00e0 plusieurs reprises \u2013 par voie anale et vaginale \u2013 pendant trois jours. Dans un autre t\u00e9moignage, un p\u00e8re de 35 ans, enlev\u00e9 \u00e0 l&rsquo;h\u00f4pital Al-Shifa, rapporte que des soldats isra\u00e9liens l&rsquo;ont d\u00e9shabill\u00e9 de force, puis ont l\u00e2ch\u00e9 un chien militaire qui lui est mont\u00e9 dessus, lui a urin\u00e9 dessus et l&rsquo;a viol\u00e9.<\/span><\/span><\/p>\n<p><span style=\"color: #000000;\"><span style=\"font-family: Arial, sans-serif;\">Ces abus ne sont pas des cas isol\u00e9s. Les organes des Nations Unies ont <a href=\"https:\/\/www.ohchr.org\/en\/press-releases\/2025\/03\/more-human-can-bear-israels-systematic-use-sexual-reproductive-and-other\">signal\u00e9<\/a> le recours g\u00e9n\u00e9ralis\u00e9 aux violences sexuelles et sexistes par les forces et services de s\u00e9curit\u00e9 isra\u00e9liens dans le cadre de leurs pratiques de d\u00e9tention et de contr\u00f4le, notamment le d\u00e9shabillage forc\u00e9 en public et les menaces de viol. Amnesty International a <a href=\"https:\/\/www.middleeastmonitor.com\/20240806-torture-sexual-violence-against-palestinian-detainees-war-crimes-amnesty-says\/\">qualifi\u00e9<\/a> \u00e0 juste titre la torture et les violences sexuelles inflig\u00e9es aux d\u00e9tenus palestiniens de crimes de guerre. De plus, le viol et les autres formes de violence sexuelle constituent une humiliation psychologique d\u00e9lib\u00e9r\u00e9e visant \u00e0 an\u00e9antir la dignit\u00e9 humaine et \u00e0 effacer l&rsquo;identit\u00e9 individuelle \u2013 un comportement reconnu comme composante des pratiques g\u00e9nocidaires par le droit international. Selon la <a href=\"https:\/\/www.ohchr.org\/sites\/default\/files\/documents\/hrbodies\/hrcouncil\/sessions-regular\/session60\/advance-version\/a-hrc-60-crp-3.pdf\">Commission d&rsquo;enqu\u00eate ind\u00e9pendante des Nations Unies<\/a>, il s&rsquo;agit de \u00ab <i>l&rsquo;un des pires moyens d&rsquo;infliger des dommages physiques et psychologiques graves \u00e0 la victime<\/i> \u00bb.<\/span><\/span><\/p>\n<p><span style=\"color: #000000;\"><span style=\"font-family: Arial, sans-serif;\">Malgr\u00e9 l&rsquo;abondance et la documentation des faits, les grands m\u00e9dias ont largement pass\u00e9 sous silence le recours syst\u00e9matique et g\u00e9n\u00e9ralis\u00e9 par Isra\u00ebl aux agressions sexuelles et \u00e0 la torture contre les Palestiniens. Ce silence s\u00e9lectif face aux t\u00e9moignages des survivants \u2013 document\u00e9s et examin\u00e9s par d&rsquo;importantes organisations de d\u00e9fense des droits humains ainsi que par des organes des Nations Unies \u2013 constitue une grave d\u00e9faillance journalistique et \u00e9thique qui invisibilise les victimes, fausse la perception du public et permet l&rsquo;impunit\u00e9 dont b\u00e9n\u00e9ficient les auteurs isra\u00e9liens de ces crimes.<\/span><\/span><\/p>\n<p><span style=\"color: #000000;\"><span style=\"font-family: Arial, sans-serif;\">Cette impunit\u00e9 n&rsquo;est pas fortuite, mais structurelle et omnipr\u00e9sente. Elle est profond\u00e9ment ancr\u00e9e dans le syst\u00e8me politique et juridique isra\u00e9lien, o\u00f9 les enqu\u00eates sont superficielles, les poursuites inexistantes ou men\u00e9es \u00e0 des fins de relations publiques, et les institutions cens\u00e9es assurer le contr\u00f4le prot\u00e8gent syst\u00e9matiquement les auteurs de ces crimes plut\u00f4t que les victimes. Elle est indissociable des politiques plus larges qui soutiennent le blocus, l&rsquo;occupation et la discrimination institutionnalis\u00e9e d&rsquo;Isra\u00ebl \u2013 des politiques qui ont permis des exactions g\u00e9n\u00e9ralis\u00e9es et syst\u00e9matiques constituant des crimes contre l&rsquo;humanit\u00e9, notamment l&rsquo;apartheid, le nettoyage ethnique et le g\u00e9nocide. Un ordre politique et juridique qui tol\u00e8re, voire normalise, de telles violations ne peut \u00eatre consid\u00e9r\u00e9 comme capable d&rsquo;enqu\u00eater sur lui-m\u00eame ou de demander des comptes \u00e0 ses propres forces.<\/span><\/span><\/p>\n<p><span style=\"color: #000000;\"><span style=\"font-family: Arial, sans-serif;\">La FFC explorera toutes les voies possibles pour que les responsables des violences sexuelles commises contre nos volontaires r\u00e9pondent de leurs actes, notamment par le biais de m\u00e9canismes juridiques internationaux, de rapports sur les droits humains, d&rsquo;enqu\u00eates ind\u00e9pendantes et d&rsquo;un plaidoyer coordonn\u00e9 avec des organisations partenaires. <\/span><\/span><\/p>\n<p><span style=\"color: #000000;\"><span style=\"font-family: Arial, sans-serif;\">Nous appelons :<\/span><\/span><\/p>\n<p><span style=\"color: #000000;\"><span style=\"font-family: Arial, sans-serif;\">*Les Nations Unies et leurs \u00c9tats membres \u00e0 exiger un acc\u00e8s sans entrave aux lieux de d\u00e9tention et une enqu\u00eate internationale ind\u00e9pendante sur les violences sexuelles commises par les forces isra\u00e9liennes.<\/span><\/span><\/p>\n<p><span style=\"color: #000000;\"><span style=\"font-family: Arial, sans-serif;\">*La Cour p\u00e9nale internationale doit enqu\u00eater d&rsquo;urgence sur toutes les all\u00e9gations de violences sexuelles et de torture dans les centres de d\u00e9tention isra\u00e9liens.<\/span><\/span><\/p>\n<p><span style=\"color: #000000;\"><span style=\"font-family: Arial, sans-serif;\">*La soci\u00e9t\u00e9 civile internationale, et notamment les m\u00e9dias, doivent rompre le silence sur les exactions commises contre les Palestiniens et les militants internationaux, et exiger la fin des syst\u00e8mes de violence qui prosp\u00e8rent gr\u00e2ce \u00e0 l&rsquo;impunit\u00e9.<\/span><\/span><\/p>\n<p><span style=\"color: #000000;\"><span style=\"font-family: Arial, sans-serif;\">Ces crimes sont indissociables du contexte plus large de l&rsquo;occupation coloniale persistante et du d\u00e9ni de la libert\u00e9 et de la dignit\u00e9 des Palestiniens. L&rsquo;impunit\u00e9 pour les violences sexuelles \u2013 qu&rsquo;elles soient perp\u00e9tr\u00e9es contre des volontaires des flottilles et des mouvements de solidarit\u00e9 ou contre des hommes, des femmes et des enfants palestiniens \u2013 doit cesser et les responsables doivent \u00eatre traduits en justice.<\/span><\/span><\/p>\n<p><strong><span style=\"color: #000000;\"><span style=\"font-family: Arial, sans-serif;\"><span style=\"font-size: large;\">D\u00e9clarations d&rsquo;Anna, Vincenzo et Surya<\/span><\/span><\/span><\/strong><\/p>\n<p><span style=\"color: #000000;\"><span style=\"font-family: Arial, sans-serif;\"><strong>Anna\u00a0<\/strong>: \u00ab\u00a0<i>Apr\u00e8s mon enl\u00e8vement par les forces isra\u00e9liennes, j&rsquo;ai subi des violences physiques et sexuelles r\u00e9p\u00e9t\u00e9es. Lors d&rsquo;une fouille \u00e0 nu forc\u00e9e, j&rsquo;ai \u00e9t\u00e9 viol\u00e9e par des gardiennes isra\u00e9liennes. Je t\u00e9moigne aujourd&rsquo;hui non pas pour moi-m\u00eame, mais pour toutes les femmes qui ont endur\u00e9 des violences et des tortures sexuelles dans les prisons isra\u00e9liennes\u00a0\u2014 pour celles qui n&rsquo;ont pas surv\u00e9cu \u00e0 ces agressions, pour celles qui subissent ces violences actuellement et pour celles qui ne peuvent pas en parler<\/i>.\u00a0\u00bb<\/span><\/span><\/p>\n<p><span style=\"color: #000000;\"><span style=\"font-family: Arial, sans-serif;\"><strong>Vincenzo<\/strong> : \u00ab <i>\u00c0 trois reprises, j&rsquo;ai re\u00e7u l&rsquo;ordre d&rsquo;entrer dans une petite pi\u00e8ce am\u00e9nag\u00e9e \u00e0 cet effet, o\u00f9 j&rsquo;ai \u00e9t\u00e9 enti\u00e8rement d\u00e9shabill\u00e9 et soumis \u00e0 des fouilles anales invasives et douloureuses. Je suis rest\u00e9 silencieux \u00e0 chaque fois pour \u00e9viter de provoquer davantage de violence et pour priver les gardes de la satisfaction de ma souffrance. Lors de la troisi\u00e8me fouille, la douleur est devenue insupportable et a \u00e9t\u00e9 aggrav\u00e9e par des moqueries, des insultes \u2013 notamment : \u00ab \u00c7a ne te pla\u00eet pas, salope du Hamas ? \u00bb \u2013 et la prise de photos de mon corps. Je ne trouve toujours pas la paix car s&rsquo;ils ont \u00e9t\u00e9 capables de me faire cela, je ne peux imaginer ce qu&rsquo;ils ont fait \u2013 et continuent de faire \u2013 aux Palestiniens sous leur contr\u00f4le total.<\/i> \u00bb <\/span><\/span><\/p>\n<p><span style=\"color: #000000;\"><span style=\"font-family: Arial, sans-serif;\"><strong>Surya<\/strong> : \u00ab <i>J\u2019ai \u00e9t\u00e9 d\u00e9shabill\u00e9e et agress\u00e9e sexuellement par des officiers isra\u00e9liens alors que j\u2019\u00e9tais prise en otage. L\u2019un d\u2019eux m\u2019a braqu\u00e9 une arme sur la tempe, me mena\u00e7ant de mort, tandis que l\u2019autre me tirait les parties g\u00e9nitales avec une violence perverse, presque jubilatoire. Si cette exp\u00e9rience a un co\u00fbt psychologique, je refuse cat\u00e9goriquement d\u2019en avoir honte, de me sentir diminu\u00e9e ou souill\u00e9e, car ces sentiments appartiennent uniquement aux agresseurs. Ce bref aper\u00e7u du sadisme que les colonisateurs sionistes infligent en masse aux Palestiniens n\u2019a pas affaibli mon engagement, mais a au contraire renforc\u00e9 ma d\u00e9termination \u00e0 \u0153uvrer pour la lib\u00e9ration<\/i>. \u00bb<\/span><\/span><\/p>\n<p><span style=\"color: #000000;\"><span style=\"font-family: Arial, sans-serif;\"><span style=\"font-size: medium;\">Article original en anglais sur <a href=\"https:\/\/freedomflotilla.org\/2026\/01\/02\/ffc-condemns-sexual-assaults\/\">Freedom Flotilla<\/a> \/ Traduction MR<\/span><\/span><\/span><\/p>\n","protected":false},"excerpt":{"rendered":"<p>FFC, 2 janvier 2026. La Coalition de la Flottille de la Libert\u00e9 condamne les agressions sexuelles odieuses commises par les forces isra\u00e9liennes. Elle exige des comptes face \u00e0 une culture <a class=\"more-link\" href=\"https:\/\/ismfrance.org\/index.php\/2026\/01\/03\/la-coalition-de-la-flottille-de-la-liberte-condamne-les-agressions-sexuelles-commises-par-les-forces-israeliennes\/\">Lire la suite &rarr;<\/a><\/p>\n","protected":false},"author":3,"featured_media":26069,"comment_status":"closed","ping_status":"closed","sticky":false,"template":"","format":"standard","meta":{"footnotes":""},"categories":[2,13],"tags":[55,96,75,171],"class_list":["post-26067","post","type-post","status-publish","format-standard","has-post-thumbnail","hentry","category-articles","category-temoignages","tag-materiel-de-lutte","tag-sadisme","tag-torture","tag-victimes-ism"],"yoast_head":"<!-- This site is optimized with the Yoast SEO plugin v27.2 - https:\/\/yoast.com\/product\/yoast-seo-wordpress\/ -->\n<title>La Coalition de la Flottille de la Libert\u00e9 condamne les agressions sexuelles commises par les forces isra\u00e9liennes - International Solidarity Movement - ISM-France<\/title>\n<meta name=\"robots\" content=\"index, follow, max-snippet:-1, max-image-preview:large, max-video-preview:-1\" \/>\n<link rel=\"canonical\" href=\"https:\/\/ismfrance.org\/index.php\/2026\/01\/03\/la-coalition-de-la-flottille-de-la-liberte-condamne-les-agressions-sexuelles-commises-par-les-forces-israeliennes\/\" \/>\n<meta property=\"og:locale\" content=\"fr_FR\" \/>\n<meta property=\"og:type\" content=\"article\" \/>\n<meta property=\"og:title\" content=\"La Coalition de la Flottille de la Libert\u00e9 condamne les agressions sexuelles commises par les forces isra\u00e9liennes - International Solidarity Movement - ISM-France\" \/>\n<meta property=\"og:description\" content=\"FFC, 2 janvier 2026. La Coalition de la Flottille de la Libert\u00e9 condamne les agressions sexuelles odieuses commises par les forces isra\u00e9liennes. Elle exige des comptes face \u00e0 une culture Lire la suite &rarr;\" \/>\n<meta property=\"og:url\" content=\"https:\/\/ismfrance.org\/index.php\/2026\/01\/03\/la-coalition-de-la-flottille-de-la-liberte-condamne-les-agressions-sexuelles-commises-par-les-forces-israeliennes\/\" \/>\n<meta property=\"og:site_name\" content=\"International Solidarity Movement - ISM-France\" \/>\n<meta property=\"article:published_time\" content=\"2026-01-03T08:34:46+00:00\" \/>\n<meta property=\"og:image\" content=\"https:\/\/ismfrance.org\/wp-content\/uploads\/2026\/01\/FFC.png\" \/>\n\t<meta property=\"og:image:width\" content=\"635\" \/>\n\t<meta property=\"og:image:height\" content=\"425\" \/>\n\t<meta property=\"og:image:type\" content=\"image\/png\" \/>\n<meta name=\"author\" content=\"mru_01\" \/>\n<meta name=\"twitter:card\" content=\"summary_large_image\" \/>\n<meta name=\"twitter:creator\" content=\"@ISMFRANCE\" \/>\n<meta name=\"twitter:site\" content=\"@ISMFRANCE\" \/>\n<meta name=\"twitter:label1\" content=\"\u00c9crit par\" \/>\n\t<meta name=\"twitter:data1\" content=\"mru_01\" \/>\n\t<meta name=\"twitter:label2\" content=\"Dur\u00e9e de lecture estim\u00e9e\" \/>\n\t<meta name=\"twitter:data2\" content=\"9 minutes\" \/>\n<script type=\"application\/ld+json\" class=\"yoast-schema-graph\">{\"@context\":\"https:\/\/schema.org\",\"@graph\":[{\"@type\":\"Article\",\"@id\":\"https:\/\/ismfrance.org\/index.php\/2026\/01\/03\/la-coalition-de-la-flottille-de-la-liberte-condamne-les-agressions-sexuelles-commises-par-les-forces-israeliennes\/#article\",\"isPartOf\":{\"@id\":\"https:\/\/ismfrance.org\/index.php\/2026\/01\/03\/la-coalition-de-la-flottille-de-la-liberte-condamne-les-agressions-sexuelles-commises-par-les-forces-israeliennes\/\"},\"author\":{\"name\":\"mru_01\",\"@id\":\"https:\/\/ismfrance.org\/#\/schema\/person\/3c411eb72adfaae19c0dca1f41fae01d\"},\"headline\":\"La Coalition de la Flottille de la Libert\u00e9 condamne les agressions sexuelles commises par les forces isra\u00e9liennes\",\"datePublished\":\"2026-01-03T08:34:46+00:00\",\"mainEntityOfPage\":{\"@id\":\"https:\/\/ismfrance.org\/index.php\/2026\/01\/03\/la-coalition-de-la-flottille-de-la-liberte-condamne-les-agressions-sexuelles-commises-par-les-forces-israeliennes\/\"},\"wordCount\":1833,\"publisher\":{\"@id\":\"https:\/\/ismfrance.org\/#organization\"},\"image\":{\"@id\":\"https:\/\/ismfrance.org\/index.php\/2026\/01\/03\/la-coalition-de-la-flottille-de-la-liberte-condamne-les-agressions-sexuelles-commises-par-les-forces-israeliennes\/#primaryimage\"},\"thumbnailUrl\":\"https:\/\/ismfrance.org\/wp-content\/uploads\/2026\/01\/FFC.png\",\"keywords\":[\"Mat\u00e9riel de lutte\",\"Sadisme\",\"Torture\",\"Victimes ISM\"],\"articleSection\":[\"Articles\",\"T\u00e9moignages\"],\"inLanguage\":\"fr-FR\"},{\"@type\":\"WebPage\",\"@id\":\"https:\/\/ismfrance.org\/index.php\/2026\/01\/03\/la-coalition-de-la-flottille-de-la-liberte-condamne-les-agressions-sexuelles-commises-par-les-forces-israeliennes\/\",\"url\":\"https:\/\/ismfrance.org\/index.php\/2026\/01\/03\/la-coalition-de-la-flottille-de-la-liberte-condamne-les-agressions-sexuelles-commises-par-les-forces-israeliennes\/\",\"name\":\"La Coalition de la Flottille de la Libert\u00e9 condamne les agressions sexuelles commises par les forces isra\u00e9liennes - International Solidarity Movement - ISM-France\",\"isPartOf\":{\"@id\":\"https:\/\/ismfrance.org\/#website\"},\"primaryImageOfPage\":{\"@id\":\"https:\/\/ismfrance.org\/index.php\/2026\/01\/03\/la-coalition-de-la-flottille-de-la-liberte-condamne-les-agressions-sexuelles-commises-par-les-forces-israeliennes\/#primaryimage\"},\"image\":{\"@id\":\"https:\/\/ismfrance.org\/index.php\/2026\/01\/03\/la-coalition-de-la-flottille-de-la-liberte-condamne-les-agressions-sexuelles-commises-par-les-forces-israeliennes\/#primaryimage\"},\"thumbnailUrl\":\"https:\/\/ismfrance.org\/wp-content\/uploads\/2026\/01\/FFC.png\",\"datePublished\":\"2026-01-03T08:34:46+00:00\",\"breadcrumb\":{\"@id\":\"https:\/\/ismfrance.org\/index.php\/2026\/01\/03\/la-coalition-de-la-flottille-de-la-liberte-condamne-les-agressions-sexuelles-commises-par-les-forces-israeliennes\/#breadcrumb\"},\"inLanguage\":\"fr-FR\",\"potentialAction\":[{\"@type\":\"ReadAction\",\"target\":[\"https:\/\/ismfrance.org\/index.php\/2026\/01\/03\/la-coalition-de-la-flottille-de-la-liberte-condamne-les-agressions-sexuelles-commises-par-les-forces-israeliennes\/\"]}]},{\"@type\":\"ImageObject\",\"inLanguage\":\"fr-FR\",\"@id\":\"https:\/\/ismfrance.org\/index.php\/2026\/01\/03\/la-coalition-de-la-flottille-de-la-liberte-condamne-les-agressions-sexuelles-commises-par-les-forces-israeliennes\/#primaryimage\",\"url\":\"https:\/\/ismfrance.org\/wp-content\/uploads\/2026\/01\/FFC.png\",\"contentUrl\":\"https:\/\/ismfrance.org\/wp-content\/uploads\/2026\/01\/FFC.png\",\"width\":635,\"height\":425},{\"@type\":\"BreadcrumbList\",\"@id\":\"https:\/\/ismfrance.org\/index.php\/2026\/01\/03\/la-coalition-de-la-flottille-de-la-liberte-condamne-les-agressions-sexuelles-commises-par-les-forces-israeliennes\/#breadcrumb\",\"itemListElement\":[{\"@type\":\"ListItem\",\"position\":1,\"name\":\"Accueil\",\"item\":\"https:\/\/ismfrance.org\/\"},{\"@type\":\"ListItem\",\"position\":2,\"name\":\"La Coalition de la Flottille de la Libert\u00e9 condamne les agressions sexuelles commises par les forces isra\u00e9liennes\"}]},{\"@type\":\"WebSite\",\"@id\":\"https:\/\/ismfrance.org\/#website\",\"url\":\"https:\/\/ismfrance.org\/\",\"name\":\"ISM Palestine France\",\"description\":\"Soutien aux luttes de lib\u00e9ration du peuple palestinien\",\"publisher\":{\"@id\":\"https:\/\/ismfrance.org\/#organization\"},\"potentialAction\":[{\"@type\":\"SearchAction\",\"target\":{\"@type\":\"EntryPoint\",\"urlTemplate\":\"https:\/\/ismfrance.org\/?s={search_term_string}\"},\"query-input\":{\"@type\":\"PropertyValueSpecification\",\"valueRequired\":true,\"valueName\":\"search_term_string\"}}],\"inLanguage\":\"fr-FR\"},{\"@type\":\"Organization\",\"@id\":\"https:\/\/ismfrance.org\/#organization\",\"name\":\"International Solidarity Movement\",\"url\":\"https:\/\/ismfrance.org\/\",\"logo\":{\"@type\":\"ImageObject\",\"inLanguage\":\"fr-FR\",\"@id\":\"https:\/\/ismfrance.org\/#\/schema\/logo\/image\/\",\"url\":\"https:\/\/ismfrance.org\/wp-content\/uploads\/2020\/12\/00.png\",\"contentUrl\":\"https:\/\/ismfrance.org\/wp-content\/uploads\/2020\/12\/00.png\",\"width\":400,\"height\":400,\"caption\":\"International Solidarity Movement\"},\"image\":{\"@id\":\"https:\/\/ismfrance.org\/#\/schema\/logo\/image\/\"},\"sameAs\":[\"https:\/\/x.com\/ISMFRANCE\"]},{\"@type\":\"Person\",\"@id\":\"https:\/\/ismfrance.org\/#\/schema\/person\/3c411eb72adfaae19c0dca1f41fae01d\",\"name\":\"mru_01\",\"image\":{\"@type\":\"ImageObject\",\"inLanguage\":\"fr-FR\",\"@id\":\"https:\/\/secure.gravatar.com\/avatar\/3a0be343b445d2ccc79e87444a294fad2b232e90d2051d0e3cc219e1ecd6a330?s=96&d=mm&r=g\",\"url\":\"https:\/\/secure.gravatar.com\/avatar\/3a0be343b445d2ccc79e87444a294fad2b232e90d2051d0e3cc219e1ecd6a330?s=96&d=mm&r=g\",\"contentUrl\":\"https:\/\/secure.gravatar.com\/avatar\/3a0be343b445d2ccc79e87444a294fad2b232e90d2051d0e3cc219e1ecd6a330?s=96&d=mm&r=g\",\"caption\":\"mru_01\"},\"url\":\"https:\/\/ismfrance.org\/index.php\/author\/admin02\/\"}]}<\/script>\n<!-- \/ Yoast SEO plugin. -->","yoast_head_json":{"title":"La Coalition de la Flottille de la Libert\u00e9 condamne les agressions sexuelles commises par les forces isra\u00e9liennes - International Solidarity Movement - ISM-France","robots":{"index":"index","follow":"follow","max-snippet":"max-snippet:-1","max-image-preview":"max-image-preview:large","max-video-preview":"max-video-preview:-1"},"canonical":"https:\/\/ismfrance.org\/index.php\/2026\/01\/03\/la-coalition-de-la-flottille-de-la-liberte-condamne-les-agressions-sexuelles-commises-par-les-forces-israeliennes\/","og_locale":"fr_FR","og_type":"article","og_title":"La Coalition de la Flottille de la Libert\u00e9 condamne les agressions sexuelles commises par les forces isra\u00e9liennes - International Solidarity Movement - ISM-France","og_description":"FFC, 2 janvier 2026. La Coalition de la Flottille de la Libert\u00e9 condamne les agressions sexuelles odieuses commises par les forces isra\u00e9liennes. Elle exige des comptes face \u00e0 une culture Lire la suite &rarr;","og_url":"https:\/\/ismfrance.org\/index.php\/2026\/01\/03\/la-coalition-de-la-flottille-de-la-liberte-condamne-les-agressions-sexuelles-commises-par-les-forces-israeliennes\/","og_site_name":"International Solidarity Movement - ISM-France","article_published_time":"2026-01-03T08:34:46+00:00","og_image":[{"width":635,"height":425,"url":"https:\/\/ismfrance.org\/wp-content\/uploads\/2026\/01\/FFC.png","type":"image\/png"}],"author":"mru_01","twitter_card":"summary_large_image","twitter_creator":"@ISMFRANCE","twitter_site":"@ISMFRANCE","twitter_misc":{"\u00c9crit par":"mru_01","Dur\u00e9e de lecture estim\u00e9e":"9 minutes"},"schema":{"@context":"https:\/\/schema.org","@graph":[{"@type":"Article","@id":"https:\/\/ismfrance.org\/index.php\/2026\/01\/03\/la-coalition-de-la-flottille-de-la-liberte-condamne-les-agressions-sexuelles-commises-par-les-forces-israeliennes\/#article","isPartOf":{"@id":"https:\/\/ismfrance.org\/index.php\/2026\/01\/03\/la-coalition-de-la-flottille-de-la-liberte-condamne-les-agressions-sexuelles-commises-par-les-forces-israeliennes\/"},"author":{"name":"mru_01","@id":"https:\/\/ismfrance.org\/#\/schema\/person\/3c411eb72adfaae19c0dca1f41fae01d"},"headline":"La Coalition de la Flottille de la Libert\u00e9 condamne les agressions sexuelles commises par les forces isra\u00e9liennes","datePublished":"2026-01-03T08:34:46+00:00","mainEntityOfPage":{"@id":"https:\/\/ismfrance.org\/index.php\/2026\/01\/03\/la-coalition-de-la-flottille-de-la-liberte-condamne-les-agressions-sexuelles-commises-par-les-forces-israeliennes\/"},"wordCount":1833,"publisher":{"@id":"https:\/\/ismfrance.org\/#organization"},"image":{"@id":"https:\/\/ismfrance.org\/index.php\/2026\/01\/03\/la-coalition-de-la-flottille-de-la-liberte-condamne-les-agressions-sexuelles-commises-par-les-forces-israeliennes\/#primaryimage"},"thumbnailUrl":"https:\/\/ismfrance.org\/wp-content\/uploads\/2026\/01\/FFC.png","keywords":["Mat\u00e9riel de lutte","Sadisme","Torture","Victimes ISM"],"articleSection":["Articles","T\u00e9moignages"],"inLanguage":"fr-FR"},{"@type":"WebPage","@id":"https:\/\/ismfrance.org\/index.php\/2026\/01\/03\/la-coalition-de-la-flottille-de-la-liberte-condamne-les-agressions-sexuelles-commises-par-les-forces-israeliennes\/","url":"https:\/\/ismfrance.org\/index.php\/2026\/01\/03\/la-coalition-de-la-flottille-de-la-liberte-condamne-les-agressions-sexuelles-commises-par-les-forces-israeliennes\/","name":"La Coalition de la Flottille de la Libert\u00e9 condamne les agressions sexuelles commises par les forces isra\u00e9liennes - International Solidarity Movement - ISM-France","isPartOf":{"@id":"https:\/\/ismfrance.org\/#website"},"primaryImageOfPage":{"@id":"https:\/\/ismfrance.org\/index.php\/2026\/01\/03\/la-coalition-de-la-flottille-de-la-liberte-condamne-les-agressions-sexuelles-commises-par-les-forces-israeliennes\/#primaryimage"},"image":{"@id":"https:\/\/ismfrance.org\/index.php\/2026\/01\/03\/la-coalition-de-la-flottille-de-la-liberte-condamne-les-agressions-sexuelles-commises-par-les-forces-israeliennes\/#primaryimage"},"thumbnailUrl":"https:\/\/ismfrance.org\/wp-content\/uploads\/2026\/01\/FFC.png","datePublished":"2026-01-03T08:34:46+00:00","breadcrumb":{"@id":"https:\/\/ismfrance.org\/index.php\/2026\/01\/03\/la-coalition-de-la-flottille-de-la-liberte-condamne-les-agressions-sexuelles-commises-par-les-forces-israeliennes\/#breadcrumb"},"inLanguage":"fr-FR","potentialAction":[{"@type":"ReadAction","target":["https:\/\/ismfrance.org\/index.php\/2026\/01\/03\/la-coalition-de-la-flottille-de-la-liberte-condamne-les-agressions-sexuelles-commises-par-les-forces-israeliennes\/"]}]},{"@type":"ImageObject","inLanguage":"fr-FR","@id":"https:\/\/ismfrance.org\/index.php\/2026\/01\/03\/la-coalition-de-la-flottille-de-la-liberte-condamne-les-agressions-sexuelles-commises-par-les-forces-israeliennes\/#primaryimage","url":"https:\/\/ismfrance.org\/wp-content\/uploads\/2026\/01\/FFC.png","contentUrl":"https:\/\/ismfrance.org\/wp-content\/uploads\/2026\/01\/FFC.png","width":635,"height":425},{"@type":"BreadcrumbList","@id":"https:\/\/ismfrance.org\/index.php\/2026\/01\/03\/la-coalition-de-la-flottille-de-la-liberte-condamne-les-agressions-sexuelles-commises-par-les-forces-israeliennes\/#breadcrumb","itemListElement":[{"@type":"ListItem","position":1,"name":"Accueil","item":"https:\/\/ismfrance.org\/"},{"@type":"ListItem","position":2,"name":"La Coalition de la Flottille de la Libert\u00e9 condamne les agressions sexuelles commises par les forces isra\u00e9liennes"}]},{"@type":"WebSite","@id":"https:\/\/ismfrance.org\/#website","url":"https:\/\/ismfrance.org\/","name":"ISM Palestine France","description":"Soutien aux luttes de lib\u00e9ration du peuple palestinien","publisher":{"@id":"https:\/\/ismfrance.org\/#organization"},"potentialAction":[{"@type":"SearchAction","target":{"@type":"EntryPoint","urlTemplate":"https:\/\/ismfrance.org\/?s={search_term_string}"},"query-input":{"@type":"PropertyValueSpecification","valueRequired":true,"valueName":"search_term_string"}}],"inLanguage":"fr-FR"},{"@type":"Organization","@id":"https:\/\/ismfrance.org\/#organization","name":"International Solidarity Movement","url":"https:\/\/ismfrance.org\/","logo":{"@type":"ImageObject","inLanguage":"fr-FR","@id":"https:\/\/ismfrance.org\/#\/schema\/logo\/image\/","url":"https:\/\/ismfrance.org\/wp-content\/uploads\/2020\/12\/00.png","contentUrl":"https:\/\/ismfrance.org\/wp-content\/uploads\/2020\/12\/00.png","width":400,"height":400,"caption":"International Solidarity Movement"},"image":{"@id":"https:\/\/ismfrance.org\/#\/schema\/logo\/image\/"},"sameAs":["https:\/\/x.com\/ISMFRANCE"]},{"@type":"Person","@id":"https:\/\/ismfrance.org\/#\/schema\/person\/3c411eb72adfaae19c0dca1f41fae01d","name":"mru_01","image":{"@type":"ImageObject","inLanguage":"fr-FR","@id":"https:\/\/secure.gravatar.com\/avatar\/3a0be343b445d2ccc79e87444a294fad2b232e90d2051d0e3cc219e1ecd6a330?s=96&d=mm&r=g","url":"https:\/\/secure.gravatar.com\/avatar\/3a0be343b445d2ccc79e87444a294fad2b232e90d2051d0e3cc219e1ecd6a330?s=96&d=mm&r=g","contentUrl":"https:\/\/secure.gravatar.com\/avatar\/3a0be343b445d2ccc79e87444a294fad2b232e90d2051d0e3cc219e1ecd6a330?s=96&d=mm&r=g","caption":"mru_01"},"url":"https:\/\/ismfrance.org\/index.php\/author\/admin02\/"}]}},"_links":{"self":[{"href":"https:\/\/ismfrance.org\/index.php\/wp-json\/wp\/v2\/posts\/26067","targetHints":{"allow":["GET"]}}],"collection":[{"href":"https:\/\/ismfrance.org\/index.php\/wp-json\/wp\/v2\/posts"}],"about":[{"href":"https:\/\/ismfrance.org\/index.php\/wp-json\/wp\/v2\/types\/post"}],"author":[{"embeddable":true,"href":"https:\/\/ismfrance.org\/index.php\/wp-json\/wp\/v2\/users\/3"}],"replies":[{"embeddable":true,"href":"https:\/\/ismfrance.org\/index.php\/wp-json\/wp\/v2\/comments?post=26067"}],"version-history":[{"count":2,"href":"https:\/\/ismfrance.org\/index.php\/wp-json\/wp\/v2\/posts\/26067\/revisions"}],"predecessor-version":[{"id":26070,"href":"https:\/\/ismfrance.org\/index.php\/wp-json\/wp\/v2\/posts\/26067\/revisions\/26070"}],"wp:featuredmedia":[{"embeddable":true,"href":"https:\/\/ismfrance.org\/index.php\/wp-json\/wp\/v2\/media\/26069"}],"wp:attachment":[{"href":"https:\/\/ismfrance.org\/index.php\/wp-json\/wp\/v2\/media?parent=26067"}],"wp:term":[{"taxonomy":"category","embeddable":true,"href":"https:\/\/ismfrance.org\/index.php\/wp-json\/wp\/v2\/categories?post=26067"},{"taxonomy":"post_tag","embeddable":true,"href":"https:\/\/ismfrance.org\/index.php\/wp-json\/wp\/v2\/tags?post=26067"}],"curies":[{"name":"wp","href":"https:\/\/api.w.org\/{rel}","templated":true}]}}