{"id":25654,"date":"2025-12-18T11:31:16","date_gmt":"2025-12-18T10:31:16","guid":{"rendered":"https:\/\/ismfrance.org\/?p=25654"},"modified":"2025-12-18T11:31:16","modified_gmt":"2025-12-18T10:31:16","slug":"julian-assange-porte-plainte-contre-le-prix-nobel-de-la-paix-2025","status":"publish","type":"post","link":"https:\/\/ismfrance.org\/index.php\/2025\/12\/18\/julian-assange-porte-plainte-contre-le-prix-nobel-de-la-paix-2025\/","title":{"rendered":"Julian Assange porte plainte contre le prix Nobel de la paix 2025"},"content":{"rendered":"<p><span style=\"color: #000000;\"><span style=\"font-family: Arial, sans-serif;\"><span style=\"font-size: medium;\"><strong>Al-Mayadeen, 17 d\u00e9cembre 2025.<\/strong>&#8211; Le fondateur de WikiLeaks, Julian Assange, a d\u00e9pos\u00e9 une plainte au p\u00e9nal le 17 d\u00e9cembre, accusant 30 personnes li\u00e9es \u00e0 la Fondation Nobel d&rsquo;infractions graves au regard du droit su\u00e9dois, notamment de d\u00e9tournement de fonds, de complicit\u00e9 de crimes de guerre et de crimes contre l&rsquo;humanit\u00e9, et de financement du crime d&rsquo;agression.<\/span><\/span><\/span><\/p>\n<p><a href=\"https:\/\/ismfrance.org\/wp-content\/uploads\/2025\/12\/machado-assange.jpg\"><img loading=\"lazy\" decoding=\"async\" class=\"alignnone size-large wp-image-25657\" src=\"https:\/\/ismfrance.org\/wp-content\/uploads\/2025\/12\/machado-assange-700x384.jpg\" alt=\"\" width=\"600\" height=\"329\" srcset=\"https:\/\/ismfrance.org\/wp-content\/uploads\/2025\/12\/machado-assange-700x384.jpg 700w, https:\/\/ismfrance.org\/wp-content\/uploads\/2025\/12\/machado-assange-300x165.jpg 300w, https:\/\/ismfrance.org\/wp-content\/uploads\/2025\/12\/machado-assange-768x421.jpg 768w, https:\/\/ismfrance.org\/wp-content\/uploads\/2025\/12\/machado-assange.jpg 1048w\" sizes=\"auto, (max-width: 600px) 100vw, 600px\" \/><\/a><\/p>\n<p><span style=\"color: #000000;\"><span style=\"font-family: Arial, sans-serif;\"><span style=\"font-size: medium;\">La plainte, d\u00e9pos\u00e9e aupr\u00e8s de l&rsquo;Autorit\u00e9 su\u00e9doise de lutte contre la criminalit\u00e9 \u00e9conomique et de l&rsquo;Unit\u00e9 su\u00e9doise des crimes de guerre, exige le gel imm\u00e9diat des 11 millions de couronnes su\u00e9doises (1,18 million de dollars am\u00e9ricains) allou\u00e9es \u00e0 l&rsquo;opposante v\u00e9n\u00e9zu\u00e9lienne <a href=\"https:\/\/english.almayadeen.net\/news\/politics\/nobel-peace-prize-winner-hails--israel-s-achievements--in-wa\">Mar\u00eda Corina Machado<\/a> au titre du prix Nobel de la paix.<\/span><\/span><\/span><\/p>\n<p><span style=\"color: #000000;\"><span style=\"font-family: Arial, sans-serif;\"><span style=\"font-size: medium;\">Assange soutient que ce versement violerait les derni\u00e8res volont\u00e9s d&rsquo;Alfred Nobel et financerait des actions ayant conduit \u00e0 des \u00ab <i>ex\u00e9cutions extrajudiciaires de civils et de rescap\u00e9s de naufrages<\/i> \u00bb.<\/span><\/span><\/span><\/p>\n<p><span style=\"color: #000000;\"><span style=\"font-family: Arial, sans-serif;\"><span style=\"font-size: medium;\">\u00ab <i>Cette plainte vise le gel imm\u00e9diat de tous les fonds restants et une enqu\u00eate p\u00e9nale approfondie afin d&rsquo;\u00e9viter que le prix Nobel de la paix ne soit d\u00e9finitivement transform\u00e9 d&rsquo;instrument de paix en instrument de guerre<\/i> \u00bb, a d\u00e9clar\u00e9 Assange.<\/span><\/span><\/span><\/p>\n<p><strong><span style=\"font-size: large;\"><span style=\"color: #000000;\"><span style=\"font-family: Arial, sans-serif;\">Machado accus\u00e9e d&rsquo;inciter \u00e0 l&rsquo;agression am\u00e9ricaine au Venezuela<\/span><\/span><\/span><\/strong><\/p>\n<p><span style=\"color: #000000;\"><span style=\"font-family: Arial, sans-serif;\"><span style=\"font-size: medium;\">Selon la plainte, le soutien apport\u00e9 par Machado \u00e0 une intervention militaire \u00e9trang\u00e8re au Venezuela, notamment ses \u00e9loges de l&rsquo;escalade militaire men\u00e9e par l&rsquo;administration Trump, la rend cat\u00e9goriquement in\u00e9ligible au regard des crit\u00e8res initiaux du prix Nobel de la paix.<\/span><\/span><\/span><\/p>\n<p><span style=\"color: #000000;\"><span style=\"font-family: Arial, sans-serif;\"><span style=\"font-size: medium;\">S&rsquo;appuyant sur des propos directs de Machado, Assange affirme qu&rsquo;elle a ouvertement soutenu l&rsquo;action militaire am\u00e9ricaine, notamment en :<\/span><\/span><\/span><\/p>\n<blockquote><p><span style=\"color: #000000;\"><span style=\"font-family: Arial, sans-serif;\"><span style=\"font-size: medium;\">* qualifiant les frappes am\u00e9ricaines contre des navires civils de \u00ab <\/span><\/span><\/span><span style=\"color: #000000;\"><span style=\"font-family: Arial, sans-serif;\"><span style=\"font-size: medium;\"><i>justifi\u00e9es<\/i><\/span><\/span><\/span><span style=\"color: #000000;\"><span style=\"font-family: Arial, sans-serif;\"><span style=\"font-size: medium;\"> \u00bb et \u00ab <\/span><\/span><\/span><span style=\"color: #000000;\"><span style=\"font-family: Arial, sans-serif;\"><span style=\"font-size: medium;\"><i>visionnaires<\/i><\/span><\/span><\/span><span style=\"color: #000000;\"><span style=\"font-family: Arial, sans-serif;\"><span style=\"font-size: medium;\"> \u00bb ;<\/span><\/span><\/span><\/p>\n<p><span style=\"color: #000000;\"><span style=\"font-family: Arial, sans-serif;\"><span style=\"font-size: medium;\">* d\u00e9clarant que \u00ab<\/span><\/span><\/span><span style=\"color: #000000;\"><span style=\"font-family: Arial, sans-serif;\"><span style=\"font-size: medium;\"><i> l&rsquo;escalade militaire est peut-\u00eatre la seule solution<\/i><\/span><\/span><\/span><span style=\"color: #000000;\"><span style=\"font-family: Arial, sans-serif;\"><span style=\"font-size: medium;\"> \u00bb ;<\/span><\/span><\/span><\/p>\n<p><span style=\"color: #000000;\"><span style=\"font-family: Arial, sans-serif;\"><span style=\"font-size: medium;\">* d\u00e9diant publiquement son prix Nobel au pr\u00e9sident am\u00e9ricain Donald Trump ;<\/span><\/span><\/span><\/p>\n<p><span style=\"color: #000000;\"><span style=\"font-family: Arial, sans-serif;\"><span style=\"font-size: medium;\">* approuvant la strat\u00e9gie am\u00e9ricaine de privil\u00e9gier la \u00ab<\/span><\/span><\/span><span style=\"color: #000000;\"><span style=\"font-family: Arial, sans-serif;\"><span style=\"font-size: medium;\"><i> l\u00e9talit\u00e9 maximale<\/i><\/span><\/span><\/span><span style=\"color: #000000;\"><span style=\"font-family: Arial, sans-serif;\"><span style=\"font-size: medium;\"> \u00bb au Venezuela.<\/span><\/span><\/span><\/p><\/blockquote>\n<p><span style=\"color: #000000;\"><span style=\"font-family: Arial, sans-serif;\"><span style=\"font-size: medium;\">La plainte d&rsquo;Assange indique que le versement des fonds du prix \u00e0 Machado soutiendrait directement l&rsquo;agression militaire am\u00e9ricaine en cours, et que les personnes supervisant ce transfert sont donc complices.<\/span><\/span><\/span><\/p>\n<p><strong><span style=\"font-size: large;\"><span style=\"color: #000000;\"><span style=\"font-family: Arial, sans-serif;\">Assange d\u00e9nonce le d\u00e9tournement du fonds du prix Nobel, contraire aux derni\u00e8res volont\u00e9s d&rsquo;Alfred Nobel<\/span><\/span><\/span><\/strong><\/p>\n<p><span style=\"color: #000000;\"><span style=\"font-family: Arial, sans-serif;\"><span style=\"font-size: medium;\">L&rsquo;argumentation juridique d&rsquo;Assange repose sur l&rsquo;affirmation que le prix contrevient au testament d&rsquo;Alfred Nobel de 1895, qui stipule que le prix de la paix doit \u00eatre d\u00e9cern\u00e9 \u00e0 la personne ayant \u0153uvr\u00e9 \u00ab<\/span><\/span><\/span><span style=\"color: #000000;\"><span style=\"font-family: Arial, sans-serif;\"><span style=\"font-size: medium;\"><i> le plus ou le mieux pour la fraternit\u00e9 entre les nations, pour l&rsquo;abolition ou la r\u00e9duction des arm\u00e9es permanentes et pour la promotion des congr\u00e8s pour la paix <\/i><\/span><\/span><\/span><span style=\"color: #000000;\"><span style=\"font-family: Arial, sans-serif;\"><span style=\"font-size: medium;\">\u00bb.<\/span><\/span><\/span><\/p>\n<p><span style=\"color: #000000;\"><span style=\"font-family: Arial, sans-serif;\"><span style=\"font-size: medium;\">\u00ab <\/span><\/span><\/span><span style=\"color: #000000;\"><span style=\"font-family: Arial, sans-serif;\"><span style=\"font-size: medium;\"><i>La dotation d&rsquo;Alfred Nobel pour la paix ne peut \u00eatre utilis\u00e9e pour promouvoir la guerre<\/i><\/span><\/span><\/span><span style=\"color: #000000;\"><span style=\"font-family: Arial, sans-serif;\"><span style=\"font-size: medium;\"> \u00bb, indique la plainte. \u00ab <\/span><\/span><\/span><span style=\"color: #000000;\"><span style=\"font-family: Arial, sans-serif;\"><span style=\"font-size: medium;\"><i>Tout versement contraire \u00e0 cette disposition constitue un d\u00e9tournement de fonds.<\/i><\/span><\/span><\/span><span style=\"color: #000000;\"><span style=\"font-family: Arial, sans-serif;\"><span style=\"font-size: medium;\"> \u00bb<\/span><\/span><\/span><\/p>\n<p><span style=\"color: #000000;\"><span style=\"font-family: Arial, sans-serif;\"><span style=\"font-size: medium;\">La plainte souligne que la Fondation Nobel a d\u00e9j\u00e0 refus\u00e9 des prix, comme le prix de litt\u00e9rature en 2018, et a donc \u00e0 la fois l&rsquo;autorit\u00e9 et l&rsquo;obligation d&rsquo;intervenir.<\/span><\/span><\/span><\/p>\n<p><strong><span style=\"color: #000000;\"><span style=\"font-family: Arial, sans-serif;\"><span style=\"font-size: large;\">Crimes de guerre, complot et d\u00e9tournement de fonds vis\u00e9s par le droit su\u00e9dois<\/span><\/span><\/span><\/strong><\/p>\n<p><span style=\"color: #000000;\"><span style=\"font-family: Arial, sans-serif;\"><span style=\"font-size: medium;\">Assange soutient que l&rsquo;attribution du prix Nobel de la paix \u00e0 Machado, compte tenu de ses appels au renversement du gouvernement v\u00e9n\u00e9zu\u00e9lien et de son soutien aux op\u00e9rations militaires am\u00e9ricaines, viole plusieurs articles du droit su\u00e9dois et international.<\/span><\/span><\/span><\/p>\n<p><span style=\"color: #000000;\"><span style=\"font-family: Arial, sans-serif;\"><span style=\"font-size: medium;\">Se r\u00e9f\u00e9rant \u00e0 l&rsquo;article 25(3)(c) du Statut de Rome, la plainte all\u00e8gue que les responsables de la Fondation Nobel facilitent des crimes de guerre et des crimes contre l&rsquo;humanit\u00e9 en soutenant sciemment une personnalit\u00e9 politique dont les actions ont entra\u00een\u00e9 des morts civiles et une d\u00e9stabilisation r\u00e9gionale.<\/span><\/span><\/span><\/p>\n<p><span style=\"color: #000000;\"><span style=\"font-family: Arial, sans-serif;\"><span style=\"font-size: medium;\">Il demande aux autorit\u00e9s su\u00e9doises de\u00a0:<\/span><\/span><\/span><\/p>\n<blockquote><p><span style=\"color: #000000;\"><span style=\"font-family: Arial, sans-serif;\"><span style=\"font-size: medium;\">1. Geler le versement du prix Nobel en cours et obtenir la restitution de la m\u00e9daille\u00a0;<\/span><\/span><\/span><\/p>\n<p><span style=\"color: #000000;\"><span style=\"font-family: Arial, sans-serif;\"><span style=\"font-size: medium;\">2. Enqu\u00eater sur tous les suspects pour abus de confiance, complot et complicit\u00e9 de crimes de guerre\u00a0;<\/span><\/span><\/span><\/p>\n<p><span style=\"color: #000000;\"><span style=\"font-family: Arial, sans-serif;\"><span style=\"font-size: medium;\">3. Saisir les communications, les documents financiers et les proc\u00e8s-verbaux internes\u00a0;<\/span><\/span><\/span><\/p>\n<p><span style=\"color: #000000;\"><span style=\"font-family: Arial, sans-serif;\"><span style=\"font-size: medium;\">4. Interroger la pr\u00e9sidente de la Fondation, Astrid S\u00f6derbergh Widding, la directrice ex\u00e9cutive, Hanna Stj\u00e4rne, et les autres suspects\u00a0;<\/span><\/span><\/span><\/p>\n<p><span style=\"color: #000000;\"><span style=\"font-family: Arial, sans-serif;\"><span style=\"font-size: medium;\">5. Saisir la Cour p\u00e9nale internationale si n\u00e9cessaire.<\/span><\/span><\/span><\/p><\/blockquote>\n<p><strong><span style=\"color: #000000;\"><span style=\"font-family: Arial, sans-serif;\"><span style=\"font-size: large;\">Les r\u00e9actions internationales remettent en question la cr\u00e9dibilit\u00e9 du prix Nobel<\/span><\/span><\/span><\/strong><\/p>\n<p><span style=\"color: #000000;\"><span style=\"font-family: Arial, sans-serif;\"><span style=\"font-size: medium;\">Le dossier comprend \u00e9galement une longue liste de r\u00e9actions critiques d&rsquo;experts internationaux et d&rsquo;organisations de d\u00e9fense des droits humains. Parmi elles\u00a0:<\/span><\/span><\/span><\/p>\n<blockquote><p><span style=\"color: #000000;\"><span style=\"font-family: Arial, sans-serif;\"><span style=\"font-size: medium;\">*21 organisations norv\u00e9giennes \u0153uvrant pour la paix ont d\u00e9clar\u00e9 que \u00ab\u00a0<i>Machado est tout le contraire d&rsquo;un laur\u00e9at pour la paix<\/i>\u00a0\u00bb.<\/span><\/span><\/span><\/p>\n<p><span style=\"color: #000000;\"><span style=\"font-family: Arial, sans-serif;\"><span style=\"font-size: medium;\">*Le laur\u00e9at du prix Nobel Adolfo P\u00e9rez Esquivel a condamn\u00e9 cette distinction, la qualifiant de \u00ab\u00a0<i>bafouement du testament d&rsquo;Alfred Nobel<\/i>\u00a0\u00bb.<\/span><\/span><\/span><\/p>\n<p><span style=\"color: #000000;\"><span style=\"font-family: Arial, sans-serif;\"><span style=\"font-size: medium;\">*L&rsquo;Institut de recherche sur la paix d&rsquo;Oslo (PRIO) a confirm\u00e9 que Machado avait \u00ab<i>\u00a0appel\u00e9 \u00e0 une intervention militaire au Venezuela<\/i>\u00a0\u00bb.<\/span><\/span><\/span><\/p><\/blockquote>\n<p><span style=\"color: #000000;\"><span style=\"font-family: Arial, sans-serif;\"><span style=\"font-size: medium;\">Assange affirme que l&rsquo;attribution du prix compromet la cr\u00e9dibilit\u00e9 internationale de la Fondation Nobel et viole \u00e0 la fois son devoir fiduciaire et son obligation morale en vertu du droit su\u00e9dois.<\/span><\/span><\/span><\/p>\n<p><em><strong><span style=\"color: #000000;\"><span style=\"font-family: Arial, sans-serif;\"><span style=\"font-size: medium;\">Article original en anglais sur <a href=\"https:\/\/english.almayadeen.net\/news\/politics\/julian-assange-files-criminal-complaint-over-2025-nobel-peac\">Al-Mayadeen<\/a> \/ Traduction MR<\/span><\/span><\/span><\/strong><\/em><\/p>\n","protected":false},"excerpt":{"rendered":"<p>Al-Mayadeen, 17 d\u00e9cembre 2025.&#8211; Le fondateur de WikiLeaks, Julian Assange, a d\u00e9pos\u00e9 une plainte au p\u00e9nal le 17 d\u00e9cembre, accusant 30 personnes li\u00e9es \u00e0 la Fondation Nobel d&rsquo;infractions graves au <a class=\"more-link\" href=\"https:\/\/ismfrance.org\/index.php\/2025\/12\/18\/julian-assange-porte-plainte-contre-le-prix-nobel-de-la-paix-2025\/\">Lire la suite &rarr;<\/a><\/p>\n","protected":false},"author":3,"featured_media":25657,"comment_status":"closed","ping_status":"closed","sticky":false,"template":"","format":"standard","meta":{"footnotes":""},"categories":[12,2],"tags":[53,460],"class_list":["post-25654","post","type-post","status-publish","format-standard","has-post-thumbnail","hentry","category-analyses","category-articles","tag-collabos","tag-venezuela"],"yoast_head":"<!-- This site is optimized with the Yoast SEO plugin v27.2 - https:\/\/yoast.com\/product\/yoast-seo-wordpress\/ -->\n<title>Julian Assange porte plainte contre le prix Nobel de la paix 2025 - International Solidarity Movement - ISM-France<\/title>\n<meta name=\"robots\" content=\"index, follow, max-snippet:-1, max-image-preview:large, max-video-preview:-1\" \/>\n<link rel=\"canonical\" href=\"https:\/\/ismfrance.org\/index.php\/2025\/12\/18\/julian-assange-porte-plainte-contre-le-prix-nobel-de-la-paix-2025\/\" \/>\n<meta property=\"og:locale\" content=\"fr_FR\" \/>\n<meta property=\"og:type\" content=\"article\" \/>\n<meta property=\"og:title\" content=\"Julian Assange porte plainte contre le prix Nobel de la paix 2025 - International Solidarity Movement - ISM-France\" \/>\n<meta property=\"og:description\" content=\"Al-Mayadeen, 17 d\u00e9cembre 2025.&#8211; Le fondateur de WikiLeaks, Julian Assange, a d\u00e9pos\u00e9 une plainte au p\u00e9nal le 17 d\u00e9cembre, accusant 30 personnes li\u00e9es \u00e0 la Fondation Nobel d&rsquo;infractions graves au Lire la suite &rarr;\" \/>\n<meta property=\"og:url\" content=\"https:\/\/ismfrance.org\/index.php\/2025\/12\/18\/julian-assange-porte-plainte-contre-le-prix-nobel-de-la-paix-2025\/\" \/>\n<meta property=\"og:site_name\" content=\"International Solidarity Movement - ISM-France\" \/>\n<meta property=\"article:published_time\" content=\"2025-12-18T10:31:16+00:00\" \/>\n<meta property=\"og:image\" content=\"https:\/\/ismfrance.org\/wp-content\/uploads\/2025\/12\/machado-assange.jpg\" \/>\n\t<meta property=\"og:image:width\" content=\"1048\" \/>\n\t<meta property=\"og:image:height\" content=\"575\" \/>\n\t<meta property=\"og:image:type\" content=\"image\/jpeg\" \/>\n<meta name=\"author\" content=\"mru_01\" \/>\n<meta name=\"twitter:card\" content=\"summary_large_image\" \/>\n<meta name=\"twitter:creator\" content=\"@ISMFRANCE\" \/>\n<meta name=\"twitter:site\" content=\"@ISMFRANCE\" \/>\n<meta name=\"twitter:label1\" content=\"\u00c9crit par\" \/>\n\t<meta name=\"twitter:data1\" content=\"mru_01\" \/>\n\t<meta name=\"twitter:label2\" content=\"Dur\u00e9e de lecture estim\u00e9e\" \/>\n\t<meta name=\"twitter:data2\" content=\"4 minutes\" \/>\n<script type=\"application\/ld+json\" class=\"yoast-schema-graph\">{\"@context\":\"https:\/\/schema.org\",\"@graph\":[{\"@type\":\"Article\",\"@id\":\"https:\/\/ismfrance.org\/index.php\/2025\/12\/18\/julian-assange-porte-plainte-contre-le-prix-nobel-de-la-paix-2025\/#article\",\"isPartOf\":{\"@id\":\"https:\/\/ismfrance.org\/index.php\/2025\/12\/18\/julian-assange-porte-plainte-contre-le-prix-nobel-de-la-paix-2025\/\"},\"author\":{\"name\":\"mru_01\",\"@id\":\"https:\/\/ismfrance.org\/#\/schema\/person\/3c411eb72adfaae19c0dca1f41fae01d\"},\"headline\":\"Julian Assange porte plainte contre le prix Nobel de la paix 2025\",\"datePublished\":\"2025-12-18T10:31:16+00:00\",\"mainEntityOfPage\":{\"@id\":\"https:\/\/ismfrance.org\/index.php\/2025\/12\/18\/julian-assange-porte-plainte-contre-le-prix-nobel-de-la-paix-2025\/\"},\"wordCount\":873,\"publisher\":{\"@id\":\"https:\/\/ismfrance.org\/#organization\"},\"image\":{\"@id\":\"https:\/\/ismfrance.org\/index.php\/2025\/12\/18\/julian-assange-porte-plainte-contre-le-prix-nobel-de-la-paix-2025\/#primaryimage\"},\"thumbnailUrl\":\"https:\/\/ismfrance.org\/wp-content\/uploads\/2025\/12\/machado-assange.jpg\",\"keywords\":[\"Collabos\",\"Venezuela\"],\"articleSection\":[\"Analyses\",\"Articles\"],\"inLanguage\":\"fr-FR\"},{\"@type\":\"WebPage\",\"@id\":\"https:\/\/ismfrance.org\/index.php\/2025\/12\/18\/julian-assange-porte-plainte-contre-le-prix-nobel-de-la-paix-2025\/\",\"url\":\"https:\/\/ismfrance.org\/index.php\/2025\/12\/18\/julian-assange-porte-plainte-contre-le-prix-nobel-de-la-paix-2025\/\",\"name\":\"Julian Assange porte plainte contre le prix Nobel de la paix 2025 - International Solidarity Movement - ISM-France\",\"isPartOf\":{\"@id\":\"https:\/\/ismfrance.org\/#website\"},\"primaryImageOfPage\":{\"@id\":\"https:\/\/ismfrance.org\/index.php\/2025\/12\/18\/julian-assange-porte-plainte-contre-le-prix-nobel-de-la-paix-2025\/#primaryimage\"},\"image\":{\"@id\":\"https:\/\/ismfrance.org\/index.php\/2025\/12\/18\/julian-assange-porte-plainte-contre-le-prix-nobel-de-la-paix-2025\/#primaryimage\"},\"thumbnailUrl\":\"https:\/\/ismfrance.org\/wp-content\/uploads\/2025\/12\/machado-assange.jpg\",\"datePublished\":\"2025-12-18T10:31:16+00:00\",\"breadcrumb\":{\"@id\":\"https:\/\/ismfrance.org\/index.php\/2025\/12\/18\/julian-assange-porte-plainte-contre-le-prix-nobel-de-la-paix-2025\/#breadcrumb\"},\"inLanguage\":\"fr-FR\",\"potentialAction\":[{\"@type\":\"ReadAction\",\"target\":[\"https:\/\/ismfrance.org\/index.php\/2025\/12\/18\/julian-assange-porte-plainte-contre-le-prix-nobel-de-la-paix-2025\/\"]}]},{\"@type\":\"ImageObject\",\"inLanguage\":\"fr-FR\",\"@id\":\"https:\/\/ismfrance.org\/index.php\/2025\/12\/18\/julian-assange-porte-plainte-contre-le-prix-nobel-de-la-paix-2025\/#primaryimage\",\"url\":\"https:\/\/ismfrance.org\/wp-content\/uploads\/2025\/12\/machado-assange.jpg\",\"contentUrl\":\"https:\/\/ismfrance.org\/wp-content\/uploads\/2025\/12\/machado-assange.jpg\",\"width\":1048,\"height\":575},{\"@type\":\"BreadcrumbList\",\"@id\":\"https:\/\/ismfrance.org\/index.php\/2025\/12\/18\/julian-assange-porte-plainte-contre-le-prix-nobel-de-la-paix-2025\/#breadcrumb\",\"itemListElement\":[{\"@type\":\"ListItem\",\"position\":1,\"name\":\"Accueil\",\"item\":\"https:\/\/ismfrance.org\/\"},{\"@type\":\"ListItem\",\"position\":2,\"name\":\"Julian Assange porte plainte contre le prix Nobel de la paix 2025\"}]},{\"@type\":\"WebSite\",\"@id\":\"https:\/\/ismfrance.org\/#website\",\"url\":\"https:\/\/ismfrance.org\/\",\"name\":\"ISM Palestine France\",\"description\":\"Soutien aux luttes de lib\u00e9ration du peuple palestinien\",\"publisher\":{\"@id\":\"https:\/\/ismfrance.org\/#organization\"},\"potentialAction\":[{\"@type\":\"SearchAction\",\"target\":{\"@type\":\"EntryPoint\",\"urlTemplate\":\"https:\/\/ismfrance.org\/?s={search_term_string}\"},\"query-input\":{\"@type\":\"PropertyValueSpecification\",\"valueRequired\":true,\"valueName\":\"search_term_string\"}}],\"inLanguage\":\"fr-FR\"},{\"@type\":\"Organization\",\"@id\":\"https:\/\/ismfrance.org\/#organization\",\"name\":\"International Solidarity Movement\",\"url\":\"https:\/\/ismfrance.org\/\",\"logo\":{\"@type\":\"ImageObject\",\"inLanguage\":\"fr-FR\",\"@id\":\"https:\/\/ismfrance.org\/#\/schema\/logo\/image\/\",\"url\":\"https:\/\/ismfrance.org\/wp-content\/uploads\/2020\/12\/00.png\",\"contentUrl\":\"https:\/\/ismfrance.org\/wp-content\/uploads\/2020\/12\/00.png\",\"width\":400,\"height\":400,\"caption\":\"International Solidarity Movement\"},\"image\":{\"@id\":\"https:\/\/ismfrance.org\/#\/schema\/logo\/image\/\"},\"sameAs\":[\"https:\/\/x.com\/ISMFRANCE\"]},{\"@type\":\"Person\",\"@id\":\"https:\/\/ismfrance.org\/#\/schema\/person\/3c411eb72adfaae19c0dca1f41fae01d\",\"name\":\"mru_01\",\"image\":{\"@type\":\"ImageObject\",\"inLanguage\":\"fr-FR\",\"@id\":\"https:\/\/secure.gravatar.com\/avatar\/3a0be343b445d2ccc79e87444a294fad2b232e90d2051d0e3cc219e1ecd6a330?s=96&d=mm&r=g\",\"url\":\"https:\/\/secure.gravatar.com\/avatar\/3a0be343b445d2ccc79e87444a294fad2b232e90d2051d0e3cc219e1ecd6a330?s=96&d=mm&r=g\",\"contentUrl\":\"https:\/\/secure.gravatar.com\/avatar\/3a0be343b445d2ccc79e87444a294fad2b232e90d2051d0e3cc219e1ecd6a330?s=96&d=mm&r=g\",\"caption\":\"mru_01\"},\"url\":\"https:\/\/ismfrance.org\/index.php\/author\/admin02\/\"}]}<\/script>\n<!-- \/ Yoast SEO plugin. -->","yoast_head_json":{"title":"Julian Assange porte plainte contre le prix Nobel de la paix 2025 - International Solidarity Movement - ISM-France","robots":{"index":"index","follow":"follow","max-snippet":"max-snippet:-1","max-image-preview":"max-image-preview:large","max-video-preview":"max-video-preview:-1"},"canonical":"https:\/\/ismfrance.org\/index.php\/2025\/12\/18\/julian-assange-porte-plainte-contre-le-prix-nobel-de-la-paix-2025\/","og_locale":"fr_FR","og_type":"article","og_title":"Julian Assange porte plainte contre le prix Nobel de la paix 2025 - International Solidarity Movement - ISM-France","og_description":"Al-Mayadeen, 17 d\u00e9cembre 2025.&#8211; Le fondateur de WikiLeaks, Julian Assange, a d\u00e9pos\u00e9 une plainte au p\u00e9nal le 17 d\u00e9cembre, accusant 30 personnes li\u00e9es \u00e0 la Fondation Nobel d&rsquo;infractions graves au Lire la suite &rarr;","og_url":"https:\/\/ismfrance.org\/index.php\/2025\/12\/18\/julian-assange-porte-plainte-contre-le-prix-nobel-de-la-paix-2025\/","og_site_name":"International Solidarity Movement - ISM-France","article_published_time":"2025-12-18T10:31:16+00:00","og_image":[{"width":1048,"height":575,"url":"https:\/\/ismfrance.org\/wp-content\/uploads\/2025\/12\/machado-assange.jpg","type":"image\/jpeg"}],"author":"mru_01","twitter_card":"summary_large_image","twitter_creator":"@ISMFRANCE","twitter_site":"@ISMFRANCE","twitter_misc":{"\u00c9crit par":"mru_01","Dur\u00e9e de lecture estim\u00e9e":"4 minutes"},"schema":{"@context":"https:\/\/schema.org","@graph":[{"@type":"Article","@id":"https:\/\/ismfrance.org\/index.php\/2025\/12\/18\/julian-assange-porte-plainte-contre-le-prix-nobel-de-la-paix-2025\/#article","isPartOf":{"@id":"https:\/\/ismfrance.org\/index.php\/2025\/12\/18\/julian-assange-porte-plainte-contre-le-prix-nobel-de-la-paix-2025\/"},"author":{"name":"mru_01","@id":"https:\/\/ismfrance.org\/#\/schema\/person\/3c411eb72adfaae19c0dca1f41fae01d"},"headline":"Julian Assange porte plainte contre le prix Nobel de la paix 2025","datePublished":"2025-12-18T10:31:16+00:00","mainEntityOfPage":{"@id":"https:\/\/ismfrance.org\/index.php\/2025\/12\/18\/julian-assange-porte-plainte-contre-le-prix-nobel-de-la-paix-2025\/"},"wordCount":873,"publisher":{"@id":"https:\/\/ismfrance.org\/#organization"},"image":{"@id":"https:\/\/ismfrance.org\/index.php\/2025\/12\/18\/julian-assange-porte-plainte-contre-le-prix-nobel-de-la-paix-2025\/#primaryimage"},"thumbnailUrl":"https:\/\/ismfrance.org\/wp-content\/uploads\/2025\/12\/machado-assange.jpg","keywords":["Collabos","Venezuela"],"articleSection":["Analyses","Articles"],"inLanguage":"fr-FR"},{"@type":"WebPage","@id":"https:\/\/ismfrance.org\/index.php\/2025\/12\/18\/julian-assange-porte-plainte-contre-le-prix-nobel-de-la-paix-2025\/","url":"https:\/\/ismfrance.org\/index.php\/2025\/12\/18\/julian-assange-porte-plainte-contre-le-prix-nobel-de-la-paix-2025\/","name":"Julian Assange porte plainte contre le prix Nobel de la paix 2025 - International Solidarity Movement - ISM-France","isPartOf":{"@id":"https:\/\/ismfrance.org\/#website"},"primaryImageOfPage":{"@id":"https:\/\/ismfrance.org\/index.php\/2025\/12\/18\/julian-assange-porte-plainte-contre-le-prix-nobel-de-la-paix-2025\/#primaryimage"},"image":{"@id":"https:\/\/ismfrance.org\/index.php\/2025\/12\/18\/julian-assange-porte-plainte-contre-le-prix-nobel-de-la-paix-2025\/#primaryimage"},"thumbnailUrl":"https:\/\/ismfrance.org\/wp-content\/uploads\/2025\/12\/machado-assange.jpg","datePublished":"2025-12-18T10:31:16+00:00","breadcrumb":{"@id":"https:\/\/ismfrance.org\/index.php\/2025\/12\/18\/julian-assange-porte-plainte-contre-le-prix-nobel-de-la-paix-2025\/#breadcrumb"},"inLanguage":"fr-FR","potentialAction":[{"@type":"ReadAction","target":["https:\/\/ismfrance.org\/index.php\/2025\/12\/18\/julian-assange-porte-plainte-contre-le-prix-nobel-de-la-paix-2025\/"]}]},{"@type":"ImageObject","inLanguage":"fr-FR","@id":"https:\/\/ismfrance.org\/index.php\/2025\/12\/18\/julian-assange-porte-plainte-contre-le-prix-nobel-de-la-paix-2025\/#primaryimage","url":"https:\/\/ismfrance.org\/wp-content\/uploads\/2025\/12\/machado-assange.jpg","contentUrl":"https:\/\/ismfrance.org\/wp-content\/uploads\/2025\/12\/machado-assange.jpg","width":1048,"height":575},{"@type":"BreadcrumbList","@id":"https:\/\/ismfrance.org\/index.php\/2025\/12\/18\/julian-assange-porte-plainte-contre-le-prix-nobel-de-la-paix-2025\/#breadcrumb","itemListElement":[{"@type":"ListItem","position":1,"name":"Accueil","item":"https:\/\/ismfrance.org\/"},{"@type":"ListItem","position":2,"name":"Julian Assange porte plainte contre le prix Nobel de la paix 2025"}]},{"@type":"WebSite","@id":"https:\/\/ismfrance.org\/#website","url":"https:\/\/ismfrance.org\/","name":"ISM Palestine France","description":"Soutien aux luttes de lib\u00e9ration du peuple palestinien","publisher":{"@id":"https:\/\/ismfrance.org\/#organization"},"potentialAction":[{"@type":"SearchAction","target":{"@type":"EntryPoint","urlTemplate":"https:\/\/ismfrance.org\/?s={search_term_string}"},"query-input":{"@type":"PropertyValueSpecification","valueRequired":true,"valueName":"search_term_string"}}],"inLanguage":"fr-FR"},{"@type":"Organization","@id":"https:\/\/ismfrance.org\/#organization","name":"International Solidarity Movement","url":"https:\/\/ismfrance.org\/","logo":{"@type":"ImageObject","inLanguage":"fr-FR","@id":"https:\/\/ismfrance.org\/#\/schema\/logo\/image\/","url":"https:\/\/ismfrance.org\/wp-content\/uploads\/2020\/12\/00.png","contentUrl":"https:\/\/ismfrance.org\/wp-content\/uploads\/2020\/12\/00.png","width":400,"height":400,"caption":"International Solidarity Movement"},"image":{"@id":"https:\/\/ismfrance.org\/#\/schema\/logo\/image\/"},"sameAs":["https:\/\/x.com\/ISMFRANCE"]},{"@type":"Person","@id":"https:\/\/ismfrance.org\/#\/schema\/person\/3c411eb72adfaae19c0dca1f41fae01d","name":"mru_01","image":{"@type":"ImageObject","inLanguage":"fr-FR","@id":"https:\/\/secure.gravatar.com\/avatar\/3a0be343b445d2ccc79e87444a294fad2b232e90d2051d0e3cc219e1ecd6a330?s=96&d=mm&r=g","url":"https:\/\/secure.gravatar.com\/avatar\/3a0be343b445d2ccc79e87444a294fad2b232e90d2051d0e3cc219e1ecd6a330?s=96&d=mm&r=g","contentUrl":"https:\/\/secure.gravatar.com\/avatar\/3a0be343b445d2ccc79e87444a294fad2b232e90d2051d0e3cc219e1ecd6a330?s=96&d=mm&r=g","caption":"mru_01"},"url":"https:\/\/ismfrance.org\/index.php\/author\/admin02\/"}]}},"_links":{"self":[{"href":"https:\/\/ismfrance.org\/index.php\/wp-json\/wp\/v2\/posts\/25654","targetHints":{"allow":["GET"]}}],"collection":[{"href":"https:\/\/ismfrance.org\/index.php\/wp-json\/wp\/v2\/posts"}],"about":[{"href":"https:\/\/ismfrance.org\/index.php\/wp-json\/wp\/v2\/types\/post"}],"author":[{"embeddable":true,"href":"https:\/\/ismfrance.org\/index.php\/wp-json\/wp\/v2\/users\/3"}],"replies":[{"embeddable":true,"href":"https:\/\/ismfrance.org\/index.php\/wp-json\/wp\/v2\/comments?post=25654"}],"version-history":[{"count":0,"href":"https:\/\/ismfrance.org\/index.php\/wp-json\/wp\/v2\/posts\/25654\/revisions"}],"wp:featuredmedia":[{"embeddable":true,"href":"https:\/\/ismfrance.org\/index.php\/wp-json\/wp\/v2\/media\/25657"}],"wp:attachment":[{"href":"https:\/\/ismfrance.org\/index.php\/wp-json\/wp\/v2\/media?parent=25654"}],"wp:term":[{"taxonomy":"category","embeddable":true,"href":"https:\/\/ismfrance.org\/index.php\/wp-json\/wp\/v2\/categories?post=25654"},{"taxonomy":"post_tag","embeddable":true,"href":"https:\/\/ismfrance.org\/index.php\/wp-json\/wp\/v2\/tags?post=25654"}],"curies":[{"name":"wp","href":"https:\/\/api.w.org\/{rel}","templated":true}]}}