{"id":25506,"date":"2025-12-13T09:38:18","date_gmt":"2025-12-13T08:38:18","guid":{"rendered":"https:\/\/ismfrance.org\/?p=25506"},"modified":"2025-12-13T09:38:18","modified_gmt":"2025-12-13T08:38:18","slug":"pour-la-palestine-libre-et-contre-le-genocide-sioniste-marseille-dimanche-15-12-14h-porte-daix","status":"publish","type":"post","link":"https:\/\/ismfrance.org\/index.php\/2025\/12\/13\/pour-la-palestine-libre-et-contre-le-genocide-sioniste-marseille-dimanche-15-12-14h-porte-daix\/","title":{"rendered":"Pour la Palestine libre et contre le g\u00e9nocide sioniste, MARSEILLE DIMANCHE 15.12 14H PORTE D&rsquo;AIX"},"content":{"rendered":"<p><span style=\"color: #000000;\"><span style=\"font-family: Arial, sans-serif;\"><span style=\"font-size: medium;\"><strong>Chris, 12 d\u00e9cembre 2025.-<\/strong> Lamia Hatem est l\u2019une des centaines de personnes \u00e0 Gaza qui font plus que l\u2019impossible pour que les enfants aient droits \u00e0 l\u2019\u00e9ducation, \u00e0 l\u2019enseignement.<\/span><\/span><\/span><\/p>\n<p><a href=\"https:\/\/ismfrance.org\/wp-content\/uploads\/2025\/12\/marseille.jpg\"><img loading=\"lazy\" decoding=\"async\" class=\"size-large wp-image-25507 aligncenter\" src=\"https:\/\/ismfrance.org\/wp-content\/uploads\/2025\/12\/marseille-560x700.jpg\" alt=\"\" width=\"560\" height=\"700\" srcset=\"https:\/\/ismfrance.org\/wp-content\/uploads\/2025\/12\/marseille-560x700.jpg 560w, https:\/\/ismfrance.org\/wp-content\/uploads\/2025\/12\/marseille-240x300.jpg 240w, https:\/\/ismfrance.org\/wp-content\/uploads\/2025\/12\/marseille-768x960.jpg 768w, https:\/\/ismfrance.org\/wp-content\/uploads\/2025\/12\/marseille.jpg 1024w\" sizes=\"auto, (max-width: 560px) 100vw, 560px\" \/><\/a><span style=\"color: #000000;\"><span style=\"font-family: Arial, sans-serif;\"><span style=\"font-size: medium;\">Au plus fort des bombardements, elle les asseyait et r\u00e9citait avec eux : \u00ab <em>Qui les a nourris quand ils avaient faim et les a prot\u00e9g\u00e9s contre la peur.<\/em> \u00bb \u2014\u00a0<\/span><\/span><\/span><a href=\"https:\/\/emea01.safelinks.protection.outlook.com\/?url=https%3A%2F%2Fwww.corequran.com%2F106%2F&amp;data=05%7C02%7C%7Cf1bf63e8a2e249987a5408de39bec456%7C84df9e7fe9f640afb435aaaaaaaaaaaa%7C1%7C0%7C639011688656439254%7CUnknown%7CTWFpbGZsb3d8eyJFbXB0eU1hcGkiOnRydWUsIlYiOiIwLjAuMDAwMCIsIlAiOiJXaW4zMiIsIkFOIjoiTWFpbCIsIldUIjoyfQ%3D%3D%7C0%7C%7C%7C&amp;sdata=%2BQK8uTIlveWG5zfXvZjjSNmwAq8ksuDM8CugZAfJvnM%3D&amp;reserved=0\"><span style=\"color: #000000;\"><span style=\"font-family: Arial, sans-serif;\"><span style=\"font-size: medium;\"><b>Sourate Quraysh<\/b><\/span><\/span><\/span><\/a><span style=\"color: #000000;\"><span style=\"font-family: Arial, sans-serif;\"><span style=\"font-size: medium;\">. Elle leur lisait des versets du Coran et des pri\u00e8res simples pour leur donner du courage. Plus tard, lorsque la situation s\u2019est un peu am\u00e9lior\u00e9e, ils sont revenus et lui ont dit :\u00a0<\/span><\/span><\/span><span style=\"color: #000000;\"><span style=\"font-family: Arial, sans-serif;\"><span style=\"font-size: medium;\">\u00ab Madame, les pri\u00e8res que nous r\u00e9citions se sont r\u00e9alis\u00e9es. \u00bb (Source : <a href=\"https:\/\/www.chroniquepalestine.com\/amour-au-service-enseignement\/\">Chronique de Palestine<\/a>).<\/span><\/span><\/span><\/p>\n<p><span style=\"color: #000000;\"><span style=\"font-family: Arial, sans-serif;\"><span style=\"font-size: medium;\">Nous savons que la situation est critique et que les sionistes jouent leur\u00a0<i>va-tout<\/i>\u00a0! Mais quand ils auront fini de jouer, de massacrer et de torturer.. la Palestine sera toujours l\u00e0, \u00e9clatante dans la pl\u00e9nitude de son c\u0153ur et du c\u0153ur de l\u2019humanit\u00e9.<\/span><\/span><\/span><\/p>\n<p><span style=\"color: #000000;\"><span style=\"font-family: Arial, sans-serif;\"><span style=\"font-size: medium;\">Comme les autres citoyens du monde, \u00e0 Marseille, nous serons dans la rue jusqu\u2019\u00e0 la lib\u00e9ration totale de la Palestine historique. Un \u00e9tat d\u00e9mocratique et multiculturel, o\u00f9 les citoyens auront tous les m\u00eames droits, quelle que soit leur religion.<\/span><\/span><\/span><\/p>\n<p><span style=\"color: #000000;\"><span style=\"font-family: Arial, sans-serif;\"><span style=\"font-size: medium;\">Exigeons :\u00a0<\/span><\/span><\/span><\/p>\n<p><span style=\"color: #000000;\"><span style=\"font-family: Arial, sans-serif;\"><span style=\"font-size: medium;\"><strong>&#8211; \u270a L\u2019arr\u00eat imm\u00e9diat du g\u00e9nocide (massif ou furtif)<\/strong><br \/>\n<strong>&#8211; \u270a Un cessez-le-feu permanent et sanctions pour qui le violent<\/strong><br \/>\n<strong>&#8211; \u270a La lev\u00e9e imm\u00e9diate du blocus sur Gaza, libre passage des biens et des personnes<\/strong><br \/>\n<strong>&#8211; \u270a Le soutien \u00e0 la r\u00e9sistance palestinienne, sous toutes ses formes<\/strong><br \/>\n<strong>&#8211; \u270a le jugement des responsables\u00a0<\/strong><br \/>\n<strong>&#8211; \u270a La lib\u00e9ration de tous les prisonniers politiques\u00a0<\/strong><br \/>\n<strong>&#8211; \u270a mettre fin au jumelage Marseille \u2013 Ha\u00effa et jumeler Marseille \u00e0 Gaza !<\/strong><\/p>\n<p>Nous manifestons\u00a0contre l\u2019injustice, pour la paix, et la dignit\u00e9 de l\u2019\u00eatre humain.<\/span><\/span><\/span><\/p>\n<p><span style=\"color: #000000;\">\u00a0<span style=\"font-family: Arial, sans-serif;\"><span style=\"font-size: medium;\">Partout sur la plan\u00e8te, nous d\u00e9filons par millions pour apporter notre soutien inconditionnel au peuple palestinien martyr. Il le sait. Et les sionistes aussi le savent.<\/p>\n<p>Les souffrances endur\u00e9es d\u00e9passent l\u2019imaginaire mais les Palestiniens rel\u00e8vent le d\u00e9fi et inventent des actes aussi incroyables que ceux d\u00e9crits dans l\u2019article sur Lamia.<\/span><\/span><\/span><\/p>\n<p style=\"text-align: center;\"><span style=\"color: #000000;\"><span style=\"font-family: Arial, sans-serif;\"><span style=\"font-size: medium;\"><b>PALESTINE VIVRA ! PALESTINE VAINCRA !<\/b><\/span><\/span><\/span><\/p>\n","protected":false},"excerpt":{"rendered":"<p>Chris, 12 d\u00e9cembre 2025.- Lamia Hatem est l\u2019une des centaines de personnes \u00e0 Gaza qui font plus que l\u2019impossible pour que les enfants aient droits \u00e0 l\u2019\u00e9ducation, \u00e0 l\u2019enseignement. Au <a class=\"more-link\" href=\"https:\/\/ismfrance.org\/index.php\/2025\/12\/13\/pour-la-palestine-libre-et-contre-le-genocide-sioniste-marseille-dimanche-15-12-14h-porte-daix\/\">Lire la suite &rarr;<\/a><\/p>\n","protected":false},"author":3,"featured_media":25507,"comment_status":"closed","ping_status":"closed","sticky":false,"template":"","format":"standard","meta":{"footnotes":""},"categories":[2,14],"tags":[44],"class_list":["post-25506","post","type-post","status-publish","format-standard","has-post-thumbnail","hentry","category-articles","category-communiques","tag-materiel-militant"],"yoast_head":"<!-- This site is optimized with the Yoast SEO plugin v27.2 - https:\/\/yoast.com\/product\/yoast-seo-wordpress\/ -->\n<title>Pour la Palestine libre et contre le g\u00e9nocide sioniste, MARSEILLE DIMANCHE 15.12 14H PORTE D&#039;AIX - International Solidarity Movement - ISM-France<\/title>\n<meta name=\"robots\" content=\"index, follow, max-snippet:-1, max-image-preview:large, max-video-preview:-1\" \/>\n<link rel=\"canonical\" href=\"https:\/\/ismfrance.org\/index.php\/2025\/12\/13\/pour-la-palestine-libre-et-contre-le-genocide-sioniste-marseille-dimanche-15-12-14h-porte-daix\/\" \/>\n<meta property=\"og:locale\" content=\"fr_FR\" \/>\n<meta property=\"og:type\" content=\"article\" \/>\n<meta property=\"og:title\" content=\"Pour la Palestine libre et contre le g\u00e9nocide sioniste, MARSEILLE DIMANCHE 15.12 14H PORTE D&#039;AIX - International Solidarity Movement - ISM-France\" \/>\n<meta property=\"og:description\" content=\"Chris, 12 d\u00e9cembre 2025.- Lamia Hatem est l\u2019une des centaines de personnes \u00e0 Gaza qui font plus que l\u2019impossible pour que les enfants aient droits \u00e0 l\u2019\u00e9ducation, \u00e0 l\u2019enseignement. Au Lire la suite &rarr;\" \/>\n<meta property=\"og:url\" content=\"https:\/\/ismfrance.org\/index.php\/2025\/12\/13\/pour-la-palestine-libre-et-contre-le-genocide-sioniste-marseille-dimanche-15-12-14h-porte-daix\/\" \/>\n<meta property=\"og:site_name\" content=\"International Solidarity Movement - ISM-France\" \/>\n<meta property=\"article:published_time\" content=\"2025-12-13T08:38:18+00:00\" \/>\n<meta property=\"og:image\" content=\"https:\/\/ismfrance.org\/wp-content\/uploads\/2025\/12\/marseille.jpg\" \/>\n\t<meta property=\"og:image:width\" content=\"1024\" \/>\n\t<meta property=\"og:image:height\" content=\"1280\" \/>\n\t<meta property=\"og:image:type\" content=\"image\/jpeg\" \/>\n<meta name=\"author\" content=\"mru_01\" \/>\n<meta name=\"twitter:card\" content=\"summary_large_image\" \/>\n<meta name=\"twitter:creator\" content=\"@ISMFRANCE\" \/>\n<meta name=\"twitter:site\" content=\"@ISMFRANCE\" \/>\n<meta name=\"twitter:label1\" content=\"\u00c9crit par\" \/>\n\t<meta name=\"twitter:data1\" content=\"mru_01\" \/>\n\t<meta name=\"twitter:label2\" content=\"Dur\u00e9e de lecture estim\u00e9e\" \/>\n\t<meta name=\"twitter:data2\" content=\"3 minutes\" \/>\n<script type=\"application\/ld+json\" class=\"yoast-schema-graph\">{\"@context\":\"https:\/\/schema.org\",\"@graph\":[{\"@type\":\"Article\",\"@id\":\"https:\/\/ismfrance.org\/index.php\/2025\/12\/13\/pour-la-palestine-libre-et-contre-le-genocide-sioniste-marseille-dimanche-15-12-14h-porte-daix\/#article\",\"isPartOf\":{\"@id\":\"https:\/\/ismfrance.org\/index.php\/2025\/12\/13\/pour-la-palestine-libre-et-contre-le-genocide-sioniste-marseille-dimanche-15-12-14h-porte-daix\/\"},\"author\":{\"name\":\"mru_01\",\"@id\":\"https:\/\/ismfrance.org\/#\/schema\/person\/3c411eb72adfaae19c0dca1f41fae01d\"},\"headline\":\"Pour la Palestine libre et contre le g\u00e9nocide sioniste, MARSEILLE DIMANCHE 15.12 14H PORTE D&rsquo;AIX\",\"datePublished\":\"2025-12-13T08:38:18+00:00\",\"mainEntityOfPage\":{\"@id\":\"https:\/\/ismfrance.org\/index.php\/2025\/12\/13\/pour-la-palestine-libre-et-contre-le-genocide-sioniste-marseille-dimanche-15-12-14h-porte-daix\/\"},\"wordCount\":374,\"publisher\":{\"@id\":\"https:\/\/ismfrance.org\/#organization\"},\"image\":{\"@id\":\"https:\/\/ismfrance.org\/index.php\/2025\/12\/13\/pour-la-palestine-libre-et-contre-le-genocide-sioniste-marseille-dimanche-15-12-14h-porte-daix\/#primaryimage\"},\"thumbnailUrl\":\"https:\/\/ismfrance.org\/wp-content\/uploads\/2025\/12\/marseille.jpg\",\"keywords\":[\"mat\u00e9riel militant\"],\"articleSection\":[\"Articles\",\"Communiqu\u00e9s\"],\"inLanguage\":\"fr-FR\"},{\"@type\":\"WebPage\",\"@id\":\"https:\/\/ismfrance.org\/index.php\/2025\/12\/13\/pour-la-palestine-libre-et-contre-le-genocide-sioniste-marseille-dimanche-15-12-14h-porte-daix\/\",\"url\":\"https:\/\/ismfrance.org\/index.php\/2025\/12\/13\/pour-la-palestine-libre-et-contre-le-genocide-sioniste-marseille-dimanche-15-12-14h-porte-daix\/\",\"name\":\"Pour la Palestine libre et contre le g\u00e9nocide sioniste, MARSEILLE DIMANCHE 15.12 14H PORTE D'AIX - International Solidarity Movement - ISM-France\",\"isPartOf\":{\"@id\":\"https:\/\/ismfrance.org\/#website\"},\"primaryImageOfPage\":{\"@id\":\"https:\/\/ismfrance.org\/index.php\/2025\/12\/13\/pour-la-palestine-libre-et-contre-le-genocide-sioniste-marseille-dimanche-15-12-14h-porte-daix\/#primaryimage\"},\"image\":{\"@id\":\"https:\/\/ismfrance.org\/index.php\/2025\/12\/13\/pour-la-palestine-libre-et-contre-le-genocide-sioniste-marseille-dimanche-15-12-14h-porte-daix\/#primaryimage\"},\"thumbnailUrl\":\"https:\/\/ismfrance.org\/wp-content\/uploads\/2025\/12\/marseille.jpg\",\"datePublished\":\"2025-12-13T08:38:18+00:00\",\"breadcrumb\":{\"@id\":\"https:\/\/ismfrance.org\/index.php\/2025\/12\/13\/pour-la-palestine-libre-et-contre-le-genocide-sioniste-marseille-dimanche-15-12-14h-porte-daix\/#breadcrumb\"},\"inLanguage\":\"fr-FR\",\"potentialAction\":[{\"@type\":\"ReadAction\",\"target\":[\"https:\/\/ismfrance.org\/index.php\/2025\/12\/13\/pour-la-palestine-libre-et-contre-le-genocide-sioniste-marseille-dimanche-15-12-14h-porte-daix\/\"]}]},{\"@type\":\"ImageObject\",\"inLanguage\":\"fr-FR\",\"@id\":\"https:\/\/ismfrance.org\/index.php\/2025\/12\/13\/pour-la-palestine-libre-et-contre-le-genocide-sioniste-marseille-dimanche-15-12-14h-porte-daix\/#primaryimage\",\"url\":\"https:\/\/ismfrance.org\/wp-content\/uploads\/2025\/12\/marseille.jpg\",\"contentUrl\":\"https:\/\/ismfrance.org\/wp-content\/uploads\/2025\/12\/marseille.jpg\",\"width\":1024,\"height\":1280},{\"@type\":\"BreadcrumbList\",\"@id\":\"https:\/\/ismfrance.org\/index.php\/2025\/12\/13\/pour-la-palestine-libre-et-contre-le-genocide-sioniste-marseille-dimanche-15-12-14h-porte-daix\/#breadcrumb\",\"itemListElement\":[{\"@type\":\"ListItem\",\"position\":1,\"name\":\"Accueil\",\"item\":\"https:\/\/ismfrance.org\/\"},{\"@type\":\"ListItem\",\"position\":2,\"name\":\"Pour la Palestine libre et contre le g\u00e9nocide sioniste, MARSEILLE DIMANCHE 15.12 14H PORTE D&rsquo;AIX\"}]},{\"@type\":\"WebSite\",\"@id\":\"https:\/\/ismfrance.org\/#website\",\"url\":\"https:\/\/ismfrance.org\/\",\"name\":\"ISM Palestine France\",\"description\":\"Soutien aux luttes de lib\u00e9ration du peuple palestinien\",\"publisher\":{\"@id\":\"https:\/\/ismfrance.org\/#organization\"},\"potentialAction\":[{\"@type\":\"SearchAction\",\"target\":{\"@type\":\"EntryPoint\",\"urlTemplate\":\"https:\/\/ismfrance.org\/?s={search_term_string}\"},\"query-input\":{\"@type\":\"PropertyValueSpecification\",\"valueRequired\":true,\"valueName\":\"search_term_string\"}}],\"inLanguage\":\"fr-FR\"},{\"@type\":\"Organization\",\"@id\":\"https:\/\/ismfrance.org\/#organization\",\"name\":\"International Solidarity Movement\",\"url\":\"https:\/\/ismfrance.org\/\",\"logo\":{\"@type\":\"ImageObject\",\"inLanguage\":\"fr-FR\",\"@id\":\"https:\/\/ismfrance.org\/#\/schema\/logo\/image\/\",\"url\":\"https:\/\/ismfrance.org\/wp-content\/uploads\/2020\/12\/00.png\",\"contentUrl\":\"https:\/\/ismfrance.org\/wp-content\/uploads\/2020\/12\/00.png\",\"width\":400,\"height\":400,\"caption\":\"International Solidarity Movement\"},\"image\":{\"@id\":\"https:\/\/ismfrance.org\/#\/schema\/logo\/image\/\"},\"sameAs\":[\"https:\/\/x.com\/ISMFRANCE\"]},{\"@type\":\"Person\",\"@id\":\"https:\/\/ismfrance.org\/#\/schema\/person\/3c411eb72adfaae19c0dca1f41fae01d\",\"name\":\"mru_01\",\"image\":{\"@type\":\"ImageObject\",\"inLanguage\":\"fr-FR\",\"@id\":\"https:\/\/secure.gravatar.com\/avatar\/3a0be343b445d2ccc79e87444a294fad2b232e90d2051d0e3cc219e1ecd6a330?s=96&d=mm&r=g\",\"url\":\"https:\/\/secure.gravatar.com\/avatar\/3a0be343b445d2ccc79e87444a294fad2b232e90d2051d0e3cc219e1ecd6a330?s=96&d=mm&r=g\",\"contentUrl\":\"https:\/\/secure.gravatar.com\/avatar\/3a0be343b445d2ccc79e87444a294fad2b232e90d2051d0e3cc219e1ecd6a330?s=96&d=mm&r=g\",\"caption\":\"mru_01\"},\"url\":\"https:\/\/ismfrance.org\/index.php\/author\/admin02\/\"}]}<\/script>\n<!-- \/ Yoast SEO plugin. -->","yoast_head_json":{"title":"Pour la Palestine libre et contre le g\u00e9nocide sioniste, MARSEILLE DIMANCHE 15.12 14H PORTE D'AIX - International Solidarity Movement - ISM-France","robots":{"index":"index","follow":"follow","max-snippet":"max-snippet:-1","max-image-preview":"max-image-preview:large","max-video-preview":"max-video-preview:-1"},"canonical":"https:\/\/ismfrance.org\/index.php\/2025\/12\/13\/pour-la-palestine-libre-et-contre-le-genocide-sioniste-marseille-dimanche-15-12-14h-porte-daix\/","og_locale":"fr_FR","og_type":"article","og_title":"Pour la Palestine libre et contre le g\u00e9nocide sioniste, MARSEILLE DIMANCHE 15.12 14H PORTE D'AIX - International Solidarity Movement - ISM-France","og_description":"Chris, 12 d\u00e9cembre 2025.- Lamia Hatem est l\u2019une des centaines de personnes \u00e0 Gaza qui font plus que l\u2019impossible pour que les enfants aient droits \u00e0 l\u2019\u00e9ducation, \u00e0 l\u2019enseignement. Au Lire la suite &rarr;","og_url":"https:\/\/ismfrance.org\/index.php\/2025\/12\/13\/pour-la-palestine-libre-et-contre-le-genocide-sioniste-marseille-dimanche-15-12-14h-porte-daix\/","og_site_name":"International Solidarity Movement - ISM-France","article_published_time":"2025-12-13T08:38:18+00:00","og_image":[{"width":1024,"height":1280,"url":"https:\/\/ismfrance.org\/wp-content\/uploads\/2025\/12\/marseille.jpg","type":"image\/jpeg"}],"author":"mru_01","twitter_card":"summary_large_image","twitter_creator":"@ISMFRANCE","twitter_site":"@ISMFRANCE","twitter_misc":{"\u00c9crit par":"mru_01","Dur\u00e9e de lecture estim\u00e9e":"3 minutes"},"schema":{"@context":"https:\/\/schema.org","@graph":[{"@type":"Article","@id":"https:\/\/ismfrance.org\/index.php\/2025\/12\/13\/pour-la-palestine-libre-et-contre-le-genocide-sioniste-marseille-dimanche-15-12-14h-porte-daix\/#article","isPartOf":{"@id":"https:\/\/ismfrance.org\/index.php\/2025\/12\/13\/pour-la-palestine-libre-et-contre-le-genocide-sioniste-marseille-dimanche-15-12-14h-porte-daix\/"},"author":{"name":"mru_01","@id":"https:\/\/ismfrance.org\/#\/schema\/person\/3c411eb72adfaae19c0dca1f41fae01d"},"headline":"Pour la Palestine libre et contre le g\u00e9nocide sioniste, MARSEILLE DIMANCHE 15.12 14H PORTE D&rsquo;AIX","datePublished":"2025-12-13T08:38:18+00:00","mainEntityOfPage":{"@id":"https:\/\/ismfrance.org\/index.php\/2025\/12\/13\/pour-la-palestine-libre-et-contre-le-genocide-sioniste-marseille-dimanche-15-12-14h-porte-daix\/"},"wordCount":374,"publisher":{"@id":"https:\/\/ismfrance.org\/#organization"},"image":{"@id":"https:\/\/ismfrance.org\/index.php\/2025\/12\/13\/pour-la-palestine-libre-et-contre-le-genocide-sioniste-marseille-dimanche-15-12-14h-porte-daix\/#primaryimage"},"thumbnailUrl":"https:\/\/ismfrance.org\/wp-content\/uploads\/2025\/12\/marseille.jpg","keywords":["mat\u00e9riel militant"],"articleSection":["Articles","Communiqu\u00e9s"],"inLanguage":"fr-FR"},{"@type":"WebPage","@id":"https:\/\/ismfrance.org\/index.php\/2025\/12\/13\/pour-la-palestine-libre-et-contre-le-genocide-sioniste-marseille-dimanche-15-12-14h-porte-daix\/","url":"https:\/\/ismfrance.org\/index.php\/2025\/12\/13\/pour-la-palestine-libre-et-contre-le-genocide-sioniste-marseille-dimanche-15-12-14h-porte-daix\/","name":"Pour la Palestine libre et contre le g\u00e9nocide sioniste, MARSEILLE DIMANCHE 15.12 14H PORTE D'AIX - International Solidarity Movement - ISM-France","isPartOf":{"@id":"https:\/\/ismfrance.org\/#website"},"primaryImageOfPage":{"@id":"https:\/\/ismfrance.org\/index.php\/2025\/12\/13\/pour-la-palestine-libre-et-contre-le-genocide-sioniste-marseille-dimanche-15-12-14h-porte-daix\/#primaryimage"},"image":{"@id":"https:\/\/ismfrance.org\/index.php\/2025\/12\/13\/pour-la-palestine-libre-et-contre-le-genocide-sioniste-marseille-dimanche-15-12-14h-porte-daix\/#primaryimage"},"thumbnailUrl":"https:\/\/ismfrance.org\/wp-content\/uploads\/2025\/12\/marseille.jpg","datePublished":"2025-12-13T08:38:18+00:00","breadcrumb":{"@id":"https:\/\/ismfrance.org\/index.php\/2025\/12\/13\/pour-la-palestine-libre-et-contre-le-genocide-sioniste-marseille-dimanche-15-12-14h-porte-daix\/#breadcrumb"},"inLanguage":"fr-FR","potentialAction":[{"@type":"ReadAction","target":["https:\/\/ismfrance.org\/index.php\/2025\/12\/13\/pour-la-palestine-libre-et-contre-le-genocide-sioniste-marseille-dimanche-15-12-14h-porte-daix\/"]}]},{"@type":"ImageObject","inLanguage":"fr-FR","@id":"https:\/\/ismfrance.org\/index.php\/2025\/12\/13\/pour-la-palestine-libre-et-contre-le-genocide-sioniste-marseille-dimanche-15-12-14h-porte-daix\/#primaryimage","url":"https:\/\/ismfrance.org\/wp-content\/uploads\/2025\/12\/marseille.jpg","contentUrl":"https:\/\/ismfrance.org\/wp-content\/uploads\/2025\/12\/marseille.jpg","width":1024,"height":1280},{"@type":"BreadcrumbList","@id":"https:\/\/ismfrance.org\/index.php\/2025\/12\/13\/pour-la-palestine-libre-et-contre-le-genocide-sioniste-marseille-dimanche-15-12-14h-porte-daix\/#breadcrumb","itemListElement":[{"@type":"ListItem","position":1,"name":"Accueil","item":"https:\/\/ismfrance.org\/"},{"@type":"ListItem","position":2,"name":"Pour la Palestine libre et contre le g\u00e9nocide sioniste, MARSEILLE DIMANCHE 15.12 14H PORTE D&rsquo;AIX"}]},{"@type":"WebSite","@id":"https:\/\/ismfrance.org\/#website","url":"https:\/\/ismfrance.org\/","name":"ISM Palestine France","description":"Soutien aux luttes de lib\u00e9ration du peuple palestinien","publisher":{"@id":"https:\/\/ismfrance.org\/#organization"},"potentialAction":[{"@type":"SearchAction","target":{"@type":"EntryPoint","urlTemplate":"https:\/\/ismfrance.org\/?s={search_term_string}"},"query-input":{"@type":"PropertyValueSpecification","valueRequired":true,"valueName":"search_term_string"}}],"inLanguage":"fr-FR"},{"@type":"Organization","@id":"https:\/\/ismfrance.org\/#organization","name":"International Solidarity Movement","url":"https:\/\/ismfrance.org\/","logo":{"@type":"ImageObject","inLanguage":"fr-FR","@id":"https:\/\/ismfrance.org\/#\/schema\/logo\/image\/","url":"https:\/\/ismfrance.org\/wp-content\/uploads\/2020\/12\/00.png","contentUrl":"https:\/\/ismfrance.org\/wp-content\/uploads\/2020\/12\/00.png","width":400,"height":400,"caption":"International Solidarity Movement"},"image":{"@id":"https:\/\/ismfrance.org\/#\/schema\/logo\/image\/"},"sameAs":["https:\/\/x.com\/ISMFRANCE"]},{"@type":"Person","@id":"https:\/\/ismfrance.org\/#\/schema\/person\/3c411eb72adfaae19c0dca1f41fae01d","name":"mru_01","image":{"@type":"ImageObject","inLanguage":"fr-FR","@id":"https:\/\/secure.gravatar.com\/avatar\/3a0be343b445d2ccc79e87444a294fad2b232e90d2051d0e3cc219e1ecd6a330?s=96&d=mm&r=g","url":"https:\/\/secure.gravatar.com\/avatar\/3a0be343b445d2ccc79e87444a294fad2b232e90d2051d0e3cc219e1ecd6a330?s=96&d=mm&r=g","contentUrl":"https:\/\/secure.gravatar.com\/avatar\/3a0be343b445d2ccc79e87444a294fad2b232e90d2051d0e3cc219e1ecd6a330?s=96&d=mm&r=g","caption":"mru_01"},"url":"https:\/\/ismfrance.org\/index.php\/author\/admin02\/"}]}},"_links":{"self":[{"href":"https:\/\/ismfrance.org\/index.php\/wp-json\/wp\/v2\/posts\/25506","targetHints":{"allow":["GET"]}}],"collection":[{"href":"https:\/\/ismfrance.org\/index.php\/wp-json\/wp\/v2\/posts"}],"about":[{"href":"https:\/\/ismfrance.org\/index.php\/wp-json\/wp\/v2\/types\/post"}],"author":[{"embeddable":true,"href":"https:\/\/ismfrance.org\/index.php\/wp-json\/wp\/v2\/users\/3"}],"replies":[{"embeddable":true,"href":"https:\/\/ismfrance.org\/index.php\/wp-json\/wp\/v2\/comments?post=25506"}],"version-history":[{"count":0,"href":"https:\/\/ismfrance.org\/index.php\/wp-json\/wp\/v2\/posts\/25506\/revisions"}],"wp:featuredmedia":[{"embeddable":true,"href":"https:\/\/ismfrance.org\/index.php\/wp-json\/wp\/v2\/media\/25507"}],"wp:attachment":[{"href":"https:\/\/ismfrance.org\/index.php\/wp-json\/wp\/v2\/media?parent=25506"}],"wp:term":[{"taxonomy":"category","embeddable":true,"href":"https:\/\/ismfrance.org\/index.php\/wp-json\/wp\/v2\/categories?post=25506"},{"taxonomy":"post_tag","embeddable":true,"href":"https:\/\/ismfrance.org\/index.php\/wp-json\/wp\/v2\/tags?post=25506"}],"curies":[{"name":"wp","href":"https:\/\/api.w.org\/{rel}","templated":true}]}}