{"id":25502,"date":"2025-12-13T09:29:37","date_gmt":"2025-12-13T08:29:37","guid":{"rendered":"https:\/\/ismfrance.org\/?p=25502"},"modified":"2025-12-13T09:29:37","modified_gmt":"2025-12-13T08:29:37","slug":"la-presidence-daoun-et-le-nouvel-ordre-americano-saoudien-au-liban","status":"publish","type":"post","link":"https:\/\/ismfrance.org\/index.php\/2025\/12\/13\/la-presidence-daoun-et-le-nouvel-ordre-americano-saoudien-au-liban\/","title":{"rendered":"La pr\u00e9sidence d\u2019Aoun et le nouvel ordre am\u00e9ricano-saoudien au Liban"},"content":{"rendered":"<p><span style=\"color: #000000;\"><span style=\"font-family: Arial, sans-serif;\"><span style=\"font-size: medium;\"><strong>Ibrahim Al-Amine, 12 d\u00e9cembre 2025.-<\/strong> L\u2019accession du g\u00e9n\u00e9ral Joseph Aoun \u00e0 la pr\u00e9sidence a marqu\u00e9 le d\u00e9but officiel d\u2019une nouvelle phase de tutelle am\u00e9ricano-saoudienne sur le Liban. Il s\u2019est impos\u00e9 comme le seul candidat ouvertement soutenu \u00e0 la fois par Washington et Riyad. Pourtant, son ascension n\u2019\u00e9tait pas garantie ; avant le cessez-le-feu et la chute soudaine du r\u00e9gime syrien, une contre-offensive soutenue par le Qatar et men\u00e9e par le Hezbollah, le mouvement Amal, le Courant patriotique libre et plusieurs ind\u00e9pendants a bri\u00e8vement menac\u00e9 de bloquer son accession au pouvoir. Une fois la guerre au Liban termin\u00e9e et Damas effondr\u00e9, l\u2019axe r\u00e9gional soutenant Aoun s\u2019est empress\u00e9 d\u2019imposer les conditions politiques de la nouvelle \u00e8re au Liban.<\/span><\/span><\/span><\/p>\n<div id=\"attachment_25504\" style=\"width: 610px\" class=\"wp-caption alignnone\"><a href=\"https:\/\/ismfrance.org\/wp-content\/uploads\/2025\/12\/sud-liban.jpg\"><img loading=\"lazy\" decoding=\"async\" aria-describedby=\"caption-attachment-25504\" class=\"wp-image-25504 size-large\" src=\"https:\/\/ismfrance.org\/wp-content\/uploads\/2025\/12\/sud-liban-700x394.jpg\" alt=\"\" width=\"600\" height=\"338\" srcset=\"https:\/\/ismfrance.org\/wp-content\/uploads\/2025\/12\/sud-liban-700x394.jpg 700w, https:\/\/ismfrance.org\/wp-content\/uploads\/2025\/12\/sud-liban-300x169.jpg 300w, https:\/\/ismfrance.org\/wp-content\/uploads\/2025\/12\/sud-liban-768x432.jpg 768w, https:\/\/ismfrance.org\/wp-content\/uploads\/2025\/12\/sud-liban.jpg 1280w\" sizes=\"auto, (max-width: 600px) 100vw, 600px\" \/><\/a><p id=\"caption-attachment-25504\" class=\"wp-caption-text\"><em><strong>12 d\u00e9cembre 2025. Frappes isra\u00e9liennes incessantes au sud Liban (source <a href=\"https:\/\/x.com\/AbujomaaGaza\/status\/1999400017811898519\/video\/1\">vid\u00e9o<\/a> Motasem Dallul sur X).<\/strong><\/em><\/p><\/div>\n<p><span style=\"color: #000000;\"><span style=\"font-family: Arial, sans-serif;\"><span style=\"font-size: medium;\">Ce changement est devenu manifeste d\u00e8s l\u2019atterrissage d\u2019un avion saoudien \u00e0 Beyrouth, transportant Aoun \u00e0 Riyad. Accueilli par le prince Yazid ben Farhan, il a \u00e9t\u00e9 conduit \u00e0 une rencontre avec le ministre de la D\u00e9fense, Khalid ben Salmane, o\u00f9 le message a \u00e9t\u00e9 transmis sans c\u00e9r\u00e9monie\u00a0: Washington, Riyad et d\u2019autres acteurs r\u00e9gionaux cl\u00e9s s\u2019\u00e9taient accord\u00e9s sur sa pr\u00e9sidence. Le recours au Qatar fut bloqu\u00e9, le pr\u00e9sident du Parlement, Nabih Berri, penchait d\u00e9j\u00e0 pour le soutenir, et toute obstruction restante serait trait\u00e9e directement. Aoun comprit qu&rsquo;il ne s&rsquo;agissait pas d&rsquo;un simple soutien, mais d&rsquo;une exigence de consensus quasi total, renforc\u00e9e par la ma\u00eetrise du dossier libanais dont faisait preuve le prince bin Farhan, un rappel subtil que Riyad le surveillait depuis des ann\u00e9es.<\/span><\/span><\/span><\/p>\n<p><span style=\"color: #000000;\"><span style=\"font-family: Arial, sans-serif;\"><span style=\"font-size: medium;\">Les conditions saoudiennes \u00e9taient claires\u00a0: le Hezbollah ne serait pas admis au sein du nouveau gouvernement, Saad Hariri et son parti ne reviendraient pas, et ni Gebran Bassil ni Sleiman Frangieh ne si\u00e9geraient dans le premier cabinet. Najib Mikati, en revanche, restait acceptable. De retour \u00e0 Beyrouth, Aoun s&#8217;empressa de communiquer avec le Hezbollah et d&rsquo;\u00e9tablir des contacts avec les Forces libanaises, tout en refusant de rendre visite \u00e0 Samir Geagea \u00e0 son domicile. Les Saoudiens propos\u00e8rent une solution\u00a0: une rencontre \u00e0 la r\u00e9sidence de l&rsquo;ambassadeur saoudien avec la d\u00e9put\u00e9e Strida Geagea, \u00e0 laquelle Samir Geagea pourrait se joindre discr\u00e8tement. C&rsquo;est ainsi que la rencontre eut lieu.<\/span><\/span><\/span><\/p>\n<p><span style=\"color: #000000;\"><span style=\"font-family: Arial, sans-serif;\"><span style=\"font-size: medium;\">Geagea se pr\u00e9senta \u00e0 la r\u00e9union pr\u00eat \u00e0 n\u00e9gocier. Il exigea une part significative au gouvernement, une influence sur les nominations chr\u00e9tiennes et la promesse qu&rsquo;Aoun ne formerait aucun parti politique et ne pr\u00e9senterait aucun candidat aux \u00e9lections l\u00e9gislatives. Aoun, peu enclin \u00e0 ouvrir un nouveau front, avait d\u00e9j\u00e0 assur\u00e9 Washington que le probl\u00e8me des armes du Hezbollah serait r\u00e9gl\u00e9 sous trois mois et avait promis \u00e0 Riyad de ne pas s&rsquo;allier avec le parti. Obtenir le soutien de Geagea en ajoutant une promesse suppl\u00e9mentaire ne lui co\u00fbta gu\u00e8re plus. Son v\u00e9ritable objectif \u00e9tait d&rsquo;atteindre Baabda avec un minimum de r\u00e9sistance, de s&rsquo;assurer une position dominante sur les nominations militaires et s\u00e9curitaires et d&rsquo;utiliser la pr\u00e9sidence pour redorer l&rsquo;image du Liban aupr\u00e8s des capitales arabes et de ses partenaires occidentaux.<\/span><\/span><\/span><\/p>\n<p><span style=\"color: #000000;\"><span style=\"font-family: Arial, sans-serif;\"><span style=\"font-size: medium;\">L&rsquo;\u00e9tape suivante consista \u00e0 destituer Mikati et \u00e0 installer Nawaf Salam au pouvoir, une man\u0153uvre orchestr\u00e9e conjointement par la France et l&rsquo;Arabie saoudite et accept\u00e9e par les \u00c9tats-Unis. Le gouvernement de Salam visait \u00e0 rompre radicalement avec le pass\u00e9, et il s&rsquo;est rapidement impliqu\u00e9 dans les n\u00e9gociations finales habituelles du Liban\u00a0: un accord priv\u00e9 avec Gebran Bassil et une convention pr\u00e9voyant l&rsquo;inclusion de repr\u00e9sentants de Marada, du Hezbollah et d&rsquo;Amal, tous choisis par ses soins. Lui et Aoun reconnaissaient que cette nouvelle phase exigeait le d\u00e9mant\u00e8lement de l&rsquo;Accord de Doha, \u00e0 commencer par le \u00ab\u00a0tiers bloquant\u00a0\u00bb sur lequel le Hezbollah s&rsquo;\u00e9tait appuy\u00e9 pendant plus d&rsquo;une d\u00e9cennie pour maintenir l&rsquo;\u00e9quilibre au sein du gouvernement. L&rsquo;affaiblissement du poids politique du Hezbollah a commenc\u00e9 non pas sur le champ de bataille, mais autour de la table des ministres, en limitant son influence et en l&rsquo;obligeant \u00e0 accepter des ministres non bellig\u00e9rants.<\/span><\/span><\/span><\/p>\n<p><span style=\"color: #000000;\"><span style=\"font-family: Arial, sans-serif;\"><span style=\"font-size: medium;\">Un arrangement hybride se mit rapidement en place. Salam fut tenu \u00e0 l&rsquo;\u00e9cart des n\u00e9gociations avec Isra\u00ebl et des dossiers cl\u00e9s relatifs \u00e0 la s\u00e9curit\u00e9 et aux affaires militaires. Ces derniers rest\u00e8rent fermement entre les mains d&rsquo;Aoun, y compris les nominations importantes et m\u00eame les candidats privil\u00e9gi\u00e9s au minist\u00e8re de l&rsquo;Int\u00e9rieur. Cette nouvelle tutelle laissait entrevoir sa volont\u00e9 de restaurer certains pouvoirs pr\u00e9sidentiels \u00e9rod\u00e9s depuis Ta\u00eff. Salam ne le comprit pleinement que lorsque Karim Saeed fut nomm\u00e9 gouverneur de la banque centrale sans son approbation. Les tensions s&rsquo;accrurent entre les deux hommes, mais les pressions saoudiennes permirent d&rsquo;\u00e9viter une rupture.<\/span><\/span><\/span><\/p>\n<p><span style=\"color: #000000;\"><span style=\"font-family: Arial, sans-serif;\"><span style=\"font-size: medium;\">Pourtant, en quelques mois, il devint \u00e9vident que le paysage politique n&rsquo;avait pas \u00e9volu\u00e9 comme pr\u00e9vu. Le Hezbollah n&rsquo;avait pas disparu et les partis marginalis\u00e9s restaient profond\u00e9ment ancr\u00e9s dans leurs communaut\u00e9s. Les \u00e9lections municipales confirm\u00e8rent que la carte politique \u00e9tait sensiblement la m\u00eame qu&rsquo;avant la guerre. Face \u00e0 cette r\u00e9alit\u00e9, le nouvel axe dirigeant chercha \u00e0 simplifier le discours et r\u00e9duisit le d\u00e9bat national \u00e0 un seul point\u00a0: l&rsquo;armement du Hezbollah. Les Forces libanaises, le Parti socialiste progressiste, les ind\u00e9pendants sunnites et plusieurs d\u00e9put\u00e9s du mouvement \u00ab\u00a0Changement\u00a0\u00bb se sont ralli\u00e9s \u00e0 une campagne de d\u00e9sarmement, \u00e9ludant la question bien plus \u00e9pineuse du syst\u00e8me politique qui devait gouverner le Liban dans cette nouvelle \u00e8re. Le dossier des armes est devenu un foyer de divisions internes et le moyen le plus simple de masquer l&rsquo;absence de mod\u00e8le de gouvernance.<\/span><\/span><\/span><\/p>\n<p><span style=\"color: #000000;\"><span style=\"font-family: Arial, sans-serif;\"><span style=\"font-size: medium;\">Le Hezbollah, de son c\u00f4t\u00e9, s&rsquo;est attach\u00e9 \u00e0 limiter les d\u00e9g\u00e2ts. Il s&rsquo;est concentr\u00e9 sur le renforcement de ses capacit\u00e9s et a \u00e9vit\u00e9 les affrontements internes susceptibles de compromettre sa strat\u00e9gie \u00e0 long terme, tout en repoussant la question cruciale qui restait sans r\u00e9ponse\u00a0: quelle formule politique pourrait assurer la p\u00e9rennit\u00e9 du Liban sous une tutelle \u00e9trang\u00e8re renouvel\u00e9e\u00a0?<\/span><\/span><\/span><\/p>\n<p><span style=\"color: #000000;\"><span style=\"font-family: Arial, sans-serif;\"><span style=\"font-size: medium;\">Un an apr\u00e8s la mise sous tutelle ouverte des \u00c9tats-Unis et de l&rsquo;Arabie saoudite, le Liban demeure sans syst\u00e8me de gouvernance clair, sans plan pour rem\u00e9dier \u00e0 l&rsquo;effondrement \u00e9conomique et financier, et sans protection face \u00e0 une guerre qui continue de progresser sur son front sud. \u00c0 l&rsquo;est, le front syrien, qui reprend de plus belle, menace de replonger le Liban dans des cycles de conflit civil. Des cycles qu&rsquo;Isra\u00ebl consid\u00e8re comme essentiels \u00e0 sa guerre contre la r\u00e9sistance.<\/span><\/span><\/span><\/p>\n<p><em><strong><span style=\"color: #000000;\"><span style=\"font-family: Arial, sans-serif;\"><span style=\"font-size: medium;\">Article original en anglais sur <a href=\"https:\/\/en.al-akhbar.com\/news\/aoun-s-presidency-and-the-new-us-saudi-order-in-lebanon\">Al-Akhbar<\/a> \/ Traduction MR<\/span><\/span><\/span><\/strong><\/em><\/p>\n","protected":false},"excerpt":{"rendered":"<p>Ibrahim Al-Amine, 12 d\u00e9cembre 2025.- L\u2019accession du g\u00e9n\u00e9ral Joseph Aoun \u00e0 la pr\u00e9sidence a marqu\u00e9 le d\u00e9but officiel d\u2019une nouvelle phase de tutelle am\u00e9ricano-saoudienne sur le Liban. Il s\u2019est impos\u00e9 <a class=\"more-link\" href=\"https:\/\/ismfrance.org\/index.php\/2025\/12\/13\/la-presidence-daoun-et-le-nouvel-ordre-americano-saoudien-au-liban\/\">Lire la suite &rarr;<\/a><\/p>\n","protected":false},"author":3,"featured_media":25504,"comment_status":"closed","ping_status":"closed","sticky":false,"template":"","format":"standard","meta":{"footnotes":""},"categories":[12,2],"tags":[228,90,76],"class_list":["post-25502","post","type-post","status-publish","format-standard","has-post-thumbnail","hentry","category-analyses","category-articles","tag-axe-de-la-resistance","tag-geopolitique","tag-liban"],"yoast_head":"<!-- This site is optimized with the Yoast SEO plugin v27.2 - https:\/\/yoast.com\/product\/yoast-seo-wordpress\/ -->\n<title>La pr\u00e9sidence d\u2019Aoun et le nouvel ordre am\u00e9ricano-saoudien au Liban - International Solidarity Movement - ISM-France<\/title>\n<meta name=\"robots\" content=\"index, follow, max-snippet:-1, max-image-preview:large, max-video-preview:-1\" \/>\n<link rel=\"canonical\" href=\"https:\/\/ismfrance.org\/index.php\/2025\/12\/13\/la-presidence-daoun-et-le-nouvel-ordre-americano-saoudien-au-liban\/\" \/>\n<meta property=\"og:locale\" content=\"fr_FR\" \/>\n<meta property=\"og:type\" content=\"article\" \/>\n<meta property=\"og:title\" content=\"La pr\u00e9sidence d\u2019Aoun et le nouvel ordre am\u00e9ricano-saoudien au Liban - International Solidarity Movement - ISM-France\" \/>\n<meta property=\"og:description\" content=\"Ibrahim Al-Amine, 12 d\u00e9cembre 2025.- L\u2019accession du g\u00e9n\u00e9ral Joseph Aoun \u00e0 la pr\u00e9sidence a marqu\u00e9 le d\u00e9but officiel d\u2019une nouvelle phase de tutelle am\u00e9ricano-saoudienne sur le Liban. Il s\u2019est impos\u00e9 Lire la suite &rarr;\" \/>\n<meta property=\"og:url\" content=\"https:\/\/ismfrance.org\/index.php\/2025\/12\/13\/la-presidence-daoun-et-le-nouvel-ordre-americano-saoudien-au-liban\/\" \/>\n<meta property=\"og:site_name\" content=\"International Solidarity Movement - ISM-France\" \/>\n<meta property=\"article:published_time\" content=\"2025-12-13T08:29:37+00:00\" \/>\n<meta property=\"og:image\" content=\"https:\/\/ismfrance.org\/wp-content\/uploads\/2025\/12\/sud-liban.jpg\" \/>\n\t<meta property=\"og:image:width\" content=\"1280\" \/>\n\t<meta property=\"og:image:height\" content=\"720\" \/>\n\t<meta property=\"og:image:type\" content=\"image\/jpeg\" \/>\n<meta name=\"author\" content=\"mru_01\" \/>\n<meta name=\"twitter:card\" content=\"summary_large_image\" \/>\n<meta name=\"twitter:creator\" content=\"@ISMFRANCE\" \/>\n<meta name=\"twitter:site\" content=\"@ISMFRANCE\" \/>\n<meta name=\"twitter:label1\" content=\"\u00c9crit par\" \/>\n\t<meta name=\"twitter:data1\" content=\"mru_01\" \/>\n\t<meta name=\"twitter:label2\" content=\"Dur\u00e9e de lecture estim\u00e9e\" \/>\n\t<meta name=\"twitter:data2\" content=\"6 minutes\" \/>\n<script type=\"application\/ld+json\" class=\"yoast-schema-graph\">{\"@context\":\"https:\/\/schema.org\",\"@graph\":[{\"@type\":\"Article\",\"@id\":\"https:\/\/ismfrance.org\/index.php\/2025\/12\/13\/la-presidence-daoun-et-le-nouvel-ordre-americano-saoudien-au-liban\/#article\",\"isPartOf\":{\"@id\":\"https:\/\/ismfrance.org\/index.php\/2025\/12\/13\/la-presidence-daoun-et-le-nouvel-ordre-americano-saoudien-au-liban\/\"},\"author\":{\"name\":\"mru_01\",\"@id\":\"https:\/\/ismfrance.org\/#\/schema\/person\/3c411eb72adfaae19c0dca1f41fae01d\"},\"headline\":\"La pr\u00e9sidence d\u2019Aoun et le nouvel ordre am\u00e9ricano-saoudien au Liban\",\"datePublished\":\"2025-12-13T08:29:37+00:00\",\"mainEntityOfPage\":{\"@id\":\"https:\/\/ismfrance.org\/index.php\/2025\/12\/13\/la-presidence-daoun-et-le-nouvel-ordre-americano-saoudien-au-liban\/\"},\"wordCount\":1166,\"publisher\":{\"@id\":\"https:\/\/ismfrance.org\/#organization\"},\"image\":{\"@id\":\"https:\/\/ismfrance.org\/index.php\/2025\/12\/13\/la-presidence-daoun-et-le-nouvel-ordre-americano-saoudien-au-liban\/#primaryimage\"},\"thumbnailUrl\":\"https:\/\/ismfrance.org\/wp-content\/uploads\/2025\/12\/sud-liban.jpg\",\"keywords\":[\"Axe de la R\u00e9sistance\",\"G\u00e9opolitique\",\"Liban\"],\"articleSection\":[\"Analyses\",\"Articles\"],\"inLanguage\":\"fr-FR\"},{\"@type\":\"WebPage\",\"@id\":\"https:\/\/ismfrance.org\/index.php\/2025\/12\/13\/la-presidence-daoun-et-le-nouvel-ordre-americano-saoudien-au-liban\/\",\"url\":\"https:\/\/ismfrance.org\/index.php\/2025\/12\/13\/la-presidence-daoun-et-le-nouvel-ordre-americano-saoudien-au-liban\/\",\"name\":\"La pr\u00e9sidence d\u2019Aoun et le nouvel ordre am\u00e9ricano-saoudien au Liban - International Solidarity Movement - ISM-France\",\"isPartOf\":{\"@id\":\"https:\/\/ismfrance.org\/#website\"},\"primaryImageOfPage\":{\"@id\":\"https:\/\/ismfrance.org\/index.php\/2025\/12\/13\/la-presidence-daoun-et-le-nouvel-ordre-americano-saoudien-au-liban\/#primaryimage\"},\"image\":{\"@id\":\"https:\/\/ismfrance.org\/index.php\/2025\/12\/13\/la-presidence-daoun-et-le-nouvel-ordre-americano-saoudien-au-liban\/#primaryimage\"},\"thumbnailUrl\":\"https:\/\/ismfrance.org\/wp-content\/uploads\/2025\/12\/sud-liban.jpg\",\"datePublished\":\"2025-12-13T08:29:37+00:00\",\"breadcrumb\":{\"@id\":\"https:\/\/ismfrance.org\/index.php\/2025\/12\/13\/la-presidence-daoun-et-le-nouvel-ordre-americano-saoudien-au-liban\/#breadcrumb\"},\"inLanguage\":\"fr-FR\",\"potentialAction\":[{\"@type\":\"ReadAction\",\"target\":[\"https:\/\/ismfrance.org\/index.php\/2025\/12\/13\/la-presidence-daoun-et-le-nouvel-ordre-americano-saoudien-au-liban\/\"]}]},{\"@type\":\"ImageObject\",\"inLanguage\":\"fr-FR\",\"@id\":\"https:\/\/ismfrance.org\/index.php\/2025\/12\/13\/la-presidence-daoun-et-le-nouvel-ordre-americano-saoudien-au-liban\/#primaryimage\",\"url\":\"https:\/\/ismfrance.org\/wp-content\/uploads\/2025\/12\/sud-liban.jpg\",\"contentUrl\":\"https:\/\/ismfrance.org\/wp-content\/uploads\/2025\/12\/sud-liban.jpg\",\"width\":1280,\"height\":720},{\"@type\":\"BreadcrumbList\",\"@id\":\"https:\/\/ismfrance.org\/index.php\/2025\/12\/13\/la-presidence-daoun-et-le-nouvel-ordre-americano-saoudien-au-liban\/#breadcrumb\",\"itemListElement\":[{\"@type\":\"ListItem\",\"position\":1,\"name\":\"Accueil\",\"item\":\"https:\/\/ismfrance.org\/\"},{\"@type\":\"ListItem\",\"position\":2,\"name\":\"La pr\u00e9sidence d\u2019Aoun et le nouvel ordre am\u00e9ricano-saoudien au Liban\"}]},{\"@type\":\"WebSite\",\"@id\":\"https:\/\/ismfrance.org\/#website\",\"url\":\"https:\/\/ismfrance.org\/\",\"name\":\"ISM Palestine France\",\"description\":\"Soutien aux luttes de lib\u00e9ration du peuple palestinien\",\"publisher\":{\"@id\":\"https:\/\/ismfrance.org\/#organization\"},\"potentialAction\":[{\"@type\":\"SearchAction\",\"target\":{\"@type\":\"EntryPoint\",\"urlTemplate\":\"https:\/\/ismfrance.org\/?s={search_term_string}\"},\"query-input\":{\"@type\":\"PropertyValueSpecification\",\"valueRequired\":true,\"valueName\":\"search_term_string\"}}],\"inLanguage\":\"fr-FR\"},{\"@type\":\"Organization\",\"@id\":\"https:\/\/ismfrance.org\/#organization\",\"name\":\"International Solidarity Movement\",\"url\":\"https:\/\/ismfrance.org\/\",\"logo\":{\"@type\":\"ImageObject\",\"inLanguage\":\"fr-FR\",\"@id\":\"https:\/\/ismfrance.org\/#\/schema\/logo\/image\/\",\"url\":\"https:\/\/ismfrance.org\/wp-content\/uploads\/2020\/12\/00.png\",\"contentUrl\":\"https:\/\/ismfrance.org\/wp-content\/uploads\/2020\/12\/00.png\",\"width\":400,\"height\":400,\"caption\":\"International Solidarity Movement\"},\"image\":{\"@id\":\"https:\/\/ismfrance.org\/#\/schema\/logo\/image\/\"},\"sameAs\":[\"https:\/\/x.com\/ISMFRANCE\"]},{\"@type\":\"Person\",\"@id\":\"https:\/\/ismfrance.org\/#\/schema\/person\/3c411eb72adfaae19c0dca1f41fae01d\",\"name\":\"mru_01\",\"image\":{\"@type\":\"ImageObject\",\"inLanguage\":\"fr-FR\",\"@id\":\"https:\/\/secure.gravatar.com\/avatar\/3a0be343b445d2ccc79e87444a294fad2b232e90d2051d0e3cc219e1ecd6a330?s=96&d=mm&r=g\",\"url\":\"https:\/\/secure.gravatar.com\/avatar\/3a0be343b445d2ccc79e87444a294fad2b232e90d2051d0e3cc219e1ecd6a330?s=96&d=mm&r=g\",\"contentUrl\":\"https:\/\/secure.gravatar.com\/avatar\/3a0be343b445d2ccc79e87444a294fad2b232e90d2051d0e3cc219e1ecd6a330?s=96&d=mm&r=g\",\"caption\":\"mru_01\"},\"url\":\"https:\/\/ismfrance.org\/index.php\/author\/admin02\/\"}]}<\/script>\n<!-- \/ Yoast SEO plugin. -->","yoast_head_json":{"title":"La pr\u00e9sidence d\u2019Aoun et le nouvel ordre am\u00e9ricano-saoudien au Liban - International Solidarity Movement - ISM-France","robots":{"index":"index","follow":"follow","max-snippet":"max-snippet:-1","max-image-preview":"max-image-preview:large","max-video-preview":"max-video-preview:-1"},"canonical":"https:\/\/ismfrance.org\/index.php\/2025\/12\/13\/la-presidence-daoun-et-le-nouvel-ordre-americano-saoudien-au-liban\/","og_locale":"fr_FR","og_type":"article","og_title":"La pr\u00e9sidence d\u2019Aoun et le nouvel ordre am\u00e9ricano-saoudien au Liban - International Solidarity Movement - ISM-France","og_description":"Ibrahim Al-Amine, 12 d\u00e9cembre 2025.- L\u2019accession du g\u00e9n\u00e9ral Joseph Aoun \u00e0 la pr\u00e9sidence a marqu\u00e9 le d\u00e9but officiel d\u2019une nouvelle phase de tutelle am\u00e9ricano-saoudienne sur le Liban. Il s\u2019est impos\u00e9 Lire la suite &rarr;","og_url":"https:\/\/ismfrance.org\/index.php\/2025\/12\/13\/la-presidence-daoun-et-le-nouvel-ordre-americano-saoudien-au-liban\/","og_site_name":"International Solidarity Movement - ISM-France","article_published_time":"2025-12-13T08:29:37+00:00","og_image":[{"width":1280,"height":720,"url":"https:\/\/ismfrance.org\/wp-content\/uploads\/2025\/12\/sud-liban.jpg","type":"image\/jpeg"}],"author":"mru_01","twitter_card":"summary_large_image","twitter_creator":"@ISMFRANCE","twitter_site":"@ISMFRANCE","twitter_misc":{"\u00c9crit par":"mru_01","Dur\u00e9e de lecture estim\u00e9e":"6 minutes"},"schema":{"@context":"https:\/\/schema.org","@graph":[{"@type":"Article","@id":"https:\/\/ismfrance.org\/index.php\/2025\/12\/13\/la-presidence-daoun-et-le-nouvel-ordre-americano-saoudien-au-liban\/#article","isPartOf":{"@id":"https:\/\/ismfrance.org\/index.php\/2025\/12\/13\/la-presidence-daoun-et-le-nouvel-ordre-americano-saoudien-au-liban\/"},"author":{"name":"mru_01","@id":"https:\/\/ismfrance.org\/#\/schema\/person\/3c411eb72adfaae19c0dca1f41fae01d"},"headline":"La pr\u00e9sidence d\u2019Aoun et le nouvel ordre am\u00e9ricano-saoudien au Liban","datePublished":"2025-12-13T08:29:37+00:00","mainEntityOfPage":{"@id":"https:\/\/ismfrance.org\/index.php\/2025\/12\/13\/la-presidence-daoun-et-le-nouvel-ordre-americano-saoudien-au-liban\/"},"wordCount":1166,"publisher":{"@id":"https:\/\/ismfrance.org\/#organization"},"image":{"@id":"https:\/\/ismfrance.org\/index.php\/2025\/12\/13\/la-presidence-daoun-et-le-nouvel-ordre-americano-saoudien-au-liban\/#primaryimage"},"thumbnailUrl":"https:\/\/ismfrance.org\/wp-content\/uploads\/2025\/12\/sud-liban.jpg","keywords":["Axe de la R\u00e9sistance","G\u00e9opolitique","Liban"],"articleSection":["Analyses","Articles"],"inLanguage":"fr-FR"},{"@type":"WebPage","@id":"https:\/\/ismfrance.org\/index.php\/2025\/12\/13\/la-presidence-daoun-et-le-nouvel-ordre-americano-saoudien-au-liban\/","url":"https:\/\/ismfrance.org\/index.php\/2025\/12\/13\/la-presidence-daoun-et-le-nouvel-ordre-americano-saoudien-au-liban\/","name":"La pr\u00e9sidence d\u2019Aoun et le nouvel ordre am\u00e9ricano-saoudien au Liban - International Solidarity Movement - ISM-France","isPartOf":{"@id":"https:\/\/ismfrance.org\/#website"},"primaryImageOfPage":{"@id":"https:\/\/ismfrance.org\/index.php\/2025\/12\/13\/la-presidence-daoun-et-le-nouvel-ordre-americano-saoudien-au-liban\/#primaryimage"},"image":{"@id":"https:\/\/ismfrance.org\/index.php\/2025\/12\/13\/la-presidence-daoun-et-le-nouvel-ordre-americano-saoudien-au-liban\/#primaryimage"},"thumbnailUrl":"https:\/\/ismfrance.org\/wp-content\/uploads\/2025\/12\/sud-liban.jpg","datePublished":"2025-12-13T08:29:37+00:00","breadcrumb":{"@id":"https:\/\/ismfrance.org\/index.php\/2025\/12\/13\/la-presidence-daoun-et-le-nouvel-ordre-americano-saoudien-au-liban\/#breadcrumb"},"inLanguage":"fr-FR","potentialAction":[{"@type":"ReadAction","target":["https:\/\/ismfrance.org\/index.php\/2025\/12\/13\/la-presidence-daoun-et-le-nouvel-ordre-americano-saoudien-au-liban\/"]}]},{"@type":"ImageObject","inLanguage":"fr-FR","@id":"https:\/\/ismfrance.org\/index.php\/2025\/12\/13\/la-presidence-daoun-et-le-nouvel-ordre-americano-saoudien-au-liban\/#primaryimage","url":"https:\/\/ismfrance.org\/wp-content\/uploads\/2025\/12\/sud-liban.jpg","contentUrl":"https:\/\/ismfrance.org\/wp-content\/uploads\/2025\/12\/sud-liban.jpg","width":1280,"height":720},{"@type":"BreadcrumbList","@id":"https:\/\/ismfrance.org\/index.php\/2025\/12\/13\/la-presidence-daoun-et-le-nouvel-ordre-americano-saoudien-au-liban\/#breadcrumb","itemListElement":[{"@type":"ListItem","position":1,"name":"Accueil","item":"https:\/\/ismfrance.org\/"},{"@type":"ListItem","position":2,"name":"La pr\u00e9sidence d\u2019Aoun et le nouvel ordre am\u00e9ricano-saoudien au Liban"}]},{"@type":"WebSite","@id":"https:\/\/ismfrance.org\/#website","url":"https:\/\/ismfrance.org\/","name":"ISM Palestine France","description":"Soutien aux luttes de lib\u00e9ration du peuple palestinien","publisher":{"@id":"https:\/\/ismfrance.org\/#organization"},"potentialAction":[{"@type":"SearchAction","target":{"@type":"EntryPoint","urlTemplate":"https:\/\/ismfrance.org\/?s={search_term_string}"},"query-input":{"@type":"PropertyValueSpecification","valueRequired":true,"valueName":"search_term_string"}}],"inLanguage":"fr-FR"},{"@type":"Organization","@id":"https:\/\/ismfrance.org\/#organization","name":"International Solidarity Movement","url":"https:\/\/ismfrance.org\/","logo":{"@type":"ImageObject","inLanguage":"fr-FR","@id":"https:\/\/ismfrance.org\/#\/schema\/logo\/image\/","url":"https:\/\/ismfrance.org\/wp-content\/uploads\/2020\/12\/00.png","contentUrl":"https:\/\/ismfrance.org\/wp-content\/uploads\/2020\/12\/00.png","width":400,"height":400,"caption":"International Solidarity Movement"},"image":{"@id":"https:\/\/ismfrance.org\/#\/schema\/logo\/image\/"},"sameAs":["https:\/\/x.com\/ISMFRANCE"]},{"@type":"Person","@id":"https:\/\/ismfrance.org\/#\/schema\/person\/3c411eb72adfaae19c0dca1f41fae01d","name":"mru_01","image":{"@type":"ImageObject","inLanguage":"fr-FR","@id":"https:\/\/secure.gravatar.com\/avatar\/3a0be343b445d2ccc79e87444a294fad2b232e90d2051d0e3cc219e1ecd6a330?s=96&d=mm&r=g","url":"https:\/\/secure.gravatar.com\/avatar\/3a0be343b445d2ccc79e87444a294fad2b232e90d2051d0e3cc219e1ecd6a330?s=96&d=mm&r=g","contentUrl":"https:\/\/secure.gravatar.com\/avatar\/3a0be343b445d2ccc79e87444a294fad2b232e90d2051d0e3cc219e1ecd6a330?s=96&d=mm&r=g","caption":"mru_01"},"url":"https:\/\/ismfrance.org\/index.php\/author\/admin02\/"}]}},"_links":{"self":[{"href":"https:\/\/ismfrance.org\/index.php\/wp-json\/wp\/v2\/posts\/25502","targetHints":{"allow":["GET"]}}],"collection":[{"href":"https:\/\/ismfrance.org\/index.php\/wp-json\/wp\/v2\/posts"}],"about":[{"href":"https:\/\/ismfrance.org\/index.php\/wp-json\/wp\/v2\/types\/post"}],"author":[{"embeddable":true,"href":"https:\/\/ismfrance.org\/index.php\/wp-json\/wp\/v2\/users\/3"}],"replies":[{"embeddable":true,"href":"https:\/\/ismfrance.org\/index.php\/wp-json\/wp\/v2\/comments?post=25502"}],"version-history":[{"count":0,"href":"https:\/\/ismfrance.org\/index.php\/wp-json\/wp\/v2\/posts\/25502\/revisions"}],"wp:featuredmedia":[{"embeddable":true,"href":"https:\/\/ismfrance.org\/index.php\/wp-json\/wp\/v2\/media\/25504"}],"wp:attachment":[{"href":"https:\/\/ismfrance.org\/index.php\/wp-json\/wp\/v2\/media?parent=25502"}],"wp:term":[{"taxonomy":"category","embeddable":true,"href":"https:\/\/ismfrance.org\/index.php\/wp-json\/wp\/v2\/categories?post=25502"},{"taxonomy":"post_tag","embeddable":true,"href":"https:\/\/ismfrance.org\/index.php\/wp-json\/wp\/v2\/tags?post=25502"}],"curies":[{"name":"wp","href":"https:\/\/api.w.org\/{rel}","templated":true}]}}