{"id":25441,"date":"2025-12-10T13:50:29","date_gmt":"2025-12-10T12:50:29","guid":{"rendered":"https:\/\/ismfrance.org\/?p=25441"},"modified":"2025-12-10T13:50:29","modified_gmt":"2025-12-10T12:50:29","slug":"luniversite-de-birzeit-denonce-les-importants-degats-causes-par-un-raid-israelien-plus-de-150-etudiants-sont-detenus-dans-des-prisons-israeliennes","status":"publish","type":"post","link":"https:\/\/ismfrance.org\/index.php\/2025\/12\/10\/luniversite-de-birzeit-denonce-les-importants-degats-causes-par-un-raid-israelien-plus-de-150-etudiants-sont-detenus-dans-des-prisons-israeliennes\/","title":{"rendered":"L&rsquo;universit\u00e9 de Birzeit d\u00e9nonce les importants d\u00e9g\u00e2ts caus\u00e9s par un raid isra\u00e9lien ; plus de 150 \u00e9tudiants sont d\u00e9tenus dans des prisons isra\u00e9liennes"},"content":{"rendered":"<p><span style=\"color: #000000;\"><span style=\"font-family: Arial, sans-serif;\"><span style=\"font-size: medium;\"><strong>Middle East Monitor, 10 d\u00e9cembre 2025.<\/strong> L&rsquo;universit\u00e9 de Birzeit a d\u00e9clar\u00e9 mardi que les forces isra\u00e9liennes ont men\u00e9 un raid de grande envergure sur son campus en Cisjordanie occup\u00e9e (*), causant d&rsquo;importants d\u00e9g\u00e2ts aux b\u00e2timents et installations universitaires. Le conseil de l&rsquo;universit\u00e9 a qualifi\u00e9 cette incursion d&rsquo;acte relevant d&rsquo;une \u00ab politique syst\u00e9matique \u00bb ciblant l&rsquo;\u00e9ducation palestinienne, en violation des conventions internationales interdisant les attaques contre les institutions acad\u00e9miques.<\/span><\/span><\/span><\/p>\n<div id=\"attachment_25444\" style=\"width: 610px\" class=\"wp-caption alignnone\"><a href=\"https:\/\/ismfrance.org\/wp-content\/uploads\/2025\/12\/saccage-univ.jpg\"><img loading=\"lazy\" decoding=\"async\" aria-describedby=\"caption-attachment-25444\" class=\"wp-image-25444 size-large\" src=\"https:\/\/ismfrance.org\/wp-content\/uploads\/2025\/12\/saccage-univ-700x700.jpg\" alt=\"\" width=\"600\" height=\"600\" srcset=\"https:\/\/ismfrance.org\/wp-content\/uploads\/2025\/12\/saccage-univ-700x700.jpg 700w, https:\/\/ismfrance.org\/wp-content\/uploads\/2025\/12\/saccage-univ-300x300.jpg 300w, https:\/\/ismfrance.org\/wp-content\/uploads\/2025\/12\/saccage-univ-150x150.jpg 150w, https:\/\/ismfrance.org\/wp-content\/uploads\/2025\/12\/saccage-univ-768x768.jpg 768w, https:\/\/ismfrance.org\/wp-content\/uploads\/2025\/12\/saccage-univ-1536x1536.jpg 1536w, https:\/\/ismfrance.org\/wp-content\/uploads\/2025\/12\/saccage-univ-144x144.jpg 144w, https:\/\/ismfrance.org\/wp-content\/uploads\/2025\/12\/saccage-univ-1320x1320.jpg 1320w, https:\/\/ismfrance.org\/wp-content\/uploads\/2025\/12\/saccage-univ.jpg 1920w\" sizes=\"auto, (max-width: 600px) 100vw, 600px\" \/><\/a><p id=\"caption-attachment-25444\" class=\"wp-caption-text\"><em><strong>Les photos du saccage sur le compte X de <span class=\"css-1jxf684 r-dnmrzs r-1udh08x r-1udbk01 r-3s2u2q r-bcqeeo r-1ttztb7 r-qvutc0 r-poiln3\"><span class=\"css-1jxf684 r-bcqeeo r-1ttztb7 r-qvutc0 r-poiln3\"><a href=\"https:\/\/x.com\/ZubeidiMohammad\/status\/1998336965008080966\">Mohammad Al-Zubeidi<\/a>.<\/span><\/span><\/strong><\/em><\/p><\/div>\n<p><span style=\"color: #000000;\"><span style=\"font-family: Arial, sans-serif;\"><span style=\"font-size: medium;\">Dans son communiqu\u00e9, le conseil a rapport\u00e9 que des soldats isra\u00e9liens ont pris d&rsquo;assaut l&rsquo;universit\u00e9 \u00e0 l&rsquo;aube, arr\u00eatant et menottant des membres du personnel de s\u00e9curit\u00e9 du campus avant de saccager plusieurs b\u00e2timents. Des d\u00e9g\u00e2ts consid\u00e9rables ont \u00e9t\u00e9 inflig\u00e9s au mat\u00e9riel, aux bureaux et aux infrastructures du campus.<\/span><\/span><\/span><\/p>\n<p><span style=\"color: #000000;\"><span style=\"font-family: Arial, sans-serif;\"><span style=\"font-size: medium;\">L&rsquo;universit\u00e9 a soulign\u00e9 que cette attaque n&rsquo;est pas un incident isol\u00e9, mais qu&rsquo;il s&rsquo;inscrit dans une longue s\u00e9rie d&rsquo;agressions isra\u00e9liennes contre l&rsquo;enseignement sup\u00e9rieur en Palestine. Elle a not\u00e9 que plus de 150 \u00e9tudiants de l&rsquo;universit\u00e9 de Birzeit sont actuellement d\u00e9tenus dans des prisons isra\u00e9liennes, tandis que le campus continue de subir des raids militaires r\u00e9p\u00e9t\u00e9s \u2013 le plus r\u00e9cent avant celui d&rsquo;aujourd&rsquo;hui ayant eu lieu le 22 septembre.<\/span><\/span><\/span><\/p>\n<p><span style=\"color: #000000;\"><span style=\"font-family: Arial, sans-serif;\"><span style=\"font-size: medium;\">Selon le conseil, l&rsquo;attaque d&rsquo;aujourd&rsquo;hui est le vingt-cinqui\u00e8me raid isra\u00e9lien contre l&rsquo;universit\u00e9 de Birzeit depuis 2002, t\u00e9moignant d&rsquo;une escalade continue des attaques contre les \u00e9tablissements d&rsquo;enseignement dans les territoires occup\u00e9s.<\/span><\/span><\/span><\/p>\n<p><span style=\"color: #000000;\"><span style=\"font-family: Arial, sans-serif;\"><span style=\"font-size: medium;\">Ce raid intervient dans un contexte d&rsquo;intensification des op\u00e9rations isra\u00e9liennes en Cisjordanie, o\u00f9 les campus universitaires, les \u00e9coles et les infrastructures civiles sont de plus en plus souvent pris pour cible lors des incursions militaires.<\/span><\/span><\/span><\/p>\n<p><span style=\"color: #000000;\"><span style=\"font-family: Arial, sans-serif;\"><span style=\"font-size: medium;\">Article original en anglais sur <a href=\"https:\/\/www.middleeastmonitor.com\/20251210-birzeit-university-slams-extensive-damage-after-israeli-raid-more-than-150-students-held-in-israeli-prisons\/\">Middle East Monitor<\/a> \/ Traduction MR<\/span><\/span><\/span><\/p>\n<hr \/>\n<p><span style=\"color: #ff0000;\"><em><strong><span style=\"font-family: Arial, sans-serif;\"><span style=\"font-size: medium;\">Note ISM-France : Simultan\u00e9ment, les forces d&rsquo;occupation ont attaqu\u00e9 l&rsquo;Universit\u00e9 Al-Quds \u00e0 Ramallah.<\/span><\/span><\/strong><\/em><\/span><\/p>\n","protected":false},"excerpt":{"rendered":"<p>Middle East Monitor, 10 d\u00e9cembre 2025. L&rsquo;universit\u00e9 de Birzeit a d\u00e9clar\u00e9 mardi que les forces isra\u00e9liennes ont men\u00e9 un raid de grande envergure sur son campus en Cisjordanie occup\u00e9e (*), <a class=\"more-link\" href=\"https:\/\/ismfrance.org\/index.php\/2025\/12\/10\/luniversite-de-birzeit-denonce-les-importants-degats-causes-par-un-raid-israelien-plus-de-150-etudiants-sont-detenus-dans-des-prisons-israeliennes\/\">Lire la suite &rarr;<\/a><\/p>\n","protected":false},"author":3,"featured_media":25444,"comment_status":"closed","ping_status":"closed","sticky":false,"template":"","format":"standard","meta":{"footnotes":""},"categories":[12,2],"tags":[194],"class_list":["post-25441","post","type-post","status-publish","format-standard","has-post-thumbnail","hentry","category-analyses","category-articles","tag-etudiants"],"yoast_head":"<!-- This site is optimized with the Yoast SEO plugin v27.2 - https:\/\/yoast.com\/product\/yoast-seo-wordpress\/ -->\n<title>L&#039;universit\u00e9 de Birzeit d\u00e9nonce les importants d\u00e9g\u00e2ts caus\u00e9s par un raid isra\u00e9lien ; plus de 150 \u00e9tudiants sont d\u00e9tenus dans des prisons isra\u00e9liennes - International Solidarity Movement - ISM-France<\/title>\n<meta name=\"robots\" content=\"index, follow, max-snippet:-1, max-image-preview:large, max-video-preview:-1\" \/>\n<link rel=\"canonical\" href=\"https:\/\/ismfrance.org\/index.php\/2025\/12\/10\/luniversite-de-birzeit-denonce-les-importants-degats-causes-par-un-raid-israelien-plus-de-150-etudiants-sont-detenus-dans-des-prisons-israeliennes\/\" \/>\n<meta property=\"og:locale\" content=\"fr_FR\" \/>\n<meta property=\"og:type\" content=\"article\" \/>\n<meta property=\"og:title\" content=\"L&#039;universit\u00e9 de Birzeit d\u00e9nonce les importants d\u00e9g\u00e2ts caus\u00e9s par un raid isra\u00e9lien ; plus de 150 \u00e9tudiants sont d\u00e9tenus dans des prisons isra\u00e9liennes - International Solidarity Movement - ISM-France\" \/>\n<meta property=\"og:description\" content=\"Middle East Monitor, 10 d\u00e9cembre 2025. L&rsquo;universit\u00e9 de Birzeit a d\u00e9clar\u00e9 mardi que les forces isra\u00e9liennes ont men\u00e9 un raid de grande envergure sur son campus en Cisjordanie occup\u00e9e (*), Lire la suite &rarr;\" \/>\n<meta property=\"og:url\" content=\"https:\/\/ismfrance.org\/index.php\/2025\/12\/10\/luniversite-de-birzeit-denonce-les-importants-degats-causes-par-un-raid-israelien-plus-de-150-etudiants-sont-detenus-dans-des-prisons-israeliennes\/\" \/>\n<meta property=\"og:site_name\" content=\"International Solidarity Movement - ISM-France\" \/>\n<meta property=\"article:published_time\" content=\"2025-12-10T12:50:29+00:00\" \/>\n<meta property=\"og:image\" content=\"https:\/\/ismfrance.org\/wp-content\/uploads\/2025\/12\/saccage-univ.jpg\" \/>\n\t<meta property=\"og:image:width\" content=\"1920\" \/>\n\t<meta property=\"og:image:height\" content=\"1920\" \/>\n\t<meta property=\"og:image:type\" content=\"image\/jpeg\" \/>\n<meta name=\"author\" content=\"mru_01\" \/>\n<meta name=\"twitter:card\" content=\"summary_large_image\" \/>\n<meta name=\"twitter:creator\" content=\"@ISMFRANCE\" \/>\n<meta name=\"twitter:site\" content=\"@ISMFRANCE\" \/>\n<meta name=\"twitter:label1\" content=\"\u00c9crit par\" \/>\n\t<meta name=\"twitter:data1\" content=\"mru_01\" \/>\n\t<meta name=\"twitter:label2\" content=\"Dur\u00e9e de lecture estim\u00e9e\" \/>\n\t<meta name=\"twitter:data2\" content=\"2 minutes\" \/>\n<script type=\"application\/ld+json\" class=\"yoast-schema-graph\">{\"@context\":\"https:\/\/schema.org\",\"@graph\":[{\"@type\":\"Article\",\"@id\":\"https:\/\/ismfrance.org\/index.php\/2025\/12\/10\/luniversite-de-birzeit-denonce-les-importants-degats-causes-par-un-raid-israelien-plus-de-150-etudiants-sont-detenus-dans-des-prisons-israeliennes\/#article\",\"isPartOf\":{\"@id\":\"https:\/\/ismfrance.org\/index.php\/2025\/12\/10\/luniversite-de-birzeit-denonce-les-importants-degats-causes-par-un-raid-israelien-plus-de-150-etudiants-sont-detenus-dans-des-prisons-israeliennes\/\"},\"author\":{\"name\":\"mru_01\",\"@id\":\"https:\/\/ismfrance.org\/#\/schema\/person\/3c411eb72adfaae19c0dca1f41fae01d\"},\"headline\":\"L&rsquo;universit\u00e9 de Birzeit d\u00e9nonce les importants d\u00e9g\u00e2ts caus\u00e9s par un raid isra\u00e9lien ; plus de 150 \u00e9tudiants sont d\u00e9tenus dans des prisons isra\u00e9liennes\",\"datePublished\":\"2025-12-10T12:50:29+00:00\",\"mainEntityOfPage\":{\"@id\":\"https:\/\/ismfrance.org\/index.php\/2025\/12\/10\/luniversite-de-birzeit-denonce-les-importants-degats-causes-par-un-raid-israelien-plus-de-150-etudiants-sont-detenus-dans-des-prisons-israeliennes\/\"},\"wordCount\":368,\"publisher\":{\"@id\":\"https:\/\/ismfrance.org\/#organization\"},\"image\":{\"@id\":\"https:\/\/ismfrance.org\/index.php\/2025\/12\/10\/luniversite-de-birzeit-denonce-les-importants-degats-causes-par-un-raid-israelien-plus-de-150-etudiants-sont-detenus-dans-des-prisons-israeliennes\/#primaryimage\"},\"thumbnailUrl\":\"https:\/\/ismfrance.org\/wp-content\/uploads\/2025\/12\/saccage-univ.jpg\",\"keywords\":[\"Etudiants\"],\"articleSection\":[\"Analyses\",\"Articles\"],\"inLanguage\":\"fr-FR\"},{\"@type\":\"WebPage\",\"@id\":\"https:\/\/ismfrance.org\/index.php\/2025\/12\/10\/luniversite-de-birzeit-denonce-les-importants-degats-causes-par-un-raid-israelien-plus-de-150-etudiants-sont-detenus-dans-des-prisons-israeliennes\/\",\"url\":\"https:\/\/ismfrance.org\/index.php\/2025\/12\/10\/luniversite-de-birzeit-denonce-les-importants-degats-causes-par-un-raid-israelien-plus-de-150-etudiants-sont-detenus-dans-des-prisons-israeliennes\/\",\"name\":\"L'universit\u00e9 de Birzeit d\u00e9nonce les importants d\u00e9g\u00e2ts caus\u00e9s par un raid isra\u00e9lien ; plus de 150 \u00e9tudiants sont d\u00e9tenus dans des prisons isra\u00e9liennes - International Solidarity Movement - ISM-France\",\"isPartOf\":{\"@id\":\"https:\/\/ismfrance.org\/#website\"},\"primaryImageOfPage\":{\"@id\":\"https:\/\/ismfrance.org\/index.php\/2025\/12\/10\/luniversite-de-birzeit-denonce-les-importants-degats-causes-par-un-raid-israelien-plus-de-150-etudiants-sont-detenus-dans-des-prisons-israeliennes\/#primaryimage\"},\"image\":{\"@id\":\"https:\/\/ismfrance.org\/index.php\/2025\/12\/10\/luniversite-de-birzeit-denonce-les-importants-degats-causes-par-un-raid-israelien-plus-de-150-etudiants-sont-detenus-dans-des-prisons-israeliennes\/#primaryimage\"},\"thumbnailUrl\":\"https:\/\/ismfrance.org\/wp-content\/uploads\/2025\/12\/saccage-univ.jpg\",\"datePublished\":\"2025-12-10T12:50:29+00:00\",\"breadcrumb\":{\"@id\":\"https:\/\/ismfrance.org\/index.php\/2025\/12\/10\/luniversite-de-birzeit-denonce-les-importants-degats-causes-par-un-raid-israelien-plus-de-150-etudiants-sont-detenus-dans-des-prisons-israeliennes\/#breadcrumb\"},\"inLanguage\":\"fr-FR\",\"potentialAction\":[{\"@type\":\"ReadAction\",\"target\":[\"https:\/\/ismfrance.org\/index.php\/2025\/12\/10\/luniversite-de-birzeit-denonce-les-importants-degats-causes-par-un-raid-israelien-plus-de-150-etudiants-sont-detenus-dans-des-prisons-israeliennes\/\"]}]},{\"@type\":\"ImageObject\",\"inLanguage\":\"fr-FR\",\"@id\":\"https:\/\/ismfrance.org\/index.php\/2025\/12\/10\/luniversite-de-birzeit-denonce-les-importants-degats-causes-par-un-raid-israelien-plus-de-150-etudiants-sont-detenus-dans-des-prisons-israeliennes\/#primaryimage\",\"url\":\"https:\/\/ismfrance.org\/wp-content\/uploads\/2025\/12\/saccage-univ.jpg\",\"contentUrl\":\"https:\/\/ismfrance.org\/wp-content\/uploads\/2025\/12\/saccage-univ.jpg\",\"width\":1920,\"height\":1920},{\"@type\":\"BreadcrumbList\",\"@id\":\"https:\/\/ismfrance.org\/index.php\/2025\/12\/10\/luniversite-de-birzeit-denonce-les-importants-degats-causes-par-un-raid-israelien-plus-de-150-etudiants-sont-detenus-dans-des-prisons-israeliennes\/#breadcrumb\",\"itemListElement\":[{\"@type\":\"ListItem\",\"position\":1,\"name\":\"Accueil\",\"item\":\"https:\/\/ismfrance.org\/\"},{\"@type\":\"ListItem\",\"position\":2,\"name\":\"L&rsquo;universit\u00e9 de Birzeit d\u00e9nonce les importants d\u00e9g\u00e2ts caus\u00e9s par un raid isra\u00e9lien ; plus de 150 \u00e9tudiants sont d\u00e9tenus dans des prisons isra\u00e9liennes\"}]},{\"@type\":\"WebSite\",\"@id\":\"https:\/\/ismfrance.org\/#website\",\"url\":\"https:\/\/ismfrance.org\/\",\"name\":\"ISM Palestine France\",\"description\":\"Soutien aux luttes de lib\u00e9ration du peuple palestinien\",\"publisher\":{\"@id\":\"https:\/\/ismfrance.org\/#organization\"},\"potentialAction\":[{\"@type\":\"SearchAction\",\"target\":{\"@type\":\"EntryPoint\",\"urlTemplate\":\"https:\/\/ismfrance.org\/?s={search_term_string}\"},\"query-input\":{\"@type\":\"PropertyValueSpecification\",\"valueRequired\":true,\"valueName\":\"search_term_string\"}}],\"inLanguage\":\"fr-FR\"},{\"@type\":\"Organization\",\"@id\":\"https:\/\/ismfrance.org\/#organization\",\"name\":\"International Solidarity Movement\",\"url\":\"https:\/\/ismfrance.org\/\",\"logo\":{\"@type\":\"ImageObject\",\"inLanguage\":\"fr-FR\",\"@id\":\"https:\/\/ismfrance.org\/#\/schema\/logo\/image\/\",\"url\":\"https:\/\/ismfrance.org\/wp-content\/uploads\/2020\/12\/00.png\",\"contentUrl\":\"https:\/\/ismfrance.org\/wp-content\/uploads\/2020\/12\/00.png\",\"width\":400,\"height\":400,\"caption\":\"International Solidarity Movement\"},\"image\":{\"@id\":\"https:\/\/ismfrance.org\/#\/schema\/logo\/image\/\"},\"sameAs\":[\"https:\/\/x.com\/ISMFRANCE\"]},{\"@type\":\"Person\",\"@id\":\"https:\/\/ismfrance.org\/#\/schema\/person\/3c411eb72adfaae19c0dca1f41fae01d\",\"name\":\"mru_01\",\"image\":{\"@type\":\"ImageObject\",\"inLanguage\":\"fr-FR\",\"@id\":\"https:\/\/secure.gravatar.com\/avatar\/3a0be343b445d2ccc79e87444a294fad2b232e90d2051d0e3cc219e1ecd6a330?s=96&d=mm&r=g\",\"url\":\"https:\/\/secure.gravatar.com\/avatar\/3a0be343b445d2ccc79e87444a294fad2b232e90d2051d0e3cc219e1ecd6a330?s=96&d=mm&r=g\",\"contentUrl\":\"https:\/\/secure.gravatar.com\/avatar\/3a0be343b445d2ccc79e87444a294fad2b232e90d2051d0e3cc219e1ecd6a330?s=96&d=mm&r=g\",\"caption\":\"mru_01\"},\"url\":\"https:\/\/ismfrance.org\/index.php\/author\/admin02\/\"}]}<\/script>\n<!-- \/ Yoast SEO plugin. -->","yoast_head_json":{"title":"L'universit\u00e9 de Birzeit d\u00e9nonce les importants d\u00e9g\u00e2ts caus\u00e9s par un raid isra\u00e9lien ; plus de 150 \u00e9tudiants sont d\u00e9tenus dans des prisons isra\u00e9liennes - International Solidarity Movement - ISM-France","robots":{"index":"index","follow":"follow","max-snippet":"max-snippet:-1","max-image-preview":"max-image-preview:large","max-video-preview":"max-video-preview:-1"},"canonical":"https:\/\/ismfrance.org\/index.php\/2025\/12\/10\/luniversite-de-birzeit-denonce-les-importants-degats-causes-par-un-raid-israelien-plus-de-150-etudiants-sont-detenus-dans-des-prisons-israeliennes\/","og_locale":"fr_FR","og_type":"article","og_title":"L'universit\u00e9 de Birzeit d\u00e9nonce les importants d\u00e9g\u00e2ts caus\u00e9s par un raid isra\u00e9lien ; plus de 150 \u00e9tudiants sont d\u00e9tenus dans des prisons isra\u00e9liennes - International Solidarity Movement - ISM-France","og_description":"Middle East Monitor, 10 d\u00e9cembre 2025. L&rsquo;universit\u00e9 de Birzeit a d\u00e9clar\u00e9 mardi que les forces isra\u00e9liennes ont men\u00e9 un raid de grande envergure sur son campus en Cisjordanie occup\u00e9e (*), Lire la suite &rarr;","og_url":"https:\/\/ismfrance.org\/index.php\/2025\/12\/10\/luniversite-de-birzeit-denonce-les-importants-degats-causes-par-un-raid-israelien-plus-de-150-etudiants-sont-detenus-dans-des-prisons-israeliennes\/","og_site_name":"International Solidarity Movement - ISM-France","article_published_time":"2025-12-10T12:50:29+00:00","og_image":[{"width":1920,"height":1920,"url":"https:\/\/ismfrance.org\/wp-content\/uploads\/2025\/12\/saccage-univ.jpg","type":"image\/jpeg"}],"author":"mru_01","twitter_card":"summary_large_image","twitter_creator":"@ISMFRANCE","twitter_site":"@ISMFRANCE","twitter_misc":{"\u00c9crit par":"mru_01","Dur\u00e9e de lecture estim\u00e9e":"2 minutes"},"schema":{"@context":"https:\/\/schema.org","@graph":[{"@type":"Article","@id":"https:\/\/ismfrance.org\/index.php\/2025\/12\/10\/luniversite-de-birzeit-denonce-les-importants-degats-causes-par-un-raid-israelien-plus-de-150-etudiants-sont-detenus-dans-des-prisons-israeliennes\/#article","isPartOf":{"@id":"https:\/\/ismfrance.org\/index.php\/2025\/12\/10\/luniversite-de-birzeit-denonce-les-importants-degats-causes-par-un-raid-israelien-plus-de-150-etudiants-sont-detenus-dans-des-prisons-israeliennes\/"},"author":{"name":"mru_01","@id":"https:\/\/ismfrance.org\/#\/schema\/person\/3c411eb72adfaae19c0dca1f41fae01d"},"headline":"L&rsquo;universit\u00e9 de Birzeit d\u00e9nonce les importants d\u00e9g\u00e2ts caus\u00e9s par un raid isra\u00e9lien ; plus de 150 \u00e9tudiants sont d\u00e9tenus dans des prisons isra\u00e9liennes","datePublished":"2025-12-10T12:50:29+00:00","mainEntityOfPage":{"@id":"https:\/\/ismfrance.org\/index.php\/2025\/12\/10\/luniversite-de-birzeit-denonce-les-importants-degats-causes-par-un-raid-israelien-plus-de-150-etudiants-sont-detenus-dans-des-prisons-israeliennes\/"},"wordCount":368,"publisher":{"@id":"https:\/\/ismfrance.org\/#organization"},"image":{"@id":"https:\/\/ismfrance.org\/index.php\/2025\/12\/10\/luniversite-de-birzeit-denonce-les-importants-degats-causes-par-un-raid-israelien-plus-de-150-etudiants-sont-detenus-dans-des-prisons-israeliennes\/#primaryimage"},"thumbnailUrl":"https:\/\/ismfrance.org\/wp-content\/uploads\/2025\/12\/saccage-univ.jpg","keywords":["Etudiants"],"articleSection":["Analyses","Articles"],"inLanguage":"fr-FR"},{"@type":"WebPage","@id":"https:\/\/ismfrance.org\/index.php\/2025\/12\/10\/luniversite-de-birzeit-denonce-les-importants-degats-causes-par-un-raid-israelien-plus-de-150-etudiants-sont-detenus-dans-des-prisons-israeliennes\/","url":"https:\/\/ismfrance.org\/index.php\/2025\/12\/10\/luniversite-de-birzeit-denonce-les-importants-degats-causes-par-un-raid-israelien-plus-de-150-etudiants-sont-detenus-dans-des-prisons-israeliennes\/","name":"L'universit\u00e9 de Birzeit d\u00e9nonce les importants d\u00e9g\u00e2ts caus\u00e9s par un raid isra\u00e9lien ; plus de 150 \u00e9tudiants sont d\u00e9tenus dans des prisons isra\u00e9liennes - International Solidarity Movement - ISM-France","isPartOf":{"@id":"https:\/\/ismfrance.org\/#website"},"primaryImageOfPage":{"@id":"https:\/\/ismfrance.org\/index.php\/2025\/12\/10\/luniversite-de-birzeit-denonce-les-importants-degats-causes-par-un-raid-israelien-plus-de-150-etudiants-sont-detenus-dans-des-prisons-israeliennes\/#primaryimage"},"image":{"@id":"https:\/\/ismfrance.org\/index.php\/2025\/12\/10\/luniversite-de-birzeit-denonce-les-importants-degats-causes-par-un-raid-israelien-plus-de-150-etudiants-sont-detenus-dans-des-prisons-israeliennes\/#primaryimage"},"thumbnailUrl":"https:\/\/ismfrance.org\/wp-content\/uploads\/2025\/12\/saccage-univ.jpg","datePublished":"2025-12-10T12:50:29+00:00","breadcrumb":{"@id":"https:\/\/ismfrance.org\/index.php\/2025\/12\/10\/luniversite-de-birzeit-denonce-les-importants-degats-causes-par-un-raid-israelien-plus-de-150-etudiants-sont-detenus-dans-des-prisons-israeliennes\/#breadcrumb"},"inLanguage":"fr-FR","potentialAction":[{"@type":"ReadAction","target":["https:\/\/ismfrance.org\/index.php\/2025\/12\/10\/luniversite-de-birzeit-denonce-les-importants-degats-causes-par-un-raid-israelien-plus-de-150-etudiants-sont-detenus-dans-des-prisons-israeliennes\/"]}]},{"@type":"ImageObject","inLanguage":"fr-FR","@id":"https:\/\/ismfrance.org\/index.php\/2025\/12\/10\/luniversite-de-birzeit-denonce-les-importants-degats-causes-par-un-raid-israelien-plus-de-150-etudiants-sont-detenus-dans-des-prisons-israeliennes\/#primaryimage","url":"https:\/\/ismfrance.org\/wp-content\/uploads\/2025\/12\/saccage-univ.jpg","contentUrl":"https:\/\/ismfrance.org\/wp-content\/uploads\/2025\/12\/saccage-univ.jpg","width":1920,"height":1920},{"@type":"BreadcrumbList","@id":"https:\/\/ismfrance.org\/index.php\/2025\/12\/10\/luniversite-de-birzeit-denonce-les-importants-degats-causes-par-un-raid-israelien-plus-de-150-etudiants-sont-detenus-dans-des-prisons-israeliennes\/#breadcrumb","itemListElement":[{"@type":"ListItem","position":1,"name":"Accueil","item":"https:\/\/ismfrance.org\/"},{"@type":"ListItem","position":2,"name":"L&rsquo;universit\u00e9 de Birzeit d\u00e9nonce les importants d\u00e9g\u00e2ts caus\u00e9s par un raid isra\u00e9lien ; plus de 150 \u00e9tudiants sont d\u00e9tenus dans des prisons isra\u00e9liennes"}]},{"@type":"WebSite","@id":"https:\/\/ismfrance.org\/#website","url":"https:\/\/ismfrance.org\/","name":"ISM Palestine France","description":"Soutien aux luttes de lib\u00e9ration du peuple palestinien","publisher":{"@id":"https:\/\/ismfrance.org\/#organization"},"potentialAction":[{"@type":"SearchAction","target":{"@type":"EntryPoint","urlTemplate":"https:\/\/ismfrance.org\/?s={search_term_string}"},"query-input":{"@type":"PropertyValueSpecification","valueRequired":true,"valueName":"search_term_string"}}],"inLanguage":"fr-FR"},{"@type":"Organization","@id":"https:\/\/ismfrance.org\/#organization","name":"International Solidarity Movement","url":"https:\/\/ismfrance.org\/","logo":{"@type":"ImageObject","inLanguage":"fr-FR","@id":"https:\/\/ismfrance.org\/#\/schema\/logo\/image\/","url":"https:\/\/ismfrance.org\/wp-content\/uploads\/2020\/12\/00.png","contentUrl":"https:\/\/ismfrance.org\/wp-content\/uploads\/2020\/12\/00.png","width":400,"height":400,"caption":"International Solidarity Movement"},"image":{"@id":"https:\/\/ismfrance.org\/#\/schema\/logo\/image\/"},"sameAs":["https:\/\/x.com\/ISMFRANCE"]},{"@type":"Person","@id":"https:\/\/ismfrance.org\/#\/schema\/person\/3c411eb72adfaae19c0dca1f41fae01d","name":"mru_01","image":{"@type":"ImageObject","inLanguage":"fr-FR","@id":"https:\/\/secure.gravatar.com\/avatar\/3a0be343b445d2ccc79e87444a294fad2b232e90d2051d0e3cc219e1ecd6a330?s=96&d=mm&r=g","url":"https:\/\/secure.gravatar.com\/avatar\/3a0be343b445d2ccc79e87444a294fad2b232e90d2051d0e3cc219e1ecd6a330?s=96&d=mm&r=g","contentUrl":"https:\/\/secure.gravatar.com\/avatar\/3a0be343b445d2ccc79e87444a294fad2b232e90d2051d0e3cc219e1ecd6a330?s=96&d=mm&r=g","caption":"mru_01"},"url":"https:\/\/ismfrance.org\/index.php\/author\/admin02\/"}]}},"_links":{"self":[{"href":"https:\/\/ismfrance.org\/index.php\/wp-json\/wp\/v2\/posts\/25441","targetHints":{"allow":["GET"]}}],"collection":[{"href":"https:\/\/ismfrance.org\/index.php\/wp-json\/wp\/v2\/posts"}],"about":[{"href":"https:\/\/ismfrance.org\/index.php\/wp-json\/wp\/v2\/types\/post"}],"author":[{"embeddable":true,"href":"https:\/\/ismfrance.org\/index.php\/wp-json\/wp\/v2\/users\/3"}],"replies":[{"embeddable":true,"href":"https:\/\/ismfrance.org\/index.php\/wp-json\/wp\/v2\/comments?post=25441"}],"version-history":[{"count":0,"href":"https:\/\/ismfrance.org\/index.php\/wp-json\/wp\/v2\/posts\/25441\/revisions"}],"wp:featuredmedia":[{"embeddable":true,"href":"https:\/\/ismfrance.org\/index.php\/wp-json\/wp\/v2\/media\/25444"}],"wp:attachment":[{"href":"https:\/\/ismfrance.org\/index.php\/wp-json\/wp\/v2\/media?parent=25441"}],"wp:term":[{"taxonomy":"category","embeddable":true,"href":"https:\/\/ismfrance.org\/index.php\/wp-json\/wp\/v2\/categories?post=25441"},{"taxonomy":"post_tag","embeddable":true,"href":"https:\/\/ismfrance.org\/index.php\/wp-json\/wp\/v2\/tags?post=25441"}],"curies":[{"name":"wp","href":"https:\/\/api.w.org\/{rel}","templated":true}]}}