{"id":25426,"date":"2025-12-10T10:12:27","date_gmt":"2025-12-10T09:12:27","guid":{"rendered":"https:\/\/ismfrance.org\/?p=25426"},"modified":"2025-12-10T10:15:06","modified_gmt":"2025-12-10T09:15:06","slug":"temoignages-de-gazaouis-la-survie-qui-sorganise-au-jour-le-jour-dans-lenfer-de-gaza-partie-592-9-12-un-camp-dans-la-douleur-ce-quil-reste-de-la-vie","status":"publish","type":"post","link":"https:\/\/ismfrance.org\/index.php\/2025\/12\/10\/temoignages-de-gazaouis-la-survie-qui-sorganise-au-jour-le-jour-dans-lenfer-de-gaza-partie-592-9-12-un-camp-dans-la-douleur-ce-quil-reste-de-la-vie\/","title":{"rendered":"T\u00e9moignages de Gazaouis : La survie qui s\u2019organise au jour le jour dans l\u2019enfer de Gaza \u2013 partie 592 \/ 9.12 \u2013\u00a0Un camp dans la douleur : ce qu&rsquo;il reste de la vie"},"content":{"rendered":"<p align=\"LEFT\"><span style=\"color: #000000;\"><span style=\"font-family: Arial, sans-serif;\"><span style=\"font-size: medium;\"><strong>Brigitte Challande, 10 d\u00e9cembre 2025.-<\/strong> Le compte rendu de la deuxi\u00e8me initiative pour que l\u2019hiver \u00e0 Gaza se passe \u00ab\u00a0au chaud\u00a0\u00bb<\/span><\/span><\/span><span style=\"color: #000000;\"><span style=\"font-family: Arial, sans-serif;\"><span style=\"font-size: medium;\">. 9 d\u00e9cembre.<\/span><\/span><\/span><\/p>\n<p align=\"LEFT\"><span style=\"color: #000000;\"><span style=\"font-family: Arial, sans-serif;\"><span style=\"font-size: medium;\">\u00ab\u00a0M\u00eame les cauchemars les plus sombres n\u2019auraient pu imaginer ce qu\u2019a laiss\u00e9 derri\u00e8re elle cette guerre d\u00e9vastatrice qui a dur\u00e9 pr\u00e8s de deux ann\u00e9es enti\u00e8res : deux ans de feu, de cendres et d\u2019effondrement r\u00e9p\u00e9t\u00e9 du sens m\u00eame de la vie. Une guerre qui n\u2019a rien laiss\u00e9 intact ; elle a d\u00e9truit l\u2019\u00eatre humain avant la pierre, \u00e9cras\u00e9 les personnes avant les b\u00e2timents. M\u00eame les petits r\u00eaves qui habitaient la poitrine des enfants sont devenus des cendres dispers\u00e9es par le vent, et les souvenirs qui r\u00e9chauffaient les longues nuits des familles se sont \u00e9vanouis sous les d\u00e9combres des maisons. L\u2019histoire m\u00eame de la ville n\u2019a pas \u00e9t\u00e9 \u00e9pargn\u00e9e de l\u2019effacement, comme si elle n\u2019avait jamais exist\u00e9, comme si une main brutale avait \u00e9teint la lumi\u00e8re d\u2019un si\u00e8cle entier en une seule nuit.<\/span><\/span><\/span><\/p>\n<p align=\"LEFT\"><a href=\"https:\/\/ismfrance.org\/wp-content\/uploads\/2025\/12\/arrivee-scaled.jpg\"><img loading=\"lazy\" decoding=\"async\" class=\"alignnone size-large wp-image-25428\" src=\"https:\/\/ismfrance.org\/wp-content\/uploads\/2025\/12\/arrivee-700x394.jpg\" alt=\"\" width=\"600\" height=\"338\" srcset=\"https:\/\/ismfrance.org\/wp-content\/uploads\/2025\/12\/arrivee-700x394.jpg 700w, https:\/\/ismfrance.org\/wp-content\/uploads\/2025\/12\/arrivee-300x169.jpg 300w, https:\/\/ismfrance.org\/wp-content\/uploads\/2025\/12\/arrivee-768x432.jpg 768w, https:\/\/ismfrance.org\/wp-content\/uploads\/2025\/12\/arrivee-1536x864.jpg 1536w, https:\/\/ismfrance.org\/wp-content\/uploads\/2025\/12\/arrivee-2048x1152.jpg 2048w, https:\/\/ismfrance.org\/wp-content\/uploads\/2025\/12\/arrivee-1320x743.jpg 1320w\" sizes=\"auto, (max-width: 600px) 100vw, 600px\" \/><\/a><\/p>\n<p align=\"LEFT\"><span style=\"color: #000000;\"><span style=\"font-family: Arial, sans-serif;\"><span style=\"font-size: medium;\">Malgr\u00e9 mes longues ann\u00e9es de travail humanitaire, et malgr\u00e9 les sc\u00e8nes dont je croyais avoir vu les pires, jamais je n\u2019aurais imagin\u00e9 voir un seul camp rassembler toutes les trag\u00e9dies pouvant frapper les humains d\u2019un seul coup. Jusqu\u2019au jour o\u00f9 nous avons re\u00e7u un appel de d\u00e9tresse provenant d\u2019un camp isol\u00e9 dans les bois de la r\u00e9gion d\u2019Al-Nuseirat : l<b>e camp Al-Mukhtar.<\/b> Un camp devenu \u00e0 la fois symbole de perte et de survie, et qui abrite plus de quarante-cinq familles d\u00e9plac\u00e9es de Gaza ayant perdu plus de cinquante membres de leurs proches durant la guerre. Elles ont fui, pour se r\u00e9fugier dans cet endroit recul\u00e9, o\u00f9 les arbres cachent la lumi\u00e8re, o\u00f9 le ciel para\u00eet lointain, o\u00f9 la vie semble plus proche de l\u2019absence que de la pr\u00e9sence.<\/span><\/span><\/span><\/p>\n<p align=\"LEFT\"><span style=\"color: #000000;\"><span style=\"font-family: Arial, sans-serif;\"><span style=\"font-size: medium;\">D\u00e8s que nous avons franchi les limites du camp, la stupeur nous a coup\u00e9 le souffle. Nous n\u2019\u00e9tions pas face \u00e0 une simple situation difficile, mais devant une v\u00e9ritable catastrophe humanitaire dans toute son ampleur. Les eaux us\u00e9es s\u2019\u00e9talaient partout, coulant entre les tentes comme des rivi\u00e8res de mis\u00e8re, s\u2019infiltrant sous les pieds, p\u00e9n\u00e9trant m\u00eame dans les tentes o\u00f9 l\u2019on dort, se m\u00ealant \u00e0 une odeur de moisissure et de tristesse dans l\u2019air. Les latrines d\u00e9gageaient une odeur suffocante qui envahissait tout le camp, une odeur \u00e0 laquelle il est impossible de r\u00e9sister plus d\u2019une minute sans sentir l\u2019\u00e9tau de l\u2019asphyxie. M\u00eame nos \u00e9quipes, pourtant bien entra\u00een\u00e9es, ont d\u00fb interrompre leur travail plusieurs fois et sortir toutes les dix minutes pour respirer \u00e0 l\u2019ext\u00e9rieur du camp, non pas en raison de la charge de travail, mais parce que les odeurs \u00e9touffantes fermaient la gorge et serraient la poitrine.<\/span><\/span><\/span><\/p>\n<p align=\"LEFT\"><a href=\"https:\/\/ismfrance.org\/wp-content\/uploads\/2025\/12\/instal-tente1-scaled.jpg\"><img loading=\"lazy\" decoding=\"async\" class=\"alignnone size-large wp-image-25430\" src=\"https:\/\/ismfrance.org\/wp-content\/uploads\/2025\/12\/instal-tente1-700x394.jpg\" alt=\"\" width=\"600\" height=\"338\" srcset=\"https:\/\/ismfrance.org\/wp-content\/uploads\/2025\/12\/instal-tente1-700x394.jpg 700w, https:\/\/ismfrance.org\/wp-content\/uploads\/2025\/12\/instal-tente1-300x169.jpg 300w, https:\/\/ismfrance.org\/wp-content\/uploads\/2025\/12\/instal-tente1-768x432.jpg 768w, https:\/\/ismfrance.org\/wp-content\/uploads\/2025\/12\/instal-tente1-1536x864.jpg 1536w, https:\/\/ismfrance.org\/wp-content\/uploads\/2025\/12\/instal-tente1-2048x1152.jpg 2048w, https:\/\/ismfrance.org\/wp-content\/uploads\/2025\/12\/instal-tente1-1320x743.jpg 1320w\" sizes=\"auto, (max-width: 600px) 100vw, 600px\" \/><\/a><\/p>\n<p align=\"LEFT\"><a href=\"https:\/\/ismfrance.org\/wp-content\/uploads\/2025\/12\/instal-tente2-scaled.jpg\"><img loading=\"lazy\" decoding=\"async\" class=\"alignnone size-large wp-image-25429\" src=\"https:\/\/ismfrance.org\/wp-content\/uploads\/2025\/12\/instal-tente2-700x394.jpg\" alt=\"\" width=\"600\" height=\"338\" srcset=\"https:\/\/ismfrance.org\/wp-content\/uploads\/2025\/12\/instal-tente2-700x394.jpg 700w, https:\/\/ismfrance.org\/wp-content\/uploads\/2025\/12\/instal-tente2-300x169.jpg 300w, https:\/\/ismfrance.org\/wp-content\/uploads\/2025\/12\/instal-tente2-768x432.jpg 768w, https:\/\/ismfrance.org\/wp-content\/uploads\/2025\/12\/instal-tente2-1536x864.jpg 1536w, https:\/\/ismfrance.org\/wp-content\/uploads\/2025\/12\/instal-tente2-2048x1152.jpg 2048w, https:\/\/ismfrance.org\/wp-content\/uploads\/2025\/12\/instal-tente2-1320x743.jpg 1320w\" sizes=\"auto, (max-width: 600px) 100vw, 600px\" \/><\/a><\/p>\n<p align=\"LEFT\"><span style=\"color: #000000;\"><span style=\"font-family: Arial, sans-serif;\"><span style=\"font-size: medium;\">Au milieu de ces odeurs, les yeux des enfants se dessinaient comme des ombres cherchant une lueur. Des enfants pieds nus marchant dans les eaux us\u00e9es, leurs pas fragiles s\u2019enfon\u00e7ant dans la boue, leurs yeux cherchant quelque chose qui n\u2019existe plus : la s\u00e9curit\u00e9. Les images \u00e9taient si douloureuses que le c\u0153ur ne pouvait les supporter : des enfants qui ont davantage appris la peur que le jeu, davantage appris les larmes que le rire, et dont les visages portent les traces d\u2019ann\u00e9es qu\u2019aucune autre que des villes d\u00e9truites ne devrait vivre, et encore moins des enfants.<\/span><\/span><\/span><\/p>\n<p align=\"LEFT\"><span style=\"color: #000000;\"><span style=\"font-family: Arial, sans-serif;\"><span style=\"font-size: medium;\">Pendant que nous \u00e9valuions la situation, les femmes nous ont racont\u00e9 des histoires semblant tout droit sorties d\u2019un livre \u00e9crit \u00e0 l\u2019encre de la tristesse : des nuits de bombardements incessants, des m\u00e8res courant avec leurs enfants au milieu des flammes, des hommes sortis et jamais revenus, des maisons ras\u00e9es au sol, des souvenirs qui se sont \u00e9teints comme s\u2019\u00e9teint la derni\u00e8re braise dans un foyer oubli\u00e9. Chaque femme porte une histoire, chaque histoire porte un cri, et chaque cri est comme une main suppliant que l\u2019on n\u2019oublie pas ce que nous avions vu. Quant aux tentes, elles n\u2019\u00e9taient gu\u00e8re dignes d\u2019\u00eatre appel\u00e9es abris : d\u00e9chir\u00e9es, us\u00e9es, certaines n\u2019\u00e9taient que de simples morceaux de tissu qui ne prot\u00e9geaient ni du soleil, ni du froid, ni m\u00eame des insectes. L e vent pouvait les arracher sans le moindre effort.<\/span><\/span><\/span><\/p>\n<p align=\"LEFT\"><span style=\"color: #000000;\"><span style=\"font-family: Arial, sans-serif;\"><span style=\"font-size: medium;\">Dans cet environnement sombre, la n\u00e9cessit\u00e9 d\u2019une intervention urgente est devenue \u00e9vidente. C\u2019est l\u00e0 que s\u2019est manifest\u00e9 le r\u00f4le humanitaire des initiatives tentant de suturer tant bien que mal des blessures ouvertes. L\u2019initiative <i><b>Un hiver au chaud<\/b><\/i>, lanc\u00e9e par l\u2019UJFP et visant \u00e0 fournir des \u00e9quipements d\u2019hiver aux familles d\u00e9plac\u00e9es dans les camps de Gaza, cible de nouveau ce camp apr\u00e8s avoir constat\u00e9 l\u2019ampleur croissante des besoins. Une initiative venue dire que la main qui tente d\u2019all\u00e9ger la douleur existe encore, et qu&rsquo;en hiver, la chaleur peut \u00eatre plus qu\u2019une couverture : elle peut \u00eatre un message de vie.<\/span><\/span><\/span><\/p>\n<p align=\"LEFT\"><a href=\"https:\/\/ismfrance.org\/wp-content\/uploads\/2025\/12\/IMG_4856-scaled.jpg\"><img loading=\"lazy\" decoding=\"async\" class=\"alignnone size-large wp-image-25432\" src=\"https:\/\/ismfrance.org\/wp-content\/uploads\/2025\/12\/IMG_4856-700x394.jpg\" alt=\"\" width=\"600\" height=\"338\" srcset=\"https:\/\/ismfrance.org\/wp-content\/uploads\/2025\/12\/IMG_4856-700x394.jpg 700w, https:\/\/ismfrance.org\/wp-content\/uploads\/2025\/12\/IMG_4856-300x169.jpg 300w, https:\/\/ismfrance.org\/wp-content\/uploads\/2025\/12\/IMG_4856-768x432.jpg 768w, https:\/\/ismfrance.org\/wp-content\/uploads\/2025\/12\/IMG_4856-1536x864.jpg 1536w, https:\/\/ismfrance.org\/wp-content\/uploads\/2025\/12\/IMG_4856-2048x1152.jpg 2048w, https:\/\/ismfrance.org\/wp-content\/uploads\/2025\/12\/IMG_4856-1320x743.jpg 1320w\" sizes=\"auto, (max-width: 600px) 100vw, 600px\" \/><\/a> <a href=\"https:\/\/ismfrance.org\/wp-content\/uploads\/2025\/12\/IMG_4872-scaled.jpg\"><img loading=\"lazy\" decoding=\"async\" class=\"alignnone size-large wp-image-25433\" src=\"https:\/\/ismfrance.org\/wp-content\/uploads\/2025\/12\/IMG_4872-700x394.jpg\" alt=\"\" width=\"600\" height=\"338\" srcset=\"https:\/\/ismfrance.org\/wp-content\/uploads\/2025\/12\/IMG_4872-700x394.jpg 700w, https:\/\/ismfrance.org\/wp-content\/uploads\/2025\/12\/IMG_4872-300x169.jpg 300w, https:\/\/ismfrance.org\/wp-content\/uploads\/2025\/12\/IMG_4872-768x432.jpg 768w, https:\/\/ismfrance.org\/wp-content\/uploads\/2025\/12\/IMG_4872-1536x864.jpg 1536w, https:\/\/ismfrance.org\/wp-content\/uploads\/2025\/12\/IMG_4872-2048x1152.jpg 2048w, https:\/\/ismfrance.org\/wp-content\/uploads\/2025\/12\/IMG_4872-1320x743.jpg 1320w\" sizes=\"auto, (max-width: 600px) 100vw, 600px\" \/><\/a><\/p>\n<p align=\"LEFT\"><span style=\"color: #000000;\"><span style=\"font-family: Arial, sans-serif;\"><span style=\"font-size: medium;\">Nous avons commenc\u00e9 \u00e0 installer des tentes : nous avons mont\u00e9 sept nouvelles tentes et distribu\u00e9 trente b\u00e2ches en plastique pour couvrir les tentes qui ne pouvaient plus prot\u00e9ger leurs habitants de la pluie, du vent, ou m\u00eame des insectes. <\/span><\/span><\/span><\/p>\n<p align=\"LEFT\"><span style=\"color: #000000;\"><span style=\"font-family: Arial, sans-serif;\"><span style=\"font-size: medium;\">Une fois rentr\u00e9s \u00e0 notre bureau, les images du camp nous poursuivaient comme une ombre ins\u00e9parable. Nous avons alors d\u00e9cid\u00e9 de retourner sur place, car les besoins ne pouvaient attendre, et parce que les familles l\u00e0-bas m\u00e9ritaient plus que ce que nous avions donn\u00e9.<\/span><\/span><\/span><\/p>\n<p align=\"LEFT\"><span style=\"color: #000000;\"><span style=\"font-family: Arial, sans-serif;\"><span style=\"font-size: medium;\">Lors de cette seconde visite, nous avons apport\u00e9 trois tentes suppl\u00e9mentaires et dix nouvelles b\u00e2ches, portant le total \u00e0 <b>dix tentes et quarante b\u00e2ches<\/b>. Des chiffres modestes face \u00e0 l\u2019immensit\u00e9 de la souffrance, mais qui repr\u00e9sentaient pour les familles une fen\u00eatre laissant entrer de l\u2019air pur pour la premi\u00e8re fois depuis longtemps.<\/span><\/span><\/span><\/p>\n<p align=\"LEFT\"><span style=\"color: #000000;\"><span style=\"font-family: Arial, sans-serif;\"><span style=\"font-size: medium;\">Les familles ne s\u2019attendaient ni \u00e0 une r\u00e9ponse aussi rapide, ni \u00e0 ce que nos \u00e9quipes reviennent aussit\u00f4t. Mais lorsqu\u2019elles nous ont vus, leurs visages se sont emplis d\u2019une gratitude que les mots ne pouvaient exprimer. Certaines personnes pleuraient en silence, un silence semblable \u00e0 une fracture m\u00eal\u00e9e d\u2019espoir : l\u2019espoir que le monde ne les ait pas totalement abandonn\u00e9es. Nous leur avons fourni nos num\u00e9ros de contact, et elles nous ont salu\u00e9s avec une chaleur qui a rendu l\u2019instant du d\u00e9part plus lourd que tout ce que nous avions vu, comme si elles retenaient les bords de nos c\u0153urs pour nous emp\u00eacher de partir, comme si l\u2019endroit lui-m\u00eame nous suppliait de revenir.<\/span><\/span><\/span><\/p>\n<p align=\"LEFT\"><span style=\"color: #000000;\"><span style=\"font-family: Arial, sans-serif;\"><span style=\"font-size: medium;\">Sur le chemin du retour, tout \u00e9tait silencieux, hormis le vacarme des images encore suspendues dans nos m\u00e9moires : des tentes d\u00e9chir\u00e9es, des enfants pieds nus, des femmes charg\u00e9es d\u2019histoires, des hommes tentant de para\u00eetre forts tandis que la perte leur rongeait la poitrine, des odeurs inoubliables, et un espoir refusant de mourir alors que tout autour annon\u00e7ait la mort. Une question ne nous quittait pas : combien d\u2019autres camps attendent encore qu\u2019une main se tende vers eux ? Combien d\u2019\u00e2mes ayant \u00e9chapp\u00e9 \u00e0 la guerre luttent encore pour survivre \u00e0 la pauvret\u00e9, au froid et \u00e0 la maladie ? Quelle part d\u2019obscurit\u00e9 essayons-nous de combattre avec ce simple fil de lumi\u00e8re ?\u00a0\u00bb<\/span><\/span><\/span><\/p>\n<p align=\"LEFT\"><em><strong><span style=\"color: #000000;\"><span style=\"font-family: Arial, sans-serif;\"><span style=\"font-size: medium;\">Photos et vid\u00e9os <a href=\"https:\/\/drive.google.com\/drive\/folders\/1f2xoufWVfCy8hkK2g0TK0-ojBWZGk_uH\">ICI<\/a>.<\/span><\/span><\/span><\/strong><\/em><\/p>\n<hr \/>\n<p align=\"LEFT\"><strong>Retrouvez l\u2019ensemble des t\u00e9moignages d\u2019Abu Amir et Marsel :<\/strong><\/p>\n<pre>*<strong>Abu Amir Mutasem Ele\u00efwa<\/strong> est coordinateur des Projets paysans depuis 2016 au sud de la bande de Gaza et correspondant de l\u2019Union Juive Fran\u00e7aise pour la Paix.\r\n*<strong>Marsel Alledawi<\/strong> est responsable du Centre Ibn Sina du nord de la bande de Gaza, centre qui se consacre au suivi \u00e9ducatif et psychologique de l\u2019enfance.\r\nTous les deux sont soutenus par l\u2019UJFP en France.<\/pre>\n<p><strong><a href=\"https:\/\/ismfrance.org\/index.php\/2025\/10\/07\/temoignages-de-gazaouis-la-survie-qui-sorganise-au-jour-le-jour-dans-lenfer-de-gaza-partie-541-6-10-nourrir-les-enfants-de-deplace-e-s-du-camp-al-hilal\/\">Partie 541<\/a>\u00a0: 6 octobre.\u00a0<a href=\"https:\/\/ismfrance.org\/index.php\/2025\/10\/08\/temoignages-de-gazaouis-la-survie-qui-sorganise-au-jour-le-jour-dans-lenfer-de-gaza-partie-542-7-10-analyse-des-strategies-de-conflit\/\">Partie 542<\/a>\u00a0: 7 octobre.\u00a0<a href=\"https:\/\/ismfrance.org\/index.php\/2025\/10\/09\/temoignages-de-gazaouis-la-survie-qui-sorganise-au-jour-le-jour-dans-lenfer-de-gaza-partie-543-7-10-1-les-conditions-de-vie-des-deplace-e-s-sont-un-def\/\">Partie\u00a0543<\/a>\u00a0: 7 octobre (1).\u00a0<a href=\"https:\/\/ismfrance.org\/index.php\/2025\/10\/10\/temoignages-de-gazaouis-la-survie-qui-sorganise-au-jour-le-jour-dans-lenfer-de-gaza-partie-544-8-10-ou-en-est-le-hamas-a-gaza\/\">Partie 544<\/a>\u00a0: 8 octobre.\u00a0<a href=\"https:\/\/ismfrance.org\/index.php\/2025\/10\/10\/24148\/\">Partie 545<\/a>\u00a0: 9 -10 octobre.\u00a0<a href=\"https:\/\/ismfrance.org\/index.php\/2025\/10\/11\/temoignages-de-gazaouis-la-survie-qui-sorganise-au-jour-le-jour-dans-lenfer-de-gaza-partie-546-9-10-11-10-lhistoire-dun-peuple-qui-resi\/\">Partie 546<\/a>\u00a0 : 9-10-11 octobre.\u00a0<a href=\"https:\/\/ismfrance.org\/index.php\/2025\/10\/13\/temoignages-de-gazaouis-la-survie-qui-sorganise-au-jour-le-jour-dans-lenfer-de-gaza-partie-547-11-12-10-ateliers-de-soutien-psychologique-patrimoine-culturel\/\">Partie 547<\/a>\u00a0: 11-12 octobre.\u00a0<a href=\"https:\/\/ismfrance.org\/index.php\/2025\/10\/14\/temoignages-de-gazaouis-la-survie-qui-sorganise-au-jour-le-jour-dans-lenfer-de-gaza-partie-548-13-10-la-ville-des-tentes-renait-des-decombres\/\">Partie 548<\/a>\u00a0: 13 octobre.\u00a0<a href=\"https:\/\/ismfrance.org\/index.php\/2025\/10\/15\/temoignages-de-gazaouis-la-survie-qui-sorganise-au-jour-le-jour-dans-lenfer-de-gaza-partie-549-14-10-la-palestine-la-conscience-du-monde\/\">Partie 549<\/a>\u00a0: 14 octobre.\u00a0<a href=\"https:\/\/ismfrance.org\/index.php\/2025\/10\/17\/temoignages-de-gazaouis-la-survie-qui-sorganise-au-jour-le-jour-dans-lenfer-de-gaza-partie-550-15-10-gaza-un-symbole-mondial-de-resistance-et-de-dignite\/\">Partie 550<\/a>\u00a0: 15 octobre.\u00a0<a href=\"https:\/\/ismfrance.org\/index.php\/2025\/10\/18\/temoignages-de-gazaouis-la-survie-qui-sorganise-au-jour-le-jour-dans-lenfer-de-gaza-partie-551-17-10-revenir-dans-une-patrie-detruite\/\">Partie 551<\/a>\u00a0: 16 octobre.\u00a0<a href=\"https:\/\/ismfrance.org\/index.php\/2025\/10\/19\/temoignages-de-gazaouis-la-survie-qui-sorganise-au-jour-le-jour-dans-lenfer-de-gaza-partie-552-17-10-1-les-bombardements-se-sont-tus-le-soutien-des-de\/\">Partie\u00a0 552<\/a>\u00a0: 17 octobre.\u00a0<a href=\"https:\/\/ismfrance.org\/index.php\/2025\/10\/20\/temoignages-de-gazaouis-la-survie-qui-sorganise-au-jour-le-jour-dans-lenfer-de-gaza-partie-553-18-19-10-soutien-psychosocial-le-jour-dapres-la\/\">Partie 553<\/a>\u00a0: 18-19 octobre.\u00a0<\/strong><a href=\"https:\/\/ismfrance.org\/index.php\/2025\/10\/21\/temoignages-de-gazaouis-la-survie-qui-sorganise-au-jour-le-jour-dans-lenfer-de-gaza-partie-554-19-20-10-une-treve-sur-le-papier\/\"><strong>Partie 554<\/strong><\/a><strong>\u00a0: 19-20 octobre.<a href=\"https:\/\/ismfrance.org\/index.php\/2025\/10\/22\/temoignages-de-gazaouis-la-survie-qui-sorganise-au-jour-le-jour-dans-lenfer-de-gaza-partie-555-21-10-le-plan-de-paix-un-gout-de-trahison\/\">\u00a0Partie 555<\/a>\u00a0: 21 octobre.\u00a0<a href=\"https:\/\/ismfrance.org\/index.php\/2025\/10\/22\/temoignages-de-gazaouis-la-survie-qui-sorganise-au-jour-le-jour-dans-lenfer-de-gaza-partie-556-22-10-la-ligne-jaune\/\">Partie 556<\/a>\u00a0: 22 octobre.\u00a0<a href=\"https:\/\/ismfrance.org\/index.php\/2025\/10\/25\/temoignages-de-gazaouis-la-survie-qui-sorganise-au-jour-le-jour-dans-lenfer-de-gaza-partie-557-24-10-gaza-telle-que-je-la-vois-eveillee-pour-garder-la-d\/\">Partie 557<\/a>\u00a0: 24 octobre.\u00a0<a href=\"https:\/\/ismfrance.org\/index.php\/2025\/10\/27\/temoignages-de-gazaouis-la-survie-qui-sorganise-au-jour-le-jour-dans-lenfer-de-gaza-partie-558-25-26-10-voyage-de-guerison-parmi-les-decombres\/\">Partie 558<\/a>\u00a0: 25-26 octobre.\u00a0<a href=\"https:\/\/ismfrance.org\/index.php\/2025\/10\/28\/temoignages-de-gazaouis-la-survie-qui-sorganise-au-jour-le-jour-dans-lenfer-de-gaza-partie-559-26-10-la-faim-autre-visage-de-la-destruction\/\">Partie 559<\/a>\u00a0: 26 octobre.\u00a0<a href=\"https:\/\/ismfrance.org\/index.php\/2025\/10\/28\/temoignages-de-gazaouis-la-survie-qui-sorganise-au-jour-le-jour-dans-lenfer-de-gaza-partie-560-27-10-le-plan-de-paix-une-sombre-comed\/\">Partie 560<\/a>\u00a0: 27 octobre.\u00a0<a href=\"https:\/\/ismfrance.org\/index.php\/2025\/10\/29\/temoignages-de-gazaouis-la-survie-qui-sorganise-au-jour-le-jour-dans-lenfer-de-gaza-partie-561-28-10-aujourdhui-nuseirat-etait-au-coeur-de-l\/\">Partie 561<\/a>\u00a0: 28 octobre.\u00a0<a href=\"https:\/\/ismfrance.org\/index.php\/2025\/10\/30\/temoignages-de-gazaouis-la-survie-qui-sorganise-au-jour-le-jour-dans-lenfer-de-gaza-partie-562-29-10-sur-la-plage-des-paysans-attendent-lespera\/\">Partie 562<\/a>\u00a0: 29 octobre.\u00a0<a href=\"https:\/\/ismfrance.org\/index.php\/2025\/11\/01\/temoignages-de-gazaouis-la-survie-qui-sorganise-au-jour-le-jour-dans-lenfer-de-gaza-partie-563-31-10-tant-quun-enfant-tient-un-crayon-il-y-a-de\/\">Partie 563<\/a>\u00a0: 31 octobre.\u00a0<a href=\"https:\/\/ismfrance.org\/index.php\/2025\/11\/02\/temoignages-de-gazaouis-la-survie-qui-sorganise-au-jour-le-jour-dans-lenfer-de-gaza-partie-564-2-11-les-violations-israeliennes-du-cessez-le-feu\/\">Partie 564<\/a>\u00a0: 2 novembre.\u00a0<a href=\"https:\/\/ismfrance.org\/index.php\/2025\/11\/03\/temoignages-de-gazaouis-la-survie-qui-sorganise-au-jour-le-jour-dans-lenfer-de-gaza-partie-565-3-11-israel-na-pas-cesse-la-guerre-a-gaza\/\">Partie 565<\/a>\u00a0: 3 novembre.\u00a0<a href=\"https:\/\/ismfrance.org\/index.php\/2025\/11\/05\/temoignages-de-gazaouis-la-survie-qui-sorganise-au-jour-le-jour-dans-lenfer-de-gaza-partie-566-4-11-a-gaza-aussi-lespoir-en-octobre-est-rose\/\">Partie 566<\/a>\u00a0: 4 novembre.\u00a0<a href=\"https:\/\/ismfrance.org\/index.php\/2025\/11\/05\/temoignages-de-gazaouis-la-survie-qui-sorganise-au-jour-le-jour-dans-lenfer-de-gaza-partie-566-5-11-la-force-internationale-aux-prises-avec-une-equation-impos\/\">Partie 567<\/a>\u00a0: 4 novembre (1).\u00a0<a href=\"https:\/\/ismfrance.org\/index.php\/2025\/11\/07\/temoignages-de-gazaouis-la-survie-qui-sorganise-au-jour-le-jour-dans-lenfer-de-gaza-partie-568-6-11-quand-gaza-fait-germer-lespoir-sous-les-deco\/\">Partie 568<\/a>\u00a0: 6 novembre.\u00a0<a href=\"https:\/\/ismfrance.org\/index.php\/2025\/11\/08\/temoignages-de-gazaouis-la-survie-qui-sorganise-au-jour-le-jour-dans-lenfer-de-gaza-partie-569-7-11-un-etat-de-confusion-collective\/\">Partie 569<\/a>\u00a0: 7 novembre.\u00a0<a href=\"https:\/\/ismfrance.org\/index.php\/2025\/11\/10\/temoignages-de-gazaouis-la-survie-qui-sorganise-au-jour-le-jour-dans-lenfer-de-gaza-partie-570-8-9-11-les-femmes-de-deir-al-balah-au-bord-de-la-vie\/\">Partie 570<\/a>\u00a0: 8-9 novembre.\u00a0<a href=\"https:\/\/ismfrance.org\/index.php\/2025\/11\/11\/temoignages-de-gazaouis-la-survie-qui-sorganise-au-jour-le-jour-dans-lenfer-de-gaza-partie-571-9-10-11-nourrir-et-instruire-pour-defendre-lidentite-de\/\">Partie 571<\/a>\u00a0: 9-10 novembre.\u00a0<a href=\"https:\/\/ismfrance.org\/index.php\/2025\/11\/12\/temoignages-de-gazaouis-la-survie-qui-sorganise-au-jour-le-jour-dans-lenfer-de-gaza-partie-572-11-11-reconstruire-gaza-a-partir-de-son-ame-avant-ses-pier\/\">Partie 572<\/a>\u00a0: 11 novembre.<a href=\"https:\/\/ismfrance.org\/index.php\/2025\/11\/14\/temoignages-de-gazaouis-la-survie-qui-sorganise-au-jour-le-jour-dans-lenfer-de-gaza-partie-573-13-11-reconstruire-gaza-dans-son-integralite-devient-condi\/\">\u00a0Partie 573<\/a>\u00a0: 13 novembre.\u00a0<a href=\"https:\/\/ismfrance.org\/index.php\/2025\/11\/15\/24911\/\">Partie 574<\/a>\u00a0: 14 novembre.\u00a0<a href=\"https:\/\/ismfrance.org\/index.php\/2025\/11\/15\/temoignages-de-gazaouis-la-survie-qui-sorganise-au-jour-le-jour-dans-lenfer-de-gaza-partie-575-14-11-1-lhiver-arrive-a-gaza-un-besoin-urgent\/\">Partie 575<\/a>\u00a0: 14 novembre (1).\u00a0<a href=\"https:\/\/ismfrance.org\/index.php\/2025\/11\/17\/temoignages-de-gazaouis-la-survie-qui-sorganise-au-jour-le-jour-dans-lenfer-de-gaza-partie-576-16-11-fenetres-despoir\/\">Partie 576<\/a>\u00a0: 16 novembre.\u00a0<a href=\"https:\/\/ismfrance.org\/index.php\/2025\/11\/17\/temoignages-de-gazaouis-la-survie-qui-sorganise-au-jour-le-jour-dans-lenfer-de-gaza-partie-577-16-11-1-urgent-une-campagne-hivernale-de-dons\/\">Partie 577<\/a>\u00a0: 16 novembre (1).\u00a0<a href=\"https:\/\/ismfrance.org\/index.php\/2025\/11\/18\/temoignages-de-gazaouis-la-survie-qui-sorganise-au-jour-le-jour-dans-lenfer-de-gaza-partie-578-17-11-dans-les-camps-aucune-intimite-pour-les-femmes\/\">Partie 578<\/a>\u00a0: 17 novembre.\u00a0<a href=\"https:\/\/ismfrance.org\/index.php\/2025\/11\/19\/temoignages-de-gazaouis-la-survie-qui-sorganise-au-jour-le-jour-dans-lenfer-de-gaza-partie-579-19-11-des-voyages-sans-retour\/\">Partie 579<\/a>\u00a0: 19 novembre.\u00a0<a href=\"https:\/\/ismfrance.org\/index.php\/2025\/11\/22\/temoignages-de-gazaouis-la-survie-qui-sorganise-au-jour-le-jour-dans-lenfer-de-gaza-partie-580-21-11-une-deuxieme-phase-sous-pression\/\">Partie 580<\/a>\u00a0: 21 novembre.\u00a0<a href=\"https:\/\/ismfrance.org\/index.php\/2025\/11\/23\/temoignages-de-gazaouis-la-survie-qui-sorganise-au-jour-le-jour-dans-lenfer-de-gaza-partie-581-22-11-poursuivre-le-travail-sur-le-terrain-quoiqu\/\">Partie 581<\/a>\u00a0: 22 novembre.\u00a0<a href=\"https:\/\/ismfrance.org\/index.php\/2025\/11\/24\/temoignages-de-gazaouis-la-survie-qui-sorganise-au-jour-le-jour-dans-lenfer-de-gaza-partie-582-22-23-11-soutien-psychologique-education-sanitaire-et-chaleur\/\">Partie 582<\/a>\u00a0: 22-23 novembre.\u00a0<a href=\"https:\/\/ismfrance.org\/index.php\/2025\/11\/25\/temoignages-de-gazaouis-la-survie-qui-sorganise-au-jour-le-jour-dans-lenfer-de-gaza-partie-583-24-11-leducation-un-pilier-dans-la-construction\/\">Partie 583<\/a>\u00a0: 24 novembre.\u00a0<a href=\"https:\/\/ismfrance.org\/index.php\/2025\/11\/26\/temoignages-de-gazaouis-la-survie-qui-sorganise-au-jour-le-jour-dans-lenfer-de-gaza-partie-584-25-11-du-mensonge-doslo-au-genocide-de-gaza\/\">Partie 584<\/a>\u00a0: 25 novembre.\u00a0<a href=\"https:\/\/ismfrance.org\/index.php\/2025\/11\/28\/temoignages-de-gazaouis-la-survie-qui-sorganise-au-jour-le-jour-dans-lenfer-de-gaza-partie-585-27-11-le-7-octobre-debut-de-la-guerre-ou-moment-revelate\/\">Partie 585<\/a>\u00a0: 27 novembre.\u00a0<a href=\"https:\/\/ismfrance.org\/index.php\/2025\/11\/30\/temoignages-de-gazaouis-la-survie-qui-sorganise-au-jour-le-jour-dans-lenfer-de-gaza-partie-586-29-11-dans-lhiver-rigoureux-des-camps-le-soutien\/\">Partie 586<\/a>\u00a0: 29 novembre.\u00a0<a href=\"https:\/\/ismfrance.org\/index.php\/2025\/12\/01\/temoignages-de-gazaouis-la-survie-qui-sorganise-au-jour-le-jour-dans-lenfer-de-gaza-partie-587-30-11-comment-obtenir-un-repas-a-gaza\/\">Partie 587<\/a>\u00a0: 30 novembre.\u00a0<a href=\"https:\/\/ismfrance.org\/index.php\/2025\/12\/04\/temoignages-de-gazaouis-la-survie-qui-sorganise-au-jour-le-jour-dans-lenfer-de-gaza-partie-588-3-12-la-societe-israelienne-en-crise\/\">Partie 588<\/a>\u00a0: 3 d\u00e9cembre.\u00a0<a href=\"https:\/\/ismfrance.org\/index.php\/2025\/12\/06\/25328\/\">Partie 589<\/a>\u00a0: 5 d\u00e9cembre.\u00a0<a href=\"https:\/\/ismfrance.org\/index.php\/2025\/12\/08\/temoignages-de-gazaouis-la-survie-qui-sorganise-au-jour-le-jour-dans-lenfer-de-gaza-partie-590-6-12-pollution-et-prevention-dans-lenvironnement\/\">Partie 590<\/a> : 6 d\u00e9cembre. <a href=\"https:\/\/ismfrance.org\/index.php\/2025\/12\/09\/temoignages-de-gazaouis-la-survie-qui-sorganise-au-jour-le-jour-dans-lenfer-de-gaza-partie-591-8-12-realite-catastrophique-de-la-situation-humanitaire\/\">Partie 591<\/a> : 8 d\u00e9cembre.<\/strong><\/p>\n<pre class=\"western\"><strong><em><i>* <\/i><\/em><em><a href=\"https:\/\/ismfrance.org\/index.php\/temoignages-gazaouis-survie-enfer-gaza-1\/\" target=\"_blank\" rel=\"noopener\"><i>T\u00e9moignages du 20 novembre 2023 au 5 janvier 2025 (partie 1 \u00e0 268)<\/i><\/a><\/em>\r\n<i>* <\/i><\/strong><strong><a href=\"https:\/\/ismfrance.org\/index.php\/2025\/05\/11\/temoignages-de-gazaouis-la-survie-qui-sorganise-au-jour-le-jour-dans-lenfer-de-gaza-recapitulatif-du-5-janvier-au-9-mai-2025-partie-269-a-392\/\"><i>T\u00e9moignages du 5 janvier au 9 mai 2025 (partie 269 \u00e0 392)<\/i><\/a><\/strong>\r\n<strong><i>*<\/i><\/strong><i> <\/i><strong><a href=\"https:\/\/ismfrance.org\/index.php\/2025\/10\/07\/temoignages-de-gazaouis-la-survie-qui-sorganise-au-jour-le-jour-dans-lenfer-de-gaza-recapitulatif-du-10-mai-au-5-octobre-2025-partie-393-a-540\/\"><i>T\u00e9moignages du 10 mai au 5 octobre 2025 (partie 393 \u00e0 540)<\/i><\/a><\/strong><\/pre>\n<pre><strong>Pour participer \u00e0 la collecte \"Urgence Guerre \u00e0 Gaza\" : <\/strong><strong><a href=\"https:\/\/www.helloasso.com\/associations\/union-juive-francaise-pour-la-paix\/collectes\/urgence-guerre-a-gaza\">HelloAsso.com<\/a><\/strong>\r\n<strong>Les t\u00e9moignages sont publi\u00e9s sur <\/strong><strong><a href=\"https:\/\/ujfp.org\/\">UJFP<\/a> \/<\/strong><strong>\u00a0<a href=\"https:\/\/altermidi.org\/\">Altermidi<\/a> \/ <a href=\"https:\/\/lepoing.net\/\">Le Poing<\/a><\/strong><\/pre>\n","protected":false},"excerpt":{"rendered":"<p>Brigitte Challande, 10 d\u00e9cembre 2025.- Le compte rendu de la deuxi\u00e8me initiative pour que l\u2019hiver \u00e0 Gaza se passe \u00ab\u00a0au chaud\u00a0\u00bb. 9 d\u00e9cembre. \u00ab\u00a0M\u00eame les cauchemars les plus sombres n\u2019auraient <a class=\"more-link\" href=\"https:\/\/ismfrance.org\/index.php\/2025\/12\/10\/temoignages-de-gazaouis-la-survie-qui-sorganise-au-jour-le-jour-dans-lenfer-de-gaza-partie-592-9-12-un-camp-dans-la-douleur-ce-quil-reste-de-la-vie\/\">Lire la suite &rarr;<\/a><\/p>\n","protected":false},"author":3,"featured_media":25429,"comment_status":"closed","ping_status":"closed","sticky":false,"template":"","format":"standard","meta":{"footnotes":""},"categories":[2,13],"tags":[46],"class_list":["post-25426","post","type-post","status-publish","format-standard","has-post-thumbnail","hentry","category-articles","category-temoignages","tag-solidarite"],"yoast_head":"<!-- This site is optimized with the Yoast SEO plugin v27.2 - https:\/\/yoast.com\/product\/yoast-seo-wordpress\/ -->\n<title>T\u00e9moignages de Gazaouis : La survie qui s\u2019organise au jour le jour dans l\u2019enfer de Gaza \u2013 partie 592 \/ 9.12 \u2013\u00a0Un camp dans la douleur : ce qu&#039;il reste de la vie - International Solidarity Movement - ISM-France<\/title>\n<meta name=\"robots\" content=\"index, follow, max-snippet:-1, max-image-preview:large, max-video-preview:-1\" \/>\n<link rel=\"canonical\" href=\"https:\/\/ismfrance.org\/index.php\/2025\/12\/10\/temoignages-de-gazaouis-la-survie-qui-sorganise-au-jour-le-jour-dans-lenfer-de-gaza-partie-592-9-12-un-camp-dans-la-douleur-ce-quil-reste-de-la-vie\/\" \/>\n<meta property=\"og:locale\" content=\"fr_FR\" \/>\n<meta property=\"og:type\" content=\"article\" \/>\n<meta property=\"og:title\" content=\"T\u00e9moignages de Gazaouis : La survie qui s\u2019organise au jour le jour dans l\u2019enfer de Gaza \u2013 partie 592 \/ 9.12 \u2013\u00a0Un camp dans la douleur : ce qu&#039;il reste de la vie - International Solidarity Movement - ISM-France\" \/>\n<meta property=\"og:description\" content=\"Brigitte Challande, 10 d\u00e9cembre 2025.- Le compte rendu de la deuxi\u00e8me initiative pour que l\u2019hiver \u00e0 Gaza se passe \u00ab\u00a0au chaud\u00a0\u00bb. 9 d\u00e9cembre. \u00ab\u00a0M\u00eame les cauchemars les plus sombres n\u2019auraient Lire la suite &rarr;\" \/>\n<meta property=\"og:url\" content=\"https:\/\/ismfrance.org\/index.php\/2025\/12\/10\/temoignages-de-gazaouis-la-survie-qui-sorganise-au-jour-le-jour-dans-lenfer-de-gaza-partie-592-9-12-un-camp-dans-la-douleur-ce-quil-reste-de-la-vie\/\" \/>\n<meta property=\"og:site_name\" content=\"International Solidarity Movement - ISM-France\" \/>\n<meta property=\"article:published_time\" content=\"2025-12-10T09:12:27+00:00\" \/>\n<meta property=\"article:modified_time\" content=\"2025-12-10T09:15:06+00:00\" \/>\n<meta property=\"og:image\" content=\"https:\/\/ismfrance.org\/wp-content\/uploads\/2025\/12\/instal-tente2-scaled.jpg\" \/>\n\t<meta property=\"og:image:width\" content=\"2560\" \/>\n\t<meta property=\"og:image:height\" content=\"1440\" \/>\n\t<meta property=\"og:image:type\" content=\"image\/jpeg\" \/>\n<meta name=\"author\" content=\"mru_01\" \/>\n<meta name=\"twitter:card\" content=\"summary_large_image\" \/>\n<meta name=\"twitter:creator\" content=\"@ISMFRANCE\" \/>\n<meta name=\"twitter:site\" content=\"@ISMFRANCE\" \/>\n<meta name=\"twitter:label1\" content=\"\u00c9crit par\" \/>\n\t<meta name=\"twitter:data1\" content=\"mru_01\" \/>\n\t<meta name=\"twitter:label2\" content=\"Dur\u00e9e de lecture estim\u00e9e\" \/>\n\t<meta name=\"twitter:data2\" content=\"9 minutes\" \/>\n<script type=\"application\/ld+json\" class=\"yoast-schema-graph\">{\"@context\":\"https:\/\/schema.org\",\"@graph\":[{\"@type\":\"Article\",\"@id\":\"https:\/\/ismfrance.org\/index.php\/2025\/12\/10\/temoignages-de-gazaouis-la-survie-qui-sorganise-au-jour-le-jour-dans-lenfer-de-gaza-partie-592-9-12-un-camp-dans-la-douleur-ce-quil-reste-de-la-vie\/#article\",\"isPartOf\":{\"@id\":\"https:\/\/ismfrance.org\/index.php\/2025\/12\/10\/temoignages-de-gazaouis-la-survie-qui-sorganise-au-jour-le-jour-dans-lenfer-de-gaza-partie-592-9-12-un-camp-dans-la-douleur-ce-quil-reste-de-la-vie\/\"},\"author\":{\"name\":\"mru_01\",\"@id\":\"https:\/\/ismfrance.org\/#\/schema\/person\/3c411eb72adfaae19c0dca1f41fae01d\"},\"headline\":\"T\u00e9moignages de Gazaouis : La survie qui s\u2019organise au jour le jour dans l\u2019enfer de Gaza \u2013 partie 592 \/ 9.12 \u2013\u00a0Un camp dans la douleur : ce qu&rsquo;il reste de la vie\",\"datePublished\":\"2025-12-10T09:12:27+00:00\",\"dateModified\":\"2025-12-10T09:15:06+00:00\",\"mainEntityOfPage\":{\"@id\":\"https:\/\/ismfrance.org\/index.php\/2025\/12\/10\/temoignages-de-gazaouis-la-survie-qui-sorganise-au-jour-le-jour-dans-lenfer-de-gaza-partie-592-9-12-un-camp-dans-la-douleur-ce-quil-reste-de-la-vie\/\"},\"wordCount\":1423,\"publisher\":{\"@id\":\"https:\/\/ismfrance.org\/#organization\"},\"image\":{\"@id\":\"https:\/\/ismfrance.org\/index.php\/2025\/12\/10\/temoignages-de-gazaouis-la-survie-qui-sorganise-au-jour-le-jour-dans-lenfer-de-gaza-partie-592-9-12-un-camp-dans-la-douleur-ce-quil-reste-de-la-vie\/#primaryimage\"},\"thumbnailUrl\":\"https:\/\/ismfrance.org\/wp-content\/uploads\/2025\/12\/instal-tente2-scaled.jpg\",\"keywords\":[\"solidarit\u00e9\"],\"articleSection\":[\"Articles\",\"T\u00e9moignages\"],\"inLanguage\":\"fr-FR\"},{\"@type\":\"WebPage\",\"@id\":\"https:\/\/ismfrance.org\/index.php\/2025\/12\/10\/temoignages-de-gazaouis-la-survie-qui-sorganise-au-jour-le-jour-dans-lenfer-de-gaza-partie-592-9-12-un-camp-dans-la-douleur-ce-quil-reste-de-la-vie\/\",\"url\":\"https:\/\/ismfrance.org\/index.php\/2025\/12\/10\/temoignages-de-gazaouis-la-survie-qui-sorganise-au-jour-le-jour-dans-lenfer-de-gaza-partie-592-9-12-un-camp-dans-la-douleur-ce-quil-reste-de-la-vie\/\",\"name\":\"T\u00e9moignages de Gazaouis : La survie qui s\u2019organise au jour le jour dans l\u2019enfer de Gaza \u2013 partie 592 \/ 9.12 \u2013\u00a0Un camp dans la douleur : ce qu'il reste de la vie - International Solidarity Movement - ISM-France\",\"isPartOf\":{\"@id\":\"https:\/\/ismfrance.org\/#website\"},\"primaryImageOfPage\":{\"@id\":\"https:\/\/ismfrance.org\/index.php\/2025\/12\/10\/temoignages-de-gazaouis-la-survie-qui-sorganise-au-jour-le-jour-dans-lenfer-de-gaza-partie-592-9-12-un-camp-dans-la-douleur-ce-quil-reste-de-la-vie\/#primaryimage\"},\"image\":{\"@id\":\"https:\/\/ismfrance.org\/index.php\/2025\/12\/10\/temoignages-de-gazaouis-la-survie-qui-sorganise-au-jour-le-jour-dans-lenfer-de-gaza-partie-592-9-12-un-camp-dans-la-douleur-ce-quil-reste-de-la-vie\/#primaryimage\"},\"thumbnailUrl\":\"https:\/\/ismfrance.org\/wp-content\/uploads\/2025\/12\/instal-tente2-scaled.jpg\",\"datePublished\":\"2025-12-10T09:12:27+00:00\",\"dateModified\":\"2025-12-10T09:15:06+00:00\",\"breadcrumb\":{\"@id\":\"https:\/\/ismfrance.org\/index.php\/2025\/12\/10\/temoignages-de-gazaouis-la-survie-qui-sorganise-au-jour-le-jour-dans-lenfer-de-gaza-partie-592-9-12-un-camp-dans-la-douleur-ce-quil-reste-de-la-vie\/#breadcrumb\"},\"inLanguage\":\"fr-FR\",\"potentialAction\":[{\"@type\":\"ReadAction\",\"target\":[\"https:\/\/ismfrance.org\/index.php\/2025\/12\/10\/temoignages-de-gazaouis-la-survie-qui-sorganise-au-jour-le-jour-dans-lenfer-de-gaza-partie-592-9-12-un-camp-dans-la-douleur-ce-quil-reste-de-la-vie\/\"]}]},{\"@type\":\"ImageObject\",\"inLanguage\":\"fr-FR\",\"@id\":\"https:\/\/ismfrance.org\/index.php\/2025\/12\/10\/temoignages-de-gazaouis-la-survie-qui-sorganise-au-jour-le-jour-dans-lenfer-de-gaza-partie-592-9-12-un-camp-dans-la-douleur-ce-quil-reste-de-la-vie\/#primaryimage\",\"url\":\"https:\/\/ismfrance.org\/wp-content\/uploads\/2025\/12\/instal-tente2-scaled.jpg\",\"contentUrl\":\"https:\/\/ismfrance.org\/wp-content\/uploads\/2025\/12\/instal-tente2-scaled.jpg\",\"width\":2560,\"height\":1440},{\"@type\":\"BreadcrumbList\",\"@id\":\"https:\/\/ismfrance.org\/index.php\/2025\/12\/10\/temoignages-de-gazaouis-la-survie-qui-sorganise-au-jour-le-jour-dans-lenfer-de-gaza-partie-592-9-12-un-camp-dans-la-douleur-ce-quil-reste-de-la-vie\/#breadcrumb\",\"itemListElement\":[{\"@type\":\"ListItem\",\"position\":1,\"name\":\"Accueil\",\"item\":\"https:\/\/ismfrance.org\/\"},{\"@type\":\"ListItem\",\"position\":2,\"name\":\"T\u00e9moignages de Gazaouis : La survie qui s\u2019organise au jour le jour dans l\u2019enfer de Gaza \u2013 partie 592 \/ 9.12 \u2013\u00a0Un camp dans la douleur : ce qu&rsquo;il reste de la vie\"}]},{\"@type\":\"WebSite\",\"@id\":\"https:\/\/ismfrance.org\/#website\",\"url\":\"https:\/\/ismfrance.org\/\",\"name\":\"ISM Palestine France\",\"description\":\"Soutien aux luttes de lib\u00e9ration du peuple palestinien\",\"publisher\":{\"@id\":\"https:\/\/ismfrance.org\/#organization\"},\"potentialAction\":[{\"@type\":\"SearchAction\",\"target\":{\"@type\":\"EntryPoint\",\"urlTemplate\":\"https:\/\/ismfrance.org\/?s={search_term_string}\"},\"query-input\":{\"@type\":\"PropertyValueSpecification\",\"valueRequired\":true,\"valueName\":\"search_term_string\"}}],\"inLanguage\":\"fr-FR\"},{\"@type\":\"Organization\",\"@id\":\"https:\/\/ismfrance.org\/#organization\",\"name\":\"International Solidarity Movement\",\"url\":\"https:\/\/ismfrance.org\/\",\"logo\":{\"@type\":\"ImageObject\",\"inLanguage\":\"fr-FR\",\"@id\":\"https:\/\/ismfrance.org\/#\/schema\/logo\/image\/\",\"url\":\"https:\/\/ismfrance.org\/wp-content\/uploads\/2020\/12\/00.png\",\"contentUrl\":\"https:\/\/ismfrance.org\/wp-content\/uploads\/2020\/12\/00.png\",\"width\":400,\"height\":400,\"caption\":\"International Solidarity Movement\"},\"image\":{\"@id\":\"https:\/\/ismfrance.org\/#\/schema\/logo\/image\/\"},\"sameAs\":[\"https:\/\/x.com\/ISMFRANCE\"]},{\"@type\":\"Person\",\"@id\":\"https:\/\/ismfrance.org\/#\/schema\/person\/3c411eb72adfaae19c0dca1f41fae01d\",\"name\":\"mru_01\",\"image\":{\"@type\":\"ImageObject\",\"inLanguage\":\"fr-FR\",\"@id\":\"https:\/\/secure.gravatar.com\/avatar\/3a0be343b445d2ccc79e87444a294fad2b232e90d2051d0e3cc219e1ecd6a330?s=96&d=mm&r=g\",\"url\":\"https:\/\/secure.gravatar.com\/avatar\/3a0be343b445d2ccc79e87444a294fad2b232e90d2051d0e3cc219e1ecd6a330?s=96&d=mm&r=g\",\"contentUrl\":\"https:\/\/secure.gravatar.com\/avatar\/3a0be343b445d2ccc79e87444a294fad2b232e90d2051d0e3cc219e1ecd6a330?s=96&d=mm&r=g\",\"caption\":\"mru_01\"},\"url\":\"https:\/\/ismfrance.org\/index.php\/author\/admin02\/\"}]}<\/script>\n<!-- \/ Yoast SEO plugin. -->","yoast_head_json":{"title":"T\u00e9moignages de Gazaouis : La survie qui s\u2019organise au jour le jour dans l\u2019enfer de Gaza \u2013 partie 592 \/ 9.12 \u2013\u00a0Un camp dans la douleur : ce qu'il reste de la vie - International Solidarity Movement - ISM-France","robots":{"index":"index","follow":"follow","max-snippet":"max-snippet:-1","max-image-preview":"max-image-preview:large","max-video-preview":"max-video-preview:-1"},"canonical":"https:\/\/ismfrance.org\/index.php\/2025\/12\/10\/temoignages-de-gazaouis-la-survie-qui-sorganise-au-jour-le-jour-dans-lenfer-de-gaza-partie-592-9-12-un-camp-dans-la-douleur-ce-quil-reste-de-la-vie\/","og_locale":"fr_FR","og_type":"article","og_title":"T\u00e9moignages de Gazaouis : La survie qui s\u2019organise au jour le jour dans l\u2019enfer de Gaza \u2013 partie 592 \/ 9.12 \u2013\u00a0Un camp dans la douleur : ce qu'il reste de la vie - International Solidarity Movement - ISM-France","og_description":"Brigitte Challande, 10 d\u00e9cembre 2025.- Le compte rendu de la deuxi\u00e8me initiative pour que l\u2019hiver \u00e0 Gaza se passe \u00ab\u00a0au chaud\u00a0\u00bb. 9 d\u00e9cembre. \u00ab\u00a0M\u00eame les cauchemars les plus sombres n\u2019auraient Lire la suite &rarr;","og_url":"https:\/\/ismfrance.org\/index.php\/2025\/12\/10\/temoignages-de-gazaouis-la-survie-qui-sorganise-au-jour-le-jour-dans-lenfer-de-gaza-partie-592-9-12-un-camp-dans-la-douleur-ce-quil-reste-de-la-vie\/","og_site_name":"International Solidarity Movement - ISM-France","article_published_time":"2025-12-10T09:12:27+00:00","article_modified_time":"2025-12-10T09:15:06+00:00","og_image":[{"width":2560,"height":1440,"url":"https:\/\/ismfrance.org\/wp-content\/uploads\/2025\/12\/instal-tente2-scaled.jpg","type":"image\/jpeg"}],"author":"mru_01","twitter_card":"summary_large_image","twitter_creator":"@ISMFRANCE","twitter_site":"@ISMFRANCE","twitter_misc":{"\u00c9crit par":"mru_01","Dur\u00e9e de lecture estim\u00e9e":"9 minutes"},"schema":{"@context":"https:\/\/schema.org","@graph":[{"@type":"Article","@id":"https:\/\/ismfrance.org\/index.php\/2025\/12\/10\/temoignages-de-gazaouis-la-survie-qui-sorganise-au-jour-le-jour-dans-lenfer-de-gaza-partie-592-9-12-un-camp-dans-la-douleur-ce-quil-reste-de-la-vie\/#article","isPartOf":{"@id":"https:\/\/ismfrance.org\/index.php\/2025\/12\/10\/temoignages-de-gazaouis-la-survie-qui-sorganise-au-jour-le-jour-dans-lenfer-de-gaza-partie-592-9-12-un-camp-dans-la-douleur-ce-quil-reste-de-la-vie\/"},"author":{"name":"mru_01","@id":"https:\/\/ismfrance.org\/#\/schema\/person\/3c411eb72adfaae19c0dca1f41fae01d"},"headline":"T\u00e9moignages de Gazaouis : La survie qui s\u2019organise au jour le jour dans l\u2019enfer de Gaza \u2013 partie 592 \/ 9.12 \u2013\u00a0Un camp dans la douleur : ce qu&rsquo;il reste de la vie","datePublished":"2025-12-10T09:12:27+00:00","dateModified":"2025-12-10T09:15:06+00:00","mainEntityOfPage":{"@id":"https:\/\/ismfrance.org\/index.php\/2025\/12\/10\/temoignages-de-gazaouis-la-survie-qui-sorganise-au-jour-le-jour-dans-lenfer-de-gaza-partie-592-9-12-un-camp-dans-la-douleur-ce-quil-reste-de-la-vie\/"},"wordCount":1423,"publisher":{"@id":"https:\/\/ismfrance.org\/#organization"},"image":{"@id":"https:\/\/ismfrance.org\/index.php\/2025\/12\/10\/temoignages-de-gazaouis-la-survie-qui-sorganise-au-jour-le-jour-dans-lenfer-de-gaza-partie-592-9-12-un-camp-dans-la-douleur-ce-quil-reste-de-la-vie\/#primaryimage"},"thumbnailUrl":"https:\/\/ismfrance.org\/wp-content\/uploads\/2025\/12\/instal-tente2-scaled.jpg","keywords":["solidarit\u00e9"],"articleSection":["Articles","T\u00e9moignages"],"inLanguage":"fr-FR"},{"@type":"WebPage","@id":"https:\/\/ismfrance.org\/index.php\/2025\/12\/10\/temoignages-de-gazaouis-la-survie-qui-sorganise-au-jour-le-jour-dans-lenfer-de-gaza-partie-592-9-12-un-camp-dans-la-douleur-ce-quil-reste-de-la-vie\/","url":"https:\/\/ismfrance.org\/index.php\/2025\/12\/10\/temoignages-de-gazaouis-la-survie-qui-sorganise-au-jour-le-jour-dans-lenfer-de-gaza-partie-592-9-12-un-camp-dans-la-douleur-ce-quil-reste-de-la-vie\/","name":"T\u00e9moignages de Gazaouis : La survie qui s\u2019organise au jour le jour dans l\u2019enfer de Gaza \u2013 partie 592 \/ 9.12 \u2013\u00a0Un camp dans la douleur : ce qu'il reste de la vie - International Solidarity Movement - ISM-France","isPartOf":{"@id":"https:\/\/ismfrance.org\/#website"},"primaryImageOfPage":{"@id":"https:\/\/ismfrance.org\/index.php\/2025\/12\/10\/temoignages-de-gazaouis-la-survie-qui-sorganise-au-jour-le-jour-dans-lenfer-de-gaza-partie-592-9-12-un-camp-dans-la-douleur-ce-quil-reste-de-la-vie\/#primaryimage"},"image":{"@id":"https:\/\/ismfrance.org\/index.php\/2025\/12\/10\/temoignages-de-gazaouis-la-survie-qui-sorganise-au-jour-le-jour-dans-lenfer-de-gaza-partie-592-9-12-un-camp-dans-la-douleur-ce-quil-reste-de-la-vie\/#primaryimage"},"thumbnailUrl":"https:\/\/ismfrance.org\/wp-content\/uploads\/2025\/12\/instal-tente2-scaled.jpg","datePublished":"2025-12-10T09:12:27+00:00","dateModified":"2025-12-10T09:15:06+00:00","breadcrumb":{"@id":"https:\/\/ismfrance.org\/index.php\/2025\/12\/10\/temoignages-de-gazaouis-la-survie-qui-sorganise-au-jour-le-jour-dans-lenfer-de-gaza-partie-592-9-12-un-camp-dans-la-douleur-ce-quil-reste-de-la-vie\/#breadcrumb"},"inLanguage":"fr-FR","potentialAction":[{"@type":"ReadAction","target":["https:\/\/ismfrance.org\/index.php\/2025\/12\/10\/temoignages-de-gazaouis-la-survie-qui-sorganise-au-jour-le-jour-dans-lenfer-de-gaza-partie-592-9-12-un-camp-dans-la-douleur-ce-quil-reste-de-la-vie\/"]}]},{"@type":"ImageObject","inLanguage":"fr-FR","@id":"https:\/\/ismfrance.org\/index.php\/2025\/12\/10\/temoignages-de-gazaouis-la-survie-qui-sorganise-au-jour-le-jour-dans-lenfer-de-gaza-partie-592-9-12-un-camp-dans-la-douleur-ce-quil-reste-de-la-vie\/#primaryimage","url":"https:\/\/ismfrance.org\/wp-content\/uploads\/2025\/12\/instal-tente2-scaled.jpg","contentUrl":"https:\/\/ismfrance.org\/wp-content\/uploads\/2025\/12\/instal-tente2-scaled.jpg","width":2560,"height":1440},{"@type":"BreadcrumbList","@id":"https:\/\/ismfrance.org\/index.php\/2025\/12\/10\/temoignages-de-gazaouis-la-survie-qui-sorganise-au-jour-le-jour-dans-lenfer-de-gaza-partie-592-9-12-un-camp-dans-la-douleur-ce-quil-reste-de-la-vie\/#breadcrumb","itemListElement":[{"@type":"ListItem","position":1,"name":"Accueil","item":"https:\/\/ismfrance.org\/"},{"@type":"ListItem","position":2,"name":"T\u00e9moignages de Gazaouis : La survie qui s\u2019organise au jour le jour dans l\u2019enfer de Gaza \u2013 partie 592 \/ 9.12 \u2013\u00a0Un camp dans la douleur : ce qu&rsquo;il reste de la vie"}]},{"@type":"WebSite","@id":"https:\/\/ismfrance.org\/#website","url":"https:\/\/ismfrance.org\/","name":"ISM Palestine France","description":"Soutien aux luttes de lib\u00e9ration du peuple palestinien","publisher":{"@id":"https:\/\/ismfrance.org\/#organization"},"potentialAction":[{"@type":"SearchAction","target":{"@type":"EntryPoint","urlTemplate":"https:\/\/ismfrance.org\/?s={search_term_string}"},"query-input":{"@type":"PropertyValueSpecification","valueRequired":true,"valueName":"search_term_string"}}],"inLanguage":"fr-FR"},{"@type":"Organization","@id":"https:\/\/ismfrance.org\/#organization","name":"International Solidarity Movement","url":"https:\/\/ismfrance.org\/","logo":{"@type":"ImageObject","inLanguage":"fr-FR","@id":"https:\/\/ismfrance.org\/#\/schema\/logo\/image\/","url":"https:\/\/ismfrance.org\/wp-content\/uploads\/2020\/12\/00.png","contentUrl":"https:\/\/ismfrance.org\/wp-content\/uploads\/2020\/12\/00.png","width":400,"height":400,"caption":"International Solidarity Movement"},"image":{"@id":"https:\/\/ismfrance.org\/#\/schema\/logo\/image\/"},"sameAs":["https:\/\/x.com\/ISMFRANCE"]},{"@type":"Person","@id":"https:\/\/ismfrance.org\/#\/schema\/person\/3c411eb72adfaae19c0dca1f41fae01d","name":"mru_01","image":{"@type":"ImageObject","inLanguage":"fr-FR","@id":"https:\/\/secure.gravatar.com\/avatar\/3a0be343b445d2ccc79e87444a294fad2b232e90d2051d0e3cc219e1ecd6a330?s=96&d=mm&r=g","url":"https:\/\/secure.gravatar.com\/avatar\/3a0be343b445d2ccc79e87444a294fad2b232e90d2051d0e3cc219e1ecd6a330?s=96&d=mm&r=g","contentUrl":"https:\/\/secure.gravatar.com\/avatar\/3a0be343b445d2ccc79e87444a294fad2b232e90d2051d0e3cc219e1ecd6a330?s=96&d=mm&r=g","caption":"mru_01"},"url":"https:\/\/ismfrance.org\/index.php\/author\/admin02\/"}]}},"_links":{"self":[{"href":"https:\/\/ismfrance.org\/index.php\/wp-json\/wp\/v2\/posts\/25426","targetHints":{"allow":["GET"]}}],"collection":[{"href":"https:\/\/ismfrance.org\/index.php\/wp-json\/wp\/v2\/posts"}],"about":[{"href":"https:\/\/ismfrance.org\/index.php\/wp-json\/wp\/v2\/types\/post"}],"author":[{"embeddable":true,"href":"https:\/\/ismfrance.org\/index.php\/wp-json\/wp\/v2\/users\/3"}],"replies":[{"embeddable":true,"href":"https:\/\/ismfrance.org\/index.php\/wp-json\/wp\/v2\/comments?post=25426"}],"version-history":[{"count":0,"href":"https:\/\/ismfrance.org\/index.php\/wp-json\/wp\/v2\/posts\/25426\/revisions"}],"wp:featuredmedia":[{"embeddable":true,"href":"https:\/\/ismfrance.org\/index.php\/wp-json\/wp\/v2\/media\/25429"}],"wp:attachment":[{"href":"https:\/\/ismfrance.org\/index.php\/wp-json\/wp\/v2\/media?parent=25426"}],"wp:term":[{"taxonomy":"category","embeddable":true,"href":"https:\/\/ismfrance.org\/index.php\/wp-json\/wp\/v2\/categories?post=25426"},{"taxonomy":"post_tag","embeddable":true,"href":"https:\/\/ismfrance.org\/index.php\/wp-json\/wp\/v2\/tags?post=25426"}],"curies":[{"name":"wp","href":"https:\/\/api.w.org\/{rel}","templated":true}]}}