{"id":25419,"date":"2025-12-09T19:28:21","date_gmt":"2025-12-09T18:28:21","guid":{"rendered":"https:\/\/ismfrance.org\/?p=25419"},"modified":"2025-12-09T19:28:59","modified_gmt":"2025-12-09T18:28:59","slug":"brique-par-brique-lexpansion-de-la-ligne-jaune-engloutit-gaza","status":"publish","type":"post","link":"https:\/\/ismfrance.org\/index.php\/2025\/12\/09\/brique-par-brique-lexpansion-de-la-ligne-jaune-engloutit-gaza\/","title":{"rendered":"Brique par brique, l&rsquo;expansion de la Ligne jaune engloutit Gaza"},"content":{"rendered":"<p><span style=\"color: #000000;\"><span style=\"font-family: Arial, sans-serif;\"><span style=\"font-size: medium;\"><strong>Mahmoud Sharqawi, 9 d\u00e9cembre 2025.<\/strong> \u2013 Le 20 octobre 2025, l&rsquo;arm\u00e9e d&rsquo;occupation a commenc\u00e9 \u00e0 installer la \u00ab ligne jaune \u00bb \u00e0 travers la bande de Gaza, conform\u00e9ment \u00e0 l&rsquo;accord de cessez-le-feu entr\u00e9 en vigueur le 9 octobre 2025. Des blocs de b\u00e9ton peints en jaune vif ont \u00e9t\u00e9 plac\u00e9s le long du trac\u00e9 d\u00e9fini dans l&rsquo;accord.<\/span><\/span><\/span><\/p>\n<div id=\"attachment_25421\" style=\"width: 610px\" class=\"wp-caption aligncenter\"><a href=\"https:\/\/ismfrance.org\/wp-content\/uploads\/2025\/12\/yellow-blocks.jpg\"><img loading=\"lazy\" decoding=\"async\" aria-describedby=\"caption-attachment-25421\" class=\"size-large wp-image-25421\" src=\"https:\/\/ismfrance.org\/wp-content\/uploads\/2025\/12\/yellow-blocks-700x503.jpg\" alt=\"\" width=\"600\" height=\"431\" srcset=\"https:\/\/ismfrance.org\/wp-content\/uploads\/2025\/12\/yellow-blocks-700x503.jpg 700w, https:\/\/ismfrance.org\/wp-content\/uploads\/2025\/12\/yellow-blocks-300x216.jpg 300w, https:\/\/ismfrance.org\/wp-content\/uploads\/2025\/12\/yellow-blocks-768x552.jpg 768w, https:\/\/ismfrance.org\/wp-content\/uploads\/2025\/12\/yellow-blocks.jpg 800w\" sizes=\"auto, (max-width: 600px) 100vw, 600px\" \/><\/a><p id=\"caption-attachment-25421\" class=\"wp-caption-text\"><em><strong>Les forces d&rsquo;occupation isra\u00e9liennes ont d\u00e9plac\u00e9 les b;ocks de b\u00e9ton jaune plus loin dans Bani Suhaila, \u00e0 l&rsquo;est de Khan Younis, pla\u00e7ant soudainement des familles palestiniennes d\u00e9plac\u00e9es \u00e0 l&rsquo;int\u00e9rieur de la soi-disant \u00ab zone de la ligne jaune \u00bb alors qu&rsquo;elles \u00e9taient r\u00e9fugi\u00e9es \u00e0 l&rsquo;\u00e9cole Malak g\u00e9r\u00e9e par l&rsquo;UNRWA. (source avec d&rsquo;autres photos <a href=\"https:\/\/x.com\/QudsNen\/status\/1998401407766995142\">Quds News Network<\/a>).<\/strong><\/em><\/p><\/div>\n<p><span style=\"color: #000000;\"><span style=\"font-family: Arial, sans-serif;\"><span style=\"font-size: medium;\">Dans le calme relatif qui a suivi le cessez-le-feu, de nombreux Palestiniens d\u00e9plac\u00e9s, qui avaient fui vers le centre et le sud de Gaza, ont commenc\u00e9 \u00e0 regagner leurs foyers, rassur\u00e9s par le fait que leurs maisons se situaient \u00e0 l&rsquo;ouest de la ligne jaune, selon la classification de l&rsquo;arm\u00e9e d&rsquo;occupation.<\/span><\/span><\/span><\/p>\n<p><span style=\"color: #000000;\"><span style=\"font-family: Arial, sans-serif;\"><span style=\"font-size: medium;\">Mais Isra\u00ebl n&rsquo;a pas respect\u00e9 l&rsquo;accord. Les personnes de retour chez elles ou tentant de se r\u00e9installer pr\u00e8s de la ligne jaune ont \u00e9t\u00e9 la cible de tirs \u2013 un message clair signifiant que leur retour \u00e9tait ind\u00e9sirable. Rapidement, et en violation des termes du cessez-le-feu, Isra\u00ebl a commenc\u00e9 \u00e0 repousser progressivement la ligne jaune vers l&rsquo;ouest, s&#8217;emparant de nouvelles zones et les ajoutant \u00e0 la zone situ\u00e9e derri\u00e8re elle. Cette expansion fut brutale et rapide. Durant toute la nuit, les quartiers proches de la ligne furent pilonn\u00e9s par des barrages de missiles et des bombardements, faisant des victimes tandis que les v\u00e9hicules militaires avan\u00e7aient et d\u00e9pla\u00e7aient les blocs de b\u00e9ton plus \u00e0 l&rsquo;ouest. Au matin, les habitants se r\u00e9veillaient et se retrouvaient soudainement du mauvais c\u00f4t\u00e9 de la ligne jaune. Cela d\u00e9clencha une nouvelle vague de d\u00e9placements massifs de population.<\/span><\/span><\/span><\/p>\n<p><span style=\"color: #000000;\"><span style=\"font-family: Arial, sans-serif;\"><span style=\"font-size: medium;\">Salah al-Sawwaf raconta \u00e0 <i>Al-Akhbar<\/i> qu&rsquo;\u00e0 son retour chez lui \u00e0 Shujaiiyya, \u00e0 l&rsquo;est de la ville de Gaza et pr\u00e8s de la ligne jaune, il se retrouva pris dans une attaque inattendue. Sa premi\u00e8re nuit de retour fut un v\u00e9ritable enfer\u00a0: l&rsquo;arm\u00e9e isra\u00e9lienne lan\u00e7a d&rsquo;intenses frappes a\u00e9riennes, dont l&rsquo;une toucha sa maison. Cette frappe tua un membre de sa famille et blessa plusieurs autres personnes. \u00c0 l&rsquo;aube, Salah d\u00e9couvrit que sa maison, auparavant \u00e0 l&rsquo;ouest de la ligne, se trouvait d\u00e9sormais derri\u00e8re elle. Les forces isra\u00e9liennes avaient profit\u00e9 de la nuit pour repousser la ligne plus \u00e0 l&rsquo;ouest. Sans autre choix, Salah et sa famille furent contraints de fuir une fois de plus, cette fois-ci vers al-Mawasi, \u00e0 Khan Younis. Cela marqua un nouveau chapitre dans un p\u00e9riple sans fin de d\u00e9placements forc\u00e9s.<\/span><\/span><\/span><\/p>\n<p><a href=\"https:\/\/ismfrance.org\/wp-content\/uploads\/2025\/12\/ligne-jaune.png\"><img loading=\"lazy\" decoding=\"async\" class=\"size-full wp-image-25423 aligncenter\" src=\"https:\/\/ismfrance.org\/wp-content\/uploads\/2025\/12\/ligne-jaune.png\" alt=\"\" width=\"595\" height=\"600\" srcset=\"https:\/\/ismfrance.org\/wp-content\/uploads\/2025\/12\/ligne-jaune.png 595w, https:\/\/ismfrance.org\/wp-content\/uploads\/2025\/12\/ligne-jaune-298x300.png 298w, https:\/\/ismfrance.org\/wp-content\/uploads\/2025\/12\/ligne-jaune-150x150.png 150w, https:\/\/ismfrance.org\/wp-content\/uploads\/2025\/12\/ligne-jaune-144x144.png 144w\" sizes=\"auto, (max-width: 595px) 100vw, 595px\" \/><\/a><\/p>\n<p><span style=\"color: #000000;\"><span style=\"font-family: Arial, sans-serif;\"><span style=\"font-size: medium;\">Entre une ligne jaune qui ne cesse de s&rsquo;\u00e9tendre et des vagues terrifiantes de frappes a\u00e9riennes, les Gazaouis se retrouvent pris au pi\u00e8ge entre un accord qu&rsquo;Isra\u00ebl refuse d&rsquo;honorer et une r\u00e9alit\u00e9 qui se transforme violemment, au prix de leurs maisons et de leurs vies. Le d\u00e9placement forc\u00e9 n&rsquo;est plus une urgence, mais un mode de vie, contraignant les gens \u00e0 rassembler ce qui leur reste de souvenirs et \u00e0 fuir vers des zones qu&rsquo;ils esp\u00e8rent s\u00fbres, au moins pour un temps. <\/span><\/span><\/span><\/p>\n<p><span style=\"color: #000000;\"><span style=\"font-family: Arial, sans-serif;\"><span style=\"font-size: medium;\">Alors qu&rsquo;Isra\u00ebl continue de s&#8217;emparer de terres et de cibler les habitants qui rentrent chez eux, la recherche d&rsquo;un abri ressemble de plus en plus \u00e0 une course-poursuite apr\u00e8s un horizon lointain, qui s&rsquo;\u00e9loigne toujours plus \u00e0 mesure qu&rsquo;il se rapproche.<\/span><\/span><\/span><\/p>\n<p><em><strong><span style=\"color: #000000;\"><span style=\"font-family: Arial, sans-serif;\"><span style=\"font-size: medium;\">Article original en anglais sur <a href=\"https:\/\/en.al-akhbar.com\/news\/brick-by-brick--yellow-line-expansion-devours-gaza\">Al-Akhbar<\/a> \/ Traduction MR<\/span><\/span><\/span><\/strong><\/em><\/p>\n","protected":false},"excerpt":{"rendered":"<p>Mahmoud Sharqawi, 9 d\u00e9cembre 2025. \u2013 Le 20 octobre 2025, l&rsquo;arm\u00e9e d&rsquo;occupation a commenc\u00e9 \u00e0 installer la \u00ab ligne jaune \u00bb \u00e0 travers la bande de Gaza, conform\u00e9ment \u00e0 l&rsquo;accord <a class=\"more-link\" href=\"https:\/\/ismfrance.org\/index.php\/2025\/12\/09\/brique-par-brique-lexpansion-de-la-ligne-jaune-engloutit-gaza\/\">Lire la suite &rarr;<\/a><\/p>\n","protected":false},"author":3,"featured_media":25421,"comment_status":"closed","ping_status":"closed","sticky":false,"template":"","format":"standard","meta":{"footnotes":""},"categories":[12,2],"tags":[437,45],"class_list":["post-25419","post","type-post","status-publish","format-standard","has-post-thumbnail","hentry","category-analyses","category-articles","tag-cessez-le-feu","tag-nettoyage-ethnique"],"yoast_head":"<!-- This site is optimized with the Yoast SEO plugin v27.2 - https:\/\/yoast.com\/product\/yoast-seo-wordpress\/ -->\n<title>Brique par brique, l&#039;expansion de la Ligne jaune engloutit Gaza - International Solidarity Movement - ISM-France<\/title>\n<meta name=\"robots\" content=\"index, follow, max-snippet:-1, max-image-preview:large, max-video-preview:-1\" \/>\n<link rel=\"canonical\" href=\"https:\/\/ismfrance.org\/index.php\/2025\/12\/09\/brique-par-brique-lexpansion-de-la-ligne-jaune-engloutit-gaza\/\" \/>\n<meta property=\"og:locale\" content=\"fr_FR\" \/>\n<meta property=\"og:type\" content=\"article\" \/>\n<meta property=\"og:title\" content=\"Brique par brique, l&#039;expansion de la Ligne jaune engloutit Gaza - International Solidarity Movement - ISM-France\" \/>\n<meta property=\"og:description\" content=\"Mahmoud Sharqawi, 9 d\u00e9cembre 2025. \u2013 Le 20 octobre 2025, l&rsquo;arm\u00e9e d&rsquo;occupation a commenc\u00e9 \u00e0 installer la \u00ab ligne jaune \u00bb \u00e0 travers la bande de Gaza, conform\u00e9ment \u00e0 l&rsquo;accord Lire la suite &rarr;\" \/>\n<meta property=\"og:url\" content=\"https:\/\/ismfrance.org\/index.php\/2025\/12\/09\/brique-par-brique-lexpansion-de-la-ligne-jaune-engloutit-gaza\/\" \/>\n<meta property=\"og:site_name\" content=\"International Solidarity Movement - ISM-France\" \/>\n<meta property=\"article:published_time\" content=\"2025-12-09T18:28:21+00:00\" \/>\n<meta property=\"article:modified_time\" content=\"2025-12-09T18:28:59+00:00\" \/>\n<meta property=\"og:image\" content=\"https:\/\/ismfrance.org\/wp-content\/uploads\/2025\/12\/yellow-blocks.jpg\" \/>\n\t<meta property=\"og:image:width\" content=\"800\" \/>\n\t<meta property=\"og:image:height\" content=\"575\" \/>\n\t<meta property=\"og:image:type\" content=\"image\/jpeg\" \/>\n<meta name=\"author\" content=\"mru_01\" \/>\n<meta name=\"twitter:card\" content=\"summary_large_image\" \/>\n<meta name=\"twitter:creator\" content=\"@ISMFRANCE\" \/>\n<meta name=\"twitter:site\" content=\"@ISMFRANCE\" \/>\n<meta name=\"twitter:label1\" content=\"\u00c9crit par\" \/>\n\t<meta name=\"twitter:data1\" content=\"mru_01\" \/>\n\t<meta name=\"twitter:label2\" content=\"Dur\u00e9e de lecture estim\u00e9e\" \/>\n\t<meta name=\"twitter:data2\" content=\"4 minutes\" \/>\n<script type=\"application\/ld+json\" class=\"yoast-schema-graph\">{\"@context\":\"https:\/\/schema.org\",\"@graph\":[{\"@type\":\"Article\",\"@id\":\"https:\/\/ismfrance.org\/index.php\/2025\/12\/09\/brique-par-brique-lexpansion-de-la-ligne-jaune-engloutit-gaza\/#article\",\"isPartOf\":{\"@id\":\"https:\/\/ismfrance.org\/index.php\/2025\/12\/09\/brique-par-brique-lexpansion-de-la-ligne-jaune-engloutit-gaza\/\"},\"author\":{\"name\":\"mru_01\",\"@id\":\"https:\/\/ismfrance.org\/#\/schema\/person\/3c411eb72adfaae19c0dca1f41fae01d\"},\"headline\":\"Brique par brique, l&rsquo;expansion de la Ligne jaune engloutit Gaza\",\"datePublished\":\"2025-12-09T18:28:21+00:00\",\"dateModified\":\"2025-12-09T18:28:59+00:00\",\"mainEntityOfPage\":{\"@id\":\"https:\/\/ismfrance.org\/index.php\/2025\/12\/09\/brique-par-brique-lexpansion-de-la-ligne-jaune-engloutit-gaza\/\"},\"wordCount\":652,\"publisher\":{\"@id\":\"https:\/\/ismfrance.org\/#organization\"},\"image\":{\"@id\":\"https:\/\/ismfrance.org\/index.php\/2025\/12\/09\/brique-par-brique-lexpansion-de-la-ligne-jaune-engloutit-gaza\/#primaryimage\"},\"thumbnailUrl\":\"https:\/\/ismfrance.org\/wp-content\/uploads\/2025\/12\/yellow-blocks.jpg\",\"keywords\":[\"cessez-le-feu\",\"nettoyage ethnique\"],\"articleSection\":[\"Analyses\",\"Articles\"],\"inLanguage\":\"fr-FR\"},{\"@type\":\"WebPage\",\"@id\":\"https:\/\/ismfrance.org\/index.php\/2025\/12\/09\/brique-par-brique-lexpansion-de-la-ligne-jaune-engloutit-gaza\/\",\"url\":\"https:\/\/ismfrance.org\/index.php\/2025\/12\/09\/brique-par-brique-lexpansion-de-la-ligne-jaune-engloutit-gaza\/\",\"name\":\"Brique par brique, l'expansion de la Ligne jaune engloutit Gaza - International Solidarity Movement - ISM-France\",\"isPartOf\":{\"@id\":\"https:\/\/ismfrance.org\/#website\"},\"primaryImageOfPage\":{\"@id\":\"https:\/\/ismfrance.org\/index.php\/2025\/12\/09\/brique-par-brique-lexpansion-de-la-ligne-jaune-engloutit-gaza\/#primaryimage\"},\"image\":{\"@id\":\"https:\/\/ismfrance.org\/index.php\/2025\/12\/09\/brique-par-brique-lexpansion-de-la-ligne-jaune-engloutit-gaza\/#primaryimage\"},\"thumbnailUrl\":\"https:\/\/ismfrance.org\/wp-content\/uploads\/2025\/12\/yellow-blocks.jpg\",\"datePublished\":\"2025-12-09T18:28:21+00:00\",\"dateModified\":\"2025-12-09T18:28:59+00:00\",\"breadcrumb\":{\"@id\":\"https:\/\/ismfrance.org\/index.php\/2025\/12\/09\/brique-par-brique-lexpansion-de-la-ligne-jaune-engloutit-gaza\/#breadcrumb\"},\"inLanguage\":\"fr-FR\",\"potentialAction\":[{\"@type\":\"ReadAction\",\"target\":[\"https:\/\/ismfrance.org\/index.php\/2025\/12\/09\/brique-par-brique-lexpansion-de-la-ligne-jaune-engloutit-gaza\/\"]}]},{\"@type\":\"ImageObject\",\"inLanguage\":\"fr-FR\",\"@id\":\"https:\/\/ismfrance.org\/index.php\/2025\/12\/09\/brique-par-brique-lexpansion-de-la-ligne-jaune-engloutit-gaza\/#primaryimage\",\"url\":\"https:\/\/ismfrance.org\/wp-content\/uploads\/2025\/12\/yellow-blocks.jpg\",\"contentUrl\":\"https:\/\/ismfrance.org\/wp-content\/uploads\/2025\/12\/yellow-blocks.jpg\",\"width\":800,\"height\":575,\"caption\":\"Les forces d'occupation isra\u00e9liennes ont d\u00e9plac\u00e9 les barri\u00e8res en b\u00e9ton jaune plus loin dans Bani Suhaila, \u00e0 l'est de Khan Younis, pla\u00e7ant soudainement des familles palestiniennes d\u00e9plac\u00e9es \u00e0 l'int\u00e9rieur de la soi-disant \u00ab zone de la ligne jaune \u00bb alors qu'elles \u00e9taient r\u00e9fugi\u00e9es \u00e0 l'\u00e9cole Malak g\u00e9r\u00e9e par l'UNRWA.\"},{\"@type\":\"BreadcrumbList\",\"@id\":\"https:\/\/ismfrance.org\/index.php\/2025\/12\/09\/brique-par-brique-lexpansion-de-la-ligne-jaune-engloutit-gaza\/#breadcrumb\",\"itemListElement\":[{\"@type\":\"ListItem\",\"position\":1,\"name\":\"Accueil\",\"item\":\"https:\/\/ismfrance.org\/\"},{\"@type\":\"ListItem\",\"position\":2,\"name\":\"Brique par brique, l&rsquo;expansion de la Ligne jaune engloutit Gaza\"}]},{\"@type\":\"WebSite\",\"@id\":\"https:\/\/ismfrance.org\/#website\",\"url\":\"https:\/\/ismfrance.org\/\",\"name\":\"ISM Palestine France\",\"description\":\"Soutien aux luttes de lib\u00e9ration du peuple palestinien\",\"publisher\":{\"@id\":\"https:\/\/ismfrance.org\/#organization\"},\"potentialAction\":[{\"@type\":\"SearchAction\",\"target\":{\"@type\":\"EntryPoint\",\"urlTemplate\":\"https:\/\/ismfrance.org\/?s={search_term_string}\"},\"query-input\":{\"@type\":\"PropertyValueSpecification\",\"valueRequired\":true,\"valueName\":\"search_term_string\"}}],\"inLanguage\":\"fr-FR\"},{\"@type\":\"Organization\",\"@id\":\"https:\/\/ismfrance.org\/#organization\",\"name\":\"International Solidarity Movement\",\"url\":\"https:\/\/ismfrance.org\/\",\"logo\":{\"@type\":\"ImageObject\",\"inLanguage\":\"fr-FR\",\"@id\":\"https:\/\/ismfrance.org\/#\/schema\/logo\/image\/\",\"url\":\"https:\/\/ismfrance.org\/wp-content\/uploads\/2020\/12\/00.png\",\"contentUrl\":\"https:\/\/ismfrance.org\/wp-content\/uploads\/2020\/12\/00.png\",\"width\":400,\"height\":400,\"caption\":\"International Solidarity Movement\"},\"image\":{\"@id\":\"https:\/\/ismfrance.org\/#\/schema\/logo\/image\/\"},\"sameAs\":[\"https:\/\/x.com\/ISMFRANCE\"]},{\"@type\":\"Person\",\"@id\":\"https:\/\/ismfrance.org\/#\/schema\/person\/3c411eb72adfaae19c0dca1f41fae01d\",\"name\":\"mru_01\",\"image\":{\"@type\":\"ImageObject\",\"inLanguage\":\"fr-FR\",\"@id\":\"https:\/\/secure.gravatar.com\/avatar\/3a0be343b445d2ccc79e87444a294fad2b232e90d2051d0e3cc219e1ecd6a330?s=96&d=mm&r=g\",\"url\":\"https:\/\/secure.gravatar.com\/avatar\/3a0be343b445d2ccc79e87444a294fad2b232e90d2051d0e3cc219e1ecd6a330?s=96&d=mm&r=g\",\"contentUrl\":\"https:\/\/secure.gravatar.com\/avatar\/3a0be343b445d2ccc79e87444a294fad2b232e90d2051d0e3cc219e1ecd6a330?s=96&d=mm&r=g\",\"caption\":\"mru_01\"},\"url\":\"https:\/\/ismfrance.org\/index.php\/author\/admin02\/\"}]}<\/script>\n<!-- \/ Yoast SEO plugin. -->","yoast_head_json":{"title":"Brique par brique, l'expansion de la Ligne jaune engloutit Gaza - International Solidarity Movement - ISM-France","robots":{"index":"index","follow":"follow","max-snippet":"max-snippet:-1","max-image-preview":"max-image-preview:large","max-video-preview":"max-video-preview:-1"},"canonical":"https:\/\/ismfrance.org\/index.php\/2025\/12\/09\/brique-par-brique-lexpansion-de-la-ligne-jaune-engloutit-gaza\/","og_locale":"fr_FR","og_type":"article","og_title":"Brique par brique, l'expansion de la Ligne jaune engloutit Gaza - International Solidarity Movement - ISM-France","og_description":"Mahmoud Sharqawi, 9 d\u00e9cembre 2025. \u2013 Le 20 octobre 2025, l&rsquo;arm\u00e9e d&rsquo;occupation a commenc\u00e9 \u00e0 installer la \u00ab ligne jaune \u00bb \u00e0 travers la bande de Gaza, conform\u00e9ment \u00e0 l&rsquo;accord Lire la suite &rarr;","og_url":"https:\/\/ismfrance.org\/index.php\/2025\/12\/09\/brique-par-brique-lexpansion-de-la-ligne-jaune-engloutit-gaza\/","og_site_name":"International Solidarity Movement - ISM-France","article_published_time":"2025-12-09T18:28:21+00:00","article_modified_time":"2025-12-09T18:28:59+00:00","og_image":[{"width":800,"height":575,"url":"https:\/\/ismfrance.org\/wp-content\/uploads\/2025\/12\/yellow-blocks.jpg","type":"image\/jpeg"}],"author":"mru_01","twitter_card":"summary_large_image","twitter_creator":"@ISMFRANCE","twitter_site":"@ISMFRANCE","twitter_misc":{"\u00c9crit par":"mru_01","Dur\u00e9e de lecture estim\u00e9e":"4 minutes"},"schema":{"@context":"https:\/\/schema.org","@graph":[{"@type":"Article","@id":"https:\/\/ismfrance.org\/index.php\/2025\/12\/09\/brique-par-brique-lexpansion-de-la-ligne-jaune-engloutit-gaza\/#article","isPartOf":{"@id":"https:\/\/ismfrance.org\/index.php\/2025\/12\/09\/brique-par-brique-lexpansion-de-la-ligne-jaune-engloutit-gaza\/"},"author":{"name":"mru_01","@id":"https:\/\/ismfrance.org\/#\/schema\/person\/3c411eb72adfaae19c0dca1f41fae01d"},"headline":"Brique par brique, l&rsquo;expansion de la Ligne jaune engloutit Gaza","datePublished":"2025-12-09T18:28:21+00:00","dateModified":"2025-12-09T18:28:59+00:00","mainEntityOfPage":{"@id":"https:\/\/ismfrance.org\/index.php\/2025\/12\/09\/brique-par-brique-lexpansion-de-la-ligne-jaune-engloutit-gaza\/"},"wordCount":652,"publisher":{"@id":"https:\/\/ismfrance.org\/#organization"},"image":{"@id":"https:\/\/ismfrance.org\/index.php\/2025\/12\/09\/brique-par-brique-lexpansion-de-la-ligne-jaune-engloutit-gaza\/#primaryimage"},"thumbnailUrl":"https:\/\/ismfrance.org\/wp-content\/uploads\/2025\/12\/yellow-blocks.jpg","keywords":["cessez-le-feu","nettoyage ethnique"],"articleSection":["Analyses","Articles"],"inLanguage":"fr-FR"},{"@type":"WebPage","@id":"https:\/\/ismfrance.org\/index.php\/2025\/12\/09\/brique-par-brique-lexpansion-de-la-ligne-jaune-engloutit-gaza\/","url":"https:\/\/ismfrance.org\/index.php\/2025\/12\/09\/brique-par-brique-lexpansion-de-la-ligne-jaune-engloutit-gaza\/","name":"Brique par brique, l'expansion de la Ligne jaune engloutit Gaza - International Solidarity Movement - ISM-France","isPartOf":{"@id":"https:\/\/ismfrance.org\/#website"},"primaryImageOfPage":{"@id":"https:\/\/ismfrance.org\/index.php\/2025\/12\/09\/brique-par-brique-lexpansion-de-la-ligne-jaune-engloutit-gaza\/#primaryimage"},"image":{"@id":"https:\/\/ismfrance.org\/index.php\/2025\/12\/09\/brique-par-brique-lexpansion-de-la-ligne-jaune-engloutit-gaza\/#primaryimage"},"thumbnailUrl":"https:\/\/ismfrance.org\/wp-content\/uploads\/2025\/12\/yellow-blocks.jpg","datePublished":"2025-12-09T18:28:21+00:00","dateModified":"2025-12-09T18:28:59+00:00","breadcrumb":{"@id":"https:\/\/ismfrance.org\/index.php\/2025\/12\/09\/brique-par-brique-lexpansion-de-la-ligne-jaune-engloutit-gaza\/#breadcrumb"},"inLanguage":"fr-FR","potentialAction":[{"@type":"ReadAction","target":["https:\/\/ismfrance.org\/index.php\/2025\/12\/09\/brique-par-brique-lexpansion-de-la-ligne-jaune-engloutit-gaza\/"]}]},{"@type":"ImageObject","inLanguage":"fr-FR","@id":"https:\/\/ismfrance.org\/index.php\/2025\/12\/09\/brique-par-brique-lexpansion-de-la-ligne-jaune-engloutit-gaza\/#primaryimage","url":"https:\/\/ismfrance.org\/wp-content\/uploads\/2025\/12\/yellow-blocks.jpg","contentUrl":"https:\/\/ismfrance.org\/wp-content\/uploads\/2025\/12\/yellow-blocks.jpg","width":800,"height":575,"caption":"Les forces d'occupation isra\u00e9liennes ont d\u00e9plac\u00e9 les barri\u00e8res en b\u00e9ton jaune plus loin dans Bani Suhaila, \u00e0 l'est de Khan Younis, pla\u00e7ant soudainement des familles palestiniennes d\u00e9plac\u00e9es \u00e0 l'int\u00e9rieur de la soi-disant \u00ab zone de la ligne jaune \u00bb alors qu'elles \u00e9taient r\u00e9fugi\u00e9es \u00e0 l'\u00e9cole Malak g\u00e9r\u00e9e par l'UNRWA."},{"@type":"BreadcrumbList","@id":"https:\/\/ismfrance.org\/index.php\/2025\/12\/09\/brique-par-brique-lexpansion-de-la-ligne-jaune-engloutit-gaza\/#breadcrumb","itemListElement":[{"@type":"ListItem","position":1,"name":"Accueil","item":"https:\/\/ismfrance.org\/"},{"@type":"ListItem","position":2,"name":"Brique par brique, l&rsquo;expansion de la Ligne jaune engloutit Gaza"}]},{"@type":"WebSite","@id":"https:\/\/ismfrance.org\/#website","url":"https:\/\/ismfrance.org\/","name":"ISM Palestine France","description":"Soutien aux luttes de lib\u00e9ration du peuple palestinien","publisher":{"@id":"https:\/\/ismfrance.org\/#organization"},"potentialAction":[{"@type":"SearchAction","target":{"@type":"EntryPoint","urlTemplate":"https:\/\/ismfrance.org\/?s={search_term_string}"},"query-input":{"@type":"PropertyValueSpecification","valueRequired":true,"valueName":"search_term_string"}}],"inLanguage":"fr-FR"},{"@type":"Organization","@id":"https:\/\/ismfrance.org\/#organization","name":"International Solidarity Movement","url":"https:\/\/ismfrance.org\/","logo":{"@type":"ImageObject","inLanguage":"fr-FR","@id":"https:\/\/ismfrance.org\/#\/schema\/logo\/image\/","url":"https:\/\/ismfrance.org\/wp-content\/uploads\/2020\/12\/00.png","contentUrl":"https:\/\/ismfrance.org\/wp-content\/uploads\/2020\/12\/00.png","width":400,"height":400,"caption":"International Solidarity Movement"},"image":{"@id":"https:\/\/ismfrance.org\/#\/schema\/logo\/image\/"},"sameAs":["https:\/\/x.com\/ISMFRANCE"]},{"@type":"Person","@id":"https:\/\/ismfrance.org\/#\/schema\/person\/3c411eb72adfaae19c0dca1f41fae01d","name":"mru_01","image":{"@type":"ImageObject","inLanguage":"fr-FR","@id":"https:\/\/secure.gravatar.com\/avatar\/3a0be343b445d2ccc79e87444a294fad2b232e90d2051d0e3cc219e1ecd6a330?s=96&d=mm&r=g","url":"https:\/\/secure.gravatar.com\/avatar\/3a0be343b445d2ccc79e87444a294fad2b232e90d2051d0e3cc219e1ecd6a330?s=96&d=mm&r=g","contentUrl":"https:\/\/secure.gravatar.com\/avatar\/3a0be343b445d2ccc79e87444a294fad2b232e90d2051d0e3cc219e1ecd6a330?s=96&d=mm&r=g","caption":"mru_01"},"url":"https:\/\/ismfrance.org\/index.php\/author\/admin02\/"}]}},"_links":{"self":[{"href":"https:\/\/ismfrance.org\/index.php\/wp-json\/wp\/v2\/posts\/25419","targetHints":{"allow":["GET"]}}],"collection":[{"href":"https:\/\/ismfrance.org\/index.php\/wp-json\/wp\/v2\/posts"}],"about":[{"href":"https:\/\/ismfrance.org\/index.php\/wp-json\/wp\/v2\/types\/post"}],"author":[{"embeddable":true,"href":"https:\/\/ismfrance.org\/index.php\/wp-json\/wp\/v2\/users\/3"}],"replies":[{"embeddable":true,"href":"https:\/\/ismfrance.org\/index.php\/wp-json\/wp\/v2\/comments?post=25419"}],"version-history":[{"count":0,"href":"https:\/\/ismfrance.org\/index.php\/wp-json\/wp\/v2\/posts\/25419\/revisions"}],"wp:featuredmedia":[{"embeddable":true,"href":"https:\/\/ismfrance.org\/index.php\/wp-json\/wp\/v2\/media\/25421"}],"wp:attachment":[{"href":"https:\/\/ismfrance.org\/index.php\/wp-json\/wp\/v2\/media?parent=25419"}],"wp:term":[{"taxonomy":"category","embeddable":true,"href":"https:\/\/ismfrance.org\/index.php\/wp-json\/wp\/v2\/categories?post=25419"},{"taxonomy":"post_tag","embeddable":true,"href":"https:\/\/ismfrance.org\/index.php\/wp-json\/wp\/v2\/tags?post=25419"}],"curies":[{"name":"wp","href":"https:\/\/api.w.org\/{rel}","templated":true}]}}