{"id":25405,"date":"2025-12-09T09:45:43","date_gmt":"2025-12-09T08:45:43","guid":{"rendered":"https:\/\/ismfrance.org\/?p=25405"},"modified":"2025-12-09T09:45:43","modified_gmt":"2025-12-09T08:45:43","slug":"temoignages-de-gazaouis-la-survie-qui-sorganise-au-jour-le-jour-dans-lenfer-de-gaza-partie-591-8-12-realite-catastrophique-de-la-situation-humanitaire","status":"publish","type":"post","link":"https:\/\/ismfrance.org\/index.php\/2025\/12\/09\/temoignages-de-gazaouis-la-survie-qui-sorganise-au-jour-le-jour-dans-lenfer-de-gaza-partie-591-8-12-realite-catastrophique-de-la-situation-humanitaire\/","title":{"rendered":"T\u00e9moignages de Gazaouis : La survie qui s\u2019organise au jour le jour dans l\u2019enfer de Gaza \u2013 partie 591 \/ 8.12 \u2013\u00a0R\u00e9alit\u00e9 catastrophique de la situation humanitaire"},"content":{"rendered":"<p align=\"LEFT\"><span style=\"color: #000000;\"><span style=\"font-family: Arial, sans-serif;\"><span style=\"font-size: medium;\"><strong>Brigitte Challande, 9 d\u00e9cembre 2025.-<\/strong> Compte rendu hebdomadaire des actions de l\u2019UJFP dans la bande de Gaza, le 8 d\u00e9cembre.<\/span><\/span><\/span><\/p>\n<p align=\"LEFT\"><span style=\"color: #000000;\"><span style=\"font-family: Arial, sans-serif;\"><span style=\"font-size: medium;\">\u00ab\u00a0La sc\u00e8ne humanitaire dans la bande de Gaza continue de repr\u00e9senter l\u2019une des images les plus douloureuses de souffrance \u00e0 l\u2019\u00e8re moderne. Des milliers de d\u00e9plac\u00e9s forment des files interminables devant les centres de distribution de nourriture, les stations de remplissage d\u2019eau et les points de r\u00e9ception d\u2019une aide rare et difficile \u00e0 acheminer. Des hommes portant des r\u00e9cipients vides, des femmes patientant pendant des heures sous le soleil ou la pluie, des enfants aux yeux fatigu\u00e9s et aux v\u00eatements us\u00e9s : tous partagent le m\u00eame objectif : survivre dans un territoire assi\u00e9g\u00e9 o\u00f9 les conditions de vie se d\u00e9gradent chaque jour davantage.<br \/>\nEt malgr\u00e9 plus de deux mois \u00e9coul\u00e9s depuis l\u2019entr\u00e9e en vigueur de l\u2019accord de &lsquo;cessez-le-feu&rsquo;, la r\u00e9alit\u00e9 sur le terrain confirme que la situation humanitaire \u00e0 Gaza demeure catastrophique Isra\u00ebl\u00a0: l\u2019entr\u00e9e des aides essentielles destin\u00e9es aux civils continue d&rsquo;\u00eatre entrav\u00e9e et des restrictions strictes limitent l\u2019acc\u00e8s ad\u00e9quat \u00e0 la nourriture, aux m\u00e9dicaments, \u00e0 l\u2019eau et aux fournitures de secours.<\/span><\/span><\/span><\/p>\n<p align=\"LEFT\"><a href=\"https:\/\/ismfrance.org\/wp-content\/uploads\/2025\/12\/prepa.jpg\"><img loading=\"lazy\" decoding=\"async\" class=\"size-large wp-image-25407 aligncenter\" src=\"https:\/\/ismfrance.org\/wp-content\/uploads\/2025\/12\/prepa-700x394.jpg\" alt=\"\" width=\"600\" height=\"338\" srcset=\"https:\/\/ismfrance.org\/wp-content\/uploads\/2025\/12\/prepa-700x394.jpg 700w, https:\/\/ismfrance.org\/wp-content\/uploads\/2025\/12\/prepa-300x169.jpg 300w, https:\/\/ismfrance.org\/wp-content\/uploads\/2025\/12\/prepa-768x432.jpg 768w, https:\/\/ismfrance.org\/wp-content\/uploads\/2025\/12\/prepa-1536x864.jpg 1536w, https:\/\/ismfrance.org\/wp-content\/uploads\/2025\/12\/prepa-1320x743.jpg 1320w, https:\/\/ismfrance.org\/wp-content\/uploads\/2025\/12\/prepa.jpg 1600w\" sizes=\"auto, (max-width: 600px) 100vw, 600px\" \/><\/a> <a href=\"https:\/\/ismfrance.org\/wp-content\/uploads\/2025\/12\/prepa1.jpg\"><img loading=\"lazy\" decoding=\"async\" class=\"size-large wp-image-25408 aligncenter\" src=\"https:\/\/ismfrance.org\/wp-content\/uploads\/2025\/12\/prepa1-700x394.jpg\" alt=\"\" width=\"600\" height=\"338\" srcset=\"https:\/\/ismfrance.org\/wp-content\/uploads\/2025\/12\/prepa1-700x394.jpg 700w, https:\/\/ismfrance.org\/wp-content\/uploads\/2025\/12\/prepa1-300x169.jpg 300w, https:\/\/ismfrance.org\/wp-content\/uploads\/2025\/12\/prepa1-768x432.jpg 768w, https:\/\/ismfrance.org\/wp-content\/uploads\/2025\/12\/prepa1-1536x864.jpg 1536w, https:\/\/ismfrance.org\/wp-content\/uploads\/2025\/12\/prepa1-1320x743.jpg 1320w, https:\/\/ismfrance.org\/wp-content\/uploads\/2025\/12\/prepa1.jpg 1600w\" sizes=\"auto, (max-width: 600px) 100vw, 600px\" \/><\/a><\/p>\n<p align=\"LEFT\"><span style=\"color: #000000;\"><span style=\"font-family: Arial, sans-serif;\"><span style=\"font-size: medium;\">Bien que l\u2019accord, entr\u00e9 en vigueur le 10 octobre dernier, sous m\u00e9diation \u00e9gyptienne qatarie et turque, et avec un parrainage am\u00e9ricain, ait \u00e9t\u00e9 con\u00e7u pour am\u00e9liorer l\u2019acc\u00e8s humanitaire, ce qui a \u00e9t\u00e9 r\u00e9alis\u00e9 en pratique reste loin de r\u00e9pondre aux besoins immenses des habitants du territoire, \u00e9puis\u00e9s par la guerre.<br \/>\nCet accord a \u00e9t\u00e9 conclu apr\u00e8s une guerre qualifi\u00e9e de g\u00e9nocidaire ayant commenc\u00e9 le 8 octobre 2023, et qui a fait plus de 69.000 martyrs palestiniens et plus de 170.000 bless\u00e9s, dont la majorit\u00e9 sont des femmes et des enfants. \u00c0 cela s\u2019ajoute une destruction massive dont le co\u00fbt de reconstruction est estim\u00e9 par les Nations Unies \u00e0 pr\u00e8s de 70 milliards de dollars.<\/span><\/span><\/span><\/p>\n<p align=\"LEFT\"><span style=\"color: #000000;\"><span style=\"font-family: Arial, sans-serif;\"><span style=\"font-size: medium;\">Malgr\u00e9 le &lsquo;cessez-le-feu&rsquo;, les restrictions isra\u00e9liennes demeurent le principal obstacle \u00e0 l\u2019arriv\u00e9e de l\u2019aide. Le nombre de camions entrant quotidiennement \u00e0 Gaza n\u2019est pas un indicateur r\u00e9el du volume d\u2019aide effectivement livr\u00e9 aux civils, car beaucoup d\u2019entre eux arrivent avec des quantit\u00e9s tr\u00e8s limit\u00e9es, et certains ne transportent qu\u2019une petite partie de ce dont la population a r\u00e9ellement besoin.<br \/>\nCes camions, d\u00e9j\u00e0 trop peu nombreux, restent bien en de\u00e7\u00e0 du niveau requis. Ce qui parvient \u00e0 Gaza ne couvre m\u00eame pas le minimum des besoins quotidiens de plus de deux millions de Palestiniens vivant aujourd\u2019hui un d\u00e9placement massif \u00e0 l\u2019int\u00e9rieur d\u2019un territoire exigu et assi\u00e9g\u00e9.<\/span><\/span><\/span><\/p>\n<p align=\"LEFT\"><span style=\"color: #000000;\"><span style=\"font-family: Arial, sans-serif;\"><span style=\"font-size: medium;\">Le passage de Rafah demeure ferm\u00e9 \u00e0 l\u2019aide humanitaire, tandis que les entr\u00e9es se limitent aux points de Karm Abu Salem et de Kissoufim, o\u00f9 Isra\u00ebl impose de strictes restrictions \u00e0 de nombreux types d\u2019aide sous pr\u00e9texte d\u2019une \u00ab <i>possible utilisation \u00e0 des fins non humanitaires<\/i> \u00bb. \u00c0 cela s\u2019ajoutent les difficult\u00e9s rencontr\u00e9es par les ONG pour obtenir les permis n\u00e9cessaires \u00e0 l\u2019acheminement de nourriture, de m\u00e9dicaments et de fournitures de base.<\/span><\/span><\/span><\/p>\n<p align=\"LEFT\"><span style=\"color: #000000;\"><span style=\"font-family: Arial, sans-serif;\"><span style=\"font-size: medium;\"><a href=\"https:\/\/ismfrance.org\/wp-content\/uploads\/2025\/12\/distrib.jpg\"><img loading=\"lazy\" decoding=\"async\" class=\"size-large wp-image-25409 aligncenter\" src=\"https:\/\/ismfrance.org\/wp-content\/uploads\/2025\/12\/distrib-700x394.jpg\" alt=\"\" width=\"600\" height=\"338\" srcset=\"https:\/\/ismfrance.org\/wp-content\/uploads\/2025\/12\/distrib-700x394.jpg 700w, https:\/\/ismfrance.org\/wp-content\/uploads\/2025\/12\/distrib-300x169.jpg 300w, https:\/\/ismfrance.org\/wp-content\/uploads\/2025\/12\/distrib-768x432.jpg 768w, https:\/\/ismfrance.org\/wp-content\/uploads\/2025\/12\/distrib.jpg 1280w\" sizes=\"auto, (max-width: 600px) 100vw, 600px\" \/><\/a> <a href=\"https:\/\/ismfrance.org\/wp-content\/uploads\/2025\/12\/distrib0.jpg\"><img loading=\"lazy\" decoding=\"async\" class=\"size-large wp-image-25410 aligncenter\" src=\"https:\/\/ismfrance.org\/wp-content\/uploads\/2025\/12\/distrib0-700x394.jpg\" alt=\"\" width=\"600\" height=\"338\" srcset=\"https:\/\/ismfrance.org\/wp-content\/uploads\/2025\/12\/distrib0-700x394.jpg 700w, https:\/\/ismfrance.org\/wp-content\/uploads\/2025\/12\/distrib0-300x169.jpg 300w, https:\/\/ismfrance.org\/wp-content\/uploads\/2025\/12\/distrib0-768x432.jpg 768w, https:\/\/ismfrance.org\/wp-content\/uploads\/2025\/12\/distrib0-1536x864.jpg 1536w, https:\/\/ismfrance.org\/wp-content\/uploads\/2025\/12\/distrib0-1320x743.jpg 1320w, https:\/\/ismfrance.org\/wp-content\/uploads\/2025\/12\/distrib0.jpg 1600w\" sizes=\"auto, (max-width: 600px) 100vw, 600px\" \/><\/a>En cons\u00e9quence, la souffrance persiste dans les rues et les camps de Gaza : des d\u00e9plac\u00e9s vivant dans des conditions indignes, expos\u00e9s au froid, aux maladies et \u00e0 la faim, tandis que les organisations humanitaires tentent de combler, autant que possible, l\u2019immense \u00e9cart entre les besoins et ce qui parvient r\u00e9ellement aux familles.<\/span><\/span><\/span><\/p>\n<p align=\"LEFT\"><span style=\"color: #000000;\"><span style=\"font-family: Arial, sans-serif;\"><span style=\"font-size: medium;\">Malgr\u00e9 toute cette douleur, notre travail humanitaire nous r\u00e9v\u00e8le une r\u00e9alit\u00e9 \u00e9tonnante : la r\u00e9silience des Palestiniens et leur capacit\u00e9 remarquable \u00e0 s\u2019accrocher \u00e0 la vie, \u00e0 cr\u00e9er de petites lueurs d\u2019espoir au c\u0153ur du chaos. Mais le monde doit se rappeler que les civils de Gaza vivent encore des conditions inhumaines, et que le cessez-le-feu n\u2019a pas mis fin \u00e0 la catastrophe ; il en a plut\u00f4t r\u00e9v\u00e9l\u00e9 l\u2019ampleur et la profondeur. Gaza a besoin d\u2019un flux continu et s\u00e9curis\u00e9 d\u2019aide, sans restrictions politiques ou s\u00e9curitaires, car le droit \u00e0 la vie et \u00e0 la dignit\u00e9 ne doit ni \u00eatre n\u00e9goci\u00e9 ni conditionn\u00e9.<\/span><\/span><\/span><\/p>\n<p align=\"LEFT\"><span style=\"color: #000000;\"><span style=\"font-family: Arial, sans-serif;\"><span style=\"font-size: medium;\">Dans ce contexte de d\u00e9t\u00e9rioration humanitaire, les efforts de certaines organisations de secours \u00e9mergent comme de v\u00e9ritables bou\u00e9es de sauvetage \u2014 notamment les \u00e9quipes de l\u2019UJFP, qui continuent de travailler jour et nuit pour fournir des repas chauds aux d\u00e9plac\u00e9s dans les camps, particuli\u00e8rement ceux accueillant des agriculteurs r\u00e9fugi\u00e9s dans la zone des Muwassi, \u00e0 Khan Youn\u00e8s.<\/span><\/span><\/span><\/p>\n<p align=\"LEFT\"><span style=\"color: #000000;\"><span style=\"font-family: Arial, sans-serif;\"><span style=\"font-size: medium;\"><a href=\"https:\/\/ismfrance.org\/wp-content\/uploads\/2025\/12\/fillette.jpg\"><img loading=\"lazy\" decoding=\"async\" class=\"size-large wp-image-25411 aligncenter\" src=\"https:\/\/ismfrance.org\/wp-content\/uploads\/2025\/12\/fillette-700x394.jpg\" alt=\"\" width=\"600\" height=\"338\" srcset=\"https:\/\/ismfrance.org\/wp-content\/uploads\/2025\/12\/fillette-700x394.jpg 700w, https:\/\/ismfrance.org\/wp-content\/uploads\/2025\/12\/fillette-300x169.jpg 300w, https:\/\/ismfrance.org\/wp-content\/uploads\/2025\/12\/fillette-768x432.jpg 768w, https:\/\/ismfrance.org\/wp-content\/uploads\/2025\/12\/fillette-1536x864.jpg 1536w, https:\/\/ismfrance.org\/wp-content\/uploads\/2025\/12\/fillette-1320x743.jpg 1320w, https:\/\/ismfrance.org\/wp-content\/uploads\/2025\/12\/fillette.jpg 1600w\" sizes=\"auto, (max-width: 600px) 100vw, 600px\" \/><\/a>\u00c0 un moment o\u00f9 le repas chaud est devenu un \u00e9v\u00e9nement rare pour des milliers de familles, ce projet repr\u00e9sente bien plus qu\u2019une simple distribution alimentaire : il est une source de chaleur humaine, redonnant un sentiment de s\u00e9curit\u00e9 et offrant aux familles la force de r\u00e9sister au froid, \u00e0 la faim et aux maladies.<\/span><\/span><\/span><\/p>\n<p align=\"LEFT\"><span style=\"color: #000000;\"><span style=\"font-family: Arial, sans-serif;\"><span style=\"font-size: medium;\">L\u2019action de l\u2019UJFP ne se limite pas \u00e0 Khan Youn\u00e8s ; ses \u00e9quipes continuent \u00e9galement de soutenir les d\u00e9plac\u00e9s dans la r\u00e9gion de Deir al-Balah en leur fournissant des repas quotidiens, un geste qui contribue directement \u00e0 soulager des centaines de familles ayant presque tout perdu. Ces initiatives sont vitales pour des familles vivant dans des tentes d\u00e9labr\u00e9es, sans \u00e9lectricit\u00e9 ni eau potable, et d\u00e9pendant enti\u00e8rement de l\u2019aide humanitaire.<\/span><\/span><\/span><\/p>\n<p align=\"LEFT\"><span style=\"color: #000000;\"><span style=\"font-family: Arial, sans-serif;\"><span style=\"font-size: medium;\">Dans ce m\u00eame contexte, la campagne <strong>Hiver au Chaud<\/strong>, organis\u00e9e chaque ann\u00e9e par l\u2019UJFP, a \u00e9t\u00e9 lanc\u00e9e la semaine derni\u00e8re. Cette \u00e9dition a d\u00e9but\u00e9 par le soutien de quatre camps de d\u00e9plac\u00e9s dans la zone des Muwassi \u00e0 Khan Youn\u00e8s, par la distribution d\u2019\u00e9quipements d\u2019hiver tels que b\u00e2ches et tentes, afin d\u2019offrir un minimum de protection contre le froid glacial. Avec l\u2019augmentation du nombre de d\u00e9plac\u00e9s et la d\u00e9t\u00e9rioration des tentes, cette initiative vise \u00e0 redonner chaleur et dignit\u00e9 \u00e0 des milliers d\u2019enfants, de femmes et de personnes \u00e2g\u00e9es vivant dans des abris ouverts aux vents.<br \/>\nLa campagne se poursuivra dans les camps les plus touch\u00e9s du sud de la bande de Gaza, notamment dans les zones des Muwassi, de Khan Youn\u00e8s, de Deir al-Balah, de Zawaida et de Nuseirat, afin d\u2019assurer que l\u2019aide parvienne au plus grand nombre possible de familles d\u00e9plac\u00e9es.<\/span><\/span><\/span><\/p>\n<p align=\"LEFT\"><span style=\"color: #000000;\"><span style=\"font-family: Arial, sans-serif;\"><span style=\"font-size: medium;\">L\u2019importance de ces projets humanitaires ne r\u00e9side pas seulement dans leur r\u00f4le direct de fournir nourriture et abri, mais aussi dans leur valeur morale et humaine. Ils tentent de pr\u00e9server ce qu\u2019il reste de dignit\u00e9 humaine dans un environnement o\u00f9 tout a presque disparu. En l\u2019absence d\u2019alternatives et de solutions politiques r\u00e9elles, ces efforts deviennent la seule bou\u00e9e de survie pour des centaines de milliers de d\u00e9plac\u00e9s qui attendent patiemment ce qu\u2019il reste au monde \u00e0 leur offrir.<\/span><\/span><\/span><\/p>\n<div id=\"attachment_25412\" style=\"width: 347px\" class=\"wp-caption aligncenter\"><a href=\"https:\/\/ismfrance.org\/wp-content\/uploads\/2025\/12\/balancoires.png\"><img loading=\"lazy\" decoding=\"async\" aria-describedby=\"caption-attachment-25412\" class=\"wp-image-25412 size-full\" src=\"https:\/\/ismfrance.org\/wp-content\/uploads\/2025\/12\/balancoires.png\" alt=\"\" width=\"337\" height=\"451\" srcset=\"https:\/\/ismfrance.org\/wp-content\/uploads\/2025\/12\/balancoires.png 337w, https:\/\/ismfrance.org\/wp-content\/uploads\/2025\/12\/balancoires-224x300.png 224w\" sizes=\"auto, (max-width: 337px) 100vw, 337px\" \/><\/a><p id=\"caption-attachment-25412\" class=\"wp-caption-text\"><em><strong>Les enfants de Gaza jouent parmi les d\u00e9combres de leurs maisons d\u00e9truites dans la ville de Gaza, dans une tentative de capturer des moments d&rsquo;enfance au milieu de la destruction et de la guerre. Capture d&rsquo;\u00e9cran de la vid\u00e9o publi\u00e9e par <span class=\"_ap3a _aaco _aacw _aacx _aad7 _aade\" dir=\"auto\"><a href=\"https:\/\/www.instagram.com\/reel\/DSAPSJXDE9R\/?igsh=MTUxZTl1NjJ0Z2R5cA%3D%3D\">nahed_hajjaj99<\/a>.<\/span><\/strong><\/em><\/p><\/div>\n<p align=\"LEFT\"><span style=\"color: #000000;\"><span style=\"font-family: Arial, sans-serif;\"><span style=\"font-size: medium;\">Au milieu de cette obscurit\u00e9, une lueur d\u2019espoir persiste : la d\u00e9termination des gens \u00e0 survivre, l\u2019engagement des organisations humanitaires \u00e0 les soutenir, la foi profonde des Palestiniens en la valeur de la vie malgr\u00e9 toutes les tentatives de la briser.<br \/>\nLa question demeure : jusqu\u2019\u00e0 quand les civils de Gaza devront-ils attendre des heures dans de longues files pour recevoir de l\u2019aide, alors qu\u2019ils devraient obtenir leur droit fondamental \u00e0 la nourriture, \u00e0 l\u2019eau et \u00e0 la chaleur sans conditions ni souffrance ?<\/span><\/span><\/span><\/p>\n<p align=\"LEFT\"><span style=\"color: #000000;\"><span style=\"font-family: Arial, sans-serif;\"><span style=\"font-size: medium;\">Aujourd\u2019hui, la bande de Gaza se tient au bord d\u2019une catastrophe humanitaire continue. L\u2019histoire se souviendra de ceux qui se sont tenus aux c\u00f4t\u00e9s de l\u2019humain dans sa d\u00e9tresse, et de ceux qui ont ignor\u00e9 sa voix.<br \/>\nEntre les deux, l\u2019UJFP et ses \u00e9quipes poursuivent leur travail au c\u0153ur du danger, s\u2019appuyant sur la conviction profonde que la dignit\u00e9 humaine n\u2019est pas un choix, mais un droit inali\u00e9nable.\u00a0\u00bb<\/span><\/span><\/span><\/p>\n<p align=\"LEFT\"><em><strong><span style=\"color: #000000;\"><span style=\"font-family: Arial, sans-serif;\"><span style=\"font-size: medium;\">Photos et vid\u00e9os :\u00a0<\/span><\/span><\/span><span style=\"color: #000000;\"><span style=\"font-family: Arial, sans-serif;\"><span style=\"font-size: medium;\">Distribution de repas <a href=\"https:\/\/drive.google.com\/drive\/folders\/1KD7Y4NkeZKVQqZb8KQqe6bvENhzaxdfX\">au camp d&rsquo;Al-Fajr<\/a>,<\/span><\/span><\/span><span style=\"color: #000000;\"><span style=\"font-family: Arial, sans-serif;\"><span style=\"font-size: medium;\">\u00a0<a href=\"https:\/\/drive.google.com\/drive\/folders\/1fchSJNUzRKKu_j6Vrjqgz4-Bfbf5Dkqt\">au camp d&rsquo;Al-hilal.<\/a><\/span><\/span><\/span><\/strong><\/em><\/p>\n<hr \/>\n<p align=\"LEFT\"><strong>Retrouvez l\u2019ensemble des t\u00e9moignages d\u2019Abu Amir et Marsel :<\/strong><\/p>\n<pre>*<strong>Abu Amir Mutasem Ele\u00efwa<\/strong> est coordinateur des Projets paysans depuis 2016 au sud de la bande de Gaza et correspondant de l\u2019Union Juive Fran\u00e7aise pour la Paix.\r\n*<strong>Marsel Alledawi<\/strong> est responsable du Centre Ibn Sina du nord de la bande de Gaza, centre qui se consacre au suivi \u00e9ducatif et psychologique de l\u2019enfance.\r\nTous les deux sont soutenus par l\u2019UJFP en France.<\/pre>\n<p><strong><a href=\"https:\/\/ismfrance.org\/index.php\/2025\/10\/07\/temoignages-de-gazaouis-la-survie-qui-sorganise-au-jour-le-jour-dans-lenfer-de-gaza-partie-541-6-10-nourrir-les-enfants-de-deplace-e-s-du-camp-al-hilal\/\">Partie 541<\/a>\u00a0: 6 octobre.\u00a0<a href=\"https:\/\/ismfrance.org\/index.php\/2025\/10\/08\/temoignages-de-gazaouis-la-survie-qui-sorganise-au-jour-le-jour-dans-lenfer-de-gaza-partie-542-7-10-analyse-des-strategies-de-conflit\/\">Partie 542<\/a>\u00a0: 7 octobre.\u00a0<a href=\"https:\/\/ismfrance.org\/index.php\/2025\/10\/09\/temoignages-de-gazaouis-la-survie-qui-sorganise-au-jour-le-jour-dans-lenfer-de-gaza-partie-543-7-10-1-les-conditions-de-vie-des-deplace-e-s-sont-un-def\/\">Partie\u00a0543<\/a>\u00a0: 7 octobre (1).\u00a0<a href=\"https:\/\/ismfrance.org\/index.php\/2025\/10\/10\/temoignages-de-gazaouis-la-survie-qui-sorganise-au-jour-le-jour-dans-lenfer-de-gaza-partie-544-8-10-ou-en-est-le-hamas-a-gaza\/\">Partie 544<\/a>\u00a0: 8 octobre.\u00a0<a href=\"https:\/\/ismfrance.org\/index.php\/2025\/10\/10\/24148\/\">Partie 545<\/a>\u00a0: 9 -10 octobre.\u00a0<a href=\"https:\/\/ismfrance.org\/index.php\/2025\/10\/11\/temoignages-de-gazaouis-la-survie-qui-sorganise-au-jour-le-jour-dans-lenfer-de-gaza-partie-546-9-10-11-10-lhistoire-dun-peuple-qui-resi\/\">Partie 546<\/a>\u00a0 : 9-10-11 octobre.\u00a0<a href=\"https:\/\/ismfrance.org\/index.php\/2025\/10\/13\/temoignages-de-gazaouis-la-survie-qui-sorganise-au-jour-le-jour-dans-lenfer-de-gaza-partie-547-11-12-10-ateliers-de-soutien-psychologique-patrimoine-culturel\/\">Partie 547<\/a>\u00a0: 11-12 octobre.\u00a0<a href=\"https:\/\/ismfrance.org\/index.php\/2025\/10\/14\/temoignages-de-gazaouis-la-survie-qui-sorganise-au-jour-le-jour-dans-lenfer-de-gaza-partie-548-13-10-la-ville-des-tentes-renait-des-decombres\/\">Partie 548<\/a>\u00a0: 13 octobre.\u00a0<a href=\"https:\/\/ismfrance.org\/index.php\/2025\/10\/15\/temoignages-de-gazaouis-la-survie-qui-sorganise-au-jour-le-jour-dans-lenfer-de-gaza-partie-549-14-10-la-palestine-la-conscience-du-monde\/\">Partie 549<\/a>\u00a0: 14 octobre.\u00a0<a href=\"https:\/\/ismfrance.org\/index.php\/2025\/10\/17\/temoignages-de-gazaouis-la-survie-qui-sorganise-au-jour-le-jour-dans-lenfer-de-gaza-partie-550-15-10-gaza-un-symbole-mondial-de-resistance-et-de-dignite\/\">Partie 550<\/a>\u00a0: 15 octobre.\u00a0<a href=\"https:\/\/ismfrance.org\/index.php\/2025\/10\/18\/temoignages-de-gazaouis-la-survie-qui-sorganise-au-jour-le-jour-dans-lenfer-de-gaza-partie-551-17-10-revenir-dans-une-patrie-detruite\/\">Partie 551<\/a>\u00a0: 16 octobre.\u00a0<a href=\"https:\/\/ismfrance.org\/index.php\/2025\/10\/19\/temoignages-de-gazaouis-la-survie-qui-sorganise-au-jour-le-jour-dans-lenfer-de-gaza-partie-552-17-10-1-les-bombardements-se-sont-tus-le-soutien-des-de\/\">Partie\u00a0 552<\/a>\u00a0: 17 octobre.\u00a0<a href=\"https:\/\/ismfrance.org\/index.php\/2025\/10\/20\/temoignages-de-gazaouis-la-survie-qui-sorganise-au-jour-le-jour-dans-lenfer-de-gaza-partie-553-18-19-10-soutien-psychosocial-le-jour-dapres-la\/\">Partie 553<\/a>\u00a0: 18-19 octobre.\u00a0<\/strong><a href=\"https:\/\/ismfrance.org\/index.php\/2025\/10\/21\/temoignages-de-gazaouis-la-survie-qui-sorganise-au-jour-le-jour-dans-lenfer-de-gaza-partie-554-19-20-10-une-treve-sur-le-papier\/\"><strong>Partie 554<\/strong><\/a><strong>\u00a0: 19-20 octobre.<a href=\"https:\/\/ismfrance.org\/index.php\/2025\/10\/22\/temoignages-de-gazaouis-la-survie-qui-sorganise-au-jour-le-jour-dans-lenfer-de-gaza-partie-555-21-10-le-plan-de-paix-un-gout-de-trahison\/\">\u00a0Partie 555<\/a>\u00a0: 21 octobre.\u00a0<a href=\"https:\/\/ismfrance.org\/index.php\/2025\/10\/22\/temoignages-de-gazaouis-la-survie-qui-sorganise-au-jour-le-jour-dans-lenfer-de-gaza-partie-556-22-10-la-ligne-jaune\/\">Partie 556<\/a>\u00a0: 22 octobre.\u00a0<a href=\"https:\/\/ismfrance.org\/index.php\/2025\/10\/25\/temoignages-de-gazaouis-la-survie-qui-sorganise-au-jour-le-jour-dans-lenfer-de-gaza-partie-557-24-10-gaza-telle-que-je-la-vois-eveillee-pour-garder-la-d\/\">Partie 557<\/a>\u00a0: 24 octobre.\u00a0<a href=\"https:\/\/ismfrance.org\/index.php\/2025\/10\/27\/temoignages-de-gazaouis-la-survie-qui-sorganise-au-jour-le-jour-dans-lenfer-de-gaza-partie-558-25-26-10-voyage-de-guerison-parmi-les-decombres\/\">Partie 558<\/a>\u00a0: 25-26 octobre.\u00a0<a href=\"https:\/\/ismfrance.org\/index.php\/2025\/10\/28\/temoignages-de-gazaouis-la-survie-qui-sorganise-au-jour-le-jour-dans-lenfer-de-gaza-partie-559-26-10-la-faim-autre-visage-de-la-destruction\/\">Partie 559<\/a>\u00a0: 26 octobre.\u00a0<a href=\"https:\/\/ismfrance.org\/index.php\/2025\/10\/28\/temoignages-de-gazaouis-la-survie-qui-sorganise-au-jour-le-jour-dans-lenfer-de-gaza-partie-560-27-10-le-plan-de-paix-une-sombre-comed\/\">Partie 560<\/a>\u00a0: 27 octobre.\u00a0<a href=\"https:\/\/ismfrance.org\/index.php\/2025\/10\/29\/temoignages-de-gazaouis-la-survie-qui-sorganise-au-jour-le-jour-dans-lenfer-de-gaza-partie-561-28-10-aujourdhui-nuseirat-etait-au-coeur-de-l\/\">Partie 561<\/a>\u00a0: 28 octobre.\u00a0<a href=\"https:\/\/ismfrance.org\/index.php\/2025\/10\/30\/temoignages-de-gazaouis-la-survie-qui-sorganise-au-jour-le-jour-dans-lenfer-de-gaza-partie-562-29-10-sur-la-plage-des-paysans-attendent-lespera\/\">Partie 562<\/a>\u00a0: 29 octobre.\u00a0<a href=\"https:\/\/ismfrance.org\/index.php\/2025\/11\/01\/temoignages-de-gazaouis-la-survie-qui-sorganise-au-jour-le-jour-dans-lenfer-de-gaza-partie-563-31-10-tant-quun-enfant-tient-un-crayon-il-y-a-de\/\">Partie 563<\/a>\u00a0: 31 octobre.\u00a0<a href=\"https:\/\/ismfrance.org\/index.php\/2025\/11\/02\/temoignages-de-gazaouis-la-survie-qui-sorganise-au-jour-le-jour-dans-lenfer-de-gaza-partie-564-2-11-les-violations-israeliennes-du-cessez-le-feu\/\">Partie 564<\/a>\u00a0: 2 novembre.\u00a0<a href=\"https:\/\/ismfrance.org\/index.php\/2025\/11\/03\/temoignages-de-gazaouis-la-survie-qui-sorganise-au-jour-le-jour-dans-lenfer-de-gaza-partie-565-3-11-israel-na-pas-cesse-la-guerre-a-gaza\/\">Partie 565<\/a>\u00a0: 3 novembre.\u00a0<a href=\"https:\/\/ismfrance.org\/index.php\/2025\/11\/05\/temoignages-de-gazaouis-la-survie-qui-sorganise-au-jour-le-jour-dans-lenfer-de-gaza-partie-566-4-11-a-gaza-aussi-lespoir-en-octobre-est-rose\/\">Partie 566<\/a>\u00a0: 4 novembre.\u00a0<a href=\"https:\/\/ismfrance.org\/index.php\/2025\/11\/05\/temoignages-de-gazaouis-la-survie-qui-sorganise-au-jour-le-jour-dans-lenfer-de-gaza-partie-566-5-11-la-force-internationale-aux-prises-avec-une-equation-impos\/\">Partie 567<\/a>\u00a0: 4 novembre (1).\u00a0<a href=\"https:\/\/ismfrance.org\/index.php\/2025\/11\/07\/temoignages-de-gazaouis-la-survie-qui-sorganise-au-jour-le-jour-dans-lenfer-de-gaza-partie-568-6-11-quand-gaza-fait-germer-lespoir-sous-les-deco\/\">Partie 568<\/a>\u00a0: 6 novembre.\u00a0<a href=\"https:\/\/ismfrance.org\/index.php\/2025\/11\/08\/temoignages-de-gazaouis-la-survie-qui-sorganise-au-jour-le-jour-dans-lenfer-de-gaza-partie-569-7-11-un-etat-de-confusion-collective\/\">Partie 569<\/a>\u00a0: 7 novembre.\u00a0<a href=\"https:\/\/ismfrance.org\/index.php\/2025\/11\/10\/temoignages-de-gazaouis-la-survie-qui-sorganise-au-jour-le-jour-dans-lenfer-de-gaza-partie-570-8-9-11-les-femmes-de-deir-al-balah-au-bord-de-la-vie\/\">Partie 570<\/a>\u00a0: 8-9 novembre.\u00a0<a href=\"https:\/\/ismfrance.org\/index.php\/2025\/11\/11\/temoignages-de-gazaouis-la-survie-qui-sorganise-au-jour-le-jour-dans-lenfer-de-gaza-partie-571-9-10-11-nourrir-et-instruire-pour-defendre-lidentite-de\/\">Partie 571<\/a>\u00a0: 9-10 novembre.\u00a0<a href=\"https:\/\/ismfrance.org\/index.php\/2025\/11\/12\/temoignages-de-gazaouis-la-survie-qui-sorganise-au-jour-le-jour-dans-lenfer-de-gaza-partie-572-11-11-reconstruire-gaza-a-partir-de-son-ame-avant-ses-pier\/\">Partie 572<\/a>\u00a0: 11 novembre.<a href=\"https:\/\/ismfrance.org\/index.php\/2025\/11\/14\/temoignages-de-gazaouis-la-survie-qui-sorganise-au-jour-le-jour-dans-lenfer-de-gaza-partie-573-13-11-reconstruire-gaza-dans-son-integralite-devient-condi\/\">\u00a0Partie 573<\/a>\u00a0: 13 novembre.\u00a0<a href=\"https:\/\/ismfrance.org\/index.php\/2025\/11\/15\/24911\/\">Partie 574<\/a>\u00a0: 14 novembre.\u00a0<a href=\"https:\/\/ismfrance.org\/index.php\/2025\/11\/15\/temoignages-de-gazaouis-la-survie-qui-sorganise-au-jour-le-jour-dans-lenfer-de-gaza-partie-575-14-11-1-lhiver-arrive-a-gaza-un-besoin-urgent\/\">Partie 575<\/a>\u00a0: 14 novembre (1).\u00a0<a href=\"https:\/\/ismfrance.org\/index.php\/2025\/11\/17\/temoignages-de-gazaouis-la-survie-qui-sorganise-au-jour-le-jour-dans-lenfer-de-gaza-partie-576-16-11-fenetres-despoir\/\">Partie 576<\/a>\u00a0: 16 novembre.\u00a0<a href=\"https:\/\/ismfrance.org\/index.php\/2025\/11\/17\/temoignages-de-gazaouis-la-survie-qui-sorganise-au-jour-le-jour-dans-lenfer-de-gaza-partie-577-16-11-1-urgent-une-campagne-hivernale-de-dons\/\">Partie 577<\/a>\u00a0: 16 novembre (1).\u00a0<a href=\"https:\/\/ismfrance.org\/index.php\/2025\/11\/18\/temoignages-de-gazaouis-la-survie-qui-sorganise-au-jour-le-jour-dans-lenfer-de-gaza-partie-578-17-11-dans-les-camps-aucune-intimite-pour-les-femmes\/\">Partie 578<\/a>\u00a0: 17 novembre.\u00a0<a href=\"https:\/\/ismfrance.org\/index.php\/2025\/11\/19\/temoignages-de-gazaouis-la-survie-qui-sorganise-au-jour-le-jour-dans-lenfer-de-gaza-partie-579-19-11-des-voyages-sans-retour\/\">Partie 579<\/a>\u00a0: 19 novembre.\u00a0<a href=\"https:\/\/ismfrance.org\/index.php\/2025\/11\/22\/temoignages-de-gazaouis-la-survie-qui-sorganise-au-jour-le-jour-dans-lenfer-de-gaza-partie-580-21-11-une-deuxieme-phase-sous-pression\/\">Partie 580<\/a>\u00a0: 21 novembre.\u00a0<a href=\"https:\/\/ismfrance.org\/index.php\/2025\/11\/23\/temoignages-de-gazaouis-la-survie-qui-sorganise-au-jour-le-jour-dans-lenfer-de-gaza-partie-581-22-11-poursuivre-le-travail-sur-le-terrain-quoiqu\/\">Partie 581<\/a>\u00a0: 22 novembre.\u00a0<a href=\"https:\/\/ismfrance.org\/index.php\/2025\/11\/24\/temoignages-de-gazaouis-la-survie-qui-sorganise-au-jour-le-jour-dans-lenfer-de-gaza-partie-582-22-23-11-soutien-psychologique-education-sanitaire-et-chaleur\/\">Partie 582<\/a>\u00a0: 22-23 novembre.\u00a0<a href=\"https:\/\/ismfrance.org\/index.php\/2025\/11\/25\/temoignages-de-gazaouis-la-survie-qui-sorganise-au-jour-le-jour-dans-lenfer-de-gaza-partie-583-24-11-leducation-un-pilier-dans-la-construction\/\">Partie 583<\/a>\u00a0: 24 novembre.\u00a0<a href=\"https:\/\/ismfrance.org\/index.php\/2025\/11\/26\/temoignages-de-gazaouis-la-survie-qui-sorganise-au-jour-le-jour-dans-lenfer-de-gaza-partie-584-25-11-du-mensonge-doslo-au-genocide-de-gaza\/\">Partie 584<\/a>\u00a0: 25 novembre.\u00a0<a href=\"https:\/\/ismfrance.org\/index.php\/2025\/11\/28\/temoignages-de-gazaouis-la-survie-qui-sorganise-au-jour-le-jour-dans-lenfer-de-gaza-partie-585-27-11-le-7-octobre-debut-de-la-guerre-ou-moment-revelate\/\">Partie 585<\/a>\u00a0: 27 novembre.\u00a0<a href=\"https:\/\/ismfrance.org\/index.php\/2025\/11\/30\/temoignages-de-gazaouis-la-survie-qui-sorganise-au-jour-le-jour-dans-lenfer-de-gaza-partie-586-29-11-dans-lhiver-rigoureux-des-camps-le-soutien\/\">Partie 586<\/a>\u00a0: 29 novembre.\u00a0<a href=\"https:\/\/ismfrance.org\/index.php\/2025\/12\/01\/temoignages-de-gazaouis-la-survie-qui-sorganise-au-jour-le-jour-dans-lenfer-de-gaza-partie-587-30-11-comment-obtenir-un-repas-a-gaza\/\">Partie 587<\/a>\u00a0: 30 novembre.\u00a0<a href=\"https:\/\/ismfrance.org\/index.php\/2025\/12\/04\/temoignages-de-gazaouis-la-survie-qui-sorganise-au-jour-le-jour-dans-lenfer-de-gaza-partie-588-3-12-la-societe-israelienne-en-crise\/\">Partie 588<\/a>\u00a0: 3 d\u00e9cembre.\u00a0<a href=\"https:\/\/ismfrance.org\/index.php\/2025\/12\/06\/25328\/\">Partie 589<\/a> : 5 d\u00e9cembre. <a href=\"https:\/\/ismfrance.org\/index.php\/2025\/12\/08\/temoignages-de-gazaouis-la-survie-qui-sorganise-au-jour-le-jour-dans-lenfer-de-gaza-partie-590-6-12-pollution-et-prevention-dans-lenvironnement\/\">Partie 590<\/a> : 6 d\u00e9cembre.<\/strong><\/p>\n<pre class=\"western\"><strong><em><i>* <\/i><\/em><em><a href=\"https:\/\/ismfrance.org\/index.php\/temoignages-gazaouis-survie-enfer-gaza-1\/\" target=\"_blank\" rel=\"noopener\"><i>T\u00e9moignages du 20 novembre 2023 au 5 janvier 2025 (partie 1 \u00e0 268)<\/i><\/a><\/em>\r\n<i>* <\/i><\/strong><strong><a href=\"https:\/\/ismfrance.org\/index.php\/2025\/05\/11\/temoignages-de-gazaouis-la-survie-qui-sorganise-au-jour-le-jour-dans-lenfer-de-gaza-recapitulatif-du-5-janvier-au-9-mai-2025-partie-269-a-392\/\"><i>T\u00e9moignages du 5 janvier au 9 mai 2025 (partie 269 \u00e0 392)<\/i><\/a><\/strong>\r\n<strong><i>*<\/i><\/strong><i> <\/i><strong><a href=\"https:\/\/ismfrance.org\/index.php\/2025\/10\/07\/temoignages-de-gazaouis-la-survie-qui-sorganise-au-jour-le-jour-dans-lenfer-de-gaza-recapitulatif-du-10-mai-au-5-octobre-2025-partie-393-a-540\/\"><i>T\u00e9moignages du 10 mai au 5 octobre 2025 (partie 393 \u00e0 540)<\/i><\/a><\/strong><\/pre>\n<pre><strong>Pour participer \u00e0 la collecte \"Urgence Guerre \u00e0 Gaza\" : <\/strong><strong><a href=\"https:\/\/www.helloasso.com\/associations\/union-juive-francaise-pour-la-paix\/collectes\/urgence-guerre-a-gaza\">HelloAsso.com<\/a><\/strong>\r\n<strong>Les t\u00e9moignages sont publi\u00e9s sur <\/strong><strong><a href=\"https:\/\/ujfp.org\/\">UJFP<\/a> \/<\/strong><strong>\u00a0<a href=\"https:\/\/altermidi.org\/\">Altermidi<\/a> \/ <a href=\"https:\/\/lepoing.net\/\">Le Poing<\/a><\/strong><\/pre>\n","protected":false},"excerpt":{"rendered":"<p>Brigitte Challande, 9 d\u00e9cembre 2025.- Compte rendu hebdomadaire des actions de l\u2019UJFP dans la bande de Gaza, le 8 d\u00e9cembre. \u00ab\u00a0La sc\u00e8ne humanitaire dans la bande de Gaza continue de <a class=\"more-link\" href=\"https:\/\/ismfrance.org\/index.php\/2025\/12\/09\/temoignages-de-gazaouis-la-survie-qui-sorganise-au-jour-le-jour-dans-lenfer-de-gaza-partie-591-8-12-realite-catastrophique-de-la-situation-humanitaire\/\">Lire la suite &rarr;<\/a><\/p>\n","protected":false},"author":3,"featured_media":25411,"comment_status":"closed","ping_status":"closed","sticky":false,"template":"","format":"standard","meta":{"footnotes":""},"categories":[2,13],"tags":[156,46],"class_list":["post-25405","post","type-post","status-publish","format-standard","has-post-thumbnail","hentry","category-articles","category-temoignages","tag-genocide","tag-solidarite"],"yoast_head":"<!-- This site is optimized with the Yoast SEO plugin v27.2 - https:\/\/yoast.com\/product\/yoast-seo-wordpress\/ -->\n<title>T\u00e9moignages de Gazaouis : La survie qui s\u2019organise au jour le jour dans l\u2019enfer de Gaza \u2013 partie 591 \/ 8.12 \u2013\u00a0R\u00e9alit\u00e9 catastrophique de la situation humanitaire - International Solidarity Movement - ISM-France<\/title>\n<meta name=\"robots\" content=\"index, follow, max-snippet:-1, max-image-preview:large, max-video-preview:-1\" \/>\n<link rel=\"canonical\" href=\"https:\/\/ismfrance.org\/index.php\/2025\/12\/09\/temoignages-de-gazaouis-la-survie-qui-sorganise-au-jour-le-jour-dans-lenfer-de-gaza-partie-591-8-12-realite-catastrophique-de-la-situation-humanitaire\/\" \/>\n<meta property=\"og:locale\" content=\"fr_FR\" \/>\n<meta property=\"og:type\" content=\"article\" \/>\n<meta property=\"og:title\" content=\"T\u00e9moignages de Gazaouis : La survie qui s\u2019organise au jour le jour dans l\u2019enfer de Gaza \u2013 partie 591 \/ 8.12 \u2013\u00a0R\u00e9alit\u00e9 catastrophique de la situation humanitaire - International Solidarity Movement - ISM-France\" \/>\n<meta property=\"og:description\" content=\"Brigitte Challande, 9 d\u00e9cembre 2025.- Compte rendu hebdomadaire des actions de l\u2019UJFP dans la bande de Gaza, le 8 d\u00e9cembre. \u00ab\u00a0La sc\u00e8ne humanitaire dans la bande de Gaza continue de Lire la suite &rarr;\" \/>\n<meta property=\"og:url\" content=\"https:\/\/ismfrance.org\/index.php\/2025\/12\/09\/temoignages-de-gazaouis-la-survie-qui-sorganise-au-jour-le-jour-dans-lenfer-de-gaza-partie-591-8-12-realite-catastrophique-de-la-situation-humanitaire\/\" \/>\n<meta property=\"og:site_name\" content=\"International Solidarity Movement - ISM-France\" \/>\n<meta property=\"article:published_time\" content=\"2025-12-09T08:45:43+00:00\" \/>\n<meta property=\"og:image\" content=\"https:\/\/ismfrance.org\/wp-content\/uploads\/2025\/12\/fillette.jpg\" \/>\n\t<meta property=\"og:image:width\" content=\"1600\" \/>\n\t<meta property=\"og:image:height\" content=\"900\" \/>\n\t<meta property=\"og:image:type\" content=\"image\/jpeg\" \/>\n<meta name=\"author\" content=\"mru_01\" \/>\n<meta name=\"twitter:card\" content=\"summary_large_image\" \/>\n<meta name=\"twitter:creator\" content=\"@ISMFRANCE\" \/>\n<meta name=\"twitter:site\" content=\"@ISMFRANCE\" \/>\n<meta name=\"twitter:label1\" content=\"\u00c9crit par\" \/>\n\t<meta name=\"twitter:data1\" content=\"mru_01\" \/>\n\t<meta name=\"twitter:label2\" content=\"Dur\u00e9e de lecture estim\u00e9e\" \/>\n\t<meta name=\"twitter:data2\" content=\"9 minutes\" \/>\n<script type=\"application\/ld+json\" class=\"yoast-schema-graph\">{\"@context\":\"https:\/\/schema.org\",\"@graph\":[{\"@type\":\"Article\",\"@id\":\"https:\/\/ismfrance.org\/index.php\/2025\/12\/09\/temoignages-de-gazaouis-la-survie-qui-sorganise-au-jour-le-jour-dans-lenfer-de-gaza-partie-591-8-12-realite-catastrophique-de-la-situation-humanitaire\/#article\",\"isPartOf\":{\"@id\":\"https:\/\/ismfrance.org\/index.php\/2025\/12\/09\/temoignages-de-gazaouis-la-survie-qui-sorganise-au-jour-le-jour-dans-lenfer-de-gaza-partie-591-8-12-realite-catastrophique-de-la-situation-humanitaire\/\"},\"author\":{\"name\":\"mru_01\",\"@id\":\"https:\/\/ismfrance.org\/#\/schema\/person\/3c411eb72adfaae19c0dca1f41fae01d\"},\"headline\":\"T\u00e9moignages de Gazaouis : La survie qui s\u2019organise au jour le jour dans l\u2019enfer de Gaza \u2013 partie 591 \/ 8.12 \u2013\u00a0R\u00e9alit\u00e9 catastrophique de la situation humanitaire\",\"datePublished\":\"2025-12-09T08:45:43+00:00\",\"mainEntityOfPage\":{\"@id\":\"https:\/\/ismfrance.org\/index.php\/2025\/12\/09\/temoignages-de-gazaouis-la-survie-qui-sorganise-au-jour-le-jour-dans-lenfer-de-gaza-partie-591-8-12-realite-catastrophique-de-la-situation-humanitaire\/\"},\"wordCount\":1540,\"publisher\":{\"@id\":\"https:\/\/ismfrance.org\/#organization\"},\"image\":{\"@id\":\"https:\/\/ismfrance.org\/index.php\/2025\/12\/09\/temoignages-de-gazaouis-la-survie-qui-sorganise-au-jour-le-jour-dans-lenfer-de-gaza-partie-591-8-12-realite-catastrophique-de-la-situation-humanitaire\/#primaryimage\"},\"thumbnailUrl\":\"https:\/\/ismfrance.org\/wp-content\/uploads\/2025\/12\/fillette.jpg\",\"keywords\":[\"G\u00e9nocide\",\"solidarit\u00e9\"],\"articleSection\":[\"Articles\",\"T\u00e9moignages\"],\"inLanguage\":\"fr-FR\"},{\"@type\":\"WebPage\",\"@id\":\"https:\/\/ismfrance.org\/index.php\/2025\/12\/09\/temoignages-de-gazaouis-la-survie-qui-sorganise-au-jour-le-jour-dans-lenfer-de-gaza-partie-591-8-12-realite-catastrophique-de-la-situation-humanitaire\/\",\"url\":\"https:\/\/ismfrance.org\/index.php\/2025\/12\/09\/temoignages-de-gazaouis-la-survie-qui-sorganise-au-jour-le-jour-dans-lenfer-de-gaza-partie-591-8-12-realite-catastrophique-de-la-situation-humanitaire\/\",\"name\":\"T\u00e9moignages de Gazaouis : La survie qui s\u2019organise au jour le jour dans l\u2019enfer de Gaza \u2013 partie 591 \/ 8.12 \u2013\u00a0R\u00e9alit\u00e9 catastrophique de la situation humanitaire - International Solidarity Movement - ISM-France\",\"isPartOf\":{\"@id\":\"https:\/\/ismfrance.org\/#website\"},\"primaryImageOfPage\":{\"@id\":\"https:\/\/ismfrance.org\/index.php\/2025\/12\/09\/temoignages-de-gazaouis-la-survie-qui-sorganise-au-jour-le-jour-dans-lenfer-de-gaza-partie-591-8-12-realite-catastrophique-de-la-situation-humanitaire\/#primaryimage\"},\"image\":{\"@id\":\"https:\/\/ismfrance.org\/index.php\/2025\/12\/09\/temoignages-de-gazaouis-la-survie-qui-sorganise-au-jour-le-jour-dans-lenfer-de-gaza-partie-591-8-12-realite-catastrophique-de-la-situation-humanitaire\/#primaryimage\"},\"thumbnailUrl\":\"https:\/\/ismfrance.org\/wp-content\/uploads\/2025\/12\/fillette.jpg\",\"datePublished\":\"2025-12-09T08:45:43+00:00\",\"breadcrumb\":{\"@id\":\"https:\/\/ismfrance.org\/index.php\/2025\/12\/09\/temoignages-de-gazaouis-la-survie-qui-sorganise-au-jour-le-jour-dans-lenfer-de-gaza-partie-591-8-12-realite-catastrophique-de-la-situation-humanitaire\/#breadcrumb\"},\"inLanguage\":\"fr-FR\",\"potentialAction\":[{\"@type\":\"ReadAction\",\"target\":[\"https:\/\/ismfrance.org\/index.php\/2025\/12\/09\/temoignages-de-gazaouis-la-survie-qui-sorganise-au-jour-le-jour-dans-lenfer-de-gaza-partie-591-8-12-realite-catastrophique-de-la-situation-humanitaire\/\"]}]},{\"@type\":\"ImageObject\",\"inLanguage\":\"fr-FR\",\"@id\":\"https:\/\/ismfrance.org\/index.php\/2025\/12\/09\/temoignages-de-gazaouis-la-survie-qui-sorganise-au-jour-le-jour-dans-lenfer-de-gaza-partie-591-8-12-realite-catastrophique-de-la-situation-humanitaire\/#primaryimage\",\"url\":\"https:\/\/ismfrance.org\/wp-content\/uploads\/2025\/12\/fillette.jpg\",\"contentUrl\":\"https:\/\/ismfrance.org\/wp-content\/uploads\/2025\/12\/fillette.jpg\",\"width\":1600,\"height\":900},{\"@type\":\"BreadcrumbList\",\"@id\":\"https:\/\/ismfrance.org\/index.php\/2025\/12\/09\/temoignages-de-gazaouis-la-survie-qui-sorganise-au-jour-le-jour-dans-lenfer-de-gaza-partie-591-8-12-realite-catastrophique-de-la-situation-humanitaire\/#breadcrumb\",\"itemListElement\":[{\"@type\":\"ListItem\",\"position\":1,\"name\":\"Accueil\",\"item\":\"https:\/\/ismfrance.org\/\"},{\"@type\":\"ListItem\",\"position\":2,\"name\":\"T\u00e9moignages de Gazaouis : La survie qui s\u2019organise au jour le jour dans l\u2019enfer de Gaza \u2013 partie 591 \/ 8.12 \u2013\u00a0R\u00e9alit\u00e9 catastrophique de la situation humanitaire\"}]},{\"@type\":\"WebSite\",\"@id\":\"https:\/\/ismfrance.org\/#website\",\"url\":\"https:\/\/ismfrance.org\/\",\"name\":\"ISM Palestine France\",\"description\":\"Soutien aux luttes de lib\u00e9ration du peuple palestinien\",\"publisher\":{\"@id\":\"https:\/\/ismfrance.org\/#organization\"},\"potentialAction\":[{\"@type\":\"SearchAction\",\"target\":{\"@type\":\"EntryPoint\",\"urlTemplate\":\"https:\/\/ismfrance.org\/?s={search_term_string}\"},\"query-input\":{\"@type\":\"PropertyValueSpecification\",\"valueRequired\":true,\"valueName\":\"search_term_string\"}}],\"inLanguage\":\"fr-FR\"},{\"@type\":\"Organization\",\"@id\":\"https:\/\/ismfrance.org\/#organization\",\"name\":\"International Solidarity Movement\",\"url\":\"https:\/\/ismfrance.org\/\",\"logo\":{\"@type\":\"ImageObject\",\"inLanguage\":\"fr-FR\",\"@id\":\"https:\/\/ismfrance.org\/#\/schema\/logo\/image\/\",\"url\":\"https:\/\/ismfrance.org\/wp-content\/uploads\/2020\/12\/00.png\",\"contentUrl\":\"https:\/\/ismfrance.org\/wp-content\/uploads\/2020\/12\/00.png\",\"width\":400,\"height\":400,\"caption\":\"International Solidarity Movement\"},\"image\":{\"@id\":\"https:\/\/ismfrance.org\/#\/schema\/logo\/image\/\"},\"sameAs\":[\"https:\/\/x.com\/ISMFRANCE\"]},{\"@type\":\"Person\",\"@id\":\"https:\/\/ismfrance.org\/#\/schema\/person\/3c411eb72adfaae19c0dca1f41fae01d\",\"name\":\"mru_01\",\"image\":{\"@type\":\"ImageObject\",\"inLanguage\":\"fr-FR\",\"@id\":\"https:\/\/secure.gravatar.com\/avatar\/3a0be343b445d2ccc79e87444a294fad2b232e90d2051d0e3cc219e1ecd6a330?s=96&d=mm&r=g\",\"url\":\"https:\/\/secure.gravatar.com\/avatar\/3a0be343b445d2ccc79e87444a294fad2b232e90d2051d0e3cc219e1ecd6a330?s=96&d=mm&r=g\",\"contentUrl\":\"https:\/\/secure.gravatar.com\/avatar\/3a0be343b445d2ccc79e87444a294fad2b232e90d2051d0e3cc219e1ecd6a330?s=96&d=mm&r=g\",\"caption\":\"mru_01\"},\"url\":\"https:\/\/ismfrance.org\/index.php\/author\/admin02\/\"}]}<\/script>\n<!-- \/ Yoast SEO plugin. -->","yoast_head_json":{"title":"T\u00e9moignages de Gazaouis : La survie qui s\u2019organise au jour le jour dans l\u2019enfer de Gaza \u2013 partie 591 \/ 8.12 \u2013\u00a0R\u00e9alit\u00e9 catastrophique de la situation humanitaire - International Solidarity Movement - ISM-France","robots":{"index":"index","follow":"follow","max-snippet":"max-snippet:-1","max-image-preview":"max-image-preview:large","max-video-preview":"max-video-preview:-1"},"canonical":"https:\/\/ismfrance.org\/index.php\/2025\/12\/09\/temoignages-de-gazaouis-la-survie-qui-sorganise-au-jour-le-jour-dans-lenfer-de-gaza-partie-591-8-12-realite-catastrophique-de-la-situation-humanitaire\/","og_locale":"fr_FR","og_type":"article","og_title":"T\u00e9moignages de Gazaouis : La survie qui s\u2019organise au jour le jour dans l\u2019enfer de Gaza \u2013 partie 591 \/ 8.12 \u2013\u00a0R\u00e9alit\u00e9 catastrophique de la situation humanitaire - International Solidarity Movement - ISM-France","og_description":"Brigitte Challande, 9 d\u00e9cembre 2025.- Compte rendu hebdomadaire des actions de l\u2019UJFP dans la bande de Gaza, le 8 d\u00e9cembre. \u00ab\u00a0La sc\u00e8ne humanitaire dans la bande de Gaza continue de Lire la suite &rarr;","og_url":"https:\/\/ismfrance.org\/index.php\/2025\/12\/09\/temoignages-de-gazaouis-la-survie-qui-sorganise-au-jour-le-jour-dans-lenfer-de-gaza-partie-591-8-12-realite-catastrophique-de-la-situation-humanitaire\/","og_site_name":"International Solidarity Movement - ISM-France","article_published_time":"2025-12-09T08:45:43+00:00","og_image":[{"width":1600,"height":900,"url":"https:\/\/ismfrance.org\/wp-content\/uploads\/2025\/12\/fillette.jpg","type":"image\/jpeg"}],"author":"mru_01","twitter_card":"summary_large_image","twitter_creator":"@ISMFRANCE","twitter_site":"@ISMFRANCE","twitter_misc":{"\u00c9crit par":"mru_01","Dur\u00e9e de lecture estim\u00e9e":"9 minutes"},"schema":{"@context":"https:\/\/schema.org","@graph":[{"@type":"Article","@id":"https:\/\/ismfrance.org\/index.php\/2025\/12\/09\/temoignages-de-gazaouis-la-survie-qui-sorganise-au-jour-le-jour-dans-lenfer-de-gaza-partie-591-8-12-realite-catastrophique-de-la-situation-humanitaire\/#article","isPartOf":{"@id":"https:\/\/ismfrance.org\/index.php\/2025\/12\/09\/temoignages-de-gazaouis-la-survie-qui-sorganise-au-jour-le-jour-dans-lenfer-de-gaza-partie-591-8-12-realite-catastrophique-de-la-situation-humanitaire\/"},"author":{"name":"mru_01","@id":"https:\/\/ismfrance.org\/#\/schema\/person\/3c411eb72adfaae19c0dca1f41fae01d"},"headline":"T\u00e9moignages de Gazaouis : La survie qui s\u2019organise au jour le jour dans l\u2019enfer de Gaza \u2013 partie 591 \/ 8.12 \u2013\u00a0R\u00e9alit\u00e9 catastrophique de la situation humanitaire","datePublished":"2025-12-09T08:45:43+00:00","mainEntityOfPage":{"@id":"https:\/\/ismfrance.org\/index.php\/2025\/12\/09\/temoignages-de-gazaouis-la-survie-qui-sorganise-au-jour-le-jour-dans-lenfer-de-gaza-partie-591-8-12-realite-catastrophique-de-la-situation-humanitaire\/"},"wordCount":1540,"publisher":{"@id":"https:\/\/ismfrance.org\/#organization"},"image":{"@id":"https:\/\/ismfrance.org\/index.php\/2025\/12\/09\/temoignages-de-gazaouis-la-survie-qui-sorganise-au-jour-le-jour-dans-lenfer-de-gaza-partie-591-8-12-realite-catastrophique-de-la-situation-humanitaire\/#primaryimage"},"thumbnailUrl":"https:\/\/ismfrance.org\/wp-content\/uploads\/2025\/12\/fillette.jpg","keywords":["G\u00e9nocide","solidarit\u00e9"],"articleSection":["Articles","T\u00e9moignages"],"inLanguage":"fr-FR"},{"@type":"WebPage","@id":"https:\/\/ismfrance.org\/index.php\/2025\/12\/09\/temoignages-de-gazaouis-la-survie-qui-sorganise-au-jour-le-jour-dans-lenfer-de-gaza-partie-591-8-12-realite-catastrophique-de-la-situation-humanitaire\/","url":"https:\/\/ismfrance.org\/index.php\/2025\/12\/09\/temoignages-de-gazaouis-la-survie-qui-sorganise-au-jour-le-jour-dans-lenfer-de-gaza-partie-591-8-12-realite-catastrophique-de-la-situation-humanitaire\/","name":"T\u00e9moignages de Gazaouis : La survie qui s\u2019organise au jour le jour dans l\u2019enfer de Gaza \u2013 partie 591 \/ 8.12 \u2013\u00a0R\u00e9alit\u00e9 catastrophique de la situation humanitaire - International Solidarity Movement - ISM-France","isPartOf":{"@id":"https:\/\/ismfrance.org\/#website"},"primaryImageOfPage":{"@id":"https:\/\/ismfrance.org\/index.php\/2025\/12\/09\/temoignages-de-gazaouis-la-survie-qui-sorganise-au-jour-le-jour-dans-lenfer-de-gaza-partie-591-8-12-realite-catastrophique-de-la-situation-humanitaire\/#primaryimage"},"image":{"@id":"https:\/\/ismfrance.org\/index.php\/2025\/12\/09\/temoignages-de-gazaouis-la-survie-qui-sorganise-au-jour-le-jour-dans-lenfer-de-gaza-partie-591-8-12-realite-catastrophique-de-la-situation-humanitaire\/#primaryimage"},"thumbnailUrl":"https:\/\/ismfrance.org\/wp-content\/uploads\/2025\/12\/fillette.jpg","datePublished":"2025-12-09T08:45:43+00:00","breadcrumb":{"@id":"https:\/\/ismfrance.org\/index.php\/2025\/12\/09\/temoignages-de-gazaouis-la-survie-qui-sorganise-au-jour-le-jour-dans-lenfer-de-gaza-partie-591-8-12-realite-catastrophique-de-la-situation-humanitaire\/#breadcrumb"},"inLanguage":"fr-FR","potentialAction":[{"@type":"ReadAction","target":["https:\/\/ismfrance.org\/index.php\/2025\/12\/09\/temoignages-de-gazaouis-la-survie-qui-sorganise-au-jour-le-jour-dans-lenfer-de-gaza-partie-591-8-12-realite-catastrophique-de-la-situation-humanitaire\/"]}]},{"@type":"ImageObject","inLanguage":"fr-FR","@id":"https:\/\/ismfrance.org\/index.php\/2025\/12\/09\/temoignages-de-gazaouis-la-survie-qui-sorganise-au-jour-le-jour-dans-lenfer-de-gaza-partie-591-8-12-realite-catastrophique-de-la-situation-humanitaire\/#primaryimage","url":"https:\/\/ismfrance.org\/wp-content\/uploads\/2025\/12\/fillette.jpg","contentUrl":"https:\/\/ismfrance.org\/wp-content\/uploads\/2025\/12\/fillette.jpg","width":1600,"height":900},{"@type":"BreadcrumbList","@id":"https:\/\/ismfrance.org\/index.php\/2025\/12\/09\/temoignages-de-gazaouis-la-survie-qui-sorganise-au-jour-le-jour-dans-lenfer-de-gaza-partie-591-8-12-realite-catastrophique-de-la-situation-humanitaire\/#breadcrumb","itemListElement":[{"@type":"ListItem","position":1,"name":"Accueil","item":"https:\/\/ismfrance.org\/"},{"@type":"ListItem","position":2,"name":"T\u00e9moignages de Gazaouis : La survie qui s\u2019organise au jour le jour dans l\u2019enfer de Gaza \u2013 partie 591 \/ 8.12 \u2013\u00a0R\u00e9alit\u00e9 catastrophique de la situation humanitaire"}]},{"@type":"WebSite","@id":"https:\/\/ismfrance.org\/#website","url":"https:\/\/ismfrance.org\/","name":"ISM Palestine France","description":"Soutien aux luttes de lib\u00e9ration du peuple palestinien","publisher":{"@id":"https:\/\/ismfrance.org\/#organization"},"potentialAction":[{"@type":"SearchAction","target":{"@type":"EntryPoint","urlTemplate":"https:\/\/ismfrance.org\/?s={search_term_string}"},"query-input":{"@type":"PropertyValueSpecification","valueRequired":true,"valueName":"search_term_string"}}],"inLanguage":"fr-FR"},{"@type":"Organization","@id":"https:\/\/ismfrance.org\/#organization","name":"International Solidarity Movement","url":"https:\/\/ismfrance.org\/","logo":{"@type":"ImageObject","inLanguage":"fr-FR","@id":"https:\/\/ismfrance.org\/#\/schema\/logo\/image\/","url":"https:\/\/ismfrance.org\/wp-content\/uploads\/2020\/12\/00.png","contentUrl":"https:\/\/ismfrance.org\/wp-content\/uploads\/2020\/12\/00.png","width":400,"height":400,"caption":"International Solidarity Movement"},"image":{"@id":"https:\/\/ismfrance.org\/#\/schema\/logo\/image\/"},"sameAs":["https:\/\/x.com\/ISMFRANCE"]},{"@type":"Person","@id":"https:\/\/ismfrance.org\/#\/schema\/person\/3c411eb72adfaae19c0dca1f41fae01d","name":"mru_01","image":{"@type":"ImageObject","inLanguage":"fr-FR","@id":"https:\/\/secure.gravatar.com\/avatar\/3a0be343b445d2ccc79e87444a294fad2b232e90d2051d0e3cc219e1ecd6a330?s=96&d=mm&r=g","url":"https:\/\/secure.gravatar.com\/avatar\/3a0be343b445d2ccc79e87444a294fad2b232e90d2051d0e3cc219e1ecd6a330?s=96&d=mm&r=g","contentUrl":"https:\/\/secure.gravatar.com\/avatar\/3a0be343b445d2ccc79e87444a294fad2b232e90d2051d0e3cc219e1ecd6a330?s=96&d=mm&r=g","caption":"mru_01"},"url":"https:\/\/ismfrance.org\/index.php\/author\/admin02\/"}]}},"_links":{"self":[{"href":"https:\/\/ismfrance.org\/index.php\/wp-json\/wp\/v2\/posts\/25405","targetHints":{"allow":["GET"]}}],"collection":[{"href":"https:\/\/ismfrance.org\/index.php\/wp-json\/wp\/v2\/posts"}],"about":[{"href":"https:\/\/ismfrance.org\/index.php\/wp-json\/wp\/v2\/types\/post"}],"author":[{"embeddable":true,"href":"https:\/\/ismfrance.org\/index.php\/wp-json\/wp\/v2\/users\/3"}],"replies":[{"embeddable":true,"href":"https:\/\/ismfrance.org\/index.php\/wp-json\/wp\/v2\/comments?post=25405"}],"version-history":[{"count":0,"href":"https:\/\/ismfrance.org\/index.php\/wp-json\/wp\/v2\/posts\/25405\/revisions"}],"wp:featuredmedia":[{"embeddable":true,"href":"https:\/\/ismfrance.org\/index.php\/wp-json\/wp\/v2\/media\/25411"}],"wp:attachment":[{"href":"https:\/\/ismfrance.org\/index.php\/wp-json\/wp\/v2\/media?parent=25405"}],"wp:term":[{"taxonomy":"category","embeddable":true,"href":"https:\/\/ismfrance.org\/index.php\/wp-json\/wp\/v2\/categories?post=25405"},{"taxonomy":"post_tag","embeddable":true,"href":"https:\/\/ismfrance.org\/index.php\/wp-json\/wp\/v2\/tags?post=25405"}],"curies":[{"name":"wp","href":"https:\/\/api.w.org\/{rel}","templated":true}]}}