{"id":25399,"date":"2025-12-08T11:11:15","date_gmt":"2025-12-08T10:11:15","guid":{"rendered":"https:\/\/ismfrance.org\/?p=25399"},"modified":"2025-12-08T11:11:15","modified_gmt":"2025-12-08T10:11:15","slug":"temoignages-de-gazaouis-la-survie-qui-sorganise-au-jour-le-jour-dans-lenfer-de-gaza-partie-590-6-12-pollution-et-prevention-dans-lenvironnement","status":"publish","type":"post","link":"https:\/\/ismfrance.org\/index.php\/2025\/12\/08\/temoignages-de-gazaouis-la-survie-qui-sorganise-au-jour-le-jour-dans-lenfer-de-gaza-partie-590-6-12-pollution-et-prevention-dans-lenvironnement\/","title":{"rendered":"T\u00e9moignages de Gazaouis : La survie qui s\u2019organise au jour le jour dans l\u2019enfer de Gaza \u2013 partie 590 \/ 6.12 \u2013\u00a0Pollution et pr\u00e9vention dans l\u2019environnement des camps"},"content":{"rendered":"<p align=\"LEFT\"><span style=\"color: #000000;\"><span style=\"font-family: Arial, sans-serif;\"><span style=\"font-size: medium;\"><strong>Brigitte Challande, 8 d\u00e9cembre 2025.-<\/strong> Le compte-rendu de l\u2019atelier de soutien psychologique hebdomadaire du 6.12, centr\u00e9 sur la protection des familles et le bien-\u00eatre des femmes face aux d\u00e9fis.<\/span><\/span><\/span><\/p>\n<p align=\"LEFT\"><span style=\"color: #000000;\"><span style=\"font-family: Arial, sans-serif;\"><span style=\"font-size: medium;\">\u00ab\u00a0Les femmes dans les camps de d\u00e9placement se trouvent en premi\u00e8re ligne de la souffrance quotidienne. Elles font face \u00e0 une accumulation de d\u00e9fis allant de la recherche des besoins essentiels \u00e0 la protection de leurs enfants contre les maladies qui se propagent rapidement dans des environnements d\u00e9pourvus d\u2019infrastructures de base. Dans des camps comme celui <b>d\u2019<\/b><strong>Al-Durra \u00e0 l\u2019ouest de Deir al-Balah<\/strong>, la vie quotidienne devient une lutte ouverte contre la pollution, le manque d\u2019eau, l\u2019insuffisance d\u2019hygi\u00e8ne et l\u2019absence d\u2019un syst\u00e8me d\u2019assainissement ad\u00e9quat, en plus des inqui\u00e9tudes grandissantes \u00e0 l\u2019approche de l\u2019hiver, qui accentue la propagation des maladies et expose les tentes \u00e0 l\u2019inondation, \u00e0 l\u2019humidit\u00e9 et au froid.<\/span><\/span><\/span><\/p>\n<p align=\"LEFT\"><a href=\"https:\/\/ismfrance.org\/wp-content\/uploads\/2025\/12\/IMG_5048.jpg\"><img loading=\"lazy\" decoding=\"async\" class=\"alignnone size-large wp-image-25400\" src=\"https:\/\/ismfrance.org\/wp-content\/uploads\/2025\/12\/IMG_5048-700x525.jpg\" alt=\"\" width=\"600\" height=\"450\" srcset=\"https:\/\/ismfrance.org\/wp-content\/uploads\/2025\/12\/IMG_5048-700x525.jpg 700w, https:\/\/ismfrance.org\/wp-content\/uploads\/2025\/12\/IMG_5048-300x225.jpg 300w, https:\/\/ismfrance.org\/wp-content\/uploads\/2025\/12\/IMG_5048-768x576.jpg 768w, https:\/\/ismfrance.org\/wp-content\/uploads\/2025\/12\/IMG_5048-1536x1152.jpg 1536w, https:\/\/ismfrance.org\/wp-content\/uploads\/2025\/12\/IMG_5048-350x263.jpg 350w, https:\/\/ismfrance.org\/wp-content\/uploads\/2025\/12\/IMG_5048-1320x990.jpg 1320w, https:\/\/ismfrance.org\/wp-content\/uploads\/2025\/12\/IMG_5048.jpg 1600w\" sizes=\"auto, (max-width: 600px) 100vw, 600px\" \/><\/a><\/p>\n<p align=\"LEFT\"><span style=\"color: #000000;\"><span style=\"font-family: Arial, sans-serif;\"><span style=\"font-size: medium;\">Les femmes d\u00e9plac\u00e9es, parmi lesquelles 30 femmes ayant particip\u00e9 \u00e0 l\u2019atelier hivernal, portent un fardeau double, assumant la responsabilit\u00e9 des soins, de l\u2019hygi\u00e8ne, de la protection des enfants et de la gestion du foyer dans des conditions extr\u00eamement limit\u00e9es. Toute initiative de sensibilisation ou de soutien psychologique repr\u00e9sente pour elles un v\u00e9ritable espace de respiration et un ajout pr\u00e9cieux \u00e0 leur vie \u00e9prouv\u00e9e.<\/span><\/span><\/span><\/p>\n<p align=\"LEFT\"><span style=\"color: #000000;\"><span style=\"font-family: Arial, sans-serif;\"><span style=\"font-size: medium;\">L\u2019atelier a d\u00e9but\u00e9 par une s\u00e9ance de pr\u00e9sentation anim\u00e9e par l\u2019\u00e9quipe de l\u2019UJFP, qui s\u2019est pr\u00e9sent\u00e9e comme un groupe \u0153uvrant au renforcement de la sensibilisation sanitaire et psychologique aupr\u00e8s des femmes dans les camps, et \u00e0 la fourniture d\u2019un soutien pratique applicable directement dans les conditions difficiles qu\u2019elles vivent. Les membres de l\u2019\u00e9quipe ont expliqu\u00e9 la philosophie du travail, fond\u00e9e sur la pr\u00e9sentation de solutions r\u00e9alistes et applicables m\u00eame lorsque les ressources sont limit\u00e9es, tout en mettant l\u2019accent sur l\u2019autonomisation des femmes par des connaissances leur permettant de prot\u00e9ger leurs familles des maladies courantes dans les environnements de d\u00e9placement, notamment face \u00e0 la pollution croissante et \u00e0 la d\u00e9t\u00e9rioration des services essentiels. Apr\u00e8s les pr\u00e9sentations individuelles, un bref aper\u00e7u des objectifs de l\u2019atelier a \u00e9t\u00e9 pr\u00e9sent\u00e9, combinant sensibilisation sanitaire et soutien psychologique, en soulignant que la sant\u00e9 du corps commence par la sant\u00e9 de l\u2019environnement et que la sant\u00e9 mentale est tout aussi importante que toute intervention humanitaire.<\/span><\/span><\/span><\/p>\n<p align=\"LEFT\"><span style=\"color: #000000;\"><span style=\"font-family: Arial, sans-serif;\"><span style=\"font-size: medium;\">La s\u00e9ance a commenc\u00e9 par une introduction approfondie sur <strong>les dangers de la pollution environnementale<\/strong> dans les camps. L\u2019\u00e9quipe a expliqu\u00e9 comment l\u2019accumulation des d\u00e9chets et leur m\u00e9lange avec les sources d\u2019eau entra\u00eenent la propagation de maladies telles que la diarrh\u00e9e, les infections cutan\u00e9es, les intoxications et les maladies respiratoires, particuli\u00e8rement en hiver, lorsque l\u2019eau stagnante augmente et que les insectes se multiplient plus rapidement. La rencontre n\u2019a pas \u00e9t\u00e9 une simple \u00e9num\u00e9ration des risques, mais une tentative de transformer la peur en connaissance et la prise de conscience en actions concr\u00e8tes que les femmes peuvent appliquer dans et autour des tentes. Il a \u00e9t\u00e9 soulign\u00e9 que la pr\u00e9vention n\u2019est pas un luxe, mais une n\u00e9cessit\u00e9 vitale, et que des mesures simples peuvent \u00e9viter de v\u00e9ritables catastrophes sanitaires, surtout dans un environnement surpeupl\u00e9 reposant sur des ressources rudimentaires.<\/span><\/span><\/span><\/p>\n<p align=\"LEFT\"><span style=\"color: #000000;\"><span style=\"font-family: Arial, sans-serif;\"><span style=\"font-size: medium;\">L\u2019\u00e9quipe est pass\u00e9e \u00e0 une explication d\u00e9taill\u00e9e se concentrant d\u2019abord sur la gestion des d\u00e9chets \u00e0 l\u2019aide de moyens disponibles. Les participantes ont appris \u00e0 s\u00e9parer les d\u00e9chets organiques des d\u00e9chets secs, \u00e0 fermer herm\u00e9tiquement les sacs de mani\u00e8re \u00e0 emp\u00eacher les odeurs ou l\u2019apparition de mouches, et l\u2019importance de les \u00e9loigner des passages entre les tentes. Elles ont \u00e9galement d\u00e9couvert la possibilit\u00e9 d\u2019enterrer les d\u00e9chets organiques, lorsque cela est faisable, pour limiter la prolif\u00e9ration des rongeurs et des insectes. Cette partie de l\u2019atelier a constitu\u00e9 un tournant important pour des femmes qui \u00e9taient habitu\u00e9es \u00e0 g\u00e9rer les d\u00e9chets de mani\u00e8re improvis\u00e9e, faute d\u2019espace et en l\u2019absence totale de services de collecte.<\/span><\/span><\/span><\/p>\n<p align=\"LEFT\"><a href=\"https:\/\/ismfrance.org\/wp-content\/uploads\/2025\/12\/IMG_5049.jpg\"><img loading=\"lazy\" decoding=\"async\" class=\"alignnone size-large wp-image-25401\" src=\"https:\/\/ismfrance.org\/wp-content\/uploads\/2025\/12\/IMG_5049-700x525.jpg\" alt=\"\" width=\"600\" height=\"450\" srcset=\"https:\/\/ismfrance.org\/wp-content\/uploads\/2025\/12\/IMG_5049-700x525.jpg 700w, https:\/\/ismfrance.org\/wp-content\/uploads\/2025\/12\/IMG_5049-300x225.jpg 300w, https:\/\/ismfrance.org\/wp-content\/uploads\/2025\/12\/IMG_5049-768x576.jpg 768w, https:\/\/ismfrance.org\/wp-content\/uploads\/2025\/12\/IMG_5049-1536x1152.jpg 1536w, https:\/\/ismfrance.org\/wp-content\/uploads\/2025\/12\/IMG_5049-350x263.jpg 350w, https:\/\/ismfrance.org\/wp-content\/uploads\/2025\/12\/IMG_5049-1320x990.jpg 1320w, https:\/\/ismfrance.org\/wp-content\/uploads\/2025\/12\/IMG_5049.jpg 1600w\" sizes=\"auto, (max-width: 600px) 100vw, 600px\" \/><\/a><\/p>\n<p align=\"LEFT\"><span style=\"color: #000000;\"><span style=\"font-family: Arial, sans-serif;\"><span style=\"font-size: medium;\">Le deuxi\u00e8me axe a port\u00e9 sur la <b>protection de l\u2019eau<\/b>. L\u2019\u00e9quipe a expliqu\u00e9 que l\u2019eau propre est la premi\u00e8re ligne de d\u00e9fense contre les maladies, et que la d\u00e9sinfecter ou la couvrir herm\u00e9tiquement peut emp\u00eacher la transmission de germes qui se multiplient rapidement dans les camps. Des explications ont \u00e9t\u00e9 fournies sur les m\u00e9thodes de d\u00e9sinfection en cas d\u2019absence de filtres, comme l\u2019\u00e9bullition ou la filtration \u00e0 l\u2019aide d\u2019un tissu propre, ainsi que sur les moyens de prot\u00e9ger les r\u00e9servoirs d\u2019eau et de se laver les mains avec une petite quantit\u00e9 d\u2019eau et de savon, notamment avant de manger ou de pr\u00e9parer les repas. Ces informations se sont r\u00e9v\u00e9l\u00e9es essentielles pour les femmes qui stockent souvent l\u2019eau dans des r\u00e9cipients ouverts faute de meilleures alternatives.<\/span><\/span><\/span><\/p>\n<p align=\"LEFT\"><span style=\"color: #000000;\"><span style=\"font-family: Arial, sans-serif;\"><span style=\"font-size: medium;\">Le troisi\u00e8me axe a abord\u00e9<strong> la lutte contre les insectes<\/strong> \u00e0 travers l\u2019\u00e9limination des eaux stagnantes autour des tentes et la couverture de tout r\u00e9cipient susceptible de devenir un foyer de reproduction des moustiques. L\u2019\u00e9quipe a \u00e9galement parl\u00e9 de l\u2019utilisation d\u2019herbes aromatiques disponibles, lorsqu\u2019il y en a, pour repousser les insectes, ou encore de l\u2019usage de couvertures plastiques comme barri\u00e8res simples pour prot\u00e9ger les enfants pendant leur sommeil. Cet axe a permis aux femmes de comprendre le cycle de vie des insectes et d\u2019apprendre comment le rompre par des moyens simples et peu co\u00fbteux.<\/span><\/span><\/span><\/p>\n<p align=\"LEFT\"><span style=\"color: #000000;\"><span style=\"font-family: Arial, sans-serif;\"><span style=\"font-size: medium;\">Apr\u00e8s la partie \u00e9ducative, l\u2019\u00e9quipe est pass\u00e9e \u00e0 un exercice de relaxation et de respiration lente. Les participantes ont \u00e9t\u00e9 assises en cercle, et la psychologue a expliqu\u00e9 les \u00e9tapes de la respiration profonde et comment elle contribue \u00e0 r\u00e9duire le stress et \u00e0 diminuer le rythme cardiaque, notamment chez les femmes qui vivent dans un \u00e9tat d\u2019alerte permanent en raison du bruit des bombardements, de la promiscuit\u00e9 ou de l\u2019inqui\u00e9tude constante pour leurs enfants. Cette activit\u00e9 fut un rare moment de calme au milieu du chaos quotidien.<\/span><\/span><\/span><\/p>\n<p align=\"LEFT\"><span style=\"color: #000000;\"><span style=\"font-family: Arial, sans-serif;\"><span style=\"font-size: medium;\">Ensuite, un espace libre d\u2019expression a \u00e9t\u00e9 ouvert, permettant aux femmes de partager leur r\u00e9alit\u00e9 difficile. Certaines ont parl\u00e9 de la perte de leurs biens, de la peur incessante pendant la nuit, et des maladies qui touchent leurs enfants \u00e0 cause de l\u2019humidit\u00e9 et du mauvais assainissement, ainsi que des pressions psychologiques d\u00fbes au manque d\u2019intimit\u00e9 et \u00e0 la surpopulation. L\u2019une d\u2019elles a \u00e9voqu\u00e9 avec tristesse son enfant souffrant de diarrh\u00e9e r\u00e9p\u00e9t\u00e9e \u00e0 cause de l\u2019eau contamin\u00e9e, tandis qu\u2019une autre a parl\u00e9 des restes de nourriture qu\u2019elle laissait pr\u00e8s de la tente sans savoir qu\u2019ils attiraient les mouches. <\/span><\/span><\/span><\/p>\n<p align=\"LEFT\"><span style=\"color: #000000;\"><span style=\"font-family: Arial, sans-serif;\"><span style=\"font-size: medium;\">Apr\u00e8s cette s\u00e9ance de partage, une deuxi\u00e8me activit\u00e9 de nature r\u00e9cr\u00e9ative a \u00e9t\u00e9 propos\u00e9e visant \u00e0 apporter de la joie et \u00e0 permettre une lib\u00e9ration \u00e9motionnelle positive. L\u2019\u00e9quipe a utilis\u00e9 des jeux collectifs reposant sur le mouvement, la coop\u00e9ration et le rire. Cette activit\u00e9 a eu un impact \u00e9vident sur la r\u00e9duction du stress et le r\u00e9tablissement d\u2019une \u00e9nergie positive dans le groupe. Ce type d\u2019activit\u00e9 favorise le renforcement des liens sociaux et offre aux femmes une occasion de ressentir qu\u2019elles m\u00e9ritent la joie malgr\u00e9 tous les d\u00e9fis.<\/span><\/span><\/span><\/p>\n<p align=\"LEFT\"><span style=\"color: #000000;\"><span style=\"font-family: Arial, sans-serif;\"><span style=\"font-size: medium;\">\u00c0 la fin de l\u2019atelier, les femmes ont exprim\u00e9 leur souhait sinc\u00e8re de voir revenir l\u2019\u00e9quipe de l\u2019UJFP, affirmant que cette s\u00e9ance leur avait servi de v\u00e9ritable exutoire et que les connaissances acquises sur la pollution et la pr\u00e9vention les aideraient \u00e0 prot\u00e9ger leurs familles. Elles ont demand\u00e9 davantage d\u2019ateliers combinant sensibilisation sanitaire et d\u00e9compression psychologique, car la pression du camp rend ces rencontres indispensables et urgentes.<\/span><\/span><\/span><\/p>\n<p align=\"LEFT\"><span style=\"color: #000000;\"><span style=\"font-family: Arial, sans-serif;\"><span style=\"font-size: medium;\">Ce type d\u2019ateliers confirme l\u2019importance d\u2019int\u00e9grer la sensibilisation environnementale et sanitaire au soutien psychologique, car les femmes dans les camps ne font pas seulement face aux risques de maladie ; elles affrontent aussi l\u2019\u00e9puisement psychique d\u00fb \u00e0 la perte, \u00e0 l\u2019inqui\u00e9tude et aux lourdes responsabilit\u00e9s. Ces initiatives demeurent une \u00e9tape essentielle pour renforcer la r\u00e9silience des femmes dans les environnements de d\u00e9placement et leur donner les outils n\u00e9cessaires pour faire face \u00e0 une r\u00e9alit\u00e9 cruelle et impitoyable.\u00a0\u00bb<\/span><\/span><\/span><\/p>\n<p align=\"LEFT\"><em><strong><span style=\"color: #000000;\"><span style=\"font-family: Arial, sans-serif;\"><span style=\"font-size: medium;\">Photos et vid\u00e9os <a href=\"https:\/\/drive.google.com\/drive\/folders\/1AKK3FNBgmLeyonnh8KMgXYsHIrt_Zhkz\">ICI<\/a>.<\/span><\/span><\/span><\/strong><\/em><\/p>\n<hr \/>\n<p align=\"LEFT\"><strong>Retrouvez l\u2019ensemble des t\u00e9moignages d\u2019Abu Amir et Marsel :<\/strong><\/p>\n<pre>*<strong>Abu Amir Mutasem Ele\u00efwa<\/strong> est coordinateur des Projets paysans depuis 2016 au sud de la bande de Gaza et correspondant de l\u2019Union Juive Fran\u00e7aise pour la Paix.\r\n*<strong>Marsel Alledawi<\/strong> est responsable du Centre Ibn Sina du nord de la bande de Gaza, centre qui se consacre au suivi \u00e9ducatif et psychologique de l\u2019enfance.\r\nTous les deux sont soutenus par l\u2019UJFP en France.<\/pre>\n<p><strong><a href=\"https:\/\/ismfrance.org\/index.php\/2025\/10\/07\/temoignages-de-gazaouis-la-survie-qui-sorganise-au-jour-le-jour-dans-lenfer-de-gaza-partie-541-6-10-nourrir-les-enfants-de-deplace-e-s-du-camp-al-hilal\/\">Partie 541<\/a>\u00a0: 6 octobre.\u00a0<a href=\"https:\/\/ismfrance.org\/index.php\/2025\/10\/08\/temoignages-de-gazaouis-la-survie-qui-sorganise-au-jour-le-jour-dans-lenfer-de-gaza-partie-542-7-10-analyse-des-strategies-de-conflit\/\">Partie 542<\/a>\u00a0: 7 octobre.\u00a0<a href=\"https:\/\/ismfrance.org\/index.php\/2025\/10\/09\/temoignages-de-gazaouis-la-survie-qui-sorganise-au-jour-le-jour-dans-lenfer-de-gaza-partie-543-7-10-1-les-conditions-de-vie-des-deplace-e-s-sont-un-def\/\">Partie\u00a0543<\/a>\u00a0: 7 octobre (1).\u00a0<a href=\"https:\/\/ismfrance.org\/index.php\/2025\/10\/10\/temoignages-de-gazaouis-la-survie-qui-sorganise-au-jour-le-jour-dans-lenfer-de-gaza-partie-544-8-10-ou-en-est-le-hamas-a-gaza\/\">Partie 544<\/a>\u00a0: 8 octobre.\u00a0<a href=\"https:\/\/ismfrance.org\/index.php\/2025\/10\/10\/24148\/\">Partie 545<\/a>\u00a0: 9 -10 octobre.\u00a0<a href=\"https:\/\/ismfrance.org\/index.php\/2025\/10\/11\/temoignages-de-gazaouis-la-survie-qui-sorganise-au-jour-le-jour-dans-lenfer-de-gaza-partie-546-9-10-11-10-lhistoire-dun-peuple-qui-resi\/\">Partie 546<\/a>\u00a0 : 9-10-11 octobre.\u00a0<a href=\"https:\/\/ismfrance.org\/index.php\/2025\/10\/13\/temoignages-de-gazaouis-la-survie-qui-sorganise-au-jour-le-jour-dans-lenfer-de-gaza-partie-547-11-12-10-ateliers-de-soutien-psychologique-patrimoine-culturel\/\">Partie 547<\/a>\u00a0: 11-12 octobre.\u00a0<a href=\"https:\/\/ismfrance.org\/index.php\/2025\/10\/14\/temoignages-de-gazaouis-la-survie-qui-sorganise-au-jour-le-jour-dans-lenfer-de-gaza-partie-548-13-10-la-ville-des-tentes-renait-des-decombres\/\">Partie 548<\/a>\u00a0: 13 octobre.\u00a0<a href=\"https:\/\/ismfrance.org\/index.php\/2025\/10\/15\/temoignages-de-gazaouis-la-survie-qui-sorganise-au-jour-le-jour-dans-lenfer-de-gaza-partie-549-14-10-la-palestine-la-conscience-du-monde\/\">Partie 549<\/a>\u00a0: 14 octobre.\u00a0<a href=\"https:\/\/ismfrance.org\/index.php\/2025\/10\/17\/temoignages-de-gazaouis-la-survie-qui-sorganise-au-jour-le-jour-dans-lenfer-de-gaza-partie-550-15-10-gaza-un-symbole-mondial-de-resistance-et-de-dignite\/\">Partie 550<\/a>\u00a0: 15 octobre.\u00a0<a href=\"https:\/\/ismfrance.org\/index.php\/2025\/10\/18\/temoignages-de-gazaouis-la-survie-qui-sorganise-au-jour-le-jour-dans-lenfer-de-gaza-partie-551-17-10-revenir-dans-une-patrie-detruite\/\">Partie 551<\/a>\u00a0: 16 octobre.\u00a0<a href=\"https:\/\/ismfrance.org\/index.php\/2025\/10\/19\/temoignages-de-gazaouis-la-survie-qui-sorganise-au-jour-le-jour-dans-lenfer-de-gaza-partie-552-17-10-1-les-bombardements-se-sont-tus-le-soutien-des-de\/\">Partie\u00a0 552<\/a>\u00a0: 17 octobre.\u00a0<a href=\"https:\/\/ismfrance.org\/index.php\/2025\/10\/20\/temoignages-de-gazaouis-la-survie-qui-sorganise-au-jour-le-jour-dans-lenfer-de-gaza-partie-553-18-19-10-soutien-psychosocial-le-jour-dapres-la\/\">Partie 553<\/a>\u00a0: 18-19 octobre.\u00a0<\/strong><a href=\"https:\/\/ismfrance.org\/index.php\/2025\/10\/21\/temoignages-de-gazaouis-la-survie-qui-sorganise-au-jour-le-jour-dans-lenfer-de-gaza-partie-554-19-20-10-une-treve-sur-le-papier\/\"><strong>Partie 554<\/strong><\/a><strong>\u00a0: 19-20 octobre.<a href=\"https:\/\/ismfrance.org\/index.php\/2025\/10\/22\/temoignages-de-gazaouis-la-survie-qui-sorganise-au-jour-le-jour-dans-lenfer-de-gaza-partie-555-21-10-le-plan-de-paix-un-gout-de-trahison\/\">\u00a0Partie 555<\/a>\u00a0: 21 octobre.\u00a0<a href=\"https:\/\/ismfrance.org\/index.php\/2025\/10\/22\/temoignages-de-gazaouis-la-survie-qui-sorganise-au-jour-le-jour-dans-lenfer-de-gaza-partie-556-22-10-la-ligne-jaune\/\">Partie 556<\/a>\u00a0: 22 octobre.\u00a0<a href=\"https:\/\/ismfrance.org\/index.php\/2025\/10\/25\/temoignages-de-gazaouis-la-survie-qui-sorganise-au-jour-le-jour-dans-lenfer-de-gaza-partie-557-24-10-gaza-telle-que-je-la-vois-eveillee-pour-garder-la-d\/\">Partie 557<\/a>\u00a0: 24 octobre.\u00a0<a href=\"https:\/\/ismfrance.org\/index.php\/2025\/10\/27\/temoignages-de-gazaouis-la-survie-qui-sorganise-au-jour-le-jour-dans-lenfer-de-gaza-partie-558-25-26-10-voyage-de-guerison-parmi-les-decombres\/\">Partie 558<\/a>\u00a0: 25-26 octobre.\u00a0<a href=\"https:\/\/ismfrance.org\/index.php\/2025\/10\/28\/temoignages-de-gazaouis-la-survie-qui-sorganise-au-jour-le-jour-dans-lenfer-de-gaza-partie-559-26-10-la-faim-autre-visage-de-la-destruction\/\">Partie 559<\/a>\u00a0: 26 octobre.\u00a0<a href=\"https:\/\/ismfrance.org\/index.php\/2025\/10\/28\/temoignages-de-gazaouis-la-survie-qui-sorganise-au-jour-le-jour-dans-lenfer-de-gaza-partie-560-27-10-le-plan-de-paix-une-sombre-comed\/\">Partie 560<\/a>\u00a0: 27 octobre.\u00a0<a href=\"https:\/\/ismfrance.org\/index.php\/2025\/10\/29\/temoignages-de-gazaouis-la-survie-qui-sorganise-au-jour-le-jour-dans-lenfer-de-gaza-partie-561-28-10-aujourdhui-nuseirat-etait-au-coeur-de-l\/\">Partie 561<\/a>\u00a0: 28 octobre.\u00a0<a href=\"https:\/\/ismfrance.org\/index.php\/2025\/10\/30\/temoignages-de-gazaouis-la-survie-qui-sorganise-au-jour-le-jour-dans-lenfer-de-gaza-partie-562-29-10-sur-la-plage-des-paysans-attendent-lespera\/\">Partie 562<\/a>\u00a0: 29 octobre.\u00a0<a href=\"https:\/\/ismfrance.org\/index.php\/2025\/11\/01\/temoignages-de-gazaouis-la-survie-qui-sorganise-au-jour-le-jour-dans-lenfer-de-gaza-partie-563-31-10-tant-quun-enfant-tient-un-crayon-il-y-a-de\/\">Partie 563<\/a>\u00a0: 31 octobre.\u00a0<a href=\"https:\/\/ismfrance.org\/index.php\/2025\/11\/02\/temoignages-de-gazaouis-la-survie-qui-sorganise-au-jour-le-jour-dans-lenfer-de-gaza-partie-564-2-11-les-violations-israeliennes-du-cessez-le-feu\/\">Partie 564<\/a>\u00a0: 2 novembre.\u00a0<a href=\"https:\/\/ismfrance.org\/index.php\/2025\/11\/03\/temoignages-de-gazaouis-la-survie-qui-sorganise-au-jour-le-jour-dans-lenfer-de-gaza-partie-565-3-11-israel-na-pas-cesse-la-guerre-a-gaza\/\">Partie 565<\/a>\u00a0: 3 novembre.\u00a0<a href=\"https:\/\/ismfrance.org\/index.php\/2025\/11\/05\/temoignages-de-gazaouis-la-survie-qui-sorganise-au-jour-le-jour-dans-lenfer-de-gaza-partie-566-4-11-a-gaza-aussi-lespoir-en-octobre-est-rose\/\">Partie 566<\/a>\u00a0: 4 novembre.\u00a0<a href=\"https:\/\/ismfrance.org\/index.php\/2025\/11\/05\/temoignages-de-gazaouis-la-survie-qui-sorganise-au-jour-le-jour-dans-lenfer-de-gaza-partie-566-5-11-la-force-internationale-aux-prises-avec-une-equation-impos\/\">Partie 567<\/a>\u00a0: 4 novembre (1).\u00a0<a href=\"https:\/\/ismfrance.org\/index.php\/2025\/11\/07\/temoignages-de-gazaouis-la-survie-qui-sorganise-au-jour-le-jour-dans-lenfer-de-gaza-partie-568-6-11-quand-gaza-fait-germer-lespoir-sous-les-deco\/\">Partie 568<\/a>\u00a0: 6 novembre.\u00a0<a href=\"https:\/\/ismfrance.org\/index.php\/2025\/11\/08\/temoignages-de-gazaouis-la-survie-qui-sorganise-au-jour-le-jour-dans-lenfer-de-gaza-partie-569-7-11-un-etat-de-confusion-collective\/\">Partie 569<\/a>\u00a0: 7 novembre.\u00a0<a href=\"https:\/\/ismfrance.org\/index.php\/2025\/11\/10\/temoignages-de-gazaouis-la-survie-qui-sorganise-au-jour-le-jour-dans-lenfer-de-gaza-partie-570-8-9-11-les-femmes-de-deir-al-balah-au-bord-de-la-vie\/\">Partie 570<\/a>\u00a0: 8-9 novembre.\u00a0<a href=\"https:\/\/ismfrance.org\/index.php\/2025\/11\/11\/temoignages-de-gazaouis-la-survie-qui-sorganise-au-jour-le-jour-dans-lenfer-de-gaza-partie-571-9-10-11-nourrir-et-instruire-pour-defendre-lidentite-de\/\">Partie 571<\/a>\u00a0: 9-10 novembre.\u00a0<a href=\"https:\/\/ismfrance.org\/index.php\/2025\/11\/12\/temoignages-de-gazaouis-la-survie-qui-sorganise-au-jour-le-jour-dans-lenfer-de-gaza-partie-572-11-11-reconstruire-gaza-a-partir-de-son-ame-avant-ses-pier\/\">Partie 572<\/a>\u00a0: 11 novembre.<a href=\"https:\/\/ismfrance.org\/index.php\/2025\/11\/14\/temoignages-de-gazaouis-la-survie-qui-sorganise-au-jour-le-jour-dans-lenfer-de-gaza-partie-573-13-11-reconstruire-gaza-dans-son-integralite-devient-condi\/\">\u00a0Partie 573<\/a>\u00a0: 13 novembre.\u00a0<a href=\"https:\/\/ismfrance.org\/index.php\/2025\/11\/15\/24911\/\">Partie 574<\/a>\u00a0: 14 novembre.\u00a0<a href=\"https:\/\/ismfrance.org\/index.php\/2025\/11\/15\/temoignages-de-gazaouis-la-survie-qui-sorganise-au-jour-le-jour-dans-lenfer-de-gaza-partie-575-14-11-1-lhiver-arrive-a-gaza-un-besoin-urgent\/\">Partie 575<\/a>\u00a0: 14 novembre (1).\u00a0<a href=\"https:\/\/ismfrance.org\/index.php\/2025\/11\/17\/temoignages-de-gazaouis-la-survie-qui-sorganise-au-jour-le-jour-dans-lenfer-de-gaza-partie-576-16-11-fenetres-despoir\/\">Partie 576<\/a>\u00a0: 16 novembre.\u00a0<a href=\"https:\/\/ismfrance.org\/index.php\/2025\/11\/17\/temoignages-de-gazaouis-la-survie-qui-sorganise-au-jour-le-jour-dans-lenfer-de-gaza-partie-577-16-11-1-urgent-une-campagne-hivernale-de-dons\/\">Partie 577<\/a>\u00a0: 16 novembre (1).\u00a0<a href=\"https:\/\/ismfrance.org\/index.php\/2025\/11\/18\/temoignages-de-gazaouis-la-survie-qui-sorganise-au-jour-le-jour-dans-lenfer-de-gaza-partie-578-17-11-dans-les-camps-aucune-intimite-pour-les-femmes\/\">Partie 578<\/a>\u00a0: 17 novembre.\u00a0<a href=\"https:\/\/ismfrance.org\/index.php\/2025\/11\/19\/temoignages-de-gazaouis-la-survie-qui-sorganise-au-jour-le-jour-dans-lenfer-de-gaza-partie-579-19-11-des-voyages-sans-retour\/\">Partie 579<\/a>\u00a0: 19 novembre.\u00a0<a href=\"https:\/\/ismfrance.org\/index.php\/2025\/11\/22\/temoignages-de-gazaouis-la-survie-qui-sorganise-au-jour-le-jour-dans-lenfer-de-gaza-partie-580-21-11-une-deuxieme-phase-sous-pression\/\">Partie 580<\/a>\u00a0: 21 novembre.\u00a0<a href=\"https:\/\/ismfrance.org\/index.php\/2025\/11\/23\/temoignages-de-gazaouis-la-survie-qui-sorganise-au-jour-le-jour-dans-lenfer-de-gaza-partie-581-22-11-poursuivre-le-travail-sur-le-terrain-quoiqu\/\">Partie 581<\/a>\u00a0: 22 novembre.\u00a0<a href=\"https:\/\/ismfrance.org\/index.php\/2025\/11\/24\/temoignages-de-gazaouis-la-survie-qui-sorganise-au-jour-le-jour-dans-lenfer-de-gaza-partie-582-22-23-11-soutien-psychologique-education-sanitaire-et-chaleur\/\">Partie 582<\/a>\u00a0: 22-23 novembre.\u00a0<a href=\"https:\/\/ismfrance.org\/index.php\/2025\/11\/25\/temoignages-de-gazaouis-la-survie-qui-sorganise-au-jour-le-jour-dans-lenfer-de-gaza-partie-583-24-11-leducation-un-pilier-dans-la-construction\/\">Partie 583<\/a>\u00a0: 24 novembre.\u00a0<a href=\"https:\/\/ismfrance.org\/index.php\/2025\/11\/26\/temoignages-de-gazaouis-la-survie-qui-sorganise-au-jour-le-jour-dans-lenfer-de-gaza-partie-584-25-11-du-mensonge-doslo-au-genocide-de-gaza\/\">Partie 584<\/a>\u00a0: 25 novembre.\u00a0<a href=\"https:\/\/ismfrance.org\/index.php\/2025\/11\/28\/temoignages-de-gazaouis-la-survie-qui-sorganise-au-jour-le-jour-dans-lenfer-de-gaza-partie-585-27-11-le-7-octobre-debut-de-la-guerre-ou-moment-revelate\/\">Partie 585<\/a>\u00a0: 27 novembre.\u00a0<a href=\"https:\/\/ismfrance.org\/index.php\/2025\/11\/30\/temoignages-de-gazaouis-la-survie-qui-sorganise-au-jour-le-jour-dans-lenfer-de-gaza-partie-586-29-11-dans-lhiver-rigoureux-des-camps-le-soutien\/\">Partie 586<\/a>\u00a0: 29 novembre.\u00a0<a href=\"https:\/\/ismfrance.org\/index.php\/2025\/12\/01\/temoignages-de-gazaouis-la-survie-qui-sorganise-au-jour-le-jour-dans-lenfer-de-gaza-partie-587-30-11-comment-obtenir-un-repas-a-gaza\/\">Partie 587<\/a>\u00a0: 30 novembre.\u00a0<a href=\"https:\/\/ismfrance.org\/index.php\/2025\/12\/04\/temoignages-de-gazaouis-la-survie-qui-sorganise-au-jour-le-jour-dans-lenfer-de-gaza-partie-588-3-12-la-societe-israelienne-en-crise\/\">Partie 588<\/a> : 3 d\u00e9cembre. <a href=\"https:\/\/ismfrance.org\/index.php\/2025\/12\/06\/25328\/\">Partie 589<\/a> : 5 d\u00e9cembre.<\/strong><\/p>\n<pre class=\"western\"><strong><em><i>* <\/i><\/em><em><a href=\"https:\/\/ismfrance.org\/index.php\/temoignages-gazaouis-survie-enfer-gaza-1\/\" target=\"_blank\" rel=\"noopener\"><i>T\u00e9moignages du 20 novembre 2023 au 5 janvier 2025 (partie 1 \u00e0 268)<\/i><\/a><\/em>\r\n<i>* <\/i><\/strong><strong><a href=\"https:\/\/ismfrance.org\/index.php\/2025\/05\/11\/temoignages-de-gazaouis-la-survie-qui-sorganise-au-jour-le-jour-dans-lenfer-de-gaza-recapitulatif-du-5-janvier-au-9-mai-2025-partie-269-a-392\/\"><i>T\u00e9moignages du 5 janvier au 9 mai 2025 (partie 269 \u00e0 392)<\/i><\/a><\/strong>\r\n<strong><i>*<\/i><\/strong><i> <\/i><strong><a href=\"https:\/\/ismfrance.org\/index.php\/2025\/10\/07\/temoignages-de-gazaouis-la-survie-qui-sorganise-au-jour-le-jour-dans-lenfer-de-gaza-recapitulatif-du-10-mai-au-5-octobre-2025-partie-393-a-540\/\"><i>T\u00e9moignages du 10 mai au 5 octobre 2025 (partie 393 \u00e0 540)<\/i><\/a><\/strong><\/pre>\n<pre><strong>Pour participer \u00e0 la collecte \"Urgence Guerre \u00e0 Gaza\" : <\/strong><strong><a href=\"https:\/\/www.helloasso.com\/associations\/union-juive-francaise-pour-la-paix\/collectes\/urgence-guerre-a-gaza\">HelloAsso.com<\/a><\/strong>\r\n<strong>Les t\u00e9moignages sont publi\u00e9s sur <\/strong><strong><a href=\"https:\/\/ujfp.org\/\">UJFP<\/a> \/<\/strong><strong>\u00a0<a href=\"https:\/\/altermidi.org\/\">Altermidi<\/a> \/ <a href=\"https:\/\/lepoing.net\/\">Le Poing<\/a><\/strong><\/pre>\n","protected":false},"excerpt":{"rendered":"<p>Brigitte Challande, 8 d\u00e9cembre 2025.- Le compte-rendu de l\u2019atelier de soutien psychologique hebdomadaire du 6.12, centr\u00e9 sur la protection des familles et le bien-\u00eatre des femmes face aux d\u00e9fis. \u00ab\u00a0Les <a class=\"more-link\" href=\"https:\/\/ismfrance.org\/index.php\/2025\/12\/08\/temoignages-de-gazaouis-la-survie-qui-sorganise-au-jour-le-jour-dans-lenfer-de-gaza-partie-590-6-12-pollution-et-prevention-dans-lenvironnement\/\">Lire la suite &rarr;<\/a><\/p>\n","protected":false},"author":3,"featured_media":25400,"comment_status":"closed","ping_status":"closed","sticky":false,"template":"","format":"standard","meta":{"footnotes":""},"categories":[2,13],"tags":[156,46],"class_list":["post-25399","post","type-post","status-publish","format-standard","has-post-thumbnail","hentry","category-articles","category-temoignages","tag-genocide","tag-solidarite"],"yoast_head":"<!-- This site is optimized with the Yoast SEO plugin v27.2 - https:\/\/yoast.com\/product\/yoast-seo-wordpress\/ -->\n<title>T\u00e9moignages de Gazaouis : La survie qui s\u2019organise au jour le jour dans l\u2019enfer de Gaza \u2013 partie 590 \/ 6.12 \u2013\u00a0Pollution et pr\u00e9vention dans l\u2019environnement des camps - International Solidarity Movement - ISM-France<\/title>\n<meta name=\"robots\" content=\"index, follow, max-snippet:-1, max-image-preview:large, max-video-preview:-1\" \/>\n<link rel=\"canonical\" href=\"https:\/\/ismfrance.org\/index.php\/2025\/12\/08\/temoignages-de-gazaouis-la-survie-qui-sorganise-au-jour-le-jour-dans-lenfer-de-gaza-partie-590-6-12-pollution-et-prevention-dans-lenvironnement\/\" \/>\n<meta property=\"og:locale\" content=\"fr_FR\" \/>\n<meta property=\"og:type\" content=\"article\" \/>\n<meta property=\"og:title\" content=\"T\u00e9moignages de Gazaouis : La survie qui s\u2019organise au jour le jour dans l\u2019enfer de Gaza \u2013 partie 590 \/ 6.12 \u2013\u00a0Pollution et pr\u00e9vention dans l\u2019environnement des camps - International Solidarity Movement - ISM-France\" \/>\n<meta property=\"og:description\" content=\"Brigitte Challande, 8 d\u00e9cembre 2025.- Le compte-rendu de l\u2019atelier de soutien psychologique hebdomadaire du 6.12, centr\u00e9 sur la protection des familles et le bien-\u00eatre des femmes face aux d\u00e9fis. \u00ab\u00a0Les Lire la suite &rarr;\" \/>\n<meta property=\"og:url\" content=\"https:\/\/ismfrance.org\/index.php\/2025\/12\/08\/temoignages-de-gazaouis-la-survie-qui-sorganise-au-jour-le-jour-dans-lenfer-de-gaza-partie-590-6-12-pollution-et-prevention-dans-lenvironnement\/\" \/>\n<meta property=\"og:site_name\" content=\"International Solidarity Movement - ISM-France\" \/>\n<meta property=\"article:published_time\" content=\"2025-12-08T10:11:15+00:00\" \/>\n<meta property=\"og:image\" content=\"https:\/\/ismfrance.org\/wp-content\/uploads\/2025\/12\/IMG_5048.jpg\" \/>\n\t<meta property=\"og:image:width\" content=\"1600\" \/>\n\t<meta property=\"og:image:height\" content=\"1200\" \/>\n\t<meta property=\"og:image:type\" content=\"image\/jpeg\" \/>\n<meta name=\"author\" content=\"mru_01\" \/>\n<meta name=\"twitter:card\" content=\"summary_large_image\" \/>\n<meta name=\"twitter:creator\" content=\"@ISMFRANCE\" \/>\n<meta name=\"twitter:site\" content=\"@ISMFRANCE\" \/>\n<meta name=\"twitter:label1\" content=\"\u00c9crit par\" \/>\n\t<meta name=\"twitter:data1\" content=\"mru_01\" \/>\n\t<meta name=\"twitter:label2\" content=\"Dur\u00e9e de lecture estim\u00e9e\" \/>\n\t<meta name=\"twitter:data2\" content=\"8 minutes\" \/>\n<script type=\"application\/ld+json\" class=\"yoast-schema-graph\">{\"@context\":\"https:\/\/schema.org\",\"@graph\":[{\"@type\":\"Article\",\"@id\":\"https:\/\/ismfrance.org\/index.php\/2025\/12\/08\/temoignages-de-gazaouis-la-survie-qui-sorganise-au-jour-le-jour-dans-lenfer-de-gaza-partie-590-6-12-pollution-et-prevention-dans-lenvironnement\/#article\",\"isPartOf\":{\"@id\":\"https:\/\/ismfrance.org\/index.php\/2025\/12\/08\/temoignages-de-gazaouis-la-survie-qui-sorganise-au-jour-le-jour-dans-lenfer-de-gaza-partie-590-6-12-pollution-et-prevention-dans-lenvironnement\/\"},\"author\":{\"name\":\"mru_01\",\"@id\":\"https:\/\/ismfrance.org\/#\/schema\/person\/3c411eb72adfaae19c0dca1f41fae01d\"},\"headline\":\"T\u00e9moignages de Gazaouis : La survie qui s\u2019organise au jour le jour dans l\u2019enfer de Gaza \u2013 partie 590 \/ 6.12 \u2013\u00a0Pollution et pr\u00e9vention dans l\u2019environnement des camps\",\"datePublished\":\"2025-12-08T10:11:15+00:00\",\"mainEntityOfPage\":{\"@id\":\"https:\/\/ismfrance.org\/index.php\/2025\/12\/08\/temoignages-de-gazaouis-la-survie-qui-sorganise-au-jour-le-jour-dans-lenfer-de-gaza-partie-590-6-12-pollution-et-prevention-dans-lenvironnement\/\"},\"wordCount\":1575,\"publisher\":{\"@id\":\"https:\/\/ismfrance.org\/#organization\"},\"image\":{\"@id\":\"https:\/\/ismfrance.org\/index.php\/2025\/12\/08\/temoignages-de-gazaouis-la-survie-qui-sorganise-au-jour-le-jour-dans-lenfer-de-gaza-partie-590-6-12-pollution-et-prevention-dans-lenvironnement\/#primaryimage\"},\"thumbnailUrl\":\"https:\/\/ismfrance.org\/wp-content\/uploads\/2025\/12\/IMG_5048.jpg\",\"keywords\":[\"G\u00e9nocide\",\"solidarit\u00e9\"],\"articleSection\":[\"Articles\",\"T\u00e9moignages\"],\"inLanguage\":\"fr-FR\"},{\"@type\":\"WebPage\",\"@id\":\"https:\/\/ismfrance.org\/index.php\/2025\/12\/08\/temoignages-de-gazaouis-la-survie-qui-sorganise-au-jour-le-jour-dans-lenfer-de-gaza-partie-590-6-12-pollution-et-prevention-dans-lenvironnement\/\",\"url\":\"https:\/\/ismfrance.org\/index.php\/2025\/12\/08\/temoignages-de-gazaouis-la-survie-qui-sorganise-au-jour-le-jour-dans-lenfer-de-gaza-partie-590-6-12-pollution-et-prevention-dans-lenvironnement\/\",\"name\":\"T\u00e9moignages de Gazaouis : La survie qui s\u2019organise au jour le jour dans l\u2019enfer de Gaza \u2013 partie 590 \/ 6.12 \u2013\u00a0Pollution et pr\u00e9vention dans l\u2019environnement des camps - International Solidarity Movement - ISM-France\",\"isPartOf\":{\"@id\":\"https:\/\/ismfrance.org\/#website\"},\"primaryImageOfPage\":{\"@id\":\"https:\/\/ismfrance.org\/index.php\/2025\/12\/08\/temoignages-de-gazaouis-la-survie-qui-sorganise-au-jour-le-jour-dans-lenfer-de-gaza-partie-590-6-12-pollution-et-prevention-dans-lenvironnement\/#primaryimage\"},\"image\":{\"@id\":\"https:\/\/ismfrance.org\/index.php\/2025\/12\/08\/temoignages-de-gazaouis-la-survie-qui-sorganise-au-jour-le-jour-dans-lenfer-de-gaza-partie-590-6-12-pollution-et-prevention-dans-lenvironnement\/#primaryimage\"},\"thumbnailUrl\":\"https:\/\/ismfrance.org\/wp-content\/uploads\/2025\/12\/IMG_5048.jpg\",\"datePublished\":\"2025-12-08T10:11:15+00:00\",\"breadcrumb\":{\"@id\":\"https:\/\/ismfrance.org\/index.php\/2025\/12\/08\/temoignages-de-gazaouis-la-survie-qui-sorganise-au-jour-le-jour-dans-lenfer-de-gaza-partie-590-6-12-pollution-et-prevention-dans-lenvironnement\/#breadcrumb\"},\"inLanguage\":\"fr-FR\",\"potentialAction\":[{\"@type\":\"ReadAction\",\"target\":[\"https:\/\/ismfrance.org\/index.php\/2025\/12\/08\/temoignages-de-gazaouis-la-survie-qui-sorganise-au-jour-le-jour-dans-lenfer-de-gaza-partie-590-6-12-pollution-et-prevention-dans-lenvironnement\/\"]}]},{\"@type\":\"ImageObject\",\"inLanguage\":\"fr-FR\",\"@id\":\"https:\/\/ismfrance.org\/index.php\/2025\/12\/08\/temoignages-de-gazaouis-la-survie-qui-sorganise-au-jour-le-jour-dans-lenfer-de-gaza-partie-590-6-12-pollution-et-prevention-dans-lenvironnement\/#primaryimage\",\"url\":\"https:\/\/ismfrance.org\/wp-content\/uploads\/2025\/12\/IMG_5048.jpg\",\"contentUrl\":\"https:\/\/ismfrance.org\/wp-content\/uploads\/2025\/12\/IMG_5048.jpg\",\"width\":1600,\"height\":1200},{\"@type\":\"BreadcrumbList\",\"@id\":\"https:\/\/ismfrance.org\/index.php\/2025\/12\/08\/temoignages-de-gazaouis-la-survie-qui-sorganise-au-jour-le-jour-dans-lenfer-de-gaza-partie-590-6-12-pollution-et-prevention-dans-lenvironnement\/#breadcrumb\",\"itemListElement\":[{\"@type\":\"ListItem\",\"position\":1,\"name\":\"Accueil\",\"item\":\"https:\/\/ismfrance.org\/\"},{\"@type\":\"ListItem\",\"position\":2,\"name\":\"T\u00e9moignages de Gazaouis : La survie qui s\u2019organise au jour le jour dans l\u2019enfer de Gaza \u2013 partie 590 \/ 6.12 \u2013\u00a0Pollution et pr\u00e9vention dans l\u2019environnement des camps\"}]},{\"@type\":\"WebSite\",\"@id\":\"https:\/\/ismfrance.org\/#website\",\"url\":\"https:\/\/ismfrance.org\/\",\"name\":\"ISM Palestine France\",\"description\":\"Soutien aux luttes de lib\u00e9ration du peuple palestinien\",\"publisher\":{\"@id\":\"https:\/\/ismfrance.org\/#organization\"},\"potentialAction\":[{\"@type\":\"SearchAction\",\"target\":{\"@type\":\"EntryPoint\",\"urlTemplate\":\"https:\/\/ismfrance.org\/?s={search_term_string}\"},\"query-input\":{\"@type\":\"PropertyValueSpecification\",\"valueRequired\":true,\"valueName\":\"search_term_string\"}}],\"inLanguage\":\"fr-FR\"},{\"@type\":\"Organization\",\"@id\":\"https:\/\/ismfrance.org\/#organization\",\"name\":\"International Solidarity Movement\",\"url\":\"https:\/\/ismfrance.org\/\",\"logo\":{\"@type\":\"ImageObject\",\"inLanguage\":\"fr-FR\",\"@id\":\"https:\/\/ismfrance.org\/#\/schema\/logo\/image\/\",\"url\":\"https:\/\/ismfrance.org\/wp-content\/uploads\/2020\/12\/00.png\",\"contentUrl\":\"https:\/\/ismfrance.org\/wp-content\/uploads\/2020\/12\/00.png\",\"width\":400,\"height\":400,\"caption\":\"International Solidarity Movement\"},\"image\":{\"@id\":\"https:\/\/ismfrance.org\/#\/schema\/logo\/image\/\"},\"sameAs\":[\"https:\/\/x.com\/ISMFRANCE\"]},{\"@type\":\"Person\",\"@id\":\"https:\/\/ismfrance.org\/#\/schema\/person\/3c411eb72adfaae19c0dca1f41fae01d\",\"name\":\"mru_01\",\"image\":{\"@type\":\"ImageObject\",\"inLanguage\":\"fr-FR\",\"@id\":\"https:\/\/secure.gravatar.com\/avatar\/3a0be343b445d2ccc79e87444a294fad2b232e90d2051d0e3cc219e1ecd6a330?s=96&d=mm&r=g\",\"url\":\"https:\/\/secure.gravatar.com\/avatar\/3a0be343b445d2ccc79e87444a294fad2b232e90d2051d0e3cc219e1ecd6a330?s=96&d=mm&r=g\",\"contentUrl\":\"https:\/\/secure.gravatar.com\/avatar\/3a0be343b445d2ccc79e87444a294fad2b232e90d2051d0e3cc219e1ecd6a330?s=96&d=mm&r=g\",\"caption\":\"mru_01\"},\"url\":\"https:\/\/ismfrance.org\/index.php\/author\/admin02\/\"}]}<\/script>\n<!-- \/ Yoast SEO plugin. -->","yoast_head_json":{"title":"T\u00e9moignages de Gazaouis : La survie qui s\u2019organise au jour le jour dans l\u2019enfer de Gaza \u2013 partie 590 \/ 6.12 \u2013\u00a0Pollution et pr\u00e9vention dans l\u2019environnement des camps - International Solidarity Movement - ISM-France","robots":{"index":"index","follow":"follow","max-snippet":"max-snippet:-1","max-image-preview":"max-image-preview:large","max-video-preview":"max-video-preview:-1"},"canonical":"https:\/\/ismfrance.org\/index.php\/2025\/12\/08\/temoignages-de-gazaouis-la-survie-qui-sorganise-au-jour-le-jour-dans-lenfer-de-gaza-partie-590-6-12-pollution-et-prevention-dans-lenvironnement\/","og_locale":"fr_FR","og_type":"article","og_title":"T\u00e9moignages de Gazaouis : La survie qui s\u2019organise au jour le jour dans l\u2019enfer de Gaza \u2013 partie 590 \/ 6.12 \u2013\u00a0Pollution et pr\u00e9vention dans l\u2019environnement des camps - International Solidarity Movement - ISM-France","og_description":"Brigitte Challande, 8 d\u00e9cembre 2025.- Le compte-rendu de l\u2019atelier de soutien psychologique hebdomadaire du 6.12, centr\u00e9 sur la protection des familles et le bien-\u00eatre des femmes face aux d\u00e9fis. \u00ab\u00a0Les Lire la suite &rarr;","og_url":"https:\/\/ismfrance.org\/index.php\/2025\/12\/08\/temoignages-de-gazaouis-la-survie-qui-sorganise-au-jour-le-jour-dans-lenfer-de-gaza-partie-590-6-12-pollution-et-prevention-dans-lenvironnement\/","og_site_name":"International Solidarity Movement - ISM-France","article_published_time":"2025-12-08T10:11:15+00:00","og_image":[{"width":1600,"height":1200,"url":"https:\/\/ismfrance.org\/wp-content\/uploads\/2025\/12\/IMG_5048.jpg","type":"image\/jpeg"}],"author":"mru_01","twitter_card":"summary_large_image","twitter_creator":"@ISMFRANCE","twitter_site":"@ISMFRANCE","twitter_misc":{"\u00c9crit par":"mru_01","Dur\u00e9e de lecture estim\u00e9e":"8 minutes"},"schema":{"@context":"https:\/\/schema.org","@graph":[{"@type":"Article","@id":"https:\/\/ismfrance.org\/index.php\/2025\/12\/08\/temoignages-de-gazaouis-la-survie-qui-sorganise-au-jour-le-jour-dans-lenfer-de-gaza-partie-590-6-12-pollution-et-prevention-dans-lenvironnement\/#article","isPartOf":{"@id":"https:\/\/ismfrance.org\/index.php\/2025\/12\/08\/temoignages-de-gazaouis-la-survie-qui-sorganise-au-jour-le-jour-dans-lenfer-de-gaza-partie-590-6-12-pollution-et-prevention-dans-lenvironnement\/"},"author":{"name":"mru_01","@id":"https:\/\/ismfrance.org\/#\/schema\/person\/3c411eb72adfaae19c0dca1f41fae01d"},"headline":"T\u00e9moignages de Gazaouis : La survie qui s\u2019organise au jour le jour dans l\u2019enfer de Gaza \u2013 partie 590 \/ 6.12 \u2013\u00a0Pollution et pr\u00e9vention dans l\u2019environnement des camps","datePublished":"2025-12-08T10:11:15+00:00","mainEntityOfPage":{"@id":"https:\/\/ismfrance.org\/index.php\/2025\/12\/08\/temoignages-de-gazaouis-la-survie-qui-sorganise-au-jour-le-jour-dans-lenfer-de-gaza-partie-590-6-12-pollution-et-prevention-dans-lenvironnement\/"},"wordCount":1575,"publisher":{"@id":"https:\/\/ismfrance.org\/#organization"},"image":{"@id":"https:\/\/ismfrance.org\/index.php\/2025\/12\/08\/temoignages-de-gazaouis-la-survie-qui-sorganise-au-jour-le-jour-dans-lenfer-de-gaza-partie-590-6-12-pollution-et-prevention-dans-lenvironnement\/#primaryimage"},"thumbnailUrl":"https:\/\/ismfrance.org\/wp-content\/uploads\/2025\/12\/IMG_5048.jpg","keywords":["G\u00e9nocide","solidarit\u00e9"],"articleSection":["Articles","T\u00e9moignages"],"inLanguage":"fr-FR"},{"@type":"WebPage","@id":"https:\/\/ismfrance.org\/index.php\/2025\/12\/08\/temoignages-de-gazaouis-la-survie-qui-sorganise-au-jour-le-jour-dans-lenfer-de-gaza-partie-590-6-12-pollution-et-prevention-dans-lenvironnement\/","url":"https:\/\/ismfrance.org\/index.php\/2025\/12\/08\/temoignages-de-gazaouis-la-survie-qui-sorganise-au-jour-le-jour-dans-lenfer-de-gaza-partie-590-6-12-pollution-et-prevention-dans-lenvironnement\/","name":"T\u00e9moignages de Gazaouis : La survie qui s\u2019organise au jour le jour dans l\u2019enfer de Gaza \u2013 partie 590 \/ 6.12 \u2013\u00a0Pollution et pr\u00e9vention dans l\u2019environnement des camps - International Solidarity Movement - ISM-France","isPartOf":{"@id":"https:\/\/ismfrance.org\/#website"},"primaryImageOfPage":{"@id":"https:\/\/ismfrance.org\/index.php\/2025\/12\/08\/temoignages-de-gazaouis-la-survie-qui-sorganise-au-jour-le-jour-dans-lenfer-de-gaza-partie-590-6-12-pollution-et-prevention-dans-lenvironnement\/#primaryimage"},"image":{"@id":"https:\/\/ismfrance.org\/index.php\/2025\/12\/08\/temoignages-de-gazaouis-la-survie-qui-sorganise-au-jour-le-jour-dans-lenfer-de-gaza-partie-590-6-12-pollution-et-prevention-dans-lenvironnement\/#primaryimage"},"thumbnailUrl":"https:\/\/ismfrance.org\/wp-content\/uploads\/2025\/12\/IMG_5048.jpg","datePublished":"2025-12-08T10:11:15+00:00","breadcrumb":{"@id":"https:\/\/ismfrance.org\/index.php\/2025\/12\/08\/temoignages-de-gazaouis-la-survie-qui-sorganise-au-jour-le-jour-dans-lenfer-de-gaza-partie-590-6-12-pollution-et-prevention-dans-lenvironnement\/#breadcrumb"},"inLanguage":"fr-FR","potentialAction":[{"@type":"ReadAction","target":["https:\/\/ismfrance.org\/index.php\/2025\/12\/08\/temoignages-de-gazaouis-la-survie-qui-sorganise-au-jour-le-jour-dans-lenfer-de-gaza-partie-590-6-12-pollution-et-prevention-dans-lenvironnement\/"]}]},{"@type":"ImageObject","inLanguage":"fr-FR","@id":"https:\/\/ismfrance.org\/index.php\/2025\/12\/08\/temoignages-de-gazaouis-la-survie-qui-sorganise-au-jour-le-jour-dans-lenfer-de-gaza-partie-590-6-12-pollution-et-prevention-dans-lenvironnement\/#primaryimage","url":"https:\/\/ismfrance.org\/wp-content\/uploads\/2025\/12\/IMG_5048.jpg","contentUrl":"https:\/\/ismfrance.org\/wp-content\/uploads\/2025\/12\/IMG_5048.jpg","width":1600,"height":1200},{"@type":"BreadcrumbList","@id":"https:\/\/ismfrance.org\/index.php\/2025\/12\/08\/temoignages-de-gazaouis-la-survie-qui-sorganise-au-jour-le-jour-dans-lenfer-de-gaza-partie-590-6-12-pollution-et-prevention-dans-lenvironnement\/#breadcrumb","itemListElement":[{"@type":"ListItem","position":1,"name":"Accueil","item":"https:\/\/ismfrance.org\/"},{"@type":"ListItem","position":2,"name":"T\u00e9moignages de Gazaouis : La survie qui s\u2019organise au jour le jour dans l\u2019enfer de Gaza \u2013 partie 590 \/ 6.12 \u2013\u00a0Pollution et pr\u00e9vention dans l\u2019environnement des camps"}]},{"@type":"WebSite","@id":"https:\/\/ismfrance.org\/#website","url":"https:\/\/ismfrance.org\/","name":"ISM Palestine France","description":"Soutien aux luttes de lib\u00e9ration du peuple palestinien","publisher":{"@id":"https:\/\/ismfrance.org\/#organization"},"potentialAction":[{"@type":"SearchAction","target":{"@type":"EntryPoint","urlTemplate":"https:\/\/ismfrance.org\/?s={search_term_string}"},"query-input":{"@type":"PropertyValueSpecification","valueRequired":true,"valueName":"search_term_string"}}],"inLanguage":"fr-FR"},{"@type":"Organization","@id":"https:\/\/ismfrance.org\/#organization","name":"International Solidarity Movement","url":"https:\/\/ismfrance.org\/","logo":{"@type":"ImageObject","inLanguage":"fr-FR","@id":"https:\/\/ismfrance.org\/#\/schema\/logo\/image\/","url":"https:\/\/ismfrance.org\/wp-content\/uploads\/2020\/12\/00.png","contentUrl":"https:\/\/ismfrance.org\/wp-content\/uploads\/2020\/12\/00.png","width":400,"height":400,"caption":"International Solidarity Movement"},"image":{"@id":"https:\/\/ismfrance.org\/#\/schema\/logo\/image\/"},"sameAs":["https:\/\/x.com\/ISMFRANCE"]},{"@type":"Person","@id":"https:\/\/ismfrance.org\/#\/schema\/person\/3c411eb72adfaae19c0dca1f41fae01d","name":"mru_01","image":{"@type":"ImageObject","inLanguage":"fr-FR","@id":"https:\/\/secure.gravatar.com\/avatar\/3a0be343b445d2ccc79e87444a294fad2b232e90d2051d0e3cc219e1ecd6a330?s=96&d=mm&r=g","url":"https:\/\/secure.gravatar.com\/avatar\/3a0be343b445d2ccc79e87444a294fad2b232e90d2051d0e3cc219e1ecd6a330?s=96&d=mm&r=g","contentUrl":"https:\/\/secure.gravatar.com\/avatar\/3a0be343b445d2ccc79e87444a294fad2b232e90d2051d0e3cc219e1ecd6a330?s=96&d=mm&r=g","caption":"mru_01"},"url":"https:\/\/ismfrance.org\/index.php\/author\/admin02\/"}]}},"_links":{"self":[{"href":"https:\/\/ismfrance.org\/index.php\/wp-json\/wp\/v2\/posts\/25399","targetHints":{"allow":["GET"]}}],"collection":[{"href":"https:\/\/ismfrance.org\/index.php\/wp-json\/wp\/v2\/posts"}],"about":[{"href":"https:\/\/ismfrance.org\/index.php\/wp-json\/wp\/v2\/types\/post"}],"author":[{"embeddable":true,"href":"https:\/\/ismfrance.org\/index.php\/wp-json\/wp\/v2\/users\/3"}],"replies":[{"embeddable":true,"href":"https:\/\/ismfrance.org\/index.php\/wp-json\/wp\/v2\/comments?post=25399"}],"version-history":[{"count":0,"href":"https:\/\/ismfrance.org\/index.php\/wp-json\/wp\/v2\/posts\/25399\/revisions"}],"wp:featuredmedia":[{"embeddable":true,"href":"https:\/\/ismfrance.org\/index.php\/wp-json\/wp\/v2\/media\/25400"}],"wp:attachment":[{"href":"https:\/\/ismfrance.org\/index.php\/wp-json\/wp\/v2\/media?parent=25399"}],"wp:term":[{"taxonomy":"category","embeddable":true,"href":"https:\/\/ismfrance.org\/index.php\/wp-json\/wp\/v2\/categories?post=25399"},{"taxonomy":"post_tag","embeddable":true,"href":"https:\/\/ismfrance.org\/index.php\/wp-json\/wp\/v2\/tags?post=25399"}],"curies":[{"name":"wp","href":"https:\/\/api.w.org\/{rel}","templated":true}]}}