{"id":25391,"date":"2025-12-08T08:31:07","date_gmt":"2025-12-08T07:31:07","guid":{"rendered":"https:\/\/ismfrance.org\/?p=25391"},"modified":"2025-12-08T10:40:43","modified_gmt":"2025-12-08T09:40:43","slug":"la-situation-a-gaza-est-extremement-grave","status":"publish","type":"post","link":"https:\/\/ismfrance.org\/index.php\/2025\/12\/08\/la-situation-a-gaza-est-extremement-grave\/","title":{"rendered":"La situation \u00e0 Gaza est extr\u00eamement grave"},"content":{"rendered":"<p><span style=\"color: #000000;\"><span style=\"font-family: Arial, sans-serif;\"><span style=\"font-size: medium;\"><strong>UJFP, 7 d\u00e9cembre 2025<\/strong>.- Deux \u00e9l\u00e9ments se conjuguent dans l\u2019aggravation en cours. <\/span><\/span><\/span><span style=\"color: #000000;\"><span style=\"font-family: Arial, sans-serif;\"><span style=\"font-size: medium;\">D\u2019une part le cessez-le feu annonc\u00e9 le 10 octobre n\u2019en est pas un. \u00a0Dans son\u00a0<a href=\"https:\/\/www.amnesty.org\/fr\/latest\/news\/2025\/11\/israels-genocide-against-palestinians-in-gaza-continues-unabated-despite-ceasefire\/\" target=\"_blank\" rel=\"noopener\">rapport du 27 novembre<\/a>\u00a02025, Amnesty International a d\u00e9clar\u00e9\u00a0que \u00ab\u00a0<\/span><\/span><\/span><span style=\"color: #000000;\"><span style=\"font-family: Arial, sans-serif;\"><span style=\"font-size: medium;\"><i>les actes g\u00e9nocidaires commis par Isra\u00ebl se poursuivent \u00e0 Gaza. La population palestinienne manque de tout : de nourriture, d\u2019eau, de logements, de soins de sant\u00e9. Elle est condamn\u00e9e \u00e0 une mort lente et calcul\u00e9e. 327 personnes au moins ont \u00e9t\u00e9 tu\u00e9es dont 136 enfants<\/i><\/span><\/span><\/span><span style=\"color: #000000;\"><span style=\"font-family: Arial, sans-serif;\"><span style=\"font-size: medium;\">.\u00a0\u00bb<\/span><\/span><\/span><\/p>\n<p><a href=\"https:\/\/ismfrance.org\/wp-content\/uploads\/2025\/12\/G7eSbncWoAAWSAK.jpg\"><img loading=\"lazy\" decoding=\"async\" class=\"alignnone size-full wp-image-25393\" src=\"https:\/\/ismfrance.org\/wp-content\/uploads\/2025\/12\/G7eSbncWoAAWSAK.jpg\" alt=\"\" width=\"680\" height=\"453\" srcset=\"https:\/\/ismfrance.org\/wp-content\/uploads\/2025\/12\/G7eSbncWoAAWSAK.jpg 680w, https:\/\/ismfrance.org\/wp-content\/uploads\/2025\/12\/G7eSbncWoAAWSAK-300x200.jpg 300w\" sizes=\"auto, (max-width: 680px) 100vw, 680px\" \/><\/a><\/p>\n<p><span style=\"color: #000000;\"><span style=\"font-family: Arial, sans-serif;\"><span style=\"font-size: medium;\">Pendant ce temps, les gouvernements des \u00c9tats-Unis, d\u2019Isra\u00ebl et leurs alli\u00e9s se concertent sur le dos des Palestiniens qui ne sont pas consult\u00e9s. Et ledit \u00ab\u00a0<a href=\"https:\/\/ujfp.org\/le-plan-trump-un-nouveau-plan-de-depossession-des-palestiniens\/\">Plan Trump<\/a>\u00a0\u00bb les condamne \u00e0 la poursuite de l\u2019occupation militaire, au morcellement de la bande de Gaza dont plus de la moiti\u00e9 devient inaccessible \u00e0 sa population.<\/span><\/span><\/span><\/p>\n<p><span style=\"color: #000000;\"><span style=\"font-family: Arial, sans-serif;\"><span style=\"font-size: medium;\">D\u2019autre part les intemp\u00e9ries ont mis en danger vital les personnes d\u00e9plac\u00e9es dans des camps. Une m\u00e8re de plusieurs enfants, du camp d\u2019Al-Asdiqaa,\u00a0<a href=\"https:\/\/ujfp.org\/temoignage-dabu-amir-le-29-novembre-2025-dans-lhiver-rigoureux-des-camps-le-soutien-psychologique-persiste\/\">t\u00e9moigne<\/a>\u00a0dans un atelier de soutien aux femmes\u00a0: <\/span><\/span><\/span><\/p>\n<blockquote><p><span style=\"color: #000000;\"><span style=\"font-family: Arial, sans-serif;\"><span style=\"font-size: medium;\">\u00ab\u00a0Cette nuit-l\u00e0, l\u2019eau entrait comme un torrent. J\u2019ai creus\u00e9 un petit foss\u00e9 avec un bol pour changer le trajet de l\u2019eau, mais elle ne s\u2019arr\u00eatait pas. Avant l\u2019aube, tout \u00e9tait mouill\u00e9\u00a0: les v\u00eatements, les matelas, m\u00eame la farine. Nous sommes rest\u00e9es debout dans la boue pendant des heures\u2026 Nous nous sommes senties vaincues\u00a0\u00bb.<\/span><\/span><\/span><\/p><\/blockquote>\n<p><span style=\"color: #000000;\"><span style=\"font-family: Arial, sans-serif;\"><span style=\"font-size: medium;\">Le repr\u00e9sentant de l\u2019UJFP \u00e0 Gaza nous alerte\u00a0: <\/span><\/span><\/span><\/p>\n<blockquote><p><span style=\"color: #000000;\"><span style=\"font-family: Arial, sans-serif;\"><span style=\"font-size: medium;\">\u00ab\u00a0Dans les camps de d\u00e9plac\u00e9s, les familles ont besoin de tout, sans aide les gens meurent\u00a0\u00bb. <\/span><\/span><\/span><\/p><\/blockquote>\n<p><span style=\"color: #000000;\"><span style=\"font-family: Arial, sans-serif;\"><span style=\"font-size: medium;\">Il passe de camp en camp et tente de r\u00e9pondre aux besoins des familles les plus percut\u00e9es par la situation actuelle\u00a0: <\/span><\/span><\/span><\/p>\n<blockquote><p><span style=\"color: #000000;\"><span style=\"font-family: Arial, sans-serif;\"><span style=\"font-size: medium;\">\u00ab\u00a0Beaucoup de familles appellent pour recevoir des couvertures et des matelas \u00e9l\u00e9mentaires. De ces petits matelas, il n\u2019y en a plus qui soient disponibles \u00e0 l\u2019achat. On trouve, par contre, \u00e0 acheter des couvertures.\u00a0\u00bb<\/span><\/span><\/span><\/p><\/blockquote>\n<p><span style=\"color: #000000;\"><span style=\"font-family: Arial, sans-serif;\"><span style=\"font-size: medium;\">Abu Amir ajoute\u00a0: <\/span><\/span><\/span><\/p>\n<blockquote><p><span style=\"color: #000000;\"><span style=\"font-family: Arial, sans-serif;\"><span style=\"font-size: medium;\">\u00ab\u00a0Comprenez bien, <a href=\"https:\/\/ismfrance.org\/index.php\/2025\/12\/06\/25328\/\">600 b\u00e2ches<\/a>, comme nous venons d\u2019acheter, c\u2019est beaucoup d\u2019argent, mais ce n\u2019est rien si on compare aux besoins vitaux de millions de personnes en camps de d\u00e9plac\u00e9s\u00a0; il faudrait lancer une tr\u00e8s grande campagne pour que la population en France comprenne le point o\u00f9 nous en sommes, avec certaines familles d\u00e9munies absolument de tout, qui ne pourront survivre sans aide\u00a0\u00bb.<\/span><\/span><\/span><\/p><\/blockquote>\n<p><span style=\"color: #000000;\"><span style=\"font-family: Arial, sans-serif;\"><span style=\"font-size: medium;\">L\u2019UJFP, qui appuie depuis 2016 un groupe de paysans de Gaza, poursuit son soutien politique en y ajoutant un volet humanitaire face \u00e0 la d\u00e9gradation \u00e9pouvantable des conditions de vie et se joint \u00e0 cette alerte.<\/span><\/span><\/span><\/p>\n<p><span style=\"color: #000000;\"><span style=\"font-family: Arial, sans-serif;\"><span style=\"font-size: medium;\">Nous lan\u00e7ons un nouvel appel \u00e0 la solidarit\u00e9 financi\u00e8re face \u00e0 une d\u00e9gradation des conditions de survie dans les camps de d\u00e9plac\u00e9s, alors que s\u2019insinue le froid et que les pluies ruinent les installations de fortune. Mais les Palestiniens s\u2019accrochent et r\u00e9sistent au d\u00e9sespoir. C\u2019est pourquoi notre aide est cruciale.<\/span><\/span><\/span><\/p>\n<p><span style=\"color: #000000;\"><span style=\"font-family: Arial, sans-serif;\"><span style=\"font-size: medium;\">La Coordination nationale de l\u2019<a href=\"https:\/\/ujfp.org\/la-situation-a-gaza-est-extremement-grave\/\">UJFP<\/a>, le 7 d\u00e9cembre 2025.<\/span><\/span><\/span><\/p>\n","protected":false},"excerpt":{"rendered":"<p>UJFP, 7 d\u00e9cembre 2025.- Deux \u00e9l\u00e9ments se conjuguent dans l\u2019aggravation en cours. D\u2019une part le cessez-le feu annonc\u00e9 le 10 octobre n\u2019en est pas un. \u00a0Dans son\u00a0rapport du 27 novembre\u00a02025, <a class=\"more-link\" href=\"https:\/\/ismfrance.org\/index.php\/2025\/12\/08\/la-situation-a-gaza-est-extremement-grave\/\">Lire la suite &rarr;<\/a><\/p>\n","protected":false},"author":3,"featured_media":25393,"comment_status":"closed","ping_status":"closed","sticky":false,"template":"","format":"standard","meta":{"footnotes":""},"categories":[2,14],"tags":[156,46],"class_list":["post-25391","post","type-post","status-publish","format-standard","has-post-thumbnail","hentry","category-articles","category-communiques","tag-genocide","tag-solidarite"],"yoast_head":"<!-- This site is optimized with the Yoast SEO plugin v27.2 - https:\/\/yoast.com\/product\/yoast-seo-wordpress\/ -->\n<title>La situation \u00e0 Gaza est extr\u00eamement grave - International Solidarity Movement - ISM-France<\/title>\n<meta name=\"robots\" content=\"index, follow, max-snippet:-1, max-image-preview:large, max-video-preview:-1\" \/>\n<link rel=\"canonical\" href=\"https:\/\/ismfrance.org\/index.php\/2025\/12\/08\/la-situation-a-gaza-est-extremement-grave\/\" \/>\n<meta property=\"og:locale\" content=\"fr_FR\" \/>\n<meta property=\"og:type\" content=\"article\" \/>\n<meta property=\"og:title\" content=\"La situation \u00e0 Gaza est extr\u00eamement grave - International Solidarity Movement - ISM-France\" \/>\n<meta property=\"og:description\" content=\"UJFP, 7 d\u00e9cembre 2025.- Deux \u00e9l\u00e9ments se conjuguent dans l\u2019aggravation en cours. D\u2019une part le cessez-le feu annonc\u00e9 le 10 octobre n\u2019en est pas un. \u00a0Dans son\u00a0rapport du 27 novembre\u00a02025, Lire la suite &rarr;\" \/>\n<meta property=\"og:url\" content=\"https:\/\/ismfrance.org\/index.php\/2025\/12\/08\/la-situation-a-gaza-est-extremement-grave\/\" \/>\n<meta property=\"og:site_name\" content=\"International Solidarity Movement - ISM-France\" \/>\n<meta property=\"article:published_time\" content=\"2025-12-08T07:31:07+00:00\" \/>\n<meta property=\"article:modified_time\" content=\"2025-12-08T09:40:43+00:00\" \/>\n<meta property=\"og:image\" content=\"https:\/\/ismfrance.org\/wp-content\/uploads\/2025\/12\/G7eSbncWoAAWSAK.jpg\" \/>\n\t<meta property=\"og:image:width\" content=\"680\" \/>\n\t<meta property=\"og:image:height\" content=\"453\" \/>\n\t<meta property=\"og:image:type\" content=\"image\/jpeg\" \/>\n<meta name=\"author\" content=\"mru_01\" \/>\n<meta name=\"twitter:card\" content=\"summary_large_image\" \/>\n<meta name=\"twitter:creator\" content=\"@ISMFRANCE\" \/>\n<meta name=\"twitter:site\" content=\"@ISMFRANCE\" \/>\n<meta name=\"twitter:label1\" content=\"\u00c9crit par\" \/>\n\t<meta name=\"twitter:data1\" content=\"mru_01\" \/>\n\t<meta name=\"twitter:label2\" content=\"Dur\u00e9e de lecture estim\u00e9e\" \/>\n\t<meta name=\"twitter:data2\" content=\"2 minutes\" \/>\n<script type=\"application\/ld+json\" class=\"yoast-schema-graph\">{\"@context\":\"https:\/\/schema.org\",\"@graph\":[{\"@type\":\"Article\",\"@id\":\"https:\/\/ismfrance.org\/index.php\/2025\/12\/08\/la-situation-a-gaza-est-extremement-grave\/#article\",\"isPartOf\":{\"@id\":\"https:\/\/ismfrance.org\/index.php\/2025\/12\/08\/la-situation-a-gaza-est-extremement-grave\/\"},\"author\":{\"name\":\"mru_01\",\"@id\":\"https:\/\/ismfrance.org\/#\/schema\/person\/3c411eb72adfaae19c0dca1f41fae01d\"},\"headline\":\"La situation \u00e0 Gaza est extr\u00eamement grave\",\"datePublished\":\"2025-12-08T07:31:07+00:00\",\"dateModified\":\"2025-12-08T09:40:43+00:00\",\"mainEntityOfPage\":{\"@id\":\"https:\/\/ismfrance.org\/index.php\/2025\/12\/08\/la-situation-a-gaza-est-extremement-grave\/\"},\"wordCount\":507,\"publisher\":{\"@id\":\"https:\/\/ismfrance.org\/#organization\"},\"image\":{\"@id\":\"https:\/\/ismfrance.org\/index.php\/2025\/12\/08\/la-situation-a-gaza-est-extremement-grave\/#primaryimage\"},\"thumbnailUrl\":\"https:\/\/ismfrance.org\/wp-content\/uploads\/2025\/12\/G7eSbncWoAAWSAK.jpg\",\"keywords\":[\"G\u00e9nocide\",\"solidarit\u00e9\"],\"articleSection\":[\"Articles\",\"Communiqu\u00e9s\"],\"inLanguage\":\"fr-FR\"},{\"@type\":\"WebPage\",\"@id\":\"https:\/\/ismfrance.org\/index.php\/2025\/12\/08\/la-situation-a-gaza-est-extremement-grave\/\",\"url\":\"https:\/\/ismfrance.org\/index.php\/2025\/12\/08\/la-situation-a-gaza-est-extremement-grave\/\",\"name\":\"La situation \u00e0 Gaza est extr\u00eamement grave - International Solidarity Movement - ISM-France\",\"isPartOf\":{\"@id\":\"https:\/\/ismfrance.org\/#website\"},\"primaryImageOfPage\":{\"@id\":\"https:\/\/ismfrance.org\/index.php\/2025\/12\/08\/la-situation-a-gaza-est-extremement-grave\/#primaryimage\"},\"image\":{\"@id\":\"https:\/\/ismfrance.org\/index.php\/2025\/12\/08\/la-situation-a-gaza-est-extremement-grave\/#primaryimage\"},\"thumbnailUrl\":\"https:\/\/ismfrance.org\/wp-content\/uploads\/2025\/12\/G7eSbncWoAAWSAK.jpg\",\"datePublished\":\"2025-12-08T07:31:07+00:00\",\"dateModified\":\"2025-12-08T09:40:43+00:00\",\"breadcrumb\":{\"@id\":\"https:\/\/ismfrance.org\/index.php\/2025\/12\/08\/la-situation-a-gaza-est-extremement-grave\/#breadcrumb\"},\"inLanguage\":\"fr-FR\",\"potentialAction\":[{\"@type\":\"ReadAction\",\"target\":[\"https:\/\/ismfrance.org\/index.php\/2025\/12\/08\/la-situation-a-gaza-est-extremement-grave\/\"]}]},{\"@type\":\"ImageObject\",\"inLanguage\":\"fr-FR\",\"@id\":\"https:\/\/ismfrance.org\/index.php\/2025\/12\/08\/la-situation-a-gaza-est-extremement-grave\/#primaryimage\",\"url\":\"https:\/\/ismfrance.org\/wp-content\/uploads\/2025\/12\/G7eSbncWoAAWSAK.jpg\",\"contentUrl\":\"https:\/\/ismfrance.org\/wp-content\/uploads\/2025\/12\/G7eSbncWoAAWSAK.jpg\",\"width\":680,\"height\":453},{\"@type\":\"BreadcrumbList\",\"@id\":\"https:\/\/ismfrance.org\/index.php\/2025\/12\/08\/la-situation-a-gaza-est-extremement-grave\/#breadcrumb\",\"itemListElement\":[{\"@type\":\"ListItem\",\"position\":1,\"name\":\"Accueil\",\"item\":\"https:\/\/ismfrance.org\/\"},{\"@type\":\"ListItem\",\"position\":2,\"name\":\"La situation \u00e0 Gaza est extr\u00eamement grave\"}]},{\"@type\":\"WebSite\",\"@id\":\"https:\/\/ismfrance.org\/#website\",\"url\":\"https:\/\/ismfrance.org\/\",\"name\":\"ISM Palestine France\",\"description\":\"Soutien aux luttes de lib\u00e9ration du peuple palestinien\",\"publisher\":{\"@id\":\"https:\/\/ismfrance.org\/#organization\"},\"potentialAction\":[{\"@type\":\"SearchAction\",\"target\":{\"@type\":\"EntryPoint\",\"urlTemplate\":\"https:\/\/ismfrance.org\/?s={search_term_string}\"},\"query-input\":{\"@type\":\"PropertyValueSpecification\",\"valueRequired\":true,\"valueName\":\"search_term_string\"}}],\"inLanguage\":\"fr-FR\"},{\"@type\":\"Organization\",\"@id\":\"https:\/\/ismfrance.org\/#organization\",\"name\":\"International Solidarity Movement\",\"url\":\"https:\/\/ismfrance.org\/\",\"logo\":{\"@type\":\"ImageObject\",\"inLanguage\":\"fr-FR\",\"@id\":\"https:\/\/ismfrance.org\/#\/schema\/logo\/image\/\",\"url\":\"https:\/\/ismfrance.org\/wp-content\/uploads\/2020\/12\/00.png\",\"contentUrl\":\"https:\/\/ismfrance.org\/wp-content\/uploads\/2020\/12\/00.png\",\"width\":400,\"height\":400,\"caption\":\"International Solidarity Movement\"},\"image\":{\"@id\":\"https:\/\/ismfrance.org\/#\/schema\/logo\/image\/\"},\"sameAs\":[\"https:\/\/x.com\/ISMFRANCE\"]},{\"@type\":\"Person\",\"@id\":\"https:\/\/ismfrance.org\/#\/schema\/person\/3c411eb72adfaae19c0dca1f41fae01d\",\"name\":\"mru_01\",\"image\":{\"@type\":\"ImageObject\",\"inLanguage\":\"fr-FR\",\"@id\":\"https:\/\/secure.gravatar.com\/avatar\/3a0be343b445d2ccc79e87444a294fad2b232e90d2051d0e3cc219e1ecd6a330?s=96&d=mm&r=g\",\"url\":\"https:\/\/secure.gravatar.com\/avatar\/3a0be343b445d2ccc79e87444a294fad2b232e90d2051d0e3cc219e1ecd6a330?s=96&d=mm&r=g\",\"contentUrl\":\"https:\/\/secure.gravatar.com\/avatar\/3a0be343b445d2ccc79e87444a294fad2b232e90d2051d0e3cc219e1ecd6a330?s=96&d=mm&r=g\",\"caption\":\"mru_01\"},\"url\":\"https:\/\/ismfrance.org\/index.php\/author\/admin02\/\"}]}<\/script>\n<!-- \/ Yoast SEO plugin. -->","yoast_head_json":{"title":"La situation \u00e0 Gaza est extr\u00eamement grave - International Solidarity Movement - ISM-France","robots":{"index":"index","follow":"follow","max-snippet":"max-snippet:-1","max-image-preview":"max-image-preview:large","max-video-preview":"max-video-preview:-1"},"canonical":"https:\/\/ismfrance.org\/index.php\/2025\/12\/08\/la-situation-a-gaza-est-extremement-grave\/","og_locale":"fr_FR","og_type":"article","og_title":"La situation \u00e0 Gaza est extr\u00eamement grave - International Solidarity Movement - ISM-France","og_description":"UJFP, 7 d\u00e9cembre 2025.- Deux \u00e9l\u00e9ments se conjuguent dans l\u2019aggravation en cours. D\u2019une part le cessez-le feu annonc\u00e9 le 10 octobre n\u2019en est pas un. \u00a0Dans son\u00a0rapport du 27 novembre\u00a02025, Lire la suite &rarr;","og_url":"https:\/\/ismfrance.org\/index.php\/2025\/12\/08\/la-situation-a-gaza-est-extremement-grave\/","og_site_name":"International Solidarity Movement - ISM-France","article_published_time":"2025-12-08T07:31:07+00:00","article_modified_time":"2025-12-08T09:40:43+00:00","og_image":[{"width":680,"height":453,"url":"https:\/\/ismfrance.org\/wp-content\/uploads\/2025\/12\/G7eSbncWoAAWSAK.jpg","type":"image\/jpeg"}],"author":"mru_01","twitter_card":"summary_large_image","twitter_creator":"@ISMFRANCE","twitter_site":"@ISMFRANCE","twitter_misc":{"\u00c9crit par":"mru_01","Dur\u00e9e de lecture estim\u00e9e":"2 minutes"},"schema":{"@context":"https:\/\/schema.org","@graph":[{"@type":"Article","@id":"https:\/\/ismfrance.org\/index.php\/2025\/12\/08\/la-situation-a-gaza-est-extremement-grave\/#article","isPartOf":{"@id":"https:\/\/ismfrance.org\/index.php\/2025\/12\/08\/la-situation-a-gaza-est-extremement-grave\/"},"author":{"name":"mru_01","@id":"https:\/\/ismfrance.org\/#\/schema\/person\/3c411eb72adfaae19c0dca1f41fae01d"},"headline":"La situation \u00e0 Gaza est extr\u00eamement grave","datePublished":"2025-12-08T07:31:07+00:00","dateModified":"2025-12-08T09:40:43+00:00","mainEntityOfPage":{"@id":"https:\/\/ismfrance.org\/index.php\/2025\/12\/08\/la-situation-a-gaza-est-extremement-grave\/"},"wordCount":507,"publisher":{"@id":"https:\/\/ismfrance.org\/#organization"},"image":{"@id":"https:\/\/ismfrance.org\/index.php\/2025\/12\/08\/la-situation-a-gaza-est-extremement-grave\/#primaryimage"},"thumbnailUrl":"https:\/\/ismfrance.org\/wp-content\/uploads\/2025\/12\/G7eSbncWoAAWSAK.jpg","keywords":["G\u00e9nocide","solidarit\u00e9"],"articleSection":["Articles","Communiqu\u00e9s"],"inLanguage":"fr-FR"},{"@type":"WebPage","@id":"https:\/\/ismfrance.org\/index.php\/2025\/12\/08\/la-situation-a-gaza-est-extremement-grave\/","url":"https:\/\/ismfrance.org\/index.php\/2025\/12\/08\/la-situation-a-gaza-est-extremement-grave\/","name":"La situation \u00e0 Gaza est extr\u00eamement grave - International Solidarity Movement - ISM-France","isPartOf":{"@id":"https:\/\/ismfrance.org\/#website"},"primaryImageOfPage":{"@id":"https:\/\/ismfrance.org\/index.php\/2025\/12\/08\/la-situation-a-gaza-est-extremement-grave\/#primaryimage"},"image":{"@id":"https:\/\/ismfrance.org\/index.php\/2025\/12\/08\/la-situation-a-gaza-est-extremement-grave\/#primaryimage"},"thumbnailUrl":"https:\/\/ismfrance.org\/wp-content\/uploads\/2025\/12\/G7eSbncWoAAWSAK.jpg","datePublished":"2025-12-08T07:31:07+00:00","dateModified":"2025-12-08T09:40:43+00:00","breadcrumb":{"@id":"https:\/\/ismfrance.org\/index.php\/2025\/12\/08\/la-situation-a-gaza-est-extremement-grave\/#breadcrumb"},"inLanguage":"fr-FR","potentialAction":[{"@type":"ReadAction","target":["https:\/\/ismfrance.org\/index.php\/2025\/12\/08\/la-situation-a-gaza-est-extremement-grave\/"]}]},{"@type":"ImageObject","inLanguage":"fr-FR","@id":"https:\/\/ismfrance.org\/index.php\/2025\/12\/08\/la-situation-a-gaza-est-extremement-grave\/#primaryimage","url":"https:\/\/ismfrance.org\/wp-content\/uploads\/2025\/12\/G7eSbncWoAAWSAK.jpg","contentUrl":"https:\/\/ismfrance.org\/wp-content\/uploads\/2025\/12\/G7eSbncWoAAWSAK.jpg","width":680,"height":453},{"@type":"BreadcrumbList","@id":"https:\/\/ismfrance.org\/index.php\/2025\/12\/08\/la-situation-a-gaza-est-extremement-grave\/#breadcrumb","itemListElement":[{"@type":"ListItem","position":1,"name":"Accueil","item":"https:\/\/ismfrance.org\/"},{"@type":"ListItem","position":2,"name":"La situation \u00e0 Gaza est extr\u00eamement grave"}]},{"@type":"WebSite","@id":"https:\/\/ismfrance.org\/#website","url":"https:\/\/ismfrance.org\/","name":"ISM Palestine France","description":"Soutien aux luttes de lib\u00e9ration du peuple palestinien","publisher":{"@id":"https:\/\/ismfrance.org\/#organization"},"potentialAction":[{"@type":"SearchAction","target":{"@type":"EntryPoint","urlTemplate":"https:\/\/ismfrance.org\/?s={search_term_string}"},"query-input":{"@type":"PropertyValueSpecification","valueRequired":true,"valueName":"search_term_string"}}],"inLanguage":"fr-FR"},{"@type":"Organization","@id":"https:\/\/ismfrance.org\/#organization","name":"International Solidarity Movement","url":"https:\/\/ismfrance.org\/","logo":{"@type":"ImageObject","inLanguage":"fr-FR","@id":"https:\/\/ismfrance.org\/#\/schema\/logo\/image\/","url":"https:\/\/ismfrance.org\/wp-content\/uploads\/2020\/12\/00.png","contentUrl":"https:\/\/ismfrance.org\/wp-content\/uploads\/2020\/12\/00.png","width":400,"height":400,"caption":"International Solidarity Movement"},"image":{"@id":"https:\/\/ismfrance.org\/#\/schema\/logo\/image\/"},"sameAs":["https:\/\/x.com\/ISMFRANCE"]},{"@type":"Person","@id":"https:\/\/ismfrance.org\/#\/schema\/person\/3c411eb72adfaae19c0dca1f41fae01d","name":"mru_01","image":{"@type":"ImageObject","inLanguage":"fr-FR","@id":"https:\/\/secure.gravatar.com\/avatar\/3a0be343b445d2ccc79e87444a294fad2b232e90d2051d0e3cc219e1ecd6a330?s=96&d=mm&r=g","url":"https:\/\/secure.gravatar.com\/avatar\/3a0be343b445d2ccc79e87444a294fad2b232e90d2051d0e3cc219e1ecd6a330?s=96&d=mm&r=g","contentUrl":"https:\/\/secure.gravatar.com\/avatar\/3a0be343b445d2ccc79e87444a294fad2b232e90d2051d0e3cc219e1ecd6a330?s=96&d=mm&r=g","caption":"mru_01"},"url":"https:\/\/ismfrance.org\/index.php\/author\/admin02\/"}]}},"_links":{"self":[{"href":"https:\/\/ismfrance.org\/index.php\/wp-json\/wp\/v2\/posts\/25391","targetHints":{"allow":["GET"]}}],"collection":[{"href":"https:\/\/ismfrance.org\/index.php\/wp-json\/wp\/v2\/posts"}],"about":[{"href":"https:\/\/ismfrance.org\/index.php\/wp-json\/wp\/v2\/types\/post"}],"author":[{"embeddable":true,"href":"https:\/\/ismfrance.org\/index.php\/wp-json\/wp\/v2\/users\/3"}],"replies":[{"embeddable":true,"href":"https:\/\/ismfrance.org\/index.php\/wp-json\/wp\/v2\/comments?post=25391"}],"version-history":[{"count":0,"href":"https:\/\/ismfrance.org\/index.php\/wp-json\/wp\/v2\/posts\/25391\/revisions"}],"wp:featuredmedia":[{"embeddable":true,"href":"https:\/\/ismfrance.org\/index.php\/wp-json\/wp\/v2\/media\/25393"}],"wp:attachment":[{"href":"https:\/\/ismfrance.org\/index.php\/wp-json\/wp\/v2\/media?parent=25391"}],"wp:term":[{"taxonomy":"category","embeddable":true,"href":"https:\/\/ismfrance.org\/index.php\/wp-json\/wp\/v2\/categories?post=25391"},{"taxonomy":"post_tag","embeddable":true,"href":"https:\/\/ismfrance.org\/index.php\/wp-json\/wp\/v2\/tags?post=25391"}],"curies":[{"name":"wp","href":"https:\/\/api.w.org\/{rel}","templated":true}]}}