{"id":251,"date":"2021-04-21T11:23:34","date_gmt":"2021-04-21T09:23:34","guid":{"rendered":"http:\/\/ismfrance.org\/?p=251"},"modified":"2021-11-12T11:45:52","modified_gmt":"2021-11-12T10:45:52","slug":"la-deuxieme-vague-de-covid-19-a-frappe-la-bande-de-gaza-avec-un-effet-devastateur","status":"publish","type":"post","link":"https:\/\/ismfrance.org\/index.php\/2021\/04\/21\/la-deuxieme-vague-de-covid-19-a-frappe-la-bande-de-gaza-avec-un-effet-devastateur\/","title":{"rendered":"La deuxi\u00e8me vague de Covid-19 a frapp\u00e9 la bande de Gaza avec un effet d\u00e9vastateur"},"content":{"rendered":"<p><em>La crise humanitaire dans la bande de Gaza s&rsquo;aggrave alors que les responsables de la sant\u00e9 signalent plus de 1.000 nouveaux cas de coronavirus par jour.<\/em><\/p>\n<div id=\"attachment_253\" style=\"width: 710px\" class=\"wp-caption aligncenter\"><img loading=\"lazy\" decoding=\"async\" aria-describedby=\"caption-attachment-253\" class=\"size-full wp-image-253\" src=\"https:\/\/ismfrance.org\/wp-content\/uploads\/2021\/04\/02-1.jpg\" alt=\"\" width=\"700\" height=\"467\" srcset=\"https:\/\/ismfrance.org\/wp-content\/uploads\/2021\/04\/02-1.jpg 700w, https:\/\/ismfrance.org\/wp-content\/uploads\/2021\/04\/02-1-300x200.jpg 300w\" sizes=\"auto, (max-width: 700px) 100vw, 700px\" \/><p id=\"caption-attachment-253\" class=\"wp-caption-text\">V\u00e9rification de la temp\u00e9rature d&rsquo;un enfant dans le cadre des pr\u00e9cautions prises contre le COVID-19 dans la ville de Gaza &#8211; Photo : via www.workers.org<\/p><\/div>\n<p>Ils mettent en garde contre une catastrophe sanitaire sous l&rsquo;effet d&rsquo;un blocus men\u00e9 par Isra\u00ebl qui restreint, entre autres, les importations m\u00e9dicales. L&rsquo;impact de la pand\u00e9mie est d\u00e9vastateur dans un environnement aussi ferm\u00e9.<\/p>\n<p>Pour ne rien arranger, la variante britannique du virus, mortelle et se propageant rapidement, a touch\u00e9 la bande de Gaza fin mars. Avec pr\u00e8s de 2 millions de Palestiniens vivant dans ce qui a \u00e9t\u00e9 d\u00e9crit comme la plus grande prison \u00e0 ciel ouvert du monde, 83.287 ont \u00e9t\u00e9 infect\u00e9s par le Covid-19, dont 694 sont morts.<\/p>\n<p>Compte tenu de l&rsquo;augmentation du taux d&rsquo;infection \u00e0 Gaza, un confinement strict a \u00e9t\u00e9 impos\u00e9 pour tenter d&rsquo;enrayer la propagation du virus. Il comprend un couvre-feu complet dans tous les gouvernorats de la bande de Gaza, couvrant les \u00e9coles, les mosqu\u00e9es, les march\u00e9s et autres installations publiques. La vie s&rsquo;est plus ou moins arr\u00eat\u00e9e, avec des routes ferm\u00e9es pour renforcer le confinement et des h\u00f4pitaux de campagne install\u00e9s dans le sud du territoire. Les fermetures totales commencent chaque jeudi \u00e0 21 heures et durent jusqu&rsquo;au dimanche matin pour une p\u00e9riode non d\u00e9termin\u00e9e. Le gouvernement \u00e9value la situation en permanence.<\/p>\n<p>Le chef du bureau gouvernemental des m\u00e9dias (GMO) \u00e0 Gaza, Salama Maroof, m&rsquo;a dit que \u00ab le plan du gouvernement est clair, et il a \u00e9t\u00e9 mis en \u0153uvre d\u00e8s l&rsquo;apparition de la pand\u00e9mie l&rsquo;ann\u00e9e derni\u00e8re. Chaque fois que nous constatons une augmentation du nombre de cas, nous renfor\u00e7ons les mesures de pr\u00e9caution, en essayant autant que possible d&rsquo;imposer un certain \u00e9quilibre entre la pand\u00e9mie et les conditions g\u00e9n\u00e9rales qui r\u00e9gissent notre soci\u00e9t\u00e9. \u00bb<\/p>\n<p>Maroof a soulign\u00e9 que dans une soci\u00e9t\u00e9 comme celle de la bande de Gaza, tr\u00e8s restreinte d\u2019un point de vue g\u00e9ographique avec l&rsquo;une des plus fortes densit\u00e9s de population au monde et une culture bas\u00e9e sur l&rsquo;interaction sociale, il est naturel de s&rsquo;attendre \u00e0 un grand nombre de cas de coronavirus. \u00ab Le gouvernement s&rsquo;attend \u00e0 ce que le taux de tests positifs continue \u00e0 augmenter si les gens ne respectent pas les proc\u00e9dures de confinement. \u00bb<\/p>\n<p>Le repr\u00e9sentant du gouvernement a soulign\u00e9 que le blocus isra\u00e9lien a un r\u00f4le clair et significatif, tant sur le plan \u00e9conomique que sur le plan m\u00e9dical, car Gaza souffre d&rsquo;une p\u00e9nurie dramatique de fournitures m\u00e9dicales. Les m\u00e9dicaments, les produits m\u00e9dicaux jetables, le mat\u00e9riel de laboratoire et les \u00e9quipements font partie des articles essentiels dont l&rsquo;acc\u00e8s est restreint par le si\u00e8ge.<\/p>\n<p>\u00ab Dans la mesure du possible, le gouvernement a essay\u00e9 de fournir ces produits, \u00bb a-t-il expliqu\u00e9, \u00ab que ce soit gr\u00e2ce aux dons des organisations internationales ou aux initiatives souvent ing\u00e9nieuses de notre population dans la bande de Gaza. \u00bb<\/p>\n<p>Le secteur de la sant\u00e9, qui s&rsquo;effondre, a du mal \u00e0 faire face aux probl\u00e8mes courants, sans parler du coronavirus. Les \u00e9quipements de protection individuelle (EPI) sont rares, tout comme les d\u00e9sinfectants et autres produits de nettoyage de base.<\/p>\n<p>Les autorit\u00e9s de Gaza, pour des raisons assez \u00e9videntes, ont tard\u00e9 \u00e0 lancer une campagne de vaccination. Moins de 2% des Palestiniens ont \u00e9t\u00e9 vaccin\u00e9s en Cisjordanie et dans la bande de Gaza occup\u00e9es. Il est urgent de vacciner les travailleurs de premi\u00e8re ligne et les personnes vuln\u00e9rables. Le gouvernement s&rsquo;est procur\u00e9 des quantit\u00e9s limit\u00e9es de vaccins. Un premier envoi a \u00e9t\u00e9 fourni par le programme Covax, g\u00e9r\u00e9 par l&rsquo;Organisation mondiale de la sant\u00e9, qui est arriv\u00e9 en Cisjordanie et \u00e0 Gaza le 15 mars.<\/p>\n<p>Pr\u00e8s de 37.500 doses de vaccin Pfizer-BioNTech et 24.000 doses de vaccin AstraZeneca ont \u00e9t\u00e9 livr\u00e9es aux territoires palestiniens occup\u00e9s. Gaza a \u00e9galement re\u00e7u 60.000 doses de vaccin russe donn\u00e9 par les \u00c9mirats arabes unis. Cette livraison fait suite \u00e0 un premier envoi de 20.000 doses par les EAU en f\u00e9vrier.<\/p>\n<p>Il s&rsquo;agit, bien entendu, d&rsquo;un nombre tr\u00e8s limit\u00e9 de doses, qui est loin de correspondre au nombre requis pour la seule bande de Gaza. Pendant ce temps, la puissance occupante, Isra\u00ebl, est f\u00e9licit\u00e9e pour avoir vaccin\u00e9 l&rsquo;ensemble de sa population, alors m\u00eame qu&rsquo;elle refuse les vaccins aux populations occup\u00e9es auxquelles elle a l&rsquo;obligation l\u00e9gale de fournir des soins de sant\u00e9 ad\u00e9quats et autres besoins.<\/p>\n<p>Le Haut-Commissaire des Nations unies aux droits de l&rsquo;homme a confirm\u00e9 qu&rsquo;il incombe \u00e0 Isra\u00ebl de fournir un acc\u00e8s \u00e9quitable aux vaccins Covid-19 aux Palestiniens sous occupation dans la bande de Gaza et en Cisjordanie et a demand\u00e9 au gouvernement isra\u00e9lien de garantir cet acc\u00e8s.<\/p>\n<p>La situation \u00e0 Gaza est d\u00e9j\u00e0 l&rsquo;une des plus complexes au monde, il est donc difficile de comparer sa r\u00e9ponse Covid-19 avec d&rsquo;autres endroits. \u00ab Rester \u00e0 la maison \u00bb n&rsquo;est pas une option r\u00e9aliste lorsque vous d\u00e9pendez d&rsquo;un travail quotidien \u00e0 tr\u00e8s bas salaire pour satisfaire vos besoins les plus \u00e9l\u00e9mentaires. Rester \u00e0 la maison pendant des jours signifie ne pas avoir de travail, pas de revenu et pas de nourriture.<\/p>\n<p>La \u00ab distanciation sociale \u00bb est presque impossible dans les camps de r\u00e9fugi\u00e9s surpeupl\u00e9s.<\/p>\n<p>Alors que le monde d\u00e9velopp\u00e9 dispose d&rsquo;une technologie avanc\u00e9e pour lutter contre la pand\u00e9mie, la bande de Gaza est seule, avec des installations primitives et des ressources limit\u00e9es \u00e0 sa disposition. Alors que la deuxi\u00e8me vague de coronavirus frappe le territoire sous blocus, pendant combien de temps pourra-t-elle faire face \u00e0 la situation ?<\/p>\n<p>15 avril 2021 &#8211; Source : <a href=\"https:\/\/english.palinfo.com\/articles\/2021\/4\/15\/Second-wave-of-Covid-19-has-hit-the-Gaza-Strip-with-devastating-effect\" target=\"_blank\" rel=\"noopener\">Palestine Info <\/a>\/ Traduction : MR pour ISM<\/p>\n","protected":false},"excerpt":{"rendered":"<p>La crise humanitaire dans la bande de Gaza s&rsquo;aggrave alors que les responsables de la sant\u00e9 signalent plus de 1.000 nouveaux cas de coronavirus par jour. Ils mettent en garde <a class=\"more-link\" href=\"https:\/\/ismfrance.org\/index.php\/2021\/04\/21\/la-deuxieme-vague-de-covid-19-a-frappe-la-bande-de-gaza-avec-un-effet-devastateur\/\">Lire la suite &rarr;<\/a><\/p>\n","protected":false},"author":2,"featured_media":253,"comment_status":"closed","ping_status":"open","sticky":false,"template":"","format":"standard","meta":{"footnotes":""},"categories":[13],"tags":[22],"class_list":["post-251","post","type-post","status-publish","format-standard","has-post-thumbnail","hentry","category-temoignages","tag-covid-19"],"yoast_head":"<!-- This site is optimized with the Yoast SEO plugin v27.2 - https:\/\/yoast.com\/product\/yoast-seo-wordpress\/ -->\n<title>La deuxi\u00e8me vague de Covid-19 a frapp\u00e9 la bande de Gaza avec un effet d\u00e9vastateur<\/title>\n<meta name=\"description\" content=\"La crise humanitaire dans la bande de Gaza s&#039;aggrave alors que les responsables de la sant\u00e9 signalent plus de 1.000 nouveaux cas de coronavirus par jour.\" \/>\n<meta name=\"robots\" content=\"index, follow, max-snippet:-1, max-image-preview:large, max-video-preview:-1\" \/>\n<link rel=\"canonical\" href=\"https:\/\/ismfrance.org\/index.php\/2021\/04\/21\/la-deuxieme-vague-de-covid-19-a-frappe-la-bande-de-gaza-avec-un-effet-devastateur\/\" \/>\n<meta property=\"og:locale\" content=\"fr_FR\" \/>\n<meta property=\"og:type\" content=\"article\" \/>\n<meta property=\"og:title\" content=\"La deuxi\u00e8me vague de Covid-19 a frapp\u00e9 la bande de Gaza avec un effet d\u00e9vastateur\" \/>\n<meta property=\"og:description\" content=\"La crise humanitaire dans la bande de Gaza s&#039;aggrave alors que les responsables de la sant\u00e9 signalent plus de 1.000 nouveaux cas de coronavirus par jour.\" \/>\n<meta property=\"og:url\" content=\"https:\/\/ismfrance.org\/index.php\/2021\/04\/21\/la-deuxieme-vague-de-covid-19-a-frappe-la-bande-de-gaza-avec-un-effet-devastateur\/\" \/>\n<meta property=\"og:site_name\" content=\"International Solidarity Movement - ISM-France\" \/>\n<meta property=\"article:published_time\" content=\"2021-04-21T09:23:34+00:00\" \/>\n<meta property=\"article:modified_time\" content=\"2021-11-12T10:45:52+00:00\" \/>\n<meta property=\"og:image\" content=\"https:\/\/ismfrance.org\/wp-content\/uploads\/2021\/04\/02-1.jpg\" \/>\n\t<meta property=\"og:image:width\" content=\"700\" \/>\n\t<meta property=\"og:image:height\" content=\"467\" \/>\n\t<meta property=\"og:image:type\" content=\"image\/jpeg\" \/>\n<meta name=\"author\" content=\"Claude\" \/>\n<meta name=\"twitter:card\" content=\"summary_large_image\" \/>\n<meta name=\"twitter:creator\" content=\"@ISMFRANCE\" \/>\n<meta name=\"twitter:site\" content=\"@ISMFRANCE\" \/>\n<meta name=\"twitter:label1\" content=\"\u00c9crit par\" \/>\n\t<meta name=\"twitter:data1\" content=\"Claude\" \/>\n\t<meta name=\"twitter:label2\" content=\"Dur\u00e9e de lecture estim\u00e9e\" \/>\n\t<meta name=\"twitter:data2\" content=\"5 minutes\" \/>\n<script type=\"application\/ld+json\" class=\"yoast-schema-graph\">{\"@context\":\"https:\/\/schema.org\",\"@graph\":[{\"@type\":\"Article\",\"@id\":\"https:\/\/ismfrance.org\/index.php\/2021\/04\/21\/la-deuxieme-vague-de-covid-19-a-frappe-la-bande-de-gaza-avec-un-effet-devastateur\/#article\",\"isPartOf\":{\"@id\":\"https:\/\/ismfrance.org\/index.php\/2021\/04\/21\/la-deuxieme-vague-de-covid-19-a-frappe-la-bande-de-gaza-avec-un-effet-devastateur\/\"},\"author\":{\"name\":\"Claude\",\"@id\":\"https:\/\/ismfrance.org\/#\/schema\/person\/a2b126ed42ea5fbb1774ab3eacb93fe3\"},\"headline\":\"La deuxi\u00e8me vague de Covid-19 a frapp\u00e9 la bande de Gaza avec un effet d\u00e9vastateur\",\"datePublished\":\"2021-04-21T09:23:34+00:00\",\"dateModified\":\"2021-11-12T10:45:52+00:00\",\"mainEntityOfPage\":{\"@id\":\"https:\/\/ismfrance.org\/index.php\/2021\/04\/21\/la-deuxieme-vague-de-covid-19-a-frappe-la-bande-de-gaza-avec-un-effet-devastateur\/\"},\"wordCount\":1036,\"publisher\":{\"@id\":\"https:\/\/ismfrance.org\/#organization\"},\"image\":{\"@id\":\"https:\/\/ismfrance.org\/index.php\/2021\/04\/21\/la-deuxieme-vague-de-covid-19-a-frappe-la-bande-de-gaza-avec-un-effet-devastateur\/#primaryimage\"},\"thumbnailUrl\":\"https:\/\/ismfrance.org\/wp-content\/uploads\/2021\/04\/02-1.jpg\",\"keywords\":[\"Covid-19\"],\"articleSection\":[\"T\u00e9moignages\"],\"inLanguage\":\"fr-FR\"},{\"@type\":\"WebPage\",\"@id\":\"https:\/\/ismfrance.org\/index.php\/2021\/04\/21\/la-deuxieme-vague-de-covid-19-a-frappe-la-bande-de-gaza-avec-un-effet-devastateur\/\",\"url\":\"https:\/\/ismfrance.org\/index.php\/2021\/04\/21\/la-deuxieme-vague-de-covid-19-a-frappe-la-bande-de-gaza-avec-un-effet-devastateur\/\",\"name\":\"La deuxi\u00e8me vague de Covid-19 a frapp\u00e9 la bande de Gaza avec un effet d\u00e9vastateur\",\"isPartOf\":{\"@id\":\"https:\/\/ismfrance.org\/#website\"},\"primaryImageOfPage\":{\"@id\":\"https:\/\/ismfrance.org\/index.php\/2021\/04\/21\/la-deuxieme-vague-de-covid-19-a-frappe-la-bande-de-gaza-avec-un-effet-devastateur\/#primaryimage\"},\"image\":{\"@id\":\"https:\/\/ismfrance.org\/index.php\/2021\/04\/21\/la-deuxieme-vague-de-covid-19-a-frappe-la-bande-de-gaza-avec-un-effet-devastateur\/#primaryimage\"},\"thumbnailUrl\":\"https:\/\/ismfrance.org\/wp-content\/uploads\/2021\/04\/02-1.jpg\",\"datePublished\":\"2021-04-21T09:23:34+00:00\",\"dateModified\":\"2021-11-12T10:45:52+00:00\",\"description\":\"La crise humanitaire dans la bande de Gaza s'aggrave alors que les responsables de la sant\u00e9 signalent plus de 1.000 nouveaux cas de coronavirus par jour.\",\"breadcrumb\":{\"@id\":\"https:\/\/ismfrance.org\/index.php\/2021\/04\/21\/la-deuxieme-vague-de-covid-19-a-frappe-la-bande-de-gaza-avec-un-effet-devastateur\/#breadcrumb\"},\"inLanguage\":\"fr-FR\",\"potentialAction\":[{\"@type\":\"ReadAction\",\"target\":[\"https:\/\/ismfrance.org\/index.php\/2021\/04\/21\/la-deuxieme-vague-de-covid-19-a-frappe-la-bande-de-gaza-avec-un-effet-devastateur\/\"]}]},{\"@type\":\"ImageObject\",\"inLanguage\":\"fr-FR\",\"@id\":\"https:\/\/ismfrance.org\/index.php\/2021\/04\/21\/la-deuxieme-vague-de-covid-19-a-frappe-la-bande-de-gaza-avec-un-effet-devastateur\/#primaryimage\",\"url\":\"https:\/\/ismfrance.org\/wp-content\/uploads\/2021\/04\/02-1.jpg\",\"contentUrl\":\"https:\/\/ismfrance.org\/wp-content\/uploads\/2021\/04\/02-1.jpg\",\"width\":700,\"height\":467},{\"@type\":\"BreadcrumbList\",\"@id\":\"https:\/\/ismfrance.org\/index.php\/2021\/04\/21\/la-deuxieme-vague-de-covid-19-a-frappe-la-bande-de-gaza-avec-un-effet-devastateur\/#breadcrumb\",\"itemListElement\":[{\"@type\":\"ListItem\",\"position\":1,\"name\":\"Accueil\",\"item\":\"https:\/\/ismfrance.org\/\"},{\"@type\":\"ListItem\",\"position\":2,\"name\":\"La deuxi\u00e8me vague de Covid-19 a frapp\u00e9 la bande de Gaza avec un effet d\u00e9vastateur\"}]},{\"@type\":\"WebSite\",\"@id\":\"https:\/\/ismfrance.org\/#website\",\"url\":\"https:\/\/ismfrance.org\/\",\"name\":\"ISM Palestine France\",\"description\":\"Soutien aux luttes de lib\u00e9ration du peuple palestinien\",\"publisher\":{\"@id\":\"https:\/\/ismfrance.org\/#organization\"},\"potentialAction\":[{\"@type\":\"SearchAction\",\"target\":{\"@type\":\"EntryPoint\",\"urlTemplate\":\"https:\/\/ismfrance.org\/?s={search_term_string}\"},\"query-input\":{\"@type\":\"PropertyValueSpecification\",\"valueRequired\":true,\"valueName\":\"search_term_string\"}}],\"inLanguage\":\"fr-FR\"},{\"@type\":\"Organization\",\"@id\":\"https:\/\/ismfrance.org\/#organization\",\"name\":\"International Solidarity Movement\",\"url\":\"https:\/\/ismfrance.org\/\",\"logo\":{\"@type\":\"ImageObject\",\"inLanguage\":\"fr-FR\",\"@id\":\"https:\/\/ismfrance.org\/#\/schema\/logo\/image\/\",\"url\":\"https:\/\/ismfrance.org\/wp-content\/uploads\/2020\/12\/00.png\",\"contentUrl\":\"https:\/\/ismfrance.org\/wp-content\/uploads\/2020\/12\/00.png\",\"width\":400,\"height\":400,\"caption\":\"International Solidarity Movement\"},\"image\":{\"@id\":\"https:\/\/ismfrance.org\/#\/schema\/logo\/image\/\"},\"sameAs\":[\"https:\/\/x.com\/ISMFRANCE\"]},{\"@type\":\"Person\",\"@id\":\"https:\/\/ismfrance.org\/#\/schema\/person\/a2b126ed42ea5fbb1774ab3eacb93fe3\",\"name\":\"Claude\",\"image\":{\"@type\":\"ImageObject\",\"inLanguage\":\"fr-FR\",\"@id\":\"https:\/\/secure.gravatar.com\/avatar\/e667cc912dabe41709808535a26e128ed71e6b63aeca28e5d58c606cb3847a7f?s=96&d=mm&r=g\",\"url\":\"https:\/\/secure.gravatar.com\/avatar\/e667cc912dabe41709808535a26e128ed71e6b63aeca28e5d58c606cb3847a7f?s=96&d=mm&r=g\",\"contentUrl\":\"https:\/\/secure.gravatar.com\/avatar\/e667cc912dabe41709808535a26e128ed71e6b63aeca28e5d58c606cb3847a7f?s=96&d=mm&r=g\",\"caption\":\"Claude\"},\"url\":\"https:\/\/ismfrance.org\/index.php\/author\/webmestre\/\"}]}<\/script>\n<!-- \/ Yoast SEO plugin. -->","yoast_head_json":{"title":"La deuxi\u00e8me vague de Covid-19 a frapp\u00e9 la bande de Gaza avec un effet d\u00e9vastateur","description":"La crise humanitaire dans la bande de Gaza s'aggrave alors que les responsables de la sant\u00e9 signalent plus de 1.000 nouveaux cas de coronavirus par jour.","robots":{"index":"index","follow":"follow","max-snippet":"max-snippet:-1","max-image-preview":"max-image-preview:large","max-video-preview":"max-video-preview:-1"},"canonical":"https:\/\/ismfrance.org\/index.php\/2021\/04\/21\/la-deuxieme-vague-de-covid-19-a-frappe-la-bande-de-gaza-avec-un-effet-devastateur\/","og_locale":"fr_FR","og_type":"article","og_title":"La deuxi\u00e8me vague de Covid-19 a frapp\u00e9 la bande de Gaza avec un effet d\u00e9vastateur","og_description":"La crise humanitaire dans la bande de Gaza s'aggrave alors que les responsables de la sant\u00e9 signalent plus de 1.000 nouveaux cas de coronavirus par jour.","og_url":"https:\/\/ismfrance.org\/index.php\/2021\/04\/21\/la-deuxieme-vague-de-covid-19-a-frappe-la-bande-de-gaza-avec-un-effet-devastateur\/","og_site_name":"International Solidarity Movement - ISM-France","article_published_time":"2021-04-21T09:23:34+00:00","article_modified_time":"2021-11-12T10:45:52+00:00","og_image":[{"width":700,"height":467,"url":"https:\/\/ismfrance.org\/wp-content\/uploads\/2021\/04\/02-1.jpg","type":"image\/jpeg"}],"author":"Claude","twitter_card":"summary_large_image","twitter_creator":"@ISMFRANCE","twitter_site":"@ISMFRANCE","twitter_misc":{"\u00c9crit par":"Claude","Dur\u00e9e de lecture estim\u00e9e":"5 minutes"},"schema":{"@context":"https:\/\/schema.org","@graph":[{"@type":"Article","@id":"https:\/\/ismfrance.org\/index.php\/2021\/04\/21\/la-deuxieme-vague-de-covid-19-a-frappe-la-bande-de-gaza-avec-un-effet-devastateur\/#article","isPartOf":{"@id":"https:\/\/ismfrance.org\/index.php\/2021\/04\/21\/la-deuxieme-vague-de-covid-19-a-frappe-la-bande-de-gaza-avec-un-effet-devastateur\/"},"author":{"name":"Claude","@id":"https:\/\/ismfrance.org\/#\/schema\/person\/a2b126ed42ea5fbb1774ab3eacb93fe3"},"headline":"La deuxi\u00e8me vague de Covid-19 a frapp\u00e9 la bande de Gaza avec un effet d\u00e9vastateur","datePublished":"2021-04-21T09:23:34+00:00","dateModified":"2021-11-12T10:45:52+00:00","mainEntityOfPage":{"@id":"https:\/\/ismfrance.org\/index.php\/2021\/04\/21\/la-deuxieme-vague-de-covid-19-a-frappe-la-bande-de-gaza-avec-un-effet-devastateur\/"},"wordCount":1036,"publisher":{"@id":"https:\/\/ismfrance.org\/#organization"},"image":{"@id":"https:\/\/ismfrance.org\/index.php\/2021\/04\/21\/la-deuxieme-vague-de-covid-19-a-frappe-la-bande-de-gaza-avec-un-effet-devastateur\/#primaryimage"},"thumbnailUrl":"https:\/\/ismfrance.org\/wp-content\/uploads\/2021\/04\/02-1.jpg","keywords":["Covid-19"],"articleSection":["T\u00e9moignages"],"inLanguage":"fr-FR"},{"@type":"WebPage","@id":"https:\/\/ismfrance.org\/index.php\/2021\/04\/21\/la-deuxieme-vague-de-covid-19-a-frappe-la-bande-de-gaza-avec-un-effet-devastateur\/","url":"https:\/\/ismfrance.org\/index.php\/2021\/04\/21\/la-deuxieme-vague-de-covid-19-a-frappe-la-bande-de-gaza-avec-un-effet-devastateur\/","name":"La deuxi\u00e8me vague de Covid-19 a frapp\u00e9 la bande de Gaza avec un effet d\u00e9vastateur","isPartOf":{"@id":"https:\/\/ismfrance.org\/#website"},"primaryImageOfPage":{"@id":"https:\/\/ismfrance.org\/index.php\/2021\/04\/21\/la-deuxieme-vague-de-covid-19-a-frappe-la-bande-de-gaza-avec-un-effet-devastateur\/#primaryimage"},"image":{"@id":"https:\/\/ismfrance.org\/index.php\/2021\/04\/21\/la-deuxieme-vague-de-covid-19-a-frappe-la-bande-de-gaza-avec-un-effet-devastateur\/#primaryimage"},"thumbnailUrl":"https:\/\/ismfrance.org\/wp-content\/uploads\/2021\/04\/02-1.jpg","datePublished":"2021-04-21T09:23:34+00:00","dateModified":"2021-11-12T10:45:52+00:00","description":"La crise humanitaire dans la bande de Gaza s'aggrave alors que les responsables de la sant\u00e9 signalent plus de 1.000 nouveaux cas de coronavirus par jour.","breadcrumb":{"@id":"https:\/\/ismfrance.org\/index.php\/2021\/04\/21\/la-deuxieme-vague-de-covid-19-a-frappe-la-bande-de-gaza-avec-un-effet-devastateur\/#breadcrumb"},"inLanguage":"fr-FR","potentialAction":[{"@type":"ReadAction","target":["https:\/\/ismfrance.org\/index.php\/2021\/04\/21\/la-deuxieme-vague-de-covid-19-a-frappe-la-bande-de-gaza-avec-un-effet-devastateur\/"]}]},{"@type":"ImageObject","inLanguage":"fr-FR","@id":"https:\/\/ismfrance.org\/index.php\/2021\/04\/21\/la-deuxieme-vague-de-covid-19-a-frappe-la-bande-de-gaza-avec-un-effet-devastateur\/#primaryimage","url":"https:\/\/ismfrance.org\/wp-content\/uploads\/2021\/04\/02-1.jpg","contentUrl":"https:\/\/ismfrance.org\/wp-content\/uploads\/2021\/04\/02-1.jpg","width":700,"height":467},{"@type":"BreadcrumbList","@id":"https:\/\/ismfrance.org\/index.php\/2021\/04\/21\/la-deuxieme-vague-de-covid-19-a-frappe-la-bande-de-gaza-avec-un-effet-devastateur\/#breadcrumb","itemListElement":[{"@type":"ListItem","position":1,"name":"Accueil","item":"https:\/\/ismfrance.org\/"},{"@type":"ListItem","position":2,"name":"La deuxi\u00e8me vague de Covid-19 a frapp\u00e9 la bande de Gaza avec un effet d\u00e9vastateur"}]},{"@type":"WebSite","@id":"https:\/\/ismfrance.org\/#website","url":"https:\/\/ismfrance.org\/","name":"ISM Palestine France","description":"Soutien aux luttes de lib\u00e9ration du peuple palestinien","publisher":{"@id":"https:\/\/ismfrance.org\/#organization"},"potentialAction":[{"@type":"SearchAction","target":{"@type":"EntryPoint","urlTemplate":"https:\/\/ismfrance.org\/?s={search_term_string}"},"query-input":{"@type":"PropertyValueSpecification","valueRequired":true,"valueName":"search_term_string"}}],"inLanguage":"fr-FR"},{"@type":"Organization","@id":"https:\/\/ismfrance.org\/#organization","name":"International Solidarity Movement","url":"https:\/\/ismfrance.org\/","logo":{"@type":"ImageObject","inLanguage":"fr-FR","@id":"https:\/\/ismfrance.org\/#\/schema\/logo\/image\/","url":"https:\/\/ismfrance.org\/wp-content\/uploads\/2020\/12\/00.png","contentUrl":"https:\/\/ismfrance.org\/wp-content\/uploads\/2020\/12\/00.png","width":400,"height":400,"caption":"International Solidarity Movement"},"image":{"@id":"https:\/\/ismfrance.org\/#\/schema\/logo\/image\/"},"sameAs":["https:\/\/x.com\/ISMFRANCE"]},{"@type":"Person","@id":"https:\/\/ismfrance.org\/#\/schema\/person\/a2b126ed42ea5fbb1774ab3eacb93fe3","name":"Claude","image":{"@type":"ImageObject","inLanguage":"fr-FR","@id":"https:\/\/secure.gravatar.com\/avatar\/e667cc912dabe41709808535a26e128ed71e6b63aeca28e5d58c606cb3847a7f?s=96&d=mm&r=g","url":"https:\/\/secure.gravatar.com\/avatar\/e667cc912dabe41709808535a26e128ed71e6b63aeca28e5d58c606cb3847a7f?s=96&d=mm&r=g","contentUrl":"https:\/\/secure.gravatar.com\/avatar\/e667cc912dabe41709808535a26e128ed71e6b63aeca28e5d58c606cb3847a7f?s=96&d=mm&r=g","caption":"Claude"},"url":"https:\/\/ismfrance.org\/index.php\/author\/webmestre\/"}]}},"_links":{"self":[{"href":"https:\/\/ismfrance.org\/index.php\/wp-json\/wp\/v2\/posts\/251","targetHints":{"allow":["GET"]}}],"collection":[{"href":"https:\/\/ismfrance.org\/index.php\/wp-json\/wp\/v2\/posts"}],"about":[{"href":"https:\/\/ismfrance.org\/index.php\/wp-json\/wp\/v2\/types\/post"}],"author":[{"embeddable":true,"href":"https:\/\/ismfrance.org\/index.php\/wp-json\/wp\/v2\/users\/2"}],"replies":[{"embeddable":true,"href":"https:\/\/ismfrance.org\/index.php\/wp-json\/wp\/v2\/comments?post=251"}],"version-history":[{"count":0,"href":"https:\/\/ismfrance.org\/index.php\/wp-json\/wp\/v2\/posts\/251\/revisions"}],"wp:featuredmedia":[{"embeddable":true,"href":"https:\/\/ismfrance.org\/index.php\/wp-json\/wp\/v2\/media\/253"}],"wp:attachment":[{"href":"https:\/\/ismfrance.org\/index.php\/wp-json\/wp\/v2\/media?parent=251"}],"wp:term":[{"taxonomy":"category","embeddable":true,"href":"https:\/\/ismfrance.org\/index.php\/wp-json\/wp\/v2\/categories?post=251"},{"taxonomy":"post_tag","embeddable":true,"href":"https:\/\/ismfrance.org\/index.php\/wp-json\/wp\/v2\/tags?post=251"}],"curies":[{"name":"wp","href":"https:\/\/api.w.org\/{rel}","templated":true}]}}