{"id":24512,"date":"2025-10-26T10:05:51","date_gmt":"2025-10-26T09:05:51","guid":{"rendered":"https:\/\/ismfrance.org\/?p=24512"},"modified":"2025-10-26T10:05:51","modified_gmt":"2025-10-26T09:05:51","slug":"la-politique-maximaliste-du-compromis","status":"publish","type":"post","link":"https:\/\/ismfrance.org\/index.php\/2025\/10\/26\/la-politique-maximaliste-du-compromis\/","title":{"rendered":"La politique maximaliste du compromis"},"content":{"rendered":"<p><span style=\"color: #000000;\"><span style=\"font-family: Arial, sans-serif;\"><span style=\"font-size: medium;\"><strong>Ramona Wadi, 24 octobre 2025.-<\/strong> M\u00eame dans le contexte du g\u00e9nocide isra\u00e9lien en Palestine, les appels au compromis ne faiblissent pas. Un appel r\u00e9cent au compromis \u00e9mane d&rsquo;Anwar Gargash, conseiller diplomatique du pr\u00e9sident des \u00c9mirats arabes unis, Cheikh Mohamed ben Zayed. Dans une interview accord\u00e9e au sommet du Golfe Reuters NEXT, Gargash a r\u00e9it\u00e9r\u00e9 le soutien des \u00c9mirats arabes unis au paradigme des deux \u00c9tats, qui \u00ab <i>assure la s\u00e9curit\u00e9 d&rsquo;Isra\u00ebl et un \u00c9tat viable aux Palestiniens<\/i> \u00bb.<\/span><\/span><\/span><\/p>\n<div id=\"attachment_24513\" style=\"width: 610px\" class=\"wp-caption aligncenter\"><a href=\"https:\/\/ismfrance.org\/wp-content\/uploads\/2025\/10\/tulkarem-10092025.jpeg\"><img loading=\"lazy\" decoding=\"async\" aria-describedby=\"caption-attachment-24513\" class=\"wp-image-24513 size-large\" src=\"https:\/\/ismfrance.org\/wp-content\/uploads\/2025\/10\/tulkarem-10092025-700x466.jpeg\" alt=\"\" width=\"600\" height=\"399\" srcset=\"https:\/\/ismfrance.org\/wp-content\/uploads\/2025\/10\/tulkarem-10092025-700x466.jpeg 700w, https:\/\/ismfrance.org\/wp-content\/uploads\/2025\/10\/tulkarem-10092025-300x200.jpeg 300w, https:\/\/ismfrance.org\/wp-content\/uploads\/2025\/10\/tulkarem-10092025-768x512.jpeg 768w, https:\/\/ismfrance.org\/wp-content\/uploads\/2025\/10\/tulkarem-10092025-1536x1023.jpeg 1536w, https:\/\/ismfrance.org\/wp-content\/uploads\/2025\/10\/tulkarem-10092025-1320x879.jpeg 1320w, https:\/\/ismfrance.org\/wp-content\/uploads\/2025\/10\/tulkarem-10092025.jpeg 1600w\" sizes=\"auto, (max-width: 600px) 100vw, 600px\" \/><\/a><p id=\"caption-attachment-24513\" class=\"wp-caption-text\"><em><strong>Attaque isra\u00e9lienne dans le camp de Tulkarem, au nord de la Cisjordanie occup\u00e9e, le 10 septembre 2025.<\/strong><\/em><\/p><\/div>\n<p><span style=\"color: #000000;\"><span style=\"font-family: Arial, sans-serif;\"><span style=\"font-size: medium;\">\u00ab <i>Certaines politiques ne sont plus valables et ne doivent pas \u00eatre r\u00e9incarn\u00e9es. Les visions maximalistes sur la question palestinienne ne sont plus valables. Nous devons nous attaquer au probl\u00e8me de deux nationalismes oppos\u00e9s qui se disputent un m\u00eame territoire et que ce territoire doit \u00eatre divis\u00e9<\/i> \u00bb, a d\u00e9clar\u00e9 Gargash.<\/span><\/span><\/span><\/p>\n<p><span style=\"color: #000000;\"><span style=\"font-family: Arial, sans-serif;\"><span style=\"font-size: medium;\">Cette rh\u00e9torique, simpliste et qui refuse de rendre compte de la r\u00e9alit\u00e9 du colonialisme et du g\u00e9nocide isra\u00e9liens, ne fait que favoriser l&rsquo;effacement de la Palestine par Isra\u00ebl. Plus le langage du compromis s&rsquo;enracine, plus il appara\u00eet clairement que Ghassan Kanafani avait raison d&rsquo;affirmer que les Palestiniens doivent mener seuls une bataille contre le colonialisme sioniste et l&rsquo;imp\u00e9rialisme occidental.<\/span><\/span><\/span><\/p>\n<p><span style=\"color: #000000;\"><span style=\"font-family: Arial, sans-serif;\"><span style=\"font-size: medium;\">Quelles sont les visions maximalistes sur la Palestine qui ne sont plus valables\u00a0? La d\u00e9termination d&rsquo;Isra\u00ebl \u00e0 an\u00e9antir compl\u00e8tement la Palestine\u00a0? Le droit des Palestiniens \u00e0 une r\u00e9sistance anticoloniale l\u00e9gitime pour la lib\u00e9ration et la reconqu\u00eate territoriale\u00a0? <\/span><\/span><\/span><\/p>\n<p><span style=\"color: #000000;\"><span style=\"font-family: Arial, sans-serif;\"><span style=\"font-size: medium;\">La vision d&rsquo;Isra\u00ebl est ancr\u00e9e dans le droit international, les crimes contre l&rsquo;humanit\u00e9 et le g\u00e9nocide. La lutte palestinienne est une lutte pour des droits l\u00e9gitimes. Le territoire a \u00e9t\u00e9 divis\u00e9 il y a des d\u00e9cennies dans le cadre du Plan de partage de 1947, qui a ouvert la voie au g\u00e9nocide. Compte tenu de l&rsquo;\u00e9radication inh\u00e9rente de la population autochtone palestinienne dans le Plan de partage, ne s&rsquo;agit-il pas d&rsquo;une vision maximaliste\u00a0? Si les visions maximalistes sont d\u00e9pass\u00e9es, pourquoi ne pas rendre obsol\u00e8te le Plan de partage de 1947\u00a0? Le colonialisme est r\u00e9versible\u00a0; il ne s&rsquo;agit pas d&rsquo;un plan maximaliste, mais d&rsquo;un plan r\u00e9g\u00e9n\u00e9rateur.<\/span><\/span><\/span><\/p>\n<p><span style=\"color: #000000;\"><span style=\"font-family: Arial, sans-serif;\"><span style=\"font-size: medium;\">\u00ab <i>Les gens aspirent \u00e0 une paix durable, une paix qui garantisse la s\u00e9curit\u00e9 d&rsquo;Isra\u00ebl, tout en offrant aux Palestiniens l&rsquo;\u00c9tat qu&rsquo;ils m\u00e9ritent<\/i> \u00bb, a ajout\u00e9 Gargash. Les Palestiniens m\u00e9ritent leur terre, et non un fragment, sur lequel, apr\u00e8s la d\u00e9colonisation, ils pourront construire leur propre \u00c9tat. La diplomatie internationale n&rsquo;envisage pas un \u00c9tat palestinien pour les Palestiniens, ni un \u00c9tat qu&rsquo;ils m\u00e9ritent, mais un semblant d&rsquo;\u00c9tat soumis \u00e0 Isra\u00ebl et \u00e0 la communaut\u00e9 internationale.<\/span><\/span><\/span><\/p>\n<p><span style=\"color: #000000;\"><span style=\"font-family: Arial, sans-serif;\"><span style=\"font-size: medium;\">En septembre, les \u00c9mirats arabes unis ont d\u00e9clar\u00e9 que l&rsquo;annexion constituait une ligne rouge et trahirait \u00ab <i>l&rsquo;esprit m\u00eame des accords d&rsquo;Abraham<\/i> \u00bb. Ces accords constituaient une ligne rouge qu&rsquo;aucun dirigeant arabe n&rsquo;aurait d\u00fb franchir. Si la normalisation des relations avec Isra\u00ebl rel\u00e8ve pr\u00e9tendument du compromis, la marginalisation des Palestiniens rel\u00e8ve d&rsquo;une vision maximaliste. Bien s\u00fbr, la normalisation avec Isra\u00ebl n&rsquo;est pas un compromis, c&rsquo;est une vision maximaliste. Mais puisqu&rsquo;elle rel\u00e8ve du consensus international, elle peut \u00eatre qualifi\u00e9e \u00e0 tort de compromis.<\/span><\/span><\/span><\/p>\n<p><span style=\"color: #000000;\"><span style=\"font-family: Arial, sans-serif;\"><span style=\"font-size: medium;\">Le g\u00e9nocide est maximaliste. Maintenir des relations diplomatiques avec Isra\u00ebl apr\u00e8s un g\u00e9nocide est maximaliste. Le paradigme des deux \u00c9tats, fond\u00e9 sur l&rsquo;an\u00e9antissement des Palestiniens sous le couvert d&rsquo;un hypoth\u00e9tique \u00c9tat palestinien, est maximaliste. Cette politique n&rsquo;a pas \u00e9pargn\u00e9 les Palestiniens de la violence coloniale isra\u00e9lienne\u00a0; elle a pr\u00e9cipit\u00e9 une population colonis\u00e9e vers le g\u00e9nocide. Si les dirigeants mondiaux ne soutiennent pas la lib\u00e9ration palestinienne apr\u00e8s le g\u00e9nocide, parlons-nous aujourd&rsquo;hui d&rsquo;une politique maximaliste\u00a0?<\/span><\/span><\/span><\/p>\n<p><em><strong><span style=\"color: #000000;\"><span style=\"font-family: Arial, sans-serif;\"><span style=\"font-size: medium;\">Article original en anglais sur <a href=\"https:\/\/www.middleeastmonitor.com\/20251024-the-maximalist-politics-of-compromise\/\">Middle East Monitor<\/a> \/ Traduction MR<\/span><\/span><\/span><\/strong><\/em><\/p>\n","protected":false},"excerpt":{"rendered":"<p>Ramona Wadi, 24 octobre 2025.- M\u00eame dans le contexte du g\u00e9nocide isra\u00e9lien en Palestine, les appels au compromis ne faiblissent pas. Un appel r\u00e9cent au compromis \u00e9mane d&rsquo;Anwar Gargash, conseiller <a class=\"more-link\" href=\"https:\/\/ismfrance.org\/index.php\/2025\/10\/26\/la-politique-maximaliste-du-compromis\/\">Lire la suite &rarr;<\/a><\/p>\n","protected":false},"author":3,"featured_media":24513,"comment_status":"closed","ping_status":"closed","sticky":false,"template":"","format":"standard","meta":{"footnotes":""},"categories":[12,2],"tags":[53,58,45,74],"class_list":["post-24512","post","type-post","status-publish","format-standard","has-post-thumbnail","hentry","category-analyses","category-articles","tag-collabos","tag-histoire","tag-nettoyage-ethnique","tag-sionisme"],"yoast_head":"<!-- This site is optimized with the Yoast SEO plugin v27.2 - https:\/\/yoast.com\/product\/yoast-seo-wordpress\/ -->\n<title>La politique maximaliste du compromis - International Solidarity Movement - ISM-France<\/title>\n<meta name=\"robots\" content=\"index, follow, max-snippet:-1, max-image-preview:large, max-video-preview:-1\" \/>\n<link rel=\"canonical\" href=\"https:\/\/ismfrance.org\/index.php\/2025\/10\/26\/la-politique-maximaliste-du-compromis\/\" \/>\n<meta property=\"og:locale\" content=\"fr_FR\" \/>\n<meta property=\"og:type\" content=\"article\" \/>\n<meta property=\"og:title\" content=\"La politique maximaliste du compromis - International Solidarity Movement - ISM-France\" \/>\n<meta property=\"og:description\" content=\"Ramona Wadi, 24 octobre 2025.- M\u00eame dans le contexte du g\u00e9nocide isra\u00e9lien en Palestine, les appels au compromis ne faiblissent pas. Un appel r\u00e9cent au compromis \u00e9mane d&rsquo;Anwar Gargash, conseiller Lire la suite &rarr;\" \/>\n<meta property=\"og:url\" content=\"https:\/\/ismfrance.org\/index.php\/2025\/10\/26\/la-politique-maximaliste-du-compromis\/\" \/>\n<meta property=\"og:site_name\" content=\"International Solidarity Movement - ISM-France\" \/>\n<meta property=\"article:published_time\" content=\"2025-10-26T09:05:51+00:00\" \/>\n<meta property=\"og:image\" content=\"https:\/\/ismfrance.org\/wp-content\/uploads\/2025\/10\/tulkarem-10092025.jpeg\" \/>\n\t<meta property=\"og:image:width\" content=\"1600\" \/>\n\t<meta property=\"og:image:height\" content=\"1066\" \/>\n\t<meta property=\"og:image:type\" content=\"image\/jpeg\" \/>\n<meta name=\"author\" content=\"mru_01\" \/>\n<meta name=\"twitter:card\" content=\"summary_large_image\" \/>\n<meta name=\"twitter:creator\" content=\"@ISMFRANCE\" \/>\n<meta name=\"twitter:site\" content=\"@ISMFRANCE\" \/>\n<meta name=\"twitter:label1\" content=\"\u00c9crit par\" \/>\n\t<meta name=\"twitter:data1\" content=\"mru_01\" \/>\n\t<meta name=\"twitter:label2\" content=\"Dur\u00e9e de lecture estim\u00e9e\" \/>\n\t<meta name=\"twitter:data2\" content=\"4 minutes\" \/>\n<script type=\"application\/ld+json\" class=\"yoast-schema-graph\">{\"@context\":\"https:\/\/schema.org\",\"@graph\":[{\"@type\":\"Article\",\"@id\":\"https:\/\/ismfrance.org\/index.php\/2025\/10\/26\/la-politique-maximaliste-du-compromis\/#article\",\"isPartOf\":{\"@id\":\"https:\/\/ismfrance.org\/index.php\/2025\/10\/26\/la-politique-maximaliste-du-compromis\/\"},\"author\":{\"name\":\"mru_01\",\"@id\":\"https:\/\/ismfrance.org\/#\/schema\/person\/3c411eb72adfaae19c0dca1f41fae01d\"},\"headline\":\"La politique maximaliste du compromis\",\"datePublished\":\"2025-10-26T09:05:51+00:00\",\"mainEntityOfPage\":{\"@id\":\"https:\/\/ismfrance.org\/index.php\/2025\/10\/26\/la-politique-maximaliste-du-compromis\/\"},\"wordCount\":693,\"publisher\":{\"@id\":\"https:\/\/ismfrance.org\/#organization\"},\"image\":{\"@id\":\"https:\/\/ismfrance.org\/index.php\/2025\/10\/26\/la-politique-maximaliste-du-compromis\/#primaryimage\"},\"thumbnailUrl\":\"https:\/\/ismfrance.org\/wp-content\/uploads\/2025\/10\/tulkarem-10092025.jpeg\",\"keywords\":[\"Collabos\",\"Histoire\",\"nettoyage ethnique\",\"Sionisme\"],\"articleSection\":[\"Analyses\",\"Articles\"],\"inLanguage\":\"fr-FR\"},{\"@type\":\"WebPage\",\"@id\":\"https:\/\/ismfrance.org\/index.php\/2025\/10\/26\/la-politique-maximaliste-du-compromis\/\",\"url\":\"https:\/\/ismfrance.org\/index.php\/2025\/10\/26\/la-politique-maximaliste-du-compromis\/\",\"name\":\"La politique maximaliste du compromis - International Solidarity Movement - ISM-France\",\"isPartOf\":{\"@id\":\"https:\/\/ismfrance.org\/#website\"},\"primaryImageOfPage\":{\"@id\":\"https:\/\/ismfrance.org\/index.php\/2025\/10\/26\/la-politique-maximaliste-du-compromis\/#primaryimage\"},\"image\":{\"@id\":\"https:\/\/ismfrance.org\/index.php\/2025\/10\/26\/la-politique-maximaliste-du-compromis\/#primaryimage\"},\"thumbnailUrl\":\"https:\/\/ismfrance.org\/wp-content\/uploads\/2025\/10\/tulkarem-10092025.jpeg\",\"datePublished\":\"2025-10-26T09:05:51+00:00\",\"breadcrumb\":{\"@id\":\"https:\/\/ismfrance.org\/index.php\/2025\/10\/26\/la-politique-maximaliste-du-compromis\/#breadcrumb\"},\"inLanguage\":\"fr-FR\",\"potentialAction\":[{\"@type\":\"ReadAction\",\"target\":[\"https:\/\/ismfrance.org\/index.php\/2025\/10\/26\/la-politique-maximaliste-du-compromis\/\"]}]},{\"@type\":\"ImageObject\",\"inLanguage\":\"fr-FR\",\"@id\":\"https:\/\/ismfrance.org\/index.php\/2025\/10\/26\/la-politique-maximaliste-du-compromis\/#primaryimage\",\"url\":\"https:\/\/ismfrance.org\/wp-content\/uploads\/2025\/10\/tulkarem-10092025.jpeg\",\"contentUrl\":\"https:\/\/ismfrance.org\/wp-content\/uploads\/2025\/10\/tulkarem-10092025.jpeg\",\"width\":1600,\"height\":1066},{\"@type\":\"BreadcrumbList\",\"@id\":\"https:\/\/ismfrance.org\/index.php\/2025\/10\/26\/la-politique-maximaliste-du-compromis\/#breadcrumb\",\"itemListElement\":[{\"@type\":\"ListItem\",\"position\":1,\"name\":\"Accueil\",\"item\":\"https:\/\/ismfrance.org\/\"},{\"@type\":\"ListItem\",\"position\":2,\"name\":\"La politique maximaliste du compromis\"}]},{\"@type\":\"WebSite\",\"@id\":\"https:\/\/ismfrance.org\/#website\",\"url\":\"https:\/\/ismfrance.org\/\",\"name\":\"ISM Palestine France\",\"description\":\"Soutien aux luttes de lib\u00e9ration du peuple palestinien\",\"publisher\":{\"@id\":\"https:\/\/ismfrance.org\/#organization\"},\"potentialAction\":[{\"@type\":\"SearchAction\",\"target\":{\"@type\":\"EntryPoint\",\"urlTemplate\":\"https:\/\/ismfrance.org\/?s={search_term_string}\"},\"query-input\":{\"@type\":\"PropertyValueSpecification\",\"valueRequired\":true,\"valueName\":\"search_term_string\"}}],\"inLanguage\":\"fr-FR\"},{\"@type\":\"Organization\",\"@id\":\"https:\/\/ismfrance.org\/#organization\",\"name\":\"International Solidarity Movement\",\"url\":\"https:\/\/ismfrance.org\/\",\"logo\":{\"@type\":\"ImageObject\",\"inLanguage\":\"fr-FR\",\"@id\":\"https:\/\/ismfrance.org\/#\/schema\/logo\/image\/\",\"url\":\"https:\/\/ismfrance.org\/wp-content\/uploads\/2020\/12\/00.png\",\"contentUrl\":\"https:\/\/ismfrance.org\/wp-content\/uploads\/2020\/12\/00.png\",\"width\":400,\"height\":400,\"caption\":\"International Solidarity Movement\"},\"image\":{\"@id\":\"https:\/\/ismfrance.org\/#\/schema\/logo\/image\/\"},\"sameAs\":[\"https:\/\/x.com\/ISMFRANCE\"]},{\"@type\":\"Person\",\"@id\":\"https:\/\/ismfrance.org\/#\/schema\/person\/3c411eb72adfaae19c0dca1f41fae01d\",\"name\":\"mru_01\",\"image\":{\"@type\":\"ImageObject\",\"inLanguage\":\"fr-FR\",\"@id\":\"https:\/\/secure.gravatar.com\/avatar\/3a0be343b445d2ccc79e87444a294fad2b232e90d2051d0e3cc219e1ecd6a330?s=96&d=mm&r=g\",\"url\":\"https:\/\/secure.gravatar.com\/avatar\/3a0be343b445d2ccc79e87444a294fad2b232e90d2051d0e3cc219e1ecd6a330?s=96&d=mm&r=g\",\"contentUrl\":\"https:\/\/secure.gravatar.com\/avatar\/3a0be343b445d2ccc79e87444a294fad2b232e90d2051d0e3cc219e1ecd6a330?s=96&d=mm&r=g\",\"caption\":\"mru_01\"},\"url\":\"https:\/\/ismfrance.org\/index.php\/author\/admin02\/\"}]}<\/script>\n<!-- \/ Yoast SEO plugin. -->","yoast_head_json":{"title":"La politique maximaliste du compromis - International Solidarity Movement - ISM-France","robots":{"index":"index","follow":"follow","max-snippet":"max-snippet:-1","max-image-preview":"max-image-preview:large","max-video-preview":"max-video-preview:-1"},"canonical":"https:\/\/ismfrance.org\/index.php\/2025\/10\/26\/la-politique-maximaliste-du-compromis\/","og_locale":"fr_FR","og_type":"article","og_title":"La politique maximaliste du compromis - International Solidarity Movement - ISM-France","og_description":"Ramona Wadi, 24 octobre 2025.- M\u00eame dans le contexte du g\u00e9nocide isra\u00e9lien en Palestine, les appels au compromis ne faiblissent pas. Un appel r\u00e9cent au compromis \u00e9mane d&rsquo;Anwar Gargash, conseiller Lire la suite &rarr;","og_url":"https:\/\/ismfrance.org\/index.php\/2025\/10\/26\/la-politique-maximaliste-du-compromis\/","og_site_name":"International Solidarity Movement - ISM-France","article_published_time":"2025-10-26T09:05:51+00:00","og_image":[{"width":1600,"height":1066,"url":"https:\/\/ismfrance.org\/wp-content\/uploads\/2025\/10\/tulkarem-10092025.jpeg","type":"image\/jpeg"}],"author":"mru_01","twitter_card":"summary_large_image","twitter_creator":"@ISMFRANCE","twitter_site":"@ISMFRANCE","twitter_misc":{"\u00c9crit par":"mru_01","Dur\u00e9e de lecture estim\u00e9e":"4 minutes"},"schema":{"@context":"https:\/\/schema.org","@graph":[{"@type":"Article","@id":"https:\/\/ismfrance.org\/index.php\/2025\/10\/26\/la-politique-maximaliste-du-compromis\/#article","isPartOf":{"@id":"https:\/\/ismfrance.org\/index.php\/2025\/10\/26\/la-politique-maximaliste-du-compromis\/"},"author":{"name":"mru_01","@id":"https:\/\/ismfrance.org\/#\/schema\/person\/3c411eb72adfaae19c0dca1f41fae01d"},"headline":"La politique maximaliste du compromis","datePublished":"2025-10-26T09:05:51+00:00","mainEntityOfPage":{"@id":"https:\/\/ismfrance.org\/index.php\/2025\/10\/26\/la-politique-maximaliste-du-compromis\/"},"wordCount":693,"publisher":{"@id":"https:\/\/ismfrance.org\/#organization"},"image":{"@id":"https:\/\/ismfrance.org\/index.php\/2025\/10\/26\/la-politique-maximaliste-du-compromis\/#primaryimage"},"thumbnailUrl":"https:\/\/ismfrance.org\/wp-content\/uploads\/2025\/10\/tulkarem-10092025.jpeg","keywords":["Collabos","Histoire","nettoyage ethnique","Sionisme"],"articleSection":["Analyses","Articles"],"inLanguage":"fr-FR"},{"@type":"WebPage","@id":"https:\/\/ismfrance.org\/index.php\/2025\/10\/26\/la-politique-maximaliste-du-compromis\/","url":"https:\/\/ismfrance.org\/index.php\/2025\/10\/26\/la-politique-maximaliste-du-compromis\/","name":"La politique maximaliste du compromis - International Solidarity Movement - ISM-France","isPartOf":{"@id":"https:\/\/ismfrance.org\/#website"},"primaryImageOfPage":{"@id":"https:\/\/ismfrance.org\/index.php\/2025\/10\/26\/la-politique-maximaliste-du-compromis\/#primaryimage"},"image":{"@id":"https:\/\/ismfrance.org\/index.php\/2025\/10\/26\/la-politique-maximaliste-du-compromis\/#primaryimage"},"thumbnailUrl":"https:\/\/ismfrance.org\/wp-content\/uploads\/2025\/10\/tulkarem-10092025.jpeg","datePublished":"2025-10-26T09:05:51+00:00","breadcrumb":{"@id":"https:\/\/ismfrance.org\/index.php\/2025\/10\/26\/la-politique-maximaliste-du-compromis\/#breadcrumb"},"inLanguage":"fr-FR","potentialAction":[{"@type":"ReadAction","target":["https:\/\/ismfrance.org\/index.php\/2025\/10\/26\/la-politique-maximaliste-du-compromis\/"]}]},{"@type":"ImageObject","inLanguage":"fr-FR","@id":"https:\/\/ismfrance.org\/index.php\/2025\/10\/26\/la-politique-maximaliste-du-compromis\/#primaryimage","url":"https:\/\/ismfrance.org\/wp-content\/uploads\/2025\/10\/tulkarem-10092025.jpeg","contentUrl":"https:\/\/ismfrance.org\/wp-content\/uploads\/2025\/10\/tulkarem-10092025.jpeg","width":1600,"height":1066},{"@type":"BreadcrumbList","@id":"https:\/\/ismfrance.org\/index.php\/2025\/10\/26\/la-politique-maximaliste-du-compromis\/#breadcrumb","itemListElement":[{"@type":"ListItem","position":1,"name":"Accueil","item":"https:\/\/ismfrance.org\/"},{"@type":"ListItem","position":2,"name":"La politique maximaliste du compromis"}]},{"@type":"WebSite","@id":"https:\/\/ismfrance.org\/#website","url":"https:\/\/ismfrance.org\/","name":"ISM Palestine France","description":"Soutien aux luttes de lib\u00e9ration du peuple palestinien","publisher":{"@id":"https:\/\/ismfrance.org\/#organization"},"potentialAction":[{"@type":"SearchAction","target":{"@type":"EntryPoint","urlTemplate":"https:\/\/ismfrance.org\/?s={search_term_string}"},"query-input":{"@type":"PropertyValueSpecification","valueRequired":true,"valueName":"search_term_string"}}],"inLanguage":"fr-FR"},{"@type":"Organization","@id":"https:\/\/ismfrance.org\/#organization","name":"International Solidarity Movement","url":"https:\/\/ismfrance.org\/","logo":{"@type":"ImageObject","inLanguage":"fr-FR","@id":"https:\/\/ismfrance.org\/#\/schema\/logo\/image\/","url":"https:\/\/ismfrance.org\/wp-content\/uploads\/2020\/12\/00.png","contentUrl":"https:\/\/ismfrance.org\/wp-content\/uploads\/2020\/12\/00.png","width":400,"height":400,"caption":"International Solidarity Movement"},"image":{"@id":"https:\/\/ismfrance.org\/#\/schema\/logo\/image\/"},"sameAs":["https:\/\/x.com\/ISMFRANCE"]},{"@type":"Person","@id":"https:\/\/ismfrance.org\/#\/schema\/person\/3c411eb72adfaae19c0dca1f41fae01d","name":"mru_01","image":{"@type":"ImageObject","inLanguage":"fr-FR","@id":"https:\/\/secure.gravatar.com\/avatar\/3a0be343b445d2ccc79e87444a294fad2b232e90d2051d0e3cc219e1ecd6a330?s=96&d=mm&r=g","url":"https:\/\/secure.gravatar.com\/avatar\/3a0be343b445d2ccc79e87444a294fad2b232e90d2051d0e3cc219e1ecd6a330?s=96&d=mm&r=g","contentUrl":"https:\/\/secure.gravatar.com\/avatar\/3a0be343b445d2ccc79e87444a294fad2b232e90d2051d0e3cc219e1ecd6a330?s=96&d=mm&r=g","caption":"mru_01"},"url":"https:\/\/ismfrance.org\/index.php\/author\/admin02\/"}]}},"_links":{"self":[{"href":"https:\/\/ismfrance.org\/index.php\/wp-json\/wp\/v2\/posts\/24512","targetHints":{"allow":["GET"]}}],"collection":[{"href":"https:\/\/ismfrance.org\/index.php\/wp-json\/wp\/v2\/posts"}],"about":[{"href":"https:\/\/ismfrance.org\/index.php\/wp-json\/wp\/v2\/types\/post"}],"author":[{"embeddable":true,"href":"https:\/\/ismfrance.org\/index.php\/wp-json\/wp\/v2\/users\/3"}],"replies":[{"embeddable":true,"href":"https:\/\/ismfrance.org\/index.php\/wp-json\/wp\/v2\/comments?post=24512"}],"version-history":[{"count":0,"href":"https:\/\/ismfrance.org\/index.php\/wp-json\/wp\/v2\/posts\/24512\/revisions"}],"wp:featuredmedia":[{"embeddable":true,"href":"https:\/\/ismfrance.org\/index.php\/wp-json\/wp\/v2\/media\/24513"}],"wp:attachment":[{"href":"https:\/\/ismfrance.org\/index.php\/wp-json\/wp\/v2\/media?parent=24512"}],"wp:term":[{"taxonomy":"category","embeddable":true,"href":"https:\/\/ismfrance.org\/index.php\/wp-json\/wp\/v2\/categories?post=24512"},{"taxonomy":"post_tag","embeddable":true,"href":"https:\/\/ismfrance.org\/index.php\/wp-json\/wp\/v2\/tags?post=24512"}],"curies":[{"name":"wp","href":"https:\/\/api.w.org\/{rel}","templated":true}]}}