{"id":24494,"date":"2025-10-25T11:01:18","date_gmt":"2025-10-25T09:01:18","guid":{"rendered":"https:\/\/ismfrance.org\/?p=24494"},"modified":"2025-10-25T11:01:18","modified_gmt":"2025-10-25T09:01:18","slug":"temoignages-de-gazaouis-la-survie-qui-sorganise-au-jour-le-jour-dans-lenfer-de-gaza-partie-557-24-10-gaza-telle-que-je-la-vois-eveillee-pour-garder-la-d","status":"publish","type":"post","link":"https:\/\/ismfrance.org\/index.php\/2025\/10\/25\/temoignages-de-gazaouis-la-survie-qui-sorganise-au-jour-le-jour-dans-lenfer-de-gaza-partie-557-24-10-gaza-telle-que-je-la-vois-eveillee-pour-garder-la-d\/","title":{"rendered":"T\u00e9moignages de Gazaouis : La survie qui s\u2019organise au jour le jour dans l\u2019enfer de Gaza \u2013 partie 557 \/ 24.10 \u2013\u00a0Gaza telle que je la vois, \u00e9veill\u00e9e pour garder la dignit\u00e9 de tous"},"content":{"rendered":"<p align=\"LEFT\"><span style=\"color: #000000;\"><span style=\"font-family: Arial, sans-serif;\"><span style=\"font-size: medium;\"><strong>Brigitte Challande, 25 octobre 2025.-<\/strong> Un texte d\u2019Abu Amir le 24 Octobre : sobre, percutant.<\/span><\/span><\/span><\/p>\n<p align=\"LEFT\"><span style=\"color: #000000;\"><span style=\"font-family: Arial, sans-serif;\"><span style=\"font-size: medium;\">\u00ab\u00a0\u00c0 Gaza, la tristesse se l\u00e8ve avant le soleil. Les yeux s\u2019ouvrent sur des sons qui ne ressemblent pas \u00e0 la vie. Le jour commence par une pri\u00e8re douloureuse et se termine dans l\u2019attente d\u2019un miracle qui ne vient pas. Les maisons gardent le nom de leurs propri\u00e9taires, m\u00eame lorsqu\u2019elles deviennent des d\u00e9combres. Les murs seuls connaissent l\u2019histoire et t\u00e9moignent de ce qui n\u2019a jamais \u00e9t\u00e9 racont\u00e9.<\/span><\/span><\/span><\/p>\n<div id=\"attachment_24496\" style=\"width: 610px\" class=\"wp-caption alignnone\"><a href=\"https:\/\/ismfrance.org\/wp-content\/uploads\/2025\/10\/G35zgfrXgAAgP2R.jpeg\"><img loading=\"lazy\" decoding=\"async\" aria-describedby=\"caption-attachment-24496\" class=\"size-large wp-image-24496\" src=\"https:\/\/ismfrance.org\/wp-content\/uploads\/2025\/10\/G35zgfrXgAAgP2R-700x668.jpeg\" alt=\"\" width=\"600\" height=\"573\" srcset=\"https:\/\/ismfrance.org\/wp-content\/uploads\/2025\/10\/G35zgfrXgAAgP2R-700x668.jpeg 700w, https:\/\/ismfrance.org\/wp-content\/uploads\/2025\/10\/G35zgfrXgAAgP2R-300x286.jpeg 300w, https:\/\/ismfrance.org\/wp-content\/uploads\/2025\/10\/G35zgfrXgAAgP2R-768x733.jpeg 768w, https:\/\/ismfrance.org\/wp-content\/uploads\/2025\/10\/G35zgfrXgAAgP2R.jpeg 1320w\" sizes=\"auto, (max-width: 600px) 100vw, 600px\" \/><\/a><p id=\"caption-attachment-24496\" class=\"wp-caption-text\"><strong>Une fosse commune contenant les corps de 54 Palestiniens non identifi\u00e9s a \u00e9t\u00e9 d\u00e9couverte \u00e0 Deir al-Balah, dans le centre de la bande de Gaza, octobre 2025.<\/strong><\/p><\/div>\n<p align=\"LEFT\"><span style=\"color: #000000;\"><span style=\"font-family: Arial, sans-serif;\"><span style=\"font-size: medium;\">Un enfant cherche son jouet parmi les ruines, il trouve un morceau bris\u00e9 et sourit malgr\u00e9 le d\u00e9sastre, comme s\u2019il s\u2019excusait aupr\u00e8s de la joie. Et une m\u00e8re serre ses enfants contre son c\u0153ur inquiet, leur raconte une histoire de paix, mais la voix des avions l\u2019interrompt, et la s\u00e9curit\u00e9 s\u2019\u00e9chappe de son r\u00e9cit.<\/span><\/span><\/span><\/p>\n<p align=\"LEFT\"><span style=\"color: #000000;\"><span style=\"font-family: Arial, sans-serif;\"><span style=\"font-size: medium;\">La nuit \u00e0 Gaza est tr\u00e8s longue. Les m\u00e8res y comptent les explosions du ciel, craignant qu\u2019une voix d\u2019enfant ne disparaisse dans le vacarme de la mort. Un vieil homme serre contre lui les photos de ses fils, en essuie la poussi\u00e8re comme s\u2019il touchait leurs \u00e2mes, et dit \u00e0 la terre : \u00ab rends-les-moi \u00bb. La terre r\u00e9pond par le silence.<\/span><\/span><\/span><\/p>\n<p align=\"LEFT\"><span style=\"color: #000000;\"><span style=\"font-family: Arial, sans-serif;\"><span style=\"font-size: medium;\">Sur la plage, un p\u00eacheur \u00e9puis\u00e9 s\u2019assied. Le poisson n\u2019atteint plus ses filets, et le blocus \u00e9touffe la mer comme il \u00e9touffe ses petits r\u00eaves. Une fillette dessine un c\u0153ur sur le sable pour offrir au monde un peu d\u2019amour, mais la vague efface son dessin, comme la guerre efface son enfance.<\/span><\/span><\/span><\/p>\n<p align=\"LEFT\"><span style=\"color: #000000;\"><span style=\"font-family: Arial, sans-serif;\"><span style=\"font-size: medium;\">\u00c0 l\u2019h\u00f4pital, les histoires sont nombreuses : une douleur que les m\u00e9dicaments ne suffisent pas \u00e0 contenir, des lits qui attendent un destin inconnu, et des visages \u00e9puis\u00e9s par les larmes. Les infirmiers sont des h\u00e9ros silencieux ; ils portent la souffrance sur leurs \u00e9paules, plantent l\u2019espoir dans chaque pansement et sourient malgr\u00e9 le sang.<\/span><\/span><\/span><\/p>\n<p align=\"LEFT\"><span style=\"color: #000000;\"><span style=\"font-family: Arial, sans-serif;\"><span style=\"font-size: medium;\">Un jeune homme porte son sac d\u2019\u00e9cole vers une \u00e9cole sans fen\u00eatres, des classes sans rires, et un drapeau qui ne se courbe pas, quoi qu\u2019il arrive. Les livres ont les pages d\u00e9chir\u00e9es, mais le savoir ne peut \u00eatre bombard\u00e9, et l\u2019espoir ne s\u2019effondre pas avec les murs, il rena\u00eet des cendres.<\/span><\/span><\/span><\/p>\n<p align=\"LEFT\"><span style=\"color: #000000;\"><span style=\"font-family: Arial, sans-serif;\"><span style=\"font-size: medium;\">\u00c0 Gaza, les enfants grandissent trop vite ; la guerre leur vole leurs ann\u00e9es et leur enseigne la peur trop t\u00f4t, et pourtant, ils r\u00eavent. Une jeune fille regarde le ciel avec prudence, craignant qu\u2019il ne lui tombe dessus, et demande : \u00ab Le ciel a-t-il un c\u0153ur ? Ou n\u2019est-ce qu\u2019une pierre au-dessus de nos t\u00eates ? \u00bb<\/span><\/span><\/span><\/p>\n<p align=\"LEFT\"><span style=\"color: #000000;\"><span style=\"font-family: Arial, sans-serif;\"><span style=\"font-size: medium;\">Un homme a perdu sa maison deux fois, et pourtant il continue \u00e0 planter des roses. Il dit : \u00ab La vie a des droits sur nous, m\u00eame si elle nous oublie parfois \u00bb. Une grand-m\u00e8re raconte l\u2019histoire du pays, porte les cl\u00e9s des anciennes maisons et dit : \u00ab Nous nous retrouverons l\u00e0-bas, quand la patrie sera libre \u00bb.<\/span><\/span><\/span><\/p>\n<p align=\"LEFT\"><span style=\"color: #000000;\"><span style=\"font-family: Arial, sans-serif;\"><span style=\"font-size: medium;\">Les rues connaissent leurs pas, elles savent qui est parti, se souviennent de ceux qui ne sont pas revenus et gardent tous les noms dans le silence. Une ambulance se pr\u00e9cipite \u00e0 chaque instant, l\u2019air y est lourd, comme les c\u0153urs qu\u2019elle transporte : il n\u2019y a pas de temps pour pleurer.<\/span><\/span><\/span><\/p>\n<p align=\"LEFT\"><span style=\"color: #000000;\"><span style=\"font-family: Arial, sans-serif;\"><span style=\"font-size: medium;\">Une mosqu\u00e9e a perdu son minaret, mais l\u2019appel \u00e0 la pri\u00e8re ne s\u2019arr\u00eate pas ; la voix monte vers le ciel et porte l\u2019esp\u00e9rance avec elle. Au march\u00e9, les boutiques sont ferm\u00e9es, les portes pleurent l\u2019absence des visiteurs ; le pain r\u00eave d\u2019\u00eatre mang\u00e9 et les enfants r\u00eavent de pain.<\/span><\/span><\/span><\/p>\n<p align=\"LEFT\"><span style=\"color: #000000;\"><span style=\"font-family: Arial, sans-serif;\"><span style=\"font-size: medium;\">Un p\u00e8re v\u00e9rifie chaque soir le nombre de ses enfants, craignant qu\u2019il n\u2019en manque un brusquement. Il embrasse leurs fronts avant de dormir comme une possible derni\u00e8re \u00e9treinte. \u00c0 Gaza, les murs entendent plus que les humains, pleurent lorsqu\u2019on ne les voit pas, et se penchent sur les \u00e2mes errantes comme une m\u00e8re qui cherche son enfant.<\/span><\/span><\/span><\/p>\n<p align=\"LEFT\"><span style=\"color: #000000;\"><span style=\"font-family: Arial, sans-serif;\"><span style=\"font-size: medium;\">L\u2019\u00e9lectricit\u00e9 est invit\u00e9e de passage, elle arrive sans pr\u00e9venir et repart sans dire au revoir, laissant l\u2019obscurit\u00e9 nous consoler. Chaque instant ici porte une nouvelle question, chaque c\u0153ur porte mille peurs, mais les \u00e2mes restent debout et refusent de se briser.<\/span><\/span><\/span><\/p>\n<p align=\"LEFT\"><span style=\"color: #000000;\"><span style=\"font-family: Arial, sans-serif;\"><span style=\"font-size: medium;\">Un journaliste tient sa cam\u00e9ra comme un bouclier, il documente la v\u00e9rit\u00e9 \u00e0 travers ses larmes, craignant de devenir lui-m\u00eame la nouvelle, mais il ne recule pas. Un petit gar\u00e7on donne un coup de pied dans une pierre comme si c\u2019\u00e9tait un ballon, il dessine son rire \u00e0 partir de rien, et rend la rue plus vivante.<\/span><\/span><\/span><\/p>\n<p align=\"LEFT\"><span style=\"color: #000000;\"><span style=\"font-family: Arial, sans-serif;\"><span style=\"font-size: medium;\">Sur les toits, les v\u00eatements qui s\u00e8chent flottent comme des drapeaux de patience, racontant l\u2019histoire d\u2019une famille qui r\u00e9siste encore malgr\u00e9 toutes les temp\u00eates. Un gar\u00e7on fixe la mer avec un grand r\u00eave : voyager loin, mais il sait que les fronti\u00e8res sont sa prison, alors il se contente d\u2019imaginer la libert\u00e9.<\/span><\/span><\/span><\/p>\n<p align=\"LEFT\"><span style=\"color: #000000;\"><span style=\"font-family: Arial, sans-serif;\"><span style=\"font-size: medium;\">Les cimeti\u00e8res \u00e0 Gaza sont jeunes, remplis des noms des enfants. La terre pleure pour eux chaque nuit et les serre dans ses bras comme le ferait une patrie-m\u00e8re. Les oiseaux ne migrent pas, ils savent que Gaza est leur maison, ils chantent malgr\u00e9 le feu et r\u00eavent d\u2019\u00e9pis de bl\u00e9.<\/span><\/span><\/span><\/p>\n<p align=\"LEFT\"><span style=\"color: #000000;\"><span style=\"font-family: Arial, sans-serif;\"><span style=\"font-size: medium;\">Gaza est une ville qui ne meurt pas ; elle saigne et se rel\u00e8ve, elle pleure et sourit dans le m\u00eame instant, et dit : \u00ab Je resterai \u00bb. \u00c0 Gaza, les martyrs naissent h\u00e9ros, ils s\u2019en vont sans bruit, laissant derri\u00e8re eux une lumi\u00e8re et des souvenirs qui ne br\u00fblent pas.<\/span><\/span><\/span><\/p>\n<p align=\"LEFT\"><span style=\"color: #000000;\"><span style=\"font-family: Arial, sans-serif;\"><span style=\"font-size: medium;\">L\u2019espoir ici est un enfant t\u00eatu, il refuse de dispara\u00eetre, lutte contre tout et revient plus fort \u00e0 chaque fois. Gaza ne demande pas grand-chose : un peu de paix, un peu d\u2019enfance, et un c\u0153ur qui la comprenne.<\/span><\/span><\/span><\/p>\n<p align=\"LEFT\"><span style=\"color: #000000;\"><span style=\"font-family: Arial, sans-serif;\"><span style=\"font-size: medium;\">Malgr\u00e9 tout\u2026 elle se bat seule, fait face au monde, ne craint rien et dit : \u00ab Je me d\u00e9fendrai \u00bb. Gaza n\u2019est pas seulement de la tristesse : c\u2019est de la dignit\u00e9 et une prosternation, c\u2019est une patrie et une \u00e2me, c\u2019est un souffle qui ne trahit jamais.<\/span><\/span><\/span><\/p>\n<p align=\"LEFT\"><span style=\"color: #000000;\"><span style=\"font-family: Arial, sans-serif;\"><span style=\"font-size: medium;\">Celui qui comprend Gaza l\u2019aime, celui qui l\u2019aime prie pour elle, celui qui prie pour elle n\u2019oublie jamais qu\u2019elle est la blessure vivante du monde. Et finalement, Gaza reste le c\u0153ur rebelle, la chanson impossible, l\u2019histoire d\u2019une r\u00e9sistance \u00e9ternelle.<\/span><\/span><\/span><\/p>\n<p align=\"LEFT\"><span style=\"color: #000000;\"><span style=\"font-family: Arial, sans-serif;\"><span style=\"font-size: medium;\">Au milieu de toute cette tristesse qui se l\u00e8ve avec le soleil \u00e0 Gaza, de toute cette r\u00e9silience qui reste debout malgr\u00e9 les d\u00e9combres, j\u2019\u00e9cris: non pas comme un regard lointain qui observe la sc\u00e8ne derri\u00e8re des \u00e9crans, mais comme un c\u0153ur qui souffre pour chaque cri, tremble \u00e0 chaque bruit dans le ciel, et sent la ville comme une partie ins\u00e9parable de lui-m\u00eame, comme si son souffle \u00e9tait le sien, son battement, son propre battement.<\/span><\/span><\/span><\/p>\n<p align=\"LEFT\"><span style=\"color: #000000;\"><span style=\"font-family: Arial, sans-serif;\"><span style=\"font-size: medium;\">Voici Gaza telle que je la vois : une ville qui saigne sans se rendre, qui est bombard\u00e9e sans se briser, qui pleure sans perdre la capacit\u00e9 de sourire. Petite par sa taille, grande par sa valeur, encercl\u00e9e par des fronti\u00e8res de feu, mais s\u2019\u00e9tendant dans les c\u0153urs \u00e0 l\u2019infini. Ici, les enfants ne r\u00eavent pas du luxe de la vie, mais simplement d\u2019une nuit o\u00f9 ils dorment sans peur, d\u2019un ciel qui ne s\u2019effondre pas sur eux, d\u2019une maison qui redevient comme avant que les trag\u00e9dies ne l\u2019habitent.<\/span><\/span><\/span><\/p>\n<p align=\"LEFT\"><span style=\"color: #000000;\"><span style=\"font-family: Arial, sans-serif;\"><span style=\"font-size: medium;\">Voici Gaza telle que je la ressens : ce n\u2019est pas une simple sc\u00e8ne diffus\u00e9e aux actualit\u00e9s, ni une histoire \u00e0 lire dans les journaux ; c\u2019est une v\u00e9rit\u00e9 qui refuse d\u2019\u00eatre \u00e9touff\u00e9e, une \u00e2me qui r\u00e9siste au nom de la dignit\u00e9, une patrie qui d\u00e9pose ses enfants martyrs pour rester debout. Je la vois dans la larme d\u2019une m\u00e8re cherchant son fils dans les listes, dans le rire d\u2019un enfant qui ignore le chemin de la d\u00e9faite, dans un p\u00eacheur qui prie pour que la mer reste vivante, dans un minaret d\u00e9capit\u00e9 mais non r\u00e9duit au silence, et dans des tombes qui se remplissent vite mais qui continuent de bercer leurs enfants avec la tendresse de la terre.<\/span><\/span><\/span><\/p>\n<p align=\"LEFT\"><span style=\"color: #000000;\"><span style=\"font-family: Arial, sans-serif;\"><span style=\"font-size: medium;\">J\u2019\u00e9cris pour dire au monde que Gaza n\u2019est pas seulement tristesse. Gaza est fiert\u00e9, dignit\u00e9, une prosternation et un drapeau qui ne s\u2019incline pas. Ce n\u2019est pas seulement une ville en guerre, mais un c\u0153ur qui bat malgr\u00e9 la fatigue du monde face \u00e0 sa douleur. Et s\u2019il y a mille villes dans le monde qui dorment en paix, Gaza seule reste \u00e9veill\u00e9e pour garder la dignit\u00e9 de tous.<\/span><\/span><\/span><\/p>\n<p align=\"LEFT\"><span style=\"color: #000000;\"><span style=\"font-family: Arial, sans-serif;\"><span style=\"font-size: medium;\">\u00d4 Gaza, te voici telle que je te vois, telle que je te ressens, telle que ton amour m\u2019habite malgr\u00e9 la douleur et la perte.\u00a0\u00bb<\/span><\/span><\/span><\/p>\n<hr \/>\n<p align=\"LEFT\"><strong>Retrouvez l\u2019ensemble des t\u00e9moignages d\u2019Abu Amir et Marsel :<\/strong><\/p>\n<pre>*<strong>Abu Amir Mutasem Ele\u00efwa<\/strong> est coordinateur des Projets paysans depuis 2016 au sud de la bande de Gaza et correspondant de l\u2019Union Juive Fran\u00e7aise pour la Paix.\r\n*<strong>Marsel Alledawi<\/strong> est responsable du Centre Ibn Sina du nord de la bande de Gaza, centre qui se consacre au suivi \u00e9ducatif et psychologique de l\u2019enfance.\r\nTous les deux sont soutenus par l\u2019UJFP en France.<\/pre>\n<p><strong><a href=\"https:\/\/ismfrance.org\/index.php\/2025\/10\/07\/temoignages-de-gazaouis-la-survie-qui-sorganise-au-jour-le-jour-dans-lenfer-de-gaza-partie-541-6-10-nourrir-les-enfants-de-deplace-e-s-du-camp-al-hilal\/\">Partie 541<\/a>\u00a0: 6 octobre.\u00a0<a href=\"https:\/\/ismfrance.org\/index.php\/2025\/10\/08\/temoignages-de-gazaouis-la-survie-qui-sorganise-au-jour-le-jour-dans-lenfer-de-gaza-partie-542-7-10-analyse-des-strategies-de-conflit\/\">Partie 542<\/a>\u00a0: 7 octobre.\u00a0<a href=\"https:\/\/ismfrance.org\/index.php\/2025\/10\/09\/temoignages-de-gazaouis-la-survie-qui-sorganise-au-jour-le-jour-dans-lenfer-de-gaza-partie-543-7-10-1-les-conditions-de-vie-des-deplace-e-s-sont-un-def\/\">Partie\u00a0543<\/a>\u00a0: 7 octobre (1).\u00a0<a href=\"https:\/\/ismfrance.org\/index.php\/2025\/10\/10\/temoignages-de-gazaouis-la-survie-qui-sorganise-au-jour-le-jour-dans-lenfer-de-gaza-partie-544-8-10-ou-en-est-le-hamas-a-gaza\/\">Partie 544<\/a>\u00a0: 8 octobre.\u00a0<a href=\"https:\/\/ismfrance.org\/index.php\/2025\/10\/10\/24148\/\">Partie 545<\/a>\u00a0: 9 -10 octobre.\u00a0<a href=\"https:\/\/ismfrance.org\/index.php\/2025\/10\/11\/temoignages-de-gazaouis-la-survie-qui-sorganise-au-jour-le-jour-dans-lenfer-de-gaza-partie-546-9-10-11-10-lhistoire-dun-peuple-qui-resi\/\">Partie 546<\/a>\u00a0 : 9-10-11 octobre.\u00a0<a href=\"https:\/\/ismfrance.org\/index.php\/2025\/10\/13\/temoignages-de-gazaouis-la-survie-qui-sorganise-au-jour-le-jour-dans-lenfer-de-gaza-partie-547-11-12-10-ateliers-de-soutien-psychologique-patrimoine-culturel\/\">Partie 547<\/a>\u00a0: 11-12 octobre.\u00a0<a href=\"https:\/\/ismfrance.org\/index.php\/2025\/10\/14\/temoignages-de-gazaouis-la-survie-qui-sorganise-au-jour-le-jour-dans-lenfer-de-gaza-partie-548-13-10-la-ville-des-tentes-renait-des-decombres\/\">Partie 548<\/a>\u00a0: 13 octobre.\u00a0<a href=\"https:\/\/ismfrance.org\/index.php\/2025\/10\/15\/temoignages-de-gazaouis-la-survie-qui-sorganise-au-jour-le-jour-dans-lenfer-de-gaza-partie-549-14-10-la-palestine-la-conscience-du-monde\/\">Partie 549<\/a>\u00a0: 14 octobre.\u00a0<a href=\"https:\/\/ismfrance.org\/index.php\/2025\/10\/17\/temoignages-de-gazaouis-la-survie-qui-sorganise-au-jour-le-jour-dans-lenfer-de-gaza-partie-550-15-10-gaza-un-symbole-mondial-de-resistance-et-de-dignite\/\">Partie 550<\/a>\u00a0: 15 octobre.\u00a0<a href=\"https:\/\/ismfrance.org\/index.php\/2025\/10\/18\/temoignages-de-gazaouis-la-survie-qui-sorganise-au-jour-le-jour-dans-lenfer-de-gaza-partie-551-17-10-revenir-dans-une-patrie-detruite\/\">Partie 551<\/a>\u00a0: 16 octobre.\u00a0<a href=\"https:\/\/ismfrance.org\/index.php\/2025\/10\/19\/temoignages-de-gazaouis-la-survie-qui-sorganise-au-jour-le-jour-dans-lenfer-de-gaza-partie-552-17-10-1-les-bombardements-se-sont-tus-le-soutien-des-de\/\">Partie\u00a0 552<\/a>\u00a0: 17 octobre.\u00a0<a href=\"https:\/\/ismfrance.org\/index.php\/2025\/10\/20\/temoignages-de-gazaouis-la-survie-qui-sorganise-au-jour-le-jour-dans-lenfer-de-gaza-partie-553-18-19-10-soutien-psychosocial-le-jour-dapres-la\/\">Partie 553<\/a>\u00a0: 18-19 octobre.\u00a0<\/strong><a href=\"https:\/\/ismfrance.org\/index.php\/2025\/10\/21\/temoignages-de-gazaouis-la-survie-qui-sorganise-au-jour-le-jour-dans-lenfer-de-gaza-partie-554-19-20-10-une-treve-sur-le-papier\/\"><strong>Partie 554<\/strong><\/a><strong>\u00a0: 19-20 octobre.<a href=\"https:\/\/ismfrance.org\/index.php\/2025\/10\/22\/temoignages-de-gazaouis-la-survie-qui-sorganise-au-jour-le-jour-dans-lenfer-de-gaza-partie-555-21-10-le-plan-de-paix-un-gout-de-trahison\/\">\u00a0Partie 555<\/a> : 21 octobre. <a href=\"https:\/\/ismfrance.org\/index.php\/2025\/10\/22\/temoignages-de-gazaouis-la-survie-qui-sorganise-au-jour-le-jour-dans-lenfer-de-gaza-partie-556-22-10-la-ligne-jaune\/\">Partie 556<\/a> : 22 octobre.<\/strong><\/p>\n<pre class=\"western\"><strong><em><i>* <\/i><\/em><em><a href=\"https:\/\/ismfrance.org\/index.php\/temoignages-gazaouis-survie-enfer-gaza-1\/\" target=\"_blank\" rel=\"noopener\"><i>T\u00e9moignages du 20 novembre 2023 au 5 janvier 2025 (partie 1 \u00e0 268)<\/i><\/a><\/em>\r\n<i>* <\/i><\/strong><strong><a href=\"https:\/\/ismfrance.org\/index.php\/2025\/05\/11\/temoignages-de-gazaouis-la-survie-qui-sorganise-au-jour-le-jour-dans-lenfer-de-gaza-recapitulatif-du-5-janvier-au-9-mai-2025-partie-269-a-392\/\"><i>T\u00e9moignages du 5 janvier au 9 mai 2025 (partie 269 \u00e0 392)<\/i><\/a><\/strong>\r\n<strong><i>*<\/i><\/strong><i> <\/i><strong><a href=\"https:\/\/ismfrance.org\/index.php\/2025\/10\/07\/temoignages-de-gazaouis-la-survie-qui-sorganise-au-jour-le-jour-dans-lenfer-de-gaza-recapitulatif-du-10-mai-au-5-octobre-2025-partie-393-a-540\/\"><i>T\u00e9moignages du 10 mai au 5 octobre 2025 (partie 393 \u00e0 540)<\/i><\/a><\/strong><\/pre>\n<pre><strong>Pour participer \u00e0 la collecte \"Urgence Guerre \u00e0 Gaza\" : <\/strong><strong><a href=\"https:\/\/www.helloasso.com\/associations\/union-juive-francaise-pour-la-paix\/collectes\/urgence-guerre-a-gaza\">HelloAsso.com<\/a><\/strong>\r\n<strong>Les t\u00e9moignages sont publi\u00e9s sur <\/strong><strong><a href=\"https:\/\/ujfp.org\/\">UJFP<\/a> \/<\/strong><strong>\u00a0<a href=\"https:\/\/altermidi.org\/\">Altermidi<\/a> \/ <a href=\"https:\/\/lepoing.net\/\">Le Poing<\/a><\/strong><\/pre>\n","protected":false},"excerpt":{"rendered":"<p>Brigitte Challande, 25 octobre 2025.- Un texte d\u2019Abu Amir le 24 Octobre : sobre, percutant. \u00ab\u00a0\u00c0 Gaza, la tristesse se l\u00e8ve avant le soleil. Les yeux s\u2019ouvrent sur des sons <a class=\"more-link\" href=\"https:\/\/ismfrance.org\/index.php\/2025\/10\/25\/temoignages-de-gazaouis-la-survie-qui-sorganise-au-jour-le-jour-dans-lenfer-de-gaza-partie-557-24-10-gaza-telle-que-je-la-vois-eveillee-pour-garder-la-d\/\">Lire la suite &rarr;<\/a><\/p>\n","protected":false},"author":3,"featured_media":24496,"comment_status":"closed","ping_status":"closed","sticky":false,"template":"","format":"standard","meta":{"footnotes":""},"categories":[2,13],"tags":[156],"class_list":["post-24494","post","type-post","status-publish","format-standard","has-post-thumbnail","hentry","category-articles","category-temoignages","tag-genocide"],"yoast_head":"<!-- This site is optimized with the Yoast SEO plugin v27.2 - https:\/\/yoast.com\/product\/yoast-seo-wordpress\/ -->\n<title>T\u00e9moignages de Gazaouis : La survie qui s\u2019organise au jour le jour dans l\u2019enfer de Gaza \u2013 partie 557 \/ 24.10 \u2013\u00a0Gaza telle que je la vois, \u00e9veill\u00e9e pour garder la dignit\u00e9 de tous - International Solidarity Movement - ISM-France<\/title>\n<meta name=\"robots\" content=\"index, follow, max-snippet:-1, max-image-preview:large, max-video-preview:-1\" \/>\n<link rel=\"canonical\" href=\"https:\/\/ismfrance.org\/index.php\/2025\/10\/25\/temoignages-de-gazaouis-la-survie-qui-sorganise-au-jour-le-jour-dans-lenfer-de-gaza-partie-557-24-10-gaza-telle-que-je-la-vois-eveillee-pour-garder-la-d\/\" \/>\n<meta property=\"og:locale\" content=\"fr_FR\" \/>\n<meta property=\"og:type\" content=\"article\" \/>\n<meta property=\"og:title\" content=\"T\u00e9moignages de Gazaouis : La survie qui s\u2019organise au jour le jour dans l\u2019enfer de Gaza \u2013 partie 557 \/ 24.10 \u2013\u00a0Gaza telle que je la vois, \u00e9veill\u00e9e pour garder la dignit\u00e9 de tous - International Solidarity Movement - ISM-France\" \/>\n<meta property=\"og:description\" content=\"Brigitte Challande, 25 octobre 2025.- Un texte d\u2019Abu Amir le 24 Octobre : sobre, percutant. \u00ab\u00a0\u00c0 Gaza, la tristesse se l\u00e8ve avant le soleil. Les yeux s\u2019ouvrent sur des sons Lire la suite &rarr;\" \/>\n<meta property=\"og:url\" content=\"https:\/\/ismfrance.org\/index.php\/2025\/10\/25\/temoignages-de-gazaouis-la-survie-qui-sorganise-au-jour-le-jour-dans-lenfer-de-gaza-partie-557-24-10-gaza-telle-que-je-la-vois-eveillee-pour-garder-la-d\/\" \/>\n<meta property=\"og:site_name\" content=\"International Solidarity Movement - ISM-France\" \/>\n<meta property=\"article:published_time\" content=\"2025-10-25T09:01:18+00:00\" \/>\n<meta property=\"og:image\" content=\"https:\/\/ismfrance.org\/wp-content\/uploads\/2025\/10\/G35zgfrXgAAgP2R.jpeg\" \/>\n\t<meta property=\"og:image:width\" content=\"1320\" \/>\n\t<meta property=\"og:image:height\" content=\"1259\" \/>\n\t<meta property=\"og:image:type\" content=\"image\/jpeg\" \/>\n<meta name=\"author\" content=\"mru_01\" \/>\n<meta name=\"twitter:card\" content=\"summary_large_image\" \/>\n<meta name=\"twitter:creator\" content=\"@ISMFRANCE\" \/>\n<meta name=\"twitter:site\" content=\"@ISMFRANCE\" \/>\n<meta name=\"twitter:label1\" content=\"\u00c9crit par\" \/>\n\t<meta name=\"twitter:data1\" content=\"mru_01\" \/>\n\t<meta name=\"twitter:label2\" content=\"Dur\u00e9e de lecture estim\u00e9e\" \/>\n\t<meta name=\"twitter:data2\" content=\"8 minutes\" \/>\n<script type=\"application\/ld+json\" class=\"yoast-schema-graph\">{\"@context\":\"https:\/\/schema.org\",\"@graph\":[{\"@type\":\"Article\",\"@id\":\"https:\/\/ismfrance.org\/index.php\/2025\/10\/25\/temoignages-de-gazaouis-la-survie-qui-sorganise-au-jour-le-jour-dans-lenfer-de-gaza-partie-557-24-10-gaza-telle-que-je-la-vois-eveillee-pour-garder-la-d\/#article\",\"isPartOf\":{\"@id\":\"https:\/\/ismfrance.org\/index.php\/2025\/10\/25\/temoignages-de-gazaouis-la-survie-qui-sorganise-au-jour-le-jour-dans-lenfer-de-gaza-partie-557-24-10-gaza-telle-que-je-la-vois-eveillee-pour-garder-la-d\/\"},\"author\":{\"name\":\"mru_01\",\"@id\":\"https:\/\/ismfrance.org\/#\/schema\/person\/3c411eb72adfaae19c0dca1f41fae01d\"},\"headline\":\"T\u00e9moignages de Gazaouis : La survie qui s\u2019organise au jour le jour dans l\u2019enfer de Gaza \u2013 partie 557 \/ 24.10 \u2013\u00a0Gaza telle que je la vois, \u00e9veill\u00e9e pour garder la dignit\u00e9 de tous\",\"datePublished\":\"2025-10-25T09:01:18+00:00\",\"mainEntityOfPage\":{\"@id\":\"https:\/\/ismfrance.org\/index.php\/2025\/10\/25\/temoignages-de-gazaouis-la-survie-qui-sorganise-au-jour-le-jour-dans-lenfer-de-gaza-partie-557-24-10-gaza-telle-que-je-la-vois-eveillee-pour-garder-la-d\/\"},\"wordCount\":1633,\"publisher\":{\"@id\":\"https:\/\/ismfrance.org\/#organization\"},\"image\":{\"@id\":\"https:\/\/ismfrance.org\/index.php\/2025\/10\/25\/temoignages-de-gazaouis-la-survie-qui-sorganise-au-jour-le-jour-dans-lenfer-de-gaza-partie-557-24-10-gaza-telle-que-je-la-vois-eveillee-pour-garder-la-d\/#primaryimage\"},\"thumbnailUrl\":\"https:\/\/ismfrance.org\/wp-content\/uploads\/2025\/10\/G35zgfrXgAAgP2R.jpeg\",\"keywords\":[\"G\u00e9nocide\"],\"articleSection\":[\"Articles\",\"T\u00e9moignages\"],\"inLanguage\":\"fr-FR\"},{\"@type\":\"WebPage\",\"@id\":\"https:\/\/ismfrance.org\/index.php\/2025\/10\/25\/temoignages-de-gazaouis-la-survie-qui-sorganise-au-jour-le-jour-dans-lenfer-de-gaza-partie-557-24-10-gaza-telle-que-je-la-vois-eveillee-pour-garder-la-d\/\",\"url\":\"https:\/\/ismfrance.org\/index.php\/2025\/10\/25\/temoignages-de-gazaouis-la-survie-qui-sorganise-au-jour-le-jour-dans-lenfer-de-gaza-partie-557-24-10-gaza-telle-que-je-la-vois-eveillee-pour-garder-la-d\/\",\"name\":\"T\u00e9moignages de Gazaouis : La survie qui s\u2019organise au jour le jour dans l\u2019enfer de Gaza \u2013 partie 557 \/ 24.10 \u2013\u00a0Gaza telle que je la vois, \u00e9veill\u00e9e pour garder la dignit\u00e9 de tous - International Solidarity Movement - ISM-France\",\"isPartOf\":{\"@id\":\"https:\/\/ismfrance.org\/#website\"},\"primaryImageOfPage\":{\"@id\":\"https:\/\/ismfrance.org\/index.php\/2025\/10\/25\/temoignages-de-gazaouis-la-survie-qui-sorganise-au-jour-le-jour-dans-lenfer-de-gaza-partie-557-24-10-gaza-telle-que-je-la-vois-eveillee-pour-garder-la-d\/#primaryimage\"},\"image\":{\"@id\":\"https:\/\/ismfrance.org\/index.php\/2025\/10\/25\/temoignages-de-gazaouis-la-survie-qui-sorganise-au-jour-le-jour-dans-lenfer-de-gaza-partie-557-24-10-gaza-telle-que-je-la-vois-eveillee-pour-garder-la-d\/#primaryimage\"},\"thumbnailUrl\":\"https:\/\/ismfrance.org\/wp-content\/uploads\/2025\/10\/G35zgfrXgAAgP2R.jpeg\",\"datePublished\":\"2025-10-25T09:01:18+00:00\",\"breadcrumb\":{\"@id\":\"https:\/\/ismfrance.org\/index.php\/2025\/10\/25\/temoignages-de-gazaouis-la-survie-qui-sorganise-au-jour-le-jour-dans-lenfer-de-gaza-partie-557-24-10-gaza-telle-que-je-la-vois-eveillee-pour-garder-la-d\/#breadcrumb\"},\"inLanguage\":\"fr-FR\",\"potentialAction\":[{\"@type\":\"ReadAction\",\"target\":[\"https:\/\/ismfrance.org\/index.php\/2025\/10\/25\/temoignages-de-gazaouis-la-survie-qui-sorganise-au-jour-le-jour-dans-lenfer-de-gaza-partie-557-24-10-gaza-telle-que-je-la-vois-eveillee-pour-garder-la-d\/\"]}]},{\"@type\":\"ImageObject\",\"inLanguage\":\"fr-FR\",\"@id\":\"https:\/\/ismfrance.org\/index.php\/2025\/10\/25\/temoignages-de-gazaouis-la-survie-qui-sorganise-au-jour-le-jour-dans-lenfer-de-gaza-partie-557-24-10-gaza-telle-que-je-la-vois-eveillee-pour-garder-la-d\/#primaryimage\",\"url\":\"https:\/\/ismfrance.org\/wp-content\/uploads\/2025\/10\/G35zgfrXgAAgP2R.jpeg\",\"contentUrl\":\"https:\/\/ismfrance.org\/wp-content\/uploads\/2025\/10\/G35zgfrXgAAgP2R.jpeg\",\"width\":1320,\"height\":1259,\"caption\":\"Une fosse commune contenant les corps de 54 Palestiniens non identifi\u00e9s a \u00e9t\u00e9 d\u00e9couverte \u00e0 Deir al-Balah, dans le centre de la bande de Gaza, apr\u00e8s que l'occupation a remis les corps \u00e0 Isra\u00ebl dans le cadre d'un accord d'\u00e9change.\"},{\"@type\":\"BreadcrumbList\",\"@id\":\"https:\/\/ismfrance.org\/index.php\/2025\/10\/25\/temoignages-de-gazaouis-la-survie-qui-sorganise-au-jour-le-jour-dans-lenfer-de-gaza-partie-557-24-10-gaza-telle-que-je-la-vois-eveillee-pour-garder-la-d\/#breadcrumb\",\"itemListElement\":[{\"@type\":\"ListItem\",\"position\":1,\"name\":\"Accueil\",\"item\":\"https:\/\/ismfrance.org\/\"},{\"@type\":\"ListItem\",\"position\":2,\"name\":\"T\u00e9moignages de Gazaouis : La survie qui s\u2019organise au jour le jour dans l\u2019enfer de Gaza \u2013 partie 557 \/ 24.10 \u2013\u00a0Gaza telle que je la vois, \u00e9veill\u00e9e pour garder la dignit\u00e9 de tous\"}]},{\"@type\":\"WebSite\",\"@id\":\"https:\/\/ismfrance.org\/#website\",\"url\":\"https:\/\/ismfrance.org\/\",\"name\":\"ISM Palestine France\",\"description\":\"Soutien aux luttes de lib\u00e9ration du peuple palestinien\",\"publisher\":{\"@id\":\"https:\/\/ismfrance.org\/#organization\"},\"potentialAction\":[{\"@type\":\"SearchAction\",\"target\":{\"@type\":\"EntryPoint\",\"urlTemplate\":\"https:\/\/ismfrance.org\/?s={search_term_string}\"},\"query-input\":{\"@type\":\"PropertyValueSpecification\",\"valueRequired\":true,\"valueName\":\"search_term_string\"}}],\"inLanguage\":\"fr-FR\"},{\"@type\":\"Organization\",\"@id\":\"https:\/\/ismfrance.org\/#organization\",\"name\":\"International Solidarity Movement\",\"url\":\"https:\/\/ismfrance.org\/\",\"logo\":{\"@type\":\"ImageObject\",\"inLanguage\":\"fr-FR\",\"@id\":\"https:\/\/ismfrance.org\/#\/schema\/logo\/image\/\",\"url\":\"https:\/\/ismfrance.org\/wp-content\/uploads\/2020\/12\/00.png\",\"contentUrl\":\"https:\/\/ismfrance.org\/wp-content\/uploads\/2020\/12\/00.png\",\"width\":400,\"height\":400,\"caption\":\"International Solidarity Movement\"},\"image\":{\"@id\":\"https:\/\/ismfrance.org\/#\/schema\/logo\/image\/\"},\"sameAs\":[\"https:\/\/x.com\/ISMFRANCE\"]},{\"@type\":\"Person\",\"@id\":\"https:\/\/ismfrance.org\/#\/schema\/person\/3c411eb72adfaae19c0dca1f41fae01d\",\"name\":\"mru_01\",\"image\":{\"@type\":\"ImageObject\",\"inLanguage\":\"fr-FR\",\"@id\":\"https:\/\/secure.gravatar.com\/avatar\/3a0be343b445d2ccc79e87444a294fad2b232e90d2051d0e3cc219e1ecd6a330?s=96&d=mm&r=g\",\"url\":\"https:\/\/secure.gravatar.com\/avatar\/3a0be343b445d2ccc79e87444a294fad2b232e90d2051d0e3cc219e1ecd6a330?s=96&d=mm&r=g\",\"contentUrl\":\"https:\/\/secure.gravatar.com\/avatar\/3a0be343b445d2ccc79e87444a294fad2b232e90d2051d0e3cc219e1ecd6a330?s=96&d=mm&r=g\",\"caption\":\"mru_01\"},\"url\":\"https:\/\/ismfrance.org\/index.php\/author\/admin02\/\"}]}<\/script>\n<!-- \/ Yoast SEO plugin. -->","yoast_head_json":{"title":"T\u00e9moignages de Gazaouis : La survie qui s\u2019organise au jour le jour dans l\u2019enfer de Gaza \u2013 partie 557 \/ 24.10 \u2013\u00a0Gaza telle que je la vois, \u00e9veill\u00e9e pour garder la dignit\u00e9 de tous - International Solidarity Movement - ISM-France","robots":{"index":"index","follow":"follow","max-snippet":"max-snippet:-1","max-image-preview":"max-image-preview:large","max-video-preview":"max-video-preview:-1"},"canonical":"https:\/\/ismfrance.org\/index.php\/2025\/10\/25\/temoignages-de-gazaouis-la-survie-qui-sorganise-au-jour-le-jour-dans-lenfer-de-gaza-partie-557-24-10-gaza-telle-que-je-la-vois-eveillee-pour-garder-la-d\/","og_locale":"fr_FR","og_type":"article","og_title":"T\u00e9moignages de Gazaouis : La survie qui s\u2019organise au jour le jour dans l\u2019enfer de Gaza \u2013 partie 557 \/ 24.10 \u2013\u00a0Gaza telle que je la vois, \u00e9veill\u00e9e pour garder la dignit\u00e9 de tous - International Solidarity Movement - ISM-France","og_description":"Brigitte Challande, 25 octobre 2025.- Un texte d\u2019Abu Amir le 24 Octobre : sobre, percutant. \u00ab\u00a0\u00c0 Gaza, la tristesse se l\u00e8ve avant le soleil. Les yeux s\u2019ouvrent sur des sons Lire la suite &rarr;","og_url":"https:\/\/ismfrance.org\/index.php\/2025\/10\/25\/temoignages-de-gazaouis-la-survie-qui-sorganise-au-jour-le-jour-dans-lenfer-de-gaza-partie-557-24-10-gaza-telle-que-je-la-vois-eveillee-pour-garder-la-d\/","og_site_name":"International Solidarity Movement - ISM-France","article_published_time":"2025-10-25T09:01:18+00:00","og_image":[{"width":1320,"height":1259,"url":"https:\/\/ismfrance.org\/wp-content\/uploads\/2025\/10\/G35zgfrXgAAgP2R.jpeg","type":"image\/jpeg"}],"author":"mru_01","twitter_card":"summary_large_image","twitter_creator":"@ISMFRANCE","twitter_site":"@ISMFRANCE","twitter_misc":{"\u00c9crit par":"mru_01","Dur\u00e9e de lecture estim\u00e9e":"8 minutes"},"schema":{"@context":"https:\/\/schema.org","@graph":[{"@type":"Article","@id":"https:\/\/ismfrance.org\/index.php\/2025\/10\/25\/temoignages-de-gazaouis-la-survie-qui-sorganise-au-jour-le-jour-dans-lenfer-de-gaza-partie-557-24-10-gaza-telle-que-je-la-vois-eveillee-pour-garder-la-d\/#article","isPartOf":{"@id":"https:\/\/ismfrance.org\/index.php\/2025\/10\/25\/temoignages-de-gazaouis-la-survie-qui-sorganise-au-jour-le-jour-dans-lenfer-de-gaza-partie-557-24-10-gaza-telle-que-je-la-vois-eveillee-pour-garder-la-d\/"},"author":{"name":"mru_01","@id":"https:\/\/ismfrance.org\/#\/schema\/person\/3c411eb72adfaae19c0dca1f41fae01d"},"headline":"T\u00e9moignages de Gazaouis : La survie qui s\u2019organise au jour le jour dans l\u2019enfer de Gaza \u2013 partie 557 \/ 24.10 \u2013\u00a0Gaza telle que je la vois, \u00e9veill\u00e9e pour garder la dignit\u00e9 de tous","datePublished":"2025-10-25T09:01:18+00:00","mainEntityOfPage":{"@id":"https:\/\/ismfrance.org\/index.php\/2025\/10\/25\/temoignages-de-gazaouis-la-survie-qui-sorganise-au-jour-le-jour-dans-lenfer-de-gaza-partie-557-24-10-gaza-telle-que-je-la-vois-eveillee-pour-garder-la-d\/"},"wordCount":1633,"publisher":{"@id":"https:\/\/ismfrance.org\/#organization"},"image":{"@id":"https:\/\/ismfrance.org\/index.php\/2025\/10\/25\/temoignages-de-gazaouis-la-survie-qui-sorganise-au-jour-le-jour-dans-lenfer-de-gaza-partie-557-24-10-gaza-telle-que-je-la-vois-eveillee-pour-garder-la-d\/#primaryimage"},"thumbnailUrl":"https:\/\/ismfrance.org\/wp-content\/uploads\/2025\/10\/G35zgfrXgAAgP2R.jpeg","keywords":["G\u00e9nocide"],"articleSection":["Articles","T\u00e9moignages"],"inLanguage":"fr-FR"},{"@type":"WebPage","@id":"https:\/\/ismfrance.org\/index.php\/2025\/10\/25\/temoignages-de-gazaouis-la-survie-qui-sorganise-au-jour-le-jour-dans-lenfer-de-gaza-partie-557-24-10-gaza-telle-que-je-la-vois-eveillee-pour-garder-la-d\/","url":"https:\/\/ismfrance.org\/index.php\/2025\/10\/25\/temoignages-de-gazaouis-la-survie-qui-sorganise-au-jour-le-jour-dans-lenfer-de-gaza-partie-557-24-10-gaza-telle-que-je-la-vois-eveillee-pour-garder-la-d\/","name":"T\u00e9moignages de Gazaouis : La survie qui s\u2019organise au jour le jour dans l\u2019enfer de Gaza \u2013 partie 557 \/ 24.10 \u2013\u00a0Gaza telle que je la vois, \u00e9veill\u00e9e pour garder la dignit\u00e9 de tous - International Solidarity Movement - ISM-France","isPartOf":{"@id":"https:\/\/ismfrance.org\/#website"},"primaryImageOfPage":{"@id":"https:\/\/ismfrance.org\/index.php\/2025\/10\/25\/temoignages-de-gazaouis-la-survie-qui-sorganise-au-jour-le-jour-dans-lenfer-de-gaza-partie-557-24-10-gaza-telle-que-je-la-vois-eveillee-pour-garder-la-d\/#primaryimage"},"image":{"@id":"https:\/\/ismfrance.org\/index.php\/2025\/10\/25\/temoignages-de-gazaouis-la-survie-qui-sorganise-au-jour-le-jour-dans-lenfer-de-gaza-partie-557-24-10-gaza-telle-que-je-la-vois-eveillee-pour-garder-la-d\/#primaryimage"},"thumbnailUrl":"https:\/\/ismfrance.org\/wp-content\/uploads\/2025\/10\/G35zgfrXgAAgP2R.jpeg","datePublished":"2025-10-25T09:01:18+00:00","breadcrumb":{"@id":"https:\/\/ismfrance.org\/index.php\/2025\/10\/25\/temoignages-de-gazaouis-la-survie-qui-sorganise-au-jour-le-jour-dans-lenfer-de-gaza-partie-557-24-10-gaza-telle-que-je-la-vois-eveillee-pour-garder-la-d\/#breadcrumb"},"inLanguage":"fr-FR","potentialAction":[{"@type":"ReadAction","target":["https:\/\/ismfrance.org\/index.php\/2025\/10\/25\/temoignages-de-gazaouis-la-survie-qui-sorganise-au-jour-le-jour-dans-lenfer-de-gaza-partie-557-24-10-gaza-telle-que-je-la-vois-eveillee-pour-garder-la-d\/"]}]},{"@type":"ImageObject","inLanguage":"fr-FR","@id":"https:\/\/ismfrance.org\/index.php\/2025\/10\/25\/temoignages-de-gazaouis-la-survie-qui-sorganise-au-jour-le-jour-dans-lenfer-de-gaza-partie-557-24-10-gaza-telle-que-je-la-vois-eveillee-pour-garder-la-d\/#primaryimage","url":"https:\/\/ismfrance.org\/wp-content\/uploads\/2025\/10\/G35zgfrXgAAgP2R.jpeg","contentUrl":"https:\/\/ismfrance.org\/wp-content\/uploads\/2025\/10\/G35zgfrXgAAgP2R.jpeg","width":1320,"height":1259,"caption":"Une fosse commune contenant les corps de 54 Palestiniens non identifi\u00e9s a \u00e9t\u00e9 d\u00e9couverte \u00e0 Deir al-Balah, dans le centre de la bande de Gaza, apr\u00e8s que l'occupation a remis les corps \u00e0 Isra\u00ebl dans le cadre d'un accord d'\u00e9change."},{"@type":"BreadcrumbList","@id":"https:\/\/ismfrance.org\/index.php\/2025\/10\/25\/temoignages-de-gazaouis-la-survie-qui-sorganise-au-jour-le-jour-dans-lenfer-de-gaza-partie-557-24-10-gaza-telle-que-je-la-vois-eveillee-pour-garder-la-d\/#breadcrumb","itemListElement":[{"@type":"ListItem","position":1,"name":"Accueil","item":"https:\/\/ismfrance.org\/"},{"@type":"ListItem","position":2,"name":"T\u00e9moignages de Gazaouis : La survie qui s\u2019organise au jour le jour dans l\u2019enfer de Gaza \u2013 partie 557 \/ 24.10 \u2013\u00a0Gaza telle que je la vois, \u00e9veill\u00e9e pour garder la dignit\u00e9 de tous"}]},{"@type":"WebSite","@id":"https:\/\/ismfrance.org\/#website","url":"https:\/\/ismfrance.org\/","name":"ISM Palestine France","description":"Soutien aux luttes de lib\u00e9ration du peuple palestinien","publisher":{"@id":"https:\/\/ismfrance.org\/#organization"},"potentialAction":[{"@type":"SearchAction","target":{"@type":"EntryPoint","urlTemplate":"https:\/\/ismfrance.org\/?s={search_term_string}"},"query-input":{"@type":"PropertyValueSpecification","valueRequired":true,"valueName":"search_term_string"}}],"inLanguage":"fr-FR"},{"@type":"Organization","@id":"https:\/\/ismfrance.org\/#organization","name":"International Solidarity Movement","url":"https:\/\/ismfrance.org\/","logo":{"@type":"ImageObject","inLanguage":"fr-FR","@id":"https:\/\/ismfrance.org\/#\/schema\/logo\/image\/","url":"https:\/\/ismfrance.org\/wp-content\/uploads\/2020\/12\/00.png","contentUrl":"https:\/\/ismfrance.org\/wp-content\/uploads\/2020\/12\/00.png","width":400,"height":400,"caption":"International Solidarity Movement"},"image":{"@id":"https:\/\/ismfrance.org\/#\/schema\/logo\/image\/"},"sameAs":["https:\/\/x.com\/ISMFRANCE"]},{"@type":"Person","@id":"https:\/\/ismfrance.org\/#\/schema\/person\/3c411eb72adfaae19c0dca1f41fae01d","name":"mru_01","image":{"@type":"ImageObject","inLanguage":"fr-FR","@id":"https:\/\/secure.gravatar.com\/avatar\/3a0be343b445d2ccc79e87444a294fad2b232e90d2051d0e3cc219e1ecd6a330?s=96&d=mm&r=g","url":"https:\/\/secure.gravatar.com\/avatar\/3a0be343b445d2ccc79e87444a294fad2b232e90d2051d0e3cc219e1ecd6a330?s=96&d=mm&r=g","contentUrl":"https:\/\/secure.gravatar.com\/avatar\/3a0be343b445d2ccc79e87444a294fad2b232e90d2051d0e3cc219e1ecd6a330?s=96&d=mm&r=g","caption":"mru_01"},"url":"https:\/\/ismfrance.org\/index.php\/author\/admin02\/"}]}},"_links":{"self":[{"href":"https:\/\/ismfrance.org\/index.php\/wp-json\/wp\/v2\/posts\/24494","targetHints":{"allow":["GET"]}}],"collection":[{"href":"https:\/\/ismfrance.org\/index.php\/wp-json\/wp\/v2\/posts"}],"about":[{"href":"https:\/\/ismfrance.org\/index.php\/wp-json\/wp\/v2\/types\/post"}],"author":[{"embeddable":true,"href":"https:\/\/ismfrance.org\/index.php\/wp-json\/wp\/v2\/users\/3"}],"replies":[{"embeddable":true,"href":"https:\/\/ismfrance.org\/index.php\/wp-json\/wp\/v2\/comments?post=24494"}],"version-history":[{"count":0,"href":"https:\/\/ismfrance.org\/index.php\/wp-json\/wp\/v2\/posts\/24494\/revisions"}],"wp:featuredmedia":[{"embeddable":true,"href":"https:\/\/ismfrance.org\/index.php\/wp-json\/wp\/v2\/media\/24496"}],"wp:attachment":[{"href":"https:\/\/ismfrance.org\/index.php\/wp-json\/wp\/v2\/media?parent=24494"}],"wp:term":[{"taxonomy":"category","embeddable":true,"href":"https:\/\/ismfrance.org\/index.php\/wp-json\/wp\/v2\/categories?post=24494"},{"taxonomy":"post_tag","embeddable":true,"href":"https:\/\/ismfrance.org\/index.php\/wp-json\/wp\/v2\/tags?post=24494"}],"curies":[{"name":"wp","href":"https:\/\/api.w.org\/{rel}","templated":true}]}}