{"id":24487,"date":"2025-10-25T10:19:04","date_gmt":"2025-10-25T08:19:04","guid":{"rendered":"https:\/\/ismfrance.org\/?p=24487"},"modified":"2025-10-25T10:19:04","modified_gmt":"2025-10-25T08:19:04","slug":"gaza-peut-etre-guerie-mais-pas-par-les-memes-mains-qui-lont-detruite","status":"publish","type":"post","link":"https:\/\/ismfrance.org\/index.php\/2025\/10\/25\/gaza-peut-etre-guerie-mais-pas-par-les-memes-mains-qui-lont-detruite\/","title":{"rendered":"Gaza peut \u00eatre gu\u00e9rie, mais pas par les m\u00eames mains qui l&rsquo;ont d\u00e9truite"},"content":{"rendered":"<p><span style=\"color: #000000;\"><span style=\"font-family: Arial, sans-serif;\"><strong>Samah Jabr, 23 octobre 2025.<\/strong>&#8211; Alors que je m&rsquo;appr\u00eate \u00e0 commencer la formation des m\u00e9decins et des professionnels de la sant\u00e9 mentale de Gaza dans le cadre d&rsquo;une initiative de l&rsquo;Organisation mondiale de la Sant\u00e9 destin\u00e9e \u00e0 combler l&rsquo;\u00e9cart entre les besoins en sant\u00e9 mentale et les ressources disponibles, je ne peux m&#8217;emp\u00eacher de me demander\u00a0: l&rsquo;enclave palestinienne peut-elle \u00eatre gu\u00e9rie\u00a0?<\/span><\/span><\/p>\n<p><a href=\"https:\/\/ismfrance.org\/wp-content\/uploads\/2025\/10\/child.jpeg\"><img loading=\"lazy\" decoding=\"async\" class=\"size-large wp-image-24490 aligncenter\" src=\"https:\/\/ismfrance.org\/wp-content\/uploads\/2025\/10\/child-553x700.jpeg\" alt=\"\" width=\"553\" height=\"700\" srcset=\"https:\/\/ismfrance.org\/wp-content\/uploads\/2025\/10\/child-553x700.jpeg 553w, https:\/\/ismfrance.org\/wp-content\/uploads\/2025\/10\/child-237x300.jpeg 237w, https:\/\/ismfrance.org\/wp-content\/uploads\/2025\/10\/child-768x972.jpeg 768w, https:\/\/ismfrance.org\/wp-content\/uploads\/2025\/10\/child.jpeg 948w\" sizes=\"auto, (max-width: 553px) 100vw, 553px\" \/><\/a><\/p>\n<p><span style=\"color: #000000;\"><span style=\"font-family: Arial, sans-serif;\">Notre objectif est de renforcer le syst\u00e8me m\u00e9dical d\u00e9vast\u00e9 de Gaza en int\u00e9grant la sant\u00e9 mentale aux soins primaires et en donnant aux non-sp\u00e9cialistes les moyens de reconna\u00eetre et de r\u00e9pondre \u00e0 la d\u00e9tresse psychologique.<\/span><\/span><\/p>\n<p><span style=\"color: #000000;\"><span style=\"font-family: Arial, sans-serif;\">Un cessez-le-feu a \u00e9t\u00e9 impos\u00e9 apr\u00e8s deux ans de g\u00e9nocide isra\u00e9lien. Gaza reste une terre \u00e0 bout de souffle, son horizon bris\u00e9, son sol cribl\u00e9 de chagrin.<\/span><\/span><\/p>\n<p><span style=\"color: #000000;\"><span style=\"font-family: Arial, sans-serif;\">Environ 70 milliards de dollars seraient n\u00e9cessaires pour reconstruire les h\u00f4pitaux, les maisons, les \u00e9coles et autres infrastructures d\u00e9truites par les bombardements r\u00e9p\u00e9t\u00e9s. Mais aucun \u00e9conomiste ne peut mesurer la destruction invisible\u00a0: la d\u00e9sint\u00e9gration psychologique et morale d&rsquo;une soci\u00e9t\u00e9 d\u00e9shumanis\u00e9e et priv\u00e9e d&rsquo;espoir.<\/span><\/span><\/p>\n<p><span style=\"color: #000000;\"><span style=\"font-family: Arial, sans-serif;\">Gaza est-elle gu\u00e9rissable ? La question elle-m\u00eame exige de l\u2019humilit\u00e9. Un psychiatre peut voir un traumatisme\u00a0; un humanitaire peut voir un d\u00e9placement\u00a0; un architecte peut voir des d\u00e9combres. Mais les blessures de Gaza sont tout cela et bien plus encore.<\/span><\/span><\/p>\n<p><span style=\"color: #000000;\"><span style=\"font-family: Arial, sans-serif;\">Gaza-ville est devenue une plaie unique et massive. Sa gu\u00e9rison ne peut se limiter au secteur de la sant\u00e9, ni se faire par des \u00ab\u00a0plans de r\u00e9tablissement\u00a0\u00bb st\u00e9riles ou des \u00ab\u00a0interventions psychosociales\u00a0\u00bb.<\/span><\/span><\/p>\n<p><span style=\"color: #000000;\"><span style=\"font-family: Arial, sans-serif;\">Ce dont Gaza a besoin, c\u2019est d\u2019un processus de gu\u00e9rison \u00e0 la fois mat\u00e9riel et moral \u2013 un processus qui exige une r\u00e9organisation radicale des consciences, et pas seulement des contrats de reconstruction.<\/span><\/span><\/p>\n<p><strong><span style=\"color: #000000;\"><span style=\"font-family: Arial, sans-serif;\"><span style=\"font-size: large;\">Pertes profondes<\/span><\/span><\/span><\/strong><\/p>\n<p><span style=\"color: #000000;\"><span style=\"font-family: Arial, sans-serif;\">Environ 90 % du parc immobilier de Gaza a \u00e9t\u00e9 endommag\u00e9 ou d\u00e9truit. H\u00f4pitaux et cliniques ont \u00e9t\u00e9 d\u00e9lib\u00e9r\u00e9ment pris pour cible. Routes, r\u00e9seaux d&rsquo;eau, universit\u00e9s, archives, mosqu\u00e9es et cimeti\u00e8res ont \u00e9t\u00e9 ras\u00e9s.<\/span><\/span><\/p>\n<p><span style=\"color: #000000;\"><span style=\"font-family: Arial, sans-serif;\">Mais ces chiffres ne peuvent rendre compte des pertes les plus profondes\u00a0: les visages des enfants disparus des salles de classe, les mains qui ont construit et qui tremblent aujourd&rsquo;hui, les m\u00e8res terrifi\u00e9es \u00e0 l&rsquo;id\u00e9e d&rsquo;apporter une nouvelle vie \u00e0 un monde qui tue ses enfants.<\/span><\/span><\/p>\n<p><span style=\"color: #000000;\"><span style=\"font-family: Arial, sans-serif;\">La v\u00e9ritable d\u00e9vastation r\u00e9side dans l&rsquo;\u00e9rosion de la confiance, la rouille de la dignit\u00e9 et la banalisation de l&rsquo;insupportable. Qu&rsquo;est-ce qui peut aider une m\u00e8re de Rafah qui pr\u00e9pare chaque jour un repas pour son enfant assassin\u00e9\u00a0?<\/span><\/span><\/p>\n<p><span style=\"color: #000000;\"><span style=\"font-family: Arial, sans-serif;\">M\u00eame apr\u00e8s le cessez-le-feu, chaque jour, le si\u00e8ge, les privations et l&rsquo;humiliation renouv\u00e8lent les blessures et les traumatismes psychologiques de Gaza. Parler de \u00ab\u00a0soutien psychologique\u00a0\u00bb sans tenir compte de la justice revient \u00e0 traiter les sympt\u00f4mes tout en ignorant la cause.<\/span><\/span><\/p>\n<p><a href=\"https:\/\/ismfrance.org\/wp-content\/uploads\/2025\/10\/children-victory.jpeg\"><img loading=\"lazy\" decoding=\"async\" class=\"size-large wp-image-24492 aligncenter\" src=\"https:\/\/ismfrance.org\/wp-content\/uploads\/2025\/10\/children-victory-560x700.jpeg\" alt=\"\" width=\"560\" height=\"700\" srcset=\"https:\/\/ismfrance.org\/wp-content\/uploads\/2025\/10\/children-victory-560x700.jpeg 560w, https:\/\/ismfrance.org\/wp-content\/uploads\/2025\/10\/children-victory-240x300.jpeg 240w, https:\/\/ismfrance.org\/wp-content\/uploads\/2025\/10\/children-victory.jpeg 720w\" sizes=\"auto, (max-width: 560px) 100vw, 560px\" \/><\/a><span style=\"color: #000000;\"><span style=\"font-family: Arial, sans-serif;\">\u00c0 Gaza, la th\u00e9rapie commence par la v\u00e9rit\u00e9. Lorsque l&rsquo;humanitaire est d\u00e9pouill\u00e9 de tout engagement moral, il devient un autre m\u00e9canisme de domination\u00a0; une sorte d&rsquo;anesth\u00e9sie qui att\u00e9nue la conscience au lieu de traiter la maladie. L&rsquo;exemple grotesque de la pr\u00e9tendue Fondation humanitaire de Gaza, qui app\u00e2te les affam\u00e9s avec de l&rsquo;aide alimentaire pour ensuite les pi\u00e9ger, illustre cette perversion.<\/span><\/span><\/p>\n<p><span style=\"color: #000000;\"><span style=\"font-family: Arial, sans-serif;\">Sous couvert d&rsquo;assistance, la faim a \u00e9t\u00e9 instrumentalis\u00e9e, l&rsquo;\u00ab\u00a0aide\u00a0\u00bb devenant un app\u00e2t. De tels actes r\u00e9v\u00e8lent l&rsquo;effondrement moral d&rsquo;un ordre international qui a transform\u00e9 l&rsquo;aide humanitaire en un nouveau th\u00e9\u00e2tre de cruaut\u00e9.<\/span><\/span><\/p>\n<p><span style=\"color: #000000;\"><span style=\"font-family: Arial, sans-serif;\">D\u00e9tach\u00e9 de toute \u00e9thique, le travail humanitaire risque de reproduire la m\u00eame logique coloniale qui a d\u00e9vast\u00e9 Gaza pendant des d\u00e9cennies, d\u00e9terminant qui m\u00e9rite la vie et qui est sacrifiable. L&rsquo;aide devient un outil de contr\u00f4le, conditionnant la survie \u00e0 la soumission. C&rsquo;est une colonisation par la charit\u00e9.<\/span><\/span><\/p>\n<p><span style=\"color: #000000;\"><span style=\"font-family: Arial, sans-serif;\">Aider Gaza signifie \u00eatre attentif aux traumatismes \u2013 et <strong>cela ne signifie pas adopter des cadres apolitiques import\u00e9s de la psychologie occidentale<\/strong>. Le traumatisme \u00e0 Gaza n&rsquo;est pas le r\u00e9sultat d&rsquo;un accident ou d&rsquo;une catastrophe naturelle\u00a0; il est le r\u00e9sultat d&rsquo;une violence politique d\u00e9lib\u00e9r\u00e9e et syst\u00e9matique, ex\u00e9cut\u00e9e en toute impunit\u00e9 et cautionn\u00e9e par le silence mondial. Dans ce contexte, prendre en compte les traumatismes revient \u00e0 nommer et \u00e0 prendre position envers la partie qui les a inflig\u00e9s, tout en rejetant la fausse sym\u00e9trie entre victime et agresseur. Il ne peut y avoir de gu\u00e9rison dans la complicit\u00e9, la confusion et le d\u00e9ni. Sans s&rsquo;attaquer \u00e0 la source du pr\u00e9judice, l&rsquo;humanitarisme devient une nouvelle forme de manipulation psychologique.<\/span><\/span><\/p>\n<p><span style=\"color: #000000;\"><span style=\"font-family: Arial, sans-serif;\">Une v\u00e9ritable prise en charge tenant compte des traumatismes doit honorer l&rsquo;action et la r\u00e9sistance de Gaza. Elle doit reconna\u00eetre la pers\u00e9v\u00e9rance des familles, les classes clandestines et l&rsquo;art qui \u00e9merge des ruines \u2013 non pas comme une \u00ab\u00a0r\u00e9silience\u00a0\u00bb sentimentale, mais comme des actes de survie exigeant conscience politique et solidarit\u00e9.<\/span><\/span><\/p>\n<p><strong><span style=\"color: #000000;\"><span style=\"font-family: Arial, sans-serif;\"><span style=\"font-size: large;\">Th\u00e9rapie de routine<\/span><\/span><\/span><\/strong><\/p>\n<p><span style=\"color: #000000;\"><span style=\"font-family: Arial, sans-serif;\">M\u00eame si l&rsquo;on cherche \u00e0 \u00e9tablir les responsabilit\u00e9s, la population de Gaza ne peut attendre. Elle a besoin d&rsquo;une aide imm\u00e9diate, non pas par charit\u00e9, mais comme un droit.<\/span><\/span><\/p>\n<p><span style=\"color: #000000;\"><span style=\"font-family: Arial, sans-serif;\">Nourriture, eau potable, abris et soins m\u00e9dicaux sont les premiers secours d&rsquo;urgence pour une population accabl\u00e9e de famine. Pourtant, l&rsquo;aide doit aller de pair avec le r\u00e9tablissement des rythmes de vie habituels\u00a0: r\u00e9ouverture des \u00e9coles, regroupement familial et remise en service des centres de sant\u00e9.<\/span><\/span><\/p>\n<p><span style=\"color: #000000;\"><span style=\"font-family: Arial, sans-serif;\">R\u00e9tablir une routine est un acte th\u00e9rapeutique. Pour un enfant qui n&rsquo;a connu que la guerre, r\u00e9\u00e9crire son nom sur le papier est le d\u00e9but de la gu\u00e9rison. Pour les parents, trouver un espace s\u00fbr pour nourrir et esp\u00e9rer est le renouveau de l&rsquo;humanit\u00e9 elle-m\u00eame.<\/span><\/span><\/p>\n<p><span style=\"color: #000000;\"><span style=\"font-family: Arial, sans-serif;\">Pourtant, rien de tout cela ne peut perdurer sans justice. Reconstruire sans rendre des comptes, c&rsquo;est panser une blessure qui est encore vive. Les \u00ab\u00a0reconstructions\u00a0\u00bb d&rsquo;apr\u00e8s-guerre en Irak et en Afghanistan nous ont montr\u00e9 que lorsque la reconstruction est confi\u00e9e \u00e0 ceux qui profitent de la destruction, la domination persiste sous un autre nom.<\/span><\/span><\/p>\n<p><span style=\"color: #000000;\"><span style=\"font-family: Arial, sans-serif;\">Gaza ne doit pas devenir un autre laboratoire de reconstruction n\u00e9olib\u00e9rale, o\u00f9 les m\u00eames puissances qui l&rsquo;ont d\u00e9truite dicteraient les conditions de sa renaissance.<\/span><\/span><\/p>\n<p><span style=\"color: #000000;\"><span style=\"font-family: Arial, sans-serif;\">L&rsquo;histoire offre un pr\u00e9c\u00e9dent troublant. Apr\u00e8s la Seconde Guerre mondiale, le monde a organis\u00e9 les proc\u00e8s de Nuremberg non seulement pour punir, mais aussi pour gu\u00e9rir\u00a0; non seulement pour juger les responsables, mais aussi pour r\u00e9affirmer les limites de la conscience humaine.<\/span><\/span><\/p>\n<p><span style=\"color: #000000;\"><span style=\"font-family: Arial, sans-serif;\">Nuremberg n&rsquo;\u00e9tait pas seulement un tribunal juridique. C&rsquo;\u00e9tait un processus moral\u00a0; la reconnaissance du pouvoir th\u00e9rapeutique de la justice. Si Nuremberg symbolisait le r\u00e9veil moral d&rsquo;un monde horrifi\u00e9 par les atrocit\u00e9s, les proc\u00e9dures devant la Cour internationale de justice sur Gaza ont contribu\u00e9 \u00e0 clarifier si cet engagement moral \u00e9tait authentique \u2013 ou simplement r\u00e9serv\u00e9 \u00e0 certaines victimes.<\/span><\/span><\/p>\n<p><strong><span style=\"color: #000000;\"><span style=\"font-family: Arial, sans-serif;\"><span style=\"font-size: large;\">Silence des t\u00e9moins<\/span><\/span><\/span><\/strong><\/p>\n<p><span style=\"color: #000000;\"><span style=\"font-family: Arial, sans-serif;\">Gaza conna\u00eetra-t-elle son Nuremberg\u00a0? Y aura-t-il un tribunal o\u00f9 la v\u00e9rit\u00e9 sera dite, les responsabilit\u00e9s seront \u00e9tablies et la dignit\u00e9 des morts restaur\u00e9e, permettant aux survivants de respirer \u00e0 nouveau\u00a0?<\/span><\/span><\/p>\n<p><span style=\"color: #000000;\"><span style=\"font-family: Arial, sans-serif;\">En attendant ce jugement, tout plan de reconstruction et tout discours de condol\u00e9ances demeurent incomplets. La gu\u00e9rison commence par la v\u00e9rit\u00e9\u00a0; elle m\u00fbrit gr\u00e2ce \u00e0 la justice et culmine dans la solidarit\u00e9. Sans cette s\u00e9quence, l\u2019\u00ab\u00a0aide\u00a0\u00bb mondiale risque de devenir un nouvel instrument de d\u00e9ni.<\/span><\/span><\/p>\n<p><span style=\"color: #000000;\"><span style=\"font-family: Arial, sans-serif;\">Apr\u00e8s la Seconde Guerre mondiale, l\u2019Europe a \u00e9t\u00e9 reconstruite gr\u00e2ce au plan Marshall, car ses peuples \u00e9taient consid\u00e9r\u00e9s comme \u00ab\u00a0civilis\u00e9s\u00a0\u00bb. Mais lorsque l\u2019Afrique, l\u2019Asie et l\u2019Am\u00e9rique latine ont cherch\u00e9 un soutien similaire, elles ont \u00e9t\u00e9 soumises \u00e0 l\u2019aust\u00e9rit\u00e9 et aux ajustements structurels du Fonds mon\u00e9taire international \u2013 des outils \u00e9conomiques du colonialisme moderne.<\/span><\/span><\/p>\n<p><span style=\"color: #000000;\"><span style=\"font-family: Arial, sans-serif;\">Gaza est aujourd\u2019hui confront\u00e9e au m\u00eame risque\u00a0: \u00eatre g\u00e9r\u00e9e, non lib\u00e9r\u00e9e\u00a0; reconstruite, mais toujours captive. Le monde a jur\u00e9 \u00ab plus jamais \u00e7a \u00bb apr\u00e8s l\u2019Holocauste et a r\u00e9it\u00e9r\u00e9 cet engagement apr\u00e8s le Rwanda et Srebrenica. Mais le m\u00eame syst\u00e8me mondial qui a construit ces m\u00e9moriaux perp\u00e9tue aujourd\u2019hui l\u2019an\u00e9antissement de Gaza retransmis en direct. Le silence des t\u00e9moins fait d\u00e9sormais partie du crime.<\/span><\/span><\/p>\n<p><span style=\"color: #000000;\"><span style=\"font-family: Arial, sans-serif;\">Gu\u00e9rir Gaza, c\u2019est gu\u00e9rir la conscience du monde. Chaque bombe tomb\u00e9e sur Gaza a \u00e9galement constitu\u00e9 une atteinte au droit international et \u00e0 notre moralit\u00e9 collective. Traiter Gaza n\u2019est pas l\u2019affaire des seuls m\u00e9decins\u00a0; cela n\u00e9cessite des \u00e9ducateurs, des architectes, des artistes, des ing\u00e9nieurs et, surtout, l\u2019opinion publique mondiale. Chacun a un r\u00f4le \u00e0 jouer pour d\u00e9noncer l\u2019impunit\u00e9 et r\u00e9parer le tissu d\u00e9chir\u00e9 de la solidarit\u00e9 humaine.<\/span><\/span><\/p>\n<p><span style=\"color: #000000;\"><span style=\"font-family: Arial, sans-serif;\">Tout comme la reconstruction de l\u2019Allemagne d\u2019apr\u00e8s-guerre \u00e9tait indissociable de la m\u00e9moire et de la justice, le rel\u00e8vement de Gaza doit \u00eatre \u00e9troitement li\u00e9 \u00e0 la v\u00e9rit\u00e9 et \u00e0 la r\u00e9paration morale. Les Palestiniens ont besoin d\u2019une solidarit\u00e9 \u00e9clair\u00e9e, courageuse et fond\u00e9e sur l\u2019\u00e9thique. Ils demandent au monde de rejeter le langage de la neutralit\u00e9, de parler clairement du g\u00e9nocide et du colonialisme de peuplement, et de d\u00e9manteler les syst\u00e8mes qui les favorisent.<\/span><\/span><\/p>\n<p><span style=\"color: #000000;\"><span style=\"font-family: Arial, sans-serif;\">Gaza peut \u00eatre gu\u00e9rie, mais pas par les m\u00eames mains qui l&rsquo;ont bless\u00e9e. Gaza ne peut \u00eatre gu\u00e9rie que par ceux qui s&rsquo;engagent non seulement avec sa souffrance, mais avec sa v\u00e9rit\u00e9.<\/span><\/span><\/p>\n<p><span style=\"color: #000000;\"><span style=\"font-family: Arial, sans-serif;\">Le traitement exige la restauration de l&rsquo;humanit\u00e9 elle-m\u00eame \u2013 une prise de conscience mondiale qui reconnaisse qu&rsquo;aucune aide ne peut remplacer la responsabilit\u00e9. Au milieu des ruines de Gaza, la question n&rsquo;est pas de savoir si le territoire palestinien peut se relever ; elle est de savoir si le monde peut recouvrer la vue morale.<\/span><\/span><\/p>\n<pre><em><strong><span style=\"color: #000000;\"><span style=\"font-family: Arial, sans-serif;\"><span style=\"font-size: small;\">Article original en anglais sur <a href=\"https:\/\/www.middleeasteye.net\/opinion\/heal-gaza-we-must-mend-our-global-conscience\">Middle East Eye<\/a> \/ Traduction MR<\/span><\/span><\/span><\/strong><\/em><\/pre>\n<p><span style=\"color: #000000;\"><span style=\"font-family: Arial, sans-serif;\">Le Dr Samah Jabr est psychiatre et responsable de l&rsquo;unit\u00e9 de sant\u00e9 mentale au minist\u00e8re palestinien de la Sant\u00e9.<\/span><\/span><\/p>\n","protected":false},"excerpt":{"rendered":"<p>Samah Jabr, 23 octobre 2025.&#8211; Alors que je m&rsquo;appr\u00eate \u00e0 commencer la formation des m\u00e9decins et des professionnels de la sant\u00e9 mentale de Gaza dans le cadre d&rsquo;une initiative de <a class=\"more-link\" href=\"https:\/\/ismfrance.org\/index.php\/2025\/10\/25\/gaza-peut-etre-guerie-mais-pas-par-les-memes-mains-qui-lont-detruite\/\">Lire la suite &rarr;<\/a><\/p>\n","protected":false},"author":3,"featured_media":24490,"comment_status":"closed","ping_status":"closed","sticky":false,"template":"","format":"standard","meta":{"footnotes":""},"categories":[12,2],"tags":[207],"class_list":["post-24487","post","type-post","status-publish","format-standard","has-post-thumbnail","hentry","category-analyses","category-articles","tag-sante-mentale"],"yoast_head":"<!-- This site is optimized with the Yoast SEO plugin v27.2 - https:\/\/yoast.com\/product\/yoast-seo-wordpress\/ -->\n<title>Gaza peut \u00eatre gu\u00e9rie, mais pas par les m\u00eames mains qui l&#039;ont d\u00e9truite - International Solidarity Movement - ISM-France<\/title>\n<meta name=\"robots\" content=\"index, follow, max-snippet:-1, max-image-preview:large, max-video-preview:-1\" \/>\n<link rel=\"canonical\" href=\"https:\/\/ismfrance.org\/index.php\/2025\/10\/25\/gaza-peut-etre-guerie-mais-pas-par-les-memes-mains-qui-lont-detruite\/\" \/>\n<meta property=\"og:locale\" content=\"fr_FR\" \/>\n<meta property=\"og:type\" content=\"article\" \/>\n<meta property=\"og:title\" content=\"Gaza peut \u00eatre gu\u00e9rie, mais pas par les m\u00eames mains qui l&#039;ont d\u00e9truite - International Solidarity Movement - ISM-France\" \/>\n<meta property=\"og:description\" content=\"Samah Jabr, 23 octobre 2025.&#8211; Alors que je m&rsquo;appr\u00eate \u00e0 commencer la formation des m\u00e9decins et des professionnels de la sant\u00e9 mentale de Gaza dans le cadre d&rsquo;une initiative de Lire la suite &rarr;\" \/>\n<meta property=\"og:url\" content=\"https:\/\/ismfrance.org\/index.php\/2025\/10\/25\/gaza-peut-etre-guerie-mais-pas-par-les-memes-mains-qui-lont-detruite\/\" \/>\n<meta property=\"og:site_name\" content=\"International Solidarity Movement - ISM-France\" \/>\n<meta property=\"article:published_time\" content=\"2025-10-25T08:19:04+00:00\" \/>\n<meta property=\"og:image\" content=\"https:\/\/ismfrance.org\/wp-content\/uploads\/2025\/10\/child.jpeg\" \/>\n\t<meta property=\"og:image:width\" content=\"948\" \/>\n\t<meta property=\"og:image:height\" content=\"1200\" \/>\n\t<meta property=\"og:image:type\" content=\"image\/jpeg\" \/>\n<meta name=\"author\" content=\"mru_01\" \/>\n<meta name=\"twitter:card\" content=\"summary_large_image\" \/>\n<meta name=\"twitter:creator\" content=\"@ISMFRANCE\" \/>\n<meta name=\"twitter:site\" content=\"@ISMFRANCE\" \/>\n<meta name=\"twitter:label1\" content=\"\u00c9crit par\" \/>\n\t<meta name=\"twitter:data1\" content=\"mru_01\" \/>\n\t<meta name=\"twitter:label2\" content=\"Dur\u00e9e de lecture estim\u00e9e\" \/>\n\t<meta name=\"twitter:data2\" content=\"9 minutes\" \/>\n<script type=\"application\/ld+json\" class=\"yoast-schema-graph\">{\"@context\":\"https:\/\/schema.org\",\"@graph\":[{\"@type\":\"Article\",\"@id\":\"https:\/\/ismfrance.org\/index.php\/2025\/10\/25\/gaza-peut-etre-guerie-mais-pas-par-les-memes-mains-qui-lont-detruite\/#article\",\"isPartOf\":{\"@id\":\"https:\/\/ismfrance.org\/index.php\/2025\/10\/25\/gaza-peut-etre-guerie-mais-pas-par-les-memes-mains-qui-lont-detruite\/\"},\"author\":{\"name\":\"mru_01\",\"@id\":\"https:\/\/ismfrance.org\/#\/schema\/person\/3c411eb72adfaae19c0dca1f41fae01d\"},\"headline\":\"Gaza peut \u00eatre gu\u00e9rie, mais pas par les m\u00eames mains qui l&rsquo;ont d\u00e9truite\",\"datePublished\":\"2025-10-25T08:19:04+00:00\",\"mainEntityOfPage\":{\"@id\":\"https:\/\/ismfrance.org\/index.php\/2025\/10\/25\/gaza-peut-etre-guerie-mais-pas-par-les-memes-mains-qui-lont-detruite\/\"},\"wordCount\":1734,\"publisher\":{\"@id\":\"https:\/\/ismfrance.org\/#organization\"},\"image\":{\"@id\":\"https:\/\/ismfrance.org\/index.php\/2025\/10\/25\/gaza-peut-etre-guerie-mais-pas-par-les-memes-mains-qui-lont-detruite\/#primaryimage\"},\"thumbnailUrl\":\"https:\/\/ismfrance.org\/wp-content\/uploads\/2025\/10\/child.jpeg\",\"keywords\":[\"Sant\u00e9 mentale\"],\"articleSection\":[\"Analyses\",\"Articles\"],\"inLanguage\":\"fr-FR\"},{\"@type\":\"WebPage\",\"@id\":\"https:\/\/ismfrance.org\/index.php\/2025\/10\/25\/gaza-peut-etre-guerie-mais-pas-par-les-memes-mains-qui-lont-detruite\/\",\"url\":\"https:\/\/ismfrance.org\/index.php\/2025\/10\/25\/gaza-peut-etre-guerie-mais-pas-par-les-memes-mains-qui-lont-detruite\/\",\"name\":\"Gaza peut \u00eatre gu\u00e9rie, mais pas par les m\u00eames mains qui l'ont d\u00e9truite - International Solidarity Movement - ISM-France\",\"isPartOf\":{\"@id\":\"https:\/\/ismfrance.org\/#website\"},\"primaryImageOfPage\":{\"@id\":\"https:\/\/ismfrance.org\/index.php\/2025\/10\/25\/gaza-peut-etre-guerie-mais-pas-par-les-memes-mains-qui-lont-detruite\/#primaryimage\"},\"image\":{\"@id\":\"https:\/\/ismfrance.org\/index.php\/2025\/10\/25\/gaza-peut-etre-guerie-mais-pas-par-les-memes-mains-qui-lont-detruite\/#primaryimage\"},\"thumbnailUrl\":\"https:\/\/ismfrance.org\/wp-content\/uploads\/2025\/10\/child.jpeg\",\"datePublished\":\"2025-10-25T08:19:04+00:00\",\"breadcrumb\":{\"@id\":\"https:\/\/ismfrance.org\/index.php\/2025\/10\/25\/gaza-peut-etre-guerie-mais-pas-par-les-memes-mains-qui-lont-detruite\/#breadcrumb\"},\"inLanguage\":\"fr-FR\",\"potentialAction\":[{\"@type\":\"ReadAction\",\"target\":[\"https:\/\/ismfrance.org\/index.php\/2025\/10\/25\/gaza-peut-etre-guerie-mais-pas-par-les-memes-mains-qui-lont-detruite\/\"]}]},{\"@type\":\"ImageObject\",\"inLanguage\":\"fr-FR\",\"@id\":\"https:\/\/ismfrance.org\/index.php\/2025\/10\/25\/gaza-peut-etre-guerie-mais-pas-par-les-memes-mains-qui-lont-detruite\/#primaryimage\",\"url\":\"https:\/\/ismfrance.org\/wp-content\/uploads\/2025\/10\/child.jpeg\",\"contentUrl\":\"https:\/\/ismfrance.org\/wp-content\/uploads\/2025\/10\/child.jpeg\",\"width\":948,\"height\":1200},{\"@type\":\"BreadcrumbList\",\"@id\":\"https:\/\/ismfrance.org\/index.php\/2025\/10\/25\/gaza-peut-etre-guerie-mais-pas-par-les-memes-mains-qui-lont-detruite\/#breadcrumb\",\"itemListElement\":[{\"@type\":\"ListItem\",\"position\":1,\"name\":\"Accueil\",\"item\":\"https:\/\/ismfrance.org\/\"},{\"@type\":\"ListItem\",\"position\":2,\"name\":\"Gaza peut \u00eatre gu\u00e9rie, mais pas par les m\u00eames mains qui l&rsquo;ont d\u00e9truite\"}]},{\"@type\":\"WebSite\",\"@id\":\"https:\/\/ismfrance.org\/#website\",\"url\":\"https:\/\/ismfrance.org\/\",\"name\":\"ISM Palestine France\",\"description\":\"Soutien aux luttes de lib\u00e9ration du peuple palestinien\",\"publisher\":{\"@id\":\"https:\/\/ismfrance.org\/#organization\"},\"potentialAction\":[{\"@type\":\"SearchAction\",\"target\":{\"@type\":\"EntryPoint\",\"urlTemplate\":\"https:\/\/ismfrance.org\/?s={search_term_string}\"},\"query-input\":{\"@type\":\"PropertyValueSpecification\",\"valueRequired\":true,\"valueName\":\"search_term_string\"}}],\"inLanguage\":\"fr-FR\"},{\"@type\":\"Organization\",\"@id\":\"https:\/\/ismfrance.org\/#organization\",\"name\":\"International Solidarity Movement\",\"url\":\"https:\/\/ismfrance.org\/\",\"logo\":{\"@type\":\"ImageObject\",\"inLanguage\":\"fr-FR\",\"@id\":\"https:\/\/ismfrance.org\/#\/schema\/logo\/image\/\",\"url\":\"https:\/\/ismfrance.org\/wp-content\/uploads\/2020\/12\/00.png\",\"contentUrl\":\"https:\/\/ismfrance.org\/wp-content\/uploads\/2020\/12\/00.png\",\"width\":400,\"height\":400,\"caption\":\"International Solidarity Movement\"},\"image\":{\"@id\":\"https:\/\/ismfrance.org\/#\/schema\/logo\/image\/\"},\"sameAs\":[\"https:\/\/x.com\/ISMFRANCE\"]},{\"@type\":\"Person\",\"@id\":\"https:\/\/ismfrance.org\/#\/schema\/person\/3c411eb72adfaae19c0dca1f41fae01d\",\"name\":\"mru_01\",\"image\":{\"@type\":\"ImageObject\",\"inLanguage\":\"fr-FR\",\"@id\":\"https:\/\/secure.gravatar.com\/avatar\/3a0be343b445d2ccc79e87444a294fad2b232e90d2051d0e3cc219e1ecd6a330?s=96&d=mm&r=g\",\"url\":\"https:\/\/secure.gravatar.com\/avatar\/3a0be343b445d2ccc79e87444a294fad2b232e90d2051d0e3cc219e1ecd6a330?s=96&d=mm&r=g\",\"contentUrl\":\"https:\/\/secure.gravatar.com\/avatar\/3a0be343b445d2ccc79e87444a294fad2b232e90d2051d0e3cc219e1ecd6a330?s=96&d=mm&r=g\",\"caption\":\"mru_01\"},\"url\":\"https:\/\/ismfrance.org\/index.php\/author\/admin02\/\"}]}<\/script>\n<!-- \/ Yoast SEO plugin. -->","yoast_head_json":{"title":"Gaza peut \u00eatre gu\u00e9rie, mais pas par les m\u00eames mains qui l'ont d\u00e9truite - International Solidarity Movement - ISM-France","robots":{"index":"index","follow":"follow","max-snippet":"max-snippet:-1","max-image-preview":"max-image-preview:large","max-video-preview":"max-video-preview:-1"},"canonical":"https:\/\/ismfrance.org\/index.php\/2025\/10\/25\/gaza-peut-etre-guerie-mais-pas-par-les-memes-mains-qui-lont-detruite\/","og_locale":"fr_FR","og_type":"article","og_title":"Gaza peut \u00eatre gu\u00e9rie, mais pas par les m\u00eames mains qui l'ont d\u00e9truite - International Solidarity Movement - ISM-France","og_description":"Samah Jabr, 23 octobre 2025.&#8211; Alors que je m&rsquo;appr\u00eate \u00e0 commencer la formation des m\u00e9decins et des professionnels de la sant\u00e9 mentale de Gaza dans le cadre d&rsquo;une initiative de Lire la suite &rarr;","og_url":"https:\/\/ismfrance.org\/index.php\/2025\/10\/25\/gaza-peut-etre-guerie-mais-pas-par-les-memes-mains-qui-lont-detruite\/","og_site_name":"International Solidarity Movement - ISM-France","article_published_time":"2025-10-25T08:19:04+00:00","og_image":[{"width":948,"height":1200,"url":"https:\/\/ismfrance.org\/wp-content\/uploads\/2025\/10\/child.jpeg","type":"image\/jpeg"}],"author":"mru_01","twitter_card":"summary_large_image","twitter_creator":"@ISMFRANCE","twitter_site":"@ISMFRANCE","twitter_misc":{"\u00c9crit par":"mru_01","Dur\u00e9e de lecture estim\u00e9e":"9 minutes"},"schema":{"@context":"https:\/\/schema.org","@graph":[{"@type":"Article","@id":"https:\/\/ismfrance.org\/index.php\/2025\/10\/25\/gaza-peut-etre-guerie-mais-pas-par-les-memes-mains-qui-lont-detruite\/#article","isPartOf":{"@id":"https:\/\/ismfrance.org\/index.php\/2025\/10\/25\/gaza-peut-etre-guerie-mais-pas-par-les-memes-mains-qui-lont-detruite\/"},"author":{"name":"mru_01","@id":"https:\/\/ismfrance.org\/#\/schema\/person\/3c411eb72adfaae19c0dca1f41fae01d"},"headline":"Gaza peut \u00eatre gu\u00e9rie, mais pas par les m\u00eames mains qui l&rsquo;ont d\u00e9truite","datePublished":"2025-10-25T08:19:04+00:00","mainEntityOfPage":{"@id":"https:\/\/ismfrance.org\/index.php\/2025\/10\/25\/gaza-peut-etre-guerie-mais-pas-par-les-memes-mains-qui-lont-detruite\/"},"wordCount":1734,"publisher":{"@id":"https:\/\/ismfrance.org\/#organization"},"image":{"@id":"https:\/\/ismfrance.org\/index.php\/2025\/10\/25\/gaza-peut-etre-guerie-mais-pas-par-les-memes-mains-qui-lont-detruite\/#primaryimage"},"thumbnailUrl":"https:\/\/ismfrance.org\/wp-content\/uploads\/2025\/10\/child.jpeg","keywords":["Sant\u00e9 mentale"],"articleSection":["Analyses","Articles"],"inLanguage":"fr-FR"},{"@type":"WebPage","@id":"https:\/\/ismfrance.org\/index.php\/2025\/10\/25\/gaza-peut-etre-guerie-mais-pas-par-les-memes-mains-qui-lont-detruite\/","url":"https:\/\/ismfrance.org\/index.php\/2025\/10\/25\/gaza-peut-etre-guerie-mais-pas-par-les-memes-mains-qui-lont-detruite\/","name":"Gaza peut \u00eatre gu\u00e9rie, mais pas par les m\u00eames mains qui l'ont d\u00e9truite - International Solidarity Movement - ISM-France","isPartOf":{"@id":"https:\/\/ismfrance.org\/#website"},"primaryImageOfPage":{"@id":"https:\/\/ismfrance.org\/index.php\/2025\/10\/25\/gaza-peut-etre-guerie-mais-pas-par-les-memes-mains-qui-lont-detruite\/#primaryimage"},"image":{"@id":"https:\/\/ismfrance.org\/index.php\/2025\/10\/25\/gaza-peut-etre-guerie-mais-pas-par-les-memes-mains-qui-lont-detruite\/#primaryimage"},"thumbnailUrl":"https:\/\/ismfrance.org\/wp-content\/uploads\/2025\/10\/child.jpeg","datePublished":"2025-10-25T08:19:04+00:00","breadcrumb":{"@id":"https:\/\/ismfrance.org\/index.php\/2025\/10\/25\/gaza-peut-etre-guerie-mais-pas-par-les-memes-mains-qui-lont-detruite\/#breadcrumb"},"inLanguage":"fr-FR","potentialAction":[{"@type":"ReadAction","target":["https:\/\/ismfrance.org\/index.php\/2025\/10\/25\/gaza-peut-etre-guerie-mais-pas-par-les-memes-mains-qui-lont-detruite\/"]}]},{"@type":"ImageObject","inLanguage":"fr-FR","@id":"https:\/\/ismfrance.org\/index.php\/2025\/10\/25\/gaza-peut-etre-guerie-mais-pas-par-les-memes-mains-qui-lont-detruite\/#primaryimage","url":"https:\/\/ismfrance.org\/wp-content\/uploads\/2025\/10\/child.jpeg","contentUrl":"https:\/\/ismfrance.org\/wp-content\/uploads\/2025\/10\/child.jpeg","width":948,"height":1200},{"@type":"BreadcrumbList","@id":"https:\/\/ismfrance.org\/index.php\/2025\/10\/25\/gaza-peut-etre-guerie-mais-pas-par-les-memes-mains-qui-lont-detruite\/#breadcrumb","itemListElement":[{"@type":"ListItem","position":1,"name":"Accueil","item":"https:\/\/ismfrance.org\/"},{"@type":"ListItem","position":2,"name":"Gaza peut \u00eatre gu\u00e9rie, mais pas par les m\u00eames mains qui l&rsquo;ont d\u00e9truite"}]},{"@type":"WebSite","@id":"https:\/\/ismfrance.org\/#website","url":"https:\/\/ismfrance.org\/","name":"ISM Palestine France","description":"Soutien aux luttes de lib\u00e9ration du peuple palestinien","publisher":{"@id":"https:\/\/ismfrance.org\/#organization"},"potentialAction":[{"@type":"SearchAction","target":{"@type":"EntryPoint","urlTemplate":"https:\/\/ismfrance.org\/?s={search_term_string}"},"query-input":{"@type":"PropertyValueSpecification","valueRequired":true,"valueName":"search_term_string"}}],"inLanguage":"fr-FR"},{"@type":"Organization","@id":"https:\/\/ismfrance.org\/#organization","name":"International Solidarity Movement","url":"https:\/\/ismfrance.org\/","logo":{"@type":"ImageObject","inLanguage":"fr-FR","@id":"https:\/\/ismfrance.org\/#\/schema\/logo\/image\/","url":"https:\/\/ismfrance.org\/wp-content\/uploads\/2020\/12\/00.png","contentUrl":"https:\/\/ismfrance.org\/wp-content\/uploads\/2020\/12\/00.png","width":400,"height":400,"caption":"International Solidarity Movement"},"image":{"@id":"https:\/\/ismfrance.org\/#\/schema\/logo\/image\/"},"sameAs":["https:\/\/x.com\/ISMFRANCE"]},{"@type":"Person","@id":"https:\/\/ismfrance.org\/#\/schema\/person\/3c411eb72adfaae19c0dca1f41fae01d","name":"mru_01","image":{"@type":"ImageObject","inLanguage":"fr-FR","@id":"https:\/\/secure.gravatar.com\/avatar\/3a0be343b445d2ccc79e87444a294fad2b232e90d2051d0e3cc219e1ecd6a330?s=96&d=mm&r=g","url":"https:\/\/secure.gravatar.com\/avatar\/3a0be343b445d2ccc79e87444a294fad2b232e90d2051d0e3cc219e1ecd6a330?s=96&d=mm&r=g","contentUrl":"https:\/\/secure.gravatar.com\/avatar\/3a0be343b445d2ccc79e87444a294fad2b232e90d2051d0e3cc219e1ecd6a330?s=96&d=mm&r=g","caption":"mru_01"},"url":"https:\/\/ismfrance.org\/index.php\/author\/admin02\/"}]}},"_links":{"self":[{"href":"https:\/\/ismfrance.org\/index.php\/wp-json\/wp\/v2\/posts\/24487","targetHints":{"allow":["GET"]}}],"collection":[{"href":"https:\/\/ismfrance.org\/index.php\/wp-json\/wp\/v2\/posts"}],"about":[{"href":"https:\/\/ismfrance.org\/index.php\/wp-json\/wp\/v2\/types\/post"}],"author":[{"embeddable":true,"href":"https:\/\/ismfrance.org\/index.php\/wp-json\/wp\/v2\/users\/3"}],"replies":[{"embeddable":true,"href":"https:\/\/ismfrance.org\/index.php\/wp-json\/wp\/v2\/comments?post=24487"}],"version-history":[{"count":0,"href":"https:\/\/ismfrance.org\/index.php\/wp-json\/wp\/v2\/posts\/24487\/revisions"}],"wp:featuredmedia":[{"embeddable":true,"href":"https:\/\/ismfrance.org\/index.php\/wp-json\/wp\/v2\/media\/24490"}],"wp:attachment":[{"href":"https:\/\/ismfrance.org\/index.php\/wp-json\/wp\/v2\/media?parent=24487"}],"wp:term":[{"taxonomy":"category","embeddable":true,"href":"https:\/\/ismfrance.org\/index.php\/wp-json\/wp\/v2\/categories?post=24487"},{"taxonomy":"post_tag","embeddable":true,"href":"https:\/\/ismfrance.org\/index.php\/wp-json\/wp\/v2\/tags?post=24487"}],"curies":[{"name":"wp","href":"https:\/\/api.w.org\/{rel}","templated":true}]}}