{"id":24481,"date":"2025-10-25T09:19:59","date_gmt":"2025-10-25T07:19:59","guid":{"rendered":"https:\/\/ismfrance.org\/?p=24481"},"modified":"2025-10-25T19:37:25","modified_gmt":"2025-10-25T17:37:25","slug":"marseille-contre-le-genocide-et-pour-la-palestine-manifestation-dimanche-26-octobre-14h-porte-daix","status":"publish","type":"post","link":"https:\/\/ismfrance.org\/index.php\/2025\/10\/25\/marseille-contre-le-genocide-et-pour-la-palestine-manifestation-dimanche-26-octobre-14h-porte-daix\/","title":{"rendered":"MARSEILLE CONTRE LE GENOCIDE ET POUR LA PALESTINE, MANIFESTATION DIMANCHE 26 OCTOBRE, 14H PORTE D&rsquo;AIX"},"content":{"rendered":"<p><span style=\"color: #000000;\"><span style=\"font-family: Arial, sans-serif;\"><span style=\"font-size: medium;\"><strong>Chris, 25 octobre 2025.-<\/strong> Seule sa b\u00eatise astronomique est aussi grande que la m\u00e9chancet\u00e9 sadique de l\u2019occupant sioniste. N\u2019importe quel \u00eatre dou\u00e9 de raison (en imaginant qu\u2019il ait pu faire ne serait-ce qu\u2019un dixi\u00e8me des horreurs sans nom du g\u00e9nocide) profiterait de la situation pour tenter de se faire oublier, se faire passer pour humain, arr\u00eater de tuer et laisser passer l\u2019aide humanitaire, par exemple.<\/span><\/span><\/span><\/p>\n<p><a href=\"https:\/\/ismfrance.org\/wp-content\/uploads\/2025\/10\/marseille-26.jpg\"><img loading=\"lazy\" decoding=\"async\" class=\"size-large wp-image-24482 aligncenter\" src=\"https:\/\/ismfrance.org\/wp-content\/uploads\/2025\/10\/marseille-26-560x700.jpg\" alt=\"\" width=\"560\" height=\"700\" srcset=\"https:\/\/ismfrance.org\/wp-content\/uploads\/2025\/10\/marseille-26-560x700.jpg 560w, https:\/\/ismfrance.org\/wp-content\/uploads\/2025\/10\/marseille-26-240x300.jpg 240w, https:\/\/ismfrance.org\/wp-content\/uploads\/2025\/10\/marseille-26-768x960.jpg 768w, https:\/\/ismfrance.org\/wp-content\/uploads\/2025\/10\/marseille-26.jpg 1080w\" sizes=\"auto, (max-width: 560px) 100vw, 560px\" \/><\/a><span style=\"color: #000000;\"><span style=\"font-family: Arial, sans-serif;\"><span style=\"font-size: medium;\">Mais non ! Le sioniste en est incapable. Il ne sait que tuer, torturer, affamer, bombarder, d\u00e9truire et d\u00e9truire encore, tout en d\u00e9ployant une propagande mondiale expliquant qu\u2019il ne fait que se d\u00e9fendre et que celui qui n\u2019est pas d\u2019accord est antis\u00e9mite.<\/span><\/span><\/span><\/p>\n<p><span style=\"color: #000000;\"><span style=\"font-family: Arial, sans-serif;\"><span style=\"font-size: medium;\">\u00c7a ne marche plus et il est d\u00e9test\u00e9 par le monde entier mais il est incapable de changer d\u2019attitude et c\u2019est pour \u00e7a que nous pouvons \u00eatre s\u00fbrs de sa fin proche. M\u00eame si quelqu\u2019un fait tout pour le sauver, il se d\u00e9brouillera pour prouver qu\u2019il est irr\u00e9cup\u00e9rable.<\/span><\/span><\/span><\/p>\n<p><span style=\"color: #000000;\"><span style=\"font-family: Arial, sans-serif;\"><span style=\"font-size: medium;\">La population mondiale ne rel\u00e2che pas la pression sur les gouvernements.<\/span><\/span><\/span><\/p>\n<p><span style=\"color: #000000;\"><span style=\"font-family: Arial, sans-serif;\"><span style=\"font-size: medium;\">A Marseille, nous serons de nouveau dans la rue, dimanche 26 octobre, pour exiger :<\/span><\/span><\/span><\/p>\n<p style=\"text-align: center;\"><span style=\"color: #ff0000;\"><strong><span style=\"font-family: Arial, sans-serif;\"><span style=\"font-size: medium;\">&#8211; <\/span><\/span><span style=\"font-family: Arial, sans-serif;\"><span style=\"font-size: medium;\">Que\u00a0Marseille rompe toute collaboration avec l\u2019\u00e9conomie de guerre isra\u00e9lienne*<\/span><\/span><\/strong><\/span><\/p>\n<p style=\"text-align: center;\"><span style=\"color: #ff0000;\"><strong><span style=\"font-family: Arial, sans-serif;\"><span style=\"font-size: medium;\">&#8211; Que notre gouvernement rompe toute complicit\u00e9 avec l\u2019entit\u00e9 g\u00e9nocidaire<\/span><\/span><\/strong><\/span><\/p>\n<p style=\"text-align: center;\"><span style=\"color: #ff0000;\"><strong><span style=\"font-family: Arial, sans-serif;\"><span style=\"font-size: medium;\">&#8211; Le respect du cessez le feu (les sionistes le violent des dizaines de fois par jour)<\/span><\/span><\/strong><\/span><\/p>\n<p style=\"text-align: center;\"><span style=\"color: #ff0000;\"><strong><span style=\"font-family: Arial, sans-serif;\"><span style=\"font-size: medium;\">&#8211; L\u2019entr\u00e9e libre de l\u2019aide humanitaire (moins de 100 camions sur les 600\/jour pr\u00e9vus)<\/span><\/span><\/strong><\/span><\/p>\n<p style=\"text-align: center;\"><span style=\"color: #ff0000;\"><strong><span style=\"font-family: Arial, sans-serif;\"><span style=\"font-size: medium;\">&#8211; Le retrait de l\u2019arm\u00e9e sioniste<\/span><\/span><\/strong><\/span><\/p>\n<p style=\"text-align: center;\"><span style=\"color: #ff0000;\"><strong><span style=\"font-family: Arial, sans-serif;\"><span style=\"font-size: medium;\">&#8211; La libert\u00e9 pour les plus de 10.000 prisonniers politiques palestiniens<\/span><\/span><\/strong><\/span><\/p>\n<p style=\"text-align: center;\"><span style=\"color: #ff0000;\"><strong><span style=\"font-family: Arial, sans-serif;\"><span style=\"font-size: medium;\">&#8211; L\u2019ouverture des fronti\u00e8res\u00a0<\/span><\/span><\/strong><\/span><\/p>\n<p style=\"text-align: center;\"><span style=\"color: #ff0000;\"><strong><span style=\"font-family: Arial, sans-serif;\"><span style=\"font-size: medium;\">&#8211; La libert\u00e9 pour la Palestine de la mer au Jourdain<\/span><\/span><\/strong><\/span><\/p>\n<p style=\"text-align: center;\"><span style=\"color: #ff0000;\"><strong><span style=\"font-family: Arial, sans-serif;\"><span style=\"font-size: medium;\">&#8211; La fin du sionisme et de tout colonialisme !<\/span><\/span><\/strong><\/span><\/p>\n<p><span style=\"color: #000000;\"><span style=\"font-family: Arial, sans-serif;\"><span style=\"font-size: medium;\">*\u00a0<em>Alors que le r\u00e9gime colonial isra\u00e9lien poursuit son g\u00e9nocide \u00e0 Gaza, le port de Marseille-Fos laisse accoster les navires de la compagnie ZIM, acteur central du commerce isra\u00e9lien et pilier de son \u00e9conomie de guerre.<\/em><\/span><\/span><\/span><\/p>\n","protected":false},"excerpt":{"rendered":"<p>Chris, 25 octobre 2025.- Seule sa b\u00eatise astronomique est aussi grande que la m\u00e9chancet\u00e9 sadique de l\u2019occupant sioniste. N\u2019importe quel \u00eatre dou\u00e9 de raison (en imaginant qu\u2019il ait pu faire <a class=\"more-link\" href=\"https:\/\/ismfrance.org\/index.php\/2025\/10\/25\/marseille-contre-le-genocide-et-pour-la-palestine-manifestation-dimanche-26-octobre-14h-porte-daix\/\">Lire la suite &rarr;<\/a><\/p>\n","protected":false},"author":3,"featured_media":24482,"comment_status":"closed","ping_status":"closed","sticky":false,"template":"","format":"standard","meta":{"footnotes":""},"categories":[2,14],"tags":[44],"class_list":["post-24481","post","type-post","status-publish","format-standard","has-post-thumbnail","hentry","category-articles","category-communiques","tag-materiel-militant"],"yoast_head":"<!-- This site is optimized with the Yoast SEO plugin v27.2 - https:\/\/yoast.com\/product\/yoast-seo-wordpress\/ -->\n<title>MARSEILLE CONTRE LE GENOCIDE ET POUR LA PALESTINE, MANIFESTATION DIMANCHE 26 OCTOBRE, 14H PORTE D&#039;AIX - International Solidarity Movement - ISM-France<\/title>\n<meta name=\"robots\" content=\"index, follow, max-snippet:-1, max-image-preview:large, max-video-preview:-1\" \/>\n<link rel=\"canonical\" href=\"https:\/\/ismfrance.org\/index.php\/2025\/10\/25\/marseille-contre-le-genocide-et-pour-la-palestine-manifestation-dimanche-26-octobre-14h-porte-daix\/\" \/>\n<meta property=\"og:locale\" content=\"fr_FR\" \/>\n<meta property=\"og:type\" content=\"article\" \/>\n<meta property=\"og:title\" content=\"MARSEILLE CONTRE LE GENOCIDE ET POUR LA PALESTINE, MANIFESTATION DIMANCHE 26 OCTOBRE, 14H PORTE D&#039;AIX - International Solidarity Movement - ISM-France\" \/>\n<meta property=\"og:description\" content=\"Chris, 25 octobre 2025.- Seule sa b\u00eatise astronomique est aussi grande que la m\u00e9chancet\u00e9 sadique de l\u2019occupant sioniste. N\u2019importe quel \u00eatre dou\u00e9 de raison (en imaginant qu\u2019il ait pu faire Lire la suite &rarr;\" \/>\n<meta property=\"og:url\" content=\"https:\/\/ismfrance.org\/index.php\/2025\/10\/25\/marseille-contre-le-genocide-et-pour-la-palestine-manifestation-dimanche-26-octobre-14h-porte-daix\/\" \/>\n<meta property=\"og:site_name\" content=\"International Solidarity Movement - ISM-France\" \/>\n<meta property=\"article:published_time\" content=\"2025-10-25T07:19:59+00:00\" \/>\n<meta property=\"article:modified_time\" content=\"2025-10-25T17:37:25+00:00\" \/>\n<meta property=\"og:image\" content=\"https:\/\/ismfrance.org\/wp-content\/uploads\/2025\/10\/marseille-26.jpg\" \/>\n\t<meta property=\"og:image:width\" content=\"1080\" \/>\n\t<meta property=\"og:image:height\" content=\"1350\" \/>\n\t<meta property=\"og:image:type\" content=\"image\/jpeg\" \/>\n<meta name=\"author\" content=\"mru_01\" \/>\n<meta name=\"twitter:card\" content=\"summary_large_image\" \/>\n<meta name=\"twitter:creator\" content=\"@ISMFRANCE\" \/>\n<meta name=\"twitter:site\" content=\"@ISMFRANCE\" \/>\n<meta name=\"twitter:label1\" content=\"\u00c9crit par\" \/>\n\t<meta name=\"twitter:data1\" content=\"mru_01\" \/>\n\t<meta name=\"twitter:label2\" content=\"Dur\u00e9e de lecture estim\u00e9e\" \/>\n\t<meta name=\"twitter:data2\" content=\"2 minutes\" \/>\n<script type=\"application\/ld+json\" class=\"yoast-schema-graph\">{\"@context\":\"https:\/\/schema.org\",\"@graph\":[{\"@type\":\"Article\",\"@id\":\"https:\/\/ismfrance.org\/index.php\/2025\/10\/25\/marseille-contre-le-genocide-et-pour-la-palestine-manifestation-dimanche-26-octobre-14h-porte-daix\/#article\",\"isPartOf\":{\"@id\":\"https:\/\/ismfrance.org\/index.php\/2025\/10\/25\/marseille-contre-le-genocide-et-pour-la-palestine-manifestation-dimanche-26-octobre-14h-porte-daix\/\"},\"author\":{\"name\":\"mru_01\",\"@id\":\"https:\/\/ismfrance.org\/#\/schema\/person\/3c411eb72adfaae19c0dca1f41fae01d\"},\"headline\":\"MARSEILLE CONTRE LE GENOCIDE ET POUR LA PALESTINE, MANIFESTATION DIMANCHE 26 OCTOBRE, 14H PORTE D&rsquo;AIX\",\"datePublished\":\"2025-10-25T07:19:59+00:00\",\"dateModified\":\"2025-10-25T17:37:25+00:00\",\"mainEntityOfPage\":{\"@id\":\"https:\/\/ismfrance.org\/index.php\/2025\/10\/25\/marseille-contre-le-genocide-et-pour-la-palestine-manifestation-dimanche-26-octobre-14h-porte-daix\/\"},\"wordCount\":362,\"publisher\":{\"@id\":\"https:\/\/ismfrance.org\/#organization\"},\"image\":{\"@id\":\"https:\/\/ismfrance.org\/index.php\/2025\/10\/25\/marseille-contre-le-genocide-et-pour-la-palestine-manifestation-dimanche-26-octobre-14h-porte-daix\/#primaryimage\"},\"thumbnailUrl\":\"https:\/\/ismfrance.org\/wp-content\/uploads\/2025\/10\/marseille-26.jpg\",\"keywords\":[\"mat\u00e9riel militant\"],\"articleSection\":[\"Articles\",\"Communiqu\u00e9s\"],\"inLanguage\":\"fr-FR\"},{\"@type\":\"WebPage\",\"@id\":\"https:\/\/ismfrance.org\/index.php\/2025\/10\/25\/marseille-contre-le-genocide-et-pour-la-palestine-manifestation-dimanche-26-octobre-14h-porte-daix\/\",\"url\":\"https:\/\/ismfrance.org\/index.php\/2025\/10\/25\/marseille-contre-le-genocide-et-pour-la-palestine-manifestation-dimanche-26-octobre-14h-porte-daix\/\",\"name\":\"MARSEILLE CONTRE LE GENOCIDE ET POUR LA PALESTINE, MANIFESTATION DIMANCHE 26 OCTOBRE, 14H PORTE D'AIX - International Solidarity Movement - ISM-France\",\"isPartOf\":{\"@id\":\"https:\/\/ismfrance.org\/#website\"},\"primaryImageOfPage\":{\"@id\":\"https:\/\/ismfrance.org\/index.php\/2025\/10\/25\/marseille-contre-le-genocide-et-pour-la-palestine-manifestation-dimanche-26-octobre-14h-porte-daix\/#primaryimage\"},\"image\":{\"@id\":\"https:\/\/ismfrance.org\/index.php\/2025\/10\/25\/marseille-contre-le-genocide-et-pour-la-palestine-manifestation-dimanche-26-octobre-14h-porte-daix\/#primaryimage\"},\"thumbnailUrl\":\"https:\/\/ismfrance.org\/wp-content\/uploads\/2025\/10\/marseille-26.jpg\",\"datePublished\":\"2025-10-25T07:19:59+00:00\",\"dateModified\":\"2025-10-25T17:37:25+00:00\",\"breadcrumb\":{\"@id\":\"https:\/\/ismfrance.org\/index.php\/2025\/10\/25\/marseille-contre-le-genocide-et-pour-la-palestine-manifestation-dimanche-26-octobre-14h-porte-daix\/#breadcrumb\"},\"inLanguage\":\"fr-FR\",\"potentialAction\":[{\"@type\":\"ReadAction\",\"target\":[\"https:\/\/ismfrance.org\/index.php\/2025\/10\/25\/marseille-contre-le-genocide-et-pour-la-palestine-manifestation-dimanche-26-octobre-14h-porte-daix\/\"]}]},{\"@type\":\"ImageObject\",\"inLanguage\":\"fr-FR\",\"@id\":\"https:\/\/ismfrance.org\/index.php\/2025\/10\/25\/marseille-contre-le-genocide-et-pour-la-palestine-manifestation-dimanche-26-octobre-14h-porte-daix\/#primaryimage\",\"url\":\"https:\/\/ismfrance.org\/wp-content\/uploads\/2025\/10\/marseille-26.jpg\",\"contentUrl\":\"https:\/\/ismfrance.org\/wp-content\/uploads\/2025\/10\/marseille-26.jpg\",\"width\":1080,\"height\":1350},{\"@type\":\"BreadcrumbList\",\"@id\":\"https:\/\/ismfrance.org\/index.php\/2025\/10\/25\/marseille-contre-le-genocide-et-pour-la-palestine-manifestation-dimanche-26-octobre-14h-porte-daix\/#breadcrumb\",\"itemListElement\":[{\"@type\":\"ListItem\",\"position\":1,\"name\":\"Accueil\",\"item\":\"https:\/\/ismfrance.org\/\"},{\"@type\":\"ListItem\",\"position\":2,\"name\":\"MARSEILLE CONTRE LE GENOCIDE ET POUR LA PALESTINE, MANIFESTATION DIMANCHE 26 OCTOBRE, 14H PORTE D&rsquo;AIX\"}]},{\"@type\":\"WebSite\",\"@id\":\"https:\/\/ismfrance.org\/#website\",\"url\":\"https:\/\/ismfrance.org\/\",\"name\":\"ISM Palestine France\",\"description\":\"Soutien aux luttes de lib\u00e9ration du peuple palestinien\",\"publisher\":{\"@id\":\"https:\/\/ismfrance.org\/#organization\"},\"potentialAction\":[{\"@type\":\"SearchAction\",\"target\":{\"@type\":\"EntryPoint\",\"urlTemplate\":\"https:\/\/ismfrance.org\/?s={search_term_string}\"},\"query-input\":{\"@type\":\"PropertyValueSpecification\",\"valueRequired\":true,\"valueName\":\"search_term_string\"}}],\"inLanguage\":\"fr-FR\"},{\"@type\":\"Organization\",\"@id\":\"https:\/\/ismfrance.org\/#organization\",\"name\":\"International Solidarity Movement\",\"url\":\"https:\/\/ismfrance.org\/\",\"logo\":{\"@type\":\"ImageObject\",\"inLanguage\":\"fr-FR\",\"@id\":\"https:\/\/ismfrance.org\/#\/schema\/logo\/image\/\",\"url\":\"https:\/\/ismfrance.org\/wp-content\/uploads\/2020\/12\/00.png\",\"contentUrl\":\"https:\/\/ismfrance.org\/wp-content\/uploads\/2020\/12\/00.png\",\"width\":400,\"height\":400,\"caption\":\"International Solidarity Movement\"},\"image\":{\"@id\":\"https:\/\/ismfrance.org\/#\/schema\/logo\/image\/\"},\"sameAs\":[\"https:\/\/x.com\/ISMFRANCE\"]},{\"@type\":\"Person\",\"@id\":\"https:\/\/ismfrance.org\/#\/schema\/person\/3c411eb72adfaae19c0dca1f41fae01d\",\"name\":\"mru_01\",\"image\":{\"@type\":\"ImageObject\",\"inLanguage\":\"fr-FR\",\"@id\":\"https:\/\/secure.gravatar.com\/avatar\/3a0be343b445d2ccc79e87444a294fad2b232e90d2051d0e3cc219e1ecd6a330?s=96&d=mm&r=g\",\"url\":\"https:\/\/secure.gravatar.com\/avatar\/3a0be343b445d2ccc79e87444a294fad2b232e90d2051d0e3cc219e1ecd6a330?s=96&d=mm&r=g\",\"contentUrl\":\"https:\/\/secure.gravatar.com\/avatar\/3a0be343b445d2ccc79e87444a294fad2b232e90d2051d0e3cc219e1ecd6a330?s=96&d=mm&r=g\",\"caption\":\"mru_01\"},\"url\":\"https:\/\/ismfrance.org\/index.php\/author\/admin02\/\"}]}<\/script>\n<!-- \/ Yoast SEO plugin. -->","yoast_head_json":{"title":"MARSEILLE CONTRE LE GENOCIDE ET POUR LA PALESTINE, MANIFESTATION DIMANCHE 26 OCTOBRE, 14H PORTE D'AIX - International Solidarity Movement - ISM-France","robots":{"index":"index","follow":"follow","max-snippet":"max-snippet:-1","max-image-preview":"max-image-preview:large","max-video-preview":"max-video-preview:-1"},"canonical":"https:\/\/ismfrance.org\/index.php\/2025\/10\/25\/marseille-contre-le-genocide-et-pour-la-palestine-manifestation-dimanche-26-octobre-14h-porte-daix\/","og_locale":"fr_FR","og_type":"article","og_title":"MARSEILLE CONTRE LE GENOCIDE ET POUR LA PALESTINE, MANIFESTATION DIMANCHE 26 OCTOBRE, 14H PORTE D'AIX - International Solidarity Movement - ISM-France","og_description":"Chris, 25 octobre 2025.- Seule sa b\u00eatise astronomique est aussi grande que la m\u00e9chancet\u00e9 sadique de l\u2019occupant sioniste. N\u2019importe quel \u00eatre dou\u00e9 de raison (en imaginant qu\u2019il ait pu faire Lire la suite &rarr;","og_url":"https:\/\/ismfrance.org\/index.php\/2025\/10\/25\/marseille-contre-le-genocide-et-pour-la-palestine-manifestation-dimanche-26-octobre-14h-porte-daix\/","og_site_name":"International Solidarity Movement - ISM-France","article_published_time":"2025-10-25T07:19:59+00:00","article_modified_time":"2025-10-25T17:37:25+00:00","og_image":[{"width":1080,"height":1350,"url":"https:\/\/ismfrance.org\/wp-content\/uploads\/2025\/10\/marseille-26.jpg","type":"image\/jpeg"}],"author":"mru_01","twitter_card":"summary_large_image","twitter_creator":"@ISMFRANCE","twitter_site":"@ISMFRANCE","twitter_misc":{"\u00c9crit par":"mru_01","Dur\u00e9e de lecture estim\u00e9e":"2 minutes"},"schema":{"@context":"https:\/\/schema.org","@graph":[{"@type":"Article","@id":"https:\/\/ismfrance.org\/index.php\/2025\/10\/25\/marseille-contre-le-genocide-et-pour-la-palestine-manifestation-dimanche-26-octobre-14h-porte-daix\/#article","isPartOf":{"@id":"https:\/\/ismfrance.org\/index.php\/2025\/10\/25\/marseille-contre-le-genocide-et-pour-la-palestine-manifestation-dimanche-26-octobre-14h-porte-daix\/"},"author":{"name":"mru_01","@id":"https:\/\/ismfrance.org\/#\/schema\/person\/3c411eb72adfaae19c0dca1f41fae01d"},"headline":"MARSEILLE CONTRE LE GENOCIDE ET POUR LA PALESTINE, MANIFESTATION DIMANCHE 26 OCTOBRE, 14H PORTE D&rsquo;AIX","datePublished":"2025-10-25T07:19:59+00:00","dateModified":"2025-10-25T17:37:25+00:00","mainEntityOfPage":{"@id":"https:\/\/ismfrance.org\/index.php\/2025\/10\/25\/marseille-contre-le-genocide-et-pour-la-palestine-manifestation-dimanche-26-octobre-14h-porte-daix\/"},"wordCount":362,"publisher":{"@id":"https:\/\/ismfrance.org\/#organization"},"image":{"@id":"https:\/\/ismfrance.org\/index.php\/2025\/10\/25\/marseille-contre-le-genocide-et-pour-la-palestine-manifestation-dimanche-26-octobre-14h-porte-daix\/#primaryimage"},"thumbnailUrl":"https:\/\/ismfrance.org\/wp-content\/uploads\/2025\/10\/marseille-26.jpg","keywords":["mat\u00e9riel militant"],"articleSection":["Articles","Communiqu\u00e9s"],"inLanguage":"fr-FR"},{"@type":"WebPage","@id":"https:\/\/ismfrance.org\/index.php\/2025\/10\/25\/marseille-contre-le-genocide-et-pour-la-palestine-manifestation-dimanche-26-octobre-14h-porte-daix\/","url":"https:\/\/ismfrance.org\/index.php\/2025\/10\/25\/marseille-contre-le-genocide-et-pour-la-palestine-manifestation-dimanche-26-octobre-14h-porte-daix\/","name":"MARSEILLE CONTRE LE GENOCIDE ET POUR LA PALESTINE, MANIFESTATION DIMANCHE 26 OCTOBRE, 14H PORTE D'AIX - International Solidarity Movement - ISM-France","isPartOf":{"@id":"https:\/\/ismfrance.org\/#website"},"primaryImageOfPage":{"@id":"https:\/\/ismfrance.org\/index.php\/2025\/10\/25\/marseille-contre-le-genocide-et-pour-la-palestine-manifestation-dimanche-26-octobre-14h-porte-daix\/#primaryimage"},"image":{"@id":"https:\/\/ismfrance.org\/index.php\/2025\/10\/25\/marseille-contre-le-genocide-et-pour-la-palestine-manifestation-dimanche-26-octobre-14h-porte-daix\/#primaryimage"},"thumbnailUrl":"https:\/\/ismfrance.org\/wp-content\/uploads\/2025\/10\/marseille-26.jpg","datePublished":"2025-10-25T07:19:59+00:00","dateModified":"2025-10-25T17:37:25+00:00","breadcrumb":{"@id":"https:\/\/ismfrance.org\/index.php\/2025\/10\/25\/marseille-contre-le-genocide-et-pour-la-palestine-manifestation-dimanche-26-octobre-14h-porte-daix\/#breadcrumb"},"inLanguage":"fr-FR","potentialAction":[{"@type":"ReadAction","target":["https:\/\/ismfrance.org\/index.php\/2025\/10\/25\/marseille-contre-le-genocide-et-pour-la-palestine-manifestation-dimanche-26-octobre-14h-porte-daix\/"]}]},{"@type":"ImageObject","inLanguage":"fr-FR","@id":"https:\/\/ismfrance.org\/index.php\/2025\/10\/25\/marseille-contre-le-genocide-et-pour-la-palestine-manifestation-dimanche-26-octobre-14h-porte-daix\/#primaryimage","url":"https:\/\/ismfrance.org\/wp-content\/uploads\/2025\/10\/marseille-26.jpg","contentUrl":"https:\/\/ismfrance.org\/wp-content\/uploads\/2025\/10\/marseille-26.jpg","width":1080,"height":1350},{"@type":"BreadcrumbList","@id":"https:\/\/ismfrance.org\/index.php\/2025\/10\/25\/marseille-contre-le-genocide-et-pour-la-palestine-manifestation-dimanche-26-octobre-14h-porte-daix\/#breadcrumb","itemListElement":[{"@type":"ListItem","position":1,"name":"Accueil","item":"https:\/\/ismfrance.org\/"},{"@type":"ListItem","position":2,"name":"MARSEILLE CONTRE LE GENOCIDE ET POUR LA PALESTINE, MANIFESTATION DIMANCHE 26 OCTOBRE, 14H PORTE D&rsquo;AIX"}]},{"@type":"WebSite","@id":"https:\/\/ismfrance.org\/#website","url":"https:\/\/ismfrance.org\/","name":"ISM Palestine France","description":"Soutien aux luttes de lib\u00e9ration du peuple palestinien","publisher":{"@id":"https:\/\/ismfrance.org\/#organization"},"potentialAction":[{"@type":"SearchAction","target":{"@type":"EntryPoint","urlTemplate":"https:\/\/ismfrance.org\/?s={search_term_string}"},"query-input":{"@type":"PropertyValueSpecification","valueRequired":true,"valueName":"search_term_string"}}],"inLanguage":"fr-FR"},{"@type":"Organization","@id":"https:\/\/ismfrance.org\/#organization","name":"International Solidarity Movement","url":"https:\/\/ismfrance.org\/","logo":{"@type":"ImageObject","inLanguage":"fr-FR","@id":"https:\/\/ismfrance.org\/#\/schema\/logo\/image\/","url":"https:\/\/ismfrance.org\/wp-content\/uploads\/2020\/12\/00.png","contentUrl":"https:\/\/ismfrance.org\/wp-content\/uploads\/2020\/12\/00.png","width":400,"height":400,"caption":"International Solidarity Movement"},"image":{"@id":"https:\/\/ismfrance.org\/#\/schema\/logo\/image\/"},"sameAs":["https:\/\/x.com\/ISMFRANCE"]},{"@type":"Person","@id":"https:\/\/ismfrance.org\/#\/schema\/person\/3c411eb72adfaae19c0dca1f41fae01d","name":"mru_01","image":{"@type":"ImageObject","inLanguage":"fr-FR","@id":"https:\/\/secure.gravatar.com\/avatar\/3a0be343b445d2ccc79e87444a294fad2b232e90d2051d0e3cc219e1ecd6a330?s=96&d=mm&r=g","url":"https:\/\/secure.gravatar.com\/avatar\/3a0be343b445d2ccc79e87444a294fad2b232e90d2051d0e3cc219e1ecd6a330?s=96&d=mm&r=g","contentUrl":"https:\/\/secure.gravatar.com\/avatar\/3a0be343b445d2ccc79e87444a294fad2b232e90d2051d0e3cc219e1ecd6a330?s=96&d=mm&r=g","caption":"mru_01"},"url":"https:\/\/ismfrance.org\/index.php\/author\/admin02\/"}]}},"_links":{"self":[{"href":"https:\/\/ismfrance.org\/index.php\/wp-json\/wp\/v2\/posts\/24481","targetHints":{"allow":["GET"]}}],"collection":[{"href":"https:\/\/ismfrance.org\/index.php\/wp-json\/wp\/v2\/posts"}],"about":[{"href":"https:\/\/ismfrance.org\/index.php\/wp-json\/wp\/v2\/types\/post"}],"author":[{"embeddable":true,"href":"https:\/\/ismfrance.org\/index.php\/wp-json\/wp\/v2\/users\/3"}],"replies":[{"embeddable":true,"href":"https:\/\/ismfrance.org\/index.php\/wp-json\/wp\/v2\/comments?post=24481"}],"version-history":[{"count":0,"href":"https:\/\/ismfrance.org\/index.php\/wp-json\/wp\/v2\/posts\/24481\/revisions"}],"wp:featuredmedia":[{"embeddable":true,"href":"https:\/\/ismfrance.org\/index.php\/wp-json\/wp\/v2\/media\/24482"}],"wp:attachment":[{"href":"https:\/\/ismfrance.org\/index.php\/wp-json\/wp\/v2\/media?parent=24481"}],"wp:term":[{"taxonomy":"category","embeddable":true,"href":"https:\/\/ismfrance.org\/index.php\/wp-json\/wp\/v2\/categories?post=24481"},{"taxonomy":"post_tag","embeddable":true,"href":"https:\/\/ismfrance.org\/index.php\/wp-json\/wp\/v2\/tags?post=24481"}],"curies":[{"name":"wp","href":"https:\/\/api.w.org\/{rel}","templated":true}]}}