{"id":24462,"date":"2025-10-24T12:01:24","date_gmt":"2025-10-24T10:01:24","guid":{"rendered":"https:\/\/ismfrance.org\/?p=24462"},"modified":"2025-10-24T12:02:04","modified_gmt":"2025-10-24T10:02:04","slug":"al-khalil-activisme-sur-le-fil-du-rasoir","status":"publish","type":"post","link":"https:\/\/ismfrance.org\/index.php\/2025\/10\/24\/al-khalil-activisme-sur-le-fil-du-rasoir\/","title":{"rendered":"AL-Khalil : Activisme sur le fil du rasoir"},"content":{"rendered":"<p><span style=\"color: #000000;\"><span style=\"font-family: Arial, sans-serif;\"><span style=\"font-size: medium;\"><strong>ISM-Palestine, 22 octobre 2025.-<\/strong> \u00ab\u00a0<em>Bonjour\u00a0! Ils ont battu cet homme et l\u2019ont emmen\u00e9 sans raison. Nous ne savons pas o\u00f9 ils l\u2019ont emmen\u00e9<\/em>.\u00bb \/ \u00ab\u00a0<em>C\u2019est le huiti\u00e8me jour du couvre-feu et je n\u2019ai pas le droit de sortir de chez moi. Ils ne nous autorisent m\u00eame pas \u00e0 prendre du lait pour b\u00e9b\u00e9, du pain ou des couches<\/em>.\u00bb \/ \u00ab\u00a0<em>Personne n\u2019est all\u00e9 \u00e0 l\u2019\u00e9cole. C\u2019est terrible pour les enfants<\/em>.\u00bb \/ \u00ab\u00a0<em>Les soldats sont ici, chez moi. Ils sont en train de prendre ma voiture<\/em>.\u00bb<\/span><\/span><\/span><\/p>\n<div id=\"attachment_24465\" style=\"width: 452px\" class=\"wp-caption aligncenter\"><a href=\"https:\/\/ismfrance.org\/wp-content\/uploads\/2025\/10\/khalil.png\"><img loading=\"lazy\" decoding=\"async\" aria-describedby=\"caption-attachment-24465\" class=\"wp-image-24465 size-full\" src=\"https:\/\/ismfrance.org\/wp-content\/uploads\/2025\/10\/khalil.png\" alt=\"\" width=\"442\" height=\"602\" srcset=\"https:\/\/ismfrance.org\/wp-content\/uploads\/2025\/10\/khalil.png 442w, https:\/\/ismfrance.org\/wp-content\/uploads\/2025\/10\/khalil-220x300.png 220w\" sizes=\"auto, (max-width: 442px) 100vw, 442px\" \/><\/a><p id=\"caption-attachment-24465\" class=\"wp-caption-text\"><strong>Capture d&rsquo;\u00e9cran de la <a href=\"https:\/\/www.instagram.com\/p\/DPMx5vNCCOM\/\">VIDEO<\/a> d&rsquo;ISM-Palestine, film\u00e9e le 29.9 \u00e0 Al-Khalil. Des soldats isra\u00e9liens ont arr\u00eat\u00e9 deux enfants palestiniens, les accusant d&rsquo;\u00eatre des espions. Lorsque les passants ont demand\u00e9 pourquoi de tels jeunes enfants \u00e9taient d\u00e9tenus, l&rsquo;arm\u00e9e leur a dit d&rsquo;arr\u00eater de filmer. Les soldats ont exig\u00e9 de savoir o\u00f9 se trouvait le p\u00e8re des gar\u00e7ons et les ont d\u00e9tenus pendant que d&rsquo;autres soldats se rendaient chez la famille, emp\u00eachant les activistes de les suivre. Les soldats ont ensuite harcel\u00e9 et menac\u00e9 les commer\u00e7ants qui essayaient de soutenir les enfants. C&rsquo;est la violence quotidienne de l&rsquo;occupation \u00e0 Al Khalil o\u00f9 les soldats isra\u00e9liens terrorisent r\u00e9guli\u00e8rement les Palestiniens hors de leurs foyers sans impunit\u00e9.<\/strong><\/p><\/div>\n<p>&nbsp;<\/p>\n<p><span style=\"color: #000000;\"><span style=\"font-family: Arial, sans-serif;\"><span style=\"font-size: medium;\">Voici quelques-uns des messages que nous recevons r\u00e9guli\u00e8rement d\u2019Areej Abdel Karim Al-Jabari, une Palestinienne m\u00e8re de cinq enfants et militante sociale qui vit dans le quartier de Wadi Al-Hussein \u00e0 H\u00e9bron\/Al-Khalil, la seule ville palestinienne au milieu de laquelle se trouve une colonie isra\u00e9lienne ill\u00e9gale. Areej vit \u00e0 la limite entre un territoire sous contr\u00f4le isra\u00e9lien et un territoire palestinien. Souvent confin\u00e9e chez elle en raison des fr\u00e9quents couvre-feux impos\u00e9s par l&rsquo;arm\u00e9e isra\u00e9lienne \u00e0 son quartier palestinien, Areej s&rsquo;est engag\u00e9e depuis 2007 \u00e0 aider ses voisins en documentant les \u00ab\u00a0<i>crimes de l&rsquo;occupation<\/i>\u00a0\u00bb, r\u00e9v\u00e9lant au monde les conditions de vie atroces des Palestiniens d&rsquo;H\u00e9bron.<\/span><\/span><\/span><\/p>\n<p><span style=\"color: #000000;\"><span style=\"font-family: Arial, sans-serif;\"><span style=\"font-size: medium;\">\u00ab\u00a0<i>Ce qui me pousse \u00e0 photographier, c&rsquo;est l&rsquo;injustice \u00e0 laquelle sont confront\u00e9s les habitants \u2013 les enfants et les femmes<\/i>\u00a0\u00bb, explique-t-elle.<\/span><\/span><\/span><\/p>\n<p><span style=\"color: #000000;\"><span style=\"font-family: Arial, sans-serif;\"><span style=\"font-size: medium;\">H\u00e9bron est un lieu sacr\u00e9 pour les musulmans comme pour les juifs, qui y voient le lieu de s\u00e9pulture d&rsquo;Abraham et d&rsquo;autres personnages importants des \u00c9critures. De par son importance religieuse, H\u00e9bron est devenue un bastion des extr\u00e9mistes religieux du mouvement des colons isra\u00e9liens ill\u00e9gaux, qui consid\u00e8rent que le peuple juif a un droit divin de contr\u00f4le sur la Cisjordanie et consid\u00e8rent qu&rsquo;un \u00ab<i>\u00a0retour juif \u00e0 H\u00e9bron est une justice historique<\/i>\u00a0\u00bb.<\/span><\/span><\/span><\/p>\n<p><span style=\"color: #000000;\"><span style=\"font-family: Arial, sans-serif;\"><span style=\"font-size: medium;\">Areej vit dans sa maison depuis 1999, deux ans seulement apr\u00e8s qu&rsquo;Isra\u00ebl et l&rsquo;OLP ont sign\u00e9 le Protocole d&rsquo;H\u00e9bron, divisant sa ville \u2013 la deuxi\u00e8me plus grande de Cisjordanie \u2013 en trois zones distinctes. La zone H1 repr\u00e9sente 80 % de la ville et est sous contr\u00f4le civil et s\u00e9curitaire palestinien\u00a0; la zone H2, sous contr\u00f4le militaire isra\u00e9lien, repr\u00e9sente 20 % de la ville et englobe la totalit\u00e9 de la vieille ville d&rsquo;H\u00e9bron, autrefois le centre commercial de toute la Cisjordanie. 40.000 Palestiniens vivent toujours dans la zone H2 et sont soumis \u00e0 sa fragmentation exceptionnellement complexe par la pr\u00e9sence de points de contr\u00f4le militaires, de barbel\u00e9s, de barri\u00e8res en b\u00e9ton, de cam\u00e9ras de surveillance, de zones militaires et de colonies isra\u00e9liennes ill\u00e9gales. Areej vit \u00e0 la fronti\u00e8re entre les zones H1 et H2.<\/span><\/span><\/span><\/p>\n<p><span style=\"color: #000000;\"><span style=\"font-family: Arial, sans-serif;\"><span style=\"font-size: medium;\">Une troisi\u00e8me partie d&rsquo;H\u00e9bron est appel\u00e9e la \u00ab\u00a0<i>zone r\u00e9glement\u00e9e<\/i>\u00a0\u00bb, o\u00f9 700 colons isra\u00e9liens vivent ill\u00e9galement \u00e0 l&rsquo;int\u00e9rieur de la ville. Ici, les r\u00e9sidents palestiniens n&rsquo;ont pas le droit de conduire ou m\u00eame de marcher sur certaines rues. La pr\u00e9sence de la zone r\u00e9glement\u00e9e, fortement surveill\u00e9e par de nombreux points de contr\u00f4le, des miradors militaires et des soldats, rend les d\u00e9placements dans toute la ville d&rsquo;H\u00e9bron extr\u00eamement difficiles pour ses habitants. Ce qui \u00e9tait autrefois une marche de 5 minutes d&rsquo;un c\u00f4t\u00e9 \u00e0 l&rsquo;autre de la zone r\u00e9glement\u00e9e n\u00e9cessite d\u00e9sormais un trajet en taxi de 30 minutes. En raison de ces restrictions de circulation et de commerce, ainsi que de la r\u00e9pression militaire extr\u00eame et de la violence des colons, des milliers de Palestiniens ont perdu leurs sources de revenus et ont quitt\u00e9 H\u00e9bron ou vivent dans la pauvret\u00e9.<\/span><\/span><\/span><\/p>\n<p><span style=\"color: #000000;\"><span style=\"font-family: Arial, sans-serif;\"><span style=\"font-size: medium;\">Pourtant, 40.000 Palestiniens, en signe de r\u00e9sistance non violente \u00e0 leur propre nettoyage ethnique, demeurent dans H2. Par leur refus obstin\u00e9 de partir, ces Palestiniens ont emp\u00each\u00e9 les 700 colons isra\u00e9liens de la Vieille Ville de s&#8217;emparer ill\u00e9galement de l&rsquo;ensemble du quartier.<\/span><\/span><\/span><\/p>\n<p><span style=\"color: #000000;\"><span style=\"font-family: Arial, sans-serif;\"><span style=\"font-size: medium;\">Pourtant, cette forme de r\u00e9sistance a des cons\u00e9quences n\u00e9fastes. Les Palestiniens de la Vieille Ville sont t\u00e9moins quotidiennement des marches de soldats lourdement arm\u00e9s, et chaque semaine, des dizaines de soldats \u00e9vacuent les rues pour laisser la place aux visiteurs juifs du monde entier qui souhaitent visiter la ville dont ils croient que bient\u00f4t, elle leur appartiendra enti\u00e8rement. Depuis deux ans, Areej est confin\u00e9e chez elle du jeudi soir au dimanche matin en raison d&rsquo;un couvre-feu impos\u00e9 par l&rsquo;arm\u00e9e isra\u00e9lienne. \u00ab\u00a0<i>Cela signifie<\/i>\u00a0\u00bb, explique-t-elle, \u00ab<i>\u00a0que les habitants sont chez eux et qu&rsquo;il est interdit d&rsquo;ouvrir portes et fen\u00eatres.<\/i>\u00bb<\/span><\/span><\/span><\/p>\n<p><span style=\"color: #000000;\"><span style=\"font-family: Arial, sans-serif;\"><span style=\"font-size: medium;\">La semaine derni\u00e8re, en raison de la f\u00eate juive de Souccot, l&rsquo;arm\u00e9e isra\u00e9lienne a interdit \u00e0 Areej et \u00e0 ses voisins de quitter leur domicile pendant huit jours entiers. \u00ab <i>Cela s&rsquo;ajoute aux agressions contre les habitants \u00e0 leur domicile, aux fouilles et aux coups<\/i>. \u00bb Il y a deux semaines, sa voiture a \u00e9t\u00e9 confisqu\u00e9e pour des \u00ab <i>raisons de s\u00e9curit\u00e9 <\/i>\u00bb. Ces abus, nous dit-elle, ont consid\u00e9rablement augment\u00e9 depuis octobre 2023.<\/span><\/span><\/span><\/p>\n<p><span style=\"color: #000000;\"><span style=\"font-family: Arial, sans-serif;\"><span style=\"font-size: medium;\">Areej photographie fr\u00e9quemment l&rsquo;arm\u00e9e harcelant et d\u00e9tenant des Palestiniens devant chez elle. \u00ab<i> Ils les d\u00e9tiennent sans raison et les torturent pendant huit heures<\/i> \u00bb, nous confie-t-elle.<\/span><\/span><\/span><\/p>\n<p><span style=\"color: #000000;\"><span style=\"font-family: Arial, sans-serif;\"><span style=\"font-size: medium;\">De sa fen\u00eatre, Areej documente ce harc\u00e8lement avec son appareil photo et publie les vid\u00e9os sur ses pages Facebook et TikTok. Si la plupart de ses abonn\u00e9s sont palestiniens, elle touche \u00e9galement des personnes aux \u00c9tats-Unis et ailleurs.<\/span><\/span><\/span><\/p>\n<p><span style=\"color: #000000;\"><span style=\"font-family: Arial, sans-serif;\"><span style=\"font-size: medium;\">Areej est profond\u00e9ment attach\u00e9e \u00e0 l&rsquo;espoir de sa communaut\u00e9 en cette p\u00e9riode o\u00f9 le moral des gens peut \u00eatre si facilement bris\u00e9. Depuis plusieurs ann\u00e9es, elle organise des cercles de tricot d&rsquo;un mois pour les femmes, chez elle. \u00ab <i>Pour all\u00e9ger la pression<\/i> \u00bb, dit-elle. Surtout pour \u00ab <i>les m\u00e8res qui voient leurs enfants se faire torturer<\/i> \u00bb. \u00c0 l&rsquo;aide de fils donn\u00e9s de diverses sources, Areej apprend aux femmes \u00e0 tricoter des couvertures pour b\u00e9b\u00e9s, des pulls, des \u00e9charpes et divers autres articles essentiels.<\/span><\/span><\/span><\/p>\n<p><span style=\"color: #000000;\"><span style=\"font-family: Arial, sans-serif;\"><span style=\"font-size: medium;\">Areej organise \u00e9galement un camp d&rsquo;\u00e9t\u00e9 pour enfants, proposant des activit\u00e9s et de la nourriture pendant une p\u00e9riode o\u00f9 ils n&rsquo;ont pas grand-chose d&rsquo;autre \u00e0 faire. Les enfants envoient des colis cadeaux \u00e0 d&rsquo;autres enfants de Masafer Yatta \u2013 les collines du sud d&rsquo;H\u00e9bron \u2013 qui sont expuls\u00e9s de leurs terres.<\/span><\/span><\/span><\/p>\n<p><span style=\"color: #000000;\"><span style=\"font-family: Arial, sans-serif;\"><span style=\"font-size: medium;\">Lorsqu&rsquo;on lui demande ce qu&rsquo;elle aimerait que les autres pays sachent sur la vie sous occupation et comment les gens \u00e0 l&rsquo;\u00e9tranger peuvent soutenir son travail, elle r\u00e9pond : \u00ab <i>J&rsquo;esp\u00e8re que la communaut\u00e9 internationale me soutiendra et soutiendra les activit\u00e9s que je m\u00e8ne pour les femmes et les enfants. Je veux que mes amis comprennent nos souffrances, qu&rsquo;ils regardent mes vid\u00e9os de documentation, voient mon travail pour les enfants et m&rsquo;aident \u00e0 accomplir ma mission. <\/i>\u00bb<\/span><\/span><\/span><\/p>\n<p><span style=\"color: #000000;\"><span style=\"font-family: Arial, sans-serif;\"><span style=\"font-size: medium;\">\u00ab <i>Il y a un r\u00eave impossible pour les femmes<\/i> \u00bb, ajoute-t-elle, \u00ab <i>c&rsquo;est d&rsquo;aller accomplir la Omra<\/i> [un p\u00e8lerinage islamique]<i> en Arabie saoudite. Elles veulent aller prier, mais le budget est important. J&rsquo;esp\u00e8re que ceux qui se soucient d&rsquo;elles les aideront \u00e0 r\u00e9aliser leur seul r\u00eave.<\/i> \u00bb Elle esp\u00e8re \u00e9galement qu&rsquo;une autre voiture viendra la rejoindre afin qu&rsquo;elle puisse enfin sortir de chez elle et redevenir un soutien pour le reste de son quartier.<\/span><\/span><\/span><\/p>\n<p><span style=\"color: #000000;\"><span style=\"font-family: Arial, sans-serif;\"><span style=\"font-size: medium;\">Areej explique qu&rsquo;elle est devenue la cible des soldats, car ils savent qu&rsquo;elle \u00ab<i>\u00a0filme et d\u00e9nonce leurs crimes\u00a0<\/i>\u00bb et qu&rsquo;ils \u00ab\u00a0<i>attendent de pouvoir m&rsquo;arr\u00eater \u00e0 tout moment\u00a0<\/i>\u00bb.<\/span><\/span><\/span><\/p>\n<p><span style=\"color: #000000;\"><span style=\"font-family: Arial, sans-serif;\"><span style=\"font-size: medium;\">\u00ab\u00a0<i>Mais je suis forte et ils ne me vaincront pas<\/i>.\u00bb<\/span><\/span><\/span><\/p>\n<hr \/>\n<p><em><span style=\"color: #000000;\"><span style=\"font-family: Arial, sans-serif;\"><span style=\"font-size: medium;\">Areej est pr\u00e9sente sur TikTok \u00e0 l&rsquo;adresse @m1234567777777777777 et sur Instagram \u00e0 l&rsquo;adresse <a href=\"https:\/\/www.instagram.com\/areejjabari6\">https:\/\/www.instagram.com\/areejjabari6<\/a><\/span><\/span><\/span><\/em><\/p>\n<pre><strong><em><span style=\"color: #000000;\"><span style=\"font-family: Arial, sans-serif;\"><span style=\"font-size: medium;\">Article original en anglais sur Palsolidarity.com \/ Traduction MR<\/span><\/span><\/span><\/em><\/strong><\/pre>\n","protected":false},"excerpt":{"rendered":"<p>ISM-Palestine, 22 octobre 2025.- \u00ab\u00a0Bonjour\u00a0! Ils ont battu cet homme et l\u2019ont emmen\u00e9 sans raison. Nous ne savons pas o\u00f9 ils l\u2019ont emmen\u00e9.\u00bb \/ \u00ab\u00a0C\u2019est le huiti\u00e8me jour du couvre-feu <a class=\"more-link\" href=\"https:\/\/ismfrance.org\/index.php\/2025\/10\/24\/al-khalil-activisme-sur-le-fil-du-rasoir\/\">Lire la suite &rarr;<\/a><\/p>\n","protected":false},"author":3,"featured_media":24465,"comment_status":"closed","ping_status":"closed","sticky":false,"template":"","format":"standard","meta":{"footnotes":""},"categories":[2,13],"tags":[152],"class_list":["post-24462","post","type-post","status-publish","format-standard","has-post-thumbnail","hentry","category-articles","category-temoignages","tag-apartheid"],"yoast_head":"<!-- This site is optimized with the Yoast SEO plugin v27.2 - https:\/\/yoast.com\/product\/yoast-seo-wordpress\/ -->\n<title>AL-Khalil : Activisme sur le fil du rasoir - International Solidarity Movement - ISM-France<\/title>\n<meta name=\"robots\" content=\"index, follow, max-snippet:-1, max-image-preview:large, max-video-preview:-1\" \/>\n<link rel=\"canonical\" href=\"https:\/\/ismfrance.org\/index.php\/2025\/10\/24\/al-khalil-activisme-sur-le-fil-du-rasoir\/\" \/>\n<meta property=\"og:locale\" content=\"fr_FR\" \/>\n<meta property=\"og:type\" content=\"article\" \/>\n<meta property=\"og:title\" content=\"AL-Khalil : Activisme sur le fil du rasoir - International Solidarity Movement - ISM-France\" \/>\n<meta property=\"og:description\" content=\"ISM-Palestine, 22 octobre 2025.- \u00ab\u00a0Bonjour\u00a0! Ils ont battu cet homme et l\u2019ont emmen\u00e9 sans raison. Nous ne savons pas o\u00f9 ils l\u2019ont emmen\u00e9.\u00bb \/ \u00ab\u00a0C\u2019est le huiti\u00e8me jour du couvre-feu Lire la suite &rarr;\" \/>\n<meta property=\"og:url\" content=\"https:\/\/ismfrance.org\/index.php\/2025\/10\/24\/al-khalil-activisme-sur-le-fil-du-rasoir\/\" \/>\n<meta property=\"og:site_name\" content=\"International Solidarity Movement - ISM-France\" \/>\n<meta property=\"article:published_time\" content=\"2025-10-24T10:01:24+00:00\" \/>\n<meta property=\"article:modified_time\" content=\"2025-10-24T10:02:04+00:00\" \/>\n<meta property=\"og:image\" content=\"https:\/\/ismfrance.org\/wp-content\/uploads\/2025\/10\/khalil.png\" \/>\n\t<meta property=\"og:image:width\" content=\"442\" \/>\n\t<meta property=\"og:image:height\" content=\"602\" \/>\n\t<meta property=\"og:image:type\" content=\"image\/png\" \/>\n<meta name=\"author\" content=\"mru_01\" \/>\n<meta name=\"twitter:card\" content=\"summary_large_image\" \/>\n<meta name=\"twitter:creator\" content=\"@ISMFRANCE\" \/>\n<meta name=\"twitter:site\" content=\"@ISMFRANCE\" \/>\n<meta name=\"twitter:label1\" content=\"\u00c9crit par\" \/>\n\t<meta name=\"twitter:data1\" content=\"mru_01\" \/>\n\t<meta name=\"twitter:label2\" content=\"Dur\u00e9e de lecture estim\u00e9e\" \/>\n\t<meta name=\"twitter:data2\" content=\"7 minutes\" \/>\n<script type=\"application\/ld+json\" class=\"yoast-schema-graph\">{\"@context\":\"https:\/\/schema.org\",\"@graph\":[{\"@type\":\"Article\",\"@id\":\"https:\/\/ismfrance.org\/index.php\/2025\/10\/24\/al-khalil-activisme-sur-le-fil-du-rasoir\/#article\",\"isPartOf\":{\"@id\":\"https:\/\/ismfrance.org\/index.php\/2025\/10\/24\/al-khalil-activisme-sur-le-fil-du-rasoir\/\"},\"author\":{\"name\":\"mru_01\",\"@id\":\"https:\/\/ismfrance.org\/#\/schema\/person\/3c411eb72adfaae19c0dca1f41fae01d\"},\"headline\":\"AL-Khalil : Activisme sur le fil du rasoir\",\"datePublished\":\"2025-10-24T10:01:24+00:00\",\"dateModified\":\"2025-10-24T10:02:04+00:00\",\"mainEntityOfPage\":{\"@id\":\"https:\/\/ismfrance.org\/index.php\/2025\/10\/24\/al-khalil-activisme-sur-le-fil-du-rasoir\/\"},\"wordCount\":1448,\"publisher\":{\"@id\":\"https:\/\/ismfrance.org\/#organization\"},\"image\":{\"@id\":\"https:\/\/ismfrance.org\/index.php\/2025\/10\/24\/al-khalil-activisme-sur-le-fil-du-rasoir\/#primaryimage\"},\"thumbnailUrl\":\"https:\/\/ismfrance.org\/wp-content\/uploads\/2025\/10\/khalil.png\",\"keywords\":[\"Apartheid\"],\"articleSection\":[\"Articles\",\"T\u00e9moignages\"],\"inLanguage\":\"fr-FR\"},{\"@type\":\"WebPage\",\"@id\":\"https:\/\/ismfrance.org\/index.php\/2025\/10\/24\/al-khalil-activisme-sur-le-fil-du-rasoir\/\",\"url\":\"https:\/\/ismfrance.org\/index.php\/2025\/10\/24\/al-khalil-activisme-sur-le-fil-du-rasoir\/\",\"name\":\"AL-Khalil : Activisme sur le fil du rasoir - International Solidarity Movement - ISM-France\",\"isPartOf\":{\"@id\":\"https:\/\/ismfrance.org\/#website\"},\"primaryImageOfPage\":{\"@id\":\"https:\/\/ismfrance.org\/index.php\/2025\/10\/24\/al-khalil-activisme-sur-le-fil-du-rasoir\/#primaryimage\"},\"image\":{\"@id\":\"https:\/\/ismfrance.org\/index.php\/2025\/10\/24\/al-khalil-activisme-sur-le-fil-du-rasoir\/#primaryimage\"},\"thumbnailUrl\":\"https:\/\/ismfrance.org\/wp-content\/uploads\/2025\/10\/khalil.png\",\"datePublished\":\"2025-10-24T10:01:24+00:00\",\"dateModified\":\"2025-10-24T10:02:04+00:00\",\"breadcrumb\":{\"@id\":\"https:\/\/ismfrance.org\/index.php\/2025\/10\/24\/al-khalil-activisme-sur-le-fil-du-rasoir\/#breadcrumb\"},\"inLanguage\":\"fr-FR\",\"potentialAction\":[{\"@type\":\"ReadAction\",\"target\":[\"https:\/\/ismfrance.org\/index.php\/2025\/10\/24\/al-khalil-activisme-sur-le-fil-du-rasoir\/\"]}]},{\"@type\":\"ImageObject\",\"inLanguage\":\"fr-FR\",\"@id\":\"https:\/\/ismfrance.org\/index.php\/2025\/10\/24\/al-khalil-activisme-sur-le-fil-du-rasoir\/#primaryimage\",\"url\":\"https:\/\/ismfrance.org\/wp-content\/uploads\/2025\/10\/khalil.png\",\"contentUrl\":\"https:\/\/ismfrance.org\/wp-content\/uploads\/2025\/10\/khalil.png\",\"width\":442,\"height\":602},{\"@type\":\"BreadcrumbList\",\"@id\":\"https:\/\/ismfrance.org\/index.php\/2025\/10\/24\/al-khalil-activisme-sur-le-fil-du-rasoir\/#breadcrumb\",\"itemListElement\":[{\"@type\":\"ListItem\",\"position\":1,\"name\":\"Accueil\",\"item\":\"https:\/\/ismfrance.org\/\"},{\"@type\":\"ListItem\",\"position\":2,\"name\":\"AL-Khalil : Activisme sur le fil du rasoir\"}]},{\"@type\":\"WebSite\",\"@id\":\"https:\/\/ismfrance.org\/#website\",\"url\":\"https:\/\/ismfrance.org\/\",\"name\":\"ISM Palestine France\",\"description\":\"Soutien aux luttes de lib\u00e9ration du peuple palestinien\",\"publisher\":{\"@id\":\"https:\/\/ismfrance.org\/#organization\"},\"potentialAction\":[{\"@type\":\"SearchAction\",\"target\":{\"@type\":\"EntryPoint\",\"urlTemplate\":\"https:\/\/ismfrance.org\/?s={search_term_string}\"},\"query-input\":{\"@type\":\"PropertyValueSpecification\",\"valueRequired\":true,\"valueName\":\"search_term_string\"}}],\"inLanguage\":\"fr-FR\"},{\"@type\":\"Organization\",\"@id\":\"https:\/\/ismfrance.org\/#organization\",\"name\":\"International Solidarity Movement\",\"url\":\"https:\/\/ismfrance.org\/\",\"logo\":{\"@type\":\"ImageObject\",\"inLanguage\":\"fr-FR\",\"@id\":\"https:\/\/ismfrance.org\/#\/schema\/logo\/image\/\",\"url\":\"https:\/\/ismfrance.org\/wp-content\/uploads\/2020\/12\/00.png\",\"contentUrl\":\"https:\/\/ismfrance.org\/wp-content\/uploads\/2020\/12\/00.png\",\"width\":400,\"height\":400,\"caption\":\"International Solidarity Movement\"},\"image\":{\"@id\":\"https:\/\/ismfrance.org\/#\/schema\/logo\/image\/\"},\"sameAs\":[\"https:\/\/x.com\/ISMFRANCE\"]},{\"@type\":\"Person\",\"@id\":\"https:\/\/ismfrance.org\/#\/schema\/person\/3c411eb72adfaae19c0dca1f41fae01d\",\"name\":\"mru_01\",\"image\":{\"@type\":\"ImageObject\",\"inLanguage\":\"fr-FR\",\"@id\":\"https:\/\/secure.gravatar.com\/avatar\/3a0be343b445d2ccc79e87444a294fad2b232e90d2051d0e3cc219e1ecd6a330?s=96&d=mm&r=g\",\"url\":\"https:\/\/secure.gravatar.com\/avatar\/3a0be343b445d2ccc79e87444a294fad2b232e90d2051d0e3cc219e1ecd6a330?s=96&d=mm&r=g\",\"contentUrl\":\"https:\/\/secure.gravatar.com\/avatar\/3a0be343b445d2ccc79e87444a294fad2b232e90d2051d0e3cc219e1ecd6a330?s=96&d=mm&r=g\",\"caption\":\"mru_01\"},\"url\":\"https:\/\/ismfrance.org\/index.php\/author\/admin02\/\"}]}<\/script>\n<!-- \/ Yoast SEO plugin. -->","yoast_head_json":{"title":"AL-Khalil : Activisme sur le fil du rasoir - International Solidarity Movement - ISM-France","robots":{"index":"index","follow":"follow","max-snippet":"max-snippet:-1","max-image-preview":"max-image-preview:large","max-video-preview":"max-video-preview:-1"},"canonical":"https:\/\/ismfrance.org\/index.php\/2025\/10\/24\/al-khalil-activisme-sur-le-fil-du-rasoir\/","og_locale":"fr_FR","og_type":"article","og_title":"AL-Khalil : Activisme sur le fil du rasoir - International Solidarity Movement - ISM-France","og_description":"ISM-Palestine, 22 octobre 2025.- \u00ab\u00a0Bonjour\u00a0! Ils ont battu cet homme et l\u2019ont emmen\u00e9 sans raison. Nous ne savons pas o\u00f9 ils l\u2019ont emmen\u00e9.\u00bb \/ \u00ab\u00a0C\u2019est le huiti\u00e8me jour du couvre-feu Lire la suite &rarr;","og_url":"https:\/\/ismfrance.org\/index.php\/2025\/10\/24\/al-khalil-activisme-sur-le-fil-du-rasoir\/","og_site_name":"International Solidarity Movement - ISM-France","article_published_time":"2025-10-24T10:01:24+00:00","article_modified_time":"2025-10-24T10:02:04+00:00","og_image":[{"width":442,"height":602,"url":"https:\/\/ismfrance.org\/wp-content\/uploads\/2025\/10\/khalil.png","type":"image\/png"}],"author":"mru_01","twitter_card":"summary_large_image","twitter_creator":"@ISMFRANCE","twitter_site":"@ISMFRANCE","twitter_misc":{"\u00c9crit par":"mru_01","Dur\u00e9e de lecture estim\u00e9e":"7 minutes"},"schema":{"@context":"https:\/\/schema.org","@graph":[{"@type":"Article","@id":"https:\/\/ismfrance.org\/index.php\/2025\/10\/24\/al-khalil-activisme-sur-le-fil-du-rasoir\/#article","isPartOf":{"@id":"https:\/\/ismfrance.org\/index.php\/2025\/10\/24\/al-khalil-activisme-sur-le-fil-du-rasoir\/"},"author":{"name":"mru_01","@id":"https:\/\/ismfrance.org\/#\/schema\/person\/3c411eb72adfaae19c0dca1f41fae01d"},"headline":"AL-Khalil : Activisme sur le fil du rasoir","datePublished":"2025-10-24T10:01:24+00:00","dateModified":"2025-10-24T10:02:04+00:00","mainEntityOfPage":{"@id":"https:\/\/ismfrance.org\/index.php\/2025\/10\/24\/al-khalil-activisme-sur-le-fil-du-rasoir\/"},"wordCount":1448,"publisher":{"@id":"https:\/\/ismfrance.org\/#organization"},"image":{"@id":"https:\/\/ismfrance.org\/index.php\/2025\/10\/24\/al-khalil-activisme-sur-le-fil-du-rasoir\/#primaryimage"},"thumbnailUrl":"https:\/\/ismfrance.org\/wp-content\/uploads\/2025\/10\/khalil.png","keywords":["Apartheid"],"articleSection":["Articles","T\u00e9moignages"],"inLanguage":"fr-FR"},{"@type":"WebPage","@id":"https:\/\/ismfrance.org\/index.php\/2025\/10\/24\/al-khalil-activisme-sur-le-fil-du-rasoir\/","url":"https:\/\/ismfrance.org\/index.php\/2025\/10\/24\/al-khalil-activisme-sur-le-fil-du-rasoir\/","name":"AL-Khalil : Activisme sur le fil du rasoir - International Solidarity Movement - ISM-France","isPartOf":{"@id":"https:\/\/ismfrance.org\/#website"},"primaryImageOfPage":{"@id":"https:\/\/ismfrance.org\/index.php\/2025\/10\/24\/al-khalil-activisme-sur-le-fil-du-rasoir\/#primaryimage"},"image":{"@id":"https:\/\/ismfrance.org\/index.php\/2025\/10\/24\/al-khalil-activisme-sur-le-fil-du-rasoir\/#primaryimage"},"thumbnailUrl":"https:\/\/ismfrance.org\/wp-content\/uploads\/2025\/10\/khalil.png","datePublished":"2025-10-24T10:01:24+00:00","dateModified":"2025-10-24T10:02:04+00:00","breadcrumb":{"@id":"https:\/\/ismfrance.org\/index.php\/2025\/10\/24\/al-khalil-activisme-sur-le-fil-du-rasoir\/#breadcrumb"},"inLanguage":"fr-FR","potentialAction":[{"@type":"ReadAction","target":["https:\/\/ismfrance.org\/index.php\/2025\/10\/24\/al-khalil-activisme-sur-le-fil-du-rasoir\/"]}]},{"@type":"ImageObject","inLanguage":"fr-FR","@id":"https:\/\/ismfrance.org\/index.php\/2025\/10\/24\/al-khalil-activisme-sur-le-fil-du-rasoir\/#primaryimage","url":"https:\/\/ismfrance.org\/wp-content\/uploads\/2025\/10\/khalil.png","contentUrl":"https:\/\/ismfrance.org\/wp-content\/uploads\/2025\/10\/khalil.png","width":442,"height":602},{"@type":"BreadcrumbList","@id":"https:\/\/ismfrance.org\/index.php\/2025\/10\/24\/al-khalil-activisme-sur-le-fil-du-rasoir\/#breadcrumb","itemListElement":[{"@type":"ListItem","position":1,"name":"Accueil","item":"https:\/\/ismfrance.org\/"},{"@type":"ListItem","position":2,"name":"AL-Khalil : Activisme sur le fil du rasoir"}]},{"@type":"WebSite","@id":"https:\/\/ismfrance.org\/#website","url":"https:\/\/ismfrance.org\/","name":"ISM Palestine France","description":"Soutien aux luttes de lib\u00e9ration du peuple palestinien","publisher":{"@id":"https:\/\/ismfrance.org\/#organization"},"potentialAction":[{"@type":"SearchAction","target":{"@type":"EntryPoint","urlTemplate":"https:\/\/ismfrance.org\/?s={search_term_string}"},"query-input":{"@type":"PropertyValueSpecification","valueRequired":true,"valueName":"search_term_string"}}],"inLanguage":"fr-FR"},{"@type":"Organization","@id":"https:\/\/ismfrance.org\/#organization","name":"International Solidarity Movement","url":"https:\/\/ismfrance.org\/","logo":{"@type":"ImageObject","inLanguage":"fr-FR","@id":"https:\/\/ismfrance.org\/#\/schema\/logo\/image\/","url":"https:\/\/ismfrance.org\/wp-content\/uploads\/2020\/12\/00.png","contentUrl":"https:\/\/ismfrance.org\/wp-content\/uploads\/2020\/12\/00.png","width":400,"height":400,"caption":"International Solidarity Movement"},"image":{"@id":"https:\/\/ismfrance.org\/#\/schema\/logo\/image\/"},"sameAs":["https:\/\/x.com\/ISMFRANCE"]},{"@type":"Person","@id":"https:\/\/ismfrance.org\/#\/schema\/person\/3c411eb72adfaae19c0dca1f41fae01d","name":"mru_01","image":{"@type":"ImageObject","inLanguage":"fr-FR","@id":"https:\/\/secure.gravatar.com\/avatar\/3a0be343b445d2ccc79e87444a294fad2b232e90d2051d0e3cc219e1ecd6a330?s=96&d=mm&r=g","url":"https:\/\/secure.gravatar.com\/avatar\/3a0be343b445d2ccc79e87444a294fad2b232e90d2051d0e3cc219e1ecd6a330?s=96&d=mm&r=g","contentUrl":"https:\/\/secure.gravatar.com\/avatar\/3a0be343b445d2ccc79e87444a294fad2b232e90d2051d0e3cc219e1ecd6a330?s=96&d=mm&r=g","caption":"mru_01"},"url":"https:\/\/ismfrance.org\/index.php\/author\/admin02\/"}]}},"_links":{"self":[{"href":"https:\/\/ismfrance.org\/index.php\/wp-json\/wp\/v2\/posts\/24462","targetHints":{"allow":["GET"]}}],"collection":[{"href":"https:\/\/ismfrance.org\/index.php\/wp-json\/wp\/v2\/posts"}],"about":[{"href":"https:\/\/ismfrance.org\/index.php\/wp-json\/wp\/v2\/types\/post"}],"author":[{"embeddable":true,"href":"https:\/\/ismfrance.org\/index.php\/wp-json\/wp\/v2\/users\/3"}],"replies":[{"embeddable":true,"href":"https:\/\/ismfrance.org\/index.php\/wp-json\/wp\/v2\/comments?post=24462"}],"version-history":[{"count":0,"href":"https:\/\/ismfrance.org\/index.php\/wp-json\/wp\/v2\/posts\/24462\/revisions"}],"wp:featuredmedia":[{"embeddable":true,"href":"https:\/\/ismfrance.org\/index.php\/wp-json\/wp\/v2\/media\/24465"}],"wp:attachment":[{"href":"https:\/\/ismfrance.org\/index.php\/wp-json\/wp\/v2\/media?parent=24462"}],"wp:term":[{"taxonomy":"category","embeddable":true,"href":"https:\/\/ismfrance.org\/index.php\/wp-json\/wp\/v2\/categories?post=24462"},{"taxonomy":"post_tag","embeddable":true,"href":"https:\/\/ismfrance.org\/index.php\/wp-json\/wp\/v2\/tags?post=24462"}],"curies":[{"name":"wp","href":"https:\/\/api.w.org\/{rel}","templated":true}]}}