{"id":24456,"date":"2025-10-24T11:19:35","date_gmt":"2025-10-24T09:19:35","guid":{"rendered":"https:\/\/ismfrance.org\/?p=24456"},"modified":"2025-10-24T11:19:35","modified_gmt":"2025-10-24T09:19:35","slug":"le-parlement-israelien-adopte-un-projet-de-loi-visant-a-annexer-la-cisjordanie-occupee","status":"publish","type":"post","link":"https:\/\/ismfrance.org\/index.php\/2025\/10\/24\/le-parlement-israelien-adopte-un-projet-de-loi-visant-a-annexer-la-cisjordanie-occupee\/","title":{"rendered":"Le Parlement isra\u00e9lien adopte un projet de loi visant \u00e0 annexer la Cisjordanie occup\u00e9e"},"content":{"rendered":"<p><span style=\"color: #000000;\"><span style=\"font-family: Arial, sans-serif;\"><span style=\"font-size: medium;\"><strong>Al Jazeera, 22 octobre 2025.<\/strong>&#8211; Le projet de loi a \u00e9t\u00e9 adopt\u00e9 par 25 voix contre 24, malgr\u00e9 l&rsquo;opposition du Premier ministre Netanyahou, lors du premier des quatre votes n\u00e9cessaires \u00e0 son adoption.<\/span><\/span><\/span><\/p>\n<div id=\"attachment_24460\" style=\"width: 410px\" class=\"wp-caption aligncenter\"><a href=\"https:\/\/ismfrance.org\/wp-content\/uploads\/2025\/10\/armee-et-colons.jpg\"><img loading=\"lazy\" decoding=\"async\" aria-describedby=\"caption-attachment-24460\" class=\"wp-image-24460 size-full\" src=\"https:\/\/ismfrance.org\/wp-content\/uploads\/2025\/10\/armee-et-colons.jpg\" alt=\"\" width=\"400\" height=\"301\" srcset=\"https:\/\/ismfrance.org\/wp-content\/uploads\/2025\/10\/armee-et-colons.jpg 400w, https:\/\/ismfrance.org\/wp-content\/uploads\/2025\/10\/armee-et-colons-300x226.jpg 300w, https:\/\/ismfrance.org\/wp-content\/uploads\/2025\/10\/armee-et-colons-350x263.jpg 350w\" sizes=\"auto, (max-width: 400px) 100vw, 400px\" \/><\/a><p id=\"caption-attachment-24460\" class=\"wp-caption-text\"><em><strong>Une annexion qui existe d\u00e9j\u00e0 sur le terrain. Ici colons et soldats isra\u00e9liens unis pour emp\u00eacher les Palestiniens de r\u00e9colter leurs olives, \u00e0 Beita, le 10 octobre 2025.<\/strong><\/em><\/p><\/div>\n<p><span style=\"color: #000000;\"><span style=\"font-family: Arial, sans-serif;\"><span style=\"font-size: medium;\">Le Parlement isra\u00e9lien a vot\u00e9 en faveur d&rsquo;une approbation pr\u00e9liminaire d&rsquo;un projet de loi visant \u00e0 imposer la souverainet\u00e9 isra\u00e9lienne sur la Cisjordanie occup\u00e9e, une mesure \u00e9quivalant \u00e0 une annexion du territoire palestinien, ce qui constituerait une violation flagrante du droit international.<\/span><\/span><\/span><\/p>\n<p><span style=\"color: #000000;\"><span style=\"font-family: Arial, sans-serif;\"><span style=\"font-size: medium;\">Malgr\u00e9 l&rsquo;opposition du Premier ministre isra\u00e9lien Benjamin Netanyahou et de son parti, le Likoud, les d\u00e9put\u00e9s de la Knesset, qui compte 120 si\u00e8ges, ont vot\u00e9 mardi par 25 voix contre 24 en faveur du projet de loi, lors du premier des quatre votes n\u00e9cessaires \u00e0 son adoption.<\/span><\/span><\/span><\/p>\n<p><span style=\"color: #000000;\"><span style=\"font-family: Arial, sans-serif;\"><span style=\"font-size: medium;\">Un communiqu\u00e9 de la Knesset indique que le projet de loi a \u00e9t\u00e9 approuv\u00e9 en lecture pr\u00e9liminaire \u00ab\u00a0<em>pour appliquer la souverainet\u00e9 de l&rsquo;\u00c9tat d&rsquo;Isra\u00ebl aux territoires de Jud\u00e9e-Samarie<\/em> (Cisjordanie)\u00a0\u00bb. Il sera maintenant soumis \u00e0 la commission des affaires \u00e9trang\u00e8res et de la d\u00e9fense de la Knesset pour de plus amples d\u00e9lib\u00e9rations.<\/span><\/span><\/span><\/p>\n<p><a href=\"https:\/\/ismfrance.org\/wp-content\/uploads\/2025\/10\/votes.webp\"><img loading=\"lazy\" decoding=\"async\" class=\"size-large wp-image-24458 aligncenter\" src=\"https:\/\/ismfrance.org\/wp-content\/uploads\/2025\/10\/votes-560x700.webp\" alt=\"\" width=\"560\" height=\"700\" srcset=\"https:\/\/ismfrance.org\/wp-content\/uploads\/2025\/10\/votes-560x700.webp 560w, https:\/\/ismfrance.org\/wp-content\/uploads\/2025\/10\/votes-240x300.webp 240w, https:\/\/ismfrance.org\/wp-content\/uploads\/2025\/10\/votes-768x960.webp 768w, https:\/\/ismfrance.org\/wp-content\/uploads\/2025\/10\/votes.webp 1080w\" sizes=\"auto, (max-width: 560px) 100vw, 560px\" \/><\/a><span style=\"color: #000000;\"><span style=\"font-family: Arial, sans-serif;\"><span style=\"font-size: medium;\">Le vote, qui a eu lieu un mois apr\u00e8s que le pr\u00e9sident am\u00e9ricain Donald Trump a d\u00e9clar\u00e9 qu&rsquo;il ne permettrait pas \u00e0 Isra\u00ebl d&rsquo;annexer la Cisjordanie occup\u00e9e, s&rsquo;est tenu lors d&rsquo;une visite du vice-pr\u00e9sident am\u00e9ricain J.D. Vance en Isra\u00ebl pour consolider l&rsquo;accord de cessez-le-feu \u00e0 Gaza.<\/span><\/span><\/span><\/p>\n<p><span style=\"color: #000000;\"><span style=\"font-family: Arial, sans-serif;\"><span style=\"font-size: medium;\">Avant son d\u00e9part des \u00c9tats-Unis pour Isra\u00ebl, le secr\u00e9taire d&rsquo;\u00c9tat Marco Rubio a d\u00e9clar\u00e9 mercredi que le pr\u00e9sident Trump avait \u00ab <em>clairement indiqu\u00e9<\/em> \u00bb que le vote de la Knesset sur l&rsquo;annexion n&rsquo;\u00e9tait \u00ab <em>pas une mesure que nous soutiendrions<\/em> \u00bb.<\/span><\/span><\/span><\/p>\n<p><span style=\"color: #000000;\"><span style=\"font-family: Arial, sans-serif;\"><span style=\"font-size: medium;\">\u00ab <em>Nous pensons que cela menace m\u00eame l&rsquo;accord de paix<\/em> \u00bb, a d\u00e9clar\u00e9 M. Rubio, faisant r\u00e9f\u00e9rence au plan de Trump visant \u00e0 mettre fin \u00e0 la guerre isra\u00e9lienne contre Gaza.<\/span><\/span><\/span><\/p>\n<p><span style=\"color: #000000;\"><span style=\"font-family: Arial, sans-serif;\"><span style=\"font-size: medium;\">\u00ab <em>Nous pensons que cela pourrait \u00eatre contre-productif<\/em> \u00bb, a-t-il ajout\u00e9.<\/span><\/span><\/span><\/p>\n<p><span style=\"color: #000000;\"><span style=\"font-family: Arial, sans-serif;\"><span style=\"font-size: medium;\">Dans un communiqu\u00e9, le Likoud a qualifi\u00e9 ces votes de \u00ab <em>nouvelle provocation de l&rsquo;opposition visant \u00e0 nuire \u00e0 nos relations avec les \u00c9tats-Unis<\/em> \u00bb.<\/span><\/span><\/span><\/p>\n<pre><em><strong><span style=\"color: #000000;\"><span style=\"font-family: Arial, sans-serif;\"><span style=\"font-size: medium;\">Article original en anglaiso sur <a href=\"https:\/\/www.aljazeera.com\/news\/2025\/10\/22\/israels-parliament-advances-bill-to-annex-occupied-west-bank\">Al Jazeera<\/a> \/ Traduction MR<\/span><\/span><\/span><\/strong><\/em><\/pre>\n","protected":false},"excerpt":{"rendered":"<p>Al Jazeera, 22 octobre 2025.&#8211; Le projet de loi a \u00e9t\u00e9 adopt\u00e9 par 25 voix contre 24, malgr\u00e9 l&rsquo;opposition du Premier ministre Netanyahou, lors du premier des quatre votes n\u00e9cessaires <a class=\"more-link\" href=\"https:\/\/ismfrance.org\/index.php\/2025\/10\/24\/le-parlement-israelien-adopte-un-projet-de-loi-visant-a-annexer-la-cisjordanie-occupee\/\">Lire la suite &rarr;<\/a><\/p>\n","protected":false},"author":3,"featured_media":24460,"comment_status":"closed","ping_status":"closed","sticky":false,"template":"","format":"standard","meta":{"footnotes":""},"categories":[12,2],"tags":[51,74],"class_list":["post-24456","post","type-post","status-publish","format-standard","has-post-thumbnail","hentry","category-analyses","category-articles","tag-colonialisme","tag-sionisme"],"yoast_head":"<!-- This site is optimized with the Yoast SEO plugin v27.2 - https:\/\/yoast.com\/product\/yoast-seo-wordpress\/ -->\n<title>Le Parlement isra\u00e9lien adopte un projet de loi visant \u00e0 annexer la Cisjordanie occup\u00e9e - International Solidarity Movement - ISM-France<\/title>\n<meta name=\"robots\" content=\"index, follow, max-snippet:-1, max-image-preview:large, max-video-preview:-1\" \/>\n<link rel=\"canonical\" href=\"https:\/\/ismfrance.org\/index.php\/2025\/10\/24\/le-parlement-israelien-adopte-un-projet-de-loi-visant-a-annexer-la-cisjordanie-occupee\/\" \/>\n<meta property=\"og:locale\" content=\"fr_FR\" \/>\n<meta property=\"og:type\" content=\"article\" \/>\n<meta property=\"og:title\" content=\"Le Parlement isra\u00e9lien adopte un projet de loi visant \u00e0 annexer la Cisjordanie occup\u00e9e - International Solidarity Movement - ISM-France\" \/>\n<meta property=\"og:description\" content=\"Al Jazeera, 22 octobre 2025.&#8211; Le projet de loi a \u00e9t\u00e9 adopt\u00e9 par 25 voix contre 24, malgr\u00e9 l&rsquo;opposition du Premier ministre Netanyahou, lors du premier des quatre votes n\u00e9cessaires Lire la suite &rarr;\" \/>\n<meta property=\"og:url\" content=\"https:\/\/ismfrance.org\/index.php\/2025\/10\/24\/le-parlement-israelien-adopte-un-projet-de-loi-visant-a-annexer-la-cisjordanie-occupee\/\" \/>\n<meta property=\"og:site_name\" content=\"International Solidarity Movement - ISM-France\" \/>\n<meta property=\"article:published_time\" content=\"2025-10-24T09:19:35+00:00\" \/>\n<meta property=\"og:image\" content=\"https:\/\/ismfrance.org\/wp-content\/uploads\/2025\/10\/armee-et-colons.jpg\" \/>\n\t<meta property=\"og:image:width\" content=\"400\" \/>\n\t<meta property=\"og:image:height\" content=\"301\" \/>\n\t<meta property=\"og:image:type\" content=\"image\/jpeg\" \/>\n<meta name=\"author\" content=\"mru_01\" \/>\n<meta name=\"twitter:card\" content=\"summary_large_image\" \/>\n<meta name=\"twitter:creator\" content=\"@ISMFRANCE\" \/>\n<meta name=\"twitter:site\" content=\"@ISMFRANCE\" \/>\n<meta name=\"twitter:label1\" content=\"\u00c9crit par\" \/>\n\t<meta name=\"twitter:data1\" content=\"mru_01\" \/>\n\t<meta name=\"twitter:label2\" content=\"Dur\u00e9e de lecture estim\u00e9e\" \/>\n\t<meta name=\"twitter:data2\" content=\"3 minutes\" \/>\n<script type=\"application\/ld+json\" class=\"yoast-schema-graph\">{\"@context\":\"https:\/\/schema.org\",\"@graph\":[{\"@type\":\"Article\",\"@id\":\"https:\/\/ismfrance.org\/index.php\/2025\/10\/24\/le-parlement-israelien-adopte-un-projet-de-loi-visant-a-annexer-la-cisjordanie-occupee\/#article\",\"isPartOf\":{\"@id\":\"https:\/\/ismfrance.org\/index.php\/2025\/10\/24\/le-parlement-israelien-adopte-un-projet-de-loi-visant-a-annexer-la-cisjordanie-occupee\/\"},\"author\":{\"name\":\"mru_01\",\"@id\":\"https:\/\/ismfrance.org\/#\/schema\/person\/3c411eb72adfaae19c0dca1f41fae01d\"},\"headline\":\"Le Parlement isra\u00e9lien adopte un projet de loi visant \u00e0 annexer la Cisjordanie occup\u00e9e\",\"datePublished\":\"2025-10-24T09:19:35+00:00\",\"mainEntityOfPage\":{\"@id\":\"https:\/\/ismfrance.org\/index.php\/2025\/10\/24\/le-parlement-israelien-adopte-un-projet-de-loi-visant-a-annexer-la-cisjordanie-occupee\/\"},\"wordCount\":404,\"publisher\":{\"@id\":\"https:\/\/ismfrance.org\/#organization\"},\"image\":{\"@id\":\"https:\/\/ismfrance.org\/index.php\/2025\/10\/24\/le-parlement-israelien-adopte-un-projet-de-loi-visant-a-annexer-la-cisjordanie-occupee\/#primaryimage\"},\"thumbnailUrl\":\"https:\/\/ismfrance.org\/wp-content\/uploads\/2025\/10\/armee-et-colons.jpg\",\"keywords\":[\"colonialisme\",\"Sionisme\"],\"articleSection\":[\"Analyses\",\"Articles\"],\"inLanguage\":\"fr-FR\"},{\"@type\":\"WebPage\",\"@id\":\"https:\/\/ismfrance.org\/index.php\/2025\/10\/24\/le-parlement-israelien-adopte-un-projet-de-loi-visant-a-annexer-la-cisjordanie-occupee\/\",\"url\":\"https:\/\/ismfrance.org\/index.php\/2025\/10\/24\/le-parlement-israelien-adopte-un-projet-de-loi-visant-a-annexer-la-cisjordanie-occupee\/\",\"name\":\"Le Parlement isra\u00e9lien adopte un projet de loi visant \u00e0 annexer la Cisjordanie occup\u00e9e - International Solidarity Movement - ISM-France\",\"isPartOf\":{\"@id\":\"https:\/\/ismfrance.org\/#website\"},\"primaryImageOfPage\":{\"@id\":\"https:\/\/ismfrance.org\/index.php\/2025\/10\/24\/le-parlement-israelien-adopte-un-projet-de-loi-visant-a-annexer-la-cisjordanie-occupee\/#primaryimage\"},\"image\":{\"@id\":\"https:\/\/ismfrance.org\/index.php\/2025\/10\/24\/le-parlement-israelien-adopte-un-projet-de-loi-visant-a-annexer-la-cisjordanie-occupee\/#primaryimage\"},\"thumbnailUrl\":\"https:\/\/ismfrance.org\/wp-content\/uploads\/2025\/10\/armee-et-colons.jpg\",\"datePublished\":\"2025-10-24T09:19:35+00:00\",\"breadcrumb\":{\"@id\":\"https:\/\/ismfrance.org\/index.php\/2025\/10\/24\/le-parlement-israelien-adopte-un-projet-de-loi-visant-a-annexer-la-cisjordanie-occupee\/#breadcrumb\"},\"inLanguage\":\"fr-FR\",\"potentialAction\":[{\"@type\":\"ReadAction\",\"target\":[\"https:\/\/ismfrance.org\/index.php\/2025\/10\/24\/le-parlement-israelien-adopte-un-projet-de-loi-visant-a-annexer-la-cisjordanie-occupee\/\"]}]},{\"@type\":\"ImageObject\",\"inLanguage\":\"fr-FR\",\"@id\":\"https:\/\/ismfrance.org\/index.php\/2025\/10\/24\/le-parlement-israelien-adopte-un-projet-de-loi-visant-a-annexer-la-cisjordanie-occupee\/#primaryimage\",\"url\":\"https:\/\/ismfrance.org\/wp-content\/uploads\/2025\/10\/armee-et-colons.jpg\",\"contentUrl\":\"https:\/\/ismfrance.org\/wp-content\/uploads\/2025\/10\/armee-et-colons.jpg\",\"width\":400,\"height\":301},{\"@type\":\"BreadcrumbList\",\"@id\":\"https:\/\/ismfrance.org\/index.php\/2025\/10\/24\/le-parlement-israelien-adopte-un-projet-de-loi-visant-a-annexer-la-cisjordanie-occupee\/#breadcrumb\",\"itemListElement\":[{\"@type\":\"ListItem\",\"position\":1,\"name\":\"Accueil\",\"item\":\"https:\/\/ismfrance.org\/\"},{\"@type\":\"ListItem\",\"position\":2,\"name\":\"Le Parlement isra\u00e9lien adopte un projet de loi visant \u00e0 annexer la Cisjordanie occup\u00e9e\"}]},{\"@type\":\"WebSite\",\"@id\":\"https:\/\/ismfrance.org\/#website\",\"url\":\"https:\/\/ismfrance.org\/\",\"name\":\"ISM Palestine France\",\"description\":\"Soutien aux luttes de lib\u00e9ration du peuple palestinien\",\"publisher\":{\"@id\":\"https:\/\/ismfrance.org\/#organization\"},\"potentialAction\":[{\"@type\":\"SearchAction\",\"target\":{\"@type\":\"EntryPoint\",\"urlTemplate\":\"https:\/\/ismfrance.org\/?s={search_term_string}\"},\"query-input\":{\"@type\":\"PropertyValueSpecification\",\"valueRequired\":true,\"valueName\":\"search_term_string\"}}],\"inLanguage\":\"fr-FR\"},{\"@type\":\"Organization\",\"@id\":\"https:\/\/ismfrance.org\/#organization\",\"name\":\"International Solidarity Movement\",\"url\":\"https:\/\/ismfrance.org\/\",\"logo\":{\"@type\":\"ImageObject\",\"inLanguage\":\"fr-FR\",\"@id\":\"https:\/\/ismfrance.org\/#\/schema\/logo\/image\/\",\"url\":\"https:\/\/ismfrance.org\/wp-content\/uploads\/2020\/12\/00.png\",\"contentUrl\":\"https:\/\/ismfrance.org\/wp-content\/uploads\/2020\/12\/00.png\",\"width\":400,\"height\":400,\"caption\":\"International Solidarity Movement\"},\"image\":{\"@id\":\"https:\/\/ismfrance.org\/#\/schema\/logo\/image\/\"},\"sameAs\":[\"https:\/\/x.com\/ISMFRANCE\"]},{\"@type\":\"Person\",\"@id\":\"https:\/\/ismfrance.org\/#\/schema\/person\/3c411eb72adfaae19c0dca1f41fae01d\",\"name\":\"mru_01\",\"image\":{\"@type\":\"ImageObject\",\"inLanguage\":\"fr-FR\",\"@id\":\"https:\/\/secure.gravatar.com\/avatar\/3a0be343b445d2ccc79e87444a294fad2b232e90d2051d0e3cc219e1ecd6a330?s=96&d=mm&r=g\",\"url\":\"https:\/\/secure.gravatar.com\/avatar\/3a0be343b445d2ccc79e87444a294fad2b232e90d2051d0e3cc219e1ecd6a330?s=96&d=mm&r=g\",\"contentUrl\":\"https:\/\/secure.gravatar.com\/avatar\/3a0be343b445d2ccc79e87444a294fad2b232e90d2051d0e3cc219e1ecd6a330?s=96&d=mm&r=g\",\"caption\":\"mru_01\"},\"url\":\"https:\/\/ismfrance.org\/index.php\/author\/admin02\/\"}]}<\/script>\n<!-- \/ Yoast SEO plugin. -->","yoast_head_json":{"title":"Le Parlement isra\u00e9lien adopte un projet de loi visant \u00e0 annexer la Cisjordanie occup\u00e9e - International Solidarity Movement - ISM-France","robots":{"index":"index","follow":"follow","max-snippet":"max-snippet:-1","max-image-preview":"max-image-preview:large","max-video-preview":"max-video-preview:-1"},"canonical":"https:\/\/ismfrance.org\/index.php\/2025\/10\/24\/le-parlement-israelien-adopte-un-projet-de-loi-visant-a-annexer-la-cisjordanie-occupee\/","og_locale":"fr_FR","og_type":"article","og_title":"Le Parlement isra\u00e9lien adopte un projet de loi visant \u00e0 annexer la Cisjordanie occup\u00e9e - International Solidarity Movement - ISM-France","og_description":"Al Jazeera, 22 octobre 2025.&#8211; Le projet de loi a \u00e9t\u00e9 adopt\u00e9 par 25 voix contre 24, malgr\u00e9 l&rsquo;opposition du Premier ministre Netanyahou, lors du premier des quatre votes n\u00e9cessaires Lire la suite &rarr;","og_url":"https:\/\/ismfrance.org\/index.php\/2025\/10\/24\/le-parlement-israelien-adopte-un-projet-de-loi-visant-a-annexer-la-cisjordanie-occupee\/","og_site_name":"International Solidarity Movement - ISM-France","article_published_time":"2025-10-24T09:19:35+00:00","og_image":[{"width":400,"height":301,"url":"https:\/\/ismfrance.org\/wp-content\/uploads\/2025\/10\/armee-et-colons.jpg","type":"image\/jpeg"}],"author":"mru_01","twitter_card":"summary_large_image","twitter_creator":"@ISMFRANCE","twitter_site":"@ISMFRANCE","twitter_misc":{"\u00c9crit par":"mru_01","Dur\u00e9e de lecture estim\u00e9e":"3 minutes"},"schema":{"@context":"https:\/\/schema.org","@graph":[{"@type":"Article","@id":"https:\/\/ismfrance.org\/index.php\/2025\/10\/24\/le-parlement-israelien-adopte-un-projet-de-loi-visant-a-annexer-la-cisjordanie-occupee\/#article","isPartOf":{"@id":"https:\/\/ismfrance.org\/index.php\/2025\/10\/24\/le-parlement-israelien-adopte-un-projet-de-loi-visant-a-annexer-la-cisjordanie-occupee\/"},"author":{"name":"mru_01","@id":"https:\/\/ismfrance.org\/#\/schema\/person\/3c411eb72adfaae19c0dca1f41fae01d"},"headline":"Le Parlement isra\u00e9lien adopte un projet de loi visant \u00e0 annexer la Cisjordanie occup\u00e9e","datePublished":"2025-10-24T09:19:35+00:00","mainEntityOfPage":{"@id":"https:\/\/ismfrance.org\/index.php\/2025\/10\/24\/le-parlement-israelien-adopte-un-projet-de-loi-visant-a-annexer-la-cisjordanie-occupee\/"},"wordCount":404,"publisher":{"@id":"https:\/\/ismfrance.org\/#organization"},"image":{"@id":"https:\/\/ismfrance.org\/index.php\/2025\/10\/24\/le-parlement-israelien-adopte-un-projet-de-loi-visant-a-annexer-la-cisjordanie-occupee\/#primaryimage"},"thumbnailUrl":"https:\/\/ismfrance.org\/wp-content\/uploads\/2025\/10\/armee-et-colons.jpg","keywords":["colonialisme","Sionisme"],"articleSection":["Analyses","Articles"],"inLanguage":"fr-FR"},{"@type":"WebPage","@id":"https:\/\/ismfrance.org\/index.php\/2025\/10\/24\/le-parlement-israelien-adopte-un-projet-de-loi-visant-a-annexer-la-cisjordanie-occupee\/","url":"https:\/\/ismfrance.org\/index.php\/2025\/10\/24\/le-parlement-israelien-adopte-un-projet-de-loi-visant-a-annexer-la-cisjordanie-occupee\/","name":"Le Parlement isra\u00e9lien adopte un projet de loi visant \u00e0 annexer la Cisjordanie occup\u00e9e - International Solidarity Movement - ISM-France","isPartOf":{"@id":"https:\/\/ismfrance.org\/#website"},"primaryImageOfPage":{"@id":"https:\/\/ismfrance.org\/index.php\/2025\/10\/24\/le-parlement-israelien-adopte-un-projet-de-loi-visant-a-annexer-la-cisjordanie-occupee\/#primaryimage"},"image":{"@id":"https:\/\/ismfrance.org\/index.php\/2025\/10\/24\/le-parlement-israelien-adopte-un-projet-de-loi-visant-a-annexer-la-cisjordanie-occupee\/#primaryimage"},"thumbnailUrl":"https:\/\/ismfrance.org\/wp-content\/uploads\/2025\/10\/armee-et-colons.jpg","datePublished":"2025-10-24T09:19:35+00:00","breadcrumb":{"@id":"https:\/\/ismfrance.org\/index.php\/2025\/10\/24\/le-parlement-israelien-adopte-un-projet-de-loi-visant-a-annexer-la-cisjordanie-occupee\/#breadcrumb"},"inLanguage":"fr-FR","potentialAction":[{"@type":"ReadAction","target":["https:\/\/ismfrance.org\/index.php\/2025\/10\/24\/le-parlement-israelien-adopte-un-projet-de-loi-visant-a-annexer-la-cisjordanie-occupee\/"]}]},{"@type":"ImageObject","inLanguage":"fr-FR","@id":"https:\/\/ismfrance.org\/index.php\/2025\/10\/24\/le-parlement-israelien-adopte-un-projet-de-loi-visant-a-annexer-la-cisjordanie-occupee\/#primaryimage","url":"https:\/\/ismfrance.org\/wp-content\/uploads\/2025\/10\/armee-et-colons.jpg","contentUrl":"https:\/\/ismfrance.org\/wp-content\/uploads\/2025\/10\/armee-et-colons.jpg","width":400,"height":301},{"@type":"BreadcrumbList","@id":"https:\/\/ismfrance.org\/index.php\/2025\/10\/24\/le-parlement-israelien-adopte-un-projet-de-loi-visant-a-annexer-la-cisjordanie-occupee\/#breadcrumb","itemListElement":[{"@type":"ListItem","position":1,"name":"Accueil","item":"https:\/\/ismfrance.org\/"},{"@type":"ListItem","position":2,"name":"Le Parlement isra\u00e9lien adopte un projet de loi visant \u00e0 annexer la Cisjordanie occup\u00e9e"}]},{"@type":"WebSite","@id":"https:\/\/ismfrance.org\/#website","url":"https:\/\/ismfrance.org\/","name":"ISM Palestine France","description":"Soutien aux luttes de lib\u00e9ration du peuple palestinien","publisher":{"@id":"https:\/\/ismfrance.org\/#organization"},"potentialAction":[{"@type":"SearchAction","target":{"@type":"EntryPoint","urlTemplate":"https:\/\/ismfrance.org\/?s={search_term_string}"},"query-input":{"@type":"PropertyValueSpecification","valueRequired":true,"valueName":"search_term_string"}}],"inLanguage":"fr-FR"},{"@type":"Organization","@id":"https:\/\/ismfrance.org\/#organization","name":"International Solidarity Movement","url":"https:\/\/ismfrance.org\/","logo":{"@type":"ImageObject","inLanguage":"fr-FR","@id":"https:\/\/ismfrance.org\/#\/schema\/logo\/image\/","url":"https:\/\/ismfrance.org\/wp-content\/uploads\/2020\/12\/00.png","contentUrl":"https:\/\/ismfrance.org\/wp-content\/uploads\/2020\/12\/00.png","width":400,"height":400,"caption":"International Solidarity Movement"},"image":{"@id":"https:\/\/ismfrance.org\/#\/schema\/logo\/image\/"},"sameAs":["https:\/\/x.com\/ISMFRANCE"]},{"@type":"Person","@id":"https:\/\/ismfrance.org\/#\/schema\/person\/3c411eb72adfaae19c0dca1f41fae01d","name":"mru_01","image":{"@type":"ImageObject","inLanguage":"fr-FR","@id":"https:\/\/secure.gravatar.com\/avatar\/3a0be343b445d2ccc79e87444a294fad2b232e90d2051d0e3cc219e1ecd6a330?s=96&d=mm&r=g","url":"https:\/\/secure.gravatar.com\/avatar\/3a0be343b445d2ccc79e87444a294fad2b232e90d2051d0e3cc219e1ecd6a330?s=96&d=mm&r=g","contentUrl":"https:\/\/secure.gravatar.com\/avatar\/3a0be343b445d2ccc79e87444a294fad2b232e90d2051d0e3cc219e1ecd6a330?s=96&d=mm&r=g","caption":"mru_01"},"url":"https:\/\/ismfrance.org\/index.php\/author\/admin02\/"}]}},"_links":{"self":[{"href":"https:\/\/ismfrance.org\/index.php\/wp-json\/wp\/v2\/posts\/24456","targetHints":{"allow":["GET"]}}],"collection":[{"href":"https:\/\/ismfrance.org\/index.php\/wp-json\/wp\/v2\/posts"}],"about":[{"href":"https:\/\/ismfrance.org\/index.php\/wp-json\/wp\/v2\/types\/post"}],"author":[{"embeddable":true,"href":"https:\/\/ismfrance.org\/index.php\/wp-json\/wp\/v2\/users\/3"}],"replies":[{"embeddable":true,"href":"https:\/\/ismfrance.org\/index.php\/wp-json\/wp\/v2\/comments?post=24456"}],"version-history":[{"count":0,"href":"https:\/\/ismfrance.org\/index.php\/wp-json\/wp\/v2\/posts\/24456\/revisions"}],"wp:featuredmedia":[{"embeddable":true,"href":"https:\/\/ismfrance.org\/index.php\/wp-json\/wp\/v2\/media\/24460"}],"wp:attachment":[{"href":"https:\/\/ismfrance.org\/index.php\/wp-json\/wp\/v2\/media?parent=24456"}],"wp:term":[{"taxonomy":"category","embeddable":true,"href":"https:\/\/ismfrance.org\/index.php\/wp-json\/wp\/v2\/categories?post=24456"},{"taxonomy":"post_tag","embeddable":true,"href":"https:\/\/ismfrance.org\/index.php\/wp-json\/wp\/v2\/tags?post=24456"}],"curies":[{"name":"wp","href":"https:\/\/api.w.org\/{rel}","templated":true}]}}