{"id":24452,"date":"2025-10-24T10:31:42","date_gmt":"2025-10-24T08:31:42","guid":{"rendered":"https:\/\/ismfrance.org\/?p=24452"},"modified":"2025-10-24T10:31:42","modified_gmt":"2025-10-24T08:31:42","slug":"fabriquer-la-guerre-civile-la-doctrine-sioniste-pour-detruire-la-resistance","status":"publish","type":"post","link":"https:\/\/ismfrance.org\/index.php\/2025\/10\/24\/fabriquer-la-guerre-civile-la-doctrine-sioniste-pour-detruire-la-resistance\/","title":{"rendered":"Fabriquer la guerre civile\u00a0: la doctrine sioniste pour d\u00e9truire la r\u00e9sistance"},"content":{"rendered":"<p><span style=\"color: #000000;\"><span style=\"font-family: Arial, sans-serif;\"><span style=\"font-size: medium;\"><strong>Robert Inlakesh, 21 octobre 2025.<\/strong> \u2013 L\u2019\u00e9poque o\u00f9 les \u00c9tats-Unis et leurs alli\u00e9s isra\u00e9liens pouvaient remporter des victoires militaires directes sur leurs adversaires en Asie occidentale est r\u00e9volue. Ils ont d\u00e9sormais adopt\u00e9 une doctrine calcul\u00e9e du diviser pour r\u00e9gner. Dans le contexte de la guerre r\u00e9gionale en cours, c\u2019est sur le front de l\u2019information que les batailles se construisent et finissent par \u00eatre gagn\u00e9es.<\/span><\/span><\/span><\/p>\n<p><a href=\"https:\/\/ismfrance.org\/wp-content\/uploads\/2025\/10\/al-mayadeen-1.jpg\"><img loading=\"lazy\" decoding=\"async\" class=\"alignnone size-large wp-image-24454\" src=\"https:\/\/ismfrance.org\/wp-content\/uploads\/2025\/10\/al-mayadeen-1-700x551.jpg\" alt=\"\" width=\"600\" height=\"472\" srcset=\"https:\/\/ismfrance.org\/wp-content\/uploads\/2025\/10\/al-mayadeen-1-700x551.jpg 700w, https:\/\/ismfrance.org\/wp-content\/uploads\/2025\/10\/al-mayadeen-1-300x236.jpg 300w, https:\/\/ismfrance.org\/wp-content\/uploads\/2025\/10\/al-mayadeen-1-768x604.jpg 768w, https:\/\/ismfrance.org\/wp-content\/uploads\/2025\/10\/al-mayadeen-1.jpg 1000w\" sizes=\"auto, (max-width: 600px) 100vw, 600px\" \/><\/a><\/p>\n<p><span style=\"color: #000000;\"><span style=\"font-family: Arial, sans-serif;\"><span style=\"font-size: medium;\">Depuis le 7\u00a0octobre 2023, l\u2019alliance isra\u00e9lo-am\u00e9ricaine a d\u00e9montr\u00e9 son incapacit\u00e9 \u00e0 remporter des guerres d\u00e9cisives par une intervention militaire directe. M\u00eame les gains limit\u00e9s obtenus par ce bloc sioniste-imp\u00e9rialiste au cours des deux derni\u00e8res ann\u00e9es n\u2019ont pas repos\u00e9 sur des victoires sur le champ de bataille, mais sur un m\u00e9lange calcul\u00e9 de tactiques, la propagande \u00e9tant au c\u0153ur de leur action.<\/span><\/span><\/span><\/p>\n<p><span style=\"color: #000000;\"><span style=\"font-family: Arial, sans-serif;\"><span style=\"font-size: medium;\">\u00c0 la suite des invasions am\u00e9ricaines d\u00e9sastreuses et co\u00fbteuses de pays comme l\u2019Irak et l\u2019Afghanistan, il est devenu \u00e9vident que renverser des gouvernements par une intervention militaire directe \u00e9tait une strat\u00e9gie \u00e0 remplacer. Non seulement en raison de la complexit\u00e9 militaire et du d\u00e9veloppement de technologies plus sophistiqu\u00e9es par leurs adversaires, mais aussi de l&rsquo;impact durable de ces guerres d&rsquo;agression sur les populations locales.<\/span><\/span><\/span><\/p>\n<p><span style=\"color: #000000;\"><span style=\"font-family: Arial, sans-serif;\"><span style=\"font-size: medium;\">Apr\u00e8s tout, quelle que soit l&rsquo;oppression d&rsquo;un gouvernement donn\u00e9, les soldats am\u00e9ricains qui commettent des violations des droits humains, s&#8217;emparent directement de territoires et de ressources p\u00e9troli\u00e8res et r\u00e9duisent des villes en ruines ne font qu&rsquo;engendrer des g\u00e9n\u00e9rations de m\u00e9pris. Par cons\u00e9quent, apaiser les voix r\u00e9volutionnaires et d\u00e9truire ces mouvements exige une approche diff\u00e9rente, sans doute plus brutale que la premi\u00e8re.<\/span><\/span><\/span><\/p>\n<p><span style=\"color: #000000;\"><span style=\"font-family: Arial, sans-serif;\"><span style=\"font-size: medium;\"><strong><span style=\"font-size: large;\"><b>D\u00e9sarmer la R\u00e9sistance<\/b><\/span><\/strong><\/span><\/span><\/span><\/p>\n<p><span style=\"color: #000000;\"><span style=\"font-family: Arial, sans-serif;\"><span style=\"font-size: medium;\">Des initiatives de d\u00e9sarmement des groupes de R\u00e9sistance sont actuellement en cours dans toute la r\u00e9gion. Cette mission comprend le d\u00e9sarmement du Hezbollah, des Forces de mobilisation populaire (FMP) et du Hamas, ainsi que de toutes les factions palestiniennes.<\/span><\/span><\/span><\/p>\n<p><span style=\"color: #000000;\"><span style=\"font-family: Arial, sans-serif;\"><span style=\"font-size: medium;\">Pour y parvenir, il est n\u00e9cessaire de s&rsquo;attaquer \u00e0 diff\u00e9rents points de pression. Dans le cadre de cet article, nous nous concentrerons sur les cas du Hezbollah et du Hamas, qui pr\u00e9sentent de fortes similitudes.<\/span><\/span><\/span><\/p>\n<p><span style=\"color: #000000;\"><span style=\"font-family: Arial, sans-serif;\"><span style=\"font-size: medium;\">Depuis le d\u00e9but de l&rsquo;op\u00e9ration D\u00e9luge d&rsquo;Al-Aqsa, les Isra\u00e9liens cherchent \u00e0 transformer leur d\u00e9faite militaire en une occasion d&rsquo;\u00e9liminer toutes les menaces qui p\u00e8sent sur eux dans toute la r\u00e9gion. Non seulement cette volont\u00e9 est r\u00e9guli\u00e8rement relay\u00e9e par les think-tanks bas\u00e9s \u00e0 Washington et \u00e0 Tel-Aviv, mais elle est \u00e9galement clairement exprim\u00e9e par le Premier ministre isra\u00e9lien Benjamin Netanyahou dans sa promesse de \u00ab <i>victoire totale<\/i> \u00bb dans sa \u00ab <i>guerre sur sept fronts<\/i> \u00bb. <\/span><\/span><\/span><\/p>\n<p><span style=\"color: #000000;\"><span style=\"font-family: Arial, sans-serif;\"><span style=\"font-size: medium;\">Au Liban, l&rsquo;op\u00e9ration de d\u00e9sarmement du Hezbollah n&rsquo;a d\u00e9but\u00e9 qu&rsquo;avec l&rsquo;attaque terroriste par beeper et l&rsquo;infiltration qui ont conduit \u00e0 l&rsquo;assassinat de ses principaux dirigeants. La phase suivante consistait \u00e0 porter des coups \u00e0 la soci\u00e9t\u00e9 libanaise, \u00e0 la population civile, en particulier \u00e0 ceux qui constituent la base des partisans du Hezbollah.<\/span><\/span><\/span><\/p>\n<p><span style=\"color: #000000;\"><span style=\"font-family: Arial, sans-serif;\"><span style=\"font-size: medium;\">L&rsquo;accord de cessez-le-feu a ensuite \u00e9t\u00e9 d\u00e9lib\u00e9r\u00e9ment viol\u00e9 des milliers de fois, dans le but d&rsquo;humilier publiquement le Hezbollah, mais surtout, d&rsquo;humilier le peuple libanais. Prenons, par exemple, le survol d&rsquo;un avion de chasse isra\u00e9lien lors des fun\u00e9railles du secr\u00e9taire g\u00e9n\u00e9ral du Hezbollah, Sayyed Hassan Nasrallah\u00a0; il ne s&rsquo;agissait pas d&rsquo;une simple mesquinerie, mais d&rsquo;une d\u00e9monstration de force calcul\u00e9e.<\/span><\/span><\/span><\/p>\n<p><span style=\"color: #000000;\"><span style=\"font-family: Arial, sans-serif;\"><span style=\"font-size: medium;\">Utilis\u00e9e comme outil de guerre, la propagande sioniste a cherch\u00e9 \u00e0 pr\u00e9senter le Hezbollah comme une organisation militairement vaincue et a largement r\u00e9ussi \u00e0 cr\u00e9er cette illusion, malgr\u00e9 les succ\u00e8s remport\u00e9s par ses combattants lors des combats terrestres pour le contr\u00f4le des villages du sud du Liban pendant la guerre. Afin de renforcer cette id\u00e9e, les violations constantes du cessez-le-feu, y compris l\u2019enl\u00e8vement et le meurtre de civils, la destruction de zones r\u00e9sidentielles et m\u00eame le bombardement de Beyrouth, ont \u00e9t\u00e9 soigneusement calibr\u00e9es.<\/span><\/span><\/span><\/p>\n<p><span style=\"color: #000000;\"><span style=\"font-family: Arial, sans-serif;\"><span style=\"font-size: medium;\">Les services de s\u00e9curit\u00e9 isra\u00e9liens savent pertinemment que le Hezbollah est encore une force de combat tout \u00e0 fait capable et intacte, raison pour laquelle il continue d&rsquo;attaquer quasi quotidiennement des cibles dont il pr\u00e9tend qu&rsquo;elles appartiennent au groupe. Pourtant, l&rsquo;absence de la voix rassurante de Sayyed Hassan Nasrallah a sem\u00e9 le doute quant \u00e0 sa situation.<\/span><\/span><\/span><\/p>\n<p><span style=\"color: #000000;\"><span style=\"font-family: Arial, sans-serif;\"><span style=\"font-size: medium;\">Dans l&rsquo;ensemble, le climat politique libanais est devenu diabolique, sous le commandement d&rsquo;un Premier ministre fantoche plut\u00f4t \u00e9hont\u00e9, Nawaf Salam, qui a laiss\u00e9 les \u00c9tats-Unis pi\u00e9tiner les d\u00e9cisions politiques de son gouvernement, contre la volont\u00e9 de la majorit\u00e9 des Libanais.<\/span><\/span><\/span><\/p>\n<p><span style=\"color: #000000;\"><span style=\"font-family: Arial, sans-serif;\"><span style=\"font-size: medium;\">Lors d&rsquo;une r\u00e9cente interview accord\u00e9e \u00e0 <i>The National<\/i>, l&rsquo;envoy\u00e9 am\u00e9ricain Tom Barrack s&rsquo;est moqu\u00e9 de l&rsquo;id\u00e9e que Washington arme l&rsquo;arm\u00e9e libanaise pour se d\u00e9fendre contre l&rsquo;agression isra\u00e9lienne, affirmant au contraire explicitement que les \u00c9tats-Unis l&rsquo;arment pour \u00ab\u00a0<i>combattre son propre peuple\u00a0<\/i>\u00bb.<\/span><\/span><\/span><\/p>\n<p><span style=\"color: #000000;\"><span style=\"font-family: Arial, sans-serif;\"><span style=\"font-size: medium;\">Il a \u00e9galement exprim\u00e9 les convictions suivantes\u00a0: \u00ab<i>\u00a0Les gens disent qu\u2019ils se disputent des fronti\u00e8res. Ce n\u2019est pas le sujet de leur dispute. Une fronti\u00e8re, ou une limite, est la monnaie d\u2019\u00e9change\u2026 Le r\u00e9sultat final est que quelqu\u2019un veut dominer, ce qui signifie que quelqu\u2019un doit se soumettre. Dans cette partie du monde, se soumettre, il n\u2019y a pas de mot arabe pour cela. Ils n\u2019arrivent pas \u00e0 comprendre ce que signifie se soumettre. Donc, au final, la prosp\u00e9rit\u00e9 est la seule solution.<\/i>\u00bb<\/span><\/span><\/span><\/p>\n<p><span style=\"color: #000000;\"><span style=\"font-family: Arial, sans-serif;\"><span style=\"font-size: medium;\">L\u2019un des atouts les plus pr\u00e9cieux de l\u2019administration Trump est que le pr\u00e9sident et nombre de ses collaborateurs ont tendance \u00e0 dire \u00e0 voix haute ce qu\u2019ils pensent. S\u2019ils consid\u00e8rent les gens comme \u00ab<i>\u00a0animaux\u00a0<\/i>\u00bb ou \u00ab\u00a0<i>non civilis\u00e9s\u00a0<\/i>\u00bb, ils le disent, et c\u2019est ainsi qu\u2019ils per\u00e7oivent le monde arabe et musulman.<\/span><\/span><\/span><\/p>\n<p><span style=\"color: #000000;\"><span style=\"font-family: Arial, sans-serif;\"><span style=\"font-size: medium;\">Ces personnes m\u00e9ritent donc d\u2019\u00eatre manipul\u00e9es, dans un contexte aussi irrespectueux. Pourtant, ils parviennent \u00e0 identifier nombre de ces Arabes et musulmans qui se comportent comme leurs esclaves, qui ont des complexes d&rsquo;inf\u00e9riorit\u00e9 ou recherchent simplement un salaire, renfor\u00e7ant ainsi la vision de Washington sur le fonctionnement de la r\u00e9gion\u00a0: on peut dompter certains, mais d&rsquo;autres se comporteront comme des b\u00eates sauvages et refuseront d&rsquo;\u00eatre gouvern\u00e9s, et doivent donc \u00eatre r\u00e9duits \u00e0 n\u00e9ant.<\/span><\/span><\/span><\/p>\n<p><span style=\"color: #000000;\"><span style=\"font-family: Arial, sans-serif;\"><span style=\"font-size: medium;\">Cette vision, adopt\u00e9e par les d\u00e9cideurs politiques isra\u00e9liens et am\u00e9ricains, selon laquelle les Arabes ne comprennent que le langage de la force, remonte \u00e0 plus d&rsquo;un si\u00e8cle dans l&rsquo;esprit des sionistes. En 1923, le leader du mouvement sioniste r\u00e9visionniste, Ze&rsquo;ev Jabotinsky, d\u00e9clarait\u00a0: \u00ab<i>\u00a0Il n&rsquo;y aura de paix que lorsque nos ennemis perdront espoir que l&rsquo;\u00c9tat juif n&rsquo;existera plus.<\/i>\u00bb<\/span><\/span><\/span><\/p>\n<p><span style=\"color: #000000;\"><span style=\"font-family: Arial, sans-serif;\"><span style=\"font-size: medium;\">C&rsquo;est dans cet esprit que les Isra\u00e9liens ont cr\u00e9\u00e9 ce qu&rsquo;ils appellent leur \u00ab\u00a0<i>politique de dissuasion\u00a0<\/i>\u00bb, autrement dit qu&rsquo;ils s&rsquo;engageaient \u00e0 faire payer cher les populations arabes qui osaient les d\u00e9fier, d\u00e9montrant ainsi la puissance de leur armement sup\u00e9rieur. C\u2019est \u00e0 cause de cette pens\u00e9e que les Isra\u00e9liens ont imm\u00e9diatement d\u00e9cid\u00e9 de commettre un g\u00e9nocide et de d\u00e9truire toute la bande de Gaza, puis de d\u00e9vaster \u00e9galement le Liban, apr\u00e8s les coups militaires qu\u2019ils ont re\u00e7us des deux c\u00f4t\u00e9s.<\/span><\/span><\/span><\/p>\n<p><span style=\"color: #000000;\"><span style=\"font-family: Arial, sans-serif;\"><span style=\"font-size: medium;\">Or, alors que les Isra\u00e9liens cherchent \u00e0 semer la division et \u00e0 semer le trouble au Liban, dans la bande de Gaza, ils arment des groupes militants li\u00e9s \u00e0 Daech pour mener des op\u00e9rations militaires contre le Hamas et pour attiser le trouble en encourageant certains clans \u00e0 s&rsquo;armer afin de d\u00e9fier le pouvoir du Hamas. Parmi ces groupes figurent les \u00ab\u00a0Forces populaires\u00a0\u00bb \u00e0 Rafah, la \u00ab\u00a0Force antiterroriste\u00a0\u00bb \u00e0 Khan Younis, et les \u00ab\u00a0Forces de l&rsquo;Arm\u00e9e populaire du Nord\u00a0\u00bb dans le nord de Gaza.<\/span><\/span><\/span><\/p>\n<p><span style=\"color: #000000;\"><span style=\"font-family: Arial, sans-serif;\"><span style=\"font-size: medium;\">Imm\u00e9diatement apr\u00e8s l&rsquo;annonce du cessez-le-feu \u00e0 Gaza, ces groupes terroristes ont intensifi\u00e9 leurs attaques contre la r\u00e9sistance palestinienne, ainsi que contre les civils, tentant m\u00eame de justifier leurs actions en invoquant des <\/span><\/span><\/span><span style=\"color: #000000;\"><span style=\"font-family: Arial, sans-serif;\"><span style=\"font-size: medium;\"><i>fatwas<\/i><\/span><\/span><\/span><span style=\"color: #000000;\"><span style=\"font-family: Arial, sans-serif;\"><span style=\"font-size: medium;\"> de Daech qualifiant les combattants de la R\u00e9sistance de m\u00e9cr\u00e9ants.<\/span><\/span><\/span><\/p>\n<p><span style=\"color: #000000;\"><span style=\"font-family: Arial, sans-serif;\"><span style=\"font-size: medium;\">Bien que ces tactiques ne suffisent pas \u00e0 elles seules \u00e0 atteindre leurs objectifs, Isra\u00e9liens et Am\u00e9ricains comprennent qu&rsquo;ils jouent un jeu \u00e0 long terme, impliquant d&rsquo;innombrables op\u00e9rations psychologiques contre les populations de la r\u00e9gion.<\/span><\/span><\/span><\/p>\n<p><span style=\"color: #000000;\"><span style=\"font-family: Arial, sans-serif;\"><span style=\"font-size: medium;\">Dans le cas de la Syrie, cette strat\u00e9gie a fonctionn\u00e9 exactement comme ils le souhaitaient. Ils ont utilis\u00e9 l&rsquo;id\u00e9ologie takfiriste wahhabite pour diviser les musulmans sunnites, puis ont dress\u00e9 chaque confession les unes contre les autres, tout en soutenant les minorit\u00e9s ethniques afin de servir leurs objectifs. Le r\u00e9sultat final a \u00e9t\u00e9 l&rsquo;effondrement total de l&rsquo;ancien r\u00e9gime syrien, remplac\u00e9 par une entit\u00e9 collaboratrice des \u00c9tats-Unis vou\u00e9e \u00e0 continuer de diviser la nation d\u00e8s son entr\u00e9e \u00e0 Damas.<\/span><\/span><\/span><\/p>\n<p><span style=\"color: #000000;\"><span style=\"font-family: Arial, sans-serif;\"><span style=\"font-size: medium;\">En Syrie, la pression militaire ext\u00e9rieure s&rsquo;est combin\u00e9e \u00e0 une guerre civile que les \u00c9tats-Unis et leurs alli\u00e9s ont pris en charge, privant compl\u00e8tement le peuple syrien de sa capacit\u00e9 \u00e0 diriger l&rsquo;opposition qui s&rsquo;\u00e9tait form\u00e9e et recrutant les Syriens qui l&rsquo;avaient fait pour \u00eatre leurs marionnettes. Les \u00c9tats-Unis, avec l&rsquo;aide de leurs r\u00e9gimes clients du Golfe, ont propag\u00e9 le sectarisme dans le but d&rsquo;affaiblir les fondements de l&rsquo;identit\u00e9 syrienne. Puis, apr\u00e8s que le gouvernement et l&rsquo;opposition contr\u00f4l\u00e9e se soient affront\u00e9s, aboutissant \u00e0 une impasse, les sanctions et les op\u00e9rations psychologiques sont entr\u00e9es en vigueur. <\/span><\/span><\/span><\/p>\n<p><span style=\"color: #000000;\"><span style=\"font-family: Arial, sans-serif;\"><span style=\"font-size: medium;\">Suite \u00e0 l&rsquo;effondrement de l&rsquo;ancien gouvernement de Damas, les Isra\u00e9liens ont d\u00e9cid\u00e9 de d\u00e9clencher une vaste op\u00e9ration a\u00e9rienne pour d\u00e9truire toutes les armes strat\u00e9giques syriennes possibles et s&#8217;emparer du territoire convoit\u00e9, tout en \u00e9tablissant imm\u00e9diatement une ligne de communication avec Ahmad al-Sharaa.<\/span><\/span><\/span><\/p>\n<p><span style=\"color: #000000;\"><span style=\"font-family: Arial, sans-serif;\"><span style=\"font-size: medium;\">En Iran, <\/span><\/span><\/span><span style=\"color: #000000;\"><span style=\"font-family: Arial, sans-serif;\"><span style=\"font-size: medium;\"><i>Haaretz<\/i><\/span><\/span><\/span><span style=\"color: #000000;\"><span style=\"font-family: Arial, sans-serif;\"><span style=\"font-size: medium;\"> a r\u00e9cemment r\u00e9v\u00e9l\u00e9 que les Isra\u00e9liens \u00e9taient \u00e0 l&rsquo;origine d&rsquo;une op\u00e9ration sur les r\u00e9seaux sociaux qui a employ\u00e9 des locuteurs farsi pour g\u00e9rer des milliers de faux comptes, se faisant passer pour des partisans iraniens du retour au pouvoir de l&rsquo;ancienne monarchie d\u00e9chue. Cette campagne a d\u00e9but\u00e9 en 2022, au moment m\u00eame o\u00f9 des troubles civils \u00e9clataient en Iran.<\/span><\/span><\/span><\/p>\n<p><span style=\"color: #000000;\"><span style=\"font-family: Arial, sans-serif;\"><span style=\"font-size: medium;\">Pendant ce temps, <\/span><\/span><\/span><span style=\"color: #000000;\"><span style=\"font-family: Arial, sans-serif;\"><span style=\"font-size: medium;\"><i>BBC Persian<\/i><\/span><\/span><\/span><span style=\"color: #000000;\"><span style=\"font-family: Arial, sans-serif;\"><span style=\"font-size: medium;\">, <\/span><\/span><\/span><span style=\"color: #000000;\"><span style=\"font-family: Arial, sans-serif;\"><span style=\"font-size: medium;\"><i>Voice of America Persian<\/i><\/span><\/span><\/span><span style=\"color: #000000;\"><span style=\"font-family: Arial, sans-serif;\"><span style=\"font-size: medium;\"> et <\/span><\/span><\/span><span style=\"color: #000000;\"><span style=\"font-family: Arial, sans-serif;\"><span style=\"font-size: medium;\"><i>Iran International<\/i><\/span><\/span><\/span><span style=\"color: #000000;\"><span style=\"font-family: Arial, sans-serif;\"><span style=\"font-size: medium;\"> sont toutes des machines bien financ\u00e9es qui diffusent de la d\u00e9sinformation dans le but d&rsquo;attiser l&rsquo;opposition au gouvernement de T\u00e9h\u00e9ran. Les \u00c9tats-Unis, Isra\u00ebl, le Royaume-Uni et les pays de l&rsquo;UE disposent tous de services de renseignement partout en Iran, pr\u00eats \u00e0 agir, comme nous l&rsquo;avons vu lors de la guerre de 12 jours en juin dernier.<\/span><\/span><\/span><\/p>\n<p><span style=\"color: #000000;\"><span style=\"font-family: Arial, sans-serif;\"><span style=\"font-size: medium;\">L&rsquo;objectif ultime, sur tous les fronts, est de d\u00e9l\u00e9gitimer tous ceux qui osent remettre en question le projet sioniste. R\u00e9cemment, par exemple, <i>Al-Hadath<\/i> et <i>Al-Arabiya<\/i>, deux m\u00e9dias financ\u00e9s par l&rsquo;\u00c9tat saoudien, ont affirm\u00e9 que le Hamas avait accept\u00e9 de d\u00e9sarmer, ce qui a provoqu\u00e9 une s\u00e9rie de r\u00e9actions n\u00e9gatives en ligne parmi les partisans de la R\u00e9sistance palestinienne. Pourtant, la pr\u00e9tendue \u00ab\u00a0<i>source du Hamas<\/i>\u00a0\u00bb cit\u00e9e n&rsquo;existait manifestement pas, et l&rsquo;information s&rsquo;est av\u00e9r\u00e9e fausse. <\/span><\/span><\/span><\/p>\n<p><span style=\"color: #000000;\"><span style=\"font-family: Arial, sans-serif;\"><span style=\"font-size: medium;\">Que ce soit par le biais des influenceurs religieux sectaires, des cha\u00eenes de t\u00e9l\u00e9vision et des r\u00e9seaux sociaux qui diffusent une propagande divisionniste 24 heures sur 24, ou par le biais d&rsquo;acteurs politiques achet\u00e9s et r\u00e9mun\u00e9r\u00e9s, la guerre psychologique contre la r\u00e9sistance r\u00e9gionale est incessante. Tout cela vise \u00e0 faire plier les bases de la R\u00e9sistance sous la pression et \u00e0 les attaquer.<\/span><\/span><\/span><\/p>\n<p><span style=\"color: #000000;\"><span style=\"font-family: Arial, sans-serif;\"><span style=\"font-size: medium;\">L&rsquo;objectif est de convaincre suffisamment de personnes soumises au lavage de cerveau de mener des actions au nom de l&rsquo;alliance isra\u00e9lo-am\u00e9ricaine, en leur faisant croire que le d\u00e9p\u00f4t des armes et l&rsquo;acceptation de la d\u00e9faite par la R\u00e9sistance apporteront la prosp\u00e9rit\u00e9. Chaque fois qu&rsquo;une population, ou du moins une partie consid\u00e9rable de celle-ci, se soumet, elle obtient le contraire de la \u00ab\u00a0stabilit\u00e9\u00a0\u00bb, de la \u00ab\u00a0relance \u00e9conomique\u00a0\u00bb et de la \u00ab\u00a0pause\u00a0\u00bb qu&rsquo;elle recherchait. Au lieu de cela, elle se retrouve esclave du programme sioniste.<\/span><\/span><\/span><\/p>\n<pre><em><strong><span style=\"color: #000000;\"><span style=\"font-family: Arial, sans-serif;\"><span style=\"font-size: medium;\">Article original en anglais sur <a href=\"https:\/\/english.almayadeen.net\/articles\/opinion\/manufacturing-civil-war--the-zionist-doctrine-to-destroy-res\">Al Mayadeen<\/a> \/ Traduction MR<\/span><\/span><\/span><\/strong><\/em><\/pre>\n","protected":false},"excerpt":{"rendered":"<p>Robert Inlakesh, 21 octobre 2025. \u2013 L\u2019\u00e9poque o\u00f9 les \u00c9tats-Unis et leurs alli\u00e9s isra\u00e9liens pouvaient remporter des victoires militaires directes sur leurs adversaires en Asie occidentale est r\u00e9volue. Ils ont <a class=\"more-link\" href=\"https:\/\/ismfrance.org\/index.php\/2025\/10\/24\/fabriquer-la-guerre-civile-la-doctrine-sioniste-pour-detruire-la-resistance\/\">Lire la suite &rarr;<\/a><\/p>\n","protected":false},"author":3,"featured_media":24454,"comment_status":"closed","ping_status":"closed","sticky":false,"template":"","format":"standard","meta":{"footnotes":""},"categories":[12,2],"tags":[228,99,82,70,74],"class_list":["post-24452","post","type-post","status-publish","format-standard","has-post-thumbnail","hentry","category-analyses","category-articles","tag-axe-de-la-resistance","tag-imperialisme","tag-propagande","tag-repression","tag-sionisme"],"yoast_head":"<!-- This site is optimized with the Yoast SEO plugin v27.2 - https:\/\/yoast.com\/product\/yoast-seo-wordpress\/ -->\n<title>Fabriquer la guerre civile\u00a0: la doctrine sioniste pour d\u00e9truire la r\u00e9sistance - International Solidarity Movement - ISM-France<\/title>\n<meta name=\"robots\" content=\"index, follow, max-snippet:-1, max-image-preview:large, max-video-preview:-1\" \/>\n<link rel=\"canonical\" href=\"https:\/\/ismfrance.org\/index.php\/2025\/10\/24\/fabriquer-la-guerre-civile-la-doctrine-sioniste-pour-detruire-la-resistance\/\" \/>\n<meta property=\"og:locale\" content=\"fr_FR\" \/>\n<meta property=\"og:type\" content=\"article\" \/>\n<meta property=\"og:title\" content=\"Fabriquer la guerre civile\u00a0: la doctrine sioniste pour d\u00e9truire la r\u00e9sistance - International Solidarity Movement - ISM-France\" \/>\n<meta property=\"og:description\" content=\"Robert Inlakesh, 21 octobre 2025. \u2013 L\u2019\u00e9poque o\u00f9 les \u00c9tats-Unis et leurs alli\u00e9s isra\u00e9liens pouvaient remporter des victoires militaires directes sur leurs adversaires en Asie occidentale est r\u00e9volue. Ils ont Lire la suite &rarr;\" \/>\n<meta property=\"og:url\" content=\"https:\/\/ismfrance.org\/index.php\/2025\/10\/24\/fabriquer-la-guerre-civile-la-doctrine-sioniste-pour-detruire-la-resistance\/\" \/>\n<meta property=\"og:site_name\" content=\"International Solidarity Movement - ISM-France\" \/>\n<meta property=\"article:published_time\" content=\"2025-10-24T08:31:42+00:00\" \/>\n<meta property=\"og:image\" content=\"https:\/\/ismfrance.org\/wp-content\/uploads\/2025\/10\/al-mayadeen-1.jpg\" \/>\n\t<meta property=\"og:image:width\" content=\"1000\" \/>\n\t<meta property=\"og:image:height\" content=\"787\" \/>\n\t<meta property=\"og:image:type\" content=\"image\/jpeg\" \/>\n<meta name=\"author\" content=\"mru_01\" \/>\n<meta name=\"twitter:card\" content=\"summary_large_image\" \/>\n<meta name=\"twitter:creator\" content=\"@ISMFRANCE\" \/>\n<meta name=\"twitter:site\" content=\"@ISMFRANCE\" \/>\n<meta name=\"twitter:label1\" content=\"\u00c9crit par\" \/>\n\t<meta name=\"twitter:data1\" content=\"mru_01\" \/>\n\t<meta name=\"twitter:label2\" content=\"Dur\u00e9e de lecture estim\u00e9e\" \/>\n\t<meta name=\"twitter:data2\" content=\"10 minutes\" \/>\n<script type=\"application\/ld+json\" class=\"yoast-schema-graph\">{\"@context\":\"https:\/\/schema.org\",\"@graph\":[{\"@type\":\"Article\",\"@id\":\"https:\/\/ismfrance.org\/index.php\/2025\/10\/24\/fabriquer-la-guerre-civile-la-doctrine-sioniste-pour-detruire-la-resistance\/#article\",\"isPartOf\":{\"@id\":\"https:\/\/ismfrance.org\/index.php\/2025\/10\/24\/fabriquer-la-guerre-civile-la-doctrine-sioniste-pour-detruire-la-resistance\/\"},\"author\":{\"name\":\"mru_01\",\"@id\":\"https:\/\/ismfrance.org\/#\/schema\/person\/3c411eb72adfaae19c0dca1f41fae01d\"},\"headline\":\"Fabriquer la guerre civile\u00a0: la doctrine sioniste pour d\u00e9truire la r\u00e9sistance\",\"datePublished\":\"2025-10-24T08:31:42+00:00\",\"mainEntityOfPage\":{\"@id\":\"https:\/\/ismfrance.org\/index.php\/2025\/10\/24\/fabriquer-la-guerre-civile-la-doctrine-sioniste-pour-detruire-la-resistance\/\"},\"wordCount\":2098,\"publisher\":{\"@id\":\"https:\/\/ismfrance.org\/#organization\"},\"image\":{\"@id\":\"https:\/\/ismfrance.org\/index.php\/2025\/10\/24\/fabriquer-la-guerre-civile-la-doctrine-sioniste-pour-detruire-la-resistance\/#primaryimage\"},\"thumbnailUrl\":\"https:\/\/ismfrance.org\/wp-content\/uploads\/2025\/10\/al-mayadeen-1.jpg\",\"keywords\":[\"Axe de la R\u00e9sistance\",\"Imp\u00e9rialisme\",\"Propagande\",\"R\u00e9pression\",\"Sionisme\"],\"articleSection\":[\"Analyses\",\"Articles\"],\"inLanguage\":\"fr-FR\"},{\"@type\":\"WebPage\",\"@id\":\"https:\/\/ismfrance.org\/index.php\/2025\/10\/24\/fabriquer-la-guerre-civile-la-doctrine-sioniste-pour-detruire-la-resistance\/\",\"url\":\"https:\/\/ismfrance.org\/index.php\/2025\/10\/24\/fabriquer-la-guerre-civile-la-doctrine-sioniste-pour-detruire-la-resistance\/\",\"name\":\"Fabriquer la guerre civile\u00a0: la doctrine sioniste pour d\u00e9truire la r\u00e9sistance - International Solidarity Movement - ISM-France\",\"isPartOf\":{\"@id\":\"https:\/\/ismfrance.org\/#website\"},\"primaryImageOfPage\":{\"@id\":\"https:\/\/ismfrance.org\/index.php\/2025\/10\/24\/fabriquer-la-guerre-civile-la-doctrine-sioniste-pour-detruire-la-resistance\/#primaryimage\"},\"image\":{\"@id\":\"https:\/\/ismfrance.org\/index.php\/2025\/10\/24\/fabriquer-la-guerre-civile-la-doctrine-sioniste-pour-detruire-la-resistance\/#primaryimage\"},\"thumbnailUrl\":\"https:\/\/ismfrance.org\/wp-content\/uploads\/2025\/10\/al-mayadeen-1.jpg\",\"datePublished\":\"2025-10-24T08:31:42+00:00\",\"breadcrumb\":{\"@id\":\"https:\/\/ismfrance.org\/index.php\/2025\/10\/24\/fabriquer-la-guerre-civile-la-doctrine-sioniste-pour-detruire-la-resistance\/#breadcrumb\"},\"inLanguage\":\"fr-FR\",\"potentialAction\":[{\"@type\":\"ReadAction\",\"target\":[\"https:\/\/ismfrance.org\/index.php\/2025\/10\/24\/fabriquer-la-guerre-civile-la-doctrine-sioniste-pour-detruire-la-resistance\/\"]}]},{\"@type\":\"ImageObject\",\"inLanguage\":\"fr-FR\",\"@id\":\"https:\/\/ismfrance.org\/index.php\/2025\/10\/24\/fabriquer-la-guerre-civile-la-doctrine-sioniste-pour-detruire-la-resistance\/#primaryimage\",\"url\":\"https:\/\/ismfrance.org\/wp-content\/uploads\/2025\/10\/al-mayadeen-1.jpg\",\"contentUrl\":\"https:\/\/ismfrance.org\/wp-content\/uploads\/2025\/10\/al-mayadeen-1.jpg\",\"width\":1000,\"height\":787},{\"@type\":\"BreadcrumbList\",\"@id\":\"https:\/\/ismfrance.org\/index.php\/2025\/10\/24\/fabriquer-la-guerre-civile-la-doctrine-sioniste-pour-detruire-la-resistance\/#breadcrumb\",\"itemListElement\":[{\"@type\":\"ListItem\",\"position\":1,\"name\":\"Accueil\",\"item\":\"https:\/\/ismfrance.org\/\"},{\"@type\":\"ListItem\",\"position\":2,\"name\":\"Fabriquer la guerre civile\u00a0: la doctrine sioniste pour d\u00e9truire la r\u00e9sistance\"}]},{\"@type\":\"WebSite\",\"@id\":\"https:\/\/ismfrance.org\/#website\",\"url\":\"https:\/\/ismfrance.org\/\",\"name\":\"ISM Palestine France\",\"description\":\"Soutien aux luttes de lib\u00e9ration du peuple palestinien\",\"publisher\":{\"@id\":\"https:\/\/ismfrance.org\/#organization\"},\"potentialAction\":[{\"@type\":\"SearchAction\",\"target\":{\"@type\":\"EntryPoint\",\"urlTemplate\":\"https:\/\/ismfrance.org\/?s={search_term_string}\"},\"query-input\":{\"@type\":\"PropertyValueSpecification\",\"valueRequired\":true,\"valueName\":\"search_term_string\"}}],\"inLanguage\":\"fr-FR\"},{\"@type\":\"Organization\",\"@id\":\"https:\/\/ismfrance.org\/#organization\",\"name\":\"International Solidarity Movement\",\"url\":\"https:\/\/ismfrance.org\/\",\"logo\":{\"@type\":\"ImageObject\",\"inLanguage\":\"fr-FR\",\"@id\":\"https:\/\/ismfrance.org\/#\/schema\/logo\/image\/\",\"url\":\"https:\/\/ismfrance.org\/wp-content\/uploads\/2020\/12\/00.png\",\"contentUrl\":\"https:\/\/ismfrance.org\/wp-content\/uploads\/2020\/12\/00.png\",\"width\":400,\"height\":400,\"caption\":\"International Solidarity Movement\"},\"image\":{\"@id\":\"https:\/\/ismfrance.org\/#\/schema\/logo\/image\/\"},\"sameAs\":[\"https:\/\/x.com\/ISMFRANCE\"]},{\"@type\":\"Person\",\"@id\":\"https:\/\/ismfrance.org\/#\/schema\/person\/3c411eb72adfaae19c0dca1f41fae01d\",\"name\":\"mru_01\",\"image\":{\"@type\":\"ImageObject\",\"inLanguage\":\"fr-FR\",\"@id\":\"https:\/\/secure.gravatar.com\/avatar\/3a0be343b445d2ccc79e87444a294fad2b232e90d2051d0e3cc219e1ecd6a330?s=96&d=mm&r=g\",\"url\":\"https:\/\/secure.gravatar.com\/avatar\/3a0be343b445d2ccc79e87444a294fad2b232e90d2051d0e3cc219e1ecd6a330?s=96&d=mm&r=g\",\"contentUrl\":\"https:\/\/secure.gravatar.com\/avatar\/3a0be343b445d2ccc79e87444a294fad2b232e90d2051d0e3cc219e1ecd6a330?s=96&d=mm&r=g\",\"caption\":\"mru_01\"},\"url\":\"https:\/\/ismfrance.org\/index.php\/author\/admin02\/\"}]}<\/script>\n<!-- \/ Yoast SEO plugin. -->","yoast_head_json":{"title":"Fabriquer la guerre civile\u00a0: la doctrine sioniste pour d\u00e9truire la r\u00e9sistance - International Solidarity Movement - ISM-France","robots":{"index":"index","follow":"follow","max-snippet":"max-snippet:-1","max-image-preview":"max-image-preview:large","max-video-preview":"max-video-preview:-1"},"canonical":"https:\/\/ismfrance.org\/index.php\/2025\/10\/24\/fabriquer-la-guerre-civile-la-doctrine-sioniste-pour-detruire-la-resistance\/","og_locale":"fr_FR","og_type":"article","og_title":"Fabriquer la guerre civile\u00a0: la doctrine sioniste pour d\u00e9truire la r\u00e9sistance - International Solidarity Movement - ISM-France","og_description":"Robert Inlakesh, 21 octobre 2025. \u2013 L\u2019\u00e9poque o\u00f9 les \u00c9tats-Unis et leurs alli\u00e9s isra\u00e9liens pouvaient remporter des victoires militaires directes sur leurs adversaires en Asie occidentale est r\u00e9volue. Ils ont Lire la suite &rarr;","og_url":"https:\/\/ismfrance.org\/index.php\/2025\/10\/24\/fabriquer-la-guerre-civile-la-doctrine-sioniste-pour-detruire-la-resistance\/","og_site_name":"International Solidarity Movement - ISM-France","article_published_time":"2025-10-24T08:31:42+00:00","og_image":[{"width":1000,"height":787,"url":"https:\/\/ismfrance.org\/wp-content\/uploads\/2025\/10\/al-mayadeen-1.jpg","type":"image\/jpeg"}],"author":"mru_01","twitter_card":"summary_large_image","twitter_creator":"@ISMFRANCE","twitter_site":"@ISMFRANCE","twitter_misc":{"\u00c9crit par":"mru_01","Dur\u00e9e de lecture estim\u00e9e":"10 minutes"},"schema":{"@context":"https:\/\/schema.org","@graph":[{"@type":"Article","@id":"https:\/\/ismfrance.org\/index.php\/2025\/10\/24\/fabriquer-la-guerre-civile-la-doctrine-sioniste-pour-detruire-la-resistance\/#article","isPartOf":{"@id":"https:\/\/ismfrance.org\/index.php\/2025\/10\/24\/fabriquer-la-guerre-civile-la-doctrine-sioniste-pour-detruire-la-resistance\/"},"author":{"name":"mru_01","@id":"https:\/\/ismfrance.org\/#\/schema\/person\/3c411eb72adfaae19c0dca1f41fae01d"},"headline":"Fabriquer la guerre civile\u00a0: la doctrine sioniste pour d\u00e9truire la r\u00e9sistance","datePublished":"2025-10-24T08:31:42+00:00","mainEntityOfPage":{"@id":"https:\/\/ismfrance.org\/index.php\/2025\/10\/24\/fabriquer-la-guerre-civile-la-doctrine-sioniste-pour-detruire-la-resistance\/"},"wordCount":2098,"publisher":{"@id":"https:\/\/ismfrance.org\/#organization"},"image":{"@id":"https:\/\/ismfrance.org\/index.php\/2025\/10\/24\/fabriquer-la-guerre-civile-la-doctrine-sioniste-pour-detruire-la-resistance\/#primaryimage"},"thumbnailUrl":"https:\/\/ismfrance.org\/wp-content\/uploads\/2025\/10\/al-mayadeen-1.jpg","keywords":["Axe de la R\u00e9sistance","Imp\u00e9rialisme","Propagande","R\u00e9pression","Sionisme"],"articleSection":["Analyses","Articles"],"inLanguage":"fr-FR"},{"@type":"WebPage","@id":"https:\/\/ismfrance.org\/index.php\/2025\/10\/24\/fabriquer-la-guerre-civile-la-doctrine-sioniste-pour-detruire-la-resistance\/","url":"https:\/\/ismfrance.org\/index.php\/2025\/10\/24\/fabriquer-la-guerre-civile-la-doctrine-sioniste-pour-detruire-la-resistance\/","name":"Fabriquer la guerre civile\u00a0: la doctrine sioniste pour d\u00e9truire la r\u00e9sistance - International Solidarity Movement - ISM-France","isPartOf":{"@id":"https:\/\/ismfrance.org\/#website"},"primaryImageOfPage":{"@id":"https:\/\/ismfrance.org\/index.php\/2025\/10\/24\/fabriquer-la-guerre-civile-la-doctrine-sioniste-pour-detruire-la-resistance\/#primaryimage"},"image":{"@id":"https:\/\/ismfrance.org\/index.php\/2025\/10\/24\/fabriquer-la-guerre-civile-la-doctrine-sioniste-pour-detruire-la-resistance\/#primaryimage"},"thumbnailUrl":"https:\/\/ismfrance.org\/wp-content\/uploads\/2025\/10\/al-mayadeen-1.jpg","datePublished":"2025-10-24T08:31:42+00:00","breadcrumb":{"@id":"https:\/\/ismfrance.org\/index.php\/2025\/10\/24\/fabriquer-la-guerre-civile-la-doctrine-sioniste-pour-detruire-la-resistance\/#breadcrumb"},"inLanguage":"fr-FR","potentialAction":[{"@type":"ReadAction","target":["https:\/\/ismfrance.org\/index.php\/2025\/10\/24\/fabriquer-la-guerre-civile-la-doctrine-sioniste-pour-detruire-la-resistance\/"]}]},{"@type":"ImageObject","inLanguage":"fr-FR","@id":"https:\/\/ismfrance.org\/index.php\/2025\/10\/24\/fabriquer-la-guerre-civile-la-doctrine-sioniste-pour-detruire-la-resistance\/#primaryimage","url":"https:\/\/ismfrance.org\/wp-content\/uploads\/2025\/10\/al-mayadeen-1.jpg","contentUrl":"https:\/\/ismfrance.org\/wp-content\/uploads\/2025\/10\/al-mayadeen-1.jpg","width":1000,"height":787},{"@type":"BreadcrumbList","@id":"https:\/\/ismfrance.org\/index.php\/2025\/10\/24\/fabriquer-la-guerre-civile-la-doctrine-sioniste-pour-detruire-la-resistance\/#breadcrumb","itemListElement":[{"@type":"ListItem","position":1,"name":"Accueil","item":"https:\/\/ismfrance.org\/"},{"@type":"ListItem","position":2,"name":"Fabriquer la guerre civile\u00a0: la doctrine sioniste pour d\u00e9truire la r\u00e9sistance"}]},{"@type":"WebSite","@id":"https:\/\/ismfrance.org\/#website","url":"https:\/\/ismfrance.org\/","name":"ISM Palestine France","description":"Soutien aux luttes de lib\u00e9ration du peuple palestinien","publisher":{"@id":"https:\/\/ismfrance.org\/#organization"},"potentialAction":[{"@type":"SearchAction","target":{"@type":"EntryPoint","urlTemplate":"https:\/\/ismfrance.org\/?s={search_term_string}"},"query-input":{"@type":"PropertyValueSpecification","valueRequired":true,"valueName":"search_term_string"}}],"inLanguage":"fr-FR"},{"@type":"Organization","@id":"https:\/\/ismfrance.org\/#organization","name":"International Solidarity Movement","url":"https:\/\/ismfrance.org\/","logo":{"@type":"ImageObject","inLanguage":"fr-FR","@id":"https:\/\/ismfrance.org\/#\/schema\/logo\/image\/","url":"https:\/\/ismfrance.org\/wp-content\/uploads\/2020\/12\/00.png","contentUrl":"https:\/\/ismfrance.org\/wp-content\/uploads\/2020\/12\/00.png","width":400,"height":400,"caption":"International Solidarity Movement"},"image":{"@id":"https:\/\/ismfrance.org\/#\/schema\/logo\/image\/"},"sameAs":["https:\/\/x.com\/ISMFRANCE"]},{"@type":"Person","@id":"https:\/\/ismfrance.org\/#\/schema\/person\/3c411eb72adfaae19c0dca1f41fae01d","name":"mru_01","image":{"@type":"ImageObject","inLanguage":"fr-FR","@id":"https:\/\/secure.gravatar.com\/avatar\/3a0be343b445d2ccc79e87444a294fad2b232e90d2051d0e3cc219e1ecd6a330?s=96&d=mm&r=g","url":"https:\/\/secure.gravatar.com\/avatar\/3a0be343b445d2ccc79e87444a294fad2b232e90d2051d0e3cc219e1ecd6a330?s=96&d=mm&r=g","contentUrl":"https:\/\/secure.gravatar.com\/avatar\/3a0be343b445d2ccc79e87444a294fad2b232e90d2051d0e3cc219e1ecd6a330?s=96&d=mm&r=g","caption":"mru_01"},"url":"https:\/\/ismfrance.org\/index.php\/author\/admin02\/"}]}},"_links":{"self":[{"href":"https:\/\/ismfrance.org\/index.php\/wp-json\/wp\/v2\/posts\/24452","targetHints":{"allow":["GET"]}}],"collection":[{"href":"https:\/\/ismfrance.org\/index.php\/wp-json\/wp\/v2\/posts"}],"about":[{"href":"https:\/\/ismfrance.org\/index.php\/wp-json\/wp\/v2\/types\/post"}],"author":[{"embeddable":true,"href":"https:\/\/ismfrance.org\/index.php\/wp-json\/wp\/v2\/users\/3"}],"replies":[{"embeddable":true,"href":"https:\/\/ismfrance.org\/index.php\/wp-json\/wp\/v2\/comments?post=24452"}],"version-history":[{"count":0,"href":"https:\/\/ismfrance.org\/index.php\/wp-json\/wp\/v2\/posts\/24452\/revisions"}],"wp:featuredmedia":[{"embeddable":true,"href":"https:\/\/ismfrance.org\/index.php\/wp-json\/wp\/v2\/media\/24454"}],"wp:attachment":[{"href":"https:\/\/ismfrance.org\/index.php\/wp-json\/wp\/v2\/media?parent=24452"}],"wp:term":[{"taxonomy":"category","embeddable":true,"href":"https:\/\/ismfrance.org\/index.php\/wp-json\/wp\/v2\/categories?post=24452"},{"taxonomy":"post_tag","embeddable":true,"href":"https:\/\/ismfrance.org\/index.php\/wp-json\/wp\/v2\/tags?post=24452"}],"curies":[{"name":"wp","href":"https:\/\/api.w.org\/{rel}","templated":true}]}}