{"id":2436,"date":"2022-04-24T18:05:06","date_gmt":"2022-04-24T16:05:06","guid":{"rendered":"https:\/\/ismfrance.org\/?p=2436"},"modified":"2022-04-24T18:07:10","modified_gmt":"2022-04-24T16:07:10","slug":"appel-aux-eglises-du-monde-israel-agresse-les-chretiens-palestiniens-et-leur-interdit-de-celebrer-leurs-fetes-religieuses-larcheveque-atallah-hanna","status":"publish","type":"post","link":"https:\/\/ismfrance.org\/index.php\/2022\/04\/24\/appel-aux-eglises-du-monde-israel-agresse-les-chretiens-palestiniens-et-leur-interdit-de-celebrer-leurs-fetes-religieuses-larcheveque-atallah-hanna\/","title":{"rendered":"Appel aux \u00e9glises du monde : Isra\u00ebl agresse les chr\u00e9tiens palestiniens et leur interdit de c\u00e9l\u00e9brer leurs f\u00eates religieuses (archev\u00eaque Atallah Hanna)"},"content":{"rendered":"<p align=\"LEFT\"><span style=\"color: #333333;\"><span style=\"font-family: Arial, sans-serif;\"><span style=\"font-size: medium;\"><b>Al Manar, 23 avril 2022. <\/b>Adressant un cri aux \u00e9glises chr\u00e9tiennes d\u2019Orient et du monde entier, l\u2019archev\u00eaque de Sebastia pour les orthodoxes grecs \u00e0 J\u00e9rusalem, l\u2019archev\u00eaque Atallah Hanna, a r\u00e9v\u00e9l\u00e9 que l\u2019occupation isra\u00e9lienne a transform\u00e9 la ville sainte en une caserne et interdit aux Chr\u00e9tiens de c\u00e9l\u00e9brer leurs f\u00eates religieuses et de se rendre \u00e0 l\u2019Eglise Saint-S\u00e9pulcre.<\/span><\/span><\/span><\/p>\n<p align=\"LEFT\"><a href=\"https:\/\/ismfrance.org\/wp-content\/uploads\/2022\/04\/chretien-paques-qods.png\"><img loading=\"lazy\" decoding=\"async\" class=\"size-large wp-image-2437 aligncenter\" src=\"https:\/\/ismfrance.org\/wp-content\/uploads\/2022\/04\/chretien-paques-qods-700x398.png\" alt=\"\" width=\"600\" height=\"341\" srcset=\"https:\/\/ismfrance.org\/wp-content\/uploads\/2022\/04\/chretien-paques-qods-700x398.png 700w, https:\/\/ismfrance.org\/wp-content\/uploads\/2022\/04\/chretien-paques-qods-300x170.png 300w, https:\/\/ismfrance.org\/wp-content\/uploads\/2022\/04\/chretien-paques-qods.png 750w\" sizes=\"auto, (max-width: 600px) 100vw, 600px\" \/><\/a><span style=\"color: #333333;\"><span style=\"font-family: Arial, sans-serif;\"><span style=\"font-size: medium;\">Ces agressions interviennent au moment o\u00f9 les forces isra\u00e9liennes agressent quotidiennement et sans r\u00e9pit les Palestiniens musulmans dans l\u2019esplanade des Mosqu\u00e9es et la mosqu\u00e9e al-Aqsa.<\/span><\/span><\/span><\/p>\n<p align=\"LEFT\"><span style=\"color: #333333;\"><span style=\"font-family: Arial, sans-serif;\"><span style=\"font-size: medium;\">\u00ab\u00a0Mon appel s\u2019adresse \u00e0 toutes les r\u00e9f\u00e9rences religieuses\u2026 Ne laissez pas J\u00e9rusalem seule \u00bb, a lanc\u00e9 l\u2019archev\u00eaque Hanna dans une interview avec la t\u00e9l\u00e9vision libanaise d\u2019information al-Mayadeen.<\/span><\/span><\/span><\/p>\n<p align=\"LEFT\"><span style=\"color: #333333;\"><span style=\"font-family: Arial, sans-serif;\"><span style=\"font-size: medium;\">Il a indiqu\u00e9 que les militaires de l\u2019occupation isra\u00e9lienne sont entr\u00e9s avec leurs armes \u00e0 l\u2019int\u00e9rieur de l\u2019\u00e9glise du Saint-S\u00e9pulcre et attaqu\u00e9 les fid\u00e8les.<br \/>\n\u00ab L\u2019occupation a transform\u00e9 la vieille ville en une caserne militaire. Les forces d\u2019occupation empi\u00e8tent de mani\u00e8re flagrante sur le caract\u00e8re sacr\u00e9 de l\u2019\u00e9glise du Saint-S\u00e9pulcre dans un ciblage sans pr\u00e9c\u00e9dent de la pr\u00e9sence chr\u00e9tienne dans la ville \u00bb, a-t-il condamn\u00e9.<\/span><\/span><\/span><\/p>\n<p align=\"LEFT\"><span style=\"color: #333333;\"><span style=\"font-family: Arial, sans-serif;\"><span style=\"font-size: medium;\">Et de poursuivre : \u00ab\u00a0les forces d\u2019occupation sont entr\u00e9es dans l\u2019\u00e9glise du Saint-S\u00e9pulcre avec leurs armes, provoquant des chr\u00e9tiens et des fid\u00e8les. Les soldats de l\u2019occupation ont attaqu\u00e9 des fid\u00e8les dans une sc\u00e8ne sans pr\u00e9c\u00e9dent lors de la plus importante f\u00eate chr\u00e9tienne vacances.\u00a0\u00bb<\/span><\/span><\/span><\/p>\n<p align=\"LEFT\"><span style=\"color: #333333;\"><span style=\"font-family: Arial, sans-serif;\"><span style=\"font-size: medium;\">A l\u2019adresse des \u00e9glises chr\u00e9tiennes d\u2019Orient et du monde entier, il leur a demand\u00e9 de pr\u00eater attention \u00e0 la pr\u00e9sence chr\u00e9tienne \u00e0 J\u00e9rusalem, en disant : \u00ab\u00a0Mon appel s\u2019adresse \u00e0 toutes les r\u00e9f\u00e9rences religieuses\u2026 Ne laissez pas J\u00e9rusalem seule.\u00a0\u00bb<\/span><\/span><\/span><\/p>\n<p align=\"LEFT\"><span style=\"color: #333333;\"><span style=\"font-family: Arial, sans-serif;\"><span style=\"font-size: medium;\">Mgr Hanna a soulign\u00e9 que \u00ab\u00a0l\u2019occupation s\u2019emploie \u00e0 saboter nos c\u00e9r\u00e9monies et notre f\u00eate religieuse. C\u2019est un crime commis en plein jour contre tous les chr\u00e9tiens\u00a0\u00bb.<\/span><\/span><\/span><\/p>\n<p align=\"LEFT\"><span style=\"color: #333333;\"><span style=\"font-family: Arial, sans-serif;\"><span style=\"font-size: medium;\">D\u00e9ploy\u00e9es massivement dans la ville sainte, et dans la cour de l\u2019Eglise du Saint-S\u00e9pulcre, les forces d\u2019occupation ont interdit le samedi 23 avril, aux chr\u00e9tiens d\u2019acc\u00e9der librement \u00e0 l\u2019\u00e9glise. Elles ont agress\u00e9 un pr\u00eatre pendant qu\u2019il \u00e9tait en route \u00e0 l\u2019\u00e9glise.<\/span><\/span><\/span><\/p>\n<p align=\"LEFT\"><span style=\"color: #333333;\"><span style=\"font-family: Arial, sans-serif;\"><span style=\"font-size: medium;\">Selon <i>al-Mayadeen<\/i>, elles ont dans un premier moment ferm\u00e9 la porte al-Hadid qui m\u00e8ne vers la vieille ville d\u2019al-Qods et qui est emprunt\u00e9e normalement par les fid\u00e8les chr\u00e9tiens le jour du Samedi saint et leur ont demand\u00e9 d\u2019emprunter d\u2019autres portes de la ville \u00e0 l\u2019instar de Bab al-Khalil et Bab al-Amoud, sans donner les raisons de cette interdiction.<\/span><\/span><\/span><\/p>\n<p align=\"LEFT\"><span style=\"color: #333333;\"><span style=\"font-family: Arial, sans-serif;\"><span style=\"font-size: medium;\">Des p\u00e8lerins chr\u00e9tiens venus d\u2019\u00c9gypte ont assur\u00e9 avoir \u00e9t\u00e9 agress\u00e9s et battus par les policiers et les garde-fronti\u00e8res de l\u2019occupation isra\u00e9lienne. Ils ont pr\u00e9cis\u00e9 avoir attendu de longues heures sans obtenir l\u2019autorisation d\u2019acc\u00e9der \u00e0 l\u2019Eglise du Saint-S\u00e9pulcre.<\/span><\/span><\/span><\/p>\n<p align=\"LEFT\"><span style=\"color: #333333;\"><span style=\"font-family: Arial, sans-serif;\"><span style=\"font-size: medium;\">Selon le quotidien isra\u00e9lien <i>Israel Hayom<\/i>, les repr\u00e9sentants de la communaut\u00e9 chr\u00e9tienne de J\u00e9rusalem ont visit\u00e9 le bureau du pr\u00e9sident de l\u2019Autorit\u00e9 palestinienne Mahmoud Abbas pour mettre en garde contre la menace de la d\u00e9cision isra\u00e9lienne d\u2019imposer des restrictions pour l\u2019acc\u00e8s des fid\u00e8les chr\u00e9tiens \u00e0 l\u2019\u00e9glise en question.<\/span><\/span><\/span><\/p>\n<p align=\"LEFT\"><span style=\"color: #333333;\"><span style=\"font-family: Arial, sans-serif;\"><span style=\"font-size: medium;\">Cette affaire exacerbe les tensions entre l\u2019entit\u00e9 sioniste et les Chr\u00e9tiens et plus pr\u00e9cis\u00e9ment les adeptes de l\u2019\u00c9glise gr\u00e9co-orthodoxe sur fond des divergences sur les h\u00f4tels al-Batra et l\u2019Empire situ\u00e9s \u00e0 c\u00f4t\u00e9 de la porte Yafa dans la vieille ville d\u2019al-Qods.<\/span><\/span><\/span><\/p>\n<p align=\"LEFT\"><strong><span style=\"color: #333333;\"><span style=\"font-family: Arial, sans-serif;\"><span style=\"font-size: medium;\"><b>Condamnations des factions palestiniennes<\/b><\/span><\/span><\/span><\/strong><\/p>\n<p align=\"LEFT\"><span style=\"color: #333333;\"><span style=\"font-family: Arial, sans-serif;\"><span style=\"font-size: medium;\">Les factions de la r\u00e9sistance palestinienne ont condamn\u00e9 les mesures isra\u00e9liennes r\u00e9pressives contre les chr\u00e9tiens palestiniens.<\/span><\/span><\/span><\/p>\n<p align=\"LEFT\"><span style=\"color: #333333;\"><span style=\"font-family: Arial, sans-serif;\"><span style=\"font-size: medium;\">Le porte-parole du mouvement de r\u00e9sistance palestinienne Jihad islamique Tareq Ezzeddine a d\u00e9clar\u00e9 : Les forces d\u2019occupation poursuivent leurs violations \u00e0 l\u2019encontre des sanctuaires palestiniens, musulmans. Elles restreignent les mouvements des chr\u00e9tiens palestiniens et limitent leur libert\u00e9 de mouvement et de participation en \u00e9rigeant des barri\u00e8res et en fermant les portes menant \u00e0 l\u2019\u00e9glise du Saint-S\u00e9pulcre dans la ville de J\u00e9rusalem pour c\u00e9l\u00e9brer le Samedi saint dans la ville sainte d\u2019al-Qods \u00bb.<\/span><\/span><\/span><\/p>\n<p align=\"LEFT\"><span style=\"color: #333333;\"><span style=\"font-family: Arial, sans-serif;\"><span style=\"font-size: medium;\">Et M. Ezzeddine de poursuivre : \u00ab Nous, dans le mouvement Jihad islamique, alors que nous d\u00e9non\u00e7ons cette agression flagrante contre la libert\u00e9 de culte et de la pratique des rites religieux, affirmons que l\u2019ennemi, avec sa politique terroriste, cible tout notre peuple, dans tous ses spectres et composantes et viole les sacro-saints islamiques et chr\u00e9tiens. Nous appelons notre peuple \u00e0 l\u2019unit\u00e9 pour faire face \u00e0 cette agression continue et pour d\u00e9fendre le droit de notre peuple de pratiquer sa religion et d\u2019exercer sa libert\u00e9 dans des lieux sacr\u00e9s. Ces pratiques de l\u2019occupation n\u2019affecteront pas la fermet\u00e9 et la d\u00e9termination de notre peuple et son adh\u00e9sion \u00e0 sa terre et sa d\u00e9fense, laquelle restera invincible face \u00e0 tous les d\u00e9fis jusqu\u2019\u00e0 la lib\u00e9ration de la terre et la purification des lieux saints \u00bb.<\/span><\/span><\/span><\/p>\n<p align=\"LEFT\"><span style=\"color: #333333;\"><span style=\"font-family: Arial, sans-serif;\"><span style=\"font-size: medium;\">Selon le Front populaire pour la lib\u00e9ration de la Palestine (FPLP), ces mesures isra\u00e9liennes coercitives \u00e0 l\u2019encontre des chr\u00e9tiens \u00ab s\u2019inscrivent dans le cadre de l\u2019attaque syst\u00e9matique contre les lieux saints de la ville de J\u00e9rusalem \u00bb.<\/span><\/span><\/span><\/p>\n<p align=\"LEFT\"><span style=\"color: #333333;\"><span style=\"font-family: Arial, sans-serif;\"><span style=\"font-size: medium;\">Le FPLP consid\u00e8re ces restrictions comme \u00ab\u00a0l\u2019un des \u00e9pisodes du plan de juda\u00efsation de la ville de J\u00e9rusalem et de ses lieux saints islamiques et chr\u00e9tiens\u00a0\u00bb.<br \/>\nSelon lui \u00ab l\u2019occupation isra\u00e9lienne, de ses agressions contre la ville de J\u00e9rusalem, ne fait pas de distinction entre un palestinien chr\u00e9tien ou musulman ou entre les lieux saints musulmans ou ceux des chr\u00e9tiens. C\u2019est l\u2019ensemble du peuple palestinien qui est vis\u00e9 \u00bb.<\/span><\/span><\/span><\/p>\n<p align=\"LEFT\"><span style=\"color: #333333;\"><span style=\"font-family: Arial, sans-serif;\"><span style=\"font-size: medium;\">Le FPLP a insist\u00e9 sur la n\u00e9cessit\u00e9 de poursuivre le mouvement national et populaire pressant, en particulier les rassemblements permanents et les sit-in dans les cours et les places de la mosqu\u00e9e Al-Aqsa, de l\u2019\u00e9glise du Saint-S\u00e9pulcre et des autres lieux saints, estimant que \u00ab cela suffit \u00e0 freiner l\u2019arrogance sioniste \u00e0 l\u2019\u00e9gard de libert\u00e9 de culte \u00bb.<\/span><\/span><\/span><\/p>\n<p align=\"LEFT\"><a href=\"https:\/\/ismfrance.org\/wp-content\/uploads\/2022\/04\/chretiens-1.jpeg\"><img loading=\"lazy\" decoding=\"async\" class=\"size-large wp-image-2439 aligncenter\" src=\"https:\/\/ismfrance.org\/wp-content\/uploads\/2022\/04\/chretiens-1-700x525.jpeg\" alt=\"\" width=\"600\" height=\"450\" srcset=\"https:\/\/ismfrance.org\/wp-content\/uploads\/2022\/04\/chretiens-1-700x525.jpeg 700w, https:\/\/ismfrance.org\/wp-content\/uploads\/2022\/04\/chretiens-1-300x225.jpeg 300w, https:\/\/ismfrance.org\/wp-content\/uploads\/2022\/04\/chretiens-1-350x263.jpeg 350w, https:\/\/ismfrance.org\/wp-content\/uploads\/2022\/04\/chretiens-1.jpeg 750w\" sizes=\"auto, (max-width: 600px) 100vw, 600px\" \/><\/a> <a href=\"https:\/\/ismfrance.org\/wp-content\/uploads\/2022\/04\/chretiens-2.jpg\"><img loading=\"lazy\" decoding=\"async\" class=\"size-large wp-image-2440 aligncenter\" src=\"https:\/\/ismfrance.org\/wp-content\/uploads\/2022\/04\/chretiens-2-700x393.jpg\" alt=\"\" width=\"600\" height=\"337\" srcset=\"https:\/\/ismfrance.org\/wp-content\/uploads\/2022\/04\/chretiens-2-700x393.jpg 700w, https:\/\/ismfrance.org\/wp-content\/uploads\/2022\/04\/chretiens-2-300x168.jpg 300w, https:\/\/ismfrance.org\/wp-content\/uploads\/2022\/04\/chretiens-2.jpg 750w\" sizes=\"auto, (max-width: 600px) 100vw, 600px\" \/><\/a> <a href=\"https:\/\/ismfrance.org\/wp-content\/uploads\/2022\/04\/chretiens-3.jpeg\"><img loading=\"lazy\" decoding=\"async\" class=\"size-large wp-image-2441 aligncenter\" src=\"https:\/\/ismfrance.org\/wp-content\/uploads\/2022\/04\/chretiens-3-700x385.jpeg\" alt=\"\" width=\"600\" height=\"330\" srcset=\"https:\/\/ismfrance.org\/wp-content\/uploads\/2022\/04\/chretiens-3-700x385.jpeg 700w, https:\/\/ismfrance.org\/wp-content\/uploads\/2022\/04\/chretiens-3-300x165.jpeg 300w, https:\/\/ismfrance.org\/wp-content\/uploads\/2022\/04\/chretiens-3.jpeg 750w\" sizes=\"auto, (max-width: 600px) 100vw, 600px\" \/><\/a>Source : <a href=\"https:\/\/french.almanar.com.lb\/2314094\">Al-Manar<\/a><\/p>\n","protected":false},"excerpt":{"rendered":"<p>Al Manar, 23 avril 2022. Adressant un cri aux \u00e9glises chr\u00e9tiennes d\u2019Orient et du monde entier, l\u2019archev\u00eaque de Sebastia pour les orthodoxes grecs \u00e0 J\u00e9rusalem, l\u2019archev\u00eaque Atallah Hanna, a r\u00e9v\u00e9l\u00e9 <a class=\"more-link\" href=\"https:\/\/ismfrance.org\/index.php\/2022\/04\/24\/appel-aux-eglises-du-monde-israel-agresse-les-chretiens-palestiniens-et-leur-interdit-de-celebrer-leurs-fetes-religieuses-larcheveque-atallah-hanna\/\">Lire la suite &rarr;<\/a><\/p>\n","protected":false},"author":3,"featured_media":2437,"comment_status":"closed","ping_status":"closed","sticky":false,"template":"","format":"standard","meta":{"footnotes":""},"categories":[12,2],"tags":[116,74],"class_list":["post-2436","post","type-post","status-publish","format-standard","has-post-thumbnail","hentry","category-analyses","category-articles","tag-judaisation","tag-sionisme"],"yoast_head":"<!-- This site is optimized with the Yoast SEO plugin v27.2 - https:\/\/yoast.com\/product\/yoast-seo-wordpress\/ -->\n<title>Appel aux \u00e9glises du monde : Isra\u00ebl agresse les chr\u00e9tiens palestiniens et leur interdit de c\u00e9l\u00e9brer leurs f\u00eates religieuses (archev\u00eaque Atallah Hanna) - International Solidarity Movement - ISM-France<\/title>\n<meta name=\"robots\" content=\"index, follow, max-snippet:-1, max-image-preview:large, max-video-preview:-1\" \/>\n<link rel=\"canonical\" href=\"https:\/\/ismfrance.org\/index.php\/2022\/04\/24\/appel-aux-eglises-du-monde-israel-agresse-les-chretiens-palestiniens-et-leur-interdit-de-celebrer-leurs-fetes-religieuses-larcheveque-atallah-hanna\/\" \/>\n<meta property=\"og:locale\" content=\"fr_FR\" \/>\n<meta property=\"og:type\" content=\"article\" \/>\n<meta property=\"og:title\" content=\"Appel aux \u00e9glises du monde : Isra\u00ebl agresse les chr\u00e9tiens palestiniens et leur interdit de c\u00e9l\u00e9brer leurs f\u00eates religieuses (archev\u00eaque Atallah Hanna) - International Solidarity Movement - ISM-France\" \/>\n<meta property=\"og:description\" content=\"Al Manar, 23 avril 2022. Adressant un cri aux \u00e9glises chr\u00e9tiennes d\u2019Orient et du monde entier, l\u2019archev\u00eaque de Sebastia pour les orthodoxes grecs \u00e0 J\u00e9rusalem, l\u2019archev\u00eaque Atallah Hanna, a r\u00e9v\u00e9l\u00e9 Lire la suite &rarr;\" \/>\n<meta property=\"og:url\" content=\"https:\/\/ismfrance.org\/index.php\/2022\/04\/24\/appel-aux-eglises-du-monde-israel-agresse-les-chretiens-palestiniens-et-leur-interdit-de-celebrer-leurs-fetes-religieuses-larcheveque-atallah-hanna\/\" \/>\n<meta property=\"og:site_name\" content=\"International Solidarity Movement - ISM-France\" \/>\n<meta property=\"article:published_time\" content=\"2022-04-24T16:05:06+00:00\" \/>\n<meta property=\"article:modified_time\" content=\"2022-04-24T16:07:10+00:00\" \/>\n<meta property=\"og:image\" content=\"https:\/\/ismfrance.org\/wp-content\/uploads\/2022\/04\/chretien-paques-qods.png\" \/>\n\t<meta property=\"og:image:width\" content=\"750\" \/>\n\t<meta property=\"og:image:height\" content=\"426\" \/>\n\t<meta property=\"og:image:type\" content=\"image\/png\" \/>\n<meta name=\"author\" content=\"mru_01\" \/>\n<meta name=\"twitter:card\" content=\"summary_large_image\" \/>\n<meta name=\"twitter:creator\" content=\"@ISMFRANCE\" \/>\n<meta name=\"twitter:site\" content=\"@ISMFRANCE\" \/>\n<meta name=\"twitter:label1\" content=\"\u00c9crit par\" \/>\n\t<meta name=\"twitter:data1\" content=\"mru_01\" \/>\n\t<meta name=\"twitter:label2\" content=\"Dur\u00e9e de lecture estim\u00e9e\" \/>\n\t<meta name=\"twitter:data2\" content=\"5 minutes\" \/>\n<script type=\"application\/ld+json\" class=\"yoast-schema-graph\">{\"@context\":\"https:\/\/schema.org\",\"@graph\":[{\"@type\":\"Article\",\"@id\":\"https:\/\/ismfrance.org\/index.php\/2022\/04\/24\/appel-aux-eglises-du-monde-israel-agresse-les-chretiens-palestiniens-et-leur-interdit-de-celebrer-leurs-fetes-religieuses-larcheveque-atallah-hanna\/#article\",\"isPartOf\":{\"@id\":\"https:\/\/ismfrance.org\/index.php\/2022\/04\/24\/appel-aux-eglises-du-monde-israel-agresse-les-chretiens-palestiniens-et-leur-interdit-de-celebrer-leurs-fetes-religieuses-larcheveque-atallah-hanna\/\"},\"author\":{\"name\":\"mru_01\",\"@id\":\"https:\/\/ismfrance.org\/#\/schema\/person\/3c411eb72adfaae19c0dca1f41fae01d\"},\"headline\":\"Appel aux \u00e9glises du monde : Isra\u00ebl agresse les chr\u00e9tiens palestiniens et leur interdit de c\u00e9l\u00e9brer leurs f\u00eates religieuses (archev\u00eaque Atallah Hanna)\",\"datePublished\":\"2022-04-24T16:05:06+00:00\",\"dateModified\":\"2022-04-24T16:07:10+00:00\",\"mainEntityOfPage\":{\"@id\":\"https:\/\/ismfrance.org\/index.php\/2022\/04\/24\/appel-aux-eglises-du-monde-israel-agresse-les-chretiens-palestiniens-et-leur-interdit-de-celebrer-leurs-fetes-religieuses-larcheveque-atallah-hanna\/\"},\"wordCount\":1079,\"publisher\":{\"@id\":\"https:\/\/ismfrance.org\/#organization\"},\"image\":{\"@id\":\"https:\/\/ismfrance.org\/index.php\/2022\/04\/24\/appel-aux-eglises-du-monde-israel-agresse-les-chretiens-palestiniens-et-leur-interdit-de-celebrer-leurs-fetes-religieuses-larcheveque-atallah-hanna\/#primaryimage\"},\"thumbnailUrl\":\"https:\/\/ismfrance.org\/wp-content\/uploads\/2022\/04\/chretien-paques-qods.png\",\"keywords\":[\"Juda\u00efsation\",\"Sionisme\"],\"articleSection\":[\"Analyses\",\"Articles\"],\"inLanguage\":\"fr-FR\"},{\"@type\":\"WebPage\",\"@id\":\"https:\/\/ismfrance.org\/index.php\/2022\/04\/24\/appel-aux-eglises-du-monde-israel-agresse-les-chretiens-palestiniens-et-leur-interdit-de-celebrer-leurs-fetes-religieuses-larcheveque-atallah-hanna\/\",\"url\":\"https:\/\/ismfrance.org\/index.php\/2022\/04\/24\/appel-aux-eglises-du-monde-israel-agresse-les-chretiens-palestiniens-et-leur-interdit-de-celebrer-leurs-fetes-religieuses-larcheveque-atallah-hanna\/\",\"name\":\"Appel aux \u00e9glises du monde : Isra\u00ebl agresse les chr\u00e9tiens palestiniens et leur interdit de c\u00e9l\u00e9brer leurs f\u00eates religieuses (archev\u00eaque Atallah Hanna) - International Solidarity Movement - ISM-France\",\"isPartOf\":{\"@id\":\"https:\/\/ismfrance.org\/#website\"},\"primaryImageOfPage\":{\"@id\":\"https:\/\/ismfrance.org\/index.php\/2022\/04\/24\/appel-aux-eglises-du-monde-israel-agresse-les-chretiens-palestiniens-et-leur-interdit-de-celebrer-leurs-fetes-religieuses-larcheveque-atallah-hanna\/#primaryimage\"},\"image\":{\"@id\":\"https:\/\/ismfrance.org\/index.php\/2022\/04\/24\/appel-aux-eglises-du-monde-israel-agresse-les-chretiens-palestiniens-et-leur-interdit-de-celebrer-leurs-fetes-religieuses-larcheveque-atallah-hanna\/#primaryimage\"},\"thumbnailUrl\":\"https:\/\/ismfrance.org\/wp-content\/uploads\/2022\/04\/chretien-paques-qods.png\",\"datePublished\":\"2022-04-24T16:05:06+00:00\",\"dateModified\":\"2022-04-24T16:07:10+00:00\",\"breadcrumb\":{\"@id\":\"https:\/\/ismfrance.org\/index.php\/2022\/04\/24\/appel-aux-eglises-du-monde-israel-agresse-les-chretiens-palestiniens-et-leur-interdit-de-celebrer-leurs-fetes-religieuses-larcheveque-atallah-hanna\/#breadcrumb\"},\"inLanguage\":\"fr-FR\",\"potentialAction\":[{\"@type\":\"ReadAction\",\"target\":[\"https:\/\/ismfrance.org\/index.php\/2022\/04\/24\/appel-aux-eglises-du-monde-israel-agresse-les-chretiens-palestiniens-et-leur-interdit-de-celebrer-leurs-fetes-religieuses-larcheveque-atallah-hanna\/\"]}]},{\"@type\":\"ImageObject\",\"inLanguage\":\"fr-FR\",\"@id\":\"https:\/\/ismfrance.org\/index.php\/2022\/04\/24\/appel-aux-eglises-du-monde-israel-agresse-les-chretiens-palestiniens-et-leur-interdit-de-celebrer-leurs-fetes-religieuses-larcheveque-atallah-hanna\/#primaryimage\",\"url\":\"https:\/\/ismfrance.org\/wp-content\/uploads\/2022\/04\/chretien-paques-qods.png\",\"contentUrl\":\"https:\/\/ismfrance.org\/wp-content\/uploads\/2022\/04\/chretien-paques-qods.png\",\"width\":750,\"height\":426},{\"@type\":\"BreadcrumbList\",\"@id\":\"https:\/\/ismfrance.org\/index.php\/2022\/04\/24\/appel-aux-eglises-du-monde-israel-agresse-les-chretiens-palestiniens-et-leur-interdit-de-celebrer-leurs-fetes-religieuses-larcheveque-atallah-hanna\/#breadcrumb\",\"itemListElement\":[{\"@type\":\"ListItem\",\"position\":1,\"name\":\"Accueil\",\"item\":\"https:\/\/ismfrance.org\/\"},{\"@type\":\"ListItem\",\"position\":2,\"name\":\"Appel aux \u00e9glises du monde : Isra\u00ebl agresse les chr\u00e9tiens palestiniens et leur interdit de c\u00e9l\u00e9brer leurs f\u00eates religieuses (archev\u00eaque Atallah Hanna)\"}]},{\"@type\":\"WebSite\",\"@id\":\"https:\/\/ismfrance.org\/#website\",\"url\":\"https:\/\/ismfrance.org\/\",\"name\":\"ISM Palestine France\",\"description\":\"Soutien aux luttes de lib\u00e9ration du peuple palestinien\",\"publisher\":{\"@id\":\"https:\/\/ismfrance.org\/#organization\"},\"potentialAction\":[{\"@type\":\"SearchAction\",\"target\":{\"@type\":\"EntryPoint\",\"urlTemplate\":\"https:\/\/ismfrance.org\/?s={search_term_string}\"},\"query-input\":{\"@type\":\"PropertyValueSpecification\",\"valueRequired\":true,\"valueName\":\"search_term_string\"}}],\"inLanguage\":\"fr-FR\"},{\"@type\":\"Organization\",\"@id\":\"https:\/\/ismfrance.org\/#organization\",\"name\":\"International Solidarity Movement\",\"url\":\"https:\/\/ismfrance.org\/\",\"logo\":{\"@type\":\"ImageObject\",\"inLanguage\":\"fr-FR\",\"@id\":\"https:\/\/ismfrance.org\/#\/schema\/logo\/image\/\",\"url\":\"https:\/\/ismfrance.org\/wp-content\/uploads\/2020\/12\/00.png\",\"contentUrl\":\"https:\/\/ismfrance.org\/wp-content\/uploads\/2020\/12\/00.png\",\"width\":400,\"height\":400,\"caption\":\"International Solidarity Movement\"},\"image\":{\"@id\":\"https:\/\/ismfrance.org\/#\/schema\/logo\/image\/\"},\"sameAs\":[\"https:\/\/x.com\/ISMFRANCE\"]},{\"@type\":\"Person\",\"@id\":\"https:\/\/ismfrance.org\/#\/schema\/person\/3c411eb72adfaae19c0dca1f41fae01d\",\"name\":\"mru_01\",\"image\":{\"@type\":\"ImageObject\",\"inLanguage\":\"fr-FR\",\"@id\":\"https:\/\/secure.gravatar.com\/avatar\/3a0be343b445d2ccc79e87444a294fad2b232e90d2051d0e3cc219e1ecd6a330?s=96&d=mm&r=g\",\"url\":\"https:\/\/secure.gravatar.com\/avatar\/3a0be343b445d2ccc79e87444a294fad2b232e90d2051d0e3cc219e1ecd6a330?s=96&d=mm&r=g\",\"contentUrl\":\"https:\/\/secure.gravatar.com\/avatar\/3a0be343b445d2ccc79e87444a294fad2b232e90d2051d0e3cc219e1ecd6a330?s=96&d=mm&r=g\",\"caption\":\"mru_01\"},\"url\":\"https:\/\/ismfrance.org\/index.php\/author\/admin02\/\"}]}<\/script>\n<!-- \/ Yoast SEO plugin. -->","yoast_head_json":{"title":"Appel aux \u00e9glises du monde : Isra\u00ebl agresse les chr\u00e9tiens palestiniens et leur interdit de c\u00e9l\u00e9brer leurs f\u00eates religieuses (archev\u00eaque Atallah Hanna) - International Solidarity Movement - ISM-France","robots":{"index":"index","follow":"follow","max-snippet":"max-snippet:-1","max-image-preview":"max-image-preview:large","max-video-preview":"max-video-preview:-1"},"canonical":"https:\/\/ismfrance.org\/index.php\/2022\/04\/24\/appel-aux-eglises-du-monde-israel-agresse-les-chretiens-palestiniens-et-leur-interdit-de-celebrer-leurs-fetes-religieuses-larcheveque-atallah-hanna\/","og_locale":"fr_FR","og_type":"article","og_title":"Appel aux \u00e9glises du monde : Isra\u00ebl agresse les chr\u00e9tiens palestiniens et leur interdit de c\u00e9l\u00e9brer leurs f\u00eates religieuses (archev\u00eaque Atallah Hanna) - International Solidarity Movement - ISM-France","og_description":"Al Manar, 23 avril 2022. Adressant un cri aux \u00e9glises chr\u00e9tiennes d\u2019Orient et du monde entier, l\u2019archev\u00eaque de Sebastia pour les orthodoxes grecs \u00e0 J\u00e9rusalem, l\u2019archev\u00eaque Atallah Hanna, a r\u00e9v\u00e9l\u00e9 Lire la suite &rarr;","og_url":"https:\/\/ismfrance.org\/index.php\/2022\/04\/24\/appel-aux-eglises-du-monde-israel-agresse-les-chretiens-palestiniens-et-leur-interdit-de-celebrer-leurs-fetes-religieuses-larcheveque-atallah-hanna\/","og_site_name":"International Solidarity Movement - ISM-France","article_published_time":"2022-04-24T16:05:06+00:00","article_modified_time":"2022-04-24T16:07:10+00:00","og_image":[{"width":750,"height":426,"url":"https:\/\/ismfrance.org\/wp-content\/uploads\/2022\/04\/chretien-paques-qods.png","type":"image\/png"}],"author":"mru_01","twitter_card":"summary_large_image","twitter_creator":"@ISMFRANCE","twitter_site":"@ISMFRANCE","twitter_misc":{"\u00c9crit par":"mru_01","Dur\u00e9e de lecture estim\u00e9e":"5 minutes"},"schema":{"@context":"https:\/\/schema.org","@graph":[{"@type":"Article","@id":"https:\/\/ismfrance.org\/index.php\/2022\/04\/24\/appel-aux-eglises-du-monde-israel-agresse-les-chretiens-palestiniens-et-leur-interdit-de-celebrer-leurs-fetes-religieuses-larcheveque-atallah-hanna\/#article","isPartOf":{"@id":"https:\/\/ismfrance.org\/index.php\/2022\/04\/24\/appel-aux-eglises-du-monde-israel-agresse-les-chretiens-palestiniens-et-leur-interdit-de-celebrer-leurs-fetes-religieuses-larcheveque-atallah-hanna\/"},"author":{"name":"mru_01","@id":"https:\/\/ismfrance.org\/#\/schema\/person\/3c411eb72adfaae19c0dca1f41fae01d"},"headline":"Appel aux \u00e9glises du monde : Isra\u00ebl agresse les chr\u00e9tiens palestiniens et leur interdit de c\u00e9l\u00e9brer leurs f\u00eates religieuses (archev\u00eaque Atallah Hanna)","datePublished":"2022-04-24T16:05:06+00:00","dateModified":"2022-04-24T16:07:10+00:00","mainEntityOfPage":{"@id":"https:\/\/ismfrance.org\/index.php\/2022\/04\/24\/appel-aux-eglises-du-monde-israel-agresse-les-chretiens-palestiniens-et-leur-interdit-de-celebrer-leurs-fetes-religieuses-larcheveque-atallah-hanna\/"},"wordCount":1079,"publisher":{"@id":"https:\/\/ismfrance.org\/#organization"},"image":{"@id":"https:\/\/ismfrance.org\/index.php\/2022\/04\/24\/appel-aux-eglises-du-monde-israel-agresse-les-chretiens-palestiniens-et-leur-interdit-de-celebrer-leurs-fetes-religieuses-larcheveque-atallah-hanna\/#primaryimage"},"thumbnailUrl":"https:\/\/ismfrance.org\/wp-content\/uploads\/2022\/04\/chretien-paques-qods.png","keywords":["Juda\u00efsation","Sionisme"],"articleSection":["Analyses","Articles"],"inLanguage":"fr-FR"},{"@type":"WebPage","@id":"https:\/\/ismfrance.org\/index.php\/2022\/04\/24\/appel-aux-eglises-du-monde-israel-agresse-les-chretiens-palestiniens-et-leur-interdit-de-celebrer-leurs-fetes-religieuses-larcheveque-atallah-hanna\/","url":"https:\/\/ismfrance.org\/index.php\/2022\/04\/24\/appel-aux-eglises-du-monde-israel-agresse-les-chretiens-palestiniens-et-leur-interdit-de-celebrer-leurs-fetes-religieuses-larcheveque-atallah-hanna\/","name":"Appel aux \u00e9glises du monde : Isra\u00ebl agresse les chr\u00e9tiens palestiniens et leur interdit de c\u00e9l\u00e9brer leurs f\u00eates religieuses (archev\u00eaque Atallah Hanna) - International Solidarity Movement - ISM-France","isPartOf":{"@id":"https:\/\/ismfrance.org\/#website"},"primaryImageOfPage":{"@id":"https:\/\/ismfrance.org\/index.php\/2022\/04\/24\/appel-aux-eglises-du-monde-israel-agresse-les-chretiens-palestiniens-et-leur-interdit-de-celebrer-leurs-fetes-religieuses-larcheveque-atallah-hanna\/#primaryimage"},"image":{"@id":"https:\/\/ismfrance.org\/index.php\/2022\/04\/24\/appel-aux-eglises-du-monde-israel-agresse-les-chretiens-palestiniens-et-leur-interdit-de-celebrer-leurs-fetes-religieuses-larcheveque-atallah-hanna\/#primaryimage"},"thumbnailUrl":"https:\/\/ismfrance.org\/wp-content\/uploads\/2022\/04\/chretien-paques-qods.png","datePublished":"2022-04-24T16:05:06+00:00","dateModified":"2022-04-24T16:07:10+00:00","breadcrumb":{"@id":"https:\/\/ismfrance.org\/index.php\/2022\/04\/24\/appel-aux-eglises-du-monde-israel-agresse-les-chretiens-palestiniens-et-leur-interdit-de-celebrer-leurs-fetes-religieuses-larcheveque-atallah-hanna\/#breadcrumb"},"inLanguage":"fr-FR","potentialAction":[{"@type":"ReadAction","target":["https:\/\/ismfrance.org\/index.php\/2022\/04\/24\/appel-aux-eglises-du-monde-israel-agresse-les-chretiens-palestiniens-et-leur-interdit-de-celebrer-leurs-fetes-religieuses-larcheveque-atallah-hanna\/"]}]},{"@type":"ImageObject","inLanguage":"fr-FR","@id":"https:\/\/ismfrance.org\/index.php\/2022\/04\/24\/appel-aux-eglises-du-monde-israel-agresse-les-chretiens-palestiniens-et-leur-interdit-de-celebrer-leurs-fetes-religieuses-larcheveque-atallah-hanna\/#primaryimage","url":"https:\/\/ismfrance.org\/wp-content\/uploads\/2022\/04\/chretien-paques-qods.png","contentUrl":"https:\/\/ismfrance.org\/wp-content\/uploads\/2022\/04\/chretien-paques-qods.png","width":750,"height":426},{"@type":"BreadcrumbList","@id":"https:\/\/ismfrance.org\/index.php\/2022\/04\/24\/appel-aux-eglises-du-monde-israel-agresse-les-chretiens-palestiniens-et-leur-interdit-de-celebrer-leurs-fetes-religieuses-larcheveque-atallah-hanna\/#breadcrumb","itemListElement":[{"@type":"ListItem","position":1,"name":"Accueil","item":"https:\/\/ismfrance.org\/"},{"@type":"ListItem","position":2,"name":"Appel aux \u00e9glises du monde : Isra\u00ebl agresse les chr\u00e9tiens palestiniens et leur interdit de c\u00e9l\u00e9brer leurs f\u00eates religieuses (archev\u00eaque Atallah Hanna)"}]},{"@type":"WebSite","@id":"https:\/\/ismfrance.org\/#website","url":"https:\/\/ismfrance.org\/","name":"ISM Palestine France","description":"Soutien aux luttes de lib\u00e9ration du peuple palestinien","publisher":{"@id":"https:\/\/ismfrance.org\/#organization"},"potentialAction":[{"@type":"SearchAction","target":{"@type":"EntryPoint","urlTemplate":"https:\/\/ismfrance.org\/?s={search_term_string}"},"query-input":{"@type":"PropertyValueSpecification","valueRequired":true,"valueName":"search_term_string"}}],"inLanguage":"fr-FR"},{"@type":"Organization","@id":"https:\/\/ismfrance.org\/#organization","name":"International Solidarity Movement","url":"https:\/\/ismfrance.org\/","logo":{"@type":"ImageObject","inLanguage":"fr-FR","@id":"https:\/\/ismfrance.org\/#\/schema\/logo\/image\/","url":"https:\/\/ismfrance.org\/wp-content\/uploads\/2020\/12\/00.png","contentUrl":"https:\/\/ismfrance.org\/wp-content\/uploads\/2020\/12\/00.png","width":400,"height":400,"caption":"International Solidarity Movement"},"image":{"@id":"https:\/\/ismfrance.org\/#\/schema\/logo\/image\/"},"sameAs":["https:\/\/x.com\/ISMFRANCE"]},{"@type":"Person","@id":"https:\/\/ismfrance.org\/#\/schema\/person\/3c411eb72adfaae19c0dca1f41fae01d","name":"mru_01","image":{"@type":"ImageObject","inLanguage":"fr-FR","@id":"https:\/\/secure.gravatar.com\/avatar\/3a0be343b445d2ccc79e87444a294fad2b232e90d2051d0e3cc219e1ecd6a330?s=96&d=mm&r=g","url":"https:\/\/secure.gravatar.com\/avatar\/3a0be343b445d2ccc79e87444a294fad2b232e90d2051d0e3cc219e1ecd6a330?s=96&d=mm&r=g","contentUrl":"https:\/\/secure.gravatar.com\/avatar\/3a0be343b445d2ccc79e87444a294fad2b232e90d2051d0e3cc219e1ecd6a330?s=96&d=mm&r=g","caption":"mru_01"},"url":"https:\/\/ismfrance.org\/index.php\/author\/admin02\/"}]}},"_links":{"self":[{"href":"https:\/\/ismfrance.org\/index.php\/wp-json\/wp\/v2\/posts\/2436","targetHints":{"allow":["GET"]}}],"collection":[{"href":"https:\/\/ismfrance.org\/index.php\/wp-json\/wp\/v2\/posts"}],"about":[{"href":"https:\/\/ismfrance.org\/index.php\/wp-json\/wp\/v2\/types\/post"}],"author":[{"embeddable":true,"href":"https:\/\/ismfrance.org\/index.php\/wp-json\/wp\/v2\/users\/3"}],"replies":[{"embeddable":true,"href":"https:\/\/ismfrance.org\/index.php\/wp-json\/wp\/v2\/comments?post=2436"}],"version-history":[{"count":0,"href":"https:\/\/ismfrance.org\/index.php\/wp-json\/wp\/v2\/posts\/2436\/revisions"}],"wp:featuredmedia":[{"embeddable":true,"href":"https:\/\/ismfrance.org\/index.php\/wp-json\/wp\/v2\/media\/2437"}],"wp:attachment":[{"href":"https:\/\/ismfrance.org\/index.php\/wp-json\/wp\/v2\/media?parent=2436"}],"wp:term":[{"taxonomy":"category","embeddable":true,"href":"https:\/\/ismfrance.org\/index.php\/wp-json\/wp\/v2\/categories?post=2436"},{"taxonomy":"post_tag","embeddable":true,"href":"https:\/\/ismfrance.org\/index.php\/wp-json\/wp\/v2\/tags?post=2436"}],"curies":[{"name":"wp","href":"https:\/\/api.w.org\/{rel}","templated":true}]}}