{"id":235,"date":"2021-04-21T10:42:33","date_gmt":"2021-04-21T08:42:33","guid":{"rendered":"http:\/\/ismfrance.org\/?p=235"},"modified":"2021-04-21T18:29:28","modified_gmt":"2021-04-21T16:29:28","slug":"les-freres-shamasneh-entrent-dans-leur-29eme-annee-de-detention-en-israel","status":"publish","type":"post","link":"https:\/\/ismfrance.org\/index.php\/2021\/04\/21\/les-freres-shamasneh-entrent-dans-leur-29eme-annee-de-detention-en-israel\/","title":{"rendered":"Les fr\u00e8res Shamasneh entrent dans leur 29\u00e8me ann\u00e9e de d\u00e9tention en Isra\u00ebl"},"content":{"rendered":"<p><em>Deux fr\u00e8res palestiniens, Abdul Jawad, 57 ans, et Mohammed Shamasneh, 51 ans, sont entr\u00e9s dans leur 29\u00e8me ann\u00e9e cons\u00e9cutive de d\u00e9tention en Isra\u00ebl, a rapport\u00e9 hier le Club des prisonniers palestiniens.<\/em><\/p>\n<div id=\"attachment_237\" style=\"width: 410px\" class=\"wp-caption aligncenter\"><img loading=\"lazy\" decoding=\"async\" aria-describedby=\"caption-attachment-237\" src=\"https:\/\/ismfrance.org\/wp-content\/uploads\/2021\/04\/06.jpg\" alt=\"\" width=\"400\" height=\"267\" class=\"size-full wp-image-237\" srcset=\"https:\/\/ismfrance.org\/wp-content\/uploads\/2021\/04\/06.jpg 400w, https:\/\/ismfrance.org\/wp-content\/uploads\/2021\/04\/06-300x200.jpg 300w\" sizes=\"auto, (max-width: 400px) 100vw, 400px\" \/><p id=\"caption-attachment-237\" class=\"wp-caption-text\">Les deux fr\u00e8res palestiniens, Abdul Jawad, 57 ans et Mohammed Shamasneh, 51 ans, sont entr\u00e9s dans leur 29e ann\u00e9e cons\u00e9cutive dans les centres de d\u00e9tention isra\u00e9liens &#8211; Photo: via daysofpalestine.ps<\/p><\/div>\n<p>Dans une d\u00e9claration officielle, l&rsquo;organisation a expliqu\u00e9 que les prisonniers \u00e9taient originaires de Qatana, \u00e0 J\u00e9rusalem-Est, ajoutant qu&rsquo;ils avaient \u00e9t\u00e9 arr\u00eat\u00e9s avant la signature des accords d&rsquo;Oslo en 1993. Ils ont \u00e9t\u00e9 condamn\u00e9s \u00e0 plusieurs reprises \u00e0 la prison \u00e0 vie.<\/p>\n<p>Le communiqu\u00e9 souligne que la m\u00e8re des d\u00e9tenus n&rsquo;a pas \u00e9t\u00e9 autoris\u00e9e \u00e0 leur rendre visite depuis \u00ab cinq ans en raison de son \u00e9tat de sant\u00e9 \u00bb, ajoutant que les autorit\u00e9s isra\u00e9liennes continuent \u00ab d&rsquo;interdire aux enfants d&rsquo;Abdul-Jawad de lui rendre visite pour des raisons de s\u00e9curit\u00e9. \u00bb<\/p>\n<p>Abdul-Jawad est mari\u00e9 et a trois enfants, tandis que Mohammed a trois filles. Tous deux sont actuellement d\u00e9tenus au centre de d\u00e9tention de Nafha.<\/p>\n<p>Isra\u00ebl d\u00e9tient environ 4.500 Palestiniens dans ses prisons, parmi lesquels 41 femmes et 140 enfants de moins de 18 ans. Depuis le d\u00e9but de l&rsquo;ann\u00e9e 2021, les autorit\u00e9s isra\u00e9liennes ont arr\u00eat\u00e9 pr\u00e8s de 1.400 Palestiniens.<\/p>\n<p>Pr\u00e8s de 550 d\u00e9tenus souffrent de diverses maladies et n\u00e9cessitent une surveillance \u00e9troite et des soins de sant\u00e9. Au moins 10 d\u00e9tenus souffrent de cancers \u00e0 des degr\u00e9s divers, dont Fouad Al-Shobaki, 82 ans, le plus \u00e2g\u00e9 des prisonniers. \u00c0 ce jour, 368 Palestiniens emprisonn\u00e9s ont \u00e9t\u00e9 infect\u00e9s par le coronavirus.<\/p>\n<p>Certains Palestiniens ont pass\u00e9 40 ans en captivit\u00e9 et 543 ont \u00e9t\u00e9 condamn\u00e9s \u00e0 plusieurs peines de prison \u00e0 vie.<\/p>\n<p>19 avril 2021 &#8211; Source : <a href=\"https:\/\/www.middleeastmonitor.com\/20210419-palestine-brothers-enter-29th-year-in-israel-detention\/\" rel=\"noopener\" target=\"_blank\">Middle East Monitor<\/a><br \/>\nTraduction : MR pour ISM<\/p>\n","protected":false},"excerpt":{"rendered":"<p>Deux fr\u00e8res palestiniens, Abdul Jawad, 57 ans, et Mohammed Shamasneh, 51 ans, sont entr\u00e9s dans leur 29\u00e8me ann\u00e9e cons\u00e9cutive de d\u00e9tention en Isra\u00ebl, a rapport\u00e9 hier le Club des prisonniers <a class=\"more-link\" href=\"https:\/\/ismfrance.org\/index.php\/2021\/04\/21\/les-freres-shamasneh-entrent-dans-leur-29eme-annee-de-detention-en-israel\/\">Lire la suite &rarr;<\/a><\/p>\n","protected":false},"author":2,"featured_media":240,"comment_status":"closed","ping_status":"open","sticky":false,"template":"","format":"standard","meta":{"footnotes":""},"categories":[2,13],"tags":[21],"class_list":["post-235","post","type-post","status-publish","format-standard","has-post-thumbnail","hentry","category-articles","category-temoignages","tag-prisonniers"],"yoast_head":"<!-- This site is optimized with the Yoast SEO plugin v27.2 - https:\/\/yoast.com\/product\/yoast-seo-wordpress\/ -->\n<title>Les fr\u00e8res Shamasneh entrent dans leur 29\u00e8me ann\u00e9e de d\u00e9tention en Isra\u00ebl<\/title>\n<meta name=\"description\" content=\"Deux fr\u00e8res palestiniens, Abdul Jawad, 57 ans, et Mohammed Shamasneh, 51 ans, sont entr\u00e9s dans leur 29\u00e8me ann\u00e9e cons\u00e9cutive de d\u00e9tention en Isra\u00ebl, a rapport\u00e9 hier le Club des prisonniers palestiniens.\" \/>\n<meta name=\"robots\" content=\"index, follow, max-snippet:-1, max-image-preview:large, max-video-preview:-1\" \/>\n<link rel=\"canonical\" href=\"https:\/\/ismfrance.org\/index.php\/2021\/04\/21\/les-freres-shamasneh-entrent-dans-leur-29eme-annee-de-detention-en-israel\/\" \/>\n<meta property=\"og:locale\" content=\"fr_FR\" \/>\n<meta property=\"og:type\" content=\"article\" \/>\n<meta property=\"og:title\" content=\"Les fr\u00e8res Shamasneh entrent dans leur 29\u00e8me ann\u00e9e de d\u00e9tention en Isra\u00ebl\" \/>\n<meta property=\"og:description\" content=\"Deux fr\u00e8res palestiniens, Abdul Jawad, 57 ans, et Mohammed Shamasneh, 51 ans, sont entr\u00e9s dans leur 29\u00e8me ann\u00e9e cons\u00e9cutive de d\u00e9tention en Isra\u00ebl, a rapport\u00e9 hier le Club des prisonniers palestiniens.\" \/>\n<meta property=\"og:url\" content=\"https:\/\/ismfrance.org\/index.php\/2021\/04\/21\/les-freres-shamasneh-entrent-dans-leur-29eme-annee-de-detention-en-israel\/\" \/>\n<meta property=\"og:site_name\" content=\"International Solidarity Movement - ISM-France\" \/>\n<meta property=\"article:published_time\" content=\"2021-04-21T08:42:33+00:00\" \/>\n<meta property=\"article:modified_time\" content=\"2021-04-21T16:29:28+00:00\" \/>\n<meta property=\"og:image\" content=\"https:\/\/ismfrance.org\/wp-content\/uploads\/2021\/04\/02.jpg\" \/>\n\t<meta property=\"og:image:width\" content=\"685\" \/>\n\t<meta property=\"og:image:height\" content=\"323\" \/>\n\t<meta property=\"og:image:type\" content=\"image\/jpeg\" \/>\n<meta name=\"author\" content=\"Claude\" \/>\n<meta name=\"twitter:card\" content=\"summary_large_image\" \/>\n<meta name=\"twitter:creator\" content=\"@ISMFRANCE\" \/>\n<meta name=\"twitter:site\" content=\"@ISMFRANCE\" \/>\n<meta name=\"twitter:label1\" content=\"\u00c9crit par\" \/>\n\t<meta name=\"twitter:data1\" content=\"Claude\" \/>\n\t<meta name=\"twitter:label2\" content=\"Dur\u00e9e de lecture estim\u00e9e\" \/>\n\t<meta name=\"twitter:data2\" content=\"2 minutes\" \/>\n<script type=\"application\/ld+json\" class=\"yoast-schema-graph\">{\"@context\":\"https:\/\/schema.org\",\"@graph\":[{\"@type\":\"Article\",\"@id\":\"https:\/\/ismfrance.org\/index.php\/2021\/04\/21\/les-freres-shamasneh-entrent-dans-leur-29eme-annee-de-detention-en-israel\/#article\",\"isPartOf\":{\"@id\":\"https:\/\/ismfrance.org\/index.php\/2021\/04\/21\/les-freres-shamasneh-entrent-dans-leur-29eme-annee-de-detention-en-israel\/\"},\"author\":{\"name\":\"Claude\",\"@id\":\"https:\/\/ismfrance.org\/#\/schema\/person\/a2b126ed42ea5fbb1774ab3eacb93fe3\"},\"headline\":\"Les fr\u00e8res Shamasneh entrent dans leur 29\u00e8me ann\u00e9e de d\u00e9tention en Isra\u00ebl\",\"datePublished\":\"2021-04-21T08:42:33+00:00\",\"dateModified\":\"2021-04-21T16:29:28+00:00\",\"mainEntityOfPage\":{\"@id\":\"https:\/\/ismfrance.org\/index.php\/2021\/04\/21\/les-freres-shamasneh-entrent-dans-leur-29eme-annee-de-detention-en-israel\/\"},\"wordCount\":333,\"publisher\":{\"@id\":\"https:\/\/ismfrance.org\/#organization\"},\"image\":{\"@id\":\"https:\/\/ismfrance.org\/index.php\/2021\/04\/21\/les-freres-shamasneh-entrent-dans-leur-29eme-annee-de-detention-en-israel\/#primaryimage\"},\"thumbnailUrl\":\"https:\/\/ismfrance.org\/wp-content\/uploads\/2021\/04\/02.jpg\",\"keywords\":[\"Prisonniers\"],\"articleSection\":[\"Articles\",\"T\u00e9moignages\"],\"inLanguage\":\"fr-FR\"},{\"@type\":\"WebPage\",\"@id\":\"https:\/\/ismfrance.org\/index.php\/2021\/04\/21\/les-freres-shamasneh-entrent-dans-leur-29eme-annee-de-detention-en-israel\/\",\"url\":\"https:\/\/ismfrance.org\/index.php\/2021\/04\/21\/les-freres-shamasneh-entrent-dans-leur-29eme-annee-de-detention-en-israel\/\",\"name\":\"Les fr\u00e8res Shamasneh entrent dans leur 29\u00e8me ann\u00e9e de d\u00e9tention en Isra\u00ebl\",\"isPartOf\":{\"@id\":\"https:\/\/ismfrance.org\/#website\"},\"primaryImageOfPage\":{\"@id\":\"https:\/\/ismfrance.org\/index.php\/2021\/04\/21\/les-freres-shamasneh-entrent-dans-leur-29eme-annee-de-detention-en-israel\/#primaryimage\"},\"image\":{\"@id\":\"https:\/\/ismfrance.org\/index.php\/2021\/04\/21\/les-freres-shamasneh-entrent-dans-leur-29eme-annee-de-detention-en-israel\/#primaryimage\"},\"thumbnailUrl\":\"https:\/\/ismfrance.org\/wp-content\/uploads\/2021\/04\/02.jpg\",\"datePublished\":\"2021-04-21T08:42:33+00:00\",\"dateModified\":\"2021-04-21T16:29:28+00:00\",\"description\":\"Deux fr\u00e8res palestiniens, Abdul Jawad, 57 ans, et Mohammed Shamasneh, 51 ans, sont entr\u00e9s dans leur 29\u00e8me ann\u00e9e cons\u00e9cutive de d\u00e9tention en Isra\u00ebl, a rapport\u00e9 hier le Club des prisonniers palestiniens.\",\"breadcrumb\":{\"@id\":\"https:\/\/ismfrance.org\/index.php\/2021\/04\/21\/les-freres-shamasneh-entrent-dans-leur-29eme-annee-de-detention-en-israel\/#breadcrumb\"},\"inLanguage\":\"fr-FR\",\"potentialAction\":[{\"@type\":\"ReadAction\",\"target\":[\"https:\/\/ismfrance.org\/index.php\/2021\/04\/21\/les-freres-shamasneh-entrent-dans-leur-29eme-annee-de-detention-en-israel\/\"]}]},{\"@type\":\"ImageObject\",\"inLanguage\":\"fr-FR\",\"@id\":\"https:\/\/ismfrance.org\/index.php\/2021\/04\/21\/les-freres-shamasneh-entrent-dans-leur-29eme-annee-de-detention-en-israel\/#primaryimage\",\"url\":\"https:\/\/ismfrance.org\/wp-content\/uploads\/2021\/04\/02.jpg\",\"contentUrl\":\"https:\/\/ismfrance.org\/wp-content\/uploads\/2021\/04\/02.jpg\",\"width\":685,\"height\":323,\"caption\":\"Les deux fr\u00e8res palestiniens, Abdul Jawad, 57 ans et Mohammed Shamasneh, 51 ans, sont entr\u00e9s dans leur 29e ann\u00e9e cons\u00e9cutive dans les centres de d\u00e9tention isra\u00e9liens - Photo: via daysofpalestine.ps\"},{\"@type\":\"BreadcrumbList\",\"@id\":\"https:\/\/ismfrance.org\/index.php\/2021\/04\/21\/les-freres-shamasneh-entrent-dans-leur-29eme-annee-de-detention-en-israel\/#breadcrumb\",\"itemListElement\":[{\"@type\":\"ListItem\",\"position\":1,\"name\":\"Accueil\",\"item\":\"https:\/\/ismfrance.org\/\"},{\"@type\":\"ListItem\",\"position\":2,\"name\":\"Les fr\u00e8res Shamasneh entrent dans leur 29\u00e8me ann\u00e9e de d\u00e9tention en Isra\u00ebl\"}]},{\"@type\":\"WebSite\",\"@id\":\"https:\/\/ismfrance.org\/#website\",\"url\":\"https:\/\/ismfrance.org\/\",\"name\":\"ISM Palestine France\",\"description\":\"Soutien aux luttes de lib\u00e9ration du peuple palestinien\",\"publisher\":{\"@id\":\"https:\/\/ismfrance.org\/#organization\"},\"potentialAction\":[{\"@type\":\"SearchAction\",\"target\":{\"@type\":\"EntryPoint\",\"urlTemplate\":\"https:\/\/ismfrance.org\/?s={search_term_string}\"},\"query-input\":{\"@type\":\"PropertyValueSpecification\",\"valueRequired\":true,\"valueName\":\"search_term_string\"}}],\"inLanguage\":\"fr-FR\"},{\"@type\":\"Organization\",\"@id\":\"https:\/\/ismfrance.org\/#organization\",\"name\":\"International Solidarity Movement\",\"url\":\"https:\/\/ismfrance.org\/\",\"logo\":{\"@type\":\"ImageObject\",\"inLanguage\":\"fr-FR\",\"@id\":\"https:\/\/ismfrance.org\/#\/schema\/logo\/image\/\",\"url\":\"https:\/\/ismfrance.org\/wp-content\/uploads\/2020\/12\/00.png\",\"contentUrl\":\"https:\/\/ismfrance.org\/wp-content\/uploads\/2020\/12\/00.png\",\"width\":400,\"height\":400,\"caption\":\"International Solidarity Movement\"},\"image\":{\"@id\":\"https:\/\/ismfrance.org\/#\/schema\/logo\/image\/\"},\"sameAs\":[\"https:\/\/x.com\/ISMFRANCE\"]},{\"@type\":\"Person\",\"@id\":\"https:\/\/ismfrance.org\/#\/schema\/person\/a2b126ed42ea5fbb1774ab3eacb93fe3\",\"name\":\"Claude\",\"image\":{\"@type\":\"ImageObject\",\"inLanguage\":\"fr-FR\",\"@id\":\"https:\/\/secure.gravatar.com\/avatar\/e667cc912dabe41709808535a26e128ed71e6b63aeca28e5d58c606cb3847a7f?s=96&d=mm&r=g\",\"url\":\"https:\/\/secure.gravatar.com\/avatar\/e667cc912dabe41709808535a26e128ed71e6b63aeca28e5d58c606cb3847a7f?s=96&d=mm&r=g\",\"contentUrl\":\"https:\/\/secure.gravatar.com\/avatar\/e667cc912dabe41709808535a26e128ed71e6b63aeca28e5d58c606cb3847a7f?s=96&d=mm&r=g\",\"caption\":\"Claude\"},\"url\":\"https:\/\/ismfrance.org\/index.php\/author\/webmestre\/\"}]}<\/script>\n<!-- \/ Yoast SEO plugin. -->","yoast_head_json":{"title":"Les fr\u00e8res Shamasneh entrent dans leur 29\u00e8me ann\u00e9e de d\u00e9tention en Isra\u00ebl","description":"Deux fr\u00e8res palestiniens, Abdul Jawad, 57 ans, et Mohammed Shamasneh, 51 ans, sont entr\u00e9s dans leur 29\u00e8me ann\u00e9e cons\u00e9cutive de d\u00e9tention en Isra\u00ebl, a rapport\u00e9 hier le Club des prisonniers palestiniens.","robots":{"index":"index","follow":"follow","max-snippet":"max-snippet:-1","max-image-preview":"max-image-preview:large","max-video-preview":"max-video-preview:-1"},"canonical":"https:\/\/ismfrance.org\/index.php\/2021\/04\/21\/les-freres-shamasneh-entrent-dans-leur-29eme-annee-de-detention-en-israel\/","og_locale":"fr_FR","og_type":"article","og_title":"Les fr\u00e8res Shamasneh entrent dans leur 29\u00e8me ann\u00e9e de d\u00e9tention en Isra\u00ebl","og_description":"Deux fr\u00e8res palestiniens, Abdul Jawad, 57 ans, et Mohammed Shamasneh, 51 ans, sont entr\u00e9s dans leur 29\u00e8me ann\u00e9e cons\u00e9cutive de d\u00e9tention en Isra\u00ebl, a rapport\u00e9 hier le Club des prisonniers palestiniens.","og_url":"https:\/\/ismfrance.org\/index.php\/2021\/04\/21\/les-freres-shamasneh-entrent-dans-leur-29eme-annee-de-detention-en-israel\/","og_site_name":"International Solidarity Movement - ISM-France","article_published_time":"2021-04-21T08:42:33+00:00","article_modified_time":"2021-04-21T16:29:28+00:00","og_image":[{"width":685,"height":323,"url":"https:\/\/ismfrance.org\/wp-content\/uploads\/2021\/04\/02.jpg","type":"image\/jpeg"}],"author":"Claude","twitter_card":"summary_large_image","twitter_creator":"@ISMFRANCE","twitter_site":"@ISMFRANCE","twitter_misc":{"\u00c9crit par":"Claude","Dur\u00e9e de lecture estim\u00e9e":"2 minutes"},"schema":{"@context":"https:\/\/schema.org","@graph":[{"@type":"Article","@id":"https:\/\/ismfrance.org\/index.php\/2021\/04\/21\/les-freres-shamasneh-entrent-dans-leur-29eme-annee-de-detention-en-israel\/#article","isPartOf":{"@id":"https:\/\/ismfrance.org\/index.php\/2021\/04\/21\/les-freres-shamasneh-entrent-dans-leur-29eme-annee-de-detention-en-israel\/"},"author":{"name":"Claude","@id":"https:\/\/ismfrance.org\/#\/schema\/person\/a2b126ed42ea5fbb1774ab3eacb93fe3"},"headline":"Les fr\u00e8res Shamasneh entrent dans leur 29\u00e8me ann\u00e9e de d\u00e9tention en Isra\u00ebl","datePublished":"2021-04-21T08:42:33+00:00","dateModified":"2021-04-21T16:29:28+00:00","mainEntityOfPage":{"@id":"https:\/\/ismfrance.org\/index.php\/2021\/04\/21\/les-freres-shamasneh-entrent-dans-leur-29eme-annee-de-detention-en-israel\/"},"wordCount":333,"publisher":{"@id":"https:\/\/ismfrance.org\/#organization"},"image":{"@id":"https:\/\/ismfrance.org\/index.php\/2021\/04\/21\/les-freres-shamasneh-entrent-dans-leur-29eme-annee-de-detention-en-israel\/#primaryimage"},"thumbnailUrl":"https:\/\/ismfrance.org\/wp-content\/uploads\/2021\/04\/02.jpg","keywords":["Prisonniers"],"articleSection":["Articles","T\u00e9moignages"],"inLanguage":"fr-FR"},{"@type":"WebPage","@id":"https:\/\/ismfrance.org\/index.php\/2021\/04\/21\/les-freres-shamasneh-entrent-dans-leur-29eme-annee-de-detention-en-israel\/","url":"https:\/\/ismfrance.org\/index.php\/2021\/04\/21\/les-freres-shamasneh-entrent-dans-leur-29eme-annee-de-detention-en-israel\/","name":"Les fr\u00e8res Shamasneh entrent dans leur 29\u00e8me ann\u00e9e de d\u00e9tention en Isra\u00ebl","isPartOf":{"@id":"https:\/\/ismfrance.org\/#website"},"primaryImageOfPage":{"@id":"https:\/\/ismfrance.org\/index.php\/2021\/04\/21\/les-freres-shamasneh-entrent-dans-leur-29eme-annee-de-detention-en-israel\/#primaryimage"},"image":{"@id":"https:\/\/ismfrance.org\/index.php\/2021\/04\/21\/les-freres-shamasneh-entrent-dans-leur-29eme-annee-de-detention-en-israel\/#primaryimage"},"thumbnailUrl":"https:\/\/ismfrance.org\/wp-content\/uploads\/2021\/04\/02.jpg","datePublished":"2021-04-21T08:42:33+00:00","dateModified":"2021-04-21T16:29:28+00:00","description":"Deux fr\u00e8res palestiniens, Abdul Jawad, 57 ans, et Mohammed Shamasneh, 51 ans, sont entr\u00e9s dans leur 29\u00e8me ann\u00e9e cons\u00e9cutive de d\u00e9tention en Isra\u00ebl, a rapport\u00e9 hier le Club des prisonniers palestiniens.","breadcrumb":{"@id":"https:\/\/ismfrance.org\/index.php\/2021\/04\/21\/les-freres-shamasneh-entrent-dans-leur-29eme-annee-de-detention-en-israel\/#breadcrumb"},"inLanguage":"fr-FR","potentialAction":[{"@type":"ReadAction","target":["https:\/\/ismfrance.org\/index.php\/2021\/04\/21\/les-freres-shamasneh-entrent-dans-leur-29eme-annee-de-detention-en-israel\/"]}]},{"@type":"ImageObject","inLanguage":"fr-FR","@id":"https:\/\/ismfrance.org\/index.php\/2021\/04\/21\/les-freres-shamasneh-entrent-dans-leur-29eme-annee-de-detention-en-israel\/#primaryimage","url":"https:\/\/ismfrance.org\/wp-content\/uploads\/2021\/04\/02.jpg","contentUrl":"https:\/\/ismfrance.org\/wp-content\/uploads\/2021\/04\/02.jpg","width":685,"height":323,"caption":"Les deux fr\u00e8res palestiniens, Abdul Jawad, 57 ans et Mohammed Shamasneh, 51 ans, sont entr\u00e9s dans leur 29e ann\u00e9e cons\u00e9cutive dans les centres de d\u00e9tention isra\u00e9liens - Photo: via daysofpalestine.ps"},{"@type":"BreadcrumbList","@id":"https:\/\/ismfrance.org\/index.php\/2021\/04\/21\/les-freres-shamasneh-entrent-dans-leur-29eme-annee-de-detention-en-israel\/#breadcrumb","itemListElement":[{"@type":"ListItem","position":1,"name":"Accueil","item":"https:\/\/ismfrance.org\/"},{"@type":"ListItem","position":2,"name":"Les fr\u00e8res Shamasneh entrent dans leur 29\u00e8me ann\u00e9e de d\u00e9tention en Isra\u00ebl"}]},{"@type":"WebSite","@id":"https:\/\/ismfrance.org\/#website","url":"https:\/\/ismfrance.org\/","name":"ISM Palestine France","description":"Soutien aux luttes de lib\u00e9ration du peuple palestinien","publisher":{"@id":"https:\/\/ismfrance.org\/#organization"},"potentialAction":[{"@type":"SearchAction","target":{"@type":"EntryPoint","urlTemplate":"https:\/\/ismfrance.org\/?s={search_term_string}"},"query-input":{"@type":"PropertyValueSpecification","valueRequired":true,"valueName":"search_term_string"}}],"inLanguage":"fr-FR"},{"@type":"Organization","@id":"https:\/\/ismfrance.org\/#organization","name":"International Solidarity Movement","url":"https:\/\/ismfrance.org\/","logo":{"@type":"ImageObject","inLanguage":"fr-FR","@id":"https:\/\/ismfrance.org\/#\/schema\/logo\/image\/","url":"https:\/\/ismfrance.org\/wp-content\/uploads\/2020\/12\/00.png","contentUrl":"https:\/\/ismfrance.org\/wp-content\/uploads\/2020\/12\/00.png","width":400,"height":400,"caption":"International Solidarity Movement"},"image":{"@id":"https:\/\/ismfrance.org\/#\/schema\/logo\/image\/"},"sameAs":["https:\/\/x.com\/ISMFRANCE"]},{"@type":"Person","@id":"https:\/\/ismfrance.org\/#\/schema\/person\/a2b126ed42ea5fbb1774ab3eacb93fe3","name":"Claude","image":{"@type":"ImageObject","inLanguage":"fr-FR","@id":"https:\/\/secure.gravatar.com\/avatar\/e667cc912dabe41709808535a26e128ed71e6b63aeca28e5d58c606cb3847a7f?s=96&d=mm&r=g","url":"https:\/\/secure.gravatar.com\/avatar\/e667cc912dabe41709808535a26e128ed71e6b63aeca28e5d58c606cb3847a7f?s=96&d=mm&r=g","contentUrl":"https:\/\/secure.gravatar.com\/avatar\/e667cc912dabe41709808535a26e128ed71e6b63aeca28e5d58c606cb3847a7f?s=96&d=mm&r=g","caption":"Claude"},"url":"https:\/\/ismfrance.org\/index.php\/author\/webmestre\/"}]}},"_links":{"self":[{"href":"https:\/\/ismfrance.org\/index.php\/wp-json\/wp\/v2\/posts\/235","targetHints":{"allow":["GET"]}}],"collection":[{"href":"https:\/\/ismfrance.org\/index.php\/wp-json\/wp\/v2\/posts"}],"about":[{"href":"https:\/\/ismfrance.org\/index.php\/wp-json\/wp\/v2\/types\/post"}],"author":[{"embeddable":true,"href":"https:\/\/ismfrance.org\/index.php\/wp-json\/wp\/v2\/users\/2"}],"replies":[{"embeddable":true,"href":"https:\/\/ismfrance.org\/index.php\/wp-json\/wp\/v2\/comments?post=235"}],"version-history":[{"count":0,"href":"https:\/\/ismfrance.org\/index.php\/wp-json\/wp\/v2\/posts\/235\/revisions"}],"wp:featuredmedia":[{"embeddable":true,"href":"https:\/\/ismfrance.org\/index.php\/wp-json\/wp\/v2\/media\/240"}],"wp:attachment":[{"href":"https:\/\/ismfrance.org\/index.php\/wp-json\/wp\/v2\/media?parent=235"}],"wp:term":[{"taxonomy":"category","embeddable":true,"href":"https:\/\/ismfrance.org\/index.php\/wp-json\/wp\/v2\/categories?post=235"},{"taxonomy":"post_tag","embeddable":true,"href":"https:\/\/ismfrance.org\/index.php\/wp-json\/wp\/v2\/tags?post=235"}],"curies":[{"name":"wp","href":"https:\/\/api.w.org\/{rel}","templated":true}]}}