{"id":23408,"date":"2025-09-08T18:29:30","date_gmt":"2025-09-08T16:29:30","guid":{"rendered":"https:\/\/ismfrance.org\/?p=23408"},"modified":"2025-09-09T12:53:14","modified_gmt":"2025-09-09T10:53:14","slug":"le-quartier-maghrebin-a-al-qods-8-siecles-de-civilisation-detruits-par-israel","status":"publish","type":"post","link":"https:\/\/ismfrance.org\/index.php\/2025\/09\/08\/le-quartier-maghrebin-a-al-qods-8-siecles-de-civilisation-detruits-par-israel\/","title":{"rendered":"Le Quartier maghr\u00e9bin \u00e0 al-Qods, 8 si\u00e8cles de civilisation d\u00e9truits par Isra\u00ebl"},"content":{"rendered":"<p><span style=\"color: #000000;\"><span style=\"font-family: Arial, sans-serif;\"><span style=\"font-size: medium;\">Le Quartier maghr\u00e9bin (en arabe : <\/span><\/span><\/span><span style=\"font-family: Tahoma;\"><span style=\"color: #000000;\"><span style=\"font-family: Arial, sans-serif;\"><span style=\"font-size: medium;\">\u062d\u0627\u0631\u064e\u0629 \u0627\u0644\u0645\u064e\u063a\u0627\u0631\u0650\u0628\u0629<\/span><\/span><\/span><\/span><span style=\"color: #000000;\"><span style=\"font-family: Arial, sans-serif;\"><span style=\"font-size: medium;\">, H\u0101rat al-Magh\u0101riba) est un quartier historique de la vieille ville de J\u00e9rusalem (al-Qods), datant de 1193.<\/span><\/span><\/span> <span style=\"color: #000000;\"><span style=\"font-family: Arial, sans-serif;\"><span style=\"font-size: medium;\">Situ\u00e9 au sud-est de la ville et bordant l&rsquo;Esplanade des Mosqu\u00e9es <\/span><\/span><\/span><span style=\"color: #000000;\"><span style=\"font-family: Arial, sans-serif;\"><span style=\"font-size: medium;\">\u00e0 l&rsquo;est, il s&rsquo;ouvre au sud sur la\u00a0<\/span><\/span><\/span><span style=\"color: #000000;\"><span style=\"font-family: Arial, sans-serif;\"><span style=\"font-size: medium;\">porte des Maghr\u00e9bins<\/span><\/span><\/span><span style=\"color: #000000;\"><span style=\"font-family: Arial, sans-serif;\"><span style=\"font-size: medium;\">.<\/span><\/span><\/span><\/p>\n<div id=\"attachment_23413\" style=\"width: 543px\" class=\"wp-caption aligncenter\"><a href=\"https:\/\/ismfrance.org\/wp-content\/uploads\/2025\/09\/mughrabi1.png\"><img loading=\"lazy\" decoding=\"async\" aria-describedby=\"caption-attachment-23413\" class=\"wp-image-23409 size-large\" src=\"https:\/\/ismfrance.org\/wp-content\/uploads\/2025\/09\/mughrabi1-533x700.png\" alt=\"\" width=\"533\" height=\"700\" srcset=\"https:\/\/ismfrance.org\/wp-content\/uploads\/2025\/09\/mughrabi1-533x700.png 533w, https:\/\/ismfrance.org\/wp-content\/uploads\/2025\/09\/mughrabi1-228x300.png 228w, https:\/\/ismfrance.org\/wp-content\/uploads\/2025\/09\/mughrabi1.png 562w\" sizes=\"auto, (max-width: 533px) 100vw, 533px\" \/><\/a><p id=\"caption-attachment-23413\" class=\"wp-caption-text\"><em><strong>Le Quartier Maghr\u00e9bin, 8 si\u00e8cles de civilisation d\u00e9truits par Isra\u00ebl.<\/strong><\/em><\/p><\/div>\n<div id=\"attachment_23413\" style=\"width: 539px\" class=\"wp-caption aligncenter\"><a href=\"https:\/\/ismfrance.org\/wp-content\/uploads\/2025\/09\/mughrabi2.png\"><img loading=\"lazy\" decoding=\"async\" aria-describedby=\"caption-attachment-23413\" class=\"wp-image-23413 size-large\" src=\"https:\/\/ismfrance.org\/wp-content\/uploads\/2025\/09\/mughrabi2-529x700.png\" alt=\"\" width=\"529\" height=\"700\" srcset=\"https:\/\/ismfrance.org\/wp-content\/uploads\/2025\/09\/mughrabi2-529x700.png 529w, https:\/\/ismfrance.org\/wp-content\/uploads\/2025\/09\/mughrabi2-227x300.png 227w, https:\/\/ismfrance.org\/wp-content\/uploads\/2025\/09\/mughrabi2.png 558w\" sizes=\"auto, (max-width: 529px) 100vw, 529px\" \/><\/a><p id=\"caption-attachment-23413\" class=\"wp-caption-text\"><em><strong>Il est situ\u00e9 dans la Vieille Ville, \u00e0 l&rsquo;ouest de la Mosqu\u00e9e Al-Aqsa. D&rsquo;une superficie de 0,05 km2, il repr\u00e9sente 5% du p\u00e9rim\u00e8tre de la Vieille Ville.<\/strong><\/em><\/p><\/div>\n<div id=\"attachment_23416\" style=\"width: 538px\" class=\"wp-caption aligncenter\"><a href=\"https:\/\/ismfrance.org\/wp-content\/uploads\/2025\/09\/mughrabi.3.png\"><img loading=\"lazy\" decoding=\"async\" aria-describedby=\"caption-attachment-23416\" class=\"wp-image-23416 size-large\" src=\"https:\/\/ismfrance.org\/wp-content\/uploads\/2025\/09\/mughrabi.3-528x700.png\" alt=\"\" width=\"528\" height=\"700\" srcset=\"https:\/\/ismfrance.org\/wp-content\/uploads\/2025\/09\/mughrabi.3-528x700.png 528w, https:\/\/ismfrance.org\/wp-content\/uploads\/2025\/09\/mughrabi.3-226x300.png 226w, https:\/\/ismfrance.org\/wp-content\/uploads\/2025\/09\/mughrabi.3.png 559w\" sizes=\"auto, (max-width: 528px) 100vw, 528px\" \/><\/a><p id=\"caption-attachment-23416\" class=\"wp-caption-text\"><em><strong>\u00ab\u00a0J&rsquo;ai install\u00e9 l\u00e0 ceux qui tiennent bon sur terre et combattent sur mer, et \u00e0 qui j&rsquo;ai confi\u00e9 cette grande mosqu\u00e9e et cette ville.\u00a0\u00bb Salah al-Din Ayyubi, ancien sultan d&rsquo;\u00c9gypte.<\/strong><\/em><\/p><\/div>\n<div id=\"attachment_23417\" style=\"width: 541px\" class=\"wp-caption aligncenter\"><a href=\"https:\/\/ismfrance.org\/wp-content\/uploads\/2025\/09\/mughrabi.4.png\"><img loading=\"lazy\" decoding=\"async\" aria-describedby=\"caption-attachment-23417\" class=\"wp-image-23417 size-large\" src=\"https:\/\/ismfrance.org\/wp-content\/uploads\/2025\/09\/mughrabi.4-531x700.png\" alt=\"\" width=\"531\" height=\"700\" srcset=\"https:\/\/ismfrance.org\/wp-content\/uploads\/2025\/09\/mughrabi.4-531x700.png 531w, https:\/\/ismfrance.org\/wp-content\/uploads\/2025\/09\/mughrabi.4-228x300.png 228w, https:\/\/ismfrance.org\/wp-content\/uploads\/2025\/09\/mughrabi.4.png 564w\" sizes=\"auto, (max-width: 531px) 100vw, 531px\" \/><\/a><p id=\"caption-attachment-23417\" class=\"wp-caption-text\"><em><strong>Le quartier des Maghr\u00e9bins a \u00e9t\u00e9 construit \u00e0 l&rsquo;\u00e9poque de Salah ad-Din pour honorer les soldats maghr\u00e9bins qui ont particip\u00e9 \u00e0 la lib\u00e9ration de J\u00e9rusalem contre les crois\u00e9s en 1187. En 1193, le fils de Salah ad-Din en fit don (waqf) pour les p\u00e8lerins et les \u00e9tudiants venant du Maghreb.<\/strong><\/em><\/p><\/div>\n<div id=\"attachment_23418\" style=\"width: 540px\" class=\"wp-caption aligncenter\"><a href=\"https:\/\/ismfrance.org\/wp-content\/uploads\/2025\/09\/mughrabi.5.png\"><img loading=\"lazy\" decoding=\"async\" aria-describedby=\"caption-attachment-23418\" class=\"wp-image-23418 size-large\" src=\"https:\/\/ismfrance.org\/wp-content\/uploads\/2025\/09\/mughrabi.5-530x700.png\" alt=\"\" width=\"530\" height=\"700\" srcset=\"https:\/\/ismfrance.org\/wp-content\/uploads\/2025\/09\/mughrabi.5-530x700.png 530w, https:\/\/ismfrance.org\/wp-content\/uploads\/2025\/09\/mughrabi.5-227x300.png 227w, https:\/\/ismfrance.org\/wp-content\/uploads\/2025\/09\/mughrabi.5.png 561w\" sizes=\"auto, (max-width: 530px) 100vw, 530px\" \/><\/a><p id=\"caption-attachment-23418\" class=\"wp-caption-text\"><em><strong>Le quartier des Maghr\u00e9bins \u00e9tait le lieu d&rsquo;institutions religieuses et islamiques qui jouaient un r\u00f4le crucial dans les mouvements scientifiques, intellectuels et religieux, notamment : Ecole Al-Afdaliyya, Al-Zawiyya Al-Fakhria, Mosqu\u00e9e des Maghr\u00e9bins, Mosqu\u00e9e al-Buraq.<\/strong><\/em><\/p><\/div>\n<div id=\"attachment_23419\" style=\"width: 540px\" class=\"wp-caption aligncenter\"><a href=\"https:\/\/ismfrance.org\/wp-content\/uploads\/2025\/09\/mughrabi6.png\"><img loading=\"lazy\" decoding=\"async\" aria-describedby=\"caption-attachment-23419\" class=\"wp-image-23419 size-large\" src=\"https:\/\/ismfrance.org\/wp-content\/uploads\/2025\/09\/mughrabi6-530x700.png\" alt=\"\" width=\"530\" height=\"700\" srcset=\"https:\/\/ismfrance.org\/wp-content\/uploads\/2025\/09\/mughrabi6-530x700.png 530w, https:\/\/ismfrance.org\/wp-content\/uploads\/2025\/09\/mughrabi6-227x300.png 227w, https:\/\/ismfrance.org\/wp-content\/uploads\/2025\/09\/mughrabi6.png 561w\" sizes=\"auto, (max-width: 530px) 100vw, 530px\" \/><\/a><p id=\"caption-attachment-23419\" class=\"wp-caption-text\"><em><strong>Entre le 11 et le 13 juin 1967, des bulldozers isra\u00e9liens ont <a href=\"https:\/\/www.jerusalemstory.com\/en\/article\/destruction-jerusalems-moroccan-quarter-centuries-old-maghrebi-community-western-wall\">d\u00e9moli<\/a> le quartier des Maghr\u00e9bins, d\u00e9plac\u00e9 de force 150 familles et d\u00e9truit 150 structures arch\u00e9ologiques datant de la dynastie Ayyubi \u00e0 l&rsquo;\u00e9poque ottomane.<\/strong><\/em><\/p><\/div>\n<div id=\"attachment_23420\" style=\"width: 538px\" class=\"wp-caption aligncenter\"><a href=\"https:\/\/ismfrance.org\/wp-content\/uploads\/2025\/09\/mughrabi7.png\"><img loading=\"lazy\" decoding=\"async\" aria-describedby=\"caption-attachment-23420\" class=\"wp-image-23420 size-large\" src=\"https:\/\/ismfrance.org\/wp-content\/uploads\/2025\/09\/mughrabi7-528x700.png\" alt=\"\" width=\"528\" height=\"700\" srcset=\"https:\/\/ismfrance.org\/wp-content\/uploads\/2025\/09\/mughrabi7-528x700.png 528w, https:\/\/ismfrance.org\/wp-content\/uploads\/2025\/09\/mughrabi7-226x300.png 226w, https:\/\/ismfrance.org\/wp-content\/uploads\/2025\/09\/mughrabi7.png 560w\" sizes=\"auto, (max-width: 528px) 100vw, 528px\" \/><\/a><p id=\"caption-attachment-23420\" class=\"wp-caption-text\"><em><strong>Isra\u00ebl a transform\u00e9 le quartier en une place nomm\u00e9e \u00ab Le Mur des Lamentations \u00bb, o\u00f9 les colons effectuent des rituels, dansent et boivent de l&rsquo;alcool sur les ruines de la communaut\u00e9 indig\u00e8ne. <\/strong><\/em><\/p><\/div>\n<hr \/>\n<p><a href=\"https:\/\/ismfrance.org\/wp-content\/uploads\/2025\/09\/quartier.png\"><img loading=\"lazy\" decoding=\"async\" class=\"size-large wp-image-23428 aligncenter\" src=\"https:\/\/ismfrance.org\/wp-content\/uploads\/2025\/09\/quartier-700x423.png\" alt=\"\" width=\"600\" height=\"363\" srcset=\"https:\/\/ismfrance.org\/wp-content\/uploads\/2025\/09\/quartier-700x423.png 700w, https:\/\/ismfrance.org\/wp-content\/uploads\/2025\/09\/quartier-300x181.png 300w, https:\/\/ismfrance.org\/wp-content\/uploads\/2025\/09\/quartier-768x464.png 768w, https:\/\/ismfrance.org\/wp-content\/uploads\/2025\/09\/quartier.png 1102w\" sizes=\"auto, (max-width: 600px) 100vw, 600px\" \/><\/a><\/p>\n<p><span style=\"color: #000000;\"><span style=\"font-family: Arial, sans-serif;\"><span style=\"font-size: medium;\">Apr\u00e8s des ann\u00e9es de travail et de recherches, l&rsquo;historien fran\u00e7ais Vincent Lemire lance une application pour smartphone qui permet de visiter virtuellement le quartier maghr\u00e9bin de J\u00e9rusalem, d\u00e9truit en 1967 par l&rsquo;arm\u00e9e isra\u00e9lienne.<\/span><\/span><\/span><\/p>\n<p><a href=\"https:\/\/ismfrance.org\/wp-content\/uploads\/2025\/09\/3D.png\"><img loading=\"lazy\" decoding=\"async\" class=\"size-large wp-image-23430 aligncenter\" src=\"https:\/\/ismfrance.org\/wp-content\/uploads\/2025\/09\/3D-700x428.png\" alt=\"\" width=\"600\" height=\"367\" srcset=\"https:\/\/ismfrance.org\/wp-content\/uploads\/2025\/09\/3D-700x428.png 700w, https:\/\/ismfrance.org\/wp-content\/uploads\/2025\/09\/3D-300x183.png 300w, https:\/\/ismfrance.org\/wp-content\/uploads\/2025\/09\/3D-768x469.png 768w, https:\/\/ismfrance.org\/wp-content\/uploads\/2025\/09\/3D.png 825w\" sizes=\"auto, (max-width: 600px) 100vw, 600px\" \/><\/a><\/p>\n<p><em><span style=\"color: #000000;\"><span style=\"font-family: Arial, sans-serif;\"><span style=\"font-size: medium;\">L\u2019application Jerusalem Maghrebi Quarter est disponible sur GooglePlay et Apple Store.<\/span><\/span><\/span><\/em><\/p>\n<p><span style=\"color: #000000;\"><span style=\"font-family: Arial, sans-serif;\"><span style=\"font-size: medium;\">Source\u00a0: <a href=\"https:\/\/www.franceinfo.fr\/replay-radio\/en-direct-du-monde\/en-israel-une-application-redonne-vie-au-quartier-maghrebin-de-jerusalem-detruit-pendant-la-guerre-des-six-jours_5886514.html\">Franceinfo.fr<\/a>, 28.6.2023.<\/span><\/span><\/span><\/p>\n","protected":false},"excerpt":{"rendered":"<p>Le Quartier maghr\u00e9bin (en arabe : \u062d\u0627\u0631\u064e\u0629 \u0627\u0644\u0645\u064e\u063a\u0627\u0631\u0650\u0628\u0629, H\u0101rat al-Magh\u0101riba) est un quartier historique de la vieille ville de J\u00e9rusalem (al-Qods), datant de 1193. Situ\u00e9 au sud-est de la ville <a class=\"more-link\" href=\"https:\/\/ismfrance.org\/index.php\/2025\/09\/08\/le-quartier-maghrebin-a-al-qods-8-siecles-de-civilisation-detruits-par-israel\/\">Lire la suite &rarr;<\/a><\/p>\n","protected":false},"author":3,"featured_media":23428,"comment_status":"closed","ping_status":"closed","sticky":false,"template":"","format":"standard","meta":{"footnotes":""},"categories":[2,13],"tags":[58,203,45],"class_list":["post-23408","post","type-post","status-publish","format-standard","has-post-thumbnail","hentry","category-articles","category-temoignages","tag-histoire","tag-jerusalem","tag-nettoyage-ethnique"],"yoast_head":"<!-- This site is optimized with the Yoast SEO plugin v27.2 - https:\/\/yoast.com\/product\/yoast-seo-wordpress\/ -->\n<title>Le Quartier maghr\u00e9bin \u00e0 al-Qods, 8 si\u00e8cles de civilisation d\u00e9truits par Isra\u00ebl - International Solidarity Movement - ISM-France<\/title>\n<meta name=\"robots\" content=\"index, follow, max-snippet:-1, max-image-preview:large, max-video-preview:-1\" \/>\n<link rel=\"canonical\" href=\"https:\/\/ismfrance.org\/index.php\/2025\/09\/08\/le-quartier-maghrebin-a-al-qods-8-siecles-de-civilisation-detruits-par-israel\/\" \/>\n<meta property=\"og:locale\" content=\"fr_FR\" \/>\n<meta property=\"og:type\" content=\"article\" \/>\n<meta property=\"og:title\" content=\"Le Quartier maghr\u00e9bin \u00e0 al-Qods, 8 si\u00e8cles de civilisation d\u00e9truits par Isra\u00ebl - International Solidarity Movement - ISM-France\" \/>\n<meta property=\"og:description\" content=\"Le Quartier maghr\u00e9bin (en arabe : \u062d\u0627\u0631\u064e\u0629 \u0627\u0644\u0645\u064e\u063a\u0627\u0631\u0650\u0628\u0629, H\u0101rat al-Magh\u0101riba) est un quartier historique de la vieille ville de J\u00e9rusalem (al-Qods), datant de 1193. Situ\u00e9 au sud-est de la ville Lire la suite &rarr;\" \/>\n<meta property=\"og:url\" content=\"https:\/\/ismfrance.org\/index.php\/2025\/09\/08\/le-quartier-maghrebin-a-al-qods-8-siecles-de-civilisation-detruits-par-israel\/\" \/>\n<meta property=\"og:site_name\" content=\"International Solidarity Movement - ISM-France\" \/>\n<meta property=\"article:published_time\" content=\"2025-09-08T16:29:30+00:00\" \/>\n<meta property=\"article:modified_time\" content=\"2025-09-09T10:53:14+00:00\" \/>\n<meta property=\"og:image\" content=\"https:\/\/ismfrance.org\/wp-content\/uploads\/2025\/09\/quartier.png\" \/>\n\t<meta property=\"og:image:width\" content=\"1102\" \/>\n\t<meta property=\"og:image:height\" content=\"666\" \/>\n\t<meta property=\"og:image:type\" content=\"image\/png\" \/>\n<meta name=\"author\" content=\"mru_01\" \/>\n<meta name=\"twitter:card\" content=\"summary_large_image\" \/>\n<meta name=\"twitter:creator\" content=\"@ISMFRANCE\" \/>\n<meta name=\"twitter:site\" content=\"@ISMFRANCE\" \/>\n<meta name=\"twitter:label1\" content=\"\u00c9crit par\" \/>\n\t<meta name=\"twitter:data1\" content=\"mru_01\" \/>\n\t<meta name=\"twitter:label2\" content=\"Dur\u00e9e de lecture estim\u00e9e\" \/>\n\t<meta name=\"twitter:data2\" content=\"4 minutes\" \/>\n<script type=\"application\/ld+json\" class=\"yoast-schema-graph\">{\"@context\":\"https:\/\/schema.org\",\"@graph\":[{\"@type\":\"Article\",\"@id\":\"https:\/\/ismfrance.org\/index.php\/2025\/09\/08\/le-quartier-maghrebin-a-al-qods-8-siecles-de-civilisation-detruits-par-israel\/#article\",\"isPartOf\":{\"@id\":\"https:\/\/ismfrance.org\/index.php\/2025\/09\/08\/le-quartier-maghrebin-a-al-qods-8-siecles-de-civilisation-detruits-par-israel\/\"},\"author\":{\"name\":\"mru_01\",\"@id\":\"https:\/\/ismfrance.org\/#\/schema\/person\/3c411eb72adfaae19c0dca1f41fae01d\"},\"headline\":\"Le Quartier maghr\u00e9bin \u00e0 al-Qods, 8 si\u00e8cles de civilisation d\u00e9truits par Isra\u00ebl\",\"datePublished\":\"2025-09-08T16:29:30+00:00\",\"dateModified\":\"2025-09-09T10:53:14+00:00\",\"mainEntityOfPage\":{\"@id\":\"https:\/\/ismfrance.org\/index.php\/2025\/09\/08\/le-quartier-maghrebin-a-al-qods-8-siecles-de-civilisation-detruits-par-israel\/\"},\"wordCount\":409,\"publisher\":{\"@id\":\"https:\/\/ismfrance.org\/#organization\"},\"image\":{\"@id\":\"https:\/\/ismfrance.org\/index.php\/2025\/09\/08\/le-quartier-maghrebin-a-al-qods-8-siecles-de-civilisation-detruits-par-israel\/#primaryimage\"},\"thumbnailUrl\":\"https:\/\/ismfrance.org\/wp-content\/uploads\/2025\/09\/quartier.png\",\"keywords\":[\"Histoire\",\"Jerusalem\",\"nettoyage ethnique\"],\"articleSection\":[\"Articles\",\"T\u00e9moignages\"],\"inLanguage\":\"fr-FR\"},{\"@type\":\"WebPage\",\"@id\":\"https:\/\/ismfrance.org\/index.php\/2025\/09\/08\/le-quartier-maghrebin-a-al-qods-8-siecles-de-civilisation-detruits-par-israel\/\",\"url\":\"https:\/\/ismfrance.org\/index.php\/2025\/09\/08\/le-quartier-maghrebin-a-al-qods-8-siecles-de-civilisation-detruits-par-israel\/\",\"name\":\"Le Quartier maghr\u00e9bin \u00e0 al-Qods, 8 si\u00e8cles de civilisation d\u00e9truits par Isra\u00ebl - International Solidarity Movement - ISM-France\",\"isPartOf\":{\"@id\":\"https:\/\/ismfrance.org\/#website\"},\"primaryImageOfPage\":{\"@id\":\"https:\/\/ismfrance.org\/index.php\/2025\/09\/08\/le-quartier-maghrebin-a-al-qods-8-siecles-de-civilisation-detruits-par-israel\/#primaryimage\"},\"image\":{\"@id\":\"https:\/\/ismfrance.org\/index.php\/2025\/09\/08\/le-quartier-maghrebin-a-al-qods-8-siecles-de-civilisation-detruits-par-israel\/#primaryimage\"},\"thumbnailUrl\":\"https:\/\/ismfrance.org\/wp-content\/uploads\/2025\/09\/quartier.png\",\"datePublished\":\"2025-09-08T16:29:30+00:00\",\"dateModified\":\"2025-09-09T10:53:14+00:00\",\"breadcrumb\":{\"@id\":\"https:\/\/ismfrance.org\/index.php\/2025\/09\/08\/le-quartier-maghrebin-a-al-qods-8-siecles-de-civilisation-detruits-par-israel\/#breadcrumb\"},\"inLanguage\":\"fr-FR\",\"potentialAction\":[{\"@type\":\"ReadAction\",\"target\":[\"https:\/\/ismfrance.org\/index.php\/2025\/09\/08\/le-quartier-maghrebin-a-al-qods-8-siecles-de-civilisation-detruits-par-israel\/\"]}]},{\"@type\":\"ImageObject\",\"inLanguage\":\"fr-FR\",\"@id\":\"https:\/\/ismfrance.org\/index.php\/2025\/09\/08\/le-quartier-maghrebin-a-al-qods-8-siecles-de-civilisation-detruits-par-israel\/#primaryimage\",\"url\":\"https:\/\/ismfrance.org\/wp-content\/uploads\/2025\/09\/quartier.png\",\"contentUrl\":\"https:\/\/ismfrance.org\/wp-content\/uploads\/2025\/09\/quartier.png\",\"width\":1102,\"height\":666},{\"@type\":\"BreadcrumbList\",\"@id\":\"https:\/\/ismfrance.org\/index.php\/2025\/09\/08\/le-quartier-maghrebin-a-al-qods-8-siecles-de-civilisation-detruits-par-israel\/#breadcrumb\",\"itemListElement\":[{\"@type\":\"ListItem\",\"position\":1,\"name\":\"Accueil\",\"item\":\"https:\/\/ismfrance.org\/\"},{\"@type\":\"ListItem\",\"position\":2,\"name\":\"Le Quartier maghr\u00e9bin \u00e0 al-Qods, 8 si\u00e8cles de civilisation d\u00e9truits par Isra\u00ebl\"}]},{\"@type\":\"WebSite\",\"@id\":\"https:\/\/ismfrance.org\/#website\",\"url\":\"https:\/\/ismfrance.org\/\",\"name\":\"ISM Palestine France\",\"description\":\"Soutien aux luttes de lib\u00e9ration du peuple palestinien\",\"publisher\":{\"@id\":\"https:\/\/ismfrance.org\/#organization\"},\"potentialAction\":[{\"@type\":\"SearchAction\",\"target\":{\"@type\":\"EntryPoint\",\"urlTemplate\":\"https:\/\/ismfrance.org\/?s={search_term_string}\"},\"query-input\":{\"@type\":\"PropertyValueSpecification\",\"valueRequired\":true,\"valueName\":\"search_term_string\"}}],\"inLanguage\":\"fr-FR\"},{\"@type\":\"Organization\",\"@id\":\"https:\/\/ismfrance.org\/#organization\",\"name\":\"International Solidarity Movement\",\"url\":\"https:\/\/ismfrance.org\/\",\"logo\":{\"@type\":\"ImageObject\",\"inLanguage\":\"fr-FR\",\"@id\":\"https:\/\/ismfrance.org\/#\/schema\/logo\/image\/\",\"url\":\"https:\/\/ismfrance.org\/wp-content\/uploads\/2020\/12\/00.png\",\"contentUrl\":\"https:\/\/ismfrance.org\/wp-content\/uploads\/2020\/12\/00.png\",\"width\":400,\"height\":400,\"caption\":\"International Solidarity Movement\"},\"image\":{\"@id\":\"https:\/\/ismfrance.org\/#\/schema\/logo\/image\/\"},\"sameAs\":[\"https:\/\/x.com\/ISMFRANCE\"]},{\"@type\":\"Person\",\"@id\":\"https:\/\/ismfrance.org\/#\/schema\/person\/3c411eb72adfaae19c0dca1f41fae01d\",\"name\":\"mru_01\",\"image\":{\"@type\":\"ImageObject\",\"inLanguage\":\"fr-FR\",\"@id\":\"https:\/\/secure.gravatar.com\/avatar\/3a0be343b445d2ccc79e87444a294fad2b232e90d2051d0e3cc219e1ecd6a330?s=96&d=mm&r=g\",\"url\":\"https:\/\/secure.gravatar.com\/avatar\/3a0be343b445d2ccc79e87444a294fad2b232e90d2051d0e3cc219e1ecd6a330?s=96&d=mm&r=g\",\"contentUrl\":\"https:\/\/secure.gravatar.com\/avatar\/3a0be343b445d2ccc79e87444a294fad2b232e90d2051d0e3cc219e1ecd6a330?s=96&d=mm&r=g\",\"caption\":\"mru_01\"},\"url\":\"https:\/\/ismfrance.org\/index.php\/author\/admin02\/\"}]}<\/script>\n<!-- \/ Yoast SEO plugin. -->","yoast_head_json":{"title":"Le Quartier maghr\u00e9bin \u00e0 al-Qods, 8 si\u00e8cles de civilisation d\u00e9truits par Isra\u00ebl - International Solidarity Movement - ISM-France","robots":{"index":"index","follow":"follow","max-snippet":"max-snippet:-1","max-image-preview":"max-image-preview:large","max-video-preview":"max-video-preview:-1"},"canonical":"https:\/\/ismfrance.org\/index.php\/2025\/09\/08\/le-quartier-maghrebin-a-al-qods-8-siecles-de-civilisation-detruits-par-israel\/","og_locale":"fr_FR","og_type":"article","og_title":"Le Quartier maghr\u00e9bin \u00e0 al-Qods, 8 si\u00e8cles de civilisation d\u00e9truits par Isra\u00ebl - International Solidarity Movement - ISM-France","og_description":"Le Quartier maghr\u00e9bin (en arabe : \u062d\u0627\u0631\u064e\u0629 \u0627\u0644\u0645\u064e\u063a\u0627\u0631\u0650\u0628\u0629, H\u0101rat al-Magh\u0101riba) est un quartier historique de la vieille ville de J\u00e9rusalem (al-Qods), datant de 1193. Situ\u00e9 au sud-est de la ville Lire la suite &rarr;","og_url":"https:\/\/ismfrance.org\/index.php\/2025\/09\/08\/le-quartier-maghrebin-a-al-qods-8-siecles-de-civilisation-detruits-par-israel\/","og_site_name":"International Solidarity Movement - ISM-France","article_published_time":"2025-09-08T16:29:30+00:00","article_modified_time":"2025-09-09T10:53:14+00:00","og_image":[{"width":1102,"height":666,"url":"https:\/\/ismfrance.org\/wp-content\/uploads\/2025\/09\/quartier.png","type":"image\/png"}],"author":"mru_01","twitter_card":"summary_large_image","twitter_creator":"@ISMFRANCE","twitter_site":"@ISMFRANCE","twitter_misc":{"\u00c9crit par":"mru_01","Dur\u00e9e de lecture estim\u00e9e":"4 minutes"},"schema":{"@context":"https:\/\/schema.org","@graph":[{"@type":"Article","@id":"https:\/\/ismfrance.org\/index.php\/2025\/09\/08\/le-quartier-maghrebin-a-al-qods-8-siecles-de-civilisation-detruits-par-israel\/#article","isPartOf":{"@id":"https:\/\/ismfrance.org\/index.php\/2025\/09\/08\/le-quartier-maghrebin-a-al-qods-8-siecles-de-civilisation-detruits-par-israel\/"},"author":{"name":"mru_01","@id":"https:\/\/ismfrance.org\/#\/schema\/person\/3c411eb72adfaae19c0dca1f41fae01d"},"headline":"Le Quartier maghr\u00e9bin \u00e0 al-Qods, 8 si\u00e8cles de civilisation d\u00e9truits par Isra\u00ebl","datePublished":"2025-09-08T16:29:30+00:00","dateModified":"2025-09-09T10:53:14+00:00","mainEntityOfPage":{"@id":"https:\/\/ismfrance.org\/index.php\/2025\/09\/08\/le-quartier-maghrebin-a-al-qods-8-siecles-de-civilisation-detruits-par-israel\/"},"wordCount":409,"publisher":{"@id":"https:\/\/ismfrance.org\/#organization"},"image":{"@id":"https:\/\/ismfrance.org\/index.php\/2025\/09\/08\/le-quartier-maghrebin-a-al-qods-8-siecles-de-civilisation-detruits-par-israel\/#primaryimage"},"thumbnailUrl":"https:\/\/ismfrance.org\/wp-content\/uploads\/2025\/09\/quartier.png","keywords":["Histoire","Jerusalem","nettoyage ethnique"],"articleSection":["Articles","T\u00e9moignages"],"inLanguage":"fr-FR"},{"@type":"WebPage","@id":"https:\/\/ismfrance.org\/index.php\/2025\/09\/08\/le-quartier-maghrebin-a-al-qods-8-siecles-de-civilisation-detruits-par-israel\/","url":"https:\/\/ismfrance.org\/index.php\/2025\/09\/08\/le-quartier-maghrebin-a-al-qods-8-siecles-de-civilisation-detruits-par-israel\/","name":"Le Quartier maghr\u00e9bin \u00e0 al-Qods, 8 si\u00e8cles de civilisation d\u00e9truits par Isra\u00ebl - International Solidarity Movement - ISM-France","isPartOf":{"@id":"https:\/\/ismfrance.org\/#website"},"primaryImageOfPage":{"@id":"https:\/\/ismfrance.org\/index.php\/2025\/09\/08\/le-quartier-maghrebin-a-al-qods-8-siecles-de-civilisation-detruits-par-israel\/#primaryimage"},"image":{"@id":"https:\/\/ismfrance.org\/index.php\/2025\/09\/08\/le-quartier-maghrebin-a-al-qods-8-siecles-de-civilisation-detruits-par-israel\/#primaryimage"},"thumbnailUrl":"https:\/\/ismfrance.org\/wp-content\/uploads\/2025\/09\/quartier.png","datePublished":"2025-09-08T16:29:30+00:00","dateModified":"2025-09-09T10:53:14+00:00","breadcrumb":{"@id":"https:\/\/ismfrance.org\/index.php\/2025\/09\/08\/le-quartier-maghrebin-a-al-qods-8-siecles-de-civilisation-detruits-par-israel\/#breadcrumb"},"inLanguage":"fr-FR","potentialAction":[{"@type":"ReadAction","target":["https:\/\/ismfrance.org\/index.php\/2025\/09\/08\/le-quartier-maghrebin-a-al-qods-8-siecles-de-civilisation-detruits-par-israel\/"]}]},{"@type":"ImageObject","inLanguage":"fr-FR","@id":"https:\/\/ismfrance.org\/index.php\/2025\/09\/08\/le-quartier-maghrebin-a-al-qods-8-siecles-de-civilisation-detruits-par-israel\/#primaryimage","url":"https:\/\/ismfrance.org\/wp-content\/uploads\/2025\/09\/quartier.png","contentUrl":"https:\/\/ismfrance.org\/wp-content\/uploads\/2025\/09\/quartier.png","width":1102,"height":666},{"@type":"BreadcrumbList","@id":"https:\/\/ismfrance.org\/index.php\/2025\/09\/08\/le-quartier-maghrebin-a-al-qods-8-siecles-de-civilisation-detruits-par-israel\/#breadcrumb","itemListElement":[{"@type":"ListItem","position":1,"name":"Accueil","item":"https:\/\/ismfrance.org\/"},{"@type":"ListItem","position":2,"name":"Le Quartier maghr\u00e9bin \u00e0 al-Qods, 8 si\u00e8cles de civilisation d\u00e9truits par Isra\u00ebl"}]},{"@type":"WebSite","@id":"https:\/\/ismfrance.org\/#website","url":"https:\/\/ismfrance.org\/","name":"ISM Palestine France","description":"Soutien aux luttes de lib\u00e9ration du peuple palestinien","publisher":{"@id":"https:\/\/ismfrance.org\/#organization"},"potentialAction":[{"@type":"SearchAction","target":{"@type":"EntryPoint","urlTemplate":"https:\/\/ismfrance.org\/?s={search_term_string}"},"query-input":{"@type":"PropertyValueSpecification","valueRequired":true,"valueName":"search_term_string"}}],"inLanguage":"fr-FR"},{"@type":"Organization","@id":"https:\/\/ismfrance.org\/#organization","name":"International Solidarity Movement","url":"https:\/\/ismfrance.org\/","logo":{"@type":"ImageObject","inLanguage":"fr-FR","@id":"https:\/\/ismfrance.org\/#\/schema\/logo\/image\/","url":"https:\/\/ismfrance.org\/wp-content\/uploads\/2020\/12\/00.png","contentUrl":"https:\/\/ismfrance.org\/wp-content\/uploads\/2020\/12\/00.png","width":400,"height":400,"caption":"International Solidarity Movement"},"image":{"@id":"https:\/\/ismfrance.org\/#\/schema\/logo\/image\/"},"sameAs":["https:\/\/x.com\/ISMFRANCE"]},{"@type":"Person","@id":"https:\/\/ismfrance.org\/#\/schema\/person\/3c411eb72adfaae19c0dca1f41fae01d","name":"mru_01","image":{"@type":"ImageObject","inLanguage":"fr-FR","@id":"https:\/\/secure.gravatar.com\/avatar\/3a0be343b445d2ccc79e87444a294fad2b232e90d2051d0e3cc219e1ecd6a330?s=96&d=mm&r=g","url":"https:\/\/secure.gravatar.com\/avatar\/3a0be343b445d2ccc79e87444a294fad2b232e90d2051d0e3cc219e1ecd6a330?s=96&d=mm&r=g","contentUrl":"https:\/\/secure.gravatar.com\/avatar\/3a0be343b445d2ccc79e87444a294fad2b232e90d2051d0e3cc219e1ecd6a330?s=96&d=mm&r=g","caption":"mru_01"},"url":"https:\/\/ismfrance.org\/index.php\/author\/admin02\/"}]}},"_links":{"self":[{"href":"https:\/\/ismfrance.org\/index.php\/wp-json\/wp\/v2\/posts\/23408","targetHints":{"allow":["GET"]}}],"collection":[{"href":"https:\/\/ismfrance.org\/index.php\/wp-json\/wp\/v2\/posts"}],"about":[{"href":"https:\/\/ismfrance.org\/index.php\/wp-json\/wp\/v2\/types\/post"}],"author":[{"embeddable":true,"href":"https:\/\/ismfrance.org\/index.php\/wp-json\/wp\/v2\/users\/3"}],"replies":[{"embeddable":true,"href":"https:\/\/ismfrance.org\/index.php\/wp-json\/wp\/v2\/comments?post=23408"}],"version-history":[{"count":0,"href":"https:\/\/ismfrance.org\/index.php\/wp-json\/wp\/v2\/posts\/23408\/revisions"}],"wp:featuredmedia":[{"embeddable":true,"href":"https:\/\/ismfrance.org\/index.php\/wp-json\/wp\/v2\/media\/23428"}],"wp:attachment":[{"href":"https:\/\/ismfrance.org\/index.php\/wp-json\/wp\/v2\/media?parent=23408"}],"wp:term":[{"taxonomy":"category","embeddable":true,"href":"https:\/\/ismfrance.org\/index.php\/wp-json\/wp\/v2\/categories?post=23408"},{"taxonomy":"post_tag","embeddable":true,"href":"https:\/\/ismfrance.org\/index.php\/wp-json\/wp\/v2\/tags?post=23408"}],"curies":[{"name":"wp","href":"https:\/\/api.w.org\/{rel}","templated":true}]}}