{"id":23391,"date":"2025-09-08T10:03:07","date_gmt":"2025-09-08T08:03:07","guid":{"rendered":"https:\/\/ismfrance.org\/?p=23391"},"modified":"2025-09-08T10:06:07","modified_gmt":"2025-09-08T08:06:07","slug":"temoignages-de-gazaouis-la-survie-qui-sorganise-au-jour-le-jour-dans-lenfer-de-gaza-partie-513-6-9-1-lhistoire-ne-pardonnera-pas-le-silence-des-lac","status":"publish","type":"post","link":"https:\/\/ismfrance.org\/index.php\/2025\/09\/08\/temoignages-de-gazaouis-la-survie-qui-sorganise-au-jour-le-jour-dans-lenfer-de-gaza-partie-513-6-9-1-lhistoire-ne-pardonnera-pas-le-silence-des-lac\/","title":{"rendered":"T\u00e9moignages de Gazaouis : La survie qui s\u2019organise au jour le jour dans l\u2019enfer de Gaza \u2013 partie 513 \/ 6.9 (1) \u2013 l\u2019histoire ne pardonnera pas le silence des l\u00e2ches."},"content":{"rendered":"<p align=\"LEFT\"><span style=\"color: #000000;\"><span style=\"font-family: Arial, sans-serif;\"><span style=\"font-size: medium;\"><strong>Brigitte Challande, 8 septembre 2025.-<\/strong> Impertubablement, les \u00e9quipes de l\u2019UJFP persistent dans leur actions de solidarit\u00e9 hebdomadaires, vitales et essentielles. Compte rendu du 6 septembre dans le contexte g\u00e9n\u00e9ral d\u2019une trag\u00e9die sans pr\u00e9c\u00e9dent dans la bande de Gaza o\u00f9 se d\u00e9roulent co\u00fbte que co\u00fbte la distribution de repas, la scolarisation et le soutien psychologique.<\/span><\/span><\/span><\/p>\n<div id=\"attachment_23395\" style=\"width: 646px\" class=\"wp-caption alignnone\"><a href=\"https:\/\/ismfrance.org\/wp-content\/uploads\/2025\/09\/exode.png\"><img loading=\"lazy\" decoding=\"async\" aria-describedby=\"caption-attachment-23395\" class=\"wp-image-23395 size-full\" src=\"https:\/\/ismfrance.org\/wp-content\/uploads\/2025\/09\/exode.png\" alt=\"\" width=\"636\" height=\"334\" srcset=\"https:\/\/ismfrance.org\/wp-content\/uploads\/2025\/09\/exode.png 636w, https:\/\/ismfrance.org\/wp-content\/uploads\/2025\/09\/exode-300x158.png 300w\" sizes=\"auto, (max-width: 636px) 100vw, 636px\" \/><\/a><p id=\"caption-attachment-23395\" class=\"wp-caption-text\"><em><strong><span style=\"color: #ff0000;\"><a style=\"color: #ff0000;\" href=\"https:\/\/x.com\/i\/status\/1964858025157722158\">Capture d&rsquo;\u00e9cran de la vid\u00e9o<\/a><\/span> publi\u00e9e par<span style=\"color: #ff0000;\"> <a style=\"color: #ff0000;\" href=\"https:\/\/x.com\/QudsNen\/status\/1964858025157722158\">Quds News Network<\/a><\/span> le 8 septembre 2025.<\/strong><\/em><\/p><\/div>\n<p align=\"LEFT\"><span style=\"color: #000000;\"><span style=\"font-family: Arial, sans-serif;\"><span style=\"font-size: medium;\">\u00ab\u00a0La bande de Gaza traverse l\u2019une des pires trag\u00e9dies de l\u2019histoire contemporaine, une trag\u00e9die o\u00f9 se m\u00ealent le fracas des explosions aux g\u00e9missements des affam\u00e9s, et le grondement des avions aux pleurs des enfants. Plus de deux millions de personnes vivent sous un blocus implacable depuis des ann\u00e9es, et aujourd\u2019hui, elles affrontent une guerre d\u2019extermination qui d\u00e9cime leurs vies et transforme les d\u00e9tails les plus simples de leur quotidien en une bataille pour survivre. D\u00e9placements massifs, morts et exils, faim et soif, conditions de vie qu\u2019il n\u2019est plus possible de qualifier autrement que comme un effondrement total des fondements de l\u2019existence.<\/span><\/span><\/span><\/p>\n<p align=\"LEFT\"><span style=\"color: #000000;\"><span style=\"font-family: Arial, sans-serif;\"><span style=\"font-size: medium;\">Avec l\u2019intensification des bombardements sur la ville de Gaza et le nord de l\u2019enclave, des milliers de familles ont \u00e9t\u00e9 contraintes d\u2019abandonner leurs maisons sous le feu de la guerre. Plus de quatre-vingt-dix mille d\u00e9plac\u00e9s ont pris la route vers le sud et le centre, certains \u00e0 pied, d\u2019autres entass\u00e9s dans des voitures surcharg\u00e9es, emportant ce qu\u2019ils pouvaient : parfois une couverture pour prot\u00e9ger leurs enfants. \u00c0 leur arriv\u00e9e dans les zones d\u00e9crites comme \u00ab s\u00fbres \u00bb, ils se sont retrouv\u00e9s au milieu de routes bond\u00e9es de d\u00e9plac\u00e9s et de tentes \u00e9parpill\u00e9es sur les trottoirs et places publiques, mais aucun lieu ne pouvait accueillir un tel afflux. Les familles dorment au bord des routes, les enfants s\u2019endormant dans les bras de leurs m\u00e8res, couch\u00e9s sur le sol glac\u00e9, tandis que les p\u00e8res cherchent d\u00e9sesp\u00e9r\u00e9ment une gorg\u00e9e d\u2019eau ou un morceau de pain. Les rues ne sont plus des voies de circulation, elles se sont transform\u00e9es en camps de fortune o\u00f9 la souffrance s\u2019accumule \u00e0 chaque coin.<\/span><\/span><\/span><\/p>\n<div id=\"attachment_23394\" style=\"width: 638px\" class=\"wp-caption alignnone\"><a href=\"https:\/\/ismfrance.org\/wp-content\/uploads\/2025\/09\/video-mawasi.png\"><img loading=\"lazy\" decoding=\"async\" aria-describedby=\"caption-attachment-23394\" class=\"wp-image-23394 size-full\" src=\"https:\/\/ismfrance.org\/wp-content\/uploads\/2025\/09\/video-mawasi.png\" alt=\"\" width=\"628\" height=\"638\" srcset=\"https:\/\/ismfrance.org\/wp-content\/uploads\/2025\/09\/video-mawasi.png 628w, https:\/\/ismfrance.org\/wp-content\/uploads\/2025\/09\/video-mawasi-295x300.png 295w\" sizes=\"auto, (max-width: 628px) 100vw, 628px\" \/><\/a><p id=\"caption-attachment-23394\" class=\"wp-caption-text\"><em><strong><span style=\"color: #ff0000;\"><a style=\"color: #ff0000;\" href=\"https:\/\/x.com\/i\/status\/1964593874015236489\">Capture d&rsquo;\u00e9cran de la vid\u00e9o<\/a> <\/span>publi\u00e9e par <span style=\"color: #ff0000;\"><a style=\"color: #ff0000;\" href=\"https:\/\/x.com\/HaithamElmasri1\/status\/1964593874015236489?t=k1KOb4PHuRpkyjWvc1FUww&amp;s=09\">Haitam<\/a> <\/span>o\u00f9 il filme la route qu&rsquo;il a pris pour fuir vers le sud les bombardements isra\u00e9liens du nord de Gaza.<\/strong><\/em><\/p><\/div>\n<p align=\"LEFT\"><strong><span style=\"color: #000000;\"><span style=\"font-family: Arial, sans-serif;\"><span style=\"font-size: large;\">T\u00e9moignages au c\u0153ur de la trag\u00e9die<\/span><\/span><\/span><\/strong><\/p>\n<p align=\"LEFT\"><span style=\"color: #000000;\"><span style=\"font-family: Arial, sans-serif;\"><span style=\"font-size: medium;\">Sur la plage de Nuseirat, une femme d\u00e9plac\u00e9e se tient au milieu de ses enfants, le visage enfoui dans ses mains, en pleurs. \u00ab <i>J\u2019ai fui la mort au nord, mais je ne sais pas o\u00f9 aller maintenant. Je suis arriv\u00e9e ici avec mes enfants pour \u00e9chapper aux bombardements, mais je n\u2019ai ni abri, ni nourriture, ni destination.<\/i> \u00bb Ces mots r\u00e9sument l\u2019histoire de milliers de m\u00e8res soudain responsables de familles enti\u00e8res apr\u00e8s avoir perdu leurs maris sous les d\u00e9combres ou sur les routes de l\u2019exil. La sc\u00e8ne \u00e9tait bouleversante : de jeunes enfants se pressant autour de leur m\u00e8re, leurs yeux pleins de peur et de faim, s\u2019accrochant \u00e0 elle comme \u00e0 leur ultime refuge dans ce monde cruel. Non loin, un vieil homme assis au bord de la route, la t\u00eate entre les mains, incapable de se relever, murmurait qu\u2019il avait perdu sa maison et ses enfants, il ne lui restait que deux petits-enfants qu\u2019il ne savait pas comment nourrir ce soir-l\u00e0. De telles sc\u00e8nes se r\u00e9p\u00e8tent dans chaque rue et chaque place. <\/span><\/span><\/span><\/p>\n<p align=\"LEFT\"><strong><em><span style=\"color: #000000;\"><span style=\"font-family: Arial, sans-serif;\"><span style=\"font-size: medium;\">C\u2019est une souffrance multiple : faim, soif, maladie et absence totale d\u2019espoir.<\/span><\/span><\/span><\/em><\/strong><\/p>\n<p align=\"LEFT\"><span style=\"color: #000000;\"><span style=\"font-family: Arial, sans-serif;\"><span style=\"font-size: medium;\">La situation dans le sud n\u2019\u00e9tait d\u00e9j\u00e0 pas facile avant l\u2019arriv\u00e9e de milliers de d\u00e9plac\u00e9s. Les habitants souffraient d\u00e9j\u00e0 d\u2019un manque d\u2019espace, de ressources et de nourriture. Aujourd\u2019hui, avec l\u2019afflux massif des r\u00e9fugi\u00e9s, la vie est devenue presque impossible. L\u2019eau potable est extr\u00eamement rare, et les d\u00e9plac\u00e9s doivent patienter des heures dans de longues files pour en obtenir. Le pain est devenu un r\u00eave rare : la production quotidienne ne suffit m\u00eame pas aux habitants d\u2019origine, \u00e0 plus forte raison avec la population multipli\u00e9e. Les tentes dress\u00e9es \u00e0 la h\u00e2te n\u2019offrent aucune protection contre le froid glacial ni contre la chaleur accablante. Les infrastructures sanitaires sont inexistantes, et les m\u00e9dicaments insuffisants. Des maladies cutan\u00e9es et respiratoires se propagent dangereusement parmi les enfants, tandis que les m\u00e9decins sont impuissants faute de traitements et d\u2019\u00e9quipements. <\/span><\/span><\/span><\/p>\n<p align=\"LEFT\"><span style=\"color: #000000;\"><span style=\"font-family: Arial, sans-serif;\"><span style=\"font-size: medium;\">Au milieu de cette catastrophe, l\u2019lUJFP distribue des repas quotidiens aux d\u00e9plac\u00e9s, propose des ateliers de soutien psychologique aux femmes ayant perdu leurs maris ou vivant dans un \u00e9tat de choc permanent. L\u2019organisation s\u2019efforce \u00e9galement de rouvrir des centres \u00e9ducatifs pour \u00e9viter que les enfants ne soient priv\u00e9s d\u2019instruction, et de cr\u00e9er des espaces s\u00fbrs pour pr\u00e9server leur enfance.<\/span><\/span><\/span><\/p>\n<p align=\"LEFT\"><span style=\"color: #000000;\"><span style=\"font-family: Arial, sans-serif;\"><span style=\"font-size: medium;\">Elle distribue des v\u00eatements, des couvertures et tout ce qu\u2019elle peut fournir en produits de premi\u00e8re n\u00e9cessit\u00e9. Mais malgr\u00e9 ces efforts, l\u2019aide reste d\u00e9risoire face \u00e0 l\u2019ampleur du d\u00e9sastre. Nos \u00e9quipes travaillent au maximum de leurs capacit\u00e9s, mais nous faisons face \u00e0 une trag\u00e9die qui d\u00e9passe les moyens de toute organisation isol\u00e9e.<\/span><\/span><\/span><\/p>\n<p align=\"LEFT\"><strong><span style=\"color: #000000;\"><span style=\"font-family: Arial, sans-serif;\"><span style=\"font-size: large;\">Les ateliers de soutien pychologique: un cadeau pour le c\u0153ur !<\/span><\/span><\/span><\/strong><\/p>\n<p align=\"LEFT\"><span style=\"color: #000000;\"><span style=\"font-family: Arial, sans-serif;\"><span style=\"font-size: medium;\">Dans le camp d\u2019Isra, au c\u0153ur de Gaza-ville, o\u00f9 les tentes s\u2019entassent les unes sur les autres, trente femmes d\u00e9plac\u00e9es portent sur leurs \u00e9paules des histoires alourdies par la peur, la perte et la privation des besoins les plus \u00e9l\u00e9mentaires de la vie. Les tentes \u00e9troites ne leur offrent aucune intimit\u00e9, et les parois d\u00e9labr\u00e9es ne les prot\u00e8gent ni des regards indiscrets ni des lourdeurs de la nuit. Beaucoup d\u2019entre elles ont perdu leur maison, d\u2019autres un \u00eatre cher ou leur source de revenu.<\/span><\/span><\/span><\/p>\n<p align=\"LEFT\"><a href=\"https:\/\/ismfrance.org\/wp-content\/uploads\/2025\/09\/soutien-psy1.jpeg\"><img loading=\"lazy\" decoding=\"async\" class=\"alignnone size-large wp-image-23396\" src=\"https:\/\/ismfrance.org\/wp-content\/uploads\/2025\/09\/soutien-psy1-700x525.jpeg\" alt=\"\" width=\"600\" height=\"450\" srcset=\"https:\/\/ismfrance.org\/wp-content\/uploads\/2025\/09\/soutien-psy1-700x525.jpeg 700w, https:\/\/ismfrance.org\/wp-content\/uploads\/2025\/09\/soutien-psy1-300x225.jpeg 300w, https:\/\/ismfrance.org\/wp-content\/uploads\/2025\/09\/soutien-psy1-768x576.jpeg 768w, https:\/\/ismfrance.org\/wp-content\/uploads\/2025\/09\/soutien-psy1-1536x1152.jpeg 1536w, https:\/\/ismfrance.org\/wp-content\/uploads\/2025\/09\/soutien-psy1-350x263.jpeg 350w, https:\/\/ismfrance.org\/wp-content\/uploads\/2025\/09\/soutien-psy1-1320x990.jpeg 1320w, https:\/\/ismfrance.org\/wp-content\/uploads\/2025\/09\/soutien-psy1.jpeg 1600w\" sizes=\"auto, (max-width: 600px) 100vw, 600px\" \/><\/a> <a href=\"https:\/\/ismfrance.org\/wp-content\/uploads\/2025\/09\/soutien-psy2.jpeg\"><img loading=\"lazy\" decoding=\"async\" class=\"alignnone size-large wp-image-23397\" src=\"https:\/\/ismfrance.org\/wp-content\/uploads\/2025\/09\/soutien-psy2-700x525.jpeg\" alt=\"\" width=\"600\" height=\"450\" srcset=\"https:\/\/ismfrance.org\/wp-content\/uploads\/2025\/09\/soutien-psy2-700x525.jpeg 700w, https:\/\/ismfrance.org\/wp-content\/uploads\/2025\/09\/soutien-psy2-300x225.jpeg 300w, https:\/\/ismfrance.org\/wp-content\/uploads\/2025\/09\/soutien-psy2-768x576.jpeg 768w, https:\/\/ismfrance.org\/wp-content\/uploads\/2025\/09\/soutien-psy2-1536x1152.jpeg 1536w, https:\/\/ismfrance.org\/wp-content\/uploads\/2025\/09\/soutien-psy2-350x263.jpeg 350w, https:\/\/ismfrance.org\/wp-content\/uploads\/2025\/09\/soutien-psy2-1320x990.jpeg 1320w, https:\/\/ismfrance.org\/wp-content\/uploads\/2025\/09\/soutien-psy2.jpeg 1600w\" sizes=\"auto, (max-width: 600px) 100vw, 600px\" \/><\/a><\/p>\n<p align=\"LEFT\"><span style=\"color: #000000;\"><span style=\"font-family: Arial, sans-serif;\"><span style=\"font-size: medium;\">C\u2019est dans cette atmosph\u00e8re sombre que l\u2019\u00e9quipe UJFP a organis\u00e9 un atelier intitul\u00e9\u00a0: \u00ab\u00a0Gu\u00e9rison et renouveau : soutien psychologique pour les femmes dans le camp de d\u00e9placement\u00a0\u00bb, avec la participation de ces trente femmes de diff\u00e9rents \u00e2ges et horizons. L\u2019atelier fut semblable \u00e0 une oasis au milieu d\u2019un d\u00e9sert de souffrance, offrant aux participantes une rare opportunit\u00e9 d\u2019exprimer leurs \u00e9motions, de se lib\u00e9rer d\u2019une partie de leur fardeau int\u00e9rieur et de cr\u00e9er de nouveaux liens humains avec d\u2019autres femmes vivant la m\u00eame exp\u00e9rience.<\/span><\/span><\/span><\/p>\n<p align=\"LEFT\"><span style=\"color: #000000;\"><span style=\"font-family: Arial, sans-serif;\"><span style=\"font-size: medium;\">L\u2019atelier a commenc\u00e9 par une activit\u00e9 symbolique\u00a0: <b>\u00ab <\/b><strong>Le panier de mes \u00e9motions\u00a0<\/strong><b>\u00bb <\/b>. Un petit panier est plac\u00e9 au centre de la salle, et chaque femme doit \u00e9crire sur un papier pli\u00e9 un sentiment pesant sur son c\u0153ur, puis le d\u00e9poser dans le panier. L\u2019une d\u2019elles a \u00e9crit le mot <i>peur<\/i>, et en le d\u00e9posant dans le panier, elle dit d\u2019une voix \u00e9raill\u00e9e : \u00ab <i>C\u2019est comme si je le sortais de mon c\u0153ur. <\/i>\u00bb Une autre a \u00e9crit <i>solitude<\/i>, puis a dit en souriant :<i> \u00ab Aujourd\u2019hui, j\u2019ai compris que je ne suis pas seule. <\/i>\u00bb Le panier s\u2019est transform\u00e9 en un lieu sacr\u00e9 o\u00f9 d\u00e9poser le fardeau.<\/span><\/span><\/span><\/p>\n<p align=\"LEFT\"><span style=\"color: #000000;\"><span style=\"font-family: Arial, sans-serif;\"><span style=\"font-size: medium;\">Apr\u00e8s ce moment de lib\u00e9ration \u00e9motionnelle, vint l\u2019activit\u00e9\u00a0:<b> \u00ab<\/b><strong>\u00a0Histoires de r\u00e9silience venues de nos c\u0153urs\u00a0<\/strong><b>\u00bb<\/b>. Les femmes se sont assises en cercle, dans un espace s\u00fbr, et ont commenc\u00e9 \u00e0 partager leurs exp\u00e9riences. Une femme ayant perdu sa maison a parl\u00e9, les yeux embu\u00e9s : \u00ab <i>Quand ma maison a \u00e9t\u00e9 d\u00e9truite, j\u2019ai cru que ma vie s\u2019achevait. Mais en \u00e9coutant vos histoires, j\u2019ai compris que la ruine ne tue pas l\u2019\u00e2me.<\/i> \u00bb Une jeune fille d\u2019\u00e0 peine vingt ans s&rsquo;est lev\u00e9e et a dit avec assurance : \u00ab<i> Je suis forte parce que j\u2019aide ma m\u00e8re et je souris malgr\u00e9 tout.<\/i> \u00bb Les mots \u00e9taient des ponts tendus entre les c\u0153urs, reliant trente femmes entre elles et affirmant que la force na\u00eet du partage et de la confidence.<\/span><\/span><\/span><\/p>\n<p align=\"LEFT\"><a href=\"https:\/\/ismfrance.org\/wp-content\/uploads\/2025\/09\/classe.jpg\"><img loading=\"lazy\" decoding=\"async\" class=\"alignnone size-large wp-image-23398\" src=\"https:\/\/ismfrance.org\/wp-content\/uploads\/2025\/09\/classe-700x394.jpg\" alt=\"\" width=\"600\" height=\"338\" srcset=\"https:\/\/ismfrance.org\/wp-content\/uploads\/2025\/09\/classe-700x394.jpg 700w, https:\/\/ismfrance.org\/wp-content\/uploads\/2025\/09\/classe-300x169.jpg 300w, https:\/\/ismfrance.org\/wp-content\/uploads\/2025\/09\/classe-768x432.jpg 768w, https:\/\/ismfrance.org\/wp-content\/uploads\/2025\/09\/classe.jpg 1280w\" sizes=\"auto, (max-width: 600px) 100vw, 600px\" \/><\/a> <a href=\"https:\/\/ismfrance.org\/wp-content\/uploads\/2025\/09\/classe1.jpg\"><img loading=\"lazy\" decoding=\"async\" class=\"alignnone size-large wp-image-23399\" src=\"https:\/\/ismfrance.org\/wp-content\/uploads\/2025\/09\/classe1-700x394.jpg\" alt=\"\" width=\"600\" height=\"338\" srcset=\"https:\/\/ismfrance.org\/wp-content\/uploads\/2025\/09\/classe1-700x394.jpg 700w, https:\/\/ismfrance.org\/wp-content\/uploads\/2025\/09\/classe1-300x169.jpg 300w, https:\/\/ismfrance.org\/wp-content\/uploads\/2025\/09\/classe1-768x432.jpg 768w, https:\/\/ismfrance.org\/wp-content\/uploads\/2025\/09\/classe1.jpg 1280w\" sizes=\"auto, (max-width: 600px) 100vw, 600px\" \/><\/a> <a href=\"https:\/\/ismfrance.org\/wp-content\/uploads\/2025\/09\/jeux.jpg\"><img loading=\"lazy\" decoding=\"async\" class=\"alignnone size-large wp-image-23400\" src=\"https:\/\/ismfrance.org\/wp-content\/uploads\/2025\/09\/jeux-700x394.jpg\" alt=\"\" width=\"600\" height=\"338\" srcset=\"https:\/\/ismfrance.org\/wp-content\/uploads\/2025\/09\/jeux-700x394.jpg 700w, https:\/\/ismfrance.org\/wp-content\/uploads\/2025\/09\/jeux-300x169.jpg 300w, https:\/\/ismfrance.org\/wp-content\/uploads\/2025\/09\/jeux-768x432.jpg 768w, https:\/\/ismfrance.org\/wp-content\/uploads\/2025\/09\/jeux.jpg 1280w\" sizes=\"auto, (max-width: 600px) 100vw, 600px\" \/><\/a><\/p>\n<p align=\"LEFT\"><span style=\"color: #000000;\"><span style=\"font-family: Arial, sans-serif;\"><span style=\"font-size: medium;\">Les participantes sont ensuite pass\u00e9es \u00e0 une autre activit\u00e9 intitul\u00e9e\u00a0:<b> \u00ab<\/b><strong>\u00a0Fen\u00eatre sur l\u2019espoir<\/strong><b>\u00a0\u00bb<\/b>, o\u00f9 il leur a \u00e9t\u00e9 demand\u00e9 de dessiner un symbole qui leur donnait un sentiment d\u2019optimisme. L\u2019une d\u2019elles a dessin\u00e9 un arbre majestueux qui rappelait son jardin d\u00e9truit. Une autre a dessin\u00e9 une porte ouverte comme symbole du r\u00eave du retour. Une troisi\u00e8me s&rsquo;est content\u00e9e d\u2019un soleil radieux et a dit avec un sourire h\u00e9sitant : \u00ab <i>Je veux croire que demain pourrait \u00eatre lumineux. <\/i>\u00bb Les feuilles blanches se sont transform\u00e8es en tableaux remplis de vie et de couleurs, prouvant que l\u2019espoir trouve toujours son chemin, m\u00eame dans les c\u0153urs les plus \u00e9puis\u00e9s.<\/span><\/span><\/span><\/p>\n<p align=\"LEFT\"><span style=\"color: #000000;\"><span style=\"font-family: Arial, sans-serif;\"><span style=\"font-size: medium;\">Vint ensuite l\u2019exercice m\u00e9ditatif\u00a0:<b> \u00ab<\/b><strong>\u00a0Je respire<\/strong><b>\u00a0\u00bb<\/b>, durant lequel les femmes, assises en cercle, ont \u00e9t\u00e9 guid\u00e9es dans une pratique de respiration profonde. L\u2019une d\u2019elles dit \u00e0 la fin : \u00ab<i> J\u2019avais l\u2019impression que ma poitrine \u00e9tait ferm\u00e9e ; aujourd\u2019hui, je l\u2019ai ouverte gr\u00e2ce \u00e0 l\u2019air.<\/i> \u00bb Une autre a gard\u00e9 longtemps les yeux ferm\u00e9s apr\u00e8s l\u2019exercice, et lorsqu\u2019elle les a rouverts, un \u00e9clat brillait dans son regard, comme si elle avait retrouv\u00e9 une part d\u2019elle-m\u00eame. Ces quelques minutes furent une renaissance insuffl\u00e9e dans leurs poumons.<\/span><\/span><\/span><\/p>\n<p align=\"LEFT\"><span style=\"color: #000000;\"><span style=\"font-family: Arial, sans-serif;\"><span style=\"font-size: medium;\">Le voyage ne pouvait s\u2019achever sans passer par \u00ab<strong>\u00a0le port de la musique<\/strong><b>\u00a0\u00bb<\/b>. Les femmes se sont assises en silence ; certaines ont ferm\u00e9 les yeux, d\u2019autres ont laiss\u00e9 \u00e9chapper un timide sourire, disparu depuis longtemps de leurs visages. Une jeune fille a dit ensuite : <i>\u00ab Ce moment m\u2019a fait oublier que j\u2019\u00e9tais dans un camp, j\u2019avais l\u2019impression d\u2019\u00eatre de retour dans ma vieille chambre.<\/i> \u00bb La musique a invoqu\u00e9 des souvenirs de s\u00e9curit\u00e9 et de s\u00e9r\u00e9nit\u00e9, depuis trop longtemps absents.<\/span><\/span><\/span><\/p>\n<p align=\"LEFT\"><span style=\"color: #000000;\"><span style=\"font-family: Arial, sans-serif;\"><span style=\"font-size: medium;\">Au fil de l\u2019atelier, beaucoup ont exprim\u00e9 leur besoin d\u2019un temps personnel, ne serait-ce que quelques minutes par jour, pour \u00e9vacuer cette pression int\u00e9rieure. L\u2019atelier leur a offert cet espace, m\u00eame temporaire, mais suffisant pour leur rappeler leur droit \u00e0 un temps personnel et \u00e0 s\u2019exprimer sans peur.<\/span><\/span><\/span><\/p>\n<p align=\"LEFT\"><span style=\"color: #000000;\"><span style=\"font-family: Arial, sans-serif;\"><span style=\"font-size: medium;\">Les femmes ont quitt\u00e9 l\u2019atelier en portant avec elles quelque chose de nouveau, absent \u00e0 leur arriv\u00e9e : un sentiment d\u2019appartenance et la certitude qu\u2019elles ne sont pas seules dans ce monde brutal. Une participante a dit : \u00ab<i> Je me sens plus l\u00e9g\u00e8re, comme si j\u2019avais d\u00e9pos\u00e9 un poids de mes \u00e9paules. <\/i>\u00bb Une autre, parlant du dessin, a affirm\u00e9 que les couleurs lui avaient redonn\u00e9 la capacit\u00e9 d\u2019imaginer un avenir meilleur. Une jeune fille a d\u00e9crit l\u2019atelier comme<strong> un cadeau pour le c\u0153ur<\/strong>, car il lui fit voir sa force dans de petits d\u00e9tails qu\u2019elle n\u2019avait jamais remarqu\u00e9s auparavant.<\/span><\/span><\/span><\/p>\n<p align=\"LEFT\"><span style=\"color: #000000;\"><span style=\"font-family: Arial, sans-serif;\"><span style=\"font-size: medium;\">Ces ateliers ne sont pas de simples rencontres passag\u00e8res, mais de v\u00e9ritables projets de sauvetage de l\u2019\u00e2me, de la m\u00e9moire et de la dignit\u00e9. Ils redonnent \u00e0 la femme d\u00e9plac\u00e9e sa voix, ses petits r\u00eaves et la conviction qu\u2019un lendemain, aussi lointain soit-il, pourra porter une nouvelle lumi\u00e8re.<\/span><\/span><\/span><\/p>\n<p align=\"LEFT\"><a href=\"https:\/\/ismfrance.org\/wp-content\/uploads\/2025\/09\/distrib.jpg\"><img loading=\"lazy\" decoding=\"async\" class=\"alignnone size-large wp-image-23401\" src=\"https:\/\/ismfrance.org\/wp-content\/uploads\/2025\/09\/distrib-700x394.jpg\" alt=\"\" width=\"600\" height=\"338\" srcset=\"https:\/\/ismfrance.org\/wp-content\/uploads\/2025\/09\/distrib-700x394.jpg 700w, https:\/\/ismfrance.org\/wp-content\/uploads\/2025\/09\/distrib-300x169.jpg 300w, https:\/\/ismfrance.org\/wp-content\/uploads\/2025\/09\/distrib-768x432.jpg 768w, https:\/\/ismfrance.org\/wp-content\/uploads\/2025\/09\/distrib.jpg 1280w\" sizes=\"auto, (max-width: 600px) 100vw, 600px\" \/><\/a> <a href=\"https:\/\/ismfrance.org\/wp-content\/uploads\/2025\/09\/distrib1.jpg\"><img loading=\"lazy\" decoding=\"async\" class=\"alignnone size-large wp-image-23402\" src=\"https:\/\/ismfrance.org\/wp-content\/uploads\/2025\/09\/distrib1-700x394.jpg\" alt=\"\" width=\"600\" height=\"338\" srcset=\"https:\/\/ismfrance.org\/wp-content\/uploads\/2025\/09\/distrib1-700x394.jpg 700w, https:\/\/ismfrance.org\/wp-content\/uploads\/2025\/09\/distrib1-300x169.jpg 300w, https:\/\/ismfrance.org\/wp-content\/uploads\/2025\/09\/distrib1-768x432.jpg 768w, https:\/\/ismfrance.org\/wp-content\/uploads\/2025\/09\/distrib1.jpg 1280w\" sizes=\"auto, (max-width: 600px) 100vw, 600px\" \/><\/a> <a href=\"https:\/\/ismfrance.org\/wp-content\/uploads\/2025\/09\/prepa.jpg\"><img loading=\"lazy\" decoding=\"async\" class=\"alignnone size-large wp-image-23403\" src=\"https:\/\/ismfrance.org\/wp-content\/uploads\/2025\/09\/prepa-700x525.jpg\" alt=\"\" width=\"600\" height=\"450\" srcset=\"https:\/\/ismfrance.org\/wp-content\/uploads\/2025\/09\/prepa-700x525.jpg 700w, https:\/\/ismfrance.org\/wp-content\/uploads\/2025\/09\/prepa-300x225.jpg 300w, https:\/\/ismfrance.org\/wp-content\/uploads\/2025\/09\/prepa-768x576.jpg 768w, https:\/\/ismfrance.org\/wp-content\/uploads\/2025\/09\/prepa-350x263.jpg 350w, https:\/\/ismfrance.org\/wp-content\/uploads\/2025\/09\/prepa.jpg 1280w\" sizes=\"auto, (max-width: 600px) 100vw, 600px\" \/><\/a><\/p>\n<p align=\"LEFT\"><em><strong><span style=\"color: #000000;\"><span style=\"font-family: Arial, sans-serif;\"><span style=\"font-size: medium;\">Photos et vid\u00e9os <a href=\"https:\/\/drive.google.com\/drive\/folders\/1v4vKGf9prUGk1I-AG9gYAabXfnkPZhop\">ICI<\/a>.<\/span><\/span><\/span><\/strong><\/em><\/p>\n<p style=\"text-align: center;\" align=\"LEFT\"><strong><span style=\"color: #000000;\"><span style=\"font-family: Arial, sans-serif;\"><span style=\"font-size: medium;\">*****<\/span><\/span><\/span><\/strong><\/p>\n<p align=\"LEFT\"><span style=\"color: #000000;\"><span style=\"font-family: Arial, sans-serif;\"><span style=\"font-size: medium;\">La situation humanitaire a atteint un niveau de folie jamais connu dans l\u2019enclave. Deux millions d\u2019\u00eatres humains se trouvent au bord d\u2019une mort lente : par la faim, par la maladie ou sous les d\u00e9combres. Les contributions des organisations humanitaires sont cruciales, mais elles ne couvrent qu\u2019une infime partie des besoins. Ce qui est requis aujourd\u2019hui, c\u2019est une mobilisation internationale globale. <\/span><\/span><\/span><\/p>\n<p align=\"LEFT\"><strong><span style=\"color: #000000;\"><span style=\"font-family: Arial, sans-serif;\"><span style=\"font-size: large;\">Cris vers la communaut\u00e9 internationale<\/span><\/span><\/span><\/strong><\/p>\n<p align=\"LEFT\"><span style=\"color: #000000;\"><span style=\"font-family: Arial, sans-serif;\"><span style=\"font-size: medium;\">Les voix des d\u00e9plac\u00e9s emplissent l\u2019horizon, des cris r\u00e9sonnent entre les tentes et les rues bond\u00e9es et forment une chorale de douleur et d\u2019appel. Au milieu de la foule, un homme reste fig\u00e9, abasourdi par l\u2019horreur de la sc\u00e8ne. Soudain, il d\u00e9chire sa chemise de ses propres mains et crie : \u00ab <i>Sauvez-nous ou tuez-nous d\u2019un seul coup ! <\/i>\u00bb Un cri qui transperce les c\u0153urs avant m\u00eame de fendre l\u2019air, cri d\u2019un homme incapable de voir ses enfants mourir de faim, ou de supporter la vue de m\u00e8res s\u2019effondrant d\u2019\u00e9puisement et d\u2019impuissance.<\/span><\/span><\/span><\/p>\n<p align=\"LEFT\"><span style=\"color: #000000;\"><span style=\"font-family: Arial, sans-serif;\"><span style=\"font-size: medium;\">Cette sc\u00e8ne r\u00e9sume toute la profondeur de la trag\u00e9die. C\u2019est une explosion de douleur et de d\u00e9sespoir, un message adress\u00e9 \u00e0 un monde rest\u00e9 sourd, \u00e0 des puissances internationales qui se contentent de d\u00e9clarations creuses et froides. Pendant que des enfants meurent sous les yeux de tous, que des femmes implorent du secours, que des hommes sont d\u00e9chir\u00e9s par l\u2019impuissance, le silence honteux du monde ne fait qu\u2019aggraver le crime.<\/span><\/span><\/span><\/p>\n<p align=\"LEFT\"><strong><span style=\"color: #000000;\"><span style=\"font-family: Arial, sans-serif;\"><span style=\"font-size: large;\">Appel ultime<\/span><\/span><\/span><\/strong><\/p>\n<p align=\"LEFT\"><span style=\"color: #000000;\"><span style=\"font-family: Arial, sans-serif;\"><span style=\"font-size: medium;\"><strong><span style=\"color: #ff0000;\">Depuis Gaza d\u00e9chir\u00e9e, au milieu des ruines et des rues bond\u00e9es de d\u00e9plac\u00e9s, depuis les g\u00e9missements des affam\u00e9s et les pleurs des enfants, nous lan\u00e7ons cet appel : \u00f4 d\u00e9fenseurs de l\u2019humanit\u00e9, \u00f4 consciences vivantes, intensifiez vos efforts, ne laissez pas Gaza affronter seule cette mort lente. Ce qui se passe aujourd\u2019hui est une tache ind\u00e9l\u00e9bile sur le front de l\u2019humanit\u00e9 tout enti\u00e8re, et l\u2019histoire ne pardonnera pas le silence des l\u00e2ches.<\/span><\/strong>\u00a0\u00bb<\/span><\/span><\/span><\/p>\n<p align=\"LEFT\"><em><span style=\"color: #000000;\"><span style=\"font-family: Arial, sans-serif;\"><span style=\"font-size: medium;\">Photos et vid\u00e9os\u00a0<\/span><\/span><\/span><strong><span style=\"color: #000000;\"><span style=\"font-family: Arial, sans-serif;\"><span style=\"font-size: medium;\"><span style=\"color: #008000;\">: <\/span><\/span><\/span><\/span><span style=\"color: #000000;\"><span style=\"font-family: Arial, sans-serif;\"><span style=\"font-size: medium;\"><span style=\"color: #008000;\"><a style=\"color: #008000;\" href=\"https:\/\/drive.google.com\/drive\/folders\/1UPOFWFX5jJGF86erodrNJgAeeNsouMFO\">Fournir des repas aux familles d&rsquo;agriculteurs du camp d&rsquo;Al-Fajr<\/a><\/span> \/ <span style=\"color: #008000;\"><a style=\"color: #008000;\" href=\"https:\/\/drive.google.com\/drive\/folders\/1sbpf76Wty-Ecpz3qPvLaWne9bJiqUuqX\">Programmes \u00e9ducatifs<\/a><\/span><\/span><\/span><\/span><\/strong><\/em><\/p>\n<hr \/>\n<p align=\"LEFT\"><strong>Retrouvez l\u2019ensemble des t\u00e9moignages d\u2019Abu Amir et Marsel :<\/strong><\/p>\n<p>*<strong>Abu Amir Mutasem Ele\u00efwa<\/strong>\u00a0est coordinateur des Projets paysans depuis 2016 au sud de la bande de Gaza et correspondant de l\u2019Union Juive Fran\u00e7aise pour la Paix.<\/p>\n<p>*<strong>Marsel Alledawi<\/strong>\u00a0est responsable du Centre Ibn Sina du nord de la bande de Gaza, centre qui se consacre au suivi \u00e9ducatif et psychologique de l\u2019enfance.<\/p>\n<p>Tous les deux sont soutenus par l\u2019UJFP en France.<\/p>\n<pre><strong><em>Cliquez ici pour consulter les\u00a0<a href=\"https:\/\/ismfrance.org\/index.php\/temoignages-gazaouis-survie-enfer-gaza-1\/\" target=\"_blank\" rel=\"noopener\">T\u00e9moignages du 20 novembre 2023 au 5 janvier 2025 (partie 1 \u00e0 268)<\/a><\/em><\/strong>\r\n\r\n<em><strong>Cliquez ici pour consulter les <a href=\"https:\/\/ismfrance.org\/index.php\/2025\/05\/11\/temoignages-de-gazaouis-la-survie-qui-sorganise-au-jour-le-jour-dans-lenfer-de-gaza-recapitulatif-du-5-janvier-au-9-mai-2025-partie-269-a-392\/\">T\u00e9moignages du 5 janvier au 9 mai 2025 (partie 269 \u00e0 392)<\/a><\/strong><\/em><\/pre>\n<p><a href=\"https:\/\/ismfrance.org\/index.php\/2025\/05\/11\/temoignages-de-gazaouis-la-survie-qui-sorganise-au-jour-le-jour-dans-lenfer-de-gaza-partie-393-10-mai-histoires-dexil-et-de-patience-atel\/\">Partie 393<\/a>\u00a0: 10 mai.\u00a0<a href=\"https:\/\/ismfrance.org\/index.php\/2025\/05\/12\/temoignages-de-gazaouis-la-survie-qui-sorganise-au-jour-le-jour-dans-lenfer-de-gaza-partie-394-11-mai-gaza-sous-la-faim-et-le-feu-famine-lente-et-mort\/\">Partie 394<\/a>\u00a0: 11 mai.\u00a0<a href=\"https:\/\/ismfrance.org\/index.php\/2025\/05\/13\/temoignages-de-gazaouis-la-survie-qui-sorganise-au-jour-le-jour-dans-lenfer-de-gaza-partie-395-11-mai-1-les-femmes-de-gaza-nourrissent-la-faim-par-la-p\/\">Partie 395<\/a>\u00a0: 11 mai (1).\u00a0<a href=\"https:\/\/ismfrance.org\/index.php\/2025\/05\/13\/temoignages-de-gazaouis-la-survie-qui-sorganise-au-jour-le-jour-dans-lenfer-de-gaza-partie-396-12-mai-la-nuit-a-gaza\/\">Partie 396<\/a>\u00a0: 12 mai.\u00a0<a href=\"https:\/\/ismfrance.org\/index.php\/2025\/05\/14\/temoignages-de-gazaouis-la-survie-qui-sorganise-au-jour-le-jour-dans-lenfer-de-gaza-partie-397-13-mai-distribution-de-vetements-aux-enfants-des-agriculte\/\">Partie 397<\/a>\u00a0: 13 mai.\u00a0<a href=\"https:\/\/ismfrance.org\/index.php\/2025\/05\/15\/temoignages-de-gazaouis-la-survie-qui-sorganise-au-jour-le-jour-dans-lenfer-de-gaza-partie-398-14-mai-fracture-du-gouvernement-israelien-escalade-des-ma\/\">Partie 398<\/a>\u00a0: 14 mai.\u00a0<a href=\"https:\/\/ismfrance.org\/index.php\/2025\/05\/16\/temoignages-de-gazaouis-la-survie-qui-sorganise-au-jour-le-jour-dans-lenfer-de-gaza-partie-399-15-mai-soutien-psychologique-seances-sur-la-malnutrition-dans-les-camp\/\">Partie 399<\/a>\u00a0: 15 mai.\u00a0<a href=\"https:\/\/ismfrance.org\/index.php\/2025\/05\/17\/temoignages-de-gazaouis-la-survie-qui-sorganise-au-jour-le-jour-dans-lenfer-de-gaza-partie-400-16-mai-un-genocide-a-lere-de-limpuissanc\/\">Partie 400<\/a>\u00a0: 16 mai.\u00a0<a href=\"https:\/\/ismfrance.org\/index.php\/2025\/05\/18\/temoignages-de-gazaouis-la-survie-qui-sorganise-au-jour-le-jour-dans-lenfer-de-gaza-partie-401-16-mai-1-face-a-la-rarete-de-la-nourriture-proteger-les\/\">Partie 401<\/a>\u00a0: 16 mai (1).\u00a0<a href=\"https:\/\/ismfrance.org\/index.php\/2025\/05\/19\/temoignages-de-gazaouis-la-survie-qui-sorganise-au-jour-le-jour-dans-lenfer-de-gaza-partie-401-17-mai-gaza-cimetiere-de-lenfance-et-silence-du\/\">Partie 402<\/a>\u00a0: 17 mai.<a href=\"https:\/\/ismfrance.org\/index.php\/2025\/05\/19\/temoignages-de-gazaouis-la-survie-qui-sorganise-au-jour-le-jour-dans-lenfer-de-gaza-partie-403-18-mai-continuite-des-activites-humanitaires-de-l\/\">\u00a0Partie 403<\/a>\u00a0: 18 mai.\u00a0<a href=\"https:\/\/ismfrance.org\/index.php\/2025\/05\/19\/temoignages-de-gazaouis-la-survie-qui-sorganise-au-jour-le-jour-dans-lenfer-de-gaza-partie-404-18-mai-1-escalade-des-massacres-operation-chariots-de\/\">Partie 404<\/a>\u00a0: 18 mai (1).\u00a0<a href=\"https:\/\/ismfrance.org\/index.php\/2025\/05\/20\/temoignages-de-gazaouis-la-survie-qui-sorganise-au-jour-le-jour-dans-lenfer-de-gaza-partie-405-20-mai-gaza-un-scandale-moral-mondial\/\">Partie 405<\/a>\u00a0: 20 mai.\u00a0<a href=\"https:\/\/ismfrance.org\/index.php\/2025\/05\/21\/temoignages-de-gazaouis-la-survie-qui-sorganise-au-jour-le-jour-dans-lenfer-de-gaza-partie-406-21-mai-gaza-sous-les-decombres\/\">Partie 406<\/a>\u00a0: 21 mai.\u00a0<a href=\"https:\/\/ismfrance.org\/index.php\/2025\/05\/22\/temoignages-de-gazaouis-la-survie-qui-sorganise-au-jour-le-jour-dans-lenfer-de-gaza-partie-407-22-mai-gaza-le-cadavre-geopolitique-sur-lequel-saffrontent\/\">Partie 407<\/a>\u00a0: 22 mai.\u00a0<a href=\"https:\/\/ismfrance.org\/index.php\/2025\/05\/23\/20653\/\">Partie 408<\/a>\u00a0: 22 mai (1).\u00a0<a href=\"https:\/\/ismfrance.org\/index.php\/2025\/05\/24\/temoignages-de-gazaouis-la-survie-qui-sorganise-au-jour-le-jour-dans-lenfer-de-gaza-partie-409-23-mai-en-marge-de-de-la-guerre-une-parenthese-de\/\">Partie 409<\/a>\u00a0: 23 mai.\u00a0<a href=\"https:\/\/ismfrance.org\/index.php\/2025\/05\/24\/temoignages-de-gazaouis-la-survie-qui-sorganise-au-jour-le-jour-dans-lenfer-de-gaza-partie-410-24-mai-la-bande-de-gaza-un-champ-de-bataille-entre\/\">Partie 410<\/a>\u00a0: 24 mai.\u00a0<a href=\"https:\/\/ismfrance.org\/index.php\/2025\/05\/25\/temoignages-de-gazaouis-la-survie-qui-sorganise-au-jour-le-jour-dans-lenfer-de-gaza-partie-411-25-mai-paroles-de-femmes-dans-les-ateliers-collectifs-de-s\/\">Partie 411<\/a>\u00a0: 25 mai.\u00a0<a href=\"https:\/\/ismfrance.org\/index.php\/2025\/05\/26\/temoignages-de-gazaouis-la-survie-qui-sorganise-au-jour-le-jour-dans-lenfer-de-gaza-partie-412-25-mai-1-soutien-alimentaire-et-travail-educatif\/\">Partie 412<\/a>\u00a0: 25 mai (1).\u00a0<a href=\"https:\/\/ismfrance.org\/index.php\/2025\/05\/27\/temoignages-de-gazaouis-la-survie-qui-sorganise-au-jour-le-jour-dans-lenfer-de-gaza-partie-413-27-mai-gaza-un-enfer-sans-fin\/\">Partie 413<\/a>\u00a0: 27 mai.<a href=\"https:\/\/ismfrance.org\/index.php\/2025\/05\/28\/temoignages-de-gazaouis-la-survie-qui-sorganise-au-jour-le-jour-dans-lenfer-de-gaza-partie-414-27-mai-1-un-nouveau-scenario-diffuse-par-larmee-israel\/\">\u00a0Partie 414<\/a>\u00a0: 27 mai (1).\u00a0<a href=\"https:\/\/ismfrance.org\/index.php\/2025\/05\/30\/temoignages-de-gazaouis-la-survie-qui-sorganise-au-jour-le-jour-dans-lenfer-de-gaza-partie-415-28-mai-la-famine-a-gaza-une-arme-de-mort-impitoyable\/\">Partie 415<\/a>\u00a0: 28 mai.\u00a0<a href=\"https:\/\/ismfrance.org\/index.php\/2025\/05\/30\/temoignages-de-gazaouis-la-survie-qui-sorganise-au-jour-le-jour-dans-lenfer-de-gaza-partie-416-29-mai-gaza-ne-meurt-pas-elle-resiste-elle-crie-qui-ecoute\/\">Partie 416<\/a>\u00a0: 29 mai.\u00a0<a href=\"https:\/\/ismfrance.org\/index.php\/2025\/05\/31\/temoignages-de-gazaouis-la-survie-qui-sorganise-au-jour-le-jour-dans-lenfer-de-gaza-partie-417-30-mai-comment-vivre-avec-la-peur-au-quotidien-a-gaza\/\">Partie 417<\/a>\u00a0: 30 mai.\u00a0<a href=\"https:\/\/ismfrance.org\/index.php\/2025\/06\/01\/temoignages-de-gazaouis-la-survie-qui-sorganise-au-jour-le-jour-dans-lenfer-de-gaza-partie-418-1er-juin-massacres-a-rafah-et-dans-le-corridor-de-netzarim\/\">Partie 418<\/a>\u00a0: 1er juin.\u00a0<a href=\"https:\/\/ismfrance.org\/index.php\/2025\/06\/02\/temoignages-de-gazaouis-la-survie-qui-sorganise-au-jour-le-jour-dans-lenfer-de-gaza-partie-419-1er-juin-1-temoignage-dune-survivante-du-massac\/\">Partie 419<\/a>\u00a0: 1er juin (1).\u00a0<a href=\"https:\/\/ismfrance.org\/index.php\/2025\/06\/02\/temoignages-de-gazaouis-la-survie-qui-sorganise-au-jour-le-jour-dans-lenfer-de-gaza-partie-420-31-mai-et-2-juin-lespoir-resiste-sous-les-decombre\/\">Partie 420<\/a>\u00a0: 31 mai et 2 juin.\u00a0<a href=\"https:\/\/ismfrance.org\/index.php\/2025\/06\/03\/temoignages-de-gazaouis-la-survie-qui-sorganise-au-jour-le-jour-dans-lenfer-de-gaza-partie-421-2-juin-1-assez-de-silence-sauvons-ce-quil-reste\/\">Partie 421<\/a>\u00a0: 2 juin (1).\u00a0<a href=\"https:\/\/ismfrance.org\/index.php\/2025\/06\/04\/temoignages-de-gazaouis-la-survie-qui-sorganise-au-jour-le-jour-dans-lenfer-de-gaza-partie-422-3-juin-une-catastrophe-silencieuse-menace-les-femmes\/\">Partie 422<\/a>\u00a0: 3 juin.\u00a0<a href=\"https:\/\/ismfrance.org\/index.php\/2025\/06\/05\/temoignages-de-gazaouis-la-survie-qui-sorganise-au-jour-le-jour-dans-lenfer-de-gaza-partie-423-4-juin-quand-la-voix-devient-la-derniere-arme-pour-vivre\/\">Partie 423<\/a>\u00a0: 4 juin.\u00a0<a href=\"https:\/\/ismfrance.org\/index.php\/2025\/06\/06\/temoignages-de-gazaouis-la-survie-qui-sorganise-au-jour-le-jour-dans-lenfer-de-gaza-partie-424-5-juin-l-etouffement-de-lidentite-politique-et\/\">Partie 424<\/a>\u00a0: 5 juin.\u00a0<a href=\"https:\/\/ismfrance.org\/index.php\/2025\/06\/07\/temoignages-de-gazaouis-la-survie-qui-sorganise-au-jour-le-jour-dans-lenfer-de-gaza-partie-425-6-juin-ce-qui-se-passe-a-gaza-interroge-le-droit-internati\/\">Partie 425<\/a>\u00a0: 6 juin.\u00a0<a href=\"https:\/\/ismfrance.org\/index.php\/2025\/06\/08\/temoignages-de-gazaouis-la-survie-qui-sorganise-au-jour-le-jour-dans-lenfer-de-gaza-partie-426-6-juin-1-une-journee-de-joie-arrachee-aux-larmes\/\">Partie 426<\/a>\u00a0: 6 juin (1).\u00a0<a href=\"https:\/\/ismfrance.org\/index.php\/2025\/06\/08\/21083\/\">Partie 427<\/a>\u00a0: 7 juin.\u00a0<a href=\"https:\/\/ismfrance.org\/index.php\/2025\/06\/09\/temoignages-de-gazaouis-la-survie-qui-sorganise-au-jour-le-jour-dans-lenfer-de-gaza-partie-428-8-juin-des-femmes-fatiguees-fragiles-mais-capables-de-se\/\">Partie 428<\/a>\u00a0: 8 juin.\u00a0<a href=\"https:\/\/ismfrance.org\/index.php\/2025\/06\/10\/21128\/\">Partie 429<\/a>\u00a0: 9 juin.\u00a0<a href=\"https:\/\/ismfrance.org\/index.php\/2025\/06\/11\/temoignages-de-gazaouis-la-survie-qui-sorganise-au-jour-le-jour-dans-lenfer-de-gaza-partie-430-10-juin-rehabilitation-des-serres-des-agriculteurs-de-deir\/\">Partie 430<\/a>\u00a0: 10 juin.\u00a0<a href=\"https:\/\/ismfrance.org\/index.php\/2025\/06\/12\/temoignages-de-gazaouis-la-survie-qui-sorganise-au-jour-le-jour-dans-lenfer-de-gaza-partie-431-11-juin-le-temps-est-fige-a-gaza-bombardements-sans\/\">Partie 431<\/a>\u00a0: 11 juin.<a href=\"https:\/\/ismfrance.org\/index.php\/2025\/06\/13\/temoignages-de-gazaouis-la-survie-qui-sorganise-au-jour-le-jour-dans-lenfer-de-gaza-partie-432-12-juin-le-monde-se-souleve-pour-gaza-la-marche-des-peup\/\">\u00a0Partie 432<\/a>\u00a0: 12 juin.<a href=\"https:\/\/ismfrance.org\/index.php\/2025\/06\/14\/temoignages-de-gazaouis-la-survie-qui-sorganise-au-jour-le-jour-dans-lenfer-de-gaza-partie-433-13-juin-continuite-du-soutien-psychologique-envers-et-con\/\">\u00a0Partie 433<\/a>\u00a0: 13 juin.<a href=\"https:\/\/ismfrance.org\/index.php\/2025\/06\/15\/temoignages-de-gazaouis-la-survie-qui-sorganise-au-jour-le-jour-dans-lenfer-de-gaza-partie-434-14-juin-massacres-dans-lobscurite-gaza-entre-mo\/\">\u00a0Partie 434<\/a>\u00a0: 14 juin.\u00a0<a href=\"https:\/\/ismfrance.org\/index.php\/2025\/06\/16\/temoignages-de-gazaouis-la-survie-qui-sorganise-au-jour-le-jour-dans-lenfer-de-gaza-partie-435-15-juin-des-efforts-humanitaires-qui-resistent-a-l\/\">Partie 435<\/a>\u00a0: 15 juin.\u00a0<a href=\"https:\/\/ismfrance.org\/index.php\/2025\/06\/16\/temoignages-de-gazaouis-la-survie-qui-sorganise-au-jour-le-jour-dans-lenfer-de-gaza-partie-436-16-juin-jusqua-quand-les-habitants-de-gaza-seront\/\">Partie 436<\/a>\u00a0: 16 juin.\u00a0<a href=\"https:\/\/ismfrance.org\/index.php\/2025\/06\/18\/temoignages-de-gazaouis-la-survie-qui-sorganise-au-jour-le-jour-dans-lenfer-de-gaza-partie-437-17-juin-lenjeu-du-journalisme\/\">Partie 437<\/a>\u00a0: 17 juin.\u00a0<a href=\"https:\/\/ismfrance.org\/index.php\/2025\/06\/18\/temoignages-de-gazaouis-la-survie-qui-sorganise-au-jour-le-jour-dans-lenfer-de-gaza-partie-438-18-juin-mourir-de-faim-ou-etre-tue-famine-et-pieges-des\/\">Partie 438<\/a>\u00a0: 18 juin.\u00a0<a href=\"https:\/\/ismfrance.org\/index.php\/2025\/06\/20\/temoignages-de-gazaouis-la-survie-qui-sorganise-au-jour-le-jour-dans-lenfer-de-gaza-partie-439-19-juin-gaza-releguee-au-second-plan-face-a-lesca\/\">Partie 439<\/a>\u00a0: 19 juin.\u00a0<a href=\"https:\/\/ismfrance.org\/index.php\/2025\/06\/21\/temoignages-de-gazaouis-la-survie-qui-sorganise-au-jour-le-jour-dans-lenfer-de-gaza-partie-440-20-juin-dans-une-situation-humanitaire-catastrophique-des\/\">Partie 440<\/a>\u00a0: 20 juin.\u00a0<a href=\"https:\/\/ismfrance.org\/index.php\/2025\/06\/22\/temoignages-de-gazaouis-la-survie-qui-sorganise-au-jour-le-jour-dans-lenfer-de-gaza-partie-441-21-22-juin-le-soutien-psychologique-une-artere-vitale-ou\/\">Partie 441<\/a>\u00a0: 21-22 juin.\u00a0<a href=\"https:\/\/ismfrance.org\/index.php\/2025\/06\/25\/temoignages-de-gazaouis-la-survie-qui-sorganise-au-jour-le-jour-dans-lenfer-de-gaza-partie-442-24-juin-toutes-les-guerres-prennent-fin-la-guerre\/\">Partie 442<\/a>\u00a0: 24 juin.\u00a0<a href=\"https:\/\/ismfrance.org\/index.php\/2025\/06\/27\/temoignages-de-gazaouis-la-survie-qui-sorganise-au-jour-le-jour-dans-lenfer-de-gaza-partie-443-25-juin-gaza-hurle-au-monde-nous-sommes-la-nous-ne-parti\/\">Partie 443<\/a>\u00a0: 25 juin.\u00a0<a href=\"https:\/\/ismfrance.org\/index.php\/2025\/06\/27\/temoignages-de-gazaouis-la-survie-qui-sorganise-au-jour-le-jour-dans-lenfer-de-gaza-partie-444-26-juin-continuer-a-agir-au-coeur-de-la-catastrophe\/\">Partie 444<\/a>\u00a0: 26 juin.\u00a0<a href=\"https:\/\/ismfrance.org\/index.php\/2025\/06\/28\/temoignages-de-gazaouis-la-survie-qui-sorganise-au-jour-le-jour-dans-lenfer-de-gaza-partie-445-27-28-juin-continuer-a-prendre-soin-de-soi-des-histoires-de-re\/\">Partie 445<\/a>\u00a0:\u00a0 : 27-28 juin.\u00a0<a href=\"https:\/\/ismfrance.org\/index.php\/2025\/06\/29\/21581\/\">Partie 446<\/a>\u00a0: 27 juin.\u00a0<a href=\"https:\/\/ismfrance.org\/index.php\/2025\/07\/01\/temoignages-de-gazaouis-la-survie-qui-sorganise-au-jour-le-jour-dans-lenfer-de-gaza-partie-447-30-juin-le-camp-des-agriculteurs-al-fajr-a-al-mawasi-cible\/\">Partie 447<\/a>\u00a0: 30 juin.\u00a0<a href=\"https:\/\/ismfrance.org\/index.php\/2025\/07\/02\/temoignages-de-gazaouis-la-survie-qui-sorganise-au-jour-le-jour-dans-lenfer-de-gaza-partie-448-1er-juillet-quand-le-pain-devient-un-voeu\/\">Partie 448<\/a>\u00a0: 1er juillet.\u00a0<a href=\"https:\/\/ismfrance.org\/index.php\/2025\/07\/03\/temoignages-de-gazaouis-la-survie-qui-sorganise-au-jour-le-jour-dans-lenfer-de-gaza-partie-449-2-juillet-a-gaza-il-ny-a-plus-de-place-meme-pour\/\">Partie 449<\/a>\u00a0: 2 juillet.\u00a0<a href=\"https:\/\/ismfrance.org\/index.php\/2025\/07\/03\/temoignages-de-gazaouis-la-survie-qui-sorganise-au-jour-le-jour-dans-lenfer-de-gaza-partie-449-2-juillet-1-gaza-ne-dort-plus-tant-la-mort-regne\/\">Partie 450<\/a>\u00a0: 2 juillet(1).\u00a0<a href=\"https:\/\/ismfrance.org\/index.php\/2025\/07\/04\/temoignages-de-gazaouis-la-survie-qui-sorganise-au-jour-le-jour-dans-lenfer-de-gaza-partie-451-3-juillet-la-mort-en-spectacle-quisrael-regarde-a\/\">Partie 451<\/a>\u00a0: 3 juillet.\u00a0<a href=\"https:\/\/ismfrance.org\/index.php\/2025\/07\/05\/temoignages-de-gazaouis-la-survie-qui-sorganise-au-jour-le-jour-dans-lenfer-de-gaza-partie-452-4-juillet-le-complot-du-silence\/\">Partie 452<\/a>\u00a0: 4 juillet.\u00a0<a href=\"https:\/\/ismfrance.org\/index.php\/2025\/07\/06\/temoignages-de-gazaouis-la-survie-qui-sorganise-au-jour-le-jour-dans-lenfer-de-gaza-partie-453-5-juillet-le-savoir-reste-larme-des-palestiniens\/\">Partie 453<\/a>\u00a0: 5 juillet.\u00a0<a href=\"https:\/\/ismfrance.org\/index.php\/2025\/07\/07\/temoignages-de-gazaouis-la-survie-qui-sorganise-au-jour-le-jour-dans-lenfer-de-gaza-partie-454-6-juillet-etreindre-la-vie-malgre-la-douleur\/\">Partie 454<\/a>\u00a0: 6 juillet.\u00a0<a href=\"https:\/\/ismfrance.org\/index.php\/2025\/07\/08\/temoignages-de-gazaouis-la-survie-qui-sorganise-au-jour-le-jour-dans-lenfer-de-gaza-partie-455-7-juillet-ta-voix-est-vie-et-ton-corps-parle\/\">Partie 455<\/a>\u00a0: 7 juillet.\u00a0<a href=\"https:\/\/ismfrance.org\/index.php\/2025\/07\/08\/temoignages-de-gazaouis-la-survie-qui-sorganise-au-jour-le-jour-dans-lenfer-de-gaza-partie-456-7-juillet1-les-repercussions-du-deuil-collectif-sur-la-s\/\">Partie 456<\/a>\u00a0: 7 juillet (1).\u00a0<a href=\"https:\/\/ismfrance.org\/index.php\/2025\/07\/10\/temoignages-de-gazaouis-la-survie-qui-sorganise-au-jour-le-jour-dans-lenfer-de-gaza-partie-457-9-juillet-la-mort-precede-la-treve-gaza-compte-ses-derniers-so\/\">Partie 457<\/a>\u00a0: 9 juillet.\u00a0<a href=\"https:\/\/ismfrance.org\/index.php\/2025\/07\/11\/temoignages-de-gazaouis-la-survie-qui-sorganise-au-jour-le-jour-dans-lenfer-de-gaza-partie-458-10-juillet-soutien-psychologique-et-de-sensibilisation-sanitair\/\">Partie 458<\/a>\u00a0: 10 juillet.\u00a0<a href=\"https:\/\/ismfrance.org\/index.php\/2025\/07\/12\/temoignages-de-gazaouis-la-survie-qui-sorganise-au-jour-le-jour-dans-lenfer-de-gaza-partie-459-11-juillet-laneantissement-de-khan-younis\/\">Partie 459<\/a>\u00a0: 11 juillet.\u00a0<a href=\"https:\/\/ismfrance.org\/index.php\/2025\/07\/13\/temoignages-de-gazaouis-la-survie-qui-sorganise-au-jour-le-jour-dans-lenfer-de-gaza-partie-460-12-juillet-aborder-le-lendemain-de-la-guerre\/\">Partie 460<\/a>\u00a0: 12 juillet.\u00a0<a href=\"https:\/\/ismfrance.org\/index.php\/2025\/07\/14\/temoignages-de-gazaouis-la-survie-qui-sorganise-au-jour-le-jour-dans-lenfer-de-gaza-partie-461-13-juillet-une-injustice-persistante-a-gaza-fait-face\/\">Partie 461<\/a>\u00a0: 13 juillet.\u00a0<a href=\"https:\/\/ismfrance.org\/index.php\/2025\/07\/15\/temoignages-de-gazaouis-la-survie-qui-sorganise-au-jour-le-jour-dans-lenfer-de-gaza-partie-462-14-juillet-pour-un-referendum-mondial-de-la-conscience-hum\/\">Partie 462<\/a>\u00a0: 14 juillet.\u00a0<a href=\"https:\/\/ismfrance.org\/index.php\/2025\/07\/17\/temoignages-de-gazaouis-la-survie-qui-sorganise-au-jour-le-jour-dans-lenfer-de-gaza-partie-463-16-juillet-distribution-de-vetements-dete-aux-enf\/\">Partie 463<\/a>\u00a0: 16 juillet.\u00a0<a href=\"https:\/\/ismfrance.org\/index.php\/2025\/07\/18\/temoignages-de-gazaouis-la-survie-qui-sorganise-au-jour-le-jour-dans-lenfer-de-gaza-partie-464-17-juillet-faim-mort-deplacement-dans-un-silence-mondial\/\">Partie 464<\/a>\u00a0: 17 juillet.\u00a0<a href=\"https:\/\/ismfrance.org\/index.php\/2025\/07\/18\/temoignages-de-gazaouis-la-survie-qui-sorganise-au-jour-le-jour-dans-lenfer-de-gaza-partie-465-18-juillet-gaza-nos-pas-nos-racines-soutien-psych\/\">Partie 465<\/a>\u00a0: 18 juillet.\u00a0<a href=\"https:\/\/ismfrance.org\/index.php\/2025\/07\/19\/temoignages-de-gazaouis-la-survie-qui-sorganise-au-jour-le-jour-dans-lenfer-de-gaza-partie-466-19-juillet-distribution-de-vetements-dete-pour-de\/\">Partie 466<\/a>\u00a0: 19 juillet.\u00a0<a href=\"https:\/\/ismfrance.org\/index.php\/2025\/07\/20\/temoignages-de-gazaouis-la-survie-qui-sorganise-au-jour-le-jour-dans-lenfer-de-gaza-partie-467-20-juillet-trouver-une-langue-alternative-dans-les-couleur\/\">Partie 467<\/a>\u00a0:\u00a0<a href=\"https:\/\/ismfrance.org\/index.php\/2025\/07\/21\/temoignages-de-gazaouis-la-survie-qui-sorganise-au-jour-le-jour-dans-lenfer-de-gaza-partie-468-20-juillet-1-parler-de-gaza-avec-douleur-et-clarte\/\">20 juillet<\/a>. Partie 468 : 20 juillet (1).\u00a0<a href=\"https:\/\/ismfrance.org\/index.php\/2025\/07\/22\/temoignages-de-gazaouis-la-survie-qui-sorganise-au-jour-le-jour-dans-lenfer-de-gaza-partie-469-21-juillet-gaza-une-plaie-ouverte-dans-la-conscience-du-m\/\">Partie 469<\/a>\u00a0: 21 juillet.\u00a0<a href=\"https:\/\/ismfrance.org\/index.php\/2025\/07\/23\/temoignages-de-gazaouis-la-survie-qui-sorganise-au-jour-le-jour-dans-lenfer-de-gaza-partie-470-22-juillet-gaza-sous-les-flammes\/\">Partie 470<\/a>\u00a0: 22 juillet.\u00a0<a href=\"https:\/\/ismfrance.org\/index.php\/2025\/07\/24\/temoignages-de-gazaouis-la-survie-qui-sorganise-au-jour-le-jour-dans-lenfer-de-gaza-partie-471-23-juillet-israel-deracine-et-assassine-jusqua-l\/\">Partie 471<\/a>\u00a0: 23 juillet.\u00a0<a href=\"https:\/\/ismfrance.org\/index.php\/2025\/07\/25\/temoignages-de-gazaouis-la-survie-qui-sorganise-au-jour-le-jour-dans-lenfer-de-gaza-partie-472-24-juillet-dans-un-horizon-bouche-gaza-attend-prudemment\/\">Partie 472<\/a>\u00a0: 24 juillet.\u00a0<a href=\"https:\/\/ismfrance.org\/index.php\/2025\/07\/26\/temoignages-de-gazaouis-la-survie-qui-sorganise-au-jour-le-jour-dans-lenfer-de-gaza-partie-473-25-juillet-echec-de-negociations-pendant-que-la-faim-tue-a-gaza\/\">Partie 473<\/a>\u00a0: 25 juillet 2025.\u00a0<a href=\"https:\/\/ismfrance.org\/index.php\/2025\/07\/27\/temoignages-de-gazaouis-la-survie-qui-sorganise-au-jour-le-jour-dans-lenfer-de-gaza-partie-474-26-juillet-notre-espace-sur-une-necessite-la-force-de-l\/\">Partie 474<\/a>\u00a0: 26 juillet.\u00a0<a href=\"https:\/\/ismfrance.org\/index.php\/2025\/07\/28\/temoignages-de-gazaouis-la-survie-qui-sorganise-au-jour-le-jour-dans-lenfer-de-gaza-partie-475-27-juillet-la-conscience-humaine-soumise-aux-interets-sur\/\">Partie 475<\/a>\u00a0: 27 juillet.\u00a0<a href=\"https:\/\/ismfrance.org\/index.php\/2025\/07\/29\/temoignages-de-gazaouis-la-survie-qui-sorganise-au-jour-le-jour-dans-lenfer-de-gaza-partie-476-28-juillet-notre-conscience-et-votre-conscience-sont-notre\/\">Partie 476<\/a>\u00a0: 28 juillet.\u00a0<a href=\"https:\/\/ismfrance.org\/index.php\/2025\/07\/30\/temoignages-de-gazaouis-la-survie-qui-sorganise-au-jour-le-jour-dans-lenfer-de-gaza-partie-477-30-juillet-gaza-une-terre-de-resistance-legendaire\/\">Partie 477<\/a>\u00a0: 30 juillet.\u00a0<a href=\"https:\/\/ismfrance.org\/index.php\/2025\/08\/02\/temoignages-de-gazaouis-la-survie-qui-sorganise-au-jour-le-jour-dans-lenfer-de-gaza-partie-478-1er-aout-gaza-ou-lincapacite-du-monde-a-proteger\/\">Partie 478<\/a>\u00a0: 1er ao\u00fbt.\u00a0<a href=\"https:\/\/ismfrance.org\/index.php\/2025\/08\/03\/temoignages-de-gazaouis-la-survie-qui-sorganise-au-jour-le-jour-dans-lenfer-de-gaza-partie-479-2-aout-entre-famine-et-violence-continuite-des-actions-hu\/\">Partie 479<\/a>\u00a0: 2 ao\u00fbt.\u00a0<a href=\"https:\/\/ismfrance.org\/index.php\/2025\/08\/04\/temoignages-de-gazaouis-la-survie-qui-sorganise-au-jour-le-jour-dans-lenfer-de-gaza-partie-490-3-aout-witkoff-a-gaza-encore-un-trompe-loeil-med\/\">Partie 480<\/a>\u00a0: 3 ao\u00fbt.\u00a0<a href=\"https:\/\/ismfrance.org\/index.php\/2025\/08\/05\/temoignages-de-gazaouis-la-survie-qui-sorganise-au-jour-le-jour-dans-lenfer-de-gaza-partie-491-3-4-aout-gerer-la-malnutrition-et-la-penurie-de-ressources\/\">Partie 481<\/a>\u00a0: 3-4 ao\u00fbt.\u00a0<a href=\"https:\/\/ismfrance.org\/index.php\/2025\/08\/06\/temoignages-de-gazaouis-la-survie-qui-sorganise-au-jour-le-jour-dans-lenfer-de-gaza-partie-482-5-aout-gaza-brule-entre-les-feux-des-bombardements-et-le-c\/\">Partie 482<\/a>\u00a0: 5 ao\u00fbt.\u00a0<a href=\"https:\/\/ismfrance.org\/index.php\/2025\/08\/08\/temoignages-de-gazaouis-la-survie-qui-sorganise-au-jour-le-jour-dans-lenfer-de-gaza-partie-483-7-aout-lalliance-americano-israelienne-met-la-jus\/\">Partie 483<\/a>\u00a0: 7 ao\u00fbt.\u00a0<a href=\"https:\/\/ismfrance.org\/index.php\/2025\/08\/09\/temoignages-de-gazaouis-la-survie-qui-sorganise-au-jour-le-jour-dans-lenfer-de-gaza-partie-484-8-aout-le-nouveau-plan-de-netanyahou\/\">Partie 484<\/a>\u00a0: 8 ao\u00fbt.\u00a0<a href=\"https:\/\/ismfrance.org\/index.php\/2025\/08\/10\/temoignages-de-gazaouis-la-survie-qui-sorganise-au-jour-le-jour-dans-lenfer-de-gaza-partie-485-9-aout-souris-gaza-une-heure-de-joie\/\">Partie 485<\/a>\u00a0: 9 ao\u00fbt.\u00a0<a href=\"https:\/\/ismfrance.org\/index.php\/2025\/08\/11\/temoignages-de-gazaouis-la-survie-qui-sorganise-au-jour-le-jour-dans-lenfer-de-gaza-partie-486-10-aout-quatre-mots-resument-la-vie-de-plus-de-deux-millio\/\">Partie 486<\/a>\u00a0: 10 ao\u00fbt.\u00a0<a href=\"https:\/\/ismfrance.org\/index.php\/2025\/08\/12\/temoignages-de-gazaouis-la-survie-qui-sorganise-au-jour-le-jour-dans-lenfer-de-gaza-partie-487-11-aout-sous-blocus-les-agriculteurs-de-deir-al-balah-cul\/\">Partie 487<\/a>\u00a0: 11 ao\u00fbt.\u00a0<a href=\"https:\/\/ismfrance.org\/index.php\/2025\/08\/13\/temoignages-de-gazaouis-la-survie-qui-sorganise-au-jour-le-jour-dans-lenfer-de-gaza-partie-488-12-aout-la-voix-des-femmes-de-gaza\/\">Partie 488<\/a>\u00a0: 12 ao\u00fbt.\u00a0<a href=\"https:\/\/ismfrance.org\/index.php\/2025\/08\/14\/temoignages-de-gazaouis-la-survie-qui-sorganise-au-jour-le-jour-dans-lenfer-de-gaza-partie-489-13-aout-le-largage-de-laide-humanitaire-un\/\">Partie 489<\/a>\u00a0: 13 ao\u00fbt.\u00a0<a href=\"https:\/\/ismfrance.org\/index.php\/2025\/08\/15\/temoignages-de-gazaouis-la-survie-qui-sorganise-au-jour-le-jour-dans-lenfer-de-gaza-partie-490-14-aout-prendre-soin-de-la-sante-mentale-et-physique\/\">Partie 490<\/a>\u00a0: 14 ao\u00fbt.\u00a0<a href=\"https:\/\/ismfrance.org\/index.php\/2025\/08\/16\/temoignages-de-gazaouis-la-survie-qui-sorganise-au-jour-le-jour-dans-lenfer-de-gaza-partie-491-15-aout-realite-de-la-situation-humanitaire-dans-la-bande\/\">Partie 491<\/a>\u00a0: 15 ao\u00fbt.\u00a0<a href=\"https:\/\/ismfrance.org\/index.php\/2025\/08\/17\/temoignages-de-gazaouis-la-survie-qui-sorganise-au-jour-le-jour-dans-lenfer-de-gaza-partie-492-16-aout-le-soutien-psychologique-pierre-angulaire-de-la-vie\/\">Partie 492<\/a>\u00a0: 16 ao\u00fbt 2025.\u00a0<a href=\"https:\/\/ismfrance.org\/index.php\/2025\/08\/19\/temoignages-de-gazaouis-la-survie-qui-sorganise-au-jour-le-jour-dans-lenfer-de-gaza-partie-493-18-aout-situation-des-quartiers-de-zaytoun-et-sabra-gaza\/\">Partie 493<\/a>\u00a0: 18 ao\u00fbt 2025.\u00a0<a href=\"https:\/\/ismfrance.org\/index.php\/2025\/08\/21\/temoignages-de-gazaouis-la-survie-qui-sorganise-au-jour-le-jour-dans-lenfer-de-gaza-partie-494-20-aout-tragedie-totale-effondrement-global\/\">Partie 494<\/a>\u00a0: 20 ao\u00fbt.\u00a0<a href=\"https:\/\/ismfrance.org\/index.php\/2025\/08\/22\/temoignages-de-gazaouis-la-survie-qui-sorganise-au-jour-le-jour-dans-lenfer-de-gaza-partie-495-21-aout-ce-que-devraient-etre-la-justice-internationale-et-le-droit-hu\/\">Partie 495<\/a>\u00a0: 21 ao\u00fbt.\u00a0<a href=\"https:\/\/ismfrance.org\/index.php\/2025\/08\/23\/temoignages-de-gazaouis-la-survie-qui-sorganise-au-jour-le-jour-dans-lenfer-de-gaza-partie-496-22-aout-dans-un-quotidien-terrible-comment-rester-un-pili\/\">Partie 496<\/a>\u00a0: 22 ao\u00fbt.\u00a0<a href=\"https:\/\/ismfrance.org\/index.php\/2025\/08\/23\/temoignages-de-gazaouis-la-survie-qui-sorganise-au-jour-le-jour-dans-lenfer-de-gaza-partie-497-23-aout-urgence-linvasion-de-gaza-ville-a-comme\/\">Partie 497<\/a>\u00a0: 23 ao\u00fbt.\u00a0<a href=\"https:\/\/ismfrance.org\/index.php\/2025\/08\/24\/temoignages-de-gazaouis-la-survie-qui-sorganise-au-jour-le-jour-dans-lenfer-de-gaza-partie-498-23-aout-1-les-voix-des-femmes-force-et-resilience-au-c\/\">Partie 498<\/a>\u00a0: 23 ao\u00fbt (1).\u00a0<a href=\"https:\/\/ismfrance.org\/index.php\/2025\/08\/25\/temoignages-de-gazaouis-la-survie-qui-sorganise-au-jour-le-jour-dans-lenfer-de-gaza-partie-499-24-aout-la-mer-temoin-de-la-tragedie-et-les-pecheurs-face-a-l\/\">Partie 499<\/a>\u00a0: 24 ao\u00fbt.\u00a0<a href=\"https:\/\/ismfrance.org\/index.php\/2025\/08\/26\/temoignages-de-gazaouis-la-survie-qui-sorganise-au-jour-le-jour-dans-lenfer-de-gaza-partie-500-25-aout-entre-les-promesses-de-loccupation-et-les-obus\/\">Partie 500<\/a>\u00a0: 25 ao\u00fbt.\u00a0<a href=\"https:\/\/ismfrance.org\/index.php\/2025\/08\/27\/temoignages-de-gazaouis-la-survie-qui-sorganise-au-jour-le-jour-dans-lenfer-de-gaza-partie-501-26-aout-une-fois-de-plus-gaza-revient-sur-la-scene-de-l\/\">Partie 501<\/a>\u00a0: 26 ao\u00fbt.\u00a0<a href=\"https:\/\/ismfrance.org\/index.php\/2025\/08\/28\/temoignages-de-gazaouis-la-survie-qui-sorganise-au-jour-le-jour-dans-lenfer-de-gaza-partie-502-27-aout-des-champs-assoiffes-les-agriculteurs-face-au-sie\/\">Partie 502<\/a>\u00a0: 27 ao\u00fbt.\u00a0<a href=\"https:\/\/ismfrance.org\/index.php\/2025\/08\/29\/temoignages-de-gazaouis-la-survie-qui-sorganise-au-jour-le-jour-dans-lenfer-de-gaza-partie-503-28-aout-histoire-dun-peuple-a-qui-lon-a\/\">Partie 503<\/a>\u00a0: 28 ao\u00fbt.\u00a0<a href=\"https:\/\/ismfrance.org\/index.php\/2025\/08\/30\/temoignages-de-gazaouis-la-survie-qui-sorganise-au-jour-le-jour-dans-lenfer-de-gaza-partie-504-29-aout-entre-feu-et-exode-une-petite-apocalypse\/\">Partie 504<\/a>\u00a0: 29 ao\u00fbt.\u00a0<a href=\"https:\/\/ismfrance.org\/index.php\/2025\/08\/31\/temoignages-de-gazaouis-la-survie-qui-sorganise-au-jour-le-jour-dans-lenfer-de-gaza-partie-505-30-aout-continuer-a-vivre-a-manger-a-seduquer\/\">Partie 505<\/a>\u00a0: 30 ao\u00fbt.\u00a0<a href=\"https:\/\/ismfrance.org\/index.php\/2025\/09\/02\/temoignages-de-gazaouis-la-survie-qui-sorganise-au-jour-le-jour-dans-lenfer-de-gaza-partie-506-31-aout-a-gaza-ville-intensification-des-attaques-destru\/\">Partie 506<\/a>\u00a0: 31 ao\u00fbt.\u00a0<a href=\"https:\/\/ismfrance.org\/index.php\/2025\/09\/02\/temoignages-de-gazaouis-la-survie-qui-sorganise-au-jour-le-jour-dans-lenfer-de-gaza-partie-507-31-8-1-9-les-equipes-de-l-ujfp-poursuivent-leur-t\/\">Partie 507<\/a>\u00a0: 31 ao\u00fbt\/1er septembre.\u00a0<a href=\"https:\/\/ismfrance.org\/index.php\/2025\/09\/04\/temoignages-de-gazaouis-la-survie-qui-sorganise-au-jour-le-jour-dans-lenfer-de-gaza-partie-508-3-9-limportance-dune-negociation-issue-d\/\">Partie 508<\/a>\u00a0: 3 septembre.\u00a0<a href=\"https:\/\/ismfrance.org\/index.php\/2025\/09\/04\/temoignages-de-gazaouis-la-survie-qui-sorganise-au-jour-le-jour-dans-lenfer-de-gaza-partie-509-3-9-1-gaza-les-debris-dune-ville\/\">Partie 509<\/a>\u00a0: 3 septembre (1).\u00a0<a href=\"https:\/\/ismfrance.org\/index.php\/2025\/09\/05\/temoignages-de-gazaouis-la-survie-qui-sorganise-au-jour-le-jour-dans-lenfer-de-gaza-partie-510-4-9-lexil-force-des-palestiniens-de-gaza-une-saignee-c\/\">Partie 510<\/a>\u00a0: 4 septembre.\u00a0<a href=\"https:\/\/ismfrance.org\/index.php\/2025\/09\/06\/temoignages-de-gazaouis-la-survie-qui-sorganise-au-jour-le-jour-dans-lenfer-de-gaza-partie-511-5-9-la-mort-habite-gaza-cest-un-massacre-continu\/\">Partie 511<\/a> : 5 septembre. <a href=\"https:\/\/ismfrance.org\/index.php\/2025\/09\/07\/temoignages-de-gazaouis-la-survie-qui-sorganise-au-jour-le-jour-dans-lenfer-de-gaza-partie-512-6-9-gaza-ville-des-ruines-fumantes\/\">Partie 512<\/a> : 6 septembre.<\/p>\n<p><strong>Pour participer \u00e0 la collecte \u00ab Urgence Guerre \u00e0 Gaza \u00bb :\u00a0<a href=\"https:\/\/www.helloasso.com\/associations\/union-juive-francaise-pour-la-paix\/collectes\/urgence-guerre-a-gaza\">HelloAsso.com<\/a><\/strong><br \/>\n<strong>Les t\u00e9moignages sont \u00e9galement publi\u00e9s sur\u00a0<a href=\"https:\/\/ujfp.org\/\">UJFP<\/a>,\u00a0<a href=\"https:\/\/altermidi.org\/\">Altermidi<\/a>\u00a0et sur\u00a0<a href=\"https:\/\/lepoing.net\/\">Le Poing<\/a>.\u00a0<\/strong><\/p>\n","protected":false},"excerpt":{"rendered":"<p>Brigitte Challande, 8 septembre 2025.- Impertubablement, les \u00e9quipes de l\u2019UJFP persistent dans leur actions de solidarit\u00e9 hebdomadaires, vitales et essentielles. Compte rendu du 6 septembre dans le contexte g\u00e9n\u00e9ral d\u2019une <a class=\"more-link\" href=\"https:\/\/ismfrance.org\/index.php\/2025\/09\/08\/temoignages-de-gazaouis-la-survie-qui-sorganise-au-jour-le-jour-dans-lenfer-de-gaza-partie-513-6-9-1-lhistoire-ne-pardonnera-pas-le-silence-des-lac\/\">Lire la suite &rarr;<\/a><\/p>\n","protected":false},"author":3,"featured_media":23399,"comment_status":"closed","ping_status":"closed","sticky":false,"template":"","format":"standard","meta":{"footnotes":""},"categories":[2,13],"tags":[156,46],"class_list":["post-23391","post","type-post","status-publish","format-standard","has-post-thumbnail","hentry","category-articles","category-temoignages","tag-genocide","tag-solidarite"],"yoast_head":"<!-- This site is optimized with the Yoast SEO plugin v27.2 - https:\/\/yoast.com\/product\/yoast-seo-wordpress\/ -->\n<title>T\u00e9moignages de Gazaouis : La survie qui s\u2019organise au jour le jour dans l\u2019enfer de Gaza \u2013 partie 513 \/ 6.9 (1) \u2013 l\u2019histoire ne pardonnera pas le silence des l\u00e2ches. - International Solidarity Movement - ISM-France<\/title>\n<meta name=\"robots\" content=\"index, follow, max-snippet:-1, max-image-preview:large, max-video-preview:-1\" \/>\n<link rel=\"canonical\" href=\"https:\/\/ismfrance.org\/index.php\/2025\/09\/08\/temoignages-de-gazaouis-la-survie-qui-sorganise-au-jour-le-jour-dans-lenfer-de-gaza-partie-513-6-9-1-lhistoire-ne-pardonnera-pas-le-silence-des-lac\/\" \/>\n<meta property=\"og:locale\" content=\"fr_FR\" \/>\n<meta property=\"og:type\" content=\"article\" \/>\n<meta property=\"og:title\" content=\"T\u00e9moignages de Gazaouis : La survie qui s\u2019organise au jour le jour dans l\u2019enfer de Gaza \u2013 partie 513 \/ 6.9 (1) \u2013 l\u2019histoire ne pardonnera pas le silence des l\u00e2ches. - International Solidarity Movement - ISM-France\" \/>\n<meta property=\"og:description\" content=\"Brigitte Challande, 8 septembre 2025.- Impertubablement, les \u00e9quipes de l\u2019UJFP persistent dans leur actions de solidarit\u00e9 hebdomadaires, vitales et essentielles. Compte rendu du 6 septembre dans le contexte g\u00e9n\u00e9ral d\u2019une Lire la suite &rarr;\" \/>\n<meta property=\"og:url\" content=\"https:\/\/ismfrance.org\/index.php\/2025\/09\/08\/temoignages-de-gazaouis-la-survie-qui-sorganise-au-jour-le-jour-dans-lenfer-de-gaza-partie-513-6-9-1-lhistoire-ne-pardonnera-pas-le-silence-des-lac\/\" \/>\n<meta property=\"og:site_name\" content=\"International Solidarity Movement - ISM-France\" \/>\n<meta property=\"article:published_time\" content=\"2025-09-08T08:03:07+00:00\" \/>\n<meta property=\"article:modified_time\" content=\"2025-09-08T08:06:07+00:00\" \/>\n<meta property=\"og:image\" content=\"https:\/\/ismfrance.org\/wp-content\/uploads\/2025\/09\/classe1.jpg\" \/>\n\t<meta property=\"og:image:width\" content=\"1280\" \/>\n\t<meta property=\"og:image:height\" content=\"720\" \/>\n\t<meta property=\"og:image:type\" content=\"image\/jpeg\" \/>\n<meta name=\"author\" content=\"mru_01\" \/>\n<meta name=\"twitter:card\" content=\"summary_large_image\" \/>\n<meta name=\"twitter:creator\" content=\"@ISMFRANCE\" \/>\n<meta name=\"twitter:site\" content=\"@ISMFRANCE\" \/>\n<meta name=\"twitter:label1\" content=\"\u00c9crit par\" \/>\n\t<meta name=\"twitter:data1\" content=\"mru_01\" \/>\n\t<meta name=\"twitter:label2\" content=\"Dur\u00e9e de lecture estim\u00e9e\" \/>\n\t<meta name=\"twitter:data2\" content=\"16 minutes\" \/>\n<script type=\"application\/ld+json\" class=\"yoast-schema-graph\">{\"@context\":\"https:\/\/schema.org\",\"@graph\":[{\"@type\":\"Article\",\"@id\":\"https:\/\/ismfrance.org\/index.php\/2025\/09\/08\/temoignages-de-gazaouis-la-survie-qui-sorganise-au-jour-le-jour-dans-lenfer-de-gaza-partie-513-6-9-1-lhistoire-ne-pardonnera-pas-le-silence-des-lac\/#article\",\"isPartOf\":{\"@id\":\"https:\/\/ismfrance.org\/index.php\/2025\/09\/08\/temoignages-de-gazaouis-la-survie-qui-sorganise-au-jour-le-jour-dans-lenfer-de-gaza-partie-513-6-9-1-lhistoire-ne-pardonnera-pas-le-silence-des-lac\/\"},\"author\":{\"name\":\"mru_01\",\"@id\":\"https:\/\/ismfrance.org\/#\/schema\/person\/3c411eb72adfaae19c0dca1f41fae01d\"},\"headline\":\"T\u00e9moignages de Gazaouis : La survie qui s\u2019organise au jour le jour dans l\u2019enfer de Gaza \u2013 partie 513 \/ 6.9 (1) \u2013 l\u2019histoire ne pardonnera pas le silence des l\u00e2ches.\",\"datePublished\":\"2025-09-08T08:03:07+00:00\",\"dateModified\":\"2025-09-08T08:06:07+00:00\",\"mainEntityOfPage\":{\"@id\":\"https:\/\/ismfrance.org\/index.php\/2025\/09\/08\/temoignages-de-gazaouis-la-survie-qui-sorganise-au-jour-le-jour-dans-lenfer-de-gaza-partie-513-6-9-1-lhistoire-ne-pardonnera-pas-le-silence-des-lac\/\"},\"wordCount\":2698,\"publisher\":{\"@id\":\"https:\/\/ismfrance.org\/#organization\"},\"image\":{\"@id\":\"https:\/\/ismfrance.org\/index.php\/2025\/09\/08\/temoignages-de-gazaouis-la-survie-qui-sorganise-au-jour-le-jour-dans-lenfer-de-gaza-partie-513-6-9-1-lhistoire-ne-pardonnera-pas-le-silence-des-lac\/#primaryimage\"},\"thumbnailUrl\":\"https:\/\/ismfrance.org\/wp-content\/uploads\/2025\/09\/classe1.jpg\",\"keywords\":[\"G\u00e9nocide\",\"solidarit\u00e9\"],\"articleSection\":[\"Articles\",\"T\u00e9moignages\"],\"inLanguage\":\"fr-FR\"},{\"@type\":\"WebPage\",\"@id\":\"https:\/\/ismfrance.org\/index.php\/2025\/09\/08\/temoignages-de-gazaouis-la-survie-qui-sorganise-au-jour-le-jour-dans-lenfer-de-gaza-partie-513-6-9-1-lhistoire-ne-pardonnera-pas-le-silence-des-lac\/\",\"url\":\"https:\/\/ismfrance.org\/index.php\/2025\/09\/08\/temoignages-de-gazaouis-la-survie-qui-sorganise-au-jour-le-jour-dans-lenfer-de-gaza-partie-513-6-9-1-lhistoire-ne-pardonnera-pas-le-silence-des-lac\/\",\"name\":\"T\u00e9moignages de Gazaouis : La survie qui s\u2019organise au jour le jour dans l\u2019enfer de Gaza \u2013 partie 513 \/ 6.9 (1) \u2013 l\u2019histoire ne pardonnera pas le silence des l\u00e2ches. - International Solidarity Movement - ISM-France\",\"isPartOf\":{\"@id\":\"https:\/\/ismfrance.org\/#website\"},\"primaryImageOfPage\":{\"@id\":\"https:\/\/ismfrance.org\/index.php\/2025\/09\/08\/temoignages-de-gazaouis-la-survie-qui-sorganise-au-jour-le-jour-dans-lenfer-de-gaza-partie-513-6-9-1-lhistoire-ne-pardonnera-pas-le-silence-des-lac\/#primaryimage\"},\"image\":{\"@id\":\"https:\/\/ismfrance.org\/index.php\/2025\/09\/08\/temoignages-de-gazaouis-la-survie-qui-sorganise-au-jour-le-jour-dans-lenfer-de-gaza-partie-513-6-9-1-lhistoire-ne-pardonnera-pas-le-silence-des-lac\/#primaryimage\"},\"thumbnailUrl\":\"https:\/\/ismfrance.org\/wp-content\/uploads\/2025\/09\/classe1.jpg\",\"datePublished\":\"2025-09-08T08:03:07+00:00\",\"dateModified\":\"2025-09-08T08:06:07+00:00\",\"breadcrumb\":{\"@id\":\"https:\/\/ismfrance.org\/index.php\/2025\/09\/08\/temoignages-de-gazaouis-la-survie-qui-sorganise-au-jour-le-jour-dans-lenfer-de-gaza-partie-513-6-9-1-lhistoire-ne-pardonnera-pas-le-silence-des-lac\/#breadcrumb\"},\"inLanguage\":\"fr-FR\",\"potentialAction\":[{\"@type\":\"ReadAction\",\"target\":[\"https:\/\/ismfrance.org\/index.php\/2025\/09\/08\/temoignages-de-gazaouis-la-survie-qui-sorganise-au-jour-le-jour-dans-lenfer-de-gaza-partie-513-6-9-1-lhistoire-ne-pardonnera-pas-le-silence-des-lac\/\"]}]},{\"@type\":\"ImageObject\",\"inLanguage\":\"fr-FR\",\"@id\":\"https:\/\/ismfrance.org\/index.php\/2025\/09\/08\/temoignages-de-gazaouis-la-survie-qui-sorganise-au-jour-le-jour-dans-lenfer-de-gaza-partie-513-6-9-1-lhistoire-ne-pardonnera-pas-le-silence-des-lac\/#primaryimage\",\"url\":\"https:\/\/ismfrance.org\/wp-content\/uploads\/2025\/09\/classe1.jpg\",\"contentUrl\":\"https:\/\/ismfrance.org\/wp-content\/uploads\/2025\/09\/classe1.jpg\",\"width\":1280,\"height\":720},{\"@type\":\"BreadcrumbList\",\"@id\":\"https:\/\/ismfrance.org\/index.php\/2025\/09\/08\/temoignages-de-gazaouis-la-survie-qui-sorganise-au-jour-le-jour-dans-lenfer-de-gaza-partie-513-6-9-1-lhistoire-ne-pardonnera-pas-le-silence-des-lac\/#breadcrumb\",\"itemListElement\":[{\"@type\":\"ListItem\",\"position\":1,\"name\":\"Accueil\",\"item\":\"https:\/\/ismfrance.org\/\"},{\"@type\":\"ListItem\",\"position\":2,\"name\":\"T\u00e9moignages de Gazaouis : La survie qui s\u2019organise au jour le jour dans l\u2019enfer de Gaza \u2013 partie 513 \/ 6.9 (1) \u2013 l\u2019histoire ne pardonnera pas le silence des l\u00e2ches.\"}]},{\"@type\":\"WebSite\",\"@id\":\"https:\/\/ismfrance.org\/#website\",\"url\":\"https:\/\/ismfrance.org\/\",\"name\":\"ISM Palestine France\",\"description\":\"Soutien aux luttes de lib\u00e9ration du peuple palestinien\",\"publisher\":{\"@id\":\"https:\/\/ismfrance.org\/#organization\"},\"potentialAction\":[{\"@type\":\"SearchAction\",\"target\":{\"@type\":\"EntryPoint\",\"urlTemplate\":\"https:\/\/ismfrance.org\/?s={search_term_string}\"},\"query-input\":{\"@type\":\"PropertyValueSpecification\",\"valueRequired\":true,\"valueName\":\"search_term_string\"}}],\"inLanguage\":\"fr-FR\"},{\"@type\":\"Organization\",\"@id\":\"https:\/\/ismfrance.org\/#organization\",\"name\":\"International Solidarity Movement\",\"url\":\"https:\/\/ismfrance.org\/\",\"logo\":{\"@type\":\"ImageObject\",\"inLanguage\":\"fr-FR\",\"@id\":\"https:\/\/ismfrance.org\/#\/schema\/logo\/image\/\",\"url\":\"https:\/\/ismfrance.org\/wp-content\/uploads\/2020\/12\/00.png\",\"contentUrl\":\"https:\/\/ismfrance.org\/wp-content\/uploads\/2020\/12\/00.png\",\"width\":400,\"height\":400,\"caption\":\"International Solidarity Movement\"},\"image\":{\"@id\":\"https:\/\/ismfrance.org\/#\/schema\/logo\/image\/\"},\"sameAs\":[\"https:\/\/x.com\/ISMFRANCE\"]},{\"@type\":\"Person\",\"@id\":\"https:\/\/ismfrance.org\/#\/schema\/person\/3c411eb72adfaae19c0dca1f41fae01d\",\"name\":\"mru_01\",\"image\":{\"@type\":\"ImageObject\",\"inLanguage\":\"fr-FR\",\"@id\":\"https:\/\/secure.gravatar.com\/avatar\/3a0be343b445d2ccc79e87444a294fad2b232e90d2051d0e3cc219e1ecd6a330?s=96&d=mm&r=g\",\"url\":\"https:\/\/secure.gravatar.com\/avatar\/3a0be343b445d2ccc79e87444a294fad2b232e90d2051d0e3cc219e1ecd6a330?s=96&d=mm&r=g\",\"contentUrl\":\"https:\/\/secure.gravatar.com\/avatar\/3a0be343b445d2ccc79e87444a294fad2b232e90d2051d0e3cc219e1ecd6a330?s=96&d=mm&r=g\",\"caption\":\"mru_01\"},\"url\":\"https:\/\/ismfrance.org\/index.php\/author\/admin02\/\"}]}<\/script>\n<!-- \/ Yoast SEO plugin. -->","yoast_head_json":{"title":"T\u00e9moignages de Gazaouis : La survie qui s\u2019organise au jour le jour dans l\u2019enfer de Gaza \u2013 partie 513 \/ 6.9 (1) \u2013 l\u2019histoire ne pardonnera pas le silence des l\u00e2ches. - International Solidarity Movement - ISM-France","robots":{"index":"index","follow":"follow","max-snippet":"max-snippet:-1","max-image-preview":"max-image-preview:large","max-video-preview":"max-video-preview:-1"},"canonical":"https:\/\/ismfrance.org\/index.php\/2025\/09\/08\/temoignages-de-gazaouis-la-survie-qui-sorganise-au-jour-le-jour-dans-lenfer-de-gaza-partie-513-6-9-1-lhistoire-ne-pardonnera-pas-le-silence-des-lac\/","og_locale":"fr_FR","og_type":"article","og_title":"T\u00e9moignages de Gazaouis : La survie qui s\u2019organise au jour le jour dans l\u2019enfer de Gaza \u2013 partie 513 \/ 6.9 (1) \u2013 l\u2019histoire ne pardonnera pas le silence des l\u00e2ches. - International Solidarity Movement - ISM-France","og_description":"Brigitte Challande, 8 septembre 2025.- Impertubablement, les \u00e9quipes de l\u2019UJFP persistent dans leur actions de solidarit\u00e9 hebdomadaires, vitales et essentielles. Compte rendu du 6 septembre dans le contexte g\u00e9n\u00e9ral d\u2019une Lire la suite &rarr;","og_url":"https:\/\/ismfrance.org\/index.php\/2025\/09\/08\/temoignages-de-gazaouis-la-survie-qui-sorganise-au-jour-le-jour-dans-lenfer-de-gaza-partie-513-6-9-1-lhistoire-ne-pardonnera-pas-le-silence-des-lac\/","og_site_name":"International Solidarity Movement - ISM-France","article_published_time":"2025-09-08T08:03:07+00:00","article_modified_time":"2025-09-08T08:06:07+00:00","og_image":[{"width":1280,"height":720,"url":"https:\/\/ismfrance.org\/wp-content\/uploads\/2025\/09\/classe1.jpg","type":"image\/jpeg"}],"author":"mru_01","twitter_card":"summary_large_image","twitter_creator":"@ISMFRANCE","twitter_site":"@ISMFRANCE","twitter_misc":{"\u00c9crit par":"mru_01","Dur\u00e9e de lecture estim\u00e9e":"16 minutes"},"schema":{"@context":"https:\/\/schema.org","@graph":[{"@type":"Article","@id":"https:\/\/ismfrance.org\/index.php\/2025\/09\/08\/temoignages-de-gazaouis-la-survie-qui-sorganise-au-jour-le-jour-dans-lenfer-de-gaza-partie-513-6-9-1-lhistoire-ne-pardonnera-pas-le-silence-des-lac\/#article","isPartOf":{"@id":"https:\/\/ismfrance.org\/index.php\/2025\/09\/08\/temoignages-de-gazaouis-la-survie-qui-sorganise-au-jour-le-jour-dans-lenfer-de-gaza-partie-513-6-9-1-lhistoire-ne-pardonnera-pas-le-silence-des-lac\/"},"author":{"name":"mru_01","@id":"https:\/\/ismfrance.org\/#\/schema\/person\/3c411eb72adfaae19c0dca1f41fae01d"},"headline":"T\u00e9moignages de Gazaouis : La survie qui s\u2019organise au jour le jour dans l\u2019enfer de Gaza \u2013 partie 513 \/ 6.9 (1) \u2013 l\u2019histoire ne pardonnera pas le silence des l\u00e2ches.","datePublished":"2025-09-08T08:03:07+00:00","dateModified":"2025-09-08T08:06:07+00:00","mainEntityOfPage":{"@id":"https:\/\/ismfrance.org\/index.php\/2025\/09\/08\/temoignages-de-gazaouis-la-survie-qui-sorganise-au-jour-le-jour-dans-lenfer-de-gaza-partie-513-6-9-1-lhistoire-ne-pardonnera-pas-le-silence-des-lac\/"},"wordCount":2698,"publisher":{"@id":"https:\/\/ismfrance.org\/#organization"},"image":{"@id":"https:\/\/ismfrance.org\/index.php\/2025\/09\/08\/temoignages-de-gazaouis-la-survie-qui-sorganise-au-jour-le-jour-dans-lenfer-de-gaza-partie-513-6-9-1-lhistoire-ne-pardonnera-pas-le-silence-des-lac\/#primaryimage"},"thumbnailUrl":"https:\/\/ismfrance.org\/wp-content\/uploads\/2025\/09\/classe1.jpg","keywords":["G\u00e9nocide","solidarit\u00e9"],"articleSection":["Articles","T\u00e9moignages"],"inLanguage":"fr-FR"},{"@type":"WebPage","@id":"https:\/\/ismfrance.org\/index.php\/2025\/09\/08\/temoignages-de-gazaouis-la-survie-qui-sorganise-au-jour-le-jour-dans-lenfer-de-gaza-partie-513-6-9-1-lhistoire-ne-pardonnera-pas-le-silence-des-lac\/","url":"https:\/\/ismfrance.org\/index.php\/2025\/09\/08\/temoignages-de-gazaouis-la-survie-qui-sorganise-au-jour-le-jour-dans-lenfer-de-gaza-partie-513-6-9-1-lhistoire-ne-pardonnera-pas-le-silence-des-lac\/","name":"T\u00e9moignages de Gazaouis : La survie qui s\u2019organise au jour le jour dans l\u2019enfer de Gaza \u2013 partie 513 \/ 6.9 (1) \u2013 l\u2019histoire ne pardonnera pas le silence des l\u00e2ches. - International Solidarity Movement - ISM-France","isPartOf":{"@id":"https:\/\/ismfrance.org\/#website"},"primaryImageOfPage":{"@id":"https:\/\/ismfrance.org\/index.php\/2025\/09\/08\/temoignages-de-gazaouis-la-survie-qui-sorganise-au-jour-le-jour-dans-lenfer-de-gaza-partie-513-6-9-1-lhistoire-ne-pardonnera-pas-le-silence-des-lac\/#primaryimage"},"image":{"@id":"https:\/\/ismfrance.org\/index.php\/2025\/09\/08\/temoignages-de-gazaouis-la-survie-qui-sorganise-au-jour-le-jour-dans-lenfer-de-gaza-partie-513-6-9-1-lhistoire-ne-pardonnera-pas-le-silence-des-lac\/#primaryimage"},"thumbnailUrl":"https:\/\/ismfrance.org\/wp-content\/uploads\/2025\/09\/classe1.jpg","datePublished":"2025-09-08T08:03:07+00:00","dateModified":"2025-09-08T08:06:07+00:00","breadcrumb":{"@id":"https:\/\/ismfrance.org\/index.php\/2025\/09\/08\/temoignages-de-gazaouis-la-survie-qui-sorganise-au-jour-le-jour-dans-lenfer-de-gaza-partie-513-6-9-1-lhistoire-ne-pardonnera-pas-le-silence-des-lac\/#breadcrumb"},"inLanguage":"fr-FR","potentialAction":[{"@type":"ReadAction","target":["https:\/\/ismfrance.org\/index.php\/2025\/09\/08\/temoignages-de-gazaouis-la-survie-qui-sorganise-au-jour-le-jour-dans-lenfer-de-gaza-partie-513-6-9-1-lhistoire-ne-pardonnera-pas-le-silence-des-lac\/"]}]},{"@type":"ImageObject","inLanguage":"fr-FR","@id":"https:\/\/ismfrance.org\/index.php\/2025\/09\/08\/temoignages-de-gazaouis-la-survie-qui-sorganise-au-jour-le-jour-dans-lenfer-de-gaza-partie-513-6-9-1-lhistoire-ne-pardonnera-pas-le-silence-des-lac\/#primaryimage","url":"https:\/\/ismfrance.org\/wp-content\/uploads\/2025\/09\/classe1.jpg","contentUrl":"https:\/\/ismfrance.org\/wp-content\/uploads\/2025\/09\/classe1.jpg","width":1280,"height":720},{"@type":"BreadcrumbList","@id":"https:\/\/ismfrance.org\/index.php\/2025\/09\/08\/temoignages-de-gazaouis-la-survie-qui-sorganise-au-jour-le-jour-dans-lenfer-de-gaza-partie-513-6-9-1-lhistoire-ne-pardonnera-pas-le-silence-des-lac\/#breadcrumb","itemListElement":[{"@type":"ListItem","position":1,"name":"Accueil","item":"https:\/\/ismfrance.org\/"},{"@type":"ListItem","position":2,"name":"T\u00e9moignages de Gazaouis : La survie qui s\u2019organise au jour le jour dans l\u2019enfer de Gaza \u2013 partie 513 \/ 6.9 (1) \u2013 l\u2019histoire ne pardonnera pas le silence des l\u00e2ches."}]},{"@type":"WebSite","@id":"https:\/\/ismfrance.org\/#website","url":"https:\/\/ismfrance.org\/","name":"ISM Palestine France","description":"Soutien aux luttes de lib\u00e9ration du peuple palestinien","publisher":{"@id":"https:\/\/ismfrance.org\/#organization"},"potentialAction":[{"@type":"SearchAction","target":{"@type":"EntryPoint","urlTemplate":"https:\/\/ismfrance.org\/?s={search_term_string}"},"query-input":{"@type":"PropertyValueSpecification","valueRequired":true,"valueName":"search_term_string"}}],"inLanguage":"fr-FR"},{"@type":"Organization","@id":"https:\/\/ismfrance.org\/#organization","name":"International Solidarity Movement","url":"https:\/\/ismfrance.org\/","logo":{"@type":"ImageObject","inLanguage":"fr-FR","@id":"https:\/\/ismfrance.org\/#\/schema\/logo\/image\/","url":"https:\/\/ismfrance.org\/wp-content\/uploads\/2020\/12\/00.png","contentUrl":"https:\/\/ismfrance.org\/wp-content\/uploads\/2020\/12\/00.png","width":400,"height":400,"caption":"International Solidarity Movement"},"image":{"@id":"https:\/\/ismfrance.org\/#\/schema\/logo\/image\/"},"sameAs":["https:\/\/x.com\/ISMFRANCE"]},{"@type":"Person","@id":"https:\/\/ismfrance.org\/#\/schema\/person\/3c411eb72adfaae19c0dca1f41fae01d","name":"mru_01","image":{"@type":"ImageObject","inLanguage":"fr-FR","@id":"https:\/\/secure.gravatar.com\/avatar\/3a0be343b445d2ccc79e87444a294fad2b232e90d2051d0e3cc219e1ecd6a330?s=96&d=mm&r=g","url":"https:\/\/secure.gravatar.com\/avatar\/3a0be343b445d2ccc79e87444a294fad2b232e90d2051d0e3cc219e1ecd6a330?s=96&d=mm&r=g","contentUrl":"https:\/\/secure.gravatar.com\/avatar\/3a0be343b445d2ccc79e87444a294fad2b232e90d2051d0e3cc219e1ecd6a330?s=96&d=mm&r=g","caption":"mru_01"},"url":"https:\/\/ismfrance.org\/index.php\/author\/admin02\/"}]}},"_links":{"self":[{"href":"https:\/\/ismfrance.org\/index.php\/wp-json\/wp\/v2\/posts\/23391","targetHints":{"allow":["GET"]}}],"collection":[{"href":"https:\/\/ismfrance.org\/index.php\/wp-json\/wp\/v2\/posts"}],"about":[{"href":"https:\/\/ismfrance.org\/index.php\/wp-json\/wp\/v2\/types\/post"}],"author":[{"embeddable":true,"href":"https:\/\/ismfrance.org\/index.php\/wp-json\/wp\/v2\/users\/3"}],"replies":[{"embeddable":true,"href":"https:\/\/ismfrance.org\/index.php\/wp-json\/wp\/v2\/comments?post=23391"}],"version-history":[{"count":0,"href":"https:\/\/ismfrance.org\/index.php\/wp-json\/wp\/v2\/posts\/23391\/revisions"}],"wp:featuredmedia":[{"embeddable":true,"href":"https:\/\/ismfrance.org\/index.php\/wp-json\/wp\/v2\/media\/23399"}],"wp:attachment":[{"href":"https:\/\/ismfrance.org\/index.php\/wp-json\/wp\/v2\/media?parent=23391"}],"wp:term":[{"taxonomy":"category","embeddable":true,"href":"https:\/\/ismfrance.org\/index.php\/wp-json\/wp\/v2\/categories?post=23391"},{"taxonomy":"post_tag","embeddable":true,"href":"https:\/\/ismfrance.org\/index.php\/wp-json\/wp\/v2\/tags?post=23391"}],"curies":[{"name":"wp","href":"https:\/\/api.w.org\/{rel}","templated":true}]}}