{"id":23385,"date":"2025-09-07T19:25:07","date_gmt":"2025-09-07T17:25:07","guid":{"rendered":"https:\/\/ismfrance.org\/?p=23385"},"modified":"2025-09-07T19:28:14","modified_gmt":"2025-09-07T17:28:14","slug":"la-lutte-de-mandela-na-jamais-ete-parfaitement-unie-pourquoi-lexiger-des-palestiniens","status":"publish","type":"post","link":"https:\/\/ismfrance.org\/index.php\/2025\/09\/07\/la-lutte-de-mandela-na-jamais-ete-parfaitement-unie-pourquoi-lexiger-des-palestiniens\/","title":{"rendered":"La lutte de Mandela n&rsquo;a jamais \u00e9t\u00e9 parfaitement unie. Pourquoi l&rsquo;exiger des Palestiniens\u00a0?"},"content":{"rendered":"<p><span style=\"color: #000000;\"><span style=\"font-family: Arial, sans-serif;\"><span style=\"font-size: medium;\"><strong>Adnan Hmidan, 7 septembre 2025.<\/strong>&#8211; <\/span><\/span><\/span><span style=\"color: #000000;\"><span style=\"font-family: Arial, sans-serif;\"><span style=\"font-size: medium;\">Nelson Mandela est souvent consid\u00e9r\u00e9 comme l&rsquo;homme qui a men\u00e9 une lutte parfaitement unie\u00a0: un leader, un mouvement, un peuple. Ce discours bien ficel\u00e9 est fr\u00e9quemment adress\u00e9 aux Palestiniens\u00a0: \u00ab\u00a0<\/span><\/span><\/span><span style=\"color: #000000;\"><span style=\"font-family: Arial, sans-serif;\"><span style=\"font-size: medium;\"><i>Si seulement vous \u00e9tiez unis comme Mandela, vous r\u00e9ussiriez vous aussi<\/i><\/span><\/span><\/span><span style=\"color: #000000;\"><span style=\"font-family: Arial, sans-serif;\"><span style=\"font-size: medium;\">.\u00bb<\/span><\/span><\/span><\/p>\n<p><a href=\"https:\/\/ismfrance.org\/wp-content\/uploads\/2025\/09\/GzhIDIyWAAAvPQe.jpeg\"><img loading=\"lazy\" decoding=\"async\" class=\"alignnone size-large wp-image-23386\" src=\"https:\/\/ismfrance.org\/wp-content\/uploads\/2025\/09\/GzhIDIyWAAAvPQe-700x395.jpeg\" alt=\"\" width=\"600\" height=\"339\" srcset=\"https:\/\/ismfrance.org\/wp-content\/uploads\/2025\/09\/GzhIDIyWAAAvPQe-700x395.jpeg 700w, https:\/\/ismfrance.org\/wp-content\/uploads\/2025\/09\/GzhIDIyWAAAvPQe-300x169.jpeg 300w, https:\/\/ismfrance.org\/wp-content\/uploads\/2025\/09\/GzhIDIyWAAAvPQe-768x434.jpeg 768w, https:\/\/ismfrance.org\/wp-content\/uploads\/2025\/09\/GzhIDIyWAAAvPQe.jpeg 885w\" sizes=\"auto, (max-width: 600px) 100vw, 600px\" \/><\/a><\/p>\n<p><span style=\"color: #000000;\"><span style=\"font-family: Arial, sans-serif;\"><span style=\"font-size: medium;\">Mais l&rsquo;histoire est autre. Le chemin de l&rsquo;Afrique du Sud vers la libert\u00e9 fut chaotique, divis\u00e9 et sem\u00e9 d&#8217;emb\u00fbches. Exiger des Palestiniens une unit\u00e9 mythique qui n&rsquo;a jamais v\u00e9ritablement exist\u00e9 ailleurs est \u00e0 la fois irr\u00e9aliste et injuste.<\/span><\/span><\/span><\/p>\n<p><strong><span style=\"color: #000000;\"><span style=\"font-family: Arial, sans-serif;\"><span style=\"font-size: large;\">La r\u00e9alit\u00e9 fractur\u00e9e de l&rsquo;Afrique du Sud<\/span><\/span><\/span><\/strong><\/p>\n<p><span style=\"color: #000000;\"><span style=\"font-family: Arial, sans-serif;\"><span style=\"font-size: medium;\">Mandela et le Congr\u00e8s national africain (ANC) n&rsquo;ont jamais \u00e9t\u00e9 les seuls \u00e0 s&rsquo;opposer \u00e0 l&rsquo;apartheid. Le r\u00e9gime a d\u00e9lib\u00e9r\u00e9ment cr\u00e9\u00e9 des divisions en \u00e9tablissant des \u00ab\u00a0bantoustans\u00a0\u00bb, des territoires fragment\u00e9s dirig\u00e9s par des chefs dot\u00e9s d&rsquo;une autorit\u00e9 creuse. Nombre de ces dirigeants ont collabor\u00e9, b\u00e9n\u00e9ficiant de privil\u00e8ges qui ont contribu\u00e9 \u00e0 prolonger le r\u00e9gime de l&rsquo;apartheid.<\/span><\/span><\/span><\/p>\n<p><span style=\"color: #000000;\"><span style=\"font-family: Arial, sans-serif;\"><span style=\"font-size: medium;\">Il y avait aussi des initi\u00e9s\u00a0: des ministres, des fonctionnaires et des policiers noirs qui ont servi le syst\u00e8me, le l\u00e9gitimant sans contribuer \u00e0 la lib\u00e9ration.<\/span><\/span><\/span><\/p>\n<p><span style=\"color: #000000;\"><span style=\"font-family: Arial, sans-serif;\"><span style=\"font-size: medium;\">Pendant ce temps, l&rsquo;Inkatha Freedom Party, dirig\u00e9 par le chef zoulou Mangosuthu Buthelezi, livra des batailles sanglantes \u00e0 l&rsquo;ANC dans les ann\u00e9es 1980 et 1990. Des milliers de personnes p\u00e9rirent dans ce conflit fratricide. Buthelezi rejeta les accusations de collaboration, mais beaucoup voyaient en son mouvement un alli\u00e9, voire un instrument, de l&rsquo;apartheid.<\/span><\/span><\/span><\/p>\n<p><span style=\"color: #000000;\"><span style=\"font-family: Arial, sans-serif;\"><span style=\"font-size: medium;\">M\u00eame au sein du mouvement de la Conscience noire, les divisions se creus\u00e8rent apr\u00e8s la mort de Steve Biko. Certains militants accus\u00e8rent Mandela et l&rsquo;ANC de trop c\u00e9der, avertissant qu&rsquo;un compromis ne pourrait jamais apporter une v\u00e9ritable libert\u00e9. Loin d&rsquo;\u00eatre une histoire d&rsquo;unit\u00e9, la lib\u00e9ration de l&rsquo;Afrique du Sud fut marqu\u00e9e par des rivalit\u00e9s, des suspicions et des visions contradictoires.<\/span><\/span><\/span><\/p>\n<p><strong><span style=\"color: #000000;\"><span style=\"font-family: Arial, sans-serif;\"><span style=\"font-size: large;\">Un sch\u00e9ma familier des luttes de lib\u00e9ration<\/span><\/span><\/span><\/strong><\/p>\n<p><span style=\"color: #000000;\"><span style=\"font-family: Arial, sans-serif;\"><span style=\"font-size: medium;\">L&rsquo;Afrique du Sud ne fut pas un cas unique. En Irlande, certaines personnalit\u00e9s locales se rang\u00e8rent du c\u00f4t\u00e9 des autorit\u00e9s britanniques contre les r\u00e9publicains. En Libye, certains religieux d\u00e9nonc\u00e8rent Omar al-Mukhtar et appel\u00e8rent \u00e0 l&rsquo;ob\u00e9issance aux occupants italiens. L&rsquo;histoire retient rarement leurs noms. Elle se souvient de ceux qui ont r\u00e9sist\u00e9.<\/span><\/span><\/span><\/p>\n<p><span style=\"color: #000000;\"><span style=\"font-family: Arial, sans-serif;\"><span style=\"font-size: medium;\">Aucune lutte anticoloniale n&rsquo;a jamais \u00e9t\u00e9 sans heurts. Certains ont combattu, d&rsquo;autres ont vacill\u00e9, d&rsquo;autres encore ont collabor\u00e9. Insister sur le fait que les Palestiniens doivent d&rsquo;abord parvenir \u00e0 une \u00ab unit\u00e9 parfaite \u00bb avant que leur lutte soit reconnue \u00e9tablit une norme qu&rsquo;aucun mouvement de lib\u00e9ration dans l&rsquo;histoire n&rsquo;a jamais atteinte.<\/span><\/span><\/span><\/p>\n<p><strong><span style=\"color: #000000;\"><span style=\"font-family: Arial, sans-serif;\"><span style=\"font-size: large;\">Pourquoi le mythe survit-il\u00a0?<\/span><\/span><\/span><\/strong><\/p>\n<p><span style=\"color: #000000;\"><span style=\"font-family: Arial, sans-serif;\"><span style=\"font-size: medium;\">Pourquoi, alors, l&rsquo;image d&rsquo;\u00ab\u00a0un Mandela, un peuple, une victoire\u00a0\u00bb persiste-t-elle\u00a0? Parce que les belles histoires sont plus faciles \u00e0 raconter. Elles font de bons documentaires, de bons manuels scolaires et des pancartes de protestation. Elles correspondent au sc\u00e9nario hollywoodien du bien contre le mal. Mais les luttes de lib\u00e9ration ne sont jamais aussi simples.<\/span><\/span><\/span><\/p>\n<p><strong><span style=\"color: #000000;\"><span style=\"font-family: Arial, sans-serif;\"><span style=\"font-size: large;\">La r\u00e9alit\u00e9 palestinienne<\/span><\/span><\/span><\/strong><\/p>\n<p><span style=\"color: #000000;\"><span style=\"font-family: Arial, sans-serif;\"><span style=\"font-size: medium;\">La politique palestinienne est fragment\u00e9e, comme l&rsquo;\u00e9tait autrefois celle de l&rsquo;Afrique du Sud. Il y a des collaborateurs, des rivaux et d&rsquo;\u00e2pres conflits. Pourtant, rien de tout cela ne change le fait essentiel\u00a0: depuis plus de sept d\u00e9cennies, un peuple tout entier vit sous occupation militaire et d\u00e9possession.<\/span><\/span><\/span><\/p>\n<p><span style=\"color: #000000;\"><span style=\"font-family: Arial, sans-serif;\"><span style=\"font-size: medium;\">L&rsquo;histoire sugg\u00e8re que lorsque l&rsquo;histoire de la Palestine sera racont\u00e9e, elle ne se concentrera pas sur ceux qui ont coop\u00e9r\u00e9 \u00e0 l&rsquo;oppression ou qui ont exhort\u00e9 \u00e0 la reddition. Tout comme le nom de Mandela perdure tandis que les chefs des bantoustans sont oubli\u00e9s, et tout comme Omar al-Mukhtar est comm\u00e9mor\u00e9 tandis que ses d\u00e9tracteurs sont effac\u00e9s, de m\u00eame le souvenir de la t\u00e9nacit\u00e9 survivra au bruit de la division.<\/span><\/span><\/span><\/p>\n<p><span style=\"color: #000000;\"><span style=\"font-family: Arial, sans-serif;\"><span style=\"font-size: medium;\">M\u00eame au milieu de la d\u00e9vastation de Gaza, marqu\u00e9e par les massacres, la famine et le si\u00e8ge, ce qui perdure n&rsquo;est pas la d\u00e9sunion, mais la r\u00e9silience. L&rsquo;exigence d&rsquo;une unit\u00e9 mythique d\u00e9tourne l&rsquo;attention d&rsquo;une v\u00e9rit\u00e9 plus urgente\u00a0: un peuple sous occupation continue de r\u00e9sister, malgr\u00e9 tout.<\/span><\/span><\/span><\/p>\n<p><span style=\"color: #000000;\"><span style=\"font-family: Arial, sans-serif;\"><span style=\"font-size: medium;\"><span style=\"font-size: small;\">Article original en anglais sur <a href=\"https:\/\/www.middleeastmonitor.com\/20250907-mandelas-struggle-was-never-perfectly-united-why-demand-it-of-palestinians\/\">Middle East Monitor<\/a> \/ Traduction MR<\/span><\/span><\/span><\/span><\/p>\n","protected":false},"excerpt":{"rendered":"<p>Adnan Hmidan, 7 septembre 2025.&#8211; Nelson Mandela est souvent consid\u00e9r\u00e9 comme l&rsquo;homme qui a men\u00e9 une lutte parfaitement unie\u00a0: un leader, un mouvement, un peuple. Ce discours bien ficel\u00e9 est <a class=\"more-link\" href=\"https:\/\/ismfrance.org\/index.php\/2025\/09\/07\/la-lutte-de-mandela-na-jamais-ete-parfaitement-unie-pourquoi-lexiger-des-palestiniens\/\">Lire la suite &rarr;<\/a><\/p>\n","protected":false},"author":3,"featured_media":23386,"comment_status":"closed","ping_status":"closed","sticky":false,"template":"","format":"standard","meta":{"footnotes":""},"categories":[12,2],"tags":[412,3],"class_list":["post-23385","post","type-post","status-publish","format-standard","has-post-thumbnail","hentry","category-analyses","category-articles","tag-afrique-du-sud","tag-resistance"],"yoast_head":"<!-- This site is optimized with the Yoast SEO plugin v27.2 - https:\/\/yoast.com\/product\/yoast-seo-wordpress\/ -->\n<title>La lutte de Mandela n&#039;a jamais \u00e9t\u00e9 parfaitement unie. Pourquoi l&#039;exiger des Palestiniens\u00a0? - International Solidarity Movement - ISM-France<\/title>\n<meta name=\"robots\" content=\"index, follow, max-snippet:-1, max-image-preview:large, max-video-preview:-1\" \/>\n<link rel=\"canonical\" href=\"https:\/\/ismfrance.org\/index.php\/2025\/09\/07\/la-lutte-de-mandela-na-jamais-ete-parfaitement-unie-pourquoi-lexiger-des-palestiniens\/\" \/>\n<meta property=\"og:locale\" content=\"fr_FR\" \/>\n<meta property=\"og:type\" content=\"article\" \/>\n<meta property=\"og:title\" content=\"La lutte de Mandela n&#039;a jamais \u00e9t\u00e9 parfaitement unie. Pourquoi l&#039;exiger des Palestiniens\u00a0? - International Solidarity Movement - ISM-France\" \/>\n<meta property=\"og:description\" content=\"Adnan Hmidan, 7 septembre 2025.&#8211; Nelson Mandela est souvent consid\u00e9r\u00e9 comme l&rsquo;homme qui a men\u00e9 une lutte parfaitement unie\u00a0: un leader, un mouvement, un peuple. Ce discours bien ficel\u00e9 est Lire la suite &rarr;\" \/>\n<meta property=\"og:url\" content=\"https:\/\/ismfrance.org\/index.php\/2025\/09\/07\/la-lutte-de-mandela-na-jamais-ete-parfaitement-unie-pourquoi-lexiger-des-palestiniens\/\" \/>\n<meta property=\"og:site_name\" content=\"International Solidarity Movement - ISM-France\" \/>\n<meta property=\"article:published_time\" content=\"2025-09-07T17:25:07+00:00\" \/>\n<meta property=\"article:modified_time\" content=\"2025-09-07T17:28:14+00:00\" \/>\n<meta property=\"og:image\" content=\"https:\/\/ismfrance.org\/wp-content\/uploads\/2025\/09\/GzhIDIyWAAAvPQe.jpeg\" \/>\n\t<meta property=\"og:image:width\" content=\"885\" \/>\n\t<meta property=\"og:image:height\" content=\"500\" \/>\n\t<meta property=\"og:image:type\" content=\"image\/jpeg\" \/>\n<meta name=\"author\" content=\"mru_01\" \/>\n<meta name=\"twitter:card\" content=\"summary_large_image\" \/>\n<meta name=\"twitter:creator\" content=\"@ISMFRANCE\" \/>\n<meta name=\"twitter:site\" content=\"@ISMFRANCE\" \/>\n<meta name=\"twitter:label1\" content=\"\u00c9crit par\" \/>\n\t<meta name=\"twitter:data1\" content=\"mru_01\" \/>\n\t<meta name=\"twitter:label2\" content=\"Dur\u00e9e de lecture estim\u00e9e\" \/>\n\t<meta name=\"twitter:data2\" content=\"4 minutes\" \/>\n<script type=\"application\/ld+json\" class=\"yoast-schema-graph\">{\"@context\":\"https:\/\/schema.org\",\"@graph\":[{\"@type\":\"Article\",\"@id\":\"https:\/\/ismfrance.org\/index.php\/2025\/09\/07\/la-lutte-de-mandela-na-jamais-ete-parfaitement-unie-pourquoi-lexiger-des-palestiniens\/#article\",\"isPartOf\":{\"@id\":\"https:\/\/ismfrance.org\/index.php\/2025\/09\/07\/la-lutte-de-mandela-na-jamais-ete-parfaitement-unie-pourquoi-lexiger-des-palestiniens\/\"},\"author\":{\"name\":\"mru_01\",\"@id\":\"https:\/\/ismfrance.org\/#\/schema\/person\/3c411eb72adfaae19c0dca1f41fae01d\"},\"headline\":\"La lutte de Mandela n&rsquo;a jamais \u00e9t\u00e9 parfaitement unie. Pourquoi l&rsquo;exiger des Palestiniens\u00a0?\",\"datePublished\":\"2025-09-07T17:25:07+00:00\",\"dateModified\":\"2025-09-07T17:28:14+00:00\",\"mainEntityOfPage\":{\"@id\":\"https:\/\/ismfrance.org\/index.php\/2025\/09\/07\/la-lutte-de-mandela-na-jamais-ete-parfaitement-unie-pourquoi-lexiger-des-palestiniens\/\"},\"wordCount\":743,\"publisher\":{\"@id\":\"https:\/\/ismfrance.org\/#organization\"},\"image\":{\"@id\":\"https:\/\/ismfrance.org\/index.php\/2025\/09\/07\/la-lutte-de-mandela-na-jamais-ete-parfaitement-unie-pourquoi-lexiger-des-palestiniens\/#primaryimage\"},\"thumbnailUrl\":\"https:\/\/ismfrance.org\/wp-content\/uploads\/2025\/09\/GzhIDIyWAAAvPQe.jpeg\",\"keywords\":[\"Afrique du Sud\",\"R\u00e9sistance\"],\"articleSection\":[\"Analyses\",\"Articles\"],\"inLanguage\":\"fr-FR\"},{\"@type\":\"WebPage\",\"@id\":\"https:\/\/ismfrance.org\/index.php\/2025\/09\/07\/la-lutte-de-mandela-na-jamais-ete-parfaitement-unie-pourquoi-lexiger-des-palestiniens\/\",\"url\":\"https:\/\/ismfrance.org\/index.php\/2025\/09\/07\/la-lutte-de-mandela-na-jamais-ete-parfaitement-unie-pourquoi-lexiger-des-palestiniens\/\",\"name\":\"La lutte de Mandela n'a jamais \u00e9t\u00e9 parfaitement unie. Pourquoi l'exiger des Palestiniens\u00a0? - International Solidarity Movement - ISM-France\",\"isPartOf\":{\"@id\":\"https:\/\/ismfrance.org\/#website\"},\"primaryImageOfPage\":{\"@id\":\"https:\/\/ismfrance.org\/index.php\/2025\/09\/07\/la-lutte-de-mandela-na-jamais-ete-parfaitement-unie-pourquoi-lexiger-des-palestiniens\/#primaryimage\"},\"image\":{\"@id\":\"https:\/\/ismfrance.org\/index.php\/2025\/09\/07\/la-lutte-de-mandela-na-jamais-ete-parfaitement-unie-pourquoi-lexiger-des-palestiniens\/#primaryimage\"},\"thumbnailUrl\":\"https:\/\/ismfrance.org\/wp-content\/uploads\/2025\/09\/GzhIDIyWAAAvPQe.jpeg\",\"datePublished\":\"2025-09-07T17:25:07+00:00\",\"dateModified\":\"2025-09-07T17:28:14+00:00\",\"breadcrumb\":{\"@id\":\"https:\/\/ismfrance.org\/index.php\/2025\/09\/07\/la-lutte-de-mandela-na-jamais-ete-parfaitement-unie-pourquoi-lexiger-des-palestiniens\/#breadcrumb\"},\"inLanguage\":\"fr-FR\",\"potentialAction\":[{\"@type\":\"ReadAction\",\"target\":[\"https:\/\/ismfrance.org\/index.php\/2025\/09\/07\/la-lutte-de-mandela-na-jamais-ete-parfaitement-unie-pourquoi-lexiger-des-palestiniens\/\"]}]},{\"@type\":\"ImageObject\",\"inLanguage\":\"fr-FR\",\"@id\":\"https:\/\/ismfrance.org\/index.php\/2025\/09\/07\/la-lutte-de-mandela-na-jamais-ete-parfaitement-unie-pourquoi-lexiger-des-palestiniens\/#primaryimage\",\"url\":\"https:\/\/ismfrance.org\/wp-content\/uploads\/2025\/09\/GzhIDIyWAAAvPQe.jpeg\",\"contentUrl\":\"https:\/\/ismfrance.org\/wp-content\/uploads\/2025\/09\/GzhIDIyWAAAvPQe.jpeg\",\"width\":885,\"height\":500},{\"@type\":\"BreadcrumbList\",\"@id\":\"https:\/\/ismfrance.org\/index.php\/2025\/09\/07\/la-lutte-de-mandela-na-jamais-ete-parfaitement-unie-pourquoi-lexiger-des-palestiniens\/#breadcrumb\",\"itemListElement\":[{\"@type\":\"ListItem\",\"position\":1,\"name\":\"Accueil\",\"item\":\"https:\/\/ismfrance.org\/\"},{\"@type\":\"ListItem\",\"position\":2,\"name\":\"La lutte de Mandela n&rsquo;a jamais \u00e9t\u00e9 parfaitement unie. Pourquoi l&rsquo;exiger des Palestiniens\u00a0?\"}]},{\"@type\":\"WebSite\",\"@id\":\"https:\/\/ismfrance.org\/#website\",\"url\":\"https:\/\/ismfrance.org\/\",\"name\":\"ISM Palestine France\",\"description\":\"Soutien aux luttes de lib\u00e9ration du peuple palestinien\",\"publisher\":{\"@id\":\"https:\/\/ismfrance.org\/#organization\"},\"potentialAction\":[{\"@type\":\"SearchAction\",\"target\":{\"@type\":\"EntryPoint\",\"urlTemplate\":\"https:\/\/ismfrance.org\/?s={search_term_string}\"},\"query-input\":{\"@type\":\"PropertyValueSpecification\",\"valueRequired\":true,\"valueName\":\"search_term_string\"}}],\"inLanguage\":\"fr-FR\"},{\"@type\":\"Organization\",\"@id\":\"https:\/\/ismfrance.org\/#organization\",\"name\":\"International Solidarity Movement\",\"url\":\"https:\/\/ismfrance.org\/\",\"logo\":{\"@type\":\"ImageObject\",\"inLanguage\":\"fr-FR\",\"@id\":\"https:\/\/ismfrance.org\/#\/schema\/logo\/image\/\",\"url\":\"https:\/\/ismfrance.org\/wp-content\/uploads\/2020\/12\/00.png\",\"contentUrl\":\"https:\/\/ismfrance.org\/wp-content\/uploads\/2020\/12\/00.png\",\"width\":400,\"height\":400,\"caption\":\"International Solidarity Movement\"},\"image\":{\"@id\":\"https:\/\/ismfrance.org\/#\/schema\/logo\/image\/\"},\"sameAs\":[\"https:\/\/x.com\/ISMFRANCE\"]},{\"@type\":\"Person\",\"@id\":\"https:\/\/ismfrance.org\/#\/schema\/person\/3c411eb72adfaae19c0dca1f41fae01d\",\"name\":\"mru_01\",\"image\":{\"@type\":\"ImageObject\",\"inLanguage\":\"fr-FR\",\"@id\":\"https:\/\/secure.gravatar.com\/avatar\/3a0be343b445d2ccc79e87444a294fad2b232e90d2051d0e3cc219e1ecd6a330?s=96&d=mm&r=g\",\"url\":\"https:\/\/secure.gravatar.com\/avatar\/3a0be343b445d2ccc79e87444a294fad2b232e90d2051d0e3cc219e1ecd6a330?s=96&d=mm&r=g\",\"contentUrl\":\"https:\/\/secure.gravatar.com\/avatar\/3a0be343b445d2ccc79e87444a294fad2b232e90d2051d0e3cc219e1ecd6a330?s=96&d=mm&r=g\",\"caption\":\"mru_01\"},\"url\":\"https:\/\/ismfrance.org\/index.php\/author\/admin02\/\"}]}<\/script>\n<!-- \/ Yoast SEO plugin. -->","yoast_head_json":{"title":"La lutte de Mandela n'a jamais \u00e9t\u00e9 parfaitement unie. Pourquoi l'exiger des Palestiniens\u00a0? - International Solidarity Movement - ISM-France","robots":{"index":"index","follow":"follow","max-snippet":"max-snippet:-1","max-image-preview":"max-image-preview:large","max-video-preview":"max-video-preview:-1"},"canonical":"https:\/\/ismfrance.org\/index.php\/2025\/09\/07\/la-lutte-de-mandela-na-jamais-ete-parfaitement-unie-pourquoi-lexiger-des-palestiniens\/","og_locale":"fr_FR","og_type":"article","og_title":"La lutte de Mandela n'a jamais \u00e9t\u00e9 parfaitement unie. Pourquoi l'exiger des Palestiniens\u00a0? - International Solidarity Movement - ISM-France","og_description":"Adnan Hmidan, 7 septembre 2025.&#8211; Nelson Mandela est souvent consid\u00e9r\u00e9 comme l&rsquo;homme qui a men\u00e9 une lutte parfaitement unie\u00a0: un leader, un mouvement, un peuple. Ce discours bien ficel\u00e9 est Lire la suite &rarr;","og_url":"https:\/\/ismfrance.org\/index.php\/2025\/09\/07\/la-lutte-de-mandela-na-jamais-ete-parfaitement-unie-pourquoi-lexiger-des-palestiniens\/","og_site_name":"International Solidarity Movement - ISM-France","article_published_time":"2025-09-07T17:25:07+00:00","article_modified_time":"2025-09-07T17:28:14+00:00","og_image":[{"width":885,"height":500,"url":"https:\/\/ismfrance.org\/wp-content\/uploads\/2025\/09\/GzhIDIyWAAAvPQe.jpeg","type":"image\/jpeg"}],"author":"mru_01","twitter_card":"summary_large_image","twitter_creator":"@ISMFRANCE","twitter_site":"@ISMFRANCE","twitter_misc":{"\u00c9crit par":"mru_01","Dur\u00e9e de lecture estim\u00e9e":"4 minutes"},"schema":{"@context":"https:\/\/schema.org","@graph":[{"@type":"Article","@id":"https:\/\/ismfrance.org\/index.php\/2025\/09\/07\/la-lutte-de-mandela-na-jamais-ete-parfaitement-unie-pourquoi-lexiger-des-palestiniens\/#article","isPartOf":{"@id":"https:\/\/ismfrance.org\/index.php\/2025\/09\/07\/la-lutte-de-mandela-na-jamais-ete-parfaitement-unie-pourquoi-lexiger-des-palestiniens\/"},"author":{"name":"mru_01","@id":"https:\/\/ismfrance.org\/#\/schema\/person\/3c411eb72adfaae19c0dca1f41fae01d"},"headline":"La lutte de Mandela n&rsquo;a jamais \u00e9t\u00e9 parfaitement unie. Pourquoi l&rsquo;exiger des Palestiniens\u00a0?","datePublished":"2025-09-07T17:25:07+00:00","dateModified":"2025-09-07T17:28:14+00:00","mainEntityOfPage":{"@id":"https:\/\/ismfrance.org\/index.php\/2025\/09\/07\/la-lutte-de-mandela-na-jamais-ete-parfaitement-unie-pourquoi-lexiger-des-palestiniens\/"},"wordCount":743,"publisher":{"@id":"https:\/\/ismfrance.org\/#organization"},"image":{"@id":"https:\/\/ismfrance.org\/index.php\/2025\/09\/07\/la-lutte-de-mandela-na-jamais-ete-parfaitement-unie-pourquoi-lexiger-des-palestiniens\/#primaryimage"},"thumbnailUrl":"https:\/\/ismfrance.org\/wp-content\/uploads\/2025\/09\/GzhIDIyWAAAvPQe.jpeg","keywords":["Afrique du Sud","R\u00e9sistance"],"articleSection":["Analyses","Articles"],"inLanguage":"fr-FR"},{"@type":"WebPage","@id":"https:\/\/ismfrance.org\/index.php\/2025\/09\/07\/la-lutte-de-mandela-na-jamais-ete-parfaitement-unie-pourquoi-lexiger-des-palestiniens\/","url":"https:\/\/ismfrance.org\/index.php\/2025\/09\/07\/la-lutte-de-mandela-na-jamais-ete-parfaitement-unie-pourquoi-lexiger-des-palestiniens\/","name":"La lutte de Mandela n'a jamais \u00e9t\u00e9 parfaitement unie. Pourquoi l'exiger des Palestiniens\u00a0? - International Solidarity Movement - ISM-France","isPartOf":{"@id":"https:\/\/ismfrance.org\/#website"},"primaryImageOfPage":{"@id":"https:\/\/ismfrance.org\/index.php\/2025\/09\/07\/la-lutte-de-mandela-na-jamais-ete-parfaitement-unie-pourquoi-lexiger-des-palestiniens\/#primaryimage"},"image":{"@id":"https:\/\/ismfrance.org\/index.php\/2025\/09\/07\/la-lutte-de-mandela-na-jamais-ete-parfaitement-unie-pourquoi-lexiger-des-palestiniens\/#primaryimage"},"thumbnailUrl":"https:\/\/ismfrance.org\/wp-content\/uploads\/2025\/09\/GzhIDIyWAAAvPQe.jpeg","datePublished":"2025-09-07T17:25:07+00:00","dateModified":"2025-09-07T17:28:14+00:00","breadcrumb":{"@id":"https:\/\/ismfrance.org\/index.php\/2025\/09\/07\/la-lutte-de-mandela-na-jamais-ete-parfaitement-unie-pourquoi-lexiger-des-palestiniens\/#breadcrumb"},"inLanguage":"fr-FR","potentialAction":[{"@type":"ReadAction","target":["https:\/\/ismfrance.org\/index.php\/2025\/09\/07\/la-lutte-de-mandela-na-jamais-ete-parfaitement-unie-pourquoi-lexiger-des-palestiniens\/"]}]},{"@type":"ImageObject","inLanguage":"fr-FR","@id":"https:\/\/ismfrance.org\/index.php\/2025\/09\/07\/la-lutte-de-mandela-na-jamais-ete-parfaitement-unie-pourquoi-lexiger-des-palestiniens\/#primaryimage","url":"https:\/\/ismfrance.org\/wp-content\/uploads\/2025\/09\/GzhIDIyWAAAvPQe.jpeg","contentUrl":"https:\/\/ismfrance.org\/wp-content\/uploads\/2025\/09\/GzhIDIyWAAAvPQe.jpeg","width":885,"height":500},{"@type":"BreadcrumbList","@id":"https:\/\/ismfrance.org\/index.php\/2025\/09\/07\/la-lutte-de-mandela-na-jamais-ete-parfaitement-unie-pourquoi-lexiger-des-palestiniens\/#breadcrumb","itemListElement":[{"@type":"ListItem","position":1,"name":"Accueil","item":"https:\/\/ismfrance.org\/"},{"@type":"ListItem","position":2,"name":"La lutte de Mandela n&rsquo;a jamais \u00e9t\u00e9 parfaitement unie. Pourquoi l&rsquo;exiger des Palestiniens\u00a0?"}]},{"@type":"WebSite","@id":"https:\/\/ismfrance.org\/#website","url":"https:\/\/ismfrance.org\/","name":"ISM Palestine France","description":"Soutien aux luttes de lib\u00e9ration du peuple palestinien","publisher":{"@id":"https:\/\/ismfrance.org\/#organization"},"potentialAction":[{"@type":"SearchAction","target":{"@type":"EntryPoint","urlTemplate":"https:\/\/ismfrance.org\/?s={search_term_string}"},"query-input":{"@type":"PropertyValueSpecification","valueRequired":true,"valueName":"search_term_string"}}],"inLanguage":"fr-FR"},{"@type":"Organization","@id":"https:\/\/ismfrance.org\/#organization","name":"International Solidarity Movement","url":"https:\/\/ismfrance.org\/","logo":{"@type":"ImageObject","inLanguage":"fr-FR","@id":"https:\/\/ismfrance.org\/#\/schema\/logo\/image\/","url":"https:\/\/ismfrance.org\/wp-content\/uploads\/2020\/12\/00.png","contentUrl":"https:\/\/ismfrance.org\/wp-content\/uploads\/2020\/12\/00.png","width":400,"height":400,"caption":"International Solidarity Movement"},"image":{"@id":"https:\/\/ismfrance.org\/#\/schema\/logo\/image\/"},"sameAs":["https:\/\/x.com\/ISMFRANCE"]},{"@type":"Person","@id":"https:\/\/ismfrance.org\/#\/schema\/person\/3c411eb72adfaae19c0dca1f41fae01d","name":"mru_01","image":{"@type":"ImageObject","inLanguage":"fr-FR","@id":"https:\/\/secure.gravatar.com\/avatar\/3a0be343b445d2ccc79e87444a294fad2b232e90d2051d0e3cc219e1ecd6a330?s=96&d=mm&r=g","url":"https:\/\/secure.gravatar.com\/avatar\/3a0be343b445d2ccc79e87444a294fad2b232e90d2051d0e3cc219e1ecd6a330?s=96&d=mm&r=g","contentUrl":"https:\/\/secure.gravatar.com\/avatar\/3a0be343b445d2ccc79e87444a294fad2b232e90d2051d0e3cc219e1ecd6a330?s=96&d=mm&r=g","caption":"mru_01"},"url":"https:\/\/ismfrance.org\/index.php\/author\/admin02\/"}]}},"_links":{"self":[{"href":"https:\/\/ismfrance.org\/index.php\/wp-json\/wp\/v2\/posts\/23385","targetHints":{"allow":["GET"]}}],"collection":[{"href":"https:\/\/ismfrance.org\/index.php\/wp-json\/wp\/v2\/posts"}],"about":[{"href":"https:\/\/ismfrance.org\/index.php\/wp-json\/wp\/v2\/types\/post"}],"author":[{"embeddable":true,"href":"https:\/\/ismfrance.org\/index.php\/wp-json\/wp\/v2\/users\/3"}],"replies":[{"embeddable":true,"href":"https:\/\/ismfrance.org\/index.php\/wp-json\/wp\/v2\/comments?post=23385"}],"version-history":[{"count":0,"href":"https:\/\/ismfrance.org\/index.php\/wp-json\/wp\/v2\/posts\/23385\/revisions"}],"wp:featuredmedia":[{"embeddable":true,"href":"https:\/\/ismfrance.org\/index.php\/wp-json\/wp\/v2\/media\/23386"}],"wp:attachment":[{"href":"https:\/\/ismfrance.org\/index.php\/wp-json\/wp\/v2\/media?parent=23385"}],"wp:term":[{"taxonomy":"category","embeddable":true,"href":"https:\/\/ismfrance.org\/index.php\/wp-json\/wp\/v2\/categories?post=23385"},{"taxonomy":"post_tag","embeddable":true,"href":"https:\/\/ismfrance.org\/index.php\/wp-json\/wp\/v2\/tags?post=23385"}],"curies":[{"name":"wp","href":"https:\/\/api.w.org\/{rel}","templated":true}]}}