{"id":23374,"date":"2025-09-07T18:56:01","date_gmt":"2025-09-07T16:56:01","guid":{"rendered":"https:\/\/ismfrance.org\/?p=23374"},"modified":"2025-09-07T18:56:01","modified_gmt":"2025-09-07T16:56:01","slug":"gaza-al-mawasi-nest-pas-la-zone-humanitaire-revendiquee-par-israel-mais-un-lieu-de-massacres-et-de-famine","status":"publish","type":"post","link":"https:\/\/ismfrance.org\/index.php\/2025\/09\/07\/gaza-al-mawasi-nest-pas-la-zone-humanitaire-revendiquee-par-israel-mais-un-lieu-de-massacres-et-de-famine\/","title":{"rendered":"Gaza\u00a0: Al-Mawasi n\u2019est pas la zone humanitaire revendiqu\u00e9e par Isra\u00ebl, mais un lieu de massacres et de famine"},"content":{"rendered":"<p align=\"LEFT\"><span style=\"color: #000000;\"><span style=\"font-family: Arial, sans-serif;\"><span style=\"font-size: medium;\"><strong>EuroMed Monitor, 7 septembre 2025.<\/strong> \u2013 La d\u00e9claration de l\u2019arm\u00e9e isra\u00e9lienne d\u00e9crivant Al-Mawasi, \u00e0 Khan Younis, au sud de la bande de Gaza, commem une \u00ab\u00a0zone humanitaire\u00a0\u00bb est une propagande pure et simple, contredite par des attaques militaires r\u00e9p\u00e9t\u00e9es en violation du droit international et par les conditions catastrophiques dans lesquelles vivent des centaines de milliers de personnes d\u00e9plac\u00e9es de force. Elles manquent d\u2019abris ad\u00e9quats, de nourriture, d\u2019eau et de services de sant\u00e9 de base, et vivent dans des conditions de surpopulation et d\u2019ins\u00e9curit\u00e9 particuli\u00e8rement d\u00e9vastatrices pour les enfants, les femmes et les personnes \u00e2g\u00e9es.<\/span><\/span><\/span><\/p>\n<div id=\"attachment_23381\" style=\"width: 610px\" class=\"wp-caption alignnone\"><a href=\"https:\/\/ismfrance.org\/wp-content\/uploads\/2025\/09\/G0JvJPCWgAALr9l.jpeg\"><img loading=\"lazy\" decoding=\"async\" aria-describedby=\"caption-attachment-23381\" class=\"wp-image-23381 size-large\" src=\"https:\/\/ismfrance.org\/wp-content\/uploads\/2025\/09\/G0JvJPCWgAALr9l-700x466.jpeg\" alt=\"\" width=\"600\" height=\"399\" srcset=\"https:\/\/ismfrance.org\/wp-content\/uploads\/2025\/09\/G0JvJPCWgAALr9l-700x466.jpeg 700w, https:\/\/ismfrance.org\/wp-content\/uploads\/2025\/09\/G0JvJPCWgAALr9l-300x200.jpeg 300w, https:\/\/ismfrance.org\/wp-content\/uploads\/2025\/09\/G0JvJPCWgAALr9l-768x512.jpeg 768w, https:\/\/ismfrance.org\/wp-content\/uploads\/2025\/09\/G0JvJPCWgAALr9l.jpeg 1024w\" sizes=\"auto, (max-width: 600px) 100vw, 600px\" \/><\/a><p id=\"caption-attachment-23381\" class=\"wp-caption-text\"><em><strong>Oblig\u00e9s de fuir les bombes de l&rsquo;arm\u00e9e d&rsquo;occupation. (Photo <a href=\"https:\/\/x.com\/AbujomaaGaza\/status\/1964254645087240439\/photo\/1\">Motasem A Dallul<\/a> sur X)<\/strong><\/em><\/p><\/div>\n<p align=\"LEFT\"><span style=\"color: #000000;\"><span style=\"font-family: Arial, sans-serif;\"><span style=\"font-size: medium;\">L\u2019affirmation de l\u2019arm\u00e9e isra\u00e9lienne, samedi 6\u00a0septembre, selon laquelle de meilleurs services humanitaires seraient fournis \u00e0 Al-Mawasi va \u00e0 l\u2019encontre de la r\u00e9alit\u00e9 \u00e0 laquelle sont confront\u00e9es les personnes d\u00e9plac\u00e9es. La zone manque d\u2019infrastructures pour accueillir le grand nombre de personnes contraintes de s\u2019y installer suite \u00e0 des centaines d\u2019ordres d\u2019\u00e9vacuation, apr\u00e8s que l\u2019arm\u00e9e a d\u00e9truit la plupart des b\u00e2timents et des habitations de Rafah et Khan Younis, les d\u00e9truisant compl\u00e8tement. <\/span><\/span><\/span><\/p>\n<p align=\"LEFT\"><span style=\"color: #000000;\"><span style=\"font-family: Arial, sans-serif;\"><span style=\"font-size: medium;\">Euro-Med Monitor a soulign\u00e9 que ce n&rsquo;est pas la premi\u00e8re fois qu&rsquo;Isra\u00ebl d\u00e9clare Al-Mawasi \u00ab\u00a0zone humanitaire\u00a0\u00bb. La premi\u00e8re fois, c&rsquo;\u00e9tait en m\u00eame temps que les premiers ordres d&rsquo;\u00e9vacuation de Gaza-ville et de l&rsquo;est de Khan Youn\u00e8s, en octobre 2023. Cependant, Isra\u00ebl a continu\u00e9 de cibler la zone par des bombardements a\u00e9riens, terrestres et maritimes, en violation flagrante du droit international.<\/span><\/span><\/span><\/p>\n<p align=\"LEFT\"><span style=\"color: #000000;\"><span style=\"font-family: Arial, sans-serif;\"><span style=\"font-size: medium;\">Les avions de chasse isra\u00e9liens ont men\u00e9 109 frappes a\u00e9riennes sur la zone en octobre 2023, tuant des centaines de civils et en blessant des milliers d&rsquo;autres. De plus, la zone \u00e9tait quotidiennement vis\u00e9e par des v\u00e9hicules militaires, des drones, des canonni\u00e8res et des tirs d&rsquo;artillerie. Euro-Med Monitor a document\u00e9 des attaques r\u00e9p\u00e9t\u00e9es et d\u00e9lib\u00e9r\u00e9es contre des personnes d\u00e9plac\u00e9es dans leurs tentes, les br\u00fblant vives, ainsi que lors de rassemblements pour collecter de l&rsquo;aide ou de l&rsquo;eau.<\/span><\/span><\/span><\/p>\n<div id=\"attachment_23379\" style=\"width: 610px\" class=\"wp-caption alignnone\"><a href=\"https:\/\/ismfrance.org\/wp-content\/uploads\/2025\/09\/leaflet-scaled.jpeg\"><img loading=\"lazy\" decoding=\"async\" aria-describedby=\"caption-attachment-23379\" class=\"wp-image-23379 size-large\" src=\"https:\/\/ismfrance.org\/wp-content\/uploads\/2025\/09\/leaflet-700x525.jpeg\" alt=\"\" width=\"600\" height=\"450\" srcset=\"https:\/\/ismfrance.org\/wp-content\/uploads\/2025\/09\/leaflet-700x525.jpeg 700w, https:\/\/ismfrance.org\/wp-content\/uploads\/2025\/09\/leaflet-300x225.jpeg 300w, https:\/\/ismfrance.org\/wp-content\/uploads\/2025\/09\/leaflet-768x576.jpeg 768w, https:\/\/ismfrance.org\/wp-content\/uploads\/2025\/09\/leaflet-1536x1152.jpeg 1536w, https:\/\/ismfrance.org\/wp-content\/uploads\/2025\/09\/leaflet-2048x1536.jpeg 2048w, https:\/\/ismfrance.org\/wp-content\/uploads\/2025\/09\/leaflet-350x263.jpeg 350w, https:\/\/ismfrance.org\/wp-content\/uploads\/2025\/09\/leaflet-1320x990.jpeg 1320w\" sizes=\"auto, (max-width: 600px) 100vw, 600px\" \/><\/a><p id=\"caption-attachment-23379\" class=\"wp-caption-text\"><em><strong>Le 6 septembre, l&rsquo;occupation a largu\u00e9 des tracts ordonnant aux habitants de Gaza-ville de se d\u00e9placer vers le sud, \u00e0 Al-Mawasi. (photo <a href=\"https:\/\/x.com\/mohamughanni\/status\/1964362119752601891\">Mohamed Almughanny<\/a> sur X)<\/strong><\/em><\/p><\/div>\n<p align=\"LEFT\"><span style=\"color: #000000;\"><span style=\"font-family: Arial, sans-serif;\"><span style=\"font-size: medium;\">La d\u00e9signation d&rsquo;Al-Mawasi comme zone de rassemblement \u00ab\u00a0s\u00fbre\u00a0\u00bb pour les Palestiniens d\u00e9plac\u00e9s de force a constitu\u00e9 un moyen direct de commettre un g\u00e9nocide. La zone a \u00e9t\u00e9 cibl\u00e9e \u00e0 plusieurs reprises et d\u00e9lib\u00e9r\u00e9ment, et sa forte densit\u00e9 de population l&rsquo;a transform\u00e9e en un lieu de massacres massifs, o\u00f9 des armes incendiaires et hautement destructrices ont \u00e9t\u00e9 utilis\u00e9es pour infliger le plus grand nombre de victimes possible. Cela a provoqu\u00e9 d&rsquo;extr\u00eames souffrances psychologiques, physiques et mentales, dans le cadre d&rsquo;une politique visant \u00e0 d\u00e9truire et \u00e0 an\u00e9antir les Palestiniens.<\/span><\/span><\/span><\/p>\n<p align=\"LEFT\"><span style=\"color: #000000;\"><span style=\"font-family: Arial, sans-serif;\"><span style=\"font-size: medium;\">Toute zone d\u00e9sign\u00e9e pour l&rsquo;\u00e9vacuation des civils doit respecter les normes humanitaires fondamentales, notamment un abri ad\u00e9quat, une nourriture suffisante, de l&rsquo;eau potable, des soins de sant\u00e9 et des services essentiels garantissant les conditions minimales d&rsquo;une vie digne, ainsi qu&rsquo;une protection contre le danger et les attaques. En toutes circonstances, Isra\u00ebl reste tenu de respecter les r\u00e8gles du droit international.<\/span><\/span><\/span><\/p>\n<p align=\"LEFT\"><span style=\"color: #000000;\"><span style=\"font-family: Arial, sans-serif;\"><span style=\"font-size: medium;\">L&rsquo;absence de ces conditions \u00e0 Al-Mawasi en a fait un lieu de rassemblement forc\u00e9 qui ne respecte aucune norme juridique internationale\u00a0; il sert au contraire de pi\u00e8ge mortel pour les civils qui y sont pris pour cible, dont la vie et les moyens de subsistance sont constamment menac\u00e9s.<\/span><\/span><\/span><\/p>\n<p align=\"LEFT\"><a href=\"https:\/\/ismfrance.org\/wp-content\/uploads\/2025\/09\/carte-al-mawasi.webp\"><img loading=\"lazy\" decoding=\"async\" class=\"size-large wp-image-23376 aligncenter\" src=\"https:\/\/ismfrance.org\/wp-content\/uploads\/2025\/09\/carte-al-mawasi-700x582.webp\" alt=\"\" width=\"600\" height=\"499\" srcset=\"https:\/\/ismfrance.org\/wp-content\/uploads\/2025\/09\/carte-al-mawasi-700x582.webp 700w, https:\/\/ismfrance.org\/wp-content\/uploads\/2025\/09\/carte-al-mawasi-300x249.webp 300w, https:\/\/ismfrance.org\/wp-content\/uploads\/2025\/09\/carte-al-mawasi-768x638.webp 768w, https:\/\/ismfrance.org\/wp-content\/uploads\/2025\/09\/carte-al-mawasi.webp 1000w\" sizes=\"auto, (max-width: 600px) 100vw, 600px\" \/><\/a><\/p>\n<p align=\"LEFT\"><span style=\"color: #000000;\"><span style=\"font-family: Arial, sans-serif;\"><span style=\"font-size: medium;\">La zone d&rsquo;Al-Mawasi couvre environ 12.000 dunams, soit environ 3\u00a0% de la bande de Gaza. Terre agricole \u00e0 l&rsquo;origine, elle manque d&rsquo;infrastructures et de services de base, ce qui la rend incapable d&rsquo;accueillir pr\u00e8s d&rsquo;un million de personnes nouvellement d\u00e9plac\u00e9es, en plus des quelque 800.000 personnes vivant d\u00e9j\u00e0 dans des tentes branlantes. Cette surpopulation extr\u00eame fait suite \u00e0 la destruction de Rafah et au d\u00e9placement de ses habitants, \u00e0 la destruction de Khan Younis et de ses villes de l&rsquo;est, et \u00e0 l&rsquo;afflux de personnes en provenance de la ville de Gaza et du nord de Gaza, dont certaines avaient d\u00e9j\u00e0 \u00e9t\u00e9 d\u00e9plac\u00e9es \u00e0 Al-Mawasi et y sont rest\u00e9es, tandis que d&rsquo;autres y ont \u00e9t\u00e9 nouvellement d\u00e9plac\u00e9es lors de la derni\u00e8re vague.<\/span><\/span><\/span><\/p>\n<p align=\"LEFT\"><span style=\"color: #000000;\"><span style=\"font-family: Arial, sans-serif;\"><span style=\"font-size: medium;\">Bien qu&rsquo;Isra\u00ebl affirme que des hopitaux fonctionnent \u00e0 Al-Mawasi, les donn\u00e9es disponibles montrent que ces installations ont d\u00e9j\u00e0 \u00e9t\u00e9 le th\u00e9\u00e2tre de crimes isra\u00e9liens. En f\u00e9vrier 2024, l&rsquo;arm\u00e9e isra\u00e9lienne a pris d&rsquo;assaut le complexe m\u00e9dical Nasser, le transformant en lieu d&rsquo;ex\u00e9cutions sur le terrain et de disparitions forc\u00e9es. Elle a ensuite men\u00e9 plusieurs autres attaques contre l&rsquo;h\u00f4pital, la plus r\u00e9cente ayant eu lieu le mois dernier, lorsqu&rsquo;il a \u00e9t\u00e9 touch\u00e9 par de multiples obus de char qui ont tu\u00e9 plus de 20 personnes, dont cinq journalistes, un m\u00e9decin et un membre de la d\u00e9fense civile.<\/span><\/span><\/span><\/p>\n<p align=\"LEFT\"><span style=\"color: #000000;\"><span style=\"font-family: Arial, sans-serif;\"><span style=\"font-size: medium;\">L&rsquo;h\u00f4pital Al-Amal du Croissant-Rouge est hors service apr\u00e8s des bombardements et des attaques r\u00e9p\u00e9t\u00e9s. L&rsquo;h\u00f4pital europ\u00e9en de Gaza est \u00e9galement hors service, certaines parties ayant \u00e9t\u00e9 d\u00e9truites, et la zone o\u00f9 il se trouve a \u00e9t\u00e9 d\u00e9sign\u00e9e zone de combat. Les h\u00f4pitaux de campagne n&rsquo;offrent que des services limit\u00e9s et restent vuln\u00e9rables aux attaques, comme en t\u00e9moigne l&rsquo;arrestation en juillet dernier du directeur des h\u00f4pitaux de campagne du minist\u00e8re de la Sant\u00e9, le Dr Marwan al-Hams, lors d&rsquo;une attaque qui a tu\u00e9 le journaliste Tamer al-Za&rsquo;anin et bless\u00e9 le journaliste Ibrahim Abu Ushaibeh et l&#8217;employ\u00e9 du minist\u00e8re de la Sant\u00e9 Bilal Barhoum.<\/span><\/span><\/span><\/p>\n<p align=\"LEFT\"><span style=\"color: #000000;\"><span style=\"font-family: Arial, sans-serif;\"><span style=\"font-size: medium;\">Des milliers de familles d\u00e9plac\u00e9es \u00e0 Al-Mawasi vivent dans des conditions humanitaires d\u00e9sastreuses, priv\u00e9es de biens de premi\u00e8re n\u00e9cessit\u00e9 tels que la nourriture, l&rsquo;eau potable et les m\u00e9dicaments, ce qui accro\u00eet les risques sanitaires et les rend vuln\u00e9rables aux \u00e9pid\u00e9mies et aux infections. Nombre d&rsquo;entre elles sont contraintes de vivre dans des tentes d\u00e9labr\u00e9es ou en plein air, sans protection contre la chaleur, le froid ou la pluie. Les souffrances des enfants, des femmes et des personnes \u00e2g\u00e9es sont aggrav\u00e9es par le manque de soins m\u00e9dicaux et de services essentiels, dans un contexte de surpopulation s\u00e9v\u00e8re et d&rsquo;absence d&rsquo;infrastructures d&rsquo;assainissement, transformant la zone en un environnement inhabitable mena\u00e7ant des milliers de personnes d&rsquo;une mort lente. En termes d\u2019aide, des centaines de milliers de personnes souffrent de la famine, tandis que les forces isra\u00e9liennes continuent de transformer les centres de distribution d\u2019aide de la Fondation humanitaire de Gaza en lieux de massacres quotidiens\u00a0: 2.362 personnes tu\u00e9es et plus de 17.434 bless\u00e9es \u00e0 ce jour.<\/span><\/span><\/span><\/p>\n<div id=\"attachment_23383\" style=\"width: 610px\" class=\"wp-caption alignnone\"><a href=\"https:\/\/ismfrance.org\/wp-content\/uploads\/2025\/09\/tentes-al-mawasi.jpeg\"><img loading=\"lazy\" decoding=\"async\" aria-describedby=\"caption-attachment-23383\" class=\"wp-image-23383 size-large\" src=\"https:\/\/ismfrance.org\/wp-content\/uploads\/2025\/09\/tentes-al-mawasi-700x394.jpeg\" alt=\"\" width=\"600\" height=\"338\" srcset=\"https:\/\/ismfrance.org\/wp-content\/uploads\/2025\/09\/tentes-al-mawasi-700x394.jpeg 700w, https:\/\/ismfrance.org\/wp-content\/uploads\/2025\/09\/tentes-al-mawasi-300x169.jpeg 300w, https:\/\/ismfrance.org\/wp-content\/uploads\/2025\/09\/tentes-al-mawasi-768x432.jpeg 768w, https:\/\/ismfrance.org\/wp-content\/uploads\/2025\/09\/tentes-al-mawasi-1536x864.jpeg 1536w, https:\/\/ismfrance.org\/wp-content\/uploads\/2025\/09\/tentes-al-mawasi-1320x743.jpeg 1320w, https:\/\/ismfrance.org\/wp-content\/uploads\/2025\/09\/tentes-al-mawasi.jpeg 1920w\" sizes=\"auto, (max-width: 600px) 100vw, 600px\" \/><\/a><p id=\"caption-attachment-23383\" class=\"wp-caption-text\"><em><strong>D\u00e9but septembre 2025 : Vue g\u00e9n\u00e9rale d&rsquo;une zone surpeupl\u00e9e de personnes d\u00e9plac\u00e9es apr\u00e8s l&rsquo;exode des Palestiniens fuyant Gaza-ville vers la zone de Mawasi, \u00e0 l&rsquo;ouest de Khan Younis, pour \u00e9chapper aux bombardements de l&rsquo;arm\u00e9e isra\u00e9lienne d&rsquo;occupation (<a href=\"https:\/\/euromedmonitor.org\/en\/article\/6846\/Israel-escalates-random-civilian-killings-in-claimed-humanitarian-zone-Al-Mawasi\">Abed Rahim Khatib\/dpa\/Alamy<\/a>)<\/strong><\/em><\/p><\/div>\n<p align=\"LEFT\"><span style=\"color: #000000;\"><span style=\"font-family: Arial, sans-serif;\"><span style=\"font-size: medium;\">Tous les \u00c9tats, individuellement et collectivement, doivent remplir leurs obligations l\u00e9gales et agir de toute urgence pour mettre fin \u00e0 ce g\u00e9nocide \u00e0 Gaza, en prenant toutes les mesures possibles pour prot\u00e9ger les civils palestiniens. Ils doivent faire respecter le respect par Isra\u00ebl du droit international et des arr\u00eats de la Cour internationale de Justice et tenir Isra\u00ebl responsable de ses crimes contre les Palestiniens.<\/span><\/span><\/span><\/p>\n<p align=\"LEFT\"><span style=\"color: #000000;\"><span style=\"font-family: Arial, sans-serif;\"><span style=\"font-size: medium;\">L&rsquo;Assembl\u00e9e g\u00e9n\u00e9rale des Nations Unies doit agir de toute urgence en vertu de la r\u00e9solution 377 (V) \u00ab\u00a0L&rsquo;union pour la paix\u00a0\u00bb, qui l&rsquo;autorise \u00e0 intervenir dans les situations o\u00f9 le Conseil de s\u00e9curit\u00e9 n&rsquo;agit pas faute d&rsquo;unanimit\u00e9 parmi ses cinq membres permanents. En vertu de cette r\u00e9solution, l&rsquo;Assembl\u00e9e g\u00e9n\u00e9rale peut formuler des recommandations aux \u00c9tats membres de l&rsquo;ONU concernant des mesures collectives visant \u00e0 assurer le r\u00e9tablissement de la paix et de la s\u00e9curit\u00e9 internationales.<\/span><\/span><\/span><\/p>\n<p align=\"LEFT\"><span style=\"color: #000000;\"><span style=\"font-family: Arial, sans-serif;\"><span style=\"font-size: medium;\">L&rsquo;Assembl\u00e9e g\u00e9n\u00e9rale doit agir de toute urgence en vertu de la r\u00e9solution susmentionn\u00e9e pour \u00e9tablir et d\u00e9ployer une force internationale de maintien de la paix dans la bande de Gaza. Cette mesure est n\u00e9cessaire pour mettre fin aux crimes contre les civils, garantir leur protection, garantir un acc\u00e8s sans entrave \u00e0 l&rsquo;aide humanitaire, prot\u00e9ger les installations m\u00e9dicales et de secours, et mettre fin au ciblage syst\u00e9matique de ces installations. L&rsquo;activation de ce m\u00e9canisme est un devoir \u00e0 la fois l\u00e9gal et moral de la communaut\u00e9 internationale afin de prot\u00e9ger plus de deux millions de personnes \u00e0 Gaza du g\u00e9nocide et des violations graves en cours.<\/span><\/span><\/span><\/p>\n<p align=\"LEFT\"><span style=\"color: #000000;\"><span style=\"font-family: Arial, sans-serif;\"><span style=\"font-size: medium;\">La communaut\u00e9 internationale doit \u00e9galement imposer des sanctions \u00e9conomiques, diplomatiques et militaires \u00e0 Isra\u00ebl en r\u00e9ponse \u00e0 ses violations graves et syst\u00e9matiques du droit international. Cela comprend l&rsquo;interdiction des exportations d&rsquo;armes vers Isra\u00ebl et l&rsquo;arr\u00eat des achats d&rsquo;armes aupr\u00e8s de ce pays, la suspension de toute forme de soutien et de coop\u00e9ration politiques, financiers et militaires, et la suppression de toute forme de soutien et de coop\u00e9ration militaires. Geler les avoirs des responsables impliqu\u00e9s dans des crimes contre les Palestiniens ou incitant \u00e0 de tels actes\u00a0; et leur imposer des interdictions de voyager. De plus, les privil\u00e8ges commerciaux et les accords bilat\u00e9raux qui accordent \u00e0 Isra\u00ebl des avantages \u00e9conomiques lui permettant de commettre des crimes doivent \u00eatre suspendus.<\/span><\/span><\/span><\/p>\n<p align=\"LEFT\"><em><strong><span style=\"color: #000000;\"><span style=\"font-family: Arial, sans-serif;\"><span style=\"font-size: medium;\"><span style=\"font-size: small;\">Article original en anglais sur <a href=\"https:\/\/euromedmonitor.org\/en\/article\/6850\/Gaza:-Al-Mawasi-is-not-the-humanitarian-zone-Israel-claims,-but-a-site-of-killing-and-starvation\">EuroMedMonitor.org<\/a> \/ Traduction MR<\/span><\/span><\/span><\/span><\/strong><\/em><\/p>\n","protected":false},"excerpt":{"rendered":"<p>EuroMed Monitor, 7 septembre 2025. \u2013 La d\u00e9claration de l\u2019arm\u00e9e isra\u00e9lienne d\u00e9crivant Al-Mawasi, \u00e0 Khan Younis, au sud de la bande de Gaza, commem une \u00ab\u00a0zone humanitaire\u00a0\u00bb est une propagande <a class=\"more-link\" href=\"https:\/\/ismfrance.org\/index.php\/2025\/09\/07\/gaza-al-mawasi-nest-pas-la-zone-humanitaire-revendiquee-par-israel-mais-un-lieu-de-massacres-et-de-famine\/\">Lire la suite &rarr;<\/a><\/p>\n","protected":false},"author":3,"featured_media":23383,"comment_status":"closed","ping_status":"closed","sticky":false,"template":"","format":"standard","meta":{"footnotes":""},"categories":[12,2],"tags":[156],"class_list":["post-23374","post","type-post","status-publish","format-standard","has-post-thumbnail","hentry","category-analyses","category-articles","tag-genocide"],"yoast_head":"<!-- This site is optimized with the Yoast SEO plugin v27.2 - https:\/\/yoast.com\/product\/yoast-seo-wordpress\/ -->\n<title>Gaza\u00a0: Al-Mawasi n\u2019est pas la zone humanitaire revendiqu\u00e9e par Isra\u00ebl, mais un lieu de massacres et de famine - International Solidarity Movement - ISM-France<\/title>\n<meta name=\"robots\" content=\"index, follow, max-snippet:-1, max-image-preview:large, max-video-preview:-1\" \/>\n<link rel=\"canonical\" href=\"https:\/\/ismfrance.org\/index.php\/2025\/09\/07\/gaza-al-mawasi-nest-pas-la-zone-humanitaire-revendiquee-par-israel-mais-un-lieu-de-massacres-et-de-famine\/\" \/>\n<meta property=\"og:locale\" content=\"fr_FR\" \/>\n<meta property=\"og:type\" content=\"article\" \/>\n<meta property=\"og:title\" content=\"Gaza\u00a0: Al-Mawasi n\u2019est pas la zone humanitaire revendiqu\u00e9e par Isra\u00ebl, mais un lieu de massacres et de famine - International Solidarity Movement - ISM-France\" \/>\n<meta property=\"og:description\" content=\"EuroMed Monitor, 7 septembre 2025. \u2013 La d\u00e9claration de l\u2019arm\u00e9e isra\u00e9lienne d\u00e9crivant Al-Mawasi, \u00e0 Khan Younis, au sud de la bande de Gaza, commem une \u00ab\u00a0zone humanitaire\u00a0\u00bb est une propagande Lire la suite &rarr;\" \/>\n<meta property=\"og:url\" content=\"https:\/\/ismfrance.org\/index.php\/2025\/09\/07\/gaza-al-mawasi-nest-pas-la-zone-humanitaire-revendiquee-par-israel-mais-un-lieu-de-massacres-et-de-famine\/\" \/>\n<meta property=\"og:site_name\" content=\"International Solidarity Movement - ISM-France\" \/>\n<meta property=\"article:published_time\" content=\"2025-09-07T16:56:01+00:00\" \/>\n<meta property=\"og:image\" content=\"https:\/\/ismfrance.org\/wp-content\/uploads\/2025\/09\/tentes-al-mawasi.jpeg\" \/>\n\t<meta property=\"og:image:width\" content=\"1920\" \/>\n\t<meta property=\"og:image:height\" content=\"1080\" \/>\n\t<meta property=\"og:image:type\" content=\"image\/jpeg\" \/>\n<meta name=\"author\" content=\"mru_01\" \/>\n<meta name=\"twitter:card\" content=\"summary_large_image\" \/>\n<meta name=\"twitter:creator\" content=\"@ISMFRANCE\" \/>\n<meta name=\"twitter:site\" content=\"@ISMFRANCE\" \/>\n<meta name=\"twitter:label1\" content=\"\u00c9crit par\" \/>\n\t<meta name=\"twitter:data1\" content=\"mru_01\" \/>\n\t<meta name=\"twitter:label2\" content=\"Dur\u00e9e de lecture estim\u00e9e\" \/>\n\t<meta name=\"twitter:data2\" content=\"9 minutes\" \/>\n<script type=\"application\/ld+json\" class=\"yoast-schema-graph\">{\"@context\":\"https:\/\/schema.org\",\"@graph\":[{\"@type\":\"Article\",\"@id\":\"https:\/\/ismfrance.org\/index.php\/2025\/09\/07\/gaza-al-mawasi-nest-pas-la-zone-humanitaire-revendiquee-par-israel-mais-un-lieu-de-massacres-et-de-famine\/#article\",\"isPartOf\":{\"@id\":\"https:\/\/ismfrance.org\/index.php\/2025\/09\/07\/gaza-al-mawasi-nest-pas-la-zone-humanitaire-revendiquee-par-israel-mais-un-lieu-de-massacres-et-de-famine\/\"},\"author\":{\"name\":\"mru_01\",\"@id\":\"https:\/\/ismfrance.org\/#\/schema\/person\/3c411eb72adfaae19c0dca1f41fae01d\"},\"headline\":\"Gaza\u00a0: Al-Mawasi n\u2019est pas la zone humanitaire revendiqu\u00e9e par Isra\u00ebl, mais un lieu de massacres et de famine\",\"datePublished\":\"2025-09-07T16:56:01+00:00\",\"mainEntityOfPage\":{\"@id\":\"https:\/\/ismfrance.org\/index.php\/2025\/09\/07\/gaza-al-mawasi-nest-pas-la-zone-humanitaire-revendiquee-par-israel-mais-un-lieu-de-massacres-et-de-famine\/\"},\"wordCount\":1700,\"publisher\":{\"@id\":\"https:\/\/ismfrance.org\/#organization\"},\"image\":{\"@id\":\"https:\/\/ismfrance.org\/index.php\/2025\/09\/07\/gaza-al-mawasi-nest-pas-la-zone-humanitaire-revendiquee-par-israel-mais-un-lieu-de-massacres-et-de-famine\/#primaryimage\"},\"thumbnailUrl\":\"https:\/\/ismfrance.org\/wp-content\/uploads\/2025\/09\/tentes-al-mawasi.jpeg\",\"keywords\":[\"G\u00e9nocide\"],\"articleSection\":[\"Analyses\",\"Articles\"],\"inLanguage\":\"fr-FR\"},{\"@type\":\"WebPage\",\"@id\":\"https:\/\/ismfrance.org\/index.php\/2025\/09\/07\/gaza-al-mawasi-nest-pas-la-zone-humanitaire-revendiquee-par-israel-mais-un-lieu-de-massacres-et-de-famine\/\",\"url\":\"https:\/\/ismfrance.org\/index.php\/2025\/09\/07\/gaza-al-mawasi-nest-pas-la-zone-humanitaire-revendiquee-par-israel-mais-un-lieu-de-massacres-et-de-famine\/\",\"name\":\"Gaza\u00a0: Al-Mawasi n\u2019est pas la zone humanitaire revendiqu\u00e9e par Isra\u00ebl, mais un lieu de massacres et de famine - International Solidarity Movement - ISM-France\",\"isPartOf\":{\"@id\":\"https:\/\/ismfrance.org\/#website\"},\"primaryImageOfPage\":{\"@id\":\"https:\/\/ismfrance.org\/index.php\/2025\/09\/07\/gaza-al-mawasi-nest-pas-la-zone-humanitaire-revendiquee-par-israel-mais-un-lieu-de-massacres-et-de-famine\/#primaryimage\"},\"image\":{\"@id\":\"https:\/\/ismfrance.org\/index.php\/2025\/09\/07\/gaza-al-mawasi-nest-pas-la-zone-humanitaire-revendiquee-par-israel-mais-un-lieu-de-massacres-et-de-famine\/#primaryimage\"},\"thumbnailUrl\":\"https:\/\/ismfrance.org\/wp-content\/uploads\/2025\/09\/tentes-al-mawasi.jpeg\",\"datePublished\":\"2025-09-07T16:56:01+00:00\",\"breadcrumb\":{\"@id\":\"https:\/\/ismfrance.org\/index.php\/2025\/09\/07\/gaza-al-mawasi-nest-pas-la-zone-humanitaire-revendiquee-par-israel-mais-un-lieu-de-massacres-et-de-famine\/#breadcrumb\"},\"inLanguage\":\"fr-FR\",\"potentialAction\":[{\"@type\":\"ReadAction\",\"target\":[\"https:\/\/ismfrance.org\/index.php\/2025\/09\/07\/gaza-al-mawasi-nest-pas-la-zone-humanitaire-revendiquee-par-israel-mais-un-lieu-de-massacres-et-de-famine\/\"]}]},{\"@type\":\"ImageObject\",\"inLanguage\":\"fr-FR\",\"@id\":\"https:\/\/ismfrance.org\/index.php\/2025\/09\/07\/gaza-al-mawasi-nest-pas-la-zone-humanitaire-revendiquee-par-israel-mais-un-lieu-de-massacres-et-de-famine\/#primaryimage\",\"url\":\"https:\/\/ismfrance.org\/wp-content\/uploads\/2025\/09\/tentes-al-mawasi.jpeg\",\"contentUrl\":\"https:\/\/ismfrance.org\/wp-content\/uploads\/2025\/09\/tentes-al-mawasi.jpeg\",\"width\":1920,\"height\":1080},{\"@type\":\"BreadcrumbList\",\"@id\":\"https:\/\/ismfrance.org\/index.php\/2025\/09\/07\/gaza-al-mawasi-nest-pas-la-zone-humanitaire-revendiquee-par-israel-mais-un-lieu-de-massacres-et-de-famine\/#breadcrumb\",\"itemListElement\":[{\"@type\":\"ListItem\",\"position\":1,\"name\":\"Accueil\",\"item\":\"https:\/\/ismfrance.org\/\"},{\"@type\":\"ListItem\",\"position\":2,\"name\":\"Gaza\u00a0: Al-Mawasi n\u2019est pas la zone humanitaire revendiqu\u00e9e par Isra\u00ebl, mais un lieu de massacres et de famine\"}]},{\"@type\":\"WebSite\",\"@id\":\"https:\/\/ismfrance.org\/#website\",\"url\":\"https:\/\/ismfrance.org\/\",\"name\":\"ISM Palestine France\",\"description\":\"Soutien aux luttes de lib\u00e9ration du peuple palestinien\",\"publisher\":{\"@id\":\"https:\/\/ismfrance.org\/#organization\"},\"potentialAction\":[{\"@type\":\"SearchAction\",\"target\":{\"@type\":\"EntryPoint\",\"urlTemplate\":\"https:\/\/ismfrance.org\/?s={search_term_string}\"},\"query-input\":{\"@type\":\"PropertyValueSpecification\",\"valueRequired\":true,\"valueName\":\"search_term_string\"}}],\"inLanguage\":\"fr-FR\"},{\"@type\":\"Organization\",\"@id\":\"https:\/\/ismfrance.org\/#organization\",\"name\":\"International Solidarity Movement\",\"url\":\"https:\/\/ismfrance.org\/\",\"logo\":{\"@type\":\"ImageObject\",\"inLanguage\":\"fr-FR\",\"@id\":\"https:\/\/ismfrance.org\/#\/schema\/logo\/image\/\",\"url\":\"https:\/\/ismfrance.org\/wp-content\/uploads\/2020\/12\/00.png\",\"contentUrl\":\"https:\/\/ismfrance.org\/wp-content\/uploads\/2020\/12\/00.png\",\"width\":400,\"height\":400,\"caption\":\"International Solidarity Movement\"},\"image\":{\"@id\":\"https:\/\/ismfrance.org\/#\/schema\/logo\/image\/\"},\"sameAs\":[\"https:\/\/x.com\/ISMFRANCE\"]},{\"@type\":\"Person\",\"@id\":\"https:\/\/ismfrance.org\/#\/schema\/person\/3c411eb72adfaae19c0dca1f41fae01d\",\"name\":\"mru_01\",\"image\":{\"@type\":\"ImageObject\",\"inLanguage\":\"fr-FR\",\"@id\":\"https:\/\/secure.gravatar.com\/avatar\/3a0be343b445d2ccc79e87444a294fad2b232e90d2051d0e3cc219e1ecd6a330?s=96&d=mm&r=g\",\"url\":\"https:\/\/secure.gravatar.com\/avatar\/3a0be343b445d2ccc79e87444a294fad2b232e90d2051d0e3cc219e1ecd6a330?s=96&d=mm&r=g\",\"contentUrl\":\"https:\/\/secure.gravatar.com\/avatar\/3a0be343b445d2ccc79e87444a294fad2b232e90d2051d0e3cc219e1ecd6a330?s=96&d=mm&r=g\",\"caption\":\"mru_01\"},\"url\":\"https:\/\/ismfrance.org\/index.php\/author\/admin02\/\"}]}<\/script>\n<!-- \/ Yoast SEO plugin. -->","yoast_head_json":{"title":"Gaza\u00a0: Al-Mawasi n\u2019est pas la zone humanitaire revendiqu\u00e9e par Isra\u00ebl, mais un lieu de massacres et de famine - International Solidarity Movement - ISM-France","robots":{"index":"index","follow":"follow","max-snippet":"max-snippet:-1","max-image-preview":"max-image-preview:large","max-video-preview":"max-video-preview:-1"},"canonical":"https:\/\/ismfrance.org\/index.php\/2025\/09\/07\/gaza-al-mawasi-nest-pas-la-zone-humanitaire-revendiquee-par-israel-mais-un-lieu-de-massacres-et-de-famine\/","og_locale":"fr_FR","og_type":"article","og_title":"Gaza\u00a0: Al-Mawasi n\u2019est pas la zone humanitaire revendiqu\u00e9e par Isra\u00ebl, mais un lieu de massacres et de famine - International Solidarity Movement - ISM-France","og_description":"EuroMed Monitor, 7 septembre 2025. \u2013 La d\u00e9claration de l\u2019arm\u00e9e isra\u00e9lienne d\u00e9crivant Al-Mawasi, \u00e0 Khan Younis, au sud de la bande de Gaza, commem une \u00ab\u00a0zone humanitaire\u00a0\u00bb est une propagande Lire la suite &rarr;","og_url":"https:\/\/ismfrance.org\/index.php\/2025\/09\/07\/gaza-al-mawasi-nest-pas-la-zone-humanitaire-revendiquee-par-israel-mais-un-lieu-de-massacres-et-de-famine\/","og_site_name":"International Solidarity Movement - ISM-France","article_published_time":"2025-09-07T16:56:01+00:00","og_image":[{"width":1920,"height":1080,"url":"https:\/\/ismfrance.org\/wp-content\/uploads\/2025\/09\/tentes-al-mawasi.jpeg","type":"image\/jpeg"}],"author":"mru_01","twitter_card":"summary_large_image","twitter_creator":"@ISMFRANCE","twitter_site":"@ISMFRANCE","twitter_misc":{"\u00c9crit par":"mru_01","Dur\u00e9e de lecture estim\u00e9e":"9 minutes"},"schema":{"@context":"https:\/\/schema.org","@graph":[{"@type":"Article","@id":"https:\/\/ismfrance.org\/index.php\/2025\/09\/07\/gaza-al-mawasi-nest-pas-la-zone-humanitaire-revendiquee-par-israel-mais-un-lieu-de-massacres-et-de-famine\/#article","isPartOf":{"@id":"https:\/\/ismfrance.org\/index.php\/2025\/09\/07\/gaza-al-mawasi-nest-pas-la-zone-humanitaire-revendiquee-par-israel-mais-un-lieu-de-massacres-et-de-famine\/"},"author":{"name":"mru_01","@id":"https:\/\/ismfrance.org\/#\/schema\/person\/3c411eb72adfaae19c0dca1f41fae01d"},"headline":"Gaza\u00a0: Al-Mawasi n\u2019est pas la zone humanitaire revendiqu\u00e9e par Isra\u00ebl, mais un lieu de massacres et de famine","datePublished":"2025-09-07T16:56:01+00:00","mainEntityOfPage":{"@id":"https:\/\/ismfrance.org\/index.php\/2025\/09\/07\/gaza-al-mawasi-nest-pas-la-zone-humanitaire-revendiquee-par-israel-mais-un-lieu-de-massacres-et-de-famine\/"},"wordCount":1700,"publisher":{"@id":"https:\/\/ismfrance.org\/#organization"},"image":{"@id":"https:\/\/ismfrance.org\/index.php\/2025\/09\/07\/gaza-al-mawasi-nest-pas-la-zone-humanitaire-revendiquee-par-israel-mais-un-lieu-de-massacres-et-de-famine\/#primaryimage"},"thumbnailUrl":"https:\/\/ismfrance.org\/wp-content\/uploads\/2025\/09\/tentes-al-mawasi.jpeg","keywords":["G\u00e9nocide"],"articleSection":["Analyses","Articles"],"inLanguage":"fr-FR"},{"@type":"WebPage","@id":"https:\/\/ismfrance.org\/index.php\/2025\/09\/07\/gaza-al-mawasi-nest-pas-la-zone-humanitaire-revendiquee-par-israel-mais-un-lieu-de-massacres-et-de-famine\/","url":"https:\/\/ismfrance.org\/index.php\/2025\/09\/07\/gaza-al-mawasi-nest-pas-la-zone-humanitaire-revendiquee-par-israel-mais-un-lieu-de-massacres-et-de-famine\/","name":"Gaza\u00a0: Al-Mawasi n\u2019est pas la zone humanitaire revendiqu\u00e9e par Isra\u00ebl, mais un lieu de massacres et de famine - International Solidarity Movement - ISM-France","isPartOf":{"@id":"https:\/\/ismfrance.org\/#website"},"primaryImageOfPage":{"@id":"https:\/\/ismfrance.org\/index.php\/2025\/09\/07\/gaza-al-mawasi-nest-pas-la-zone-humanitaire-revendiquee-par-israel-mais-un-lieu-de-massacres-et-de-famine\/#primaryimage"},"image":{"@id":"https:\/\/ismfrance.org\/index.php\/2025\/09\/07\/gaza-al-mawasi-nest-pas-la-zone-humanitaire-revendiquee-par-israel-mais-un-lieu-de-massacres-et-de-famine\/#primaryimage"},"thumbnailUrl":"https:\/\/ismfrance.org\/wp-content\/uploads\/2025\/09\/tentes-al-mawasi.jpeg","datePublished":"2025-09-07T16:56:01+00:00","breadcrumb":{"@id":"https:\/\/ismfrance.org\/index.php\/2025\/09\/07\/gaza-al-mawasi-nest-pas-la-zone-humanitaire-revendiquee-par-israel-mais-un-lieu-de-massacres-et-de-famine\/#breadcrumb"},"inLanguage":"fr-FR","potentialAction":[{"@type":"ReadAction","target":["https:\/\/ismfrance.org\/index.php\/2025\/09\/07\/gaza-al-mawasi-nest-pas-la-zone-humanitaire-revendiquee-par-israel-mais-un-lieu-de-massacres-et-de-famine\/"]}]},{"@type":"ImageObject","inLanguage":"fr-FR","@id":"https:\/\/ismfrance.org\/index.php\/2025\/09\/07\/gaza-al-mawasi-nest-pas-la-zone-humanitaire-revendiquee-par-israel-mais-un-lieu-de-massacres-et-de-famine\/#primaryimage","url":"https:\/\/ismfrance.org\/wp-content\/uploads\/2025\/09\/tentes-al-mawasi.jpeg","contentUrl":"https:\/\/ismfrance.org\/wp-content\/uploads\/2025\/09\/tentes-al-mawasi.jpeg","width":1920,"height":1080},{"@type":"BreadcrumbList","@id":"https:\/\/ismfrance.org\/index.php\/2025\/09\/07\/gaza-al-mawasi-nest-pas-la-zone-humanitaire-revendiquee-par-israel-mais-un-lieu-de-massacres-et-de-famine\/#breadcrumb","itemListElement":[{"@type":"ListItem","position":1,"name":"Accueil","item":"https:\/\/ismfrance.org\/"},{"@type":"ListItem","position":2,"name":"Gaza\u00a0: Al-Mawasi n\u2019est pas la zone humanitaire revendiqu\u00e9e par Isra\u00ebl, mais un lieu de massacres et de famine"}]},{"@type":"WebSite","@id":"https:\/\/ismfrance.org\/#website","url":"https:\/\/ismfrance.org\/","name":"ISM Palestine France","description":"Soutien aux luttes de lib\u00e9ration du peuple palestinien","publisher":{"@id":"https:\/\/ismfrance.org\/#organization"},"potentialAction":[{"@type":"SearchAction","target":{"@type":"EntryPoint","urlTemplate":"https:\/\/ismfrance.org\/?s={search_term_string}"},"query-input":{"@type":"PropertyValueSpecification","valueRequired":true,"valueName":"search_term_string"}}],"inLanguage":"fr-FR"},{"@type":"Organization","@id":"https:\/\/ismfrance.org\/#organization","name":"International Solidarity Movement","url":"https:\/\/ismfrance.org\/","logo":{"@type":"ImageObject","inLanguage":"fr-FR","@id":"https:\/\/ismfrance.org\/#\/schema\/logo\/image\/","url":"https:\/\/ismfrance.org\/wp-content\/uploads\/2020\/12\/00.png","contentUrl":"https:\/\/ismfrance.org\/wp-content\/uploads\/2020\/12\/00.png","width":400,"height":400,"caption":"International Solidarity Movement"},"image":{"@id":"https:\/\/ismfrance.org\/#\/schema\/logo\/image\/"},"sameAs":["https:\/\/x.com\/ISMFRANCE"]},{"@type":"Person","@id":"https:\/\/ismfrance.org\/#\/schema\/person\/3c411eb72adfaae19c0dca1f41fae01d","name":"mru_01","image":{"@type":"ImageObject","inLanguage":"fr-FR","@id":"https:\/\/secure.gravatar.com\/avatar\/3a0be343b445d2ccc79e87444a294fad2b232e90d2051d0e3cc219e1ecd6a330?s=96&d=mm&r=g","url":"https:\/\/secure.gravatar.com\/avatar\/3a0be343b445d2ccc79e87444a294fad2b232e90d2051d0e3cc219e1ecd6a330?s=96&d=mm&r=g","contentUrl":"https:\/\/secure.gravatar.com\/avatar\/3a0be343b445d2ccc79e87444a294fad2b232e90d2051d0e3cc219e1ecd6a330?s=96&d=mm&r=g","caption":"mru_01"},"url":"https:\/\/ismfrance.org\/index.php\/author\/admin02\/"}]}},"_links":{"self":[{"href":"https:\/\/ismfrance.org\/index.php\/wp-json\/wp\/v2\/posts\/23374","targetHints":{"allow":["GET"]}}],"collection":[{"href":"https:\/\/ismfrance.org\/index.php\/wp-json\/wp\/v2\/posts"}],"about":[{"href":"https:\/\/ismfrance.org\/index.php\/wp-json\/wp\/v2\/types\/post"}],"author":[{"embeddable":true,"href":"https:\/\/ismfrance.org\/index.php\/wp-json\/wp\/v2\/users\/3"}],"replies":[{"embeddable":true,"href":"https:\/\/ismfrance.org\/index.php\/wp-json\/wp\/v2\/comments?post=23374"}],"version-history":[{"count":0,"href":"https:\/\/ismfrance.org\/index.php\/wp-json\/wp\/v2\/posts\/23374\/revisions"}],"wp:featuredmedia":[{"embeddable":true,"href":"https:\/\/ismfrance.org\/index.php\/wp-json\/wp\/v2\/media\/23383"}],"wp:attachment":[{"href":"https:\/\/ismfrance.org\/index.php\/wp-json\/wp\/v2\/media?parent=23374"}],"wp:term":[{"taxonomy":"category","embeddable":true,"href":"https:\/\/ismfrance.org\/index.php\/wp-json\/wp\/v2\/categories?post=23374"},{"taxonomy":"post_tag","embeddable":true,"href":"https:\/\/ismfrance.org\/index.php\/wp-json\/wp\/v2\/tags?post=23374"}],"curies":[{"name":"wp","href":"https:\/\/api.w.org\/{rel}","templated":true}]}}