{"id":23370,"date":"2025-09-07T09:41:10","date_gmt":"2025-09-07T07:41:10","guid":{"rendered":"https:\/\/ismfrance.org\/?p=23370"},"modified":"2025-09-07T09:41:10","modified_gmt":"2025-09-07T07:41:10","slug":"cest-lhumanite-contre-des-monstres","status":"publish","type":"post","link":"https:\/\/ismfrance.org\/index.php\/2025\/09\/07\/cest-lhumanite-contre-des-monstres\/","title":{"rendered":"\u00ab\u00a0C&rsquo;est l&rsquo;humanit\u00e9 contre des monstres\u00a0\u00bb"},"content":{"rendered":"<p><span style=\"color: #000000;\"><span style=\"font-family: Arial, sans-serif;\"><span style=\"font-size: medium;\"><strong>Alon Mizrahi, 6 septembre 2025.-<\/strong> Il ne s&rsquo;agit pas de pro-Palestine contre pro-Isra\u00ebl. C&rsquo;est l&rsquo;humanit\u00e9 contre les monstres. Et je vais vous dire exactement pourquoi.<\/span><\/span><\/span><\/p>\n<p><span style=\"color: #000000;\"><span style=\"font-family: Arial, sans-serif;\"><span style=\"font-size: medium;\">J&rsquo;ai v\u00e9cu presque toute ma vie en Isra\u00ebl et, ces deux derni\u00e8res ann\u00e9es (1), \u00e0 quelques mois pr\u00e8s, j&rsquo;ai pass\u00e9 la majeure partie de mon temps \u00e9veill\u00e9 \u00e0 vivre et \u00e0 respirer la r\u00e9sistance, parmi et aux c\u00f4t\u00e9s de personnes qui partagent une opposition totale \u00e0 la criminalit\u00e9 d&rsquo;Isra\u00ebl (et, de plus en plus, comme il est devenu \u00e9vident que l&rsquo;action et l&rsquo;acteur sont indissociables dans ce cas pr\u00e9cis, une opposition \u00e0 l&rsquo;existence m\u00eame d&rsquo;Isra\u00ebl).<\/span><\/span><\/span><\/p>\n<p><span style=\"color: #000000;\"><span style=\"font-family: Arial, sans-serif;\"><span style=\"font-size: medium;\">J&rsquo;ai pass\u00e9 des dizaines de milliers d&rsquo;heures \u00e0 interagir avec des Arabes et des musulmans, des Palestiniens et tant d&rsquo;autres, du Pakistan \u00e0 Londres, New York et Mexico (et avec un grand nombre d&rsquo;Occidentaux blancs tout aussi beaux et anim\u00e9s par la justice).<\/span><\/span><\/span><\/p>\n<p><span style=\"color: #000000;\"><span style=\"font-family: Arial, sans-serif;\"><span style=\"font-size: medium;\">J&rsquo;ai appris comment ces personnes expriment la col\u00e8re, la douleur, la frustration et le d\u00e9go\u00fbt, mais aussi la joie et l&rsquo;amour. J&rsquo;ai vu leur monde et leur caract\u00e8re. Ce qui m&rsquo;am\u00e8ne \u00e0 dire avec une assurance absolue\u00a0:<\/span><\/span><\/span><\/p>\n<p><span style=\"color: #000000;\"><span style=\"font-family: Arial, sans-serif;\"><span style=\"font-size: medium;\">Si les choses \u00e9taient diff\u00e9rentes, voire oppos\u00e9es, et que des dizaines de milliers d&rsquo;enfants juifs isra\u00e9liens avaient \u00e9t\u00e9 massacr\u00e9s, les personnes avec lesquelles j&rsquo;ai pass\u00e9 tant de temps en ligne, et en r\u00e9alit\u00e9, ne se seraient pas r\u00e9jouies, n&rsquo;auraient pas justifi\u00e9, cautionn\u00e9 ni ni\u00e9 ce massacre.<\/span><\/span><\/span><\/p>\n<p><a href=\"https:\/\/ismfrance.org\/wp-content\/uploads\/2025\/09\/Gzf64wmXMAAKTvC.jpeg\"><img loading=\"lazy\" decoding=\"async\" class=\"alignnone size-large wp-image-23371\" src=\"https:\/\/ismfrance.org\/wp-content\/uploads\/2025\/09\/Gzf64wmXMAAKTvC-700x467.jpeg\" alt=\"\" width=\"600\" height=\"400\" srcset=\"https:\/\/ismfrance.org\/wp-content\/uploads\/2025\/09\/Gzf64wmXMAAKTvC-700x467.jpeg 700w, https:\/\/ismfrance.org\/wp-content\/uploads\/2025\/09\/Gzf64wmXMAAKTvC-300x200.jpeg 300w, https:\/\/ismfrance.org\/wp-content\/uploads\/2025\/09\/Gzf64wmXMAAKTvC.jpeg 750w\" sizes=\"auto, (max-width: 600px) 100vw, 600px\" \/><\/a><\/p>\n<p><span style=\"color: #000000;\"><span style=\"font-family: Arial, sans-serif;\"><span style=\"font-size: medium;\">Elles seraient pein\u00e9es et choqu\u00e9es. Elles voudraient que cela cesse.<\/span><\/span><\/span><\/p>\n<p><span style=\"color: #000000;\"><span style=\"font-family: Arial, sans-serif;\"><span style=\"font-size: medium;\">Le grand consensus au sein du camp pro-palestinien, musulmans et arabes compris, serait constern\u00e9 par le flot continu d&rsquo;images d&rsquo;enfants juifs isra\u00e9liens massacr\u00e9s. Deux semaines plus tard, ils exigeraient la fin de ce massacre et une intervention mondiale.<\/span><\/span><\/span><\/p>\n<p><span style=\"color: #000000;\"><span style=\"font-family: Arial, sans-serif;\"><span style=\"font-size: medium;\">Vous savez pourquoi\u00a0? Non pas parce qu&rsquo;ils \u00ab\u00a0aiment les Juifs\u00a0\u00bb, mais parce que ce sont des gens normaux, et que la vue d&rsquo;un enfant souffrant les an\u00e9antit, comme la nature (ou Dieu) l&rsquo;a voulu.<\/span><\/span><\/span><\/p>\n<p><span style=\"color: #000000;\"><span style=\"font-family: Arial, sans-serif;\"><span style=\"font-size: medium;\">Les sionistes s&rsquo;en fichent compl\u00e8tement. Ce n&rsquo;est pas parce qu&rsquo;ils \u00ab\u00a0aiment les Juifs\u00a0\u00bb. C&rsquo;est parce qu&rsquo;ils sont fous, et que la haine de la vie et de l&rsquo;humanit\u00e9 est au c\u0153ur de leur identit\u00e9.<\/span><\/span><\/span><\/p>\n<p><span style=\"color: #000000;\"><span style=\"font-family: Arial, sans-serif;\"><span style=\"font-size: medium;\">Ils n&rsquo;\u00e9taient m\u00eame pas vraiment attrist\u00e9s par le 7 octobre. Une fois le choc initial surmont\u00e9, ils ont \u00e9t\u00e9 envahis par l&rsquo;extase\u00a0: ils avaient enfin l&rsquo;excuse id\u00e9ale pour accomplir ce dont ils avaient toujours r\u00eav\u00e9.<\/span><\/span><\/span><\/p>\n<p><span style=\"color: #000000;\"><span style=\"font-family: Arial, sans-serif;\"><span style=\"font-size: medium;\">Il ne s&rsquo;agit donc pas d&rsquo;une lutte entre ceux qui aiment les enfants d&rsquo;un groupe et ceux qui aiment les enfants d&rsquo;un autre. Il s&rsquo;agit d&rsquo;une lutte entre ceux qui aiment la vie et qui peuvent voir et ressentir la valeur de l&rsquo;enfance et des enfants (et de la famille, de la communaut\u00e9 et des personnes \u00e2g\u00e9es), et ceux qui sont rong\u00e9s par le besoin de punir, de dominer, de subjuguer et de d\u00e9truire.<\/span><\/span><\/span><\/p>\n<p><span style=\"color: #000000;\"><span style=\"font-family: Arial, sans-serif;\"><span style=\"font-size: medium;\">Pour moi, personnellement, l&rsquo;id\u00e9e que des enfants isra\u00e9liens soient d\u00e9chiquet\u00e9s ou amput\u00e9s sans anesth\u00e9sie est une vision infernale\u00a0; ce n&rsquo;est le r\u00eave de pratiquement aucun pro-palestinien ou antisioniste. Si certains nourrissent ces fantasmes, la r\u00e9sistance dominante les fera rapidement taire et les \u00e9liminer. Ils seront consid\u00e9r\u00e9s comme des d\u00e9rang\u00e9s, et \u00e0 juste titre.<\/span><\/span><\/span><\/p>\n<p><a href=\"https:\/\/ismfrance.org\/wp-content\/uploads\/2025\/09\/tour.jpeg\"><img loading=\"lazy\" decoding=\"async\" class=\"alignnone size-large wp-image-23372\" src=\"https:\/\/ismfrance.org\/wp-content\/uploads\/2025\/09\/tour-700x700.jpeg\" alt=\"\" width=\"600\" height=\"600\" srcset=\"https:\/\/ismfrance.org\/wp-content\/uploads\/2025\/09\/tour-700x700.jpeg 700w, https:\/\/ismfrance.org\/wp-content\/uploads\/2025\/09\/tour-300x300.jpeg 300w, https:\/\/ismfrance.org\/wp-content\/uploads\/2025\/09\/tour-150x150.jpeg 150w, https:\/\/ismfrance.org\/wp-content\/uploads\/2025\/09\/tour-768x768.jpeg 768w, https:\/\/ismfrance.org\/wp-content\/uploads\/2025\/09\/tour-144x144.jpeg 144w, https:\/\/ismfrance.org\/wp-content\/uploads\/2025\/09\/tour.jpeg 1091w\" sizes=\"auto, (max-width: 600px) 100vw, 600px\" \/><\/a><\/p>\n<p><span style=\"color: #000000;\"><span style=\"font-family: Arial, sans-serif;\"><span style=\"font-size: medium;\">La jouissance sadique face \u00e0 la souffrance et \u00e0 la douleur aigu\u00ebs et prolong\u00e9es de l&rsquo;autre (qu&rsquo;un slogan comme \u00ab\u00a0Lib\u00e9rez les otages\u00a0\u00bb illustre parfaitement) est propre au camp sioniste. Et les sionistes am\u00e9ricains en sont presque les meilleurs exemples. Ils se d\u00e9lectent profond\u00e9ment de la souffrance des personnes de couleur.<\/span><\/span><\/span><\/p>\n<p><span style=\"color: #000000;\"><span style=\"font-family: Arial, sans-serif;\"><span style=\"font-size: medium;\">Ce sont des sadiques et des menteurs n\u00e9s. C&rsquo;est pr\u00e9cis\u00e9ment ce dont ils accusent le Hamas, ou les \u00ab\u00a0musulmans\u00a0\u00bb.<\/span><\/span><\/span><\/p>\n<p><span style=\"color: #000000;\"><span style=\"font-family: Arial, sans-serif;\"><span style=\"font-size: medium;\">Il ne s&rsquo;agit pas d&rsquo;un combat pro-palestinien contre un combat pro-isra\u00e9lien. C&rsquo;est l&rsquo;humanit\u00e9 contre des monstres.<\/span><\/span><\/span><\/p>\n<p><span style=\"color: #000000;\"><span style=\"font-family: Arial, sans-serif;\"><span style=\"font-size: medium;\">(1) Alon Mizrahi a d\u00e9finitivement quitt\u00e9 Isra\u00ebl en 2023.<\/span><\/span><\/span><\/p>\n<p><span style=\"color: #000000;\"><span style=\"font-family: Arial, sans-serif;\"><span style=\"font-size: medium;\"><span style=\"font-size: small;\">Article original en anglais sur le <a href=\"https:\/\/x.com\/alon_mizrahi\/status\/1964378952010780927\">compte X de Alon Mizrahi<\/a> \/ Traduction MR<\/span><\/span><\/span><\/span><\/p>\n","protected":false},"excerpt":{"rendered":"<p>Alon Mizrahi, 6 septembre 2025.- Il ne s&rsquo;agit pas de pro-Palestine contre pro-Isra\u00ebl. C&rsquo;est l&rsquo;humanit\u00e9 contre les monstres. Et je vais vous dire exactement pourquoi. J&rsquo;ai v\u00e9cu presque toute ma <a class=\"more-link\" href=\"https:\/\/ismfrance.org\/index.php\/2025\/09\/07\/cest-lhumanite-contre-des-monstres\/\">Lire la suite &rarr;<\/a><\/p>\n","protected":false},"author":3,"featured_media":23371,"comment_status":"closed","ping_status":"closed","sticky":false,"template":"","format":"standard","meta":{"footnotes":""},"categories":[12,2],"tags":[156],"class_list":["post-23370","post","type-post","status-publish","format-standard","has-post-thumbnail","hentry","category-analyses","category-articles","tag-genocide"],"yoast_head":"<!-- This site is optimized with the Yoast SEO plugin v27.2 - https:\/\/yoast.com\/product\/yoast-seo-wordpress\/ -->\n<title>&quot;C&#039;est l&#039;humanit\u00e9 contre des monstres&quot; - International Solidarity Movement - ISM-France<\/title>\n<meta name=\"robots\" content=\"index, follow, max-snippet:-1, max-image-preview:large, max-video-preview:-1\" \/>\n<link rel=\"canonical\" href=\"https:\/\/ismfrance.org\/index.php\/2025\/09\/07\/cest-lhumanite-contre-des-monstres\/\" \/>\n<meta property=\"og:locale\" content=\"fr_FR\" \/>\n<meta property=\"og:type\" content=\"article\" \/>\n<meta property=\"og:title\" content=\"&quot;C&#039;est l&#039;humanit\u00e9 contre des monstres&quot; - International Solidarity Movement - ISM-France\" \/>\n<meta property=\"og:description\" content=\"Alon Mizrahi, 6 septembre 2025.- Il ne s&rsquo;agit pas de pro-Palestine contre pro-Isra\u00ebl. C&rsquo;est l&rsquo;humanit\u00e9 contre les monstres. Et je vais vous dire exactement pourquoi. J&rsquo;ai v\u00e9cu presque toute ma Lire la suite &rarr;\" \/>\n<meta property=\"og:url\" content=\"https:\/\/ismfrance.org\/index.php\/2025\/09\/07\/cest-lhumanite-contre-des-monstres\/\" \/>\n<meta property=\"og:site_name\" content=\"International Solidarity Movement - ISM-France\" \/>\n<meta property=\"article:published_time\" content=\"2025-09-07T07:41:10+00:00\" \/>\n<meta property=\"og:image\" content=\"https:\/\/ismfrance.org\/wp-content\/uploads\/2025\/09\/Gzf64wmXMAAKTvC.jpeg\" \/>\n\t<meta property=\"og:image:width\" content=\"750\" \/>\n\t<meta property=\"og:image:height\" content=\"500\" \/>\n\t<meta property=\"og:image:type\" content=\"image\/jpeg\" \/>\n<meta name=\"author\" content=\"mru_01\" \/>\n<meta name=\"twitter:card\" content=\"summary_large_image\" \/>\n<meta name=\"twitter:creator\" content=\"@ISMFRANCE\" \/>\n<meta name=\"twitter:site\" content=\"@ISMFRANCE\" \/>\n<meta name=\"twitter:label1\" content=\"\u00c9crit par\" \/>\n\t<meta name=\"twitter:data1\" content=\"mru_01\" \/>\n\t<meta name=\"twitter:label2\" content=\"Dur\u00e9e de lecture estim\u00e9e\" \/>\n\t<meta name=\"twitter:data2\" content=\"4 minutes\" \/>\n<script type=\"application\/ld+json\" class=\"yoast-schema-graph\">{\"@context\":\"https:\/\/schema.org\",\"@graph\":[{\"@type\":\"Article\",\"@id\":\"https:\/\/ismfrance.org\/index.php\/2025\/09\/07\/cest-lhumanite-contre-des-monstres\/#article\",\"isPartOf\":{\"@id\":\"https:\/\/ismfrance.org\/index.php\/2025\/09\/07\/cest-lhumanite-contre-des-monstres\/\"},\"author\":{\"name\":\"mru_01\",\"@id\":\"https:\/\/ismfrance.org\/#\/schema\/person\/3c411eb72adfaae19c0dca1f41fae01d\"},\"headline\":\"\u00ab\u00a0C&rsquo;est l&rsquo;humanit\u00e9 contre des monstres\u00a0\u00bb\",\"datePublished\":\"2025-09-07T07:41:10+00:00\",\"mainEntityOfPage\":{\"@id\":\"https:\/\/ismfrance.org\/index.php\/2025\/09\/07\/cest-lhumanite-contre-des-monstres\/\"},\"wordCount\":716,\"publisher\":{\"@id\":\"https:\/\/ismfrance.org\/#organization\"},\"image\":{\"@id\":\"https:\/\/ismfrance.org\/index.php\/2025\/09\/07\/cest-lhumanite-contre-des-monstres\/#primaryimage\"},\"thumbnailUrl\":\"https:\/\/ismfrance.org\/wp-content\/uploads\/2025\/09\/Gzf64wmXMAAKTvC.jpeg\",\"keywords\":[\"G\u00e9nocide\"],\"articleSection\":[\"Analyses\",\"Articles\"],\"inLanguage\":\"fr-FR\"},{\"@type\":\"WebPage\",\"@id\":\"https:\/\/ismfrance.org\/index.php\/2025\/09\/07\/cest-lhumanite-contre-des-monstres\/\",\"url\":\"https:\/\/ismfrance.org\/index.php\/2025\/09\/07\/cest-lhumanite-contre-des-monstres\/\",\"name\":\"\\\"C'est l'humanit\u00e9 contre des monstres\\\" - International Solidarity Movement - ISM-France\",\"isPartOf\":{\"@id\":\"https:\/\/ismfrance.org\/#website\"},\"primaryImageOfPage\":{\"@id\":\"https:\/\/ismfrance.org\/index.php\/2025\/09\/07\/cest-lhumanite-contre-des-monstres\/#primaryimage\"},\"image\":{\"@id\":\"https:\/\/ismfrance.org\/index.php\/2025\/09\/07\/cest-lhumanite-contre-des-monstres\/#primaryimage\"},\"thumbnailUrl\":\"https:\/\/ismfrance.org\/wp-content\/uploads\/2025\/09\/Gzf64wmXMAAKTvC.jpeg\",\"datePublished\":\"2025-09-07T07:41:10+00:00\",\"breadcrumb\":{\"@id\":\"https:\/\/ismfrance.org\/index.php\/2025\/09\/07\/cest-lhumanite-contre-des-monstres\/#breadcrumb\"},\"inLanguage\":\"fr-FR\",\"potentialAction\":[{\"@type\":\"ReadAction\",\"target\":[\"https:\/\/ismfrance.org\/index.php\/2025\/09\/07\/cest-lhumanite-contre-des-monstres\/\"]}]},{\"@type\":\"ImageObject\",\"inLanguage\":\"fr-FR\",\"@id\":\"https:\/\/ismfrance.org\/index.php\/2025\/09\/07\/cest-lhumanite-contre-des-monstres\/#primaryimage\",\"url\":\"https:\/\/ismfrance.org\/wp-content\/uploads\/2025\/09\/Gzf64wmXMAAKTvC.jpeg\",\"contentUrl\":\"https:\/\/ismfrance.org\/wp-content\/uploads\/2025\/09\/Gzf64wmXMAAKTvC.jpeg\",\"width\":750,\"height\":500},{\"@type\":\"BreadcrumbList\",\"@id\":\"https:\/\/ismfrance.org\/index.php\/2025\/09\/07\/cest-lhumanite-contre-des-monstres\/#breadcrumb\",\"itemListElement\":[{\"@type\":\"ListItem\",\"position\":1,\"name\":\"Accueil\",\"item\":\"https:\/\/ismfrance.org\/\"},{\"@type\":\"ListItem\",\"position\":2,\"name\":\"\u00ab\u00a0C&rsquo;est l&rsquo;humanit\u00e9 contre des monstres\u00a0\u00bb\"}]},{\"@type\":\"WebSite\",\"@id\":\"https:\/\/ismfrance.org\/#website\",\"url\":\"https:\/\/ismfrance.org\/\",\"name\":\"ISM Palestine France\",\"description\":\"Soutien aux luttes de lib\u00e9ration du peuple palestinien\",\"publisher\":{\"@id\":\"https:\/\/ismfrance.org\/#organization\"},\"potentialAction\":[{\"@type\":\"SearchAction\",\"target\":{\"@type\":\"EntryPoint\",\"urlTemplate\":\"https:\/\/ismfrance.org\/?s={search_term_string}\"},\"query-input\":{\"@type\":\"PropertyValueSpecification\",\"valueRequired\":true,\"valueName\":\"search_term_string\"}}],\"inLanguage\":\"fr-FR\"},{\"@type\":\"Organization\",\"@id\":\"https:\/\/ismfrance.org\/#organization\",\"name\":\"International Solidarity Movement\",\"url\":\"https:\/\/ismfrance.org\/\",\"logo\":{\"@type\":\"ImageObject\",\"inLanguage\":\"fr-FR\",\"@id\":\"https:\/\/ismfrance.org\/#\/schema\/logo\/image\/\",\"url\":\"https:\/\/ismfrance.org\/wp-content\/uploads\/2020\/12\/00.png\",\"contentUrl\":\"https:\/\/ismfrance.org\/wp-content\/uploads\/2020\/12\/00.png\",\"width\":400,\"height\":400,\"caption\":\"International Solidarity Movement\"},\"image\":{\"@id\":\"https:\/\/ismfrance.org\/#\/schema\/logo\/image\/\"},\"sameAs\":[\"https:\/\/x.com\/ISMFRANCE\"]},{\"@type\":\"Person\",\"@id\":\"https:\/\/ismfrance.org\/#\/schema\/person\/3c411eb72adfaae19c0dca1f41fae01d\",\"name\":\"mru_01\",\"image\":{\"@type\":\"ImageObject\",\"inLanguage\":\"fr-FR\",\"@id\":\"https:\/\/secure.gravatar.com\/avatar\/3a0be343b445d2ccc79e87444a294fad2b232e90d2051d0e3cc219e1ecd6a330?s=96&d=mm&r=g\",\"url\":\"https:\/\/secure.gravatar.com\/avatar\/3a0be343b445d2ccc79e87444a294fad2b232e90d2051d0e3cc219e1ecd6a330?s=96&d=mm&r=g\",\"contentUrl\":\"https:\/\/secure.gravatar.com\/avatar\/3a0be343b445d2ccc79e87444a294fad2b232e90d2051d0e3cc219e1ecd6a330?s=96&d=mm&r=g\",\"caption\":\"mru_01\"},\"url\":\"https:\/\/ismfrance.org\/index.php\/author\/admin02\/\"}]}<\/script>\n<!-- \/ Yoast SEO plugin. -->","yoast_head_json":{"title":"\"C'est l'humanit\u00e9 contre des monstres\" - International Solidarity Movement - ISM-France","robots":{"index":"index","follow":"follow","max-snippet":"max-snippet:-1","max-image-preview":"max-image-preview:large","max-video-preview":"max-video-preview:-1"},"canonical":"https:\/\/ismfrance.org\/index.php\/2025\/09\/07\/cest-lhumanite-contre-des-monstres\/","og_locale":"fr_FR","og_type":"article","og_title":"\"C'est l'humanit\u00e9 contre des monstres\" - International Solidarity Movement - ISM-France","og_description":"Alon Mizrahi, 6 septembre 2025.- Il ne s&rsquo;agit pas de pro-Palestine contre pro-Isra\u00ebl. C&rsquo;est l&rsquo;humanit\u00e9 contre les monstres. Et je vais vous dire exactement pourquoi. J&rsquo;ai v\u00e9cu presque toute ma Lire la suite &rarr;","og_url":"https:\/\/ismfrance.org\/index.php\/2025\/09\/07\/cest-lhumanite-contre-des-monstres\/","og_site_name":"International Solidarity Movement - ISM-France","article_published_time":"2025-09-07T07:41:10+00:00","og_image":[{"width":750,"height":500,"url":"https:\/\/ismfrance.org\/wp-content\/uploads\/2025\/09\/Gzf64wmXMAAKTvC.jpeg","type":"image\/jpeg"}],"author":"mru_01","twitter_card":"summary_large_image","twitter_creator":"@ISMFRANCE","twitter_site":"@ISMFRANCE","twitter_misc":{"\u00c9crit par":"mru_01","Dur\u00e9e de lecture estim\u00e9e":"4 minutes"},"schema":{"@context":"https:\/\/schema.org","@graph":[{"@type":"Article","@id":"https:\/\/ismfrance.org\/index.php\/2025\/09\/07\/cest-lhumanite-contre-des-monstres\/#article","isPartOf":{"@id":"https:\/\/ismfrance.org\/index.php\/2025\/09\/07\/cest-lhumanite-contre-des-monstres\/"},"author":{"name":"mru_01","@id":"https:\/\/ismfrance.org\/#\/schema\/person\/3c411eb72adfaae19c0dca1f41fae01d"},"headline":"\u00ab\u00a0C&rsquo;est l&rsquo;humanit\u00e9 contre des monstres\u00a0\u00bb","datePublished":"2025-09-07T07:41:10+00:00","mainEntityOfPage":{"@id":"https:\/\/ismfrance.org\/index.php\/2025\/09\/07\/cest-lhumanite-contre-des-monstres\/"},"wordCount":716,"publisher":{"@id":"https:\/\/ismfrance.org\/#organization"},"image":{"@id":"https:\/\/ismfrance.org\/index.php\/2025\/09\/07\/cest-lhumanite-contre-des-monstres\/#primaryimage"},"thumbnailUrl":"https:\/\/ismfrance.org\/wp-content\/uploads\/2025\/09\/Gzf64wmXMAAKTvC.jpeg","keywords":["G\u00e9nocide"],"articleSection":["Analyses","Articles"],"inLanguage":"fr-FR"},{"@type":"WebPage","@id":"https:\/\/ismfrance.org\/index.php\/2025\/09\/07\/cest-lhumanite-contre-des-monstres\/","url":"https:\/\/ismfrance.org\/index.php\/2025\/09\/07\/cest-lhumanite-contre-des-monstres\/","name":"\"C'est l'humanit\u00e9 contre des monstres\" - International Solidarity Movement - ISM-France","isPartOf":{"@id":"https:\/\/ismfrance.org\/#website"},"primaryImageOfPage":{"@id":"https:\/\/ismfrance.org\/index.php\/2025\/09\/07\/cest-lhumanite-contre-des-monstres\/#primaryimage"},"image":{"@id":"https:\/\/ismfrance.org\/index.php\/2025\/09\/07\/cest-lhumanite-contre-des-monstres\/#primaryimage"},"thumbnailUrl":"https:\/\/ismfrance.org\/wp-content\/uploads\/2025\/09\/Gzf64wmXMAAKTvC.jpeg","datePublished":"2025-09-07T07:41:10+00:00","breadcrumb":{"@id":"https:\/\/ismfrance.org\/index.php\/2025\/09\/07\/cest-lhumanite-contre-des-monstres\/#breadcrumb"},"inLanguage":"fr-FR","potentialAction":[{"@type":"ReadAction","target":["https:\/\/ismfrance.org\/index.php\/2025\/09\/07\/cest-lhumanite-contre-des-monstres\/"]}]},{"@type":"ImageObject","inLanguage":"fr-FR","@id":"https:\/\/ismfrance.org\/index.php\/2025\/09\/07\/cest-lhumanite-contre-des-monstres\/#primaryimage","url":"https:\/\/ismfrance.org\/wp-content\/uploads\/2025\/09\/Gzf64wmXMAAKTvC.jpeg","contentUrl":"https:\/\/ismfrance.org\/wp-content\/uploads\/2025\/09\/Gzf64wmXMAAKTvC.jpeg","width":750,"height":500},{"@type":"BreadcrumbList","@id":"https:\/\/ismfrance.org\/index.php\/2025\/09\/07\/cest-lhumanite-contre-des-monstres\/#breadcrumb","itemListElement":[{"@type":"ListItem","position":1,"name":"Accueil","item":"https:\/\/ismfrance.org\/"},{"@type":"ListItem","position":2,"name":"\u00ab\u00a0C&rsquo;est l&rsquo;humanit\u00e9 contre des monstres\u00a0\u00bb"}]},{"@type":"WebSite","@id":"https:\/\/ismfrance.org\/#website","url":"https:\/\/ismfrance.org\/","name":"ISM Palestine France","description":"Soutien aux luttes de lib\u00e9ration du peuple palestinien","publisher":{"@id":"https:\/\/ismfrance.org\/#organization"},"potentialAction":[{"@type":"SearchAction","target":{"@type":"EntryPoint","urlTemplate":"https:\/\/ismfrance.org\/?s={search_term_string}"},"query-input":{"@type":"PropertyValueSpecification","valueRequired":true,"valueName":"search_term_string"}}],"inLanguage":"fr-FR"},{"@type":"Organization","@id":"https:\/\/ismfrance.org\/#organization","name":"International Solidarity Movement","url":"https:\/\/ismfrance.org\/","logo":{"@type":"ImageObject","inLanguage":"fr-FR","@id":"https:\/\/ismfrance.org\/#\/schema\/logo\/image\/","url":"https:\/\/ismfrance.org\/wp-content\/uploads\/2020\/12\/00.png","contentUrl":"https:\/\/ismfrance.org\/wp-content\/uploads\/2020\/12\/00.png","width":400,"height":400,"caption":"International Solidarity Movement"},"image":{"@id":"https:\/\/ismfrance.org\/#\/schema\/logo\/image\/"},"sameAs":["https:\/\/x.com\/ISMFRANCE"]},{"@type":"Person","@id":"https:\/\/ismfrance.org\/#\/schema\/person\/3c411eb72adfaae19c0dca1f41fae01d","name":"mru_01","image":{"@type":"ImageObject","inLanguage":"fr-FR","@id":"https:\/\/secure.gravatar.com\/avatar\/3a0be343b445d2ccc79e87444a294fad2b232e90d2051d0e3cc219e1ecd6a330?s=96&d=mm&r=g","url":"https:\/\/secure.gravatar.com\/avatar\/3a0be343b445d2ccc79e87444a294fad2b232e90d2051d0e3cc219e1ecd6a330?s=96&d=mm&r=g","contentUrl":"https:\/\/secure.gravatar.com\/avatar\/3a0be343b445d2ccc79e87444a294fad2b232e90d2051d0e3cc219e1ecd6a330?s=96&d=mm&r=g","caption":"mru_01"},"url":"https:\/\/ismfrance.org\/index.php\/author\/admin02\/"}]}},"_links":{"self":[{"href":"https:\/\/ismfrance.org\/index.php\/wp-json\/wp\/v2\/posts\/23370","targetHints":{"allow":["GET"]}}],"collection":[{"href":"https:\/\/ismfrance.org\/index.php\/wp-json\/wp\/v2\/posts"}],"about":[{"href":"https:\/\/ismfrance.org\/index.php\/wp-json\/wp\/v2\/types\/post"}],"author":[{"embeddable":true,"href":"https:\/\/ismfrance.org\/index.php\/wp-json\/wp\/v2\/users\/3"}],"replies":[{"embeddable":true,"href":"https:\/\/ismfrance.org\/index.php\/wp-json\/wp\/v2\/comments?post=23370"}],"version-history":[{"count":0,"href":"https:\/\/ismfrance.org\/index.php\/wp-json\/wp\/v2\/posts\/23370\/revisions"}],"wp:featuredmedia":[{"embeddable":true,"href":"https:\/\/ismfrance.org\/index.php\/wp-json\/wp\/v2\/media\/23371"}],"wp:attachment":[{"href":"https:\/\/ismfrance.org\/index.php\/wp-json\/wp\/v2\/media?parent=23370"}],"wp:term":[{"taxonomy":"category","embeddable":true,"href":"https:\/\/ismfrance.org\/index.php\/wp-json\/wp\/v2\/categories?post=23370"},{"taxonomy":"post_tag","embeddable":true,"href":"https:\/\/ismfrance.org\/index.php\/wp-json\/wp\/v2\/tags?post=23370"}],"curies":[{"name":"wp","href":"https:\/\/api.w.org\/{rel}","templated":true}]}}