{"id":23342,"date":"2025-09-05T12:20:01","date_gmt":"2025-09-05T10:20:01","guid":{"rendered":"https:\/\/ismfrance.org\/?p=23342"},"modified":"2025-09-05T12:20:01","modified_gmt":"2025-09-05T10:20:01","slug":"temoignages-de-gazaouis-la-survie-qui-sorganise-au-jour-le-jour-dans-lenfer-de-gaza-partie-510-4-9-lexil-force-des-palestiniens-de-gaza-une-saignee-c","status":"publish","type":"post","link":"https:\/\/ismfrance.org\/index.php\/2025\/09\/05\/temoignages-de-gazaouis-la-survie-qui-sorganise-au-jour-le-jour-dans-lenfer-de-gaza-partie-510-4-9-lexil-force-des-palestiniens-de-gaza-une-saignee-c\/","title":{"rendered":"T\u00e9moignages de Gazaouis : La survie qui s\u2019organise au jour le jour dans l\u2019enfer de Gaza \u2013 partie 510 \/ 4.9 \u2013\u00a0L&rsquo;exil forc\u00e9 des Palestiniens de Gaza : une saign\u00e9e collective"},"content":{"rendered":"<p align=\"LEFT\"><span style=\"color: #000000;\"><span style=\"font-family: Arial, sans-serif;\"><span style=\"font-size: medium;\"><strong>Brigitte Challande, 5 septembre 2025.-<\/strong> Le 4 septembre, Abu Amir \u00e9voque une question peu abord\u00e9e mais de plus en plus pr\u00e9sente. Gaza s\u2019\u00e9puise en silence et une expulsion lente qui arrache un peuple \u00e0 sa terre \u00e9teint les derniers \u00e9clats de ses r\u00eaves.<\/span><\/span><\/span><\/p>\n<p align=\"LEFT\"><a href=\"https:\/\/ismfrance.org\/wp-content\/uploads\/2025\/09\/exil.jpeg\"><img loading=\"lazy\" decoding=\"async\" class=\"size-large wp-image-23344 aligncenter\" src=\"https:\/\/ismfrance.org\/wp-content\/uploads\/2025\/09\/exil-700x394.jpeg\" alt=\"\" width=\"600\" height=\"338\" srcset=\"https:\/\/ismfrance.org\/wp-content\/uploads\/2025\/09\/exil-700x394.jpeg 700w, https:\/\/ismfrance.org\/wp-content\/uploads\/2025\/09\/exil-300x169.jpeg 300w, https:\/\/ismfrance.org\/wp-content\/uploads\/2025\/09\/exil-768x432.jpeg 768w, https:\/\/ismfrance.org\/wp-content\/uploads\/2025\/09\/exil-1320x743.jpeg 1320w, https:\/\/ismfrance.org\/wp-content\/uploads\/2025\/09\/exil.jpeg 1440w\" sizes=\"auto, (max-width: 600px) 100vw, 600px\" \/><\/a><\/p>\n<p align=\"LEFT\"><span style=\"color: #000000;\"><span style=\"font-family: Arial, sans-serif;\"><span style=\"font-size: medium;\">\u00ab\u00a0Quand Gaza se r\u00e9veille chaque matin, ce n\u2019est ni sous la lumi\u00e8re du soleil ni au chant des oiseaux, comme dans les autres villes, mais au bruit des valises tra\u00een\u00e9es vers les points de passage, et aux larmes des m\u00e8res qui font leurs adieux \u00e0 leurs enfants qu\u2019elles ne reverront peut-\u00eatre jamais. Dans les ruelles \u00e9troites se cache une douleur indicible : des visages p\u00e2les contemplant la mer comme une ultime fen\u00eatre ouverte sur le monde, des enfants fixant de leurs petits yeux un horizon lointain qu\u2019ils ne connaissent que sous un seul nom : \u00ab quitter Gaza \u00bb.<\/span><\/span><\/span><\/p>\n<p align=\"LEFT\"><span style=\"color: #000000;\"><span style=\"font-family: Arial, sans-serif;\"><span style=\"font-size: medium;\">Le d\u00e9sir de quitter la bande de Gaza n\u2019est plus une nouvelle ponctuelle ou une exception passag\u00e8re ; c&rsquo;est devenu une vague silencieuse de d\u00e9parts qui arrachent les gens \u00e0 leurs racines et les projettent vers des exils incertains, sous le couvert humanitaire de soins m\u00e9dicaux et de r\u00e9habilitation. En r\u00e9alit\u00e9, elle ait partie d\u2019un plan plus vaste qui cherche \u00e0 r\u00e9partir les Palestiniens \u00e0 travers le monde comme on se partage un butin : chaque pays prendrait sa part de ce peuple d\u00e9chir\u00e9, jusqu\u2019\u00e0 ce qu\u2019il ne reste \u00e0 Gaza que des ruines, du vide, une m\u00e9moire bris\u00e9e.<\/span><\/span><\/span><\/p>\n<p align=\"LEFT\"><span style=\"color: #000000;\"><span style=\"font-family: Arial, sans-serif;\"><span style=\"font-size: medium;\">L&rsquo;exode des Gazaouis n\u2019est plus un simple choix individuel de quelques-uns cherchant une vie meilleure ; il s\u2019est transform\u00e9e en ph\u00e9nom\u00e8ne croissant, jusqu\u2019\u00e0 devenir une saign\u00e9e collective vidant le territoire de sa jeunesse, de ses enfants et de ses familles. Derri\u00e8re les pr\u00e9textes officiels \u2013 soins m\u00e9dicaux, r\u00e9habilitation des bless\u00e9s et de leurs proches \u2013 se cache une raison plus profonde et plus dangereuse : une volont\u00e9 internationale de r\u00e9partir, lentement et discr\u00e8tement, les r\u00e9fugi\u00e9s de Gaza entre divers pays, europ\u00e9ens ou non, afin que le processus paraisse naturel, comme une succession d\u2019initiatives humanitaires \u00e9parses, <strong>alors qu\u2019il s\u2019agit d\u2019un plan soigneusement orchestr\u00e9 pour vider Gaza de ses habitants et dissoudre leur identit\u00e9 dans une nouvelle diaspora.<\/strong><\/span><\/span><\/span><\/p>\n<p align=\"LEFT\"><span style=\"color: #000000;\"><span style=\"font-family: Arial, sans-serif;\"><span style=\"font-size: medium;\">Les derniers chapitres de cette d\u00e9portation m\u00e8nent jusqu\u2019\u00e0 des pays lointains comme l\u2019Indon\u00e9sie, preuve de l\u2019extension g\u00e9ographique des lignes d\u2019exil palestiniennes. Loin d\u2019\u00eatre limit\u00e9e \u00e0 l\u2019\u00c9gypte, \u00e0 la Jordanie, \u00e0 la Turquie ou \u00e0 certaines capitales europ\u00e9ennes, elle s\u2019\u00e9tend d\u00e9sormais jusqu\u2019en Asie, soulignant que la question n\u2019est plus seulement une affaire de secours d\u2019urgence, mais bien une redistribution d\u00e9mographique dans laquelle plusieurs gouvernements s\u2019impliquent, chacun selon sa politique et ses capacit\u00e9s, avec un objectif final unique : transformer Gaza en une terre sans habitants ou en un espace invivable, et disperser ses gens dans des exils et des camps, loin de leur terre, de leur m\u00e9moire et de leurs droits historiques.<\/span><\/span><\/span><\/p>\n<p align=\"LEFT\"><span style=\"color: #000000;\"><span style=\"font-family: Arial, sans-serif;\"><span style=\"font-size: medium;\">Ce nettoyage ethnique n\u2019est pas nouveau, mais ces derni\u00e8res ann\u00e9es il a pris une ampleur sans pr\u00e9c\u00e9dent. Avec l\u2019aggravation de l\u2019agression isra\u00e9lienne et la politique de famine impos\u00e9e au territoire, avec les maisons d\u00e9truites sur leurs habitants et des centaines de milliers de d\u00e9plac\u00e9s, rester sur place est devenu un combat quotidien. Pas d\u2019\u00e9lectricit\u00e9, pas d\u2019eau, pas de nourriture suffisante, pas d\u2019avenir ni pour le travail ni pour les \u00e9tudes, un air satur\u00e9 d\u2019odeur de poudre, un ciel bruyant de chasseurs bombardiers, une mer cadenass\u00e9e par les navires de guerre et des fronti\u00e8res boucl\u00e9es par des murs et des barbel\u00e9s : qui peut r\u00e9sister dans de telles conditions ? La strat\u00e9gie de l\u2019occupation est claire : <strong>rendre la vie impossible, pousser les gens eux-m\u00eames \u00e0 chercher une \u00e9chappatoire<\/strong>. Ainsi, sans qu\u2019Isra\u00ebl n\u2019ait besoin d\u2019agir directement, la destruction, la faim et le d\u00e9sespoir deviennent les armes les plus efficaces pour provoquer ce d\u00e9part massif et silencieux.<\/span><\/span><\/span><\/p>\n<p align=\"LEFT\"><span style=\"color: #000000;\"><span style=\"font-family: Arial, sans-serif;\"><span style=\"font-size: medium;\">Plus grave encore, ces politiques ne sont un secret pour personne. Tout est devenu permis \u00e0 l\u2019arm\u00e9e isra\u00e9lienne \u00e0 Gaza : plus de lignes rouges, plus de respect du droit international. Les h\u00f4pitaux sont bombard\u00e9s, les \u00e9coles d\u00e9truites, les camps de d\u00e9plac\u00e9s cibl\u00e9s, les mosqu\u00e9es ras\u00e9es, et m\u00eame les cimeti\u00e8res n\u2019\u00e9chappent pas aux missiles. Une brutalit\u00e9 dont le but ultime est d\u2019imposer aux Gazaouis une seule d\u00e9cision : partir. Comment survivre sans toit, sans nourriture, sans eau ni m\u00e9dicaments ? Comment voir ses enfants mourir de faim ou de maladie sans tenter de fuir, f\u00fbt-ce au prix d\u2019un voyage p\u00e9rilleux vers l\u2019Europe, l\u2019Asie ou n\u2019importe quel lieu offrant une chance de vie ?<\/span><\/span><\/span><\/p>\n<p align=\"LEFT\"><span style=\"color: #000000;\"><span style=\"font-family: Arial, sans-serif;\"><span style=\"font-size: medium;\">Les r\u00e9seaux sociaux regorgent d\u2019images poignantes : des jeunes portant de petites valises, des femmes en pleurs aux portes des passages, des enfants agitant la main \u00e0 des amis qu\u2019ils ne reverront sans doute jamais. Des r\u00e9cits de familles vendant tout pour payer un trajet vers l\u2019exil via l\u2019\u00c9gypte, la Turquie ou la mer ; histoires de noyades tragiques en M\u00e9diterran\u00e9e ; histoires de r\u00e9ussites douloureuses, o\u00f9 le corps survit mais l\u2019\u00e2me reste bris\u00e9e, laissant derri\u00e8re elle une patrie d\u00e9chir\u00e9e et des souvenirs ensevelis sous les ruines.<\/span><\/span><\/span><\/p>\n<p align=\"LEFT\"><span style=\"color: #000000;\"><span style=\"font-family: Arial, sans-serif;\"><span style=\"font-size: medium;\">Les chiffres augmentent de fa\u00e7on alarmante : des milliers partent, d\u2019autres attendent, et la \u00ab\u00a0migration\u00a0\u00bb avance \u00e0 un rythme calcul\u00e9, masquant la catastrophe sous une apparence de normalit\u00e9. Mais il s\u2019agit en v\u00e9rit\u00e9 d\u2019un d\u00e9racinement collectif progressif, rappelant la Nakba de 1948, quand les Palestiniens furent chass\u00e9s de leurs villes et villages pour devenir r\u00e9fugi\u00e9s dispers\u00e9s aux quatre coins du monde.<\/span><\/span><\/span><\/p>\n<p align=\"LEFT\"><a href=\"https:\/\/ismfrance.org\/wp-content\/uploads\/2025\/09\/photo-unrwa.jpg\"><img loading=\"lazy\" decoding=\"async\" class=\"size-large wp-image-23343 aligncenter\" src=\"https:\/\/ismfrance.org\/wp-content\/uploads\/2025\/09\/photo-unrwa-526x700.jpg\" alt=\"\" width=\"526\" height=\"700\" srcset=\"https:\/\/ismfrance.org\/wp-content\/uploads\/2025\/09\/photo-unrwa-526x700.jpg 526w, https:\/\/ismfrance.org\/wp-content\/uploads\/2025\/09\/photo-unrwa-226x300.jpg 226w, https:\/\/ismfrance.org\/wp-content\/uploads\/2025\/09\/photo-unrwa-768x1022.jpg 768w, https:\/\/ismfrance.org\/wp-content\/uploads\/2025\/09\/photo-unrwa-1155x1536.jpg 1155w, https:\/\/ismfrance.org\/wp-content\/uploads\/2025\/09\/photo-unrwa-1320x1756.jpg 1320w, https:\/\/ismfrance.org\/wp-content\/uploads\/2025\/09\/photo-unrwa.jpg 1360w\" sizes=\"auto, (max-width: 526px) 100vw, 526px\" \/><\/a><\/p>\n<p align=\"LEFT\"><span style=\"color: #000000;\"><span style=\"font-family: Arial, sans-serif;\"><span style=\"font-size: medium;\">Aujourd\u2019hui, le sc\u00e9nario se rejoue : Gaza est lentement vid\u00e9e de ses habitants, tandis que les r\u00e9fugi\u00e9s sont absorb\u00e9s par diff\u00e9rents pays, chacun prenant sa part de ce peuple d\u00e9membr\u00e9. Isra\u00ebl atteint ainsi son objectif majeur : <strong>une terre sans peuple, ou un peuple enferm\u00e9 sans espoir.<\/strong><\/span><\/span><\/span><\/p>\n<p align=\"LEFT\"><span style=\"color: #000000;\"><span style=\"font-family: Arial, sans-serif;\"><span style=\"font-size: medium;\">Ce qui rend cette \u00e9migration encore plus am\u00e8re, c\u2019est qu\u2019elle ne se limite pas \u00e0 une qu\u00eate de soins pour les enfants bless\u00e9s ni \u00e0 une \u00e9chappatoire temporaire \u00e0 la guerre : elle constitue le d\u00e9but d\u2019une dilution du peuple palestinien. Celui qui part finira, apr\u00e8s quelques ann\u00e9es, par s\u2019int\u00e9grer \u00e0 une soci\u00e9t\u00e9 \u00e9trang\u00e8re ; ses enfants grandiront loin de la Palestine ; la m\u00e9moire se dissipera lentement, jusqu\u2019\u00e0 ce que Gaza ne soit plus qu\u2019un souvenir pour la premi\u00e8re g\u00e9n\u00e9ration de r\u00e9fugi\u00e9s, pendant que les suivantes construiront leur vie ailleurs, loin du fardeau d\u2019une patrie perdue.<\/span><\/span><\/span><\/p>\n<p align=\"LEFT\"><span style=\"color: #000000;\"><span style=\"font-family: Arial, sans-serif;\"><span style=\"font-size: medium;\">Tout cela n\u2019est pas le fruit du hasard : c\u2019est le r\u00e9sultat de politiques isra\u00e9liennes planifi\u00e9es depuis longtemps. Rendre Gaza invivable par un blocus de plus de 17 ans, par des guerres r\u00e9p\u00e9t\u00e9es d\u00e9truisant sans cesse ses infrastructures, par l\u2019interdiction d\u2019entrer mat\u00e9riaux, m\u00e9dicaments et m\u00eame parfois des livres ; <strong>tout concourt \u00e0 un seul but : pousser la population au d\u00e9sespoir et \u00e0 la fuite.<\/strong> La derni\u00e8re guerre n\u2019est qu\u2019une \u00e9tape suppl\u00e9mentaire dans ce processus sanglant. Plus aucun frein ne retient l\u2019arm\u00e9e isra\u00e9lienne : tout est cible, chaque maison peut \u00eatre d\u00e9truite, chaque \u00eatre humain tu\u00e9 ou d\u00e9plac\u00e9. Gaza devient un laboratoire de politiques de d\u00e9placement forc\u00e9 dissimul\u00e9es.<\/span><\/span><\/span><\/p>\n<p align=\"LEFT\"><span style=\"color: #000000;\"><span style=\"font-family: Arial, sans-serif;\"><span style=\"font-size: medium;\">Et le monde observe en silence, comme s\u2019il existait un accord tacite autorisant Isra\u00ebl \u00e0 vider Gaza \u00e0 son rythme, tandis que les grandes puissances organisent la r\u00e9partition des r\u00e9fugi\u00e9s : certains obtiennent des visas pour l\u2019Europe, d\u2019autres sont envoy\u00e9s en Indon\u00e9sie, en Malaisie ou au Canada. Finalement, l\u2019\u00e9quation s\u2019accomplit : chaque \u00c9tat participe \u00e0 cette redistribution du peuple palestinien, Gaza reste derri\u00e8re eux, r\u00e9duite \u00e0 des ruines \u00e0 une terre vide, peupl\u00e9e seulement de souvenirs de guerre et de destruction.<\/span><\/span><\/span><\/p>\n<p align=\"LEFT\"><span style=\"color: #000000;\"><span style=\"font-family: Arial, sans-serif;\"><span style=\"font-size: medium;\">Ce exil forc\u00e9 quotidien et continu de Gaza n\u2019est pas une simple statistique (1) dans les bulletins d\u2019information. Elle est une plaie ouverte dans le corps palestinien, une h\u00e9morragie lente qui an\u00e9antit les r\u00eaves d\u2019une g\u00e9n\u00e9ration enti\u00e8re de rester sur sa terre, et qui pr\u00e9pare un avenir sans Gaza, ou Gaza sans ses habitants. C\u2019est l\u00e0 le danger supr\u00eame que chacun doit comprendre : la question n\u2019est pas un simple d\u00e9part pour des soins m\u00e9dicaux ni un exil temporaire, mais une question existentielle : rester ou dispara\u00eetre, l\u2019existence d\u2019un peuple sur sa terre ou son d\u00e9racinement d\u00e9finitif.\u00a0\u00bb<\/span><\/span><\/span><\/p>\n<p align=\"LEFT\"><span style=\"color: #000000;\"><span style=\"font-family: Arial, sans-serif;\"><span style=\"font-size: medium;\">(1) D&rsquo;apr\u00e8s les chiffres du Bureau palestinien des statistiques (<a href=\"https:\/\/www.pcbs.gov.ps\/default.aspx\">PCBS<\/a>) repris par <a href=\"https:\/\/www.newarab.com\/features\/gazan-refugees-speak-out-navigating-life-after-october-7\">The New Arab<\/a> dans un article du 29 mai 2025, 150.000 habitant.es ont quitt\u00e9 Gaza depuis octobre 2023. Parmi eux, 100.000 seraient maintenant r\u00e9fugi\u00e9s en <a href=\"https:\/\/www.dw.com\/en\/gaza-is-my-heart-palestinians-struggle-with-life-in-egypt\/a-70772582\">Egypte<\/a> o\u00f9 ils vivent dans des <a href=\"https:\/\/www.newarab.com\/features\/gazan-refugees-speak-out-navigating-life-after-october-7\">conditions extr\u00eamement pr\u00e9caires<\/a>. (Note ISM-France)<\/span><\/span><\/span><\/p>\n<hr \/>\n<p align=\"LEFT\"><strong>Retrouvez l\u2019ensemble des t\u00e9moignages d\u2019Abu Amir et Marsel :<\/strong><\/p>\n<p>*<strong>Abu Amir Mutasem Ele\u00efwa<\/strong>\u00a0est coordinateur des Projets paysans depuis 2016 au sud de la bande de Gaza et correspondant de l\u2019Union Juive Fran\u00e7aise pour la Paix.<\/p>\n<p>*<strong>Marsel Alledawi<\/strong>\u00a0est responsable du Centre Ibn Sina du nord de la bande de Gaza, centre qui se consacre au suivi \u00e9ducatif et psychologique de l\u2019enfance.<\/p>\n<p>Tous les deux sont soutenus par l\u2019UJFP en France.<\/p>\n<pre><strong><em>Cliquez ici pour consulter les\u00a0<a href=\"https:\/\/ismfrance.org\/index.php\/temoignages-gazaouis-survie-enfer-gaza-1\/\" target=\"_blank\" rel=\"noopener\">T\u00e9moignages du 20 novembre 2023 au 5 janvier 2025 (partie 1 \u00e0 268)<\/a><\/em><\/strong>\r\n\r\n<em><strong>Cliquez ici pour consulter les <a href=\"https:\/\/ismfrance.org\/index.php\/2025\/05\/11\/temoignages-de-gazaouis-la-survie-qui-sorganise-au-jour-le-jour-dans-lenfer-de-gaza-recapitulatif-du-5-janvier-au-9-mai-2025-partie-269-a-392\/\">T\u00e9moignages du 5 janvier au 9 mai 2025 (partie 269 \u00e0 392)<\/a><\/strong><\/em><\/pre>\n<p><a href=\"https:\/\/ismfrance.org\/index.php\/2025\/05\/11\/temoignages-de-gazaouis-la-survie-qui-sorganise-au-jour-le-jour-dans-lenfer-de-gaza-partie-393-10-mai-histoires-dexil-et-de-patience-atel\/\">Partie 393<\/a>\u00a0: 10 mai.\u00a0<a href=\"https:\/\/ismfrance.org\/index.php\/2025\/05\/12\/temoignages-de-gazaouis-la-survie-qui-sorganise-au-jour-le-jour-dans-lenfer-de-gaza-partie-394-11-mai-gaza-sous-la-faim-et-le-feu-famine-lente-et-mort\/\">Partie 394<\/a>\u00a0: 11 mai.\u00a0<a href=\"https:\/\/ismfrance.org\/index.php\/2025\/05\/13\/temoignages-de-gazaouis-la-survie-qui-sorganise-au-jour-le-jour-dans-lenfer-de-gaza-partie-395-11-mai-1-les-femmes-de-gaza-nourrissent-la-faim-par-la-p\/\">Partie 395<\/a>\u00a0: 11 mai (1).\u00a0<a href=\"https:\/\/ismfrance.org\/index.php\/2025\/05\/13\/temoignages-de-gazaouis-la-survie-qui-sorganise-au-jour-le-jour-dans-lenfer-de-gaza-partie-396-12-mai-la-nuit-a-gaza\/\">Partie 396<\/a>\u00a0: 12 mai.\u00a0<a href=\"https:\/\/ismfrance.org\/index.php\/2025\/05\/14\/temoignages-de-gazaouis-la-survie-qui-sorganise-au-jour-le-jour-dans-lenfer-de-gaza-partie-397-13-mai-distribution-de-vetements-aux-enfants-des-agriculte\/\">Partie 397<\/a>\u00a0: 13 mai.\u00a0<a href=\"https:\/\/ismfrance.org\/index.php\/2025\/05\/15\/temoignages-de-gazaouis-la-survie-qui-sorganise-au-jour-le-jour-dans-lenfer-de-gaza-partie-398-14-mai-fracture-du-gouvernement-israelien-escalade-des-ma\/\">Partie 398<\/a>\u00a0: 14 mai.\u00a0<a href=\"https:\/\/ismfrance.org\/index.php\/2025\/05\/16\/temoignages-de-gazaouis-la-survie-qui-sorganise-au-jour-le-jour-dans-lenfer-de-gaza-partie-399-15-mai-soutien-psychologique-seances-sur-la-malnutrition-dans-les-camp\/\">Partie 399<\/a>\u00a0: 15 mai.\u00a0<a href=\"https:\/\/ismfrance.org\/index.php\/2025\/05\/17\/temoignages-de-gazaouis-la-survie-qui-sorganise-au-jour-le-jour-dans-lenfer-de-gaza-partie-400-16-mai-un-genocide-a-lere-de-limpuissanc\/\">Partie 400<\/a>\u00a0: 16 mai.\u00a0<a href=\"https:\/\/ismfrance.org\/index.php\/2025\/05\/18\/temoignages-de-gazaouis-la-survie-qui-sorganise-au-jour-le-jour-dans-lenfer-de-gaza-partie-401-16-mai-1-face-a-la-rarete-de-la-nourriture-proteger-les\/\">Partie 401<\/a>\u00a0: 16 mai (1).\u00a0<a href=\"https:\/\/ismfrance.org\/index.php\/2025\/05\/19\/temoignages-de-gazaouis-la-survie-qui-sorganise-au-jour-le-jour-dans-lenfer-de-gaza-partie-401-17-mai-gaza-cimetiere-de-lenfance-et-silence-du\/\">Partie 402<\/a>\u00a0: 17 mai.<a href=\"https:\/\/ismfrance.org\/index.php\/2025\/05\/19\/temoignages-de-gazaouis-la-survie-qui-sorganise-au-jour-le-jour-dans-lenfer-de-gaza-partie-403-18-mai-continuite-des-activites-humanitaires-de-l\/\">\u00a0Partie 403<\/a>\u00a0: 18 mai.\u00a0<a href=\"https:\/\/ismfrance.org\/index.php\/2025\/05\/19\/temoignages-de-gazaouis-la-survie-qui-sorganise-au-jour-le-jour-dans-lenfer-de-gaza-partie-404-18-mai-1-escalade-des-massacres-operation-chariots-de\/\">Partie 404<\/a>\u00a0: 18 mai (1).\u00a0<a href=\"https:\/\/ismfrance.org\/index.php\/2025\/05\/20\/temoignages-de-gazaouis-la-survie-qui-sorganise-au-jour-le-jour-dans-lenfer-de-gaza-partie-405-20-mai-gaza-un-scandale-moral-mondial\/\">Partie 405<\/a>\u00a0: 20 mai.\u00a0<a href=\"https:\/\/ismfrance.org\/index.php\/2025\/05\/21\/temoignages-de-gazaouis-la-survie-qui-sorganise-au-jour-le-jour-dans-lenfer-de-gaza-partie-406-21-mai-gaza-sous-les-decombres\/\">Partie 406<\/a>\u00a0: 21 mai.\u00a0<a href=\"https:\/\/ismfrance.org\/index.php\/2025\/05\/22\/temoignages-de-gazaouis-la-survie-qui-sorganise-au-jour-le-jour-dans-lenfer-de-gaza-partie-407-22-mai-gaza-le-cadavre-geopolitique-sur-lequel-saffrontent\/\">Partie 407<\/a>\u00a0: 22 mai.\u00a0<a href=\"https:\/\/ismfrance.org\/index.php\/2025\/05\/23\/20653\/\">Partie 408<\/a>\u00a0: 22 mai (1).\u00a0<a href=\"https:\/\/ismfrance.org\/index.php\/2025\/05\/24\/temoignages-de-gazaouis-la-survie-qui-sorganise-au-jour-le-jour-dans-lenfer-de-gaza-partie-409-23-mai-en-marge-de-de-la-guerre-une-parenthese-de\/\">Partie 409<\/a>\u00a0: 23 mai.\u00a0<a href=\"https:\/\/ismfrance.org\/index.php\/2025\/05\/24\/temoignages-de-gazaouis-la-survie-qui-sorganise-au-jour-le-jour-dans-lenfer-de-gaza-partie-410-24-mai-la-bande-de-gaza-un-champ-de-bataille-entre\/\">Partie 410<\/a>\u00a0: 24 mai.\u00a0<a href=\"https:\/\/ismfrance.org\/index.php\/2025\/05\/25\/temoignages-de-gazaouis-la-survie-qui-sorganise-au-jour-le-jour-dans-lenfer-de-gaza-partie-411-25-mai-paroles-de-femmes-dans-les-ateliers-collectifs-de-s\/\">Partie 411<\/a>\u00a0: 25 mai.\u00a0<a href=\"https:\/\/ismfrance.org\/index.php\/2025\/05\/26\/temoignages-de-gazaouis-la-survie-qui-sorganise-au-jour-le-jour-dans-lenfer-de-gaza-partie-412-25-mai-1-soutien-alimentaire-et-travail-educatif\/\">Partie 412<\/a>\u00a0: 25 mai (1).\u00a0<a href=\"https:\/\/ismfrance.org\/index.php\/2025\/05\/27\/temoignages-de-gazaouis-la-survie-qui-sorganise-au-jour-le-jour-dans-lenfer-de-gaza-partie-413-27-mai-gaza-un-enfer-sans-fin\/\">Partie 413<\/a>\u00a0: 27 mai.<a href=\"https:\/\/ismfrance.org\/index.php\/2025\/05\/28\/temoignages-de-gazaouis-la-survie-qui-sorganise-au-jour-le-jour-dans-lenfer-de-gaza-partie-414-27-mai-1-un-nouveau-scenario-diffuse-par-larmee-israel\/\">\u00a0Partie 414<\/a>\u00a0: 27 mai (1).\u00a0<a href=\"https:\/\/ismfrance.org\/index.php\/2025\/05\/30\/temoignages-de-gazaouis-la-survie-qui-sorganise-au-jour-le-jour-dans-lenfer-de-gaza-partie-415-28-mai-la-famine-a-gaza-une-arme-de-mort-impitoyable\/\">Partie 415<\/a>\u00a0: 28 mai.\u00a0<a href=\"https:\/\/ismfrance.org\/index.php\/2025\/05\/30\/temoignages-de-gazaouis-la-survie-qui-sorganise-au-jour-le-jour-dans-lenfer-de-gaza-partie-416-29-mai-gaza-ne-meurt-pas-elle-resiste-elle-crie-qui-ecoute\/\">Partie 416<\/a>\u00a0: 29 mai.\u00a0<a href=\"https:\/\/ismfrance.org\/index.php\/2025\/05\/31\/temoignages-de-gazaouis-la-survie-qui-sorganise-au-jour-le-jour-dans-lenfer-de-gaza-partie-417-30-mai-comment-vivre-avec-la-peur-au-quotidien-a-gaza\/\">Partie 417<\/a>\u00a0: 30 mai.\u00a0<a href=\"https:\/\/ismfrance.org\/index.php\/2025\/06\/01\/temoignages-de-gazaouis-la-survie-qui-sorganise-au-jour-le-jour-dans-lenfer-de-gaza-partie-418-1er-juin-massacres-a-rafah-et-dans-le-corridor-de-netzarim\/\">Partie 418<\/a>\u00a0: 1er juin.\u00a0<a href=\"https:\/\/ismfrance.org\/index.php\/2025\/06\/02\/temoignages-de-gazaouis-la-survie-qui-sorganise-au-jour-le-jour-dans-lenfer-de-gaza-partie-419-1er-juin-1-temoignage-dune-survivante-du-massac\/\">Partie 419<\/a>\u00a0: 1er juin (1).\u00a0<a href=\"https:\/\/ismfrance.org\/index.php\/2025\/06\/02\/temoignages-de-gazaouis-la-survie-qui-sorganise-au-jour-le-jour-dans-lenfer-de-gaza-partie-420-31-mai-et-2-juin-lespoir-resiste-sous-les-decombre\/\">Partie 420<\/a>\u00a0: 31 mai et 2 juin.\u00a0<a href=\"https:\/\/ismfrance.org\/index.php\/2025\/06\/03\/temoignages-de-gazaouis-la-survie-qui-sorganise-au-jour-le-jour-dans-lenfer-de-gaza-partie-421-2-juin-1-assez-de-silence-sauvons-ce-quil-reste\/\">Partie 421<\/a>\u00a0: 2 juin (1).\u00a0<a href=\"https:\/\/ismfrance.org\/index.php\/2025\/06\/04\/temoignages-de-gazaouis-la-survie-qui-sorganise-au-jour-le-jour-dans-lenfer-de-gaza-partie-422-3-juin-une-catastrophe-silencieuse-menace-les-femmes\/\">Partie 422<\/a>\u00a0: 3 juin.\u00a0<a href=\"https:\/\/ismfrance.org\/index.php\/2025\/06\/05\/temoignages-de-gazaouis-la-survie-qui-sorganise-au-jour-le-jour-dans-lenfer-de-gaza-partie-423-4-juin-quand-la-voix-devient-la-derniere-arme-pour-vivre\/\">Partie 423<\/a>\u00a0: 4 juin.\u00a0<a href=\"https:\/\/ismfrance.org\/index.php\/2025\/06\/06\/temoignages-de-gazaouis-la-survie-qui-sorganise-au-jour-le-jour-dans-lenfer-de-gaza-partie-424-5-juin-l-etouffement-de-lidentite-politique-et\/\">Partie 424<\/a>\u00a0: 5 juin.\u00a0<a href=\"https:\/\/ismfrance.org\/index.php\/2025\/06\/07\/temoignages-de-gazaouis-la-survie-qui-sorganise-au-jour-le-jour-dans-lenfer-de-gaza-partie-425-6-juin-ce-qui-se-passe-a-gaza-interroge-le-droit-internati\/\">Partie 425<\/a>\u00a0: 6 juin.\u00a0<a href=\"https:\/\/ismfrance.org\/index.php\/2025\/06\/08\/temoignages-de-gazaouis-la-survie-qui-sorganise-au-jour-le-jour-dans-lenfer-de-gaza-partie-426-6-juin-1-une-journee-de-joie-arrachee-aux-larmes\/\">Partie 426<\/a>\u00a0: 6 juin (1).\u00a0<a href=\"https:\/\/ismfrance.org\/index.php\/2025\/06\/08\/21083\/\">Partie 427<\/a>\u00a0: 7 juin.\u00a0<a href=\"https:\/\/ismfrance.org\/index.php\/2025\/06\/09\/temoignages-de-gazaouis-la-survie-qui-sorganise-au-jour-le-jour-dans-lenfer-de-gaza-partie-428-8-juin-des-femmes-fatiguees-fragiles-mais-capables-de-se\/\">Partie 428<\/a>\u00a0: 8 juin.\u00a0<a href=\"https:\/\/ismfrance.org\/index.php\/2025\/06\/10\/21128\/\">Partie 429<\/a>\u00a0: 9 juin.\u00a0<a href=\"https:\/\/ismfrance.org\/index.php\/2025\/06\/11\/temoignages-de-gazaouis-la-survie-qui-sorganise-au-jour-le-jour-dans-lenfer-de-gaza-partie-430-10-juin-rehabilitation-des-serres-des-agriculteurs-de-deir\/\">Partie 430<\/a>\u00a0: 10 juin.\u00a0<a href=\"https:\/\/ismfrance.org\/index.php\/2025\/06\/12\/temoignages-de-gazaouis-la-survie-qui-sorganise-au-jour-le-jour-dans-lenfer-de-gaza-partie-431-11-juin-le-temps-est-fige-a-gaza-bombardements-sans\/\">Partie 431<\/a>\u00a0: 11 juin.<a href=\"https:\/\/ismfrance.org\/index.php\/2025\/06\/13\/temoignages-de-gazaouis-la-survie-qui-sorganise-au-jour-le-jour-dans-lenfer-de-gaza-partie-432-12-juin-le-monde-se-souleve-pour-gaza-la-marche-des-peup\/\">\u00a0Partie 432<\/a>\u00a0: 12 juin.<a href=\"https:\/\/ismfrance.org\/index.php\/2025\/06\/14\/temoignages-de-gazaouis-la-survie-qui-sorganise-au-jour-le-jour-dans-lenfer-de-gaza-partie-433-13-juin-continuite-du-soutien-psychologique-envers-et-con\/\">\u00a0Partie 433<\/a>\u00a0: 13 juin.<a href=\"https:\/\/ismfrance.org\/index.php\/2025\/06\/15\/temoignages-de-gazaouis-la-survie-qui-sorganise-au-jour-le-jour-dans-lenfer-de-gaza-partie-434-14-juin-massacres-dans-lobscurite-gaza-entre-mo\/\">\u00a0Partie 434<\/a>\u00a0: 14 juin.\u00a0<a href=\"https:\/\/ismfrance.org\/index.php\/2025\/06\/16\/temoignages-de-gazaouis-la-survie-qui-sorganise-au-jour-le-jour-dans-lenfer-de-gaza-partie-435-15-juin-des-efforts-humanitaires-qui-resistent-a-l\/\">Partie 435<\/a>\u00a0: 15 juin.\u00a0<a href=\"https:\/\/ismfrance.org\/index.php\/2025\/06\/16\/temoignages-de-gazaouis-la-survie-qui-sorganise-au-jour-le-jour-dans-lenfer-de-gaza-partie-436-16-juin-jusqua-quand-les-habitants-de-gaza-seront\/\">Partie 436<\/a>\u00a0: 16 juin.\u00a0<a href=\"https:\/\/ismfrance.org\/index.php\/2025\/06\/18\/temoignages-de-gazaouis-la-survie-qui-sorganise-au-jour-le-jour-dans-lenfer-de-gaza-partie-437-17-juin-lenjeu-du-journalisme\/\">Partie 437<\/a>\u00a0: 17 juin.\u00a0<a href=\"https:\/\/ismfrance.org\/index.php\/2025\/06\/18\/temoignages-de-gazaouis-la-survie-qui-sorganise-au-jour-le-jour-dans-lenfer-de-gaza-partie-438-18-juin-mourir-de-faim-ou-etre-tue-famine-et-pieges-des\/\">Partie 438<\/a>\u00a0: 18 juin.\u00a0<a href=\"https:\/\/ismfrance.org\/index.php\/2025\/06\/20\/temoignages-de-gazaouis-la-survie-qui-sorganise-au-jour-le-jour-dans-lenfer-de-gaza-partie-439-19-juin-gaza-releguee-au-second-plan-face-a-lesca\/\">Partie 439<\/a>\u00a0: 19 juin.\u00a0<a href=\"https:\/\/ismfrance.org\/index.php\/2025\/06\/21\/temoignages-de-gazaouis-la-survie-qui-sorganise-au-jour-le-jour-dans-lenfer-de-gaza-partie-440-20-juin-dans-une-situation-humanitaire-catastrophique-des\/\">Partie 440<\/a>\u00a0: 20 juin.\u00a0<a href=\"https:\/\/ismfrance.org\/index.php\/2025\/06\/22\/temoignages-de-gazaouis-la-survie-qui-sorganise-au-jour-le-jour-dans-lenfer-de-gaza-partie-441-21-22-juin-le-soutien-psychologique-une-artere-vitale-ou\/\">Partie 441<\/a>\u00a0: 21-22 juin.\u00a0<a href=\"https:\/\/ismfrance.org\/index.php\/2025\/06\/25\/temoignages-de-gazaouis-la-survie-qui-sorganise-au-jour-le-jour-dans-lenfer-de-gaza-partie-442-24-juin-toutes-les-guerres-prennent-fin-la-guerre\/\">Partie 442<\/a>\u00a0: 24 juin.\u00a0<a href=\"https:\/\/ismfrance.org\/index.php\/2025\/06\/27\/temoignages-de-gazaouis-la-survie-qui-sorganise-au-jour-le-jour-dans-lenfer-de-gaza-partie-443-25-juin-gaza-hurle-au-monde-nous-sommes-la-nous-ne-parti\/\">Partie 443<\/a>\u00a0: 25 juin.\u00a0<a href=\"https:\/\/ismfrance.org\/index.php\/2025\/06\/27\/temoignages-de-gazaouis-la-survie-qui-sorganise-au-jour-le-jour-dans-lenfer-de-gaza-partie-444-26-juin-continuer-a-agir-au-coeur-de-la-catastrophe\/\">Partie 444<\/a>\u00a0: 26 juin.\u00a0<a href=\"https:\/\/ismfrance.org\/index.php\/2025\/06\/28\/temoignages-de-gazaouis-la-survie-qui-sorganise-au-jour-le-jour-dans-lenfer-de-gaza-partie-445-27-28-juin-continuer-a-prendre-soin-de-soi-des-histoires-de-re\/\">Partie 445<\/a>\u00a0:\u00a0 : 27-28 juin.\u00a0<a href=\"https:\/\/ismfrance.org\/index.php\/2025\/06\/29\/21581\/\">Partie 446<\/a>\u00a0: 27 juin.\u00a0<a href=\"https:\/\/ismfrance.org\/index.php\/2025\/07\/01\/temoignages-de-gazaouis-la-survie-qui-sorganise-au-jour-le-jour-dans-lenfer-de-gaza-partie-447-30-juin-le-camp-des-agriculteurs-al-fajr-a-al-mawasi-cible\/\">Partie 447<\/a>\u00a0: 30 juin.\u00a0<a href=\"https:\/\/ismfrance.org\/index.php\/2025\/07\/02\/temoignages-de-gazaouis-la-survie-qui-sorganise-au-jour-le-jour-dans-lenfer-de-gaza-partie-448-1er-juillet-quand-le-pain-devient-un-voeu\/\">Partie 448<\/a>\u00a0: 1er juillet.\u00a0<a href=\"https:\/\/ismfrance.org\/index.php\/2025\/07\/03\/temoignages-de-gazaouis-la-survie-qui-sorganise-au-jour-le-jour-dans-lenfer-de-gaza-partie-449-2-juillet-a-gaza-il-ny-a-plus-de-place-meme-pour\/\">Partie 449<\/a>\u00a0: 2 juillet.\u00a0<a href=\"https:\/\/ismfrance.org\/index.php\/2025\/07\/03\/temoignages-de-gazaouis-la-survie-qui-sorganise-au-jour-le-jour-dans-lenfer-de-gaza-partie-449-2-juillet-1-gaza-ne-dort-plus-tant-la-mort-regne\/\">Partie 450<\/a>\u00a0: 2 juillet(1).\u00a0<a href=\"https:\/\/ismfrance.org\/index.php\/2025\/07\/04\/temoignages-de-gazaouis-la-survie-qui-sorganise-au-jour-le-jour-dans-lenfer-de-gaza-partie-451-3-juillet-la-mort-en-spectacle-quisrael-regarde-a\/\">Partie 451<\/a>\u00a0: 3 juillet.\u00a0<a href=\"https:\/\/ismfrance.org\/index.php\/2025\/07\/05\/temoignages-de-gazaouis-la-survie-qui-sorganise-au-jour-le-jour-dans-lenfer-de-gaza-partie-452-4-juillet-le-complot-du-silence\/\">Partie 452<\/a>\u00a0: 4 juillet.\u00a0<a href=\"https:\/\/ismfrance.org\/index.php\/2025\/07\/06\/temoignages-de-gazaouis-la-survie-qui-sorganise-au-jour-le-jour-dans-lenfer-de-gaza-partie-453-5-juillet-le-savoir-reste-larme-des-palestiniens\/\">Partie 453<\/a>\u00a0: 5 juillet.\u00a0<a href=\"https:\/\/ismfrance.org\/index.php\/2025\/07\/07\/temoignages-de-gazaouis-la-survie-qui-sorganise-au-jour-le-jour-dans-lenfer-de-gaza-partie-454-6-juillet-etreindre-la-vie-malgre-la-douleur\/\">Partie 454<\/a>\u00a0: 6 juillet.\u00a0<a href=\"https:\/\/ismfrance.org\/index.php\/2025\/07\/08\/temoignages-de-gazaouis-la-survie-qui-sorganise-au-jour-le-jour-dans-lenfer-de-gaza-partie-455-7-juillet-ta-voix-est-vie-et-ton-corps-parle\/\">Partie 455<\/a>\u00a0: 7 juillet.\u00a0<a href=\"https:\/\/ismfrance.org\/index.php\/2025\/07\/08\/temoignages-de-gazaouis-la-survie-qui-sorganise-au-jour-le-jour-dans-lenfer-de-gaza-partie-456-7-juillet1-les-repercussions-du-deuil-collectif-sur-la-s\/\">Partie 456<\/a>\u00a0: 7 juillet (1).\u00a0<a href=\"https:\/\/ismfrance.org\/index.php\/2025\/07\/10\/temoignages-de-gazaouis-la-survie-qui-sorganise-au-jour-le-jour-dans-lenfer-de-gaza-partie-457-9-juillet-la-mort-precede-la-treve-gaza-compte-ses-derniers-so\/\">Partie 457<\/a>\u00a0: 9 juillet.\u00a0<a href=\"https:\/\/ismfrance.org\/index.php\/2025\/07\/11\/temoignages-de-gazaouis-la-survie-qui-sorganise-au-jour-le-jour-dans-lenfer-de-gaza-partie-458-10-juillet-soutien-psychologique-et-de-sensibilisation-sanitair\/\">Partie 458<\/a>\u00a0: 10 juillet.\u00a0<a href=\"https:\/\/ismfrance.org\/index.php\/2025\/07\/12\/temoignages-de-gazaouis-la-survie-qui-sorganise-au-jour-le-jour-dans-lenfer-de-gaza-partie-459-11-juillet-laneantissement-de-khan-younis\/\">Partie 459<\/a>\u00a0: 11 juillet.\u00a0<a href=\"https:\/\/ismfrance.org\/index.php\/2025\/07\/13\/temoignages-de-gazaouis-la-survie-qui-sorganise-au-jour-le-jour-dans-lenfer-de-gaza-partie-460-12-juillet-aborder-le-lendemain-de-la-guerre\/\">Partie 460<\/a>\u00a0: 12 juillet.\u00a0<a href=\"https:\/\/ismfrance.org\/index.php\/2025\/07\/14\/temoignages-de-gazaouis-la-survie-qui-sorganise-au-jour-le-jour-dans-lenfer-de-gaza-partie-461-13-juillet-une-injustice-persistante-a-gaza-fait-face\/\">Partie 461<\/a>\u00a0: 13 juillet.\u00a0<a href=\"https:\/\/ismfrance.org\/index.php\/2025\/07\/15\/temoignages-de-gazaouis-la-survie-qui-sorganise-au-jour-le-jour-dans-lenfer-de-gaza-partie-462-14-juillet-pour-un-referendum-mondial-de-la-conscience-hum\/\">Partie 462<\/a>\u00a0: 14 juillet.\u00a0<a href=\"https:\/\/ismfrance.org\/index.php\/2025\/07\/17\/temoignages-de-gazaouis-la-survie-qui-sorganise-au-jour-le-jour-dans-lenfer-de-gaza-partie-463-16-juillet-distribution-de-vetements-dete-aux-enf\/\">Partie 463<\/a>\u00a0: 16 juillet.\u00a0<a href=\"https:\/\/ismfrance.org\/index.php\/2025\/07\/18\/temoignages-de-gazaouis-la-survie-qui-sorganise-au-jour-le-jour-dans-lenfer-de-gaza-partie-464-17-juillet-faim-mort-deplacement-dans-un-silence-mondial\/\">Partie 464<\/a>\u00a0: 17 juillet.\u00a0<a href=\"https:\/\/ismfrance.org\/index.php\/2025\/07\/18\/temoignages-de-gazaouis-la-survie-qui-sorganise-au-jour-le-jour-dans-lenfer-de-gaza-partie-465-18-juillet-gaza-nos-pas-nos-racines-soutien-psych\/\">Partie 465<\/a>\u00a0: 18 juillet.\u00a0<a href=\"https:\/\/ismfrance.org\/index.php\/2025\/07\/19\/temoignages-de-gazaouis-la-survie-qui-sorganise-au-jour-le-jour-dans-lenfer-de-gaza-partie-466-19-juillet-distribution-de-vetements-dete-pour-de\/\">Partie 466<\/a>\u00a0: 19 juillet.\u00a0<a href=\"https:\/\/ismfrance.org\/index.php\/2025\/07\/20\/temoignages-de-gazaouis-la-survie-qui-sorganise-au-jour-le-jour-dans-lenfer-de-gaza-partie-467-20-juillet-trouver-une-langue-alternative-dans-les-couleur\/\">Partie 467<\/a>\u00a0:\u00a0<a href=\"https:\/\/ismfrance.org\/index.php\/2025\/07\/21\/temoignages-de-gazaouis-la-survie-qui-sorganise-au-jour-le-jour-dans-lenfer-de-gaza-partie-468-20-juillet-1-parler-de-gaza-avec-douleur-et-clarte\/\">20 juillet<\/a>. Partie 468 : 20 juillet (1).\u00a0<a href=\"https:\/\/ismfrance.org\/index.php\/2025\/07\/22\/temoignages-de-gazaouis-la-survie-qui-sorganise-au-jour-le-jour-dans-lenfer-de-gaza-partie-469-21-juillet-gaza-une-plaie-ouverte-dans-la-conscience-du-m\/\">Partie 469<\/a>\u00a0: 21 juillet.\u00a0<a href=\"https:\/\/ismfrance.org\/index.php\/2025\/07\/23\/temoignages-de-gazaouis-la-survie-qui-sorganise-au-jour-le-jour-dans-lenfer-de-gaza-partie-470-22-juillet-gaza-sous-les-flammes\/\">Partie 470<\/a>\u00a0: 22 juillet.\u00a0<a href=\"https:\/\/ismfrance.org\/index.php\/2025\/07\/24\/temoignages-de-gazaouis-la-survie-qui-sorganise-au-jour-le-jour-dans-lenfer-de-gaza-partie-471-23-juillet-israel-deracine-et-assassine-jusqua-l\/\">Partie 471<\/a>\u00a0: 23 juillet.\u00a0<a href=\"https:\/\/ismfrance.org\/index.php\/2025\/07\/25\/temoignages-de-gazaouis-la-survie-qui-sorganise-au-jour-le-jour-dans-lenfer-de-gaza-partie-472-24-juillet-dans-un-horizon-bouche-gaza-attend-prudemment\/\">Partie 472<\/a>\u00a0: 24 juillet.\u00a0<a href=\"https:\/\/ismfrance.org\/index.php\/2025\/07\/26\/temoignages-de-gazaouis-la-survie-qui-sorganise-au-jour-le-jour-dans-lenfer-de-gaza-partie-473-25-juillet-echec-de-negociations-pendant-que-la-faim-tue-a-gaza\/\">Partie 473<\/a>\u00a0: 25 juillet 2025.\u00a0<a href=\"https:\/\/ismfrance.org\/index.php\/2025\/07\/27\/temoignages-de-gazaouis-la-survie-qui-sorganise-au-jour-le-jour-dans-lenfer-de-gaza-partie-474-26-juillet-notre-espace-sur-une-necessite-la-force-de-l\/\">Partie 474<\/a>\u00a0: 26 juillet.\u00a0<a href=\"https:\/\/ismfrance.org\/index.php\/2025\/07\/28\/temoignages-de-gazaouis-la-survie-qui-sorganise-au-jour-le-jour-dans-lenfer-de-gaza-partie-475-27-juillet-la-conscience-humaine-soumise-aux-interets-sur\/\">Partie 475<\/a>\u00a0: 27 juillet.\u00a0<a href=\"https:\/\/ismfrance.org\/index.php\/2025\/07\/29\/temoignages-de-gazaouis-la-survie-qui-sorganise-au-jour-le-jour-dans-lenfer-de-gaza-partie-476-28-juillet-notre-conscience-et-votre-conscience-sont-notre\/\">Partie 476<\/a>\u00a0: 28 juillet.\u00a0<a href=\"https:\/\/ismfrance.org\/index.php\/2025\/07\/30\/temoignages-de-gazaouis-la-survie-qui-sorganise-au-jour-le-jour-dans-lenfer-de-gaza-partie-477-30-juillet-gaza-une-terre-de-resistance-legendaire\/\">Partie 477<\/a>\u00a0: 30 juillet.\u00a0<a href=\"https:\/\/ismfrance.org\/index.php\/2025\/08\/02\/temoignages-de-gazaouis-la-survie-qui-sorganise-au-jour-le-jour-dans-lenfer-de-gaza-partie-478-1er-aout-gaza-ou-lincapacite-du-monde-a-proteger\/\">Partie 478<\/a>\u00a0: 1er ao\u00fbt.\u00a0<a href=\"https:\/\/ismfrance.org\/index.php\/2025\/08\/03\/temoignages-de-gazaouis-la-survie-qui-sorganise-au-jour-le-jour-dans-lenfer-de-gaza-partie-479-2-aout-entre-famine-et-violence-continuite-des-actions-hu\/\">Partie 479<\/a>\u00a0: 2 ao\u00fbt.\u00a0<a href=\"https:\/\/ismfrance.org\/index.php\/2025\/08\/04\/temoignages-de-gazaouis-la-survie-qui-sorganise-au-jour-le-jour-dans-lenfer-de-gaza-partie-490-3-aout-witkoff-a-gaza-encore-un-trompe-loeil-med\/\">Partie 480<\/a>\u00a0: 3 ao\u00fbt.\u00a0<a href=\"https:\/\/ismfrance.org\/index.php\/2025\/08\/05\/temoignages-de-gazaouis-la-survie-qui-sorganise-au-jour-le-jour-dans-lenfer-de-gaza-partie-491-3-4-aout-gerer-la-malnutrition-et-la-penurie-de-ressources\/\">Partie 481<\/a>\u00a0: 3-4 ao\u00fbt.\u00a0<a href=\"https:\/\/ismfrance.org\/index.php\/2025\/08\/06\/temoignages-de-gazaouis-la-survie-qui-sorganise-au-jour-le-jour-dans-lenfer-de-gaza-partie-482-5-aout-gaza-brule-entre-les-feux-des-bombardements-et-le-c\/\">Partie 482<\/a>\u00a0: 5 ao\u00fbt.\u00a0<a href=\"https:\/\/ismfrance.org\/index.php\/2025\/08\/08\/temoignages-de-gazaouis-la-survie-qui-sorganise-au-jour-le-jour-dans-lenfer-de-gaza-partie-483-7-aout-lalliance-americano-israelienne-met-la-jus\/\">Partie 483<\/a>\u00a0: 7 ao\u00fbt.\u00a0<a href=\"https:\/\/ismfrance.org\/index.php\/2025\/08\/09\/temoignages-de-gazaouis-la-survie-qui-sorganise-au-jour-le-jour-dans-lenfer-de-gaza-partie-484-8-aout-le-nouveau-plan-de-netanyahou\/\">Partie 484<\/a>\u00a0: 8 ao\u00fbt.\u00a0<a href=\"https:\/\/ismfrance.org\/index.php\/2025\/08\/10\/temoignages-de-gazaouis-la-survie-qui-sorganise-au-jour-le-jour-dans-lenfer-de-gaza-partie-485-9-aout-souris-gaza-une-heure-de-joie\/\">Partie 485<\/a>\u00a0: 9 ao\u00fbt.\u00a0<a href=\"https:\/\/ismfrance.org\/index.php\/2025\/08\/11\/temoignages-de-gazaouis-la-survie-qui-sorganise-au-jour-le-jour-dans-lenfer-de-gaza-partie-486-10-aout-quatre-mots-resument-la-vie-de-plus-de-deux-millio\/\">Partie 486<\/a>\u00a0: 10 ao\u00fbt.\u00a0<a href=\"https:\/\/ismfrance.org\/index.php\/2025\/08\/12\/temoignages-de-gazaouis-la-survie-qui-sorganise-au-jour-le-jour-dans-lenfer-de-gaza-partie-487-11-aout-sous-blocus-les-agriculteurs-de-deir-al-balah-cul\/\">Partie 487<\/a>\u00a0: 11 ao\u00fbt.\u00a0<a href=\"https:\/\/ismfrance.org\/index.php\/2025\/08\/13\/temoignages-de-gazaouis-la-survie-qui-sorganise-au-jour-le-jour-dans-lenfer-de-gaza-partie-488-12-aout-la-voix-des-femmes-de-gaza\/\">Partie 488<\/a>\u00a0: 12 ao\u00fbt.\u00a0<a href=\"https:\/\/ismfrance.org\/index.php\/2025\/08\/14\/temoignages-de-gazaouis-la-survie-qui-sorganise-au-jour-le-jour-dans-lenfer-de-gaza-partie-489-13-aout-le-largage-de-laide-humanitaire-un\/\">Partie 489<\/a>\u00a0: 13 ao\u00fbt.\u00a0<a href=\"https:\/\/ismfrance.org\/index.php\/2025\/08\/15\/temoignages-de-gazaouis-la-survie-qui-sorganise-au-jour-le-jour-dans-lenfer-de-gaza-partie-490-14-aout-prendre-soin-de-la-sante-mentale-et-physique\/\">Partie 490<\/a>\u00a0: 14 ao\u00fbt.\u00a0<a href=\"https:\/\/ismfrance.org\/index.php\/2025\/08\/16\/temoignages-de-gazaouis-la-survie-qui-sorganise-au-jour-le-jour-dans-lenfer-de-gaza-partie-491-15-aout-realite-de-la-situation-humanitaire-dans-la-bande\/\">Partie 491<\/a>\u00a0: 15 ao\u00fbt.\u00a0<a href=\"https:\/\/ismfrance.org\/index.php\/2025\/08\/17\/temoignages-de-gazaouis-la-survie-qui-sorganise-au-jour-le-jour-dans-lenfer-de-gaza-partie-492-16-aout-le-soutien-psychologique-pierre-angulaire-de-la-vie\/\">Partie 492<\/a>\u00a0: 16 ao\u00fbt 2025.\u00a0<a href=\"https:\/\/ismfrance.org\/index.php\/2025\/08\/19\/temoignages-de-gazaouis-la-survie-qui-sorganise-au-jour-le-jour-dans-lenfer-de-gaza-partie-493-18-aout-situation-des-quartiers-de-zaytoun-et-sabra-gaza\/\">Partie 493<\/a>\u00a0: 18 ao\u00fbt 2025.\u00a0<a href=\"https:\/\/ismfrance.org\/index.php\/2025\/08\/21\/temoignages-de-gazaouis-la-survie-qui-sorganise-au-jour-le-jour-dans-lenfer-de-gaza-partie-494-20-aout-tragedie-totale-effondrement-global\/\">Partie 494<\/a>\u00a0: 20 ao\u00fbt.\u00a0<a href=\"https:\/\/ismfrance.org\/index.php\/2025\/08\/22\/temoignages-de-gazaouis-la-survie-qui-sorganise-au-jour-le-jour-dans-lenfer-de-gaza-partie-495-21-aout-ce-que-devraient-etre-la-justice-internationale-et-le-droit-hu\/\">Partie 495<\/a>\u00a0: 21 ao\u00fbt.\u00a0<a href=\"https:\/\/ismfrance.org\/index.php\/2025\/08\/23\/temoignages-de-gazaouis-la-survie-qui-sorganise-au-jour-le-jour-dans-lenfer-de-gaza-partie-496-22-aout-dans-un-quotidien-terrible-comment-rester-un-pili\/\">Partie 496<\/a>\u00a0: 22 ao\u00fbt.\u00a0<a href=\"https:\/\/ismfrance.org\/index.php\/2025\/08\/23\/temoignages-de-gazaouis-la-survie-qui-sorganise-au-jour-le-jour-dans-lenfer-de-gaza-partie-497-23-aout-urgence-linvasion-de-gaza-ville-a-comme\/\">Partie 497<\/a>\u00a0: 23 ao\u00fbt.\u00a0<a href=\"https:\/\/ismfrance.org\/index.php\/2025\/08\/24\/temoignages-de-gazaouis-la-survie-qui-sorganise-au-jour-le-jour-dans-lenfer-de-gaza-partie-498-23-aout-1-les-voix-des-femmes-force-et-resilience-au-c\/\">Partie 498<\/a>\u00a0: 23 ao\u00fbt (1).\u00a0<a href=\"https:\/\/ismfrance.org\/index.php\/2025\/08\/25\/temoignages-de-gazaouis-la-survie-qui-sorganise-au-jour-le-jour-dans-lenfer-de-gaza-partie-499-24-aout-la-mer-temoin-de-la-tragedie-et-les-pecheurs-face-a-l\/\">Partie 499<\/a>\u00a0: 24 ao\u00fbt.\u00a0<a href=\"https:\/\/ismfrance.org\/index.php\/2025\/08\/26\/temoignages-de-gazaouis-la-survie-qui-sorganise-au-jour-le-jour-dans-lenfer-de-gaza-partie-500-25-aout-entre-les-promesses-de-loccupation-et-les-obus\/\">Partie 500<\/a>\u00a0: 25 ao\u00fbt.\u00a0<a href=\"https:\/\/ismfrance.org\/index.php\/2025\/08\/27\/temoignages-de-gazaouis-la-survie-qui-sorganise-au-jour-le-jour-dans-lenfer-de-gaza-partie-501-26-aout-une-fois-de-plus-gaza-revient-sur-la-scene-de-l\/\">Partie 501<\/a>\u00a0: 26 ao\u00fbt.\u00a0<a href=\"https:\/\/ismfrance.org\/index.php\/2025\/08\/28\/temoignages-de-gazaouis-la-survie-qui-sorganise-au-jour-le-jour-dans-lenfer-de-gaza-partie-502-27-aout-des-champs-assoiffes-les-agriculteurs-face-au-sie\/\">Partie 502<\/a>\u00a0: 27 ao\u00fbt.\u00a0<a href=\"https:\/\/ismfrance.org\/index.php\/2025\/08\/29\/temoignages-de-gazaouis-la-survie-qui-sorganise-au-jour-le-jour-dans-lenfer-de-gaza-partie-503-28-aout-histoire-dun-peuple-a-qui-lon-a\/\">Partie 503<\/a>\u00a0: 28 ao\u00fbt.\u00a0<a href=\"https:\/\/ismfrance.org\/index.php\/2025\/08\/30\/temoignages-de-gazaouis-la-survie-qui-sorganise-au-jour-le-jour-dans-lenfer-de-gaza-partie-504-29-aout-entre-feu-et-exode-une-petite-apocalypse\/\">Partie 504<\/a>\u00a0: 29 ao\u00fbt.\u00a0<a href=\"https:\/\/ismfrance.org\/index.php\/2025\/08\/31\/temoignages-de-gazaouis-la-survie-qui-sorganise-au-jour-le-jour-dans-lenfer-de-gaza-partie-505-30-aout-continuer-a-vivre-a-manger-a-seduquer\/\">Partie 505<\/a>\u00a0: 30 ao\u00fbt.\u00a0<a href=\"https:\/\/ismfrance.org\/index.php\/2025\/09\/02\/temoignages-de-gazaouis-la-survie-qui-sorganise-au-jour-le-jour-dans-lenfer-de-gaza-partie-506-31-aout-a-gaza-ville-intensification-des-attaques-destru\/\">Partie 506<\/a>\u00a0: 31 ao\u00fbt.\u00a0<a href=\"https:\/\/ismfrance.org\/index.php\/2025\/09\/02\/temoignages-de-gazaouis-la-survie-qui-sorganise-au-jour-le-jour-dans-lenfer-de-gaza-partie-507-31-8-1-9-les-equipes-de-l-ujfp-poursuivent-leur-t\/\">Partie 507<\/a>\u00a0: 31 ao\u00fbt\/1er septembre.\u00a0<a href=\"https:\/\/ismfrance.org\/index.php\/2025\/09\/04\/temoignages-de-gazaouis-la-survie-qui-sorganise-au-jour-le-jour-dans-lenfer-de-gaza-partie-508-3-9-limportance-dune-negociation-issue-d\/\">Partie 508<\/a> : 3 septembre. <a href=\"https:\/\/ismfrance.org\/index.php\/2025\/09\/04\/temoignages-de-gazaouis-la-survie-qui-sorganise-au-jour-le-jour-dans-lenfer-de-gaza-partie-509-3-9-1-gaza-les-debris-dune-ville\/\">Partie 509<\/a> : 3 septembre (1).<\/p>\n<p><strong>Pour participer \u00e0 la collecte \u00ab Urgence Guerre \u00e0 Gaza \u00bb :\u00a0<a href=\"https:\/\/www.helloasso.com\/associations\/union-juive-francaise-pour-la-paix\/collectes\/urgence-guerre-a-gaza\">HelloAsso.com<\/a><\/strong><br \/>\n<strong>Les t\u00e9moignages sont \u00e9galement publi\u00e9s sur\u00a0<a href=\"https:\/\/ujfp.org\/\">UJFP<\/a>,\u00a0<a href=\"https:\/\/altermidi.org\/\">Altermidi<\/a>\u00a0et sur\u00a0<a href=\"https:\/\/lepoing.net\/\">Le Poing<\/a>.\u00a0<\/strong><\/p>\n","protected":false},"excerpt":{"rendered":"<p>Brigitte Challande, 5 septembre 2025.- Le 4 septembre, Abu Amir \u00e9voque une question peu abord\u00e9e mais de plus en plus pr\u00e9sente. Gaza s\u2019\u00e9puise en silence et une expulsion lente qui <a class=\"more-link\" href=\"https:\/\/ismfrance.org\/index.php\/2025\/09\/05\/temoignages-de-gazaouis-la-survie-qui-sorganise-au-jour-le-jour-dans-lenfer-de-gaza-partie-510-4-9-lexil-force-des-palestiniens-de-gaza-une-saignee-c\/\">Lire la suite &rarr;<\/a><\/p>\n","protected":false},"author":3,"featured_media":23344,"comment_status":"closed","ping_status":"closed","sticky":false,"template":"","format":"standard","meta":{"footnotes":""},"categories":[2,13],"tags":[156,45],"class_list":["post-23342","post","type-post","status-publish","format-standard","has-post-thumbnail","hentry","category-articles","category-temoignages","tag-genocide","tag-nettoyage-ethnique"],"yoast_head":"<!-- This site is optimized with the Yoast SEO plugin v27.2 - https:\/\/yoast.com\/product\/yoast-seo-wordpress\/ -->\n<title>T\u00e9moignages de Gazaouis : La survie qui s\u2019organise au jour le jour dans l\u2019enfer de Gaza \u2013 partie 510 \/ 4.9 \u2013\u00a0L&#039;exil forc\u00e9 des Palestiniens de Gaza : une saign\u00e9e collective - International Solidarity Movement - ISM-France<\/title>\n<meta name=\"robots\" content=\"index, follow, max-snippet:-1, max-image-preview:large, max-video-preview:-1\" \/>\n<link rel=\"canonical\" href=\"https:\/\/ismfrance.org\/index.php\/2025\/09\/05\/temoignages-de-gazaouis-la-survie-qui-sorganise-au-jour-le-jour-dans-lenfer-de-gaza-partie-510-4-9-lexil-force-des-palestiniens-de-gaza-une-saignee-c\/\" \/>\n<meta property=\"og:locale\" content=\"fr_FR\" \/>\n<meta property=\"og:type\" content=\"article\" \/>\n<meta property=\"og:title\" content=\"T\u00e9moignages de Gazaouis : La survie qui s\u2019organise au jour le jour dans l\u2019enfer de Gaza \u2013 partie 510 \/ 4.9 \u2013\u00a0L&#039;exil forc\u00e9 des Palestiniens de Gaza : une saign\u00e9e collective - International Solidarity Movement - ISM-France\" \/>\n<meta property=\"og:description\" content=\"Brigitte Challande, 5 septembre 2025.- Le 4 septembre, Abu Amir \u00e9voque une question peu abord\u00e9e mais de plus en plus pr\u00e9sente. Gaza s\u2019\u00e9puise en silence et une expulsion lente qui Lire la suite &rarr;\" \/>\n<meta property=\"og:url\" content=\"https:\/\/ismfrance.org\/index.php\/2025\/09\/05\/temoignages-de-gazaouis-la-survie-qui-sorganise-au-jour-le-jour-dans-lenfer-de-gaza-partie-510-4-9-lexil-force-des-palestiniens-de-gaza-une-saignee-c\/\" \/>\n<meta property=\"og:site_name\" content=\"International Solidarity Movement - ISM-France\" \/>\n<meta property=\"article:published_time\" content=\"2025-09-05T10:20:01+00:00\" \/>\n<meta property=\"og:image\" content=\"https:\/\/ismfrance.org\/wp-content\/uploads\/2025\/09\/exil.jpeg\" \/>\n\t<meta property=\"og:image:width\" content=\"1440\" \/>\n\t<meta property=\"og:image:height\" content=\"810\" \/>\n\t<meta property=\"og:image:type\" content=\"image\/jpeg\" \/>\n<meta name=\"author\" content=\"mru_01\" \/>\n<meta name=\"twitter:card\" content=\"summary_large_image\" \/>\n<meta name=\"twitter:creator\" content=\"@ISMFRANCE\" \/>\n<meta name=\"twitter:site\" content=\"@ISMFRANCE\" \/>\n<meta name=\"twitter:label1\" content=\"\u00c9crit par\" \/>\n\t<meta name=\"twitter:data1\" content=\"mru_01\" \/>\n\t<meta name=\"twitter:label2\" content=\"Dur\u00e9e de lecture estim\u00e9e\" \/>\n\t<meta name=\"twitter:data2\" content=\"11 minutes\" \/>\n<script type=\"application\/ld+json\" class=\"yoast-schema-graph\">{\"@context\":\"https:\/\/schema.org\",\"@graph\":[{\"@type\":\"Article\",\"@id\":\"https:\/\/ismfrance.org\/index.php\/2025\/09\/05\/temoignages-de-gazaouis-la-survie-qui-sorganise-au-jour-le-jour-dans-lenfer-de-gaza-partie-510-4-9-lexil-force-des-palestiniens-de-gaza-une-saignee-c\/#article\",\"isPartOf\":{\"@id\":\"https:\/\/ismfrance.org\/index.php\/2025\/09\/05\/temoignages-de-gazaouis-la-survie-qui-sorganise-au-jour-le-jour-dans-lenfer-de-gaza-partie-510-4-9-lexil-force-des-palestiniens-de-gaza-une-saignee-c\/\"},\"author\":{\"name\":\"mru_01\",\"@id\":\"https:\/\/ismfrance.org\/#\/schema\/person\/3c411eb72adfaae19c0dca1f41fae01d\"},\"headline\":\"T\u00e9moignages de Gazaouis : La survie qui s\u2019organise au jour le jour dans l\u2019enfer de Gaza \u2013 partie 510 \/ 4.9 \u2013\u00a0L&rsquo;exil forc\u00e9 des Palestiniens de Gaza : une saign\u00e9e collective\",\"datePublished\":\"2025-09-05T10:20:01+00:00\",\"mainEntityOfPage\":{\"@id\":\"https:\/\/ismfrance.org\/index.php\/2025\/09\/05\/temoignages-de-gazaouis-la-survie-qui-sorganise-au-jour-le-jour-dans-lenfer-de-gaza-partie-510-4-9-lexil-force-des-palestiniens-de-gaza-une-saignee-c\/\"},\"wordCount\":1939,\"publisher\":{\"@id\":\"https:\/\/ismfrance.org\/#organization\"},\"image\":{\"@id\":\"https:\/\/ismfrance.org\/index.php\/2025\/09\/05\/temoignages-de-gazaouis-la-survie-qui-sorganise-au-jour-le-jour-dans-lenfer-de-gaza-partie-510-4-9-lexil-force-des-palestiniens-de-gaza-une-saignee-c\/#primaryimage\"},\"thumbnailUrl\":\"https:\/\/ismfrance.org\/wp-content\/uploads\/2025\/09\/exil.jpeg\",\"keywords\":[\"G\u00e9nocide\",\"nettoyage ethnique\"],\"articleSection\":[\"Articles\",\"T\u00e9moignages\"],\"inLanguage\":\"fr-FR\"},{\"@type\":\"WebPage\",\"@id\":\"https:\/\/ismfrance.org\/index.php\/2025\/09\/05\/temoignages-de-gazaouis-la-survie-qui-sorganise-au-jour-le-jour-dans-lenfer-de-gaza-partie-510-4-9-lexil-force-des-palestiniens-de-gaza-une-saignee-c\/\",\"url\":\"https:\/\/ismfrance.org\/index.php\/2025\/09\/05\/temoignages-de-gazaouis-la-survie-qui-sorganise-au-jour-le-jour-dans-lenfer-de-gaza-partie-510-4-9-lexil-force-des-palestiniens-de-gaza-une-saignee-c\/\",\"name\":\"T\u00e9moignages de Gazaouis : La survie qui s\u2019organise au jour le jour dans l\u2019enfer de Gaza \u2013 partie 510 \/ 4.9 \u2013\u00a0L'exil forc\u00e9 des Palestiniens de Gaza : une saign\u00e9e collective - International Solidarity Movement - ISM-France\",\"isPartOf\":{\"@id\":\"https:\/\/ismfrance.org\/#website\"},\"primaryImageOfPage\":{\"@id\":\"https:\/\/ismfrance.org\/index.php\/2025\/09\/05\/temoignages-de-gazaouis-la-survie-qui-sorganise-au-jour-le-jour-dans-lenfer-de-gaza-partie-510-4-9-lexil-force-des-palestiniens-de-gaza-une-saignee-c\/#primaryimage\"},\"image\":{\"@id\":\"https:\/\/ismfrance.org\/index.php\/2025\/09\/05\/temoignages-de-gazaouis-la-survie-qui-sorganise-au-jour-le-jour-dans-lenfer-de-gaza-partie-510-4-9-lexil-force-des-palestiniens-de-gaza-une-saignee-c\/#primaryimage\"},\"thumbnailUrl\":\"https:\/\/ismfrance.org\/wp-content\/uploads\/2025\/09\/exil.jpeg\",\"datePublished\":\"2025-09-05T10:20:01+00:00\",\"breadcrumb\":{\"@id\":\"https:\/\/ismfrance.org\/index.php\/2025\/09\/05\/temoignages-de-gazaouis-la-survie-qui-sorganise-au-jour-le-jour-dans-lenfer-de-gaza-partie-510-4-9-lexil-force-des-palestiniens-de-gaza-une-saignee-c\/#breadcrumb\"},\"inLanguage\":\"fr-FR\",\"potentialAction\":[{\"@type\":\"ReadAction\",\"target\":[\"https:\/\/ismfrance.org\/index.php\/2025\/09\/05\/temoignages-de-gazaouis-la-survie-qui-sorganise-au-jour-le-jour-dans-lenfer-de-gaza-partie-510-4-9-lexil-force-des-palestiniens-de-gaza-une-saignee-c\/\"]}]},{\"@type\":\"ImageObject\",\"inLanguage\":\"fr-FR\",\"@id\":\"https:\/\/ismfrance.org\/index.php\/2025\/09\/05\/temoignages-de-gazaouis-la-survie-qui-sorganise-au-jour-le-jour-dans-lenfer-de-gaza-partie-510-4-9-lexil-force-des-palestiniens-de-gaza-une-saignee-c\/#primaryimage\",\"url\":\"https:\/\/ismfrance.org\/wp-content\/uploads\/2025\/09\/exil.jpeg\",\"contentUrl\":\"https:\/\/ismfrance.org\/wp-content\/uploads\/2025\/09\/exil.jpeg\",\"width\":1440,\"height\":810},{\"@type\":\"BreadcrumbList\",\"@id\":\"https:\/\/ismfrance.org\/index.php\/2025\/09\/05\/temoignages-de-gazaouis-la-survie-qui-sorganise-au-jour-le-jour-dans-lenfer-de-gaza-partie-510-4-9-lexil-force-des-palestiniens-de-gaza-une-saignee-c\/#breadcrumb\",\"itemListElement\":[{\"@type\":\"ListItem\",\"position\":1,\"name\":\"Accueil\",\"item\":\"https:\/\/ismfrance.org\/\"},{\"@type\":\"ListItem\",\"position\":2,\"name\":\"T\u00e9moignages de Gazaouis : La survie qui s\u2019organise au jour le jour dans l\u2019enfer de Gaza \u2013 partie 510 \/ 4.9 \u2013\u00a0L&rsquo;exil forc\u00e9 des Palestiniens de Gaza : une saign\u00e9e collective\"}]},{\"@type\":\"WebSite\",\"@id\":\"https:\/\/ismfrance.org\/#website\",\"url\":\"https:\/\/ismfrance.org\/\",\"name\":\"ISM Palestine France\",\"description\":\"Soutien aux luttes de lib\u00e9ration du peuple palestinien\",\"publisher\":{\"@id\":\"https:\/\/ismfrance.org\/#organization\"},\"potentialAction\":[{\"@type\":\"SearchAction\",\"target\":{\"@type\":\"EntryPoint\",\"urlTemplate\":\"https:\/\/ismfrance.org\/?s={search_term_string}\"},\"query-input\":{\"@type\":\"PropertyValueSpecification\",\"valueRequired\":true,\"valueName\":\"search_term_string\"}}],\"inLanguage\":\"fr-FR\"},{\"@type\":\"Organization\",\"@id\":\"https:\/\/ismfrance.org\/#organization\",\"name\":\"International Solidarity Movement\",\"url\":\"https:\/\/ismfrance.org\/\",\"logo\":{\"@type\":\"ImageObject\",\"inLanguage\":\"fr-FR\",\"@id\":\"https:\/\/ismfrance.org\/#\/schema\/logo\/image\/\",\"url\":\"https:\/\/ismfrance.org\/wp-content\/uploads\/2020\/12\/00.png\",\"contentUrl\":\"https:\/\/ismfrance.org\/wp-content\/uploads\/2020\/12\/00.png\",\"width\":400,\"height\":400,\"caption\":\"International Solidarity Movement\"},\"image\":{\"@id\":\"https:\/\/ismfrance.org\/#\/schema\/logo\/image\/\"},\"sameAs\":[\"https:\/\/x.com\/ISMFRANCE\"]},{\"@type\":\"Person\",\"@id\":\"https:\/\/ismfrance.org\/#\/schema\/person\/3c411eb72adfaae19c0dca1f41fae01d\",\"name\":\"mru_01\",\"image\":{\"@type\":\"ImageObject\",\"inLanguage\":\"fr-FR\",\"@id\":\"https:\/\/secure.gravatar.com\/avatar\/3a0be343b445d2ccc79e87444a294fad2b232e90d2051d0e3cc219e1ecd6a330?s=96&d=mm&r=g\",\"url\":\"https:\/\/secure.gravatar.com\/avatar\/3a0be343b445d2ccc79e87444a294fad2b232e90d2051d0e3cc219e1ecd6a330?s=96&d=mm&r=g\",\"contentUrl\":\"https:\/\/secure.gravatar.com\/avatar\/3a0be343b445d2ccc79e87444a294fad2b232e90d2051d0e3cc219e1ecd6a330?s=96&d=mm&r=g\",\"caption\":\"mru_01\"},\"url\":\"https:\/\/ismfrance.org\/index.php\/author\/admin02\/\"}]}<\/script>\n<!-- \/ Yoast SEO plugin. -->","yoast_head_json":{"title":"T\u00e9moignages de Gazaouis : La survie qui s\u2019organise au jour le jour dans l\u2019enfer de Gaza \u2013 partie 510 \/ 4.9 \u2013\u00a0L'exil forc\u00e9 des Palestiniens de Gaza : une saign\u00e9e collective - International Solidarity Movement - ISM-France","robots":{"index":"index","follow":"follow","max-snippet":"max-snippet:-1","max-image-preview":"max-image-preview:large","max-video-preview":"max-video-preview:-1"},"canonical":"https:\/\/ismfrance.org\/index.php\/2025\/09\/05\/temoignages-de-gazaouis-la-survie-qui-sorganise-au-jour-le-jour-dans-lenfer-de-gaza-partie-510-4-9-lexil-force-des-palestiniens-de-gaza-une-saignee-c\/","og_locale":"fr_FR","og_type":"article","og_title":"T\u00e9moignages de Gazaouis : La survie qui s\u2019organise au jour le jour dans l\u2019enfer de Gaza \u2013 partie 510 \/ 4.9 \u2013\u00a0L'exil forc\u00e9 des Palestiniens de Gaza : une saign\u00e9e collective - International Solidarity Movement - ISM-France","og_description":"Brigitte Challande, 5 septembre 2025.- Le 4 septembre, Abu Amir \u00e9voque une question peu abord\u00e9e mais de plus en plus pr\u00e9sente. Gaza s\u2019\u00e9puise en silence et une expulsion lente qui Lire la suite &rarr;","og_url":"https:\/\/ismfrance.org\/index.php\/2025\/09\/05\/temoignages-de-gazaouis-la-survie-qui-sorganise-au-jour-le-jour-dans-lenfer-de-gaza-partie-510-4-9-lexil-force-des-palestiniens-de-gaza-une-saignee-c\/","og_site_name":"International Solidarity Movement - ISM-France","article_published_time":"2025-09-05T10:20:01+00:00","og_image":[{"width":1440,"height":810,"url":"https:\/\/ismfrance.org\/wp-content\/uploads\/2025\/09\/exil.jpeg","type":"image\/jpeg"}],"author":"mru_01","twitter_card":"summary_large_image","twitter_creator":"@ISMFRANCE","twitter_site":"@ISMFRANCE","twitter_misc":{"\u00c9crit par":"mru_01","Dur\u00e9e de lecture estim\u00e9e":"11 minutes"},"schema":{"@context":"https:\/\/schema.org","@graph":[{"@type":"Article","@id":"https:\/\/ismfrance.org\/index.php\/2025\/09\/05\/temoignages-de-gazaouis-la-survie-qui-sorganise-au-jour-le-jour-dans-lenfer-de-gaza-partie-510-4-9-lexil-force-des-palestiniens-de-gaza-une-saignee-c\/#article","isPartOf":{"@id":"https:\/\/ismfrance.org\/index.php\/2025\/09\/05\/temoignages-de-gazaouis-la-survie-qui-sorganise-au-jour-le-jour-dans-lenfer-de-gaza-partie-510-4-9-lexil-force-des-palestiniens-de-gaza-une-saignee-c\/"},"author":{"name":"mru_01","@id":"https:\/\/ismfrance.org\/#\/schema\/person\/3c411eb72adfaae19c0dca1f41fae01d"},"headline":"T\u00e9moignages de Gazaouis : La survie qui s\u2019organise au jour le jour dans l\u2019enfer de Gaza \u2013 partie 510 \/ 4.9 \u2013\u00a0L&rsquo;exil forc\u00e9 des Palestiniens de Gaza : une saign\u00e9e collective","datePublished":"2025-09-05T10:20:01+00:00","mainEntityOfPage":{"@id":"https:\/\/ismfrance.org\/index.php\/2025\/09\/05\/temoignages-de-gazaouis-la-survie-qui-sorganise-au-jour-le-jour-dans-lenfer-de-gaza-partie-510-4-9-lexil-force-des-palestiniens-de-gaza-une-saignee-c\/"},"wordCount":1939,"publisher":{"@id":"https:\/\/ismfrance.org\/#organization"},"image":{"@id":"https:\/\/ismfrance.org\/index.php\/2025\/09\/05\/temoignages-de-gazaouis-la-survie-qui-sorganise-au-jour-le-jour-dans-lenfer-de-gaza-partie-510-4-9-lexil-force-des-palestiniens-de-gaza-une-saignee-c\/#primaryimage"},"thumbnailUrl":"https:\/\/ismfrance.org\/wp-content\/uploads\/2025\/09\/exil.jpeg","keywords":["G\u00e9nocide","nettoyage ethnique"],"articleSection":["Articles","T\u00e9moignages"],"inLanguage":"fr-FR"},{"@type":"WebPage","@id":"https:\/\/ismfrance.org\/index.php\/2025\/09\/05\/temoignages-de-gazaouis-la-survie-qui-sorganise-au-jour-le-jour-dans-lenfer-de-gaza-partie-510-4-9-lexil-force-des-palestiniens-de-gaza-une-saignee-c\/","url":"https:\/\/ismfrance.org\/index.php\/2025\/09\/05\/temoignages-de-gazaouis-la-survie-qui-sorganise-au-jour-le-jour-dans-lenfer-de-gaza-partie-510-4-9-lexil-force-des-palestiniens-de-gaza-une-saignee-c\/","name":"T\u00e9moignages de Gazaouis : La survie qui s\u2019organise au jour le jour dans l\u2019enfer de Gaza \u2013 partie 510 \/ 4.9 \u2013\u00a0L'exil forc\u00e9 des Palestiniens de Gaza : une saign\u00e9e collective - International Solidarity Movement - ISM-France","isPartOf":{"@id":"https:\/\/ismfrance.org\/#website"},"primaryImageOfPage":{"@id":"https:\/\/ismfrance.org\/index.php\/2025\/09\/05\/temoignages-de-gazaouis-la-survie-qui-sorganise-au-jour-le-jour-dans-lenfer-de-gaza-partie-510-4-9-lexil-force-des-palestiniens-de-gaza-une-saignee-c\/#primaryimage"},"image":{"@id":"https:\/\/ismfrance.org\/index.php\/2025\/09\/05\/temoignages-de-gazaouis-la-survie-qui-sorganise-au-jour-le-jour-dans-lenfer-de-gaza-partie-510-4-9-lexil-force-des-palestiniens-de-gaza-une-saignee-c\/#primaryimage"},"thumbnailUrl":"https:\/\/ismfrance.org\/wp-content\/uploads\/2025\/09\/exil.jpeg","datePublished":"2025-09-05T10:20:01+00:00","breadcrumb":{"@id":"https:\/\/ismfrance.org\/index.php\/2025\/09\/05\/temoignages-de-gazaouis-la-survie-qui-sorganise-au-jour-le-jour-dans-lenfer-de-gaza-partie-510-4-9-lexil-force-des-palestiniens-de-gaza-une-saignee-c\/#breadcrumb"},"inLanguage":"fr-FR","potentialAction":[{"@type":"ReadAction","target":["https:\/\/ismfrance.org\/index.php\/2025\/09\/05\/temoignages-de-gazaouis-la-survie-qui-sorganise-au-jour-le-jour-dans-lenfer-de-gaza-partie-510-4-9-lexil-force-des-palestiniens-de-gaza-une-saignee-c\/"]}]},{"@type":"ImageObject","inLanguage":"fr-FR","@id":"https:\/\/ismfrance.org\/index.php\/2025\/09\/05\/temoignages-de-gazaouis-la-survie-qui-sorganise-au-jour-le-jour-dans-lenfer-de-gaza-partie-510-4-9-lexil-force-des-palestiniens-de-gaza-une-saignee-c\/#primaryimage","url":"https:\/\/ismfrance.org\/wp-content\/uploads\/2025\/09\/exil.jpeg","contentUrl":"https:\/\/ismfrance.org\/wp-content\/uploads\/2025\/09\/exil.jpeg","width":1440,"height":810},{"@type":"BreadcrumbList","@id":"https:\/\/ismfrance.org\/index.php\/2025\/09\/05\/temoignages-de-gazaouis-la-survie-qui-sorganise-au-jour-le-jour-dans-lenfer-de-gaza-partie-510-4-9-lexil-force-des-palestiniens-de-gaza-une-saignee-c\/#breadcrumb","itemListElement":[{"@type":"ListItem","position":1,"name":"Accueil","item":"https:\/\/ismfrance.org\/"},{"@type":"ListItem","position":2,"name":"T\u00e9moignages de Gazaouis : La survie qui s\u2019organise au jour le jour dans l\u2019enfer de Gaza \u2013 partie 510 \/ 4.9 \u2013\u00a0L&rsquo;exil forc\u00e9 des Palestiniens de Gaza : une saign\u00e9e collective"}]},{"@type":"WebSite","@id":"https:\/\/ismfrance.org\/#website","url":"https:\/\/ismfrance.org\/","name":"ISM Palestine France","description":"Soutien aux luttes de lib\u00e9ration du peuple palestinien","publisher":{"@id":"https:\/\/ismfrance.org\/#organization"},"potentialAction":[{"@type":"SearchAction","target":{"@type":"EntryPoint","urlTemplate":"https:\/\/ismfrance.org\/?s={search_term_string}"},"query-input":{"@type":"PropertyValueSpecification","valueRequired":true,"valueName":"search_term_string"}}],"inLanguage":"fr-FR"},{"@type":"Organization","@id":"https:\/\/ismfrance.org\/#organization","name":"International Solidarity Movement","url":"https:\/\/ismfrance.org\/","logo":{"@type":"ImageObject","inLanguage":"fr-FR","@id":"https:\/\/ismfrance.org\/#\/schema\/logo\/image\/","url":"https:\/\/ismfrance.org\/wp-content\/uploads\/2020\/12\/00.png","contentUrl":"https:\/\/ismfrance.org\/wp-content\/uploads\/2020\/12\/00.png","width":400,"height":400,"caption":"International Solidarity Movement"},"image":{"@id":"https:\/\/ismfrance.org\/#\/schema\/logo\/image\/"},"sameAs":["https:\/\/x.com\/ISMFRANCE"]},{"@type":"Person","@id":"https:\/\/ismfrance.org\/#\/schema\/person\/3c411eb72adfaae19c0dca1f41fae01d","name":"mru_01","image":{"@type":"ImageObject","inLanguage":"fr-FR","@id":"https:\/\/secure.gravatar.com\/avatar\/3a0be343b445d2ccc79e87444a294fad2b232e90d2051d0e3cc219e1ecd6a330?s=96&d=mm&r=g","url":"https:\/\/secure.gravatar.com\/avatar\/3a0be343b445d2ccc79e87444a294fad2b232e90d2051d0e3cc219e1ecd6a330?s=96&d=mm&r=g","contentUrl":"https:\/\/secure.gravatar.com\/avatar\/3a0be343b445d2ccc79e87444a294fad2b232e90d2051d0e3cc219e1ecd6a330?s=96&d=mm&r=g","caption":"mru_01"},"url":"https:\/\/ismfrance.org\/index.php\/author\/admin02\/"}]}},"_links":{"self":[{"href":"https:\/\/ismfrance.org\/index.php\/wp-json\/wp\/v2\/posts\/23342","targetHints":{"allow":["GET"]}}],"collection":[{"href":"https:\/\/ismfrance.org\/index.php\/wp-json\/wp\/v2\/posts"}],"about":[{"href":"https:\/\/ismfrance.org\/index.php\/wp-json\/wp\/v2\/types\/post"}],"author":[{"embeddable":true,"href":"https:\/\/ismfrance.org\/index.php\/wp-json\/wp\/v2\/users\/3"}],"replies":[{"embeddable":true,"href":"https:\/\/ismfrance.org\/index.php\/wp-json\/wp\/v2\/comments?post=23342"}],"version-history":[{"count":0,"href":"https:\/\/ismfrance.org\/index.php\/wp-json\/wp\/v2\/posts\/23342\/revisions"}],"wp:featuredmedia":[{"embeddable":true,"href":"https:\/\/ismfrance.org\/index.php\/wp-json\/wp\/v2\/media\/23344"}],"wp:attachment":[{"href":"https:\/\/ismfrance.org\/index.php\/wp-json\/wp\/v2\/media?parent=23342"}],"wp:term":[{"taxonomy":"category","embeddable":true,"href":"https:\/\/ismfrance.org\/index.php\/wp-json\/wp\/v2\/categories?post=23342"},{"taxonomy":"post_tag","embeddable":true,"href":"https:\/\/ismfrance.org\/index.php\/wp-json\/wp\/v2\/tags?post=23342"}],"curies":[{"name":"wp","href":"https:\/\/api.w.org\/{rel}","templated":true}]}}