{"id":23334,"date":"2025-09-05T09:24:01","date_gmt":"2025-09-05T07:24:01","guid":{"rendered":"https:\/\/ismfrance.org\/?p=23334"},"modified":"2025-09-05T10:44:07","modified_gmt":"2025-09-05T08:44:07","slug":"marseille-tous-a-la-manif-pour-gaza-pour-la-palestine-et-pour-lhumanite-dimanche-7-septembre-a-14h-porte-daix","status":"publish","type":"post","link":"https:\/\/ismfrance.org\/index.php\/2025\/09\/05\/marseille-tous-a-la-manif-pour-gaza-pour-la-palestine-et-pour-lhumanite-dimanche-7-septembre-a-14h-porte-daix\/","title":{"rendered":"Marseille : tous \u00e0 la manif pour Gaza, pour la Palestine et pour l\u2019humanit\u00e9 ! DIMANCHE 7 SEPTEMBRE \u00e0 14H PORTE D&rsquo;AIX"},"content":{"rendered":"<p align=\"JUSTIFY\"><span style=\"color: #000000;\"><span style=\"font-family: Arial, sans-serif;\"><span style=\"font-size: medium;\"><strong>Chris &amp; Dine, 5 septembre 2025.<\/strong> Depuis 78 ans, les sionistes tuent les enfants, les femmes, les hommes, les vieillards, les malades, les bless\u00e9s, par les bombes, les balles, le feu. A pr\u00e9sent ils obligent les parents \u00e0 assister \u00e0 la lente agonie de leurs enfants qui meurent de faim.<\/span><\/span><\/span><\/p>\n<p align=\"JUSTIFY\"><a href=\"https:\/\/ismfrance.org\/wp-content\/uploads\/2025\/09\/marseille.jpg\"><img loading=\"lazy\" decoding=\"async\" class=\"size-large wp-image-23336 aligncenter\" src=\"https:\/\/ismfrance.org\/wp-content\/uploads\/2025\/09\/marseille-560x700.jpg\" alt=\"\" width=\"560\" height=\"700\" srcset=\"https:\/\/ismfrance.org\/wp-content\/uploads\/2025\/09\/marseille-560x700.jpg 560w, https:\/\/ismfrance.org\/wp-content\/uploads\/2025\/09\/marseille-240x300.jpg 240w, https:\/\/ismfrance.org\/wp-content\/uploads\/2025\/09\/marseille-768x960.jpg 768w, https:\/\/ismfrance.org\/wp-content\/uploads\/2025\/09\/marseille.jpg 1080w\" sizes=\"auto, (max-width: 560px) 100vw, 560px\" \/><\/a><\/p>\n<p align=\"JUSTIFY\"><span style=\"color: #000000;\"><span style=\"font-family: Arial, sans-serif;\"><span style=\"font-size: medium;\">Le droit \u00e0 la r\u00e9sistance arm\u00e9e est un droit sacr\u00e9. Le g\u00e9nocide montre que la seule chance qu\u2019on ait d\u2019exister est de r\u00e9sister.\u00a0<\/span><\/span><\/span><\/p>\n<p><span style=\"color: #000000;\"><span style=\"font-family: Arial, sans-serif;\"><span style=\"font-size: medium;\">Nos gouvernements complices du g\u00e9nocide pers\u00e9cutent ceux qui s\u2019y opposent et les accusent de soutien au terrorisme.<\/span><\/span><\/span><\/p>\n<p><span style=\"color: #000000;\"><span style=\"font-family: Arial, sans-serif;\"><span style=\"font-size: medium;\">Mais, le mot \u00ab terrorisme \u00bb est un outil vide de sens utilis\u00e9 par l\u2019imp\u00e9rialisme pour dominer et faire taire les citoyens libres, qui veulent mettre un terme au g\u00e9nocide et \u00e0 la colonisation. La Palestine ne sera libre qu\u2019avec la disparition du sionisme.\u00a0<\/span><\/span><\/span><\/p>\n<p><span style=\"color: #000000;\"><span style=\"font-family: Arial, sans-serif;\"><span style=\"font-size: medium;\">Restons unis et mobilis\u00e9s pour imposer le cessez-le-feu, l\u2019arr\u00eat des assassinats en masse et du blocus, l\u2019entr\u00e9e de l\u2019aide humanitaire indispensable \u00e0 la survie d\u2019un peuple crucifi\u00e9\u00a0depuis plus de 700 jours.<\/span><\/span><\/span><\/p>\n<p style=\"text-align: center;\"><span style=\"color: #ff0000;\"><strong><span style=\"font-family: Arial, sans-serif;\"><span style=\"font-size: medium;\">A Marseille, nous serons dans la rue dimanche, comme des millions d\u2019\u00eatres humains sur toute la plan\u00e8te, pour crier d\u2019une seule voix contre le g\u00e9nocide et le monde dans lequel ils veulent nous faire vivre !<\/span><\/span><\/strong><\/span><\/p>\n<p style=\"text-align: center;\"><span style=\"color: #ff0000;\"><strong><span style=\"font-family: Arial, sans-serif;\"><span style=\"font-size: medium;\">STOP AU G\u00c9NOCIDE !<br \/>\nSTOP \u00c0 LA FAMINE et aux MASSACRES !<br \/>\nNON au RACISME SANGUINAIRE !<br \/>\nFIN du SIONISME et du COLONIALISME !<br \/>\nLA PALESTINE SERA LIBRE DE LA MER AU JOURDAIN<br \/>\nEt LE RESTE DU MONDE AUSSI !<\/span><\/span><\/strong><\/span><\/p>\n<p><span style=\"color: #000000;\">\u23f0 <span style=\"font-family: Arial, sans-serif;\"><span style=\"font-size: medium;\"><b>Attention rappel de l\u2019horaire : manif\u00a0<\/b><strong>\u00e0 14H<\/strong><\/span><\/span><\/span><\/p>\n","protected":false},"excerpt":{"rendered":"<p>Chris &amp; Dine, 5 septembre 2025. Depuis 78 ans, les sionistes tuent les enfants, les femmes, les hommes, les vieillards, les malades, les bless\u00e9s, par les bombes, les balles, le <a class=\"more-link\" href=\"https:\/\/ismfrance.org\/index.php\/2025\/09\/05\/marseille-tous-a-la-manif-pour-gaza-pour-la-palestine-et-pour-lhumanite-dimanche-7-septembre-a-14h-porte-daix\/\">Lire la suite &rarr;<\/a><\/p>\n","protected":false},"author":3,"featured_media":23336,"comment_status":"closed","ping_status":"closed","sticky":false,"template":"","format":"standard","meta":{"footnotes":""},"categories":[2,14],"tags":[44],"class_list":["post-23334","post","type-post","status-publish","format-standard","has-post-thumbnail","hentry","category-articles","category-communiques","tag-materiel-militant"],"yoast_head":"<!-- This site is optimized with the Yoast SEO plugin v27.2 - https:\/\/yoast.com\/product\/yoast-seo-wordpress\/ -->\n<title>Marseille : tous \u00e0 la manif pour Gaza, pour la Palestine et pour l\u2019humanit\u00e9 ! DIMANCHE 7 SEPTEMBRE \u00e0 14H PORTE D&#039;AIX - International Solidarity Movement - ISM-France<\/title>\n<meta name=\"robots\" content=\"index, follow, max-snippet:-1, max-image-preview:large, max-video-preview:-1\" \/>\n<link rel=\"canonical\" href=\"https:\/\/ismfrance.org\/index.php\/2025\/09\/05\/marseille-tous-a-la-manif-pour-gaza-pour-la-palestine-et-pour-lhumanite-dimanche-7-septembre-a-14h-porte-daix\/\" \/>\n<meta property=\"og:locale\" content=\"fr_FR\" \/>\n<meta property=\"og:type\" content=\"article\" \/>\n<meta property=\"og:title\" content=\"Marseille : tous \u00e0 la manif pour Gaza, pour la Palestine et pour l\u2019humanit\u00e9 ! DIMANCHE 7 SEPTEMBRE \u00e0 14H PORTE D&#039;AIX - International Solidarity Movement - ISM-France\" \/>\n<meta property=\"og:description\" content=\"Chris &amp; Dine, 5 septembre 2025. Depuis 78 ans, les sionistes tuent les enfants, les femmes, les hommes, les vieillards, les malades, les bless\u00e9s, par les bombes, les balles, le Lire la suite &rarr;\" \/>\n<meta property=\"og:url\" content=\"https:\/\/ismfrance.org\/index.php\/2025\/09\/05\/marseille-tous-a-la-manif-pour-gaza-pour-la-palestine-et-pour-lhumanite-dimanche-7-septembre-a-14h-porte-daix\/\" \/>\n<meta property=\"og:site_name\" content=\"International Solidarity Movement - ISM-France\" \/>\n<meta property=\"article:published_time\" content=\"2025-09-05T07:24:01+00:00\" \/>\n<meta property=\"article:modified_time\" content=\"2025-09-05T08:44:07+00:00\" \/>\n<meta property=\"og:image\" content=\"https:\/\/ismfrance.org\/wp-content\/uploads\/2025\/09\/marseille.jpg\" \/>\n\t<meta property=\"og:image:width\" content=\"1080\" \/>\n\t<meta property=\"og:image:height\" content=\"1350\" \/>\n\t<meta property=\"og:image:type\" content=\"image\/jpeg\" \/>\n<meta name=\"author\" content=\"mru_01\" \/>\n<meta name=\"twitter:card\" content=\"summary_large_image\" \/>\n<meta name=\"twitter:creator\" content=\"@ISMFRANCE\" \/>\n<meta name=\"twitter:site\" content=\"@ISMFRANCE\" \/>\n<meta name=\"twitter:label1\" content=\"\u00c9crit par\" \/>\n\t<meta name=\"twitter:data1\" content=\"mru_01\" \/>\n\t<meta name=\"twitter:label2\" content=\"Dur\u00e9e de lecture estim\u00e9e\" \/>\n\t<meta name=\"twitter:data2\" content=\"2 minutes\" \/>\n<script type=\"application\/ld+json\" class=\"yoast-schema-graph\">{\"@context\":\"https:\/\/schema.org\",\"@graph\":[{\"@type\":\"Article\",\"@id\":\"https:\/\/ismfrance.org\/index.php\/2025\/09\/05\/marseille-tous-a-la-manif-pour-gaza-pour-la-palestine-et-pour-lhumanite-dimanche-7-septembre-a-14h-porte-daix\/#article\",\"isPartOf\":{\"@id\":\"https:\/\/ismfrance.org\/index.php\/2025\/09\/05\/marseille-tous-a-la-manif-pour-gaza-pour-la-palestine-et-pour-lhumanite-dimanche-7-septembre-a-14h-porte-daix\/\"},\"author\":{\"name\":\"mru_01\",\"@id\":\"https:\/\/ismfrance.org\/#\/schema\/person\/3c411eb72adfaae19c0dca1f41fae01d\"},\"headline\":\"Marseille : tous \u00e0 la manif pour Gaza, pour la Palestine et pour l\u2019humanit\u00e9 ! DIMANCHE 7 SEPTEMBRE \u00e0 14H PORTE D&rsquo;AIX\",\"datePublished\":\"2025-09-05T07:24:01+00:00\",\"dateModified\":\"2025-09-05T08:44:07+00:00\",\"mainEntityOfPage\":{\"@id\":\"https:\/\/ismfrance.org\/index.php\/2025\/09\/05\/marseille-tous-a-la-manif-pour-gaza-pour-la-palestine-et-pour-lhumanite-dimanche-7-septembre-a-14h-porte-daix\/\"},\"wordCount\":277,\"publisher\":{\"@id\":\"https:\/\/ismfrance.org\/#organization\"},\"image\":{\"@id\":\"https:\/\/ismfrance.org\/index.php\/2025\/09\/05\/marseille-tous-a-la-manif-pour-gaza-pour-la-palestine-et-pour-lhumanite-dimanche-7-septembre-a-14h-porte-daix\/#primaryimage\"},\"thumbnailUrl\":\"https:\/\/ismfrance.org\/wp-content\/uploads\/2025\/09\/marseille.jpg\",\"keywords\":[\"mat\u00e9riel militant\"],\"articleSection\":[\"Articles\",\"Communiqu\u00e9s\"],\"inLanguage\":\"fr-FR\"},{\"@type\":\"WebPage\",\"@id\":\"https:\/\/ismfrance.org\/index.php\/2025\/09\/05\/marseille-tous-a-la-manif-pour-gaza-pour-la-palestine-et-pour-lhumanite-dimanche-7-septembre-a-14h-porte-daix\/\",\"url\":\"https:\/\/ismfrance.org\/index.php\/2025\/09\/05\/marseille-tous-a-la-manif-pour-gaza-pour-la-palestine-et-pour-lhumanite-dimanche-7-septembre-a-14h-porte-daix\/\",\"name\":\"Marseille : tous \u00e0 la manif pour Gaza, pour la Palestine et pour l\u2019humanit\u00e9 ! DIMANCHE 7 SEPTEMBRE \u00e0 14H PORTE D'AIX - International Solidarity Movement - ISM-France\",\"isPartOf\":{\"@id\":\"https:\/\/ismfrance.org\/#website\"},\"primaryImageOfPage\":{\"@id\":\"https:\/\/ismfrance.org\/index.php\/2025\/09\/05\/marseille-tous-a-la-manif-pour-gaza-pour-la-palestine-et-pour-lhumanite-dimanche-7-septembre-a-14h-porte-daix\/#primaryimage\"},\"image\":{\"@id\":\"https:\/\/ismfrance.org\/index.php\/2025\/09\/05\/marseille-tous-a-la-manif-pour-gaza-pour-la-palestine-et-pour-lhumanite-dimanche-7-septembre-a-14h-porte-daix\/#primaryimage\"},\"thumbnailUrl\":\"https:\/\/ismfrance.org\/wp-content\/uploads\/2025\/09\/marseille.jpg\",\"datePublished\":\"2025-09-05T07:24:01+00:00\",\"dateModified\":\"2025-09-05T08:44:07+00:00\",\"breadcrumb\":{\"@id\":\"https:\/\/ismfrance.org\/index.php\/2025\/09\/05\/marseille-tous-a-la-manif-pour-gaza-pour-la-palestine-et-pour-lhumanite-dimanche-7-septembre-a-14h-porte-daix\/#breadcrumb\"},\"inLanguage\":\"fr-FR\",\"potentialAction\":[{\"@type\":\"ReadAction\",\"target\":[\"https:\/\/ismfrance.org\/index.php\/2025\/09\/05\/marseille-tous-a-la-manif-pour-gaza-pour-la-palestine-et-pour-lhumanite-dimanche-7-septembre-a-14h-porte-daix\/\"]}]},{\"@type\":\"ImageObject\",\"inLanguage\":\"fr-FR\",\"@id\":\"https:\/\/ismfrance.org\/index.php\/2025\/09\/05\/marseille-tous-a-la-manif-pour-gaza-pour-la-palestine-et-pour-lhumanite-dimanche-7-septembre-a-14h-porte-daix\/#primaryimage\",\"url\":\"https:\/\/ismfrance.org\/wp-content\/uploads\/2025\/09\/marseille.jpg\",\"contentUrl\":\"https:\/\/ismfrance.org\/wp-content\/uploads\/2025\/09\/marseille.jpg\",\"width\":1080,\"height\":1350},{\"@type\":\"BreadcrumbList\",\"@id\":\"https:\/\/ismfrance.org\/index.php\/2025\/09\/05\/marseille-tous-a-la-manif-pour-gaza-pour-la-palestine-et-pour-lhumanite-dimanche-7-septembre-a-14h-porte-daix\/#breadcrumb\",\"itemListElement\":[{\"@type\":\"ListItem\",\"position\":1,\"name\":\"Accueil\",\"item\":\"https:\/\/ismfrance.org\/\"},{\"@type\":\"ListItem\",\"position\":2,\"name\":\"Marseille : tous \u00e0 la manif pour Gaza, pour la Palestine et pour l\u2019humanit\u00e9 ! DIMANCHE 7 SEPTEMBRE \u00e0 14H PORTE D&rsquo;AIX\"}]},{\"@type\":\"WebSite\",\"@id\":\"https:\/\/ismfrance.org\/#website\",\"url\":\"https:\/\/ismfrance.org\/\",\"name\":\"ISM Palestine France\",\"description\":\"Soutien aux luttes de lib\u00e9ration du peuple palestinien\",\"publisher\":{\"@id\":\"https:\/\/ismfrance.org\/#organization\"},\"potentialAction\":[{\"@type\":\"SearchAction\",\"target\":{\"@type\":\"EntryPoint\",\"urlTemplate\":\"https:\/\/ismfrance.org\/?s={search_term_string}\"},\"query-input\":{\"@type\":\"PropertyValueSpecification\",\"valueRequired\":true,\"valueName\":\"search_term_string\"}}],\"inLanguage\":\"fr-FR\"},{\"@type\":\"Organization\",\"@id\":\"https:\/\/ismfrance.org\/#organization\",\"name\":\"International Solidarity Movement\",\"url\":\"https:\/\/ismfrance.org\/\",\"logo\":{\"@type\":\"ImageObject\",\"inLanguage\":\"fr-FR\",\"@id\":\"https:\/\/ismfrance.org\/#\/schema\/logo\/image\/\",\"url\":\"https:\/\/ismfrance.org\/wp-content\/uploads\/2020\/12\/00.png\",\"contentUrl\":\"https:\/\/ismfrance.org\/wp-content\/uploads\/2020\/12\/00.png\",\"width\":400,\"height\":400,\"caption\":\"International Solidarity Movement\"},\"image\":{\"@id\":\"https:\/\/ismfrance.org\/#\/schema\/logo\/image\/\"},\"sameAs\":[\"https:\/\/x.com\/ISMFRANCE\"]},{\"@type\":\"Person\",\"@id\":\"https:\/\/ismfrance.org\/#\/schema\/person\/3c411eb72adfaae19c0dca1f41fae01d\",\"name\":\"mru_01\",\"image\":{\"@type\":\"ImageObject\",\"inLanguage\":\"fr-FR\",\"@id\":\"https:\/\/secure.gravatar.com\/avatar\/3a0be343b445d2ccc79e87444a294fad2b232e90d2051d0e3cc219e1ecd6a330?s=96&d=mm&r=g\",\"url\":\"https:\/\/secure.gravatar.com\/avatar\/3a0be343b445d2ccc79e87444a294fad2b232e90d2051d0e3cc219e1ecd6a330?s=96&d=mm&r=g\",\"contentUrl\":\"https:\/\/secure.gravatar.com\/avatar\/3a0be343b445d2ccc79e87444a294fad2b232e90d2051d0e3cc219e1ecd6a330?s=96&d=mm&r=g\",\"caption\":\"mru_01\"},\"url\":\"https:\/\/ismfrance.org\/index.php\/author\/admin02\/\"}]}<\/script>\n<!-- \/ Yoast SEO plugin. -->","yoast_head_json":{"title":"Marseille : tous \u00e0 la manif pour Gaza, pour la Palestine et pour l\u2019humanit\u00e9 ! DIMANCHE 7 SEPTEMBRE \u00e0 14H PORTE D'AIX - International Solidarity Movement - ISM-France","robots":{"index":"index","follow":"follow","max-snippet":"max-snippet:-1","max-image-preview":"max-image-preview:large","max-video-preview":"max-video-preview:-1"},"canonical":"https:\/\/ismfrance.org\/index.php\/2025\/09\/05\/marseille-tous-a-la-manif-pour-gaza-pour-la-palestine-et-pour-lhumanite-dimanche-7-septembre-a-14h-porte-daix\/","og_locale":"fr_FR","og_type":"article","og_title":"Marseille : tous \u00e0 la manif pour Gaza, pour la Palestine et pour l\u2019humanit\u00e9 ! DIMANCHE 7 SEPTEMBRE \u00e0 14H PORTE D'AIX - International Solidarity Movement - ISM-France","og_description":"Chris &amp; Dine, 5 septembre 2025. Depuis 78 ans, les sionistes tuent les enfants, les femmes, les hommes, les vieillards, les malades, les bless\u00e9s, par les bombes, les balles, le Lire la suite &rarr;","og_url":"https:\/\/ismfrance.org\/index.php\/2025\/09\/05\/marseille-tous-a-la-manif-pour-gaza-pour-la-palestine-et-pour-lhumanite-dimanche-7-septembre-a-14h-porte-daix\/","og_site_name":"International Solidarity Movement - ISM-France","article_published_time":"2025-09-05T07:24:01+00:00","article_modified_time":"2025-09-05T08:44:07+00:00","og_image":[{"width":1080,"height":1350,"url":"https:\/\/ismfrance.org\/wp-content\/uploads\/2025\/09\/marseille.jpg","type":"image\/jpeg"}],"author":"mru_01","twitter_card":"summary_large_image","twitter_creator":"@ISMFRANCE","twitter_site":"@ISMFRANCE","twitter_misc":{"\u00c9crit par":"mru_01","Dur\u00e9e de lecture estim\u00e9e":"2 minutes"},"schema":{"@context":"https:\/\/schema.org","@graph":[{"@type":"Article","@id":"https:\/\/ismfrance.org\/index.php\/2025\/09\/05\/marseille-tous-a-la-manif-pour-gaza-pour-la-palestine-et-pour-lhumanite-dimanche-7-septembre-a-14h-porte-daix\/#article","isPartOf":{"@id":"https:\/\/ismfrance.org\/index.php\/2025\/09\/05\/marseille-tous-a-la-manif-pour-gaza-pour-la-palestine-et-pour-lhumanite-dimanche-7-septembre-a-14h-porte-daix\/"},"author":{"name":"mru_01","@id":"https:\/\/ismfrance.org\/#\/schema\/person\/3c411eb72adfaae19c0dca1f41fae01d"},"headline":"Marseille : tous \u00e0 la manif pour Gaza, pour la Palestine et pour l\u2019humanit\u00e9 ! DIMANCHE 7 SEPTEMBRE \u00e0 14H PORTE D&rsquo;AIX","datePublished":"2025-09-05T07:24:01+00:00","dateModified":"2025-09-05T08:44:07+00:00","mainEntityOfPage":{"@id":"https:\/\/ismfrance.org\/index.php\/2025\/09\/05\/marseille-tous-a-la-manif-pour-gaza-pour-la-palestine-et-pour-lhumanite-dimanche-7-septembre-a-14h-porte-daix\/"},"wordCount":277,"publisher":{"@id":"https:\/\/ismfrance.org\/#organization"},"image":{"@id":"https:\/\/ismfrance.org\/index.php\/2025\/09\/05\/marseille-tous-a-la-manif-pour-gaza-pour-la-palestine-et-pour-lhumanite-dimanche-7-septembre-a-14h-porte-daix\/#primaryimage"},"thumbnailUrl":"https:\/\/ismfrance.org\/wp-content\/uploads\/2025\/09\/marseille.jpg","keywords":["mat\u00e9riel militant"],"articleSection":["Articles","Communiqu\u00e9s"],"inLanguage":"fr-FR"},{"@type":"WebPage","@id":"https:\/\/ismfrance.org\/index.php\/2025\/09\/05\/marseille-tous-a-la-manif-pour-gaza-pour-la-palestine-et-pour-lhumanite-dimanche-7-septembre-a-14h-porte-daix\/","url":"https:\/\/ismfrance.org\/index.php\/2025\/09\/05\/marseille-tous-a-la-manif-pour-gaza-pour-la-palestine-et-pour-lhumanite-dimanche-7-septembre-a-14h-porte-daix\/","name":"Marseille : tous \u00e0 la manif pour Gaza, pour la Palestine et pour l\u2019humanit\u00e9 ! DIMANCHE 7 SEPTEMBRE \u00e0 14H PORTE D'AIX - International Solidarity Movement - ISM-France","isPartOf":{"@id":"https:\/\/ismfrance.org\/#website"},"primaryImageOfPage":{"@id":"https:\/\/ismfrance.org\/index.php\/2025\/09\/05\/marseille-tous-a-la-manif-pour-gaza-pour-la-palestine-et-pour-lhumanite-dimanche-7-septembre-a-14h-porte-daix\/#primaryimage"},"image":{"@id":"https:\/\/ismfrance.org\/index.php\/2025\/09\/05\/marseille-tous-a-la-manif-pour-gaza-pour-la-palestine-et-pour-lhumanite-dimanche-7-septembre-a-14h-porte-daix\/#primaryimage"},"thumbnailUrl":"https:\/\/ismfrance.org\/wp-content\/uploads\/2025\/09\/marseille.jpg","datePublished":"2025-09-05T07:24:01+00:00","dateModified":"2025-09-05T08:44:07+00:00","breadcrumb":{"@id":"https:\/\/ismfrance.org\/index.php\/2025\/09\/05\/marseille-tous-a-la-manif-pour-gaza-pour-la-palestine-et-pour-lhumanite-dimanche-7-septembre-a-14h-porte-daix\/#breadcrumb"},"inLanguage":"fr-FR","potentialAction":[{"@type":"ReadAction","target":["https:\/\/ismfrance.org\/index.php\/2025\/09\/05\/marseille-tous-a-la-manif-pour-gaza-pour-la-palestine-et-pour-lhumanite-dimanche-7-septembre-a-14h-porte-daix\/"]}]},{"@type":"ImageObject","inLanguage":"fr-FR","@id":"https:\/\/ismfrance.org\/index.php\/2025\/09\/05\/marseille-tous-a-la-manif-pour-gaza-pour-la-palestine-et-pour-lhumanite-dimanche-7-septembre-a-14h-porte-daix\/#primaryimage","url":"https:\/\/ismfrance.org\/wp-content\/uploads\/2025\/09\/marseille.jpg","contentUrl":"https:\/\/ismfrance.org\/wp-content\/uploads\/2025\/09\/marseille.jpg","width":1080,"height":1350},{"@type":"BreadcrumbList","@id":"https:\/\/ismfrance.org\/index.php\/2025\/09\/05\/marseille-tous-a-la-manif-pour-gaza-pour-la-palestine-et-pour-lhumanite-dimanche-7-septembre-a-14h-porte-daix\/#breadcrumb","itemListElement":[{"@type":"ListItem","position":1,"name":"Accueil","item":"https:\/\/ismfrance.org\/"},{"@type":"ListItem","position":2,"name":"Marseille : tous \u00e0 la manif pour Gaza, pour la Palestine et pour l\u2019humanit\u00e9 ! DIMANCHE 7 SEPTEMBRE \u00e0 14H PORTE D&rsquo;AIX"}]},{"@type":"WebSite","@id":"https:\/\/ismfrance.org\/#website","url":"https:\/\/ismfrance.org\/","name":"ISM Palestine France","description":"Soutien aux luttes de lib\u00e9ration du peuple palestinien","publisher":{"@id":"https:\/\/ismfrance.org\/#organization"},"potentialAction":[{"@type":"SearchAction","target":{"@type":"EntryPoint","urlTemplate":"https:\/\/ismfrance.org\/?s={search_term_string}"},"query-input":{"@type":"PropertyValueSpecification","valueRequired":true,"valueName":"search_term_string"}}],"inLanguage":"fr-FR"},{"@type":"Organization","@id":"https:\/\/ismfrance.org\/#organization","name":"International Solidarity Movement","url":"https:\/\/ismfrance.org\/","logo":{"@type":"ImageObject","inLanguage":"fr-FR","@id":"https:\/\/ismfrance.org\/#\/schema\/logo\/image\/","url":"https:\/\/ismfrance.org\/wp-content\/uploads\/2020\/12\/00.png","contentUrl":"https:\/\/ismfrance.org\/wp-content\/uploads\/2020\/12\/00.png","width":400,"height":400,"caption":"International Solidarity Movement"},"image":{"@id":"https:\/\/ismfrance.org\/#\/schema\/logo\/image\/"},"sameAs":["https:\/\/x.com\/ISMFRANCE"]},{"@type":"Person","@id":"https:\/\/ismfrance.org\/#\/schema\/person\/3c411eb72adfaae19c0dca1f41fae01d","name":"mru_01","image":{"@type":"ImageObject","inLanguage":"fr-FR","@id":"https:\/\/secure.gravatar.com\/avatar\/3a0be343b445d2ccc79e87444a294fad2b232e90d2051d0e3cc219e1ecd6a330?s=96&d=mm&r=g","url":"https:\/\/secure.gravatar.com\/avatar\/3a0be343b445d2ccc79e87444a294fad2b232e90d2051d0e3cc219e1ecd6a330?s=96&d=mm&r=g","contentUrl":"https:\/\/secure.gravatar.com\/avatar\/3a0be343b445d2ccc79e87444a294fad2b232e90d2051d0e3cc219e1ecd6a330?s=96&d=mm&r=g","caption":"mru_01"},"url":"https:\/\/ismfrance.org\/index.php\/author\/admin02\/"}]}},"_links":{"self":[{"href":"https:\/\/ismfrance.org\/index.php\/wp-json\/wp\/v2\/posts\/23334","targetHints":{"allow":["GET"]}}],"collection":[{"href":"https:\/\/ismfrance.org\/index.php\/wp-json\/wp\/v2\/posts"}],"about":[{"href":"https:\/\/ismfrance.org\/index.php\/wp-json\/wp\/v2\/types\/post"}],"author":[{"embeddable":true,"href":"https:\/\/ismfrance.org\/index.php\/wp-json\/wp\/v2\/users\/3"}],"replies":[{"embeddable":true,"href":"https:\/\/ismfrance.org\/index.php\/wp-json\/wp\/v2\/comments?post=23334"}],"version-history":[{"count":0,"href":"https:\/\/ismfrance.org\/index.php\/wp-json\/wp\/v2\/posts\/23334\/revisions"}],"wp:featuredmedia":[{"embeddable":true,"href":"https:\/\/ismfrance.org\/index.php\/wp-json\/wp\/v2\/media\/23336"}],"wp:attachment":[{"href":"https:\/\/ismfrance.org\/index.php\/wp-json\/wp\/v2\/media?parent=23334"}],"wp:term":[{"taxonomy":"category","embeddable":true,"href":"https:\/\/ismfrance.org\/index.php\/wp-json\/wp\/v2\/categories?post=23334"},{"taxonomy":"post_tag","embeddable":true,"href":"https:\/\/ismfrance.org\/index.php\/wp-json\/wp\/v2\/tags?post=23334"}],"curies":[{"name":"wp","href":"https:\/\/api.w.org\/{rel}","templated":true}]}}