{"id":23301,"date":"2025-09-04T17:08:29","date_gmt":"2025-09-04T15:08:29","guid":{"rendered":"https:\/\/ismfrance.org\/?p=23301"},"modified":"2025-09-04T17:08:29","modified_gmt":"2025-09-04T15:08:29","slug":"epuises-mais-inebranlables","status":"publish","type":"post","link":"https:\/\/ismfrance.org\/index.php\/2025\/09\/04\/epuises-mais-inebranlables\/","title":{"rendered":"\u00c9puis\u00e9s, mais in\u00e9branlables"},"content":{"rendered":"<p><span style=\"color: #000000;\"><span style=\"font-family: Arial, sans-serif;\"><span style=\"font-size: medium;\"><strong>Handala, 4 septembre 2025.-<\/strong> Cher Journal, il est 4h47 du matin et je n&rsquo;arrive pas \u00e0 dormir. Les soldats de l&rsquo;occupation isra\u00e9lienne sont toujours l\u00e0, dans notre ville, transformant notre nuit tranquille en cauchemar. Ils se d\u00e9chainent depuis tout \u00e0 l&rsquo;heure, prennent d&rsquo;assaut les maisons, frappent les gens dans leurs lits et saccagent tout \u00e0 l&rsquo;int\u00e9rieur\u00a0: meubles renvers\u00e9s, murs fracass\u00e9s et effets personnels \u00e9parpill\u00e9s comme des d\u00e9tritus. C&rsquo;est de la terreur pure, de celle qui fait battre le c\u0153ur rien qu&rsquo;en entendant le bruit des bottes dehors.<\/span><\/span><\/span><\/p>\n<div id=\"attachment_23306\" style=\"width: 610px\" class=\"wp-caption alignnone\"><a href=\"https:\/\/ismfrance.org\/wp-content\/uploads\/2025\/09\/naplouse1.jpeg\"><img loading=\"lazy\" decoding=\"async\" aria-describedby=\"caption-attachment-23306\" class=\"wp-image-23306 size-large\" src=\"https:\/\/ismfrance.org\/wp-content\/uploads\/2025\/09\/naplouse1-700x394.jpeg\" alt=\"\" width=\"600\" height=\"338\" srcset=\"https:\/\/ismfrance.org\/wp-content\/uploads\/2025\/09\/naplouse1-700x394.jpeg 700w, https:\/\/ismfrance.org\/wp-content\/uploads\/2025\/09\/naplouse1-300x169.jpeg 300w, https:\/\/ismfrance.org\/wp-content\/uploads\/2025\/09\/naplouse1-768x432.jpeg 768w, https:\/\/ismfrance.org\/wp-content\/uploads\/2025\/09\/naplouse1.jpeg 1280w\" sizes=\"auto, (max-width: 600px) 100vw, 600px\" \/><\/a><p id=\"caption-attachment-23306\" class=\"wp-caption-text\"><strong>Saccage d&rsquo;un appartement par les forces d&rsquo;occupation \u00e0 Naplouse, le 4 septembre 2025 au matin (d&rsquo;autres photos sur <span style=\"color: #008000;\"><a style=\"color: #008000;\" href=\"https:\/\/x.com\/QudsNen\/status\/1963561459087986841\">Quds News Network<\/a><\/span>)<\/strong><\/p><\/div>\n<p><span style=\"color: #000000;\"><span style=\"font-family: Arial, sans-serif;\"><span style=\"font-size: medium;\">Ils ne se sont pas arr\u00eat\u00e9s aux maisons. Ils ont attaqu\u00e9 une ambulance, arr\u00eat\u00e9 les ambulanciers qui essayaient simplement de soigner les bless\u00e9s. Des gamins, des enfants innocents, r\u00e9veill\u00e9s par la terreur, ont jet\u00e9 un coup d&rsquo;\u0153il dehors pour voir ce qui se passait et ont \u00e9t\u00e9 frapp\u00e9s eux aussi, sur place, dans les rues. Les soldats ont boucl\u00e9 toutes les entr\u00e9es et sorties de la ville, pi\u00e9geant les gens \u00e0 l&rsquo;ext\u00e9rieur de chez eux. Ils ont entass\u00e9 les gens dans d&rsquo;autres maisons palestiniennes, verrouill\u00e9 les portes et pris les cl\u00e9s de leurs voitures pour que personne ne puisse bouger. Puis ils ont commenc\u00e9 \u00e0 voler : des voitures remorqu\u00e9es par leurs jeeps, les crissements de m\u00e9tal sur la chauss\u00e9e ont r\u00e9sonn\u00e9 toute la nuit et r\u00e9veill\u00e9 tout le monde. Ils ont pill\u00e9 des magasins, se sont empar\u00e9s de cigarettes palestiniennes et arabes, et de tout ce qu&rsquo;ils pouvaient transporter. Du vol pur et simple.<\/span><\/span><\/span><\/p>\n<p><span style=\"color: #000000;\"><span style=\"font-family: Arial, sans-serif;\"><span style=\"font-size: medium;\">Je suis assis ici, bien \u00e9veill\u00e9, \u00e0 surveiller notre petite maison. Ma famille est tout pour moi, et s&rsquo;ils font irruption, je dois \u00eatre pr\u00eat \u00e0 les prot\u00e9ger, \u00e0 m&rsquo;assurer que personne ne soit bless\u00e9 et que rien ne soit d\u00e9truit ou vol\u00e9. Nous ne sommes pas des combattants ici ; notre ville est paisible. Nous n&rsquo;avons pas d&rsquo;armes, nous ne jetons m\u00eame pas de pierres. Nous sommes sans d\u00e9fense face \u00e0 cette occupation ill\u00e9gale et brutale, cet apartheid qui nous traite comme des \u00e9trangers sur notre propre terre.<\/span><\/span><\/span><\/p>\n<div id=\"attachment_23304\" style=\"width: 535px\" class=\"wp-caption alignnone\"><a href=\"https:\/\/ismfrance.org\/wp-content\/uploads\/2025\/09\/beit-ummar3.jpeg\"><img loading=\"lazy\" decoding=\"async\" aria-describedby=\"caption-attachment-23304\" class=\"wp-image-23304 size-large\" src=\"https:\/\/ismfrance.org\/wp-content\/uploads\/2025\/09\/beit-ummar3-525x700.jpeg\" alt=\"\" width=\"525\" height=\"700\" srcset=\"https:\/\/ismfrance.org\/wp-content\/uploads\/2025\/09\/beit-ummar3-525x700.jpeg 525w, https:\/\/ismfrance.org\/wp-content\/uploads\/2025\/09\/beit-ummar3-225x300.jpeg 225w, https:\/\/ismfrance.org\/wp-content\/uploads\/2025\/09\/beit-ummar3-768x1024.jpeg 768w, https:\/\/ismfrance.org\/wp-content\/uploads\/2025\/09\/beit-ummar3.jpeg 960w\" sizes=\"auto, (max-width: 525px) 100vw, 525px\" \/><\/a><p id=\"caption-attachment-23304\" class=\"wp-caption-text\"><strong>Saccage d&rsquo;un appartement par les forces d&rsquo;occupation \u00e0 Beit Ummar, au sud de la Cisjordanie occup\u00e9e, le 3 septembre 2025. Les forces d&rsquo;occupation ont ensuite arr\u00eat\u00e9 un jeune de la famille. (d&rsquo;autres photos sur<span style=\"color: #008000;\"> <a style=\"color: #008000;\" href=\"https:\/\/x.com\/nekkba1948\/status\/1963109292489212103\">Nakba1948<\/a><\/span>)<\/strong><\/p><\/div>\n<p><span style=\"color: #000000;\"><span style=\"font-family: Arial, sans-serif;\"><span style=\"font-size: medium;\">Cette pers\u00e9cution n&rsquo;est pas nouvelle, mais ce soir, elle semble pire, comme s&rsquo;ils redoublaient d&rsquo;efforts pour nous briser. Isra\u00ebl continue de voler nos terres, petit \u00e0 petit, nous emp\u00eachant de construire sur notre propre propri\u00e9t\u00e9 enregistr\u00e9e pendant qu&rsquo;il \u00e9tend ses colonies qui entourent notre ville. Les points de contr\u00f4le transforment un court trajet jusqu&rsquo;\u00e0 la ville voisine en heures d&rsquo;humiliation, \u00e0 attendre sous un soleil de plomb. Ils emprisonnent nos enfants sans raison et nous battent ou nous tuent quand bon leur semble. Nous n&rsquo;avons pas re\u00e7u l&rsquo;int\u00e9gralit\u00e9 de notre salaire depuis plus de deux ans, car Isra\u00ebl saisit l&rsquo;argent que nous avons gagn\u00e9 \u00e0 la sueur de notre front. Personne \u00e0 l&rsquo;ext\u00e9rieur ne semble entendre nos cris\u00a0; notre histoire est d\u00e9lib\u00e9r\u00e9ment enterr\u00e9e sous des gros titres qui ignorent le quotidien de cette injustice.<\/span><\/span><\/span><\/p>\n<div id=\"attachment_23308\" style=\"width: 536px\" class=\"wp-caption alignnone\"><a href=\"https:\/\/ismfrance.org\/wp-content\/uploads\/2025\/09\/kafr-qalil1.jpeg\"><img loading=\"lazy\" decoding=\"async\" aria-describedby=\"caption-attachment-23308\" class=\"wp-image-23308 size-large\" src=\"https:\/\/ismfrance.org\/wp-content\/uploads\/2025\/09\/kafr-qalil1-526x700.jpeg\" alt=\"\" width=\"526\" height=\"700\" srcset=\"https:\/\/ismfrance.org\/wp-content\/uploads\/2025\/09\/kafr-qalil1-526x700.jpeg 526w, https:\/\/ismfrance.org\/wp-content\/uploads\/2025\/09\/kafr-qalil1-225x300.jpeg 225w, https:\/\/ismfrance.org\/wp-content\/uploads\/2025\/09\/kafr-qalil1.jpeg 591w\" sizes=\"auto, (max-width: 526px) 100vw, 526px\" \/><\/a><p id=\"caption-attachment-23308\" class=\"wp-caption-text\"><strong>Raid nocturne des forces d&rsquo;occupation \u00e0 Kufr Qalil, au sud de Naplouse, le 2 septembre 2025 (d&rsquo;autres photos &amp; vid\u00e9os sur<span style=\"color: #008000;\"> <a style=\"color: #008000;\" href=\"https:\/\/x.com\/EyeonPalestine\/status\/1962721037121978836\">Eye on Palestine<\/a><\/span>)<\/strong><\/p><\/div>\n<p><span style=\"color: #000000;\"><span style=\"font-family: Arial, sans-serif;\"><span style=\"font-size: medium;\">Je crois qu&rsquo;ils en rajoutent dans la violence pour rendre la vie si insupportable que nous pliions bagage et quittions notre patrie ancestrale. Mais c&rsquo;est notre foyer, ce sont nos racines.<\/span><\/span><\/span><\/p>\n<p><span style=\"color: #000000;\"><span style=\"font-family: Arial, sans-serif;\"><span style=\"font-size: medium;\">Quand ce terrorisme, cette colonisation et ce vol isra\u00e9liens prendront-ils enfin fin\u00a0?<\/span><\/span><\/span><\/p>\n<p><span style=\"color: #000000;\"><span style=\"font-family: Arial, sans-serif;\"><span style=\"font-size: medium;\">Quand nous, Palestiniens, obtiendrons-nous nos droits humains fondamentaux, notre libert\u00e9 et notre droit \u00e0 l&rsquo;autod\u00e9termination sur notre propre patrie ancestrale\u00a0?<\/span><\/span><\/span><\/p>\n<p><span style=\"color: #000000;\"><span style=\"font-family: Arial, sans-serif;\"><span style=\"font-size: medium;\">\u00c9puis\u00e9s, mais in\u00e9branlables.<\/span><\/span><\/span><\/p>\n<p><span style=\"color: #000000;\"><span style=\"font-family: Arial, sans-serif;\"><span style=\"font-size: medium;\">Handala, 4 septembre 2025.<\/span><\/span><\/span><\/p>\n<p><em><span style=\"color: #000000;\"><span style=\"font-family: Arial, sans-serif;\"><span style=\"font-size: medium;\">Article original en anglais sur le compte X de <a href=\"https:\/\/x.com\/HandalaFreedom\/status\/1963419186371133924?t=c9GU65NO5ydbDPQtOpHzxQ&amp;s=09\">Handala<\/a> \/ Traduction MR<\/span><\/span><\/span><\/em><\/p>\n","protected":false},"excerpt":{"rendered":"<p>Handala, 4 septembre 2025.- Cher Journal, il est 4h47 du matin et je n&rsquo;arrive pas \u00e0 dormir. Les soldats de l&rsquo;occupation isra\u00e9lienne sont toujours l\u00e0, dans notre ville, transformant notre <a class=\"more-link\" href=\"https:\/\/ismfrance.org\/index.php\/2025\/09\/04\/epuises-mais-inebranlables\/\">Lire la suite &rarr;<\/a><\/p>\n","protected":false},"author":3,"featured_media":23306,"comment_status":"closed","ping_status":"closed","sticky":false,"template":"","format":"standard","meta":{"footnotes":""},"categories":[2,13],"tags":[45],"class_list":["post-23301","post","type-post","status-publish","format-standard","has-post-thumbnail","hentry","category-articles","category-temoignages","tag-nettoyage-ethnique"],"yoast_head":"<!-- This site is optimized with the Yoast SEO plugin v27.2 - https:\/\/yoast.com\/product\/yoast-seo-wordpress\/ -->\n<title>\u00c9puis\u00e9s, mais in\u00e9branlables - International Solidarity Movement - ISM-France<\/title>\n<meta name=\"robots\" content=\"index, follow, max-snippet:-1, max-image-preview:large, max-video-preview:-1\" \/>\n<link rel=\"canonical\" href=\"https:\/\/ismfrance.org\/index.php\/2025\/09\/04\/epuises-mais-inebranlables\/\" \/>\n<meta property=\"og:locale\" content=\"fr_FR\" \/>\n<meta property=\"og:type\" content=\"article\" \/>\n<meta property=\"og:title\" content=\"\u00c9puis\u00e9s, mais in\u00e9branlables - International Solidarity Movement - ISM-France\" \/>\n<meta property=\"og:description\" content=\"Handala, 4 septembre 2025.- Cher Journal, il est 4h47 du matin et je n&rsquo;arrive pas \u00e0 dormir. Les soldats de l&rsquo;occupation isra\u00e9lienne sont toujours l\u00e0, dans notre ville, transformant notre Lire la suite &rarr;\" \/>\n<meta property=\"og:url\" content=\"https:\/\/ismfrance.org\/index.php\/2025\/09\/04\/epuises-mais-inebranlables\/\" \/>\n<meta property=\"og:site_name\" content=\"International Solidarity Movement - ISM-France\" \/>\n<meta property=\"article:published_time\" content=\"2025-09-04T15:08:29+00:00\" \/>\n<meta property=\"og:image\" content=\"https:\/\/ismfrance.org\/wp-content\/uploads\/2025\/09\/naplouse1.jpeg\" \/>\n\t<meta property=\"og:image:width\" content=\"1280\" \/>\n\t<meta property=\"og:image:height\" content=\"720\" \/>\n\t<meta property=\"og:image:type\" content=\"image\/jpeg\" \/>\n<meta name=\"author\" content=\"mru_01\" \/>\n<meta name=\"twitter:card\" content=\"summary_large_image\" \/>\n<meta name=\"twitter:creator\" content=\"@ISMFRANCE\" \/>\n<meta name=\"twitter:site\" content=\"@ISMFRANCE\" \/>\n<meta name=\"twitter:label1\" content=\"\u00c9crit par\" \/>\n\t<meta name=\"twitter:data1\" content=\"mru_01\" \/>\n\t<meta name=\"twitter:label2\" content=\"Dur\u00e9e de lecture estim\u00e9e\" \/>\n\t<meta name=\"twitter:data2\" content=\"5 minutes\" \/>\n<script type=\"application\/ld+json\" class=\"yoast-schema-graph\">{\"@context\":\"https:\/\/schema.org\",\"@graph\":[{\"@type\":\"Article\",\"@id\":\"https:\/\/ismfrance.org\/index.php\/2025\/09\/04\/epuises-mais-inebranlables\/#article\",\"isPartOf\":{\"@id\":\"https:\/\/ismfrance.org\/index.php\/2025\/09\/04\/epuises-mais-inebranlables\/\"},\"author\":{\"name\":\"mru_01\",\"@id\":\"https:\/\/ismfrance.org\/#\/schema\/person\/3c411eb72adfaae19c0dca1f41fae01d\"},\"headline\":\"\u00c9puis\u00e9s, mais in\u00e9branlables\",\"datePublished\":\"2025-09-04T15:08:29+00:00\",\"mainEntityOfPage\":{\"@id\":\"https:\/\/ismfrance.org\/index.php\/2025\/09\/04\/epuises-mais-inebranlables\/\"},\"wordCount\":713,\"publisher\":{\"@id\":\"https:\/\/ismfrance.org\/#organization\"},\"image\":{\"@id\":\"https:\/\/ismfrance.org\/index.php\/2025\/09\/04\/epuises-mais-inebranlables\/#primaryimage\"},\"thumbnailUrl\":\"https:\/\/ismfrance.org\/wp-content\/uploads\/2025\/09\/naplouse1.jpeg\",\"keywords\":[\"nettoyage ethnique\"],\"articleSection\":[\"Articles\",\"T\u00e9moignages\"],\"inLanguage\":\"fr-FR\"},{\"@type\":\"WebPage\",\"@id\":\"https:\/\/ismfrance.org\/index.php\/2025\/09\/04\/epuises-mais-inebranlables\/\",\"url\":\"https:\/\/ismfrance.org\/index.php\/2025\/09\/04\/epuises-mais-inebranlables\/\",\"name\":\"\u00c9puis\u00e9s, mais in\u00e9branlables - International Solidarity Movement - ISM-France\",\"isPartOf\":{\"@id\":\"https:\/\/ismfrance.org\/#website\"},\"primaryImageOfPage\":{\"@id\":\"https:\/\/ismfrance.org\/index.php\/2025\/09\/04\/epuises-mais-inebranlables\/#primaryimage\"},\"image\":{\"@id\":\"https:\/\/ismfrance.org\/index.php\/2025\/09\/04\/epuises-mais-inebranlables\/#primaryimage\"},\"thumbnailUrl\":\"https:\/\/ismfrance.org\/wp-content\/uploads\/2025\/09\/naplouse1.jpeg\",\"datePublished\":\"2025-09-04T15:08:29+00:00\",\"breadcrumb\":{\"@id\":\"https:\/\/ismfrance.org\/index.php\/2025\/09\/04\/epuises-mais-inebranlables\/#breadcrumb\"},\"inLanguage\":\"fr-FR\",\"potentialAction\":[{\"@type\":\"ReadAction\",\"target\":[\"https:\/\/ismfrance.org\/index.php\/2025\/09\/04\/epuises-mais-inebranlables\/\"]}]},{\"@type\":\"ImageObject\",\"inLanguage\":\"fr-FR\",\"@id\":\"https:\/\/ismfrance.org\/index.php\/2025\/09\/04\/epuises-mais-inebranlables\/#primaryimage\",\"url\":\"https:\/\/ismfrance.org\/wp-content\/uploads\/2025\/09\/naplouse1.jpeg\",\"contentUrl\":\"https:\/\/ismfrance.org\/wp-content\/uploads\/2025\/09\/naplouse1.jpeg\",\"width\":1280,\"height\":720},{\"@type\":\"BreadcrumbList\",\"@id\":\"https:\/\/ismfrance.org\/index.php\/2025\/09\/04\/epuises-mais-inebranlables\/#breadcrumb\",\"itemListElement\":[{\"@type\":\"ListItem\",\"position\":1,\"name\":\"Accueil\",\"item\":\"https:\/\/ismfrance.org\/\"},{\"@type\":\"ListItem\",\"position\":2,\"name\":\"\u00c9puis\u00e9s, mais in\u00e9branlables\"}]},{\"@type\":\"WebSite\",\"@id\":\"https:\/\/ismfrance.org\/#website\",\"url\":\"https:\/\/ismfrance.org\/\",\"name\":\"ISM Palestine France\",\"description\":\"Soutien aux luttes de lib\u00e9ration du peuple palestinien\",\"publisher\":{\"@id\":\"https:\/\/ismfrance.org\/#organization\"},\"potentialAction\":[{\"@type\":\"SearchAction\",\"target\":{\"@type\":\"EntryPoint\",\"urlTemplate\":\"https:\/\/ismfrance.org\/?s={search_term_string}\"},\"query-input\":{\"@type\":\"PropertyValueSpecification\",\"valueRequired\":true,\"valueName\":\"search_term_string\"}}],\"inLanguage\":\"fr-FR\"},{\"@type\":\"Organization\",\"@id\":\"https:\/\/ismfrance.org\/#organization\",\"name\":\"International Solidarity Movement\",\"url\":\"https:\/\/ismfrance.org\/\",\"logo\":{\"@type\":\"ImageObject\",\"inLanguage\":\"fr-FR\",\"@id\":\"https:\/\/ismfrance.org\/#\/schema\/logo\/image\/\",\"url\":\"https:\/\/ismfrance.org\/wp-content\/uploads\/2020\/12\/00.png\",\"contentUrl\":\"https:\/\/ismfrance.org\/wp-content\/uploads\/2020\/12\/00.png\",\"width\":400,\"height\":400,\"caption\":\"International Solidarity Movement\"},\"image\":{\"@id\":\"https:\/\/ismfrance.org\/#\/schema\/logo\/image\/\"},\"sameAs\":[\"https:\/\/x.com\/ISMFRANCE\"]},{\"@type\":\"Person\",\"@id\":\"https:\/\/ismfrance.org\/#\/schema\/person\/3c411eb72adfaae19c0dca1f41fae01d\",\"name\":\"mru_01\",\"image\":{\"@type\":\"ImageObject\",\"inLanguage\":\"fr-FR\",\"@id\":\"https:\/\/secure.gravatar.com\/avatar\/3a0be343b445d2ccc79e87444a294fad2b232e90d2051d0e3cc219e1ecd6a330?s=96&d=mm&r=g\",\"url\":\"https:\/\/secure.gravatar.com\/avatar\/3a0be343b445d2ccc79e87444a294fad2b232e90d2051d0e3cc219e1ecd6a330?s=96&d=mm&r=g\",\"contentUrl\":\"https:\/\/secure.gravatar.com\/avatar\/3a0be343b445d2ccc79e87444a294fad2b232e90d2051d0e3cc219e1ecd6a330?s=96&d=mm&r=g\",\"caption\":\"mru_01\"},\"url\":\"https:\/\/ismfrance.org\/index.php\/author\/admin02\/\"}]}<\/script>\n<!-- \/ Yoast SEO plugin. -->","yoast_head_json":{"title":"\u00c9puis\u00e9s, mais in\u00e9branlables - International Solidarity Movement - ISM-France","robots":{"index":"index","follow":"follow","max-snippet":"max-snippet:-1","max-image-preview":"max-image-preview:large","max-video-preview":"max-video-preview:-1"},"canonical":"https:\/\/ismfrance.org\/index.php\/2025\/09\/04\/epuises-mais-inebranlables\/","og_locale":"fr_FR","og_type":"article","og_title":"\u00c9puis\u00e9s, mais in\u00e9branlables - International Solidarity Movement - ISM-France","og_description":"Handala, 4 septembre 2025.- Cher Journal, il est 4h47 du matin et je n&rsquo;arrive pas \u00e0 dormir. Les soldats de l&rsquo;occupation isra\u00e9lienne sont toujours l\u00e0, dans notre ville, transformant notre Lire la suite &rarr;","og_url":"https:\/\/ismfrance.org\/index.php\/2025\/09\/04\/epuises-mais-inebranlables\/","og_site_name":"International Solidarity Movement - ISM-France","article_published_time":"2025-09-04T15:08:29+00:00","og_image":[{"width":1280,"height":720,"url":"https:\/\/ismfrance.org\/wp-content\/uploads\/2025\/09\/naplouse1.jpeg","type":"image\/jpeg"}],"author":"mru_01","twitter_card":"summary_large_image","twitter_creator":"@ISMFRANCE","twitter_site":"@ISMFRANCE","twitter_misc":{"\u00c9crit par":"mru_01","Dur\u00e9e de lecture estim\u00e9e":"5 minutes"},"schema":{"@context":"https:\/\/schema.org","@graph":[{"@type":"Article","@id":"https:\/\/ismfrance.org\/index.php\/2025\/09\/04\/epuises-mais-inebranlables\/#article","isPartOf":{"@id":"https:\/\/ismfrance.org\/index.php\/2025\/09\/04\/epuises-mais-inebranlables\/"},"author":{"name":"mru_01","@id":"https:\/\/ismfrance.org\/#\/schema\/person\/3c411eb72adfaae19c0dca1f41fae01d"},"headline":"\u00c9puis\u00e9s, mais in\u00e9branlables","datePublished":"2025-09-04T15:08:29+00:00","mainEntityOfPage":{"@id":"https:\/\/ismfrance.org\/index.php\/2025\/09\/04\/epuises-mais-inebranlables\/"},"wordCount":713,"publisher":{"@id":"https:\/\/ismfrance.org\/#organization"},"image":{"@id":"https:\/\/ismfrance.org\/index.php\/2025\/09\/04\/epuises-mais-inebranlables\/#primaryimage"},"thumbnailUrl":"https:\/\/ismfrance.org\/wp-content\/uploads\/2025\/09\/naplouse1.jpeg","keywords":["nettoyage ethnique"],"articleSection":["Articles","T\u00e9moignages"],"inLanguage":"fr-FR"},{"@type":"WebPage","@id":"https:\/\/ismfrance.org\/index.php\/2025\/09\/04\/epuises-mais-inebranlables\/","url":"https:\/\/ismfrance.org\/index.php\/2025\/09\/04\/epuises-mais-inebranlables\/","name":"\u00c9puis\u00e9s, mais in\u00e9branlables - International Solidarity Movement - ISM-France","isPartOf":{"@id":"https:\/\/ismfrance.org\/#website"},"primaryImageOfPage":{"@id":"https:\/\/ismfrance.org\/index.php\/2025\/09\/04\/epuises-mais-inebranlables\/#primaryimage"},"image":{"@id":"https:\/\/ismfrance.org\/index.php\/2025\/09\/04\/epuises-mais-inebranlables\/#primaryimage"},"thumbnailUrl":"https:\/\/ismfrance.org\/wp-content\/uploads\/2025\/09\/naplouse1.jpeg","datePublished":"2025-09-04T15:08:29+00:00","breadcrumb":{"@id":"https:\/\/ismfrance.org\/index.php\/2025\/09\/04\/epuises-mais-inebranlables\/#breadcrumb"},"inLanguage":"fr-FR","potentialAction":[{"@type":"ReadAction","target":["https:\/\/ismfrance.org\/index.php\/2025\/09\/04\/epuises-mais-inebranlables\/"]}]},{"@type":"ImageObject","inLanguage":"fr-FR","@id":"https:\/\/ismfrance.org\/index.php\/2025\/09\/04\/epuises-mais-inebranlables\/#primaryimage","url":"https:\/\/ismfrance.org\/wp-content\/uploads\/2025\/09\/naplouse1.jpeg","contentUrl":"https:\/\/ismfrance.org\/wp-content\/uploads\/2025\/09\/naplouse1.jpeg","width":1280,"height":720},{"@type":"BreadcrumbList","@id":"https:\/\/ismfrance.org\/index.php\/2025\/09\/04\/epuises-mais-inebranlables\/#breadcrumb","itemListElement":[{"@type":"ListItem","position":1,"name":"Accueil","item":"https:\/\/ismfrance.org\/"},{"@type":"ListItem","position":2,"name":"\u00c9puis\u00e9s, mais in\u00e9branlables"}]},{"@type":"WebSite","@id":"https:\/\/ismfrance.org\/#website","url":"https:\/\/ismfrance.org\/","name":"ISM Palestine France","description":"Soutien aux luttes de lib\u00e9ration du peuple palestinien","publisher":{"@id":"https:\/\/ismfrance.org\/#organization"},"potentialAction":[{"@type":"SearchAction","target":{"@type":"EntryPoint","urlTemplate":"https:\/\/ismfrance.org\/?s={search_term_string}"},"query-input":{"@type":"PropertyValueSpecification","valueRequired":true,"valueName":"search_term_string"}}],"inLanguage":"fr-FR"},{"@type":"Organization","@id":"https:\/\/ismfrance.org\/#organization","name":"International Solidarity Movement","url":"https:\/\/ismfrance.org\/","logo":{"@type":"ImageObject","inLanguage":"fr-FR","@id":"https:\/\/ismfrance.org\/#\/schema\/logo\/image\/","url":"https:\/\/ismfrance.org\/wp-content\/uploads\/2020\/12\/00.png","contentUrl":"https:\/\/ismfrance.org\/wp-content\/uploads\/2020\/12\/00.png","width":400,"height":400,"caption":"International Solidarity Movement"},"image":{"@id":"https:\/\/ismfrance.org\/#\/schema\/logo\/image\/"},"sameAs":["https:\/\/x.com\/ISMFRANCE"]},{"@type":"Person","@id":"https:\/\/ismfrance.org\/#\/schema\/person\/3c411eb72adfaae19c0dca1f41fae01d","name":"mru_01","image":{"@type":"ImageObject","inLanguage":"fr-FR","@id":"https:\/\/secure.gravatar.com\/avatar\/3a0be343b445d2ccc79e87444a294fad2b232e90d2051d0e3cc219e1ecd6a330?s=96&d=mm&r=g","url":"https:\/\/secure.gravatar.com\/avatar\/3a0be343b445d2ccc79e87444a294fad2b232e90d2051d0e3cc219e1ecd6a330?s=96&d=mm&r=g","contentUrl":"https:\/\/secure.gravatar.com\/avatar\/3a0be343b445d2ccc79e87444a294fad2b232e90d2051d0e3cc219e1ecd6a330?s=96&d=mm&r=g","caption":"mru_01"},"url":"https:\/\/ismfrance.org\/index.php\/author\/admin02\/"}]}},"_links":{"self":[{"href":"https:\/\/ismfrance.org\/index.php\/wp-json\/wp\/v2\/posts\/23301","targetHints":{"allow":["GET"]}}],"collection":[{"href":"https:\/\/ismfrance.org\/index.php\/wp-json\/wp\/v2\/posts"}],"about":[{"href":"https:\/\/ismfrance.org\/index.php\/wp-json\/wp\/v2\/types\/post"}],"author":[{"embeddable":true,"href":"https:\/\/ismfrance.org\/index.php\/wp-json\/wp\/v2\/users\/3"}],"replies":[{"embeddable":true,"href":"https:\/\/ismfrance.org\/index.php\/wp-json\/wp\/v2\/comments?post=23301"}],"version-history":[{"count":0,"href":"https:\/\/ismfrance.org\/index.php\/wp-json\/wp\/v2\/posts\/23301\/revisions"}],"wp:featuredmedia":[{"embeddable":true,"href":"https:\/\/ismfrance.org\/index.php\/wp-json\/wp\/v2\/media\/23306"}],"wp:attachment":[{"href":"https:\/\/ismfrance.org\/index.php\/wp-json\/wp\/v2\/media?parent=23301"}],"wp:term":[{"taxonomy":"category","embeddable":true,"href":"https:\/\/ismfrance.org\/index.php\/wp-json\/wp\/v2\/categories?post=23301"},{"taxonomy":"post_tag","embeddable":true,"href":"https:\/\/ismfrance.org\/index.php\/wp-json\/wp\/v2\/tags?post=23301"}],"curies":[{"name":"wp","href":"https:\/\/api.w.org\/{rel}","templated":true}]}}