{"id":23293,"date":"2025-09-04T12:14:17","date_gmt":"2025-09-04T10:14:17","guid":{"rendered":"https:\/\/ismfrance.org\/?p=23293"},"modified":"2025-09-04T12:14:17","modified_gmt":"2025-09-04T10:14:17","slug":"temoignages-de-gazaouis-la-survie-qui-sorganise-au-jour-le-jour-dans-lenfer-de-gaza-partie-508-3-9-limportance-dune-negociation-issue-d","status":"publish","type":"post","link":"https:\/\/ismfrance.org\/index.php\/2025\/09\/04\/temoignages-de-gazaouis-la-survie-qui-sorganise-au-jour-le-jour-dans-lenfer-de-gaza-partie-508-3-9-limportance-dune-negociation-issue-d\/","title":{"rendered":"T\u00e9moignages de Gazaouis : La survie qui s\u2019organise au jour le jour dans l\u2019enfer de Gaza \u2013 partie 508 \/ 3.9 \u2013\u00a0L\u2019importance d\u2019une n\u00e9gociation issue du peuple \/ Une enfance crucifi\u00e9e sur les murs du silence mondial"},"content":{"rendered":"<p><span style=\"color: #000000;\"><span style=\"font-family: Arial, sans-serif;\"><span style=\"font-size: medium;\"><strong>Brigitte Challande, 4 septembre 2025.<\/strong>\u00a0 Abu Amir envoie deux textes le 3 septembre : un sur la continuit\u00e9 de l\u2019\u00e9chec des n\u00e9gociations dans le jeu temporel d\u2019Isra\u00ebl et un autre sur l\u2019enfance crucifi\u00e9e de Gaza sur les murs du silence mondial. <\/span><\/span><\/span><\/p>\n<p><span style=\"color: #000000;\"><span style=\"font-family: Arial, sans-serif;\"><span style=\"font-size: medium;\">\u00ab\u00a0Depuis de longs mois, les habitants de Gaza vivent au rythme des avanc\u00e9es et des reculs, au gr\u00e9 des nouvelles sur des n\u00e9gociations qui commencent et s\u2019ach\u00e8vent sans r\u00e9sultats. Ils vivent dans une attente inqui\u00e8te et am\u00e8re, s\u2019accrochant \u00e0 la moindre lueur d\u2019espoir qui pourrait les sauver de ce cycle de sang et de destruction. Mais \u00e0 la fin, ils reviennent toujours au m\u00eame cercle de d\u00e9ception : les flammes de la guerre ne s\u2019\u00e9teignent pas, le sang continue de couler, et les promesses relay\u00e9es par les m\u00e9dias d\u2019une issue imminente ou d\u2019un apaisement proche ne se concr\u00e9tisent jamais. Les n\u00e9gociations semblent \u00eatre devenues un rituel r\u00e9p\u00e9titif qui ne produit que davantage de questions lourdes sur la poitrine des gens. Pourquoi l\u2019\u00e9chec ? Qui en porte la responsabilit\u00e9 ? Et quelle logique pourrait convaincre une m\u00e8re qui a perdu ses enfants sous les d\u00e9combres que ce nouveau cycle de pourparlers ne finira pas dans le n\u00e9ant, comme les pr\u00e9c\u00e9dents ? Dans ce moment psychologique charg\u00e9 de d\u00e9sespoir, de col\u00e8re et d\u2019attente, la question des causes de l\u2019\u00e9chec devient existentielle, non seulement politique, touchant directement la vie et le droit \u00e0 l\u2019existence des gens.<\/span><\/span><\/span><\/p>\n<p><a href=\"https:\/\/ismfrance.org\/wp-content\/uploads\/2025\/09\/boulevard-gaza-avant-apres.jpeg\"><img loading=\"lazy\" decoding=\"async\" class=\"alignnone size-large wp-image-23295\" src=\"https:\/\/ismfrance.org\/wp-content\/uploads\/2025\/09\/boulevard-gaza-avant-apres-700x700.jpeg\" alt=\"\" width=\"600\" height=\"600\" srcset=\"https:\/\/ismfrance.org\/wp-content\/uploads\/2025\/09\/boulevard-gaza-avant-apres-700x700.jpeg 700w, https:\/\/ismfrance.org\/wp-content\/uploads\/2025\/09\/boulevard-gaza-avant-apres-300x300.jpeg 300w, https:\/\/ismfrance.org\/wp-content\/uploads\/2025\/09\/boulevard-gaza-avant-apres-150x150.jpeg 150w, https:\/\/ismfrance.org\/wp-content\/uploads\/2025\/09\/boulevard-gaza-avant-apres-768x768.jpeg 768w, https:\/\/ismfrance.org\/wp-content\/uploads\/2025\/09\/boulevard-gaza-avant-apres-144x144.jpeg 144w, https:\/\/ismfrance.org\/wp-content\/uploads\/2025\/09\/boulevard-gaza-avant-apres.jpeg 960w\" sizes=\"auto, (max-width: 600px) 100vw, 600px\" \/><\/a><\/p>\n<p><span style=\"color: #000000;\"><span style=\"font-family: Arial, sans-serif;\"><span style=\"font-size: medium;\">Le principal obstacle \u00e0 ces n\u00e9gociations, sans \u00e9quivoque, est Isra\u00ebl. C\u2019est la partie qui d\u00e9tient les outils de la force et les utilise sans piti\u00e9, transformant la table des n\u00e9gociations en une sc\u00e8ne de chantage, imposant des conditions irr\u00e9alisables et gagnant du temps, consciente que chaque jour sans accord lui offre une occasion suppl\u00e9mentaire d\u2019ancrer une nouvelle r\u00e9alit\u00e9 sur le terrain, une r\u00e9alit\u00e9 faite d\u2019occupation, d\u2019expulsion et de domination. Isra\u00ebl ne cherche pas \u00e0 mettre fin \u00e0 la guerre, mais \u00e0 l\u2019exploiter ; elle ne recherche pas une solution juste, mais un abandon camoufl\u00e9 par le langage des accords. Et derri\u00e8re elle se tiennent ses grands alli\u00e9s, qui lui offrent couverture politique, armes et temps, laissant la victime seule face \u00e0 une machine de guerre sans piti\u00e9. Mais suffit-il de rejeter tout le bl\u00e2me sur l\u2019ennemi ? Ne devons-nous pas aussi nous interroger sur nos propres failles ? <\/span><\/span><\/span><\/p>\n<p><span style=\"color: #000000;\"><span style=\"font-family: Arial, sans-serif;\"><span style=\"font-size: medium;\">La premi\u00e8re question se pose quant aux membres de la d\u00e9l\u00e9gation n\u00e9gociatrice : poss\u00e8dent-ils les qualit\u00e9s essentielles pour repr\u00e9senter le peuple et pr\u00e9server la cause ? Ont-ils une vision claire, une volont\u00e9 ferme ? Ou bien les divisions politiques et les calculs factionnels se refl\u00e8tent-ils dans leurs performances, affaiblissant leur position et offrant \u00e0 l\u2019ennemi une large marge de man\u0153uvre ? Quand le n\u00e9gociateur devient prisonnier de ses appartenances \u00e9troites, il devient incapable de porter les pr\u00e9occupations de tout un peuple, et les n\u00e9gociations se transforment en un conflit interne d\u00e9guis\u00e9 en cause nationale. Alors, n\u2019avons-nous pas besoin de n\u00e9gociateurs conscients que la cause qu\u2019ils portent n\u2019est pas un dossier partisan, mais une question de sang, de vies, de terre, d\u2019existence ?<\/span><\/span><\/span><\/p>\n<p><span style=\"color: #000000;\"><span style=\"font-family: Arial, sans-serif;\"><span style=\"font-size: medium;\">Il y a aussi la question du temps et du lieu : combien de fois ces n\u00e9gociations se sont-elles d\u00e9roul\u00e9es \u00e0 des moments inopportuns, dans des lieux non neutres, loin de la voix du terrain et des cris des victimes, comme si elles se d\u00e9roulaient dans une tour d\u2019ivoire d\u00e9tach\u00e9e du sol ? Le choix du temps et du lieu a souvent \u00e9t\u00e9 un facteur d\u00e9cisif d\u2019\u00e9chec, car un n\u00e9gociateur d\u00e9tach\u00e9 de la r\u00e9alit\u00e9 de son peuple perd la capacit\u00e9 de d\u00e9fendre cette r\u00e9alit\u00e9 avec force. Quant aux m\u00e9diateurs, cens\u00e9s faciliter les solutions, combien de fois se sont-ils transform\u00e9s en outils de pression, exigeant des Palestiniens davantage de concessions au nom du r\u00e9alisme, tout en fermant les yeux sur l\u2019intransigeance d\u2019Isra\u00ebl et son refus de tout engagement r\u00e9el ?<\/span><\/span><\/span><\/p>\n<p><span style=\"color: #000000;\"><span style=\"font-family: Arial, sans-serif;\"><span style=\"font-size: medium;\">Il faut \u00e9galement examiner la nature des revendications et des propositions pr\u00e9sent\u00e9es \u00e0 la table : sont-elles \u00e9quilibr\u00e9es, refl\u00e9tant le poids de la cause et les sacrifices du peuple ? Ou oscillent-elles entre des plafonds irr\u00e9alisables dans les conditions actuelles et d\u2019autres si bas qu\u2019ils \u00e9veillent la suspicion et ouvrent la porte \u00e0 des concessions gratuites ? Le probl\u00e8me majeur r\u00e9side dans cette oscillation, qui permet \u00e0 l\u2019ennemi de jouer ses cartes : accuser la partie palestinienne d\u2019exag\u00e9rer lorsqu\u2019elle fixe des exigences \u00e9lev\u00e9es, et exploiter sa faiblesse lorsqu\u2019elle abaisse ses pr\u00e9tentions. L\u2019\u00e9quilibre devient ici une n\u00e9cessit\u00e9 existentielle : il impose que les revendications soient li\u00e9es \u00e0 la r\u00e9alit\u00e9 du terrain et au poids du sang vers\u00e9\u00a0: ni exc\u00e8s qui conduit \u00e0 l\u2019impuissance, ni abandon qui m\u00e8ne \u00e0 la liquidation de la cause.<\/span><\/span><\/span><\/p>\n<p><span style=\"color: #000000;\"><span style=\"font-family: Arial, sans-serif;\"><span style=\"font-size: medium;\">Nous devons comprendre qu\u2019un recul d\u2019un ou deux pas \u00e0 un moment donn\u00e9 ne signifie pas la d\u00e9faite, mais peut \u00eatre la voie pour pr\u00e9server l\u2019essence de la cause, \u00e0 condition que ce recul soit tactique et non strat\u00e9gique, un moyen de prot\u00e9ger le peuple et non un pr\u00e9texte pour vendre ses droits. Car se maintenir sur la terre, assurer la pr\u00e9sence du peuple sur son sol, est en soi une victoire. Les accords fragiles qui paraissent \u00eatre des acquis alors qu\u2019ils constituent en r\u00e9alit\u00e9 un abandon des principes, sont le danger le plus grand, car ils risquent de transformer le sang des martyrs en simples chiffres dans les archives de l\u2019oubli.<\/span><\/span><\/span><\/p>\n<p><a href=\"https:\/\/ismfrance.org\/wp-content\/uploads\/2025\/09\/farine.jpeg\"><img loading=\"lazy\" decoding=\"async\" class=\"alignnone size-large wp-image-23296\" src=\"https:\/\/ismfrance.org\/wp-content\/uploads\/2025\/09\/farine-700x440.jpeg\" alt=\"\" width=\"600\" height=\"377\" srcset=\"https:\/\/ismfrance.org\/wp-content\/uploads\/2025\/09\/farine-700x440.jpeg 700w, https:\/\/ismfrance.org\/wp-content\/uploads\/2025\/09\/farine-300x189.jpeg 300w, https:\/\/ismfrance.org\/wp-content\/uploads\/2025\/09\/farine-768x483.jpeg 768w, https:\/\/ismfrance.org\/wp-content\/uploads\/2025\/09\/farine-750x470.jpeg 750w, https:\/\/ismfrance.org\/wp-content\/uploads\/2025\/09\/farine-640x401.jpeg 640w, https:\/\/ismfrance.org\/wp-content\/uploads\/2025\/09\/farine.jpeg 1004w\" sizes=\"auto, (max-width: 600px) 100vw, 600px\" \/><\/a><\/p>\n<p><span style=\"color: #000000;\"><span style=\"font-family: Arial, sans-serif;\"><span style=\"font-size: medium;\">Le plus dangereux dans la continuit\u00e9 de l\u2019\u00e9chec est qu\u2019il profite directement \u00e0 Isra\u00ebl. Elle en est la premi\u00e8re et la derni\u00e8re b\u00e9n\u00e9ficiaire, car elle sait que la temporisation en p\u00e9riode de faiblesse \u00e9quivaut \u00e0 multiplier les pertes palestiniennes. Chaque jour sans r\u00e9sultat est un jour suppl\u00e9mentaire d\u2019usure des infrastructures de Gaza, d\u2019\u00e9puisement des forces et de la r\u00e9silience du peuple, et de nouveaux d\u00e9placements et d\u00e9racinements. L\u2019ennemi exploite habilement cette continuit\u00e9, transformant les n\u00e9gociations en un th\u00e9\u00e2tre absurde o\u00f9 il appara\u00eet comme le \u00ab\u00a0partisan de la paix\u00a0\u00bb tout en poursuivant sans rel\u00e2che sa guerre sur le terrain.<\/span><\/span><\/span><\/p>\n<p><span style=\"color: #000000;\"><span style=\"font-family: Arial, sans-serif;\"><span style=\"font-size: medium;\">Mais au-del\u00e0 de cela, il existe un danger encore plus insidieux : l\u2019effondrement de la conscience des gens. Quand les cycles d\u2019\u00e9chec se r\u00e9p\u00e8tent, les gens commencent \u00e0 perdre confiance dans l\u2019utilit\u00e9 des n\u00e9gociations, \u00e0 sentir que leur sang est vers\u00e9 en vain, et que leur cause est g\u00e9r\u00e9e comme un simple dossier administratif et non comme une lutte de lib\u00e9ration et d\u2019existence. C\u2019est alors que la douleur se d\u00e9cuple : perte politique dans les salles de n\u00e9gociation, et perte psychologique dans les c\u0153urs. Et si nous perdons la conscience des gens, nous perdons le v\u00e9ritable soutien qui donne un sens \u00e0 toute n\u00e9gociation.<\/span><\/span><\/span><\/p>\n<p><span style=\"color: #000000;\"><span style=\"font-family: Arial, sans-serif;\"><span style=\"font-size: medium;\">D\u2019o\u00f9 l\u2019importance d\u2019un discours n\u00e9gociateur issu du peuple, enracin\u00e9 dans ses souffrances, prot\u00e9g\u00e9 par sa conscience. Le n\u00e9gociateur doit toujours se rappeler qu\u2019il ne repr\u00e9sente pas un parti ou une faction, mais des millions d\u2019\u00eatres humains vivant sous les bombes, et l\u2019histoire d\u2019un sang vers\u00e9 \u00e0 travers les g\u00e9n\u00e9rations. Il doit \u00e9lever sa voix, non pour demander de nouvelles concessions, mais pour dire au monde : \u00ab\u00a0Arr\u00eatez les tueries, arr\u00eatez le g\u00e9nocide, arr\u00eatez la destruction.\u00a0\u00bb Lorsque cette voix est sinc\u00e8re, elle impose un si\u00e8ge moral \u00e0 l\u2019ennemi et met \u00e0 nu la fausset\u00e9 de ses pr\u00e9tentions \u00e0 rechercher la paix.<\/span><\/span><\/span><\/p>\n<p><span style=\"color: #000000;\"><span style=\"font-family: Arial, sans-serif;\"><span style=\"font-size: medium;\">La continuit\u00e9 de cet \u00e9chec nous place \u00e0 un carrefour dangereux : soit nous restons prisonniers du jeu st\u00e9rile des n\u00e9gociations qui nous consument temps et sang, offrant \u00e0 Isra\u00ebl davantage de temps pour consolider son projet ; soit nous refondons notre approche des n\u00e9gociations, \u00e9quilibrant entre l\u2019ambition et les imp\u00e9ratifs de la r\u00e9alit\u00e9, en faisant de la protection du peuple et de la sauvegarde de la cause une priorit\u00e9 absolue, avant toute autre consid\u00e9ration.<\/span><\/span><\/span><\/p>\n<p><span style=\"color: #000000;\"><span style=\"font-family: Arial, sans-serif;\"><span style=\"font-size: medium;\">La question aujourd\u2019hui ne r\u00e9side pas uniquement dans les d\u00e9tails du lieu et du temps, ni dans les textes des propositions, mais dans la volont\u00e9 qui d\u00e9cidera si ces n\u00e9gociations sont un chemin vers la r\u00e9silience ou une voie vers la liquidation. La question est de comprendre qu\u2019Isra\u00ebl est l\u2019obstacle premier, que le facteur temps ne joue pas en notre faveur, et que le sang vers\u00e9 quotidiennement nous impose une responsabilit\u00e9 historique \u00e0 la hauteur de ce poids. La v\u00e9ritable victoire ne r\u00e9side pas dans un accord impos\u00e9 par l\u2019ennemi, mais dans le fait que la cause reste vivante malgr\u00e9 les pertes, et que le peuple demeure sur sa terre malgr\u00e9 toutes les tentatives d\u2019expulsion.<\/span><\/span><\/span><\/p>\n<p><span style=\"color: #000000;\"><span style=\"font-family: Arial, sans-serif;\"><span style=\"font-size: medium;\">C\u2019est pourquoi il est du devoir de toute voix libre d\u2019affirmer clairement : l\u2019\u00e9chec r\u00e9p\u00e9t\u00e9 n\u2019est pas une fatalit\u00e9, mais le r\u00e9sultat de mauvais choix. Il peut \u00eatre transform\u00e9 en le\u00e7on si nous parvenons \u00e0 reconstruire notre conscience et \u00e0 faire de la volont\u00e9 du peuple la premi\u00e8re r\u00e9f\u00e9rence. Ce n\u2019est qu\u2019alors que nous comprendrons que la victoire ne r\u00e9side pas toujours dans des gains imm\u00e9diats, mais dans la survie de la cause elle-m\u00eame, vivante, nourrie par le droit, le sang et la m\u00e9moire. La v\u00e9ritable d\u00e9faite, c\u2019est de se rendre \u00e0 Isra\u00ebl et de lui accorder, sous couvert de n\u00e9gociations, ce qu\u2019elle n\u2019a pas r\u00e9ussi \u00e0 obtenir par la guerre.\u00a0\u00bb<\/span><\/span><\/span><\/p>\n<p><a href=\"https:\/\/ismfrance.org\/wp-content\/uploads\/2025\/09\/enfant-mort.jpeg\"><img loading=\"lazy\" decoding=\"async\" class=\"alignnone size-large wp-image-23297\" src=\"https:\/\/ismfrance.org\/wp-content\/uploads\/2025\/09\/enfant-mort-700x394.jpeg\" alt=\"\" width=\"600\" height=\"338\" srcset=\"https:\/\/ismfrance.org\/wp-content\/uploads\/2025\/09\/enfant-mort-700x394.jpeg 700w, https:\/\/ismfrance.org\/wp-content\/uploads\/2025\/09\/enfant-mort-300x169.jpeg 300w, https:\/\/ismfrance.org\/wp-content\/uploads\/2025\/09\/enfant-mort-768x432.jpeg 768w, https:\/\/ismfrance.org\/wp-content\/uploads\/2025\/09\/enfant-mort.jpeg 1024w\" sizes=\"auto, (max-width: 600px) 100vw, 600px\" \/><\/a><\/p>\n<p style=\"text-align: left;\"><span style=\"color: #000000;\"><span style=\"font-family: Arial, sans-serif;\"><span style=\"font-size: large;\"><b>Gaza\u2026 Une enfance crucifi\u00e9e sur les murs du silence mondial<\/b><\/span><\/span><\/span><\/p>\n<p><span style=\"color: #000000;\"><span style=\"font-family: Arial, sans-serif;\"><span style=\"font-size: medium;\">\u00ab\u00a0Dans un territoire assi\u00e9g\u00e9 depuis de longues ann\u00e9es, la trag\u00e9die croise la r\u00e9silience des habitants comme l\u2019ombre croise la lumi\u00e8re. Gaza, aujourd\u2019hui, n\u2019est pas un simple titre \u00e9ph\u00e9m\u00e8re d\u00e9filant sur les cha\u00eenes d\u2019information, mais un test moral qui r\u00e9v\u00e8le ce qu\u2019il reste d\u2019humanit\u00e9 dans le monde. La machine de guerre ne s\u2019arr\u00eate pas, les maisons s\u2019effondrent sur leurs occupants, les camps s\u2019\u00e9largissent sous l\u2019effet de vagues de d\u00e9placements dont les habitants ignorent le chemin du retour. La mer, qui autrefois offrait aux habitants de la ville une brise l\u00e9g\u00e8re, s\u2019ouvre d\u00e9sormais sur un littoral rempli de tentes et de ruines. Et pourtant, dans les petits d\u00e9tails, se r\u00e9p\u00e8tent des histoires de survie : un p\u00e8re partage un morceau de pain sec entre ses enfants, une m\u00e8re transforme une tente en \u00e9cole sur le sable du rivage, des secouristes courent entre les lignes de feu avec des poches de s\u00e9rum et des bandages insuffisants, et un fr\u00e8re serre la main de son fr\u00e8re bless\u00e9 pour que leurs \u00e2mes ne s\u2019\u00e9teignent pas ensemble. Cette image condens\u00e9e n\u2019embellit pas la r\u00e9alit\u00e9, elle la fait parler : une cruaut\u00e9 excessive, et une d\u00e9termination plus dure que le fer.<\/span><\/span><\/span><\/p>\n<p><span style=\"color: #000000;\"><span style=\"font-family: Arial, sans-serif;\"><span style=\"font-size: medium;\">Depuis la fin de l\u2019ann\u00e9e 2023, les vagues de raids et d\u2019incursions se sont succ\u00e9d\u00e9, jusqu\u2019\u00e0 transformer toute la g\u00e9ographie en champ de cibles. Le petit territoire est devenu une carte d\u2019\u00e9paves et de besoins. Chaque semaine ajoute une nouvelle liste de victimes. Le nombre de martyrs a d\u00e9pass\u00e9 des dizaines de milliers, tandis que celui des bless\u00e9s a \u00e9t\u00e9 estim\u00e9 \u00e0 plusieurs fois plus. Ce sont des chiffres qui p\u00e8sent sur la poitrine comme un rocher, mais qui ne comptabilisent pas tout ce qui s\u2019est perdu sous les d\u00e9combres : des noms, des souvenirs, des chemins de vie.<\/span><\/span><\/span><\/p>\n<p><a href=\"https:\/\/ismfrance.org\/wp-content\/uploads\/2025\/09\/rentree-des-classes-gaza.jpeg\"><img loading=\"lazy\" decoding=\"async\" class=\"alignnone size-large wp-image-23298\" src=\"https:\/\/ismfrance.org\/wp-content\/uploads\/2025\/09\/rentree-des-classes-gaza-700x480.jpeg\" alt=\"\" width=\"600\" height=\"411\" srcset=\"https:\/\/ismfrance.org\/wp-content\/uploads\/2025\/09\/rentree-des-classes-gaza-700x480.jpeg 700w, https:\/\/ismfrance.org\/wp-content\/uploads\/2025\/09\/rentree-des-classes-gaza-300x206.jpeg 300w, https:\/\/ismfrance.org\/wp-content\/uploads\/2025\/09\/rentree-des-classes-gaza-768x526.jpeg 768w, https:\/\/ismfrance.org\/wp-content\/uploads\/2025\/09\/rentree-des-classes-gaza-1536x1052.jpeg 1536w, https:\/\/ismfrance.org\/wp-content\/uploads\/2025\/09\/rentree-des-classes-gaza-1320x904.jpeg 1320w, https:\/\/ismfrance.org\/wp-content\/uploads\/2025\/09\/rentree-des-classes-gaza.jpeg 2048w\" sizes=\"auto, (max-width: 600px) 100vw, 600px\" \/><\/a><\/p>\n<p><span style=\"color: #000000;\"><span style=\"font-family: Arial, sans-serif;\"><span style=\"font-size: medium;\">Mais les chiffres les plus cruels sont ceux qui concernent les enfants. \u00c0 Gaza, les enfants ne sont pas une note en marge de la guerre ; ils en sont le texte m\u00eame. Les avertissements se sont transform\u00e9s en r\u00e9alit\u00e9s : blessures, amputations, d\u00e9formations permanentes, orphelins priv\u00e9s de soins, des milliers d\u2019enfants sans parents, d\u2019autres vivant entre la peur et la privation, certains s\u00e9par\u00e9s de leurs familles sans personne pour leur tenir la main au milieu de ce chaos. C\u2019est une enfance ensevelie sous les d\u00e9combres, rejet\u00e9e dans des camps qui ne ressemblent pas \u00e0 des maisons, et poursuivie chaque nuit par des cauchemars.<\/span><\/span><\/span><\/p>\n<p><span style=\"color: #000000;\"><span style=\"font-family: Arial, sans-serif;\"><span style=\"font-size: medium;\">La guerre a un autre visage, tout aussi meurtrier : la faim. Au fil des mois, des quartiers entiers ont bascul\u00e9 au bord de la famine. Les visages p\u00e2les des enfants sont devenus l\u2019image quotidienne d\u2019une ville assi\u00e9g\u00e9e. Les longues files d\u2019attente devant les points de distribution alimentaire ne signifient pas que la nourriture arrivera, mais qu\u2019il faut patienter dans des conditions p\u00e9rilleuses. Les sc\u00e8nes d\u2019enfants fouillant les sacs d\u2019ordures \u00e0 la recherche d\u2019une bouch\u00e9e sont devenues famili\u00e8res, tandis que les petits corps maigrissent et que la souffrance s\u2019alourdit dans les yeux des m\u00e8res.<\/span><\/span><\/span><\/p>\n<p><span style=\"color: #000000;\"><span style=\"font-family: Arial, sans-serif;\"><span style=\"font-size: medium;\">Sous ce plafond oppressant de bombardements et de faim, le syst\u00e8me de sant\u00e9 s\u2019effondre. Les h\u00f4pitaux fonctionnent \u00e0 moiti\u00e9 de leurs capacit\u00e9s, parfois moins. Les m\u00e9decins op\u00e8rent \u00e0 la lumi\u00e8re vacillante, avec des anesth\u00e9siques insuffisants. Les services d\u2019urgence d\u00e9bordent, m\u00e9langeant blessures complexes et maladies chroniques dont le traitement est interrompu. Chaque minute de retard peut signifier une vie perdue, et chaque salle de r\u00e9animation ressemble \u00e0 un autre champ de bataille.<\/span><\/span><\/span><\/p>\n<p><span style=\"color: #000000;\"><span style=\"font-family: Arial, sans-serif;\"><span style=\"font-size: medium;\">Et si la faim et la m\u00e9decine crient, l\u2019eau, l\u2019\u00e9ducation et l\u2019abri crient \u00e0 leur tour. Des millions de litres d\u2019eau contamin\u00e9e ou coup\u00e9e provoquent des maladies intestinales chez les enfants. Les \u00e9coles sont d\u00e9truites ou transform\u00e9es en centres d\u2019h\u00e9bergement surpeupl\u00e9s qui n\u2019ont rien de l\u2019\u00e9ducation. Le d\u00e9placement \u00e0 Gaza n\u2019est pas un \u00e9v\u00e9nement unique ; ce sont des vagues successives qui obligent les familles \u00e0 dresser et d\u00e9monter leurs tentes, \u00e0 revenir avec inqui\u00e9tude puis \u00e0 fuir \u00e0 nouveau. Des centaines de milliers de d\u00e9plac\u00e9s cherchent un refuge qui n\u2019existe pas.<\/span><\/span><\/span><\/p>\n<p><span style=\"color: #000000;\"><span style=\"font-family: Arial, sans-serif;\"><span style=\"font-size: medium;\">Sur le plan psychologique, une blessure silencieuse \u00e9chappe aux diagnostics m\u00e9dicaux : les cauchemars des enfants, les crises de panique, l\u2019\u00e9nur\u00e9sie, les longs silences qui recouvrent des visages d\u2019enfants vieillis trop t\u00f4t. Les programmes de soutien psychologique et social ne suffisent pas \u00e0 effacer cette douleur, et ne peuvent rendre une enfance vol\u00e9e par une d\u00e9cision internationale tardive.<\/span><\/span><\/span><\/p>\n<p><span style=\"color: #000000;\"><span style=\"font-family: Arial, sans-serif;\"><span style=\"font-size: medium;\">La guerre assi\u00e8ge l\u2019enfance de toutes parts \u2014 bombardements, faim, maladies, froid ou chaleur, arrachement des foyers. Les parents livrent leurs batailles quotidiennes : maintenir leurs enfants en vie, obtenir un vaccin \u00e0 temps, une dose contre la malnutrition, un verre d\u2019eau potable, et une heure de jeu qui redonne un sens \u00e0 l\u2019enfance loin du vacarme des avions.<\/span><\/span><\/span><\/p>\n<div id=\"attachment_23299\" style=\"width: 649px\" class=\"wp-caption alignnone\"><a href=\"https:\/\/ismfrance.org\/wp-content\/uploads\/2025\/09\/virus-inconnu.png\"><img loading=\"lazy\" decoding=\"async\" aria-describedby=\"caption-attachment-23299\" class=\"wp-image-23299 size-full\" src=\"https:\/\/ismfrance.org\/wp-content\/uploads\/2025\/09\/virus-inconnu.png\" alt=\"\" width=\"639\" height=\"611\" srcset=\"https:\/\/ismfrance.org\/wp-content\/uploads\/2025\/09\/virus-inconnu.png 639w, https:\/\/ismfrance.org\/wp-content\/uploads\/2025\/09\/virus-inconnu-300x287.png 300w\" sizes=\"auto, (max-width: 639px) 100vw, 639px\" \/><\/a><p id=\"caption-attachment-23299\" class=\"wp-caption-text\"><em><strong>\u00ab\u00a0Des m\u00e9decins de Gaza signalent des virus et des bact\u00e9ries non identifi\u00e9s provoquant des maladies inconnues qui se propagent parmi les personnes d\u00e9plac\u00e9es vivant dans des camps de tentes dens\u00e9ment peupl\u00e9s \u00e0 travers Gaza.\u00a0\u00bb Capture d&rsquo;\u00e9cran de la <a href=\"https:\/\/x.com\/i\/status\/1963461630076871039\">vid\u00e9o de Motasem A Dalloul<\/a>.<\/strong><\/em><\/p><\/div>\n<p><span style=\"color: #000000;\"><span style=\"font-family: Arial, sans-serif;\"><span style=\"font-size: medium;\">Et pour comprendre davantage la cruaut\u00e9 de l\u2019image, il suffit de se rappeler que les files d\u2019attente devant les points de distribution d\u2019eau et de nourriture sont elles-m\u00eames devenues des zones de danger. Beaucoup ont \u00e9t\u00e9 tu\u00e9s ou bless\u00e9s alors qu\u2019ils attendaient un camion de farine ou une caisse de vivres, transformant l\u2019instant d\u2019esp\u00e9rance en trag\u00e9die faite de pauvret\u00e9 et de balles.<\/span><\/span><\/span><\/p>\n<p><span style=\"color: #000000;\"><span style=\"font-family: Arial, sans-serif;\"><span style=\"font-size: medium;\">Malgr\u00e9 tout cela, Gaza continue de produire du sens \u00e0 la coh\u00e9sion : initiatives locales pour cuire du pain dans des fours rudimentaires, jeunes transportant l\u2019eau dans des seaux sur des v\u00e9los d\u00e9labr\u00e9s, enseignants tra\u00e7ant les lettres sur des cartons, grands-m\u00e8res transformant des recettes de cuisine en le\u00e7ons de patience. Mais cet h\u00e9ro\u00efsme quotidien ne d\u00e9charge pas la communaut\u00e9 internationale de ses responsabilit\u00e9s, et ne devrait pas servir de pr\u00e9texte \u00e0 prolonger la catastrophe.<\/span><\/span><\/span><\/p>\n<p><span style=\"color: #000000;\"><span style=\"font-family: Arial, sans-serif;\"><span style=\"font-size: medium;\">Au c\u0153ur de ce texte se tiennent les enfants : des enfants dont les parents ont \u00e9t\u00e9 tu\u00e9s ou bless\u00e9s, se retrouvant seuls face \u00e0 un monde sans soutien ; des enfants portant des cicatrices visibles et d\u2019autres invisibles ; des enfants luttant sous le toit bas d\u2019une tente, avec le vent jouant avec quelques livres rescap\u00e9s des bombardements ; des enfants qui connaissent mieux le bruit des avions que celui des oiseaux.<\/span><\/span><\/span><\/p>\n<p><span style=\"color: #000000;\"><span style=\"font-family: Arial, sans-serif;\"><span style=\"font-size: medium;\">Il est \u00e9crit pour Gaza de prouver, encore et encore, que l\u2019homme peut porter une m\u00e9moire plus lourde que son corps sans plier. Mais la justice n\u2019est pas un test de r\u00e9sistance pour les victimes, ni l\u2019\u00e9quit\u00e9 une condition de leur endurance. La justice, c\u2019est que cessent les bombardements, que le blocus soit lev\u00e9, que les convois de nourriture et de m\u00e9dicaments entrent sans entraves, que les petites mains retrouvent les bancs de l\u2019\u00e9cole, qu\u2019au moins un enfant puisse dormir une nuit enti\u00e8re sans entendre d\u2019explosions.<\/span><\/span><\/span><\/p>\n<p><span style=\"color: #000000;\"><span style=\"font-family: Arial, sans-serif;\"><span style=\"font-size: medium;\">En attendant cela, les habitants de Gaza continueront de retisser leur tissu social : des voisins partageant du pain et des couvertures, des b\u00e9n\u00e9voles soignant les blessures avec le peu disponible, des p\u00e8res et des m\u00e8res essayant de prot\u00e9ger l\u2019enfance de l\u2019extinction par des histoires et des chansons, des secouristes ouvrant un passage entre l\u2019odeur de la fum\u00e9e et le hurlement des sir\u00e8nes. Le fr\u00e8re continuera de tenir la main de son fr\u00e8re bless\u00e9 pour qu\u2019ils ne tombent pas \u2014 non par faiblesse, mais parce que ce geste, au c\u0153ur de la tourmente, leur rappelle que la vie m\u00e9rite d\u2019\u00eatre port\u00e9e ensemble, m\u00eame au bord du gouffre.<\/span><\/span><\/span><\/p>\n<p><span style=\"color: #000000;\"><span style=\"font-family: Arial, sans-serif;\"><span style=\"font-size: medium;\">Et entre tout cela, l\u2019appel reste clair : Assez. Assez de meurtres, de faim, de terreur. Assez de souffrance pour les m\u00e8res, les p\u00e8res et les enfants. Assez de retarder le droit fondamental \u00e0 la s\u00e9curit\u00e9 et \u00e0 la dignit\u00e9. Gaza n\u2019est pas une succession de titres brefs sur les \u00e9crans, mais des maisons, des pr\u00e9noms, des cahiers d\u2019\u00e9cole, des chansons de f\u00eate suspendues dans l\u2019air, attendant le jour o\u00f9 la vie sera r\u00e9organis\u00e9e \u2014 et o\u00f9 les enfants retrouveront enfin leur enfance.\u00a0\u00bb<\/span><\/span><\/span><\/p>\n<p><span style=\"color: #000000;\"><span style=\"font-family: Arial, sans-serif;\"><span style=\"font-size: medium;\">Lien vers la <a href=\"https:\/\/drive.google.com\/file\/d\/13yPlk6DC69d0IcC2feujNBZsQsCRaQH_\/view?usp=drive_link\">vid\u00e9o de 2 enfants bless\u00e9s<\/a>.<\/span><\/span><\/span><\/p>\n<hr \/>\n<p align=\"LEFT\"><strong>Retrouvez l\u2019ensemble des t\u00e9moignages d\u2019Abu Amir et Marsel :<\/strong><\/p>\n<p>*<strong>Abu Amir Mutasem Ele\u00efwa<\/strong>\u00a0est coordinateur des Projets paysans depuis 2016 au sud de la bande de Gaza et correspondant de l\u2019Union Juive Fran\u00e7aise pour la Paix.<\/p>\n<p>*<strong>Marsel Alledawi<\/strong>\u00a0est responsable du Centre Ibn Sina du nord de la bande de Gaza, centre qui se consacre au suivi \u00e9ducatif et psychologique de l\u2019enfance.<\/p>\n<p>Tous les deux sont soutenus par l\u2019UJFP en France.<\/p>\n<pre><strong><em>Cliquez ici pour consulter les\u00a0<a href=\"https:\/\/ismfrance.org\/index.php\/temoignages-gazaouis-survie-enfer-gaza-1\/\" target=\"_blank\" rel=\"noopener\">T\u00e9moignages du 20 novembre 2023 au 5 janvier 2025 (partie 1 \u00e0 268)<\/a><\/em><\/strong>\r\n\r\n<em><strong>Cliquez ici pour consulter les <a href=\"https:\/\/ismfrance.org\/index.php\/2025\/05\/11\/temoignages-de-gazaouis-la-survie-qui-sorganise-au-jour-le-jour-dans-lenfer-de-gaza-recapitulatif-du-5-janvier-au-9-mai-2025-partie-269-a-392\/\">T\u00e9moignages du 5 janvier au 9 mai 2025 (partie 269 \u00e0 392)<\/a><\/strong><\/em><\/pre>\n<p><a href=\"https:\/\/ismfrance.org\/index.php\/2025\/05\/11\/temoignages-de-gazaouis-la-survie-qui-sorganise-au-jour-le-jour-dans-lenfer-de-gaza-partie-393-10-mai-histoires-dexil-et-de-patience-atel\/\">Partie 393<\/a>\u00a0: 10 mai.\u00a0<a href=\"https:\/\/ismfrance.org\/index.php\/2025\/05\/12\/temoignages-de-gazaouis-la-survie-qui-sorganise-au-jour-le-jour-dans-lenfer-de-gaza-partie-394-11-mai-gaza-sous-la-faim-et-le-feu-famine-lente-et-mort\/\">Partie 394<\/a>\u00a0: 11 mai.\u00a0<a href=\"https:\/\/ismfrance.org\/index.php\/2025\/05\/13\/temoignages-de-gazaouis-la-survie-qui-sorganise-au-jour-le-jour-dans-lenfer-de-gaza-partie-395-11-mai-1-les-femmes-de-gaza-nourrissent-la-faim-par-la-p\/\">Partie 395<\/a>\u00a0: 11 mai (1).\u00a0<a href=\"https:\/\/ismfrance.org\/index.php\/2025\/05\/13\/temoignages-de-gazaouis-la-survie-qui-sorganise-au-jour-le-jour-dans-lenfer-de-gaza-partie-396-12-mai-la-nuit-a-gaza\/\">Partie 396<\/a>\u00a0: 12 mai.\u00a0<a href=\"https:\/\/ismfrance.org\/index.php\/2025\/05\/14\/temoignages-de-gazaouis-la-survie-qui-sorganise-au-jour-le-jour-dans-lenfer-de-gaza-partie-397-13-mai-distribution-de-vetements-aux-enfants-des-agriculte\/\">Partie 397<\/a>\u00a0: 13 mai.\u00a0<a href=\"https:\/\/ismfrance.org\/index.php\/2025\/05\/15\/temoignages-de-gazaouis-la-survie-qui-sorganise-au-jour-le-jour-dans-lenfer-de-gaza-partie-398-14-mai-fracture-du-gouvernement-israelien-escalade-des-ma\/\">Partie 398<\/a>\u00a0: 14 mai.\u00a0<a href=\"https:\/\/ismfrance.org\/index.php\/2025\/05\/16\/temoignages-de-gazaouis-la-survie-qui-sorganise-au-jour-le-jour-dans-lenfer-de-gaza-partie-399-15-mai-soutien-psychologique-seances-sur-la-malnutrition-dans-les-camp\/\">Partie 399<\/a>\u00a0: 15 mai.\u00a0<a href=\"https:\/\/ismfrance.org\/index.php\/2025\/05\/17\/temoignages-de-gazaouis-la-survie-qui-sorganise-au-jour-le-jour-dans-lenfer-de-gaza-partie-400-16-mai-un-genocide-a-lere-de-limpuissanc\/\">Partie 400<\/a>\u00a0: 16 mai.\u00a0<a href=\"https:\/\/ismfrance.org\/index.php\/2025\/05\/18\/temoignages-de-gazaouis-la-survie-qui-sorganise-au-jour-le-jour-dans-lenfer-de-gaza-partie-401-16-mai-1-face-a-la-rarete-de-la-nourriture-proteger-les\/\">Partie 401<\/a>\u00a0: 16 mai (1).\u00a0<a href=\"https:\/\/ismfrance.org\/index.php\/2025\/05\/19\/temoignages-de-gazaouis-la-survie-qui-sorganise-au-jour-le-jour-dans-lenfer-de-gaza-partie-401-17-mai-gaza-cimetiere-de-lenfance-et-silence-du\/\">Partie 402<\/a>\u00a0: 17 mai.<a href=\"https:\/\/ismfrance.org\/index.php\/2025\/05\/19\/temoignages-de-gazaouis-la-survie-qui-sorganise-au-jour-le-jour-dans-lenfer-de-gaza-partie-403-18-mai-continuite-des-activites-humanitaires-de-l\/\">\u00a0Partie 403<\/a>\u00a0: 18 mai.\u00a0<a href=\"https:\/\/ismfrance.org\/index.php\/2025\/05\/19\/temoignages-de-gazaouis-la-survie-qui-sorganise-au-jour-le-jour-dans-lenfer-de-gaza-partie-404-18-mai-1-escalade-des-massacres-operation-chariots-de\/\">Partie 404<\/a>\u00a0: 18 mai (1).\u00a0<a href=\"https:\/\/ismfrance.org\/index.php\/2025\/05\/20\/temoignages-de-gazaouis-la-survie-qui-sorganise-au-jour-le-jour-dans-lenfer-de-gaza-partie-405-20-mai-gaza-un-scandale-moral-mondial\/\">Partie 405<\/a>\u00a0: 20 mai.\u00a0<a href=\"https:\/\/ismfrance.org\/index.php\/2025\/05\/21\/temoignages-de-gazaouis-la-survie-qui-sorganise-au-jour-le-jour-dans-lenfer-de-gaza-partie-406-21-mai-gaza-sous-les-decombres\/\">Partie 406<\/a>\u00a0: 21 mai.\u00a0<a href=\"https:\/\/ismfrance.org\/index.php\/2025\/05\/22\/temoignages-de-gazaouis-la-survie-qui-sorganise-au-jour-le-jour-dans-lenfer-de-gaza-partie-407-22-mai-gaza-le-cadavre-geopolitique-sur-lequel-saffrontent\/\">Partie 407<\/a>\u00a0: 22 mai.\u00a0<a href=\"https:\/\/ismfrance.org\/index.php\/2025\/05\/23\/20653\/\">Partie 408<\/a>\u00a0: 22 mai (1).\u00a0<a href=\"https:\/\/ismfrance.org\/index.php\/2025\/05\/24\/temoignages-de-gazaouis-la-survie-qui-sorganise-au-jour-le-jour-dans-lenfer-de-gaza-partie-409-23-mai-en-marge-de-de-la-guerre-une-parenthese-de\/\">Partie 409<\/a>\u00a0: 23 mai.\u00a0<a href=\"https:\/\/ismfrance.org\/index.php\/2025\/05\/24\/temoignages-de-gazaouis-la-survie-qui-sorganise-au-jour-le-jour-dans-lenfer-de-gaza-partie-410-24-mai-la-bande-de-gaza-un-champ-de-bataille-entre\/\">Partie 410<\/a>\u00a0: 24 mai.\u00a0<a href=\"https:\/\/ismfrance.org\/index.php\/2025\/05\/25\/temoignages-de-gazaouis-la-survie-qui-sorganise-au-jour-le-jour-dans-lenfer-de-gaza-partie-411-25-mai-paroles-de-femmes-dans-les-ateliers-collectifs-de-s\/\">Partie 411<\/a>\u00a0: 25 mai.\u00a0<a href=\"https:\/\/ismfrance.org\/index.php\/2025\/05\/26\/temoignages-de-gazaouis-la-survie-qui-sorganise-au-jour-le-jour-dans-lenfer-de-gaza-partie-412-25-mai-1-soutien-alimentaire-et-travail-educatif\/\">Partie 412<\/a>\u00a0: 25 mai (1).\u00a0<a href=\"https:\/\/ismfrance.org\/index.php\/2025\/05\/27\/temoignages-de-gazaouis-la-survie-qui-sorganise-au-jour-le-jour-dans-lenfer-de-gaza-partie-413-27-mai-gaza-un-enfer-sans-fin\/\">Partie 413<\/a>\u00a0: 27 mai.<a href=\"https:\/\/ismfrance.org\/index.php\/2025\/05\/28\/temoignages-de-gazaouis-la-survie-qui-sorganise-au-jour-le-jour-dans-lenfer-de-gaza-partie-414-27-mai-1-un-nouveau-scenario-diffuse-par-larmee-israel\/\">\u00a0Partie 414<\/a>\u00a0: 27 mai (1).\u00a0<a href=\"https:\/\/ismfrance.org\/index.php\/2025\/05\/30\/temoignages-de-gazaouis-la-survie-qui-sorganise-au-jour-le-jour-dans-lenfer-de-gaza-partie-415-28-mai-la-famine-a-gaza-une-arme-de-mort-impitoyable\/\">Partie 415<\/a>\u00a0: 28 mai.\u00a0<a href=\"https:\/\/ismfrance.org\/index.php\/2025\/05\/30\/temoignages-de-gazaouis-la-survie-qui-sorganise-au-jour-le-jour-dans-lenfer-de-gaza-partie-416-29-mai-gaza-ne-meurt-pas-elle-resiste-elle-crie-qui-ecoute\/\">Partie 416<\/a>\u00a0: 29 mai.\u00a0<a href=\"https:\/\/ismfrance.org\/index.php\/2025\/05\/31\/temoignages-de-gazaouis-la-survie-qui-sorganise-au-jour-le-jour-dans-lenfer-de-gaza-partie-417-30-mai-comment-vivre-avec-la-peur-au-quotidien-a-gaza\/\">Partie 417<\/a>\u00a0: 30 mai.\u00a0<a href=\"https:\/\/ismfrance.org\/index.php\/2025\/06\/01\/temoignages-de-gazaouis-la-survie-qui-sorganise-au-jour-le-jour-dans-lenfer-de-gaza-partie-418-1er-juin-massacres-a-rafah-et-dans-le-corridor-de-netzarim\/\">Partie 418<\/a>\u00a0: 1er juin.\u00a0<a href=\"https:\/\/ismfrance.org\/index.php\/2025\/06\/02\/temoignages-de-gazaouis-la-survie-qui-sorganise-au-jour-le-jour-dans-lenfer-de-gaza-partie-419-1er-juin-1-temoignage-dune-survivante-du-massac\/\">Partie 419<\/a>\u00a0: 1er juin (1).\u00a0<a href=\"https:\/\/ismfrance.org\/index.php\/2025\/06\/02\/temoignages-de-gazaouis-la-survie-qui-sorganise-au-jour-le-jour-dans-lenfer-de-gaza-partie-420-31-mai-et-2-juin-lespoir-resiste-sous-les-decombre\/\">Partie 420<\/a>\u00a0: 31 mai et 2 juin.\u00a0<a href=\"https:\/\/ismfrance.org\/index.php\/2025\/06\/03\/temoignages-de-gazaouis-la-survie-qui-sorganise-au-jour-le-jour-dans-lenfer-de-gaza-partie-421-2-juin-1-assez-de-silence-sauvons-ce-quil-reste\/\">Partie 421<\/a>\u00a0: 2 juin (1).\u00a0<a href=\"https:\/\/ismfrance.org\/index.php\/2025\/06\/04\/temoignages-de-gazaouis-la-survie-qui-sorganise-au-jour-le-jour-dans-lenfer-de-gaza-partie-422-3-juin-une-catastrophe-silencieuse-menace-les-femmes\/\">Partie 422<\/a>\u00a0: 3 juin.\u00a0<a href=\"https:\/\/ismfrance.org\/index.php\/2025\/06\/05\/temoignages-de-gazaouis-la-survie-qui-sorganise-au-jour-le-jour-dans-lenfer-de-gaza-partie-423-4-juin-quand-la-voix-devient-la-derniere-arme-pour-vivre\/\">Partie 423<\/a>\u00a0: 4 juin.\u00a0<a href=\"https:\/\/ismfrance.org\/index.php\/2025\/06\/06\/temoignages-de-gazaouis-la-survie-qui-sorganise-au-jour-le-jour-dans-lenfer-de-gaza-partie-424-5-juin-l-etouffement-de-lidentite-politique-et\/\">Partie 424<\/a>\u00a0: 5 juin.\u00a0<a href=\"https:\/\/ismfrance.org\/index.php\/2025\/06\/07\/temoignages-de-gazaouis-la-survie-qui-sorganise-au-jour-le-jour-dans-lenfer-de-gaza-partie-425-6-juin-ce-qui-se-passe-a-gaza-interroge-le-droit-internati\/\">Partie 425<\/a>\u00a0: 6 juin.\u00a0<a href=\"https:\/\/ismfrance.org\/index.php\/2025\/06\/08\/temoignages-de-gazaouis-la-survie-qui-sorganise-au-jour-le-jour-dans-lenfer-de-gaza-partie-426-6-juin-1-une-journee-de-joie-arrachee-aux-larmes\/\">Partie 426<\/a>\u00a0: 6 juin (1).\u00a0<a href=\"https:\/\/ismfrance.org\/index.php\/2025\/06\/08\/21083\/\">Partie 427<\/a>\u00a0: 7 juin.\u00a0<a href=\"https:\/\/ismfrance.org\/index.php\/2025\/06\/09\/temoignages-de-gazaouis-la-survie-qui-sorganise-au-jour-le-jour-dans-lenfer-de-gaza-partie-428-8-juin-des-femmes-fatiguees-fragiles-mais-capables-de-se\/\">Partie 428<\/a>\u00a0: 8 juin.\u00a0<a href=\"https:\/\/ismfrance.org\/index.php\/2025\/06\/10\/21128\/\">Partie 429<\/a>\u00a0: 9 juin.\u00a0<a href=\"https:\/\/ismfrance.org\/index.php\/2025\/06\/11\/temoignages-de-gazaouis-la-survie-qui-sorganise-au-jour-le-jour-dans-lenfer-de-gaza-partie-430-10-juin-rehabilitation-des-serres-des-agriculteurs-de-deir\/\">Partie 430<\/a>\u00a0: 10 juin.\u00a0<a href=\"https:\/\/ismfrance.org\/index.php\/2025\/06\/12\/temoignages-de-gazaouis-la-survie-qui-sorganise-au-jour-le-jour-dans-lenfer-de-gaza-partie-431-11-juin-le-temps-est-fige-a-gaza-bombardements-sans\/\">Partie 431<\/a>\u00a0: 11 juin.<a href=\"https:\/\/ismfrance.org\/index.php\/2025\/06\/13\/temoignages-de-gazaouis-la-survie-qui-sorganise-au-jour-le-jour-dans-lenfer-de-gaza-partie-432-12-juin-le-monde-se-souleve-pour-gaza-la-marche-des-peup\/\">\u00a0Partie 432<\/a>\u00a0: 12 juin.<a href=\"https:\/\/ismfrance.org\/index.php\/2025\/06\/14\/temoignages-de-gazaouis-la-survie-qui-sorganise-au-jour-le-jour-dans-lenfer-de-gaza-partie-433-13-juin-continuite-du-soutien-psychologique-envers-et-con\/\">\u00a0Partie 433<\/a>\u00a0: 13 juin.<a href=\"https:\/\/ismfrance.org\/index.php\/2025\/06\/15\/temoignages-de-gazaouis-la-survie-qui-sorganise-au-jour-le-jour-dans-lenfer-de-gaza-partie-434-14-juin-massacres-dans-lobscurite-gaza-entre-mo\/\">\u00a0Partie 434<\/a>\u00a0: 14 juin.\u00a0<a href=\"https:\/\/ismfrance.org\/index.php\/2025\/06\/16\/temoignages-de-gazaouis-la-survie-qui-sorganise-au-jour-le-jour-dans-lenfer-de-gaza-partie-435-15-juin-des-efforts-humanitaires-qui-resistent-a-l\/\">Partie 435<\/a>\u00a0: 15 juin.\u00a0<a href=\"https:\/\/ismfrance.org\/index.php\/2025\/06\/16\/temoignages-de-gazaouis-la-survie-qui-sorganise-au-jour-le-jour-dans-lenfer-de-gaza-partie-436-16-juin-jusqua-quand-les-habitants-de-gaza-seront\/\">Partie 436<\/a>\u00a0: 16 juin.\u00a0<a href=\"https:\/\/ismfrance.org\/index.php\/2025\/06\/18\/temoignages-de-gazaouis-la-survie-qui-sorganise-au-jour-le-jour-dans-lenfer-de-gaza-partie-437-17-juin-lenjeu-du-journalisme\/\">Partie 437<\/a>\u00a0: 17 juin.\u00a0<a href=\"https:\/\/ismfrance.org\/index.php\/2025\/06\/18\/temoignages-de-gazaouis-la-survie-qui-sorganise-au-jour-le-jour-dans-lenfer-de-gaza-partie-438-18-juin-mourir-de-faim-ou-etre-tue-famine-et-pieges-des\/\">Partie 438<\/a>\u00a0: 18 juin.\u00a0<a href=\"https:\/\/ismfrance.org\/index.php\/2025\/06\/20\/temoignages-de-gazaouis-la-survie-qui-sorganise-au-jour-le-jour-dans-lenfer-de-gaza-partie-439-19-juin-gaza-releguee-au-second-plan-face-a-lesca\/\">Partie 439<\/a>\u00a0: 19 juin.\u00a0<a href=\"https:\/\/ismfrance.org\/index.php\/2025\/06\/21\/temoignages-de-gazaouis-la-survie-qui-sorganise-au-jour-le-jour-dans-lenfer-de-gaza-partie-440-20-juin-dans-une-situation-humanitaire-catastrophique-des\/\">Partie 440<\/a>\u00a0: 20 juin.\u00a0<a href=\"https:\/\/ismfrance.org\/index.php\/2025\/06\/22\/temoignages-de-gazaouis-la-survie-qui-sorganise-au-jour-le-jour-dans-lenfer-de-gaza-partie-441-21-22-juin-le-soutien-psychologique-une-artere-vitale-ou\/\">Partie 441<\/a>\u00a0: 21-22 juin.\u00a0<a href=\"https:\/\/ismfrance.org\/index.php\/2025\/06\/25\/temoignages-de-gazaouis-la-survie-qui-sorganise-au-jour-le-jour-dans-lenfer-de-gaza-partie-442-24-juin-toutes-les-guerres-prennent-fin-la-guerre\/\">Partie 442<\/a>\u00a0: 24 juin.\u00a0<a href=\"https:\/\/ismfrance.org\/index.php\/2025\/06\/27\/temoignages-de-gazaouis-la-survie-qui-sorganise-au-jour-le-jour-dans-lenfer-de-gaza-partie-443-25-juin-gaza-hurle-au-monde-nous-sommes-la-nous-ne-parti\/\">Partie 443<\/a>\u00a0: 25 juin.\u00a0<a href=\"https:\/\/ismfrance.org\/index.php\/2025\/06\/27\/temoignages-de-gazaouis-la-survie-qui-sorganise-au-jour-le-jour-dans-lenfer-de-gaza-partie-444-26-juin-continuer-a-agir-au-coeur-de-la-catastrophe\/\">Partie 444<\/a>\u00a0: 26 juin.\u00a0<a href=\"https:\/\/ismfrance.org\/index.php\/2025\/06\/28\/temoignages-de-gazaouis-la-survie-qui-sorganise-au-jour-le-jour-dans-lenfer-de-gaza-partie-445-27-28-juin-continuer-a-prendre-soin-de-soi-des-histoires-de-re\/\">Partie 445<\/a>\u00a0:\u00a0 : 27-28 juin.\u00a0<a href=\"https:\/\/ismfrance.org\/index.php\/2025\/06\/29\/21581\/\">Partie 446<\/a>\u00a0: 27 juin.\u00a0<a href=\"https:\/\/ismfrance.org\/index.php\/2025\/07\/01\/temoignages-de-gazaouis-la-survie-qui-sorganise-au-jour-le-jour-dans-lenfer-de-gaza-partie-447-30-juin-le-camp-des-agriculteurs-al-fajr-a-al-mawasi-cible\/\">Partie 447<\/a>\u00a0: 30 juin.\u00a0<a href=\"https:\/\/ismfrance.org\/index.php\/2025\/07\/02\/temoignages-de-gazaouis-la-survie-qui-sorganise-au-jour-le-jour-dans-lenfer-de-gaza-partie-448-1er-juillet-quand-le-pain-devient-un-voeu\/\">Partie 448<\/a>\u00a0: 1er juillet.\u00a0<a href=\"https:\/\/ismfrance.org\/index.php\/2025\/07\/03\/temoignages-de-gazaouis-la-survie-qui-sorganise-au-jour-le-jour-dans-lenfer-de-gaza-partie-449-2-juillet-a-gaza-il-ny-a-plus-de-place-meme-pour\/\">Partie 449<\/a>\u00a0: 2 juillet.\u00a0<a href=\"https:\/\/ismfrance.org\/index.php\/2025\/07\/03\/temoignages-de-gazaouis-la-survie-qui-sorganise-au-jour-le-jour-dans-lenfer-de-gaza-partie-449-2-juillet-1-gaza-ne-dort-plus-tant-la-mort-regne\/\">Partie 450<\/a>\u00a0: 2 juillet(1).\u00a0<a href=\"https:\/\/ismfrance.org\/index.php\/2025\/07\/04\/temoignages-de-gazaouis-la-survie-qui-sorganise-au-jour-le-jour-dans-lenfer-de-gaza-partie-451-3-juillet-la-mort-en-spectacle-quisrael-regarde-a\/\">Partie 451<\/a>\u00a0: 3 juillet.\u00a0<a href=\"https:\/\/ismfrance.org\/index.php\/2025\/07\/05\/temoignages-de-gazaouis-la-survie-qui-sorganise-au-jour-le-jour-dans-lenfer-de-gaza-partie-452-4-juillet-le-complot-du-silence\/\">Partie 452<\/a>\u00a0: 4 juillet.\u00a0<a href=\"https:\/\/ismfrance.org\/index.php\/2025\/07\/06\/temoignages-de-gazaouis-la-survie-qui-sorganise-au-jour-le-jour-dans-lenfer-de-gaza-partie-453-5-juillet-le-savoir-reste-larme-des-palestiniens\/\">Partie 453<\/a>\u00a0: 5 juillet.\u00a0<a href=\"https:\/\/ismfrance.org\/index.php\/2025\/07\/07\/temoignages-de-gazaouis-la-survie-qui-sorganise-au-jour-le-jour-dans-lenfer-de-gaza-partie-454-6-juillet-etreindre-la-vie-malgre-la-douleur\/\">Partie 454<\/a>\u00a0: 6 juillet.\u00a0<a href=\"https:\/\/ismfrance.org\/index.php\/2025\/07\/08\/temoignages-de-gazaouis-la-survie-qui-sorganise-au-jour-le-jour-dans-lenfer-de-gaza-partie-455-7-juillet-ta-voix-est-vie-et-ton-corps-parle\/\">Partie 455<\/a>\u00a0: 7 juillet.\u00a0<a href=\"https:\/\/ismfrance.org\/index.php\/2025\/07\/08\/temoignages-de-gazaouis-la-survie-qui-sorganise-au-jour-le-jour-dans-lenfer-de-gaza-partie-456-7-juillet1-les-repercussions-du-deuil-collectif-sur-la-s\/\">Partie 456<\/a>\u00a0: 7 juillet (1).\u00a0<a href=\"https:\/\/ismfrance.org\/index.php\/2025\/07\/10\/temoignages-de-gazaouis-la-survie-qui-sorganise-au-jour-le-jour-dans-lenfer-de-gaza-partie-457-9-juillet-la-mort-precede-la-treve-gaza-compte-ses-derniers-so\/\">Partie 457<\/a>\u00a0: 9 juillet.\u00a0<a href=\"https:\/\/ismfrance.org\/index.php\/2025\/07\/11\/temoignages-de-gazaouis-la-survie-qui-sorganise-au-jour-le-jour-dans-lenfer-de-gaza-partie-458-10-juillet-soutien-psychologique-et-de-sensibilisation-sanitair\/\">Partie 458<\/a>\u00a0: 10 juillet.\u00a0<a href=\"https:\/\/ismfrance.org\/index.php\/2025\/07\/12\/temoignages-de-gazaouis-la-survie-qui-sorganise-au-jour-le-jour-dans-lenfer-de-gaza-partie-459-11-juillet-laneantissement-de-khan-younis\/\">Partie 459<\/a>\u00a0: 11 juillet.\u00a0<a href=\"https:\/\/ismfrance.org\/index.php\/2025\/07\/13\/temoignages-de-gazaouis-la-survie-qui-sorganise-au-jour-le-jour-dans-lenfer-de-gaza-partie-460-12-juillet-aborder-le-lendemain-de-la-guerre\/\">Partie 460<\/a>\u00a0: 12 juillet.\u00a0<a href=\"https:\/\/ismfrance.org\/index.php\/2025\/07\/14\/temoignages-de-gazaouis-la-survie-qui-sorganise-au-jour-le-jour-dans-lenfer-de-gaza-partie-461-13-juillet-une-injustice-persistante-a-gaza-fait-face\/\">Partie 461<\/a>\u00a0: 13 juillet.\u00a0<a href=\"https:\/\/ismfrance.org\/index.php\/2025\/07\/15\/temoignages-de-gazaouis-la-survie-qui-sorganise-au-jour-le-jour-dans-lenfer-de-gaza-partie-462-14-juillet-pour-un-referendum-mondial-de-la-conscience-hum\/\">Partie 462<\/a>\u00a0: 14 juillet.\u00a0<a href=\"https:\/\/ismfrance.org\/index.php\/2025\/07\/17\/temoignages-de-gazaouis-la-survie-qui-sorganise-au-jour-le-jour-dans-lenfer-de-gaza-partie-463-16-juillet-distribution-de-vetements-dete-aux-enf\/\">Partie 463<\/a>\u00a0: 16 juillet.\u00a0<a href=\"https:\/\/ismfrance.org\/index.php\/2025\/07\/18\/temoignages-de-gazaouis-la-survie-qui-sorganise-au-jour-le-jour-dans-lenfer-de-gaza-partie-464-17-juillet-faim-mort-deplacement-dans-un-silence-mondial\/\">Partie 464<\/a>\u00a0: 17 juillet.\u00a0<a href=\"https:\/\/ismfrance.org\/index.php\/2025\/07\/18\/temoignages-de-gazaouis-la-survie-qui-sorganise-au-jour-le-jour-dans-lenfer-de-gaza-partie-465-18-juillet-gaza-nos-pas-nos-racines-soutien-psych\/\">Partie 465<\/a>\u00a0: 18 juillet.\u00a0<a href=\"https:\/\/ismfrance.org\/index.php\/2025\/07\/19\/temoignages-de-gazaouis-la-survie-qui-sorganise-au-jour-le-jour-dans-lenfer-de-gaza-partie-466-19-juillet-distribution-de-vetements-dete-pour-de\/\">Partie 466<\/a>\u00a0: 19 juillet.\u00a0<a href=\"https:\/\/ismfrance.org\/index.php\/2025\/07\/20\/temoignages-de-gazaouis-la-survie-qui-sorganise-au-jour-le-jour-dans-lenfer-de-gaza-partie-467-20-juillet-trouver-une-langue-alternative-dans-les-couleur\/\">Partie 467<\/a>\u00a0:\u00a0<a href=\"https:\/\/ismfrance.org\/index.php\/2025\/07\/21\/temoignages-de-gazaouis-la-survie-qui-sorganise-au-jour-le-jour-dans-lenfer-de-gaza-partie-468-20-juillet-1-parler-de-gaza-avec-douleur-et-clarte\/\">20 juillet<\/a>. Partie 468 : 20 juillet (1).\u00a0<a href=\"https:\/\/ismfrance.org\/index.php\/2025\/07\/22\/temoignages-de-gazaouis-la-survie-qui-sorganise-au-jour-le-jour-dans-lenfer-de-gaza-partie-469-21-juillet-gaza-une-plaie-ouverte-dans-la-conscience-du-m\/\">Partie 469<\/a>\u00a0: 21 juillet.\u00a0<a href=\"https:\/\/ismfrance.org\/index.php\/2025\/07\/23\/temoignages-de-gazaouis-la-survie-qui-sorganise-au-jour-le-jour-dans-lenfer-de-gaza-partie-470-22-juillet-gaza-sous-les-flammes\/\">Partie 470<\/a>\u00a0: 22 juillet.\u00a0<a href=\"https:\/\/ismfrance.org\/index.php\/2025\/07\/24\/temoignages-de-gazaouis-la-survie-qui-sorganise-au-jour-le-jour-dans-lenfer-de-gaza-partie-471-23-juillet-israel-deracine-et-assassine-jusqua-l\/\">Partie 471<\/a>\u00a0: 23 juillet.\u00a0<a href=\"https:\/\/ismfrance.org\/index.php\/2025\/07\/25\/temoignages-de-gazaouis-la-survie-qui-sorganise-au-jour-le-jour-dans-lenfer-de-gaza-partie-472-24-juillet-dans-un-horizon-bouche-gaza-attend-prudemment\/\">Partie 472<\/a>\u00a0: 24 juillet.\u00a0<a href=\"https:\/\/ismfrance.org\/index.php\/2025\/07\/26\/temoignages-de-gazaouis-la-survie-qui-sorganise-au-jour-le-jour-dans-lenfer-de-gaza-partie-473-25-juillet-echec-de-negociations-pendant-que-la-faim-tue-a-gaza\/\">Partie 473<\/a>\u00a0: 25 juillet 2025.\u00a0<a href=\"https:\/\/ismfrance.org\/index.php\/2025\/07\/27\/temoignages-de-gazaouis-la-survie-qui-sorganise-au-jour-le-jour-dans-lenfer-de-gaza-partie-474-26-juillet-notre-espace-sur-une-necessite-la-force-de-l\/\">Partie 474<\/a>\u00a0: 26 juillet.\u00a0<a href=\"https:\/\/ismfrance.org\/index.php\/2025\/07\/28\/temoignages-de-gazaouis-la-survie-qui-sorganise-au-jour-le-jour-dans-lenfer-de-gaza-partie-475-27-juillet-la-conscience-humaine-soumise-aux-interets-sur\/\">Partie 475<\/a>\u00a0: 27 juillet.\u00a0<a href=\"https:\/\/ismfrance.org\/index.php\/2025\/07\/29\/temoignages-de-gazaouis-la-survie-qui-sorganise-au-jour-le-jour-dans-lenfer-de-gaza-partie-476-28-juillet-notre-conscience-et-votre-conscience-sont-notre\/\">Partie 476<\/a>\u00a0: 28 juillet.\u00a0<a href=\"https:\/\/ismfrance.org\/index.php\/2025\/07\/30\/temoignages-de-gazaouis-la-survie-qui-sorganise-au-jour-le-jour-dans-lenfer-de-gaza-partie-477-30-juillet-gaza-une-terre-de-resistance-legendaire\/\">Partie 477<\/a>\u00a0: 30 juillet.\u00a0<a href=\"https:\/\/ismfrance.org\/index.php\/2025\/08\/02\/temoignages-de-gazaouis-la-survie-qui-sorganise-au-jour-le-jour-dans-lenfer-de-gaza-partie-478-1er-aout-gaza-ou-lincapacite-du-monde-a-proteger\/\">Partie 478<\/a>\u00a0: 1er ao\u00fbt.\u00a0<a href=\"https:\/\/ismfrance.org\/index.php\/2025\/08\/03\/temoignages-de-gazaouis-la-survie-qui-sorganise-au-jour-le-jour-dans-lenfer-de-gaza-partie-479-2-aout-entre-famine-et-violence-continuite-des-actions-hu\/\">Partie 479<\/a>\u00a0: 2 ao\u00fbt.\u00a0<a href=\"https:\/\/ismfrance.org\/index.php\/2025\/08\/04\/temoignages-de-gazaouis-la-survie-qui-sorganise-au-jour-le-jour-dans-lenfer-de-gaza-partie-490-3-aout-witkoff-a-gaza-encore-un-trompe-loeil-med\/\">Partie 480<\/a>\u00a0: 3 ao\u00fbt.\u00a0<a href=\"https:\/\/ismfrance.org\/index.php\/2025\/08\/05\/temoignages-de-gazaouis-la-survie-qui-sorganise-au-jour-le-jour-dans-lenfer-de-gaza-partie-491-3-4-aout-gerer-la-malnutrition-et-la-penurie-de-ressources\/\">Partie 481<\/a>\u00a0: 3-4 ao\u00fbt.\u00a0<a href=\"https:\/\/ismfrance.org\/index.php\/2025\/08\/06\/temoignages-de-gazaouis-la-survie-qui-sorganise-au-jour-le-jour-dans-lenfer-de-gaza-partie-482-5-aout-gaza-brule-entre-les-feux-des-bombardements-et-le-c\/\">Partie 482<\/a>\u00a0: 5 ao\u00fbt.\u00a0<a href=\"https:\/\/ismfrance.org\/index.php\/2025\/08\/08\/temoignages-de-gazaouis-la-survie-qui-sorganise-au-jour-le-jour-dans-lenfer-de-gaza-partie-483-7-aout-lalliance-americano-israelienne-met-la-jus\/\">Partie 483<\/a>\u00a0: 7 ao\u00fbt.\u00a0<a href=\"https:\/\/ismfrance.org\/index.php\/2025\/08\/09\/temoignages-de-gazaouis-la-survie-qui-sorganise-au-jour-le-jour-dans-lenfer-de-gaza-partie-484-8-aout-le-nouveau-plan-de-netanyahou\/\">Partie 484<\/a>\u00a0: 8 ao\u00fbt.\u00a0<a href=\"https:\/\/ismfrance.org\/index.php\/2025\/08\/10\/temoignages-de-gazaouis-la-survie-qui-sorganise-au-jour-le-jour-dans-lenfer-de-gaza-partie-485-9-aout-souris-gaza-une-heure-de-joie\/\">Partie 485<\/a>\u00a0: 9 ao\u00fbt.\u00a0<a href=\"https:\/\/ismfrance.org\/index.php\/2025\/08\/11\/temoignages-de-gazaouis-la-survie-qui-sorganise-au-jour-le-jour-dans-lenfer-de-gaza-partie-486-10-aout-quatre-mots-resument-la-vie-de-plus-de-deux-millio\/\">Partie 486<\/a>\u00a0: 10 ao\u00fbt.\u00a0<a href=\"https:\/\/ismfrance.org\/index.php\/2025\/08\/12\/temoignages-de-gazaouis-la-survie-qui-sorganise-au-jour-le-jour-dans-lenfer-de-gaza-partie-487-11-aout-sous-blocus-les-agriculteurs-de-deir-al-balah-cul\/\">Partie 487<\/a>\u00a0: 11 ao\u00fbt.\u00a0<a href=\"https:\/\/ismfrance.org\/index.php\/2025\/08\/13\/temoignages-de-gazaouis-la-survie-qui-sorganise-au-jour-le-jour-dans-lenfer-de-gaza-partie-488-12-aout-la-voix-des-femmes-de-gaza\/\">Partie 488<\/a>\u00a0: 12 ao\u00fbt.\u00a0<a href=\"https:\/\/ismfrance.org\/index.php\/2025\/08\/14\/temoignages-de-gazaouis-la-survie-qui-sorganise-au-jour-le-jour-dans-lenfer-de-gaza-partie-489-13-aout-le-largage-de-laide-humanitaire-un\/\">Partie 489<\/a>\u00a0: 13 ao\u00fbt.\u00a0<a href=\"https:\/\/ismfrance.org\/index.php\/2025\/08\/15\/temoignages-de-gazaouis-la-survie-qui-sorganise-au-jour-le-jour-dans-lenfer-de-gaza-partie-490-14-aout-prendre-soin-de-la-sante-mentale-et-physique\/\">Partie 490<\/a>\u00a0: 14 ao\u00fbt.\u00a0<a href=\"https:\/\/ismfrance.org\/index.php\/2025\/08\/16\/temoignages-de-gazaouis-la-survie-qui-sorganise-au-jour-le-jour-dans-lenfer-de-gaza-partie-491-15-aout-realite-de-la-situation-humanitaire-dans-la-bande\/\">Partie 491<\/a>\u00a0: 15 ao\u00fbt.\u00a0<a href=\"https:\/\/ismfrance.org\/index.php\/2025\/08\/17\/temoignages-de-gazaouis-la-survie-qui-sorganise-au-jour-le-jour-dans-lenfer-de-gaza-partie-492-16-aout-le-soutien-psychologique-pierre-angulaire-de-la-vie\/\">Partie 492<\/a>\u00a0: 16 ao\u00fbt 2025.\u00a0<a href=\"https:\/\/ismfrance.org\/index.php\/2025\/08\/19\/temoignages-de-gazaouis-la-survie-qui-sorganise-au-jour-le-jour-dans-lenfer-de-gaza-partie-493-18-aout-situation-des-quartiers-de-zaytoun-et-sabra-gaza\/\">Partie 493<\/a>\u00a0: 18 ao\u00fbt 2025.\u00a0<a href=\"https:\/\/ismfrance.org\/index.php\/2025\/08\/21\/temoignages-de-gazaouis-la-survie-qui-sorganise-au-jour-le-jour-dans-lenfer-de-gaza-partie-494-20-aout-tragedie-totale-effondrement-global\/\">Partie 494<\/a>\u00a0: 20 ao\u00fbt.\u00a0<a href=\"https:\/\/ismfrance.org\/index.php\/2025\/08\/22\/temoignages-de-gazaouis-la-survie-qui-sorganise-au-jour-le-jour-dans-lenfer-de-gaza-partie-495-21-aout-ce-que-devraient-etre-la-justice-internationale-et-le-droit-hu\/\">Partie 495<\/a>\u00a0: 21 ao\u00fbt.\u00a0<a href=\"https:\/\/ismfrance.org\/index.php\/2025\/08\/23\/temoignages-de-gazaouis-la-survie-qui-sorganise-au-jour-le-jour-dans-lenfer-de-gaza-partie-496-22-aout-dans-un-quotidien-terrible-comment-rester-un-pili\/\">Partie 496<\/a>\u00a0: 22 ao\u00fbt.\u00a0<a href=\"https:\/\/ismfrance.org\/index.php\/2025\/08\/23\/temoignages-de-gazaouis-la-survie-qui-sorganise-au-jour-le-jour-dans-lenfer-de-gaza-partie-497-23-aout-urgence-linvasion-de-gaza-ville-a-comme\/\">Partie 497<\/a>\u00a0: 23 ao\u00fbt.\u00a0<a href=\"https:\/\/ismfrance.org\/index.php\/2025\/08\/24\/temoignages-de-gazaouis-la-survie-qui-sorganise-au-jour-le-jour-dans-lenfer-de-gaza-partie-498-23-aout-1-les-voix-des-femmes-force-et-resilience-au-c\/\">Partie 498<\/a>\u00a0: 23 ao\u00fbt (1).\u00a0<a href=\"https:\/\/ismfrance.org\/index.php\/2025\/08\/25\/temoignages-de-gazaouis-la-survie-qui-sorganise-au-jour-le-jour-dans-lenfer-de-gaza-partie-499-24-aout-la-mer-temoin-de-la-tragedie-et-les-pecheurs-face-a-l\/\">Partie 499<\/a>\u00a0: 24 ao\u00fbt.\u00a0<a href=\"https:\/\/ismfrance.org\/index.php\/2025\/08\/26\/temoignages-de-gazaouis-la-survie-qui-sorganise-au-jour-le-jour-dans-lenfer-de-gaza-partie-500-25-aout-entre-les-promesses-de-loccupation-et-les-obus\/\">Partie 500<\/a>\u00a0: 25 ao\u00fbt.\u00a0<a href=\"https:\/\/ismfrance.org\/index.php\/2025\/08\/27\/temoignages-de-gazaouis-la-survie-qui-sorganise-au-jour-le-jour-dans-lenfer-de-gaza-partie-501-26-aout-une-fois-de-plus-gaza-revient-sur-la-scene-de-l\/\">Partie 501<\/a>\u00a0: 26 ao\u00fbt.\u00a0<a href=\"https:\/\/ismfrance.org\/index.php\/2025\/08\/28\/temoignages-de-gazaouis-la-survie-qui-sorganise-au-jour-le-jour-dans-lenfer-de-gaza-partie-502-27-aout-des-champs-assoiffes-les-agriculteurs-face-au-sie\/\">Partie 502<\/a>\u00a0: 27 ao\u00fbt.\u00a0<a href=\"https:\/\/ismfrance.org\/index.php\/2025\/08\/29\/temoignages-de-gazaouis-la-survie-qui-sorganise-au-jour-le-jour-dans-lenfer-de-gaza-partie-503-28-aout-histoire-dun-peuple-a-qui-lon-a\/\">Partie 503<\/a>\u00a0: 28 ao\u00fbt.\u00a0<a href=\"https:\/\/ismfrance.org\/index.php\/2025\/08\/30\/temoignages-de-gazaouis-la-survie-qui-sorganise-au-jour-le-jour-dans-lenfer-de-gaza-partie-504-29-aout-entre-feu-et-exode-une-petite-apocalypse\/\">Partie 504<\/a>\u00a0: 29 ao\u00fbt.\u00a0<a href=\"https:\/\/ismfrance.org\/index.php\/2025\/08\/31\/temoignages-de-gazaouis-la-survie-qui-sorganise-au-jour-le-jour-dans-lenfer-de-gaza-partie-505-30-aout-continuer-a-vivre-a-manger-a-seduquer\/\">Partie 505<\/a>\u00a0: 30 ao\u00fbt.\u00a0<a href=\"https:\/\/ismfrance.org\/index.php\/2025\/09\/02\/temoignages-de-gazaouis-la-survie-qui-sorganise-au-jour-le-jour-dans-lenfer-de-gaza-partie-506-31-aout-a-gaza-ville-intensification-des-attaques-destru\/\">Partie 506<\/a> : 31 ao\u00fbt. <a href=\"https:\/\/ismfrance.org\/index.php\/2025\/09\/02\/temoignages-de-gazaouis-la-survie-qui-sorganise-au-jour-le-jour-dans-lenfer-de-gaza-partie-507-31-8-1-9-les-equipes-de-l-ujfp-poursuivent-leur-t\/\">Partie 507<\/a> : 31 ao\u00fbt\/1er septembre.<\/p>\n<p><strong>Pour participer \u00e0 la collecte \u00ab Urgence Guerre \u00e0 Gaza \u00bb :\u00a0<a href=\"https:\/\/www.helloasso.com\/associations\/union-juive-francaise-pour-la-paix\/collectes\/urgence-guerre-a-gaza\">HelloAsso.com<\/a><\/strong><br \/>\n<strong>Les t\u00e9moignages sont \u00e9galement publi\u00e9s sur\u00a0<a href=\"https:\/\/ujfp.org\/\">UJFP<\/a>,\u00a0<a href=\"https:\/\/altermidi.org\/\">Altermidi<\/a>\u00a0et sur\u00a0<a href=\"https:\/\/lepoing.net\/\">Le Poing<\/a>.\u00a0<\/strong><\/p>\n","protected":false},"excerpt":{"rendered":"<p>Brigitte Challande, 4 septembre 2025.\u00a0 Abu Amir envoie deux textes le 3 septembre : un sur la continuit\u00e9 de l\u2019\u00e9chec des n\u00e9gociations dans le jeu temporel d\u2019Isra\u00ebl et un autre <a class=\"more-link\" href=\"https:\/\/ismfrance.org\/index.php\/2025\/09\/04\/temoignages-de-gazaouis-la-survie-qui-sorganise-au-jour-le-jour-dans-lenfer-de-gaza-partie-508-3-9-limportance-dune-negociation-issue-d\/\">Lire la suite &rarr;<\/a><\/p>\n","protected":false},"author":3,"featured_media":23298,"comment_status":"closed","ping_status":"closed","sticky":false,"template":"","format":"standard","meta":{"footnotes":""},"categories":[2,13],"tags":[61,156],"class_list":["post-23293","post","type-post","status-publish","format-standard","has-post-thumbnail","hentry","category-articles","category-temoignages","tag-enfants","tag-genocide"],"yoast_head":"<!-- This site is optimized with the Yoast SEO plugin v27.2 - https:\/\/yoast.com\/product\/yoast-seo-wordpress\/ -->\n<title>T\u00e9moignages de Gazaouis : La survie qui s\u2019organise au jour le jour dans l\u2019enfer de Gaza \u2013 partie 508 \/ 3.9 \u2013\u00a0L\u2019importance d\u2019une n\u00e9gociation issue du peuple \/ Une enfance crucifi\u00e9e sur les murs du silence mondial - International Solidarity Movement - ISM-France<\/title>\n<meta name=\"robots\" content=\"index, follow, max-snippet:-1, max-image-preview:large, max-video-preview:-1\" \/>\n<link rel=\"canonical\" href=\"https:\/\/ismfrance.org\/index.php\/2025\/09\/04\/temoignages-de-gazaouis-la-survie-qui-sorganise-au-jour-le-jour-dans-lenfer-de-gaza-partie-508-3-9-limportance-dune-negociation-issue-d\/\" \/>\n<meta property=\"og:locale\" content=\"fr_FR\" \/>\n<meta property=\"og:type\" content=\"article\" \/>\n<meta property=\"og:title\" content=\"T\u00e9moignages de Gazaouis : La survie qui s\u2019organise au jour le jour dans l\u2019enfer de Gaza \u2013 partie 508 \/ 3.9 \u2013\u00a0L\u2019importance d\u2019une n\u00e9gociation issue du peuple \/ Une enfance crucifi\u00e9e sur les murs du silence mondial - International Solidarity Movement - ISM-France\" \/>\n<meta property=\"og:description\" content=\"Brigitte Challande, 4 septembre 2025.\u00a0 Abu Amir envoie deux textes le 3 septembre : un sur la continuit\u00e9 de l\u2019\u00e9chec des n\u00e9gociations dans le jeu temporel d\u2019Isra\u00ebl et un autre Lire la suite &rarr;\" \/>\n<meta property=\"og:url\" content=\"https:\/\/ismfrance.org\/index.php\/2025\/09\/04\/temoignages-de-gazaouis-la-survie-qui-sorganise-au-jour-le-jour-dans-lenfer-de-gaza-partie-508-3-9-limportance-dune-negociation-issue-d\/\" \/>\n<meta property=\"og:site_name\" content=\"International Solidarity Movement - ISM-France\" \/>\n<meta property=\"article:published_time\" content=\"2025-09-04T10:14:17+00:00\" \/>\n<meta property=\"og:image\" content=\"https:\/\/ismfrance.org\/wp-content\/uploads\/2025\/09\/rentree-des-classes-gaza.jpeg\" \/>\n\t<meta property=\"og:image:width\" content=\"2048\" \/>\n\t<meta property=\"og:image:height\" content=\"1403\" \/>\n\t<meta property=\"og:image:type\" content=\"image\/jpeg\" \/>\n<meta name=\"author\" content=\"mru_01\" \/>\n<meta name=\"twitter:card\" content=\"summary_large_image\" \/>\n<meta name=\"twitter:creator\" content=\"@ISMFRANCE\" \/>\n<meta name=\"twitter:site\" content=\"@ISMFRANCE\" \/>\n<meta name=\"twitter:label1\" content=\"\u00c9crit par\" \/>\n\t<meta name=\"twitter:data1\" content=\"mru_01\" \/>\n\t<meta name=\"twitter:label2\" content=\"Dur\u00e9e de lecture estim\u00e9e\" \/>\n\t<meta name=\"twitter:data2\" content=\"19 minutes\" \/>\n<script type=\"application\/ld+json\" class=\"yoast-schema-graph\">{\"@context\":\"https:\/\/schema.org\",\"@graph\":[{\"@type\":\"Article\",\"@id\":\"https:\/\/ismfrance.org\/index.php\/2025\/09\/04\/temoignages-de-gazaouis-la-survie-qui-sorganise-au-jour-le-jour-dans-lenfer-de-gaza-partie-508-3-9-limportance-dune-negociation-issue-d\/#article\",\"isPartOf\":{\"@id\":\"https:\/\/ismfrance.org\/index.php\/2025\/09\/04\/temoignages-de-gazaouis-la-survie-qui-sorganise-au-jour-le-jour-dans-lenfer-de-gaza-partie-508-3-9-limportance-dune-negociation-issue-d\/\"},\"author\":{\"name\":\"mru_01\",\"@id\":\"https:\/\/ismfrance.org\/#\/schema\/person\/3c411eb72adfaae19c0dca1f41fae01d\"},\"headline\":\"T\u00e9moignages de Gazaouis : La survie qui s\u2019organise au jour le jour dans l\u2019enfer de Gaza \u2013 partie 508 \/ 3.9 \u2013\u00a0L\u2019importance d\u2019une n\u00e9gociation issue du peuple \/ Une enfance crucifi\u00e9e sur les murs du silence mondial\",\"datePublished\":\"2025-09-04T10:14:17+00:00\",\"mainEntityOfPage\":{\"@id\":\"https:\/\/ismfrance.org\/index.php\/2025\/09\/04\/temoignages-de-gazaouis-la-survie-qui-sorganise-au-jour-le-jour-dans-lenfer-de-gaza-partie-508-3-9-limportance-dune-negociation-issue-d\/\"},\"wordCount\":3549,\"publisher\":{\"@id\":\"https:\/\/ismfrance.org\/#organization\"},\"image\":{\"@id\":\"https:\/\/ismfrance.org\/index.php\/2025\/09\/04\/temoignages-de-gazaouis-la-survie-qui-sorganise-au-jour-le-jour-dans-lenfer-de-gaza-partie-508-3-9-limportance-dune-negociation-issue-d\/#primaryimage\"},\"thumbnailUrl\":\"https:\/\/ismfrance.org\/wp-content\/uploads\/2025\/09\/rentree-des-classes-gaza.jpeg\",\"keywords\":[\"enfants\",\"G\u00e9nocide\"],\"articleSection\":[\"Articles\",\"T\u00e9moignages\"],\"inLanguage\":\"fr-FR\"},{\"@type\":\"WebPage\",\"@id\":\"https:\/\/ismfrance.org\/index.php\/2025\/09\/04\/temoignages-de-gazaouis-la-survie-qui-sorganise-au-jour-le-jour-dans-lenfer-de-gaza-partie-508-3-9-limportance-dune-negociation-issue-d\/\",\"url\":\"https:\/\/ismfrance.org\/index.php\/2025\/09\/04\/temoignages-de-gazaouis-la-survie-qui-sorganise-au-jour-le-jour-dans-lenfer-de-gaza-partie-508-3-9-limportance-dune-negociation-issue-d\/\",\"name\":\"T\u00e9moignages de Gazaouis : La survie qui s\u2019organise au jour le jour dans l\u2019enfer de Gaza \u2013 partie 508 \/ 3.9 \u2013\u00a0L\u2019importance d\u2019une n\u00e9gociation issue du peuple \/ Une enfance crucifi\u00e9e sur les murs du silence mondial - International Solidarity Movement - ISM-France\",\"isPartOf\":{\"@id\":\"https:\/\/ismfrance.org\/#website\"},\"primaryImageOfPage\":{\"@id\":\"https:\/\/ismfrance.org\/index.php\/2025\/09\/04\/temoignages-de-gazaouis-la-survie-qui-sorganise-au-jour-le-jour-dans-lenfer-de-gaza-partie-508-3-9-limportance-dune-negociation-issue-d\/#primaryimage\"},\"image\":{\"@id\":\"https:\/\/ismfrance.org\/index.php\/2025\/09\/04\/temoignages-de-gazaouis-la-survie-qui-sorganise-au-jour-le-jour-dans-lenfer-de-gaza-partie-508-3-9-limportance-dune-negociation-issue-d\/#primaryimage\"},\"thumbnailUrl\":\"https:\/\/ismfrance.org\/wp-content\/uploads\/2025\/09\/rentree-des-classes-gaza.jpeg\",\"datePublished\":\"2025-09-04T10:14:17+00:00\",\"breadcrumb\":{\"@id\":\"https:\/\/ismfrance.org\/index.php\/2025\/09\/04\/temoignages-de-gazaouis-la-survie-qui-sorganise-au-jour-le-jour-dans-lenfer-de-gaza-partie-508-3-9-limportance-dune-negociation-issue-d\/#breadcrumb\"},\"inLanguage\":\"fr-FR\",\"potentialAction\":[{\"@type\":\"ReadAction\",\"target\":[\"https:\/\/ismfrance.org\/index.php\/2025\/09\/04\/temoignages-de-gazaouis-la-survie-qui-sorganise-au-jour-le-jour-dans-lenfer-de-gaza-partie-508-3-9-limportance-dune-negociation-issue-d\/\"]}]},{\"@type\":\"ImageObject\",\"inLanguage\":\"fr-FR\",\"@id\":\"https:\/\/ismfrance.org\/index.php\/2025\/09\/04\/temoignages-de-gazaouis-la-survie-qui-sorganise-au-jour-le-jour-dans-lenfer-de-gaza-partie-508-3-9-limportance-dune-negociation-issue-d\/#primaryimage\",\"url\":\"https:\/\/ismfrance.org\/wp-content\/uploads\/2025\/09\/rentree-des-classes-gaza.jpeg\",\"contentUrl\":\"https:\/\/ismfrance.org\/wp-content\/uploads\/2025\/09\/rentree-des-classes-gaza.jpeg\",\"width\":2048,\"height\":1403},{\"@type\":\"BreadcrumbList\",\"@id\":\"https:\/\/ismfrance.org\/index.php\/2025\/09\/04\/temoignages-de-gazaouis-la-survie-qui-sorganise-au-jour-le-jour-dans-lenfer-de-gaza-partie-508-3-9-limportance-dune-negociation-issue-d\/#breadcrumb\",\"itemListElement\":[{\"@type\":\"ListItem\",\"position\":1,\"name\":\"Accueil\",\"item\":\"https:\/\/ismfrance.org\/\"},{\"@type\":\"ListItem\",\"position\":2,\"name\":\"T\u00e9moignages de Gazaouis : La survie qui s\u2019organise au jour le jour dans l\u2019enfer de Gaza \u2013 partie 508 \/ 3.9 \u2013\u00a0L\u2019importance d\u2019une n\u00e9gociation issue du peuple \/ Une enfance crucifi\u00e9e sur les murs du silence mondial\"}]},{\"@type\":\"WebSite\",\"@id\":\"https:\/\/ismfrance.org\/#website\",\"url\":\"https:\/\/ismfrance.org\/\",\"name\":\"ISM Palestine France\",\"description\":\"Soutien aux luttes de lib\u00e9ration du peuple palestinien\",\"publisher\":{\"@id\":\"https:\/\/ismfrance.org\/#organization\"},\"potentialAction\":[{\"@type\":\"SearchAction\",\"target\":{\"@type\":\"EntryPoint\",\"urlTemplate\":\"https:\/\/ismfrance.org\/?s={search_term_string}\"},\"query-input\":{\"@type\":\"PropertyValueSpecification\",\"valueRequired\":true,\"valueName\":\"search_term_string\"}}],\"inLanguage\":\"fr-FR\"},{\"@type\":\"Organization\",\"@id\":\"https:\/\/ismfrance.org\/#organization\",\"name\":\"International Solidarity Movement\",\"url\":\"https:\/\/ismfrance.org\/\",\"logo\":{\"@type\":\"ImageObject\",\"inLanguage\":\"fr-FR\",\"@id\":\"https:\/\/ismfrance.org\/#\/schema\/logo\/image\/\",\"url\":\"https:\/\/ismfrance.org\/wp-content\/uploads\/2020\/12\/00.png\",\"contentUrl\":\"https:\/\/ismfrance.org\/wp-content\/uploads\/2020\/12\/00.png\",\"width\":400,\"height\":400,\"caption\":\"International Solidarity Movement\"},\"image\":{\"@id\":\"https:\/\/ismfrance.org\/#\/schema\/logo\/image\/\"},\"sameAs\":[\"https:\/\/x.com\/ISMFRANCE\"]},{\"@type\":\"Person\",\"@id\":\"https:\/\/ismfrance.org\/#\/schema\/person\/3c411eb72adfaae19c0dca1f41fae01d\",\"name\":\"mru_01\",\"image\":{\"@type\":\"ImageObject\",\"inLanguage\":\"fr-FR\",\"@id\":\"https:\/\/secure.gravatar.com\/avatar\/3a0be343b445d2ccc79e87444a294fad2b232e90d2051d0e3cc219e1ecd6a330?s=96&d=mm&r=g\",\"url\":\"https:\/\/secure.gravatar.com\/avatar\/3a0be343b445d2ccc79e87444a294fad2b232e90d2051d0e3cc219e1ecd6a330?s=96&d=mm&r=g\",\"contentUrl\":\"https:\/\/secure.gravatar.com\/avatar\/3a0be343b445d2ccc79e87444a294fad2b232e90d2051d0e3cc219e1ecd6a330?s=96&d=mm&r=g\",\"caption\":\"mru_01\"},\"url\":\"https:\/\/ismfrance.org\/index.php\/author\/admin02\/\"}]}<\/script>\n<!-- \/ Yoast SEO plugin. -->","yoast_head_json":{"title":"T\u00e9moignages de Gazaouis : La survie qui s\u2019organise au jour le jour dans l\u2019enfer de Gaza \u2013 partie 508 \/ 3.9 \u2013\u00a0L\u2019importance d\u2019une n\u00e9gociation issue du peuple \/ Une enfance crucifi\u00e9e sur les murs du silence mondial - International Solidarity Movement - ISM-France","robots":{"index":"index","follow":"follow","max-snippet":"max-snippet:-1","max-image-preview":"max-image-preview:large","max-video-preview":"max-video-preview:-1"},"canonical":"https:\/\/ismfrance.org\/index.php\/2025\/09\/04\/temoignages-de-gazaouis-la-survie-qui-sorganise-au-jour-le-jour-dans-lenfer-de-gaza-partie-508-3-9-limportance-dune-negociation-issue-d\/","og_locale":"fr_FR","og_type":"article","og_title":"T\u00e9moignages de Gazaouis : La survie qui s\u2019organise au jour le jour dans l\u2019enfer de Gaza \u2013 partie 508 \/ 3.9 \u2013\u00a0L\u2019importance d\u2019une n\u00e9gociation issue du peuple \/ Une enfance crucifi\u00e9e sur les murs du silence mondial - International Solidarity Movement - ISM-France","og_description":"Brigitte Challande, 4 septembre 2025.\u00a0 Abu Amir envoie deux textes le 3 septembre : un sur la continuit\u00e9 de l\u2019\u00e9chec des n\u00e9gociations dans le jeu temporel d\u2019Isra\u00ebl et un autre Lire la suite &rarr;","og_url":"https:\/\/ismfrance.org\/index.php\/2025\/09\/04\/temoignages-de-gazaouis-la-survie-qui-sorganise-au-jour-le-jour-dans-lenfer-de-gaza-partie-508-3-9-limportance-dune-negociation-issue-d\/","og_site_name":"International Solidarity Movement - ISM-France","article_published_time":"2025-09-04T10:14:17+00:00","og_image":[{"width":2048,"height":1403,"url":"https:\/\/ismfrance.org\/wp-content\/uploads\/2025\/09\/rentree-des-classes-gaza.jpeg","type":"image\/jpeg"}],"author":"mru_01","twitter_card":"summary_large_image","twitter_creator":"@ISMFRANCE","twitter_site":"@ISMFRANCE","twitter_misc":{"\u00c9crit par":"mru_01","Dur\u00e9e de lecture estim\u00e9e":"19 minutes"},"schema":{"@context":"https:\/\/schema.org","@graph":[{"@type":"Article","@id":"https:\/\/ismfrance.org\/index.php\/2025\/09\/04\/temoignages-de-gazaouis-la-survie-qui-sorganise-au-jour-le-jour-dans-lenfer-de-gaza-partie-508-3-9-limportance-dune-negociation-issue-d\/#article","isPartOf":{"@id":"https:\/\/ismfrance.org\/index.php\/2025\/09\/04\/temoignages-de-gazaouis-la-survie-qui-sorganise-au-jour-le-jour-dans-lenfer-de-gaza-partie-508-3-9-limportance-dune-negociation-issue-d\/"},"author":{"name":"mru_01","@id":"https:\/\/ismfrance.org\/#\/schema\/person\/3c411eb72adfaae19c0dca1f41fae01d"},"headline":"T\u00e9moignages de Gazaouis : La survie qui s\u2019organise au jour le jour dans l\u2019enfer de Gaza \u2013 partie 508 \/ 3.9 \u2013\u00a0L\u2019importance d\u2019une n\u00e9gociation issue du peuple \/ Une enfance crucifi\u00e9e sur les murs du silence mondial","datePublished":"2025-09-04T10:14:17+00:00","mainEntityOfPage":{"@id":"https:\/\/ismfrance.org\/index.php\/2025\/09\/04\/temoignages-de-gazaouis-la-survie-qui-sorganise-au-jour-le-jour-dans-lenfer-de-gaza-partie-508-3-9-limportance-dune-negociation-issue-d\/"},"wordCount":3549,"publisher":{"@id":"https:\/\/ismfrance.org\/#organization"},"image":{"@id":"https:\/\/ismfrance.org\/index.php\/2025\/09\/04\/temoignages-de-gazaouis-la-survie-qui-sorganise-au-jour-le-jour-dans-lenfer-de-gaza-partie-508-3-9-limportance-dune-negociation-issue-d\/#primaryimage"},"thumbnailUrl":"https:\/\/ismfrance.org\/wp-content\/uploads\/2025\/09\/rentree-des-classes-gaza.jpeg","keywords":["enfants","G\u00e9nocide"],"articleSection":["Articles","T\u00e9moignages"],"inLanguage":"fr-FR"},{"@type":"WebPage","@id":"https:\/\/ismfrance.org\/index.php\/2025\/09\/04\/temoignages-de-gazaouis-la-survie-qui-sorganise-au-jour-le-jour-dans-lenfer-de-gaza-partie-508-3-9-limportance-dune-negociation-issue-d\/","url":"https:\/\/ismfrance.org\/index.php\/2025\/09\/04\/temoignages-de-gazaouis-la-survie-qui-sorganise-au-jour-le-jour-dans-lenfer-de-gaza-partie-508-3-9-limportance-dune-negociation-issue-d\/","name":"T\u00e9moignages de Gazaouis : La survie qui s\u2019organise au jour le jour dans l\u2019enfer de Gaza \u2013 partie 508 \/ 3.9 \u2013\u00a0L\u2019importance d\u2019une n\u00e9gociation issue du peuple \/ Une enfance crucifi\u00e9e sur les murs du silence mondial - International Solidarity Movement - ISM-France","isPartOf":{"@id":"https:\/\/ismfrance.org\/#website"},"primaryImageOfPage":{"@id":"https:\/\/ismfrance.org\/index.php\/2025\/09\/04\/temoignages-de-gazaouis-la-survie-qui-sorganise-au-jour-le-jour-dans-lenfer-de-gaza-partie-508-3-9-limportance-dune-negociation-issue-d\/#primaryimage"},"image":{"@id":"https:\/\/ismfrance.org\/index.php\/2025\/09\/04\/temoignages-de-gazaouis-la-survie-qui-sorganise-au-jour-le-jour-dans-lenfer-de-gaza-partie-508-3-9-limportance-dune-negociation-issue-d\/#primaryimage"},"thumbnailUrl":"https:\/\/ismfrance.org\/wp-content\/uploads\/2025\/09\/rentree-des-classes-gaza.jpeg","datePublished":"2025-09-04T10:14:17+00:00","breadcrumb":{"@id":"https:\/\/ismfrance.org\/index.php\/2025\/09\/04\/temoignages-de-gazaouis-la-survie-qui-sorganise-au-jour-le-jour-dans-lenfer-de-gaza-partie-508-3-9-limportance-dune-negociation-issue-d\/#breadcrumb"},"inLanguage":"fr-FR","potentialAction":[{"@type":"ReadAction","target":["https:\/\/ismfrance.org\/index.php\/2025\/09\/04\/temoignages-de-gazaouis-la-survie-qui-sorganise-au-jour-le-jour-dans-lenfer-de-gaza-partie-508-3-9-limportance-dune-negociation-issue-d\/"]}]},{"@type":"ImageObject","inLanguage":"fr-FR","@id":"https:\/\/ismfrance.org\/index.php\/2025\/09\/04\/temoignages-de-gazaouis-la-survie-qui-sorganise-au-jour-le-jour-dans-lenfer-de-gaza-partie-508-3-9-limportance-dune-negociation-issue-d\/#primaryimage","url":"https:\/\/ismfrance.org\/wp-content\/uploads\/2025\/09\/rentree-des-classes-gaza.jpeg","contentUrl":"https:\/\/ismfrance.org\/wp-content\/uploads\/2025\/09\/rentree-des-classes-gaza.jpeg","width":2048,"height":1403},{"@type":"BreadcrumbList","@id":"https:\/\/ismfrance.org\/index.php\/2025\/09\/04\/temoignages-de-gazaouis-la-survie-qui-sorganise-au-jour-le-jour-dans-lenfer-de-gaza-partie-508-3-9-limportance-dune-negociation-issue-d\/#breadcrumb","itemListElement":[{"@type":"ListItem","position":1,"name":"Accueil","item":"https:\/\/ismfrance.org\/"},{"@type":"ListItem","position":2,"name":"T\u00e9moignages de Gazaouis : La survie qui s\u2019organise au jour le jour dans l\u2019enfer de Gaza \u2013 partie 508 \/ 3.9 \u2013\u00a0L\u2019importance d\u2019une n\u00e9gociation issue du peuple \/ Une enfance crucifi\u00e9e sur les murs du silence mondial"}]},{"@type":"WebSite","@id":"https:\/\/ismfrance.org\/#website","url":"https:\/\/ismfrance.org\/","name":"ISM Palestine France","description":"Soutien aux luttes de lib\u00e9ration du peuple palestinien","publisher":{"@id":"https:\/\/ismfrance.org\/#organization"},"potentialAction":[{"@type":"SearchAction","target":{"@type":"EntryPoint","urlTemplate":"https:\/\/ismfrance.org\/?s={search_term_string}"},"query-input":{"@type":"PropertyValueSpecification","valueRequired":true,"valueName":"search_term_string"}}],"inLanguage":"fr-FR"},{"@type":"Organization","@id":"https:\/\/ismfrance.org\/#organization","name":"International Solidarity Movement","url":"https:\/\/ismfrance.org\/","logo":{"@type":"ImageObject","inLanguage":"fr-FR","@id":"https:\/\/ismfrance.org\/#\/schema\/logo\/image\/","url":"https:\/\/ismfrance.org\/wp-content\/uploads\/2020\/12\/00.png","contentUrl":"https:\/\/ismfrance.org\/wp-content\/uploads\/2020\/12\/00.png","width":400,"height":400,"caption":"International Solidarity Movement"},"image":{"@id":"https:\/\/ismfrance.org\/#\/schema\/logo\/image\/"},"sameAs":["https:\/\/x.com\/ISMFRANCE"]},{"@type":"Person","@id":"https:\/\/ismfrance.org\/#\/schema\/person\/3c411eb72adfaae19c0dca1f41fae01d","name":"mru_01","image":{"@type":"ImageObject","inLanguage":"fr-FR","@id":"https:\/\/secure.gravatar.com\/avatar\/3a0be343b445d2ccc79e87444a294fad2b232e90d2051d0e3cc219e1ecd6a330?s=96&d=mm&r=g","url":"https:\/\/secure.gravatar.com\/avatar\/3a0be343b445d2ccc79e87444a294fad2b232e90d2051d0e3cc219e1ecd6a330?s=96&d=mm&r=g","contentUrl":"https:\/\/secure.gravatar.com\/avatar\/3a0be343b445d2ccc79e87444a294fad2b232e90d2051d0e3cc219e1ecd6a330?s=96&d=mm&r=g","caption":"mru_01"},"url":"https:\/\/ismfrance.org\/index.php\/author\/admin02\/"}]}},"_links":{"self":[{"href":"https:\/\/ismfrance.org\/index.php\/wp-json\/wp\/v2\/posts\/23293","targetHints":{"allow":["GET"]}}],"collection":[{"href":"https:\/\/ismfrance.org\/index.php\/wp-json\/wp\/v2\/posts"}],"about":[{"href":"https:\/\/ismfrance.org\/index.php\/wp-json\/wp\/v2\/types\/post"}],"author":[{"embeddable":true,"href":"https:\/\/ismfrance.org\/index.php\/wp-json\/wp\/v2\/users\/3"}],"replies":[{"embeddable":true,"href":"https:\/\/ismfrance.org\/index.php\/wp-json\/wp\/v2\/comments?post=23293"}],"version-history":[{"count":0,"href":"https:\/\/ismfrance.org\/index.php\/wp-json\/wp\/v2\/posts\/23293\/revisions"}],"wp:featuredmedia":[{"embeddable":true,"href":"https:\/\/ismfrance.org\/index.php\/wp-json\/wp\/v2\/media\/23298"}],"wp:attachment":[{"href":"https:\/\/ismfrance.org\/index.php\/wp-json\/wp\/v2\/media?parent=23293"}],"wp:term":[{"taxonomy":"category","embeddable":true,"href":"https:\/\/ismfrance.org\/index.php\/wp-json\/wp\/v2\/categories?post=23293"},{"taxonomy":"post_tag","embeddable":true,"href":"https:\/\/ismfrance.org\/index.php\/wp-json\/wp\/v2\/tags?post=23293"}],"curies":[{"name":"wp","href":"https:\/\/api.w.org\/{rel}","templated":true}]}}