{"id":23287,"date":"2025-09-03T09:46:16","date_gmt":"2025-09-03T07:46:16","guid":{"rendered":"https:\/\/ismfrance.org\/?p=23287"},"modified":"2025-09-03T09:46:16","modified_gmt":"2025-09-03T07:46:16","slug":"la-guyane-plus-que-jamais-avec-gaza","status":"publish","type":"post","link":"https:\/\/ismfrance.org\/index.php\/2025\/09\/03\/la-guyane-plus-que-jamais-avec-gaza\/","title":{"rendered":"La Guyane : PLUS QUE JAMAIS AVEC GAZA"},"content":{"rendered":"<p><span style=\"color: #000000;\"><span style=\"font-family: Arial, sans-serif;\"><span style=\"font-size: medium;\"><strong>Collectif Free Palestine Guyane, 30 ao\u00fbt 2025.<\/strong> Le 29 juillet 2025, un appel solennel a \u00e9t\u00e9 transmis au Pr\u00e9sident de la R\u00e9publique et au Secr\u00e9taire G\u00e9n\u00e9ral de l&rsquo;O.N.U, sign\u00e9 par les principales personnalit\u00e9s et organisations politiques, syndicales et religieuses de Guyane.<\/span><\/span><\/span><\/p>\n<p><a href=\"https:\/\/ismfrance.org\/wp-content\/uploads\/2025\/09\/Drapeau-guyane-gaza.webp\"><img loading=\"lazy\" decoding=\"async\" class=\"alignnone size-large wp-image-23289\" src=\"https:\/\/ismfrance.org\/wp-content\/uploads\/2025\/09\/Drapeau-guyane-gaza-700x394.webp\" alt=\"\" width=\"600\" height=\"338\" srcset=\"https:\/\/ismfrance.org\/wp-content\/uploads\/2025\/09\/Drapeau-guyane-gaza-700x394.webp 700w, https:\/\/ismfrance.org\/wp-content\/uploads\/2025\/09\/Drapeau-guyane-gaza-300x169.webp 300w, https:\/\/ismfrance.org\/wp-content\/uploads\/2025\/09\/Drapeau-guyane-gaza-768x433.webp 768w, https:\/\/ismfrance.org\/wp-content\/uploads\/2025\/09\/Drapeau-guyane-gaza.webp 799w\" sizes=\"auto, (max-width: 600px) 100vw, 600px\" \/><\/a><\/p>\n<p><span style=\"color: #000000;\"><span style=\"font-family: Arial, sans-serif;\"><span style=\"font-size: medium;\">Les signataires mentionn\u00e9s ci-apr\u00e8s, \u00e0 l&rsquo;initiative conjointe du Collectif FREE PALESTINE GUYANE et de Mgr Alain RANSAY, \u00e9v\u00eaque de Guyane, vous appellent \u00e0 vous engager pour l&rsquo;arr\u00eat du g\u00e9nocide en signant, \u00e0 votre tour, cette p\u00e9tition.<\/span><\/span><\/span><\/p>\n<p style=\"text-align: center;\"><strong><span style=\"color: #ff0000;\"><span style=\"font-family: Arial, sans-serif;\"><span style=\"font-size: medium;\"><a style=\"color: #ff0000;\" href=\"https:\/\/chng.it\/47TtqTN8gw\"><span style=\"font-size: large;\">https:\/\/chng.it\/47TtqTN8gw<\/span><\/a><\/span><\/span><\/span><\/strong><\/p>\n<p><em><span style=\"color: #000000;\"><span style=\"font-family: Arial, sans-serif;\"><span style=\"font-size: medium;\">Ansanm, ansanm k\u00e9 GAZA\u00a0<\/span><\/span><\/span><\/em><\/p>\n<p><strong><span style=\"color: #000000;\"><span style=\"font-family: Arial, sans-serif;\"><span style=\"font-size: medium;\">COMMUNIQU\u00c9 DE LA SOCI\u00c9T\u00c9 GUYANAISE<\/span><\/span><\/span><\/strong><span style=\"color: #000000;\"><span style=\"font-family: Arial, sans-serif;\"><span style=\"font-size: medium;\"><br \/>\n<\/span><\/span><\/span><strong><span style=\"color: #000000;\"><span style=\"font-family: Arial, sans-serif;\"><span style=\"font-size: medium;\">CESSEZ-LE-FEU IMM\u00c9DIAT et OUVERTURE DE L&rsquo;AIDE HUMANITAIRE \u00c0 GAZA<\/span><\/span><\/span><\/strong><\/p>\n<p><span style=\"color: #000000;\"><span style=\"font-family: Arial, sans-serif;\"><span style=\"font-size: medium;\"><br \/>\n<\/span><\/span><\/span><strong><span style=\"color: #000000;\"><span style=\"font-family: Arial, sans-serif;\"><span style=\"font-size: medium;\">Depuis 21 mois, le monde entier est spectateur et t\u00e9moin d&rsquo;un g\u00e9nocide perp\u00e9tr\u00e9 par le gouvernement d&rsquo;Isra\u00ebl sur la population palestinienne de Gaza.<\/span><\/span><\/span><\/strong><span style=\"color: #000000;\"><span style=\"font-family: Arial, sans-serif;\"><span style=\"font-size: medium;\"><br \/>\n<\/span><\/span><\/span><strong><span style=\"color: #000000;\"><span style=\"font-family: Arial, sans-serif;\"><span style=\"font-size: medium;\">Depuis 4 mois, l&rsquo;aide alimentaire est emp\u00each\u00e9e, entra\u00eenant la famine pour un million d&rsquo;enfants, de femmes et d&rsquo;hommes.<\/span><\/span><\/span><\/strong><span style=\"color: #000000;\"><span style=\"font-family: Arial, sans-serif;\"><span style=\"font-size: medium;\"><br \/>\n<\/span><\/span><\/span><strong><span style=\"color: #000000;\"><span style=\"font-family: Arial, sans-serif;\"><span style=\"font-size: medium;\">La soci\u00e9t\u00e9 guyanaise, toutes tendances confondues, au travers de sa classe politique, religieuse syndicale et sociale, refuse d&rsquo;\u00eatre complice des g\u00e9nocidaires quels qu&rsquo;ils soient et appelle :<\/span><\/span><\/span><\/strong><span style=\"color: #000000;\"><span style=\"font-family: Arial, sans-serif;\"><span style=\"font-size: medium;\"><br \/>\n<\/span><\/span><\/span><strong><span style=\"color: #000000;\"><span style=\"font-family: Arial, sans-serif;\"><span style=\"font-size: medium;\">&#8211; \u00e0 un cessez-le-feu imm\u00e9diat,<\/span><\/span><\/span><\/strong><span style=\"color: #000000;\"><span style=\"font-family: Arial, sans-serif;\"><span style=\"font-size: medium;\"><br \/>\n<\/span><\/span><\/span><strong><span style=\"color: #000000;\"><span style=\"font-family: Arial, sans-serif;\"><span style=\"font-size: medium;\">&#8211; \u00e0 l&rsquo;entr\u00e9e de l&rsquo;aide humanitaire,<\/span><\/span><\/span><\/strong><span style=\"color: #000000;\"><span style=\"font-family: Arial, sans-serif;\"><span style=\"font-size: medium;\"><br \/>\n<\/span><\/span><\/span><strong><span style=\"color: #000000;\"><span style=\"font-family: Arial, sans-serif;\"><span style=\"font-size: medium;\">&#8211; \u00e0 la lib\u00e9ration de tous les prisonniers politiques et de tous les otages,<\/span><\/span><\/span><\/strong><span style=\"color: #000000;\"><span style=\"font-family: Arial, sans-serif;\"><span style=\"font-size: medium;\"><br \/>\n<\/span><\/span><\/span><strong><span style=\"color: #000000;\"><span style=\"font-family: Arial, sans-serif;\"><span style=\"font-size: medium;\">&#8211; au respect du droit international,<\/span><\/span><\/span><\/strong><span style=\"color: #000000;\"><span style=\"font-family: Arial, sans-serif;\"><span style=\"font-size: medium;\"><br \/>\n<\/span><\/span><\/span><strong><span style=\"color: #000000;\"><span style=\"font-family: Arial, sans-serif;\"><span style=\"font-size: medium;\">&#8211; \u00e0 une solution politique.<\/span><\/span><\/span><\/strong><\/p>\n<p><strong><span style=\"color: #000000;\"><span style=\"font-family: Arial, sans-serif;\"><span style=\"font-size: medium;\">Fait \u00e0 Cayenne le 26 juillet 2025<\/span><\/span><\/span><\/strong><\/p>\n<p><a href=\"https:\/\/ismfrance.org\/wp-content\/uploads\/2025\/09\/appel-guyane.jpeg\"><img loading=\"lazy\" decoding=\"async\" class=\"size-large wp-image-23288 aligncenter\" src=\"https:\/\/ismfrance.org\/wp-content\/uploads\/2025\/09\/appel-guyane-525x700.jpeg\" alt=\"\" width=\"525\" height=\"700\" srcset=\"https:\/\/ismfrance.org\/wp-content\/uploads\/2025\/09\/appel-guyane-525x700.jpeg 525w, https:\/\/ismfrance.org\/wp-content\/uploads\/2025\/09\/appel-guyane-225x300.jpeg 225w, https:\/\/ismfrance.org\/wp-content\/uploads\/2025\/09\/appel-guyane-768x1024.jpeg 768w, https:\/\/ismfrance.org\/wp-content\/uploads\/2025\/09\/appel-guyane.jpeg 1080w\" sizes=\"auto, (max-width: 525px) 100vw, 525px\" \/><\/a><\/p>\n<p>&nbsp;<\/p>\n","protected":false},"excerpt":{"rendered":"<p>Collectif Free Palestine Guyane, 30 ao\u00fbt 2025. Le 29 juillet 2025, un appel solennel a \u00e9t\u00e9 transmis au Pr\u00e9sident de la R\u00e9publique et au Secr\u00e9taire G\u00e9n\u00e9ral de l&rsquo;O.N.U, sign\u00e9 par <a class=\"more-link\" href=\"https:\/\/ismfrance.org\/index.php\/2025\/09\/03\/la-guyane-plus-que-jamais-avec-gaza\/\">Lire la suite &rarr;<\/a><\/p>\n","protected":false},"author":3,"featured_media":23289,"comment_status":"closed","ping_status":"closed","sticky":false,"template":"","format":"standard","meta":{"footnotes":""},"categories":[2,14],"tags":[55],"class_list":["post-23287","post","type-post","status-publish","format-standard","has-post-thumbnail","hentry","category-articles","category-communiques","tag-materiel-de-lutte"],"yoast_head":"<!-- This site is optimized with the Yoast SEO plugin v27.2 - https:\/\/yoast.com\/product\/yoast-seo-wordpress\/ -->\n<title>La Guyane : PLUS QUE JAMAIS AVEC GAZA - International Solidarity Movement - ISM-France<\/title>\n<meta name=\"robots\" content=\"index, follow, max-snippet:-1, max-image-preview:large, max-video-preview:-1\" \/>\n<link rel=\"canonical\" href=\"https:\/\/ismfrance.org\/index.php\/2025\/09\/03\/la-guyane-plus-que-jamais-avec-gaza\/\" \/>\n<meta property=\"og:locale\" content=\"fr_FR\" \/>\n<meta property=\"og:type\" content=\"article\" \/>\n<meta property=\"og:title\" content=\"La Guyane : PLUS QUE JAMAIS AVEC GAZA - International Solidarity Movement - ISM-France\" \/>\n<meta property=\"og:description\" content=\"Collectif Free Palestine Guyane, 30 ao\u00fbt 2025. Le 29 juillet 2025, un appel solennel a \u00e9t\u00e9 transmis au Pr\u00e9sident de la R\u00e9publique et au Secr\u00e9taire G\u00e9n\u00e9ral de l&rsquo;O.N.U, sign\u00e9 par Lire la suite &rarr;\" \/>\n<meta property=\"og:url\" content=\"https:\/\/ismfrance.org\/index.php\/2025\/09\/03\/la-guyane-plus-que-jamais-avec-gaza\/\" \/>\n<meta property=\"og:site_name\" content=\"International Solidarity Movement - ISM-France\" \/>\n<meta property=\"article:published_time\" content=\"2025-09-03T07:46:16+00:00\" \/>\n<meta property=\"og:image\" content=\"https:\/\/ismfrance.org\/wp-content\/uploads\/2025\/09\/Drapeau-guyane-gaza.webp\" \/>\n\t<meta property=\"og:image:width\" content=\"799\" \/>\n\t<meta property=\"og:image:height\" content=\"450\" \/>\n\t<meta property=\"og:image:type\" content=\"image\/webp\" \/>\n<meta name=\"author\" content=\"mru_01\" \/>\n<meta name=\"twitter:card\" content=\"summary_large_image\" \/>\n<meta name=\"twitter:creator\" content=\"@ISMFRANCE\" \/>\n<meta name=\"twitter:site\" content=\"@ISMFRANCE\" \/>\n<meta name=\"twitter:label1\" content=\"\u00c9crit par\" \/>\n\t<meta name=\"twitter:data1\" content=\"mru_01\" \/>\n\t<meta name=\"twitter:label2\" content=\"Dur\u00e9e de lecture estim\u00e9e\" \/>\n\t<meta name=\"twitter:data2\" content=\"2 minutes\" \/>\n<script type=\"application\/ld+json\" class=\"yoast-schema-graph\">{\"@context\":\"https:\/\/schema.org\",\"@graph\":[{\"@type\":\"Article\",\"@id\":\"https:\/\/ismfrance.org\/index.php\/2025\/09\/03\/la-guyane-plus-que-jamais-avec-gaza\/#article\",\"isPartOf\":{\"@id\":\"https:\/\/ismfrance.org\/index.php\/2025\/09\/03\/la-guyane-plus-que-jamais-avec-gaza\/\"},\"author\":{\"name\":\"mru_01\",\"@id\":\"https:\/\/ismfrance.org\/#\/schema\/person\/3c411eb72adfaae19c0dca1f41fae01d\"},\"headline\":\"La Guyane : PLUS QUE JAMAIS AVEC GAZA\",\"datePublished\":\"2025-09-03T07:46:16+00:00\",\"mainEntityOfPage\":{\"@id\":\"https:\/\/ismfrance.org\/index.php\/2025\/09\/03\/la-guyane-plus-que-jamais-avec-gaza\/\"},\"wordCount\":243,\"publisher\":{\"@id\":\"https:\/\/ismfrance.org\/#organization\"},\"image\":{\"@id\":\"https:\/\/ismfrance.org\/index.php\/2025\/09\/03\/la-guyane-plus-que-jamais-avec-gaza\/#primaryimage\"},\"thumbnailUrl\":\"https:\/\/ismfrance.org\/wp-content\/uploads\/2025\/09\/Drapeau-guyane-gaza.webp\",\"keywords\":[\"Mat\u00e9riel de lutte\"],\"articleSection\":[\"Articles\",\"Communiqu\u00e9s\"],\"inLanguage\":\"fr-FR\"},{\"@type\":\"WebPage\",\"@id\":\"https:\/\/ismfrance.org\/index.php\/2025\/09\/03\/la-guyane-plus-que-jamais-avec-gaza\/\",\"url\":\"https:\/\/ismfrance.org\/index.php\/2025\/09\/03\/la-guyane-plus-que-jamais-avec-gaza\/\",\"name\":\"La Guyane : PLUS QUE JAMAIS AVEC GAZA - International Solidarity Movement - ISM-France\",\"isPartOf\":{\"@id\":\"https:\/\/ismfrance.org\/#website\"},\"primaryImageOfPage\":{\"@id\":\"https:\/\/ismfrance.org\/index.php\/2025\/09\/03\/la-guyane-plus-que-jamais-avec-gaza\/#primaryimage\"},\"image\":{\"@id\":\"https:\/\/ismfrance.org\/index.php\/2025\/09\/03\/la-guyane-plus-que-jamais-avec-gaza\/#primaryimage\"},\"thumbnailUrl\":\"https:\/\/ismfrance.org\/wp-content\/uploads\/2025\/09\/Drapeau-guyane-gaza.webp\",\"datePublished\":\"2025-09-03T07:46:16+00:00\",\"breadcrumb\":{\"@id\":\"https:\/\/ismfrance.org\/index.php\/2025\/09\/03\/la-guyane-plus-que-jamais-avec-gaza\/#breadcrumb\"},\"inLanguage\":\"fr-FR\",\"potentialAction\":[{\"@type\":\"ReadAction\",\"target\":[\"https:\/\/ismfrance.org\/index.php\/2025\/09\/03\/la-guyane-plus-que-jamais-avec-gaza\/\"]}]},{\"@type\":\"ImageObject\",\"inLanguage\":\"fr-FR\",\"@id\":\"https:\/\/ismfrance.org\/index.php\/2025\/09\/03\/la-guyane-plus-que-jamais-avec-gaza\/#primaryimage\",\"url\":\"https:\/\/ismfrance.org\/wp-content\/uploads\/2025\/09\/Drapeau-guyane-gaza.webp\",\"contentUrl\":\"https:\/\/ismfrance.org\/wp-content\/uploads\/2025\/09\/Drapeau-guyane-gaza.webp\",\"width\":799,\"height\":450},{\"@type\":\"BreadcrumbList\",\"@id\":\"https:\/\/ismfrance.org\/index.php\/2025\/09\/03\/la-guyane-plus-que-jamais-avec-gaza\/#breadcrumb\",\"itemListElement\":[{\"@type\":\"ListItem\",\"position\":1,\"name\":\"Accueil\",\"item\":\"https:\/\/ismfrance.org\/\"},{\"@type\":\"ListItem\",\"position\":2,\"name\":\"La Guyane : PLUS QUE JAMAIS AVEC GAZA\"}]},{\"@type\":\"WebSite\",\"@id\":\"https:\/\/ismfrance.org\/#website\",\"url\":\"https:\/\/ismfrance.org\/\",\"name\":\"ISM Palestine France\",\"description\":\"Soutien aux luttes de lib\u00e9ration du peuple palestinien\",\"publisher\":{\"@id\":\"https:\/\/ismfrance.org\/#organization\"},\"potentialAction\":[{\"@type\":\"SearchAction\",\"target\":{\"@type\":\"EntryPoint\",\"urlTemplate\":\"https:\/\/ismfrance.org\/?s={search_term_string}\"},\"query-input\":{\"@type\":\"PropertyValueSpecification\",\"valueRequired\":true,\"valueName\":\"search_term_string\"}}],\"inLanguage\":\"fr-FR\"},{\"@type\":\"Organization\",\"@id\":\"https:\/\/ismfrance.org\/#organization\",\"name\":\"International Solidarity Movement\",\"url\":\"https:\/\/ismfrance.org\/\",\"logo\":{\"@type\":\"ImageObject\",\"inLanguage\":\"fr-FR\",\"@id\":\"https:\/\/ismfrance.org\/#\/schema\/logo\/image\/\",\"url\":\"https:\/\/ismfrance.org\/wp-content\/uploads\/2020\/12\/00.png\",\"contentUrl\":\"https:\/\/ismfrance.org\/wp-content\/uploads\/2020\/12\/00.png\",\"width\":400,\"height\":400,\"caption\":\"International Solidarity Movement\"},\"image\":{\"@id\":\"https:\/\/ismfrance.org\/#\/schema\/logo\/image\/\"},\"sameAs\":[\"https:\/\/x.com\/ISMFRANCE\"]},{\"@type\":\"Person\",\"@id\":\"https:\/\/ismfrance.org\/#\/schema\/person\/3c411eb72adfaae19c0dca1f41fae01d\",\"name\":\"mru_01\",\"image\":{\"@type\":\"ImageObject\",\"inLanguage\":\"fr-FR\",\"@id\":\"https:\/\/secure.gravatar.com\/avatar\/3a0be343b445d2ccc79e87444a294fad2b232e90d2051d0e3cc219e1ecd6a330?s=96&d=mm&r=g\",\"url\":\"https:\/\/secure.gravatar.com\/avatar\/3a0be343b445d2ccc79e87444a294fad2b232e90d2051d0e3cc219e1ecd6a330?s=96&d=mm&r=g\",\"contentUrl\":\"https:\/\/secure.gravatar.com\/avatar\/3a0be343b445d2ccc79e87444a294fad2b232e90d2051d0e3cc219e1ecd6a330?s=96&d=mm&r=g\",\"caption\":\"mru_01\"},\"url\":\"https:\/\/ismfrance.org\/index.php\/author\/admin02\/\"}]}<\/script>\n<!-- \/ Yoast SEO plugin. -->","yoast_head_json":{"title":"La Guyane : PLUS QUE JAMAIS AVEC GAZA - International Solidarity Movement - ISM-France","robots":{"index":"index","follow":"follow","max-snippet":"max-snippet:-1","max-image-preview":"max-image-preview:large","max-video-preview":"max-video-preview:-1"},"canonical":"https:\/\/ismfrance.org\/index.php\/2025\/09\/03\/la-guyane-plus-que-jamais-avec-gaza\/","og_locale":"fr_FR","og_type":"article","og_title":"La Guyane : PLUS QUE JAMAIS AVEC GAZA - International Solidarity Movement - ISM-France","og_description":"Collectif Free Palestine Guyane, 30 ao\u00fbt 2025. Le 29 juillet 2025, un appel solennel a \u00e9t\u00e9 transmis au Pr\u00e9sident de la R\u00e9publique et au Secr\u00e9taire G\u00e9n\u00e9ral de l&rsquo;O.N.U, sign\u00e9 par Lire la suite &rarr;","og_url":"https:\/\/ismfrance.org\/index.php\/2025\/09\/03\/la-guyane-plus-que-jamais-avec-gaza\/","og_site_name":"International Solidarity Movement - ISM-France","article_published_time":"2025-09-03T07:46:16+00:00","og_image":[{"width":799,"height":450,"url":"https:\/\/ismfrance.org\/wp-content\/uploads\/2025\/09\/Drapeau-guyane-gaza.webp","type":"image\/webp"}],"author":"mru_01","twitter_card":"summary_large_image","twitter_creator":"@ISMFRANCE","twitter_site":"@ISMFRANCE","twitter_misc":{"\u00c9crit par":"mru_01","Dur\u00e9e de lecture estim\u00e9e":"2 minutes"},"schema":{"@context":"https:\/\/schema.org","@graph":[{"@type":"Article","@id":"https:\/\/ismfrance.org\/index.php\/2025\/09\/03\/la-guyane-plus-que-jamais-avec-gaza\/#article","isPartOf":{"@id":"https:\/\/ismfrance.org\/index.php\/2025\/09\/03\/la-guyane-plus-que-jamais-avec-gaza\/"},"author":{"name":"mru_01","@id":"https:\/\/ismfrance.org\/#\/schema\/person\/3c411eb72adfaae19c0dca1f41fae01d"},"headline":"La Guyane : PLUS QUE JAMAIS AVEC GAZA","datePublished":"2025-09-03T07:46:16+00:00","mainEntityOfPage":{"@id":"https:\/\/ismfrance.org\/index.php\/2025\/09\/03\/la-guyane-plus-que-jamais-avec-gaza\/"},"wordCount":243,"publisher":{"@id":"https:\/\/ismfrance.org\/#organization"},"image":{"@id":"https:\/\/ismfrance.org\/index.php\/2025\/09\/03\/la-guyane-plus-que-jamais-avec-gaza\/#primaryimage"},"thumbnailUrl":"https:\/\/ismfrance.org\/wp-content\/uploads\/2025\/09\/Drapeau-guyane-gaza.webp","keywords":["Mat\u00e9riel de lutte"],"articleSection":["Articles","Communiqu\u00e9s"],"inLanguage":"fr-FR"},{"@type":"WebPage","@id":"https:\/\/ismfrance.org\/index.php\/2025\/09\/03\/la-guyane-plus-que-jamais-avec-gaza\/","url":"https:\/\/ismfrance.org\/index.php\/2025\/09\/03\/la-guyane-plus-que-jamais-avec-gaza\/","name":"La Guyane : PLUS QUE JAMAIS AVEC GAZA - International Solidarity Movement - ISM-France","isPartOf":{"@id":"https:\/\/ismfrance.org\/#website"},"primaryImageOfPage":{"@id":"https:\/\/ismfrance.org\/index.php\/2025\/09\/03\/la-guyane-plus-que-jamais-avec-gaza\/#primaryimage"},"image":{"@id":"https:\/\/ismfrance.org\/index.php\/2025\/09\/03\/la-guyane-plus-que-jamais-avec-gaza\/#primaryimage"},"thumbnailUrl":"https:\/\/ismfrance.org\/wp-content\/uploads\/2025\/09\/Drapeau-guyane-gaza.webp","datePublished":"2025-09-03T07:46:16+00:00","breadcrumb":{"@id":"https:\/\/ismfrance.org\/index.php\/2025\/09\/03\/la-guyane-plus-que-jamais-avec-gaza\/#breadcrumb"},"inLanguage":"fr-FR","potentialAction":[{"@type":"ReadAction","target":["https:\/\/ismfrance.org\/index.php\/2025\/09\/03\/la-guyane-plus-que-jamais-avec-gaza\/"]}]},{"@type":"ImageObject","inLanguage":"fr-FR","@id":"https:\/\/ismfrance.org\/index.php\/2025\/09\/03\/la-guyane-plus-que-jamais-avec-gaza\/#primaryimage","url":"https:\/\/ismfrance.org\/wp-content\/uploads\/2025\/09\/Drapeau-guyane-gaza.webp","contentUrl":"https:\/\/ismfrance.org\/wp-content\/uploads\/2025\/09\/Drapeau-guyane-gaza.webp","width":799,"height":450},{"@type":"BreadcrumbList","@id":"https:\/\/ismfrance.org\/index.php\/2025\/09\/03\/la-guyane-plus-que-jamais-avec-gaza\/#breadcrumb","itemListElement":[{"@type":"ListItem","position":1,"name":"Accueil","item":"https:\/\/ismfrance.org\/"},{"@type":"ListItem","position":2,"name":"La Guyane : PLUS QUE JAMAIS AVEC GAZA"}]},{"@type":"WebSite","@id":"https:\/\/ismfrance.org\/#website","url":"https:\/\/ismfrance.org\/","name":"ISM Palestine France","description":"Soutien aux luttes de lib\u00e9ration du peuple palestinien","publisher":{"@id":"https:\/\/ismfrance.org\/#organization"},"potentialAction":[{"@type":"SearchAction","target":{"@type":"EntryPoint","urlTemplate":"https:\/\/ismfrance.org\/?s={search_term_string}"},"query-input":{"@type":"PropertyValueSpecification","valueRequired":true,"valueName":"search_term_string"}}],"inLanguage":"fr-FR"},{"@type":"Organization","@id":"https:\/\/ismfrance.org\/#organization","name":"International Solidarity Movement","url":"https:\/\/ismfrance.org\/","logo":{"@type":"ImageObject","inLanguage":"fr-FR","@id":"https:\/\/ismfrance.org\/#\/schema\/logo\/image\/","url":"https:\/\/ismfrance.org\/wp-content\/uploads\/2020\/12\/00.png","contentUrl":"https:\/\/ismfrance.org\/wp-content\/uploads\/2020\/12\/00.png","width":400,"height":400,"caption":"International Solidarity Movement"},"image":{"@id":"https:\/\/ismfrance.org\/#\/schema\/logo\/image\/"},"sameAs":["https:\/\/x.com\/ISMFRANCE"]},{"@type":"Person","@id":"https:\/\/ismfrance.org\/#\/schema\/person\/3c411eb72adfaae19c0dca1f41fae01d","name":"mru_01","image":{"@type":"ImageObject","inLanguage":"fr-FR","@id":"https:\/\/secure.gravatar.com\/avatar\/3a0be343b445d2ccc79e87444a294fad2b232e90d2051d0e3cc219e1ecd6a330?s=96&d=mm&r=g","url":"https:\/\/secure.gravatar.com\/avatar\/3a0be343b445d2ccc79e87444a294fad2b232e90d2051d0e3cc219e1ecd6a330?s=96&d=mm&r=g","contentUrl":"https:\/\/secure.gravatar.com\/avatar\/3a0be343b445d2ccc79e87444a294fad2b232e90d2051d0e3cc219e1ecd6a330?s=96&d=mm&r=g","caption":"mru_01"},"url":"https:\/\/ismfrance.org\/index.php\/author\/admin02\/"}]}},"_links":{"self":[{"href":"https:\/\/ismfrance.org\/index.php\/wp-json\/wp\/v2\/posts\/23287","targetHints":{"allow":["GET"]}}],"collection":[{"href":"https:\/\/ismfrance.org\/index.php\/wp-json\/wp\/v2\/posts"}],"about":[{"href":"https:\/\/ismfrance.org\/index.php\/wp-json\/wp\/v2\/types\/post"}],"author":[{"embeddable":true,"href":"https:\/\/ismfrance.org\/index.php\/wp-json\/wp\/v2\/users\/3"}],"replies":[{"embeddable":true,"href":"https:\/\/ismfrance.org\/index.php\/wp-json\/wp\/v2\/comments?post=23287"}],"version-history":[{"count":0,"href":"https:\/\/ismfrance.org\/index.php\/wp-json\/wp\/v2\/posts\/23287\/revisions"}],"wp:featuredmedia":[{"embeddable":true,"href":"https:\/\/ismfrance.org\/index.php\/wp-json\/wp\/v2\/media\/23289"}],"wp:attachment":[{"href":"https:\/\/ismfrance.org\/index.php\/wp-json\/wp\/v2\/media?parent=23287"}],"wp:term":[{"taxonomy":"category","embeddable":true,"href":"https:\/\/ismfrance.org\/index.php\/wp-json\/wp\/v2\/categories?post=23287"},{"taxonomy":"post_tag","embeddable":true,"href":"https:\/\/ismfrance.org\/index.php\/wp-json\/wp\/v2\/tags?post=23287"}],"curies":[{"name":"wp","href":"https:\/\/api.w.org\/{rel}","templated":true}]}}