{"id":2325,"date":"2022-04-10T16:28:50","date_gmt":"2022-04-10T14:28:50","guid":{"rendered":"https:\/\/ismfrance.org\/?p=2325"},"modified":"2022-04-10T16:29:55","modified_gmt":"2022-04-10T14:29:55","slug":"jihad-islamique-lexecution-de-la-palestinienne-ghada-sabatin-est-un-crime-qui-reflete-lampleur-du-terrorisme-de-lennemi-sioniste","status":"publish","type":"post","link":"https:\/\/ismfrance.org\/index.php\/2022\/04\/10\/jihad-islamique-lexecution-de-la-palestinienne-ghada-sabatin-est-un-crime-qui-reflete-lampleur-du-terrorisme-de-lennemi-sioniste\/","title":{"rendered":"Jihad islamique : l\u2019ex\u00e9cution de la Palestinienne Ghada Sabatin est un crime qui refl\u00e8te l\u2019ampleur du terrorisme de l\u2019ennemi sioniste"},"content":{"rendered":"<p><strong>Paltoday.ps, 10 avril 2022<\/strong>. Le Jihad islamique en Palestine a condamn\u00e9 l\u2019ex\u00e9cution de Ghada Ibrahim Sabatin, 47 ans, du village de Housan, \u00e0 l\u2019ouest de Bethl\u00e9em, et l\u2019a laiss\u00e9e se vider de son sang avant de mourir, soulignant que le crime \u00e9tait une incarnation claire du terrorisme contre le peuple palestinien non arm\u00e9.<\/p>\n<div id=\"attachment_2326\" style=\"width: 536px\" class=\"wp-caption aligncenter\"><a href=\"https:\/\/ismfrance.org\/wp-content\/uploads\/2022\/04\/ghada.jpg\"><img loading=\"lazy\" decoding=\"async\" aria-describedby=\"caption-attachment-2326\" class=\"wp-image-2326 size-full\" src=\"https:\/\/ismfrance.org\/wp-content\/uploads\/2022\/04\/ghada.jpg\" alt=\"\" width=\"526\" height=\"487\" srcset=\"https:\/\/ismfrance.org\/wp-content\/uploads\/2022\/04\/ghada.jpg 526w, https:\/\/ismfrance.org\/wp-content\/uploads\/2022\/04\/ghada-300x278.jpg 300w\" sizes=\"auto, (max-width: 526px) 100vw, 526px\" \/><\/a><p id=\"caption-attachment-2326\" class=\"wp-caption-text\">Ghada Sabatin \u00e9tait m\u00e8re de 6 enfants.<\/p><\/div>\n<p>Le mouvement a soulign\u00e9 dans un communiqu\u00e9 dimanche qu&rsquo;avec ce nouveau crime, l\u2019occupation va loin dans son agression et son ciblage des citoyens, en particulier des femmes\u00a0; il prouve qu\u2019il n\u2019a pas les normes humanitaires et morales les plus basiques, et r\u00e9v\u00e8le son visage laid et terroriste en tirant et en ex\u00e9cutant directement en plein jour.<\/p>\n<p>Le Jihad islamique a soulign\u00e9 la n\u00e9cessit\u00e9 de l\u2019unit\u00e9 de tout le peuple palestinien avec ses forces actives, afin d&rsquo;encourager les efforts nationaux pour affronter l\u2019occupation avec force et bravoure.<\/p>\n<p>Le mouvement a tenu l\u2019occupation et ses dirigeants criminels pour responsable des r\u00e9percussions de ce crime odieux \u00ab qui ne restera pas sans cons\u00e9quence face aux atrocit\u00e9s subies par les moudjahidines et les h\u00e9ros de notre peuple, qui sont ensanglant\u00e9s par les plus belles \u00e9pop\u00e9es de victoire et de fiert\u00e9 au plus profond de la sale entit\u00e9 ennemie \u00bb, selon le communiqu\u00e9 du Jihad islamique.<\/p>\n<blockquote class=\"twitter-tweet\" data-width=\"550\" data-dnt=\"true\">\n<p lang=\"en\" dir=\"ltr\">Video footage shows Israeli occupation forces execution of the Palestinian womam Ghada Sabaten, 47 years old, in cold blood in the village of Hosan, in Bethlehem. <a href=\"https:\/\/t.co\/HyRCrqUfGA\">pic.twitter.com\/HyRCrqUfGA<\/a><\/p>\n<p>&mdash; Palestine Electronic Forces (@PEFMISSIONS) <a href=\"https:\/\/twitter.com\/PEFMISSIONS\/status\/1513148192916975618?ref_src=twsrc%5Etfw\">April 10, 2022<\/a><\/p><\/blockquote>\n<p><script async src=\"https:\/\/platform.twitter.com\/widgets.js\" charset=\"utf-8\"><\/script><\/p>\n<p>\u00ab Le silence international et r\u00e9gional sur ce crime odieux est une couverture claire et un encouragement aux forces terroristes sionistes \u00e0 continuer de cibler les civils sur les routes, les villes et les camps \u00bb, a ajout\u00e9 le communiqu\u00e9.<\/p>\n<p>Le mouvement a pr\u00e9sent\u00e9 ses condol\u00e9ances \u00e0 la famille de la martyr, demandant \u00e0 Dieu tout-puissant de la couvrir de sa mis\u00e9ricorde, de lui donner son intercession le jour de la r\u00e9surrection et de faire en sorte que son sang soit une mal\u00e9diction sur l\u2019occupation criminelle.<\/p>\n<p><em>Article original en arabe publi\u00e9 sur <a href=\"https:\/\/paltoday.ps\/ar\/post\/440627\/\u0627\u0644\u062c\u0647\u0627\u062f-\u0627\u0644\u0625\u0633\u0644\u0627\u0645\u064a-\u0625\u0639\u062f\u0627\u0645-\u0627\u0644\u0641\u0644\u0633\u0637\u064a\u0646\u064a\u0629-\u063a\u0627\u062f\u0629-\u0633\u0628\u0627\u062a\u064a\u0646-\u062c\u0631\u064a\u0645\u0629-\u062a\u062c\u0633\u062f-\u0645\u062f\u0649-\u0625\u0631\u0647\u0627\u0628-\u0627\u0644\u0639\u062f\u0648-\u0627\u0644\u0635\u0647\u064a\u0648\u0646\u064a\">paltoday.ps<\/a> \/ Traduction ISM-France<\/em><\/p>\n","protected":false},"excerpt":{"rendered":"<p>Paltoday.ps, 10 avril 2022. Le Jihad islamique en Palestine a condamn\u00e9 l\u2019ex\u00e9cution de Ghada Ibrahim Sabatin, 47 ans, du village de Housan, \u00e0 l\u2019ouest de Bethl\u00e9em, et l\u2019a laiss\u00e9e se <a class=\"more-link\" href=\"https:\/\/ismfrance.org\/index.php\/2022\/04\/10\/jihad-islamique-lexecution-de-la-palestinienne-ghada-sabatin-est-un-crime-qui-reflete-lampleur-du-terrorisme-de-lennemi-sioniste\/\">Lire la suite &rarr;<\/a><\/p>\n","protected":false},"author":3,"featured_media":2326,"comment_status":"closed","ping_status":"closed","sticky":false,"template":"","format":"standard","meta":{"footnotes":""},"categories":[2,14],"tags":[60],"class_list":["post-2325","post","type-post","status-publish","format-standard","has-post-thumbnail","hentry","category-articles","category-communiques","tag-assassinats"],"yoast_head":"<!-- This site is optimized with the Yoast SEO plugin v27.2 - https:\/\/yoast.com\/product\/yoast-seo-wordpress\/ -->\n<title>Jihad islamique : l\u2019ex\u00e9cution de la Palestinienne Ghada Sabatin est un crime qui refl\u00e8te l\u2019ampleur du terrorisme de l\u2019ennemi sioniste - International Solidarity Movement - ISM-France<\/title>\n<meta name=\"robots\" content=\"index, follow, max-snippet:-1, max-image-preview:large, max-video-preview:-1\" \/>\n<link rel=\"canonical\" href=\"https:\/\/ismfrance.org\/index.php\/2022\/04\/10\/jihad-islamique-lexecution-de-la-palestinienne-ghada-sabatin-est-un-crime-qui-reflete-lampleur-du-terrorisme-de-lennemi-sioniste\/\" \/>\n<meta property=\"og:locale\" content=\"fr_FR\" \/>\n<meta property=\"og:type\" content=\"article\" \/>\n<meta property=\"og:title\" content=\"Jihad islamique : l\u2019ex\u00e9cution de la Palestinienne Ghada Sabatin est un crime qui refl\u00e8te l\u2019ampleur du terrorisme de l\u2019ennemi sioniste - International Solidarity Movement - ISM-France\" \/>\n<meta property=\"og:description\" content=\"Paltoday.ps, 10 avril 2022. Le Jihad islamique en Palestine a condamn\u00e9 l\u2019ex\u00e9cution de Ghada Ibrahim Sabatin, 47 ans, du village de Housan, \u00e0 l\u2019ouest de Bethl\u00e9em, et l\u2019a laiss\u00e9e se Lire la suite &rarr;\" \/>\n<meta property=\"og:url\" content=\"https:\/\/ismfrance.org\/index.php\/2022\/04\/10\/jihad-islamique-lexecution-de-la-palestinienne-ghada-sabatin-est-un-crime-qui-reflete-lampleur-du-terrorisme-de-lennemi-sioniste\/\" \/>\n<meta property=\"og:site_name\" content=\"International Solidarity Movement - ISM-France\" \/>\n<meta property=\"article:published_time\" content=\"2022-04-10T14:28:50+00:00\" \/>\n<meta property=\"article:modified_time\" content=\"2022-04-10T14:29:55+00:00\" \/>\n<meta property=\"og:image\" content=\"https:\/\/ismfrance.org\/wp-content\/uploads\/2022\/04\/ghada.jpg\" \/>\n\t<meta property=\"og:image:width\" content=\"526\" \/>\n\t<meta property=\"og:image:height\" content=\"487\" \/>\n\t<meta property=\"og:image:type\" content=\"image\/jpeg\" \/>\n<meta name=\"author\" content=\"mru_01\" \/>\n<meta name=\"twitter:card\" content=\"summary_large_image\" \/>\n<meta name=\"twitter:creator\" content=\"@ISMFRANCE\" \/>\n<meta name=\"twitter:site\" content=\"@ISMFRANCE\" \/>\n<meta name=\"twitter:label1\" content=\"\u00c9crit par\" \/>\n\t<meta name=\"twitter:data1\" content=\"mru_01\" \/>\n\t<meta name=\"twitter:label2\" content=\"Dur\u00e9e de lecture estim\u00e9e\" \/>\n\t<meta name=\"twitter:data2\" content=\"2 minutes\" \/>\n<script type=\"application\/ld+json\" class=\"yoast-schema-graph\">{\"@context\":\"https:\/\/schema.org\",\"@graph\":[{\"@type\":\"Article\",\"@id\":\"https:\/\/ismfrance.org\/index.php\/2022\/04\/10\/jihad-islamique-lexecution-de-la-palestinienne-ghada-sabatin-est-un-crime-qui-reflete-lampleur-du-terrorisme-de-lennemi-sioniste\/#article\",\"isPartOf\":{\"@id\":\"https:\/\/ismfrance.org\/index.php\/2022\/04\/10\/jihad-islamique-lexecution-de-la-palestinienne-ghada-sabatin-est-un-crime-qui-reflete-lampleur-du-terrorisme-de-lennemi-sioniste\/\"},\"author\":{\"name\":\"mru_01\",\"@id\":\"https:\/\/ismfrance.org\/#\/schema\/person\/3c411eb72adfaae19c0dca1f41fae01d\"},\"headline\":\"Jihad islamique : l\u2019ex\u00e9cution de la Palestinienne Ghada Sabatin est un crime qui refl\u00e8te l\u2019ampleur du terrorisme de l\u2019ennemi sioniste\",\"datePublished\":\"2022-04-10T14:28:50+00:00\",\"dateModified\":\"2022-04-10T14:29:55+00:00\",\"mainEntityOfPage\":{\"@id\":\"https:\/\/ismfrance.org\/index.php\/2022\/04\/10\/jihad-islamique-lexecution-de-la-palestinienne-ghada-sabatin-est-un-crime-qui-reflete-lampleur-du-terrorisme-de-lennemi-sioniste\/\"},\"wordCount\":371,\"publisher\":{\"@id\":\"https:\/\/ismfrance.org\/#organization\"},\"image\":{\"@id\":\"https:\/\/ismfrance.org\/index.php\/2022\/04\/10\/jihad-islamique-lexecution-de-la-palestinienne-ghada-sabatin-est-un-crime-qui-reflete-lampleur-du-terrorisme-de-lennemi-sioniste\/#primaryimage\"},\"thumbnailUrl\":\"https:\/\/ismfrance.org\/wp-content\/uploads\/2022\/04\/ghada.jpg\",\"keywords\":[\"Assassinats\"],\"articleSection\":[\"Articles\",\"Communiqu\u00e9s\"],\"inLanguage\":\"fr-FR\"},{\"@type\":\"WebPage\",\"@id\":\"https:\/\/ismfrance.org\/index.php\/2022\/04\/10\/jihad-islamique-lexecution-de-la-palestinienne-ghada-sabatin-est-un-crime-qui-reflete-lampleur-du-terrorisme-de-lennemi-sioniste\/\",\"url\":\"https:\/\/ismfrance.org\/index.php\/2022\/04\/10\/jihad-islamique-lexecution-de-la-palestinienne-ghada-sabatin-est-un-crime-qui-reflete-lampleur-du-terrorisme-de-lennemi-sioniste\/\",\"name\":\"Jihad islamique : l\u2019ex\u00e9cution de la Palestinienne Ghada Sabatin est un crime qui refl\u00e8te l\u2019ampleur du terrorisme de l\u2019ennemi sioniste - International Solidarity Movement - ISM-France\",\"isPartOf\":{\"@id\":\"https:\/\/ismfrance.org\/#website\"},\"primaryImageOfPage\":{\"@id\":\"https:\/\/ismfrance.org\/index.php\/2022\/04\/10\/jihad-islamique-lexecution-de-la-palestinienne-ghada-sabatin-est-un-crime-qui-reflete-lampleur-du-terrorisme-de-lennemi-sioniste\/#primaryimage\"},\"image\":{\"@id\":\"https:\/\/ismfrance.org\/index.php\/2022\/04\/10\/jihad-islamique-lexecution-de-la-palestinienne-ghada-sabatin-est-un-crime-qui-reflete-lampleur-du-terrorisme-de-lennemi-sioniste\/#primaryimage\"},\"thumbnailUrl\":\"https:\/\/ismfrance.org\/wp-content\/uploads\/2022\/04\/ghada.jpg\",\"datePublished\":\"2022-04-10T14:28:50+00:00\",\"dateModified\":\"2022-04-10T14:29:55+00:00\",\"breadcrumb\":{\"@id\":\"https:\/\/ismfrance.org\/index.php\/2022\/04\/10\/jihad-islamique-lexecution-de-la-palestinienne-ghada-sabatin-est-un-crime-qui-reflete-lampleur-du-terrorisme-de-lennemi-sioniste\/#breadcrumb\"},\"inLanguage\":\"fr-FR\",\"potentialAction\":[{\"@type\":\"ReadAction\",\"target\":[\"https:\/\/ismfrance.org\/index.php\/2022\/04\/10\/jihad-islamique-lexecution-de-la-palestinienne-ghada-sabatin-est-un-crime-qui-reflete-lampleur-du-terrorisme-de-lennemi-sioniste\/\"]}]},{\"@type\":\"ImageObject\",\"inLanguage\":\"fr-FR\",\"@id\":\"https:\/\/ismfrance.org\/index.php\/2022\/04\/10\/jihad-islamique-lexecution-de-la-palestinienne-ghada-sabatin-est-un-crime-qui-reflete-lampleur-du-terrorisme-de-lennemi-sioniste\/#primaryimage\",\"url\":\"https:\/\/ismfrance.org\/wp-content\/uploads\/2022\/04\/ghada.jpg\",\"contentUrl\":\"https:\/\/ismfrance.org\/wp-content\/uploads\/2022\/04\/ghada.jpg\",\"width\":526,\"height\":487},{\"@type\":\"BreadcrumbList\",\"@id\":\"https:\/\/ismfrance.org\/index.php\/2022\/04\/10\/jihad-islamique-lexecution-de-la-palestinienne-ghada-sabatin-est-un-crime-qui-reflete-lampleur-du-terrorisme-de-lennemi-sioniste\/#breadcrumb\",\"itemListElement\":[{\"@type\":\"ListItem\",\"position\":1,\"name\":\"Accueil\",\"item\":\"https:\/\/ismfrance.org\/\"},{\"@type\":\"ListItem\",\"position\":2,\"name\":\"Jihad islamique : l\u2019ex\u00e9cution de la Palestinienne Ghada Sabatin est un crime qui refl\u00e8te l\u2019ampleur du terrorisme de l\u2019ennemi sioniste\"}]},{\"@type\":\"WebSite\",\"@id\":\"https:\/\/ismfrance.org\/#website\",\"url\":\"https:\/\/ismfrance.org\/\",\"name\":\"ISM Palestine France\",\"description\":\"Soutien aux luttes de lib\u00e9ration du peuple palestinien\",\"publisher\":{\"@id\":\"https:\/\/ismfrance.org\/#organization\"},\"potentialAction\":[{\"@type\":\"SearchAction\",\"target\":{\"@type\":\"EntryPoint\",\"urlTemplate\":\"https:\/\/ismfrance.org\/?s={search_term_string}\"},\"query-input\":{\"@type\":\"PropertyValueSpecification\",\"valueRequired\":true,\"valueName\":\"search_term_string\"}}],\"inLanguage\":\"fr-FR\"},{\"@type\":\"Organization\",\"@id\":\"https:\/\/ismfrance.org\/#organization\",\"name\":\"International Solidarity Movement\",\"url\":\"https:\/\/ismfrance.org\/\",\"logo\":{\"@type\":\"ImageObject\",\"inLanguage\":\"fr-FR\",\"@id\":\"https:\/\/ismfrance.org\/#\/schema\/logo\/image\/\",\"url\":\"https:\/\/ismfrance.org\/wp-content\/uploads\/2020\/12\/00.png\",\"contentUrl\":\"https:\/\/ismfrance.org\/wp-content\/uploads\/2020\/12\/00.png\",\"width\":400,\"height\":400,\"caption\":\"International Solidarity Movement\"},\"image\":{\"@id\":\"https:\/\/ismfrance.org\/#\/schema\/logo\/image\/\"},\"sameAs\":[\"https:\/\/x.com\/ISMFRANCE\"]},{\"@type\":\"Person\",\"@id\":\"https:\/\/ismfrance.org\/#\/schema\/person\/3c411eb72adfaae19c0dca1f41fae01d\",\"name\":\"mru_01\",\"image\":{\"@type\":\"ImageObject\",\"inLanguage\":\"fr-FR\",\"@id\":\"https:\/\/secure.gravatar.com\/avatar\/3a0be343b445d2ccc79e87444a294fad2b232e90d2051d0e3cc219e1ecd6a330?s=96&d=mm&r=g\",\"url\":\"https:\/\/secure.gravatar.com\/avatar\/3a0be343b445d2ccc79e87444a294fad2b232e90d2051d0e3cc219e1ecd6a330?s=96&d=mm&r=g\",\"contentUrl\":\"https:\/\/secure.gravatar.com\/avatar\/3a0be343b445d2ccc79e87444a294fad2b232e90d2051d0e3cc219e1ecd6a330?s=96&d=mm&r=g\",\"caption\":\"mru_01\"},\"url\":\"https:\/\/ismfrance.org\/index.php\/author\/admin02\/\"}]}<\/script>\n<!-- \/ Yoast SEO plugin. -->","yoast_head_json":{"title":"Jihad islamique : l\u2019ex\u00e9cution de la Palestinienne Ghada Sabatin est un crime qui refl\u00e8te l\u2019ampleur du terrorisme de l\u2019ennemi sioniste - International Solidarity Movement - ISM-France","robots":{"index":"index","follow":"follow","max-snippet":"max-snippet:-1","max-image-preview":"max-image-preview:large","max-video-preview":"max-video-preview:-1"},"canonical":"https:\/\/ismfrance.org\/index.php\/2022\/04\/10\/jihad-islamique-lexecution-de-la-palestinienne-ghada-sabatin-est-un-crime-qui-reflete-lampleur-du-terrorisme-de-lennemi-sioniste\/","og_locale":"fr_FR","og_type":"article","og_title":"Jihad islamique : l\u2019ex\u00e9cution de la Palestinienne Ghada Sabatin est un crime qui refl\u00e8te l\u2019ampleur du terrorisme de l\u2019ennemi sioniste - International Solidarity Movement - ISM-France","og_description":"Paltoday.ps, 10 avril 2022. Le Jihad islamique en Palestine a condamn\u00e9 l\u2019ex\u00e9cution de Ghada Ibrahim Sabatin, 47 ans, du village de Housan, \u00e0 l\u2019ouest de Bethl\u00e9em, et l\u2019a laiss\u00e9e se Lire la suite &rarr;","og_url":"https:\/\/ismfrance.org\/index.php\/2022\/04\/10\/jihad-islamique-lexecution-de-la-palestinienne-ghada-sabatin-est-un-crime-qui-reflete-lampleur-du-terrorisme-de-lennemi-sioniste\/","og_site_name":"International Solidarity Movement - ISM-France","article_published_time":"2022-04-10T14:28:50+00:00","article_modified_time":"2022-04-10T14:29:55+00:00","og_image":[{"width":526,"height":487,"url":"https:\/\/ismfrance.org\/wp-content\/uploads\/2022\/04\/ghada.jpg","type":"image\/jpeg"}],"author":"mru_01","twitter_card":"summary_large_image","twitter_creator":"@ISMFRANCE","twitter_site":"@ISMFRANCE","twitter_misc":{"\u00c9crit par":"mru_01","Dur\u00e9e de lecture estim\u00e9e":"2 minutes"},"schema":{"@context":"https:\/\/schema.org","@graph":[{"@type":"Article","@id":"https:\/\/ismfrance.org\/index.php\/2022\/04\/10\/jihad-islamique-lexecution-de-la-palestinienne-ghada-sabatin-est-un-crime-qui-reflete-lampleur-du-terrorisme-de-lennemi-sioniste\/#article","isPartOf":{"@id":"https:\/\/ismfrance.org\/index.php\/2022\/04\/10\/jihad-islamique-lexecution-de-la-palestinienne-ghada-sabatin-est-un-crime-qui-reflete-lampleur-du-terrorisme-de-lennemi-sioniste\/"},"author":{"name":"mru_01","@id":"https:\/\/ismfrance.org\/#\/schema\/person\/3c411eb72adfaae19c0dca1f41fae01d"},"headline":"Jihad islamique : l\u2019ex\u00e9cution de la Palestinienne Ghada Sabatin est un crime qui refl\u00e8te l\u2019ampleur du terrorisme de l\u2019ennemi sioniste","datePublished":"2022-04-10T14:28:50+00:00","dateModified":"2022-04-10T14:29:55+00:00","mainEntityOfPage":{"@id":"https:\/\/ismfrance.org\/index.php\/2022\/04\/10\/jihad-islamique-lexecution-de-la-palestinienne-ghada-sabatin-est-un-crime-qui-reflete-lampleur-du-terrorisme-de-lennemi-sioniste\/"},"wordCount":371,"publisher":{"@id":"https:\/\/ismfrance.org\/#organization"},"image":{"@id":"https:\/\/ismfrance.org\/index.php\/2022\/04\/10\/jihad-islamique-lexecution-de-la-palestinienne-ghada-sabatin-est-un-crime-qui-reflete-lampleur-du-terrorisme-de-lennemi-sioniste\/#primaryimage"},"thumbnailUrl":"https:\/\/ismfrance.org\/wp-content\/uploads\/2022\/04\/ghada.jpg","keywords":["Assassinats"],"articleSection":["Articles","Communiqu\u00e9s"],"inLanguage":"fr-FR"},{"@type":"WebPage","@id":"https:\/\/ismfrance.org\/index.php\/2022\/04\/10\/jihad-islamique-lexecution-de-la-palestinienne-ghada-sabatin-est-un-crime-qui-reflete-lampleur-du-terrorisme-de-lennemi-sioniste\/","url":"https:\/\/ismfrance.org\/index.php\/2022\/04\/10\/jihad-islamique-lexecution-de-la-palestinienne-ghada-sabatin-est-un-crime-qui-reflete-lampleur-du-terrorisme-de-lennemi-sioniste\/","name":"Jihad islamique : l\u2019ex\u00e9cution de la Palestinienne Ghada Sabatin est un crime qui refl\u00e8te l\u2019ampleur du terrorisme de l\u2019ennemi sioniste - International Solidarity Movement - ISM-France","isPartOf":{"@id":"https:\/\/ismfrance.org\/#website"},"primaryImageOfPage":{"@id":"https:\/\/ismfrance.org\/index.php\/2022\/04\/10\/jihad-islamique-lexecution-de-la-palestinienne-ghada-sabatin-est-un-crime-qui-reflete-lampleur-du-terrorisme-de-lennemi-sioniste\/#primaryimage"},"image":{"@id":"https:\/\/ismfrance.org\/index.php\/2022\/04\/10\/jihad-islamique-lexecution-de-la-palestinienne-ghada-sabatin-est-un-crime-qui-reflete-lampleur-du-terrorisme-de-lennemi-sioniste\/#primaryimage"},"thumbnailUrl":"https:\/\/ismfrance.org\/wp-content\/uploads\/2022\/04\/ghada.jpg","datePublished":"2022-04-10T14:28:50+00:00","dateModified":"2022-04-10T14:29:55+00:00","breadcrumb":{"@id":"https:\/\/ismfrance.org\/index.php\/2022\/04\/10\/jihad-islamique-lexecution-de-la-palestinienne-ghada-sabatin-est-un-crime-qui-reflete-lampleur-du-terrorisme-de-lennemi-sioniste\/#breadcrumb"},"inLanguage":"fr-FR","potentialAction":[{"@type":"ReadAction","target":["https:\/\/ismfrance.org\/index.php\/2022\/04\/10\/jihad-islamique-lexecution-de-la-palestinienne-ghada-sabatin-est-un-crime-qui-reflete-lampleur-du-terrorisme-de-lennemi-sioniste\/"]}]},{"@type":"ImageObject","inLanguage":"fr-FR","@id":"https:\/\/ismfrance.org\/index.php\/2022\/04\/10\/jihad-islamique-lexecution-de-la-palestinienne-ghada-sabatin-est-un-crime-qui-reflete-lampleur-du-terrorisme-de-lennemi-sioniste\/#primaryimage","url":"https:\/\/ismfrance.org\/wp-content\/uploads\/2022\/04\/ghada.jpg","contentUrl":"https:\/\/ismfrance.org\/wp-content\/uploads\/2022\/04\/ghada.jpg","width":526,"height":487},{"@type":"BreadcrumbList","@id":"https:\/\/ismfrance.org\/index.php\/2022\/04\/10\/jihad-islamique-lexecution-de-la-palestinienne-ghada-sabatin-est-un-crime-qui-reflete-lampleur-du-terrorisme-de-lennemi-sioniste\/#breadcrumb","itemListElement":[{"@type":"ListItem","position":1,"name":"Accueil","item":"https:\/\/ismfrance.org\/"},{"@type":"ListItem","position":2,"name":"Jihad islamique : l\u2019ex\u00e9cution de la Palestinienne Ghada Sabatin est un crime qui refl\u00e8te l\u2019ampleur du terrorisme de l\u2019ennemi sioniste"}]},{"@type":"WebSite","@id":"https:\/\/ismfrance.org\/#website","url":"https:\/\/ismfrance.org\/","name":"ISM Palestine France","description":"Soutien aux luttes de lib\u00e9ration du peuple palestinien","publisher":{"@id":"https:\/\/ismfrance.org\/#organization"},"potentialAction":[{"@type":"SearchAction","target":{"@type":"EntryPoint","urlTemplate":"https:\/\/ismfrance.org\/?s={search_term_string}"},"query-input":{"@type":"PropertyValueSpecification","valueRequired":true,"valueName":"search_term_string"}}],"inLanguage":"fr-FR"},{"@type":"Organization","@id":"https:\/\/ismfrance.org\/#organization","name":"International Solidarity Movement","url":"https:\/\/ismfrance.org\/","logo":{"@type":"ImageObject","inLanguage":"fr-FR","@id":"https:\/\/ismfrance.org\/#\/schema\/logo\/image\/","url":"https:\/\/ismfrance.org\/wp-content\/uploads\/2020\/12\/00.png","contentUrl":"https:\/\/ismfrance.org\/wp-content\/uploads\/2020\/12\/00.png","width":400,"height":400,"caption":"International Solidarity Movement"},"image":{"@id":"https:\/\/ismfrance.org\/#\/schema\/logo\/image\/"},"sameAs":["https:\/\/x.com\/ISMFRANCE"]},{"@type":"Person","@id":"https:\/\/ismfrance.org\/#\/schema\/person\/3c411eb72adfaae19c0dca1f41fae01d","name":"mru_01","image":{"@type":"ImageObject","inLanguage":"fr-FR","@id":"https:\/\/secure.gravatar.com\/avatar\/3a0be343b445d2ccc79e87444a294fad2b232e90d2051d0e3cc219e1ecd6a330?s=96&d=mm&r=g","url":"https:\/\/secure.gravatar.com\/avatar\/3a0be343b445d2ccc79e87444a294fad2b232e90d2051d0e3cc219e1ecd6a330?s=96&d=mm&r=g","contentUrl":"https:\/\/secure.gravatar.com\/avatar\/3a0be343b445d2ccc79e87444a294fad2b232e90d2051d0e3cc219e1ecd6a330?s=96&d=mm&r=g","caption":"mru_01"},"url":"https:\/\/ismfrance.org\/index.php\/author\/admin02\/"}]}},"_links":{"self":[{"href":"https:\/\/ismfrance.org\/index.php\/wp-json\/wp\/v2\/posts\/2325","targetHints":{"allow":["GET"]}}],"collection":[{"href":"https:\/\/ismfrance.org\/index.php\/wp-json\/wp\/v2\/posts"}],"about":[{"href":"https:\/\/ismfrance.org\/index.php\/wp-json\/wp\/v2\/types\/post"}],"author":[{"embeddable":true,"href":"https:\/\/ismfrance.org\/index.php\/wp-json\/wp\/v2\/users\/3"}],"replies":[{"embeddable":true,"href":"https:\/\/ismfrance.org\/index.php\/wp-json\/wp\/v2\/comments?post=2325"}],"version-history":[{"count":0,"href":"https:\/\/ismfrance.org\/index.php\/wp-json\/wp\/v2\/posts\/2325\/revisions"}],"wp:featuredmedia":[{"embeddable":true,"href":"https:\/\/ismfrance.org\/index.php\/wp-json\/wp\/v2\/media\/2326"}],"wp:attachment":[{"href":"https:\/\/ismfrance.org\/index.php\/wp-json\/wp\/v2\/media?parent=2325"}],"wp:term":[{"taxonomy":"category","embeddable":true,"href":"https:\/\/ismfrance.org\/index.php\/wp-json\/wp\/v2\/categories?post=2325"},{"taxonomy":"post_tag","embeddable":true,"href":"https:\/\/ismfrance.org\/index.php\/wp-json\/wp\/v2\/tags?post=2325"}],"curies":[{"name":"wp","href":"https:\/\/api.w.org\/{rel}","templated":true}]}}