{"id":22157,"date":"2025-07-24T11:22:57","date_gmt":"2025-07-24T09:22:57","guid":{"rendered":"https:\/\/ismfrance.org\/?p=22157"},"modified":"2025-07-25T11:26:43","modified_gmt":"2025-07-25T09:26:43","slug":"temoignages-de-gazaouis-la-survie-qui-sorganise-au-jour-le-jour-dans-lenfer-de-gaza-partie-471-23-juillet-israel-deracine-et-assassine-jusqua-l","status":"publish","type":"post","link":"https:\/\/ismfrance.org\/index.php\/2025\/07\/24\/temoignages-de-gazaouis-la-survie-qui-sorganise-au-jour-le-jour-dans-lenfer-de-gaza-partie-471-23-juillet-israel-deracine-et-assassine-jusqua-l\/","title":{"rendered":"T\u00e9moignages de Gazaouis : La survie qui s\u2019organise au jour le jour dans l\u2019enfer de Gaza \u2013 partie 471 \/ 23 juillet \u2013\u00a0Isra\u00ebl d\u00e9racine et assassine, jusqu\u2019\u00e0 l\u2019enfance"},"content":{"rendered":"<p align=\"LEFT\"><span style=\"color: #000000;\"><span style=\"font-family: Arial, sans-serif;\"><span style=\"font-size: medium;\"><strong>Brigitte Challande, 24 juillet 2025<\/strong>. Le 23 juillet, Abu Amir \u00e9crit\u00a0: les ceintures de feu, un incendie qui ne s\u2019\u00e9teint ni sur les corps ni dans les c\u0153urs des enfants. Le silence est une complicit\u00e9\u00a0!<\/span><\/span><\/span><\/p>\n<p align=\"LEFT\"><span style=\"color: #000000;\"><span style=\"font-family: Arial, sans-serif;\"><span style=\"font-size: medium;\">\u00ab\u00a0Quand les villes ferment leurs portes \u00e0 la tomb\u00e9e de la nuit, les habitants de Gaza ouvrent les yeux sur un enfer sans fin. Ailleurs dans le monde, les enfants s\u2019endorment berc\u00e9s par des contes de f\u00e9es et des r\u00eaves color\u00e9s, alors qu\u2019ici, ils s\u2019endorment au son des bombardements et se r\u00e9veillent sous des pluies de feu tombant du ciel. Ce n\u2019est ni une guerre \u00e9clair, ni une vague passag\u00e8re de violence \u2013 c\u2019est une vie enti\u00e8re redessin\u00e9e sous le poids des flammes, o\u00f9 la peur devient une routine quotidienne, et o\u00f9 le bruit des avions devient aussi familier que les battements du c\u0153ur.<\/span><\/span><\/span><\/p>\n<div id=\"attachment_22160\" style=\"width: 610px\" class=\"wp-caption aligncenter\"><a href=\"https:\/\/ismfrance.org\/wp-content\/uploads\/2025\/07\/enfant1.jpeg\"><img loading=\"lazy\" decoding=\"async\" aria-describedby=\"caption-attachment-22160\" class=\"wp-image-22160 size-large\" src=\"https:\/\/ismfrance.org\/wp-content\/uploads\/2025\/07\/enfant1-700x524.jpeg\" alt=\"\" width=\"600\" height=\"449\" srcset=\"https:\/\/ismfrance.org\/wp-content\/uploads\/2025\/07\/enfant1-700x524.jpeg 700w, https:\/\/ismfrance.org\/wp-content\/uploads\/2025\/07\/enfant1-300x225.jpeg 300w, https:\/\/ismfrance.org\/wp-content\/uploads\/2025\/07\/enfant1-768x575.jpeg 768w, https:\/\/ismfrance.org\/wp-content\/uploads\/2025\/07\/enfant1-350x263.jpeg 350w, https:\/\/ismfrance.org\/wp-content\/uploads\/2025\/07\/enfant1.jpeg 1080w\" sizes=\"auto, (max-width: 600px) 100vw, 600px\" \/><\/a><p id=\"caption-attachment-22160\" class=\"wp-caption-text\"><em><strong> Abdul Kader al Fayoumi est mort de faim.<\/strong><\/em><\/p><\/div>\n<p align=\"LEFT\"><span style=\"color: #000000;\"><span style=\"font-family: Arial, sans-serif;\"><span style=\"font-size: medium;\">Ici, rien ne se construit\u2026 tout s\u2019effondre : les maisons, les \u00e9coles, les \u00e2mes, et l\u2019enfance. Les ceintures de feu largu\u00e9es par les avions de l\u2019occupation ne sont pas de simples bombes, mais des fouets de feu d\u00e9chirant le ciel, transper\u00e7ant les murs des maisons et des tentes, d\u00e9clenchant les cris des enfants qui fuient leur sommeil pour se r\u00e9fugier dans les bras de leurs m\u00e8res. Il n\u2019y a pas de temps pour comprendre, ni pour poser des questions \u2013 seulement des cris, de la panique, et de petits corps tremblants sous les couvertures.<\/span><\/span><\/span><\/p>\n<p align=\"LEFT\"><span style=\"color: #000000;\"><span style=\"font-family: Arial, sans-serif;\"><span style=\"font-size: medium;\">Ce n\u2019est pas un r\u00e9cit imaginaire, ni une sc\u00e8ne dramatique tir\u00e9e d\u2019un film de guerre. C\u2019est une r\u00e9alit\u00e9 qui se r\u00e9p\u00e8te chaque nuit, sous un silence mondial assourdissant. Et quiconque lit ces mots sans en ressentir le poids devrait se demander : combien d\u2019enfants doivent encore crier pour que nous nous r\u00e9veillions ? Combien de bombes doivent tomber avant que nous agissions ?<\/span><\/span><\/span><\/p>\n<p align=\"LEFT\"><strong><span style=\"color: #000000;\"><span style=\"font-family: Arial, sans-serif;\"><span style=\"font-size: large;\">Une panique qui d\u00e9racine l\u2019enfance<\/span><\/span><\/span><\/strong><\/p>\n<p align=\"LEFT\"><span style=\"color: #000000;\"><span style=\"font-family: Arial, sans-serif;\"><span style=\"font-size: medium;\">Lors de l\u2019une de ces nuits sans nom \u2013 car toutes les nuits ne forment plus qu\u2019une seule \u2013, une petite fille s\u2019est r\u00e9veill\u00e9e, criant de terreur. Elle croyait que leur maison br\u00fblait, que le ciel s\u2019effondrait. Les bombes d\u00e9chiraient l\u2019air, et les ceintures de feu illuminaient l\u2019obscurit\u00e9 de flammes d\u00e9vastatrices. En larmes, elle courut vers sa m\u00e8re, s\u2019agrippant \u00e0 sa taille de ses bras fr\u00eales, enfouissant son visage dans sa poitrine comme pour s\u2019abriter du monde entier. Et sa m\u00e8re\u2026 n\u2019\u00e9tait qu\u2019une femme essayant de ne pas s\u2019effondrer, de peur que son enfant ne s\u2019effondre entre ses bras. Voil\u00e0 ce que m\u2019a racont\u00e9 une m\u00e8re dans le camp d\u2019Al-Fajr, alors que je passais entre les tentes. Cette sc\u00e8ne ne se produit pas une seule fois\u2026 mais des centaines de fois en une seule nuit. Les bombardements ne cessent pas, les sons de la peur ne s\u2019arr\u00eatent jamais. Que dire alors de ceux qui n\u2019ont m\u00eame pas de murs, de ceux qui dorment sous des tentes d\u00e9j\u00e0 fissur\u00e9es par la pluie, que dire d\u2019elles sous les bombes ? Et que dire de ceux qui ont dormi sous les d\u00e9combres d\u2019une maison bombard\u00e9e, et dont les alentours sont vis\u00e9s \u00e0 nouveau aujourd\u2019hui ? Ce dont nous parlons ici, ce n\u2019est pas une sc\u00e8ne temporaire \u2013 mais d\u2019une vie enti\u00e8re devenue un enfer permanent, d\u2019une enfance assassin\u00e9e chaque nuit sous les yeux du monde.<\/span><\/span><\/span><\/p>\n<p align=\"LEFT\"><strong><span style=\"color: #000000;\"><span style=\"font-family: Arial, sans-serif;\"><span style=\"font-size: large;\">Pas de lignes rouges\u2026 Tout le monde est sous le feu<\/span><\/span><\/span><\/strong><\/p>\n<p align=\"LEFT\"><span style=\"color: #000000;\"><span style=\"font-family: Arial, sans-serif;\"><span style=\"font-size: medium;\">Les avions de l\u2019occupation ne cherchent pas des cibles, mais des vies \u00e0 \u00e9teindre, une s\u00e9curit\u00e9 \u00e0 transformer en illusion. Ils ne distinguent pas entre le corps d\u2019un r\u00e9sistant et celui d\u2019un nourrisson, entre une maison habit\u00e9e et un abri bond\u00e9, entre une rue r\u00e9sidentielle et une ambulance. Le feu tombe sur tous, sur les vivants comme sur les morts \u00e0 peine ensevelis. Les ceintures de feu, par leur pluie continue de flammes, s\u00e8ment la terreur dans les \u00e2mes des enfants, paralysent les c\u0153urs de leurs m\u00e8res, et d\u00e9truisent tout ce que l\u2019on croyait \u00eatre un refuge.<\/span><\/span><\/span><\/p>\n<p align=\"LEFT\"><span style=\"color: #000000;\"><span style=\"font-family: Arial, sans-serif;\"><span style=\"font-size: medium;\">\u00c0 chaque bombardement d\u2019un quartier, ce ne sont pas des bilans militaires qu\u2019on ouvre, mais les portes des cimeti\u00e8res ; les lits se retournent sur les enfants qui y dormaient, et des m\u00e8res sont arrach\u00e9es des d\u00e9combres en hurlant, non pour la perte de leur maison, mais pour celle d\u2019un morceau de leur c\u0153ur qui dormait dans un coin. Il n\u2019y a ici aucun lieu s\u00fbr : ni maison, ni \u00e9cole, ni h\u00f4pital, ni tente. Le ciel ne pardonne pas, et la terre n\u2019a plus de place.<\/span><\/span><\/span><\/p>\n<p align=\"LEFT\"><span style=\"color: #000000;\"><span style=\"font-family: Arial, sans-serif;\"><span style=\"font-size: medium;\">L\u2019injustice ne r\u00e9side pas uniquement dans les bombardements, mais dans le fait que l\u2019on s\u2019y habitue. Qu\u2019un enfant s\u2019habitue \u00e0 porter un linceul comme d\u2019autres portent un cartable. Que les pleurs des enfants au son des bombes deviennent une sc\u00e8ne \u00ab\u00a0normale\u00a0\u00bb, sans \u00e9tonner personne, ni susciter la moindre compassion. Que les sir\u00e8nes deviennent comme une berceuse du soir, et que se cacher sous une table devienne un rituel nocturne. Qu\u2019on demande \u00e0 la victime de se taire pour ne pas d\u00e9ranger son bourreau, et de convaincre le monde de son humanit\u00e9 pour que son sang m\u00e9rite d\u2019\u00eatre mentionn\u00e9.<\/span><\/span><\/span><\/p>\n<p align=\"LEFT\"><a href=\"https:\/\/ismfrance.org\/wp-content\/uploads\/2025\/07\/enfant2.jpeg\"><img loading=\"lazy\" decoding=\"async\" class=\"size-large wp-image-22161 aligncenter\" src=\"https:\/\/ismfrance.org\/wp-content\/uploads\/2025\/07\/enfant2-700x467.jpeg\" alt=\"\" width=\"600\" height=\"400\" srcset=\"https:\/\/ismfrance.org\/wp-content\/uploads\/2025\/07\/enfant2-700x467.jpeg 700w, https:\/\/ismfrance.org\/wp-content\/uploads\/2025\/07\/enfant2-300x200.jpeg 300w, https:\/\/ismfrance.org\/wp-content\/uploads\/2025\/07\/enfant2.jpeg 720w\" sizes=\"auto, (max-width: 600px) 100vw, 600px\" \/><\/a><span style=\"color: #000000;\"><span style=\"font-family: Arial, sans-serif;\"><span style=\"font-size: medium;\">Ici, il n\u2019y a pas de lignes rouges : tout sang est permis. Aucun droit international respect\u00e9, aucun accord honor\u00e9, aucune institution protectrice. Tout d\u00e9pend du caprice d\u2019un avion qui d\u00e9cide qui vivra et qui sera enterr\u00e9. Les ceintures de feu redessinent le quartier non selon une logique militaire, mais une logique d\u2019extermination silencieuse : destruction d\u00e9lib\u00e9r\u00e9e des foyers, des souvenirs, des familles, et de toute foi en la vie. Ainsi, la peur devient la langue maternelle, la terreur la premi\u00e8re le\u00e7on de l\u2019enfance, et le silence le seul refuge pour un peuple dont l\u2019\u00e2me est broy\u00e9e chaque jour sous les chenilles de l\u2019indiff\u00e9rence.<\/span><\/span><\/span><\/p>\n<p align=\"LEFT\"><strong><span style=\"color: #000000;\"><span style=\"font-family: Arial, sans-serif;\"><span style=\"font-size: large;\">Des cicatrices ind\u00e9l\u00e9biles, m\u00eame apr\u00e8s le silence des bombes<\/span><\/span><\/span><\/strong><\/p>\n<p align=\"LEFT\"><span style=\"color: #000000;\"><span style=\"font-family: Arial, sans-serif;\"><span style=\"font-size: medium;\">Chaque nuit laisse une marque ind\u00e9l\u00e9bile. L\u2019enfant qui se r\u00e9veille en hurlant \u00e0 chaque cauchemar ne pourra jamais oublier. La fillette qui s\u2019accroche \u00e0 sa m\u00e8re toute la nuit ne redeviendra jamais la m\u00eame. M\u00eame si les avions se taisent un instant, les blessures psychologiques restent profondes, impossibles \u00e0 soigner. Troubles du sommeil, peur des bruits, perte de toute sensation de s\u00e9curit\u00e9, effondrement de la confiance en la vie elle-m\u00eame \u2014 autant de blessures invisibles qui rongent l\u2019enfance de l\u2019int\u00e9rieur.<\/span><\/span><\/span><\/p>\n<p align=\"LEFT\"><span style=\"color: #000000;\"><span style=\"font-family: Arial, sans-serif;\"><span style=\"font-size: medium;\">Une psychologue de nos \u00e9quipes t\u00e9moigne :<br \/>\n<i>\u00ab Le plus douloureux, c\u2019est que lorsqu\u2019un enfant entend le bruit d\u2019un avion, il ne demande pas \u201cqu\u2019est-ce que c\u2019est ?\u201d, mais \u201callons-nous mourir maintenant ?\u201d<\/i><b> \u00bb<\/b><\/span><\/span><\/span><\/p>\n<p align=\"LEFT\"><strong><span style=\"color: #000000;\"><span style=\"font-family: Arial, sans-serif;\"><span style=\"font-size: large;\">Votre silence est une complicit\u00e9 dans la souffrance<\/span><\/span><\/span><\/strong><\/p>\n<p align=\"LEFT\"><span style=\"color: #000000;\"><span style=\"font-family: Arial, sans-serif;\"><span style=\"font-size: medium;\">Si ce texte ne vous touche pas, alors quelque chose s\u2019est bris\u00e9 en vous. Car ces enfants ne meurent pas seulement sous les bombes, mais aussi sous le silence du monde, sous la froideur des \u00e9crans, sous le d\u00e9filement banal de l\u2019information sans frisson dans le c\u0153ur. Ces ceintures de feu qui s\u2019abattent chaque nuit sur leurs \u00e2mes ne s\u2019\u00e9teindront que lorsqu\u2019elles embraseront la conscience de ceux qui lisent.<\/span><\/span><\/span><\/p>\n<p align=\"LEFT\"><strong><span style=\"color: #000000;\"><span style=\"font-family: Arial, sans-serif;\"><span style=\"font-size: large;\">Nous ne demandons pas grand-chose<\/span><\/span><\/span><\/strong><\/p>\n<p align=\"LEFT\"><span style=\"color: #000000;\"><span style=\"font-family: Arial, sans-serif;\"><span style=\"font-size: medium;\">Nous ne voulons ni conf\u00e9rences, ni communiqu\u00e9s de condamnation. Nous n\u2019attendons pas de longs discours sur la \u00ab situation humanitaire \u00bb en langage froid et neutre. Nous voulons seulement que le monde ouvre les yeux sur une v\u00e9rit\u00e9 ensevelie sous les d\u00e9combres chaque nuit. Nous voulons que vous sachiez \u2014 simplement que vous sachiez \u2014 ce que signifie grandir en se cachant des bombardements, apprendre les noms des avions avant d\u2019apprendre l\u2019alphabet, vivre chaque nuit comme si c\u2019\u00e9tait la derni\u00e8re.<\/span><\/span><\/span><\/p>\n<p align=\"LEFT\"><span style=\"color: #000000;\"><span style=\"font-family: Arial, sans-serif;\"><span style=\"font-size: medium;\">Nous voulons que vous voyiez, ne serait-ce qu\u2019un instant, comment un enfant se colle \u00e0 sa m\u00e8re dans le noir, tremblant non pas de froid mais du bruit d\u2019un avion, se r\u00e9fugiant dans ses bras comme s\u2019il implorait d\u2019\u00e9chapper \u00e0 une mort qu\u2019il ne voit pas, mais dont il sent d\u00e9j\u00e0 l\u2019ombre approcher. Nous voulons que vous imaginiez le son des cris d\u2019enfants dans le silence nocturne, ce silence bris\u00e9 uniquement par les explosions, le verre \u00e9clat\u00e9, et l\u2019\u00e9cho des \u00e2mes arrach\u00e9es sans avertissement.<\/span><\/span><\/span><\/p>\n<p align=\"LEFT\"><span style=\"color: #000000;\"><span style=\"font-family: Arial, sans-serif;\"><span style=\"font-size: medium;\">Nous ne demandons pas des miracles. Nous r\u00e9clamons simplement un droit \u00e9l\u00e9mentaire, qui para\u00eet insignifiant \u00e0 ceux qui le poss\u00e8dent : le droit de vivre. \u00catre trait\u00e9s comme des \u00eatres humains. Que nos enfants dorment la nuit sans que le ciel ne s\u2019embrase au-dessus de leurs t\u00eates. Que nous n\u2019ayons plus peur de la nuit, ni de la lumi\u00e8re, ni de l\u2019ombre, ni du silence. Nous voulons \u00e9lever nos enfants dans leurs r\u00eaves, pas dans leur peur. Que l\u2019enfance ait une place \u00e0 Gaza, au lieu d\u2019\u00eatre pi\u00e9g\u00e9e entre la peur et les d\u00e9combres. Ce ne sont pas l\u00e0 de grandes exigences, mais le strict minimum que m\u00e9rite toute humanit\u00e9. Nous ne cherchons pas votre piti\u00e9, mais votre \u00e9veil. Une conscience vivante dans un monde o\u00f9 les cris se multiplient sans plus jamais \u00eatre entendus. Un instant o\u00f9 l\u2019on se met \u00e0 la place d\u2019un enfant \u00e0 Gaza, pour ressentir, ne serait-ce qu\u2019un instant, toute la douleur qu\u2019il traverse avant que le matin n\u2019arrive.<\/span><\/span><\/span><\/p>\n<p align=\"LEFT\"><strong><span style=\"color: #000000;\"><span style=\"font-family: Arial, sans-serif;\"><span style=\"font-size: medium;\">Le cri de nos enfants dit tout\u00a0: \u00ab Laissez-nous vivre, juste vivre en paix. \u00bb<\/span><\/span><\/span><\/strong><\/p>\n<p align=\"LEFT\"><span style=\"color: #000000;\"><span style=\"font-family: Arial, sans-serif;\"><span style=\"font-size: medium;\">Cette phrase n\u2019est pas une supplique, mais un t\u00e9moignage d\u2019un si\u00e8cle d\u2019injustice, une plaie ouverte que le silence ne peut gu\u00e9rir.\u00a0\u00bb<\/span><\/span><\/span><\/p>\n<p align=\"LEFT\"><a href=\"https:\/\/ismfrance.org\/wp-content\/uploads\/2025\/07\/destructions.jpeg.jpg\"><img loading=\"lazy\" decoding=\"async\" class=\"alignnone size-large wp-image-22162\" src=\"https:\/\/ismfrance.org\/wp-content\/uploads\/2025\/07\/destructions.jpeg-700x413.jpg\" alt=\"\" width=\"600\" height=\"354\" srcset=\"https:\/\/ismfrance.org\/wp-content\/uploads\/2025\/07\/destructions.jpeg-700x413.jpg 700w, https:\/\/ismfrance.org\/wp-content\/uploads\/2025\/07\/destructions.jpeg-300x177.jpg 300w, https:\/\/ismfrance.org\/wp-content\/uploads\/2025\/07\/destructions.jpeg-768x453.jpg 768w, https:\/\/ismfrance.org\/wp-content\/uploads\/2025\/07\/destructions.jpeg-1320x779.jpg 1320w, https:\/\/ismfrance.org\/wp-content\/uploads\/2025\/07\/destructions.jpeg.jpg 1349w\" sizes=\"auto, (max-width: 600px) 100vw, 600px\" \/><\/a><\/p>\n<hr \/>\n<p align=\"LEFT\"><strong>Retrouvez l\u2019ensemble des t\u00e9moignages d\u2019Abu Amir et Marsel :<\/strong><\/p>\n<p>*<strong>Abu Amir Mutasem Ele\u00efwa<\/strong>\u00a0est coordinateur des Projets paysans depuis 2016 au sud de la bande de Gaza et correspondant de l\u2019Union Juive Fran\u00e7aise pour la Paix.<\/p>\n<p>*<strong>Marsel Alledawi<\/strong>\u00a0est responsable du Centre Ibn Sina du nord de la bande de Gaza, centre qui se consacre au suivi \u00e9ducatif et psychologique de l\u2019enfance.<\/p>\n<p>Tous les deux sont soutenus par l\u2019UJFP en France.<\/p>\n<pre><strong><em>Cliquez ici pour consulter les\u00a0<a href=\"https:\/\/ismfrance.org\/index.php\/temoignages-gazaouis-survie-enfer-gaza-1\/\" target=\"_blank\" rel=\"noopener\">T\u00e9moignages du 20 novembre 2023 au 5 janvier 2025 (partie 1 \u00e0 268)<\/a><\/em><\/strong>\r\n\r\n<em><strong>Cliquez ici pour consulter les <a href=\"https:\/\/ismfrance.org\/index.php\/2025\/05\/11\/temoignages-de-gazaouis-la-survie-qui-sorganise-au-jour-le-jour-dans-lenfer-de-gaza-recapitulatif-du-5-janvier-au-9-mai-2025-partie-269-a-392\/\">T\u00e9moignages du 5 janvier au 9 mai 2025 (partie 269 \u00e0 392)<\/a><\/strong><\/em><\/pre>\n<p><a href=\"https:\/\/ismfrance.org\/index.php\/2025\/05\/11\/temoignages-de-gazaouis-la-survie-qui-sorganise-au-jour-le-jour-dans-lenfer-de-gaza-partie-393-10-mai-histoires-dexil-et-de-patience-atel\/\">Partie 393<\/a>\u00a0: 10 mai.\u00a0<a href=\"https:\/\/ismfrance.org\/index.php\/2025\/05\/12\/temoignages-de-gazaouis-la-survie-qui-sorganise-au-jour-le-jour-dans-lenfer-de-gaza-partie-394-11-mai-gaza-sous-la-faim-et-le-feu-famine-lente-et-mort\/\">Partie 394<\/a>\u00a0: 11 mai.\u00a0<a href=\"https:\/\/ismfrance.org\/index.php\/2025\/05\/13\/temoignages-de-gazaouis-la-survie-qui-sorganise-au-jour-le-jour-dans-lenfer-de-gaza-partie-395-11-mai-1-les-femmes-de-gaza-nourrissent-la-faim-par-la-p\/\">Partie 395<\/a>\u00a0: 11 mai (1).\u00a0<a href=\"https:\/\/ismfrance.org\/index.php\/2025\/05\/13\/temoignages-de-gazaouis-la-survie-qui-sorganise-au-jour-le-jour-dans-lenfer-de-gaza-partie-396-12-mai-la-nuit-a-gaza\/\">Partie 396<\/a>\u00a0: 12 mai.\u00a0<a href=\"https:\/\/ismfrance.org\/index.php\/2025\/05\/14\/temoignages-de-gazaouis-la-survie-qui-sorganise-au-jour-le-jour-dans-lenfer-de-gaza-partie-397-13-mai-distribution-de-vetements-aux-enfants-des-agriculte\/\">Partie 397<\/a>\u00a0: 13 mai.\u00a0<a href=\"https:\/\/ismfrance.org\/index.php\/2025\/05\/15\/temoignages-de-gazaouis-la-survie-qui-sorganise-au-jour-le-jour-dans-lenfer-de-gaza-partie-398-14-mai-fracture-du-gouvernement-israelien-escalade-des-ma\/\">Partie 398<\/a>\u00a0: 14 mai.\u00a0<a href=\"https:\/\/ismfrance.org\/index.php\/2025\/05\/16\/temoignages-de-gazaouis-la-survie-qui-sorganise-au-jour-le-jour-dans-lenfer-de-gaza-partie-399-15-mai-soutien-psychologique-seances-sur-la-malnutrition-dans-les-camp\/\">Partie 399<\/a>\u00a0: 15 mai.\u00a0<a href=\"https:\/\/ismfrance.org\/index.php\/2025\/05\/17\/temoignages-de-gazaouis-la-survie-qui-sorganise-au-jour-le-jour-dans-lenfer-de-gaza-partie-400-16-mai-un-genocide-a-lere-de-limpuissanc\/\">Partie 400<\/a>\u00a0: 16 mai.\u00a0<a href=\"https:\/\/ismfrance.org\/index.php\/2025\/05\/18\/temoignages-de-gazaouis-la-survie-qui-sorganise-au-jour-le-jour-dans-lenfer-de-gaza-partie-401-16-mai-1-face-a-la-rarete-de-la-nourriture-proteger-les\/\">Partie 401<\/a>\u00a0: 16 mai (1).\u00a0<a href=\"https:\/\/ismfrance.org\/index.php\/2025\/05\/19\/temoignages-de-gazaouis-la-survie-qui-sorganise-au-jour-le-jour-dans-lenfer-de-gaza-partie-401-17-mai-gaza-cimetiere-de-lenfance-et-silence-du\/\">Partie 402<\/a>\u00a0: 17 mai.<a href=\"https:\/\/ismfrance.org\/index.php\/2025\/05\/19\/temoignages-de-gazaouis-la-survie-qui-sorganise-au-jour-le-jour-dans-lenfer-de-gaza-partie-403-18-mai-continuite-des-activites-humanitaires-de-l\/\">\u00a0Partie 403<\/a>\u00a0: 18 mai.\u00a0<a href=\"https:\/\/ismfrance.org\/index.php\/2025\/05\/19\/temoignages-de-gazaouis-la-survie-qui-sorganise-au-jour-le-jour-dans-lenfer-de-gaza-partie-404-18-mai-1-escalade-des-massacres-operation-chariots-de\/\">Partie 404<\/a>\u00a0: 18 mai (1).\u00a0<a href=\"https:\/\/ismfrance.org\/index.php\/2025\/05\/20\/temoignages-de-gazaouis-la-survie-qui-sorganise-au-jour-le-jour-dans-lenfer-de-gaza-partie-405-20-mai-gaza-un-scandale-moral-mondial\/\">Partie 405<\/a>\u00a0: 20 mai.\u00a0<a href=\"https:\/\/ismfrance.org\/index.php\/2025\/05\/21\/temoignages-de-gazaouis-la-survie-qui-sorganise-au-jour-le-jour-dans-lenfer-de-gaza-partie-406-21-mai-gaza-sous-les-decombres\/\">Partie 406<\/a>\u00a0: 21 mai.\u00a0<a href=\"https:\/\/ismfrance.org\/index.php\/2025\/05\/22\/temoignages-de-gazaouis-la-survie-qui-sorganise-au-jour-le-jour-dans-lenfer-de-gaza-partie-407-22-mai-gaza-le-cadavre-geopolitique-sur-lequel-saffrontent\/\">Partie 407<\/a>\u00a0: 22 mai.\u00a0<a href=\"https:\/\/ismfrance.org\/index.php\/2025\/05\/23\/20653\/\">Partie 408<\/a>\u00a0: 22 mai (1).\u00a0<a href=\"https:\/\/ismfrance.org\/index.php\/2025\/05\/24\/temoignages-de-gazaouis-la-survie-qui-sorganise-au-jour-le-jour-dans-lenfer-de-gaza-partie-409-23-mai-en-marge-de-de-la-guerre-une-parenthese-de\/\">Partie 409<\/a>\u00a0: 23 mai.\u00a0<a href=\"https:\/\/ismfrance.org\/index.php\/2025\/05\/24\/temoignages-de-gazaouis-la-survie-qui-sorganise-au-jour-le-jour-dans-lenfer-de-gaza-partie-410-24-mai-la-bande-de-gaza-un-champ-de-bataille-entre\/\">Partie 410<\/a>\u00a0: 24 mai.\u00a0<a href=\"https:\/\/ismfrance.org\/index.php\/2025\/05\/25\/temoignages-de-gazaouis-la-survie-qui-sorganise-au-jour-le-jour-dans-lenfer-de-gaza-partie-411-25-mai-paroles-de-femmes-dans-les-ateliers-collectifs-de-s\/\">Partie 411<\/a>\u00a0: 25 mai.\u00a0<a href=\"https:\/\/ismfrance.org\/index.php\/2025\/05\/26\/temoignages-de-gazaouis-la-survie-qui-sorganise-au-jour-le-jour-dans-lenfer-de-gaza-partie-412-25-mai-1-soutien-alimentaire-et-travail-educatif\/\">Partie 412<\/a>\u00a0: 25 mai (1).\u00a0<a href=\"https:\/\/ismfrance.org\/index.php\/2025\/05\/27\/temoignages-de-gazaouis-la-survie-qui-sorganise-au-jour-le-jour-dans-lenfer-de-gaza-partie-413-27-mai-gaza-un-enfer-sans-fin\/\">Partie 413<\/a>\u00a0: 27 mai.<a href=\"https:\/\/ismfrance.org\/index.php\/2025\/05\/28\/temoignages-de-gazaouis-la-survie-qui-sorganise-au-jour-le-jour-dans-lenfer-de-gaza-partie-414-27-mai-1-un-nouveau-scenario-diffuse-par-larmee-israel\/\">\u00a0Partie 414<\/a>\u00a0: 27 mai (1).\u00a0<a href=\"https:\/\/ismfrance.org\/index.php\/2025\/05\/30\/temoignages-de-gazaouis-la-survie-qui-sorganise-au-jour-le-jour-dans-lenfer-de-gaza-partie-415-28-mai-la-famine-a-gaza-une-arme-de-mort-impitoyable\/\">Partie 415<\/a>\u00a0: 28 mai.\u00a0<a href=\"https:\/\/ismfrance.org\/index.php\/2025\/05\/30\/temoignages-de-gazaouis-la-survie-qui-sorganise-au-jour-le-jour-dans-lenfer-de-gaza-partie-416-29-mai-gaza-ne-meurt-pas-elle-resiste-elle-crie-qui-ecoute\/\">Partie 416<\/a>\u00a0: 29 mai.\u00a0<a href=\"https:\/\/ismfrance.org\/index.php\/2025\/05\/31\/temoignages-de-gazaouis-la-survie-qui-sorganise-au-jour-le-jour-dans-lenfer-de-gaza-partie-417-30-mai-comment-vivre-avec-la-peur-au-quotidien-a-gaza\/\">Partie 417<\/a>\u00a0: 30 mai.\u00a0<a href=\"https:\/\/ismfrance.org\/index.php\/2025\/06\/01\/temoignages-de-gazaouis-la-survie-qui-sorganise-au-jour-le-jour-dans-lenfer-de-gaza-partie-418-1er-juin-massacres-a-rafah-et-dans-le-corridor-de-netzarim\/\">Partie 418<\/a>\u00a0: 1er juin.\u00a0<a href=\"https:\/\/ismfrance.org\/index.php\/2025\/06\/02\/temoignages-de-gazaouis-la-survie-qui-sorganise-au-jour-le-jour-dans-lenfer-de-gaza-partie-419-1er-juin-1-temoignage-dune-survivante-du-massac\/\">Partie 419<\/a>\u00a0: 1er juin (1).\u00a0<a href=\"https:\/\/ismfrance.org\/index.php\/2025\/06\/02\/temoignages-de-gazaouis-la-survie-qui-sorganise-au-jour-le-jour-dans-lenfer-de-gaza-partie-420-31-mai-et-2-juin-lespoir-resiste-sous-les-decombre\/\">Partie 420<\/a>\u00a0: 31 mai et 2 juin.\u00a0<a href=\"https:\/\/ismfrance.org\/index.php\/2025\/06\/03\/temoignages-de-gazaouis-la-survie-qui-sorganise-au-jour-le-jour-dans-lenfer-de-gaza-partie-421-2-juin-1-assez-de-silence-sauvons-ce-quil-reste\/\">Partie 421<\/a>\u00a0: 2 juin (1).\u00a0<a href=\"https:\/\/ismfrance.org\/index.php\/2025\/06\/04\/temoignages-de-gazaouis-la-survie-qui-sorganise-au-jour-le-jour-dans-lenfer-de-gaza-partie-422-3-juin-une-catastrophe-silencieuse-menace-les-femmes\/\">Partie 422<\/a>\u00a0: 3 juin.\u00a0<a href=\"https:\/\/ismfrance.org\/index.php\/2025\/06\/05\/temoignages-de-gazaouis-la-survie-qui-sorganise-au-jour-le-jour-dans-lenfer-de-gaza-partie-423-4-juin-quand-la-voix-devient-la-derniere-arme-pour-vivre\/\">Partie 423<\/a>\u00a0: 4 juin.\u00a0<a href=\"https:\/\/ismfrance.org\/index.php\/2025\/06\/06\/temoignages-de-gazaouis-la-survie-qui-sorganise-au-jour-le-jour-dans-lenfer-de-gaza-partie-424-5-juin-l-etouffement-de-lidentite-politique-et\/\">Partie 424<\/a>\u00a0: 5 juin.\u00a0<a href=\"https:\/\/ismfrance.org\/index.php\/2025\/06\/07\/temoignages-de-gazaouis-la-survie-qui-sorganise-au-jour-le-jour-dans-lenfer-de-gaza-partie-425-6-juin-ce-qui-se-passe-a-gaza-interroge-le-droit-internati\/\">Partie 425<\/a>\u00a0: 6 juin.\u00a0<a href=\"https:\/\/ismfrance.org\/index.php\/2025\/06\/08\/temoignages-de-gazaouis-la-survie-qui-sorganise-au-jour-le-jour-dans-lenfer-de-gaza-partie-426-6-juin-1-une-journee-de-joie-arrachee-aux-larmes\/\">Partie 426<\/a>\u00a0: 6 juin (1).\u00a0<a href=\"https:\/\/ismfrance.org\/index.php\/2025\/06\/08\/21083\/\">Partie 427<\/a>\u00a0: 7 juin.\u00a0<a href=\"https:\/\/ismfrance.org\/index.php\/2025\/06\/09\/temoignages-de-gazaouis-la-survie-qui-sorganise-au-jour-le-jour-dans-lenfer-de-gaza-partie-428-8-juin-des-femmes-fatiguees-fragiles-mais-capables-de-se\/\">Partie 428<\/a>\u00a0: 8 juin.\u00a0<a href=\"https:\/\/ismfrance.org\/index.php\/2025\/06\/10\/21128\/\">Partie 429<\/a>\u00a0: 9 juin.\u00a0<a href=\"https:\/\/ismfrance.org\/index.php\/2025\/06\/11\/temoignages-de-gazaouis-la-survie-qui-sorganise-au-jour-le-jour-dans-lenfer-de-gaza-partie-430-10-juin-rehabilitation-des-serres-des-agriculteurs-de-deir\/\">Partie 430<\/a>\u00a0: 10 juin.\u00a0<a href=\"https:\/\/ismfrance.org\/index.php\/2025\/06\/12\/temoignages-de-gazaouis-la-survie-qui-sorganise-au-jour-le-jour-dans-lenfer-de-gaza-partie-431-11-juin-le-temps-est-fige-a-gaza-bombardements-sans\/\">Partie 431<\/a>\u00a0: 11 juin.<a href=\"https:\/\/ismfrance.org\/index.php\/2025\/06\/13\/temoignages-de-gazaouis-la-survie-qui-sorganise-au-jour-le-jour-dans-lenfer-de-gaza-partie-432-12-juin-le-monde-se-souleve-pour-gaza-la-marche-des-peup\/\">\u00a0Partie 432<\/a>\u00a0: 12 juin.<a href=\"https:\/\/ismfrance.org\/index.php\/2025\/06\/14\/temoignages-de-gazaouis-la-survie-qui-sorganise-au-jour-le-jour-dans-lenfer-de-gaza-partie-433-13-juin-continuite-du-soutien-psychologique-envers-et-con\/\">\u00a0Partie 433<\/a>\u00a0: 13 juin.<a href=\"https:\/\/ismfrance.org\/index.php\/2025\/06\/15\/temoignages-de-gazaouis-la-survie-qui-sorganise-au-jour-le-jour-dans-lenfer-de-gaza-partie-434-14-juin-massacres-dans-lobscurite-gaza-entre-mo\/\">\u00a0Partie 434<\/a>\u00a0: 14 juin.\u00a0<a href=\"https:\/\/ismfrance.org\/index.php\/2025\/06\/16\/temoignages-de-gazaouis-la-survie-qui-sorganise-au-jour-le-jour-dans-lenfer-de-gaza-partie-435-15-juin-des-efforts-humanitaires-qui-resistent-a-l\/\">Partie 435<\/a>\u00a0: 15 juin.\u00a0<a href=\"https:\/\/ismfrance.org\/index.php\/2025\/06\/16\/temoignages-de-gazaouis-la-survie-qui-sorganise-au-jour-le-jour-dans-lenfer-de-gaza-partie-436-16-juin-jusqua-quand-les-habitants-de-gaza-seront\/\">Partie 436<\/a>\u00a0: 16 juin.\u00a0<a href=\"https:\/\/ismfrance.org\/index.php\/2025\/06\/18\/temoignages-de-gazaouis-la-survie-qui-sorganise-au-jour-le-jour-dans-lenfer-de-gaza-partie-437-17-juin-lenjeu-du-journalisme\/\">Partie 437<\/a>\u00a0: 17 juin.\u00a0<a href=\"https:\/\/ismfrance.org\/index.php\/2025\/06\/18\/temoignages-de-gazaouis-la-survie-qui-sorganise-au-jour-le-jour-dans-lenfer-de-gaza-partie-438-18-juin-mourir-de-faim-ou-etre-tue-famine-et-pieges-des\/\">Partie 438<\/a>\u00a0: 18 juin.\u00a0<a href=\"https:\/\/ismfrance.org\/index.php\/2025\/06\/20\/temoignages-de-gazaouis-la-survie-qui-sorganise-au-jour-le-jour-dans-lenfer-de-gaza-partie-439-19-juin-gaza-releguee-au-second-plan-face-a-lesca\/\">Partie 439<\/a>\u00a0: 19 juin.\u00a0<a href=\"https:\/\/ismfrance.org\/index.php\/2025\/06\/21\/temoignages-de-gazaouis-la-survie-qui-sorganise-au-jour-le-jour-dans-lenfer-de-gaza-partie-440-20-juin-dans-une-situation-humanitaire-catastrophique-des\/\">Partie 440<\/a>\u00a0: 20 juin.\u00a0<a href=\"https:\/\/ismfrance.org\/index.php\/2025\/06\/22\/temoignages-de-gazaouis-la-survie-qui-sorganise-au-jour-le-jour-dans-lenfer-de-gaza-partie-441-21-22-juin-le-soutien-psychologique-une-artere-vitale-ou\/\">Partie 441<\/a>\u00a0: 21-22 juin.\u00a0<a href=\"https:\/\/ismfrance.org\/index.php\/2025\/06\/25\/temoignages-de-gazaouis-la-survie-qui-sorganise-au-jour-le-jour-dans-lenfer-de-gaza-partie-442-24-juin-toutes-les-guerres-prennent-fin-la-guerre\/\">Partie 442<\/a>\u00a0: 24 juin.\u00a0<a href=\"https:\/\/ismfrance.org\/index.php\/2025\/06\/27\/temoignages-de-gazaouis-la-survie-qui-sorganise-au-jour-le-jour-dans-lenfer-de-gaza-partie-443-25-juin-gaza-hurle-au-monde-nous-sommes-la-nous-ne-parti\/\">Partie 443<\/a>\u00a0: 25 juin.\u00a0<a href=\"https:\/\/ismfrance.org\/index.php\/2025\/06\/27\/temoignages-de-gazaouis-la-survie-qui-sorganise-au-jour-le-jour-dans-lenfer-de-gaza-partie-444-26-juin-continuer-a-agir-au-coeur-de-la-catastrophe\/\">Partie 444<\/a>\u00a0: 26 juin.\u00a0<a href=\"https:\/\/ismfrance.org\/index.php\/2025\/06\/28\/temoignages-de-gazaouis-la-survie-qui-sorganise-au-jour-le-jour-dans-lenfer-de-gaza-partie-445-27-28-juin-continuer-a-prendre-soin-de-soi-des-histoires-de-re\/\">Partie 445<\/a>\u00a0:\u00a0 : 27-28 juin.\u00a0<a href=\"https:\/\/ismfrance.org\/index.php\/2025\/06\/29\/21581\/\">Partie 446<\/a>\u00a0: 27 juin.\u00a0<a href=\"https:\/\/ismfrance.org\/index.php\/2025\/07\/01\/temoignages-de-gazaouis-la-survie-qui-sorganise-au-jour-le-jour-dans-lenfer-de-gaza-partie-447-30-juin-le-camp-des-agriculteurs-al-fajr-a-al-mawasi-cible\/\">Partie 447<\/a>\u00a0: 30 juin.\u00a0<a href=\"https:\/\/ismfrance.org\/index.php\/2025\/07\/02\/temoignages-de-gazaouis-la-survie-qui-sorganise-au-jour-le-jour-dans-lenfer-de-gaza-partie-448-1er-juillet-quand-le-pain-devient-un-voeu\/\">Partie 448<\/a>\u00a0: 1er juillet.\u00a0<a href=\"https:\/\/ismfrance.org\/index.php\/2025\/07\/03\/temoignages-de-gazaouis-la-survie-qui-sorganise-au-jour-le-jour-dans-lenfer-de-gaza-partie-449-2-juillet-a-gaza-il-ny-a-plus-de-place-meme-pour\/\">Partie 449<\/a>\u00a0: 2 juillet.\u00a0<a href=\"https:\/\/ismfrance.org\/index.php\/2025\/07\/03\/temoignages-de-gazaouis-la-survie-qui-sorganise-au-jour-le-jour-dans-lenfer-de-gaza-partie-449-2-juillet-1-gaza-ne-dort-plus-tant-la-mort-regne\/\">Partie 450<\/a>\u00a0: 2 juillet(1).\u00a0<a href=\"https:\/\/ismfrance.org\/index.php\/2025\/07\/04\/temoignages-de-gazaouis-la-survie-qui-sorganise-au-jour-le-jour-dans-lenfer-de-gaza-partie-451-3-juillet-la-mort-en-spectacle-quisrael-regarde-a\/\">Partie 451<\/a>\u00a0: 3 juillet.\u00a0<a href=\"https:\/\/ismfrance.org\/index.php\/2025\/07\/05\/temoignages-de-gazaouis-la-survie-qui-sorganise-au-jour-le-jour-dans-lenfer-de-gaza-partie-452-4-juillet-le-complot-du-silence\/\">Partie 452<\/a>\u00a0: 4 juillet.\u00a0<a href=\"https:\/\/ismfrance.org\/index.php\/2025\/07\/06\/temoignages-de-gazaouis-la-survie-qui-sorganise-au-jour-le-jour-dans-lenfer-de-gaza-partie-453-5-juillet-le-savoir-reste-larme-des-palestiniens\/\">Partie 453<\/a>\u00a0: 5 juillet.\u00a0<a href=\"https:\/\/ismfrance.org\/index.php\/2025\/07\/07\/temoignages-de-gazaouis-la-survie-qui-sorganise-au-jour-le-jour-dans-lenfer-de-gaza-partie-454-6-juillet-etreindre-la-vie-malgre-la-douleur\/\">Partie 454<\/a>\u00a0: 6 juillet.\u00a0<a href=\"https:\/\/ismfrance.org\/index.php\/2025\/07\/08\/temoignages-de-gazaouis-la-survie-qui-sorganise-au-jour-le-jour-dans-lenfer-de-gaza-partie-455-7-juillet-ta-voix-est-vie-et-ton-corps-parle\/\">Partie 455<\/a>\u00a0: 7 juillet.\u00a0<a href=\"https:\/\/ismfrance.org\/index.php\/2025\/07\/08\/temoignages-de-gazaouis-la-survie-qui-sorganise-au-jour-le-jour-dans-lenfer-de-gaza-partie-456-7-juillet1-les-repercussions-du-deuil-collectif-sur-la-s\/\">Partie 456<\/a>\u00a0: 7 juillet (1).\u00a0<a href=\"https:\/\/ismfrance.org\/index.php\/2025\/07\/10\/temoignages-de-gazaouis-la-survie-qui-sorganise-au-jour-le-jour-dans-lenfer-de-gaza-partie-457-9-juillet-la-mort-precede-la-treve-gaza-compte-ses-derniers-so\/\">Partie 457<\/a>\u00a0: 9 juillet.\u00a0<a href=\"https:\/\/ismfrance.org\/index.php\/2025\/07\/11\/temoignages-de-gazaouis-la-survie-qui-sorganise-au-jour-le-jour-dans-lenfer-de-gaza-partie-458-10-juillet-soutien-psychologique-et-de-sensibilisation-sanitair\/\">Partie 458<\/a>\u00a0: 10 juillet.\u00a0<a href=\"https:\/\/ismfrance.org\/index.php\/2025\/07\/12\/temoignages-de-gazaouis-la-survie-qui-sorganise-au-jour-le-jour-dans-lenfer-de-gaza-partie-459-11-juillet-laneantissement-de-khan-younis\/\">Partie 459<\/a>\u00a0: 11 juillet.\u00a0<a href=\"https:\/\/ismfrance.org\/index.php\/2025\/07\/13\/temoignages-de-gazaouis-la-survie-qui-sorganise-au-jour-le-jour-dans-lenfer-de-gaza-partie-460-12-juillet-aborder-le-lendemain-de-la-guerre\/\">Partie 460<\/a>\u00a0: 12 juillet.\u00a0<a href=\"https:\/\/ismfrance.org\/index.php\/2025\/07\/14\/temoignages-de-gazaouis-la-survie-qui-sorganise-au-jour-le-jour-dans-lenfer-de-gaza-partie-461-13-juillet-une-injustice-persistante-a-gaza-fait-face\/\">Partie 461<\/a>\u00a0: 13 juillet.\u00a0<a href=\"https:\/\/ismfrance.org\/index.php\/2025\/07\/15\/temoignages-de-gazaouis-la-survie-qui-sorganise-au-jour-le-jour-dans-lenfer-de-gaza-partie-462-14-juillet-pour-un-referendum-mondial-de-la-conscience-hum\/\">Partie 462<\/a>\u00a0: 14 juillet.\u00a0<a href=\"https:\/\/ismfrance.org\/index.php\/2025\/07\/17\/temoignages-de-gazaouis-la-survie-qui-sorganise-au-jour-le-jour-dans-lenfer-de-gaza-partie-463-16-juillet-distribution-de-vetements-dete-aux-enf\/\">Partie 463<\/a>\u00a0: 16 juillet.\u00a0<a href=\"https:\/\/ismfrance.org\/index.php\/2025\/07\/18\/temoignages-de-gazaouis-la-survie-qui-sorganise-au-jour-le-jour-dans-lenfer-de-gaza-partie-464-17-juillet-faim-mort-deplacement-dans-un-silence-mondial\/\">Partie 464<\/a>\u00a0: 17 juillet.\u00a0<a href=\"https:\/\/ismfrance.org\/index.php\/2025\/07\/18\/temoignages-de-gazaouis-la-survie-qui-sorganise-au-jour-le-jour-dans-lenfer-de-gaza-partie-465-18-juillet-gaza-nos-pas-nos-racines-soutien-psych\/\">Partie 465<\/a>\u00a0: 18 juillet.\u00a0<a href=\"https:\/\/ismfrance.org\/index.php\/2025\/07\/19\/temoignages-de-gazaouis-la-survie-qui-sorganise-au-jour-le-jour-dans-lenfer-de-gaza-partie-466-19-juillet-distribution-de-vetements-dete-pour-de\/\">Partie 466<\/a>\u00a0: 19 juillet.\u00a0<a href=\"https:\/\/ismfrance.org\/index.php\/2025\/07\/20\/temoignages-de-gazaouis-la-survie-qui-sorganise-au-jour-le-jour-dans-lenfer-de-gaza-partie-467-20-juillet-trouver-une-langue-alternative-dans-les-couleur\/\">Partie 467<\/a>\u00a0:\u00a0<a href=\"https:\/\/ismfrance.org\/index.php\/2025\/07\/21\/temoignages-de-gazaouis-la-survie-qui-sorganise-au-jour-le-jour-dans-lenfer-de-gaza-partie-468-20-juillet-1-parler-de-gaza-avec-douleur-et-clarte\/\">20 juillet<\/a>. Partie 468 : 20 juillet (1).\u00a0<a href=\"https:\/\/ismfrance.org\/index.php\/2025\/07\/22\/temoignages-de-gazaouis-la-survie-qui-sorganise-au-jour-le-jour-dans-lenfer-de-gaza-partie-469-21-juillet-gaza-une-plaie-ouverte-dans-la-conscience-du-m\/\">Partie 469<\/a> : 21 juillet. <a href=\"https:\/\/ismfrance.org\/index.php\/2025\/07\/23\/temoignages-de-gazaouis-la-survie-qui-sorganise-au-jour-le-jour-dans-lenfer-de-gaza-partie-470-22-juillet-gaza-sous-les-flammes\/\">Partie 470<\/a> : 22 juillet.<\/p>\n<p><strong>Pour participer \u00e0 la collecte \u00ab Urgence Guerre \u00e0 Gaza \u00bb :\u00a0<a href=\"https:\/\/www.helloasso.com\/associations\/union-juive-francaise-pour-la-paix\/collectes\/urgence-guerre-a-gaza\">HelloAsso.com<\/a><\/strong><br \/>\n<strong>Les t\u00e9moignages sont \u00e9galement publi\u00e9s sur\u00a0<a href=\"https:\/\/ujfp.org\/\">UJFP<\/a>,\u00a0<a href=\"https:\/\/altermidi.org\/\">Altermidi<\/a>\u00a0et sur\u00a0<a href=\"https:\/\/lepoing.net\/\">Le Poing<\/a>.\u00a0<\/strong><\/p>\n","protected":false},"excerpt":{"rendered":"<p>Brigitte Challande, 24 juillet 2025. Le 23 juillet, Abu Amir \u00e9crit\u00a0: les ceintures de feu, un incendie qui ne s\u2019\u00e9teint ni sur les corps ni dans les c\u0153urs des enfants. <a class=\"more-link\" href=\"https:\/\/ismfrance.org\/index.php\/2025\/07\/24\/temoignages-de-gazaouis-la-survie-qui-sorganise-au-jour-le-jour-dans-lenfer-de-gaza-partie-471-23-juillet-israel-deracine-et-assassine-jusqua-l\/\">Lire la suite &rarr;<\/a><\/p>\n","protected":false},"author":3,"featured_media":22161,"comment_status":"closed","ping_status":"closed","sticky":false,"template":"","format":"standard","meta":{"footnotes":""},"categories":[2,13],"tags":[156],"class_list":["post-22157","post","type-post","status-publish","format-standard","has-post-thumbnail","hentry","category-articles","category-temoignages","tag-genocide"],"yoast_head":"<!-- This site is optimized with the Yoast SEO plugin v27.2 - https:\/\/yoast.com\/product\/yoast-seo-wordpress\/ -->\n<title>T\u00e9moignages de Gazaouis : La survie qui s\u2019organise au jour le jour dans l\u2019enfer de Gaza \u2013 partie 471 \/ 23 juillet \u2013\u00a0Isra\u00ebl d\u00e9racine et assassine, jusqu\u2019\u00e0 l\u2019enfance - International Solidarity Movement - ISM-France<\/title>\n<meta name=\"robots\" content=\"index, follow, max-snippet:-1, max-image-preview:large, max-video-preview:-1\" \/>\n<link rel=\"canonical\" href=\"https:\/\/ismfrance.org\/index.php\/2025\/07\/24\/temoignages-de-gazaouis-la-survie-qui-sorganise-au-jour-le-jour-dans-lenfer-de-gaza-partie-471-23-juillet-israel-deracine-et-assassine-jusqua-l\/\" \/>\n<meta property=\"og:locale\" content=\"fr_FR\" \/>\n<meta property=\"og:type\" content=\"article\" \/>\n<meta property=\"og:title\" content=\"T\u00e9moignages de Gazaouis : La survie qui s\u2019organise au jour le jour dans l\u2019enfer de Gaza \u2013 partie 471 \/ 23 juillet \u2013\u00a0Isra\u00ebl d\u00e9racine et assassine, jusqu\u2019\u00e0 l\u2019enfance - International Solidarity Movement - ISM-France\" \/>\n<meta property=\"og:description\" content=\"Brigitte Challande, 24 juillet 2025. Le 23 juillet, Abu Amir \u00e9crit\u00a0: les ceintures de feu, un incendie qui ne s\u2019\u00e9teint ni sur les corps ni dans les c\u0153urs des enfants. Lire la suite &rarr;\" \/>\n<meta property=\"og:url\" content=\"https:\/\/ismfrance.org\/index.php\/2025\/07\/24\/temoignages-de-gazaouis-la-survie-qui-sorganise-au-jour-le-jour-dans-lenfer-de-gaza-partie-471-23-juillet-israel-deracine-et-assassine-jusqua-l\/\" \/>\n<meta property=\"og:site_name\" content=\"International Solidarity Movement - ISM-France\" \/>\n<meta property=\"article:published_time\" content=\"2025-07-24T09:22:57+00:00\" \/>\n<meta property=\"article:modified_time\" content=\"2025-07-25T09:26:43+00:00\" \/>\n<meta property=\"og:image\" content=\"https:\/\/ismfrance.org\/wp-content\/uploads\/2025\/07\/enfant2.jpeg\" \/>\n\t<meta property=\"og:image:width\" content=\"720\" \/>\n\t<meta property=\"og:image:height\" content=\"480\" \/>\n\t<meta property=\"og:image:type\" content=\"image\/jpeg\" \/>\n<meta name=\"author\" content=\"mru_01\" \/>\n<meta name=\"twitter:card\" content=\"summary_large_image\" \/>\n<meta name=\"twitter:creator\" content=\"@ISMFRANCE\" \/>\n<meta name=\"twitter:site\" content=\"@ISMFRANCE\" \/>\n<meta name=\"twitter:label1\" content=\"\u00c9crit par\" \/>\n\t<meta name=\"twitter:data1\" content=\"mru_01\" \/>\n\t<meta name=\"twitter:label2\" content=\"Dur\u00e9e de lecture estim\u00e9e\" \/>\n\t<meta name=\"twitter:data2\" content=\"11 minutes\" \/>\n<script type=\"application\/ld+json\" class=\"yoast-schema-graph\">{\"@context\":\"https:\/\/schema.org\",\"@graph\":[{\"@type\":\"Article\",\"@id\":\"https:\/\/ismfrance.org\/index.php\/2025\/07\/24\/temoignages-de-gazaouis-la-survie-qui-sorganise-au-jour-le-jour-dans-lenfer-de-gaza-partie-471-23-juillet-israel-deracine-et-assassine-jusqua-l\/#article\",\"isPartOf\":{\"@id\":\"https:\/\/ismfrance.org\/index.php\/2025\/07\/24\/temoignages-de-gazaouis-la-survie-qui-sorganise-au-jour-le-jour-dans-lenfer-de-gaza-partie-471-23-juillet-israel-deracine-et-assassine-jusqua-l\/\"},\"author\":{\"name\":\"mru_01\",\"@id\":\"https:\/\/ismfrance.org\/#\/schema\/person\/3c411eb72adfaae19c0dca1f41fae01d\"},\"headline\":\"T\u00e9moignages de Gazaouis : La survie qui s\u2019organise au jour le jour dans l\u2019enfer de Gaza \u2013 partie 471 \/ 23 juillet \u2013\u00a0Isra\u00ebl d\u00e9racine et assassine, jusqu\u2019\u00e0 l\u2019enfance\",\"datePublished\":\"2025-07-24T09:22:57+00:00\",\"dateModified\":\"2025-07-25T09:26:43+00:00\",\"mainEntityOfPage\":{\"@id\":\"https:\/\/ismfrance.org\/index.php\/2025\/07\/24\/temoignages-de-gazaouis-la-survie-qui-sorganise-au-jour-le-jour-dans-lenfer-de-gaza-partie-471-23-juillet-israel-deracine-et-assassine-jusqua-l\/\"},\"wordCount\":1970,\"publisher\":{\"@id\":\"https:\/\/ismfrance.org\/#organization\"},\"image\":{\"@id\":\"https:\/\/ismfrance.org\/index.php\/2025\/07\/24\/temoignages-de-gazaouis-la-survie-qui-sorganise-au-jour-le-jour-dans-lenfer-de-gaza-partie-471-23-juillet-israel-deracine-et-assassine-jusqua-l\/#primaryimage\"},\"thumbnailUrl\":\"https:\/\/ismfrance.org\/wp-content\/uploads\/2025\/07\/enfant2.jpeg\",\"keywords\":[\"G\u00e9nocide\"],\"articleSection\":[\"Articles\",\"T\u00e9moignages\"],\"inLanguage\":\"fr-FR\"},{\"@type\":\"WebPage\",\"@id\":\"https:\/\/ismfrance.org\/index.php\/2025\/07\/24\/temoignages-de-gazaouis-la-survie-qui-sorganise-au-jour-le-jour-dans-lenfer-de-gaza-partie-471-23-juillet-israel-deracine-et-assassine-jusqua-l\/\",\"url\":\"https:\/\/ismfrance.org\/index.php\/2025\/07\/24\/temoignages-de-gazaouis-la-survie-qui-sorganise-au-jour-le-jour-dans-lenfer-de-gaza-partie-471-23-juillet-israel-deracine-et-assassine-jusqua-l\/\",\"name\":\"T\u00e9moignages de Gazaouis : La survie qui s\u2019organise au jour le jour dans l\u2019enfer de Gaza \u2013 partie 471 \/ 23 juillet \u2013\u00a0Isra\u00ebl d\u00e9racine et assassine, jusqu\u2019\u00e0 l\u2019enfance - International Solidarity Movement - ISM-France\",\"isPartOf\":{\"@id\":\"https:\/\/ismfrance.org\/#website\"},\"primaryImageOfPage\":{\"@id\":\"https:\/\/ismfrance.org\/index.php\/2025\/07\/24\/temoignages-de-gazaouis-la-survie-qui-sorganise-au-jour-le-jour-dans-lenfer-de-gaza-partie-471-23-juillet-israel-deracine-et-assassine-jusqua-l\/#primaryimage\"},\"image\":{\"@id\":\"https:\/\/ismfrance.org\/index.php\/2025\/07\/24\/temoignages-de-gazaouis-la-survie-qui-sorganise-au-jour-le-jour-dans-lenfer-de-gaza-partie-471-23-juillet-israel-deracine-et-assassine-jusqua-l\/#primaryimage\"},\"thumbnailUrl\":\"https:\/\/ismfrance.org\/wp-content\/uploads\/2025\/07\/enfant2.jpeg\",\"datePublished\":\"2025-07-24T09:22:57+00:00\",\"dateModified\":\"2025-07-25T09:26:43+00:00\",\"breadcrumb\":{\"@id\":\"https:\/\/ismfrance.org\/index.php\/2025\/07\/24\/temoignages-de-gazaouis-la-survie-qui-sorganise-au-jour-le-jour-dans-lenfer-de-gaza-partie-471-23-juillet-israel-deracine-et-assassine-jusqua-l\/#breadcrumb\"},\"inLanguage\":\"fr-FR\",\"potentialAction\":[{\"@type\":\"ReadAction\",\"target\":[\"https:\/\/ismfrance.org\/index.php\/2025\/07\/24\/temoignages-de-gazaouis-la-survie-qui-sorganise-au-jour-le-jour-dans-lenfer-de-gaza-partie-471-23-juillet-israel-deracine-et-assassine-jusqua-l\/\"]}]},{\"@type\":\"ImageObject\",\"inLanguage\":\"fr-FR\",\"@id\":\"https:\/\/ismfrance.org\/index.php\/2025\/07\/24\/temoignages-de-gazaouis-la-survie-qui-sorganise-au-jour-le-jour-dans-lenfer-de-gaza-partie-471-23-juillet-israel-deracine-et-assassine-jusqua-l\/#primaryimage\",\"url\":\"https:\/\/ismfrance.org\/wp-content\/uploads\/2025\/07\/enfant2.jpeg\",\"contentUrl\":\"https:\/\/ismfrance.org\/wp-content\/uploads\/2025\/07\/enfant2.jpeg\",\"width\":720,\"height\":480},{\"@type\":\"BreadcrumbList\",\"@id\":\"https:\/\/ismfrance.org\/index.php\/2025\/07\/24\/temoignages-de-gazaouis-la-survie-qui-sorganise-au-jour-le-jour-dans-lenfer-de-gaza-partie-471-23-juillet-israel-deracine-et-assassine-jusqua-l\/#breadcrumb\",\"itemListElement\":[{\"@type\":\"ListItem\",\"position\":1,\"name\":\"Accueil\",\"item\":\"https:\/\/ismfrance.org\/\"},{\"@type\":\"ListItem\",\"position\":2,\"name\":\"T\u00e9moignages de Gazaouis : La survie qui s\u2019organise au jour le jour dans l\u2019enfer de Gaza \u2013 partie 471 \/ 23 juillet \u2013\u00a0Isra\u00ebl d\u00e9racine et assassine, jusqu\u2019\u00e0 l\u2019enfance\"}]},{\"@type\":\"WebSite\",\"@id\":\"https:\/\/ismfrance.org\/#website\",\"url\":\"https:\/\/ismfrance.org\/\",\"name\":\"ISM Palestine France\",\"description\":\"Soutien aux luttes de lib\u00e9ration du peuple palestinien\",\"publisher\":{\"@id\":\"https:\/\/ismfrance.org\/#organization\"},\"potentialAction\":[{\"@type\":\"SearchAction\",\"target\":{\"@type\":\"EntryPoint\",\"urlTemplate\":\"https:\/\/ismfrance.org\/?s={search_term_string}\"},\"query-input\":{\"@type\":\"PropertyValueSpecification\",\"valueRequired\":true,\"valueName\":\"search_term_string\"}}],\"inLanguage\":\"fr-FR\"},{\"@type\":\"Organization\",\"@id\":\"https:\/\/ismfrance.org\/#organization\",\"name\":\"International Solidarity Movement\",\"url\":\"https:\/\/ismfrance.org\/\",\"logo\":{\"@type\":\"ImageObject\",\"inLanguage\":\"fr-FR\",\"@id\":\"https:\/\/ismfrance.org\/#\/schema\/logo\/image\/\",\"url\":\"https:\/\/ismfrance.org\/wp-content\/uploads\/2020\/12\/00.png\",\"contentUrl\":\"https:\/\/ismfrance.org\/wp-content\/uploads\/2020\/12\/00.png\",\"width\":400,\"height\":400,\"caption\":\"International Solidarity Movement\"},\"image\":{\"@id\":\"https:\/\/ismfrance.org\/#\/schema\/logo\/image\/\"},\"sameAs\":[\"https:\/\/x.com\/ISMFRANCE\"]},{\"@type\":\"Person\",\"@id\":\"https:\/\/ismfrance.org\/#\/schema\/person\/3c411eb72adfaae19c0dca1f41fae01d\",\"name\":\"mru_01\",\"image\":{\"@type\":\"ImageObject\",\"inLanguage\":\"fr-FR\",\"@id\":\"https:\/\/secure.gravatar.com\/avatar\/3a0be343b445d2ccc79e87444a294fad2b232e90d2051d0e3cc219e1ecd6a330?s=96&d=mm&r=g\",\"url\":\"https:\/\/secure.gravatar.com\/avatar\/3a0be343b445d2ccc79e87444a294fad2b232e90d2051d0e3cc219e1ecd6a330?s=96&d=mm&r=g\",\"contentUrl\":\"https:\/\/secure.gravatar.com\/avatar\/3a0be343b445d2ccc79e87444a294fad2b232e90d2051d0e3cc219e1ecd6a330?s=96&d=mm&r=g\",\"caption\":\"mru_01\"},\"url\":\"https:\/\/ismfrance.org\/index.php\/author\/admin02\/\"}]}<\/script>\n<!-- \/ Yoast SEO plugin. -->","yoast_head_json":{"title":"T\u00e9moignages de Gazaouis : La survie qui s\u2019organise au jour le jour dans l\u2019enfer de Gaza \u2013 partie 471 \/ 23 juillet \u2013\u00a0Isra\u00ebl d\u00e9racine et assassine, jusqu\u2019\u00e0 l\u2019enfance - International Solidarity Movement - ISM-France","robots":{"index":"index","follow":"follow","max-snippet":"max-snippet:-1","max-image-preview":"max-image-preview:large","max-video-preview":"max-video-preview:-1"},"canonical":"https:\/\/ismfrance.org\/index.php\/2025\/07\/24\/temoignages-de-gazaouis-la-survie-qui-sorganise-au-jour-le-jour-dans-lenfer-de-gaza-partie-471-23-juillet-israel-deracine-et-assassine-jusqua-l\/","og_locale":"fr_FR","og_type":"article","og_title":"T\u00e9moignages de Gazaouis : La survie qui s\u2019organise au jour le jour dans l\u2019enfer de Gaza \u2013 partie 471 \/ 23 juillet \u2013\u00a0Isra\u00ebl d\u00e9racine et assassine, jusqu\u2019\u00e0 l\u2019enfance - International Solidarity Movement - ISM-France","og_description":"Brigitte Challande, 24 juillet 2025. Le 23 juillet, Abu Amir \u00e9crit\u00a0: les ceintures de feu, un incendie qui ne s\u2019\u00e9teint ni sur les corps ni dans les c\u0153urs des enfants. Lire la suite &rarr;","og_url":"https:\/\/ismfrance.org\/index.php\/2025\/07\/24\/temoignages-de-gazaouis-la-survie-qui-sorganise-au-jour-le-jour-dans-lenfer-de-gaza-partie-471-23-juillet-israel-deracine-et-assassine-jusqua-l\/","og_site_name":"International Solidarity Movement - ISM-France","article_published_time":"2025-07-24T09:22:57+00:00","article_modified_time":"2025-07-25T09:26:43+00:00","og_image":[{"width":720,"height":480,"url":"https:\/\/ismfrance.org\/wp-content\/uploads\/2025\/07\/enfant2.jpeg","type":"image\/jpeg"}],"author":"mru_01","twitter_card":"summary_large_image","twitter_creator":"@ISMFRANCE","twitter_site":"@ISMFRANCE","twitter_misc":{"\u00c9crit par":"mru_01","Dur\u00e9e de lecture estim\u00e9e":"11 minutes"},"schema":{"@context":"https:\/\/schema.org","@graph":[{"@type":"Article","@id":"https:\/\/ismfrance.org\/index.php\/2025\/07\/24\/temoignages-de-gazaouis-la-survie-qui-sorganise-au-jour-le-jour-dans-lenfer-de-gaza-partie-471-23-juillet-israel-deracine-et-assassine-jusqua-l\/#article","isPartOf":{"@id":"https:\/\/ismfrance.org\/index.php\/2025\/07\/24\/temoignages-de-gazaouis-la-survie-qui-sorganise-au-jour-le-jour-dans-lenfer-de-gaza-partie-471-23-juillet-israel-deracine-et-assassine-jusqua-l\/"},"author":{"name":"mru_01","@id":"https:\/\/ismfrance.org\/#\/schema\/person\/3c411eb72adfaae19c0dca1f41fae01d"},"headline":"T\u00e9moignages de Gazaouis : La survie qui s\u2019organise au jour le jour dans l\u2019enfer de Gaza \u2013 partie 471 \/ 23 juillet \u2013\u00a0Isra\u00ebl d\u00e9racine et assassine, jusqu\u2019\u00e0 l\u2019enfance","datePublished":"2025-07-24T09:22:57+00:00","dateModified":"2025-07-25T09:26:43+00:00","mainEntityOfPage":{"@id":"https:\/\/ismfrance.org\/index.php\/2025\/07\/24\/temoignages-de-gazaouis-la-survie-qui-sorganise-au-jour-le-jour-dans-lenfer-de-gaza-partie-471-23-juillet-israel-deracine-et-assassine-jusqua-l\/"},"wordCount":1970,"publisher":{"@id":"https:\/\/ismfrance.org\/#organization"},"image":{"@id":"https:\/\/ismfrance.org\/index.php\/2025\/07\/24\/temoignages-de-gazaouis-la-survie-qui-sorganise-au-jour-le-jour-dans-lenfer-de-gaza-partie-471-23-juillet-israel-deracine-et-assassine-jusqua-l\/#primaryimage"},"thumbnailUrl":"https:\/\/ismfrance.org\/wp-content\/uploads\/2025\/07\/enfant2.jpeg","keywords":["G\u00e9nocide"],"articleSection":["Articles","T\u00e9moignages"],"inLanguage":"fr-FR"},{"@type":"WebPage","@id":"https:\/\/ismfrance.org\/index.php\/2025\/07\/24\/temoignages-de-gazaouis-la-survie-qui-sorganise-au-jour-le-jour-dans-lenfer-de-gaza-partie-471-23-juillet-israel-deracine-et-assassine-jusqua-l\/","url":"https:\/\/ismfrance.org\/index.php\/2025\/07\/24\/temoignages-de-gazaouis-la-survie-qui-sorganise-au-jour-le-jour-dans-lenfer-de-gaza-partie-471-23-juillet-israel-deracine-et-assassine-jusqua-l\/","name":"T\u00e9moignages de Gazaouis : La survie qui s\u2019organise au jour le jour dans l\u2019enfer de Gaza \u2013 partie 471 \/ 23 juillet \u2013\u00a0Isra\u00ebl d\u00e9racine et assassine, jusqu\u2019\u00e0 l\u2019enfance - International Solidarity Movement - ISM-France","isPartOf":{"@id":"https:\/\/ismfrance.org\/#website"},"primaryImageOfPage":{"@id":"https:\/\/ismfrance.org\/index.php\/2025\/07\/24\/temoignages-de-gazaouis-la-survie-qui-sorganise-au-jour-le-jour-dans-lenfer-de-gaza-partie-471-23-juillet-israel-deracine-et-assassine-jusqua-l\/#primaryimage"},"image":{"@id":"https:\/\/ismfrance.org\/index.php\/2025\/07\/24\/temoignages-de-gazaouis-la-survie-qui-sorganise-au-jour-le-jour-dans-lenfer-de-gaza-partie-471-23-juillet-israel-deracine-et-assassine-jusqua-l\/#primaryimage"},"thumbnailUrl":"https:\/\/ismfrance.org\/wp-content\/uploads\/2025\/07\/enfant2.jpeg","datePublished":"2025-07-24T09:22:57+00:00","dateModified":"2025-07-25T09:26:43+00:00","breadcrumb":{"@id":"https:\/\/ismfrance.org\/index.php\/2025\/07\/24\/temoignages-de-gazaouis-la-survie-qui-sorganise-au-jour-le-jour-dans-lenfer-de-gaza-partie-471-23-juillet-israel-deracine-et-assassine-jusqua-l\/#breadcrumb"},"inLanguage":"fr-FR","potentialAction":[{"@type":"ReadAction","target":["https:\/\/ismfrance.org\/index.php\/2025\/07\/24\/temoignages-de-gazaouis-la-survie-qui-sorganise-au-jour-le-jour-dans-lenfer-de-gaza-partie-471-23-juillet-israel-deracine-et-assassine-jusqua-l\/"]}]},{"@type":"ImageObject","inLanguage":"fr-FR","@id":"https:\/\/ismfrance.org\/index.php\/2025\/07\/24\/temoignages-de-gazaouis-la-survie-qui-sorganise-au-jour-le-jour-dans-lenfer-de-gaza-partie-471-23-juillet-israel-deracine-et-assassine-jusqua-l\/#primaryimage","url":"https:\/\/ismfrance.org\/wp-content\/uploads\/2025\/07\/enfant2.jpeg","contentUrl":"https:\/\/ismfrance.org\/wp-content\/uploads\/2025\/07\/enfant2.jpeg","width":720,"height":480},{"@type":"BreadcrumbList","@id":"https:\/\/ismfrance.org\/index.php\/2025\/07\/24\/temoignages-de-gazaouis-la-survie-qui-sorganise-au-jour-le-jour-dans-lenfer-de-gaza-partie-471-23-juillet-israel-deracine-et-assassine-jusqua-l\/#breadcrumb","itemListElement":[{"@type":"ListItem","position":1,"name":"Accueil","item":"https:\/\/ismfrance.org\/"},{"@type":"ListItem","position":2,"name":"T\u00e9moignages de Gazaouis : La survie qui s\u2019organise au jour le jour dans l\u2019enfer de Gaza \u2013 partie 471 \/ 23 juillet \u2013\u00a0Isra\u00ebl d\u00e9racine et assassine, jusqu\u2019\u00e0 l\u2019enfance"}]},{"@type":"WebSite","@id":"https:\/\/ismfrance.org\/#website","url":"https:\/\/ismfrance.org\/","name":"ISM Palestine France","description":"Soutien aux luttes de lib\u00e9ration du peuple palestinien","publisher":{"@id":"https:\/\/ismfrance.org\/#organization"},"potentialAction":[{"@type":"SearchAction","target":{"@type":"EntryPoint","urlTemplate":"https:\/\/ismfrance.org\/?s={search_term_string}"},"query-input":{"@type":"PropertyValueSpecification","valueRequired":true,"valueName":"search_term_string"}}],"inLanguage":"fr-FR"},{"@type":"Organization","@id":"https:\/\/ismfrance.org\/#organization","name":"International Solidarity Movement","url":"https:\/\/ismfrance.org\/","logo":{"@type":"ImageObject","inLanguage":"fr-FR","@id":"https:\/\/ismfrance.org\/#\/schema\/logo\/image\/","url":"https:\/\/ismfrance.org\/wp-content\/uploads\/2020\/12\/00.png","contentUrl":"https:\/\/ismfrance.org\/wp-content\/uploads\/2020\/12\/00.png","width":400,"height":400,"caption":"International Solidarity Movement"},"image":{"@id":"https:\/\/ismfrance.org\/#\/schema\/logo\/image\/"},"sameAs":["https:\/\/x.com\/ISMFRANCE"]},{"@type":"Person","@id":"https:\/\/ismfrance.org\/#\/schema\/person\/3c411eb72adfaae19c0dca1f41fae01d","name":"mru_01","image":{"@type":"ImageObject","inLanguage":"fr-FR","@id":"https:\/\/secure.gravatar.com\/avatar\/3a0be343b445d2ccc79e87444a294fad2b232e90d2051d0e3cc219e1ecd6a330?s=96&d=mm&r=g","url":"https:\/\/secure.gravatar.com\/avatar\/3a0be343b445d2ccc79e87444a294fad2b232e90d2051d0e3cc219e1ecd6a330?s=96&d=mm&r=g","contentUrl":"https:\/\/secure.gravatar.com\/avatar\/3a0be343b445d2ccc79e87444a294fad2b232e90d2051d0e3cc219e1ecd6a330?s=96&d=mm&r=g","caption":"mru_01"},"url":"https:\/\/ismfrance.org\/index.php\/author\/admin02\/"}]}},"_links":{"self":[{"href":"https:\/\/ismfrance.org\/index.php\/wp-json\/wp\/v2\/posts\/22157","targetHints":{"allow":["GET"]}}],"collection":[{"href":"https:\/\/ismfrance.org\/index.php\/wp-json\/wp\/v2\/posts"}],"about":[{"href":"https:\/\/ismfrance.org\/index.php\/wp-json\/wp\/v2\/types\/post"}],"author":[{"embeddable":true,"href":"https:\/\/ismfrance.org\/index.php\/wp-json\/wp\/v2\/users\/3"}],"replies":[{"embeddable":true,"href":"https:\/\/ismfrance.org\/index.php\/wp-json\/wp\/v2\/comments?post=22157"}],"version-history":[{"count":0,"href":"https:\/\/ismfrance.org\/index.php\/wp-json\/wp\/v2\/posts\/22157\/revisions"}],"wp:featuredmedia":[{"embeddable":true,"href":"https:\/\/ismfrance.org\/index.php\/wp-json\/wp\/v2\/media\/22161"}],"wp:attachment":[{"href":"https:\/\/ismfrance.org\/index.php\/wp-json\/wp\/v2\/media?parent=22157"}],"wp:term":[{"taxonomy":"category","embeddable":true,"href":"https:\/\/ismfrance.org\/index.php\/wp-json\/wp\/v2\/categories?post=22157"},{"taxonomy":"post_tag","embeddable":true,"href":"https:\/\/ismfrance.org\/index.php\/wp-json\/wp\/v2\/tags?post=22157"}],"curies":[{"name":"wp","href":"https:\/\/api.w.org\/{rel}","templated":true}]}}