{"id":2215,"date":"2022-03-24T10:55:28","date_gmt":"2022-03-24T09:55:28","guid":{"rendered":"https:\/\/ismfrance.org\/?p=2215"},"modified":"2022-03-24T20:58:50","modified_gmt":"2022-03-24T19:58:50","slug":"google-et-amazon-partenaires-de-loccupation-israelienne-de-la-palestine-pour-un-milliard-de-dollars","status":"publish","type":"post","link":"https:\/\/ismfrance.org\/index.php\/2022\/03\/24\/google-et-amazon-partenaires-de-loccupation-israelienne-de-la-palestine-pour-un-milliard-de-dollars\/","title":{"rendered":"Google et Amazon partenaires de l&rsquo;occupation isra\u00e9lienne de la Palestine pour un milliard de dollars"},"content":{"rendered":"<p align=\"LEFT\"><em><span style=\"color: #000000;\"><span style=\"font-family: Arial, sans-serif;\"><span style=\"font-size: small;\"><b>Ramzy Baroud, 22 mars 2022. <\/b><\/span><\/span><\/span><\/em><em><span style=\"color: #000000;\"><span style=\"font-family: Arial, sans-serif;\"><span style=\"font-size: small;\">\u201cNous restons anonymes parce que nous craignons des repr\u00e9sailles.\u201d Cet extrait est tir\u00e9 d\u2019une lettre <\/span><\/span><\/span><\/em><span style=\"color: #000080;\"><span lang=\"zxx\"><u><a href=\"https:\/\/www.latimes.com\/business\/technology\/story\/2022-03-15\/google-project-nimbus-ariel-koren\"><span style=\"color: #000000;\"><span style=\"font-family: Arial, sans-serif;\"><span style=\"font-size: small;\"><i>sign\u00e9e<\/i><\/span><\/span><\/span><\/a><\/u><\/span><\/span><em><span style=\"color: #000000;\"><span style=\"font-family: Arial, sans-serif;\"><span style=\"font-size: small;\"> par 500 employ\u00e9s de Google en octobre dernier, dans laquelle ils d\u00e9non\u00e7aient le soutien direct de leur entreprise au gouvernement et \u00e0 l\u2019arm\u00e9e d\u2019Isra\u00ebl.<\/span><\/span><\/span><\/em><\/p>\n<div id=\"attachment_2216\" style=\"width: 710px\" class=\"wp-caption aligncenter\"><a href=\"https:\/\/ismfrance.org\/wp-content\/uploads\/2022\/03\/google.jpg\"><img loading=\"lazy\" decoding=\"async\" aria-describedby=\"caption-attachment-2216\" class=\"size-full wp-image-2216\" src=\"https:\/\/ismfrance.org\/wp-content\/uploads\/2022\/03\/google.jpg\" alt=\"\" width=\"700\" height=\"469\" srcset=\"https:\/\/ismfrance.org\/wp-content\/uploads\/2022\/03\/google.jpg 700w, https:\/\/ismfrance.org\/wp-content\/uploads\/2022\/03\/google-300x201.jpg 300w\" sizes=\"auto, (max-width: 700px) 100vw, 700px\" \/><\/a><p id=\"caption-attachment-2216\" class=\"wp-caption-text\">Google est sous le feu des critiques pour avoir exerc\u00e9 des repr\u00e9sailles \u00e0 l\u2019encontre d&rsquo;une employ\u00e9e qui s\u2019opposait \u00e0 son contrat avec l\u2019arm\u00e9e isra\u00e9lienne d&rsquo;occupation. Plusieurs centaines d&#8217;employ\u00e9s se sont ralli\u00e9s \u00e0 leur coll\u00e8gue qui a \u00e9t\u00e9 pouss\u00e9e \u00e0 quitter son emploi en raison de son militantisme pro-palestinien &#8211; Photo : via france-palestine.org<\/p><\/div>\n<p align=\"LEFT\"><span style=\"color: #000000;\"><span style=\"font-family: Arial, sans-serif;\"><span style=\"font-size: small;\">Dans leur lettre, les signataires <\/span><\/span><\/span><span style=\"color: #000080;\"><span lang=\"zxx\"><u><a href=\"https:\/\/www.theguardian.com\/commentisfree\/2021\/oct\/12\/google-amazon-workers-condemn-project-nimbus-israeli-military-contract\"><span style=\"color: #000000;\"><span style=\"font-family: Arial, sans-serif;\"><span style=\"font-size: small;\">protestaient<\/span><\/span><\/span><\/a><\/u><\/span><\/span><span style=\"color: #000000;\"><span style=\"font-family: Arial, sans-serif;\"><span style=\"font-size: small;\"> contre un contrat de 1,2 milliard de dollars entre Google, Amazon Web Services (AWS) et le gouvernement isra\u00e9lien qui fournit des services <\/span><\/span><\/span><em><span style=\"color: #000000;\"><span style=\"font-family: Arial, sans-serif;\"><span style=\"font-size: small;\">cloud<\/span><\/span><\/span><\/em><span style=\"color: #000000;\"><span style=\"font-family: Arial, sans-serif;\"><span style=\"font-size: small;\"> \u00e0 l\u2019arm\u00e9e et au gouvernement isra\u00e9liens et \u00ab permettent [ainsi] une surveillance accrue et une collecte ill\u00e9gale de donn\u00e9es sur les Palestiniens, et facilitent l\u2019expansion des colonies ill\u00e9gales d\u2019Isra\u00ebl sur les terres palestiniennes \u00bb.<\/span><\/span><\/span><\/p>\n<p align=\"LEFT\"><span style=\"color: #000000;\"><span style=\"font-family: Arial, sans-serif;\"><span style=\"font-size: small;\">C\u2019est ce qu\u2019on appelle le <\/span><\/span><\/span><span style=\"color: #000080;\"><span lang=\"zxx\"><u><a href=\"https:\/\/www.haaretz.com\/israel-news\/tech-news\/.premium-ex-generals-and-big-tech-the-secret-battle-over-israel-s-cloud-project-1.10570791\"><span style=\"color: #000000;\"><span style=\"font-family: Arial, sans-serif;\"><span style=\"font-size: small;\">projet Nimbus<\/span><\/span><\/span><\/a><\/u><\/span><\/span><span style=\"color: #000000;\"><span style=\"font-family: Arial, sans-serif;\"><span style=\"font-size: small;\">. Le projet a \u00e9t\u00e9 annonc\u00e9 en 2018 et est <\/span><\/span><\/span><span style=\"color: #000080;\"><span lang=\"zxx\"><u><a href=\"https:\/\/www.datacenterdynamics.com\/en\/news\/google-aws-win-12-billion-israel-nimbus-tender-for-cloud-services\/\"><span style=\"color: #000000;\"><span style=\"font-family: Arial, sans-serif;\"><span style=\"font-size: small;\">entr\u00e9 en vigueur<\/span><\/span><\/span><\/a><\/u><\/span><\/span><span style=\"color: #000000;\"><span style=\"font-family: Arial, sans-serif;\"><span style=\"font-size: small;\"> en mai 2021, au cours de la premi\u00e8re semaine de la guerre isra\u00e9lienne contre Gaza sous blocus, qui a tu\u00e9 plus de 250 Palestiniens et en a bless\u00e9 un grand nombre d\u2019autres.<\/span><\/span><\/span><\/p>\n<p align=\"LEFT\"><span style=\"color: #000000;\"><span style=\"font-family: Arial, sans-serif;\"><span style=\"font-size: small;\">Les employ\u00e9s de Google ont non seulement \u00e9t\u00e9 choqu\u00e9s par le fait qu\u2019en concluant cet accord avec Isra\u00ebl, leur entreprise soit directement impliqu\u00e9e dans l\u2019occupation isra\u00e9lienne de la Palestine, mais ont \u00e9galement \u00e9t\u00e9 scandalis\u00e9s par le \u201csch\u00e9ma inqui\u00e9tant de militarisation\u201d qui a vu des <\/span><\/span><\/span><span style=\"color: #000080;\"><span lang=\"zxx\"><u><a href=\"https:\/\/www.businessinsider.com\/google-amazon-microsoft-ice-cbp-third-party-contracts-cloud-2021-10?r=US&amp;IR=T\"><span style=\"color: #000000;\"><span style=\"font-family: Arial, sans-serif;\"><span style=\"font-size: small;\">contrats similaires<\/span><\/span><\/span><\/a><\/u><\/span><\/span><span style=\"color: #000000;\"><span style=\"font-family: Arial, sans-serif;\"><span style=\"font-size: small;\"> entre Google \u2013 Amazon, Microsoft et d\u2019autres g\u00e9ants de la technologie \u2013 avec l\u2019arm\u00e9e am\u00e9ricaine, l\u2019<\/span><\/span><\/span><em><span style=\"color: #000000;\"><span style=\"font-family: Arial, sans-serif;\"><span style=\"font-size: small;\">Immigration and Customs Enforcement<\/span><\/span><\/span><\/em><span style=\"color: #000000;\"><span style=\"font-family: Arial, sans-serif;\"><span style=\"font-size: small;\"> (ICE) et d\u2019autres agences de police. <\/span><\/span><\/span><\/p>\n<p align=\"LEFT\"><span style=\"color: #000000;\"><span style=\"font-family: Arial, sans-serif;\"><span style=\"font-size: small;\">La maxime \u00ab les gens avant le profit \u00bb ne peut \u00eatre plus appropri\u00e9e que dans le contexte palestinien, et ni Google ni Amazon ne peuvent pr\u00e9tendre l\u2019ignorer. L\u2019occupation isra\u00e9lienne de la Palestine est en place depuis des d\u00e9cennies et de nombreuses r\u00e9solutions des Nations Unies ont <\/span><\/span><\/span><span style=\"color: #000080;\"><span lang=\"zxx\"><u><a href=\"https:\/\/www.un.org\/unispal\/data-collection\/general-assembly\/\"><span style=\"color: #000000;\"><span style=\"font-family: Arial, sans-serif;\"><span style=\"font-size: small;\">condamn\u00e9<\/span><\/span><\/span><\/a><\/u><\/span><\/span><span style=\"color: #000000;\"><span style=\"font-family: Arial, sans-serif;\"><span style=\"font-size: small;\"> Isra\u00ebl pour son occupation, son expansion coloniale et sa violence contre les Palestiniens. <\/span><\/span><\/span><\/p>\n<p align=\"LEFT\"><span style=\"color: #000000;\"><span style=\"font-family: Arial, sans-serif;\"><span style=\"font-size: small;\">Si tout cela ne suffisait pas \u00e0 dissiper l\u2019enthousiasme de Google et d\u2019Amazon \u00e0 s\u2019engager dans des projets visant sp\u00e9cifiquement \u00e0 prot\u00e9ger la \u201cs\u00e9curit\u00e9 nationale\u201d d\u2019Isra\u00ebl \u2013 ils pouvaient lire ce <\/span><\/span><\/span><span style=\"color: #000080;\"><span lang=\"zxx\"><u><a href=\"https:\/\/www.btselem.org\/sites\/default\/files\/publications\/202101_this_is_apartheid_eng.pdf\"><span style=\"color: #000000;\"><span style=\"font-family: Arial, sans-serif;\"><span style=\"font-size: small;\">rapport<\/span><\/span><\/span><\/a><\/u><\/span><\/span><span style=\"color: #000000;\"><span style=\"font-family: Arial, sans-serif;\"><span style=\"font-size: small;\"> accablant du plus grand groupe de d\u00e9fense des droits de l\u2019homme d\u2019Isra\u00ebl, B\u2019tselem, qui aurait d\u00fb servir de r\u00e9veil.<\/span><\/span><\/span><\/p>\n<p align=\"LEFT\"><span style=\"color: #000000;\"><span style=\"font-family: Arial, sans-serif;\"><span style=\"font-size: small;\">B\u2019tselem a <\/span><\/span><\/span><span style=\"color: #000080;\"><span lang=\"zxx\"><u><a href=\"https:\/\/www.btselem.org\/publications\/fulltext\/202101_this_is_apartheid\"><span style=\"color: #000000;\"><span style=\"font-family: Arial, sans-serif;\"><span style=\"font-size: small;\">d\u00e9clar\u00e9<\/span><\/span><\/span><\/a><\/u><\/span><\/span><span style=\"color: #000000;\"><span style=\"font-family: Arial, sans-serif;\"><span style=\"font-size: small;\"> Isra\u00ebl un \u00c9tat d\u2019apartheid en janvier 2021. Le groupe de d\u00e9fense des droits internationaux <\/span><\/span><\/span><span style=\"color: #000080;\"><span lang=\"zxx\"><u><a href=\"https:\/\/www.hrw.org\/report\/2021\/04\/27\/threshold-crossed\/israeli-authorities-and-crimes-apartheid-and-persecution\"><span style=\"color: #000000;\"><span style=\"font-family: Arial, sans-serif;\"><span style=\"font-size: small;\">Human Rights Watch<\/span><\/span><\/span><\/a><\/u><\/span><\/span><span style=\"color: #000000;\"><span style=\"font-family: Arial, sans-serif;\"><span style=\"font-size: small;\"> (HRW) a embo\u00eet\u00e9 le pas en avril, d\u00e9non\u00e7ant \u00e9galement l\u2019\u00c9tat d\u2019apartheid isra\u00e9lien. <\/span><\/span><\/span><\/p>\n<p align=\"LEFT\"><span style=\"color: #000000;\"><span style=\"font-family: Arial, sans-serif;\"><span style=\"font-size: small;\">C\u2019\u00e9tait seulement quelques semaines avant que le projet Nimbus ne soit <\/span><\/span><\/span><span style=\"color: #000080;\"><span lang=\"zxx\"><u><a href=\"https:\/\/www.datacenterdynamics.com\/en\/news\/google-aws-win-12-billion-israel-nimbus-tender-for-cloud-services\/\"><span style=\"color: #000000;\"><span style=\"font-family: Arial, sans-serif;\"><span style=\"font-size: small;\">annonc\u00e9<\/span><\/span><\/span><\/a><\/u><\/span><\/span><span style=\"color: #000000;\"><span style=\"font-family: Arial, sans-serif;\"><span style=\"font-size: small;\">. C\u2019\u00e9tait comme si Google et Amazon d\u00e9claraient d\u00e9lib\u00e9r\u00e9ment leur soutien \u00e0 l\u2019apartheid. <\/span><\/span><\/span><\/p>\n<p align=\"LEFT\"><span style=\"color: #000000;\"><span style=\"font-family: Arial, sans-serif;\"><span style=\"font-size: small;\">Le fait que le projet ait \u00e9t\u00e9 sign\u00e9 pendant la guerre isra\u00e9lienne contre Gaza en dit long sur le m\u00e9pris total des deux g\u00e9ants de la technologie pour le droit international, les droits de l\u2019homme et la libert\u00e9 m\u00eame du peuple palestinien.<\/span><\/span><\/span><\/p>\n<p align=\"LEFT\"><span style=\"color: #000000;\"><span style=\"font-family: Arial, sans-serif;\"><span style=\"font-size: small;\">Puis les choses ont empir\u00e9. Le 15 mars, des centaines d\u2019employ\u00e9s de Google ont <\/span><\/span><\/span><span style=\"color: #000080;\"><span lang=\"zxx\"><u><a href=\"https:\/\/www.latimes.com\/business\/technology\/story\/2022-03-15\/google-project-nimbus-ariel-koren\"><span style=\"color: #000000;\"><span style=\"font-family: Arial, sans-serif;\"><span style=\"font-size: small;\">sign\u00e9<\/span><\/span><\/span><\/a><\/u><\/span><\/span><span style=\"color: #000000;\"><span style=\"font-family: Arial, sans-serif;\"><span style=\"font-size: small;\"> une p\u00e9tition pour protester contre le licenciement de l\u2019un de leurs coll\u00e8gues, Ariel Koren, qui a particip\u00e9 activement \u00e0 la r\u00e9daction de la lettre d\u2019octobre de protestation contre le projet Nimbus. <\/span><\/span><\/span><\/p>\n<p align=\"LEFT\"><span style=\"color: #000000;\"><span style=\"font-family: Arial, sans-serif;\"><span style=\"font-size: small;\">Koren \u00e9tait responsable du marketing produit chez <em>Google for Education<\/em> et travaillait pour l\u2019entreprise depuis six ans. Cependant, elle \u00e9tait le genre d\u2019employ\u00e9e qui n\u2019\u00e9tait pas bien vue par Google, car l\u2019entreprise est maintenant directement impliqu\u00e9e dans divers projets militaires et r\u00e9pressifs. <\/span><\/span><\/span><\/p>\n<p align=\"LEFT\"><span style=\"color: #000000;\"><span style=\"font-family: Arial, sans-serif;\"><span style=\"font-size: small;\">\u00ab\u00a0Pour moi, en tant qu&#8217;employ\u00e9e juive de Google, je ressens un sentiment profond et intense de responsabilit\u00e9 morale \u00bb, a-t-elle <a href=\"https:\/\/www.timesofisrael.com\/two-jewish-employees-behind-push-to-cancel-googles-1-2-billion-israel-contract\/\">d\u00e9clar\u00e9<\/a> dans un communiqu\u00e9 en octobre dernier. \u00ab\u00a0Lorsque vous travaillez dans une entreprise, vous avez le droit de rendre des comptes et d&rsquo;\u00eatre responsable de la mani\u00e8re dont votre travail est r\u00e9ellement utilis\u00e9\u00a0\u00bb, a-t-elle ajout\u00e9.<\/span><\/span><\/span><\/p>\n<p align=\"LEFT\"><span style=\"color: #000000;\"><span style=\"font-family: Arial, sans-serif;\"><span style=\"font-size: small;\">Google a rapidement <a href=\"https:\/\/www.latimes.com\/business\/technology\/story\/2022-03-15\/google-project-nimbus-ariel-koren\">ripost\u00e9<\/a> \u00e0 cette d\u00e9claration apparemment scandaleuse. Le mois suivant, son responsable \u00ab\u00a0lui a pos\u00e9 un ultimatum : d\u00e9m\u00e9nager au Br\u00e9sil ou perdre son poste\u00a0\u00bb. Finalement, elle a \u00e9t\u00e9 expuls\u00e9e de l&rsquo;entreprise.<\/span><\/span><\/span><\/p>\n<p align=\"LEFT\"><span style=\"color: #000000;\"><span style=\"font-family: Arial, sans-serif;\"><span style=\"font-size: small;\">Koren n&rsquo;est pas la premi\u00e8re employ\u00e9e de Google &#8211; ou d&rsquo;Amazon &#8211; \u00e0 \u00eatre licenci\u00e9e pour avoir d\u00e9fendu une juste cause, et elle ne sera malheureusement pas la derni\u00e8re. \u00c0 l&rsquo;heure du militarisme, de la surveillance, de la reconnaissance faciale injustifi\u00e9e et de la censure, dire ce que l&rsquo;on pense et oser se battre pour les droits de l&rsquo;homme et autres libert\u00e9s fondamentales n&rsquo;est plus une option.<\/span><\/span><\/span><\/p>\n<p align=\"LEFT\"><span style=\"color: #000000;\"><span style=\"font-family: Arial, sans-serif;\"><span style=\"font-size: small;\">Les entrep\u00f4ts d&rsquo;Amazon peuvent \u00eatre aussi mauvais, voire pires, qu&rsquo;un atelier clandestin typique. En mars dernier, et apr\u00e8s un bref d\u00e9menti, Amazon a <a href=\"https:\/\/www.newsweek.com\/despite-progressive-posturing-amazon-ignores-workers-rights-opinion-1597698\">pr\u00e9sent\u00e9 ses excuses<\/a> pour avoir forc\u00e9 ses travailleurs \u00e0 uriner dans des bouteilles d&rsquo;eau &#8211; et pire encore &#8211; afin que leurs managers puissent remplir les quotas requis. Ces excuses faisaient suite \u00e0 des preuves directes fournies par le site de journalisme d&rsquo;investigation <i>The Intercept<\/i>. Cependant, l&rsquo;entreprise, qui est accus\u00e9e de nombreuses violations des droits des travailleurs &#8211; y compris son engagement dans le d\u00e9mant\u00e8lement des syndicats &#8211; ne devrait pas faire marche arri\u00e8re de sit\u00f4t, surtout lorsque des profits aussi importants sont en jeu.<\/span><\/span><\/span><\/p>\n<p align=\"LEFT\"><span style=\"color: #000000;\"><span style=\"font-family: Arial, sans-serif;\"><span style=\"font-size: small;\">Mais les profits g\u00e9n\u00e9r\u00e9s par le monopole du march\u00e9, les mauvais traitements inflig\u00e9s aux travailleurs ou d&rsquo;autres comportements r\u00e9pr\u00e9hensibles sont diff\u00e9rents des profits g\u00e9n\u00e9r\u00e9s par une contribution directe aux crimes de guerre et aux crimes contre l&rsquo;humanit\u00e9. Bien que les violations des droits de l&rsquo;homme doivent \u00eatre \u00e9vit\u00e9es partout, quel que soit leur contexte, la guerre d&rsquo;Isra\u00ebl contre le peuple palestinien, d\u00e9sormais avec l&rsquo;aide directe de ces entreprises, reste l&rsquo;une des plus graves injustices qui continuent de marquer la conscience de l&rsquo;humanit\u00e9. Aucune justification de Google ou rationalisation d&rsquo;Amazon ne peut changer le fait qu&rsquo;elles facilitent les crimes de guerre isra\u00e9liens en Palestine.<\/span><\/span><\/span><\/p>\n<p align=\"LEFT\"><span style=\"color: #000000;\"><span style=\"font-family: Arial, sans-serif;\"><span style=\"font-size: small;\">Pour \u00eatre plus pr\u00e9cis, selon <a href=\"https:\/\/www.thenation.com\/article\/economy\/amazon-prime-day-israel\/\"><i>The Nation<\/i><\/a>, le service c<i>loud<\/i> Google-Amazon aidera Isra\u00ebl \u00e0 \u00e9tendre ses colonies juives ill\u00e9gales en \u00ab\u00a0soutenant les donn\u00e9es de l&rsquo;Autorit\u00e9 fonci\u00e8re isra\u00e9lienne (ILA), l&rsquo;agence gouvernementale qui g\u00e8re et attribue les terres de l&rsquo;\u00c9tat\u00a0\u00bb. Ces colonies, qui sont condamn\u00e9es \u00e0 plusieurs reprises par la communaut\u00e9 internationale, sont construites sur des terres palestiniennes et sont directement li\u00e9es au nettoyage ethnique en cours du peuple palestinien.<\/span><\/span><\/span><\/p>\n<p align=\"LEFT\"><span style=\"color: #000000;\"><span style=\"font-family: Arial, sans-serif;\"><span style=\"font-size: small;\">Selon le journal isra\u00e9lien <a href=\"https:\/\/www.haaretz.com\/israel-news\/tech-news\/.premium-ex-generals-and-big-tech-the-secret-battle-over-israel-s-cloud-project-1.10570791\"><i>Haaretz<\/i><\/a>, le projet Nimbus est \u00ab\u00a0l&rsquo;appel d&rsquo;offres le plus lucratif lanc\u00e9 par Isra\u00ebl ces derni\u00e8res ann\u00e9es\u00a0\u00bb. Le projet, qui a d\u00e9clench\u00e9 une \u00ab\u00a0guerre secr\u00e8te\u00a0\u00bb impliquant des g\u00e9n\u00e9raux en chef de l&rsquo;arm\u00e9e isra\u00e9lienne &#8211; tous se disputant une part des b\u00e9n\u00e9fices &#8211; a \u00e9galement aiguis\u00e9 l&rsquo;app\u00e9tit de nombreuses autres entreprises technologiques internationales, toutes d\u00e9sireuses de participer \u00e0 l&rsquo;effort technologique d&rsquo;Isra\u00ebl, dans le but ultime de maintenir les Palestiniens pi\u00e9g\u00e9s, occup\u00e9s et opprim\u00e9s.<\/span><\/span><\/span><\/p>\n<p align=\"LEFT\"><span style=\"color: #000000;\"><span style=\"font-family: Arial, sans-serif;\"><span style=\"font-size: small;\">C&rsquo;est pr\u00e9cis\u00e9ment la raison pour laquelle le mouvement de boycott palestinien est absolument essentiel car il vise ces entreprises internationales qui migrent vers Isra\u00ebl \u00e0 la recherche de profits. Isra\u00ebl, au contraire, doit \u00eatre boycott\u00e9, et non autoris\u00e9, sanctionn\u00e9 et non r\u00e9compens\u00e9. Si la g\u00e9n\u00e9ration de profits est naturellement l&rsquo;objectif principal d&rsquo;entreprises comme Google et Amazon, cet objectif peut \u00eatre atteint sans n\u00e9cessairement n\u00e9cessiter l&rsquo;asservissement de tout un peuple, qui est actuellement victime du dernier r\u00e9gime d&rsquo;apartheid au monde.<\/span><\/span><\/span><\/p>\n<p align=\"LEFT\"><em><span style=\"color: #000000;\"><span style=\"font-family: Arial, sans-serif;\"><span style=\"font-size: small;\">Article original en anglais sur <a href=\"https:\/\/www.middleeastmonitor.com\/20220322-the-billion-dollar-deal-that-made-google-and-amazon-partners-in-the-israeli-occupation-of-palestine\/\">Middle East Monitor<\/a>\u00a0\/ Traduction <a href=\"https:\/\/www.chroniquepalestine.com\/milliard-de-dollars-qui-fait-de-google-et-amazon-des-participants-actifs-occupation-palestine\">Chronique de Palestine<\/a> \/ MR<\/span><\/span><\/span><\/em><\/p>\n<p align=\"LEFT\"><span style=\"color: #201f1e;\"><span style=\"font-family: Vrinda, serif;\"><span style=\"font-size: medium;\">[writers slug=ramzy-baroud]<\/span><\/span><\/span><\/p>\n","protected":false},"excerpt":{"rendered":"<p>Ramzy Baroud, 22 mars 2022. \u201cNous restons anonymes parce que nous craignons des repr\u00e9sailles.\u201d Cet extrait est tir\u00e9 d\u2019une lettre sign\u00e9e par 500 employ\u00e9s de Google en octobre dernier, dans <a class=\"more-link\" href=\"https:\/\/ismfrance.org\/index.php\/2022\/03\/24\/google-et-amazon-partenaires-de-loccupation-israelienne-de-la-palestine-pour-un-milliard-de-dollars\/\">Lire la suite &rarr;<\/a><\/p>\n","protected":false},"author":3,"featured_media":2216,"comment_status":"closed","ping_status":"closed","sticky":false,"template":"","format":"standard","meta":{"footnotes":""},"categories":[12,2],"tags":[53,74],"class_list":["post-2215","post","type-post","status-publish","format-standard","has-post-thumbnail","hentry","category-analyses","category-articles","tag-collabos","tag-sionisme"],"yoast_head":"<!-- This site is optimized with the Yoast SEO plugin v27.2 - https:\/\/yoast.com\/product\/yoast-seo-wordpress\/ -->\n<title>Google et Amazon partenaires de l&#039;occupation isra\u00e9lienne de la Palestine pour un milliard de dollars - International Solidarity Movement - ISM-France<\/title>\n<meta name=\"robots\" content=\"index, follow, max-snippet:-1, max-image-preview:large, max-video-preview:-1\" \/>\n<link rel=\"canonical\" href=\"https:\/\/ismfrance.org\/index.php\/2022\/03\/24\/google-et-amazon-partenaires-de-loccupation-israelienne-de-la-palestine-pour-un-milliard-de-dollars\/\" \/>\n<meta property=\"og:locale\" content=\"fr_FR\" \/>\n<meta property=\"og:type\" content=\"article\" \/>\n<meta property=\"og:title\" content=\"Google et Amazon partenaires de l&#039;occupation isra\u00e9lienne de la Palestine pour un milliard de dollars - International Solidarity Movement - ISM-France\" \/>\n<meta property=\"og:description\" content=\"Ramzy Baroud, 22 mars 2022. \u201cNous restons anonymes parce que nous craignons des repr\u00e9sailles.\u201d Cet extrait est tir\u00e9 d\u2019une lettre sign\u00e9e par 500 employ\u00e9s de Google en octobre dernier, dans Lire la suite &rarr;\" \/>\n<meta property=\"og:url\" content=\"https:\/\/ismfrance.org\/index.php\/2022\/03\/24\/google-et-amazon-partenaires-de-loccupation-israelienne-de-la-palestine-pour-un-milliard-de-dollars\/\" \/>\n<meta property=\"og:site_name\" content=\"International Solidarity Movement - ISM-France\" \/>\n<meta property=\"article:published_time\" content=\"2022-03-24T09:55:28+00:00\" \/>\n<meta property=\"article:modified_time\" content=\"2022-03-24T19:58:50+00:00\" \/>\n<meta property=\"og:image\" content=\"https:\/\/ismfrance.org\/wp-content\/uploads\/2022\/03\/google.jpg\" \/>\n\t<meta property=\"og:image:width\" content=\"700\" \/>\n\t<meta property=\"og:image:height\" content=\"469\" \/>\n\t<meta property=\"og:image:type\" content=\"image\/jpeg\" \/>\n<meta name=\"author\" content=\"mru_01\" \/>\n<meta name=\"twitter:card\" content=\"summary_large_image\" \/>\n<meta name=\"twitter:creator\" content=\"@ISMFRANCE\" \/>\n<meta name=\"twitter:site\" content=\"@ISMFRANCE\" \/>\n<meta name=\"twitter:label1\" content=\"\u00c9crit par\" \/>\n\t<meta name=\"twitter:data1\" content=\"mru_01\" \/>\n\t<meta name=\"twitter:label2\" content=\"Dur\u00e9e de lecture estim\u00e9e\" \/>\n\t<meta name=\"twitter:data2\" content=\"7 minutes\" \/>\n<script type=\"application\/ld+json\" class=\"yoast-schema-graph\">{\"@context\":\"https:\/\/schema.org\",\"@graph\":[{\"@type\":\"Article\",\"@id\":\"https:\/\/ismfrance.org\/index.php\/2022\/03\/24\/google-et-amazon-partenaires-de-loccupation-israelienne-de-la-palestine-pour-un-milliard-de-dollars\/#article\",\"isPartOf\":{\"@id\":\"https:\/\/ismfrance.org\/index.php\/2022\/03\/24\/google-et-amazon-partenaires-de-loccupation-israelienne-de-la-palestine-pour-un-milliard-de-dollars\/\"},\"author\":{\"name\":\"mru_01\",\"@id\":\"https:\/\/ismfrance.org\/#\/schema\/person\/3c411eb72adfaae19c0dca1f41fae01d\"},\"headline\":\"Google et Amazon partenaires de l&rsquo;occupation isra\u00e9lienne de la Palestine pour un milliard de dollars\",\"datePublished\":\"2022-03-24T09:55:28+00:00\",\"dateModified\":\"2022-03-24T19:58:50+00:00\",\"mainEntityOfPage\":{\"@id\":\"https:\/\/ismfrance.org\/index.php\/2022\/03\/24\/google-et-amazon-partenaires-de-loccupation-israelienne-de-la-palestine-pour-un-milliard-de-dollars\/\"},\"wordCount\":1401,\"publisher\":{\"@id\":\"https:\/\/ismfrance.org\/#organization\"},\"image\":{\"@id\":\"https:\/\/ismfrance.org\/index.php\/2022\/03\/24\/google-et-amazon-partenaires-de-loccupation-israelienne-de-la-palestine-pour-un-milliard-de-dollars\/#primaryimage\"},\"thumbnailUrl\":\"https:\/\/ismfrance.org\/wp-content\/uploads\/2022\/03\/google.jpg\",\"keywords\":[\"Collabos\",\"Sionisme\"],\"articleSection\":[\"Analyses\",\"Articles\"],\"inLanguage\":\"fr-FR\"},{\"@type\":\"WebPage\",\"@id\":\"https:\/\/ismfrance.org\/index.php\/2022\/03\/24\/google-et-amazon-partenaires-de-loccupation-israelienne-de-la-palestine-pour-un-milliard-de-dollars\/\",\"url\":\"https:\/\/ismfrance.org\/index.php\/2022\/03\/24\/google-et-amazon-partenaires-de-loccupation-israelienne-de-la-palestine-pour-un-milliard-de-dollars\/\",\"name\":\"Google et Amazon partenaires de l'occupation isra\u00e9lienne de la Palestine pour un milliard de dollars - International Solidarity Movement - ISM-France\",\"isPartOf\":{\"@id\":\"https:\/\/ismfrance.org\/#website\"},\"primaryImageOfPage\":{\"@id\":\"https:\/\/ismfrance.org\/index.php\/2022\/03\/24\/google-et-amazon-partenaires-de-loccupation-israelienne-de-la-palestine-pour-un-milliard-de-dollars\/#primaryimage\"},\"image\":{\"@id\":\"https:\/\/ismfrance.org\/index.php\/2022\/03\/24\/google-et-amazon-partenaires-de-loccupation-israelienne-de-la-palestine-pour-un-milliard-de-dollars\/#primaryimage\"},\"thumbnailUrl\":\"https:\/\/ismfrance.org\/wp-content\/uploads\/2022\/03\/google.jpg\",\"datePublished\":\"2022-03-24T09:55:28+00:00\",\"dateModified\":\"2022-03-24T19:58:50+00:00\",\"breadcrumb\":{\"@id\":\"https:\/\/ismfrance.org\/index.php\/2022\/03\/24\/google-et-amazon-partenaires-de-loccupation-israelienne-de-la-palestine-pour-un-milliard-de-dollars\/#breadcrumb\"},\"inLanguage\":\"fr-FR\",\"potentialAction\":[{\"@type\":\"ReadAction\",\"target\":[\"https:\/\/ismfrance.org\/index.php\/2022\/03\/24\/google-et-amazon-partenaires-de-loccupation-israelienne-de-la-palestine-pour-un-milliard-de-dollars\/\"]}]},{\"@type\":\"ImageObject\",\"inLanguage\":\"fr-FR\",\"@id\":\"https:\/\/ismfrance.org\/index.php\/2022\/03\/24\/google-et-amazon-partenaires-de-loccupation-israelienne-de-la-palestine-pour-un-milliard-de-dollars\/#primaryimage\",\"url\":\"https:\/\/ismfrance.org\/wp-content\/uploads\/2022\/03\/google.jpg\",\"contentUrl\":\"https:\/\/ismfrance.org\/wp-content\/uploads\/2022\/03\/google.jpg\",\"width\":700,\"height\":469,\"caption\":\"Google est sous le feu des critiques pour avoir exerc\u00e9 des repr\u00e9sailles \u00e0 l\u2019encontre d'une employ\u00e9e qui s\u2019opposait \u00e0 son contrat avec l\u2019arm\u00e9e isra\u00e9lienne d'occupation. Plusieurs centaines d'employ\u00e9s se sont ralli\u00e9s \u00e0 leur coll\u00e8gue qui a \u00e9t\u00e9 pouss\u00e9e \u00e0 quitter son emploi en raison de son militantisme pro-palestinien - Photo : via france-palestine.org\"},{\"@type\":\"BreadcrumbList\",\"@id\":\"https:\/\/ismfrance.org\/index.php\/2022\/03\/24\/google-et-amazon-partenaires-de-loccupation-israelienne-de-la-palestine-pour-un-milliard-de-dollars\/#breadcrumb\",\"itemListElement\":[{\"@type\":\"ListItem\",\"position\":1,\"name\":\"Accueil\",\"item\":\"https:\/\/ismfrance.org\/\"},{\"@type\":\"ListItem\",\"position\":2,\"name\":\"Google et Amazon partenaires de l&#8217;occupation isra\u00e9lienne de la Palestine pour un milliard de dollars\"}]},{\"@type\":\"WebSite\",\"@id\":\"https:\/\/ismfrance.org\/#website\",\"url\":\"https:\/\/ismfrance.org\/\",\"name\":\"ISM Palestine France\",\"description\":\"Soutien aux luttes de lib\u00e9ration du peuple palestinien\",\"publisher\":{\"@id\":\"https:\/\/ismfrance.org\/#organization\"},\"potentialAction\":[{\"@type\":\"SearchAction\",\"target\":{\"@type\":\"EntryPoint\",\"urlTemplate\":\"https:\/\/ismfrance.org\/?s={search_term_string}\"},\"query-input\":{\"@type\":\"PropertyValueSpecification\",\"valueRequired\":true,\"valueName\":\"search_term_string\"}}],\"inLanguage\":\"fr-FR\"},{\"@type\":\"Organization\",\"@id\":\"https:\/\/ismfrance.org\/#organization\",\"name\":\"International Solidarity Movement\",\"url\":\"https:\/\/ismfrance.org\/\",\"logo\":{\"@type\":\"ImageObject\",\"inLanguage\":\"fr-FR\",\"@id\":\"https:\/\/ismfrance.org\/#\/schema\/logo\/image\/\",\"url\":\"https:\/\/ismfrance.org\/wp-content\/uploads\/2020\/12\/00.png\",\"contentUrl\":\"https:\/\/ismfrance.org\/wp-content\/uploads\/2020\/12\/00.png\",\"width\":400,\"height\":400,\"caption\":\"International Solidarity Movement\"},\"image\":{\"@id\":\"https:\/\/ismfrance.org\/#\/schema\/logo\/image\/\"},\"sameAs\":[\"https:\/\/x.com\/ISMFRANCE\"]},{\"@type\":\"Person\",\"@id\":\"https:\/\/ismfrance.org\/#\/schema\/person\/3c411eb72adfaae19c0dca1f41fae01d\",\"name\":\"mru_01\",\"image\":{\"@type\":\"ImageObject\",\"inLanguage\":\"fr-FR\",\"@id\":\"https:\/\/secure.gravatar.com\/avatar\/3a0be343b445d2ccc79e87444a294fad2b232e90d2051d0e3cc219e1ecd6a330?s=96&d=mm&r=g\",\"url\":\"https:\/\/secure.gravatar.com\/avatar\/3a0be343b445d2ccc79e87444a294fad2b232e90d2051d0e3cc219e1ecd6a330?s=96&d=mm&r=g\",\"contentUrl\":\"https:\/\/secure.gravatar.com\/avatar\/3a0be343b445d2ccc79e87444a294fad2b232e90d2051d0e3cc219e1ecd6a330?s=96&d=mm&r=g\",\"caption\":\"mru_01\"},\"url\":\"https:\/\/ismfrance.org\/index.php\/author\/admin02\/\"}]}<\/script>\n<!-- \/ Yoast SEO plugin. -->","yoast_head_json":{"title":"Google et Amazon partenaires de l'occupation isra\u00e9lienne de la Palestine pour un milliard de dollars - International Solidarity Movement - ISM-France","robots":{"index":"index","follow":"follow","max-snippet":"max-snippet:-1","max-image-preview":"max-image-preview:large","max-video-preview":"max-video-preview:-1"},"canonical":"https:\/\/ismfrance.org\/index.php\/2022\/03\/24\/google-et-amazon-partenaires-de-loccupation-israelienne-de-la-palestine-pour-un-milliard-de-dollars\/","og_locale":"fr_FR","og_type":"article","og_title":"Google et Amazon partenaires de l'occupation isra\u00e9lienne de la Palestine pour un milliard de dollars - International Solidarity Movement - ISM-France","og_description":"Ramzy Baroud, 22 mars 2022. \u201cNous restons anonymes parce que nous craignons des repr\u00e9sailles.\u201d Cet extrait est tir\u00e9 d\u2019une lettre sign\u00e9e par 500 employ\u00e9s de Google en octobre dernier, dans Lire la suite &rarr;","og_url":"https:\/\/ismfrance.org\/index.php\/2022\/03\/24\/google-et-amazon-partenaires-de-loccupation-israelienne-de-la-palestine-pour-un-milliard-de-dollars\/","og_site_name":"International Solidarity Movement - ISM-France","article_published_time":"2022-03-24T09:55:28+00:00","article_modified_time":"2022-03-24T19:58:50+00:00","og_image":[{"width":700,"height":469,"url":"https:\/\/ismfrance.org\/wp-content\/uploads\/2022\/03\/google.jpg","type":"image\/jpeg"}],"author":"mru_01","twitter_card":"summary_large_image","twitter_creator":"@ISMFRANCE","twitter_site":"@ISMFRANCE","twitter_misc":{"\u00c9crit par":"mru_01","Dur\u00e9e de lecture estim\u00e9e":"7 minutes"},"schema":{"@context":"https:\/\/schema.org","@graph":[{"@type":"Article","@id":"https:\/\/ismfrance.org\/index.php\/2022\/03\/24\/google-et-amazon-partenaires-de-loccupation-israelienne-de-la-palestine-pour-un-milliard-de-dollars\/#article","isPartOf":{"@id":"https:\/\/ismfrance.org\/index.php\/2022\/03\/24\/google-et-amazon-partenaires-de-loccupation-israelienne-de-la-palestine-pour-un-milliard-de-dollars\/"},"author":{"name":"mru_01","@id":"https:\/\/ismfrance.org\/#\/schema\/person\/3c411eb72adfaae19c0dca1f41fae01d"},"headline":"Google et Amazon partenaires de l&rsquo;occupation isra\u00e9lienne de la Palestine pour un milliard de dollars","datePublished":"2022-03-24T09:55:28+00:00","dateModified":"2022-03-24T19:58:50+00:00","mainEntityOfPage":{"@id":"https:\/\/ismfrance.org\/index.php\/2022\/03\/24\/google-et-amazon-partenaires-de-loccupation-israelienne-de-la-palestine-pour-un-milliard-de-dollars\/"},"wordCount":1401,"publisher":{"@id":"https:\/\/ismfrance.org\/#organization"},"image":{"@id":"https:\/\/ismfrance.org\/index.php\/2022\/03\/24\/google-et-amazon-partenaires-de-loccupation-israelienne-de-la-palestine-pour-un-milliard-de-dollars\/#primaryimage"},"thumbnailUrl":"https:\/\/ismfrance.org\/wp-content\/uploads\/2022\/03\/google.jpg","keywords":["Collabos","Sionisme"],"articleSection":["Analyses","Articles"],"inLanguage":"fr-FR"},{"@type":"WebPage","@id":"https:\/\/ismfrance.org\/index.php\/2022\/03\/24\/google-et-amazon-partenaires-de-loccupation-israelienne-de-la-palestine-pour-un-milliard-de-dollars\/","url":"https:\/\/ismfrance.org\/index.php\/2022\/03\/24\/google-et-amazon-partenaires-de-loccupation-israelienne-de-la-palestine-pour-un-milliard-de-dollars\/","name":"Google et Amazon partenaires de l'occupation isra\u00e9lienne de la Palestine pour un milliard de dollars - International Solidarity Movement - ISM-France","isPartOf":{"@id":"https:\/\/ismfrance.org\/#website"},"primaryImageOfPage":{"@id":"https:\/\/ismfrance.org\/index.php\/2022\/03\/24\/google-et-amazon-partenaires-de-loccupation-israelienne-de-la-palestine-pour-un-milliard-de-dollars\/#primaryimage"},"image":{"@id":"https:\/\/ismfrance.org\/index.php\/2022\/03\/24\/google-et-amazon-partenaires-de-loccupation-israelienne-de-la-palestine-pour-un-milliard-de-dollars\/#primaryimage"},"thumbnailUrl":"https:\/\/ismfrance.org\/wp-content\/uploads\/2022\/03\/google.jpg","datePublished":"2022-03-24T09:55:28+00:00","dateModified":"2022-03-24T19:58:50+00:00","breadcrumb":{"@id":"https:\/\/ismfrance.org\/index.php\/2022\/03\/24\/google-et-amazon-partenaires-de-loccupation-israelienne-de-la-palestine-pour-un-milliard-de-dollars\/#breadcrumb"},"inLanguage":"fr-FR","potentialAction":[{"@type":"ReadAction","target":["https:\/\/ismfrance.org\/index.php\/2022\/03\/24\/google-et-amazon-partenaires-de-loccupation-israelienne-de-la-palestine-pour-un-milliard-de-dollars\/"]}]},{"@type":"ImageObject","inLanguage":"fr-FR","@id":"https:\/\/ismfrance.org\/index.php\/2022\/03\/24\/google-et-amazon-partenaires-de-loccupation-israelienne-de-la-palestine-pour-un-milliard-de-dollars\/#primaryimage","url":"https:\/\/ismfrance.org\/wp-content\/uploads\/2022\/03\/google.jpg","contentUrl":"https:\/\/ismfrance.org\/wp-content\/uploads\/2022\/03\/google.jpg","width":700,"height":469,"caption":"Google est sous le feu des critiques pour avoir exerc\u00e9 des repr\u00e9sailles \u00e0 l\u2019encontre d'une employ\u00e9e qui s\u2019opposait \u00e0 son contrat avec l\u2019arm\u00e9e isra\u00e9lienne d'occupation. Plusieurs centaines d'employ\u00e9s se sont ralli\u00e9s \u00e0 leur coll\u00e8gue qui a \u00e9t\u00e9 pouss\u00e9e \u00e0 quitter son emploi en raison de son militantisme pro-palestinien - Photo : via france-palestine.org"},{"@type":"BreadcrumbList","@id":"https:\/\/ismfrance.org\/index.php\/2022\/03\/24\/google-et-amazon-partenaires-de-loccupation-israelienne-de-la-palestine-pour-un-milliard-de-dollars\/#breadcrumb","itemListElement":[{"@type":"ListItem","position":1,"name":"Accueil","item":"https:\/\/ismfrance.org\/"},{"@type":"ListItem","position":2,"name":"Google et Amazon partenaires de l&#8217;occupation isra\u00e9lienne de la Palestine pour un milliard de dollars"}]},{"@type":"WebSite","@id":"https:\/\/ismfrance.org\/#website","url":"https:\/\/ismfrance.org\/","name":"ISM Palestine France","description":"Soutien aux luttes de lib\u00e9ration du peuple palestinien","publisher":{"@id":"https:\/\/ismfrance.org\/#organization"},"potentialAction":[{"@type":"SearchAction","target":{"@type":"EntryPoint","urlTemplate":"https:\/\/ismfrance.org\/?s={search_term_string}"},"query-input":{"@type":"PropertyValueSpecification","valueRequired":true,"valueName":"search_term_string"}}],"inLanguage":"fr-FR"},{"@type":"Organization","@id":"https:\/\/ismfrance.org\/#organization","name":"International Solidarity Movement","url":"https:\/\/ismfrance.org\/","logo":{"@type":"ImageObject","inLanguage":"fr-FR","@id":"https:\/\/ismfrance.org\/#\/schema\/logo\/image\/","url":"https:\/\/ismfrance.org\/wp-content\/uploads\/2020\/12\/00.png","contentUrl":"https:\/\/ismfrance.org\/wp-content\/uploads\/2020\/12\/00.png","width":400,"height":400,"caption":"International Solidarity Movement"},"image":{"@id":"https:\/\/ismfrance.org\/#\/schema\/logo\/image\/"},"sameAs":["https:\/\/x.com\/ISMFRANCE"]},{"@type":"Person","@id":"https:\/\/ismfrance.org\/#\/schema\/person\/3c411eb72adfaae19c0dca1f41fae01d","name":"mru_01","image":{"@type":"ImageObject","inLanguage":"fr-FR","@id":"https:\/\/secure.gravatar.com\/avatar\/3a0be343b445d2ccc79e87444a294fad2b232e90d2051d0e3cc219e1ecd6a330?s=96&d=mm&r=g","url":"https:\/\/secure.gravatar.com\/avatar\/3a0be343b445d2ccc79e87444a294fad2b232e90d2051d0e3cc219e1ecd6a330?s=96&d=mm&r=g","contentUrl":"https:\/\/secure.gravatar.com\/avatar\/3a0be343b445d2ccc79e87444a294fad2b232e90d2051d0e3cc219e1ecd6a330?s=96&d=mm&r=g","caption":"mru_01"},"url":"https:\/\/ismfrance.org\/index.php\/author\/admin02\/"}]}},"_links":{"self":[{"href":"https:\/\/ismfrance.org\/index.php\/wp-json\/wp\/v2\/posts\/2215","targetHints":{"allow":["GET"]}}],"collection":[{"href":"https:\/\/ismfrance.org\/index.php\/wp-json\/wp\/v2\/posts"}],"about":[{"href":"https:\/\/ismfrance.org\/index.php\/wp-json\/wp\/v2\/types\/post"}],"author":[{"embeddable":true,"href":"https:\/\/ismfrance.org\/index.php\/wp-json\/wp\/v2\/users\/3"}],"replies":[{"embeddable":true,"href":"https:\/\/ismfrance.org\/index.php\/wp-json\/wp\/v2\/comments?post=2215"}],"version-history":[{"count":0,"href":"https:\/\/ismfrance.org\/index.php\/wp-json\/wp\/v2\/posts\/2215\/revisions"}],"wp:featuredmedia":[{"embeddable":true,"href":"https:\/\/ismfrance.org\/index.php\/wp-json\/wp\/v2\/media\/2216"}],"wp:attachment":[{"href":"https:\/\/ismfrance.org\/index.php\/wp-json\/wp\/v2\/media?parent=2215"}],"wp:term":[{"taxonomy":"category","embeddable":true,"href":"https:\/\/ismfrance.org\/index.php\/wp-json\/wp\/v2\/categories?post=2215"},{"taxonomy":"post_tag","embeddable":true,"href":"https:\/\/ismfrance.org\/index.php\/wp-json\/wp\/v2\/tags?post=2215"}],"curies":[{"name":"wp","href":"https:\/\/api.w.org\/{rel}","templated":true}]}}