{"id":2150,"date":"2022-03-12T13:35:42","date_gmt":"2022-03-12T12:35:42","guid":{"rendered":"https:\/\/ismfrance.org\/?p=2150"},"modified":"2022-03-15T10:12:55","modified_gmt":"2022-03-15T09:12:55","slug":"rassemblement-de-protestation-contre-la-dissolution-de-deux-organisation-de-soutien-au-peuple-palestinien","status":"publish","type":"post","link":"https:\/\/ismfrance.org\/index.php\/2022\/03\/12\/rassemblement-de-protestation-contre-la-dissolution-de-deux-organisation-de-soutien-au-peuple-palestinien\/","title":{"rendered":"Rassemblement de protestation contre la dissolution de deux organisations de soutien au peuple palestinien"},"content":{"rendered":"<p><span style=\"color: #222222; font-size: medium;\">La <\/span><span style=\"color: #222222;\"><span style=\"font-family: Arial, Helvetica, sans-serif;\"><span style=\"font-size: medium;\">Campagne unitaire pour la lib\u00e9ration de Georges Abdallah appelle \u00e0 un rassemblement le vendredi 18 mars \u00e0 partir de 17h30 \u00e0 Paris (m\u00e9tro M\u00e9nilmontant). La solidarit\u00e9 est notre arme !<\/span><\/span><\/span><\/p>\n<p><a href=\"https:\/\/ismfrance.org\/wp-content\/uploads\/2022\/03\/Visuel-18-mars5238.jpg\"><img loading=\"lazy\" decoding=\"async\" class=\"size-large wp-image-2151 aligncenter\" src=\"https:\/\/ismfrance.org\/wp-content\/uploads\/2022\/03\/Visuel-18-mars5238-700x394.jpg\" alt=\"\" width=\"600\" height=\"338\" srcset=\"https:\/\/ismfrance.org\/wp-content\/uploads\/2022\/03\/Visuel-18-mars5238-700x394.jpg 700w, https:\/\/ismfrance.org\/wp-content\/uploads\/2022\/03\/Visuel-18-mars5238-300x169.jpg 300w, https:\/\/ismfrance.org\/wp-content\/uploads\/2022\/03\/Visuel-18-mars5238-768x432.jpg 768w, https:\/\/ismfrance.org\/wp-content\/uploads\/2022\/03\/Visuel-18-mars5238.jpg 1280w\" sizes=\"auto, (max-width: 600px) 100vw, 600px\" \/><\/a><span style=\"color: #222222;\"><span style=\"font-family: Arial, Helvetica, sans-serif;\"><span style=\"font-size: medium;\">Depuis l&rsquo;annonce de la menace de la dissolution du Collectif Palestine Vaincra et du Comit\u00e9 Action Palestine, la Campagne Unitaire a r\u00e9agi en exprimant son soutien inconditionnel \u00e0 nos camarades et en condamnant et d\u00e9non\u00e7ant cette attaque inique \u00e0 la libert\u00e9 d&rsquo;association, d&rsquo;expression ciblant deux soutiens \u00e0 la r\u00e9sistance du peuple palestinien.<\/span><\/span><\/span><\/p>\n<p><span style=\"color: #222222;\"><span style=\"font-family: Arial, Helvetica, sans-serif;\"><span style=\"font-size: medium;\">Or, comme vous le savez certainement,\u00a0 mercredi dernier 9 mars, le conseil des ministres a valid\u00e9 la dissolution de ces deux organisations. Urgence il y a d\u00e9sormais \u00e0 rassembler nos forces pour d\u00e9noncer publiquement ces mesures arbitraires et liberticides et pr\u00e9parer la riposte. C&rsquo;est en ce sens que nous appelons \u00e0 un rassemblement, vendredi prochain, 18 mars, \u00e0 partir de 17h30, au m\u00e9tro M\u00e9nilmontant.<\/span><\/span><\/span><\/p>\n<p><span style=\"color: #222222;\"><span style=\"font-family: Arial, Helvetica, sans-serif;\"><span style=\"font-size: medium;\"><a href=\"https:\/\/cutt.ly\/8AZDCKe\">Lien Facebook de l&rsquo;\u00e9v\u00e9nement<\/a> cr\u00e9\u00e9 ce jour pour informer de la tenue de de rassemblement en soutien \u00e0 nos camarades et pour d\u00e9noncer la dissolution dont leur organisation a fait l&rsquo;objet.<\/span><\/span><\/span><\/p>\n<p><span style=\"color: #222222;\"><span style=\"font-family: Arial, Helvetica, sans-serif;\"><span style=\"font-size: medium;\">Ils sont de nos luttes ! Nous sommes de leurs combat !<\/span><\/span><\/span><\/p>\n<p><span style=\"color: #222222;\"><span style=\"font-family: Arial, Helvetica, sans-serif;\"><span style=\"font-size: medium;\">Palestine vivra ! Palestine vaincra !<\/span><\/span><\/span><\/p>\n<p><span style=\"color: #222222;\"><span style=\"font-family: Arial, Helvetica, sans-serif;\"><span style=\"font-size: medium;\">Libert\u00e9 pour Georges Abdallah !<\/span><\/span><\/span><\/p>\n","protected":false},"excerpt":{"rendered":"<p>La Campagne unitaire pour la lib\u00e9ration de Georges Abdallah appelle \u00e0 un rassemblement le vendredi 18 mars \u00e0 partir de 17h30 \u00e0 Paris (m\u00e9tro M\u00e9nilmontant). La solidarit\u00e9 est notre arme <a class=\"more-link\" href=\"https:\/\/ismfrance.org\/index.php\/2022\/03\/12\/rassemblement-de-protestation-contre-la-dissolution-de-deux-organisation-de-soutien-au-peuple-palestinien\/\">Lire la suite &rarr;<\/a><\/p>\n","protected":false},"author":3,"featured_media":2151,"comment_status":"closed","ping_status":"closed","sticky":false,"template":"","format":"standard","meta":{"footnotes":""},"categories":[43,2],"tags":[44,70,46],"class_list":["post-2150","post","type-post","status-publish","format-standard","has-post-thumbnail","hentry","category-actions-en-cours-ou-a-venir","category-articles","tag-materiel-militant","tag-repression","tag-solidarite"],"yoast_head":"<!-- This site is optimized with the Yoast SEO plugin v27.2 - https:\/\/yoast.com\/product\/yoast-seo-wordpress\/ -->\n<title>Rassemblement de protestation contre la dissolution de deux organisations de soutien au peuple palestinien - International Solidarity Movement - ISM-France<\/title>\n<meta name=\"robots\" content=\"index, follow, max-snippet:-1, max-image-preview:large, max-video-preview:-1\" \/>\n<link rel=\"canonical\" href=\"https:\/\/ismfrance.org\/index.php\/2022\/03\/12\/rassemblement-de-protestation-contre-la-dissolution-de-deux-organisation-de-soutien-au-peuple-palestinien\/\" \/>\n<meta property=\"og:locale\" content=\"fr_FR\" \/>\n<meta property=\"og:type\" content=\"article\" \/>\n<meta property=\"og:title\" content=\"Rassemblement de protestation contre la dissolution de deux organisations de soutien au peuple palestinien - International Solidarity Movement - ISM-France\" \/>\n<meta property=\"og:description\" content=\"La Campagne unitaire pour la lib\u00e9ration de Georges Abdallah appelle \u00e0 un rassemblement le vendredi 18 mars \u00e0 partir de 17h30 \u00e0 Paris (m\u00e9tro M\u00e9nilmontant). La solidarit\u00e9 est notre arme Lire la suite &rarr;\" \/>\n<meta property=\"og:url\" content=\"https:\/\/ismfrance.org\/index.php\/2022\/03\/12\/rassemblement-de-protestation-contre-la-dissolution-de-deux-organisation-de-soutien-au-peuple-palestinien\/\" \/>\n<meta property=\"og:site_name\" content=\"International Solidarity Movement - ISM-France\" \/>\n<meta property=\"article:published_time\" content=\"2022-03-12T12:35:42+00:00\" \/>\n<meta property=\"article:modified_time\" content=\"2022-03-15T09:12:55+00:00\" \/>\n<meta property=\"og:image\" content=\"https:\/\/ismfrance.org\/wp-content\/uploads\/2022\/03\/Visuel-18-mars5238.jpg\" \/>\n\t<meta property=\"og:image:width\" content=\"1280\" \/>\n\t<meta property=\"og:image:height\" content=\"720\" \/>\n\t<meta property=\"og:image:type\" content=\"image\/jpeg\" \/>\n<meta name=\"author\" content=\"mru_01\" \/>\n<meta name=\"twitter:card\" content=\"summary_large_image\" \/>\n<meta name=\"twitter:creator\" content=\"@ISMFRANCE\" \/>\n<meta name=\"twitter:site\" content=\"@ISMFRANCE\" \/>\n<meta name=\"twitter:label1\" content=\"\u00c9crit par\" \/>\n\t<meta name=\"twitter:data1\" content=\"mru_01\" \/>\n\t<meta name=\"twitter:label2\" content=\"Dur\u00e9e de lecture estim\u00e9e\" \/>\n\t<meta name=\"twitter:data2\" content=\"1 minute\" \/>\n<script type=\"application\/ld+json\" class=\"yoast-schema-graph\">{\"@context\":\"https:\/\/schema.org\",\"@graph\":[{\"@type\":\"Article\",\"@id\":\"https:\/\/ismfrance.org\/index.php\/2022\/03\/12\/rassemblement-de-protestation-contre-la-dissolution-de-deux-organisation-de-soutien-au-peuple-palestinien\/#article\",\"isPartOf\":{\"@id\":\"https:\/\/ismfrance.org\/index.php\/2022\/03\/12\/rassemblement-de-protestation-contre-la-dissolution-de-deux-organisation-de-soutien-au-peuple-palestinien\/\"},\"author\":{\"name\":\"mru_01\",\"@id\":\"https:\/\/ismfrance.org\/#\/schema\/person\/3c411eb72adfaae19c0dca1f41fae01d\"},\"headline\":\"Rassemblement de protestation contre la dissolution de deux organisations de soutien au peuple palestinien\",\"datePublished\":\"2022-03-12T12:35:42+00:00\",\"dateModified\":\"2022-03-15T09:12:55+00:00\",\"mainEntityOfPage\":{\"@id\":\"https:\/\/ismfrance.org\/index.php\/2022\/03\/12\/rassemblement-de-protestation-contre-la-dissolution-de-deux-organisation-de-soutien-au-peuple-palestinien\/\"},\"wordCount\":216,\"publisher\":{\"@id\":\"https:\/\/ismfrance.org\/#organization\"},\"image\":{\"@id\":\"https:\/\/ismfrance.org\/index.php\/2022\/03\/12\/rassemblement-de-protestation-contre-la-dissolution-de-deux-organisation-de-soutien-au-peuple-palestinien\/#primaryimage\"},\"thumbnailUrl\":\"https:\/\/ismfrance.org\/wp-content\/uploads\/2022\/03\/Visuel-18-mars5238.jpg\",\"keywords\":[\"mat\u00e9riel militant\",\"R\u00e9pression\",\"solidarit\u00e9\"],\"articleSection\":[\"Actions en cours ou \u00e0 venir\",\"Articles\"],\"inLanguage\":\"fr-FR\"},{\"@type\":\"WebPage\",\"@id\":\"https:\/\/ismfrance.org\/index.php\/2022\/03\/12\/rassemblement-de-protestation-contre-la-dissolution-de-deux-organisation-de-soutien-au-peuple-palestinien\/\",\"url\":\"https:\/\/ismfrance.org\/index.php\/2022\/03\/12\/rassemblement-de-protestation-contre-la-dissolution-de-deux-organisation-de-soutien-au-peuple-palestinien\/\",\"name\":\"Rassemblement de protestation contre la dissolution de deux organisations de soutien au peuple palestinien - International Solidarity Movement - ISM-France\",\"isPartOf\":{\"@id\":\"https:\/\/ismfrance.org\/#website\"},\"primaryImageOfPage\":{\"@id\":\"https:\/\/ismfrance.org\/index.php\/2022\/03\/12\/rassemblement-de-protestation-contre-la-dissolution-de-deux-organisation-de-soutien-au-peuple-palestinien\/#primaryimage\"},\"image\":{\"@id\":\"https:\/\/ismfrance.org\/index.php\/2022\/03\/12\/rassemblement-de-protestation-contre-la-dissolution-de-deux-organisation-de-soutien-au-peuple-palestinien\/#primaryimage\"},\"thumbnailUrl\":\"https:\/\/ismfrance.org\/wp-content\/uploads\/2022\/03\/Visuel-18-mars5238.jpg\",\"datePublished\":\"2022-03-12T12:35:42+00:00\",\"dateModified\":\"2022-03-15T09:12:55+00:00\",\"breadcrumb\":{\"@id\":\"https:\/\/ismfrance.org\/index.php\/2022\/03\/12\/rassemblement-de-protestation-contre-la-dissolution-de-deux-organisation-de-soutien-au-peuple-palestinien\/#breadcrumb\"},\"inLanguage\":\"fr-FR\",\"potentialAction\":[{\"@type\":\"ReadAction\",\"target\":[\"https:\/\/ismfrance.org\/index.php\/2022\/03\/12\/rassemblement-de-protestation-contre-la-dissolution-de-deux-organisation-de-soutien-au-peuple-palestinien\/\"]}]},{\"@type\":\"ImageObject\",\"inLanguage\":\"fr-FR\",\"@id\":\"https:\/\/ismfrance.org\/index.php\/2022\/03\/12\/rassemblement-de-protestation-contre-la-dissolution-de-deux-organisation-de-soutien-au-peuple-palestinien\/#primaryimage\",\"url\":\"https:\/\/ismfrance.org\/wp-content\/uploads\/2022\/03\/Visuel-18-mars5238.jpg\",\"contentUrl\":\"https:\/\/ismfrance.org\/wp-content\/uploads\/2022\/03\/Visuel-18-mars5238.jpg\",\"width\":1280,\"height\":720},{\"@type\":\"BreadcrumbList\",\"@id\":\"https:\/\/ismfrance.org\/index.php\/2022\/03\/12\/rassemblement-de-protestation-contre-la-dissolution-de-deux-organisation-de-soutien-au-peuple-palestinien\/#breadcrumb\",\"itemListElement\":[{\"@type\":\"ListItem\",\"position\":1,\"name\":\"Accueil\",\"item\":\"https:\/\/ismfrance.org\/\"},{\"@type\":\"ListItem\",\"position\":2,\"name\":\"Rassemblement de protestation contre la dissolution de deux organisations de soutien au peuple palestinien\"}]},{\"@type\":\"WebSite\",\"@id\":\"https:\/\/ismfrance.org\/#website\",\"url\":\"https:\/\/ismfrance.org\/\",\"name\":\"ISM Palestine France\",\"description\":\"Soutien aux luttes de lib\u00e9ration du peuple palestinien\",\"publisher\":{\"@id\":\"https:\/\/ismfrance.org\/#organization\"},\"potentialAction\":[{\"@type\":\"SearchAction\",\"target\":{\"@type\":\"EntryPoint\",\"urlTemplate\":\"https:\/\/ismfrance.org\/?s={search_term_string}\"},\"query-input\":{\"@type\":\"PropertyValueSpecification\",\"valueRequired\":true,\"valueName\":\"search_term_string\"}}],\"inLanguage\":\"fr-FR\"},{\"@type\":\"Organization\",\"@id\":\"https:\/\/ismfrance.org\/#organization\",\"name\":\"International Solidarity Movement\",\"url\":\"https:\/\/ismfrance.org\/\",\"logo\":{\"@type\":\"ImageObject\",\"inLanguage\":\"fr-FR\",\"@id\":\"https:\/\/ismfrance.org\/#\/schema\/logo\/image\/\",\"url\":\"https:\/\/ismfrance.org\/wp-content\/uploads\/2020\/12\/00.png\",\"contentUrl\":\"https:\/\/ismfrance.org\/wp-content\/uploads\/2020\/12\/00.png\",\"width\":400,\"height\":400,\"caption\":\"International Solidarity Movement\"},\"image\":{\"@id\":\"https:\/\/ismfrance.org\/#\/schema\/logo\/image\/\"},\"sameAs\":[\"https:\/\/x.com\/ISMFRANCE\"]},{\"@type\":\"Person\",\"@id\":\"https:\/\/ismfrance.org\/#\/schema\/person\/3c411eb72adfaae19c0dca1f41fae01d\",\"name\":\"mru_01\",\"image\":{\"@type\":\"ImageObject\",\"inLanguage\":\"fr-FR\",\"@id\":\"https:\/\/secure.gravatar.com\/avatar\/3a0be343b445d2ccc79e87444a294fad2b232e90d2051d0e3cc219e1ecd6a330?s=96&d=mm&r=g\",\"url\":\"https:\/\/secure.gravatar.com\/avatar\/3a0be343b445d2ccc79e87444a294fad2b232e90d2051d0e3cc219e1ecd6a330?s=96&d=mm&r=g\",\"contentUrl\":\"https:\/\/secure.gravatar.com\/avatar\/3a0be343b445d2ccc79e87444a294fad2b232e90d2051d0e3cc219e1ecd6a330?s=96&d=mm&r=g\",\"caption\":\"mru_01\"},\"url\":\"https:\/\/ismfrance.org\/index.php\/author\/admin02\/\"}]}<\/script>\n<!-- \/ Yoast SEO plugin. -->","yoast_head_json":{"title":"Rassemblement de protestation contre la dissolution de deux organisations de soutien au peuple palestinien - International Solidarity Movement - ISM-France","robots":{"index":"index","follow":"follow","max-snippet":"max-snippet:-1","max-image-preview":"max-image-preview:large","max-video-preview":"max-video-preview:-1"},"canonical":"https:\/\/ismfrance.org\/index.php\/2022\/03\/12\/rassemblement-de-protestation-contre-la-dissolution-de-deux-organisation-de-soutien-au-peuple-palestinien\/","og_locale":"fr_FR","og_type":"article","og_title":"Rassemblement de protestation contre la dissolution de deux organisations de soutien au peuple palestinien - International Solidarity Movement - ISM-France","og_description":"La Campagne unitaire pour la lib\u00e9ration de Georges Abdallah appelle \u00e0 un rassemblement le vendredi 18 mars \u00e0 partir de 17h30 \u00e0 Paris (m\u00e9tro M\u00e9nilmontant). La solidarit\u00e9 est notre arme Lire la suite &rarr;","og_url":"https:\/\/ismfrance.org\/index.php\/2022\/03\/12\/rassemblement-de-protestation-contre-la-dissolution-de-deux-organisation-de-soutien-au-peuple-palestinien\/","og_site_name":"International Solidarity Movement - ISM-France","article_published_time":"2022-03-12T12:35:42+00:00","article_modified_time":"2022-03-15T09:12:55+00:00","og_image":[{"width":1280,"height":720,"url":"https:\/\/ismfrance.org\/wp-content\/uploads\/2022\/03\/Visuel-18-mars5238.jpg","type":"image\/jpeg"}],"author":"mru_01","twitter_card":"summary_large_image","twitter_creator":"@ISMFRANCE","twitter_site":"@ISMFRANCE","twitter_misc":{"\u00c9crit par":"mru_01","Dur\u00e9e de lecture estim\u00e9e":"1 minute"},"schema":{"@context":"https:\/\/schema.org","@graph":[{"@type":"Article","@id":"https:\/\/ismfrance.org\/index.php\/2022\/03\/12\/rassemblement-de-protestation-contre-la-dissolution-de-deux-organisation-de-soutien-au-peuple-palestinien\/#article","isPartOf":{"@id":"https:\/\/ismfrance.org\/index.php\/2022\/03\/12\/rassemblement-de-protestation-contre-la-dissolution-de-deux-organisation-de-soutien-au-peuple-palestinien\/"},"author":{"name":"mru_01","@id":"https:\/\/ismfrance.org\/#\/schema\/person\/3c411eb72adfaae19c0dca1f41fae01d"},"headline":"Rassemblement de protestation contre la dissolution de deux organisations de soutien au peuple palestinien","datePublished":"2022-03-12T12:35:42+00:00","dateModified":"2022-03-15T09:12:55+00:00","mainEntityOfPage":{"@id":"https:\/\/ismfrance.org\/index.php\/2022\/03\/12\/rassemblement-de-protestation-contre-la-dissolution-de-deux-organisation-de-soutien-au-peuple-palestinien\/"},"wordCount":216,"publisher":{"@id":"https:\/\/ismfrance.org\/#organization"},"image":{"@id":"https:\/\/ismfrance.org\/index.php\/2022\/03\/12\/rassemblement-de-protestation-contre-la-dissolution-de-deux-organisation-de-soutien-au-peuple-palestinien\/#primaryimage"},"thumbnailUrl":"https:\/\/ismfrance.org\/wp-content\/uploads\/2022\/03\/Visuel-18-mars5238.jpg","keywords":["mat\u00e9riel militant","R\u00e9pression","solidarit\u00e9"],"articleSection":["Actions en cours ou \u00e0 venir","Articles"],"inLanguage":"fr-FR"},{"@type":"WebPage","@id":"https:\/\/ismfrance.org\/index.php\/2022\/03\/12\/rassemblement-de-protestation-contre-la-dissolution-de-deux-organisation-de-soutien-au-peuple-palestinien\/","url":"https:\/\/ismfrance.org\/index.php\/2022\/03\/12\/rassemblement-de-protestation-contre-la-dissolution-de-deux-organisation-de-soutien-au-peuple-palestinien\/","name":"Rassemblement de protestation contre la dissolution de deux organisations de soutien au peuple palestinien - International Solidarity Movement - ISM-France","isPartOf":{"@id":"https:\/\/ismfrance.org\/#website"},"primaryImageOfPage":{"@id":"https:\/\/ismfrance.org\/index.php\/2022\/03\/12\/rassemblement-de-protestation-contre-la-dissolution-de-deux-organisation-de-soutien-au-peuple-palestinien\/#primaryimage"},"image":{"@id":"https:\/\/ismfrance.org\/index.php\/2022\/03\/12\/rassemblement-de-protestation-contre-la-dissolution-de-deux-organisation-de-soutien-au-peuple-palestinien\/#primaryimage"},"thumbnailUrl":"https:\/\/ismfrance.org\/wp-content\/uploads\/2022\/03\/Visuel-18-mars5238.jpg","datePublished":"2022-03-12T12:35:42+00:00","dateModified":"2022-03-15T09:12:55+00:00","breadcrumb":{"@id":"https:\/\/ismfrance.org\/index.php\/2022\/03\/12\/rassemblement-de-protestation-contre-la-dissolution-de-deux-organisation-de-soutien-au-peuple-palestinien\/#breadcrumb"},"inLanguage":"fr-FR","potentialAction":[{"@type":"ReadAction","target":["https:\/\/ismfrance.org\/index.php\/2022\/03\/12\/rassemblement-de-protestation-contre-la-dissolution-de-deux-organisation-de-soutien-au-peuple-palestinien\/"]}]},{"@type":"ImageObject","inLanguage":"fr-FR","@id":"https:\/\/ismfrance.org\/index.php\/2022\/03\/12\/rassemblement-de-protestation-contre-la-dissolution-de-deux-organisation-de-soutien-au-peuple-palestinien\/#primaryimage","url":"https:\/\/ismfrance.org\/wp-content\/uploads\/2022\/03\/Visuel-18-mars5238.jpg","contentUrl":"https:\/\/ismfrance.org\/wp-content\/uploads\/2022\/03\/Visuel-18-mars5238.jpg","width":1280,"height":720},{"@type":"BreadcrumbList","@id":"https:\/\/ismfrance.org\/index.php\/2022\/03\/12\/rassemblement-de-protestation-contre-la-dissolution-de-deux-organisation-de-soutien-au-peuple-palestinien\/#breadcrumb","itemListElement":[{"@type":"ListItem","position":1,"name":"Accueil","item":"https:\/\/ismfrance.org\/"},{"@type":"ListItem","position":2,"name":"Rassemblement de protestation contre la dissolution de deux organisations de soutien au peuple palestinien"}]},{"@type":"WebSite","@id":"https:\/\/ismfrance.org\/#website","url":"https:\/\/ismfrance.org\/","name":"ISM Palestine France","description":"Soutien aux luttes de lib\u00e9ration du peuple palestinien","publisher":{"@id":"https:\/\/ismfrance.org\/#organization"},"potentialAction":[{"@type":"SearchAction","target":{"@type":"EntryPoint","urlTemplate":"https:\/\/ismfrance.org\/?s={search_term_string}"},"query-input":{"@type":"PropertyValueSpecification","valueRequired":true,"valueName":"search_term_string"}}],"inLanguage":"fr-FR"},{"@type":"Organization","@id":"https:\/\/ismfrance.org\/#organization","name":"International Solidarity Movement","url":"https:\/\/ismfrance.org\/","logo":{"@type":"ImageObject","inLanguage":"fr-FR","@id":"https:\/\/ismfrance.org\/#\/schema\/logo\/image\/","url":"https:\/\/ismfrance.org\/wp-content\/uploads\/2020\/12\/00.png","contentUrl":"https:\/\/ismfrance.org\/wp-content\/uploads\/2020\/12\/00.png","width":400,"height":400,"caption":"International Solidarity Movement"},"image":{"@id":"https:\/\/ismfrance.org\/#\/schema\/logo\/image\/"},"sameAs":["https:\/\/x.com\/ISMFRANCE"]},{"@type":"Person","@id":"https:\/\/ismfrance.org\/#\/schema\/person\/3c411eb72adfaae19c0dca1f41fae01d","name":"mru_01","image":{"@type":"ImageObject","inLanguage":"fr-FR","@id":"https:\/\/secure.gravatar.com\/avatar\/3a0be343b445d2ccc79e87444a294fad2b232e90d2051d0e3cc219e1ecd6a330?s=96&d=mm&r=g","url":"https:\/\/secure.gravatar.com\/avatar\/3a0be343b445d2ccc79e87444a294fad2b232e90d2051d0e3cc219e1ecd6a330?s=96&d=mm&r=g","contentUrl":"https:\/\/secure.gravatar.com\/avatar\/3a0be343b445d2ccc79e87444a294fad2b232e90d2051d0e3cc219e1ecd6a330?s=96&d=mm&r=g","caption":"mru_01"},"url":"https:\/\/ismfrance.org\/index.php\/author\/admin02\/"}]}},"_links":{"self":[{"href":"https:\/\/ismfrance.org\/index.php\/wp-json\/wp\/v2\/posts\/2150","targetHints":{"allow":["GET"]}}],"collection":[{"href":"https:\/\/ismfrance.org\/index.php\/wp-json\/wp\/v2\/posts"}],"about":[{"href":"https:\/\/ismfrance.org\/index.php\/wp-json\/wp\/v2\/types\/post"}],"author":[{"embeddable":true,"href":"https:\/\/ismfrance.org\/index.php\/wp-json\/wp\/v2\/users\/3"}],"replies":[{"embeddable":true,"href":"https:\/\/ismfrance.org\/index.php\/wp-json\/wp\/v2\/comments?post=2150"}],"version-history":[{"count":0,"href":"https:\/\/ismfrance.org\/index.php\/wp-json\/wp\/v2\/posts\/2150\/revisions"}],"wp:featuredmedia":[{"embeddable":true,"href":"https:\/\/ismfrance.org\/index.php\/wp-json\/wp\/v2\/media\/2151"}],"wp:attachment":[{"href":"https:\/\/ismfrance.org\/index.php\/wp-json\/wp\/v2\/media?parent=2150"}],"wp:term":[{"taxonomy":"category","embeddable":true,"href":"https:\/\/ismfrance.org\/index.php\/wp-json\/wp\/v2\/categories?post=2150"},{"taxonomy":"post_tag","embeddable":true,"href":"https:\/\/ismfrance.org\/index.php\/wp-json\/wp\/v2\/tags?post=2150"}],"curies":[{"name":"wp","href":"https:\/\/api.w.org\/{rel}","templated":true}]}}