{"id":2144,"date":"2022-03-11T14:23:50","date_gmt":"2022-03-11T13:23:50","guid":{"rendered":"https:\/\/ismfrance.org\/?p=2144"},"modified":"2022-03-11T14:23:50","modified_gmt":"2022-03-11T13:23:50","slug":"israel-interdit-le-regroupement-familial","status":"publish","type":"post","link":"https:\/\/ismfrance.org\/index.php\/2022\/03\/11\/israel-interdit-le-regroupement-familial\/","title":{"rendered":"Isra\u00ebl interdit le regroupement familial"},"content":{"rendered":"<p><span style=\"font-family: Verdana, sans-serif;\"><span style=\"font-size: small;\"><b>MEMO, 11 mars 2022<\/b>. La Knesset d&rsquo;Isra\u00ebl a adopt\u00e9 une loi qui interdit effectivement aux Palestiniens de Cisjordanie ou de Gaza mari\u00e9s \u00e0 des citoyens palestiniens d&rsquo;Isra\u00ebl d&rsquo;obtenir la citoyennet\u00e9 ou la r\u00e9sidence en Isra\u00ebl, selon le <a href=\"https:\/\/www.palinfo.com\/news\/2022\/3\/11\/\u0627\u0644\u0645\u062a\u0627\u0628\u0639\u0629-\u062a\u062f\u064a\u0646-\u0642\u0627\u0646\u0648\u0646-\u0645\u0646\u0639-\u0644\u0645-\u0627\u0644\u0634\u0645\u0644-\u0644\u0644\u0639\u0627\u0626\u0644\u0627\u062a-\u0627\u0644\u0641\u0644\u0633\u0637\u064a\u0646\u064a\u0629-\u0648\u062a\u0635\u0641\u0647-\u0628\u0627\u0644\u0639\u0646\u0635\u0631\u064a\"><i>Centre d&rsquo;information palestinien<\/i><\/a><\/span><\/span><span style=\"font-family: Verdana, sans-serif;\"><span style=\"font-size: small;\">.<\/span><\/span><\/p>\n<div id=\"attachment_2146\" style=\"width: 610px\" class=\"wp-caption aligncenter\"><a href=\"https:\/\/ismfrance.org\/wp-content\/uploads\/2022\/03\/reunification.jpg\"><img loading=\"lazy\" decoding=\"async\" aria-describedby=\"caption-attachment-2146\" class=\"size-large wp-image-2146\" src=\"https:\/\/ismfrance.org\/wp-content\/uploads\/2022\/03\/reunification-700x466.jpg\" alt=\"\" width=\"600\" height=\"399\" srcset=\"https:\/\/ismfrance.org\/wp-content\/uploads\/2022\/03\/reunification-700x466.jpg 700w, https:\/\/ismfrance.org\/wp-content\/uploads\/2022\/03\/reunification-300x200.jpg 300w, https:\/\/ismfrance.org\/wp-content\/uploads\/2022\/03\/reunification-768x512.jpg 768w, https:\/\/ismfrance.org\/wp-content\/uploads\/2022\/03\/reunification.jpg 800w\" sizes=\"auto, (max-width: 600px) 100vw, 600px\" \/><\/a><p id=\"caption-attachment-2146\" class=\"wp-caption-text\">Une manifestation \u00e0 Gaza en faveur du droit \u00e0 la r\u00e9unification familiale. Abdallah al-Naami<\/p><\/div>\n<p><span style=\"font-family: Verdana, sans-serif;\"><span style=\"font-size: small;\">La Knesset a approuv\u00e9 la loi sur la citoyennet\u00e9 et l&rsquo;entr\u00e9e en Isra\u00ebl (ordonnance temporaire), 2022, par un vote majoritaire de 45-15 hier.<\/span><\/span><\/p>\n<p><span style=\"font-family: Verdana, sans-serif;\"><span style=\"font-size: small;\">Alors qu&rsquo;Isra\u00ebl pr\u00e9tendait que la loi avait \u00e9t\u00e9 adopt\u00e9e pour des raisons de s\u00e9curit\u00e9, on pense que la loi a \u00e9t\u00e9 adopt\u00e9e pour des raisons racistes afin d&#8217;emp\u00eacher les Palestiniens de Cisjordanie ou de Gaza qui \u00e9pousent des Palestiniens ou des Isra\u00e9liens juifs d&rsquo;obtenir la citoyennet\u00e9 isra\u00e9lienne afin de maintenir une majorit\u00e9 juive en Isra\u00ebl.<\/span><\/span><\/p>\n<p><span style=\"font-family: Verdana, sans-serif;\"><span style=\"font-size: small;\">Le nouveau d\u00e9cret temporaire affirme explicitement que son objectif est d&rsquo;assurer une majorit\u00e9 d\u00e9mographique juive. La loi interdit \u00e9galement l&rsquo;entr\u00e9e d&rsquo;Arabes en provenance de pays \u00ab\u00a0hostiles\u00a0\u00bb \u00e0 Isra\u00ebl, comme le Liban, la Syrie, l&rsquo;Irak et l&rsquo;Iran, \u00e0 des fins de regroupement familial.<\/span><\/span><\/p>\n<p><span style=\"font-family: Verdana, sans-serif;\"><span style=\"font-size: small;\">La Knesset isra\u00e9lienne a adopt\u00e9 une loi qui interdit effectivement aux Palestiniens de Cisjordanie ou de Gaza mari\u00e9s \u00e0 des citoyens palestiniens d&rsquo;Isra\u00ebl d&rsquo;obtenir la citoyennet\u00e9 ou la r\u00e9sidence.<\/span><\/span><\/p>\n<p><span style=\"font-family: Verdana, sans-serif;\"><span style=\"font-size: small;\">Les groupes de d\u00e9fense des droits ont depuis longtemps mis en garde contre la gravit\u00e9 de cette loi, qui, selon le gouvernement isra\u00e9lien, a \u00e9t\u00e9 promulgu\u00e9e pour des raisons de s\u00e9curit\u00e9. Les Palestiniens consid\u00e8rent que cette loi est raciste.<\/span><\/span><\/p>\n<p><em><span style=\"font-family: Verdana, sans-serif;\"><span style=\"font-size: small;\">Article original en anglais sur <a href=\"https:\/\/www.middleeastmonitor.com\/20220311-israel-bans-family-reunification\/\">Middle East Monitor<\/a> \/ Traduction MR<\/span><\/span><\/em><\/p>\n","protected":false},"excerpt":{"rendered":"<p>MEMO, 11 mars 2022. La Knesset d&rsquo;Isra\u00ebl a adopt\u00e9 une loi qui interdit effectivement aux Palestiniens de Cisjordanie ou de Gaza mari\u00e9s \u00e0 des citoyens palestiniens d&rsquo;Isra\u00ebl d&rsquo;obtenir la citoyennet\u00e9 <a class=\"more-link\" href=\"https:\/\/ismfrance.org\/index.php\/2022\/03\/11\/israel-interdit-le-regroupement-familial\/\">Lire la suite &rarr;<\/a><\/p>\n","protected":false},"author":3,"featured_media":2146,"comment_status":"closed","ping_status":"closed","sticky":false,"template":"","format":"standard","meta":{"footnotes":""},"categories":[2,14],"tags":[169],"class_list":["post-2144","post","type-post","status-publish","format-standard","has-post-thumbnail","hentry","category-articles","category-communiques","tag-regroupement-familial"],"yoast_head":"<!-- This site is optimized with the Yoast SEO plugin v27.2 - https:\/\/yoast.com\/product\/yoast-seo-wordpress\/ -->\n<title>Isra\u00ebl interdit le regroupement familial - International Solidarity Movement - ISM-France<\/title>\n<meta name=\"robots\" content=\"index, follow, max-snippet:-1, max-image-preview:large, max-video-preview:-1\" \/>\n<link rel=\"canonical\" href=\"https:\/\/ismfrance.org\/index.php\/2022\/03\/11\/israel-interdit-le-regroupement-familial\/\" \/>\n<meta property=\"og:locale\" content=\"fr_FR\" \/>\n<meta property=\"og:type\" content=\"article\" \/>\n<meta property=\"og:title\" content=\"Isra\u00ebl interdit le regroupement familial - International Solidarity Movement - ISM-France\" \/>\n<meta property=\"og:description\" content=\"MEMO, 11 mars 2022. La Knesset d&rsquo;Isra\u00ebl a adopt\u00e9 une loi qui interdit effectivement aux Palestiniens de Cisjordanie ou de Gaza mari\u00e9s \u00e0 des citoyens palestiniens d&rsquo;Isra\u00ebl d&rsquo;obtenir la citoyennet\u00e9 Lire la suite &rarr;\" \/>\n<meta property=\"og:url\" content=\"https:\/\/ismfrance.org\/index.php\/2022\/03\/11\/israel-interdit-le-regroupement-familial\/\" \/>\n<meta property=\"og:site_name\" content=\"International Solidarity Movement - ISM-France\" \/>\n<meta property=\"article:published_time\" content=\"2022-03-11T13:23:50+00:00\" \/>\n<meta property=\"og:image\" content=\"https:\/\/ismfrance.org\/wp-content\/uploads\/2022\/03\/reunification.jpg\" \/>\n\t<meta property=\"og:image:width\" content=\"800\" \/>\n\t<meta property=\"og:image:height\" content=\"533\" \/>\n\t<meta property=\"og:image:type\" content=\"image\/jpeg\" \/>\n<meta name=\"author\" content=\"mru_01\" \/>\n<meta name=\"twitter:card\" content=\"summary_large_image\" \/>\n<meta name=\"twitter:creator\" content=\"@ISMFRANCE\" \/>\n<meta name=\"twitter:site\" content=\"@ISMFRANCE\" \/>\n<meta name=\"twitter:label1\" content=\"\u00c9crit par\" \/>\n\t<meta name=\"twitter:data1\" content=\"mru_01\" \/>\n\t<meta name=\"twitter:label2\" content=\"Dur\u00e9e de lecture estim\u00e9e\" \/>\n\t<meta name=\"twitter:data2\" content=\"1 minute\" \/>\n<script type=\"application\/ld+json\" class=\"yoast-schema-graph\">{\"@context\":\"https:\/\/schema.org\",\"@graph\":[{\"@type\":\"Article\",\"@id\":\"https:\/\/ismfrance.org\/index.php\/2022\/03\/11\/israel-interdit-le-regroupement-familial\/#article\",\"isPartOf\":{\"@id\":\"https:\/\/ismfrance.org\/index.php\/2022\/03\/11\/israel-interdit-le-regroupement-familial\/\"},\"author\":{\"name\":\"mru_01\",\"@id\":\"https:\/\/ismfrance.org\/#\/schema\/person\/3c411eb72adfaae19c0dca1f41fae01d\"},\"headline\":\"Isra\u00ebl interdit le regroupement familial\",\"datePublished\":\"2022-03-11T13:23:50+00:00\",\"mainEntityOfPage\":{\"@id\":\"https:\/\/ismfrance.org\/index.php\/2022\/03\/11\/israel-interdit-le-regroupement-familial\/\"},\"wordCount\":301,\"publisher\":{\"@id\":\"https:\/\/ismfrance.org\/#organization\"},\"image\":{\"@id\":\"https:\/\/ismfrance.org\/index.php\/2022\/03\/11\/israel-interdit-le-regroupement-familial\/#primaryimage\"},\"thumbnailUrl\":\"https:\/\/ismfrance.org\/wp-content\/uploads\/2022\/03\/reunification.jpg\",\"keywords\":[\"Regroupement familial\"],\"articleSection\":[\"Articles\",\"Communiqu\u00e9s\"],\"inLanguage\":\"fr-FR\"},{\"@type\":\"WebPage\",\"@id\":\"https:\/\/ismfrance.org\/index.php\/2022\/03\/11\/israel-interdit-le-regroupement-familial\/\",\"url\":\"https:\/\/ismfrance.org\/index.php\/2022\/03\/11\/israel-interdit-le-regroupement-familial\/\",\"name\":\"Isra\u00ebl interdit le regroupement familial - International Solidarity Movement - ISM-France\",\"isPartOf\":{\"@id\":\"https:\/\/ismfrance.org\/#website\"},\"primaryImageOfPage\":{\"@id\":\"https:\/\/ismfrance.org\/index.php\/2022\/03\/11\/israel-interdit-le-regroupement-familial\/#primaryimage\"},\"image\":{\"@id\":\"https:\/\/ismfrance.org\/index.php\/2022\/03\/11\/israel-interdit-le-regroupement-familial\/#primaryimage\"},\"thumbnailUrl\":\"https:\/\/ismfrance.org\/wp-content\/uploads\/2022\/03\/reunification.jpg\",\"datePublished\":\"2022-03-11T13:23:50+00:00\",\"breadcrumb\":{\"@id\":\"https:\/\/ismfrance.org\/index.php\/2022\/03\/11\/israel-interdit-le-regroupement-familial\/#breadcrumb\"},\"inLanguage\":\"fr-FR\",\"potentialAction\":[{\"@type\":\"ReadAction\",\"target\":[\"https:\/\/ismfrance.org\/index.php\/2022\/03\/11\/israel-interdit-le-regroupement-familial\/\"]}]},{\"@type\":\"ImageObject\",\"inLanguage\":\"fr-FR\",\"@id\":\"https:\/\/ismfrance.org\/index.php\/2022\/03\/11\/israel-interdit-le-regroupement-familial\/#primaryimage\",\"url\":\"https:\/\/ismfrance.org\/wp-content\/uploads\/2022\/03\/reunification.jpg\",\"contentUrl\":\"https:\/\/ismfrance.org\/wp-content\/uploads\/2022\/03\/reunification.jpg\",\"width\":800,\"height\":533,\"caption\":\"Une manifestation \u00e0 Gaza en faveur du droit \u00e0 la r\u00e9unification familiale. Abdallah al-Naami\"},{\"@type\":\"BreadcrumbList\",\"@id\":\"https:\/\/ismfrance.org\/index.php\/2022\/03\/11\/israel-interdit-le-regroupement-familial\/#breadcrumb\",\"itemListElement\":[{\"@type\":\"ListItem\",\"position\":1,\"name\":\"Accueil\",\"item\":\"https:\/\/ismfrance.org\/\"},{\"@type\":\"ListItem\",\"position\":2,\"name\":\"Isra\u00ebl interdit le regroupement familial\"}]},{\"@type\":\"WebSite\",\"@id\":\"https:\/\/ismfrance.org\/#website\",\"url\":\"https:\/\/ismfrance.org\/\",\"name\":\"ISM Palestine France\",\"description\":\"Soutien aux luttes de lib\u00e9ration du peuple palestinien\",\"publisher\":{\"@id\":\"https:\/\/ismfrance.org\/#organization\"},\"potentialAction\":[{\"@type\":\"SearchAction\",\"target\":{\"@type\":\"EntryPoint\",\"urlTemplate\":\"https:\/\/ismfrance.org\/?s={search_term_string}\"},\"query-input\":{\"@type\":\"PropertyValueSpecification\",\"valueRequired\":true,\"valueName\":\"search_term_string\"}}],\"inLanguage\":\"fr-FR\"},{\"@type\":\"Organization\",\"@id\":\"https:\/\/ismfrance.org\/#organization\",\"name\":\"International Solidarity Movement\",\"url\":\"https:\/\/ismfrance.org\/\",\"logo\":{\"@type\":\"ImageObject\",\"inLanguage\":\"fr-FR\",\"@id\":\"https:\/\/ismfrance.org\/#\/schema\/logo\/image\/\",\"url\":\"https:\/\/ismfrance.org\/wp-content\/uploads\/2020\/12\/00.png\",\"contentUrl\":\"https:\/\/ismfrance.org\/wp-content\/uploads\/2020\/12\/00.png\",\"width\":400,\"height\":400,\"caption\":\"International Solidarity Movement\"},\"image\":{\"@id\":\"https:\/\/ismfrance.org\/#\/schema\/logo\/image\/\"},\"sameAs\":[\"https:\/\/x.com\/ISMFRANCE\"]},{\"@type\":\"Person\",\"@id\":\"https:\/\/ismfrance.org\/#\/schema\/person\/3c411eb72adfaae19c0dca1f41fae01d\",\"name\":\"mru_01\",\"image\":{\"@type\":\"ImageObject\",\"inLanguage\":\"fr-FR\",\"@id\":\"https:\/\/secure.gravatar.com\/avatar\/3a0be343b445d2ccc79e87444a294fad2b232e90d2051d0e3cc219e1ecd6a330?s=96&d=mm&r=g\",\"url\":\"https:\/\/secure.gravatar.com\/avatar\/3a0be343b445d2ccc79e87444a294fad2b232e90d2051d0e3cc219e1ecd6a330?s=96&d=mm&r=g\",\"contentUrl\":\"https:\/\/secure.gravatar.com\/avatar\/3a0be343b445d2ccc79e87444a294fad2b232e90d2051d0e3cc219e1ecd6a330?s=96&d=mm&r=g\",\"caption\":\"mru_01\"},\"url\":\"https:\/\/ismfrance.org\/index.php\/author\/admin02\/\"}]}<\/script>\n<!-- \/ Yoast SEO plugin. -->","yoast_head_json":{"title":"Isra\u00ebl interdit le regroupement familial - International Solidarity Movement - ISM-France","robots":{"index":"index","follow":"follow","max-snippet":"max-snippet:-1","max-image-preview":"max-image-preview:large","max-video-preview":"max-video-preview:-1"},"canonical":"https:\/\/ismfrance.org\/index.php\/2022\/03\/11\/israel-interdit-le-regroupement-familial\/","og_locale":"fr_FR","og_type":"article","og_title":"Isra\u00ebl interdit le regroupement familial - International Solidarity Movement - ISM-France","og_description":"MEMO, 11 mars 2022. La Knesset d&rsquo;Isra\u00ebl a adopt\u00e9 une loi qui interdit effectivement aux Palestiniens de Cisjordanie ou de Gaza mari\u00e9s \u00e0 des citoyens palestiniens d&rsquo;Isra\u00ebl d&rsquo;obtenir la citoyennet\u00e9 Lire la suite &rarr;","og_url":"https:\/\/ismfrance.org\/index.php\/2022\/03\/11\/israel-interdit-le-regroupement-familial\/","og_site_name":"International Solidarity Movement - ISM-France","article_published_time":"2022-03-11T13:23:50+00:00","og_image":[{"width":800,"height":533,"url":"https:\/\/ismfrance.org\/wp-content\/uploads\/2022\/03\/reunification.jpg","type":"image\/jpeg"}],"author":"mru_01","twitter_card":"summary_large_image","twitter_creator":"@ISMFRANCE","twitter_site":"@ISMFRANCE","twitter_misc":{"\u00c9crit par":"mru_01","Dur\u00e9e de lecture estim\u00e9e":"1 minute"},"schema":{"@context":"https:\/\/schema.org","@graph":[{"@type":"Article","@id":"https:\/\/ismfrance.org\/index.php\/2022\/03\/11\/israel-interdit-le-regroupement-familial\/#article","isPartOf":{"@id":"https:\/\/ismfrance.org\/index.php\/2022\/03\/11\/israel-interdit-le-regroupement-familial\/"},"author":{"name":"mru_01","@id":"https:\/\/ismfrance.org\/#\/schema\/person\/3c411eb72adfaae19c0dca1f41fae01d"},"headline":"Isra\u00ebl interdit le regroupement familial","datePublished":"2022-03-11T13:23:50+00:00","mainEntityOfPage":{"@id":"https:\/\/ismfrance.org\/index.php\/2022\/03\/11\/israel-interdit-le-regroupement-familial\/"},"wordCount":301,"publisher":{"@id":"https:\/\/ismfrance.org\/#organization"},"image":{"@id":"https:\/\/ismfrance.org\/index.php\/2022\/03\/11\/israel-interdit-le-regroupement-familial\/#primaryimage"},"thumbnailUrl":"https:\/\/ismfrance.org\/wp-content\/uploads\/2022\/03\/reunification.jpg","keywords":["Regroupement familial"],"articleSection":["Articles","Communiqu\u00e9s"],"inLanguage":"fr-FR"},{"@type":"WebPage","@id":"https:\/\/ismfrance.org\/index.php\/2022\/03\/11\/israel-interdit-le-regroupement-familial\/","url":"https:\/\/ismfrance.org\/index.php\/2022\/03\/11\/israel-interdit-le-regroupement-familial\/","name":"Isra\u00ebl interdit le regroupement familial - International Solidarity Movement - ISM-France","isPartOf":{"@id":"https:\/\/ismfrance.org\/#website"},"primaryImageOfPage":{"@id":"https:\/\/ismfrance.org\/index.php\/2022\/03\/11\/israel-interdit-le-regroupement-familial\/#primaryimage"},"image":{"@id":"https:\/\/ismfrance.org\/index.php\/2022\/03\/11\/israel-interdit-le-regroupement-familial\/#primaryimage"},"thumbnailUrl":"https:\/\/ismfrance.org\/wp-content\/uploads\/2022\/03\/reunification.jpg","datePublished":"2022-03-11T13:23:50+00:00","breadcrumb":{"@id":"https:\/\/ismfrance.org\/index.php\/2022\/03\/11\/israel-interdit-le-regroupement-familial\/#breadcrumb"},"inLanguage":"fr-FR","potentialAction":[{"@type":"ReadAction","target":["https:\/\/ismfrance.org\/index.php\/2022\/03\/11\/israel-interdit-le-regroupement-familial\/"]}]},{"@type":"ImageObject","inLanguage":"fr-FR","@id":"https:\/\/ismfrance.org\/index.php\/2022\/03\/11\/israel-interdit-le-regroupement-familial\/#primaryimage","url":"https:\/\/ismfrance.org\/wp-content\/uploads\/2022\/03\/reunification.jpg","contentUrl":"https:\/\/ismfrance.org\/wp-content\/uploads\/2022\/03\/reunification.jpg","width":800,"height":533,"caption":"Une manifestation \u00e0 Gaza en faveur du droit \u00e0 la r\u00e9unification familiale. Abdallah al-Naami"},{"@type":"BreadcrumbList","@id":"https:\/\/ismfrance.org\/index.php\/2022\/03\/11\/israel-interdit-le-regroupement-familial\/#breadcrumb","itemListElement":[{"@type":"ListItem","position":1,"name":"Accueil","item":"https:\/\/ismfrance.org\/"},{"@type":"ListItem","position":2,"name":"Isra\u00ebl interdit le regroupement familial"}]},{"@type":"WebSite","@id":"https:\/\/ismfrance.org\/#website","url":"https:\/\/ismfrance.org\/","name":"ISM Palestine France","description":"Soutien aux luttes de lib\u00e9ration du peuple palestinien","publisher":{"@id":"https:\/\/ismfrance.org\/#organization"},"potentialAction":[{"@type":"SearchAction","target":{"@type":"EntryPoint","urlTemplate":"https:\/\/ismfrance.org\/?s={search_term_string}"},"query-input":{"@type":"PropertyValueSpecification","valueRequired":true,"valueName":"search_term_string"}}],"inLanguage":"fr-FR"},{"@type":"Organization","@id":"https:\/\/ismfrance.org\/#organization","name":"International Solidarity Movement","url":"https:\/\/ismfrance.org\/","logo":{"@type":"ImageObject","inLanguage":"fr-FR","@id":"https:\/\/ismfrance.org\/#\/schema\/logo\/image\/","url":"https:\/\/ismfrance.org\/wp-content\/uploads\/2020\/12\/00.png","contentUrl":"https:\/\/ismfrance.org\/wp-content\/uploads\/2020\/12\/00.png","width":400,"height":400,"caption":"International Solidarity Movement"},"image":{"@id":"https:\/\/ismfrance.org\/#\/schema\/logo\/image\/"},"sameAs":["https:\/\/x.com\/ISMFRANCE"]},{"@type":"Person","@id":"https:\/\/ismfrance.org\/#\/schema\/person\/3c411eb72adfaae19c0dca1f41fae01d","name":"mru_01","image":{"@type":"ImageObject","inLanguage":"fr-FR","@id":"https:\/\/secure.gravatar.com\/avatar\/3a0be343b445d2ccc79e87444a294fad2b232e90d2051d0e3cc219e1ecd6a330?s=96&d=mm&r=g","url":"https:\/\/secure.gravatar.com\/avatar\/3a0be343b445d2ccc79e87444a294fad2b232e90d2051d0e3cc219e1ecd6a330?s=96&d=mm&r=g","contentUrl":"https:\/\/secure.gravatar.com\/avatar\/3a0be343b445d2ccc79e87444a294fad2b232e90d2051d0e3cc219e1ecd6a330?s=96&d=mm&r=g","caption":"mru_01"},"url":"https:\/\/ismfrance.org\/index.php\/author\/admin02\/"}]}},"_links":{"self":[{"href":"https:\/\/ismfrance.org\/index.php\/wp-json\/wp\/v2\/posts\/2144","targetHints":{"allow":["GET"]}}],"collection":[{"href":"https:\/\/ismfrance.org\/index.php\/wp-json\/wp\/v2\/posts"}],"about":[{"href":"https:\/\/ismfrance.org\/index.php\/wp-json\/wp\/v2\/types\/post"}],"author":[{"embeddable":true,"href":"https:\/\/ismfrance.org\/index.php\/wp-json\/wp\/v2\/users\/3"}],"replies":[{"embeddable":true,"href":"https:\/\/ismfrance.org\/index.php\/wp-json\/wp\/v2\/comments?post=2144"}],"version-history":[{"count":0,"href":"https:\/\/ismfrance.org\/index.php\/wp-json\/wp\/v2\/posts\/2144\/revisions"}],"wp:featuredmedia":[{"embeddable":true,"href":"https:\/\/ismfrance.org\/index.php\/wp-json\/wp\/v2\/media\/2146"}],"wp:attachment":[{"href":"https:\/\/ismfrance.org\/index.php\/wp-json\/wp\/v2\/media?parent=2144"}],"wp:term":[{"taxonomy":"category","embeddable":true,"href":"https:\/\/ismfrance.org\/index.php\/wp-json\/wp\/v2\/categories?post=2144"},{"taxonomy":"post_tag","embeddable":true,"href":"https:\/\/ismfrance.org\/index.php\/wp-json\/wp\/v2\/tags?post=2144"}],"curies":[{"name":"wp","href":"https:\/\/api.w.org\/{rel}","templated":true}]}}