{"id":21271,"date":"2025-06-15T10:25:47","date_gmt":"2025-06-15T08:25:47","guid":{"rendered":"https:\/\/ismfrance.org\/?p=21271"},"modified":"2025-06-15T17:43:58","modified_gmt":"2025-06-15T15:43:58","slug":"21271","status":"publish","type":"post","link":"https:\/\/ismfrance.org\/index.php\/2025\/06\/15\/21271\/","title":{"rendered":"R\u00e9pression de la Marche mondiale vers Gaza en \u00c9gypte"},"content":{"rendered":"<p><span style=\"color: #000000;\"><span style=\"font-family: Verdana, sans-serif;\"><span style=\"font-size: medium;\"><strong>Ahmed Dahaby, Le Caire, \u00c9gypte, 14 juin 2025<\/strong>. Vendredi, quelque 200 participants \u00e0 la Marche mondiale vers Gaza ont \u00e9t\u00e9 arr\u00eat\u00e9s \u00e0 un poste de contr\u00f4le de s\u00e9curit\u00e9 pr\u00e8s du Caire, en \u00c9gypte, alors qu&rsquo;ils se dirigeaient vers Isma\u00eflia, une ville situ\u00e9e sur le canal de Suez, \u00e0 130 kilom\u00e8tres \u00e0 l&rsquo;est du Caire. Apr\u00e8s avoir \u00e9t\u00e9 retenus au poste de contr\u00f4le pendant plusieurs heures et s&rsquo;\u00eatre vu confisquer temporairement leurs passeports, les manifestants ont \u00e9t\u00e9 physiquement emmen\u00e9s de force dans des bus pour le Caire par des agents de s\u00e9curit\u00e9 en civil. D&rsquo;autres participants, parvenus s\u00e9par\u00e9ment \u00e0 rejoindre l&rsquo;h\u00f4tel d&rsquo;Isma\u00eflia, ont \u00e9t\u00e9 \u00e9galement interpell\u00e9s, <span style=\"color: #ff0000;\"><a style=\"color: #ff0000;\" href=\"https:\/\/www.instagram.com\/p\/DK6h6MUNoBA\/\">certains battu<\/a>s<\/span> et contraints de monter dans des bus pour le Caire.<\/span><\/span><\/span><\/p>\n<div id=\"attachment_21280\" style=\"width: 585px\" class=\"wp-caption aligncenter\"><a href=\"https:\/\/ismfrance.org\/wp-content\/uploads\/2025\/06\/brtalite.png\"><img loading=\"lazy\" decoding=\"async\" aria-describedby=\"caption-attachment-21280\" class=\"wp-image-21280 size-full\" src=\"https:\/\/ismfrance.org\/wp-content\/uploads\/2025\/06\/brtalite.png\" alt=\"\" width=\"575\" height=\"574\" srcset=\"https:\/\/ismfrance.org\/wp-content\/uploads\/2025\/06\/brtalite.png 575w, https:\/\/ismfrance.org\/wp-content\/uploads\/2025\/06\/brtalite-300x300.png 300w, https:\/\/ismfrance.org\/wp-content\/uploads\/2025\/06\/brtalite-150x150.png 150w, https:\/\/ismfrance.org\/wp-content\/uploads\/2025\/06\/brtalite-144x144.png 144w\" sizes=\"auto, (max-width: 575px) 100vw, 575px\" \/><\/a><p id=\"caption-attachment-21280\" class=\"wp-caption-text\"><strong>Les \u00c9gyptiens ont battu et attaqu\u00e9 des militants \u00e9trangers pro-palestiniens qui refusaient de quitter l&rsquo;\u00c9gypte lors de leur marche vers Gaza. Un militant pro-palestinien : \u00ab <em>Nous sommes pr\u00eats \u00e0 mourir pour cette cause<\/em>. \u00bb Capture d&rsquo;\u00e9cran de la<span style=\"color: #ff0000;\"> <a style=\"color: #ff0000;\" href=\"https:\/\/x.com\/i\/status\/1933888573159387348\">VIDEO ICI<\/a><\/span>.<\/strong><\/p><\/div>\n<p><span style=\"color: #000000;\"><span style=\"font-family: Verdana, sans-serif;\"><span style=\"font-size: medium;\">Les autorit\u00e9s \u00e9gyptiennes r\u00e9priment des centaines de militants internationaux arriv\u00e9s dans le pays pour participer \u00e0 une marche pr\u00e9vue vers le poste-fronti\u00e8re de Rafah et exiger la fin du si\u00e8ge isra\u00e9lien de Gaza. Le mouvement populaire, baptis\u00e9 Marche mondiale vers Gaza, a demand\u00e9 \u00e0 plusieurs reprises l&rsquo;autorisation de traverser le Sina\u00ef et se rassembler \u00e0 al-Arish pour la marche aux ambassades \u00e9gyptiennes \u00e0 l&rsquo;\u00e9tranger, dans les jours et les semaines pr\u00e9c\u00e9dant l&rsquo;action pr\u00e9vue. Mais, selon les organisateurs, l&rsquo;\u00c9gypte a refus\u00e9 l&rsquo;autorisation et les participants de 80 pays arriv\u00e9s au Caire cette semaine ont plut\u00f4t \u00e9t\u00e9 victimes de perquisitions dans leurs h\u00f4tels, de harc\u00e8lement, d&rsquo;arrestations et d&rsquo;expulsions.<\/span><\/span><\/span><\/p>\n<p><span style=\"color: #000000;\"><span style=\"font-family: Verdana, sans-serif;\"><span style=\"font-size: medium;\">Le groupe d&rsquo;Isma\u00eflia pr\u00e9voyait de se rassembler dans un h\u00f4tel pour \u00ab<i>\u00a0\u00e9valuer la situation et discuter de la marche \u00e0 suivre\u00a0<\/i>\u00bb sans autorisation des autorit\u00e9s \u00e9gyptiennes, a d\u00e9clar\u00e9 \u00e0 <i>Drop Site<\/i><span style=\"color: #ff0000;\"> <a style=\"color: #ff0000;\" href=\"https:\/\/www.instagram.com\/p\/DK1oFkLALXK\/\">Melanie Schweizer<\/a>,<\/span> avocate allemande et principale organisatrice de la marche. Une <span style=\"color: #ff0000;\"><a style=\"color: #ff0000;\" href=\"https:\/\/x.com\/i\/status\/1933898208167772631\">vid\u00e9o du site montre une sc\u00e8ne chaotique<\/a><\/span>\u00a0: des bouteilles d&rsquo;eau et des objets sont jet\u00e9s sur la foule par ce que les participants d\u00e9crivent comme des \u00ab<i>\u00a0voyous\u00a0<\/i>\u00bb du gouvernement.<\/span><\/span><\/span><\/p>\n<div id=\"attachment_21278\" style=\"width: 403px\" class=\"wp-caption aligncenter\"><a href=\"https:\/\/ismfrance.org\/wp-content\/uploads\/2025\/06\/blocage.png\"><img loading=\"lazy\" decoding=\"async\" aria-describedby=\"caption-attachment-21278\" class=\"wp-image-21278 size-large\" src=\"https:\/\/ismfrance.org\/wp-content\/uploads\/2025\/06\/blocage-393x700.png\" alt=\"\" width=\"393\" height=\"700\" srcset=\"https:\/\/ismfrance.org\/wp-content\/uploads\/2025\/06\/blocage-393x700.png 393w, https:\/\/ismfrance.org\/wp-content\/uploads\/2025\/06\/blocage-168x300.png 168w, https:\/\/ismfrance.org\/wp-content\/uploads\/2025\/06\/blocage.png 479w\" sizes=\"auto, (max-width: 393px) 100vw, 393px\" \/><\/a><p id=\"caption-attachment-21278\" class=\"wp-caption-text\"><strong>Les marcheurs bloqu\u00e9s \u00e0 un poste de contr\u00f4le \u00e0 Isma\u00eflia mais d\u00e9termin\u00e9s \u00e0 poursuivre la marche vers Gaza. Capture d&rsquo;\u00e9cran de la <span style=\"color: #ff0000;\"><a style=\"color: #ff0000;\" href=\"https:\/\/www.instagram.com\/p\/DK2rFx7OH3d\/\">VIDEO ICI<\/a>.<\/span><\/strong><\/p><\/div>\n<p><span style=\"color: #000000;\"><span style=\"font-family: Verdana, sans-serif;\"><span style=\"font-size: medium;\">\u00ab\u00a0<i>Nous avons \u00e9t\u00e9 transparents d\u00e8s le d\u00e9but\u00a0<\/i>\u00bb, a d\u00e9clar\u00e9 Schweizer \u00e0 <i>Drop Site<\/i>. \u00ab\u00a0<i>Nous avons sollicit\u00e9 des r\u00e9unions avec des responsables \u00e9gyptiens, soumis des documents et avons m\u00eame \u00e9t\u00e9 remerci\u00e9s par des diplomates en Allemagne pour nos efforts. Maintenant, nous sommes trait\u00e9s comme une menace.\u00a0<\/i>\u00bb<\/span><\/span><\/span><\/p>\n<p><span style=\"color: #000000;\"><span style=\"font-family: Verdana, sans-serif;\"><span style=\"font-size: medium;\">Parall\u00e8lement aux manifestants arrivant au Caire par avion, un convoi de milliers de personnes a quitt\u00e9 l&rsquo;Alg\u00e9rie par voie terrestre en d\u00e9but de semaine, passant par la Tunisie et l&rsquo;ouest de la Libye, rassemblant des personnes en chemin. Le convoi \u00ab\u00a0Sumoud\u00a0\u00bb \u2013 le convoi de la pers\u00e9v\u00e9rance \u2013 devait atteindre l&rsquo;\u00c9gypte avant le 15\u00a0juin pour rejoindre la Marche mondiale vers Gaza, mais il a \u00e9t\u00e9 stopp\u00e9 \u00e0 Syrte le 12\u00a0juin par les autorit\u00e9s de l&rsquo;est de la Libye.<\/span><\/span><\/span><\/p>\n<p><span style=\"color: #000000;\"><span style=\"font-family: Verdana, sans-serif;\"><span style=\"font-size: medium;\">Les manifestations pr\u00e9vues, qui ont rassembl\u00e9 plus de 3.000 personnes, comptaient parmi les plus grandes actions visant \u00e0 briser le si\u00e8ge de Gaza. Cette semaine, la Flottille de la Libert\u00e9, un bateau transportant des militants et de l&rsquo;aide en route vers Gaza via la mer M\u00e9diterran\u00e9e, a \u00e9t\u00e9 intercept\u00e9e par la marine isra\u00e9lienne dans les eaux internationales, et conduite au port d&rsquo;Ashdod, o\u00f9 les participants ont \u00e9t\u00e9 arr\u00eat\u00e9s, incarc\u00e9r\u00e9s avant d&rsquo;\u00eatre expuls\u00e9s.<\/span><\/span><\/span><\/p>\n<p><span style=\"color: #000000;\"><span style=\"font-family: Verdana, sans-serif;\"><span style=\"font-size: medium;\">Les autorit\u00e9s \u00e9gyptiennes ont d\u00e9clar\u00e9 que leurs actions de cette semaine \u00e9taient motiv\u00e9es par des pr\u00e9occupations juridiques et s\u00e9curitaires, malgr\u00e9 l&rsquo;histoire du pays marqu\u00e9e par une r\u00e9pression politique extr\u00eame. \u00ab <i>Ils sont venus avec des visas touristiques, et non pour des missions humanitaires ou diplomatiques<\/i> \u00bb, a d\u00e9clar\u00e9 Tamer El Shihawy, officier du renseignement militaire \u00e0 la retraite et ancien d\u00e9put\u00e9 \u00e9gyptien. \u00ab <i>Lorsqu&rsquo;ils ont d\u00e9clar\u00e9 \u00eatre ici pour une marche, cela a enfreint les conditions de leur visa. Ce serait interdit au Royaume-Uni ou aux \u00c9tats-Unis. <\/i>\u00bb<\/span><\/span><\/span><\/p>\n<p><span style=\"color: #000000;\"><span style=\"font-family: Verdana, sans-serif;\"><span style=\"font-size: medium;\">El Shihawy a \u00e9galement invoqu\u00e9 l&rsquo;instabilit\u00e9 dans le Sina\u00ef, o\u00f9 une insurrection de faible intensit\u00e9 men\u00e9e par des militants locaux dure depuis des ann\u00e9es, pour justifier le blocage du convoi. \u00ab <i>Laisser des milliers d&rsquo;inconnus traverser le Sina\u00ef, l&rsquo;une des zones les plus sensibles et les plus militaris\u00e9es de la r\u00e9gion, est une ligne rouge <\/i>\u00bb, a-t-il d\u00e9clar\u00e9. \u00ab <i>Nous ignorons qui ils sont, ce qu&rsquo;ils transportent, ni quelle est leur id\u00e9ologie. C&rsquo;est une question de s\u00e9curit\u00e9 nationale. <\/i>\u00bb<\/span><\/span><\/span><\/p>\n<p><span style=\"color: #000000;\"><span style=\"font-family: Verdana, sans-serif;\"><span style=\"font-size: medium;\">L&rsquo;\u00c9gypte reste li\u00e9e par les accords de Camp David de 1979, qui constituent le fondement de ses relations avec les \u00c9tats-Unis. Elle est le deuxi\u00e8me b\u00e9n\u00e9ficiaire mondial de l&rsquo;aide militaire am\u00e9ricaine apr\u00e8s Isra\u00ebl. Pendant des ann\u00e9es, l&rsquo;\u00c9gypte, seul pays, hormis Isra\u00ebl, \u00e0 partager une fronti\u00e8re avec Gaza, a coordonn\u00e9 ses efforts de s\u00e9curit\u00e9 avec Isra\u00ebl et contribu\u00e9 \u00e0 l&rsquo;application du blocus sur le territoire. Apr\u00e8s l&rsquo;arriv\u00e9e au pouvoir d&rsquo;Abdel Fattah El-Sissi en 2013, les autorit\u00e9s \u00e9gyptiennes ont \u00e9galement d\u00e9truit les tunnels qui assuraient la liaison avec Gaza et ont autoris\u00e9 des drones, des h\u00e9licopt\u00e8res et des avions de combat isra\u00e9liens \u00e0 mener une campagne a\u00e9rienne secr\u00e8te dans le Sina\u00ef.<\/span><\/span><\/span><\/p>\n<p><span style=\"color: #000000;\"><span style=\"font-family: Verdana, sans-serif;\"><span style=\"font-size: medium;\">Ces derniers mois, le toll\u00e9 international suscit\u00e9 par le si\u00e8ge brutal et les bombardements incessants de Gaza par Isra\u00ebl s&rsquo;est intensifi\u00e9. Un blocus total impos\u00e9 par Isra\u00ebl \u00e0 partir du 2 mars a conduit toute la population de Gaza au bord de la famine. La Fondation humanitaire pour Gaza, un nouveau groupe soutenu par les \u00c9tats-Unis et Isra\u00ebl qui a mis en place quelques \u00ab\u00a0centres de distribution d&rsquo;aide\u00a0\u00bb dans des zones recul\u00e9es de Gaza fin mai, a \u00e9t\u00e9 accus\u00e9e par l&rsquo;ONU et des organisations internationales d&rsquo;instrumentaliser l&rsquo;aide. Les forces d\u2019occupation ont tir\u00e9 sur les Palestiniens dans ou \u00e0 proximit\u00e9 des centres d\u2019aide presque quotidiennement, faisant plus de 270 morts dans ce que le minist\u00e8re de la Sant\u00e9 de Gaza a qualifi\u00e9 de \u00ab <i>massacres de l\u2019aide<\/i> \u00bb.<\/span><\/span><\/span><\/p>\n<p><span style=\"color: #000000;\"><span style=\"font-family: Verdana, sans-serif;\"><span style=\"font-size: medium;\">L&rsquo;\u00c9gypte a condamn\u00e9 le si\u00e8ge en cours de Gaza, mais a \u00e9galement strictement surveill\u00e9 toute manifestation pro-palestinienne non autoris\u00e9e par l&rsquo;\u00c9tat. Elle a arr\u00eat\u00e9 186 personnes au cours des 20 derniers mois, dont plus de 100 sont actuellement derri\u00e8re les barreaux. <\/span><\/span><\/span><\/p>\n<p><span style=\"color: #000000;\"><span style=\"font-family: Verdana, sans-serif;\"><span style=\"font-size: medium;\">Avec l&rsquo;arriv\u00e9e de centaines de personnes au Caire pour participer \u00e0 une marche pr\u00e9vue vers Rafah, la r\u00e9pression \u00e9gyptienne s&rsquo;est intensifi\u00e9e. Militants et observateurs estiment d\u00e9sormais que des centaines de participants ont \u00e9t\u00e9 arr\u00eat\u00e9s, interrog\u00e9s ou expuls\u00e9s (<strong><span style=\"color: #ff0000;\"><a style=\"color: #ff0000;\" href=\"https:\/\/www.instagram.com\/reel\/DK4CeTJxlEb\/?igsh=ODZpZXkybzU4ZjQy\">vid\u00e9o<\/a><\/span><\/strong>).<\/span><\/span><\/span><\/p>\n<p><span style=\"color: #000000;\"><span style=\"font-family: Verdana, sans-serif;\"><span style=\"font-size: medium;\">\u00ab <\/span><\/span><\/span><em><span style=\"color: #000000;\"><span style=\"font-family: Verdana, sans-serif;\"><span style=\"font-size: medium;\">Nous estimons qu&rsquo;entre 300 et 400 personnes ont \u00e9t\u00e9 expuls\u00e9es \u00e0 ce jour, voire davantage <\/span><\/span><\/span><\/em><span style=\"color: #000000;\"><span style=\"font-family: Verdana, sans-serif;\"><span style=\"font-size: medium;\">\u00bb, a d\u00e9clar\u00e9 Ragia Omran, \u00e9minente avocate \u00e9gyptienne sp\u00e9cialis\u00e9e dans la d\u00e9fense des droits humains. \u00ab <\/span><\/span><\/span><span style=\"color: #000000;\"><span style=\"font-family: Verdana, sans-serif;\"><span style=\"font-size: medium;\"><em>Nombre d&rsquo;entre elles ont \u00e9t\u00e9 arr\u00eat\u00e9es \u00e0 l&rsquo;a\u00e9roport ou appr\u00e9hend\u00e9es \u00e0 leur h\u00f4tel. Deux vols complets ont \u00e9t\u00e9 refoul\u00e9s. Parmi les personnes concern\u00e9es figurent des ressortissants d&rsquo;Espagne, de Gr\u00e8ce, de France, d&rsquo;Allemagne, d&rsquo;Italie, des \u00c9tats-Unis, du Canada, de Colombie, du Venezuela, d&rsquo;Afrique du Sud, de Norv\u00e8ge et des Pays-Bas<\/em>. <\/span><\/span><\/span><span style=\"color: #000000;\"><span style=\"font-family: Verdana, sans-serif;\"><span style=\"font-size: medium;\">\u00bb<\/span><\/span><\/span><\/p>\n<p><span style=\"color: #000000;\"><span style=\"font-family: Verdana, sans-serif;\"><span style=\"font-size: medium;\">Des perquisitions dans des h\u00f4tels auraient eu lieu sans mandat. Omran a d\u00e9clar\u00e9 que les agents \u00e9taient entr\u00e9s avec des listes de noms, avaient fouill\u00e9 les t\u00e9l\u00e9phones et les sacs, et avaient escort\u00e9 les invit\u00e9s directement vers les zones d&rsquo;attente de l&rsquo;a\u00e9roport avant leur expulsion.<\/span><\/span><\/span><\/p>\n<p><span style=\"color: #000000;\"><span style=\"font-family: Verdana, sans-serif;\"><span style=\"font-size: medium;\">\u00ab\u00a0<\/span><\/span><\/span><em><span style=\"color: #000000;\"><span style=\"font-family: Verdana, sans-serif;\"><span style=\"font-size: medium;\">Il n&rsquo;existe aucune base l\u00e9gale pour emp\u00eacher des personnes de se rendre pacifiquement \u00e0 un poste fronti\u00e8re en voiture \u00e0 des fins humanitaires<\/span><\/span><\/span><\/em><span style=\"color: #000000;\"><span style=\"font-family: Verdana, sans-serif;\"><span style=\"font-size: medium;\">\u00a0\u00bb, a-t-elle ajout\u00e9. \u00ab\u00a0<\/span><\/span><\/span><span style=\"color: #000000;\"><span style=\"font-family: Verdana, sans-serif;\"><span style=\"font-size: medium;\"><em>En vertu du droit international, l&rsquo;\u00c9gypte ne devrait pas \u00eatre complice du si\u00e8ge<\/em>. <\/span><\/span><\/span><span style=\"color: #000000;\"><span style=\"font-family: Verdana, sans-serif;\"><span style=\"font-size: medium;\">\u00bb<\/span><\/span><\/span><\/p>\n<p><span style=\"color: #000000;\"><span style=\"font-family: Verdana, sans-serif;\"><span style=\"font-size: medium;\">En r\u00e9ponse aux accusations de complicit\u00e9 dans le si\u00e8ge de Gaza, El Shihawy, l&rsquo;ancien d\u00e9put\u00e9, a \u00e9t\u00e9 cat\u00e9gorique\u00a0: \u00ab<em>\u00a0<\/em><\/span><\/span><\/span><em><span style=\"color: #000000;\"><span style=\"font-family: Verdana, sans-serif;\"><span style=\"font-size: medium;\">L&rsquo;\u00c9gypte a fait plus pour Gaza que la plupart des autres pays. Nous avons ouvert Rafah, n\u00e9goci\u00e9 des cessez-le-feu, envoy\u00e9 des tonnes d&rsquo;aide. Mais nous ne pouvons pas permettre aux gens de parcourir des centaines de kilom\u00e8tres \u00e0 pied \u00e0 travers une zone militaris\u00e9e. Ce n&rsquo;est pas ainsi que fonctionnent les \u00c9tats<\/span><\/span><\/span><\/em><span style=\"color: #000000;\"><span style=\"font-family: Verdana, sans-serif;\"><span style=\"font-size: medium;\">. \u00bb<\/span><\/span><\/span><\/p>\n<p><span style=\"color: #000000;\"><span style=\"font-family: Verdana, sans-serif;\"><span style=\"font-size: medium;\">Le minist\u00e8re \u00e9gyptien des Affaires \u00e9trang\u00e8res a publi\u00e9 une d\u00e9claration le 11\u00a0juin, invoquant la s\u00e9curit\u00e9 nationale et l&rsquo;absence d&rsquo;autorisations pour refuser l&rsquo;acc\u00e8s \u00e0 Rafah. Cependant, les organisateurs du convoi affirment avoir d\u00e9j\u00e0 re\u00e7u des encouragements des ambassades \u00e9gyptiennes \u00e0 l&rsquo;\u00e9tranger.<\/span><\/span><\/span><\/p>\n<p><span style=\"color: #000000;\"><span style=\"font-family: Verdana, sans-serif;\"><span style=\"font-size: medium;\">Le 11\u00a0mai, Schweizer a contact\u00e9 l&rsquo;ambassadeur d&rsquo;\u00c9gypte \u00e0 Berlin par courriel pour solliciter un entretien. \u00ab <\/span><\/span><\/span><em><span style=\"color: #000000;\"><span style=\"font-family: Verdana, sans-serif;\"><span style=\"font-size: medium;\">Une semaine plus tard, j&rsquo;ai re\u00e7u un appel du personnel consulaire l&rsquo;invitant \u00e0 un entretien. Ils nous ont donn\u00e9 l&rsquo;impression qu&rsquo;ils soutenaient la mission<\/span><\/span><\/span><\/em><span style=\"color: #000000;\"><span style=\"font-family: Verdana, sans-serif;\"><span style=\"font-size: medium;\"> \u00bb, a-t-elle d\u00e9clar\u00e9.<\/span><\/span><\/span><\/p>\n<p><span style=\"color: #000000;\"><span style=\"font-family: Verdana, sans-serif;\"><span style=\"font-size: medium;\">Les acteurs de la soci\u00e9t\u00e9 civile \u00e9gyptienne, depuis longtemps \u00e0 l&rsquo;avant-garde des mouvements de solidarit\u00e9 r\u00e9gionale, sont rest\u00e9s largement \u00e0 l&rsquo;\u00e9cart, craignant une r\u00e9pression plus s\u00e9v\u00e8re contre les militants nationaux.<\/span><\/span><\/span><\/p>\n<p><span style=\"color: #000000;\"><span style=\"font-family: Verdana, sans-serif;\"><span style=\"font-size: medium;\">\u00ab <\/span><\/span><\/span><em><span style=\"color: #000000;\"><span style=\"font-family: Verdana, sans-serif;\"><span style=\"font-size: medium;\">Nous nous attendions \u00e0 ce que si les \u00c9gyptiens se joignaient \u00e0 la marche, celle-ci pourrait \u00eatre interdite<\/span><\/span><\/span><\/em><span style=\"color: #000000;\"><span style=\"font-family: Verdana, sans-serif;\"><span style=\"font-size: medium;\"> \u00bb, a d\u00e9clar\u00e9 Mahienour El-Massry, \u00e9minente avocate et militante bas\u00e9e \u00e0 Alexandrie.<\/span><\/span><\/span><\/p>\n<div id=\"attachment_21275\" style=\"width: 610px\" class=\"wp-caption aligncenter\"><a href=\"https:\/\/ismfrance.org\/wp-content\/uploads\/2025\/06\/MANDELA-JUNIOR.png\"><img loading=\"lazy\" decoding=\"async\" aria-describedby=\"caption-attachment-21275\" class=\"size-large wp-image-21275\" src=\"https:\/\/ismfrance.org\/wp-content\/uploads\/2025\/06\/MANDELA-JUNIOR-700x525.png\" alt=\"\" width=\"600\" height=\"450\" srcset=\"https:\/\/ismfrance.org\/wp-content\/uploads\/2025\/06\/MANDELA-JUNIOR-700x525.png 700w, https:\/\/ismfrance.org\/wp-content\/uploads\/2025\/06\/MANDELA-JUNIOR-300x225.png 300w, https:\/\/ismfrance.org\/wp-content\/uploads\/2025\/06\/MANDELA-JUNIOR-768x576.png 768w, https:\/\/ismfrance.org\/wp-content\/uploads\/2025\/06\/MANDELA-JUNIOR-350x263.png 350w, https:\/\/ismfrance.org\/wp-content\/uploads\/2025\/06\/MANDELA-JUNIOR.png 861w\" sizes=\"auto, (max-width: 600px) 100vw, 600px\" \/><\/a><p id=\"caption-attachment-21275\" class=\"wp-caption-text\"><em><strong>Zwelivelile Mandla Mandela, petit-fils de Nelson Mandel, avec des membres de la d\u00e9l\u00e9gation d&rsquo;Afrique du Sud<span style=\"color: #ff0000;\">. <a style=\"color: #ff0000;\" href=\"https:\/\/www.instagram.com\/p\/DK2uoxDINKf\/\">VIDEO de sa prise de parole.<\/a><\/span><\/strong><\/em><\/p><\/div>\n<p><span style=\"color: #000000;\"><span style=\"font-family: Verdana, sans-serif;\"><span style=\"font-size: medium;\">Ahmed Douma, ancien prisonnier politique et militant, abonde dans le m\u00eame sens\u00a0: \u00ab\u00a0<\/span><\/span><\/span><em><span style=\"color: #000000;\"><span style=\"font-family: Verdana, sans-serif;\"><span style=\"font-size: medium;\">Les \u00c9gyptiens \u00e9taient pr\u00e9sents en esprit, mais nous avons pris la d\u00e9cision strat\u00e9gique de ne pas participer physiquement \u00e0 la marche, \u00e0 moins qu&rsquo;il ne soit clair que cela ne mettrait pas en p\u00e9ril le convoi<\/span><\/span><\/span><\/em><span style=\"color: #000000;\"><span style=\"font-family: Verdana, sans-serif;\"><span style=\"font-size: medium;\">. \u00bb<\/span><\/span><\/span><\/p>\n<p><span style=\"color: #000000;\"><span style=\"font-family: Verdana, sans-serif;\"><span style=\"font-size: medium;\">Les avocats sp\u00e9cialis\u00e9s dans les droits humains estiment que l&rsquo;\u00c9gypte aurait pu mieux g\u00e9rer la situation. \u00ab<\/span><\/span><\/span><span style=\"color: #000000;\"><span style=\"font-family: Verdana, sans-serif;\"><span style=\"font-size: medium;\">\u00a0<em>L&rsquo;\u00c9gypte a rat\u00e9 une occasion de s&rsquo;opposer au blocus de Gaza en arr\u00eatant des civils pacifiques \u2013 des m\u00e9decins, des \u00e9tudiants, et m\u00eame le petit-fils de Nelson Mandela \u2013 alors qu&rsquo;elle aurait pu poser des conditions et les laisser passer\u00a0<\/em><\/span><\/span><\/span><span style=\"color: #000000;\"><span style=\"font-family: Verdana, sans-serif;\"><span style=\"font-size: medium;\">\u00bb, a d\u00e9clar\u00e9 Omran. <\/span><\/span><\/span><\/p>\n<p><em><strong><span style=\"color: #000000;\"><span style=\"font-family: Verdana, sans-serif;\"><span style=\"font-size: small;\">Cet article a \u00e9t\u00e9 publi\u00e9 en anglais, sur<span style=\"color: #ff0000;\"> <a style=\"color: #ff0000;\" href=\"https:\/\/www.dropsitenews.com\/p\/egypt-crackdown-global-march-to-gaza\">Drop Site News<\/a><\/span>, en collaboration avec<span style=\"color: #ff0000;\"> <a style=\"color: #ff0000;\" href=\"https:\/\/egab.co\/\">Egab<\/a> <\/span>\/ Traduction MR<\/span><\/span><\/span><\/strong><\/em><\/p>\n<hr \/>\n<p><strong><span style=\"color: #000000;\"><span style=\"font-family: Verdana, sans-serif;\"><span style=\"font-size: medium;\">La Marche mondiale vers Gaza sur <a href=\"https:\/\/www.instagram.com\/globalmarchtogaza\/\"><span style=\"color: #ff0000;\">INSTAGRAM<\/span> <\/a>\/ sur <span style=\"color: #ff0000;\"><a style=\"color: #ff0000;\" href=\"https:\/\/x.com\/globalmarchgaza\">X ex-TWITTER<\/a><\/span><\/span><\/span><\/span><\/strong><\/p>\n","protected":false},"excerpt":{"rendered":"<p>Ahmed Dahaby, Le Caire, \u00c9gypte, 14 juin 2025. Vendredi, quelque 200 participants \u00e0 la Marche mondiale vers Gaza ont \u00e9t\u00e9 arr\u00eat\u00e9s \u00e0 un poste de contr\u00f4le de s\u00e9curit\u00e9 pr\u00e8s du <a class=\"more-link\" href=\"https:\/\/ismfrance.org\/index.php\/2025\/06\/15\/21271\/\">Lire la suite &rarr;<\/a><\/p>\n","protected":false},"author":3,"featured_media":21275,"comment_status":"closed","ping_status":"closed","sticky":false,"template":"","format":"standard","meta":{"footnotes":""},"categories":[12,2],"tags":[55],"class_list":["post-21271","post","type-post","status-publish","format-standard","has-post-thumbnail","hentry","category-analyses","category-articles","tag-materiel-de-lutte"],"yoast_head":"<!-- This site is optimized with the Yoast SEO plugin v27.2 - https:\/\/yoast.com\/product\/yoast-seo-wordpress\/ -->\n<title>R\u00e9pression de la Marche mondiale vers Gaza en \u00c9gypte - International Solidarity Movement - ISM-France<\/title>\n<meta name=\"robots\" content=\"index, follow, max-snippet:-1, max-image-preview:large, max-video-preview:-1\" \/>\n<link rel=\"canonical\" href=\"https:\/\/ismfrance.org\/index.php\/2025\/06\/15\/21271\/\" \/>\n<meta property=\"og:locale\" content=\"fr_FR\" \/>\n<meta property=\"og:type\" content=\"article\" \/>\n<meta property=\"og:title\" content=\"R\u00e9pression de la Marche mondiale vers Gaza en \u00c9gypte - International Solidarity Movement - ISM-France\" \/>\n<meta property=\"og:description\" content=\"Ahmed Dahaby, Le Caire, \u00c9gypte, 14 juin 2025. Vendredi, quelque 200 participants \u00e0 la Marche mondiale vers Gaza ont \u00e9t\u00e9 arr\u00eat\u00e9s \u00e0 un poste de contr\u00f4le de s\u00e9curit\u00e9 pr\u00e8s du Lire la suite &rarr;\" \/>\n<meta property=\"og:url\" content=\"https:\/\/ismfrance.org\/index.php\/2025\/06\/15\/21271\/\" \/>\n<meta property=\"og:site_name\" content=\"International Solidarity Movement - ISM-France\" \/>\n<meta property=\"article:published_time\" content=\"2025-06-15T08:25:47+00:00\" \/>\n<meta property=\"article:modified_time\" content=\"2025-06-15T15:43:58+00:00\" \/>\n<meta property=\"og:image\" content=\"https:\/\/ismfrance.org\/wp-content\/uploads\/2025\/06\/MANDELA-JUNIOR.png\" \/>\n\t<meta property=\"og:image:width\" content=\"861\" \/>\n\t<meta property=\"og:image:height\" content=\"646\" \/>\n\t<meta property=\"og:image:type\" content=\"image\/png\" \/>\n<meta name=\"author\" content=\"mru_01\" \/>\n<meta name=\"twitter:card\" content=\"summary_large_image\" \/>\n<meta name=\"twitter:creator\" content=\"@ISMFRANCE\" \/>\n<meta name=\"twitter:site\" content=\"@ISMFRANCE\" \/>\n<meta name=\"twitter:label1\" content=\"\u00c9crit par\" \/>\n\t<meta name=\"twitter:data1\" content=\"mru_01\" \/>\n\t<meta name=\"twitter:label2\" content=\"Dur\u00e9e de lecture estim\u00e9e\" \/>\n\t<meta name=\"twitter:data2\" content=\"9 minutes\" \/>\n<script type=\"application\/ld+json\" class=\"yoast-schema-graph\">{\"@context\":\"https:\/\/schema.org\",\"@graph\":[{\"@type\":\"Article\",\"@id\":\"https:\/\/ismfrance.org\/index.php\/2025\/06\/15\/21271\/#article\",\"isPartOf\":{\"@id\":\"https:\/\/ismfrance.org\/index.php\/2025\/06\/15\/21271\/\"},\"author\":{\"name\":\"mru_01\",\"@id\":\"https:\/\/ismfrance.org\/#\/schema\/person\/3c411eb72adfaae19c0dca1f41fae01d\"},\"headline\":\"R\u00e9pression de la Marche mondiale vers Gaza en \u00c9gypte\",\"datePublished\":\"2025-06-15T08:25:47+00:00\",\"dateModified\":\"2025-06-15T15:43:58+00:00\",\"mainEntityOfPage\":{\"@id\":\"https:\/\/ismfrance.org\/index.php\/2025\/06\/15\/21271\/\"},\"wordCount\":1796,\"publisher\":{\"@id\":\"https:\/\/ismfrance.org\/#organization\"},\"image\":{\"@id\":\"https:\/\/ismfrance.org\/index.php\/2025\/06\/15\/21271\/#primaryimage\"},\"thumbnailUrl\":\"https:\/\/ismfrance.org\/wp-content\/uploads\/2025\/06\/MANDELA-JUNIOR.png\",\"keywords\":[\"Mat\u00e9riel de lutte\"],\"articleSection\":[\"Analyses\",\"Articles\"],\"inLanguage\":\"fr-FR\"},{\"@type\":\"WebPage\",\"@id\":\"https:\/\/ismfrance.org\/index.php\/2025\/06\/15\/21271\/\",\"url\":\"https:\/\/ismfrance.org\/index.php\/2025\/06\/15\/21271\/\",\"name\":\"R\u00e9pression de la Marche mondiale vers Gaza en \u00c9gypte - International Solidarity Movement - ISM-France\",\"isPartOf\":{\"@id\":\"https:\/\/ismfrance.org\/#website\"},\"primaryImageOfPage\":{\"@id\":\"https:\/\/ismfrance.org\/index.php\/2025\/06\/15\/21271\/#primaryimage\"},\"image\":{\"@id\":\"https:\/\/ismfrance.org\/index.php\/2025\/06\/15\/21271\/#primaryimage\"},\"thumbnailUrl\":\"https:\/\/ismfrance.org\/wp-content\/uploads\/2025\/06\/MANDELA-JUNIOR.png\",\"datePublished\":\"2025-06-15T08:25:47+00:00\",\"dateModified\":\"2025-06-15T15:43:58+00:00\",\"breadcrumb\":{\"@id\":\"https:\/\/ismfrance.org\/index.php\/2025\/06\/15\/21271\/#breadcrumb\"},\"inLanguage\":\"fr-FR\",\"potentialAction\":[{\"@type\":\"ReadAction\",\"target\":[\"https:\/\/ismfrance.org\/index.php\/2025\/06\/15\/21271\/\"]}]},{\"@type\":\"ImageObject\",\"inLanguage\":\"fr-FR\",\"@id\":\"https:\/\/ismfrance.org\/index.php\/2025\/06\/15\/21271\/#primaryimage\",\"url\":\"https:\/\/ismfrance.org\/wp-content\/uploads\/2025\/06\/MANDELA-JUNIOR.png\",\"contentUrl\":\"https:\/\/ismfrance.org\/wp-content\/uploads\/2025\/06\/MANDELA-JUNIOR.png\",\"width\":861,\"height\":646,\"caption\":\"Zwelivelile Mandla Mandela, petit-fils de Nelson Mandel\"},{\"@type\":\"BreadcrumbList\",\"@id\":\"https:\/\/ismfrance.org\/index.php\/2025\/06\/15\/21271\/#breadcrumb\",\"itemListElement\":[{\"@type\":\"ListItem\",\"position\":1,\"name\":\"Accueil\",\"item\":\"https:\/\/ismfrance.org\/\"},{\"@type\":\"ListItem\",\"position\":2,\"name\":\"R\u00e9pression de la Marche mondiale vers Gaza en \u00c9gypte\"}]},{\"@type\":\"WebSite\",\"@id\":\"https:\/\/ismfrance.org\/#website\",\"url\":\"https:\/\/ismfrance.org\/\",\"name\":\"ISM Palestine France\",\"description\":\"Soutien aux luttes de lib\u00e9ration du peuple palestinien\",\"publisher\":{\"@id\":\"https:\/\/ismfrance.org\/#organization\"},\"potentialAction\":[{\"@type\":\"SearchAction\",\"target\":{\"@type\":\"EntryPoint\",\"urlTemplate\":\"https:\/\/ismfrance.org\/?s={search_term_string}\"},\"query-input\":{\"@type\":\"PropertyValueSpecification\",\"valueRequired\":true,\"valueName\":\"search_term_string\"}}],\"inLanguage\":\"fr-FR\"},{\"@type\":\"Organization\",\"@id\":\"https:\/\/ismfrance.org\/#organization\",\"name\":\"International Solidarity Movement\",\"url\":\"https:\/\/ismfrance.org\/\",\"logo\":{\"@type\":\"ImageObject\",\"inLanguage\":\"fr-FR\",\"@id\":\"https:\/\/ismfrance.org\/#\/schema\/logo\/image\/\",\"url\":\"https:\/\/ismfrance.org\/wp-content\/uploads\/2020\/12\/00.png\",\"contentUrl\":\"https:\/\/ismfrance.org\/wp-content\/uploads\/2020\/12\/00.png\",\"width\":400,\"height\":400,\"caption\":\"International Solidarity Movement\"},\"image\":{\"@id\":\"https:\/\/ismfrance.org\/#\/schema\/logo\/image\/\"},\"sameAs\":[\"https:\/\/x.com\/ISMFRANCE\"]},{\"@type\":\"Person\",\"@id\":\"https:\/\/ismfrance.org\/#\/schema\/person\/3c411eb72adfaae19c0dca1f41fae01d\",\"name\":\"mru_01\",\"image\":{\"@type\":\"ImageObject\",\"inLanguage\":\"fr-FR\",\"@id\":\"https:\/\/secure.gravatar.com\/avatar\/3a0be343b445d2ccc79e87444a294fad2b232e90d2051d0e3cc219e1ecd6a330?s=96&d=mm&r=g\",\"url\":\"https:\/\/secure.gravatar.com\/avatar\/3a0be343b445d2ccc79e87444a294fad2b232e90d2051d0e3cc219e1ecd6a330?s=96&d=mm&r=g\",\"contentUrl\":\"https:\/\/secure.gravatar.com\/avatar\/3a0be343b445d2ccc79e87444a294fad2b232e90d2051d0e3cc219e1ecd6a330?s=96&d=mm&r=g\",\"caption\":\"mru_01\"},\"url\":\"https:\/\/ismfrance.org\/index.php\/author\/admin02\/\"}]}<\/script>\n<!-- \/ Yoast SEO plugin. -->","yoast_head_json":{"title":"R\u00e9pression de la Marche mondiale vers Gaza en \u00c9gypte - International Solidarity Movement - ISM-France","robots":{"index":"index","follow":"follow","max-snippet":"max-snippet:-1","max-image-preview":"max-image-preview:large","max-video-preview":"max-video-preview:-1"},"canonical":"https:\/\/ismfrance.org\/index.php\/2025\/06\/15\/21271\/","og_locale":"fr_FR","og_type":"article","og_title":"R\u00e9pression de la Marche mondiale vers Gaza en \u00c9gypte - International Solidarity Movement - ISM-France","og_description":"Ahmed Dahaby, Le Caire, \u00c9gypte, 14 juin 2025. Vendredi, quelque 200 participants \u00e0 la Marche mondiale vers Gaza ont \u00e9t\u00e9 arr\u00eat\u00e9s \u00e0 un poste de contr\u00f4le de s\u00e9curit\u00e9 pr\u00e8s du Lire la suite &rarr;","og_url":"https:\/\/ismfrance.org\/index.php\/2025\/06\/15\/21271\/","og_site_name":"International Solidarity Movement - ISM-France","article_published_time":"2025-06-15T08:25:47+00:00","article_modified_time":"2025-06-15T15:43:58+00:00","og_image":[{"width":861,"height":646,"url":"https:\/\/ismfrance.org\/wp-content\/uploads\/2025\/06\/MANDELA-JUNIOR.png","type":"image\/png"}],"author":"mru_01","twitter_card":"summary_large_image","twitter_creator":"@ISMFRANCE","twitter_site":"@ISMFRANCE","twitter_misc":{"\u00c9crit par":"mru_01","Dur\u00e9e de lecture estim\u00e9e":"9 minutes"},"schema":{"@context":"https:\/\/schema.org","@graph":[{"@type":"Article","@id":"https:\/\/ismfrance.org\/index.php\/2025\/06\/15\/21271\/#article","isPartOf":{"@id":"https:\/\/ismfrance.org\/index.php\/2025\/06\/15\/21271\/"},"author":{"name":"mru_01","@id":"https:\/\/ismfrance.org\/#\/schema\/person\/3c411eb72adfaae19c0dca1f41fae01d"},"headline":"R\u00e9pression de la Marche mondiale vers Gaza en \u00c9gypte","datePublished":"2025-06-15T08:25:47+00:00","dateModified":"2025-06-15T15:43:58+00:00","mainEntityOfPage":{"@id":"https:\/\/ismfrance.org\/index.php\/2025\/06\/15\/21271\/"},"wordCount":1796,"publisher":{"@id":"https:\/\/ismfrance.org\/#organization"},"image":{"@id":"https:\/\/ismfrance.org\/index.php\/2025\/06\/15\/21271\/#primaryimage"},"thumbnailUrl":"https:\/\/ismfrance.org\/wp-content\/uploads\/2025\/06\/MANDELA-JUNIOR.png","keywords":["Mat\u00e9riel de lutte"],"articleSection":["Analyses","Articles"],"inLanguage":"fr-FR"},{"@type":"WebPage","@id":"https:\/\/ismfrance.org\/index.php\/2025\/06\/15\/21271\/","url":"https:\/\/ismfrance.org\/index.php\/2025\/06\/15\/21271\/","name":"R\u00e9pression de la Marche mondiale vers Gaza en \u00c9gypte - International Solidarity Movement - ISM-France","isPartOf":{"@id":"https:\/\/ismfrance.org\/#website"},"primaryImageOfPage":{"@id":"https:\/\/ismfrance.org\/index.php\/2025\/06\/15\/21271\/#primaryimage"},"image":{"@id":"https:\/\/ismfrance.org\/index.php\/2025\/06\/15\/21271\/#primaryimage"},"thumbnailUrl":"https:\/\/ismfrance.org\/wp-content\/uploads\/2025\/06\/MANDELA-JUNIOR.png","datePublished":"2025-06-15T08:25:47+00:00","dateModified":"2025-06-15T15:43:58+00:00","breadcrumb":{"@id":"https:\/\/ismfrance.org\/index.php\/2025\/06\/15\/21271\/#breadcrumb"},"inLanguage":"fr-FR","potentialAction":[{"@type":"ReadAction","target":["https:\/\/ismfrance.org\/index.php\/2025\/06\/15\/21271\/"]}]},{"@type":"ImageObject","inLanguage":"fr-FR","@id":"https:\/\/ismfrance.org\/index.php\/2025\/06\/15\/21271\/#primaryimage","url":"https:\/\/ismfrance.org\/wp-content\/uploads\/2025\/06\/MANDELA-JUNIOR.png","contentUrl":"https:\/\/ismfrance.org\/wp-content\/uploads\/2025\/06\/MANDELA-JUNIOR.png","width":861,"height":646,"caption":"Zwelivelile Mandla Mandela, petit-fils de Nelson Mandel"},{"@type":"BreadcrumbList","@id":"https:\/\/ismfrance.org\/index.php\/2025\/06\/15\/21271\/#breadcrumb","itemListElement":[{"@type":"ListItem","position":1,"name":"Accueil","item":"https:\/\/ismfrance.org\/"},{"@type":"ListItem","position":2,"name":"R\u00e9pression de la Marche mondiale vers Gaza en \u00c9gypte"}]},{"@type":"WebSite","@id":"https:\/\/ismfrance.org\/#website","url":"https:\/\/ismfrance.org\/","name":"ISM Palestine France","description":"Soutien aux luttes de lib\u00e9ration du peuple palestinien","publisher":{"@id":"https:\/\/ismfrance.org\/#organization"},"potentialAction":[{"@type":"SearchAction","target":{"@type":"EntryPoint","urlTemplate":"https:\/\/ismfrance.org\/?s={search_term_string}"},"query-input":{"@type":"PropertyValueSpecification","valueRequired":true,"valueName":"search_term_string"}}],"inLanguage":"fr-FR"},{"@type":"Organization","@id":"https:\/\/ismfrance.org\/#organization","name":"International Solidarity Movement","url":"https:\/\/ismfrance.org\/","logo":{"@type":"ImageObject","inLanguage":"fr-FR","@id":"https:\/\/ismfrance.org\/#\/schema\/logo\/image\/","url":"https:\/\/ismfrance.org\/wp-content\/uploads\/2020\/12\/00.png","contentUrl":"https:\/\/ismfrance.org\/wp-content\/uploads\/2020\/12\/00.png","width":400,"height":400,"caption":"International Solidarity Movement"},"image":{"@id":"https:\/\/ismfrance.org\/#\/schema\/logo\/image\/"},"sameAs":["https:\/\/x.com\/ISMFRANCE"]},{"@type":"Person","@id":"https:\/\/ismfrance.org\/#\/schema\/person\/3c411eb72adfaae19c0dca1f41fae01d","name":"mru_01","image":{"@type":"ImageObject","inLanguage":"fr-FR","@id":"https:\/\/secure.gravatar.com\/avatar\/3a0be343b445d2ccc79e87444a294fad2b232e90d2051d0e3cc219e1ecd6a330?s=96&d=mm&r=g","url":"https:\/\/secure.gravatar.com\/avatar\/3a0be343b445d2ccc79e87444a294fad2b232e90d2051d0e3cc219e1ecd6a330?s=96&d=mm&r=g","contentUrl":"https:\/\/secure.gravatar.com\/avatar\/3a0be343b445d2ccc79e87444a294fad2b232e90d2051d0e3cc219e1ecd6a330?s=96&d=mm&r=g","caption":"mru_01"},"url":"https:\/\/ismfrance.org\/index.php\/author\/admin02\/"}]}},"_links":{"self":[{"href":"https:\/\/ismfrance.org\/index.php\/wp-json\/wp\/v2\/posts\/21271","targetHints":{"allow":["GET"]}}],"collection":[{"href":"https:\/\/ismfrance.org\/index.php\/wp-json\/wp\/v2\/posts"}],"about":[{"href":"https:\/\/ismfrance.org\/index.php\/wp-json\/wp\/v2\/types\/post"}],"author":[{"embeddable":true,"href":"https:\/\/ismfrance.org\/index.php\/wp-json\/wp\/v2\/users\/3"}],"replies":[{"embeddable":true,"href":"https:\/\/ismfrance.org\/index.php\/wp-json\/wp\/v2\/comments?post=21271"}],"version-history":[{"count":0,"href":"https:\/\/ismfrance.org\/index.php\/wp-json\/wp\/v2\/posts\/21271\/revisions"}],"wp:featuredmedia":[{"embeddable":true,"href":"https:\/\/ismfrance.org\/index.php\/wp-json\/wp\/v2\/media\/21275"}],"wp:attachment":[{"href":"https:\/\/ismfrance.org\/index.php\/wp-json\/wp\/v2\/media?parent=21271"}],"wp:term":[{"taxonomy":"category","embeddable":true,"href":"https:\/\/ismfrance.org\/index.php\/wp-json\/wp\/v2\/categories?post=21271"},{"taxonomy":"post_tag","embeddable":true,"href":"https:\/\/ismfrance.org\/index.php\/wp-json\/wp\/v2\/tags?post=21271"}],"curies":[{"name":"wp","href":"https:\/\/api.w.org\/{rel}","templated":true}]}}