{"id":21260,"date":"2025-06-15T08:40:00","date_gmt":"2025-06-15T06:40:00","guid":{"rendered":"https:\/\/ismfrance.org\/?p=21260"},"modified":"2025-06-15T08:45:21","modified_gmt":"2025-06-15T06:45:21","slug":"temoignages-de-gazaouis-la-survie-qui-sorganise-au-jour-le-jour-dans-lenfer-de-gaza-partie-434-14-juin-massacres-dans-lobscurite-gaza-entre-mo","status":"publish","type":"post","link":"https:\/\/ismfrance.org\/index.php\/2025\/06\/15\/temoignages-de-gazaouis-la-survie-qui-sorganise-au-jour-le-jour-dans-lenfer-de-gaza-partie-434-14-juin-massacres-dans-lobscurite-gaza-entre-mo\/","title":{"rendered":"T\u00e9moignages de Gazaouis : La survie qui s\u2019organise au jour le jour dans l\u2019enfer de Gaza \u2013 partie 434 \/ 14 juin \u2013\u00a0Massacres dans l\u2019obscurit\u00e9 : Gaza entre mort et faim"},"content":{"rendered":"<p align=\"LEFT\"><span style=\"color: #000000;\"><span style=\"font-family: Arial, sans-serif;\"><span style=\"font-size: medium;\"><strong>Brigitte Challande, 15 juin 2025.<\/strong> Abu Amir rend compte de la r\u00e9alit\u00e9 de la situation le samedi 14 juin, apr\u00e8s la coupure pendant plus de 24h des r\u00e9seaux de communication et d\u2019internet dans la bande de Gaza. <\/span><\/span><\/span><\/p>\n<p align=\"LEFT\"><span style=\"color: #000000;\"><span style=\"font-family: Arial, sans-serif;\"><span style=\"font-size: medium;\">\u00ab\u00a0Alors que l\u2019occupation isra\u00e9lienne a d\u00e9lib\u00e9r\u00e9ment coup\u00e9 les r\u00e9seaux de communication et d\u2019internet dans la bande de Gaza, la ville assi\u00e9g\u00e9e s\u2019enfonce de plus en plus dans l\u2019obscurit\u00e9 et l\u2019isolement. Elle a \u00e9t\u00e9 abandonn\u00e9e, livr\u00e9e seule aux formes les plus atroces de meurtre et de r\u00e9pression, sans que le monde ne voie ni n\u2019entende ses g\u00e9missements. La coupure des communications n\u2019\u00e9tait pas une simple mesure technique, mais un \u00e9cran intentionnel pour commettre des massacres loin des cam\u00e9ras, loin des yeux des organisations humanitaires et des m\u00e9dias. En l\u2019absence du regard du monde, les portes de l\u2019enfer se sont ouvertes sur Gaza, et le poids du g\u00e9nocide s\u2019est intensifi\u00e9 \u2014 une guerre sans t\u00e9moins, une agression sans piti\u00e9.<\/span><\/span><\/span><\/p>\n<div id=\"attachment_21262\" style=\"width: 580px\" class=\"wp-caption aligncenter\"><a href=\"https:\/\/ismfrance.org\/wp-content\/uploads\/2025\/06\/reparateurs-internet1.jpeg\"><img loading=\"lazy\" decoding=\"async\" aria-describedby=\"caption-attachment-21262\" class=\"wp-image-21262 size-large\" src=\"https:\/\/ismfrance.org\/wp-content\/uploads\/2025\/06\/reparateurs-internet1-570x700.jpeg\" alt=\"\" width=\"570\" height=\"700\" srcset=\"https:\/\/ismfrance.org\/wp-content\/uploads\/2025\/06\/reparateurs-internet1-570x700.jpeg 570w, https:\/\/ismfrance.org\/wp-content\/uploads\/2025\/06\/reparateurs-internet1-244x300.jpeg 244w, https:\/\/ismfrance.org\/wp-content\/uploads\/2025\/06\/reparateurs-internet1.jpeg 720w\" sizes=\"auto, (max-width: 570px) 100vw, 570px\" \/><\/a><p id=\"caption-attachment-21262\" class=\"wp-caption-text\">\u00ab\u00a0<strong><em>Hommage aux courageux h\u00e9ros des t\u00e9l\u00e9communications \u00e0 Gaza : ils ont r\u00e9tabli la connexion internet au milieu des bombardements, au p\u00e9ril de leur vie. Ils ont fait rena\u00eetre nos voix au c\u0153ur d&rsquo;un g\u00e9nocide silencieux<\/em><\/strong>\u00ab\u00a0. Photos <span style=\"color: #ff0000;\"><a style=\"color: #ff0000;\" href=\"https:\/\/x.com\/mohammedIhysse\/status\/1933986704932655274\">Mohammed Hussein, sur son compte X<\/a>.<\/span><\/p><\/div>\n<p align=\"LEFT\"><a href=\"https:\/\/ismfrance.org\/wp-content\/uploads\/2025\/06\/reparateur-internet.jpeg\"><img loading=\"lazy\" decoding=\"async\" class=\"size-large wp-image-21261 aligncenter\" src=\"https:\/\/ismfrance.org\/wp-content\/uploads\/2025\/06\/reparateur-internet-700x525.jpeg\" alt=\"\" width=\"600\" height=\"450\" srcset=\"https:\/\/ismfrance.org\/wp-content\/uploads\/2025\/06\/reparateur-internet-700x525.jpeg 700w, https:\/\/ismfrance.org\/wp-content\/uploads\/2025\/06\/reparateur-internet-300x225.jpeg 300w, https:\/\/ismfrance.org\/wp-content\/uploads\/2025\/06\/reparateur-internet-768x576.jpeg 768w, https:\/\/ismfrance.org\/wp-content\/uploads\/2025\/06\/reparateur-internet-350x263.jpeg 350w, https:\/\/ismfrance.org\/wp-content\/uploads\/2025\/06\/reparateur-internet.jpeg 1080w\" sizes=\"auto, (max-width: 600px) 100vw, 600px\" \/><\/a> <span style=\"color: #000000;\"><span style=\"font-family: Arial, sans-serif;\"><span style=\"font-size: medium;\">Ce matin, Gaza s\u2019est r\u00e9veill\u00e9e sur un nouveau chapitre de la tuerie continue : 12 morts et environ 50 bless\u00e9s suite \u00e0 un bombardement isra\u00e9lien ciblant des civils innocents rassembl\u00e9s avec espoir pour attendre des camions d\u2019aide humanitaire dans le nord-ouest de la ville, esp\u00e9rant obtenir de quoi calmer leur faim. Au m\u00eame moment, la zone de Netzarim, au centre de la bande n\u2019a pas \u00e9t\u00e9 \u00e9pargn\u00e9e par les tirs : les forces d\u2019occupation ont ouvert le feu sur des citoyens attendant l\u2019aide avec la d\u00e9tresse des d\u00e9sesp\u00e9r\u00e9s. Sept autres personnes ont \u00e9t\u00e9 tu\u00e9es, et des dizaines de bless\u00e9s ont \u00e9t\u00e9 transport\u00e9s vers les h\u00f4pitaux d\u2019Al-Awda et Al-Aqsa, portant des plaies parfois sans m\u00eame une compresse pour les couvrir.<\/span><\/span><\/span><\/p>\n<p align=\"LEFT\"><span style=\"color: #000000;\"><span style=\"font-family: Arial, sans-serif;\"><span style=\"font-size: medium;\">Aujourd\u2019hui, Gaza n\u2019est plus simplement une ville sous blocus ; elle est devenue une prison \u00e0 ciel ouvert, envahie par le chaos, la famine et le d\u00e9sespoir. Pas de nourriture, pas d\u2019eau, pas de m\u00e9dicaments. La faim assi\u00e8ge les gens jusque dans leurs maisons \u2014 ou plut\u00f4t, dans les ruines de ces maisons d\u00e9truites par les avions.<\/span><\/span><\/span><\/p>\n<div id=\"attachment_21269\" style=\"width: 570px\" class=\"wp-caption aligncenter\"><a href=\"https:\/\/ismfrance.org\/wp-content\/uploads\/2025\/06\/dead-father.jpeg\"><img loading=\"lazy\" decoding=\"async\" aria-describedby=\"caption-attachment-21269\" class=\"wp-image-21269 size-large\" src=\"https:\/\/ismfrance.org\/wp-content\/uploads\/2025\/06\/dead-father-560x700.jpeg\" alt=\"\" width=\"560\" height=\"700\" srcset=\"https:\/\/ismfrance.org\/wp-content\/uploads\/2025\/06\/dead-father-560x700.jpeg 560w, https:\/\/ismfrance.org\/wp-content\/uploads\/2025\/06\/dead-father-240x300.jpeg 240w, https:\/\/ismfrance.org\/wp-content\/uploads\/2025\/06\/dead-father-768x960.jpeg 768w, https:\/\/ismfrance.org\/wp-content\/uploads\/2025\/06\/dead-father-1229x1536.jpeg 1229w, https:\/\/ismfrance.org\/wp-content\/uploads\/2025\/06\/dead-father-1320x1650.jpeg 1320w, https:\/\/ismfrance.org\/wp-content\/uploads\/2025\/06\/dead-father.jpeg 1638w\" sizes=\"auto, (max-width: 560px) 100vw, 560px\" \/><\/a><p id=\"caption-attachment-21269\" class=\"wp-caption-text\"><strong><em>\u00ab\u00a0Un fils transporte le corps de son p\u00e8re mort, sur son v\u00e9lo, apr\u00e8s qu&rsquo;il ait \u00e9t\u00e9 tu\u00e9 lors d&rsquo;un point de distribution d&rsquo;aide.\u00a0\u00bb<\/em><\/strong><\/p><\/div>\n<p align=\"LEFT\"><span style=\"color: #000000;\"><span style=\"font-family: Arial, sans-serif;\"><span style=\"font-size: medium;\">La peur s\u2019infiltre \u00e0 chaque instant dans les c\u0153urs. Chaque quartier est devenu un r\u00e9servoir de tristesse et de mis\u00e8re, chaque maison un r\u00e9cit suspendu de mort. Les femmes errent dans les rues, les yeux \u00e9teints, \u00e0 la recherche d\u2019un morceau de pain pour nourrir leurs enfants. Elles portent des sacs vides et des c\u0153urs lourds de douleur. Les hommes, eux, attendent dans les files de la mort devant les points de distribution d\u2019aide install\u00e9s par l\u2019occupation, qui se sont <span style=\"color: #ff0000;\"><a style=\"color: #ff0000;\" href=\"https:\/\/x.com\/i\/status\/1934013529788453171\">transform\u00e9s en pi\u00e8ges collectifs<\/a> <\/span>: nul ne sait si celui qui attend obtiendra de la nourriture\u2026 ou une balle mettant fin \u00e0 son attente de survie.<\/span><\/span><\/span><\/p>\n<p align=\"LEFT\"><a href=\"https:\/\/ismfrance.org\/wp-content\/uploads\/2025\/06\/gaza-1406.jpeg\"><img loading=\"lazy\" decoding=\"async\" class=\"size-large wp-image-21263 aligncenter\" src=\"https:\/\/ismfrance.org\/wp-content\/uploads\/2025\/06\/gaza-1406-700x384.jpeg\" alt=\"\" width=\"600\" height=\"329\" srcset=\"https:\/\/ismfrance.org\/wp-content\/uploads\/2025\/06\/gaza-1406-700x384.jpeg 700w, https:\/\/ismfrance.org\/wp-content\/uploads\/2025\/06\/gaza-1406-300x165.jpeg 300w, https:\/\/ismfrance.org\/wp-content\/uploads\/2025\/06\/gaza-1406-768x422.jpeg 768w, https:\/\/ismfrance.org\/wp-content\/uploads\/2025\/06\/gaza-1406.jpeg 1024w\" sizes=\"auto, (max-width: 600px) 100vw, 600px\" \/><\/a><span style=\"color: #000000;\"><span style=\"font-family: Arial, sans-serif;\"><span style=\"font-size: medium;\">Quant aux enfants \u2014 ceux qui ne connaissent de l\u2019enfance que le nom \u2014, on les voit fouiller les d\u00e9charges \u00e0 la recherche de restes de nourriture ou de quelque chose \u00e0 vendre pour acheter de quoi survivre. Leurs visages sont p\u00e2les, leurs yeux agrandis par l\u2019horreur de ce qu\u2019ils voient, et leurs corps amaigris t\u00e9moignent d\u2019une faim chronique impitoyable. Leur enfance est vol\u00e9e, minute apr\u00e8s minute, sous le fracas des explosions, les cris des m\u00e8res, le froid et la peur. Ils ne jouent pas. Ils ne r\u00eavent pas. Tout ce qu\u2019ils ont aujourd\u2019hui, c\u2019est un petit espoir : se r\u00e9veiller vivants le lendemain.<\/span><\/span><\/span><\/p>\n<p align=\"LEFT\"><span style=\"color: #000000;\"><span style=\"font-family: Arial, sans-serif;\"><span style=\"font-size: medium;\">Gaza souffre dans un silence absolu. Elle meurt dans un silence encore plus profond. Personne n\u2019entend sa voix, personne ne se tourne vers sa souffrance. Aucune institution internationale n\u2019est en mesure de prot\u00e9ger les vies, aucun sursaut de conscience mondiale ne vient briser son sommeil. La douleur est devenue le langage quotidien de ses habitants, la dignit\u00e9 pi\u00e9tin\u00e9e sous les bottes de l\u2019occupant, et le monde se contente d\u2019un silence complice ou de condamnations ti\u00e8des qui n\u2019\u00e9teignent aucun feu, ne sauvent aucun sang.<\/span><\/span><\/span><\/p>\n<div id=\"attachment_21265\" style=\"width: 610px\" class=\"wp-caption aligncenter\"><a href=\"https:\/\/ismfrance.org\/wp-content\/uploads\/2025\/06\/last-map-1306.jpeg\"><img loading=\"lazy\" decoding=\"async\" aria-describedby=\"caption-attachment-21265\" class=\"wp-image-21265 size-large\" src=\"https:\/\/ismfrance.org\/wp-content\/uploads\/2025\/06\/last-map-1306-700x394.jpeg\" alt=\"\" width=\"600\" height=\"338\" srcset=\"https:\/\/ismfrance.org\/wp-content\/uploads\/2025\/06\/last-map-1306-700x394.jpeg 700w, https:\/\/ismfrance.org\/wp-content\/uploads\/2025\/06\/last-map-1306-300x169.jpeg 300w, https:\/\/ismfrance.org\/wp-content\/uploads\/2025\/06\/last-map-1306-768x432.jpeg 768w, https:\/\/ismfrance.org\/wp-content\/uploads\/2025\/06\/last-map-1306.jpeg 900w\" sizes=\"auto, (max-width: 600px) 100vw, 600px\" \/><\/a><p id=\"caption-attachment-21265\" class=\"wp-caption-text\"><em><strong>Les nouvelles consignes de l&rsquo;arm\u00e9e g\u00e9nocidaire, le 13 juin : \u00ab\u00a0Les zones en rouge doivent \u00eatre \u00e9vacu\u00e9es.\u00a0\u00bb<\/strong><\/em><\/p><\/div>\n<p align=\"LEFT\"><span style=\"color: #000000;\"><span style=\"font-family: Arial, sans-serif;\"><span style=\"font-size: medium;\">Chaque instant qui passe est \u00e9crit en lettres de sang. Chaque jour s\u2019imprime dans la m\u00e9moire comme un cauchemar collectif interminable.<\/span><\/span><\/span><\/p>\n<p align=\"LEFT\"><span style=\"color: #000000;\"><span style=\"font-family: Arial, sans-serif;\"><span style=\"font-size: medium;\">Ce qui se passe \u00e0 Gaza n\u2019est pas une simple agression militaire, mais une catastrophe <\/span><\/span><\/span><span style=\"color: #000000;\"><span style=\"font-family: Arial, sans-serif;\"><span style=\"font-size: medium;\">humanitaire, un crime moral et historique \u00e0 part enti\u00e8re. Ce qui se d\u00e9roule d\u00e9passe toutes les lois, tous les usages, toute logique. Ils ont voulu faire de Gaza un cimeti\u00e8re collectif pour la voix, l\u2019image, et la dignit\u00e9. <\/span><\/span><\/span><\/p>\n<p align=\"LEFT\"><span style=\"color: #000000;\"><span style=\"font-family: Arial, sans-serif;\"><span style=\"font-size: medium;\">Se taire, c\u2019est participer. Se taire, c\u2019est trahir tous les principes d\u2019humanit\u00e9 et de justice. Gaza n\u2019a pas besoin de mots de condol\u00e9ances. Elle a besoin d\u2019un cri de conscience, d\u2019une position courageuse, et d\u2019une volont\u00e9 mondiale de mettre fin \u00e0 cette h\u00e9morragie\u2026 avant que la derni\u00e8re bougie n\u2019y soit \u00e9teinte.\u00a0\u00bb<\/span><\/span><\/span><\/p>\n<p align=\"LEFT\"><span style=\"color: #000000;\"><span style=\"font-family: Arial, sans-serif;\"><span style=\"font-size: medium;\"><span style=\"color: #ff0000;\"><a style=\"color: #ff0000;\" href=\"https:\/\/drive.google.com\/file\/d\/17LjPjDWvSHYADkiGVWuyaFt-CQ2VIyzG\/view\">ICI une vid\u00e9o<\/a> <\/span>qui doit nous faire honte\u2026.<\/span><\/span><\/span><\/p>\n<hr \/>\n<p align=\"LEFT\"><strong>Retrouvez l\u2019ensemble des t\u00e9moignages d\u2019Abu Amir et Marsel :<\/strong><\/p>\n<p>*<strong>Abu Amir Mutasem Ele\u00efwa<\/strong>\u00a0est coordinateur des Projets paysans depuis 2016 au sud de la bande de Gaza et correspondant de l\u2019Union Juive Fran\u00e7aise pour la Paix.<\/p>\n<p>*<strong>Marsel Alledawi<\/strong>\u00a0est responsable du Centre Ibn Sina du nord de la bande de Gaza, centre qui se consacre au suivi \u00e9ducatif et psychologique de l\u2019enfance.<\/p>\n<p>Tous les deux sont soutenus par l\u2019UJFP en France.<\/p>\n<pre><strong><em>Cliquez ici pour consulter les\u00a0<a href=\"https:\/\/ismfrance.org\/index.php\/temoignages-gazaouis-survie-enfer-gaza-1\/\" target=\"_blank\" rel=\"noopener\">T\u00e9moignages du 20 novembre 2023 au 5 janvier 2025 (partie 1 \u00e0 268)<\/a><\/em><\/strong>\r\n\r\n<em><strong>Cliquez ici pour consulter les <a href=\"https:\/\/ismfrance.org\/index.php\/2025\/05\/11\/temoignages-de-gazaouis-la-survie-qui-sorganise-au-jour-le-jour-dans-lenfer-de-gaza-recapitulatif-du-5-janvier-au-9-mai-2025-partie-269-a-392\/\">T\u00e9moignages du 5 janvier au 9 mai 2025 (partie 269 \u00e0 392)<\/a><\/strong><\/em><\/pre>\n<p><a href=\"https:\/\/ismfrance.org\/index.php\/2025\/05\/11\/temoignages-de-gazaouis-la-survie-qui-sorganise-au-jour-le-jour-dans-lenfer-de-gaza-partie-393-10-mai-histoires-dexil-et-de-patience-atel\/\">Partie 393<\/a>\u00a0: 10 mai.\u00a0<a href=\"https:\/\/ismfrance.org\/index.php\/2025\/05\/12\/temoignages-de-gazaouis-la-survie-qui-sorganise-au-jour-le-jour-dans-lenfer-de-gaza-partie-394-11-mai-gaza-sous-la-faim-et-le-feu-famine-lente-et-mort\/\">Partie 394<\/a>\u00a0: 11 mai.\u00a0<a href=\"https:\/\/ismfrance.org\/index.php\/2025\/05\/13\/temoignages-de-gazaouis-la-survie-qui-sorganise-au-jour-le-jour-dans-lenfer-de-gaza-partie-395-11-mai-1-les-femmes-de-gaza-nourrissent-la-faim-par-la-p\/\">Partie 395<\/a>\u00a0: 11 mai (1).\u00a0<a href=\"https:\/\/ismfrance.org\/index.php\/2025\/05\/13\/temoignages-de-gazaouis-la-survie-qui-sorganise-au-jour-le-jour-dans-lenfer-de-gaza-partie-396-12-mai-la-nuit-a-gaza\/\">Partie 396<\/a>\u00a0: 12 mai.\u00a0<a href=\"https:\/\/ismfrance.org\/index.php\/2025\/05\/14\/temoignages-de-gazaouis-la-survie-qui-sorganise-au-jour-le-jour-dans-lenfer-de-gaza-partie-397-13-mai-distribution-de-vetements-aux-enfants-des-agriculte\/\">Partie 397<\/a>\u00a0: 13 mai.\u00a0<a href=\"https:\/\/ismfrance.org\/index.php\/2025\/05\/15\/temoignages-de-gazaouis-la-survie-qui-sorganise-au-jour-le-jour-dans-lenfer-de-gaza-partie-398-14-mai-fracture-du-gouvernement-israelien-escalade-des-ma\/\">Partie 398<\/a>\u00a0: 14 mai.\u00a0<a href=\"https:\/\/ismfrance.org\/index.php\/2025\/05\/16\/temoignages-de-gazaouis-la-survie-qui-sorganise-au-jour-le-jour-dans-lenfer-de-gaza-partie-399-15-mai-soutien-psychologique-seances-sur-la-malnutrition-dans-les-camp\/\">Partie 399<\/a>\u00a0: 15 mai.\u00a0<a href=\"https:\/\/ismfrance.org\/index.php\/2025\/05\/17\/temoignages-de-gazaouis-la-survie-qui-sorganise-au-jour-le-jour-dans-lenfer-de-gaza-partie-400-16-mai-un-genocide-a-lere-de-limpuissanc\/\">Partie 400<\/a>\u00a0: 16 mai.\u00a0<a href=\"https:\/\/ismfrance.org\/index.php\/2025\/05\/18\/temoignages-de-gazaouis-la-survie-qui-sorganise-au-jour-le-jour-dans-lenfer-de-gaza-partie-401-16-mai-1-face-a-la-rarete-de-la-nourriture-proteger-les\/\">Partie 401<\/a>\u00a0: 16 mai (1).\u00a0<a href=\"https:\/\/ismfrance.org\/index.php\/2025\/05\/19\/temoignages-de-gazaouis-la-survie-qui-sorganise-au-jour-le-jour-dans-lenfer-de-gaza-partie-401-17-mai-gaza-cimetiere-de-lenfance-et-silence-du\/\">Partie 402<\/a>\u00a0: 17 mai.<a href=\"https:\/\/ismfrance.org\/index.php\/2025\/05\/19\/temoignages-de-gazaouis-la-survie-qui-sorganise-au-jour-le-jour-dans-lenfer-de-gaza-partie-403-18-mai-continuite-des-activites-humanitaires-de-l\/\">\u00a0Partie 403<\/a>\u00a0: 18 mai.\u00a0<a href=\"https:\/\/ismfrance.org\/index.php\/2025\/05\/19\/temoignages-de-gazaouis-la-survie-qui-sorganise-au-jour-le-jour-dans-lenfer-de-gaza-partie-404-18-mai-1-escalade-des-massacres-operation-chariots-de\/\">Partie 404<\/a>\u00a0: 18 mai (1).\u00a0<a href=\"https:\/\/ismfrance.org\/index.php\/2025\/05\/20\/temoignages-de-gazaouis-la-survie-qui-sorganise-au-jour-le-jour-dans-lenfer-de-gaza-partie-405-20-mai-gaza-un-scandale-moral-mondial\/\">Partie 405<\/a>\u00a0: 20 mai.\u00a0<a href=\"https:\/\/ismfrance.org\/index.php\/2025\/05\/21\/temoignages-de-gazaouis-la-survie-qui-sorganise-au-jour-le-jour-dans-lenfer-de-gaza-partie-406-21-mai-gaza-sous-les-decombres\/\">Partie 406<\/a>\u00a0: 21 mai.\u00a0<a href=\"https:\/\/ismfrance.org\/index.php\/2025\/05\/22\/temoignages-de-gazaouis-la-survie-qui-sorganise-au-jour-le-jour-dans-lenfer-de-gaza-partie-407-22-mai-gaza-le-cadavre-geopolitique-sur-lequel-saffrontent\/\">Partie 407<\/a>\u00a0: 22 mai.\u00a0<a href=\"https:\/\/ismfrance.org\/index.php\/2025\/05\/23\/20653\/\">Partie 408<\/a>\u00a0: 22 mai (1).\u00a0<a href=\"https:\/\/ismfrance.org\/index.php\/2025\/05\/24\/temoignages-de-gazaouis-la-survie-qui-sorganise-au-jour-le-jour-dans-lenfer-de-gaza-partie-409-23-mai-en-marge-de-de-la-guerre-une-parenthese-de\/\">Partie 409<\/a>\u00a0: 23 mai.\u00a0<a href=\"https:\/\/ismfrance.org\/index.php\/2025\/05\/24\/temoignages-de-gazaouis-la-survie-qui-sorganise-au-jour-le-jour-dans-lenfer-de-gaza-partie-410-24-mai-la-bande-de-gaza-un-champ-de-bataille-entre\/\">Partie 410<\/a>\u00a0: 24 mai.\u00a0<a href=\"https:\/\/ismfrance.org\/index.php\/2025\/05\/25\/temoignages-de-gazaouis-la-survie-qui-sorganise-au-jour-le-jour-dans-lenfer-de-gaza-partie-411-25-mai-paroles-de-femmes-dans-les-ateliers-collectifs-de-s\/\">Partie 411<\/a>\u00a0: 25 mai.\u00a0<a href=\"https:\/\/ismfrance.org\/index.php\/2025\/05\/26\/temoignages-de-gazaouis-la-survie-qui-sorganise-au-jour-le-jour-dans-lenfer-de-gaza-partie-412-25-mai-1-soutien-alimentaire-et-travail-educatif\/\">Partie 412<\/a>\u00a0: 25 mai (1).\u00a0<a href=\"https:\/\/ismfrance.org\/index.php\/2025\/05\/27\/temoignages-de-gazaouis-la-survie-qui-sorganise-au-jour-le-jour-dans-lenfer-de-gaza-partie-413-27-mai-gaza-un-enfer-sans-fin\/\">Partie 413<\/a>\u00a0: 27 mai.<a href=\"https:\/\/ismfrance.org\/index.php\/2025\/05\/28\/temoignages-de-gazaouis-la-survie-qui-sorganise-au-jour-le-jour-dans-lenfer-de-gaza-partie-414-27-mai-1-un-nouveau-scenario-diffuse-par-larmee-israel\/\">\u00a0Partie 414<\/a>\u00a0: 27 mai (1).\u00a0<a href=\"https:\/\/ismfrance.org\/index.php\/2025\/05\/30\/temoignages-de-gazaouis-la-survie-qui-sorganise-au-jour-le-jour-dans-lenfer-de-gaza-partie-415-28-mai-la-famine-a-gaza-une-arme-de-mort-impitoyable\/\">Partie 415<\/a>\u00a0: 28 mai.\u00a0<a href=\"https:\/\/ismfrance.org\/index.php\/2025\/05\/30\/temoignages-de-gazaouis-la-survie-qui-sorganise-au-jour-le-jour-dans-lenfer-de-gaza-partie-416-29-mai-gaza-ne-meurt-pas-elle-resiste-elle-crie-qui-ecoute\/\">Partie 416<\/a>\u00a0: 29 mai.\u00a0<a href=\"https:\/\/ismfrance.org\/index.php\/2025\/05\/31\/temoignages-de-gazaouis-la-survie-qui-sorganise-au-jour-le-jour-dans-lenfer-de-gaza-partie-417-30-mai-comment-vivre-avec-la-peur-au-quotidien-a-gaza\/\">Partie 417<\/a>\u00a0: 30 mai.\u00a0<a href=\"https:\/\/ismfrance.org\/index.php\/2025\/06\/01\/temoignages-de-gazaouis-la-survie-qui-sorganise-au-jour-le-jour-dans-lenfer-de-gaza-partie-418-1er-juin-massacres-a-rafah-et-dans-le-corridor-de-netzarim\/\">Partie 418<\/a>\u00a0: 1er juin.\u00a0<a href=\"https:\/\/ismfrance.org\/index.php\/2025\/06\/02\/temoignages-de-gazaouis-la-survie-qui-sorganise-au-jour-le-jour-dans-lenfer-de-gaza-partie-419-1er-juin-1-temoignage-dune-survivante-du-massac\/\">Partie 419<\/a>\u00a0: 1er juin (1).\u00a0<a href=\"https:\/\/ismfrance.org\/index.php\/2025\/06\/02\/temoignages-de-gazaouis-la-survie-qui-sorganise-au-jour-le-jour-dans-lenfer-de-gaza-partie-420-31-mai-et-2-juin-lespoir-resiste-sous-les-decombre\/\">Partie 420<\/a>\u00a0: 31 mai et 2 juin.\u00a0<a href=\"https:\/\/ismfrance.org\/index.php\/2025\/06\/03\/temoignages-de-gazaouis-la-survie-qui-sorganise-au-jour-le-jour-dans-lenfer-de-gaza-partie-421-2-juin-1-assez-de-silence-sauvons-ce-quil-reste\/\">Partie 421<\/a>\u00a0: 2 juin (1).\u00a0<a href=\"https:\/\/ismfrance.org\/index.php\/2025\/06\/04\/temoignages-de-gazaouis-la-survie-qui-sorganise-au-jour-le-jour-dans-lenfer-de-gaza-partie-422-3-juin-une-catastrophe-silencieuse-menace-les-femmes\/\">Partie 422<\/a>\u00a0: 3 juin.\u00a0<a href=\"https:\/\/ismfrance.org\/index.php\/2025\/06\/05\/temoignages-de-gazaouis-la-survie-qui-sorganise-au-jour-le-jour-dans-lenfer-de-gaza-partie-423-4-juin-quand-la-voix-devient-la-derniere-arme-pour-vivre\/\">Partie 423<\/a>\u00a0: 4 juin.\u00a0<a href=\"https:\/\/ismfrance.org\/index.php\/2025\/06\/06\/temoignages-de-gazaouis-la-survie-qui-sorganise-au-jour-le-jour-dans-lenfer-de-gaza-partie-424-5-juin-l-etouffement-de-lidentite-politique-et\/\">Partie 424<\/a>\u00a0: 5 juin.\u00a0<a href=\"https:\/\/ismfrance.org\/index.php\/2025\/06\/07\/temoignages-de-gazaouis-la-survie-qui-sorganise-au-jour-le-jour-dans-lenfer-de-gaza-partie-425-6-juin-ce-qui-se-passe-a-gaza-interroge-le-droit-internati\/\">Partie 425<\/a>\u00a0: 6 juin.\u00a0<a href=\"https:\/\/ismfrance.org\/index.php\/2025\/06\/08\/temoignages-de-gazaouis-la-survie-qui-sorganise-au-jour-le-jour-dans-lenfer-de-gaza-partie-426-6-juin-1-une-journee-de-joie-arrachee-aux-larmes\/\">Partie 426<\/a>\u00a0: 6 juin (1).\u00a0<a href=\"https:\/\/ismfrance.org\/index.php\/2025\/06\/08\/21083\/\">Partie 427<\/a>\u00a0: 7 juin.\u00a0<a href=\"https:\/\/ismfrance.org\/index.php\/2025\/06\/09\/temoignages-de-gazaouis-la-survie-qui-sorganise-au-jour-le-jour-dans-lenfer-de-gaza-partie-428-8-juin-des-femmes-fatiguees-fragiles-mais-capables-de-se\/\">Partie 428<\/a>\u00a0: 8 juin.\u00a0<a href=\"https:\/\/ismfrance.org\/index.php\/2025\/06\/10\/21128\/\">Partie 429<\/a>\u00a0: 9 juin.\u00a0<a href=\"https:\/\/ismfrance.org\/index.php\/2025\/06\/11\/temoignages-de-gazaouis-la-survie-qui-sorganise-au-jour-le-jour-dans-lenfer-de-gaza-partie-430-10-juin-rehabilitation-des-serres-des-agriculteurs-de-deir\/\">Partie 430<\/a>\u00a0: 10 juin.\u00a0<a href=\"https:\/\/ismfrance.org\/index.php\/2025\/06\/12\/temoignages-de-gazaouis-la-survie-qui-sorganise-au-jour-le-jour-dans-lenfer-de-gaza-partie-431-11-juin-le-temps-est-fige-a-gaza-bombardements-sans\/\">Partie 431<\/a>\u00a0: 11 juin.<a href=\"https:\/\/ismfrance.org\/index.php\/2025\/06\/13\/temoignages-de-gazaouis-la-survie-qui-sorganise-au-jour-le-jour-dans-lenfer-de-gaza-partie-432-12-juin-le-monde-se-souleve-pour-gaza-la-marche-des-peup\/\">\u00a0Partie 432<\/a> : 12 juin.<a href=\"https:\/\/ismfrance.org\/index.php\/2025\/06\/14\/temoignages-de-gazaouis-la-survie-qui-sorganise-au-jour-le-jour-dans-lenfer-de-gaza-partie-433-13-juin-continuite-du-soutien-psychologique-envers-et-con\/\"> Partie 433<\/a> : 13 juin.<\/p>\n<p><strong>Pour participer \u00e0 la collecte \u00ab Urgence Guerre \u00e0 Gaza \u00bb :\u00a0<a href=\"https:\/\/www.helloasso.com\/associations\/union-juive-francaise-pour-la-paix\/collectes\/urgence-guerre-a-gaza\">HelloAsso.com<\/a><\/strong><br \/>\n<strong>Les t\u00e9moignages sont \u00e9galement publi\u00e9s sur\u00a0<a href=\"https:\/\/ujfp.org\/\">UJFP<\/a>,\u00a0<a href=\"https:\/\/altermidi.org\/\">Altermidi<\/a>\u00a0et sur\u00a0<a href=\"https:\/\/lepoing.net\/\">Le Poing<\/a>.\u00a0<\/strong><\/p>\n","protected":false},"excerpt":{"rendered":"<p>Brigitte Challande, 15 juin 2025. Abu Amir rend compte de la r\u00e9alit\u00e9 de la situation le samedi 14 juin, apr\u00e8s la coupure pendant plus de 24h des r\u00e9seaux de communication <a class=\"more-link\" href=\"https:\/\/ismfrance.org\/index.php\/2025\/06\/15\/temoignages-de-gazaouis-la-survie-qui-sorganise-au-jour-le-jour-dans-lenfer-de-gaza-partie-434-14-juin-massacres-dans-lobscurite-gaza-entre-mo\/\">Lire la suite &rarr;<\/a><\/p>\n","protected":false},"author":3,"featured_media":21263,"comment_status":"closed","ping_status":"closed","sticky":false,"template":"","format":"standard","meta":{"footnotes":""},"categories":[2,13],"tags":[156],"class_list":["post-21260","post","type-post","status-publish","format-standard","has-post-thumbnail","hentry","category-articles","category-temoignages","tag-genocide"],"yoast_head":"<!-- This site is optimized with the Yoast SEO plugin v27.2 - https:\/\/yoast.com\/product\/yoast-seo-wordpress\/ -->\n<title>T\u00e9moignages de Gazaouis : La survie qui s\u2019organise au jour le jour dans l\u2019enfer de Gaza \u2013 partie 434 \/ 14 juin \u2013\u00a0Massacres dans l\u2019obscurit\u00e9 : Gaza entre mort et faim - International Solidarity Movement - ISM-France<\/title>\n<meta name=\"robots\" content=\"index, follow, max-snippet:-1, max-image-preview:large, max-video-preview:-1\" \/>\n<link rel=\"canonical\" href=\"https:\/\/ismfrance.org\/index.php\/2025\/06\/15\/temoignages-de-gazaouis-la-survie-qui-sorganise-au-jour-le-jour-dans-lenfer-de-gaza-partie-434-14-juin-massacres-dans-lobscurite-gaza-entre-mo\/\" \/>\n<meta property=\"og:locale\" content=\"fr_FR\" \/>\n<meta property=\"og:type\" content=\"article\" \/>\n<meta property=\"og:title\" content=\"T\u00e9moignages de Gazaouis : La survie qui s\u2019organise au jour le jour dans l\u2019enfer de Gaza \u2013 partie 434 \/ 14 juin \u2013\u00a0Massacres dans l\u2019obscurit\u00e9 : Gaza entre mort et faim - International Solidarity Movement - ISM-France\" \/>\n<meta property=\"og:description\" content=\"Brigitte Challande, 15 juin 2025. Abu Amir rend compte de la r\u00e9alit\u00e9 de la situation le samedi 14 juin, apr\u00e8s la coupure pendant plus de 24h des r\u00e9seaux de communication Lire la suite &rarr;\" \/>\n<meta property=\"og:url\" content=\"https:\/\/ismfrance.org\/index.php\/2025\/06\/15\/temoignages-de-gazaouis-la-survie-qui-sorganise-au-jour-le-jour-dans-lenfer-de-gaza-partie-434-14-juin-massacres-dans-lobscurite-gaza-entre-mo\/\" \/>\n<meta property=\"og:site_name\" content=\"International Solidarity Movement - ISM-France\" \/>\n<meta property=\"article:published_time\" content=\"2025-06-15T06:40:00+00:00\" \/>\n<meta property=\"article:modified_time\" content=\"2025-06-15T06:45:21+00:00\" \/>\n<meta property=\"og:image\" content=\"https:\/\/ismfrance.org\/wp-content\/uploads\/2025\/06\/gaza-1406.jpeg\" \/>\n\t<meta property=\"og:image:width\" content=\"1024\" \/>\n\t<meta property=\"og:image:height\" content=\"562\" \/>\n\t<meta property=\"og:image:type\" content=\"image\/jpeg\" \/>\n<meta name=\"author\" content=\"mru_01\" \/>\n<meta name=\"twitter:card\" content=\"summary_large_image\" \/>\n<meta name=\"twitter:creator\" content=\"@ISMFRANCE\" \/>\n<meta name=\"twitter:site\" content=\"@ISMFRANCE\" \/>\n<meta name=\"twitter:label1\" content=\"\u00c9crit par\" \/>\n\t<meta name=\"twitter:data1\" content=\"mru_01\" \/>\n\t<meta name=\"twitter:label2\" content=\"Dur\u00e9e de lecture estim\u00e9e\" \/>\n\t<meta name=\"twitter:data2\" content=\"7 minutes\" \/>\n<script type=\"application\/ld+json\" class=\"yoast-schema-graph\">{\"@context\":\"https:\/\/schema.org\",\"@graph\":[{\"@type\":\"Article\",\"@id\":\"https:\/\/ismfrance.org\/index.php\/2025\/06\/15\/temoignages-de-gazaouis-la-survie-qui-sorganise-au-jour-le-jour-dans-lenfer-de-gaza-partie-434-14-juin-massacres-dans-lobscurite-gaza-entre-mo\/#article\",\"isPartOf\":{\"@id\":\"https:\/\/ismfrance.org\/index.php\/2025\/06\/15\/temoignages-de-gazaouis-la-survie-qui-sorganise-au-jour-le-jour-dans-lenfer-de-gaza-partie-434-14-juin-massacres-dans-lobscurite-gaza-entre-mo\/\"},\"author\":{\"name\":\"mru_01\",\"@id\":\"https:\/\/ismfrance.org\/#\/schema\/person\/3c411eb72adfaae19c0dca1f41fae01d\"},\"headline\":\"T\u00e9moignages de Gazaouis : La survie qui s\u2019organise au jour le jour dans l\u2019enfer de Gaza \u2013 partie 434 \/ 14 juin \u2013\u00a0Massacres dans l\u2019obscurit\u00e9 : Gaza entre mort et faim\",\"datePublished\":\"2025-06-15T06:40:00+00:00\",\"dateModified\":\"2025-06-15T06:45:21+00:00\",\"mainEntityOfPage\":{\"@id\":\"https:\/\/ismfrance.org\/index.php\/2025\/06\/15\/temoignages-de-gazaouis-la-survie-qui-sorganise-au-jour-le-jour-dans-lenfer-de-gaza-partie-434-14-juin-massacres-dans-lobscurite-gaza-entre-mo\/\"},\"wordCount\":1181,\"publisher\":{\"@id\":\"https:\/\/ismfrance.org\/#organization\"},\"image\":{\"@id\":\"https:\/\/ismfrance.org\/index.php\/2025\/06\/15\/temoignages-de-gazaouis-la-survie-qui-sorganise-au-jour-le-jour-dans-lenfer-de-gaza-partie-434-14-juin-massacres-dans-lobscurite-gaza-entre-mo\/#primaryimage\"},\"thumbnailUrl\":\"https:\/\/ismfrance.org\/wp-content\/uploads\/2025\/06\/gaza-1406.jpeg\",\"keywords\":[\"G\u00e9nocide\"],\"articleSection\":[\"Articles\",\"T\u00e9moignages\"],\"inLanguage\":\"fr-FR\"},{\"@type\":\"WebPage\",\"@id\":\"https:\/\/ismfrance.org\/index.php\/2025\/06\/15\/temoignages-de-gazaouis-la-survie-qui-sorganise-au-jour-le-jour-dans-lenfer-de-gaza-partie-434-14-juin-massacres-dans-lobscurite-gaza-entre-mo\/\",\"url\":\"https:\/\/ismfrance.org\/index.php\/2025\/06\/15\/temoignages-de-gazaouis-la-survie-qui-sorganise-au-jour-le-jour-dans-lenfer-de-gaza-partie-434-14-juin-massacres-dans-lobscurite-gaza-entre-mo\/\",\"name\":\"T\u00e9moignages de Gazaouis : La survie qui s\u2019organise au jour le jour dans l\u2019enfer de Gaza \u2013 partie 434 \/ 14 juin \u2013\u00a0Massacres dans l\u2019obscurit\u00e9 : Gaza entre mort et faim - International Solidarity Movement - ISM-France\",\"isPartOf\":{\"@id\":\"https:\/\/ismfrance.org\/#website\"},\"primaryImageOfPage\":{\"@id\":\"https:\/\/ismfrance.org\/index.php\/2025\/06\/15\/temoignages-de-gazaouis-la-survie-qui-sorganise-au-jour-le-jour-dans-lenfer-de-gaza-partie-434-14-juin-massacres-dans-lobscurite-gaza-entre-mo\/#primaryimage\"},\"image\":{\"@id\":\"https:\/\/ismfrance.org\/index.php\/2025\/06\/15\/temoignages-de-gazaouis-la-survie-qui-sorganise-au-jour-le-jour-dans-lenfer-de-gaza-partie-434-14-juin-massacres-dans-lobscurite-gaza-entre-mo\/#primaryimage\"},\"thumbnailUrl\":\"https:\/\/ismfrance.org\/wp-content\/uploads\/2025\/06\/gaza-1406.jpeg\",\"datePublished\":\"2025-06-15T06:40:00+00:00\",\"dateModified\":\"2025-06-15T06:45:21+00:00\",\"breadcrumb\":{\"@id\":\"https:\/\/ismfrance.org\/index.php\/2025\/06\/15\/temoignages-de-gazaouis-la-survie-qui-sorganise-au-jour-le-jour-dans-lenfer-de-gaza-partie-434-14-juin-massacres-dans-lobscurite-gaza-entre-mo\/#breadcrumb\"},\"inLanguage\":\"fr-FR\",\"potentialAction\":[{\"@type\":\"ReadAction\",\"target\":[\"https:\/\/ismfrance.org\/index.php\/2025\/06\/15\/temoignages-de-gazaouis-la-survie-qui-sorganise-au-jour-le-jour-dans-lenfer-de-gaza-partie-434-14-juin-massacres-dans-lobscurite-gaza-entre-mo\/\"]}]},{\"@type\":\"ImageObject\",\"inLanguage\":\"fr-FR\",\"@id\":\"https:\/\/ismfrance.org\/index.php\/2025\/06\/15\/temoignages-de-gazaouis-la-survie-qui-sorganise-au-jour-le-jour-dans-lenfer-de-gaza-partie-434-14-juin-massacres-dans-lobscurite-gaza-entre-mo\/#primaryimage\",\"url\":\"https:\/\/ismfrance.org\/wp-content\/uploads\/2025\/06\/gaza-1406.jpeg\",\"contentUrl\":\"https:\/\/ismfrance.org\/wp-content\/uploads\/2025\/06\/gaza-1406.jpeg\",\"width\":1024,\"height\":562},{\"@type\":\"BreadcrumbList\",\"@id\":\"https:\/\/ismfrance.org\/index.php\/2025\/06\/15\/temoignages-de-gazaouis-la-survie-qui-sorganise-au-jour-le-jour-dans-lenfer-de-gaza-partie-434-14-juin-massacres-dans-lobscurite-gaza-entre-mo\/#breadcrumb\",\"itemListElement\":[{\"@type\":\"ListItem\",\"position\":1,\"name\":\"Accueil\",\"item\":\"https:\/\/ismfrance.org\/\"},{\"@type\":\"ListItem\",\"position\":2,\"name\":\"T\u00e9moignages de Gazaouis : La survie qui s\u2019organise au jour le jour dans l\u2019enfer de Gaza \u2013 partie 434 \/ 14 juin \u2013\u00a0Massacres dans l\u2019obscurit\u00e9 : Gaza entre mort et faim\"}]},{\"@type\":\"WebSite\",\"@id\":\"https:\/\/ismfrance.org\/#website\",\"url\":\"https:\/\/ismfrance.org\/\",\"name\":\"ISM Palestine France\",\"description\":\"Soutien aux luttes de lib\u00e9ration du peuple palestinien\",\"publisher\":{\"@id\":\"https:\/\/ismfrance.org\/#organization\"},\"potentialAction\":[{\"@type\":\"SearchAction\",\"target\":{\"@type\":\"EntryPoint\",\"urlTemplate\":\"https:\/\/ismfrance.org\/?s={search_term_string}\"},\"query-input\":{\"@type\":\"PropertyValueSpecification\",\"valueRequired\":true,\"valueName\":\"search_term_string\"}}],\"inLanguage\":\"fr-FR\"},{\"@type\":\"Organization\",\"@id\":\"https:\/\/ismfrance.org\/#organization\",\"name\":\"International Solidarity Movement\",\"url\":\"https:\/\/ismfrance.org\/\",\"logo\":{\"@type\":\"ImageObject\",\"inLanguage\":\"fr-FR\",\"@id\":\"https:\/\/ismfrance.org\/#\/schema\/logo\/image\/\",\"url\":\"https:\/\/ismfrance.org\/wp-content\/uploads\/2020\/12\/00.png\",\"contentUrl\":\"https:\/\/ismfrance.org\/wp-content\/uploads\/2020\/12\/00.png\",\"width\":400,\"height\":400,\"caption\":\"International Solidarity Movement\"},\"image\":{\"@id\":\"https:\/\/ismfrance.org\/#\/schema\/logo\/image\/\"},\"sameAs\":[\"https:\/\/x.com\/ISMFRANCE\"]},{\"@type\":\"Person\",\"@id\":\"https:\/\/ismfrance.org\/#\/schema\/person\/3c411eb72adfaae19c0dca1f41fae01d\",\"name\":\"mru_01\",\"image\":{\"@type\":\"ImageObject\",\"inLanguage\":\"fr-FR\",\"@id\":\"https:\/\/secure.gravatar.com\/avatar\/3a0be343b445d2ccc79e87444a294fad2b232e90d2051d0e3cc219e1ecd6a330?s=96&d=mm&r=g\",\"url\":\"https:\/\/secure.gravatar.com\/avatar\/3a0be343b445d2ccc79e87444a294fad2b232e90d2051d0e3cc219e1ecd6a330?s=96&d=mm&r=g\",\"contentUrl\":\"https:\/\/secure.gravatar.com\/avatar\/3a0be343b445d2ccc79e87444a294fad2b232e90d2051d0e3cc219e1ecd6a330?s=96&d=mm&r=g\",\"caption\":\"mru_01\"},\"url\":\"https:\/\/ismfrance.org\/index.php\/author\/admin02\/\"}]}<\/script>\n<!-- \/ Yoast SEO plugin. -->","yoast_head_json":{"title":"T\u00e9moignages de Gazaouis : La survie qui s\u2019organise au jour le jour dans l\u2019enfer de Gaza \u2013 partie 434 \/ 14 juin \u2013\u00a0Massacres dans l\u2019obscurit\u00e9 : Gaza entre mort et faim - International Solidarity Movement - ISM-France","robots":{"index":"index","follow":"follow","max-snippet":"max-snippet:-1","max-image-preview":"max-image-preview:large","max-video-preview":"max-video-preview:-1"},"canonical":"https:\/\/ismfrance.org\/index.php\/2025\/06\/15\/temoignages-de-gazaouis-la-survie-qui-sorganise-au-jour-le-jour-dans-lenfer-de-gaza-partie-434-14-juin-massacres-dans-lobscurite-gaza-entre-mo\/","og_locale":"fr_FR","og_type":"article","og_title":"T\u00e9moignages de Gazaouis : La survie qui s\u2019organise au jour le jour dans l\u2019enfer de Gaza \u2013 partie 434 \/ 14 juin \u2013\u00a0Massacres dans l\u2019obscurit\u00e9 : Gaza entre mort et faim - International Solidarity Movement - ISM-France","og_description":"Brigitte Challande, 15 juin 2025. Abu Amir rend compte de la r\u00e9alit\u00e9 de la situation le samedi 14 juin, apr\u00e8s la coupure pendant plus de 24h des r\u00e9seaux de communication Lire la suite &rarr;","og_url":"https:\/\/ismfrance.org\/index.php\/2025\/06\/15\/temoignages-de-gazaouis-la-survie-qui-sorganise-au-jour-le-jour-dans-lenfer-de-gaza-partie-434-14-juin-massacres-dans-lobscurite-gaza-entre-mo\/","og_site_name":"International Solidarity Movement - ISM-France","article_published_time":"2025-06-15T06:40:00+00:00","article_modified_time":"2025-06-15T06:45:21+00:00","og_image":[{"width":1024,"height":562,"url":"https:\/\/ismfrance.org\/wp-content\/uploads\/2025\/06\/gaza-1406.jpeg","type":"image\/jpeg"}],"author":"mru_01","twitter_card":"summary_large_image","twitter_creator":"@ISMFRANCE","twitter_site":"@ISMFRANCE","twitter_misc":{"\u00c9crit par":"mru_01","Dur\u00e9e de lecture estim\u00e9e":"7 minutes"},"schema":{"@context":"https:\/\/schema.org","@graph":[{"@type":"Article","@id":"https:\/\/ismfrance.org\/index.php\/2025\/06\/15\/temoignages-de-gazaouis-la-survie-qui-sorganise-au-jour-le-jour-dans-lenfer-de-gaza-partie-434-14-juin-massacres-dans-lobscurite-gaza-entre-mo\/#article","isPartOf":{"@id":"https:\/\/ismfrance.org\/index.php\/2025\/06\/15\/temoignages-de-gazaouis-la-survie-qui-sorganise-au-jour-le-jour-dans-lenfer-de-gaza-partie-434-14-juin-massacres-dans-lobscurite-gaza-entre-mo\/"},"author":{"name":"mru_01","@id":"https:\/\/ismfrance.org\/#\/schema\/person\/3c411eb72adfaae19c0dca1f41fae01d"},"headline":"T\u00e9moignages de Gazaouis : La survie qui s\u2019organise au jour le jour dans l\u2019enfer de Gaza \u2013 partie 434 \/ 14 juin \u2013\u00a0Massacres dans l\u2019obscurit\u00e9 : Gaza entre mort et faim","datePublished":"2025-06-15T06:40:00+00:00","dateModified":"2025-06-15T06:45:21+00:00","mainEntityOfPage":{"@id":"https:\/\/ismfrance.org\/index.php\/2025\/06\/15\/temoignages-de-gazaouis-la-survie-qui-sorganise-au-jour-le-jour-dans-lenfer-de-gaza-partie-434-14-juin-massacres-dans-lobscurite-gaza-entre-mo\/"},"wordCount":1181,"publisher":{"@id":"https:\/\/ismfrance.org\/#organization"},"image":{"@id":"https:\/\/ismfrance.org\/index.php\/2025\/06\/15\/temoignages-de-gazaouis-la-survie-qui-sorganise-au-jour-le-jour-dans-lenfer-de-gaza-partie-434-14-juin-massacres-dans-lobscurite-gaza-entre-mo\/#primaryimage"},"thumbnailUrl":"https:\/\/ismfrance.org\/wp-content\/uploads\/2025\/06\/gaza-1406.jpeg","keywords":["G\u00e9nocide"],"articleSection":["Articles","T\u00e9moignages"],"inLanguage":"fr-FR"},{"@type":"WebPage","@id":"https:\/\/ismfrance.org\/index.php\/2025\/06\/15\/temoignages-de-gazaouis-la-survie-qui-sorganise-au-jour-le-jour-dans-lenfer-de-gaza-partie-434-14-juin-massacres-dans-lobscurite-gaza-entre-mo\/","url":"https:\/\/ismfrance.org\/index.php\/2025\/06\/15\/temoignages-de-gazaouis-la-survie-qui-sorganise-au-jour-le-jour-dans-lenfer-de-gaza-partie-434-14-juin-massacres-dans-lobscurite-gaza-entre-mo\/","name":"T\u00e9moignages de Gazaouis : La survie qui s\u2019organise au jour le jour dans l\u2019enfer de Gaza \u2013 partie 434 \/ 14 juin \u2013\u00a0Massacres dans l\u2019obscurit\u00e9 : Gaza entre mort et faim - International Solidarity Movement - ISM-France","isPartOf":{"@id":"https:\/\/ismfrance.org\/#website"},"primaryImageOfPage":{"@id":"https:\/\/ismfrance.org\/index.php\/2025\/06\/15\/temoignages-de-gazaouis-la-survie-qui-sorganise-au-jour-le-jour-dans-lenfer-de-gaza-partie-434-14-juin-massacres-dans-lobscurite-gaza-entre-mo\/#primaryimage"},"image":{"@id":"https:\/\/ismfrance.org\/index.php\/2025\/06\/15\/temoignages-de-gazaouis-la-survie-qui-sorganise-au-jour-le-jour-dans-lenfer-de-gaza-partie-434-14-juin-massacres-dans-lobscurite-gaza-entre-mo\/#primaryimage"},"thumbnailUrl":"https:\/\/ismfrance.org\/wp-content\/uploads\/2025\/06\/gaza-1406.jpeg","datePublished":"2025-06-15T06:40:00+00:00","dateModified":"2025-06-15T06:45:21+00:00","breadcrumb":{"@id":"https:\/\/ismfrance.org\/index.php\/2025\/06\/15\/temoignages-de-gazaouis-la-survie-qui-sorganise-au-jour-le-jour-dans-lenfer-de-gaza-partie-434-14-juin-massacres-dans-lobscurite-gaza-entre-mo\/#breadcrumb"},"inLanguage":"fr-FR","potentialAction":[{"@type":"ReadAction","target":["https:\/\/ismfrance.org\/index.php\/2025\/06\/15\/temoignages-de-gazaouis-la-survie-qui-sorganise-au-jour-le-jour-dans-lenfer-de-gaza-partie-434-14-juin-massacres-dans-lobscurite-gaza-entre-mo\/"]}]},{"@type":"ImageObject","inLanguage":"fr-FR","@id":"https:\/\/ismfrance.org\/index.php\/2025\/06\/15\/temoignages-de-gazaouis-la-survie-qui-sorganise-au-jour-le-jour-dans-lenfer-de-gaza-partie-434-14-juin-massacres-dans-lobscurite-gaza-entre-mo\/#primaryimage","url":"https:\/\/ismfrance.org\/wp-content\/uploads\/2025\/06\/gaza-1406.jpeg","contentUrl":"https:\/\/ismfrance.org\/wp-content\/uploads\/2025\/06\/gaza-1406.jpeg","width":1024,"height":562},{"@type":"BreadcrumbList","@id":"https:\/\/ismfrance.org\/index.php\/2025\/06\/15\/temoignages-de-gazaouis-la-survie-qui-sorganise-au-jour-le-jour-dans-lenfer-de-gaza-partie-434-14-juin-massacres-dans-lobscurite-gaza-entre-mo\/#breadcrumb","itemListElement":[{"@type":"ListItem","position":1,"name":"Accueil","item":"https:\/\/ismfrance.org\/"},{"@type":"ListItem","position":2,"name":"T\u00e9moignages de Gazaouis : La survie qui s\u2019organise au jour le jour dans l\u2019enfer de Gaza \u2013 partie 434 \/ 14 juin \u2013\u00a0Massacres dans l\u2019obscurit\u00e9 : Gaza entre mort et faim"}]},{"@type":"WebSite","@id":"https:\/\/ismfrance.org\/#website","url":"https:\/\/ismfrance.org\/","name":"ISM Palestine France","description":"Soutien aux luttes de lib\u00e9ration du peuple palestinien","publisher":{"@id":"https:\/\/ismfrance.org\/#organization"},"potentialAction":[{"@type":"SearchAction","target":{"@type":"EntryPoint","urlTemplate":"https:\/\/ismfrance.org\/?s={search_term_string}"},"query-input":{"@type":"PropertyValueSpecification","valueRequired":true,"valueName":"search_term_string"}}],"inLanguage":"fr-FR"},{"@type":"Organization","@id":"https:\/\/ismfrance.org\/#organization","name":"International Solidarity Movement","url":"https:\/\/ismfrance.org\/","logo":{"@type":"ImageObject","inLanguage":"fr-FR","@id":"https:\/\/ismfrance.org\/#\/schema\/logo\/image\/","url":"https:\/\/ismfrance.org\/wp-content\/uploads\/2020\/12\/00.png","contentUrl":"https:\/\/ismfrance.org\/wp-content\/uploads\/2020\/12\/00.png","width":400,"height":400,"caption":"International Solidarity Movement"},"image":{"@id":"https:\/\/ismfrance.org\/#\/schema\/logo\/image\/"},"sameAs":["https:\/\/x.com\/ISMFRANCE"]},{"@type":"Person","@id":"https:\/\/ismfrance.org\/#\/schema\/person\/3c411eb72adfaae19c0dca1f41fae01d","name":"mru_01","image":{"@type":"ImageObject","inLanguage":"fr-FR","@id":"https:\/\/secure.gravatar.com\/avatar\/3a0be343b445d2ccc79e87444a294fad2b232e90d2051d0e3cc219e1ecd6a330?s=96&d=mm&r=g","url":"https:\/\/secure.gravatar.com\/avatar\/3a0be343b445d2ccc79e87444a294fad2b232e90d2051d0e3cc219e1ecd6a330?s=96&d=mm&r=g","contentUrl":"https:\/\/secure.gravatar.com\/avatar\/3a0be343b445d2ccc79e87444a294fad2b232e90d2051d0e3cc219e1ecd6a330?s=96&d=mm&r=g","caption":"mru_01"},"url":"https:\/\/ismfrance.org\/index.php\/author\/admin02\/"}]}},"_links":{"self":[{"href":"https:\/\/ismfrance.org\/index.php\/wp-json\/wp\/v2\/posts\/21260","targetHints":{"allow":["GET"]}}],"collection":[{"href":"https:\/\/ismfrance.org\/index.php\/wp-json\/wp\/v2\/posts"}],"about":[{"href":"https:\/\/ismfrance.org\/index.php\/wp-json\/wp\/v2\/types\/post"}],"author":[{"embeddable":true,"href":"https:\/\/ismfrance.org\/index.php\/wp-json\/wp\/v2\/users\/3"}],"replies":[{"embeddable":true,"href":"https:\/\/ismfrance.org\/index.php\/wp-json\/wp\/v2\/comments?post=21260"}],"version-history":[{"count":0,"href":"https:\/\/ismfrance.org\/index.php\/wp-json\/wp\/v2\/posts\/21260\/revisions"}],"wp:featuredmedia":[{"embeddable":true,"href":"https:\/\/ismfrance.org\/index.php\/wp-json\/wp\/v2\/media\/21263"}],"wp:attachment":[{"href":"https:\/\/ismfrance.org\/index.php\/wp-json\/wp\/v2\/media?parent=21260"}],"wp:term":[{"taxonomy":"category","embeddable":true,"href":"https:\/\/ismfrance.org\/index.php\/wp-json\/wp\/v2\/categories?post=21260"},{"taxonomy":"post_tag","embeddable":true,"href":"https:\/\/ismfrance.org\/index.php\/wp-json\/wp\/v2\/tags?post=21260"}],"curies":[{"name":"wp","href":"https:\/\/api.w.org\/{rel}","templated":true}]}}