{"id":21128,"date":"2025-06-10T16:08:07","date_gmt":"2025-06-10T14:08:07","guid":{"rendered":"https:\/\/ismfrance.org\/?p=21128"},"modified":"2025-06-10T16:10:30","modified_gmt":"2025-06-10T14:10:30","slug":"21128","status":"publish","type":"post","link":"https:\/\/ismfrance.org\/index.php\/2025\/06\/10\/21128\/","title":{"rendered":"T\u00e9moignages de Gazaouis : La survie qui s\u2019organise au jour le jour dans l\u2019enfer de Gaza \u2013 partie 429 \/ 9 juin \u2013\u00a0L\u2019aide humanitaire"},"content":{"rendered":"<p align=\"LEFT\"><span style=\"color: #000000;\"><span style=\"font-family: Verdana, sans-serif;\"><span style=\"font-size: medium;\"><strong>Brigitte Challande, 10 juin 2025.<\/strong> Le 9 juin, Abu Amir envoie un texte qui d\u00e9taille la r\u00e9alit\u00e9 tragique, discriminative et humiliante de la distribution alimentaire militaris\u00e9e mise en place par l\u2019occupation isra\u00e9lienne sous le soleil et sous les balles\u00a0!<\/span><\/span><\/span><\/p>\n<p align=\"LEFT\"><a href=\"https:\/\/ismfrance.org\/wp-content\/uploads\/2025\/06\/9-Juin.jpeg.jpg\"><img loading=\"lazy\" decoding=\"async\" class=\"size-large wp-image-21129 aligncenter\" src=\"https:\/\/ismfrance.org\/wp-content\/uploads\/2025\/06\/9-Juin.jpeg-700x394.jpg\" alt=\"\" width=\"600\" height=\"338\" srcset=\"https:\/\/ismfrance.org\/wp-content\/uploads\/2025\/06\/9-Juin.jpeg-700x394.jpg 700w, https:\/\/ismfrance.org\/wp-content\/uploads\/2025\/06\/9-Juin.jpeg-300x169.jpg 300w, https:\/\/ismfrance.org\/wp-content\/uploads\/2025\/06\/9-Juin.jpeg-768x432.jpg 768w, https:\/\/ismfrance.org\/wp-content\/uploads\/2025\/06\/9-Juin.jpeg.jpg 1200w\" sizes=\"auto, (max-width: 600px) 100vw, 600px\" \/><\/a><span style=\"color: #000000;\"><span style=\"font-family: Verdana, sans-serif;\"><span style=\"font-size: medium;\">\u00ab\u00a0Au moment o\u00f9 l\u2019entr\u00e9e de l\u2019aide humanitaire dans la bande de Gaza devrait constituer une lueur d\u2019espoir pour des centaines de milliers de personnes affam\u00e9es, la r\u00e9alit\u00e9 sur le terrain r\u00e9v\u00e8le une trag\u00e9die qui ne cesse de s\u2019aggraver. La famine continue de s\u00e9vir de mani\u00e8re implacable dans la bande de Gaza, s\u2019\u00e9tendant et s\u2019approfondissant, malgr\u00e9 l\u2019arriv\u00e9e de camions d\u2019aide et l\u2019ouverture de centres de distribution de nourriture mis en place par l\u2019occupation \u00e0 Rafah et dans la zone de Netzarim. Cette aide n\u2019a pas constitu\u00e9 une v\u00e9ritable fen\u00eatre humanitaire comme l\u2019esp\u00e9raient les habitants, mais s\u2019est transform\u00e9e en une nouvelle forme de souffrance collective, entour\u00e9e de chaos, de pillages, de discrimination et d\u2019humiliation d\u00e9lib\u00e9r\u00e9e des personnes dans le besoin. <\/span><\/span><\/span><\/p>\n<p align=\"LEFT\"><span style=\"color: #000000;\"><span style=\"font-family: Verdana, sans-serif;\"><span style=\"font-size: medium;\">Les citoyens sont conduits vers les points de distribution sous la peur et la faim, pour se retrouver face \u00e0 une sc\u00e8ne qui ne ressemble en rien \u00e0 une op\u00e9ration de secours, mais plut\u00f4t \u00e0 un champ de bataille militaire ouvert, o\u00f9 fusils, snipers et embuscades les encerclent m\u00eame lorsqu\u2019ils cherchent simplement \u00e0 se nourrir. L\u2019aide perd ainsi tout sens humanitaire pour devenir un outil suppl\u00e9mentaire dans le syst\u00e8me de punition collective impos\u00e9 \u00e0 plus de deux millions de personnes.<\/span><\/span><\/span><\/p>\n<p align=\"LEFT\"><span style=\"color: #000000;\"><span style=\"font-family: Verdana, sans-serif;\"><span style=\"font-size: medium;\">Au cours des deux derniers jours, de nombreux camions charg\u00e9s d\u2019aide humanitaire sont entr\u00e9s dans la bande de Gaza, mais leur arriv\u00e9e a rapidement tourn\u00e9 au chaos, apr\u00e8s que nombre d\u2019entre eux ont \u00e9t\u00e9 attaqu\u00e9s et pill\u00e9s m\u00e9thodiquement par des gangs arm\u00e9s, n\u00e9s du vide s\u00e9curitaire et de l\u2019effondrement social caus\u00e9s par l\u2019agression isra\u00e9lienne et le long blocus. Ce qui est frappant, c\u2019est que les camions commerciaux autoris\u00e9s par l\u2019occupation \u00e0 entrer pour le compte de certains commer\u00e7ants sont arriv\u00e9s intacts \u00e0 leurs entrep\u00f4ts au centre de la bande sans aucun incident, ce qui soul\u00e8ve des soup\u00e7ons sur une coordination cach\u00e9e visant \u00e0 prot\u00e9ger les int\u00e9r\u00eats commerciaux au d\u00e9triment des affam\u00e9s. Le citoyen ordinaire ne re\u00e7oit rien, tandis que les marchandises priv\u00e9es circulent sans entrave, approfondissant ainsi le sentiment d\u2019injustice et renfor\u00e7ant une r\u00e9alit\u00e9 de discrimination entre ceux qui poss\u00e8dent du pouvoir et ceux qui fouillent les d\u00e9combres \u00e0 la recherche de nourriture pour leurs enfants.<\/span><\/span><\/span><\/p>\n<p align=\"LEFT\"><span style=\"color: #000000;\"><span style=\"font-family: Verdana, sans-serif;\"><span style=\"font-size: medium;\">Les centres de distribution d\u2019aide, rouverts par l\u2019occupation \u00e0 Rafah et Netzarim, se sont transform\u00e9s en sc\u00e8nes de r\u00e9pression et de violence au lieu d\u2019\u00eatre un refuge pour les sinistr\u00e9s. \u00c0 Rafah, des milliers de personnes se sont rassembl\u00e9es depuis l\u2019aube dans de longues files d\u2019attente, dans l\u2019espoir d\u2019obtenir un peu de farine ou de conserves. Mais elles ont \u00e9t\u00e9 accueillies par des tirs nourris de milices arm\u00e9es se faisant appeler \u00ab\u00a0la brigade anti-terroriste\u00a0\u00bb, alors qu\u2019il s\u2019agit en r\u00e9alit\u00e9 d\u2019une milice dirig\u00e9e contre des civils sans d\u00e9fense. Les soldats isra\u00e9liens pr\u00e9sents ont \u00e9galement particip\u00e9 aux tirs, utilisant des snipers et des grenades \u00e0 clous contre les civils, causant des dizaines de bless\u00e9s transf\u00e9r\u00e9s \u00e0 l\u2019h\u00f4pital Nasser de Khan Youn\u00e8s. Quant aux corps des victimes, ils sont rest\u00e9s sur place, sans que personne ne puisse les r\u00e9cup\u00e9rer \u00e0 cause de la poursuite des tirs et des restrictions de mouvement dans la zone.<\/span><\/span><\/span><\/p>\n<p align=\"LEFT\"><span style=\"color: #000000;\"><span style=\"font-family: Verdana, sans-serif;\"><span style=\"font-size: medium;\">Au centre de distribution de Netzarim, la trag\u00e9die s\u2019est r\u00e9p\u00e9t\u00e9e de mani\u00e8re encore plus dramatique. Des centaines de milliers d\u2019habitants se sont rassembl\u00e9s dans l\u2019espoir d\u2019obtenir un peu d\u2019aide, pour d\u00e9couvrir qu\u2019il n\u2019y avait que 500 colis disponibles, ce qui a d\u00e9clench\u00e9 une vague de col\u00e8re et de chaos. En pleine bousculade, des drones isra\u00e9liens ont commenc\u00e9 \u00e0 tirer directement sur la foule, transformant le point de distribution en zone de tirs ouverte. L\u2019h\u00f4pital Al-Awda \u00e0 Nuseirat a re\u00e7u 28 bless\u00e9s de gravit\u00e9 variable, tandis que le personnel m\u00e9dical ne pouvait faire face \u00e0 l\u2019afflux en raison du manque de fournitures et de personnel. Les rares colis distribu\u00e9s n\u2019ont soulag\u00e9 personne, accentuant encore le sentiment de trahison : des milliers de personnes sont rentr\u00e9es chez elles les mains vides, poursuivies par la faim et l\u2019humiliation, apr\u00e8s de longues heures d\u2019attente sous le soleil ou sous les balles.<\/span><\/span><\/span><\/p>\n<p align=\"LEFT\"><span style=\"color: #000000;\"><span style=\"font-family: Verdana, sans-serif;\"><span style=\"font-size: medium;\">Sur le plan interne, la famine se manifeste dans toute son horreur. Les gens ne cherchent plus le confort, mais simplement \u00e0 survivre. Les march\u00e9s sont compl\u00e8tement vides de l\u00e9gumes de base comme les oignons, l\u2019ail, les concombres et les citrons. M\u00eame les pommes de terre et les tomates sont devenues rares, et si elles sont disponibles, leurs prix sont exorbitants et inaccessibles \u00e0 la majorit\u00e9. Les substituts auxquels les habitants avaient recours, comme les poudres d\u2019oignon et d\u2019ail, ont \u00e9galement disparu. Le gaz domestique est introuvable, la farine invisible, le pain absent des tables, la viande et les conserves ont disparu des magasins, et les cuisines sont vides non par choix, mais faute d\u2019ingr\u00e9dients de base. Il ne s\u2019agit plus d\u2019une simple crise alimentaire, mais de l\u2019effondrement total du mode de vie quotidien.<\/span><\/span><\/span><\/p>\n<p align=\"LEFT\"><span style=\"color: #000000;\"><span style=\"font-family: Verdana, sans-serif;\"><span style=\"font-size: medium;\">Parall\u00e8lement \u00e0 cet effondrement humanitaire et de subsistance, la machine de guerre isra\u00e9lienne continue de bombarder les quartiers r\u00e9sidentiels sur toute la bande de Gaza, ajoutant les sons des explosions aux cris de faim et de d\u00e9tresse dans chaque foyer. <\/span><\/span><\/span><\/p>\n<p align=\"LEFT\"><span style=\"color: #000000;\"><span style=\"font-family: Verdana, sans-serif;\"><span style=\"font-size: medium;\">Dans ce tableau sombre, la col\u00e8re populaire monte contre les n\u00e9gociateurs et responsables qui continuent de demander aux habitants de tenir bon, comme s\u2019ils s\u2019adressaient \u00e0 des \u00eatres insensibles \u00e0 la douleur et \u00e0 la faim. Les gens se demandent : comment peut-on nous demander de tenir alors que nous ne trouvons m\u00eame pas d\u2019eau \u00e0 boire ? Comment rester soud\u00e9s alors que nous n\u2019avons rien \u00e0 donner \u00e0 manger \u00e0 nos enfants ? Dans de telles conditions, la r\u00e9silience n\u2019est plus un choix, mais un fardeau qui p\u00e8se sur des \u00e9paules d\u00e9j\u00e0 \u00e9puis\u00e9es par la guerre. Ce qui se passe \u00e0 Gaza d\u00e9passe les limites d\u2019un blocus traditionnel : c\u2019est une v\u00e9ritable guerre contre l\u2019existence, une \u00e9preuve cruelle pour la conscience humaine, tandis que le monde entier se contente de regarder en silence.\u00a0\u00bb<\/span><\/span><\/span><\/p>\n<hr \/>\n<p align=\"LEFT\"><strong>Retrouvez l\u2019ensemble des t\u00e9moignages d\u2019Abu Amir et Marsel :<\/strong><\/p>\n<p>*<strong>Abu Amir Mutasem Ele\u00efwa<\/strong>\u00a0est coordinateur des Projets paysans depuis 2016 au sud de la bande de Gaza et correspondant de l\u2019Union Juive Fran\u00e7aise pour la Paix.<\/p>\n<p>*<strong>Marsel Alledawi<\/strong>\u00a0est responsable du Centre Ibn Sina du nord de la bande de Gaza, centre qui se consacre au suivi \u00e9ducatif et psychologique de l\u2019enfance.<\/p>\n<p>Tous les deux sont soutenus par l\u2019UJFP en France.<\/p>\n<pre><strong><em>Cliquez ici pour consulter les\u00a0<a href=\"https:\/\/ismfrance.org\/index.php\/temoignages-gazaouis-survie-enfer-gaza-1\/\" target=\"_blank\" rel=\"noopener\">T\u00e9moignages du 20 novembre 2023 au 5 janvier 2025 (partie 1 \u00e0 268)<\/a><\/em><\/strong>\r\n\r\n<em><strong>Cliquez ici pour consulter les <a href=\"https:\/\/ismfrance.org\/index.php\/2025\/05\/11\/temoignages-de-gazaouis-la-survie-qui-sorganise-au-jour-le-jour-dans-lenfer-de-gaza-recapitulatif-du-5-janvier-au-9-mai-2025-partie-269-a-392\/\">T\u00e9moignages du 5 janvier au 9 mai 2025 (partie 269 \u00e0 392)<\/a><\/strong><\/em><\/pre>\n<p><a href=\"https:\/\/ismfrance.org\/index.php\/2025\/05\/11\/temoignages-de-gazaouis-la-survie-qui-sorganise-au-jour-le-jour-dans-lenfer-de-gaza-partie-393-10-mai-histoires-dexil-et-de-patience-atel\/\">Partie 393<\/a>\u00a0: 10 mai.\u00a0<a href=\"https:\/\/ismfrance.org\/index.php\/2025\/05\/12\/temoignages-de-gazaouis-la-survie-qui-sorganise-au-jour-le-jour-dans-lenfer-de-gaza-partie-394-11-mai-gaza-sous-la-faim-et-le-feu-famine-lente-et-mort\/\">Partie 394<\/a>\u00a0: 11 mai.\u00a0<a href=\"https:\/\/ismfrance.org\/index.php\/2025\/05\/13\/temoignages-de-gazaouis-la-survie-qui-sorganise-au-jour-le-jour-dans-lenfer-de-gaza-partie-395-11-mai-1-les-femmes-de-gaza-nourrissent-la-faim-par-la-p\/\">Partie 395<\/a>\u00a0: 11 mai (1).\u00a0<a href=\"https:\/\/ismfrance.org\/index.php\/2025\/05\/13\/temoignages-de-gazaouis-la-survie-qui-sorganise-au-jour-le-jour-dans-lenfer-de-gaza-partie-396-12-mai-la-nuit-a-gaza\/\">Partie 396<\/a>\u00a0: 12 mai.\u00a0<a href=\"https:\/\/ismfrance.org\/index.php\/2025\/05\/14\/temoignages-de-gazaouis-la-survie-qui-sorganise-au-jour-le-jour-dans-lenfer-de-gaza-partie-397-13-mai-distribution-de-vetements-aux-enfants-des-agriculte\/\">Partie 397<\/a>\u00a0: 13 mai.\u00a0<a href=\"https:\/\/ismfrance.org\/index.php\/2025\/05\/15\/temoignages-de-gazaouis-la-survie-qui-sorganise-au-jour-le-jour-dans-lenfer-de-gaza-partie-398-14-mai-fracture-du-gouvernement-israelien-escalade-des-ma\/\">Partie 398<\/a>\u00a0: 14 mai.\u00a0<a href=\"https:\/\/ismfrance.org\/index.php\/2025\/05\/16\/temoignages-de-gazaouis-la-survie-qui-sorganise-au-jour-le-jour-dans-lenfer-de-gaza-partie-399-15-mai-soutien-psychologique-seances-sur-la-malnutrition-dans-les-camp\/\">Partie 399<\/a>\u00a0: 15 mai.\u00a0<a href=\"https:\/\/ismfrance.org\/index.php\/2025\/05\/17\/temoignages-de-gazaouis-la-survie-qui-sorganise-au-jour-le-jour-dans-lenfer-de-gaza-partie-400-16-mai-un-genocide-a-lere-de-limpuissanc\/\">Partie 400<\/a>\u00a0: 16 mai.\u00a0<a href=\"https:\/\/ismfrance.org\/index.php\/2025\/05\/18\/temoignages-de-gazaouis-la-survie-qui-sorganise-au-jour-le-jour-dans-lenfer-de-gaza-partie-401-16-mai-1-face-a-la-rarete-de-la-nourriture-proteger-les\/\">Partie 401<\/a>\u00a0: 16 mai (1).\u00a0<a href=\"https:\/\/ismfrance.org\/index.php\/2025\/05\/19\/temoignages-de-gazaouis-la-survie-qui-sorganise-au-jour-le-jour-dans-lenfer-de-gaza-partie-401-17-mai-gaza-cimetiere-de-lenfance-et-silence-du\/\">Partie 402<\/a>\u00a0: 17 mai.<a href=\"https:\/\/ismfrance.org\/index.php\/2025\/05\/19\/temoignages-de-gazaouis-la-survie-qui-sorganise-au-jour-le-jour-dans-lenfer-de-gaza-partie-403-18-mai-continuite-des-activites-humanitaires-de-l\/\">\u00a0Partie 403<\/a>\u00a0: 18 mai.\u00a0<a href=\"https:\/\/ismfrance.org\/index.php\/2025\/05\/19\/temoignages-de-gazaouis-la-survie-qui-sorganise-au-jour-le-jour-dans-lenfer-de-gaza-partie-404-18-mai-1-escalade-des-massacres-operation-chariots-de\/\">Partie 404<\/a>\u00a0: 18 mai (1).\u00a0<a href=\"https:\/\/ismfrance.org\/index.php\/2025\/05\/20\/temoignages-de-gazaouis-la-survie-qui-sorganise-au-jour-le-jour-dans-lenfer-de-gaza-partie-405-20-mai-gaza-un-scandale-moral-mondial\/\">Partie 405<\/a>\u00a0: 20 mai.\u00a0<a href=\"https:\/\/ismfrance.org\/index.php\/2025\/05\/21\/temoignages-de-gazaouis-la-survie-qui-sorganise-au-jour-le-jour-dans-lenfer-de-gaza-partie-406-21-mai-gaza-sous-les-decombres\/\">Partie 406<\/a>\u00a0: 21 mai.\u00a0<a href=\"https:\/\/ismfrance.org\/index.php\/2025\/05\/22\/temoignages-de-gazaouis-la-survie-qui-sorganise-au-jour-le-jour-dans-lenfer-de-gaza-partie-407-22-mai-gaza-le-cadavre-geopolitique-sur-lequel-saffrontent\/\">Partie 407<\/a>\u00a0: 22 mai.\u00a0<a href=\"https:\/\/ismfrance.org\/index.php\/2025\/05\/23\/20653\/\">Partie 408<\/a>\u00a0: 22 mai (1).\u00a0<a href=\"https:\/\/ismfrance.org\/index.php\/2025\/05\/24\/temoignages-de-gazaouis-la-survie-qui-sorganise-au-jour-le-jour-dans-lenfer-de-gaza-partie-409-23-mai-en-marge-de-de-la-guerre-une-parenthese-de\/\">Partie 409<\/a>\u00a0: 23 mai.\u00a0<a href=\"https:\/\/ismfrance.org\/index.php\/2025\/05\/24\/temoignages-de-gazaouis-la-survie-qui-sorganise-au-jour-le-jour-dans-lenfer-de-gaza-partie-410-24-mai-la-bande-de-gaza-un-champ-de-bataille-entre\/\">Partie 410<\/a>\u00a0: 24 mai.\u00a0<a href=\"https:\/\/ismfrance.org\/index.php\/2025\/05\/25\/temoignages-de-gazaouis-la-survie-qui-sorganise-au-jour-le-jour-dans-lenfer-de-gaza-partie-411-25-mai-paroles-de-femmes-dans-les-ateliers-collectifs-de-s\/\">Partie 411<\/a>\u00a0: 25 mai.\u00a0<a href=\"https:\/\/ismfrance.org\/index.php\/2025\/05\/26\/temoignages-de-gazaouis-la-survie-qui-sorganise-au-jour-le-jour-dans-lenfer-de-gaza-partie-412-25-mai-1-soutien-alimentaire-et-travail-educatif\/\">Partie 412<\/a>\u00a0: 25 mai (1).\u00a0<a href=\"https:\/\/ismfrance.org\/index.php\/2025\/05\/27\/temoignages-de-gazaouis-la-survie-qui-sorganise-au-jour-le-jour-dans-lenfer-de-gaza-partie-413-27-mai-gaza-un-enfer-sans-fin\/\">Partie 413<\/a>\u00a0: 27 mai.<a href=\"https:\/\/ismfrance.org\/index.php\/2025\/05\/28\/temoignages-de-gazaouis-la-survie-qui-sorganise-au-jour-le-jour-dans-lenfer-de-gaza-partie-414-27-mai-1-un-nouveau-scenario-diffuse-par-larmee-israel\/\">\u00a0Partie 414<\/a>\u00a0: 27 mai (1).\u00a0<a href=\"https:\/\/ismfrance.org\/index.php\/2025\/05\/30\/temoignages-de-gazaouis-la-survie-qui-sorganise-au-jour-le-jour-dans-lenfer-de-gaza-partie-415-28-mai-la-famine-a-gaza-une-arme-de-mort-impitoyable\/\">Partie 415<\/a>\u00a0: 28 mai.\u00a0<a href=\"https:\/\/ismfrance.org\/index.php\/2025\/05\/30\/temoignages-de-gazaouis-la-survie-qui-sorganise-au-jour-le-jour-dans-lenfer-de-gaza-partie-416-29-mai-gaza-ne-meurt-pas-elle-resiste-elle-crie-qui-ecoute\/\">Partie 416<\/a>\u00a0: 29 mai.\u00a0<a href=\"https:\/\/ismfrance.org\/index.php\/2025\/05\/31\/temoignages-de-gazaouis-la-survie-qui-sorganise-au-jour-le-jour-dans-lenfer-de-gaza-partie-417-30-mai-comment-vivre-avec-la-peur-au-quotidien-a-gaza\/\">Partie 417<\/a>\u00a0: 30 mai.\u00a0<a href=\"https:\/\/ismfrance.org\/index.php\/2025\/06\/01\/temoignages-de-gazaouis-la-survie-qui-sorganise-au-jour-le-jour-dans-lenfer-de-gaza-partie-418-1er-juin-massacres-a-rafah-et-dans-le-corridor-de-netzarim\/\">Partie 418<\/a>\u00a0: 1er juin.\u00a0<a href=\"https:\/\/ismfrance.org\/index.php\/2025\/06\/02\/temoignages-de-gazaouis-la-survie-qui-sorganise-au-jour-le-jour-dans-lenfer-de-gaza-partie-419-1er-juin-1-temoignage-dune-survivante-du-massac\/\">Partie 419<\/a>\u00a0: 1er juin (1).\u00a0<a href=\"https:\/\/ismfrance.org\/index.php\/2025\/06\/02\/temoignages-de-gazaouis-la-survie-qui-sorganise-au-jour-le-jour-dans-lenfer-de-gaza-partie-420-31-mai-et-2-juin-lespoir-resiste-sous-les-decombre\/\">Partie 420<\/a>\u00a0: 31 mai et 2 juin.\u00a0<a href=\"https:\/\/ismfrance.org\/index.php\/2025\/06\/03\/temoignages-de-gazaouis-la-survie-qui-sorganise-au-jour-le-jour-dans-lenfer-de-gaza-partie-421-2-juin-1-assez-de-silence-sauvons-ce-quil-reste\/\">Partie 421<\/a>\u00a0: 2 juin (1).\u00a0<a href=\"https:\/\/ismfrance.org\/index.php\/2025\/06\/04\/temoignages-de-gazaouis-la-survie-qui-sorganise-au-jour-le-jour-dans-lenfer-de-gaza-partie-422-3-juin-une-catastrophe-silencieuse-menace-les-femmes\/\">Partie 422<\/a>\u00a0: 3 juin.\u00a0<a href=\"https:\/\/ismfrance.org\/index.php\/2025\/06\/05\/temoignages-de-gazaouis-la-survie-qui-sorganise-au-jour-le-jour-dans-lenfer-de-gaza-partie-423-4-juin-quand-la-voix-devient-la-derniere-arme-pour-vivre\/\">Partie 423<\/a>\u00a0: 4 juin.\u00a0<a href=\"https:\/\/ismfrance.org\/index.php\/2025\/06\/06\/temoignages-de-gazaouis-la-survie-qui-sorganise-au-jour-le-jour-dans-lenfer-de-gaza-partie-424-5-juin-l-etouffement-de-lidentite-politique-et\/\">Partie 424<\/a>\u00a0: 5 juin.\u00a0<a href=\"https:\/\/ismfrance.org\/index.php\/2025\/06\/07\/temoignages-de-gazaouis-la-survie-qui-sorganise-au-jour-le-jour-dans-lenfer-de-gaza-partie-425-6-juin-ce-qui-se-passe-a-gaza-interroge-le-droit-internati\/\">Partie 425<\/a>\u00a0: 6 juin.\u00a0<a href=\"https:\/\/ismfrance.org\/index.php\/2025\/06\/08\/temoignages-de-gazaouis-la-survie-qui-sorganise-au-jour-le-jour-dans-lenfer-de-gaza-partie-426-6-juin-1-une-journee-de-joie-arrachee-aux-larmes\/\">Partie 426<\/a>\u00a0: 6 juin (1).\u00a0<a href=\"https:\/\/ismfrance.org\/index.php\/2025\/06\/08\/21083\/\">Partie 427<\/a> : 7 juin. <a href=\"https:\/\/ismfrance.org\/index.php\/2025\/06\/09\/temoignages-de-gazaouis-la-survie-qui-sorganise-au-jour-le-jour-dans-lenfer-de-gaza-partie-428-8-juin-des-femmes-fatiguees-fragiles-mais-capables-de-se\/\">Partie 428<\/a> : 8 juin.<\/p>\n<p><strong>Pour participer \u00e0 la collecte \u00ab Urgence Guerre \u00e0 Gaza \u00bb :\u00a0<a href=\"https:\/\/www.helloasso.com\/associations\/union-juive-francaise-pour-la-paix\/collectes\/urgence-guerre-a-gaza\">HelloAsso.com<\/a><\/strong><br \/>\n<strong>Les t\u00e9moignages sont \u00e9galement publi\u00e9s sur\u00a0<a href=\"https:\/\/ujfp.org\/\">UJFP<\/a>,\u00a0<a href=\"https:\/\/altermidi.org\/\">Altermidi<\/a>\u00a0et sur\u00a0<a href=\"https:\/\/lepoing.net\/\">Le Poing<\/a>.\u00a0<\/strong><\/p>\n","protected":false},"excerpt":{"rendered":"<p>Brigitte Challande, 10 juin 2025. Le 9 juin, Abu Amir envoie un texte qui d\u00e9taille la r\u00e9alit\u00e9 tragique, discriminative et humiliante de la distribution alimentaire militaris\u00e9e mise en place par <a class=\"more-link\" href=\"https:\/\/ismfrance.org\/index.php\/2025\/06\/10\/21128\/\">Lire la suite &rarr;<\/a><\/p>\n","protected":false},"author":3,"featured_media":21129,"comment_status":"closed","ping_status":"closed","sticky":false,"template":"","format":"standard","meta":{"footnotes":""},"categories":[2,13],"tags":[156],"class_list":["post-21128","post","type-post","status-publish","format-standard","has-post-thumbnail","hentry","category-articles","category-temoignages","tag-genocide"],"yoast_head":"<!-- This site is optimized with the Yoast SEO plugin v27.2 - https:\/\/yoast.com\/product\/yoast-seo-wordpress\/ -->\n<title>T\u00e9moignages de Gazaouis : La survie qui s\u2019organise au jour le jour dans l\u2019enfer de Gaza \u2013 partie 429 \/ 9 juin \u2013\u00a0L\u2019aide humanitaire - International Solidarity Movement - ISM-France<\/title>\n<meta name=\"robots\" content=\"index, follow, max-snippet:-1, max-image-preview:large, max-video-preview:-1\" \/>\n<link rel=\"canonical\" href=\"https:\/\/ismfrance.org\/index.php\/2025\/06\/10\/21128\/\" \/>\n<meta property=\"og:locale\" content=\"fr_FR\" \/>\n<meta property=\"og:type\" content=\"article\" \/>\n<meta property=\"og:title\" content=\"T\u00e9moignages de Gazaouis : La survie qui s\u2019organise au jour le jour dans l\u2019enfer de Gaza \u2013 partie 429 \/ 9 juin \u2013\u00a0L\u2019aide humanitaire - International Solidarity Movement - ISM-France\" \/>\n<meta property=\"og:description\" content=\"Brigitte Challande, 10 juin 2025. Le 9 juin, Abu Amir envoie un texte qui d\u00e9taille la r\u00e9alit\u00e9 tragique, discriminative et humiliante de la distribution alimentaire militaris\u00e9e mise en place par Lire la suite &rarr;\" \/>\n<meta property=\"og:url\" content=\"https:\/\/ismfrance.org\/index.php\/2025\/06\/10\/21128\/\" \/>\n<meta property=\"og:site_name\" content=\"International Solidarity Movement - ISM-France\" \/>\n<meta property=\"article:published_time\" content=\"2025-06-10T14:08:07+00:00\" \/>\n<meta property=\"article:modified_time\" content=\"2025-06-10T14:10:30+00:00\" \/>\n<meta property=\"og:image\" content=\"https:\/\/ismfrance.org\/wp-content\/uploads\/2025\/06\/9-Juin.jpeg.jpg\" \/>\n\t<meta property=\"og:image:width\" content=\"1200\" \/>\n\t<meta property=\"og:image:height\" content=\"675\" \/>\n\t<meta property=\"og:image:type\" content=\"image\/jpeg\" \/>\n<meta name=\"author\" content=\"mru_01\" \/>\n<meta name=\"twitter:card\" content=\"summary_large_image\" \/>\n<meta name=\"twitter:creator\" content=\"@ISMFRANCE\" \/>\n<meta name=\"twitter:site\" content=\"@ISMFRANCE\" \/>\n<meta name=\"twitter:label1\" content=\"\u00c9crit par\" \/>\n\t<meta name=\"twitter:data1\" content=\"mru_01\" \/>\n\t<meta name=\"twitter:label2\" content=\"Dur\u00e9e de lecture estim\u00e9e\" \/>\n\t<meta name=\"twitter:data2\" content=\"7 minutes\" \/>\n<script type=\"application\/ld+json\" class=\"yoast-schema-graph\">{\"@context\":\"https:\/\/schema.org\",\"@graph\":[{\"@type\":\"Article\",\"@id\":\"https:\/\/ismfrance.org\/index.php\/2025\/06\/10\/21128\/#article\",\"isPartOf\":{\"@id\":\"https:\/\/ismfrance.org\/index.php\/2025\/06\/10\/21128\/\"},\"author\":{\"name\":\"mru_01\",\"@id\":\"https:\/\/ismfrance.org\/#\/schema\/person\/3c411eb72adfaae19c0dca1f41fae01d\"},\"headline\":\"T\u00e9moignages de Gazaouis : La survie qui s\u2019organise au jour le jour dans l\u2019enfer de Gaza \u2013 partie 429 \/ 9 juin \u2013\u00a0L\u2019aide humanitaire\",\"datePublished\":\"2025-06-10T14:08:07+00:00\",\"dateModified\":\"2025-06-10T14:10:30+00:00\",\"mainEntityOfPage\":{\"@id\":\"https:\/\/ismfrance.org\/index.php\/2025\/06\/10\/21128\/\"},\"wordCount\":1333,\"publisher\":{\"@id\":\"https:\/\/ismfrance.org\/#organization\"},\"image\":{\"@id\":\"https:\/\/ismfrance.org\/index.php\/2025\/06\/10\/21128\/#primaryimage\"},\"thumbnailUrl\":\"https:\/\/ismfrance.org\/wp-content\/uploads\/2025\/06\/9-Juin.jpeg.jpg\",\"keywords\":[\"G\u00e9nocide\"],\"articleSection\":[\"Articles\",\"T\u00e9moignages\"],\"inLanguage\":\"fr-FR\"},{\"@type\":\"WebPage\",\"@id\":\"https:\/\/ismfrance.org\/index.php\/2025\/06\/10\/21128\/\",\"url\":\"https:\/\/ismfrance.org\/index.php\/2025\/06\/10\/21128\/\",\"name\":\"T\u00e9moignages de Gazaouis : La survie qui s\u2019organise au jour le jour dans l\u2019enfer de Gaza \u2013 partie 429 \/ 9 juin \u2013\u00a0L\u2019aide humanitaire - International Solidarity Movement - ISM-France\",\"isPartOf\":{\"@id\":\"https:\/\/ismfrance.org\/#website\"},\"primaryImageOfPage\":{\"@id\":\"https:\/\/ismfrance.org\/index.php\/2025\/06\/10\/21128\/#primaryimage\"},\"image\":{\"@id\":\"https:\/\/ismfrance.org\/index.php\/2025\/06\/10\/21128\/#primaryimage\"},\"thumbnailUrl\":\"https:\/\/ismfrance.org\/wp-content\/uploads\/2025\/06\/9-Juin.jpeg.jpg\",\"datePublished\":\"2025-06-10T14:08:07+00:00\",\"dateModified\":\"2025-06-10T14:10:30+00:00\",\"breadcrumb\":{\"@id\":\"https:\/\/ismfrance.org\/index.php\/2025\/06\/10\/21128\/#breadcrumb\"},\"inLanguage\":\"fr-FR\",\"potentialAction\":[{\"@type\":\"ReadAction\",\"target\":[\"https:\/\/ismfrance.org\/index.php\/2025\/06\/10\/21128\/\"]}]},{\"@type\":\"ImageObject\",\"inLanguage\":\"fr-FR\",\"@id\":\"https:\/\/ismfrance.org\/index.php\/2025\/06\/10\/21128\/#primaryimage\",\"url\":\"https:\/\/ismfrance.org\/wp-content\/uploads\/2025\/06\/9-Juin.jpeg.jpg\",\"contentUrl\":\"https:\/\/ismfrance.org\/wp-content\/uploads\/2025\/06\/9-Juin.jpeg.jpg\",\"width\":1200,\"height\":675},{\"@type\":\"BreadcrumbList\",\"@id\":\"https:\/\/ismfrance.org\/index.php\/2025\/06\/10\/21128\/#breadcrumb\",\"itemListElement\":[{\"@type\":\"ListItem\",\"position\":1,\"name\":\"Accueil\",\"item\":\"https:\/\/ismfrance.org\/\"},{\"@type\":\"ListItem\",\"position\":2,\"name\":\"T\u00e9moignages de Gazaouis : La survie qui s\u2019organise au jour le jour dans l\u2019enfer de Gaza \u2013 partie 429 \/ 9 juin \u2013\u00a0L\u2019aide humanitaire\"}]},{\"@type\":\"WebSite\",\"@id\":\"https:\/\/ismfrance.org\/#website\",\"url\":\"https:\/\/ismfrance.org\/\",\"name\":\"ISM Palestine France\",\"description\":\"Soutien aux luttes de lib\u00e9ration du peuple palestinien\",\"publisher\":{\"@id\":\"https:\/\/ismfrance.org\/#organization\"},\"potentialAction\":[{\"@type\":\"SearchAction\",\"target\":{\"@type\":\"EntryPoint\",\"urlTemplate\":\"https:\/\/ismfrance.org\/?s={search_term_string}\"},\"query-input\":{\"@type\":\"PropertyValueSpecification\",\"valueRequired\":true,\"valueName\":\"search_term_string\"}}],\"inLanguage\":\"fr-FR\"},{\"@type\":\"Organization\",\"@id\":\"https:\/\/ismfrance.org\/#organization\",\"name\":\"International Solidarity Movement\",\"url\":\"https:\/\/ismfrance.org\/\",\"logo\":{\"@type\":\"ImageObject\",\"inLanguage\":\"fr-FR\",\"@id\":\"https:\/\/ismfrance.org\/#\/schema\/logo\/image\/\",\"url\":\"https:\/\/ismfrance.org\/wp-content\/uploads\/2020\/12\/00.png\",\"contentUrl\":\"https:\/\/ismfrance.org\/wp-content\/uploads\/2020\/12\/00.png\",\"width\":400,\"height\":400,\"caption\":\"International Solidarity Movement\"},\"image\":{\"@id\":\"https:\/\/ismfrance.org\/#\/schema\/logo\/image\/\"},\"sameAs\":[\"https:\/\/x.com\/ISMFRANCE\"]},{\"@type\":\"Person\",\"@id\":\"https:\/\/ismfrance.org\/#\/schema\/person\/3c411eb72adfaae19c0dca1f41fae01d\",\"name\":\"mru_01\",\"image\":{\"@type\":\"ImageObject\",\"inLanguage\":\"fr-FR\",\"@id\":\"https:\/\/secure.gravatar.com\/avatar\/3a0be343b445d2ccc79e87444a294fad2b232e90d2051d0e3cc219e1ecd6a330?s=96&d=mm&r=g\",\"url\":\"https:\/\/secure.gravatar.com\/avatar\/3a0be343b445d2ccc79e87444a294fad2b232e90d2051d0e3cc219e1ecd6a330?s=96&d=mm&r=g\",\"contentUrl\":\"https:\/\/secure.gravatar.com\/avatar\/3a0be343b445d2ccc79e87444a294fad2b232e90d2051d0e3cc219e1ecd6a330?s=96&d=mm&r=g\",\"caption\":\"mru_01\"},\"url\":\"https:\/\/ismfrance.org\/index.php\/author\/admin02\/\"}]}<\/script>\n<!-- \/ Yoast SEO plugin. -->","yoast_head_json":{"title":"T\u00e9moignages de Gazaouis : La survie qui s\u2019organise au jour le jour dans l\u2019enfer de Gaza \u2013 partie 429 \/ 9 juin \u2013\u00a0L\u2019aide humanitaire - International Solidarity Movement - ISM-France","robots":{"index":"index","follow":"follow","max-snippet":"max-snippet:-1","max-image-preview":"max-image-preview:large","max-video-preview":"max-video-preview:-1"},"canonical":"https:\/\/ismfrance.org\/index.php\/2025\/06\/10\/21128\/","og_locale":"fr_FR","og_type":"article","og_title":"T\u00e9moignages de Gazaouis : La survie qui s\u2019organise au jour le jour dans l\u2019enfer de Gaza \u2013 partie 429 \/ 9 juin \u2013\u00a0L\u2019aide humanitaire - International Solidarity Movement - ISM-France","og_description":"Brigitte Challande, 10 juin 2025. Le 9 juin, Abu Amir envoie un texte qui d\u00e9taille la r\u00e9alit\u00e9 tragique, discriminative et humiliante de la distribution alimentaire militaris\u00e9e mise en place par Lire la suite &rarr;","og_url":"https:\/\/ismfrance.org\/index.php\/2025\/06\/10\/21128\/","og_site_name":"International Solidarity Movement - ISM-France","article_published_time":"2025-06-10T14:08:07+00:00","article_modified_time":"2025-06-10T14:10:30+00:00","og_image":[{"width":1200,"height":675,"url":"https:\/\/ismfrance.org\/wp-content\/uploads\/2025\/06\/9-Juin.jpeg.jpg","type":"image\/jpeg"}],"author":"mru_01","twitter_card":"summary_large_image","twitter_creator":"@ISMFRANCE","twitter_site":"@ISMFRANCE","twitter_misc":{"\u00c9crit par":"mru_01","Dur\u00e9e de lecture estim\u00e9e":"7 minutes"},"schema":{"@context":"https:\/\/schema.org","@graph":[{"@type":"Article","@id":"https:\/\/ismfrance.org\/index.php\/2025\/06\/10\/21128\/#article","isPartOf":{"@id":"https:\/\/ismfrance.org\/index.php\/2025\/06\/10\/21128\/"},"author":{"name":"mru_01","@id":"https:\/\/ismfrance.org\/#\/schema\/person\/3c411eb72adfaae19c0dca1f41fae01d"},"headline":"T\u00e9moignages de Gazaouis : La survie qui s\u2019organise au jour le jour dans l\u2019enfer de Gaza \u2013 partie 429 \/ 9 juin \u2013\u00a0L\u2019aide humanitaire","datePublished":"2025-06-10T14:08:07+00:00","dateModified":"2025-06-10T14:10:30+00:00","mainEntityOfPage":{"@id":"https:\/\/ismfrance.org\/index.php\/2025\/06\/10\/21128\/"},"wordCount":1333,"publisher":{"@id":"https:\/\/ismfrance.org\/#organization"},"image":{"@id":"https:\/\/ismfrance.org\/index.php\/2025\/06\/10\/21128\/#primaryimage"},"thumbnailUrl":"https:\/\/ismfrance.org\/wp-content\/uploads\/2025\/06\/9-Juin.jpeg.jpg","keywords":["G\u00e9nocide"],"articleSection":["Articles","T\u00e9moignages"],"inLanguage":"fr-FR"},{"@type":"WebPage","@id":"https:\/\/ismfrance.org\/index.php\/2025\/06\/10\/21128\/","url":"https:\/\/ismfrance.org\/index.php\/2025\/06\/10\/21128\/","name":"T\u00e9moignages de Gazaouis : La survie qui s\u2019organise au jour le jour dans l\u2019enfer de Gaza \u2013 partie 429 \/ 9 juin \u2013\u00a0L\u2019aide humanitaire - International Solidarity Movement - ISM-France","isPartOf":{"@id":"https:\/\/ismfrance.org\/#website"},"primaryImageOfPage":{"@id":"https:\/\/ismfrance.org\/index.php\/2025\/06\/10\/21128\/#primaryimage"},"image":{"@id":"https:\/\/ismfrance.org\/index.php\/2025\/06\/10\/21128\/#primaryimage"},"thumbnailUrl":"https:\/\/ismfrance.org\/wp-content\/uploads\/2025\/06\/9-Juin.jpeg.jpg","datePublished":"2025-06-10T14:08:07+00:00","dateModified":"2025-06-10T14:10:30+00:00","breadcrumb":{"@id":"https:\/\/ismfrance.org\/index.php\/2025\/06\/10\/21128\/#breadcrumb"},"inLanguage":"fr-FR","potentialAction":[{"@type":"ReadAction","target":["https:\/\/ismfrance.org\/index.php\/2025\/06\/10\/21128\/"]}]},{"@type":"ImageObject","inLanguage":"fr-FR","@id":"https:\/\/ismfrance.org\/index.php\/2025\/06\/10\/21128\/#primaryimage","url":"https:\/\/ismfrance.org\/wp-content\/uploads\/2025\/06\/9-Juin.jpeg.jpg","contentUrl":"https:\/\/ismfrance.org\/wp-content\/uploads\/2025\/06\/9-Juin.jpeg.jpg","width":1200,"height":675},{"@type":"BreadcrumbList","@id":"https:\/\/ismfrance.org\/index.php\/2025\/06\/10\/21128\/#breadcrumb","itemListElement":[{"@type":"ListItem","position":1,"name":"Accueil","item":"https:\/\/ismfrance.org\/"},{"@type":"ListItem","position":2,"name":"T\u00e9moignages de Gazaouis : La survie qui s\u2019organise au jour le jour dans l\u2019enfer de Gaza \u2013 partie 429 \/ 9 juin \u2013\u00a0L\u2019aide humanitaire"}]},{"@type":"WebSite","@id":"https:\/\/ismfrance.org\/#website","url":"https:\/\/ismfrance.org\/","name":"ISM Palestine France","description":"Soutien aux luttes de lib\u00e9ration du peuple palestinien","publisher":{"@id":"https:\/\/ismfrance.org\/#organization"},"potentialAction":[{"@type":"SearchAction","target":{"@type":"EntryPoint","urlTemplate":"https:\/\/ismfrance.org\/?s={search_term_string}"},"query-input":{"@type":"PropertyValueSpecification","valueRequired":true,"valueName":"search_term_string"}}],"inLanguage":"fr-FR"},{"@type":"Organization","@id":"https:\/\/ismfrance.org\/#organization","name":"International Solidarity Movement","url":"https:\/\/ismfrance.org\/","logo":{"@type":"ImageObject","inLanguage":"fr-FR","@id":"https:\/\/ismfrance.org\/#\/schema\/logo\/image\/","url":"https:\/\/ismfrance.org\/wp-content\/uploads\/2020\/12\/00.png","contentUrl":"https:\/\/ismfrance.org\/wp-content\/uploads\/2020\/12\/00.png","width":400,"height":400,"caption":"International Solidarity Movement"},"image":{"@id":"https:\/\/ismfrance.org\/#\/schema\/logo\/image\/"},"sameAs":["https:\/\/x.com\/ISMFRANCE"]},{"@type":"Person","@id":"https:\/\/ismfrance.org\/#\/schema\/person\/3c411eb72adfaae19c0dca1f41fae01d","name":"mru_01","image":{"@type":"ImageObject","inLanguage":"fr-FR","@id":"https:\/\/secure.gravatar.com\/avatar\/3a0be343b445d2ccc79e87444a294fad2b232e90d2051d0e3cc219e1ecd6a330?s=96&d=mm&r=g","url":"https:\/\/secure.gravatar.com\/avatar\/3a0be343b445d2ccc79e87444a294fad2b232e90d2051d0e3cc219e1ecd6a330?s=96&d=mm&r=g","contentUrl":"https:\/\/secure.gravatar.com\/avatar\/3a0be343b445d2ccc79e87444a294fad2b232e90d2051d0e3cc219e1ecd6a330?s=96&d=mm&r=g","caption":"mru_01"},"url":"https:\/\/ismfrance.org\/index.php\/author\/admin02\/"}]}},"_links":{"self":[{"href":"https:\/\/ismfrance.org\/index.php\/wp-json\/wp\/v2\/posts\/21128","targetHints":{"allow":["GET"]}}],"collection":[{"href":"https:\/\/ismfrance.org\/index.php\/wp-json\/wp\/v2\/posts"}],"about":[{"href":"https:\/\/ismfrance.org\/index.php\/wp-json\/wp\/v2\/types\/post"}],"author":[{"embeddable":true,"href":"https:\/\/ismfrance.org\/index.php\/wp-json\/wp\/v2\/users\/3"}],"replies":[{"embeddable":true,"href":"https:\/\/ismfrance.org\/index.php\/wp-json\/wp\/v2\/comments?post=21128"}],"version-history":[{"count":0,"href":"https:\/\/ismfrance.org\/index.php\/wp-json\/wp\/v2\/posts\/21128\/revisions"}],"wp:featuredmedia":[{"embeddable":true,"href":"https:\/\/ismfrance.org\/index.php\/wp-json\/wp\/v2\/media\/21129"}],"wp:attachment":[{"href":"https:\/\/ismfrance.org\/index.php\/wp-json\/wp\/v2\/media?parent=21128"}],"wp:term":[{"taxonomy":"category","embeddable":true,"href":"https:\/\/ismfrance.org\/index.php\/wp-json\/wp\/v2\/categories?post=21128"},{"taxonomy":"post_tag","embeddable":true,"href":"https:\/\/ismfrance.org\/index.php\/wp-json\/wp\/v2\/tags?post=21128"}],"curies":[{"name":"wp","href":"https:\/\/api.w.org\/{rel}","templated":true}]}}