{"id":20853,"date":"2025-05-29T13:43:33","date_gmt":"2025-05-29T11:43:33","guid":{"rendered":"https:\/\/ismfrance.org\/?p=20853"},"modified":"2025-05-29T13:43:33","modified_gmt":"2025-05-29T11:43:33","slug":"israel-defie-la-loi-et-approuve-22-colonies-illegales-en-cisjordanie","status":"publish","type":"post","link":"https:\/\/ismfrance.org\/index.php\/2025\/05\/29\/israel-defie-la-loi-et-approuve-22-colonies-illegales-en-cisjordanie\/","title":{"rendered":"Isra\u00ebl d\u00e9fie la loi et approuve 22 colonies ill\u00e9gales en Cisjordanie"},"content":{"rendered":"<p align=\"LEFT\"><span style=\"color: #000000;\"><span style=\"font-family: Verdana, sans-serif;\"><span style=\"font-size: medium;\"><strong>Al Mayadeen, 29 mai 2025.<\/strong> &#8211; Le Cabinet de s\u00e9curit\u00e9 isra\u00e9lien a secr\u00e8tement approuv\u00e9 l&rsquo;implantation de 22 colonies ill\u00e9gales en Cisjordanie occup\u00e9e, ont rapport\u00e9 les m\u00e9dias isra\u00e9liens.<\/span><\/span><\/span><\/p>\n<p align=\"LEFT\"><span style=\"color: #000000;\"><span style=\"font-family: Verdana, sans-serif;\"><span style=\"font-size: medium;\">Selon <i>Ynet<\/i>, le Cabinet \u00ab\u00a0<i>a secr\u00e8tement approuv\u00e9 il y a deux semaines l&rsquo;implantation de 22 colonies en Jud\u00e9e-Samarie\u00a0<\/i>\u00bb.<\/span><\/span><\/span><\/p>\n<p align=\"LEFT\"><span style=\"color: #000000;\"><span style=\"font-family: Verdana, sans-serif;\"><span style=\"font-size: medium;\">Cette d\u00e9cision, qui aurait \u00e9t\u00e9 prise il y a deux semaines, pr\u00e9voit la r\u00e9installation des colonies ill\u00e9gales de Homesh et Sa-Nur, toutes deux d\u00e9mantel\u00e9es lors du plan de d\u00e9sengagement unilat\u00e9ral de la bande de Gaza de 2005. Ces colonies doivent \u00eatre construites dans la r\u00e9gion qu&rsquo;\u00ab\u00a0Isra\u00ebl\u00a0\u00bb appelle \u00ab\u00a0Jud\u00e9e-Samarie\u00a0\u00bb, une appellation biblique de la Cisjordanie rejet\u00e9e par les organismes internationaux.<\/span><\/span><\/span><\/p>\n<div id=\"attachment_20854\" style=\"width: 610px\" class=\"wp-caption alignnone\"><a href=\"https:\/\/ismfrance.org\/wp-content\/uploads\/2025\/05\/bruqin.jpeg\"><img loading=\"lazy\" decoding=\"async\" aria-describedby=\"caption-attachment-20854\" class=\"wp-image-20854 size-large\" src=\"https:\/\/ismfrance.org\/wp-content\/uploads\/2025\/05\/bruqin-700x394.jpeg\" alt=\"\" width=\"600\" height=\"338\" srcset=\"https:\/\/ismfrance.org\/wp-content\/uploads\/2025\/05\/bruqin-700x394.jpeg 700w, https:\/\/ismfrance.org\/wp-content\/uploads\/2025\/05\/bruqin-300x169.jpeg 300w, https:\/\/ismfrance.org\/wp-content\/uploads\/2025\/05\/bruqin-768x432.jpeg 768w, https:\/\/ismfrance.org\/wp-content\/uploads\/2025\/05\/bruqin.jpeg 1280w\" sizes=\"auto, (max-width: 600px) 100vw, 600px\" \/><\/a><p id=\"caption-attachment-20854\" class=\"wp-caption-text\"><strong>L&rsquo;exemple de Bruqin, village palestinien \u00e0 l&rsquo;ouest de Salfit. Capture d&rsquo;\u00e9cran de la <a href=\"https:\/\/x.com\/i\/status\/1924473760129626255\">VIDEO<\/a> de <em>Quds News Network<\/em> sur Telegram.<\/strong><\/p><\/div>\n<div id=\"attachment_20855\" style=\"width: 610px\" class=\"wp-caption alignnone\"><a href=\"https:\/\/ismfrance.org\/wp-content\/uploads\/2025\/05\/bulldozer-bruchin.jpeg\"><img loading=\"lazy\" decoding=\"async\" aria-describedby=\"caption-attachment-20855\" class=\"wp-image-20855 size-large\" src=\"https:\/\/ismfrance.org\/wp-content\/uploads\/2025\/05\/bulldozer-bruchin-700x394.jpeg\" alt=\"\" width=\"600\" height=\"338\" srcset=\"https:\/\/ismfrance.org\/wp-content\/uploads\/2025\/05\/bulldozer-bruchin-700x394.jpeg 700w, https:\/\/ismfrance.org\/wp-content\/uploads\/2025\/05\/bulldozer-bruchin-300x169.jpeg 300w, https:\/\/ismfrance.org\/wp-content\/uploads\/2025\/05\/bulldozer-bruchin-768x432.jpeg 768w, https:\/\/ismfrance.org\/wp-content\/uploads\/2025\/05\/bulldozer-bruchin.jpeg 1280w\" sizes=\"auto, (max-width: 600px) 100vw, 600px\" \/><\/a><p id=\"caption-attachment-20855\" class=\"wp-caption-text\"><strong>Les engins de chantier isra\u00e9liens en train de construire la nouvelle colonie appel\u00e9e Brukhin qui surplombe le village palestinien de Bruqin.<\/strong><\/p><\/div>\n<div id=\"attachment_20856\" style=\"width: 610px\" class=\"wp-caption alignnone\"><a href=\"https:\/\/ismfrance.org\/wp-content\/uploads\/2025\/05\/construction-bruchin.jpeg\"><img loading=\"lazy\" decoding=\"async\" aria-describedby=\"caption-attachment-20856\" class=\"wp-image-20856 size-large\" src=\"https:\/\/ismfrance.org\/wp-content\/uploads\/2025\/05\/construction-bruchin-700x394.jpeg\" alt=\"\" width=\"600\" height=\"338\" srcset=\"https:\/\/ismfrance.org\/wp-content\/uploads\/2025\/05\/construction-bruchin-700x394.jpeg 700w, https:\/\/ismfrance.org\/wp-content\/uploads\/2025\/05\/construction-bruchin-300x169.jpeg 300w, https:\/\/ismfrance.org\/wp-content\/uploads\/2025\/05\/construction-bruchin-768x432.jpeg 768w, https:\/\/ismfrance.org\/wp-content\/uploads\/2025\/05\/construction-bruchin.jpeg 1280w\" sizes=\"auto, (max-width: 600px) 100vw, 600px\" \/><\/a><p id=\"caption-attachment-20856\" class=\"wp-caption-text\"><em><strong>La nouvelle colonie dont la construction est tr\u00e8s avanc\u00e9e.<\/strong><\/em><\/p><\/div>\n<p align=\"LEFT\"><span style=\"color: #000000;\"><span style=\"font-family: Verdana, sans-serif;\"><span style=\"font-size: medium;\">L&rsquo;initiative a \u00e9t\u00e9 pr\u00e9sent\u00e9e conjointement par le ministre de la S\u00e9curit\u00e9, Yoav Gallant, et le ministre des Finances, Bezalel Smotrich, selon le rapport.<\/span><\/span><\/span><\/p>\n<p align=\"LEFT\"><span style=\"color: #000000;\"><span style=\"font-family: Verdana, sans-serif;\"><span style=\"font-size: medium;\">Le r\u00e9tablissement de Homesh et de Sa-Nur repr\u00e9sente une initiative symbolique et strat\u00e9gique du gouvernement isra\u00e9lien. Ces deux sites avaient \u00e9t\u00e9 \u00e9vacu\u00e9s dans le cadre d&rsquo;une politique de d\u00e9sengagement qui a vu \u00ab\u00a0Isra\u00ebl\u00a0\u00bb retirer les colons de Gaza tout en conservant le contr\u00f4le de son espace a\u00e9rien, de son acc\u00e8s maritime et de ses fronti\u00e8res.<\/span><\/span><\/span><\/p>\n<p align=\"LEFT\"><span style=\"color: #000000;\"><span style=\"font-family: Verdana, sans-serif;\"><span style=\"font-size: medium;\">Le retour sur ces sites est largement per\u00e7u comme un renversement de cette politique et une nouvelle \u00e9tape dans l&rsquo;expansion des colonies ill\u00e9gales en Cisjordanie.<\/span><\/span><\/span><\/p>\n<p align=\"LEFT\"><strong><span style=\"color: #000000;\"><span style=\"font-family: Verdana, sans-serif;\"><span style=\"font-size: large;\">L&rsquo;Autorit\u00e9 palestinienne condamne l&rsquo;escalade<\/span><\/span><\/span><\/strong><\/p>\n<p align=\"LEFT\"><span style=\"color: #000000;\"><span style=\"font-family: Verdana, sans-serif;\"><span style=\"font-size: medium;\">La pr\u00e9sidence palestinienne a fermement condamn\u00e9 cette approbation, la qualifiant de \u00ab\u00a0<i>dangereuse escalade qui entra\u00eene la r\u00e9gion dans un cycle de violence et d&rsquo;instabilit\u00e9<\/i>\u00a0\u00bb.<\/span><\/span><\/span><\/p>\n<p align=\"LEFT\"><span style=\"color: #000000;\"><span style=\"font-family: Verdana, sans-serif;\"><span style=\"font-size: medium;\">Le porte-parole de la pr\u00e9sidence, Nabil Abu Rudeineh, a d\u00e9clar\u00e9 que cette d\u00e9cision \u00ab\u00a0<i>repr\u00e9sente une grave escalade et un d\u00e9fi \u00e0 la l\u00e9gitimit\u00e9 et au droit internationaux<\/i>\u00a0\u00bb.<\/span><\/span><\/span><\/p>\n<p align=\"LEFT\"><span style=\"color: #000000;\"><span style=\"font-family: Verdana, sans-serif;\"><span style=\"font-size: medium;\">Il a ajout\u00e9\u00a0: \u00ab\u00a0<i>L&rsquo;approbation secr\u00e8te par le gouvernement isra\u00e9lien de l&rsquo;\u00e9tablissement de 22 nouvelles colonies en Cisjordanie, dont Al-Qods-Est<\/i>\u00a0\u00bb, d\u00e9fie les normes juridiques et le consensus international.<\/span><\/span><\/span><\/p>\n<pre><em><strong><span style=\"color: #000000;\"><span style=\"font-family: Verdana, sans-serif;\"><span style=\"font-size: medium;\"><span style=\"font-size: small;\">Article original en anglais sur <a href=\"https:\/\/english.almayadeen.net\/news\/politics\/-israel--defies-law--approves-22-illegal-west-bank-settlemen\">Al Mayadeen<\/a> \/ Traduction MR<\/span><\/span><\/span><\/span><\/strong><\/em><\/pre>\n","protected":false},"excerpt":{"rendered":"<p>Al Mayadeen, 29 mai 2025. &#8211; Le Cabinet de s\u00e9curit\u00e9 isra\u00e9lien a secr\u00e8tement approuv\u00e9 l&rsquo;implantation de 22 colonies ill\u00e9gales en Cisjordanie occup\u00e9e, ont rapport\u00e9 les m\u00e9dias isra\u00e9liens. Selon Ynet, le <a class=\"more-link\" href=\"https:\/\/ismfrance.org\/index.php\/2025\/05\/29\/israel-defie-la-loi-et-approuve-22-colonies-illegales-en-cisjordanie\/\">Lire la suite &rarr;<\/a><\/p>\n","protected":false},"author":3,"featured_media":20856,"comment_status":"closed","ping_status":"closed","sticky":false,"template":"","format":"standard","meta":{"footnotes":""},"categories":[2,14],"tags":[188],"class_list":["post-20853","post","type-post","status-publish","format-standard","has-post-thumbnail","hentry","category-articles","category-communiques","tag-colonies"],"yoast_head":"<!-- This site is optimized with the Yoast SEO plugin v27.2 - https:\/\/yoast.com\/product\/yoast-seo-wordpress\/ -->\n<title>Isra\u00ebl d\u00e9fie la loi et approuve 22 colonies ill\u00e9gales en Cisjordanie - International Solidarity Movement - ISM-France<\/title>\n<meta name=\"robots\" content=\"index, follow, max-snippet:-1, max-image-preview:large, max-video-preview:-1\" \/>\n<link rel=\"canonical\" href=\"https:\/\/ismfrance.org\/index.php\/2025\/05\/29\/israel-defie-la-loi-et-approuve-22-colonies-illegales-en-cisjordanie\/\" \/>\n<meta property=\"og:locale\" content=\"fr_FR\" \/>\n<meta property=\"og:type\" content=\"article\" \/>\n<meta property=\"og:title\" content=\"Isra\u00ebl d\u00e9fie la loi et approuve 22 colonies ill\u00e9gales en Cisjordanie - International Solidarity Movement - ISM-France\" \/>\n<meta property=\"og:description\" content=\"Al Mayadeen, 29 mai 2025. &#8211; Le Cabinet de s\u00e9curit\u00e9 isra\u00e9lien a secr\u00e8tement approuv\u00e9 l&rsquo;implantation de 22 colonies ill\u00e9gales en Cisjordanie occup\u00e9e, ont rapport\u00e9 les m\u00e9dias isra\u00e9liens. Selon Ynet, le Lire la suite &rarr;\" \/>\n<meta property=\"og:url\" content=\"https:\/\/ismfrance.org\/index.php\/2025\/05\/29\/israel-defie-la-loi-et-approuve-22-colonies-illegales-en-cisjordanie\/\" \/>\n<meta property=\"og:site_name\" content=\"International Solidarity Movement - ISM-France\" \/>\n<meta property=\"article:published_time\" content=\"2025-05-29T11:43:33+00:00\" \/>\n<meta property=\"og:image\" content=\"https:\/\/ismfrance.org\/wp-content\/uploads\/2025\/05\/construction-bruchin.jpeg\" \/>\n\t<meta property=\"og:image:width\" content=\"1280\" \/>\n\t<meta property=\"og:image:height\" content=\"720\" \/>\n\t<meta property=\"og:image:type\" content=\"image\/jpeg\" \/>\n<meta name=\"author\" content=\"mru_01\" \/>\n<meta name=\"twitter:card\" content=\"summary_large_image\" \/>\n<meta name=\"twitter:creator\" content=\"@ISMFRANCE\" \/>\n<meta name=\"twitter:site\" content=\"@ISMFRANCE\" \/>\n<meta name=\"twitter:label1\" content=\"\u00c9crit par\" \/>\n\t<meta name=\"twitter:data1\" content=\"mru_01\" \/>\n\t<meta name=\"twitter:label2\" content=\"Dur\u00e9e de lecture estim\u00e9e\" \/>\n\t<meta name=\"twitter:data2\" content=\"3 minutes\" \/>\n<script type=\"application\/ld+json\" class=\"yoast-schema-graph\">{\"@context\":\"https:\/\/schema.org\",\"@graph\":[{\"@type\":\"Article\",\"@id\":\"https:\/\/ismfrance.org\/index.php\/2025\/05\/29\/israel-defie-la-loi-et-approuve-22-colonies-illegales-en-cisjordanie\/#article\",\"isPartOf\":{\"@id\":\"https:\/\/ismfrance.org\/index.php\/2025\/05\/29\/israel-defie-la-loi-et-approuve-22-colonies-illegales-en-cisjordanie\/\"},\"author\":{\"name\":\"mru_01\",\"@id\":\"https:\/\/ismfrance.org\/#\/schema\/person\/3c411eb72adfaae19c0dca1f41fae01d\"},\"headline\":\"Isra\u00ebl d\u00e9fie la loi et approuve 22 colonies ill\u00e9gales en Cisjordanie\",\"datePublished\":\"2025-05-29T11:43:33+00:00\",\"mainEntityOfPage\":{\"@id\":\"https:\/\/ismfrance.org\/index.php\/2025\/05\/29\/israel-defie-la-loi-et-approuve-22-colonies-illegales-en-cisjordanie\/\"},\"wordCount\":432,\"publisher\":{\"@id\":\"https:\/\/ismfrance.org\/#organization\"},\"image\":{\"@id\":\"https:\/\/ismfrance.org\/index.php\/2025\/05\/29\/israel-defie-la-loi-et-approuve-22-colonies-illegales-en-cisjordanie\/#primaryimage\"},\"thumbnailUrl\":\"https:\/\/ismfrance.org\/wp-content\/uploads\/2025\/05\/construction-bruchin.jpeg\",\"keywords\":[\"Colonies\"],\"articleSection\":[\"Articles\",\"Communiqu\u00e9s\"],\"inLanguage\":\"fr-FR\"},{\"@type\":\"WebPage\",\"@id\":\"https:\/\/ismfrance.org\/index.php\/2025\/05\/29\/israel-defie-la-loi-et-approuve-22-colonies-illegales-en-cisjordanie\/\",\"url\":\"https:\/\/ismfrance.org\/index.php\/2025\/05\/29\/israel-defie-la-loi-et-approuve-22-colonies-illegales-en-cisjordanie\/\",\"name\":\"Isra\u00ebl d\u00e9fie la loi et approuve 22 colonies ill\u00e9gales en Cisjordanie - International Solidarity Movement - ISM-France\",\"isPartOf\":{\"@id\":\"https:\/\/ismfrance.org\/#website\"},\"primaryImageOfPage\":{\"@id\":\"https:\/\/ismfrance.org\/index.php\/2025\/05\/29\/israel-defie-la-loi-et-approuve-22-colonies-illegales-en-cisjordanie\/#primaryimage\"},\"image\":{\"@id\":\"https:\/\/ismfrance.org\/index.php\/2025\/05\/29\/israel-defie-la-loi-et-approuve-22-colonies-illegales-en-cisjordanie\/#primaryimage\"},\"thumbnailUrl\":\"https:\/\/ismfrance.org\/wp-content\/uploads\/2025\/05\/construction-bruchin.jpeg\",\"datePublished\":\"2025-05-29T11:43:33+00:00\",\"breadcrumb\":{\"@id\":\"https:\/\/ismfrance.org\/index.php\/2025\/05\/29\/israel-defie-la-loi-et-approuve-22-colonies-illegales-en-cisjordanie\/#breadcrumb\"},\"inLanguage\":\"fr-FR\",\"potentialAction\":[{\"@type\":\"ReadAction\",\"target\":[\"https:\/\/ismfrance.org\/index.php\/2025\/05\/29\/israel-defie-la-loi-et-approuve-22-colonies-illegales-en-cisjordanie\/\"]}]},{\"@type\":\"ImageObject\",\"inLanguage\":\"fr-FR\",\"@id\":\"https:\/\/ismfrance.org\/index.php\/2025\/05\/29\/israel-defie-la-loi-et-approuve-22-colonies-illegales-en-cisjordanie\/#primaryimage\",\"url\":\"https:\/\/ismfrance.org\/wp-content\/uploads\/2025\/05\/construction-bruchin.jpeg\",\"contentUrl\":\"https:\/\/ismfrance.org\/wp-content\/uploads\/2025\/05\/construction-bruchin.jpeg\",\"width\":1280,\"height\":720},{\"@type\":\"BreadcrumbList\",\"@id\":\"https:\/\/ismfrance.org\/index.php\/2025\/05\/29\/israel-defie-la-loi-et-approuve-22-colonies-illegales-en-cisjordanie\/#breadcrumb\",\"itemListElement\":[{\"@type\":\"ListItem\",\"position\":1,\"name\":\"Accueil\",\"item\":\"https:\/\/ismfrance.org\/\"},{\"@type\":\"ListItem\",\"position\":2,\"name\":\"Isra\u00ebl d\u00e9fie la loi et approuve 22 colonies ill\u00e9gales en Cisjordanie\"}]},{\"@type\":\"WebSite\",\"@id\":\"https:\/\/ismfrance.org\/#website\",\"url\":\"https:\/\/ismfrance.org\/\",\"name\":\"ISM Palestine France\",\"description\":\"Soutien aux luttes de lib\u00e9ration du peuple palestinien\",\"publisher\":{\"@id\":\"https:\/\/ismfrance.org\/#organization\"},\"potentialAction\":[{\"@type\":\"SearchAction\",\"target\":{\"@type\":\"EntryPoint\",\"urlTemplate\":\"https:\/\/ismfrance.org\/?s={search_term_string}\"},\"query-input\":{\"@type\":\"PropertyValueSpecification\",\"valueRequired\":true,\"valueName\":\"search_term_string\"}}],\"inLanguage\":\"fr-FR\"},{\"@type\":\"Organization\",\"@id\":\"https:\/\/ismfrance.org\/#organization\",\"name\":\"International Solidarity Movement\",\"url\":\"https:\/\/ismfrance.org\/\",\"logo\":{\"@type\":\"ImageObject\",\"inLanguage\":\"fr-FR\",\"@id\":\"https:\/\/ismfrance.org\/#\/schema\/logo\/image\/\",\"url\":\"https:\/\/ismfrance.org\/wp-content\/uploads\/2020\/12\/00.png\",\"contentUrl\":\"https:\/\/ismfrance.org\/wp-content\/uploads\/2020\/12\/00.png\",\"width\":400,\"height\":400,\"caption\":\"International Solidarity Movement\"},\"image\":{\"@id\":\"https:\/\/ismfrance.org\/#\/schema\/logo\/image\/\"},\"sameAs\":[\"https:\/\/x.com\/ISMFRANCE\"]},{\"@type\":\"Person\",\"@id\":\"https:\/\/ismfrance.org\/#\/schema\/person\/3c411eb72adfaae19c0dca1f41fae01d\",\"name\":\"mru_01\",\"image\":{\"@type\":\"ImageObject\",\"inLanguage\":\"fr-FR\",\"@id\":\"https:\/\/secure.gravatar.com\/avatar\/3a0be343b445d2ccc79e87444a294fad2b232e90d2051d0e3cc219e1ecd6a330?s=96&d=mm&r=g\",\"url\":\"https:\/\/secure.gravatar.com\/avatar\/3a0be343b445d2ccc79e87444a294fad2b232e90d2051d0e3cc219e1ecd6a330?s=96&d=mm&r=g\",\"contentUrl\":\"https:\/\/secure.gravatar.com\/avatar\/3a0be343b445d2ccc79e87444a294fad2b232e90d2051d0e3cc219e1ecd6a330?s=96&d=mm&r=g\",\"caption\":\"mru_01\"},\"url\":\"https:\/\/ismfrance.org\/index.php\/author\/admin02\/\"}]}<\/script>\n<!-- \/ Yoast SEO plugin. -->","yoast_head_json":{"title":"Isra\u00ebl d\u00e9fie la loi et approuve 22 colonies ill\u00e9gales en Cisjordanie - International Solidarity Movement - ISM-France","robots":{"index":"index","follow":"follow","max-snippet":"max-snippet:-1","max-image-preview":"max-image-preview:large","max-video-preview":"max-video-preview:-1"},"canonical":"https:\/\/ismfrance.org\/index.php\/2025\/05\/29\/israel-defie-la-loi-et-approuve-22-colonies-illegales-en-cisjordanie\/","og_locale":"fr_FR","og_type":"article","og_title":"Isra\u00ebl d\u00e9fie la loi et approuve 22 colonies ill\u00e9gales en Cisjordanie - International Solidarity Movement - ISM-France","og_description":"Al Mayadeen, 29 mai 2025. &#8211; Le Cabinet de s\u00e9curit\u00e9 isra\u00e9lien a secr\u00e8tement approuv\u00e9 l&rsquo;implantation de 22 colonies ill\u00e9gales en Cisjordanie occup\u00e9e, ont rapport\u00e9 les m\u00e9dias isra\u00e9liens. Selon Ynet, le Lire la suite &rarr;","og_url":"https:\/\/ismfrance.org\/index.php\/2025\/05\/29\/israel-defie-la-loi-et-approuve-22-colonies-illegales-en-cisjordanie\/","og_site_name":"International Solidarity Movement - ISM-France","article_published_time":"2025-05-29T11:43:33+00:00","og_image":[{"width":1280,"height":720,"url":"https:\/\/ismfrance.org\/wp-content\/uploads\/2025\/05\/construction-bruchin.jpeg","type":"image\/jpeg"}],"author":"mru_01","twitter_card":"summary_large_image","twitter_creator":"@ISMFRANCE","twitter_site":"@ISMFRANCE","twitter_misc":{"\u00c9crit par":"mru_01","Dur\u00e9e de lecture estim\u00e9e":"3 minutes"},"schema":{"@context":"https:\/\/schema.org","@graph":[{"@type":"Article","@id":"https:\/\/ismfrance.org\/index.php\/2025\/05\/29\/israel-defie-la-loi-et-approuve-22-colonies-illegales-en-cisjordanie\/#article","isPartOf":{"@id":"https:\/\/ismfrance.org\/index.php\/2025\/05\/29\/israel-defie-la-loi-et-approuve-22-colonies-illegales-en-cisjordanie\/"},"author":{"name":"mru_01","@id":"https:\/\/ismfrance.org\/#\/schema\/person\/3c411eb72adfaae19c0dca1f41fae01d"},"headline":"Isra\u00ebl d\u00e9fie la loi et approuve 22 colonies ill\u00e9gales en Cisjordanie","datePublished":"2025-05-29T11:43:33+00:00","mainEntityOfPage":{"@id":"https:\/\/ismfrance.org\/index.php\/2025\/05\/29\/israel-defie-la-loi-et-approuve-22-colonies-illegales-en-cisjordanie\/"},"wordCount":432,"publisher":{"@id":"https:\/\/ismfrance.org\/#organization"},"image":{"@id":"https:\/\/ismfrance.org\/index.php\/2025\/05\/29\/israel-defie-la-loi-et-approuve-22-colonies-illegales-en-cisjordanie\/#primaryimage"},"thumbnailUrl":"https:\/\/ismfrance.org\/wp-content\/uploads\/2025\/05\/construction-bruchin.jpeg","keywords":["Colonies"],"articleSection":["Articles","Communiqu\u00e9s"],"inLanguage":"fr-FR"},{"@type":"WebPage","@id":"https:\/\/ismfrance.org\/index.php\/2025\/05\/29\/israel-defie-la-loi-et-approuve-22-colonies-illegales-en-cisjordanie\/","url":"https:\/\/ismfrance.org\/index.php\/2025\/05\/29\/israel-defie-la-loi-et-approuve-22-colonies-illegales-en-cisjordanie\/","name":"Isra\u00ebl d\u00e9fie la loi et approuve 22 colonies ill\u00e9gales en Cisjordanie - International Solidarity Movement - ISM-France","isPartOf":{"@id":"https:\/\/ismfrance.org\/#website"},"primaryImageOfPage":{"@id":"https:\/\/ismfrance.org\/index.php\/2025\/05\/29\/israel-defie-la-loi-et-approuve-22-colonies-illegales-en-cisjordanie\/#primaryimage"},"image":{"@id":"https:\/\/ismfrance.org\/index.php\/2025\/05\/29\/israel-defie-la-loi-et-approuve-22-colonies-illegales-en-cisjordanie\/#primaryimage"},"thumbnailUrl":"https:\/\/ismfrance.org\/wp-content\/uploads\/2025\/05\/construction-bruchin.jpeg","datePublished":"2025-05-29T11:43:33+00:00","breadcrumb":{"@id":"https:\/\/ismfrance.org\/index.php\/2025\/05\/29\/israel-defie-la-loi-et-approuve-22-colonies-illegales-en-cisjordanie\/#breadcrumb"},"inLanguage":"fr-FR","potentialAction":[{"@type":"ReadAction","target":["https:\/\/ismfrance.org\/index.php\/2025\/05\/29\/israel-defie-la-loi-et-approuve-22-colonies-illegales-en-cisjordanie\/"]}]},{"@type":"ImageObject","inLanguage":"fr-FR","@id":"https:\/\/ismfrance.org\/index.php\/2025\/05\/29\/israel-defie-la-loi-et-approuve-22-colonies-illegales-en-cisjordanie\/#primaryimage","url":"https:\/\/ismfrance.org\/wp-content\/uploads\/2025\/05\/construction-bruchin.jpeg","contentUrl":"https:\/\/ismfrance.org\/wp-content\/uploads\/2025\/05\/construction-bruchin.jpeg","width":1280,"height":720},{"@type":"BreadcrumbList","@id":"https:\/\/ismfrance.org\/index.php\/2025\/05\/29\/israel-defie-la-loi-et-approuve-22-colonies-illegales-en-cisjordanie\/#breadcrumb","itemListElement":[{"@type":"ListItem","position":1,"name":"Accueil","item":"https:\/\/ismfrance.org\/"},{"@type":"ListItem","position":2,"name":"Isra\u00ebl d\u00e9fie la loi et approuve 22 colonies ill\u00e9gales en Cisjordanie"}]},{"@type":"WebSite","@id":"https:\/\/ismfrance.org\/#website","url":"https:\/\/ismfrance.org\/","name":"ISM Palestine France","description":"Soutien aux luttes de lib\u00e9ration du peuple palestinien","publisher":{"@id":"https:\/\/ismfrance.org\/#organization"},"potentialAction":[{"@type":"SearchAction","target":{"@type":"EntryPoint","urlTemplate":"https:\/\/ismfrance.org\/?s={search_term_string}"},"query-input":{"@type":"PropertyValueSpecification","valueRequired":true,"valueName":"search_term_string"}}],"inLanguage":"fr-FR"},{"@type":"Organization","@id":"https:\/\/ismfrance.org\/#organization","name":"International Solidarity Movement","url":"https:\/\/ismfrance.org\/","logo":{"@type":"ImageObject","inLanguage":"fr-FR","@id":"https:\/\/ismfrance.org\/#\/schema\/logo\/image\/","url":"https:\/\/ismfrance.org\/wp-content\/uploads\/2020\/12\/00.png","contentUrl":"https:\/\/ismfrance.org\/wp-content\/uploads\/2020\/12\/00.png","width":400,"height":400,"caption":"International Solidarity Movement"},"image":{"@id":"https:\/\/ismfrance.org\/#\/schema\/logo\/image\/"},"sameAs":["https:\/\/x.com\/ISMFRANCE"]},{"@type":"Person","@id":"https:\/\/ismfrance.org\/#\/schema\/person\/3c411eb72adfaae19c0dca1f41fae01d","name":"mru_01","image":{"@type":"ImageObject","inLanguage":"fr-FR","@id":"https:\/\/secure.gravatar.com\/avatar\/3a0be343b445d2ccc79e87444a294fad2b232e90d2051d0e3cc219e1ecd6a330?s=96&d=mm&r=g","url":"https:\/\/secure.gravatar.com\/avatar\/3a0be343b445d2ccc79e87444a294fad2b232e90d2051d0e3cc219e1ecd6a330?s=96&d=mm&r=g","contentUrl":"https:\/\/secure.gravatar.com\/avatar\/3a0be343b445d2ccc79e87444a294fad2b232e90d2051d0e3cc219e1ecd6a330?s=96&d=mm&r=g","caption":"mru_01"},"url":"https:\/\/ismfrance.org\/index.php\/author\/admin02\/"}]}},"_links":{"self":[{"href":"https:\/\/ismfrance.org\/index.php\/wp-json\/wp\/v2\/posts\/20853","targetHints":{"allow":["GET"]}}],"collection":[{"href":"https:\/\/ismfrance.org\/index.php\/wp-json\/wp\/v2\/posts"}],"about":[{"href":"https:\/\/ismfrance.org\/index.php\/wp-json\/wp\/v2\/types\/post"}],"author":[{"embeddable":true,"href":"https:\/\/ismfrance.org\/index.php\/wp-json\/wp\/v2\/users\/3"}],"replies":[{"embeddable":true,"href":"https:\/\/ismfrance.org\/index.php\/wp-json\/wp\/v2\/comments?post=20853"}],"version-history":[{"count":0,"href":"https:\/\/ismfrance.org\/index.php\/wp-json\/wp\/v2\/posts\/20853\/revisions"}],"wp:featuredmedia":[{"embeddable":true,"href":"https:\/\/ismfrance.org\/index.php\/wp-json\/wp\/v2\/media\/20856"}],"wp:attachment":[{"href":"https:\/\/ismfrance.org\/index.php\/wp-json\/wp\/v2\/media?parent=20853"}],"wp:term":[{"taxonomy":"category","embeddable":true,"href":"https:\/\/ismfrance.org\/index.php\/wp-json\/wp\/v2\/categories?post=20853"},{"taxonomy":"post_tag","embeddable":true,"href":"https:\/\/ismfrance.org\/index.php\/wp-json\/wp\/v2\/tags?post=20853"}],"curies":[{"name":"wp","href":"https:\/\/api.w.org\/{rel}","templated":true}]}}