{"id":20842,"date":"2025-05-28T18:13:15","date_gmt":"2025-05-28T16:13:15","guid":{"rendered":"https:\/\/ismfrance.org\/?p=20842"},"modified":"2025-05-28T18:15:05","modified_gmt":"2025-05-28T16:15:05","slug":"khaket-al-dabaa-dans-la-region-de-masafer-yatta-menace-de-nettoyage-ethnique","status":"publish","type":"post","link":"https:\/\/ismfrance.org\/index.php\/2025\/05\/28\/khaket-al-dabaa-dans-la-region-de-masafer-yatta-menace-de-nettoyage-ethnique\/","title":{"rendered":"Khaket al-Daba&rsquo;a, dans la r\u00e9gion de Masafer Yatta, menac\u00e9 de nettoyage ethnique"},"content":{"rendered":"<p><span style=\"color: #000000;\"><span style=\"font-family: Verdana, sans-serif;\"><span style=\"font-size: medium;\"><strong>ISM-Palestine, 27 mai 2025<\/strong>. La d\u00e9cision de justice isra\u00e9lienne autorise donc les colons \u00e0 \u00e9tablir un nouvel avant-poste \u00e0 l&rsquo;extr\u00e9mit\u00e9 du village de Khalet al-Daba&rsquo;a, apr\u00e8s que le tribunal ait approuv\u00e9 l&rsquo;expulsion de tous les habitants du village, la zone ayant \u00e9t\u00e9 d\u00e9clar\u00e9e \u00ab zone de tir 918. \u00bb<\/span><\/span><\/span><\/p>\n<p><span style=\"color: #000000;\"><span style=\"font-family: Verdana, sans-serif;\"><span style=\"font-size: medium;\"><a href=\"https:\/\/ismfrance.org\/wp-content\/uploads\/2025\/05\/hameau.png\"><img loading=\"lazy\" decoding=\"async\" class=\"size-large wp-image-20843 aligncenter\" src=\"https:\/\/ismfrance.org\/wp-content\/uploads\/2025\/05\/hameau-700x521.png\" alt=\"\" width=\"600\" height=\"447\" srcset=\"https:\/\/ismfrance.org\/wp-content\/uploads\/2025\/05\/hameau-700x521.png 700w, https:\/\/ismfrance.org\/wp-content\/uploads\/2025\/05\/hameau-300x223.png 300w, https:\/\/ismfrance.org\/wp-content\/uploads\/2025\/05\/hameau.png 748w\" sizes=\"auto, (max-width: 600px) 100vw, 600px\" \/><\/a>Hier soir, les habitants de Khalet al-Daba&rsquo;a ont interjet\u00e9 appel en urgence apr\u00e8s que les colons aient expuls\u00e9 deux familles des grottes o\u00f9 ils vivaient, se soient empar\u00e9 de ces grottes et travaillent depuis \u00e0 l&rsquo;\u00e9tablissement d&rsquo;un nouvel avant-poste sur le site.<\/span><\/span><\/span><\/p>\n<p><span style=\"color: #000000;\"><span style=\"font-family: Verdana, sans-serif;\"><span style=\"font-size: medium;\">En fait, le tribunal autorise le transfert forc\u00e9 de la population de villages entiers sous pr\u00e9texte que la terre est n\u00e9cessaire pour l&rsquo;entra\u00eenement militaire. Pourtant, quand les Isra\u00e9liens s&rsquo;y installent, la zone devient soudainement \u00ab terre publique \u00bb o\u00f9 l&rsquo;implantation et la construction sont autoris\u00e9es. Nous nous souvenons de la citation d&rsquo;Ariel Sharon, qui a d\u00e9clar\u00e9 : \u00ab Les zones de tir ont \u00e9t\u00e9 saisies dans un but : comme r\u00e9serve de terres pour la colonisation.\u00a0\u00bb<\/span><\/span><\/span><\/p>\n<div id=\"attachment_20844\" style=\"width: 610px\" class=\"wp-caption aligncenter\"><a href=\"https:\/\/ismfrance.org\/wp-content\/uploads\/2025\/05\/hameau1.png\"><img loading=\"lazy\" decoding=\"async\" aria-describedby=\"caption-attachment-20844\" class=\"wp-image-20844 size-large\" src=\"https:\/\/ismfrance.org\/wp-content\/uploads\/2025\/05\/hameau1-700x650.png\" alt=\"\" width=\"600\" height=\"557\" srcset=\"https:\/\/ismfrance.org\/wp-content\/uploads\/2025\/05\/hameau1-700x650.png 700w, https:\/\/ismfrance.org\/wp-content\/uploads\/2025\/05\/hameau1-300x279.png 300w, https:\/\/ismfrance.org\/wp-content\/uploads\/2025\/05\/hameau1.png 747w\" sizes=\"auto, (max-width: 600px) 100vw, 600px\" \/><\/a><p id=\"caption-attachment-20844\" class=\"wp-caption-text\"><em><strong>La tactique d&rsquo;encerclement pour nettoyer ethniquement un territoire.<\/strong><\/em><\/p><\/div>\n<p><span style=\"color: #000000;\"><span style=\"font-family: Verdana, sans-serif;\"><span style=\"font-size: medium;\">La zone en question contient huit anciens villages palestiniens et ces derni\u00e8res ann\u00e9es, plus de dix avant-postes isra\u00e9liens ill\u00e9gaux ont \u00e9t\u00e9 construits autour d&rsquo;eux, o\u00f9 des constructions ill\u00e9gales sont constamment en cours, accompagn\u00e9es et s\u00e9curis\u00e9es par l&rsquo;arm\u00e9e et la police.<\/span><\/span><\/span><\/p>\n<p><span style=\"color: #000000;\"><span style=\"font-family: Verdana, sans-serif;\"><span style=\"font-size: medium;\">Les pogroms, les lynchages, les vols, les dommages graves \u00e0 l&rsquo;agriculture et les menaces arm\u00e9es sont devenus la r\u00e9alit\u00e9 quotidienne pour plus d&rsquo;un millier d&rsquo;habitants de la r\u00e9gion &#8211; tout cela gr\u00e2ce au syst\u00e8me judiciaire isra\u00e9lien, dont le but a toujours \u00e9t\u00e9 de blanchir les crimes de guerre commis par l&rsquo;\u00c9tat d&rsquo;Isra\u00ebl.<\/span><\/span><\/span><\/p>\n<p><em><strong><span style=\"color: #000000;\"><span style=\"font-family: Verdana, sans-serif;\"><span style=\"font-size: medium;\">Article original en anglais d&rsquo;<a href=\"https:\/\/www.instagram.com\/p\/DKKFBB1N2iK\/?img_index=4&amp;igsh=cHBwZzV3bzBmYzB5\">ISM-Palestine, Kivsa Shchora et alii<\/a> \/ Traduction MR<\/span><\/span><\/span><\/strong><\/em><\/p>\n<div class=\"x9f619 xjbqb8w x1rg5ohu x168nmei x13lgxp2 x5pf9jr xo71vjh x1uhb9sk x1plvlek xryxfnj x1c4vz4f x2lah0s xdt5ytf xqjyukv x1qjc9v5 x1oa3qoh x1nhvcw1\"><\/div>\n","protected":false},"excerpt":{"rendered":"<p>ISM-Palestine, 27 mai 2025. La d\u00e9cision de justice isra\u00e9lienne autorise donc les colons \u00e0 \u00e9tablir un nouvel avant-poste \u00e0 l&rsquo;extr\u00e9mit\u00e9 du village de Khalet al-Daba&rsquo;a, apr\u00e8s que le tribunal ait <a class=\"more-link\" href=\"https:\/\/ismfrance.org\/index.php\/2025\/05\/28\/khaket-al-dabaa-dans-la-region-de-masafer-yatta-menace-de-nettoyage-ethnique\/\">Lire la suite &rarr;<\/a><\/p>\n","protected":false},"author":3,"featured_media":20844,"comment_status":"closed","ping_status":"closed","sticky":false,"template":"","format":"standard","meta":{"footnotes":""},"categories":[2,13],"tags":[45],"class_list":["post-20842","post","type-post","status-publish","format-standard","has-post-thumbnail","hentry","category-articles","category-temoignages","tag-nettoyage-ethnique"],"yoast_head":"<!-- This site is optimized with the Yoast SEO plugin v27.2 - https:\/\/yoast.com\/product\/yoast-seo-wordpress\/ -->\n<title>Khaket al-Daba&#039;a, dans la r\u00e9gion de Masafer Yatta, menac\u00e9 de nettoyage ethnique - International Solidarity Movement - ISM-France<\/title>\n<meta name=\"robots\" content=\"index, follow, max-snippet:-1, max-image-preview:large, max-video-preview:-1\" \/>\n<link rel=\"canonical\" href=\"https:\/\/ismfrance.org\/index.php\/2025\/05\/28\/khaket-al-dabaa-dans-la-region-de-masafer-yatta-menace-de-nettoyage-ethnique\/\" \/>\n<meta property=\"og:locale\" content=\"fr_FR\" \/>\n<meta property=\"og:type\" content=\"article\" \/>\n<meta property=\"og:title\" content=\"Khaket al-Daba&#039;a, dans la r\u00e9gion de Masafer Yatta, menac\u00e9 de nettoyage ethnique - International Solidarity Movement - ISM-France\" \/>\n<meta property=\"og:description\" content=\"ISM-Palestine, 27 mai 2025. La d\u00e9cision de justice isra\u00e9lienne autorise donc les colons \u00e0 \u00e9tablir un nouvel avant-poste \u00e0 l&rsquo;extr\u00e9mit\u00e9 du village de Khalet al-Daba&rsquo;a, apr\u00e8s que le tribunal ait Lire la suite &rarr;\" \/>\n<meta property=\"og:url\" content=\"https:\/\/ismfrance.org\/index.php\/2025\/05\/28\/khaket-al-dabaa-dans-la-region-de-masafer-yatta-menace-de-nettoyage-ethnique\/\" \/>\n<meta property=\"og:site_name\" content=\"International Solidarity Movement - ISM-France\" \/>\n<meta property=\"article:published_time\" content=\"2025-05-28T16:13:15+00:00\" \/>\n<meta property=\"article:modified_time\" content=\"2025-05-28T16:15:05+00:00\" \/>\n<meta property=\"og:image\" content=\"https:\/\/ismfrance.org\/wp-content\/uploads\/2025\/05\/hameau1.png\" \/>\n\t<meta property=\"og:image:width\" content=\"747\" \/>\n\t<meta property=\"og:image:height\" content=\"694\" \/>\n\t<meta property=\"og:image:type\" content=\"image\/png\" \/>\n<meta name=\"author\" content=\"mru_01\" \/>\n<meta name=\"twitter:card\" content=\"summary_large_image\" \/>\n<meta name=\"twitter:creator\" content=\"@ISMFRANCE\" \/>\n<meta name=\"twitter:site\" content=\"@ISMFRANCE\" \/>\n<meta name=\"twitter:label1\" content=\"\u00c9crit par\" \/>\n\t<meta name=\"twitter:data1\" content=\"mru_01\" \/>\n\t<meta name=\"twitter:label2\" content=\"Dur\u00e9e de lecture estim\u00e9e\" \/>\n\t<meta name=\"twitter:data2\" content=\"3 minutes\" \/>\n<script type=\"application\/ld+json\" class=\"yoast-schema-graph\">{\"@context\":\"https:\/\/schema.org\",\"@graph\":[{\"@type\":\"Article\",\"@id\":\"https:\/\/ismfrance.org\/index.php\/2025\/05\/28\/khaket-al-dabaa-dans-la-region-de-masafer-yatta-menace-de-nettoyage-ethnique\/#article\",\"isPartOf\":{\"@id\":\"https:\/\/ismfrance.org\/index.php\/2025\/05\/28\/khaket-al-dabaa-dans-la-region-de-masafer-yatta-menace-de-nettoyage-ethnique\/\"},\"author\":{\"name\":\"mru_01\",\"@id\":\"https:\/\/ismfrance.org\/#\/schema\/person\/3c411eb72adfaae19c0dca1f41fae01d\"},\"headline\":\"Khaket al-Daba&rsquo;a, dans la r\u00e9gion de Masafer Yatta, menac\u00e9 de nettoyage ethnique\",\"datePublished\":\"2025-05-28T16:13:15+00:00\",\"dateModified\":\"2025-05-28T16:15:05+00:00\",\"mainEntityOfPage\":{\"@id\":\"https:\/\/ismfrance.org\/index.php\/2025\/05\/28\/khaket-al-dabaa-dans-la-region-de-masafer-yatta-menace-de-nettoyage-ethnique\/\"},\"wordCount\":334,\"publisher\":{\"@id\":\"https:\/\/ismfrance.org\/#organization\"},\"image\":{\"@id\":\"https:\/\/ismfrance.org\/index.php\/2025\/05\/28\/khaket-al-dabaa-dans-la-region-de-masafer-yatta-menace-de-nettoyage-ethnique\/#primaryimage\"},\"thumbnailUrl\":\"https:\/\/ismfrance.org\/wp-content\/uploads\/2025\/05\/hameau1.png\",\"keywords\":[\"nettoyage ethnique\"],\"articleSection\":[\"Articles\",\"T\u00e9moignages\"],\"inLanguage\":\"fr-FR\"},{\"@type\":\"WebPage\",\"@id\":\"https:\/\/ismfrance.org\/index.php\/2025\/05\/28\/khaket-al-dabaa-dans-la-region-de-masafer-yatta-menace-de-nettoyage-ethnique\/\",\"url\":\"https:\/\/ismfrance.org\/index.php\/2025\/05\/28\/khaket-al-dabaa-dans-la-region-de-masafer-yatta-menace-de-nettoyage-ethnique\/\",\"name\":\"Khaket al-Daba'a, dans la r\u00e9gion de Masafer Yatta, menac\u00e9 de nettoyage ethnique - International Solidarity Movement - ISM-France\",\"isPartOf\":{\"@id\":\"https:\/\/ismfrance.org\/#website\"},\"primaryImageOfPage\":{\"@id\":\"https:\/\/ismfrance.org\/index.php\/2025\/05\/28\/khaket-al-dabaa-dans-la-region-de-masafer-yatta-menace-de-nettoyage-ethnique\/#primaryimage\"},\"image\":{\"@id\":\"https:\/\/ismfrance.org\/index.php\/2025\/05\/28\/khaket-al-dabaa-dans-la-region-de-masafer-yatta-menace-de-nettoyage-ethnique\/#primaryimage\"},\"thumbnailUrl\":\"https:\/\/ismfrance.org\/wp-content\/uploads\/2025\/05\/hameau1.png\",\"datePublished\":\"2025-05-28T16:13:15+00:00\",\"dateModified\":\"2025-05-28T16:15:05+00:00\",\"breadcrumb\":{\"@id\":\"https:\/\/ismfrance.org\/index.php\/2025\/05\/28\/khaket-al-dabaa-dans-la-region-de-masafer-yatta-menace-de-nettoyage-ethnique\/#breadcrumb\"},\"inLanguage\":\"fr-FR\",\"potentialAction\":[{\"@type\":\"ReadAction\",\"target\":[\"https:\/\/ismfrance.org\/index.php\/2025\/05\/28\/khaket-al-dabaa-dans-la-region-de-masafer-yatta-menace-de-nettoyage-ethnique\/\"]}]},{\"@type\":\"ImageObject\",\"inLanguage\":\"fr-FR\",\"@id\":\"https:\/\/ismfrance.org\/index.php\/2025\/05\/28\/khaket-al-dabaa-dans-la-region-de-masafer-yatta-menace-de-nettoyage-ethnique\/#primaryimage\",\"url\":\"https:\/\/ismfrance.org\/wp-content\/uploads\/2025\/05\/hameau1.png\",\"contentUrl\":\"https:\/\/ismfrance.org\/wp-content\/uploads\/2025\/05\/hameau1.png\",\"width\":747,\"height\":694},{\"@type\":\"BreadcrumbList\",\"@id\":\"https:\/\/ismfrance.org\/index.php\/2025\/05\/28\/khaket-al-dabaa-dans-la-region-de-masafer-yatta-menace-de-nettoyage-ethnique\/#breadcrumb\",\"itemListElement\":[{\"@type\":\"ListItem\",\"position\":1,\"name\":\"Accueil\",\"item\":\"https:\/\/ismfrance.org\/\"},{\"@type\":\"ListItem\",\"position\":2,\"name\":\"Khaket al-Daba&rsquo;a, dans la r\u00e9gion de Masafer Yatta, menac\u00e9 de nettoyage ethnique\"}]},{\"@type\":\"WebSite\",\"@id\":\"https:\/\/ismfrance.org\/#website\",\"url\":\"https:\/\/ismfrance.org\/\",\"name\":\"ISM Palestine France\",\"description\":\"Soutien aux luttes de lib\u00e9ration du peuple palestinien\",\"publisher\":{\"@id\":\"https:\/\/ismfrance.org\/#organization\"},\"potentialAction\":[{\"@type\":\"SearchAction\",\"target\":{\"@type\":\"EntryPoint\",\"urlTemplate\":\"https:\/\/ismfrance.org\/?s={search_term_string}\"},\"query-input\":{\"@type\":\"PropertyValueSpecification\",\"valueRequired\":true,\"valueName\":\"search_term_string\"}}],\"inLanguage\":\"fr-FR\"},{\"@type\":\"Organization\",\"@id\":\"https:\/\/ismfrance.org\/#organization\",\"name\":\"International Solidarity Movement\",\"url\":\"https:\/\/ismfrance.org\/\",\"logo\":{\"@type\":\"ImageObject\",\"inLanguage\":\"fr-FR\",\"@id\":\"https:\/\/ismfrance.org\/#\/schema\/logo\/image\/\",\"url\":\"https:\/\/ismfrance.org\/wp-content\/uploads\/2020\/12\/00.png\",\"contentUrl\":\"https:\/\/ismfrance.org\/wp-content\/uploads\/2020\/12\/00.png\",\"width\":400,\"height\":400,\"caption\":\"International Solidarity Movement\"},\"image\":{\"@id\":\"https:\/\/ismfrance.org\/#\/schema\/logo\/image\/\"},\"sameAs\":[\"https:\/\/x.com\/ISMFRANCE\"]},{\"@type\":\"Person\",\"@id\":\"https:\/\/ismfrance.org\/#\/schema\/person\/3c411eb72adfaae19c0dca1f41fae01d\",\"name\":\"mru_01\",\"image\":{\"@type\":\"ImageObject\",\"inLanguage\":\"fr-FR\",\"@id\":\"https:\/\/secure.gravatar.com\/avatar\/3a0be343b445d2ccc79e87444a294fad2b232e90d2051d0e3cc219e1ecd6a330?s=96&d=mm&r=g\",\"url\":\"https:\/\/secure.gravatar.com\/avatar\/3a0be343b445d2ccc79e87444a294fad2b232e90d2051d0e3cc219e1ecd6a330?s=96&d=mm&r=g\",\"contentUrl\":\"https:\/\/secure.gravatar.com\/avatar\/3a0be343b445d2ccc79e87444a294fad2b232e90d2051d0e3cc219e1ecd6a330?s=96&d=mm&r=g\",\"caption\":\"mru_01\"},\"url\":\"https:\/\/ismfrance.org\/index.php\/author\/admin02\/\"}]}<\/script>\n<!-- \/ Yoast SEO plugin. -->","yoast_head_json":{"title":"Khaket al-Daba'a, dans la r\u00e9gion de Masafer Yatta, menac\u00e9 de nettoyage ethnique - International Solidarity Movement - ISM-France","robots":{"index":"index","follow":"follow","max-snippet":"max-snippet:-1","max-image-preview":"max-image-preview:large","max-video-preview":"max-video-preview:-1"},"canonical":"https:\/\/ismfrance.org\/index.php\/2025\/05\/28\/khaket-al-dabaa-dans-la-region-de-masafer-yatta-menace-de-nettoyage-ethnique\/","og_locale":"fr_FR","og_type":"article","og_title":"Khaket al-Daba'a, dans la r\u00e9gion de Masafer Yatta, menac\u00e9 de nettoyage ethnique - International Solidarity Movement - ISM-France","og_description":"ISM-Palestine, 27 mai 2025. La d\u00e9cision de justice isra\u00e9lienne autorise donc les colons \u00e0 \u00e9tablir un nouvel avant-poste \u00e0 l&rsquo;extr\u00e9mit\u00e9 du village de Khalet al-Daba&rsquo;a, apr\u00e8s que le tribunal ait Lire la suite &rarr;","og_url":"https:\/\/ismfrance.org\/index.php\/2025\/05\/28\/khaket-al-dabaa-dans-la-region-de-masafer-yatta-menace-de-nettoyage-ethnique\/","og_site_name":"International Solidarity Movement - ISM-France","article_published_time":"2025-05-28T16:13:15+00:00","article_modified_time":"2025-05-28T16:15:05+00:00","og_image":[{"width":747,"height":694,"url":"https:\/\/ismfrance.org\/wp-content\/uploads\/2025\/05\/hameau1.png","type":"image\/png"}],"author":"mru_01","twitter_card":"summary_large_image","twitter_creator":"@ISMFRANCE","twitter_site":"@ISMFRANCE","twitter_misc":{"\u00c9crit par":"mru_01","Dur\u00e9e de lecture estim\u00e9e":"3 minutes"},"schema":{"@context":"https:\/\/schema.org","@graph":[{"@type":"Article","@id":"https:\/\/ismfrance.org\/index.php\/2025\/05\/28\/khaket-al-dabaa-dans-la-region-de-masafer-yatta-menace-de-nettoyage-ethnique\/#article","isPartOf":{"@id":"https:\/\/ismfrance.org\/index.php\/2025\/05\/28\/khaket-al-dabaa-dans-la-region-de-masafer-yatta-menace-de-nettoyage-ethnique\/"},"author":{"name":"mru_01","@id":"https:\/\/ismfrance.org\/#\/schema\/person\/3c411eb72adfaae19c0dca1f41fae01d"},"headline":"Khaket al-Daba&rsquo;a, dans la r\u00e9gion de Masafer Yatta, menac\u00e9 de nettoyage ethnique","datePublished":"2025-05-28T16:13:15+00:00","dateModified":"2025-05-28T16:15:05+00:00","mainEntityOfPage":{"@id":"https:\/\/ismfrance.org\/index.php\/2025\/05\/28\/khaket-al-dabaa-dans-la-region-de-masafer-yatta-menace-de-nettoyage-ethnique\/"},"wordCount":334,"publisher":{"@id":"https:\/\/ismfrance.org\/#organization"},"image":{"@id":"https:\/\/ismfrance.org\/index.php\/2025\/05\/28\/khaket-al-dabaa-dans-la-region-de-masafer-yatta-menace-de-nettoyage-ethnique\/#primaryimage"},"thumbnailUrl":"https:\/\/ismfrance.org\/wp-content\/uploads\/2025\/05\/hameau1.png","keywords":["nettoyage ethnique"],"articleSection":["Articles","T\u00e9moignages"],"inLanguage":"fr-FR"},{"@type":"WebPage","@id":"https:\/\/ismfrance.org\/index.php\/2025\/05\/28\/khaket-al-dabaa-dans-la-region-de-masafer-yatta-menace-de-nettoyage-ethnique\/","url":"https:\/\/ismfrance.org\/index.php\/2025\/05\/28\/khaket-al-dabaa-dans-la-region-de-masafer-yatta-menace-de-nettoyage-ethnique\/","name":"Khaket al-Daba'a, dans la r\u00e9gion de Masafer Yatta, menac\u00e9 de nettoyage ethnique - International Solidarity Movement - ISM-France","isPartOf":{"@id":"https:\/\/ismfrance.org\/#website"},"primaryImageOfPage":{"@id":"https:\/\/ismfrance.org\/index.php\/2025\/05\/28\/khaket-al-dabaa-dans-la-region-de-masafer-yatta-menace-de-nettoyage-ethnique\/#primaryimage"},"image":{"@id":"https:\/\/ismfrance.org\/index.php\/2025\/05\/28\/khaket-al-dabaa-dans-la-region-de-masafer-yatta-menace-de-nettoyage-ethnique\/#primaryimage"},"thumbnailUrl":"https:\/\/ismfrance.org\/wp-content\/uploads\/2025\/05\/hameau1.png","datePublished":"2025-05-28T16:13:15+00:00","dateModified":"2025-05-28T16:15:05+00:00","breadcrumb":{"@id":"https:\/\/ismfrance.org\/index.php\/2025\/05\/28\/khaket-al-dabaa-dans-la-region-de-masafer-yatta-menace-de-nettoyage-ethnique\/#breadcrumb"},"inLanguage":"fr-FR","potentialAction":[{"@type":"ReadAction","target":["https:\/\/ismfrance.org\/index.php\/2025\/05\/28\/khaket-al-dabaa-dans-la-region-de-masafer-yatta-menace-de-nettoyage-ethnique\/"]}]},{"@type":"ImageObject","inLanguage":"fr-FR","@id":"https:\/\/ismfrance.org\/index.php\/2025\/05\/28\/khaket-al-dabaa-dans-la-region-de-masafer-yatta-menace-de-nettoyage-ethnique\/#primaryimage","url":"https:\/\/ismfrance.org\/wp-content\/uploads\/2025\/05\/hameau1.png","contentUrl":"https:\/\/ismfrance.org\/wp-content\/uploads\/2025\/05\/hameau1.png","width":747,"height":694},{"@type":"BreadcrumbList","@id":"https:\/\/ismfrance.org\/index.php\/2025\/05\/28\/khaket-al-dabaa-dans-la-region-de-masafer-yatta-menace-de-nettoyage-ethnique\/#breadcrumb","itemListElement":[{"@type":"ListItem","position":1,"name":"Accueil","item":"https:\/\/ismfrance.org\/"},{"@type":"ListItem","position":2,"name":"Khaket al-Daba&rsquo;a, dans la r\u00e9gion de Masafer Yatta, menac\u00e9 de nettoyage ethnique"}]},{"@type":"WebSite","@id":"https:\/\/ismfrance.org\/#website","url":"https:\/\/ismfrance.org\/","name":"ISM Palestine France","description":"Soutien aux luttes de lib\u00e9ration du peuple palestinien","publisher":{"@id":"https:\/\/ismfrance.org\/#organization"},"potentialAction":[{"@type":"SearchAction","target":{"@type":"EntryPoint","urlTemplate":"https:\/\/ismfrance.org\/?s={search_term_string}"},"query-input":{"@type":"PropertyValueSpecification","valueRequired":true,"valueName":"search_term_string"}}],"inLanguage":"fr-FR"},{"@type":"Organization","@id":"https:\/\/ismfrance.org\/#organization","name":"International Solidarity Movement","url":"https:\/\/ismfrance.org\/","logo":{"@type":"ImageObject","inLanguage":"fr-FR","@id":"https:\/\/ismfrance.org\/#\/schema\/logo\/image\/","url":"https:\/\/ismfrance.org\/wp-content\/uploads\/2020\/12\/00.png","contentUrl":"https:\/\/ismfrance.org\/wp-content\/uploads\/2020\/12\/00.png","width":400,"height":400,"caption":"International Solidarity Movement"},"image":{"@id":"https:\/\/ismfrance.org\/#\/schema\/logo\/image\/"},"sameAs":["https:\/\/x.com\/ISMFRANCE"]},{"@type":"Person","@id":"https:\/\/ismfrance.org\/#\/schema\/person\/3c411eb72adfaae19c0dca1f41fae01d","name":"mru_01","image":{"@type":"ImageObject","inLanguage":"fr-FR","@id":"https:\/\/secure.gravatar.com\/avatar\/3a0be343b445d2ccc79e87444a294fad2b232e90d2051d0e3cc219e1ecd6a330?s=96&d=mm&r=g","url":"https:\/\/secure.gravatar.com\/avatar\/3a0be343b445d2ccc79e87444a294fad2b232e90d2051d0e3cc219e1ecd6a330?s=96&d=mm&r=g","contentUrl":"https:\/\/secure.gravatar.com\/avatar\/3a0be343b445d2ccc79e87444a294fad2b232e90d2051d0e3cc219e1ecd6a330?s=96&d=mm&r=g","caption":"mru_01"},"url":"https:\/\/ismfrance.org\/index.php\/author\/admin02\/"}]}},"_links":{"self":[{"href":"https:\/\/ismfrance.org\/index.php\/wp-json\/wp\/v2\/posts\/20842","targetHints":{"allow":["GET"]}}],"collection":[{"href":"https:\/\/ismfrance.org\/index.php\/wp-json\/wp\/v2\/posts"}],"about":[{"href":"https:\/\/ismfrance.org\/index.php\/wp-json\/wp\/v2\/types\/post"}],"author":[{"embeddable":true,"href":"https:\/\/ismfrance.org\/index.php\/wp-json\/wp\/v2\/users\/3"}],"replies":[{"embeddable":true,"href":"https:\/\/ismfrance.org\/index.php\/wp-json\/wp\/v2\/comments?post=20842"}],"version-history":[{"count":0,"href":"https:\/\/ismfrance.org\/index.php\/wp-json\/wp\/v2\/posts\/20842\/revisions"}],"wp:featuredmedia":[{"embeddable":true,"href":"https:\/\/ismfrance.org\/index.php\/wp-json\/wp\/v2\/media\/20844"}],"wp:attachment":[{"href":"https:\/\/ismfrance.org\/index.php\/wp-json\/wp\/v2\/media?parent=20842"}],"wp:term":[{"taxonomy":"category","embeddable":true,"href":"https:\/\/ismfrance.org\/index.php\/wp-json\/wp\/v2\/categories?post=20842"},{"taxonomy":"post_tag","embeddable":true,"href":"https:\/\/ismfrance.org\/index.php\/wp-json\/wp\/v2\/tags?post=20842"}],"curies":[{"name":"wp","href":"https:\/\/api.w.org\/{rel}","templated":true}]}}