{"id":20573,"date":"2025-05-21T09:43:34","date_gmt":"2025-05-21T07:43:34","guid":{"rendered":"https:\/\/ismfrance.org\/?p=20573"},"modified":"2025-05-21T09:44:44","modified_gmt":"2025-05-21T07:44:44","slug":"plus-rien-a-jabaliya-catastrophes-sans-fin-dans-un-camp-de-refugies-assiege","status":"publish","type":"post","link":"https:\/\/ismfrance.org\/index.php\/2025\/05\/21\/plus-rien-a-jabaliya-catastrophes-sans-fin-dans-un-camp-de-refugies-assiege\/","title":{"rendered":"\u00ab Plus rien \u00e0 Jabaliya \u00bb : Catastrophes sans fin dans un camp de r\u00e9fugi\u00e9s assi\u00e9g\u00e9"},"content":{"rendered":"<p><span style=\"color: #000000;\"><span style=\"font-family: Verdana, sans-serif;\"><span style=\"font-size: medium;\">20 mai 2025. <em>La guerre d&rsquo;extermination isra\u00e9lienne \u00e0 Gaza approche de son apog\u00e9e. Ces derniers jours, l&rsquo;arm\u00e9e isra\u00e9lienne a lanc\u00e9 une offensive massive, avec des frappes a\u00e9riennes quasi continues sur l&rsquo;enclave, une invasion terrestre et un blocus g\u00e9n\u00e9ralis\u00e9 sur la nourriture, le carburant et les m\u00e9dicaments, qui conduit des centaines de milliers de Palestiniens au bord de la famine.<\/em><\/span><\/span><\/span><\/p>\n<p><em><span style=\"color: #000000;\"><span style=\"font-family: Verdana, sans-serif;\"><span style=\"font-size: medium;\">Il s&rsquo;agit de l&rsquo;\u00ab Op\u00e9ration Chariots de G\u00e9d\u00e9on \u00bb, que le Premier ministre isra\u00e9lien Benjamin Netanyahou a d\u00e9crite comme la \u00ab derni\u00e8re \u00e9tape \u00bb \u00e0 Gaza. La solution finale.<\/span><\/span><\/span><\/em><\/p>\n<p><em><span style=\"color: #000000;\"><span style=\"font-family: Verdana, sans-serif;\"><span style=\"font-size: medium;\">L&rsquo;ampleur de l&rsquo;assaut est quasiment impossible \u00e0 quantifier. Dans la nuit et aujourd&rsquo;hui encore, des frappes men\u00e9es dans le nord du pays contre l&rsquo;\u00e9cole Musa Bin Nusair, dans la ville de Gaza, ont tu\u00e9 au moins 13 personnes, dont des enfants br\u00fbl\u00e9s vifs. \u00c0 Beit Lahia, les troupes isra\u00e9liennes assi\u00e8gent l&rsquo;H\u00f4pital indon\u00e9sien, ouvrant le feu sur les m\u00e9decins et les patients \u00e0 l&rsquo;aide de chars et de tireurs d&rsquo;\u00e9lite. Une frappe contre une habitation \u00e0 Deir al-Balah, dans le centre de la bande de Gaza, a fait au moins 12 morts. Au moins 15 personnes ont \u00e9t\u00e9 tu\u00e9es lors du bombardement d&rsquo;une station-service dans le camp de r\u00e9fugi\u00e9s de Nuseirat, au centre de Gaza. D&rsquo;autres frappes \u00e0 Khan Younis, dans le sud, ont fait au moins 10 morts. Ce bilan est incomplet d&rsquo;une demi-journ\u00e9e d&rsquo;horreur.<\/span><\/span><\/span><\/em><\/p>\n<p><em><span style=\"color: #000000;\"><span style=\"font-family: Verdana, sans-serif;\"><span style=\"font-size: medium;\">La tuerie est si incessante que le minist\u00e8re de la Sant\u00e9, dans son bulletin de l&rsquo;apr\u00e8s-midi publiant le nombre de morts et de bless\u00e9s confirm\u00e9s au cours des derni\u00e8res 24 heures, a \u00e9galement commenc\u00e9 \u00e0 inclure le nombre de morts depuis l&rsquo;aube du m\u00eame jour, afin de tenir le compte du nombre de victimes.<\/span><\/span><\/span><\/em><\/p>\n<p><em><span style=\"color: #000000;\"><span style=\"font-family: Verdana, sans-serif;\"><span style=\"font-size: medium;\">En milieu d&rsquo;apr\u00e8s-midi, 53 Palestiniens avaient d\u00e9j\u00e0 \u00e9t\u00e9 tu\u00e9s. Plus de 100 personnes sont tu\u00e9es chaque jour depuis plusieurs jours, les chiffres officiels \u00e9tant reconnus comme \u00e9tant sous-estim\u00e9s. L&rsquo;arm\u00e9e continue de d\u00e9livrer des ordres de d\u00e9placement massifs, dont un concernant une grande partie de Khan Younis, la deuxi\u00e8me ville de Gaza. Pr\u00e8s de 100.000 Palestiniens ont \u00e9t\u00e9 d\u00e9plac\u00e9s au cours des quatre derniers jours seulement.<\/span><\/span><\/span><\/em><\/p>\n<p><em><span style=\"color: #000000;\"><span style=\"font-family: Verdana, sans-serif;\"><span style=\"font-size: medium;\">L&rsquo;assaut g\u00e9nocidaire s&rsquo;est intensifi\u00e9 \u00e0 tel point qu&rsquo;il a m\u00eame incit\u00e9 les dirigeants du Royaume-Uni, de la France et du Canada \u00e0 publier une d\u00e9claration commune qualifiant \u00ab\u00a0le niveau de souffrance humaine \u00e0 Gaza\u2026 d&rsquo;intol\u00e9rable\u00a0\u00bb et mena\u00e7ant de prendre des \u00ab\u00a0mesures concr\u00e8tes\u00a0\u00bb si Isra\u00ebl ne mettait pas fin \u00e0 ses attaques et ne levait pas les restrictions d&rsquo;aide. Parall\u00e8lement, Adam Boehler, envoy\u00e9 sp\u00e9cial de Trump pour les affaires d&rsquo;otages, a r\u00e9it\u00e9r\u00e9 son soutien \u00e0 la nouvelle offensive militaire isra\u00e9lienne.<\/span><\/span><\/span><\/em><\/p>\n<p><em><span style=\"color: #000000;\"><span style=\"font-family: Verdana, sans-serif;\"><span style=\"font-size: medium;\">Hamza Salha est journaliste au camp de r\u00e9fugi\u00e9s de Jabaliya, d\u00e9j\u00e0 d\u00e9cim\u00e9 par la guerre et soumis \u00e0 de nouveaux ordres de d\u00e9placement militaires. Il a r\u00e9dig\u00e9 ce t\u00e9moignage personnel poignant pour Drop Site News, alors que les troupes terrestres isra\u00e9liennes progressent rapidement vers le camp.<\/span><\/span><\/span><\/em><\/p>\n<p><em><span style=\"color: #000000;\">\u2014 <span style=\"font-family: Verdana, sans-serif;\"><span style=\"font-size: medium;\">Sharif Abdel Kouddous, chef du bureau Moyen-Orient.<\/span><\/span><\/span><\/em><\/p>\n<p style=\"text-align: center;\">***<\/p>\n<div id=\"attachment_20577\" style=\"width: 610px\" class=\"wp-caption aligncenter\"><a href=\"https:\/\/ismfrance.org\/wp-content\/uploads\/2025\/05\/jabalia.webp\"><img loading=\"lazy\" decoding=\"async\" aria-describedby=\"caption-attachment-20577\" class=\"wp-image-20577 size-large\" src=\"https:\/\/ismfrance.org\/wp-content\/uploads\/2025\/05\/jabalia-700x525.webp\" alt=\"\" width=\"600\" height=\"450\" srcset=\"https:\/\/ismfrance.org\/wp-content\/uploads\/2025\/05\/jabalia-700x525.webp 700w, https:\/\/ismfrance.org\/wp-content\/uploads\/2025\/05\/jabalia-300x225.webp 300w, https:\/\/ismfrance.org\/wp-content\/uploads\/2025\/05\/jabalia-768x576.webp 768w, https:\/\/ismfrance.org\/wp-content\/uploads\/2025\/05\/jabalia-350x263.webp 350w, https:\/\/ismfrance.org\/wp-content\/uploads\/2025\/05\/jabalia-1320x990.webp 1320w, https:\/\/ismfrance.org\/wp-content\/uploads\/2025\/05\/jabalia.webp 1456w\" sizes=\"auto, (max-width: 600px) 100vw, 600px\" \/><\/a><p id=\"caption-attachment-20577\" class=\"wp-caption-text\">Vue du camp de r\u00e9fugi\u00e9s de Jabaliya depuis la chambre du journaliste Hamza Salha. Mai 2025. (Photo de Hamza Salha)<\/p><\/div>\n<p style=\"text-align: center;\"><strong><span style=\"color: #000000;\"><span style=\"font-family: Verdana, sans-serif;\"><span style=\"font-size: medium;\">HISTOIRE DE <a href=\"https:\/\/substack.com\/@hamzasalha?utm_campaign=guest_post_bio&amp;utm_medium=web\">HAMZA M. SALHA<\/a>, 20 mai 2025.<\/span><\/span><\/span><\/strong><\/p>\n<p><span style=\"color: #000000;\"><span style=\"font-family: Verdana, sans-serif;\"><span style=\"font-size: medium;\"><strong>Camp de r\u00e9fugi\u00e9s de Jabaliya, bande de Gaza<\/strong> \u2014 Pour la quatri\u00e8me fois, la machine de guerre isra\u00e9lienne revient d\u00e9truire ce qui a d\u00e9j\u00e0 \u00e9t\u00e9 d\u00e9truit dans le camp de r\u00e9fugi\u00e9s de Jabaliya. Il y a eu trois offensives terrestres isra\u00e9liennes depuis 2023\u00a0: de d\u00e9cembre 2023 \u00e0 fin janvier 2024\u00a0; puis une campagne d\u2019un mois \u00e0 partir du 11\u00a0mai\u00a0; et une autre qui a d\u00e9but\u00e9 le 6\u00a0octobre 2024 et s\u2019est achev\u00e9e par le \u00ab\u00a0cessez-le-feu\u00a0\u00bb temporaire de janvier 2025. \u00c0 chaque fois, l\u2019arm\u00e9e isra\u00e9lienne s\u2019est employ\u00e9e \u00e0 raser Jabaliya et \u00e0 la transformer en un d\u00e9sert aride.<\/span><\/span><\/span><\/p>\n<p><span style=\"color: #000000;\"><span style=\"font-family: Verdana, sans-serif;\"><span style=\"font-size: medium;\">J\u2019ai \u00e9t\u00e9 t\u00e9moin de toutes ces op\u00e9rations. Je vois les bombes retomber sur Jabaliya depuis ma fen\u00eatre, et j\u2019ai surv\u00e9cu jusqu\u2019\u00e0 pr\u00e9sent. J\u2019ai souffert de faim, trembl\u00e9 de peur et \u00e9t\u00e9 d\u00e9plac\u00e9 d\u2019innombrables fois. Je suis devenu expert en gestion de crise\u00a0: comment \u00e9chapper aux drones, quoi emporter dans un sac d\u2019\u00e9vacuation, quelles routes emprunter, comment suivre l\u2019avanc\u00e9e de l\u2019arm\u00e9e, et comment extraire les survivants et m\u2019extirper des d\u00e9combres. J\u2019ai port\u00e9 les os et les restes de martyrs dans mes mains. Je ne m\u00e8ne plus une vie normale, paisible et confortable. Je fais maintenant des r\u00eaves simples\u00a0: je dors toute la nuit et me r\u00e9veille pour prendre une douche \u00e0 l\u2019eau chaude.<\/span><\/span><\/span><\/p>\n<p><span style=\"color: #000000;\"><span style=\"font-family: Verdana, sans-serif;\"><span style=\"font-size: medium;\">Cela se produit \u00e0 chaque invasion terrestre. Mais ce n\u2019est pas suffisant. Aujourd\u2019hui, l\u2019arm\u00e9e renouvelle son agression contre Jabaliya, faisant la guerre \u00e0 la chair des enfants. Ils ont choisi le 15\u00a0mai \u2013 anniversaire de la Nakba \u2013 non seulement pour nous rappeler la catastrophe, mais pour nous la faire revivre. Le cauchemar de tout ce que j\u2019ai endur\u00e9 lors des pr\u00e9c\u00e9dentes invasions tourne en boucle dans mon esprit, paralysant ma capacit\u00e9 \u00e0 penser.<\/span><\/span><\/span><\/p>\n<div id=\"attachment_20578\" style=\"width: 610px\" class=\"wp-caption aligncenter\"><a href=\"https:\/\/ismfrance.org\/wp-content\/uploads\/2025\/05\/restes-humains-scaled.jpg\"><img loading=\"lazy\" decoding=\"async\" aria-describedby=\"caption-attachment-20578\" class=\"wp-image-20578 size-large\" src=\"https:\/\/ismfrance.org\/wp-content\/uploads\/2025\/05\/restes-humains-700x525.jpg\" alt=\"\" width=\"600\" height=\"450\" srcset=\"https:\/\/ismfrance.org\/wp-content\/uploads\/2025\/05\/restes-humains-700x525.jpg 700w, https:\/\/ismfrance.org\/wp-content\/uploads\/2025\/05\/restes-humains-300x225.jpg 300w, https:\/\/ismfrance.org\/wp-content\/uploads\/2025\/05\/restes-humains-768x576.jpg 768w, https:\/\/ismfrance.org\/wp-content\/uploads\/2025\/05\/restes-humains-1536x1152.jpg 1536w, https:\/\/ismfrance.org\/wp-content\/uploads\/2025\/05\/restes-humains-2048x1536.jpg 2048w, https:\/\/ismfrance.org\/wp-content\/uploads\/2025\/05\/restes-humains-350x263.jpg 350w, https:\/\/ismfrance.org\/wp-content\/uploads\/2025\/05\/restes-humains-1320x990.jpg 1320w\" sizes=\"auto, (max-width: 600px) 100vw, 600px\" \/><\/a><p id=\"caption-attachment-20578\" class=\"wp-caption-text\">Hamza Salha tenant des restes humains dans le camp de r\u00e9fugi\u00e9s de Jabaliya. Mai 2025. (Photo de Hamza Salha)<\/p><\/div>\n<p><span style=\"color: #000000;\"><span style=\"font-family: Verdana, sans-serif;\"><span style=\"font-size: medium;\">Une question me hante\u00a0: \u00ab<em>\u00a0Qu\u2019est-ce qu\u2019ils ont contre Jabaliya\u00a0? Que leur a fait Jabaliya\u00a0?<\/em>\u00a0\u00bb Il ne reste plus rien \u00e0 Jabaliya, rien que des d\u00e9combres et des tentes. Ils reviennent. Les soldats sont presque arriv\u00e9s au camp. C&rsquo;est comme si l&rsquo;id\u00e9e m\u00eame de se r\u00e9tablir ou de respirer nous \u00e9tait interdite. Depuis que la guerre a repris en mars et que toute aide a \u00e9t\u00e9 interrompue, je suis en proie \u00e0 une profonde d\u00e9pression et \u00e0 un stress intense. J&rsquo;ai \u00e9t\u00e9 bless\u00e9 au genou il y a quelque temps et la douleur me ronge. J&rsquo;ai mal \u00e0 la t\u00eate et aux dents \u00e0 cause de la malnutrition. J&rsquo;ai une infection aux yeux qui me donnent l&rsquo;impression qu&rsquo;ils vont \u00e9clater.<\/span><\/span><\/span><\/p>\n<p><span style=\"color: #000000;\"><span style=\"font-family: Verdana, sans-serif;\"><span style=\"font-size: medium;\">Tout cela n&rsquo;est rien compar\u00e9 au dos vo\u00fbt\u00e9 et au corps fragile de mon p\u00e8re. \u00c0 une \u00e9poque, mon p\u00e8re pouvait battre tous ses coll\u00e8gues au bras de fer. Je l&rsquo;ai d\u00e9fi\u00e9 cette semaine et j&rsquo;ai gagn\u00e9. C&rsquo;\u00e9tait la premi\u00e8re fois de ma vie que j&rsquo;avais le c\u0153ur bris\u00e9 par cette victoire. Au d\u00e9but, je n&rsquo;y croyais pas, alors je lui ai demand\u00e9\u00a0: \u00ab\u00a0<i>Tu n&rsquo;utilises pas toute ta force et tu essaies juste de me faire plaisir en me laissant gagner, n&rsquo;est-ce pas\u00a0?<\/i>\u00bb Il n&rsquo;a pas r\u00e9pondu.<\/span><\/span><\/span><\/p>\n<p><span style=\"color: #000000;\"><span style=\"font-family: Verdana, sans-serif;\"><span style=\"font-size: medium;\">Lorsqu&rsquo;un cessez-le-feu temporaire a \u00e9t\u00e9 annonc\u00e9 le 19\u00a0janvier, marquant la fin de la troisi\u00e8me incursion terrestre qui a dur\u00e9 pr\u00e8s de quatre mois, les habitants de l&rsquo;ouest de la ville de Gaza et du sud sont revenus \u00e0 Jabaliya apr\u00e8s leur d\u00e9placement. Ils ont v\u00e9cu dans des maisons \u00e0 moiti\u00e9 d\u00e9truites, sous les pentes des toits et dans des tentes qui ne les prot\u00e9geaient ni du froid hivernal ni de la chaleur estivale. Ils peinaient \u00e0 trouver de quoi manger, un seul litre d&rsquo;eau ou une lampe qui fonctionnait pour \u00e9clairer leurs nuits. Lorsque je suis rentr\u00e9 avec ma famille dans notre maison du camp de Jabaliya-Ouest en janvier, nous l&rsquo;avons trouv\u00e9e au bord de l&rsquo;effondrement. Six des quatorze colonnes de soutien \u00e9taient d\u00e9truites et l&rsquo;escalier avait \u00e9t\u00e9 bombard\u00e9. Nous n&rsquo;avons pu atteindre les \u00e9tages sup\u00e9rieurs avant d&rsquo;avoir remplac\u00e9 l&rsquo;escalier en b\u00e9ton par un escalier en bois. Depuis l&rsquo;escalade de l&rsquo;assaut le 15 mai, ma plus grande crainte est que la maison s&rsquo;effondre sous la puissance d&rsquo;une frappe proche. Je regarde les coins et les piliers et je dis : \u00ab <i>Que Dieu vous prot\u00e8ge ! Ne nous trahissez pas et ne nous tuez pas<\/i>. \u00bb<\/span><\/span><\/span><\/p>\n<p><span style=\"color: #000000;\"><span style=\"font-family: Verdana, sans-serif;\"><span style=\"font-size: medium;\">Jusqu&rsquo;\u00e0 pr\u00e9sent, ma survie dans cette guerre n&rsquo;a \u00e9t\u00e9 qu&rsquo;une fausse \u00e9vasion ; ou peut-\u00eatre une mort lente. Cette guerre sans fin ronge mon corps, mon \u00e2me et ma sant\u00e9 mentale jour apr\u00e8s jour. \u00c0 chaque frappe a\u00e9rienne isra\u00e9lienne sur Gaza, mon c\u0153ur tremble et me d\u00e9chire presque la poitrine. \u00c0 chaque missile, des tissus et des cellules de mon corps meurent, raccourcissant ma vie. Mon esprit est absorb\u00e9 par la recherche d&rsquo;un refuge s\u00fbr \u2013 un refuge qui n&rsquo;existe pas \u00e0 Gaza. C&rsquo;est comme si un brouillard enveloppait mon cerveau, m&#8217;emp\u00eachant de fonctionner normalement, de parler aux gens, d&rsquo;accomplir des t\u00e2ches simples.<\/span><\/span><\/span><\/p>\n<p><span style=\"color: #000000;\"><span style=\"font-family: Verdana, sans-serif;\"><span style=\"font-size: medium;\">La nuit de la Nakba, une nuit sans sommeil, l&rsquo;arm\u00e9e de l&rsquo;air bombardait la zone toutes les quatre minutes. J&rsquo;ai subi des frappes a\u00e9riennes tout au long de la guerre, mais les bombes ensevelissent d\u00e9sormais tant de maisons et d&rsquo;habitants dans de profonds et larges crat\u00e8res. Le ciel pleut des missiles et scintille d&rsquo;explosions. Je suis devenu hypersensible \u00e0 l&rsquo;odeur de la poudre \u00e0 canon et des bombes, une odeur qui m&rsquo;est rest\u00e9e en t\u00eate depuis le jour o\u00f9 j&rsquo;ai surv\u00e9cu \u00e0 la mort alors que j&rsquo;\u00e9tais bless\u00e9. Cette nuit a \u00e9t\u00e9 une descente aux enfers.<\/span><\/span><\/span><\/p>\n<div id=\"attachment_20580\" style=\"width: 610px\" class=\"wp-caption aligncenter\"><a href=\"https:\/\/ismfrance.org\/wp-content\/uploads\/2025\/05\/escalier-1-scaled.jpg\"><img loading=\"lazy\" decoding=\"async\" aria-describedby=\"caption-attachment-20580\" class=\"wp-image-20580 size-large\" src=\"https:\/\/ismfrance.org\/wp-content\/uploads\/2025\/05\/escalier-1-700x525.jpg\" alt=\"\" width=\"600\" height=\"450\" srcset=\"https:\/\/ismfrance.org\/wp-content\/uploads\/2025\/05\/escalier-1-700x525.jpg 700w, https:\/\/ismfrance.org\/wp-content\/uploads\/2025\/05\/escalier-1-300x225.jpg 300w, https:\/\/ismfrance.org\/wp-content\/uploads\/2025\/05\/escalier-1-768x576.jpg 768w, https:\/\/ismfrance.org\/wp-content\/uploads\/2025\/05\/escalier-1-1536x1152.jpg 1536w, https:\/\/ismfrance.org\/wp-content\/uploads\/2025\/05\/escalier-1-2048x1536.jpg 2048w, https:\/\/ismfrance.org\/wp-content\/uploads\/2025\/05\/escalier-1-350x263.jpg 350w, https:\/\/ismfrance.org\/wp-content\/uploads\/2025\/05\/escalier-1-1320x990.jpg 1320w\" sizes=\"auto, (max-width: 600px) 100vw, 600px\" \/><\/a><p id=\"caption-attachment-20580\" class=\"wp-caption-text\">Un escalier en bois construit par Hamza Salha et sa famille pour acc\u00e9der aux \u00e9tages sup\u00e9rieurs de leur maison endommag\u00e9e dans le camp de r\u00e9fugi\u00e9s de Jabaliya. Mai 2025. (Photo de Hamza Salha)<\/p><\/div>\n<p><span style=\"color: #000000;\"><span style=\"font-family: Verdana, sans-serif;\"><span style=\"font-size: medium;\">J&rsquo;ai attrap\u00e9 mon t\u00e9l\u00e9phone et commenc\u00e9 \u00e0 naviguer sur Internet. Le pr\u00e9sident am\u00e9ricain \u00e9tait au Qatar, et j&rsquo;\u00e9tais terrifi\u00e9, \u00e0 la recherche d&rsquo;informations sur un cessez-le-feu, un accord ou l&rsquo;arriv\u00e9e d&rsquo;aide \u00e0 Gaza. J&rsquo;ai parcouru Instagram et j&rsquo;ai vu des gens rire pendant leurs vacances quelque part. Cela m&rsquo;a mis en col\u00e8re \u2013 m\u00eame si je savais que ce n&rsquo;\u00e9tait pas leur faute \u2013 car la joie et le rire sont devenus un luxe pour moi, surtout lorsqu&rsquo;une publication de rires est suivie de l&rsquo;annonce de l&rsquo;extermination d&rsquo;une famille enti\u00e8re. Je ne me souviens m\u00eame pas de la derni\u00e8re fois o\u00f9 j&rsquo;ai ri de tout mon c\u0153ur.<\/span><\/span><\/span><\/p>\n<p><span style=\"color: #000000;\"><span style=\"font-family: Verdana, sans-serif;\"><span style=\"font-size: medium;\">D&rsquo;une mani\u00e8re ou d&rsquo;une autre, et gr\u00e2ce \u00e0 de nombreuses pri\u00e8res, ma famille et moi avons surv\u00e9cu \u00e0 cette nuit-l\u00e0. Mais le lendemain matin, j&rsquo;ai \u00e9t\u00e9 d\u00e9vast\u00e9 par la nouvelle du martyre de ma cousine Huda. Elle n&rsquo;avait qu&rsquo;une trentaine d&rsquo;ann\u00e9es. Le chagrin a envahi la maison et la tristesse s&rsquo;est grav\u00e9e sur le visage de mon p\u00e8re. Ses joues famili\u00e8res se sont affaiss\u00e9es. Huda avait \u00e9t\u00e9 d\u00e9plac\u00e9e chez le fr\u00e8re de son mari \u00e0 Beit Lahia apr\u00e8s la destruction de son appartement de la tour Al-Razan, dans le camp de Jabaliya. Selon des t\u00e9moins, lorsque les bombardements se sont intensifi\u00e9s, Huda, son mari et leurs trois enfants se sont pr\u00e9cipit\u00e9s pour \u00e9vacuer la maison. Son mari et ses enfants l&rsquo;ont pr\u00e9c\u00e9d\u00e9e, et juste au moment o\u00f9 elle la suivait, un obus d&rsquo;artillerie l&rsquo;a frapp\u00e9e et l&rsquo;a tu\u00e9e sur le coup.<\/span><\/span><\/span><\/p>\n<p><span style=\"color: #000000;\"><span style=\"font-family: Verdana, sans-serif;\"><span style=\"font-size: medium;\">Le corps de Huda a \u00e9t\u00e9 enterr\u00e9 au-dessus de celui de sa tante Zainab, d\u00e9c\u00e9d\u00e9e des ann\u00e9es auparavant. Il n&rsquo;y avait plus de place au cimeti\u00e8re pour creuser une nouvelle tombe. M\u00eame enterrer les morts est devenu difficile. Huda n&rsquo;\u00e9tait pas qu&rsquo;un num\u00e9ro. Ma tante a travaill\u00e9 dur pour s&rsquo;\u00e9lever, s&rsquo;honorer et s&rsquo;instruire jusqu&rsquo;\u00e0 exceller dans tous les domaines. Elle \u00e9tait gentille, intelligente et est finalement devenue institutrice dans les \u00e9coles primaires de l&rsquo;UNRWA.<\/span><\/span><\/span><\/p>\n<p><span style=\"color: #000000;\"><span style=\"font-family: Verdana, sans-serif;\"><span style=\"font-size: medium;\">Huda \u00e9tait comme une grande s\u0153ur pour moi. Je me souviens encore comment, enfant, elle jouait au volley-ball avec moi, me pr\u00e9parait des bonbons et me posait des questions intelligentes en arabe.<\/span><\/span><\/span><\/p>\n<p><span style=\"color: #000000;\"><span style=\"font-family: Verdana, sans-serif;\"><span style=\"font-size: medium;\">Que la mis\u00e9ricorde soit sur toi, ma cousine. Je jure que ton ongle vaut mille fois plus que ce monde immonde. Je t\u00e9moigne que tu es d\u00e9sormais dans un monde meilleur, loin de ce monde cruel, o\u00f9 il n&rsquo;y a ni guerre, ni meurtre, ni injustice.<\/span><\/span><\/span><\/p>\n<pre><em><strong><span style=\"color: #000000;\"><span style=\"font-family: Verdana, sans-serif;\"><span style=\"font-size: medium;\"><span style=\"font-size: small;\">Article original en anglais sur <a href=\"https:\/\/www.dropsitenews.com\/p\/jabaliya-gaza-israeli-ground-invasion\">Drop Site News<\/a> \/ Traduction MR<\/span><\/span><\/span><\/span><\/strong><\/em><\/pre>\n","protected":false},"excerpt":{"rendered":"<p>20 mai 2025. La guerre d&rsquo;extermination isra\u00e9lienne \u00e0 Gaza approche de son apog\u00e9e. Ces derniers jours, l&rsquo;arm\u00e9e isra\u00e9lienne a lanc\u00e9 une offensive massive, avec des frappes a\u00e9riennes quasi continues sur <a class=\"more-link\" href=\"https:\/\/ismfrance.org\/index.php\/2025\/05\/21\/plus-rien-a-jabaliya-catastrophes-sans-fin-dans-un-camp-de-refugies-assiege\/\">Lire la suite &rarr;<\/a><\/p>\n","protected":false},"author":3,"featured_media":20577,"comment_status":"closed","ping_status":"closed","sticky":false,"template":"","format":"standard","meta":{"footnotes":""},"categories":[2,13],"tags":[156],"class_list":["post-20573","post","type-post","status-publish","format-standard","has-post-thumbnail","hentry","category-articles","category-temoignages","tag-genocide"],"yoast_head":"<!-- This site is optimized with the Yoast SEO plugin v27.2 - https:\/\/yoast.com\/product\/yoast-seo-wordpress\/ -->\n<title>\u00ab Plus rien \u00e0 Jabaliya \u00bb : Catastrophes sans fin dans un camp de r\u00e9fugi\u00e9s assi\u00e9g\u00e9 - International Solidarity Movement - ISM-France<\/title>\n<meta name=\"robots\" content=\"index, follow, max-snippet:-1, max-image-preview:large, max-video-preview:-1\" \/>\n<link rel=\"canonical\" href=\"https:\/\/ismfrance.org\/index.php\/2025\/05\/21\/plus-rien-a-jabaliya-catastrophes-sans-fin-dans-un-camp-de-refugies-assiege\/\" \/>\n<meta property=\"og:locale\" content=\"fr_FR\" \/>\n<meta property=\"og:type\" content=\"article\" \/>\n<meta property=\"og:title\" content=\"\u00ab Plus rien \u00e0 Jabaliya \u00bb : Catastrophes sans fin dans un camp de r\u00e9fugi\u00e9s assi\u00e9g\u00e9 - International Solidarity Movement - ISM-France\" \/>\n<meta property=\"og:description\" content=\"20 mai 2025. La guerre d&rsquo;extermination isra\u00e9lienne \u00e0 Gaza approche de son apog\u00e9e. Ces derniers jours, l&rsquo;arm\u00e9e isra\u00e9lienne a lanc\u00e9 une offensive massive, avec des frappes a\u00e9riennes quasi continues sur Lire la suite &rarr;\" \/>\n<meta property=\"og:url\" content=\"https:\/\/ismfrance.org\/index.php\/2025\/05\/21\/plus-rien-a-jabaliya-catastrophes-sans-fin-dans-un-camp-de-refugies-assiege\/\" \/>\n<meta property=\"og:site_name\" content=\"International Solidarity Movement - ISM-France\" \/>\n<meta property=\"article:published_time\" content=\"2025-05-21T07:43:34+00:00\" \/>\n<meta property=\"article:modified_time\" content=\"2025-05-21T07:44:44+00:00\" \/>\n<meta property=\"og:image\" content=\"https:\/\/ismfrance.org\/wp-content\/uploads\/2025\/05\/jabalia.webp\" \/>\n\t<meta property=\"og:image:width\" content=\"1456\" \/>\n\t<meta property=\"og:image:height\" content=\"1092\" \/>\n\t<meta property=\"og:image:type\" content=\"image\/webp\" \/>\n<meta name=\"author\" content=\"mru_01\" \/>\n<meta name=\"twitter:card\" content=\"summary_large_image\" \/>\n<meta name=\"twitter:creator\" content=\"@ISMFRANCE\" \/>\n<meta name=\"twitter:site\" content=\"@ISMFRANCE\" \/>\n<meta name=\"twitter:label1\" content=\"\u00c9crit par\" \/>\n\t<meta name=\"twitter:data1\" content=\"mru_01\" \/>\n\t<meta name=\"twitter:label2\" content=\"Dur\u00e9e de lecture estim\u00e9e\" \/>\n\t<meta name=\"twitter:data2\" content=\"11 minutes\" \/>\n<script type=\"application\/ld+json\" class=\"yoast-schema-graph\">{\"@context\":\"https:\/\/schema.org\",\"@graph\":[{\"@type\":\"Article\",\"@id\":\"https:\/\/ismfrance.org\/index.php\/2025\/05\/21\/plus-rien-a-jabaliya-catastrophes-sans-fin-dans-un-camp-de-refugies-assiege\/#article\",\"isPartOf\":{\"@id\":\"https:\/\/ismfrance.org\/index.php\/2025\/05\/21\/plus-rien-a-jabaliya-catastrophes-sans-fin-dans-un-camp-de-refugies-assiege\/\"},\"author\":{\"name\":\"mru_01\",\"@id\":\"https:\/\/ismfrance.org\/#\/schema\/person\/3c411eb72adfaae19c0dca1f41fae01d\"},\"headline\":\"\u00ab Plus rien \u00e0 Jabaliya \u00bb : Catastrophes sans fin dans un camp de r\u00e9fugi\u00e9s assi\u00e9g\u00e9\",\"datePublished\":\"2025-05-21T07:43:34+00:00\",\"dateModified\":\"2025-05-21T07:44:44+00:00\",\"mainEntityOfPage\":{\"@id\":\"https:\/\/ismfrance.org\/index.php\/2025\/05\/21\/plus-rien-a-jabaliya-catastrophes-sans-fin-dans-un-camp-de-refugies-assiege\/\"},\"wordCount\":2113,\"publisher\":{\"@id\":\"https:\/\/ismfrance.org\/#organization\"},\"image\":{\"@id\":\"https:\/\/ismfrance.org\/index.php\/2025\/05\/21\/plus-rien-a-jabaliya-catastrophes-sans-fin-dans-un-camp-de-refugies-assiege\/#primaryimage\"},\"thumbnailUrl\":\"https:\/\/ismfrance.org\/wp-content\/uploads\/2025\/05\/jabalia.webp\",\"keywords\":[\"G\u00e9nocide\"],\"articleSection\":[\"Articles\",\"T\u00e9moignages\"],\"inLanguage\":\"fr-FR\"},{\"@type\":\"WebPage\",\"@id\":\"https:\/\/ismfrance.org\/index.php\/2025\/05\/21\/plus-rien-a-jabaliya-catastrophes-sans-fin-dans-un-camp-de-refugies-assiege\/\",\"url\":\"https:\/\/ismfrance.org\/index.php\/2025\/05\/21\/plus-rien-a-jabaliya-catastrophes-sans-fin-dans-un-camp-de-refugies-assiege\/\",\"name\":\"\u00ab Plus rien \u00e0 Jabaliya \u00bb : Catastrophes sans fin dans un camp de r\u00e9fugi\u00e9s assi\u00e9g\u00e9 - International Solidarity Movement - ISM-France\",\"isPartOf\":{\"@id\":\"https:\/\/ismfrance.org\/#website\"},\"primaryImageOfPage\":{\"@id\":\"https:\/\/ismfrance.org\/index.php\/2025\/05\/21\/plus-rien-a-jabaliya-catastrophes-sans-fin-dans-un-camp-de-refugies-assiege\/#primaryimage\"},\"image\":{\"@id\":\"https:\/\/ismfrance.org\/index.php\/2025\/05\/21\/plus-rien-a-jabaliya-catastrophes-sans-fin-dans-un-camp-de-refugies-assiege\/#primaryimage\"},\"thumbnailUrl\":\"https:\/\/ismfrance.org\/wp-content\/uploads\/2025\/05\/jabalia.webp\",\"datePublished\":\"2025-05-21T07:43:34+00:00\",\"dateModified\":\"2025-05-21T07:44:44+00:00\",\"breadcrumb\":{\"@id\":\"https:\/\/ismfrance.org\/index.php\/2025\/05\/21\/plus-rien-a-jabaliya-catastrophes-sans-fin-dans-un-camp-de-refugies-assiege\/#breadcrumb\"},\"inLanguage\":\"fr-FR\",\"potentialAction\":[{\"@type\":\"ReadAction\",\"target\":[\"https:\/\/ismfrance.org\/index.php\/2025\/05\/21\/plus-rien-a-jabaliya-catastrophes-sans-fin-dans-un-camp-de-refugies-assiege\/\"]}]},{\"@type\":\"ImageObject\",\"inLanguage\":\"fr-FR\",\"@id\":\"https:\/\/ismfrance.org\/index.php\/2025\/05\/21\/plus-rien-a-jabaliya-catastrophes-sans-fin-dans-un-camp-de-refugies-assiege\/#primaryimage\",\"url\":\"https:\/\/ismfrance.org\/wp-content\/uploads\/2025\/05\/jabalia.webp\",\"contentUrl\":\"https:\/\/ismfrance.org\/wp-content\/uploads\/2025\/05\/jabalia.webp\",\"width\":1456,\"height\":1092},{\"@type\":\"BreadcrumbList\",\"@id\":\"https:\/\/ismfrance.org\/index.php\/2025\/05\/21\/plus-rien-a-jabaliya-catastrophes-sans-fin-dans-un-camp-de-refugies-assiege\/#breadcrumb\",\"itemListElement\":[{\"@type\":\"ListItem\",\"position\":1,\"name\":\"Accueil\",\"item\":\"https:\/\/ismfrance.org\/\"},{\"@type\":\"ListItem\",\"position\":2,\"name\":\"\u00ab Plus rien \u00e0 Jabaliya \u00bb : Catastrophes sans fin dans un camp de r\u00e9fugi\u00e9s assi\u00e9g\u00e9\"}]},{\"@type\":\"WebSite\",\"@id\":\"https:\/\/ismfrance.org\/#website\",\"url\":\"https:\/\/ismfrance.org\/\",\"name\":\"ISM Palestine France\",\"description\":\"Soutien aux luttes de lib\u00e9ration du peuple palestinien\",\"publisher\":{\"@id\":\"https:\/\/ismfrance.org\/#organization\"},\"potentialAction\":[{\"@type\":\"SearchAction\",\"target\":{\"@type\":\"EntryPoint\",\"urlTemplate\":\"https:\/\/ismfrance.org\/?s={search_term_string}\"},\"query-input\":{\"@type\":\"PropertyValueSpecification\",\"valueRequired\":true,\"valueName\":\"search_term_string\"}}],\"inLanguage\":\"fr-FR\"},{\"@type\":\"Organization\",\"@id\":\"https:\/\/ismfrance.org\/#organization\",\"name\":\"International Solidarity Movement\",\"url\":\"https:\/\/ismfrance.org\/\",\"logo\":{\"@type\":\"ImageObject\",\"inLanguage\":\"fr-FR\",\"@id\":\"https:\/\/ismfrance.org\/#\/schema\/logo\/image\/\",\"url\":\"https:\/\/ismfrance.org\/wp-content\/uploads\/2020\/12\/00.png\",\"contentUrl\":\"https:\/\/ismfrance.org\/wp-content\/uploads\/2020\/12\/00.png\",\"width\":400,\"height\":400,\"caption\":\"International Solidarity Movement\"},\"image\":{\"@id\":\"https:\/\/ismfrance.org\/#\/schema\/logo\/image\/\"},\"sameAs\":[\"https:\/\/x.com\/ISMFRANCE\"]},{\"@type\":\"Person\",\"@id\":\"https:\/\/ismfrance.org\/#\/schema\/person\/3c411eb72adfaae19c0dca1f41fae01d\",\"name\":\"mru_01\",\"image\":{\"@type\":\"ImageObject\",\"inLanguage\":\"fr-FR\",\"@id\":\"https:\/\/secure.gravatar.com\/avatar\/3a0be343b445d2ccc79e87444a294fad2b232e90d2051d0e3cc219e1ecd6a330?s=96&d=mm&r=g\",\"url\":\"https:\/\/secure.gravatar.com\/avatar\/3a0be343b445d2ccc79e87444a294fad2b232e90d2051d0e3cc219e1ecd6a330?s=96&d=mm&r=g\",\"contentUrl\":\"https:\/\/secure.gravatar.com\/avatar\/3a0be343b445d2ccc79e87444a294fad2b232e90d2051d0e3cc219e1ecd6a330?s=96&d=mm&r=g\",\"caption\":\"mru_01\"},\"url\":\"https:\/\/ismfrance.org\/index.php\/author\/admin02\/\"}]}<\/script>\n<!-- \/ Yoast SEO plugin. -->","yoast_head_json":{"title":"\u00ab Plus rien \u00e0 Jabaliya \u00bb : Catastrophes sans fin dans un camp de r\u00e9fugi\u00e9s assi\u00e9g\u00e9 - International Solidarity Movement - ISM-France","robots":{"index":"index","follow":"follow","max-snippet":"max-snippet:-1","max-image-preview":"max-image-preview:large","max-video-preview":"max-video-preview:-1"},"canonical":"https:\/\/ismfrance.org\/index.php\/2025\/05\/21\/plus-rien-a-jabaliya-catastrophes-sans-fin-dans-un-camp-de-refugies-assiege\/","og_locale":"fr_FR","og_type":"article","og_title":"\u00ab Plus rien \u00e0 Jabaliya \u00bb : Catastrophes sans fin dans un camp de r\u00e9fugi\u00e9s assi\u00e9g\u00e9 - International Solidarity Movement - ISM-France","og_description":"20 mai 2025. La guerre d&rsquo;extermination isra\u00e9lienne \u00e0 Gaza approche de son apog\u00e9e. Ces derniers jours, l&rsquo;arm\u00e9e isra\u00e9lienne a lanc\u00e9 une offensive massive, avec des frappes a\u00e9riennes quasi continues sur Lire la suite &rarr;","og_url":"https:\/\/ismfrance.org\/index.php\/2025\/05\/21\/plus-rien-a-jabaliya-catastrophes-sans-fin-dans-un-camp-de-refugies-assiege\/","og_site_name":"International Solidarity Movement - ISM-France","article_published_time":"2025-05-21T07:43:34+00:00","article_modified_time":"2025-05-21T07:44:44+00:00","og_image":[{"width":1456,"height":1092,"url":"https:\/\/ismfrance.org\/wp-content\/uploads\/2025\/05\/jabalia.webp","type":"image\/webp"}],"author":"mru_01","twitter_card":"summary_large_image","twitter_creator":"@ISMFRANCE","twitter_site":"@ISMFRANCE","twitter_misc":{"\u00c9crit par":"mru_01","Dur\u00e9e de lecture estim\u00e9e":"11 minutes"},"schema":{"@context":"https:\/\/schema.org","@graph":[{"@type":"Article","@id":"https:\/\/ismfrance.org\/index.php\/2025\/05\/21\/plus-rien-a-jabaliya-catastrophes-sans-fin-dans-un-camp-de-refugies-assiege\/#article","isPartOf":{"@id":"https:\/\/ismfrance.org\/index.php\/2025\/05\/21\/plus-rien-a-jabaliya-catastrophes-sans-fin-dans-un-camp-de-refugies-assiege\/"},"author":{"name":"mru_01","@id":"https:\/\/ismfrance.org\/#\/schema\/person\/3c411eb72adfaae19c0dca1f41fae01d"},"headline":"\u00ab Plus rien \u00e0 Jabaliya \u00bb : Catastrophes sans fin dans un camp de r\u00e9fugi\u00e9s assi\u00e9g\u00e9","datePublished":"2025-05-21T07:43:34+00:00","dateModified":"2025-05-21T07:44:44+00:00","mainEntityOfPage":{"@id":"https:\/\/ismfrance.org\/index.php\/2025\/05\/21\/plus-rien-a-jabaliya-catastrophes-sans-fin-dans-un-camp-de-refugies-assiege\/"},"wordCount":2113,"publisher":{"@id":"https:\/\/ismfrance.org\/#organization"},"image":{"@id":"https:\/\/ismfrance.org\/index.php\/2025\/05\/21\/plus-rien-a-jabaliya-catastrophes-sans-fin-dans-un-camp-de-refugies-assiege\/#primaryimage"},"thumbnailUrl":"https:\/\/ismfrance.org\/wp-content\/uploads\/2025\/05\/jabalia.webp","keywords":["G\u00e9nocide"],"articleSection":["Articles","T\u00e9moignages"],"inLanguage":"fr-FR"},{"@type":"WebPage","@id":"https:\/\/ismfrance.org\/index.php\/2025\/05\/21\/plus-rien-a-jabaliya-catastrophes-sans-fin-dans-un-camp-de-refugies-assiege\/","url":"https:\/\/ismfrance.org\/index.php\/2025\/05\/21\/plus-rien-a-jabaliya-catastrophes-sans-fin-dans-un-camp-de-refugies-assiege\/","name":"\u00ab Plus rien \u00e0 Jabaliya \u00bb : Catastrophes sans fin dans un camp de r\u00e9fugi\u00e9s assi\u00e9g\u00e9 - International Solidarity Movement - ISM-France","isPartOf":{"@id":"https:\/\/ismfrance.org\/#website"},"primaryImageOfPage":{"@id":"https:\/\/ismfrance.org\/index.php\/2025\/05\/21\/plus-rien-a-jabaliya-catastrophes-sans-fin-dans-un-camp-de-refugies-assiege\/#primaryimage"},"image":{"@id":"https:\/\/ismfrance.org\/index.php\/2025\/05\/21\/plus-rien-a-jabaliya-catastrophes-sans-fin-dans-un-camp-de-refugies-assiege\/#primaryimage"},"thumbnailUrl":"https:\/\/ismfrance.org\/wp-content\/uploads\/2025\/05\/jabalia.webp","datePublished":"2025-05-21T07:43:34+00:00","dateModified":"2025-05-21T07:44:44+00:00","breadcrumb":{"@id":"https:\/\/ismfrance.org\/index.php\/2025\/05\/21\/plus-rien-a-jabaliya-catastrophes-sans-fin-dans-un-camp-de-refugies-assiege\/#breadcrumb"},"inLanguage":"fr-FR","potentialAction":[{"@type":"ReadAction","target":["https:\/\/ismfrance.org\/index.php\/2025\/05\/21\/plus-rien-a-jabaliya-catastrophes-sans-fin-dans-un-camp-de-refugies-assiege\/"]}]},{"@type":"ImageObject","inLanguage":"fr-FR","@id":"https:\/\/ismfrance.org\/index.php\/2025\/05\/21\/plus-rien-a-jabaliya-catastrophes-sans-fin-dans-un-camp-de-refugies-assiege\/#primaryimage","url":"https:\/\/ismfrance.org\/wp-content\/uploads\/2025\/05\/jabalia.webp","contentUrl":"https:\/\/ismfrance.org\/wp-content\/uploads\/2025\/05\/jabalia.webp","width":1456,"height":1092},{"@type":"BreadcrumbList","@id":"https:\/\/ismfrance.org\/index.php\/2025\/05\/21\/plus-rien-a-jabaliya-catastrophes-sans-fin-dans-un-camp-de-refugies-assiege\/#breadcrumb","itemListElement":[{"@type":"ListItem","position":1,"name":"Accueil","item":"https:\/\/ismfrance.org\/"},{"@type":"ListItem","position":2,"name":"\u00ab Plus rien \u00e0 Jabaliya \u00bb : Catastrophes sans fin dans un camp de r\u00e9fugi\u00e9s assi\u00e9g\u00e9"}]},{"@type":"WebSite","@id":"https:\/\/ismfrance.org\/#website","url":"https:\/\/ismfrance.org\/","name":"ISM Palestine France","description":"Soutien aux luttes de lib\u00e9ration du peuple palestinien","publisher":{"@id":"https:\/\/ismfrance.org\/#organization"},"potentialAction":[{"@type":"SearchAction","target":{"@type":"EntryPoint","urlTemplate":"https:\/\/ismfrance.org\/?s={search_term_string}"},"query-input":{"@type":"PropertyValueSpecification","valueRequired":true,"valueName":"search_term_string"}}],"inLanguage":"fr-FR"},{"@type":"Organization","@id":"https:\/\/ismfrance.org\/#organization","name":"International Solidarity Movement","url":"https:\/\/ismfrance.org\/","logo":{"@type":"ImageObject","inLanguage":"fr-FR","@id":"https:\/\/ismfrance.org\/#\/schema\/logo\/image\/","url":"https:\/\/ismfrance.org\/wp-content\/uploads\/2020\/12\/00.png","contentUrl":"https:\/\/ismfrance.org\/wp-content\/uploads\/2020\/12\/00.png","width":400,"height":400,"caption":"International Solidarity Movement"},"image":{"@id":"https:\/\/ismfrance.org\/#\/schema\/logo\/image\/"},"sameAs":["https:\/\/x.com\/ISMFRANCE"]},{"@type":"Person","@id":"https:\/\/ismfrance.org\/#\/schema\/person\/3c411eb72adfaae19c0dca1f41fae01d","name":"mru_01","image":{"@type":"ImageObject","inLanguage":"fr-FR","@id":"https:\/\/secure.gravatar.com\/avatar\/3a0be343b445d2ccc79e87444a294fad2b232e90d2051d0e3cc219e1ecd6a330?s=96&d=mm&r=g","url":"https:\/\/secure.gravatar.com\/avatar\/3a0be343b445d2ccc79e87444a294fad2b232e90d2051d0e3cc219e1ecd6a330?s=96&d=mm&r=g","contentUrl":"https:\/\/secure.gravatar.com\/avatar\/3a0be343b445d2ccc79e87444a294fad2b232e90d2051d0e3cc219e1ecd6a330?s=96&d=mm&r=g","caption":"mru_01"},"url":"https:\/\/ismfrance.org\/index.php\/author\/admin02\/"}]}},"_links":{"self":[{"href":"https:\/\/ismfrance.org\/index.php\/wp-json\/wp\/v2\/posts\/20573","targetHints":{"allow":["GET"]}}],"collection":[{"href":"https:\/\/ismfrance.org\/index.php\/wp-json\/wp\/v2\/posts"}],"about":[{"href":"https:\/\/ismfrance.org\/index.php\/wp-json\/wp\/v2\/types\/post"}],"author":[{"embeddable":true,"href":"https:\/\/ismfrance.org\/index.php\/wp-json\/wp\/v2\/users\/3"}],"replies":[{"embeddable":true,"href":"https:\/\/ismfrance.org\/index.php\/wp-json\/wp\/v2\/comments?post=20573"}],"version-history":[{"count":0,"href":"https:\/\/ismfrance.org\/index.php\/wp-json\/wp\/v2\/posts\/20573\/revisions"}],"wp:featuredmedia":[{"embeddable":true,"href":"https:\/\/ismfrance.org\/index.php\/wp-json\/wp\/v2\/media\/20577"}],"wp:attachment":[{"href":"https:\/\/ismfrance.org\/index.php\/wp-json\/wp\/v2\/media?parent=20573"}],"wp:term":[{"taxonomy":"category","embeddable":true,"href":"https:\/\/ismfrance.org\/index.php\/wp-json\/wp\/v2\/categories?post=20573"},{"taxonomy":"post_tag","embeddable":true,"href":"https:\/\/ismfrance.org\/index.php\/wp-json\/wp\/v2\/tags?post=20573"}],"curies":[{"name":"wp","href":"https:\/\/api.w.org\/{rel}","templated":true}]}}