{"id":20227,"date":"2025-05-10T08:21:43","date_gmt":"2025-05-10T06:21:43","guid":{"rendered":"https:\/\/ismfrance.org\/?p=20227"},"modified":"2025-05-10T08:21:43","modified_gmt":"2025-05-10T06:21:43","slug":"manifestation-gaza-a-marseille-dimanche-11-mai-14h-porte-daix","status":"publish","type":"post","link":"https:\/\/ismfrance.org\/index.php\/2025\/05\/10\/manifestation-gaza-a-marseille-dimanche-11-mai-14h-porte-daix\/","title":{"rendered":"MANIFESTATION GAZA A MARSEILLE DIMANCHE 11 MAI 14H PORTE D&rsquo;AIX"},"content":{"rendered":"<p><span style=\"color: #000000;\"><span style=\"font-family: Verdana, sans-serif;\"><span style=\"font-size: medium;\">La Palestine est comme un \u00eatre humain, nous l\u2019aimons, elle nous aime, elle souffre, elle r\u00e9siste, etc. La seule diff\u00e9rence avec un \u00eatre humain, c\u2019est qu\u2019elle est immortelle.<\/span><\/span><\/span><\/p>\n<p><span style=\"color: #000000;\"><span style=\"font-family: Verdana, sans-serif;\"><span style=\"font-size: medium;\">Mais les blessures qui lui sont inflig\u00e9es laisseront des cicatrices durables dans toute l\u2019humanit\u00e9 et ne pourront gu\u00e9rir qu\u2019apr\u00e8s la victoire sur le nazionisme sanguinaire, la reconstruction du pays et le jugement de tous les g\u00e9nocidaires ainsi que de tous leurs complices, en particulier gouvernements et m\u00e9dias occidentaux.<\/span><\/span><\/span><\/p>\n<p><a href=\"https:\/\/ismfrance.org\/wp-content\/uploads\/2025\/05\/marseille.png\"><img loading=\"lazy\" decoding=\"async\" class=\"size-large wp-image-20228 aligncenter\" src=\"https:\/\/ismfrance.org\/wp-content\/uploads\/2025\/05\/marseille-555x700.png\" alt=\"\" width=\"555\" height=\"700\" srcset=\"https:\/\/ismfrance.org\/wp-content\/uploads\/2025\/05\/marseille-555x700.png 555w, https:\/\/ismfrance.org\/wp-content\/uploads\/2025\/05\/marseille-238x300.png 238w, https:\/\/ismfrance.org\/wp-content\/uploads\/2025\/05\/marseille.png 654w\" sizes=\"auto, (max-width: 555px) 100vw, 555px\" \/><\/a><span style=\"color: #000000;\"><span style=\"font-family: Verdana, sans-serif;\"><span style=\"font-size: medium;\">Aujourd&rsquo;hui plus que jamais, nous devons informer, divulguer les horreurs plus monstrueuses chaque jour perp\u00e9tr\u00e9es en Palestine, d\u00e9noncer ce g\u00e9nocide, le m\u00e9pris du droit international, le silence des m\u00e9dias et la complicit\u00e9 de la France.<\/span><\/span><\/span><\/p>\n<p style=\"text-align: center;\"><span style=\"color: #000000;\"><span style=\"font-family: Verdana, sans-serif;\"><span style=\"font-size: medium;\"><b>Manifestation \u00e0 Marseille le dimanche 11 mai \u00e0 14h \u00e0 la Porte d\u2019Aix<\/b><\/span><\/span><\/span><\/p>\n<p style=\"text-align: center;\"><span style=\"color: #000000;\"><span style=\"font-family: Verdana, sans-serif;\"><span style=\"font-size: medium;\"><b>Pour la Palestine, pour la justice\u00a0<\/b><\/span><\/span><\/span><\/p>\n<p style=\"text-align: center;\"><span style=\"color: #000000;\"><span style=\"font-family: Verdana, sans-serif;\"><span style=\"font-size: medium;\"><b>et contre le carnage inhumain qui dure depuis 19 mois !<\/b><\/span><\/span><\/span><\/p>\n<p style=\"text-align: center;\"><strong>***<\/strong><\/p>\n<p style=\"text-align: center;\"><strong><span style=\"color: #000000;\"><span style=\"font-family: Verdana, sans-serif;\"><span style=\"font-size: medium;\">Vietnam, Alg\u00e9rie&#8230;<\/span><\/span><\/span><\/strong><\/p>\n<p style=\"text-align: center;\"><strong><span style=\"color: #000000;\"><span style=\"font-family: Verdana, sans-serif;\"><span style=\"font-size: medium;\">Palestine vaincra aussi !<\/span><\/span><\/span><\/strong><\/p>\n<p style=\"text-align: center;\"><strong><span style=\"color: #000000;\"><span style=\"font-family: Verdana, sans-serif;\"><span style=\"font-size: medium;\">Exigeons la fin du racisme et du colonialisme g\u00e9nocidaires !<\/span><\/span><\/span><\/strong><\/p>\n<p style=\"text-align: center;\"><strong><span style=\"color: #000000;\"><span style=\"font-family: Verdana, sans-serif;\"><span style=\"font-size: medium;\">Libert\u00e9 pour la Palestine et le reste du monde colonis\u00e9 par le sionisme !<\/span><\/span><\/span><\/strong><\/p>\n","protected":false},"excerpt":{"rendered":"<p>La Palestine est comme un \u00eatre humain, nous l\u2019aimons, elle nous aime, elle souffre, elle r\u00e9siste, etc. La seule diff\u00e9rence avec un \u00eatre humain, c\u2019est qu\u2019elle est immortelle. Mais les <a class=\"more-link\" href=\"https:\/\/ismfrance.org\/index.php\/2025\/05\/10\/manifestation-gaza-a-marseille-dimanche-11-mai-14h-porte-daix\/\">Lire la suite &rarr;<\/a><\/p>\n","protected":false},"author":3,"featured_media":20228,"comment_status":"closed","ping_status":"closed","sticky":false,"template":"","format":"standard","meta":{"footnotes":""},"categories":[2,14],"tags":[156,44],"class_list":["post-20227","post","type-post","status-publish","format-standard","has-post-thumbnail","hentry","category-articles","category-communiques","tag-genocide","tag-materiel-militant"],"yoast_head":"<!-- This site is optimized with the Yoast SEO plugin v27.5 - https:\/\/yoast.com\/product\/yoast-seo-wordpress\/ -->\n<title>MANIFESTATION GAZA A MARSEILLE DIMANCHE 11 MAI 14H PORTE D&#039;AIX - International Solidarity Movement - ISM-France<\/title>\n<meta name=\"robots\" content=\"index, follow, max-snippet:-1, max-image-preview:large, max-video-preview:-1\" \/>\n<link rel=\"canonical\" href=\"https:\/\/ismfrance.org\/index.php\/2025\/05\/10\/manifestation-gaza-a-marseille-dimanche-11-mai-14h-porte-daix\/\" \/>\n<meta property=\"og:locale\" content=\"fr_FR\" \/>\n<meta property=\"og:type\" content=\"article\" \/>\n<meta property=\"og:title\" content=\"MANIFESTATION GAZA A MARSEILLE DIMANCHE 11 MAI 14H PORTE D&#039;AIX - International Solidarity Movement - ISM-France\" \/>\n<meta property=\"og:description\" content=\"La Palestine est comme un \u00eatre humain, nous l\u2019aimons, elle nous aime, elle souffre, elle r\u00e9siste, etc. La seule diff\u00e9rence avec un \u00eatre humain, c\u2019est qu\u2019elle est immortelle. Mais les Lire la suite &rarr;\" \/>\n<meta property=\"og:url\" content=\"https:\/\/ismfrance.org\/index.php\/2025\/05\/10\/manifestation-gaza-a-marseille-dimanche-11-mai-14h-porte-daix\/\" \/>\n<meta property=\"og:site_name\" content=\"International Solidarity Movement - ISM-France\" \/>\n<meta property=\"article:published_time\" content=\"2025-05-10T06:21:43+00:00\" \/>\n<meta property=\"og:image\" content=\"https:\/\/ismfrance.org\/wp-content\/uploads\/2025\/05\/marseille.png\" \/>\n\t<meta property=\"og:image:width\" content=\"654\" \/>\n\t<meta property=\"og:image:height\" content=\"825\" \/>\n\t<meta property=\"og:image:type\" content=\"image\/png\" \/>\n<meta name=\"author\" content=\"mru_01\" \/>\n<meta name=\"twitter:card\" content=\"summary_large_image\" \/>\n<meta name=\"twitter:creator\" content=\"@ISMFRANCE\" \/>\n<meta name=\"twitter:site\" content=\"@ISMFRANCE\" \/>\n<meta name=\"twitter:label1\" content=\"\u00c9crit par\" \/>\n\t<meta name=\"twitter:data1\" content=\"mru_01\" \/>\n\t<meta name=\"twitter:label2\" content=\"Dur\u00e9e de lecture estim\u00e9e\" \/>\n\t<meta name=\"twitter:data2\" content=\"2 minutes\" \/>\n<script type=\"application\/ld+json\" class=\"yoast-schema-graph\">{\"@context\":\"https:\\\/\\\/schema.org\",\"@graph\":[{\"@type\":\"Article\",\"@id\":\"https:\\\/\\\/ismfrance.org\\\/index.php\\\/2025\\\/05\\\/10\\\/manifestation-gaza-a-marseille-dimanche-11-mai-14h-porte-daix\\\/#article\",\"isPartOf\":{\"@id\":\"https:\\\/\\\/ismfrance.org\\\/index.php\\\/2025\\\/05\\\/10\\\/manifestation-gaza-a-marseille-dimanche-11-mai-14h-porte-daix\\\/\"},\"author\":{\"name\":\"mru_01\",\"@id\":\"https:\\\/\\\/ismfrance.org\\\/#\\\/schema\\\/person\\\/3c411eb72adfaae19c0dca1f41fae01d\"},\"headline\":\"MANIFESTATION GAZA A MARSEILLE DIMANCHE 11 MAI 14H PORTE D&rsquo;AIX\",\"datePublished\":\"2025-05-10T06:21:43+00:00\",\"mainEntityOfPage\":{\"@id\":\"https:\\\/\\\/ismfrance.org\\\/index.php\\\/2025\\\/05\\\/10\\\/manifestation-gaza-a-marseille-dimanche-11-mai-14h-porte-daix\\\/\"},\"wordCount\":194,\"publisher\":{\"@id\":\"https:\\\/\\\/ismfrance.org\\\/#organization\"},\"image\":{\"@id\":\"https:\\\/\\\/ismfrance.org\\\/index.php\\\/2025\\\/05\\\/10\\\/manifestation-gaza-a-marseille-dimanche-11-mai-14h-porte-daix\\\/#primaryimage\"},\"thumbnailUrl\":\"https:\\\/\\\/ismfrance.org\\\/wp-content\\\/uploads\\\/2025\\\/05\\\/marseille.png\",\"keywords\":[\"G\u00e9nocide\",\"mat\u00e9riel militant\"],\"articleSection\":[\"Articles\",\"Communiqu\u00e9s\"],\"inLanguage\":\"fr-FR\"},{\"@type\":\"WebPage\",\"@id\":\"https:\\\/\\\/ismfrance.org\\\/index.php\\\/2025\\\/05\\\/10\\\/manifestation-gaza-a-marseille-dimanche-11-mai-14h-porte-daix\\\/\",\"url\":\"https:\\\/\\\/ismfrance.org\\\/index.php\\\/2025\\\/05\\\/10\\\/manifestation-gaza-a-marseille-dimanche-11-mai-14h-porte-daix\\\/\",\"name\":\"MANIFESTATION GAZA A MARSEILLE DIMANCHE 11 MAI 14H PORTE D'AIX - International Solidarity Movement - ISM-France\",\"isPartOf\":{\"@id\":\"https:\\\/\\\/ismfrance.org\\\/#website\"},\"primaryImageOfPage\":{\"@id\":\"https:\\\/\\\/ismfrance.org\\\/index.php\\\/2025\\\/05\\\/10\\\/manifestation-gaza-a-marseille-dimanche-11-mai-14h-porte-daix\\\/#primaryimage\"},\"image\":{\"@id\":\"https:\\\/\\\/ismfrance.org\\\/index.php\\\/2025\\\/05\\\/10\\\/manifestation-gaza-a-marseille-dimanche-11-mai-14h-porte-daix\\\/#primaryimage\"},\"thumbnailUrl\":\"https:\\\/\\\/ismfrance.org\\\/wp-content\\\/uploads\\\/2025\\\/05\\\/marseille.png\",\"datePublished\":\"2025-05-10T06:21:43+00:00\",\"breadcrumb\":{\"@id\":\"https:\\\/\\\/ismfrance.org\\\/index.php\\\/2025\\\/05\\\/10\\\/manifestation-gaza-a-marseille-dimanche-11-mai-14h-porte-daix\\\/#breadcrumb\"},\"inLanguage\":\"fr-FR\",\"potentialAction\":[{\"@type\":\"ReadAction\",\"target\":[\"https:\\\/\\\/ismfrance.org\\\/index.php\\\/2025\\\/05\\\/10\\\/manifestation-gaza-a-marseille-dimanche-11-mai-14h-porte-daix\\\/\"]}]},{\"@type\":\"ImageObject\",\"inLanguage\":\"fr-FR\",\"@id\":\"https:\\\/\\\/ismfrance.org\\\/index.php\\\/2025\\\/05\\\/10\\\/manifestation-gaza-a-marseille-dimanche-11-mai-14h-porte-daix\\\/#primaryimage\",\"url\":\"https:\\\/\\\/ismfrance.org\\\/wp-content\\\/uploads\\\/2025\\\/05\\\/marseille.png\",\"contentUrl\":\"https:\\\/\\\/ismfrance.org\\\/wp-content\\\/uploads\\\/2025\\\/05\\\/marseille.png\",\"width\":654,\"height\":825},{\"@type\":\"BreadcrumbList\",\"@id\":\"https:\\\/\\\/ismfrance.org\\\/index.php\\\/2025\\\/05\\\/10\\\/manifestation-gaza-a-marseille-dimanche-11-mai-14h-porte-daix\\\/#breadcrumb\",\"itemListElement\":[{\"@type\":\"ListItem\",\"position\":1,\"name\":\"Accueil\",\"item\":\"https:\\\/\\\/ismfrance.org\\\/\"},{\"@type\":\"ListItem\",\"position\":2,\"name\":\"MANIFESTATION GAZA A MARSEILLE DIMANCHE 11 MAI 14H PORTE D&rsquo;AIX\"}]},{\"@type\":\"WebSite\",\"@id\":\"https:\\\/\\\/ismfrance.org\\\/#website\",\"url\":\"https:\\\/\\\/ismfrance.org\\\/\",\"name\":\"ISM Palestine France\",\"description\":\"Soutien aux luttes de lib\u00e9ration du peuple palestinien\",\"publisher\":{\"@id\":\"https:\\\/\\\/ismfrance.org\\\/#organization\"},\"potentialAction\":[{\"@type\":\"SearchAction\",\"target\":{\"@type\":\"EntryPoint\",\"urlTemplate\":\"https:\\\/\\\/ismfrance.org\\\/?s={search_term_string}\"},\"query-input\":{\"@type\":\"PropertyValueSpecification\",\"valueRequired\":true,\"valueName\":\"search_term_string\"}}],\"inLanguage\":\"fr-FR\"},{\"@type\":\"Organization\",\"@id\":\"https:\\\/\\\/ismfrance.org\\\/#organization\",\"name\":\"International Solidarity Movement\",\"url\":\"https:\\\/\\\/ismfrance.org\\\/\",\"logo\":{\"@type\":\"ImageObject\",\"inLanguage\":\"fr-FR\",\"@id\":\"https:\\\/\\\/ismfrance.org\\\/#\\\/schema\\\/logo\\\/image\\\/\",\"url\":\"https:\\\/\\\/ismfrance.org\\\/wp-content\\\/uploads\\\/2020\\\/12\\\/00.png\",\"contentUrl\":\"https:\\\/\\\/ismfrance.org\\\/wp-content\\\/uploads\\\/2020\\\/12\\\/00.png\",\"width\":400,\"height\":400,\"caption\":\"International Solidarity Movement\"},\"image\":{\"@id\":\"https:\\\/\\\/ismfrance.org\\\/#\\\/schema\\\/logo\\\/image\\\/\"},\"sameAs\":[\"https:\\\/\\\/x.com\\\/ISMFRANCE\"]},{\"@type\":\"Person\",\"@id\":\"https:\\\/\\\/ismfrance.org\\\/#\\\/schema\\\/person\\\/3c411eb72adfaae19c0dca1f41fae01d\",\"name\":\"mru_01\",\"image\":{\"@type\":\"ImageObject\",\"inLanguage\":\"fr-FR\",\"@id\":\"https:\\\/\\\/secure.gravatar.com\\\/avatar\\\/3a0be343b445d2ccc79e87444a294fad2b232e90d2051d0e3cc219e1ecd6a330?s=96&d=mm&r=g\",\"url\":\"https:\\\/\\\/secure.gravatar.com\\\/avatar\\\/3a0be343b445d2ccc79e87444a294fad2b232e90d2051d0e3cc219e1ecd6a330?s=96&d=mm&r=g\",\"contentUrl\":\"https:\\\/\\\/secure.gravatar.com\\\/avatar\\\/3a0be343b445d2ccc79e87444a294fad2b232e90d2051d0e3cc219e1ecd6a330?s=96&d=mm&r=g\",\"caption\":\"mru_01\"},\"url\":\"https:\\\/\\\/ismfrance.org\\\/index.php\\\/author\\\/admin02\\\/\"}]}<\/script>\n<!-- \/ Yoast SEO plugin. -->","yoast_head_json":{"title":"MANIFESTATION GAZA A MARSEILLE DIMANCHE 11 MAI 14H PORTE D'AIX - International Solidarity Movement - ISM-France","robots":{"index":"index","follow":"follow","max-snippet":"max-snippet:-1","max-image-preview":"max-image-preview:large","max-video-preview":"max-video-preview:-1"},"canonical":"https:\/\/ismfrance.org\/index.php\/2025\/05\/10\/manifestation-gaza-a-marseille-dimanche-11-mai-14h-porte-daix\/","og_locale":"fr_FR","og_type":"article","og_title":"MANIFESTATION GAZA A MARSEILLE DIMANCHE 11 MAI 14H PORTE D'AIX - International Solidarity Movement - ISM-France","og_description":"La Palestine est comme un \u00eatre humain, nous l\u2019aimons, elle nous aime, elle souffre, elle r\u00e9siste, etc. La seule diff\u00e9rence avec un \u00eatre humain, c\u2019est qu\u2019elle est immortelle. Mais les Lire la suite &rarr;","og_url":"https:\/\/ismfrance.org\/index.php\/2025\/05\/10\/manifestation-gaza-a-marseille-dimanche-11-mai-14h-porte-daix\/","og_site_name":"International Solidarity Movement - ISM-France","article_published_time":"2025-05-10T06:21:43+00:00","og_image":[{"width":654,"height":825,"url":"https:\/\/ismfrance.org\/wp-content\/uploads\/2025\/05\/marseille.png","type":"image\/png"}],"author":"mru_01","twitter_card":"summary_large_image","twitter_creator":"@ISMFRANCE","twitter_site":"@ISMFRANCE","twitter_misc":{"\u00c9crit par":"mru_01","Dur\u00e9e de lecture estim\u00e9e":"2 minutes"},"schema":{"@context":"https:\/\/schema.org","@graph":[{"@type":"Article","@id":"https:\/\/ismfrance.org\/index.php\/2025\/05\/10\/manifestation-gaza-a-marseille-dimanche-11-mai-14h-porte-daix\/#article","isPartOf":{"@id":"https:\/\/ismfrance.org\/index.php\/2025\/05\/10\/manifestation-gaza-a-marseille-dimanche-11-mai-14h-porte-daix\/"},"author":{"name":"mru_01","@id":"https:\/\/ismfrance.org\/#\/schema\/person\/3c411eb72adfaae19c0dca1f41fae01d"},"headline":"MANIFESTATION GAZA A MARSEILLE DIMANCHE 11 MAI 14H PORTE D&rsquo;AIX","datePublished":"2025-05-10T06:21:43+00:00","mainEntityOfPage":{"@id":"https:\/\/ismfrance.org\/index.php\/2025\/05\/10\/manifestation-gaza-a-marseille-dimanche-11-mai-14h-porte-daix\/"},"wordCount":194,"publisher":{"@id":"https:\/\/ismfrance.org\/#organization"},"image":{"@id":"https:\/\/ismfrance.org\/index.php\/2025\/05\/10\/manifestation-gaza-a-marseille-dimanche-11-mai-14h-porte-daix\/#primaryimage"},"thumbnailUrl":"https:\/\/ismfrance.org\/wp-content\/uploads\/2025\/05\/marseille.png","keywords":["G\u00e9nocide","mat\u00e9riel militant"],"articleSection":["Articles","Communiqu\u00e9s"],"inLanguage":"fr-FR"},{"@type":"WebPage","@id":"https:\/\/ismfrance.org\/index.php\/2025\/05\/10\/manifestation-gaza-a-marseille-dimanche-11-mai-14h-porte-daix\/","url":"https:\/\/ismfrance.org\/index.php\/2025\/05\/10\/manifestation-gaza-a-marseille-dimanche-11-mai-14h-porte-daix\/","name":"MANIFESTATION GAZA A MARSEILLE DIMANCHE 11 MAI 14H PORTE D'AIX - International Solidarity Movement - ISM-France","isPartOf":{"@id":"https:\/\/ismfrance.org\/#website"},"primaryImageOfPage":{"@id":"https:\/\/ismfrance.org\/index.php\/2025\/05\/10\/manifestation-gaza-a-marseille-dimanche-11-mai-14h-porte-daix\/#primaryimage"},"image":{"@id":"https:\/\/ismfrance.org\/index.php\/2025\/05\/10\/manifestation-gaza-a-marseille-dimanche-11-mai-14h-porte-daix\/#primaryimage"},"thumbnailUrl":"https:\/\/ismfrance.org\/wp-content\/uploads\/2025\/05\/marseille.png","datePublished":"2025-05-10T06:21:43+00:00","breadcrumb":{"@id":"https:\/\/ismfrance.org\/index.php\/2025\/05\/10\/manifestation-gaza-a-marseille-dimanche-11-mai-14h-porte-daix\/#breadcrumb"},"inLanguage":"fr-FR","potentialAction":[{"@type":"ReadAction","target":["https:\/\/ismfrance.org\/index.php\/2025\/05\/10\/manifestation-gaza-a-marseille-dimanche-11-mai-14h-porte-daix\/"]}]},{"@type":"ImageObject","inLanguage":"fr-FR","@id":"https:\/\/ismfrance.org\/index.php\/2025\/05\/10\/manifestation-gaza-a-marseille-dimanche-11-mai-14h-porte-daix\/#primaryimage","url":"https:\/\/ismfrance.org\/wp-content\/uploads\/2025\/05\/marseille.png","contentUrl":"https:\/\/ismfrance.org\/wp-content\/uploads\/2025\/05\/marseille.png","width":654,"height":825},{"@type":"BreadcrumbList","@id":"https:\/\/ismfrance.org\/index.php\/2025\/05\/10\/manifestation-gaza-a-marseille-dimanche-11-mai-14h-porte-daix\/#breadcrumb","itemListElement":[{"@type":"ListItem","position":1,"name":"Accueil","item":"https:\/\/ismfrance.org\/"},{"@type":"ListItem","position":2,"name":"MANIFESTATION GAZA A MARSEILLE DIMANCHE 11 MAI 14H PORTE D&rsquo;AIX"}]},{"@type":"WebSite","@id":"https:\/\/ismfrance.org\/#website","url":"https:\/\/ismfrance.org\/","name":"ISM Palestine France","description":"Soutien aux luttes de lib\u00e9ration du peuple palestinien","publisher":{"@id":"https:\/\/ismfrance.org\/#organization"},"potentialAction":[{"@type":"SearchAction","target":{"@type":"EntryPoint","urlTemplate":"https:\/\/ismfrance.org\/?s={search_term_string}"},"query-input":{"@type":"PropertyValueSpecification","valueRequired":true,"valueName":"search_term_string"}}],"inLanguage":"fr-FR"},{"@type":"Organization","@id":"https:\/\/ismfrance.org\/#organization","name":"International Solidarity Movement","url":"https:\/\/ismfrance.org\/","logo":{"@type":"ImageObject","inLanguage":"fr-FR","@id":"https:\/\/ismfrance.org\/#\/schema\/logo\/image\/","url":"https:\/\/ismfrance.org\/wp-content\/uploads\/2020\/12\/00.png","contentUrl":"https:\/\/ismfrance.org\/wp-content\/uploads\/2020\/12\/00.png","width":400,"height":400,"caption":"International Solidarity Movement"},"image":{"@id":"https:\/\/ismfrance.org\/#\/schema\/logo\/image\/"},"sameAs":["https:\/\/x.com\/ISMFRANCE"]},{"@type":"Person","@id":"https:\/\/ismfrance.org\/#\/schema\/person\/3c411eb72adfaae19c0dca1f41fae01d","name":"mru_01","image":{"@type":"ImageObject","inLanguage":"fr-FR","@id":"https:\/\/secure.gravatar.com\/avatar\/3a0be343b445d2ccc79e87444a294fad2b232e90d2051d0e3cc219e1ecd6a330?s=96&d=mm&r=g","url":"https:\/\/secure.gravatar.com\/avatar\/3a0be343b445d2ccc79e87444a294fad2b232e90d2051d0e3cc219e1ecd6a330?s=96&d=mm&r=g","contentUrl":"https:\/\/secure.gravatar.com\/avatar\/3a0be343b445d2ccc79e87444a294fad2b232e90d2051d0e3cc219e1ecd6a330?s=96&d=mm&r=g","caption":"mru_01"},"url":"https:\/\/ismfrance.org\/index.php\/author\/admin02\/"}]}},"_links":{"self":[{"href":"https:\/\/ismfrance.org\/index.php\/wp-json\/wp\/v2\/posts\/20227","targetHints":{"allow":["GET"]}}],"collection":[{"href":"https:\/\/ismfrance.org\/index.php\/wp-json\/wp\/v2\/posts"}],"about":[{"href":"https:\/\/ismfrance.org\/index.php\/wp-json\/wp\/v2\/types\/post"}],"author":[{"embeddable":true,"href":"https:\/\/ismfrance.org\/index.php\/wp-json\/wp\/v2\/users\/3"}],"replies":[{"embeddable":true,"href":"https:\/\/ismfrance.org\/index.php\/wp-json\/wp\/v2\/comments?post=20227"}],"version-history":[{"count":0,"href":"https:\/\/ismfrance.org\/index.php\/wp-json\/wp\/v2\/posts\/20227\/revisions"}],"wp:featuredmedia":[{"embeddable":true,"href":"https:\/\/ismfrance.org\/index.php\/wp-json\/wp\/v2\/media\/20228"}],"wp:attachment":[{"href":"https:\/\/ismfrance.org\/index.php\/wp-json\/wp\/v2\/media?parent=20227"}],"wp:term":[{"taxonomy":"category","embeddable":true,"href":"https:\/\/ismfrance.org\/index.php\/wp-json\/wp\/v2\/categories?post=20227"},{"taxonomy":"post_tag","embeddable":true,"href":"https:\/\/ismfrance.org\/index.php\/wp-json\/wp\/v2\/tags?post=20227"}],"curies":[{"name":"wp","href":"https:\/\/api.w.org\/{rel}","templated":true}]}}